


{"id":883,"date":"2017-02-01T23:51:28","date_gmt":"2017-02-01T20:51:28","guid":{"rendered":"http:\/\/www.yeryuzundebirkacadim.com\/?p=883"},"modified":"2024-08-19T13:57:08","modified_gmt":"2024-08-19T10:57:08","slug":"norvec","status":"publish","type":"post","link":"https:\/\/www.yeryuzundebirkacadim.com\/index.php\/2017\/02\/01\/norvec\/","title":{"rendered":"NORVE\u00c7"},"content":{"rendered":"<p><strong>3. G\u00dcN: 3 TEMMUZ 2016 PAZAR<\/strong><\/p>\n<p>Sabah 9:30 gibi otelden ayr\u0131l\u0131yoruz. Bug\u00fcn g\u00fcn\u00fcm\u00fcz otob\u00fcste yolculukla ge\u00e7iyor. 253km yol yap\u0131yoruz.<\/p>\n<p>14-15 aras\u0131 <strong>Karlstad\u2019<\/strong>da \u00f6\u011fle yeme\u011fi molas\u0131 veriyoruz.<\/p>\n<p>Yolda \u0130sve\u00e7 ve Norve\u00e7\u2019in s\u0131n\u0131r\u0131nda yer alan<strong> Morokulien Ta\u015f\u0131<\/strong>na u\u011framay\u0131 ihmal etmiyoruz.<!--more--><\/p>\n<p>19\u2019da <strong>Hamar\u00a0G\u00f6l\u00fc<\/strong> k\u0131y\u0131s\u0131na ula\u015f\u0131yoruz. Art\u0131k Norve\u00e7\u2019teyiz. Scandic Hotel\u2019de kalaca\u011f\u0131z bu ak\u015fam. Otele yerle\u015ftikten sonra g\u00f6l k\u0131y\u0131s\u0131na gidiyoruz.<\/p>\n<p><img loading=\"lazy\" decoding=\"async\" width=\"1024\" height=\"768\" class=\"wp-image-884\" src=\"https:\/\/www.yeryuzundebirkacadim.com\/wp-content\/uploads\/2017\/02\/d-2016-04-24-ayla-album-2016-2016-07-01-iskandina-55.jpeg\" alt=\"D:\\2016-04-24-Ayla\\album-2016\\2016-07-01-iskandinavya\\2016-07-01-stokolm\\P1060045-1.jpg\" srcset=\"https:\/\/www.yeryuzundebirkacadim.com\/wp-content\/uploads\/2017\/02\/d-2016-04-24-ayla-album-2016-2016-07-01-iskandina-55.jpeg 1024w, https:\/\/www.yeryuzundebirkacadim.com\/wp-content\/uploads\/2017\/02\/d-2016-04-24-ayla-album-2016-2016-07-01-iskandina-55-300x225.jpeg 300w, https:\/\/www.yeryuzundebirkacadim.com\/wp-content\/uploads\/2017\/02\/d-2016-04-24-ayla-album-2016-2016-07-01-iskandina-55-768x576.jpeg 768w, https:\/\/www.yeryuzundebirkacadim.com\/wp-content\/uploads\/2017\/02\/d-2016-04-24-ayla-album-2016-2016-07-01-iskandina-55-816x612.jpeg 816w\" sizes=\"auto, (max-width: 1024px) 100vw, 1024px\" \/><\/p>\n<p><strong>4. G\u00dcN: 4 TEMMUZ 2016 PAZARTES\u0130 (Ramazan Bayram\u0131 Arifesi)<\/strong><\/p>\n<p>Sabah otelden ayr\u0131l\u0131yoruz. Bug\u00fcn Hamar\u2019dan Voss\u2019a 381km ve 5,5 saat s\u00fcrecek bir yolculuk var.<\/p>\n<p>Yol boyunca cennet g\u00fczergah\u0131m\u0131zda yer alan manzaralar.<\/p>\n<p><img loading=\"lazy\" decoding=\"async\" width=\"1024\" height=\"683\" class=\"wp-image-887\" src=\"https:\/\/www.yeryuzundebirkacadim.com\/wp-content\/uploads\/2017\/02\/d-2016-04-24-ayla-album-2016-2016-07-01-iskandina-58.jpeg\" alt=\"D:\\2016-04-24-Ayla\\album-2016\\2016-07-01-iskandinavya\\2016-07-04-bergen\\IMG_4688-1.jpg\" srcset=\"https:\/\/www.yeryuzundebirkacadim.com\/wp-content\/uploads\/2017\/02\/d-2016-04-24-ayla-album-2016-2016-07-01-iskandina-58.jpeg 1024w, https:\/\/www.yeryuzundebirkacadim.com\/wp-content\/uploads\/2017\/02\/d-2016-04-24-ayla-album-2016-2016-07-01-iskandina-58-300x200.jpeg 300w, https:\/\/www.yeryuzundebirkacadim.com\/wp-content\/uploads\/2017\/02\/d-2016-04-24-ayla-album-2016-2016-07-01-iskandina-58-768x512.jpeg 768w, https:\/\/www.yeryuzundebirkacadim.com\/wp-content\/uploads\/2017\/02\/d-2016-04-24-ayla-album-2016-2016-07-01-iskandina-58-816x544.jpeg 816w\" sizes=\"auto, (max-width: 1024px) 100vw, 1024px\" \/><\/p>\n<p><img loading=\"lazy\" decoding=\"async\" width=\"1024\" height=\"683\" class=\"wp-image-888\" src=\"https:\/\/www.yeryuzundebirkacadim.com\/wp-content\/uploads\/2017\/02\/d-2016-04-24-ayla-album-2016-2016-07-01-iskandina-59.jpeg\" alt=\"D:\\2016-04-24-Ayla\\album-2016\\2016-07-01-iskandinavya\\2016-07-04-bergen\\IMG_4775-1.jpg\" srcset=\"https:\/\/www.yeryuzundebirkacadim.com\/wp-content\/uploads\/2017\/02\/d-2016-04-24-ayla-album-2016-2016-07-01-iskandina-59.jpeg 1024w, https:\/\/www.yeryuzundebirkacadim.com\/wp-content\/uploads\/2017\/02\/d-2016-04-24-ayla-album-2016-2016-07-01-iskandina-59-300x200.jpeg 300w, https:\/\/www.yeryuzundebirkacadim.com\/wp-content\/uploads\/2017\/02\/d-2016-04-24-ayla-album-2016-2016-07-01-iskandina-59-768x512.jpeg 768w, https:\/\/www.yeryuzundebirkacadim.com\/wp-content\/uploads\/2017\/02\/d-2016-04-24-ayla-album-2016-2016-07-01-iskandina-59-816x544.jpeg 816w\" sizes=\"auto, (max-width: 1024px) 100vw, 1024px\" \/><\/p>\n<p>Fagernes\u2019te mola veriyoruz.<\/p>\n<p><img loading=\"lazy\" decoding=\"async\" width=\"1024\" height=\"683\" class=\"wp-image-889\" src=\"https:\/\/www.yeryuzundebirkacadim.com\/wp-content\/uploads\/2017\/02\/d-2016-04-24-ayla-album-2016-2016-07-01-iskandina-60.jpeg\" alt=\"D:\\2016-04-24-Ayla\\album-2016\\2016-07-01-iskandinavya\\2016-07-04-bergen\\IMG_4803-1.jpg\" srcset=\"https:\/\/www.yeryuzundebirkacadim.com\/wp-content\/uploads\/2017\/02\/d-2016-04-24-ayla-album-2016-2016-07-01-iskandina-60.jpeg 1024w, https:\/\/www.yeryuzundebirkacadim.com\/wp-content\/uploads\/2017\/02\/d-2016-04-24-ayla-album-2016-2016-07-01-iskandina-60-300x200.jpeg 300w, https:\/\/www.yeryuzundebirkacadim.com\/wp-content\/uploads\/2017\/02\/d-2016-04-24-ayla-album-2016-2016-07-01-iskandina-60-768x512.jpeg 768w, https:\/\/www.yeryuzundebirkacadim.com\/wp-content\/uploads\/2017\/02\/d-2016-04-24-ayla-album-2016-2016-07-01-iskandina-60-816x544.jpeg 816w\" sizes=\"auto, (max-width: 1024px) 100vw, 1024px\" \/><\/p>\n<p>Yol \u00fcst\u00fcnde abanozdan yap\u0131lm\u0131\u015f bir kiliseye u\u011fruyoruz.<\/p>\n<p><img loading=\"lazy\" decoding=\"async\" width=\"1024\" height=\"683\" class=\"wp-image-890\" src=\"https:\/\/www.yeryuzundebirkacadim.com\/wp-content\/uploads\/2017\/02\/d-2016-04-24-ayla-album-2016-2016-07-01-iskandina-61.jpeg\" alt=\"D:\\2016-04-24-Ayla\\album-2016\\2016-07-01-iskandinavya\\2016-07-04-bergen\\IMG_4878-1.jpg\" srcset=\"https:\/\/www.yeryuzundebirkacadim.com\/wp-content\/uploads\/2017\/02\/d-2016-04-24-ayla-album-2016-2016-07-01-iskandina-61.jpeg 1024w, https:\/\/www.yeryuzundebirkacadim.com\/wp-content\/uploads\/2017\/02\/d-2016-04-24-ayla-album-2016-2016-07-01-iskandina-61-300x200.jpeg 300w, https:\/\/www.yeryuzundebirkacadim.com\/wp-content\/uploads\/2017\/02\/d-2016-04-24-ayla-album-2016-2016-07-01-iskandina-61-768x512.jpeg 768w, https:\/\/www.yeryuzundebirkacadim.com\/wp-content\/uploads\/2017\/02\/d-2016-04-24-ayla-album-2016-2016-07-01-iskandina-61-816x544.jpeg 816w\" sizes=\"auto, (max-width: 1024px) 100vw, 1024px\" \/><\/p>\n<p>Flam\u2019a do\u011fru ilerlerken 26 km uzunlu\u011funda bir t\u00fcnelden ge\u00e7iyoruz. Rehberimizin anlatt\u0131\u011f\u0131na g\u00f6re yetkililer bu kadar uzun bir t\u00fcnelden ge\u00e7erken insanlar\u0131n ruh halinin bozulmamas\u0131 i\u00e7in psikologlardan yard\u0131m istemi\u015fler. Onlar\u0131n \u00f6nerileri do\u011frultusunda t\u00fcnelde belirli aral\u0131klarla sabah, \u00f6\u011fle ve ak\u015fam g\u00fcne\u015fini canland\u0131ran efektler yapm\u0131\u015flar.<\/p>\n<p>Ayr\u0131ca bir yang\u0131n oldu\u011funda s\u00f6nd\u00fcrmek i\u00e7in gerekli teknolojik te\u00e7hizata sahiplermi\u015f.<\/p>\n<p>Do\u011faya kar\u015f\u0131 son derece sayg\u0131l\u0131lar. Rehberimizin s\u00f6yledi\u011fine g\u00f6re dere yata\u011f\u0131ndan ta\u015f almak bile su\u00e7mu\u015f. Gerisini siz hesap edin.<\/p>\n<p>Flam\u2019a var\u0131yoruz.<\/p>\n<p><img loading=\"lazy\" decoding=\"async\" width=\"1024\" height=\"683\" class=\"wp-image-891\" src=\"https:\/\/www.yeryuzundebirkacadim.com\/wp-content\/uploads\/2017\/02\/d-2016-04-24-ayla-album-2016-2016-07-01-iskandina-62.jpeg\" alt=\"D:\\2016-04-24-Ayla\\album-2016\\2016-07-01-iskandinavya\\2016-07-04-bergen\\IMG_4922-1.jpg\" srcset=\"https:\/\/www.yeryuzundebirkacadim.com\/wp-content\/uploads\/2017\/02\/d-2016-04-24-ayla-album-2016-2016-07-01-iskandina-62.jpeg 1024w, https:\/\/www.yeryuzundebirkacadim.com\/wp-content\/uploads\/2017\/02\/d-2016-04-24-ayla-album-2016-2016-07-01-iskandina-62-300x200.jpeg 300w, https:\/\/www.yeryuzundebirkacadim.com\/wp-content\/uploads\/2017\/02\/d-2016-04-24-ayla-album-2016-2016-07-01-iskandina-62-768x512.jpeg 768w, https:\/\/www.yeryuzundebirkacadim.com\/wp-content\/uploads\/2017\/02\/d-2016-04-24-ayla-album-2016-2016-07-01-iskandina-62-816x544.jpeg 816w\" sizes=\"auto, (max-width: 1024px) 100vw, 1024px\" \/><\/p>\n<p>Yemek molas\u0131n\u0131n ard\u0131ndan extra tura kat\u0131l\u0131p (80 euro) \u00fcnl\u00fc Flam (<strong>Flamsbana<\/strong>) trenine biniyoruz.<\/p>\n<p><img loading=\"lazy\" decoding=\"async\" width=\"1024\" height=\"683\" class=\"wp-image-892\" src=\"https:\/\/www.yeryuzundebirkacadim.com\/wp-content\/uploads\/2017\/02\/d-2016-04-24-ayla-album-2016-2016-07-01-iskandina-63.jpeg\" alt=\"D:\\2016-04-24-Ayla\\album-2016\\2016-07-01-iskandinavya\\2016-07-04-bergen\\IMG_4928-1.jpg\" srcset=\"https:\/\/www.yeryuzundebirkacadim.com\/wp-content\/uploads\/2017\/02\/d-2016-04-24-ayla-album-2016-2016-07-01-iskandina-63.jpeg 1024w, https:\/\/www.yeryuzundebirkacadim.com\/wp-content\/uploads\/2017\/02\/d-2016-04-24-ayla-album-2016-2016-07-01-iskandina-63-300x200.jpeg 300w, https:\/\/www.yeryuzundebirkacadim.com\/wp-content\/uploads\/2017\/02\/d-2016-04-24-ayla-album-2016-2016-07-01-iskandina-63-768x512.jpeg 768w, https:\/\/www.yeryuzundebirkacadim.com\/wp-content\/uploads\/2017\/02\/d-2016-04-24-ayla-album-2016-2016-07-01-iskandina-63-816x544.jpeg 816w\" sizes=\"auto, (max-width: 1024px) 100vw, 1024px\" \/><\/p>\n<p>G\u00fcneye <strong>Myrdal<\/strong>\u2019a gidip d\u00f6nece\u011fiz.<\/p>\n<p><img loading=\"lazy\" decoding=\"async\" width=\"932\" height=\"613\" class=\"wp-image-893\" src=\"https:\/\/www.yeryuzundebirkacadim.com\/wp-content\/uploads\/2017\/02\/flam-voss-map-ile-ilgili-gorsel-sonucu.jpeg\" alt=\"flam voss map ile ilgili g\u00f6rsel sonucu\" srcset=\"https:\/\/www.yeryuzundebirkacadim.com\/wp-content\/uploads\/2017\/02\/flam-voss-map-ile-ilgili-gorsel-sonucu.jpeg 932w, https:\/\/www.yeryuzundebirkacadim.com\/wp-content\/uploads\/2017\/02\/flam-voss-map-ile-ilgili-gorsel-sonucu-300x197.jpeg 300w, https:\/\/www.yeryuzundebirkacadim.com\/wp-content\/uploads\/2017\/02\/flam-voss-map-ile-ilgili-gorsel-sonucu-768x505.jpeg 768w, https:\/\/www.yeryuzundebirkacadim.com\/wp-content\/uploads\/2017\/02\/flam-voss-map-ile-ilgili-gorsel-sonucu-816x537.jpeg 816w\" sizes=\"auto, (max-width: 932px) 100vw, 932px\" \/><\/p>\n<p>Flam treni 1944\u2019te a\u00e7\u0131lm\u0131\u015f. 866 metrelik bir rak\u0131mdan deniz seviyesine inerken 20 t\u00fcnelden ge\u00e7ip 20 km yol katediyor. Ola\u011fan\u00fcst\u00fc bir m\u00fchendislik harikas\u0131 olan tren, \u00e7ok dik ve k\u0131vr\u0131ml\u0131, enfes manzaralar\u0131n bulundu\u011fu bir hat \u00fczerinde seyrediyor.<\/p>\n<p><img loading=\"lazy\" decoding=\"async\" width=\"1024\" height=\"683\" class=\"wp-image-894\" src=\"https:\/\/www.yeryuzundebirkacadim.com\/wp-content\/uploads\/2017\/02\/d-2016-04-24-ayla-album-2016-2016-07-01-iskandina-64.jpeg\" alt=\"D:\\2016-04-24-Ayla\\album-2016\\2016-07-01-iskandinavya\\2016-07-04-bergen\\IMG_4939-1.jpg\" srcset=\"https:\/\/www.yeryuzundebirkacadim.com\/wp-content\/uploads\/2017\/02\/d-2016-04-24-ayla-album-2016-2016-07-01-iskandina-64.jpeg 1024w, https:\/\/www.yeryuzundebirkacadim.com\/wp-content\/uploads\/2017\/02\/d-2016-04-24-ayla-album-2016-2016-07-01-iskandina-64-300x200.jpeg 300w, https:\/\/www.yeryuzundebirkacadim.com\/wp-content\/uploads\/2017\/02\/d-2016-04-24-ayla-album-2016-2016-07-01-iskandina-64-768x512.jpeg 768w, https:\/\/www.yeryuzundebirkacadim.com\/wp-content\/uploads\/2017\/02\/d-2016-04-24-ayla-album-2016-2016-07-01-iskandina-64-816x544.jpeg 816w\" sizes=\"auto, (max-width: 1024px) 100vw, 1024px\" \/><\/p>\n<p>Tren, 93 metre y\u00fcksekli\u011findeki<strong> Kjos \u015eelalesi<\/strong>nin \u00f6n\u00fcne geldi\u011finde duruyor. Burada herkes trenden iniyor. E\u015fsiz manzaray\u0131 seyredip foto\u011fraf \u00e7ekerken bir m\u00fczik \u00e7almaya ba\u015fl\u0131yor. M\u00fczi\u011fin nerden geldi\u011fini anlamaya \u00e7al\u0131\u015f\u0131rken \u015felaleye do\u011fru ilerleyen k\u0131rm\u0131z\u0131 elbiseli, uzun sa\u00e7l\u0131 bir k\u0131z fona dahil oluyor.<\/p>\n<p><img loading=\"lazy\" decoding=\"async\" width=\"1024\" height=\"683\" class=\"wp-image-895\" src=\"https:\/\/www.yeryuzundebirkacadim.com\/wp-content\/uploads\/2017\/02\/d-2016-04-24-ayla-album-2016-2016-07-01-iskandina-65.jpeg\" alt=\"D:\\2016-04-24-Ayla\\album-2016\\2016-07-01-iskandinavya\\2016-07-04-bergen\\IMG_4967-1.jpg\" srcset=\"https:\/\/www.yeryuzundebirkacadim.com\/wp-content\/uploads\/2017\/02\/d-2016-04-24-ayla-album-2016-2016-07-01-iskandina-65.jpeg 1024w, https:\/\/www.yeryuzundebirkacadim.com\/wp-content\/uploads\/2017\/02\/d-2016-04-24-ayla-album-2016-2016-07-01-iskandina-65-300x200.jpeg 300w, https:\/\/www.yeryuzundebirkacadim.com\/wp-content\/uploads\/2017\/02\/d-2016-04-24-ayla-album-2016-2016-07-01-iskandina-65-768x512.jpeg 768w, https:\/\/www.yeryuzundebirkacadim.com\/wp-content\/uploads\/2017\/02\/d-2016-04-24-ayla-album-2016-2016-07-01-iskandina-65-816x544.jpeg 816w\" sizes=\"auto, (max-width: 1024px) 100vw, 1024px\" \/><\/p>\n<p>Huldra Efsanesi: (Bunu d\u00f6nd\u00fckten sonra ek\u015fi s\u00f6zl\u00fckten \u00f6\u011frendim).<\/p>\n<p>Huldra; efsanevi ve hileci bayan yarat\u0131klar. Norve\u00e7&#8217;te ya\u015fad\u0131klar\u0131na inan\u0131lan, troll ailesinden oldu\u011fu d\u00fc\u015f\u00fcn\u00fclen, uzun oldu\u011fu i\u00e7in saklamaya \u00e7al\u0131\u015ft\u0131klar\u0131 kuyruklar\u0131 olan g\u00fczel k\u0131z g\u00f6r\u00fcn\u00fcm\u00fcndedirler. Efsaneye g\u00f6re gen\u00e7 erkekleri kendileri ile evlenmeye ikna ederler ve kilisede evlilik ger\u00e7ekle\u015fti\u011fi anda saklad\u0131klar\u0131 kuyruklar\u0131 ortaya \u00e7\u0131kar. Daha sonra e\u011fer erkek k\u0131za k\u00f6t\u00fc davran\u0131rsa huldra \u00e7irkin bir kad\u0131na d\u00f6n\u00fc\u015febilmektedir ve erkek \u00fcz\u00fcl\u00fcp \u00a0pi\u015fman olmaktad\u0131r. \u0130yi davran\u0131rsa bu g\u00fczel k\u0131zla mutlu evlilikleri oluyor.<\/p>\n<p><img loading=\"lazy\" decoding=\"async\" class=\"alignnone wp-image-896 size-full\" src=\"https:\/\/www.yeryuzundebirkacadim.com\/wp-content\/uploads\/2017\/02\/d-2016-04-24-ayla-album-2016-2016-07-01-iskandina-66.jpeg\" alt=\"D:\\2016-04-24-Ayla\\album-2016\\2016-07-01-iskandinavya\\2016-07-04-bergen\\IMG_4966-1.jpg\" width=\"1024\" height=\"683\" srcset=\"https:\/\/www.yeryuzundebirkacadim.com\/wp-content\/uploads\/2017\/02\/d-2016-04-24-ayla-album-2016-2016-07-01-iskandina-66.jpeg 1024w, https:\/\/www.yeryuzundebirkacadim.com\/wp-content\/uploads\/2017\/02\/d-2016-04-24-ayla-album-2016-2016-07-01-iskandina-66-300x200.jpeg 300w, https:\/\/www.yeryuzundebirkacadim.com\/wp-content\/uploads\/2017\/02\/d-2016-04-24-ayla-album-2016-2016-07-01-iskandina-66-768x512.jpeg 768w, https:\/\/www.yeryuzundebirkacadim.com\/wp-content\/uploads\/2017\/02\/d-2016-04-24-ayla-album-2016-2016-07-01-iskandina-66-816x544.jpeg 816w\" sizes=\"auto, (max-width: 1024px) 100vw, 1024px\" \/><\/p>\n<p>Flam treni 1944\u2019te a\u00e7\u0131lm\u0131\u015f. 866 metrelik bir rak\u0131mdan deniz seviyesine inerken 20 t\u00fcnelden ge\u00e7ip 20 km yol katediyor. Ola\u011fan\u00fcst\u00fc bir m\u00fchendislik harikas\u0131 olan tren, \u00e7ok dik ve k\u0131vr\u0131ml\u0131, enfes manzaralar\u0131n bulundu\u011fu bir hat \u00fczerinde seyrediyor.<\/p>\n<p>Evet \u00e7al\u0131nan m\u00fczik ve k\u0131z\u0131n yapt\u0131\u011f\u0131 dans ile Huldra Efsanesini canland\u0131r\u0131yorlar.<\/p>\n<p><img loading=\"lazy\" decoding=\"async\" width=\"1024\" height=\"683\" class=\"wp-image-897\" src=\"https:\/\/www.yeryuzundebirkacadim.com\/wp-content\/uploads\/2017\/02\/d-2016-04-24-ayla-album-2016-2016-07-01-iskandina-67.jpeg\" alt=\"D:\\2016-04-24-Ayla\\album-2016\\2016-07-01-iskandinavya\\2016-07-04-bergen\\IMG_4945-1.jpg\" srcset=\"https:\/\/www.yeryuzundebirkacadim.com\/wp-content\/uploads\/2017\/02\/d-2016-04-24-ayla-album-2016-2016-07-01-iskandina-67.jpeg 1024w, https:\/\/www.yeryuzundebirkacadim.com\/wp-content\/uploads\/2017\/02\/d-2016-04-24-ayla-album-2016-2016-07-01-iskandina-67-300x200.jpeg 300w, https:\/\/www.yeryuzundebirkacadim.com\/wp-content\/uploads\/2017\/02\/d-2016-04-24-ayla-album-2016-2016-07-01-iskandina-67-768x512.jpeg 768w, https:\/\/www.yeryuzundebirkacadim.com\/wp-content\/uploads\/2017\/02\/d-2016-04-24-ayla-album-2016-2016-07-01-iskandina-67-816x544.jpeg 816w\" sizes=\"auto, (max-width: 1024px) 100vw, 1024px\" \/><\/p>\n<p>Temmuz ay\u0131nda karl\u0131 da\u011flar.<\/p>\n<p><img loading=\"lazy\" decoding=\"async\" width=\"1024\" height=\"683\" class=\"wp-image-898\" src=\"https:\/\/www.yeryuzundebirkacadim.com\/wp-content\/uploads\/2017\/02\/d-2016-04-24-ayla-album-2016-2016-07-01-iskandina-68.jpeg\" alt=\"D:\\2016-04-24-Ayla\\album-2016\\2016-07-01-iskandinavya\\2016-07-04-bergen\\IMG_4981-1.jpg\" srcset=\"https:\/\/www.yeryuzundebirkacadim.com\/wp-content\/uploads\/2017\/02\/d-2016-04-24-ayla-album-2016-2016-07-01-iskandina-68.jpeg 1024w, https:\/\/www.yeryuzundebirkacadim.com\/wp-content\/uploads\/2017\/02\/d-2016-04-24-ayla-album-2016-2016-07-01-iskandina-68-300x200.jpeg 300w, https:\/\/www.yeryuzundebirkacadim.com\/wp-content\/uploads\/2017\/02\/d-2016-04-24-ayla-album-2016-2016-07-01-iskandina-68-768x512.jpeg 768w, https:\/\/www.yeryuzundebirkacadim.com\/wp-content\/uploads\/2017\/02\/d-2016-04-24-ayla-album-2016-2016-07-01-iskandina-68-816x544.jpeg 816w\" sizes=\"auto, (max-width: 1024px) 100vw, 1024px\" \/><\/p>\n<p>Fyord manzaras\u0131.<\/p>\n<p><img loading=\"lazy\" decoding=\"async\" class=\"wp-image-899\" src=\"https:\/\/www.yeryuzundebirkacadim.com\/wp-content\/uploads\/2017\/02\/d-2016-04-24-ayla-album-2016-2016-07-01-iskandina-69.jpeg\" alt=\"D:\\2016-04-24-Ayla\\album-2016\\2016-07-01-iskandinavya\\2016-07-04-bergen\\IMG_4994-1.jpg\" width=\"800\" height=\"1200\" srcset=\"https:\/\/www.yeryuzundebirkacadim.com\/wp-content\/uploads\/2017\/02\/d-2016-04-24-ayla-album-2016-2016-07-01-iskandina-69.jpeg 683w, https:\/\/www.yeryuzundebirkacadim.com\/wp-content\/uploads\/2017\/02\/d-2016-04-24-ayla-album-2016-2016-07-01-iskandina-69-200x300.jpeg 200w, https:\/\/www.yeryuzundebirkacadim.com\/wp-content\/uploads\/2017\/02\/d-2016-04-24-ayla-album-2016-2016-07-01-iskandina-69-666x999.jpeg 666w\" sizes=\"auto, (max-width: 800px) 100vw, 800px\" \/><\/p>\n<p>Myrdal\u2019a var\u0131p Flam\u2019a d\u00f6nerken tekrar Kjos\u2019ta durduk. Bu sefer bu e\u015fsiz manzaraya g\u00f6kku\u015fa\u011f\u0131 da ortak oluyor.<\/p>\n<p>Tur bitiminde otob\u00fcse binip<strong> Voss<\/strong>\u2019a geliyoruz.<\/p>\n<p><img loading=\"lazy\" decoding=\"async\" width=\"1024\" height=\"683\" class=\"wp-image-900\" src=\"https:\/\/www.yeryuzundebirkacadim.com\/wp-content\/uploads\/2017\/02\/d-2016-04-24-ayla-album-2016-2016-07-01-iskandina-70.jpeg\" alt=\"D:\\2016-04-24-Ayla\\album-2016\\2016-07-01-iskandinavya\\2016-07-04-bergen\\IMG_5005-1.jpg\" srcset=\"https:\/\/www.yeryuzundebirkacadim.com\/wp-content\/uploads\/2017\/02\/d-2016-04-24-ayla-album-2016-2016-07-01-iskandina-70.jpeg 1024w, https:\/\/www.yeryuzundebirkacadim.com\/wp-content\/uploads\/2017\/02\/d-2016-04-24-ayla-album-2016-2016-07-01-iskandina-70-300x200.jpeg 300w, https:\/\/www.yeryuzundebirkacadim.com\/wp-content\/uploads\/2017\/02\/d-2016-04-24-ayla-album-2016-2016-07-01-iskandina-70-768x512.jpeg 768w, https:\/\/www.yeryuzundebirkacadim.com\/wp-content\/uploads\/2017\/02\/d-2016-04-24-ayla-album-2016-2016-07-01-iskandina-70-816x544.jpeg 816w\" sizes=\"auto, (max-width: 1024px) 100vw, 1024px\" \/><\/p>\n<p>Handanger fiyordu k\u0131y\u0131s\u0131nda yer alan \u015fehrin suyu t\u00fcm d\u00fcnyada \u00fcn yapm\u0131\u015f.<\/p>\n<p><img loading=\"lazy\" decoding=\"async\" width=\"880\" height=\"637\" class=\"wp-image-901\" src=\"https:\/\/www.yeryuzundebirkacadim.com\/wp-content\/uploads\/2017\/02\/voss-water-ile-ilgili-gorsel-sonucu.jpeg\" alt=\"voss water ile ilgili g\u00f6rsel sonucu\" srcset=\"https:\/\/www.yeryuzundebirkacadim.com\/wp-content\/uploads\/2017\/02\/voss-water-ile-ilgili-gorsel-sonucu.jpeg 880w, https:\/\/www.yeryuzundebirkacadim.com\/wp-content\/uploads\/2017\/02\/voss-water-ile-ilgili-gorsel-sonucu-300x217.jpeg 300w, https:\/\/www.yeryuzundebirkacadim.com\/wp-content\/uploads\/2017\/02\/voss-water-ile-ilgili-gorsel-sonucu-768x556.jpeg 768w, https:\/\/www.yeryuzundebirkacadim.com\/wp-content\/uploads\/2017\/02\/voss-water-ile-ilgili-gorsel-sonucu-816x591.jpeg 816w\" sizes=\"auto, (max-width: 880px) 100vw, 880px\" \/><\/p>\n<p>Vangsvatnet g\u00f6l\u00fc k\u0131y\u0131s\u0131nda, \u015firin, 30 odal\u0131 Vossestolen Hotel\u2019e yerle\u015fiyoruz.<\/p>\n<p><img loading=\"lazy\" decoding=\"async\" width=\"1024\" height=\"683\" class=\"wp-image-902\" src=\"https:\/\/www.yeryuzundebirkacadim.com\/wp-content\/uploads\/2017\/02\/c-users-windows-7-appdata-local-microsoft-windows-2.jpeg\" alt=\"C:\\Users\\Windows 7\\AppData\\Local\\Microsoft\\Windows\\Temporary Internet Files\\Content.Word\\IMG_5071-1.jpg\" srcset=\"https:\/\/www.yeryuzundebirkacadim.com\/wp-content\/uploads\/2017\/02\/c-users-windows-7-appdata-local-microsoft-windows-2.jpeg 1024w, https:\/\/www.yeryuzundebirkacadim.com\/wp-content\/uploads\/2017\/02\/c-users-windows-7-appdata-local-microsoft-windows-2-300x200.jpeg 300w, https:\/\/www.yeryuzundebirkacadim.com\/wp-content\/uploads\/2017\/02\/c-users-windows-7-appdata-local-microsoft-windows-2-768x512.jpeg 768w, https:\/\/www.yeryuzundebirkacadim.com\/wp-content\/uploads\/2017\/02\/c-users-windows-7-appdata-local-microsoft-windows-2-816x544.jpeg 816w\" sizes=\"auto, (max-width: 1024px) 100vw, 1024px\" \/><\/p>\n<p><strong>5. G\u00dcN: 5 TEMMUZ 2016 SALI (Ramazan Bayram\u0131)<\/strong><\/p>\n<p><img loading=\"lazy\" decoding=\"async\" width=\"1024\" height=\"683\" class=\"wp-image-903\" src=\"https:\/\/www.yeryuzundebirkacadim.com\/wp-content\/uploads\/2017\/02\/d-2016-04-24-ayla-album-2016-2016-07-01-iskandina-71.jpeg\" alt=\"D:\\2016-04-24-Ayla\\album-2016\\2016-07-01-iskandinavya\\2016-07-04-bergen\\IMG_5029-1.jpg\" srcset=\"https:\/\/www.yeryuzundebirkacadim.com\/wp-content\/uploads\/2017\/02\/d-2016-04-24-ayla-album-2016-2016-07-01-iskandina-71.jpeg 1024w, https:\/\/www.yeryuzundebirkacadim.com\/wp-content\/uploads\/2017\/02\/d-2016-04-24-ayla-album-2016-2016-07-01-iskandina-71-300x200.jpeg 300w, https:\/\/www.yeryuzundebirkacadim.com\/wp-content\/uploads\/2017\/02\/d-2016-04-24-ayla-album-2016-2016-07-01-iskandina-71-768x512.jpeg 768w, https:\/\/www.yeryuzundebirkacadim.com\/wp-content\/uploads\/2017\/02\/d-2016-04-24-ayla-album-2016-2016-07-01-iskandina-71-816x544.jpeg 816w\" sizes=\"auto, (max-width: 1024px) 100vw, 1024px\" \/><\/p>\n<p>Sabah, kahvalt\u0131 ve e\u015fsiz manzara foto\u011fraf \u00e7ekimleri yap\u0131yoruz. Ard\u0131ndan herkes birbiriyle bayramla\u015f\u0131yor. Sonra da 102km mesafedeki Bergen\u2019e hareket ediyoruz.<\/p>\n<p>\u015eehir merkezinde rehberimiz otob\u00fcs\u00fc durdurup 5 dakikal\u0131\u011f\u0131na indi. Elinde bayram \u015fekeri ve Bergen resimlerinin oldu\u011fu hediyelerle geldi. Bu ince hareket \u00e7ok ho\u015fumuza gitti.<\/p>\n<p>Yolda Bo\u011faz k\u00f6pr\u00fcs\u00fcn\u00fcn minyat\u00fcr\u00fc bir k\u00f6pr\u00fc g\u00f6r\u00fcyoruz. Kar\u015f\u0131 k\u0131y\u0131da bulunan k\u00fc\u00e7\u00fcc\u00fck bir k\u00f6y\u00fcn ula\u015f\u0131m\u0131 i\u00e7in yap\u0131lm\u0131\u015f. Nehirleri, kendi yapt\u0131klar\u0131 ilkel teleferiklerle ge\u00e7meye \u00e7al\u0131\u015fan cabbar Karadeniz k\u00f6yl\u00fcleri akl\u0131ma gelip y\u00fcre\u011fim s\u0131zl\u0131yor.<\/p>\n<p>Bergen\u2019e geliyoruz.<\/p>\n<p><strong>Bergen<\/strong><\/p>\n<p>12. ve 13. y\u00fczy\u0131lda Norve\u00e7\u2019in ba\u015fkentiymi\u015f. Norve\u00e7\u2019in Oslo\u2019dan sonra 2. b\u00fcy\u00fck \u015fehri. N\u00fcfusu 265000. Klasik m\u00fczi\u011fin \u00fcnl\u00fc sanat\u00e7\u0131lar\u0131ndan Edvard Grieg (1843-1907) bu \u015fehirde yeti\u015fmi\u015f.<\/p>\n<p>Yar\u0131maday\u0131 gezmeye limandan ba\u015fl\u0131yoruz. C\u0131v\u0131l c\u0131v\u0131l bir yer buras\u0131. Turistler her tarafta.<\/p>\n<p>Me\u015fhur <strong>Bal\u0131k Pazar\u0131<\/strong> burada.<\/p>\n<p><img loading=\"lazy\" decoding=\"async\" width=\"1599\" height=\"1066\" class=\"wp-image-904\" src=\"https:\/\/www.yeryuzundebirkacadim.com\/wp-content\/uploads\/2017\/02\/d-2016-04-24-ayla-album-2016-2016-07-01-iskandina-72.jpeg\" alt=\"D:\\2016-04-24-Ayla\\album-2016\\2016-07-01-iskandinavya\\2016-07-04-bergen\\IMG_5156.JPG\" srcset=\"https:\/\/www.yeryuzundebirkacadim.com\/wp-content\/uploads\/2017\/02\/d-2016-04-24-ayla-album-2016-2016-07-01-iskandina-72.jpeg 1599w, https:\/\/www.yeryuzundebirkacadim.com\/wp-content\/uploads\/2017\/02\/d-2016-04-24-ayla-album-2016-2016-07-01-iskandina-72-300x200.jpeg 300w, https:\/\/www.yeryuzundebirkacadim.com\/wp-content\/uploads\/2017\/02\/d-2016-04-24-ayla-album-2016-2016-07-01-iskandina-72-768x512.jpeg 768w, https:\/\/www.yeryuzundebirkacadim.com\/wp-content\/uploads\/2017\/02\/d-2016-04-24-ayla-album-2016-2016-07-01-iskandina-72-1024x683.jpeg 1024w, https:\/\/www.yeryuzundebirkacadim.com\/wp-content\/uploads\/2017\/02\/d-2016-04-24-ayla-album-2016-2016-07-01-iskandina-72-816x544.jpeg 816w\" sizes=\"auto, (max-width: 1599px) 100vw, 1599px\" \/><\/p>\n<p><img loading=\"lazy\" decoding=\"async\" width=\"1599\" height=\"1066\" class=\"wp-image-905\" src=\"https:\/\/www.yeryuzundebirkacadim.com\/wp-content\/uploads\/2017\/02\/d-2016-04-24-ayla-album-2016-2016-07-01-iskandina-73.jpeg\" alt=\"D:\\2016-04-24-Ayla\\album-2016\\2016-07-01-iskandinavya\\2016-07-04-bergen\\IMG_5157.JPG\" srcset=\"https:\/\/www.yeryuzundebirkacadim.com\/wp-content\/uploads\/2017\/02\/d-2016-04-24-ayla-album-2016-2016-07-01-iskandina-73.jpeg 1599w, https:\/\/www.yeryuzundebirkacadim.com\/wp-content\/uploads\/2017\/02\/d-2016-04-24-ayla-album-2016-2016-07-01-iskandina-73-300x200.jpeg 300w, https:\/\/www.yeryuzundebirkacadim.com\/wp-content\/uploads\/2017\/02\/d-2016-04-24-ayla-album-2016-2016-07-01-iskandina-73-768x512.jpeg 768w, https:\/\/www.yeryuzundebirkacadim.com\/wp-content\/uploads\/2017\/02\/d-2016-04-24-ayla-album-2016-2016-07-01-iskandina-73-1024x683.jpeg 1024w, https:\/\/www.yeryuzundebirkacadim.com\/wp-content\/uploads\/2017\/02\/d-2016-04-24-ayla-album-2016-2016-07-01-iskandina-73-816x544.jpeg 816w\" sizes=\"auto, (max-width: 1599px) 100vw, 1599px\" \/><\/p>\n<p>Ayak\u00fcst\u00fc yiyebilece\u011finiz bir tabak bal\u0131k 90 lira civar\u0131nda.<\/p>\n<p>Limanda gezinmeye devam ediyoruz.<\/p>\n<p><strong>Hansa Evleri<\/strong><\/p>\n<p>Unesco\u2019nun K\u00fclt\u00fcr Miras\u0131 listesinde yer alan ah\u015fap evler. Hansa birli\u011finin hakim oldu\u011fu d\u00f6emde yap\u0131lan, bal\u0131k ticareti ile u\u011fra\u015fan Almanlar\u0131n evleri. Yakla\u015f\u0131k 13 ev ve \u00e7evresinde yer alan d\u00fckkanlardan olu\u015fan bir site anlay\u0131\u015f\u0131nda kurulmu\u015f.<\/p>\n<p><img loading=\"lazy\" decoding=\"async\" width=\"1599\" height=\"1066\" class=\"wp-image-906\" src=\"https:\/\/www.yeryuzundebirkacadim.com\/wp-content\/uploads\/2017\/02\/d-2016-04-24-ayla-album-2016-2016-07-01-iskandina-74.jpeg\" alt=\"D:\\2016-04-24-Ayla\\album-2016\\2016-07-01-iskandinavya\\2016-07-04-bergen\\IMG_5286.JPG\" srcset=\"https:\/\/www.yeryuzundebirkacadim.com\/wp-content\/uploads\/2017\/02\/d-2016-04-24-ayla-album-2016-2016-07-01-iskandina-74.jpeg 1599w, https:\/\/www.yeryuzundebirkacadim.com\/wp-content\/uploads\/2017\/02\/d-2016-04-24-ayla-album-2016-2016-07-01-iskandina-74-300x200.jpeg 300w, https:\/\/www.yeryuzundebirkacadim.com\/wp-content\/uploads\/2017\/02\/d-2016-04-24-ayla-album-2016-2016-07-01-iskandina-74-768x512.jpeg 768w, https:\/\/www.yeryuzundebirkacadim.com\/wp-content\/uploads\/2017\/02\/d-2016-04-24-ayla-album-2016-2016-07-01-iskandina-74-1024x683.jpeg 1024w, https:\/\/www.yeryuzundebirkacadim.com\/wp-content\/uploads\/2017\/02\/d-2016-04-24-ayla-album-2016-2016-07-01-iskandina-74-816x544.jpeg 816w\" sizes=\"auto, (max-width: 1599px) 100vw, 1599px\" \/><\/p>\n<p><img loading=\"lazy\" decoding=\"async\" width=\"1599\" height=\"1066\" class=\"wp-image-908\" src=\"https:\/\/www.yeryuzundebirkacadim.com\/wp-content\/uploads\/2017\/02\/d-2016-04-24-ayla-album-2016-2016-07-01-iskandina-76.jpeg\" alt=\"D:\\2016-04-24-Ayla\\album-2016\\2016-07-01-iskandinavya\\2016-07-04-bergen\\IMG_5262.JPG\" srcset=\"https:\/\/www.yeryuzundebirkacadim.com\/wp-content\/uploads\/2017\/02\/d-2016-04-24-ayla-album-2016-2016-07-01-iskandina-76.jpeg 1599w, https:\/\/www.yeryuzundebirkacadim.com\/wp-content\/uploads\/2017\/02\/d-2016-04-24-ayla-album-2016-2016-07-01-iskandina-76-300x200.jpeg 300w, https:\/\/www.yeryuzundebirkacadim.com\/wp-content\/uploads\/2017\/02\/d-2016-04-24-ayla-album-2016-2016-07-01-iskandina-76-768x512.jpeg 768w, https:\/\/www.yeryuzundebirkacadim.com\/wp-content\/uploads\/2017\/02\/d-2016-04-24-ayla-album-2016-2016-07-01-iskandina-76-1024x683.jpeg 1024w, https:\/\/www.yeryuzundebirkacadim.com\/wp-content\/uploads\/2017\/02\/d-2016-04-24-ayla-album-2016-2016-07-01-iskandina-76-816x544.jpeg 816w\" sizes=\"auto, (max-width: 1599px) 100vw, 1599px\" \/><\/p>\n<p><img loading=\"lazy\" decoding=\"async\" width=\"1599\" height=\"899\" class=\"wp-image-909\" src=\"https:\/\/www.yeryuzundebirkacadim.com\/wp-content\/uploads\/2017\/02\/d-2016-04-24-ayla-album-2016-2016-07-01-iskandina-77.jpeg\" alt=\"D:\\2016-04-24-Ayla\\album-2016\\2016-07-01-iskandinavya\\20160705_170808.jpg\" srcset=\"https:\/\/www.yeryuzundebirkacadim.com\/wp-content\/uploads\/2017\/02\/d-2016-04-24-ayla-album-2016-2016-07-01-iskandina-77.jpeg 1599w, https:\/\/www.yeryuzundebirkacadim.com\/wp-content\/uploads\/2017\/02\/d-2016-04-24-ayla-album-2016-2016-07-01-iskandina-77-300x169.jpeg 300w, https:\/\/www.yeryuzundebirkacadim.com\/wp-content\/uploads\/2017\/02\/d-2016-04-24-ayla-album-2016-2016-07-01-iskandina-77-768x432.jpeg 768w, https:\/\/www.yeryuzundebirkacadim.com\/wp-content\/uploads\/2017\/02\/d-2016-04-24-ayla-album-2016-2016-07-01-iskandina-77-1024x576.jpeg 1024w, https:\/\/www.yeryuzundebirkacadim.com\/wp-content\/uploads\/2017\/02\/d-2016-04-24-ayla-album-2016-2016-07-01-iskandina-77-816x459.jpeg 816w\" sizes=\"auto, (max-width: 1599px) 100vw, 1599px\" \/><\/p>\n<p>Buradan bal\u0131k halinin arkas\u0131nda bir parkta biraz oyalan\u0131p bir\u015feyler at\u0131\u015ft\u0131r\u0131yoruz. Bu arada mart\u0131ya benzer b\u00fcy\u00fck ku\u015flar Ali Vefa\u2019n\u0131n elindeki sandvi\u00e7lere sald\u0131r\u0131yorlar. K\u0131sa metrajl\u0131 bir korku filmi \u00e7eviriyor Vefac\u0131m. Bize ve yandaki banktaki gen\u00e7lere de e\u011flence \u00e7\u0131k\u0131yor. O kareleri yakalamay\u0131 \u00e7ok isterdim.<\/p>\n<p><img loading=\"lazy\" decoding=\"async\" width=\"1599\" height=\"1066\" class=\"wp-image-910\" src=\"https:\/\/www.yeryuzundebirkacadim.com\/wp-content\/uploads\/2017\/02\/d-2016-04-24-ayla-album-2016-2016-07-01-iskandina-78.jpeg\" alt=\"D:\\2016-04-24-Ayla\\album-2016\\2016-07-01-iskandinavya\\2016-07-04-bergen\\IMG_5169.JPG\" srcset=\"https:\/\/www.yeryuzundebirkacadim.com\/wp-content\/uploads\/2017\/02\/d-2016-04-24-ayla-album-2016-2016-07-01-iskandina-78.jpeg 1599w, https:\/\/www.yeryuzundebirkacadim.com\/wp-content\/uploads\/2017\/02\/d-2016-04-24-ayla-album-2016-2016-07-01-iskandina-78-300x200.jpeg 300w, https:\/\/www.yeryuzundebirkacadim.com\/wp-content\/uploads\/2017\/02\/d-2016-04-24-ayla-album-2016-2016-07-01-iskandina-78-768x512.jpeg 768w, https:\/\/www.yeryuzundebirkacadim.com\/wp-content\/uploads\/2017\/02\/d-2016-04-24-ayla-album-2016-2016-07-01-iskandina-78-1024x683.jpeg 1024w, https:\/\/www.yeryuzundebirkacadim.com\/wp-content\/uploads\/2017\/02\/d-2016-04-24-ayla-album-2016-2016-07-01-iskandina-78-816x544.jpeg 816w\" sizes=\"auto, (max-width: 1599px) 100vw, 1599px\" \/><\/p>\n<p>\u015eehri panoramik olarak seyretmek i\u00e7in teleferikle <strong>Floyen Tepesi<\/strong>ne \u00e7\u0131k\u0131yoruz. Buras\u0131 internette yer alan Bergen foto\u011fraflar\u0131n\u0131n \u00e7ekildi\u011fi tepe. Ekstra tur olarak 20 euro idi. Biz kendimiz gezmeyi tercih ettik.<\/p>\n<p><img loading=\"lazy\" decoding=\"async\" width=\"1024\" height=\"683\" class=\"wp-image-911\" src=\"https:\/\/www.yeryuzundebirkacadim.com\/wp-content\/uploads\/2017\/02\/d-2016-04-24-ayla-album-2016-2016-07-01-iskandina-79.jpeg\" alt=\"D:\\2016-04-24-Ayla\\album-2016\\2016-07-01-iskandinavya\\2016-07-04-bergen\\IMG_5177-1.jpg\" srcset=\"https:\/\/www.yeryuzundebirkacadim.com\/wp-content\/uploads\/2017\/02\/d-2016-04-24-ayla-album-2016-2016-07-01-iskandina-79.jpeg 1024w, https:\/\/www.yeryuzundebirkacadim.com\/wp-content\/uploads\/2017\/02\/d-2016-04-24-ayla-album-2016-2016-07-01-iskandina-79-300x200.jpeg 300w, https:\/\/www.yeryuzundebirkacadim.com\/wp-content\/uploads\/2017\/02\/d-2016-04-24-ayla-album-2016-2016-07-01-iskandina-79-768x512.jpeg 768w, https:\/\/www.yeryuzundebirkacadim.com\/wp-content\/uploads\/2017\/02\/d-2016-04-24-ayla-album-2016-2016-07-01-iskandina-79-816x544.jpeg 816w\" sizes=\"auto, (max-width: 1024px) 100vw, 1024px\" \/><\/p>\n<p>Sa\u011fdaki Bal\u0131k Hali ve Hansa Evlerinin oldu\u011fu k\u00fc\u00e7\u00fck liman. Sol arkadaki b\u00fcy\u00fck liman.<\/p>\n<p>Bu manzaray\u0131 seyrettikten sonra bizim gen\u00e7ler teleferik ile \u015fehre inerken, biz enerji dolu bir \u00e7ift olarak y\u00fcr\u00fcyerek a\u015fa\u011f\u0131ya iniyoruz. Y\u00fcr\u00fcy\u00fc\u015f parkuru gibi de kullan\u0131lan, \u00e7ok dik oldu\u011fu i\u00e7in zigzaglar \u015feklinde d\u00fczenlenmi\u015f baya\u011f\u0131 uzun bir yoldan ilerliyoruz. Yemye\u015fil bir orman i\u00e7inden ge\u00e7erek ve a\u015fa\u011f\u0131ya yakla\u015ft\u0131k\u00e7a \u00e7ok \u015firin ah\u015fap evleri seyrederek y\u00fcr\u00fcyoruz.<\/p>\n<p><img loading=\"lazy\" decoding=\"async\" width=\"1599\" height=\"1066\" class=\"wp-image-915\" src=\"https:\/\/www.yeryuzundebirkacadim.com\/wp-content\/uploads\/2017\/02\/d-2016-04-24-ayla-album-2016-2016-07-01-iskandina-83.jpeg\" alt=\"D:\\2016-04-24-Ayla\\album-2016\\2016-07-01-iskandinavya\\2016-07-04-bergen\\IMG_5229.JPG\" srcset=\"https:\/\/www.yeryuzundebirkacadim.com\/wp-content\/uploads\/2017\/02\/d-2016-04-24-ayla-album-2016-2016-07-01-iskandina-83.jpeg 1599w, https:\/\/www.yeryuzundebirkacadim.com\/wp-content\/uploads\/2017\/02\/d-2016-04-24-ayla-album-2016-2016-07-01-iskandina-83-300x200.jpeg 300w, https:\/\/www.yeryuzundebirkacadim.com\/wp-content\/uploads\/2017\/02\/d-2016-04-24-ayla-album-2016-2016-07-01-iskandina-83-768x512.jpeg 768w, https:\/\/www.yeryuzundebirkacadim.com\/wp-content\/uploads\/2017\/02\/d-2016-04-24-ayla-album-2016-2016-07-01-iskandina-83-1024x683.jpeg 1024w, https:\/\/www.yeryuzundebirkacadim.com\/wp-content\/uploads\/2017\/02\/d-2016-04-24-ayla-album-2016-2016-07-01-iskandina-83-816x544.jpeg 816w\" sizes=\"auto, (max-width: 1599px) 100vw, 1599px\" \/><\/p>\n<p>Gemi \u015feklinde bar pek ho\u015fumuza gitti.<\/p>\n<p><img loading=\"lazy\" decoding=\"async\" width=\"1599\" height=\"1066\" class=\"wp-image-916\" src=\"https:\/\/www.yeryuzundebirkacadim.com\/wp-content\/uploads\/2017\/02\/d-2016-04-24-ayla-album-2016-2016-07-01-iskandina-84.jpeg\" alt=\"D:\\2016-04-24-Ayla\\album-2016\\2016-07-01-iskandinavya\\2016-07-04-bergen\\IMG_5260.JPG\" srcset=\"https:\/\/www.yeryuzundebirkacadim.com\/wp-content\/uploads\/2017\/02\/d-2016-04-24-ayla-album-2016-2016-07-01-iskandina-84.jpeg 1599w, https:\/\/www.yeryuzundebirkacadim.com\/wp-content\/uploads\/2017\/02\/d-2016-04-24-ayla-album-2016-2016-07-01-iskandina-84-300x200.jpeg 300w, https:\/\/www.yeryuzundebirkacadim.com\/wp-content\/uploads\/2017\/02\/d-2016-04-24-ayla-album-2016-2016-07-01-iskandina-84-768x512.jpeg 768w, https:\/\/www.yeryuzundebirkacadim.com\/wp-content\/uploads\/2017\/02\/d-2016-04-24-ayla-album-2016-2016-07-01-iskandina-84-1024x683.jpeg 1024w, https:\/\/www.yeryuzundebirkacadim.com\/wp-content\/uploads\/2017\/02\/d-2016-04-24-ayla-album-2016-2016-07-01-iskandina-84-816x544.jpeg 816w\" sizes=\"auto, (max-width: 1599px) 100vw, 1599px\" \/><\/p>\n<p>Hediyelik e\u015fya d\u00fckkan\u0131ndan Bergen foto\u011fraflar\u0131na ait resimler al\u0131yoruz.<\/p>\n<p><img loading=\"lazy\" decoding=\"async\" width=\"1599\" height=\"899\" class=\"wp-image-917\" src=\"https:\/\/www.yeryuzundebirkacadim.com\/wp-content\/uploads\/2017\/02\/d-2016-04-24-ayla-album-2016-2016-07-01-iskandina-85.jpeg\" alt=\"D:\\2016-04-24-Ayla\\album-2016\\2016-07-01-iskandinavya\\20160705_171105.jpg\" srcset=\"https:\/\/www.yeryuzundebirkacadim.com\/wp-content\/uploads\/2017\/02\/d-2016-04-24-ayla-album-2016-2016-07-01-iskandina-85.jpeg 1599w, https:\/\/www.yeryuzundebirkacadim.com\/wp-content\/uploads\/2017\/02\/d-2016-04-24-ayla-album-2016-2016-07-01-iskandina-85-300x169.jpeg 300w, https:\/\/www.yeryuzundebirkacadim.com\/wp-content\/uploads\/2017\/02\/d-2016-04-24-ayla-album-2016-2016-07-01-iskandina-85-768x432.jpeg 768w, https:\/\/www.yeryuzundebirkacadim.com\/wp-content\/uploads\/2017\/02\/d-2016-04-24-ayla-album-2016-2016-07-01-iskandina-85-1024x576.jpeg 1024w, https:\/\/www.yeryuzundebirkacadim.com\/wp-content\/uploads\/2017\/02\/d-2016-04-24-ayla-album-2016-2016-07-01-iskandina-85-816x459.jpeg 816w\" sizes=\"auto, (max-width: 1599px) 100vw, 1599px\" \/><\/p>\n<p>Bu arada d\u00fckkan sahibi bayan\u0131n e\u015finin matematik \u00f6\u011fretmeni bir T\u00fcrk oldu\u011funu \u00f6\u011freniyoruz.<\/p>\n<p>\u015eehir i\u00e7inden g\u00f6r\u00fcnt\u00fcler.<\/p>\n<p><img loading=\"lazy\" decoding=\"async\" width=\"1024\" height=\"683\" class=\"wp-image-918\" src=\"https:\/\/www.yeryuzundebirkacadim.com\/wp-content\/uploads\/2017\/02\/d-2016-04-24-ayla-album-2016-2016-07-01-iskandina-86.jpeg\" alt=\"D:\\2016-04-24-Ayla\\album-2016\\2016-07-01-iskandinavya\\2016-07-04-bergen\\IMG_5306-1.jpg\" srcset=\"https:\/\/www.yeryuzundebirkacadim.com\/wp-content\/uploads\/2017\/02\/d-2016-04-24-ayla-album-2016-2016-07-01-iskandina-86.jpeg 1024w, https:\/\/www.yeryuzundebirkacadim.com\/wp-content\/uploads\/2017\/02\/d-2016-04-24-ayla-album-2016-2016-07-01-iskandina-86-300x200.jpeg 300w, https:\/\/www.yeryuzundebirkacadim.com\/wp-content\/uploads\/2017\/02\/d-2016-04-24-ayla-album-2016-2016-07-01-iskandina-86-768x512.jpeg 768w, https:\/\/www.yeryuzundebirkacadim.com\/wp-content\/uploads\/2017\/02\/d-2016-04-24-ayla-album-2016-2016-07-01-iskandina-86-816x544.jpeg 816w\" sizes=\"auto, (max-width: 1024px) 100vw, 1024px\" \/><\/p>\n<p><img loading=\"lazy\" decoding=\"async\" width=\"1599\" height=\"1066\" class=\"wp-image-919\" src=\"https:\/\/www.yeryuzundebirkacadim.com\/wp-content\/uploads\/2017\/02\/d-2016-04-24-ayla-album-2016-2016-07-01-iskandina-87.jpeg\" alt=\"D:\\2016-04-24-Ayla\\album-2016\\2016-07-01-iskandinavya\\2016-07-04-bergen\\IMG_5299.JPG\" srcset=\"https:\/\/www.yeryuzundebirkacadim.com\/wp-content\/uploads\/2017\/02\/d-2016-04-24-ayla-album-2016-2016-07-01-iskandina-87.jpeg 1599w, https:\/\/www.yeryuzundebirkacadim.com\/wp-content\/uploads\/2017\/02\/d-2016-04-24-ayla-album-2016-2016-07-01-iskandina-87-300x200.jpeg 300w, https:\/\/www.yeryuzundebirkacadim.com\/wp-content\/uploads\/2017\/02\/d-2016-04-24-ayla-album-2016-2016-07-01-iskandina-87-768x512.jpeg 768w, https:\/\/www.yeryuzundebirkacadim.com\/wp-content\/uploads\/2017\/02\/d-2016-04-24-ayla-album-2016-2016-07-01-iskandina-87-1024x683.jpeg 1024w, https:\/\/www.yeryuzundebirkacadim.com\/wp-content\/uploads\/2017\/02\/d-2016-04-24-ayla-album-2016-2016-07-01-iskandina-87-816x544.jpeg 816w\" sizes=\"auto, (max-width: 1599px) 100vw, 1599px\" \/><\/p>\n<p>Otele ge\u00e7iyoruz. Grand Terminus. \u0130stasyonun yan\u0131nda g\u00fczel bir otel. Ak\u015fam yeme\u011finde verdikleri set men\u00fc \u00e7ok lezzetliydi. Marina bal\u0131\u011f\u0131 yedik.<\/p>\n<p><strong>6. G\u00dcN: 6 TEMMUZ 2016 \u00c7AR\u015eAMBA <\/strong><\/p>\n<p>Sabah Gudvangen\u2019e hareket ediyoruz. 148km. 2 g\u00fcn \u00f6nce gitti\u011fimiz benzer yoldan tekrar d\u00f6n\u00fcyoruz. Turun b\u00fcy\u00fck hatas\u0131. Oysa Flam\u2019dayken bug\u00fcn yapaca\u011f\u0131m\u0131z fyord gemi turunu yapsayd\u0131k ve bug\u00fcn Bergen\u2019den u\u00e7akla Oslo\u2019ya gitseydik harika olurdu. Neyse diyor ve keyfimize bak\u0131yoruz.<\/p>\n<p><img loading=\"lazy\" decoding=\"async\" width=\"1754\" height=\"1754\" class=\"wp-image-921\" src=\"https:\/\/www.yeryuzundebirkacadim.com\/wp-content\/uploads\/2017\/02\/gudvangen-flam-harita-ile-ilgili-gorsel-sonucu.jpeg\" alt=\"gudvangen flam harita ile ilgili g\u00f6rsel sonucu\" srcset=\"https:\/\/www.yeryuzundebirkacadim.com\/wp-content\/uploads\/2017\/02\/gudvangen-flam-harita-ile-ilgili-gorsel-sonucu.jpeg 1754w, https:\/\/www.yeryuzundebirkacadim.com\/wp-content\/uploads\/2017\/02\/gudvangen-flam-harita-ile-ilgili-gorsel-sonucu-150x150.jpeg 150w, https:\/\/www.yeryuzundebirkacadim.com\/wp-content\/uploads\/2017\/02\/gudvangen-flam-harita-ile-ilgili-gorsel-sonucu-300x300.jpeg 300w, https:\/\/www.yeryuzundebirkacadim.com\/wp-content\/uploads\/2017\/02\/gudvangen-flam-harita-ile-ilgili-gorsel-sonucu-768x768.jpeg 768w, https:\/\/www.yeryuzundebirkacadim.com\/wp-content\/uploads\/2017\/02\/gudvangen-flam-harita-ile-ilgili-gorsel-sonucu-1024x1024.jpeg 1024w, https:\/\/www.yeryuzundebirkacadim.com\/wp-content\/uploads\/2017\/02\/gudvangen-flam-harita-ile-ilgili-gorsel-sonucu-816x816.jpeg 816w\" sizes=\"auto, (max-width: 1754px) 100vw, 1754px\" \/><\/p>\n<p>Gudvangen Allah\u2019\u0131n unuttu\u011fu yer demekmi\u015f.<\/p>\n<p><strong>Flam Tekne Turu<\/strong><\/p>\n<p>Ekstra tur olarak 60 euroya ald\u0131k.<\/p>\n<p><img loading=\"lazy\" decoding=\"async\" width=\"1599\" height=\"899\" class=\"wp-image-922\" src=\"https:\/\/www.yeryuzundebirkacadim.com\/wp-content\/uploads\/2017\/02\/d-2016-04-24-ayla-album-2016-2016-07-01-iskandina-89.jpeg\" alt=\"D:\\2016-04-24-Ayla\\album-2016\\2016-07-01-iskandinavya\\20160706_110607.jpg\" srcset=\"https:\/\/www.yeryuzundebirkacadim.com\/wp-content\/uploads\/2017\/02\/d-2016-04-24-ayla-album-2016-2016-07-01-iskandina-89.jpeg 1599w, https:\/\/www.yeryuzundebirkacadim.com\/wp-content\/uploads\/2017\/02\/d-2016-04-24-ayla-album-2016-2016-07-01-iskandina-89-300x169.jpeg 300w, https:\/\/www.yeryuzundebirkacadim.com\/wp-content\/uploads\/2017\/02\/d-2016-04-24-ayla-album-2016-2016-07-01-iskandina-89-768x432.jpeg 768w, https:\/\/www.yeryuzundebirkacadim.com\/wp-content\/uploads\/2017\/02\/d-2016-04-24-ayla-album-2016-2016-07-01-iskandina-89-1024x576.jpeg 1024w, https:\/\/www.yeryuzundebirkacadim.com\/wp-content\/uploads\/2017\/02\/d-2016-04-24-ayla-album-2016-2016-07-01-iskandina-89-816x459.jpeg 816w\" sizes=\"auto, (max-width: 1599px) 100vw, 1599px\" \/><\/p>\n<p>Buradan 11:35\u2019de bizi Sagne fiyordunun kollar\u0131nda gezdirecek gemiye biniyoruz.<\/p>\n<p>&nbsp;<\/p>\n<p><img loading=\"lazy\" decoding=\"async\" width=\"1599\" height=\"899\" class=\"wp-image-925\" src=\"https:\/\/www.yeryuzundebirkacadim.com\/wp-content\/uploads\/2017\/02\/d-2016-04-24-ayla-album-2016-2016-07-01-iskandina-92.jpeg\" alt=\"D:\\2016-04-24-Ayla\\album-2016\\2016-07-01-iskandinavya\\20160706_122844.jpg\" srcset=\"https:\/\/www.yeryuzundebirkacadim.com\/wp-content\/uploads\/2017\/02\/d-2016-04-24-ayla-album-2016-2016-07-01-iskandina-92.jpeg 1599w, https:\/\/www.yeryuzundebirkacadim.com\/wp-content\/uploads\/2017\/02\/d-2016-04-24-ayla-album-2016-2016-07-01-iskandina-92-300x169.jpeg 300w, https:\/\/www.yeryuzundebirkacadim.com\/wp-content\/uploads\/2017\/02\/d-2016-04-24-ayla-album-2016-2016-07-01-iskandina-92-768x432.jpeg 768w, https:\/\/www.yeryuzundebirkacadim.com\/wp-content\/uploads\/2017\/02\/d-2016-04-24-ayla-album-2016-2016-07-01-iskandina-92-1024x576.jpeg 1024w, https:\/\/www.yeryuzundebirkacadim.com\/wp-content\/uploads\/2017\/02\/d-2016-04-24-ayla-album-2016-2016-07-01-iskandina-92-816x459.jpeg 816w\" sizes=\"auto, (max-width: 1599px) 100vw, 1599px\" \/><\/p>\n<p><img loading=\"lazy\" decoding=\"async\" width=\"1599\" height=\"1066\" class=\"wp-image-926\" src=\"https:\/\/www.yeryuzundebirkacadim.com\/wp-content\/uploads\/2017\/02\/d-2016-04-24-ayla-album-2016-2016-07-01-iskandina-93.jpeg\" alt=\"D:\\2016-04-24-Ayla\\album-2016\\2016-07-01-iskandinavya\\2016-07-06-oslo\\IMG_5363.JPG\" srcset=\"https:\/\/www.yeryuzundebirkacadim.com\/wp-content\/uploads\/2017\/02\/d-2016-04-24-ayla-album-2016-2016-07-01-iskandina-93.jpeg 1599w, https:\/\/www.yeryuzundebirkacadim.com\/wp-content\/uploads\/2017\/02\/d-2016-04-24-ayla-album-2016-2016-07-01-iskandina-93-300x200.jpeg 300w, https:\/\/www.yeryuzundebirkacadim.com\/wp-content\/uploads\/2017\/02\/d-2016-04-24-ayla-album-2016-2016-07-01-iskandina-93-768x512.jpeg 768w, https:\/\/www.yeryuzundebirkacadim.com\/wp-content\/uploads\/2017\/02\/d-2016-04-24-ayla-album-2016-2016-07-01-iskandina-93-1024x683.jpeg 1024w, https:\/\/www.yeryuzundebirkacadim.com\/wp-content\/uploads\/2017\/02\/d-2016-04-24-ayla-album-2016-2016-07-01-iskandina-93-816x544.jpeg 816w\" sizes=\"auto, (max-width: 1599px) 100vw, 1599px\" \/><\/p>\n<p><img loading=\"lazy\" decoding=\"async\" width=\"1599\" height=\"1066\" class=\"wp-image-927\" src=\"https:\/\/www.yeryuzundebirkacadim.com\/wp-content\/uploads\/2017\/02\/d-2016-04-24-ayla-album-2016-2016-07-01-iskandina-94.jpeg\" alt=\"D:\\2016-04-24-Ayla\\album-2016\\2016-07-01-iskandinavya\\2016-07-06-oslo\\IMG_5373.JPG\" srcset=\"https:\/\/www.yeryuzundebirkacadim.com\/wp-content\/uploads\/2017\/02\/d-2016-04-24-ayla-album-2016-2016-07-01-iskandina-94.jpeg 1599w, https:\/\/www.yeryuzundebirkacadim.com\/wp-content\/uploads\/2017\/02\/d-2016-04-24-ayla-album-2016-2016-07-01-iskandina-94-300x200.jpeg 300w, https:\/\/www.yeryuzundebirkacadim.com\/wp-content\/uploads\/2017\/02\/d-2016-04-24-ayla-album-2016-2016-07-01-iskandina-94-768x512.jpeg 768w, https:\/\/www.yeryuzundebirkacadim.com\/wp-content\/uploads\/2017\/02\/d-2016-04-24-ayla-album-2016-2016-07-01-iskandina-94-1024x683.jpeg 1024w, https:\/\/www.yeryuzundebirkacadim.com\/wp-content\/uploads\/2017\/02\/d-2016-04-24-ayla-album-2016-2016-07-01-iskandina-94-816x544.jpeg 816w\" sizes=\"auto, (max-width: 1599px) 100vw, 1599px\" \/><\/p>\n<p><img loading=\"lazy\" decoding=\"async\" width=\"1599\" height=\"1066\" class=\"wp-image-929\" src=\"https:\/\/www.yeryuzundebirkacadim.com\/wp-content\/uploads\/2017\/02\/d-2016-04-24-ayla-album-2016-2016-07-01-iskandina-96.jpeg\" alt=\"D:\\2016-04-24-Ayla\\album-2016\\2016-07-01-iskandinavya\\2016-07-06-oslo\\IMG_5387.JPG\" srcset=\"https:\/\/www.yeryuzundebirkacadim.com\/wp-content\/uploads\/2017\/02\/d-2016-04-24-ayla-album-2016-2016-07-01-iskandina-96.jpeg 1599w, https:\/\/www.yeryuzundebirkacadim.com\/wp-content\/uploads\/2017\/02\/d-2016-04-24-ayla-album-2016-2016-07-01-iskandina-96-300x200.jpeg 300w, https:\/\/www.yeryuzundebirkacadim.com\/wp-content\/uploads\/2017\/02\/d-2016-04-24-ayla-album-2016-2016-07-01-iskandina-96-768x512.jpeg 768w, https:\/\/www.yeryuzundebirkacadim.com\/wp-content\/uploads\/2017\/02\/d-2016-04-24-ayla-album-2016-2016-07-01-iskandina-96-1024x683.jpeg 1024w, https:\/\/www.yeryuzundebirkacadim.com\/wp-content\/uploads\/2017\/02\/d-2016-04-24-ayla-album-2016-2016-07-01-iskandina-96-816x544.jpeg 816w\" sizes=\"auto, (max-width: 1599px) 100vw, 1599px\" \/><\/p>\n<p>13:10\u2019da Flam\u2019 var\u0131yoruz. Buradaki \u00f6\u011fle yeme\u011fi molas\u0131ndan sonra otob\u00fcsle giderken yolda Sagne fiyordunun bir kolunu daha g\u00f6rmek i\u00e7in duruyoruz.<\/p>\n<p><img loading=\"lazy\" decoding=\"async\" width=\"1599\" height=\"899\" class=\"wp-image-930\" src=\"https:\/\/www.yeryuzundebirkacadim.com\/wp-content\/uploads\/2017\/02\/d-2016-04-24-ayla-album-2016-2016-07-01-iskandina-97.jpeg\" alt=\"D:\\2016-04-24-Ayla\\album-2016\\2016-07-01-iskandinavya\\20160706_151040.jpg\" srcset=\"https:\/\/www.yeryuzundebirkacadim.com\/wp-content\/uploads\/2017\/02\/d-2016-04-24-ayla-album-2016-2016-07-01-iskandina-97.jpeg 1599w, https:\/\/www.yeryuzundebirkacadim.com\/wp-content\/uploads\/2017\/02\/d-2016-04-24-ayla-album-2016-2016-07-01-iskandina-97-300x169.jpeg 300w, https:\/\/www.yeryuzundebirkacadim.com\/wp-content\/uploads\/2017\/02\/d-2016-04-24-ayla-album-2016-2016-07-01-iskandina-97-768x432.jpeg 768w, https:\/\/www.yeryuzundebirkacadim.com\/wp-content\/uploads\/2017\/02\/d-2016-04-24-ayla-album-2016-2016-07-01-iskandina-97-1024x576.jpeg 1024w, https:\/\/www.yeryuzundebirkacadim.com\/wp-content\/uploads\/2017\/02\/d-2016-04-24-ayla-album-2016-2016-07-01-iskandina-97-816x459.jpeg 816w\" sizes=\"auto, (max-width: 1599px) 100vw, 1599px\" \/><\/p>\n<p>G\u00fcn\u00fcm\u00fcz otob\u00fcste ge\u00e7iyor. 20:10\u2019da Oslo\u2019daki Quality 33 Hotele var\u0131yoruz. Yerle\u015ftikten sonra metro ile \u015fehre inip deniz k\u0131y\u0131s\u0131na do\u011fru biraz y\u00fcr\u00fcd\u00fck. \u015eehrin gece halini g\u00f6rd\u00fck.<\/p>\n<p>Karl Johans caddesi.<\/p>\n<p><img loading=\"lazy\" decoding=\"async\" width=\"1599\" height=\"899\" class=\"wp-image-931\" src=\"https:\/\/www.yeryuzundebirkacadim.com\/wp-content\/uploads\/2017\/02\/d-2016-04-24-ayla-album-2016-2016-07-01-iskandina-98.jpeg\" alt=\"D:\\2016-04-24-Ayla\\album-2016\\2016-07-01-iskandinavya\\2016-07-06-oslo\\20160706_223516.jpg\" srcset=\"https:\/\/www.yeryuzundebirkacadim.com\/wp-content\/uploads\/2017\/02\/d-2016-04-24-ayla-album-2016-2016-07-01-iskandina-98.jpeg 1599w, https:\/\/www.yeryuzundebirkacadim.com\/wp-content\/uploads\/2017\/02\/d-2016-04-24-ayla-album-2016-2016-07-01-iskandina-98-300x169.jpeg 300w, https:\/\/www.yeryuzundebirkacadim.com\/wp-content\/uploads\/2017\/02\/d-2016-04-24-ayla-album-2016-2016-07-01-iskandina-98-768x432.jpeg 768w, https:\/\/www.yeryuzundebirkacadim.com\/wp-content\/uploads\/2017\/02\/d-2016-04-24-ayla-album-2016-2016-07-01-iskandina-98-1024x576.jpeg 1024w, https:\/\/www.yeryuzundebirkacadim.com\/wp-content\/uploads\/2017\/02\/d-2016-04-24-ayla-album-2016-2016-07-01-iskandina-98-816x459.jpeg 816w\" sizes=\"auto, (max-width: 1599px) 100vw, 1599px\" \/><\/p>\n<p>Ahh beyaz geceler. Saat 23:00.<\/p>\n<p><img loading=\"lazy\" decoding=\"async\" width=\"1599\" height=\"1066\" class=\"wp-image-932\" src=\"https:\/\/www.yeryuzundebirkacadim.com\/wp-content\/uploads\/2017\/02\/d-2016-04-24-ayla-album-2016-2016-07-01-iskandina-99.jpeg\" alt=\"D:\\2016-04-24-Ayla\\album-2016\\2016-07-01-iskandinavya\\2016-07-06-oslo\\IMG_5511.JPG\" srcset=\"https:\/\/www.yeryuzundebirkacadim.com\/wp-content\/uploads\/2017\/02\/d-2016-04-24-ayla-album-2016-2016-07-01-iskandina-99.jpeg 1599w, https:\/\/www.yeryuzundebirkacadim.com\/wp-content\/uploads\/2017\/02\/d-2016-04-24-ayla-album-2016-2016-07-01-iskandina-99-300x200.jpeg 300w, https:\/\/www.yeryuzundebirkacadim.com\/wp-content\/uploads\/2017\/02\/d-2016-04-24-ayla-album-2016-2016-07-01-iskandina-99-768x512.jpeg 768w, https:\/\/www.yeryuzundebirkacadim.com\/wp-content\/uploads\/2017\/02\/d-2016-04-24-ayla-album-2016-2016-07-01-iskandina-99-1024x683.jpeg 1024w, https:\/\/www.yeryuzundebirkacadim.com\/wp-content\/uploads\/2017\/02\/d-2016-04-24-ayla-album-2016-2016-07-01-iskandina-99-816x544.jpeg 816w\" sizes=\"auto, (max-width: 1599px) 100vw, 1599px\" \/><\/p>\n<p><strong>Parlamento Binas\u0131<\/strong><\/p>\n<p><img loading=\"lazy\" decoding=\"async\" width=\"1599\" height=\"1066\" class=\"wp-image-934\" src=\"https:\/\/www.yeryuzundebirkacadim.com\/wp-content\/uploads\/2017\/02\/d-2016-04-24-ayla-album-2016-2016-07-01-iskandina-101.jpeg\" alt=\"D:\\2016-04-24-Ayla\\album-2016\\2016-07-01-iskandinavya\\2016-07-06-oslo\\IMG_5500.JPG\" srcset=\"https:\/\/www.yeryuzundebirkacadim.com\/wp-content\/uploads\/2017\/02\/d-2016-04-24-ayla-album-2016-2016-07-01-iskandina-101.jpeg 1599w, https:\/\/www.yeryuzundebirkacadim.com\/wp-content\/uploads\/2017\/02\/d-2016-04-24-ayla-album-2016-2016-07-01-iskandina-101-300x200.jpeg 300w, https:\/\/www.yeryuzundebirkacadim.com\/wp-content\/uploads\/2017\/02\/d-2016-04-24-ayla-album-2016-2016-07-01-iskandina-101-768x512.jpeg 768w, https:\/\/www.yeryuzundebirkacadim.com\/wp-content\/uploads\/2017\/02\/d-2016-04-24-ayla-album-2016-2016-07-01-iskandina-101-1024x683.jpeg 1024w, https:\/\/www.yeryuzundebirkacadim.com\/wp-content\/uploads\/2017\/02\/d-2016-04-24-ayla-album-2016-2016-07-01-iskandina-101-816x544.jpeg 816w\" sizes=\"auto, (max-width: 1599px) 100vw, 1599px\" \/><\/p>\n<p>Gece kul\u00fcpleri \u00f6n\u00fcnde s\u0131ra bekleyen gen\u00e7ler.<\/p>\n<p><img loading=\"lazy\" decoding=\"async\" width=\"1599\" height=\"1066\" class=\"wp-image-935\" src=\"https:\/\/www.yeryuzundebirkacadim.com\/wp-content\/uploads\/2017\/02\/d-2016-04-24-ayla-album-2016-2016-07-01-iskandina-102.jpeg\" alt=\"D:\\2016-04-24-Ayla\\album-2016\\2016-07-01-iskandinavya\\2016-07-06-oslo\\IMG_5525.JPG\" srcset=\"https:\/\/www.yeryuzundebirkacadim.com\/wp-content\/uploads\/2017\/02\/d-2016-04-24-ayla-album-2016-2016-07-01-iskandina-102.jpeg 1599w, https:\/\/www.yeryuzundebirkacadim.com\/wp-content\/uploads\/2017\/02\/d-2016-04-24-ayla-album-2016-2016-07-01-iskandina-102-300x200.jpeg 300w, https:\/\/www.yeryuzundebirkacadim.com\/wp-content\/uploads\/2017\/02\/d-2016-04-24-ayla-album-2016-2016-07-01-iskandina-102-768x512.jpeg 768w, https:\/\/www.yeryuzundebirkacadim.com\/wp-content\/uploads\/2017\/02\/d-2016-04-24-ayla-album-2016-2016-07-01-iskandina-102-1024x683.jpeg 1024w, https:\/\/www.yeryuzundebirkacadim.com\/wp-content\/uploads\/2017\/02\/d-2016-04-24-ayla-album-2016-2016-07-01-iskandina-102-816x544.jpeg 816w\" sizes=\"auto, (max-width: 1599px) 100vw, 1599px\" \/><\/p>\n<p>Sahilde y\u00fcr\u00fcrken <strong>Nobel Bar\u0131\u015f \u00d6d\u00fcl\u00fc Merkezi<\/strong>\u2019ni g\u00f6r\u00fcyoruz. 1872\u2019de tren istasyonu olarak yap\u0131lm\u0131\u015f. 2005\u2019te Norve\u00e7 Kral\u0131 taraf\u0131ndan Nobel Bar\u0131\u015f \u00d6d\u00fcl\u00fc Merkezi olarak d\u00fczenlenmi\u015f. Fizik, kimya, t\u0131p ve fizyoloji, edebiyat \u00f6d\u00fclleri Stockholm\/\u0130sve\u00e7\u2019te verilirken, Nobel Bar\u0131\u015f \u00d6d\u00fcl\u00fc Alfred Nobel\u2019in vasiyeti gere\u011fi her sene 10 aral\u0131kta Norve\u00e7\u2019te veriliyor.<\/p>\n<p><img loading=\"lazy\" decoding=\"async\" width=\"1599\" height=\"1066\" class=\"wp-image-936\" src=\"https:\/\/www.yeryuzundebirkacadim.com\/wp-content\/uploads\/2017\/02\/d-2016-04-24-ayla-album-2016-2016-07-01-iskandina-103.jpeg\" alt=\"D:\\2016-04-24-Ayla\\album-2016\\2016-07-01-iskandinavya\\2016-07-06-oslo\\IMG_5532.JPG\" srcset=\"https:\/\/www.yeryuzundebirkacadim.com\/wp-content\/uploads\/2017\/02\/d-2016-04-24-ayla-album-2016-2016-07-01-iskandina-103.jpeg 1599w, https:\/\/www.yeryuzundebirkacadim.com\/wp-content\/uploads\/2017\/02\/d-2016-04-24-ayla-album-2016-2016-07-01-iskandina-103-300x200.jpeg 300w, https:\/\/www.yeryuzundebirkacadim.com\/wp-content\/uploads\/2017\/02\/d-2016-04-24-ayla-album-2016-2016-07-01-iskandina-103-768x512.jpeg 768w, https:\/\/www.yeryuzundebirkacadim.com\/wp-content\/uploads\/2017\/02\/d-2016-04-24-ayla-album-2016-2016-07-01-iskandina-103-1024x683.jpeg 1024w, https:\/\/www.yeryuzundebirkacadim.com\/wp-content\/uploads\/2017\/02\/d-2016-04-24-ayla-album-2016-2016-07-01-iskandina-103-816x544.jpeg 816w\" sizes=\"auto, (max-width: 1599px) 100vw, 1599px\" \/><\/p>\n<p><strong>7. G\u00dcN: 7 TEMMUZ 2016 PER\u015eEMBE<\/strong><\/p>\n<p>Bu sabah ilk i\u015f olarak Vigeland Parka gidiyoruz.<\/p>\n<p><strong>Vigeland Heykel M\u00fczesi<\/strong><\/p>\n<p>Gustav Vigeland (1869-1943) bir heykeltra\u015f. Oslo valisi kendisine \u00e7al\u0131\u015fmas\u0131 i\u00e7in yer verip finanse ediyor. O da kar\u015f\u0131l\u0131\u011f\u0131nda yapt\u0131\u011f\u0131 heykelleri \u015fehre ba\u011f\u0131\u015fl\u0131yor. Heykellerini yerle\u015ftirmek i\u00e7in Frogner Park\u0131\u2019n\u0131 se\u00e7iyor.<\/p>\n<p>Burada 214 granit ve bronzdan yap\u0131lm\u0131\u015f heykel var. Asistanlar\u0131 ile birlikte 10 y\u0131lda tamamlanm\u0131\u015f.<\/p>\n<p>Heykellerin hepsi \u00e7\u0131plak. Nedeni d\u00fcnyaya \u00e7\u0131plak geldik \u00e7\u0131plak gidicez.<\/p>\n<p>Tan\u0131t\u0131m bro\u015f\u00fcr\u00fcnde park\u0131n temas\u0131 \u015fu: Be\u015fikten mezara; insan ya\u015fam\u0131 a\u015fk, keder, umut, hayal ve edebiyat arzusundan ge\u00e7en bir yolculuktur.<\/p>\n<p>Park m\u00fczeye girdikten sonra kar\u015f\u0131m\u0131za; kad\u0131n, erkek ve \u00e7ocuklar\u0131n bir \u00e7elenk \u015feklinde birbirlerine tutundu\u011fu \u201c<strong>Ya\u015fam D\u00f6ng\u00fcs\u00fc<\/strong>\u201d heykeli \u00e7\u0131k\u0131yor. Sonsuz bir d\u00f6ng\u00fc. Ayn\u0131 zamanda \u201ctohum\u201du sembolize ediyormu\u015f.<\/p>\n<p><img loading=\"lazy\" decoding=\"async\" width=\"1599\" height=\"1066\" class=\"wp-image-937\" src=\"https:\/\/www.yeryuzundebirkacadim.com\/wp-content\/uploads\/2017\/02\/d-2016-04-24-ayla-album-2016-2016-07-01-iskandina-104.jpeg\" alt=\"D:\\2016-04-24-Ayla\\album-2016\\2016-07-01-iskandinavya\\2016-07-06-oslo\\IMG_5541.JPG\" srcset=\"https:\/\/www.yeryuzundebirkacadim.com\/wp-content\/uploads\/2017\/02\/d-2016-04-24-ayla-album-2016-2016-07-01-iskandina-104.jpeg 1599w, https:\/\/www.yeryuzundebirkacadim.com\/wp-content\/uploads\/2017\/02\/d-2016-04-24-ayla-album-2016-2016-07-01-iskandina-104-300x200.jpeg 300w, https:\/\/www.yeryuzundebirkacadim.com\/wp-content\/uploads\/2017\/02\/d-2016-04-24-ayla-album-2016-2016-07-01-iskandina-104-768x512.jpeg 768w, https:\/\/www.yeryuzundebirkacadim.com\/wp-content\/uploads\/2017\/02\/d-2016-04-24-ayla-album-2016-2016-07-01-iskandina-104-1024x683.jpeg 1024w, https:\/\/www.yeryuzundebirkacadim.com\/wp-content\/uploads\/2017\/02\/d-2016-04-24-ayla-album-2016-2016-07-01-iskandina-104-816x544.jpeg 816w\" sizes=\"auto, (max-width: 1599px) 100vw, 1599px\" \/><\/p>\n<p>G\u00fcne\u015f saati alt\u0131ndaki kaidede \u201c<strong>Bur\u00e7lar<\/strong>\u201d bulunuyor. \u201cDo\u011furganl\u0131\u011f\u0131\u201d sembolize ediyormu\u015f.<\/p>\n<p><img loading=\"lazy\" decoding=\"async\" width=\"1599\" height=\"1066\" class=\"wp-image-938\" src=\"https:\/\/www.yeryuzundebirkacadim.com\/wp-content\/uploads\/2017\/02\/d-2016-04-24-ayla-album-2016-2016-07-01-iskandina-105.jpeg\" alt=\"D:\\2016-04-24-Ayla\\album-2016\\2016-07-01-iskandinavya\\2016-07-06-oslo\\IMG_5544.JPG\" srcset=\"https:\/\/www.yeryuzundebirkacadim.com\/wp-content\/uploads\/2017\/02\/d-2016-04-24-ayla-album-2016-2016-07-01-iskandina-105.jpeg 1599w, https:\/\/www.yeryuzundebirkacadim.com\/wp-content\/uploads\/2017\/02\/d-2016-04-24-ayla-album-2016-2016-07-01-iskandina-105-300x200.jpeg 300w, https:\/\/www.yeryuzundebirkacadim.com\/wp-content\/uploads\/2017\/02\/d-2016-04-24-ayla-album-2016-2016-07-01-iskandina-105-768x512.jpeg 768w, https:\/\/www.yeryuzundebirkacadim.com\/wp-content\/uploads\/2017\/02\/d-2016-04-24-ayla-album-2016-2016-07-01-iskandina-105-1024x683.jpeg 1024w, https:\/\/www.yeryuzundebirkacadim.com\/wp-content\/uploads\/2017\/02\/d-2016-04-24-ayla-album-2016-2016-07-01-iskandina-105-816x544.jpeg 816w\" sizes=\"auto, (max-width: 1599px) 100vw, 1599px\" \/><\/p>\n<p><img loading=\"lazy\" decoding=\"async\" width=\"1599\" height=\"1066\" class=\"wp-image-939\" src=\"https:\/\/www.yeryuzundebirkacadim.com\/wp-content\/uploads\/2017\/02\/d-2016-04-24-ayla-album-2016-2016-07-01-iskandina-106.jpeg\" alt=\"D:\\2016-04-24-Ayla\\album-2016\\2016-07-01-iskandinavya\\2016-07-06-oslo\\IMG_5540.JPG\" srcset=\"https:\/\/www.yeryuzundebirkacadim.com\/wp-content\/uploads\/2017\/02\/d-2016-04-24-ayla-album-2016-2016-07-01-iskandina-106.jpeg 1599w, https:\/\/www.yeryuzundebirkacadim.com\/wp-content\/uploads\/2017\/02\/d-2016-04-24-ayla-album-2016-2016-07-01-iskandina-106-300x200.jpeg 300w, https:\/\/www.yeryuzundebirkacadim.com\/wp-content\/uploads\/2017\/02\/d-2016-04-24-ayla-album-2016-2016-07-01-iskandina-106-768x512.jpeg 768w, https:\/\/www.yeryuzundebirkacadim.com\/wp-content\/uploads\/2017\/02\/d-2016-04-24-ayla-album-2016-2016-07-01-iskandina-106-1024x683.jpeg 1024w, https:\/\/www.yeryuzundebirkacadim.com\/wp-content\/uploads\/2017\/02\/d-2016-04-24-ayla-album-2016-2016-07-01-iskandina-106-816x544.jpeg 816w\" sizes=\"auto, (max-width: 1599px) 100vw, 1599px\" \/><\/p>\n<p>Dairesel merdivenlerle ortada ana heykel \u201c<strong>S\u00fctun<\/strong>\u201da \u00e7\u0131k\u0131yoruz. Monolit de denen 17 metre boyunda 18 tonluk s\u00fctun buraya getirilmi\u015f ve oyma i\u015flemesi buraya yerle\u015ftirildikten sonra yap\u0131lm\u0131\u015f. 121 tane insan bedeni i\u015flenmi\u015f.<\/p>\n<p>Ana s\u00fctunun \u00e7evresinde de hayat\u0131n de\u011fi\u015fik evrelerinin anlat\u0131ld\u0131\u011f\u0131 heykeller bulunuyor.<\/p>\n<p><img loading=\"lazy\" decoding=\"async\" width=\"1599\" height=\"1066\" class=\"wp-image-943\" src=\"https:\/\/www.yeryuzundebirkacadim.com\/wp-content\/uploads\/2017\/02\/d-2016-04-24-ayla-album-2016-2016-07-01-iskandina-110.jpeg\" alt=\"D:\\2016-04-24-Ayla\\album-2016\\2016-07-01-iskandinavya\\2016-07-06-oslo\\IMG_5574.JPG\" srcset=\"https:\/\/www.yeryuzundebirkacadim.com\/wp-content\/uploads\/2017\/02\/d-2016-04-24-ayla-album-2016-2016-07-01-iskandina-110.jpeg 1599w, https:\/\/www.yeryuzundebirkacadim.com\/wp-content\/uploads\/2017\/02\/d-2016-04-24-ayla-album-2016-2016-07-01-iskandina-110-300x200.jpeg 300w, https:\/\/www.yeryuzundebirkacadim.com\/wp-content\/uploads\/2017\/02\/d-2016-04-24-ayla-album-2016-2016-07-01-iskandina-110-768x512.jpeg 768w, https:\/\/www.yeryuzundebirkacadim.com\/wp-content\/uploads\/2017\/02\/d-2016-04-24-ayla-album-2016-2016-07-01-iskandina-110-1024x683.jpeg 1024w, https:\/\/www.yeryuzundebirkacadim.com\/wp-content\/uploads\/2017\/02\/d-2016-04-24-ayla-album-2016-2016-07-01-iskandina-110-816x544.jpeg 816w\" sizes=\"auto, (max-width: 1599px) 100vw, 1599px\" \/><\/p>\n<p>O\u011fluna \u00f6\u011f\u00fct veren, onun kederini payla\u015fan baba.<\/p>\n<p><img loading=\"lazy\" decoding=\"async\" width=\"1599\" height=\"1066\" class=\"wp-image-944\" src=\"https:\/\/www.yeryuzundebirkacadim.com\/wp-content\/uploads\/2017\/02\/d-2016-04-24-ayla-album-2016-2016-07-01-iskandina-111.jpeg\" alt=\"D:\\2016-04-24-Ayla\\album-2016\\2016-07-01-iskandinavya\\2016-07-06-oslo\\IMG_5553.JPG\" srcset=\"https:\/\/www.yeryuzundebirkacadim.com\/wp-content\/uploads\/2017\/02\/d-2016-04-24-ayla-album-2016-2016-07-01-iskandina-111.jpeg 1599w, https:\/\/www.yeryuzundebirkacadim.com\/wp-content\/uploads\/2017\/02\/d-2016-04-24-ayla-album-2016-2016-07-01-iskandina-111-300x200.jpeg 300w, https:\/\/www.yeryuzundebirkacadim.com\/wp-content\/uploads\/2017\/02\/d-2016-04-24-ayla-album-2016-2016-07-01-iskandina-111-768x512.jpeg 768w, https:\/\/www.yeryuzundebirkacadim.com\/wp-content\/uploads\/2017\/02\/d-2016-04-24-ayla-album-2016-2016-07-01-iskandina-111-1024x683.jpeg 1024w, https:\/\/www.yeryuzundebirkacadim.com\/wp-content\/uploads\/2017\/02\/d-2016-04-24-ayla-album-2016-2016-07-01-iskandina-111-816x544.jpeg 816w\" sizes=\"auto, (max-width: 1599px) 100vw, 1599px\" \/><\/p>\n<p>Anne \u00e7ocuklar\u0131 ile oynuyor. Arkada ise dede torunuyla oynuyor.<\/p>\n<p>Ya\u015fl\u0131lar \u00fczerinde de \u00e7ok vurgu yap\u0131lm\u0131\u015f. \u0130nsani duygular\u0131 hat\u0131rlat\u0131p, sevgi, yard\u0131mla\u015fma, \u015fefkat duygular\u0131 \u00f6n planda g\u00f6sterilmi\u015f.<\/p>\n<p>Merdivenlerin di\u011fer taraf\u0131ndan iniyoruz.<\/p>\n<p><strong>\u201cYa\u015fam P\u0131nar\u0131<\/strong>\u201d heykeli. Bir havuzun i\u00e7inde, \u00fczerinden sular\u0131n akt\u0131\u011f\u0131 bir ta\u015f\u0131 ba\u015flar\u0131n\u0131n \u00fcst\u00fcnde ta\u015f\u0131yan 6 erkek heykeli. Erke\u011fin sorumluluklar\u0131n\u0131 simgeliyor. Hayat\u0131n y\u00fck\u00fcn\u00fc ta\u015f\u0131yan bu farkl\u0131 erkekler birbirlerine yard\u0131m ediyor. Ezilmelerine izin vermiyorlar. \u00c7evrede de benzer \u015fekilde \u00fczerlerinde a\u011fa\u00e7 heykelleri ta\u015f\u0131yan insanlar resmedilmi\u015f. Havuzun duvarlar\u0131na hayat evreleri ile ilgili kabartmalar yer al\u0131yor.<\/p>\n<p><img loading=\"lazy\" decoding=\"async\" width=\"1599\" height=\"1066\" class=\"wp-image-948\" src=\"https:\/\/www.yeryuzundebirkacadim.com\/wp-content\/uploads\/2017\/02\/d-2016-04-24-ayla-album-2016-2016-07-01-iskandina-115.jpeg\" alt=\"D:\\2016-04-24-Ayla\\album-2016\\2016-07-01-iskandinavya\\2016-07-06-oslo\\IMG_5612.JPG\" srcset=\"https:\/\/www.yeryuzundebirkacadim.com\/wp-content\/uploads\/2017\/02\/d-2016-04-24-ayla-album-2016-2016-07-01-iskandina-115.jpeg 1599w, https:\/\/www.yeryuzundebirkacadim.com\/wp-content\/uploads\/2017\/02\/d-2016-04-24-ayla-album-2016-2016-07-01-iskandina-115-300x200.jpeg 300w, https:\/\/www.yeryuzundebirkacadim.com\/wp-content\/uploads\/2017\/02\/d-2016-04-24-ayla-album-2016-2016-07-01-iskandina-115-768x512.jpeg 768w, https:\/\/www.yeryuzundebirkacadim.com\/wp-content\/uploads\/2017\/02\/d-2016-04-24-ayla-album-2016-2016-07-01-iskandina-115-1024x683.jpeg 1024w, https:\/\/www.yeryuzundebirkacadim.com\/wp-content\/uploads\/2017\/02\/d-2016-04-24-ayla-album-2016-2016-07-01-iskandina-115-816x544.jpeg 816w\" sizes=\"auto, (max-width: 1599px) 100vw, 1599px\" \/><\/p>\n<p><img loading=\"lazy\" decoding=\"async\" width=\"1599\" height=\"1066\" class=\"wp-image-949\" src=\"https:\/\/www.yeryuzundebirkacadim.com\/wp-content\/uploads\/2017\/02\/d-2016-04-24-ayla-album-2016-2016-07-01-iskandina-116.jpeg\" alt=\"D:\\2016-04-24-Ayla\\album-2016\\2016-07-01-iskandinavya\\2016-07-06-oslo\\IMG_5625.JPG\" srcset=\"https:\/\/www.yeryuzundebirkacadim.com\/wp-content\/uploads\/2017\/02\/d-2016-04-24-ayla-album-2016-2016-07-01-iskandina-116.jpeg 1599w, https:\/\/www.yeryuzundebirkacadim.com\/wp-content\/uploads\/2017\/02\/d-2016-04-24-ayla-album-2016-2016-07-01-iskandina-116-300x200.jpeg 300w, https:\/\/www.yeryuzundebirkacadim.com\/wp-content\/uploads\/2017\/02\/d-2016-04-24-ayla-album-2016-2016-07-01-iskandina-116-768x512.jpeg 768w, https:\/\/www.yeryuzundebirkacadim.com\/wp-content\/uploads\/2017\/02\/d-2016-04-24-ayla-album-2016-2016-07-01-iskandina-116-1024x683.jpeg 1024w, https:\/\/www.yeryuzundebirkacadim.com\/wp-content\/uploads\/2017\/02\/d-2016-04-24-ayla-album-2016-2016-07-01-iskandina-116-816x544.jpeg 816w\" sizes=\"auto, (max-width: 1599px) 100vw, 1599px\" \/><\/p>\n<p>K\u00f6pr\u00fcden \u00f6nceki b\u00f6l\u00fcmde ise \u201c\u00f6l\u00fcm korkusu\u201d temas\u0131 \u00fczerinde durulmu\u015f. Ejderha k\u00f6t\u00fc duygular\u0131 ve \u00f6l\u00fcm\u00fc simgeliyor.<\/p>\n<p><img loading=\"lazy\" decoding=\"async\" width=\"1599\" height=\"1066\" class=\"wp-image-950\" src=\"https:\/\/www.yeryuzundebirkacadim.com\/wp-content\/uploads\/2017\/02\/d-2016-04-24-ayla-album-2016-2016-07-01-iskandina-117.jpeg\" alt=\"D:\\2016-04-24-Ayla\\album-2016\\2016-07-01-iskandinavya\\2016-07-06-oslo\\IMG_5627.JPG\" srcset=\"https:\/\/www.yeryuzundebirkacadim.com\/wp-content\/uploads\/2017\/02\/d-2016-04-24-ayla-album-2016-2016-07-01-iskandina-117.jpeg 1599w, https:\/\/www.yeryuzundebirkacadim.com\/wp-content\/uploads\/2017\/02\/d-2016-04-24-ayla-album-2016-2016-07-01-iskandina-117-300x200.jpeg 300w, https:\/\/www.yeryuzundebirkacadim.com\/wp-content\/uploads\/2017\/02\/d-2016-04-24-ayla-album-2016-2016-07-01-iskandina-117-768x512.jpeg 768w, https:\/\/www.yeryuzundebirkacadim.com\/wp-content\/uploads\/2017\/02\/d-2016-04-24-ayla-album-2016-2016-07-01-iskandina-117-1024x683.jpeg 1024w, https:\/\/www.yeryuzundebirkacadim.com\/wp-content\/uploads\/2017\/02\/d-2016-04-24-ayla-album-2016-2016-07-01-iskandina-117-816x544.jpeg 816w\" sizes=\"auto, (max-width: 1599px) 100vw, 1599px\" \/><\/p>\n<p>Ard\u0131ndan <strong>\u201cK\u00f6pr\u00fc\u201d<\/strong> b\u00f6l\u00fcm\u00fcne geliyoruz.<\/p>\n<p>\u201cA\u011flayan \u00c7ocuk Heykeli\u201d. M\u00fczenin en me\u015fhur heykellerinden. Gelen herkes sol elini ovalad\u0131\u011f\u0131 i\u00e7in heykelin eli p\u0131r\u0131l p\u0131r\u0131l parl\u0131yor.<\/p>\n<p><img loading=\"lazy\" decoding=\"async\" width=\"1599\" height=\"1066\" class=\"wp-image-951\" src=\"https:\/\/www.yeryuzundebirkacadim.com\/wp-content\/uploads\/2017\/02\/d-2016-04-24-ayla-album-2016-2016-07-01-iskandina-118.jpeg\" alt=\"D:\\2016-04-24-Ayla\\album-2016\\2016-07-01-iskandinavya\\2016-07-06-oslo\\IMG_5634.JPG\" srcset=\"https:\/\/www.yeryuzundebirkacadim.com\/wp-content\/uploads\/2017\/02\/d-2016-04-24-ayla-album-2016-2016-07-01-iskandina-118.jpeg 1599w, https:\/\/www.yeryuzundebirkacadim.com\/wp-content\/uploads\/2017\/02\/d-2016-04-24-ayla-album-2016-2016-07-01-iskandina-118-300x200.jpeg 300w, https:\/\/www.yeryuzundebirkacadim.com\/wp-content\/uploads\/2017\/02\/d-2016-04-24-ayla-album-2016-2016-07-01-iskandina-118-768x512.jpeg 768w, https:\/\/www.yeryuzundebirkacadim.com\/wp-content\/uploads\/2017\/02\/d-2016-04-24-ayla-album-2016-2016-07-01-iskandina-118-1024x683.jpeg 1024w, https:\/\/www.yeryuzundebirkacadim.com\/wp-content\/uploads\/2017\/02\/d-2016-04-24-ayla-album-2016-2016-07-01-iskandina-118-816x544.jpeg 816w\" sizes=\"auto, (max-width: 1599px) 100vw, 1599px\" \/><\/p>\n<p>Sa\u011fl\u0131 sollu heykeller e\u015fli\u011finde m\u00fczeden \u00e7\u0131k\u0131yoruz.<\/p>\n<p><img loading=\"lazy\" decoding=\"async\" width=\"1599\" height=\"1066\" class=\"wp-image-952\" src=\"https:\/\/www.yeryuzundebirkacadim.com\/wp-content\/uploads\/2017\/02\/d-2016-04-24-ayla-album-2016-2016-07-01-iskandina-119.jpeg\" alt=\"D:\\2016-04-24-Ayla\\album-2016\\2016-07-01-iskandinavya\\2016-07-06-oslo\\IMG_5623.JPG\" srcset=\"https:\/\/www.yeryuzundebirkacadim.com\/wp-content\/uploads\/2017\/02\/d-2016-04-24-ayla-album-2016-2016-07-01-iskandina-119.jpeg 1599w, https:\/\/www.yeryuzundebirkacadim.com\/wp-content\/uploads\/2017\/02\/d-2016-04-24-ayla-album-2016-2016-07-01-iskandina-119-300x200.jpeg 300w, https:\/\/www.yeryuzundebirkacadim.com\/wp-content\/uploads\/2017\/02\/d-2016-04-24-ayla-album-2016-2016-07-01-iskandina-119-768x512.jpeg 768w, https:\/\/www.yeryuzundebirkacadim.com\/wp-content\/uploads\/2017\/02\/d-2016-04-24-ayla-album-2016-2016-07-01-iskandina-119-1024x683.jpeg 1024w, https:\/\/www.yeryuzundebirkacadim.com\/wp-content\/uploads\/2017\/02\/d-2016-04-24-ayla-album-2016-2016-07-01-iskandina-119-816x544.jpeg 816w\" sizes=\"auto, (max-width: 1599px) 100vw, 1599px\" \/><\/p>\n<p>M\u00fcze \u00e7\u0131k\u0131\u015f\u0131 \u015fehirde turluyoruz. Karl Johans caddesine gidiyoruz yine.<\/p>\n<p><img loading=\"lazy\" decoding=\"async\" width=\"1599\" height=\"1066\" class=\"wp-image-953\" src=\"https:\/\/www.yeryuzundebirkacadim.com\/wp-content\/uploads\/2017\/02\/d-2016-04-24-ayla-album-2016-2016-07-01-iskandina-120.jpeg\" alt=\"D:\\2016-04-24-Ayla\\album-2016\\2016-07-01-iskandinavya\\2016-07-06-oslo\\IMG_5689.JPG\" srcset=\"https:\/\/www.yeryuzundebirkacadim.com\/wp-content\/uploads\/2017\/02\/d-2016-04-24-ayla-album-2016-2016-07-01-iskandina-120.jpeg 1599w, https:\/\/www.yeryuzundebirkacadim.com\/wp-content\/uploads\/2017\/02\/d-2016-04-24-ayla-album-2016-2016-07-01-iskandina-120-300x200.jpeg 300w, https:\/\/www.yeryuzundebirkacadim.com\/wp-content\/uploads\/2017\/02\/d-2016-04-24-ayla-album-2016-2016-07-01-iskandina-120-768x512.jpeg 768w, https:\/\/www.yeryuzundebirkacadim.com\/wp-content\/uploads\/2017\/02\/d-2016-04-24-ayla-album-2016-2016-07-01-iskandina-120-1024x683.jpeg 1024w, https:\/\/www.yeryuzundebirkacadim.com\/wp-content\/uploads\/2017\/02\/d-2016-04-24-ayla-album-2016-2016-07-01-iskandina-120-816x544.jpeg 816w\" sizes=\"auto, (max-width: 1599px) 100vw, 1599px\" \/><\/p>\n<p>Parlamento binas\u0131n\u0131 ge\u00e7erek Kraliyet saray\u0131na do\u011fru ilerlerken solda Ulusal Tiyatro\u2019yu g\u00f6r\u00fcyoruz.<\/p>\n<p><img loading=\"lazy\" decoding=\"async\" width=\"1599\" height=\"1066\" class=\"wp-image-954\" src=\"https:\/\/www.yeryuzundebirkacadim.com\/wp-content\/uploads\/2017\/02\/d-2016-04-24-ayla-album-2016-2016-07-01-iskandina-121.jpeg\" alt=\"D:\\2016-04-24-Ayla\\album-2016\\2016-07-01-iskandinavya\\2016-07-06-oslo\\IMG_5705.JPG\" srcset=\"https:\/\/www.yeryuzundebirkacadim.com\/wp-content\/uploads\/2017\/02\/d-2016-04-24-ayla-album-2016-2016-07-01-iskandina-121.jpeg 1599w, https:\/\/www.yeryuzundebirkacadim.com\/wp-content\/uploads\/2017\/02\/d-2016-04-24-ayla-album-2016-2016-07-01-iskandina-121-300x200.jpeg 300w, https:\/\/www.yeryuzundebirkacadim.com\/wp-content\/uploads\/2017\/02\/d-2016-04-24-ayla-album-2016-2016-07-01-iskandina-121-768x512.jpeg 768w, https:\/\/www.yeryuzundebirkacadim.com\/wp-content\/uploads\/2017\/02\/d-2016-04-24-ayla-album-2016-2016-07-01-iskandina-121-1024x683.jpeg 1024w, https:\/\/www.yeryuzundebirkacadim.com\/wp-content\/uploads\/2017\/02\/d-2016-04-24-ayla-album-2016-2016-07-01-iskandina-121-816x544.jpeg 816w\" sizes=\"auto, (max-width: 1599px) 100vw, 1599px\" \/><\/p>\n<p>Karl Johans caddesi bitiminde Norve\u00e7 Kraliyet Saray\u0131 var. 173 odal\u0131.<\/p>\n<p><img loading=\"lazy\" decoding=\"async\" width=\"1599\" height=\"1066\" class=\"wp-image-955\" src=\"https:\/\/www.yeryuzundebirkacadim.com\/wp-content\/uploads\/2017\/02\/d-2016-04-24-ayla-album-2016-2016-07-01-iskandina-122.jpeg\" alt=\"D:\\2016-04-24-Ayla\\album-2016\\2016-07-01-iskandinavya\\2016-07-06-oslo\\IMG_5698.JPG\" srcset=\"https:\/\/www.yeryuzundebirkacadim.com\/wp-content\/uploads\/2017\/02\/d-2016-04-24-ayla-album-2016-2016-07-01-iskandina-122.jpeg 1599w, https:\/\/www.yeryuzundebirkacadim.com\/wp-content\/uploads\/2017\/02\/d-2016-04-24-ayla-album-2016-2016-07-01-iskandina-122-300x200.jpeg 300w, https:\/\/www.yeryuzundebirkacadim.com\/wp-content\/uploads\/2017\/02\/d-2016-04-24-ayla-album-2016-2016-07-01-iskandina-122-768x512.jpeg 768w, https:\/\/www.yeryuzundebirkacadim.com\/wp-content\/uploads\/2017\/02\/d-2016-04-24-ayla-album-2016-2016-07-01-iskandina-122-1024x683.jpeg 1024w, https:\/\/www.yeryuzundebirkacadim.com\/wp-content\/uploads\/2017\/02\/d-2016-04-24-ayla-album-2016-2016-07-01-iskandina-122-816x544.jpeg 816w\" sizes=\"auto, (max-width: 1599px) 100vw, 1599px\" \/><\/p>\n<p>Bah\u00e7esinde gezinebiliyorsunuz.<\/p>\n<p>\u00d6\u011fle yeme\u011fine Hard Rock Cafe\u2019de yedikten sonra limana do\u011fru y\u00fcr\u00fcyoruz. Yol boyunca modern binalar\u0131n aras\u0131na serpi\u015ftirilmi\u015f eski \u015firin kafeler, evler \u00e7\u0131k\u0131yor kar\u015f\u0131m\u0131za.<\/p>\n<p><strong> <img loading=\"lazy\" decoding=\"async\" width=\"1599\" height=\"1066\" class=\"wp-image-956\" src=\"https:\/\/www.yeryuzundebirkacadim.com\/wp-content\/uploads\/2017\/02\/d-2016-04-24-ayla-album-2016-2016-07-01-iskandina-123.jpeg\" alt=\"D:\\2016-04-24-Ayla\\album-2016\\2016-07-01-iskandinavya\\2016-07-06-oslo\\IMG_5667.JPG\" srcset=\"https:\/\/www.yeryuzundebirkacadim.com\/wp-content\/uploads\/2017\/02\/d-2016-04-24-ayla-album-2016-2016-07-01-iskandina-123.jpeg 1599w, https:\/\/www.yeryuzundebirkacadim.com\/wp-content\/uploads\/2017\/02\/d-2016-04-24-ayla-album-2016-2016-07-01-iskandina-123-300x200.jpeg 300w, https:\/\/www.yeryuzundebirkacadim.com\/wp-content\/uploads\/2017\/02\/d-2016-04-24-ayla-album-2016-2016-07-01-iskandina-123-768x512.jpeg 768w, https:\/\/www.yeryuzundebirkacadim.com\/wp-content\/uploads\/2017\/02\/d-2016-04-24-ayla-album-2016-2016-07-01-iskandina-123-1024x683.jpeg 1024w, https:\/\/www.yeryuzundebirkacadim.com\/wp-content\/uploads\/2017\/02\/d-2016-04-24-ayla-album-2016-2016-07-01-iskandina-123-816x544.jpeg 816w\" sizes=\"auto, (max-width: 1599px) 100vw, 1599px\" \/><\/strong><\/p>\n<p><strong>Belediye Binas\u0131 (City Hall)<\/strong><\/p>\n<p><strong><img loading=\"lazy\" decoding=\"async\" width=\"1599\" height=\"1066\" class=\"wp-image-958\" src=\"https:\/\/www.yeryuzundebirkacadim.com\/wp-content\/uploads\/2017\/02\/d-2016-04-24-ayla-album-2016-2016-07-01-iskandina-125.jpeg\" alt=\"D:\\2016-04-24-Ayla\\album-2016\\2016-07-01-iskandinavya\\2016-07-06-oslo\\IMG_5706.JPG\" srcset=\"https:\/\/www.yeryuzundebirkacadim.com\/wp-content\/uploads\/2017\/02\/d-2016-04-24-ayla-album-2016-2016-07-01-iskandina-125.jpeg 1599w, https:\/\/www.yeryuzundebirkacadim.com\/wp-content\/uploads\/2017\/02\/d-2016-04-24-ayla-album-2016-2016-07-01-iskandina-125-300x200.jpeg 300w, https:\/\/www.yeryuzundebirkacadim.com\/wp-content\/uploads\/2017\/02\/d-2016-04-24-ayla-album-2016-2016-07-01-iskandina-125-768x512.jpeg 768w, https:\/\/www.yeryuzundebirkacadim.com\/wp-content\/uploads\/2017\/02\/d-2016-04-24-ayla-album-2016-2016-07-01-iskandina-125-1024x683.jpeg 1024w, https:\/\/www.yeryuzundebirkacadim.com\/wp-content\/uploads\/2017\/02\/d-2016-04-24-ayla-album-2016-2016-07-01-iskandina-125-816x544.jpeg 816w\" sizes=\"auto, (max-width: 1599px) 100vw, 1599px\" \/><\/strong><\/p>\n<p>D\u0131\u015f duvar s\u00fcslemeleri dikkat \u00e7ekici.<\/p>\n<p><strong><img loading=\"lazy\" decoding=\"async\" width=\"1599\" height=\"1066\" class=\"wp-image-960\" src=\"https:\/\/www.yeryuzundebirkacadim.com\/wp-content\/uploads\/2017\/02\/d-2016-04-24-ayla-album-2016-2016-07-01-iskandina-127.jpeg\" alt=\"D:\\2016-04-24-Ayla\\album-2016\\2016-07-01-iskandinavya\\2016-07-06-oslo\\IMG_5709.JPG\" srcset=\"https:\/\/www.yeryuzundebirkacadim.com\/wp-content\/uploads\/2017\/02\/d-2016-04-24-ayla-album-2016-2016-07-01-iskandina-127.jpeg 1599w, https:\/\/www.yeryuzundebirkacadim.com\/wp-content\/uploads\/2017\/02\/d-2016-04-24-ayla-album-2016-2016-07-01-iskandina-127-300x200.jpeg 300w, https:\/\/www.yeryuzundebirkacadim.com\/wp-content\/uploads\/2017\/02\/d-2016-04-24-ayla-album-2016-2016-07-01-iskandina-127-768x512.jpeg 768w, https:\/\/www.yeryuzundebirkacadim.com\/wp-content\/uploads\/2017\/02\/d-2016-04-24-ayla-album-2016-2016-07-01-iskandina-127-1024x683.jpeg 1024w, https:\/\/www.yeryuzundebirkacadim.com\/wp-content\/uploads\/2017\/02\/d-2016-04-24-ayla-album-2016-2016-07-01-iskandina-127-816x544.jpeg 816w\" sizes=\"auto, (max-width: 1599px) 100vw, 1599px\" \/><\/strong><\/p>\n<p>Giri\u015f kat\u0131ndaki b\u00fcy\u00fck salonu da olduk\u00e7a g\u00fczeldi.<\/p>\n<p><img loading=\"lazy\" decoding=\"async\" width=\"1599\" height=\"1066\" class=\"wp-image-961\" src=\"https:\/\/www.yeryuzundebirkacadim.com\/wp-content\/uploads\/2017\/02\/d-2016-04-24-ayla-album-2016-2016-07-01-iskandina-128.jpeg\" alt=\"D:\\2016-04-24-Ayla\\album-2016\\2016-07-01-iskandinavya\\2016-07-06-oslo\\IMG_5712.JPG\" srcset=\"https:\/\/www.yeryuzundebirkacadim.com\/wp-content\/uploads\/2017\/02\/d-2016-04-24-ayla-album-2016-2016-07-01-iskandina-128.jpeg 1599w, https:\/\/www.yeryuzundebirkacadim.com\/wp-content\/uploads\/2017\/02\/d-2016-04-24-ayla-album-2016-2016-07-01-iskandina-128-300x200.jpeg 300w, https:\/\/www.yeryuzundebirkacadim.com\/wp-content\/uploads\/2017\/02\/d-2016-04-24-ayla-album-2016-2016-07-01-iskandina-128-768x512.jpeg 768w, https:\/\/www.yeryuzundebirkacadim.com\/wp-content\/uploads\/2017\/02\/d-2016-04-24-ayla-album-2016-2016-07-01-iskandina-128-1024x683.jpeg 1024w, https:\/\/www.yeryuzundebirkacadim.com\/wp-content\/uploads\/2017\/02\/d-2016-04-24-ayla-album-2016-2016-07-01-iskandina-128-816x544.jpeg 816w\" sizes=\"auto, (max-width: 1599px) 100vw, 1599px\" \/><\/p>\n<p><img loading=\"lazy\" decoding=\"async\" width=\"1599\" height=\"1066\" class=\"wp-image-962\" src=\"https:\/\/www.yeryuzundebirkacadim.com\/wp-content\/uploads\/2017\/02\/d-2016-04-24-ayla-album-2016-2016-07-01-iskandina-129.jpeg\" alt=\"D:\\2016-04-24-Ayla\\album-2016\\2016-07-01-iskandinavya\\2016-07-06-oslo\\IMG_5713.JPG\" srcset=\"https:\/\/www.yeryuzundebirkacadim.com\/wp-content\/uploads\/2017\/02\/d-2016-04-24-ayla-album-2016-2016-07-01-iskandina-129.jpeg 1599w, https:\/\/www.yeryuzundebirkacadim.com\/wp-content\/uploads\/2017\/02\/d-2016-04-24-ayla-album-2016-2016-07-01-iskandina-129-300x200.jpeg 300w, https:\/\/www.yeryuzundebirkacadim.com\/wp-content\/uploads\/2017\/02\/d-2016-04-24-ayla-album-2016-2016-07-01-iskandina-129-768x512.jpeg 768w, https:\/\/www.yeryuzundebirkacadim.com\/wp-content\/uploads\/2017\/02\/d-2016-04-24-ayla-album-2016-2016-07-01-iskandina-129-1024x683.jpeg 1024w, https:\/\/www.yeryuzundebirkacadim.com\/wp-content\/uploads\/2017\/02\/d-2016-04-24-ayla-album-2016-2016-07-01-iskandina-129-816x544.jpeg 816w\" sizes=\"auto, (max-width: 1599px) 100vw, 1599px\" \/><\/p>\n<p>Limana indi\u011fimizde kar\u015f\u0131 tarafta g\u00f6z\u00fcken <strong>Opera Binas\u0131<\/strong>.<\/p>\n<p>Buzullardan esinlenerek yap\u0131lm\u0131\u015f.<\/p>\n<p><img loading=\"lazy\" decoding=\"async\" width=\"1599\" height=\"1066\" class=\"wp-image-963\" src=\"https:\/\/www.yeryuzundebirkacadim.com\/wp-content\/uploads\/2017\/02\/d-2016-04-24-ayla-album-2016-2016-07-01-iskandina-130.jpeg\" alt=\"D:\\2016-04-24-Ayla\\album-2016\\2016-07-01-iskandinavya\\2016-07-06-oslo\\IMG_5681.JPG\" srcset=\"https:\/\/www.yeryuzundebirkacadim.com\/wp-content\/uploads\/2017\/02\/d-2016-04-24-ayla-album-2016-2016-07-01-iskandina-130.jpeg 1599w, https:\/\/www.yeryuzundebirkacadim.com\/wp-content\/uploads\/2017\/02\/d-2016-04-24-ayla-album-2016-2016-07-01-iskandina-130-300x200.jpeg 300w, https:\/\/www.yeryuzundebirkacadim.com\/wp-content\/uploads\/2017\/02\/d-2016-04-24-ayla-album-2016-2016-07-01-iskandina-130-768x512.jpeg 768w, https:\/\/www.yeryuzundebirkacadim.com\/wp-content\/uploads\/2017\/02\/d-2016-04-24-ayla-album-2016-2016-07-01-iskandina-130-1024x683.jpeg 1024w, https:\/\/www.yeryuzundebirkacadim.com\/wp-content\/uploads\/2017\/02\/d-2016-04-24-ayla-album-2016-2016-07-01-iskandina-130-816x544.jpeg 816w\" sizes=\"auto, (max-width: 1599px) 100vw, 1599px\" \/><\/p>\n<p>&nbsp;<\/p>\n<p><img loading=\"lazy\" decoding=\"async\" width=\"1599\" height=\"1066\" class=\"wp-image-964\" src=\"https:\/\/www.yeryuzundebirkacadim.com\/wp-content\/uploads\/2017\/02\/d-2016-04-24-ayla-album-2016-2016-07-01-iskandina-131.jpeg\" alt=\"D:\\2016-04-24-Ayla\\album-2016\\2016-07-01-iskandinavya\\2016-07-06-oslo\\IMG_5728.JPG\" srcset=\"https:\/\/www.yeryuzundebirkacadim.com\/wp-content\/uploads\/2017\/02\/d-2016-04-24-ayla-album-2016-2016-07-01-iskandina-131.jpeg 1599w, https:\/\/www.yeryuzundebirkacadim.com\/wp-content\/uploads\/2017\/02\/d-2016-04-24-ayla-album-2016-2016-07-01-iskandina-131-300x200.jpeg 300w, https:\/\/www.yeryuzundebirkacadim.com\/wp-content\/uploads\/2017\/02\/d-2016-04-24-ayla-album-2016-2016-07-01-iskandina-131-768x512.jpeg 768w, https:\/\/www.yeryuzundebirkacadim.com\/wp-content\/uploads\/2017\/02\/d-2016-04-24-ayla-album-2016-2016-07-01-iskandina-131-1024x683.jpeg 1024w, https:\/\/www.yeryuzundebirkacadim.com\/wp-content\/uploads\/2017\/02\/d-2016-04-24-ayla-album-2016-2016-07-01-iskandina-131-816x544.jpeg 816w\" sizes=\"auto, (max-width: 1599px) 100vw, 1599px\" \/><\/p>\n<p>Art\u0131k bizi Kopenhag\u2019a g\u00f6t\u00fcrecek <strong>DFDS Feribotu<\/strong>na biniyoruz.<\/p>\n<p><img loading=\"lazy\" decoding=\"async\" width=\"1599\" height=\"1066\" class=\"wp-image-965\" src=\"https:\/\/www.yeryuzundebirkacadim.com\/wp-content\/uploads\/2017\/02\/d-2016-04-24-ayla-album-2016-2016-07-01-iskandina-132.jpeg\" alt=\"D:\\2016-04-24-Ayla\\album-2016\\2016-07-01-iskandinavya\\2016-07-06-oslo\\IMG_5675.JPG\" srcset=\"https:\/\/www.yeryuzundebirkacadim.com\/wp-content\/uploads\/2017\/02\/d-2016-04-24-ayla-album-2016-2016-07-01-iskandina-132.jpeg 1599w, https:\/\/www.yeryuzundebirkacadim.com\/wp-content\/uploads\/2017\/02\/d-2016-04-24-ayla-album-2016-2016-07-01-iskandina-132-300x200.jpeg 300w, https:\/\/www.yeryuzundebirkacadim.com\/wp-content\/uploads\/2017\/02\/d-2016-04-24-ayla-album-2016-2016-07-01-iskandina-132-768x512.jpeg 768w, https:\/\/www.yeryuzundebirkacadim.com\/wp-content\/uploads\/2017\/02\/d-2016-04-24-ayla-album-2016-2016-07-01-iskandina-132-1024x683.jpeg 1024w, https:\/\/www.yeryuzundebirkacadim.com\/wp-content\/uploads\/2017\/02\/d-2016-04-24-ayla-album-2016-2016-07-01-iskandina-132-816x544.jpeg 816w\" sizes=\"auto, (max-width: 1599px) 100vw, 1599px\" \/><\/p>\n<p>Rehberimiz, kamaralar k\u00fc\u00e7\u00fck oldu\u011fu i\u00e7in yan\u0131m\u0131za \u00e7ok az e\u015fya al\u0131p di\u011ferlerini otob\u00fcs\u00fcm\u00fczde b\u0131rakmam\u0131z\u0131n daha pratik olaca\u011f\u0131n\u0131 s\u00f6yl\u00fcyor. Biz de \u00f6yle yap\u0131yoruz. Ancak bizim 2 o\u011flan ferbota binerken az e\u015fyal\u0131 oldu\u011fu i\u00e7in biraz sorgulan\u0131yorlar<\/p>\n<p>Saat 16:30\u2019da limandan kalk\u0131yoruz.<\/p>\n<p><img loading=\"lazy\" decoding=\"async\" width=\"1599\" height=\"1066\" class=\"wp-image-966\" src=\"https:\/\/www.yeryuzundebirkacadim.com\/wp-content\/uploads\/2017\/02\/d-2016-04-24-ayla-album-2016-2016-07-01-iskandina-133.jpeg\" alt=\"D:\\2016-04-24-Ayla\\album-2016\\2016-07-01-iskandinavya\\2016-07-06-oslo\\IMG_5746.JPG\" srcset=\"https:\/\/www.yeryuzundebirkacadim.com\/wp-content\/uploads\/2017\/02\/d-2016-04-24-ayla-album-2016-2016-07-01-iskandina-133.jpeg 1599w, https:\/\/www.yeryuzundebirkacadim.com\/wp-content\/uploads\/2017\/02\/d-2016-04-24-ayla-album-2016-2016-07-01-iskandina-133-300x200.jpeg 300w, https:\/\/www.yeryuzundebirkacadim.com\/wp-content\/uploads\/2017\/02\/d-2016-04-24-ayla-album-2016-2016-07-01-iskandina-133-768x512.jpeg 768w, https:\/\/www.yeryuzundebirkacadim.com\/wp-content\/uploads\/2017\/02\/d-2016-04-24-ayla-album-2016-2016-07-01-iskandina-133-1024x683.jpeg 1024w, https:\/\/www.yeryuzundebirkacadim.com\/wp-content\/uploads\/2017\/02\/d-2016-04-24-ayla-album-2016-2016-07-01-iskandina-133-816x544.jpeg 816w\" sizes=\"auto, (max-width: 1599px) 100vw, 1599px\" \/><\/p>\n<p>Odam\u0131z 6. katta. G\u00fczel bir odac\u0131k. G\u00fcverteye \u00e7\u0131k\u0131p canl\u0131 m\u00fczik dinliyoruz. Ak\u015fam yeme\u011fi a\u00e7\u0131k b\u00fcfe ve gayet g\u00fczel. Gece ailece batak oynuyoruz.<\/p>\n","protected":false},"excerpt":{"rendered":"<p>3. G\u00dcN: 3 TEMMUZ 2016 PAZAR Sabah 9:30 gibi otelden ayr\u0131l\u0131yoruz. Bug\u00fcn g\u00fcn\u00fcm\u00fcz otob\u00fcste yolculukla ge\u00e7iyor. 253km yol yap\u0131yoruz. 14-15 aras\u0131 Karlstad\u2019da \u00f6\u011fle yeme\u011fi molas\u0131 veriyoruz. Yolda \u0130sve\u00e7 ve Norve\u00e7\u2019in s\u0131n\u0131r\u0131nda yer alan Morokulien Ta\u015f\u0131na u\u011framay\u0131 ihmal etmiyoruz.<\/p>\n","protected":false},"author":1,"featured_media":906,"comment_status":"closed","ping_status":"closed","sticky":false,"template":"","format":"standard","meta":{"footnotes":""},"categories":[64],"tags":[97,94,99,96,98,95,102,100,101],"class_list":["post-883","post","type-post","status-publish","format-standard","has-post-thumbnail","hentry","category-norvec","tag-bergen","tag-flamsbana","tag-floyen-tepesi","tag-fyord","tag-hansa-evleri","tag-huldra","tag-oslo","tag-sagne","tag-vigeland"],"_links":{"self":[{"href":"https:\/\/www.yeryuzundebirkacadim.com\/index.php\/wp-json\/wp\/v2\/posts\/883","targetHints":{"allow":["GET"]}}],"collection":[{"href":"https:\/\/www.yeryuzundebirkacadim.com\/index.php\/wp-json\/wp\/v2\/posts"}],"about":[{"href":"https:\/\/www.yeryuzundebirkacadim.com\/index.php\/wp-json\/wp\/v2\/types\/post"}],"author":[{"embeddable":true,"href":"https:\/\/www.yeryuzundebirkacadim.com\/index.php\/wp-json\/wp\/v2\/users\/1"}],"replies":[{"embeddable":true,"href":"https:\/\/www.yeryuzundebirkacadim.com\/index.php\/wp-json\/wp\/v2\/comments?post=883"}],"version-history":[{"count":10,"href":"https:\/\/www.yeryuzundebirkacadim.com\/index.php\/wp-json\/wp\/v2\/posts\/883\/revisions"}],"predecessor-version":[{"id":5133,"href":"https:\/\/www.yeryuzundebirkacadim.com\/index.php\/wp-json\/wp\/v2\/posts\/883\/revisions\/5133"}],"wp:featuredmedia":[{"embeddable":true,"href":"https:\/\/www.yeryuzundebirkacadim.com\/index.php\/wp-json\/wp\/v2\/media\/906"}],"wp:attachment":[{"href":"https:\/\/www.yeryuzundebirkacadim.com\/index.php\/wp-json\/wp\/v2\/media?parent=883"}],"wp:term":[{"taxonomy":"category","embeddable":true,"href":"https:\/\/www.yeryuzundebirkacadim.com\/index.php\/wp-json\/wp\/v2\/categories?post=883"},{"taxonomy":"post_tag","embeddable":true,"href":"https:\/\/www.yeryuzundebirkacadim.com\/index.php\/wp-json\/wp\/v2\/tags?post=883"}],"curies":[{"name":"wp","href":"https:\/\/api.w.org\/{rel}","templated":true}]}}