


{"id":6896,"date":"2024-08-06T10:40:37","date_gmt":"2024-08-06T07:40:37","guid":{"rendered":"https:\/\/www.yeryuzundebirkacadim.com\/?p=6896"},"modified":"2024-08-19T13:55:04","modified_gmt":"2024-08-19T10:55:04","slug":"belgrad","status":"publish","type":"post","link":"https:\/\/www.yeryuzundebirkacadim.com\/index.php\/2024\/08\/06\/belgrad\/","title":{"rendered":"Belgrad"},"content":{"rendered":"<p><strong>BELGRAD <\/strong><\/p>\n<p><strong>(28-31 Ekim 2021)<\/strong><\/p>\n<p><strong>K\u0131sa k\u0131sa&#8230;<\/strong><\/p>\n<p>S\u0131rbistan\u2019\u0131n ba\u015fkenti Belgrad, Sava ve Tuna nehirlerinin birle\u015fti\u011fi yerde kurulmu\u015f.<\/p>\n<p>7000 y\u0131ll\u0131k tarihi ge\u00e7mi\u015fi ile Avrupa\u2019n\u0131n en eski \u015fehirleri aras\u0131nda say\u0131l\u0131yor.<\/p>\n<p>Osmanl\u0131\u2019n\u0131n y\u00fczy\u0131llarca hakimiyet s\u00fcrd\u00fc\u011f\u00fc \u015fehir her ge\u00e7en g\u00fcn pop\u00fcler bir rota haline geliyor.<\/p>\n<p>Osmanl\u0131\u2019n\u0131n yakla\u015f\u0131k 350 y\u0131l bu \u015fehirde hakimiyeti sayesinde onlarla benzer bir k\u00fclt\u00fcre sahibiz.<\/p>\n<p><!--more--><\/p>\n<p>\u0130stanbul\u2019dan Belgrad\u2019a direkt u\u00e7u\u015f ile 1 saat 20 dakika u\u00e7u\u015f s\u00fcresinde ula\u015fabiliyorsunuz.<\/p>\n<p>S\u0131rbistan\u2019\u0131n para birimi S\u0131rp Dinar\u0131 (RSD). Gezimizi yapt\u0131\u011f\u0131m\u0131z 28-31 Ekim 2021 y\u0131l\u0131ndaki kura g\u00f6re 100 RSD=8,76 TL. \u015eimdi yeni kurdan siz hesaplay\u0131n.<\/p>\n<p>Uzun s\u00fcre Osmanl\u0131 idaresinde kalan \u015fehir, o d\u00f6nem bar\u0131nd\u0131rd\u0131\u011f\u0131 273 camiden dolay\u0131 &#8221;Bel-Grad&#8221; (Beyaz \u015eehir) ad\u0131n\u0131 alm\u0131\u015f.<\/p>\n<p><strong>Tarihi<\/strong><\/p>\n<p>Bulundu\u011fu b\u00f6lgedeki ilk yerle\u015fimler, M.\u00d6. 4. y\u00fczy\u0131l civar\u0131nda Keltler taraf\u0131ndan kuruldu.<\/p>\n<p>Daha sonra b\u00f6lgeye h\u00e2kim olan Romal\u0131lar, in\u015fa ettikleri Kalemegdan\u2019\u0131n \u00e7evresinde Singidunum (yuvarlak kale) ismini verdikleri kentin geli\u015fimini sa\u011flad\u0131.<\/p>\n<p>500&#8217;l\u00fc y\u0131llar\u0131n ba\u015flar\u0131nda s\u00fcrekli olarak Slav ak\u0131n\u0131na u\u011frad\u0131.<\/p>\n<p>Stratejik konumu nedeniyle kent antik \u00e7a\u011fda say\u0131s\u0131z Do\u011fu ve Bat\u0131 ordusunun 115 sava\u015f\u0131na sahne oldu ve tarih boyunca 44 kez yerle bir edildi.<\/p>\n<p><sup id=\"cite_ref-11\" class=\"reference\"><\/sup>Orta \u00e7a\u011f boyunca Bizans \u0130mparatorlu\u011fu, Franklar (Roma \u0130mparatorlu\u011fu&#8217;nun y\u0131k\u0131lmas\u0131nda b\u00fcy\u00fck rol oynam\u0131\u015f bir Cermen boyudur.) I. Bulgar Devleti, Macaristan Krall\u0131\u011f\u0131 ve S\u0131rp Despotlu\u011fu h\u00e2kimiyetine giren kent 1521&#8217;de Kanuni Sultan S\u00fcleyman Han \u00f6nderli\u011finde Osmanl\u0131 \u0130mparatorlu\u011fu h\u00e2kimiyetine girerek bir sancak haline getirildi, Avrupa&#8217;n\u0131n en b\u00fcy\u00fck \u015fehirlerinden biri oldu.<\/p>\n<p>(Belgrad Ormanlar\u0131 da ad\u0131n\u0131 , Kanuni Sultan S\u00fcleyman&#8217;\u0131n S\u0131rbistan seferi d\u00f6n\u00fc\u015f\u00fc beraberinde getirdi\u011fi Belgradl\u0131lar&#8217;\u0131n yerle\u015ftirildi\u011fi Belgrad k\u00f6y\u00fcnden almaktad\u0131r.)<\/p>\n<p>\u015eehir Avusturya-Osmanl\u0131 sava\u015flar\u0131nda zarar g\u00f6rd\u00fc.<\/p>\n<p>Daha sonra Habsburg Monar\u015fisi h\u00e2kimiyetine girdi.<\/p>\n<p>Kuzey ve g\u00fcney diye ikiye ayr\u0131ld\u0131. Bir m\u00fcddet sonra g\u00fcney b\u00f6l\u00fcm S\u0131rp ba\u015fkenti olsa da kuzey k\u0131s\u0131m Habsburg Monar\u015fisi&#8217;nde kald\u0131.\u00a01918&#8217;de Avusturya-Macaristan da\u011f\u0131lana kadar durum b\u00f6yle idi.<\/p>\n<p>Birle\u015fik \u015fehir\u00a0 I. D\u00fcnya Sava\u015f\u0131&#8217;ndan sonra\u00a0 1918&#8217;de ilan edildi ve Yugoslavya Krall\u0131\u011f\u0131&#8217;n\u0131n ba\u015fkenti oldu.<\/p>\n<p>Belgrad, 1941&#8217;de Nazi Almanyas\u0131 taraf\u0131ndan i\u015fgal edildi. Bu d\u00f6nemde ger\u00e7ekle\u015ftirilen iki a\u011f\u0131r bombard\u0131man nedeniyle \u00e7o\u011fu b\u00f6lgesi a\u011f\u0131r hasar alan kenti kurtaranlar, K\u0131z\u0131l Ordu destekli Yugoslav kuvvetleri oldu.<\/p>\n<p>Ba\u011f\u0131ms\u0131zl\u0131\u011f\u0131n\u0131 yeniden kazanan kent, 1945&#8217;te Sovyet Rusya g\u00fcd\u00fcm\u00fcnde kurulan ve 1980 y\u0131l\u0131na kadar Tito taraf\u0131ndan y\u00fcr\u00fct\u00fclen Kom\u00fcnist Yugoslavya\u2019n\u0131n y\u00f6netim merkezi haline getirildi. Bu d\u00f6nemde Do\u011fu ve Bat\u0131 aras\u0131ndaki dengeyi ba\u015far\u0131yla kuran Belgrad; ekonomik, k\u00fclt\u00fcrel ve siyasi alanlarda Balkanlar\u2019\u0131n merkezi konumuna y\u00fckseldi.<\/p>\n<p>Ancak Yugoslavya\u2019n\u0131n \u00e7\u00f6k\u00fc\u015f\u00fc ve sonras\u0131nda \u00e7\u0131kan i\u00e7 sava\u015f, kentin\u00a02006\u00a0y\u0131l\u0131na kadar devam edecek bir gerileme d\u00f6nemine girmesine neden olmu\u015f.<\/p>\n<p>T\u00fcm bunlara ra\u011fmen Belgrad, Tito d\u00f6neminde temelleri at\u0131lan \u00f6zg\u00fcn ruhunu korumay\u0131 bir \u015fekilde ba\u015farm\u0131\u015f.<\/p>\n<p>N\u00fcfusunun tamam\u0131na yak\u0131n\u0131 Ortodoks&#8217;tur.<\/p>\n<p>Roma, Bizans, Osmanl\u0131, T\u00fcrk ve Avusturya-Macaristan izlerini ta\u015f\u0131yan S\u0131rbistan; Avrupa medeniyetlerinin kav\u015fa\u011f\u0131nda yer alan \u00f6nemli bir \u00fclke konumunda.<\/p>\n<p>Ba\u015fkent Belgrad ise her ge\u00e7en g\u00fcn turizmin y\u00fckseli\u015fe ge\u00e7ti\u011fi bir \u015fehir.\u00a0Bize yak\u0131n, ekonomik ve vizesiz.<\/p>\n<p>Bir d\u00f6nem bize ait olan bu g\u00fczel \u015fehre Osmanl\u0131&#8217;n\u0131n izlerini s\u00fcrmeye ve t\u00fcm g\u00fczelliklerini g\u00f6rmeye geldik.<\/p>\n<p><strong>Belgrad&#8217;da 1. g\u00fcn<\/strong><\/p>\n<p><strong>1. Kalemegdan (Belgrad Kalesi ve Park\u0131)\u00a0<\/strong><\/p>\n<p>\u015eehrin tarihi \u00e7ekirde\u011fini olu\u015fturan Kalemegdan, Osmanl\u0131 d\u00f6neminde &#8220;kale&#8221; ve &#8220;meydan&#8221; kelimelerinin bir araya gelmesinden olu\u015fmu\u015f.<\/p>\n<p>Eski kale ile Kalemegdan Park\u0131&#8217;ndan olu\u015fmaktad\u0131r. M.\u00d6. 279 y\u0131l\u0131nda Do\u011fu Roma \u0130mparatoru I. Justinianus taraf\u0131ndan in\u015fa edilen kale Osmanl\u0131lar zaman\u0131nda geli\u015ftirilmi\u015f.<\/p>\n<p>Kalenin \u00e7evresindeki plato, d\u00fc\u015fman\u0131 g\u00f6zetlemek i\u00e7in \u015fehrin tepesine kurulmu\u015f.<\/p>\n<p>Kalemegdan, Tuna ve Sava nehirlerinin bulu\u015ftu\u011fu noktada y\u00fckselen bir tepede yer al\u0131yor.<\/p>\n<p>(Efsaneye g\u00f6re, Sava ve Tuna&#8217;n\u0131n birle\u015fti\u011fi b\u00f6lgede, kalenin alt\u0131nda Attila&#8217;n\u0131n mezar\u0131 vard\u0131r.)<\/p>\n<p><img loading=\"lazy\" decoding=\"async\" class=\"alignnone size-medium wp-image-6916\" src=\"https:\/\/www.yeryuzundebirkacadim.com\/wp-content\/uploads\/2024\/07\/DSC01292-1024x576.jpg\" alt=\"\" width=\"1024\" height=\"576\" srcset=\"https:\/\/www.yeryuzundebirkacadim.com\/wp-content\/uploads\/2024\/07\/DSC01292-1024x576.jpg 1024w, https:\/\/www.yeryuzundebirkacadim.com\/wp-content\/uploads\/2024\/07\/DSC01292-2048x1153.jpg 2048w, https:\/\/www.yeryuzundebirkacadim.com\/wp-content\/uploads\/2024\/07\/DSC01292-768x432.jpg 768w, https:\/\/www.yeryuzundebirkacadim.com\/wp-content\/uploads\/2024\/07\/DSC01292-1536x864.jpg 1536w, https:\/\/www.yeryuzundebirkacadim.com\/wp-content\/uploads\/2024\/07\/DSC01292-816x459.jpg 816w\" sizes=\"auto, (max-width: 1024px) 100vw, 1024px\" \/><\/p>\n<p>Kalemegdan; \u015fehir merkezinin hemen yak\u0131n\u0131nda, \u00fcnl\u00fc Knez Mihailova caddesinin sonunda yer al\u0131yor.<\/p>\n<p>Geni\u015f bir alana yay\u0131lan Kalemegdan, tarihi Belgrad Kalesi\u2019nin yan\u0131 s\u0131ra, Osmanl\u0131\u2019dan kalan eserlere, m\u00fczelere, an\u0131tlara, geni\u015f parklara ve hayvanat bah\u00e7esine de ev sahipli\u011fi yap\u0131yor.<\/p>\n<p>Kalenin, \u0130stanbul, Defterdar ve Zindan gibi kap\u0131lar\u0131 bulunuyor.<\/p>\n<p><strong>\u0130stanbul Kap\u0131s\u0131 (Stambol Kapija)<\/strong><\/p>\n<p><img loading=\"lazy\" decoding=\"async\" class=\"alignnone size-medium wp-image-6908\" src=\"https:\/\/www.yeryuzundebirkacadim.com\/wp-content\/uploads\/2024\/07\/DSC01312-1024x576.jpg\" alt=\"\" width=\"1024\" height=\"576\" srcset=\"https:\/\/www.yeryuzundebirkacadim.com\/wp-content\/uploads\/2024\/07\/DSC01312-1024x576.jpg 1024w, https:\/\/www.yeryuzundebirkacadim.com\/wp-content\/uploads\/2024\/07\/DSC01312-2048x1152.jpg 2048w, https:\/\/www.yeryuzundebirkacadim.com\/wp-content\/uploads\/2024\/07\/DSC01312-768x432.jpg 768w, https:\/\/www.yeryuzundebirkacadim.com\/wp-content\/uploads\/2024\/07\/DSC01312-1536x864.jpg 1536w, https:\/\/www.yeryuzundebirkacadim.com\/wp-content\/uploads\/2024\/07\/DSC01312-816x459.jpg 816w\" sizes=\"auto, (max-width: 1024px) 100vw, 1024px\" \/><\/p>\n<p>Osmanl\u0131lar taraf\u0131ndan in\u015fa edilen \u0130stanbul Kap\u0131s\u0131&#8217;ndan girdi\u011finizde Askeri M\u00fcze var.<\/p>\n<p>Park\u0131n giri\u015finin hemen sa\u011f\u0131nda Anahtar Teslim An\u0131t\u0131 var. K\u00fc\u00e7\u00fck\u00a0 beyaz bir mermer. Osmanl\u0131\u2019n\u0131n, Belgrad&#8217;\u0131n kalelerinin anahtarlar\u0131n\u0131 S\u0131rplar&#8217;a teslim etmesini tasvir ediyormu\u015f.<\/p>\n<p><strong>Askeri M\u00fcze\u00a0<\/strong><\/p>\n<p><img loading=\"lazy\" decoding=\"async\" class=\"alignnone size-medium wp-image-6917\" src=\"https:\/\/www.yeryuzundebirkacadim.com\/wp-content\/uploads\/2024\/07\/DSC01305-1024x576.jpg\" alt=\"\" width=\"1024\" height=\"576\" srcset=\"https:\/\/www.yeryuzundebirkacadim.com\/wp-content\/uploads\/2024\/07\/DSC01305-1024x576.jpg 1024w, https:\/\/www.yeryuzundebirkacadim.com\/wp-content\/uploads\/2024\/07\/DSC01305-2048x1153.jpg 2048w, https:\/\/www.yeryuzundebirkacadim.com\/wp-content\/uploads\/2024\/07\/DSC01305-768x432.jpg 768w, https:\/\/www.yeryuzundebirkacadim.com\/wp-content\/uploads\/2024\/07\/DSC01305-1536x864.jpg 1536w, https:\/\/www.yeryuzundebirkacadim.com\/wp-content\/uploads\/2024\/07\/DSC01305-816x459.jpg 816w\" sizes=\"auto, (max-width: 1024px) 100vw, 1024px\" \/><\/p>\n<p>\u0130stanbul Kap\u0131s\u0131\u2019n\u0131n hemen \u00f6n\u00fcnden ba\u015flayan a\u00e7\u0131k hava k\u0131sm\u0131nda I. D\u00fcnya Sava\u015f\u0131\u2019ndan kalma y\u00fczlerce tank ve buna benzer de\u011fi\u015fik a\u011f\u0131r silahlar sergileniyor. M\u00fczenin i\u00e7inde ise, Kosova Kurtulu\u015f Ordusu\u2019na ait yakalanan silahlar, bombalar ve f\u00fczeler, nadir bulunan silahlar ve 1999 y\u0131l\u0131nda vurulan Amerika\u2019n\u0131n g\u00f6r\u00fcnmez sava\u015f u\u00e7a\u011f\u0131na ait par\u00e7alar bulunuyor.<\/p>\n<p><strong>\u0130\u015fkence M\u00fczesi<\/strong><\/p>\n<p><img loading=\"lazy\" decoding=\"async\" class=\"alignnone size-medium wp-image-7006\" src=\"https:\/\/www.yeryuzundebirkacadim.com\/wp-content\/uploads\/2024\/08\/DSC01616-rotated-e1722928154331-576x1024.jpg\" alt=\"\" width=\"576\" height=\"1024\" srcset=\"https:\/\/www.yeryuzundebirkacadim.com\/wp-content\/uploads\/2024\/08\/DSC01616-rotated-e1722928154331-576x1024.jpg 576w, https:\/\/www.yeryuzundebirkacadim.com\/wp-content\/uploads\/2024\/08\/DSC01616-rotated-e1722928154331-1152x2048.jpg 1152w, https:\/\/www.yeryuzundebirkacadim.com\/wp-content\/uploads\/2024\/08\/DSC01616-rotated-e1722928154331-768x1365.jpg 768w, https:\/\/www.yeryuzundebirkacadim.com\/wp-content\/uploads\/2024\/08\/DSC01616-rotated-e1722928154331-864x1536.jpg 864w, https:\/\/www.yeryuzundebirkacadim.com\/wp-content\/uploads\/2024\/08\/DSC01616-rotated-e1722928154331-562x999.jpg 562w, https:\/\/www.yeryuzundebirkacadim.com\/wp-content\/uploads\/2024\/08\/DSC01616-rotated-e1722928154331.jpg 1177w\" sizes=\"auto, (max-width: 576px) 100vw, 576px\" \/><\/p>\n<p><strong>Saat Kulesi (Sahat Kula)<\/strong><\/p>\n<p><img loading=\"lazy\" decoding=\"async\" class=\"alignnone size-medium wp-image-7005\" src=\"https:\/\/www.yeryuzundebirkacadim.com\/wp-content\/uploads\/2024\/08\/DSC01307-1024x576.jpg\" alt=\"\" width=\"1024\" height=\"576\" srcset=\"https:\/\/www.yeryuzundebirkacadim.com\/wp-content\/uploads\/2024\/08\/DSC01307-1024x576.jpg 1024w, https:\/\/www.yeryuzundebirkacadim.com\/wp-content\/uploads\/2024\/08\/DSC01307-2048x1153.jpg 2048w, https:\/\/www.yeryuzundebirkacadim.com\/wp-content\/uploads\/2024\/08\/DSC01307-768x432.jpg 768w, https:\/\/www.yeryuzundebirkacadim.com\/wp-content\/uploads\/2024\/08\/DSC01307-1536x864.jpg 1536w, https:\/\/www.yeryuzundebirkacadim.com\/wp-content\/uploads\/2024\/08\/DSC01307-816x459.jpg 816w\" sizes=\"auto, (max-width: 1024px) 100vw, 1024px\" \/><\/p>\n<p>Ufak de\u011fi\u015fikliklerle S\u0131rp\u00e7aya girmi\u015f T\u00fcrk\u00e7e kelimeler.<\/p>\n<p><strong>Damat Ali Pa\u015fa T\u00fcrbesi<\/strong><\/p>\n<p>Kale i\u00e7erisinde me\u015fhur Mora Fatihi olarak bilinen Damat Ali Pa\u015fa\u2019n\u0131n da t\u00fcrbesi bulunuyor. Damat Ali Pa\u015fa 1716 y\u0131l\u0131nda Petrovaradin Sava\u015f\u0131&#8217;nda \u015fehit d\u00fc\u015f\u00fcyor ve ard\u0131ndan bu topraklara defnediliyor. T\u00fcrbe 1848 y\u0131l\u0131nda yap\u0131lm\u0131\u015f. Ayn\u0131 t\u00fcrbede Damat Ali Pa\u015fa\u2019n\u0131n yan\u0131 s\u0131ra, Tepedelenli Selim Pa\u015fa ve \u00c7e\u015fmeli Hasan Pa\u015fa\u2019n\u0131n da naa\u015flar\u0131 bulunmaktad\u0131r.<\/p>\n<p><img loading=\"lazy\" decoding=\"async\" class=\"alignnone size-medium wp-image-6912\" src=\"https:\/\/www.yeryuzundebirkacadim.com\/wp-content\/uploads\/2024\/07\/DSC01299-1024x563.jpg\" alt=\"\" width=\"1024\" height=\"563\" srcset=\"https:\/\/www.yeryuzundebirkacadim.com\/wp-content\/uploads\/2024\/07\/DSC01299-1024x563.jpg 1024w, https:\/\/www.yeryuzundebirkacadim.com\/wp-content\/uploads\/2024\/07\/DSC01299-2048x1126.jpg 2048w, https:\/\/www.yeryuzundebirkacadim.com\/wp-content\/uploads\/2024\/07\/DSC01299-768x422.jpg 768w, https:\/\/www.yeryuzundebirkacadim.com\/wp-content\/uploads\/2024\/07\/DSC01299-1536x844.jpg 1536w, https:\/\/www.yeryuzundebirkacadim.com\/wp-content\/uploads\/2024\/07\/DSC01299-816x449.jpg 816w\" sizes=\"auto, (max-width: 1024px) 100vw, 1024px\" \/><\/p>\n<p><strong>Sokollu Mehmet Pa\u015fa \u00c7e\u015fmesi<\/strong><\/p>\n<p>Sokullu Mehmet Pa\u015fa, buras\u0131 i\u00e7in \u00e7ok \u00f6nemli bir tarihi \u015fahsiyet. S\u0131rpl\u0131 oldu\u011fu s\u00f6yleniyor.\u00a01557\u2019de S\u0131rp kilisesini \u0130pek\u2019te tekrar a\u00e7t\u0131rd\u0131 ve ba\u015f\u0131na karde\u015fi Makarije\u2019yi patrik olarak tayin etti.<\/p>\n<p>Burada, Sadrazam Sokullu Mehmet Pa\u015fa\u2019n\u0131n 1577\u2019de yapt\u0131rd\u0131\u011f\u0131 bir \u00e7e\u015fme de bulunuyor. Yan\u0131nda da bir dut a\u011fac\u0131.<\/p>\n<p>Foto\u011frafta g\u00f6r\u00fcnen kap\u0131 da <strong>Defterdar Kap\u0131s\u0131<\/strong>.<\/p>\n<p><img loading=\"lazy\" decoding=\"async\" class=\"alignnone size-medium wp-image-6915\" src=\"https:\/\/www.yeryuzundebirkacadim.com\/wp-content\/uploads\/2024\/07\/DSC01278-1024x576.jpg\" alt=\"\" width=\"1024\" height=\"576\" srcset=\"https:\/\/www.yeryuzundebirkacadim.com\/wp-content\/uploads\/2024\/07\/DSC01278-1024x576.jpg 1024w, https:\/\/www.yeryuzundebirkacadim.com\/wp-content\/uploads\/2024\/07\/DSC01278-2048x1152.jpg 2048w, https:\/\/www.yeryuzundebirkacadim.com\/wp-content\/uploads\/2024\/07\/DSC01278-768x432.jpg 768w, https:\/\/www.yeryuzundebirkacadim.com\/wp-content\/uploads\/2024\/07\/DSC01278-1536x864.jpg 1536w, https:\/\/www.yeryuzundebirkacadim.com\/wp-content\/uploads\/2024\/07\/DSC01278-816x459.jpg 816w\" sizes=\"auto, (max-width: 1024px) 100vw, 1024px\" \/><\/p>\n<p><strong>Zindan Kap\u0131s\u0131 (Zindan Kapija)<\/strong><\/p>\n<p>\u0130ki yuvarlak kule aras\u0131nda yer al\u0131yor. Osmanl\u0131 d\u00f6neminde bu kulelerin alt b\u00f6l\u00fcmleri zindan olarak kullan\u0131lm\u0131\u015f.<\/p>\n<p><img loading=\"lazy\" decoding=\"async\" class=\"alignnone size-medium wp-image-6918\" src=\"https:\/\/www.yeryuzundebirkacadim.com\/wp-content\/uploads\/2024\/07\/DSC01255-1024x576.jpg\" alt=\"\" width=\"1024\" height=\"576\" srcset=\"https:\/\/www.yeryuzundebirkacadim.com\/wp-content\/uploads\/2024\/07\/DSC01255-1024x576.jpg 1024w, https:\/\/www.yeryuzundebirkacadim.com\/wp-content\/uploads\/2024\/07\/DSC01255-2048x1152.jpg 2048w, https:\/\/www.yeryuzundebirkacadim.com\/wp-content\/uploads\/2024\/07\/DSC01255-768x432.jpg 768w, https:\/\/www.yeryuzundebirkacadim.com\/wp-content\/uploads\/2024\/07\/DSC01255-1536x864.jpg 1536w, https:\/\/www.yeryuzundebirkacadim.com\/wp-content\/uploads\/2024\/07\/DSC01255-816x459.jpg 816w\" sizes=\"auto, (max-width: 1024px) 100vw, 1024px\" \/><\/p>\n<p><strong>Pobednik (Belgrad Zafer An\u0131t\u0131, Viktor Heykeli)<\/strong><\/p>\n<div class=\"mt25 f17 tj\">\n<div class=\"dn db-l\">\n<p>S\u0131rp Ordusu&#8217;nun Balkan Sava\u015f\u0131&#8217;nda Osmanl\u0131 ve Avusturya-Macaristan imparatorluklar\u0131na kar\u015f\u0131 kazand\u0131\u011f\u0131 zafer onuruna 1912 y\u0131l\u0131nda Belgrad belediyesi taraf\u0131ndan in\u015fa edilmi\u015f. Victor heykeli, heykelt\u0131ra\u015f Ivan Mestrovic taraf\u0131ndan Terazije Meydan\u0131&#8217;nda Moskova Oteli\u2019nin \u00f6n\u00fcndeki \u00e7e\u015fmenin bir par\u00e7as\u0131 olarak tasarlanm\u0131\u015f. Ancak I. D\u00fcnya Sava\u015f\u0131&#8217;ndan sonra halk\u0131n \u015fehir merkezinde \u00e7\u0131plak bir erkek heykelinin sergilenmesine kar\u015f\u0131 \u00e7\u0131kmas\u0131 nedeniyle 1928 y\u0131l\u0131nda Kalemegdan&#8217;a yerle\u015ftirilmi\u015f. Bu tarihten sonra Belgrad&#8217;\u0131n sembol\u00fc haline gelmeye ba\u015flam\u0131\u015f.<\/p>\n<p><img loading=\"lazy\" decoding=\"async\" class=\"alignnone size-medium wp-image-6919\" src=\"https:\/\/www.yeryuzundebirkacadim.com\/wp-content\/uploads\/2024\/07\/DSC01294-1024x579.jpg\" alt=\"\" width=\"1024\" height=\"579\" srcset=\"https:\/\/www.yeryuzundebirkacadim.com\/wp-content\/uploads\/2024\/07\/DSC01294-1024x579.jpg 1024w, https:\/\/www.yeryuzundebirkacadim.com\/wp-content\/uploads\/2024\/07\/DSC01294-768x435.jpg 768w, https:\/\/www.yeryuzundebirkacadim.com\/wp-content\/uploads\/2024\/07\/DSC01294-1536x869.jpg 1536w, https:\/\/www.yeryuzundebirkacadim.com\/wp-content\/uploads\/2024\/07\/DSC01294-816x462.jpg 816w, https:\/\/www.yeryuzundebirkacadim.com\/wp-content\/uploads\/2024\/07\/DSC01294.jpg 1624w\" sizes=\"auto, (max-width: 1024px) 100vw, 1024px\" \/><\/p>\n<p>An\u0131t\u0131n bug\u00fcn bulundu\u011fu yer, 1402 &#8211; 1427 y\u0131llar\u0131 aras\u0131nda S\u0131rbistan h\u00fck\u00fcmdar\u0131 olan Despot Stefan Lazarevi\u00e7&#8217;in saray\u0131n\u0131n bulundu\u011fu yermi\u015f. Despot Stefan Lazarevi\u00e7 Saray\u0131, 17. y\u00fczy\u0131l\u0131n sonlar\u0131nda barut \u015farj\u0131n\u0131n patlamas\u0131 sonucu y\u0131k\u0131lm\u0131\u015f.<\/p>\n<p>An\u0131ttaki dor bir s\u00fctun \u00fczerinde bulunan \u00e7\u0131plak erkek heykeli; sava\u015f ve bar\u0131\u015f\u0131 sembolize edecek \u015fekilde bir elinde k\u0131l\u0131\u00e7, di\u011fer elinde de g\u00fcvercin tutuyor.<\/p>\n<\/div>\n<\/div>\n<p><strong>Fransa&#8217;ya \u015e\u00fckran An\u0131t\u0131<\/strong><\/p>\n<p>G\u00fc\u00e7l\u00fc bir \u015fekilde \u00f6ne \u00e7\u0131kan; kararl\u0131 \u015fekilde uzat\u0131lm\u0131\u015f bir kol, gururla kald\u0131r\u0131lm\u0131\u015f bir kafa, devasa v\u00fccuda sahip bir kad\u0131n fig\u00fcr\u00fc.<\/p>\n<p>An\u0131t buraya I. D\u00fcnya Sava\u015f\u0131&#8217;n\u0131n sona ermesinin 12. y\u0131ld\u00f6n\u00fcm\u00fc olan 11 Kas\u0131m 1930&#8217;da dikilmi\u015f.<\/p>\n<p>\u00d6n y\u00fcz\u00fcnde dikili\u015f y\u0131l\u0131 ve &#8220;Fransa&#8217;ya&#8221; ithaf\u0131 , arka y\u00fcz\u00fcnde ise &#8220;Fransa&#8217;y\u0131 seviyoruz, t\u0131pk\u0131 onun bizi sevdi\u011fi gibi 1914-1918&#8221; yaz\u0131s\u0131 yer al\u0131yor.<\/p>\n<p><img loading=\"lazy\" decoding=\"async\" class=\"alignnone size-medium wp-image-6920\" src=\"https:\/\/www.yeryuzundebirkacadim.com\/wp-content\/uploads\/2024\/07\/DSC01319-1024x576.jpg\" alt=\"\" width=\"1024\" height=\"576\" srcset=\"https:\/\/www.yeryuzundebirkacadim.com\/wp-content\/uploads\/2024\/07\/DSC01319-1024x576.jpg 1024w, https:\/\/www.yeryuzundebirkacadim.com\/wp-content\/uploads\/2024\/07\/DSC01319-2048x1153.jpg 2048w, https:\/\/www.yeryuzundebirkacadim.com\/wp-content\/uploads\/2024\/07\/DSC01319-768x432.jpg 768w, https:\/\/www.yeryuzundebirkacadim.com\/wp-content\/uploads\/2024\/07\/DSC01319-1536x865.jpg 1536w, https:\/\/www.yeryuzundebirkacadim.com\/wp-content\/uploads\/2024\/07\/DSC01319-816x459.jpg 816w\" sizes=\"auto, (max-width: 1024px) 100vw, 1024px\" \/><\/p>\n<p>Kaleden \u00e7\u0131k\u0131p \u015fehre do\u011fru ilerliyoruz.<\/p>\n<p><strong>2. Bayrakl\u0131 Cami (Bajrakl\u0131 Damija) (H\u00fcseyin Keth\u00fcda Cami)<\/strong><\/p>\n<p>Caminin; Kanuni Sultan S\u00fcleyman zaman\u0131nda, 1575&#8217;te yap\u0131ld\u0131\u011f\u0131 tahmin ediliyor. Eski Belgrad s\u0131n\u0131rlar\u0131 i\u00e7erisinde, kaleye yak\u0131n bir noktada in\u015fa edilmi\u015f.<\/p>\n<p>O d\u00f6nemlerde Belgrad&#8217;da bulunan bir\u00e7ok camiden biri, belki de ilkidir.<\/p>\n<p>Bayrakl\u0131 Cami denilmesinin nedeni; yap\u0131ld\u0131\u011f\u0131 o y\u0131llarda, her yerden g\u00f6r\u00fclebilmesi i\u00e7in ezan vakitleri minaresine bayrak as\u0131ld\u0131\u011f\u0131 i\u00e7inmi\u015f.<\/p>\n<p><img loading=\"lazy\" decoding=\"async\" class=\"alignnone size-medium wp-image-6914\" src=\"https:\/\/www.yeryuzundebirkacadim.com\/wp-content\/uploads\/2024\/07\/DSC01242-1024x547.jpg\" alt=\"\" width=\"1024\" height=\"547\" srcset=\"https:\/\/www.yeryuzundebirkacadim.com\/wp-content\/uploads\/2024\/07\/DSC01242-1024x547.jpg 1024w, https:\/\/www.yeryuzundebirkacadim.com\/wp-content\/uploads\/2024\/07\/DSC01242-2048x1094.jpg 2048w, https:\/\/www.yeryuzundebirkacadim.com\/wp-content\/uploads\/2024\/07\/DSC01242-768x410.jpg 768w, https:\/\/www.yeryuzundebirkacadim.com\/wp-content\/uploads\/2024\/07\/DSC01242-1536x820.jpg 1536w, https:\/\/www.yeryuzundebirkacadim.com\/wp-content\/uploads\/2024\/07\/DSC01242-816x436.jpg 816w\" sizes=\"auto, (max-width: 1024px) 100vw, 1024px\" \/><\/p>\n<p>1718 y\u0131llar\u0131nda Pasarof\u00e7a Antla\u015fmas\u0131 ile Belgrad\u2019\u0131n Avusturya&#8217;ya verilmesinden sonra cami 22 y\u0131l boyunca kilise olarak kullan\u0131ld\u0131. Bir\u00e7ok Osmanl\u0131 Camisi bu 22 y\u0131ll\u0131k d\u00f6nemde y\u0131k\u0131lm\u0131\u015f.<\/p>\n<p>Belgrad 1739\u2019da Avusturyal\u0131lar\u2019dan geri al\u0131nd\u0131ktan sonra 1741\u2019de H\u00fcseyin Keth\u00fcda taraf\u0131ndan cami tamir edilmi\u015f ve camiye H\u00fcseyin K\u00e2hya (Keth\u00fcda) Cami denilmi\u015ftir.<\/p>\n<p>Daha sonra Osmanl\u0131 ve Avusturya aras\u0131nda \u00e7\u0131kan sava\u015flarda cami b\u00fcy\u00fck hasarlar g\u00f6rd\u00fc. Osmanl\u0131lar Belgrad\u2019\u0131 1867 y\u0131l\u0131nda tekrar kaybetti. Bu tarihten sonra S\u0131rbistan H\u00fck\u00fcmeti, 1868 y\u0131l\u0131nda Bayrakl\u0131 Camisi&#8217;ni M\u00fcsl\u00fcman cemaatine tahsis etti.<\/p>\n<p>1893-1894 tarihleri aras\u0131nda cami II. Abd\u00fclhamit d\u00f6neminde tamir ettirildi.<\/p>\n<p>Belgrad\u2019da bug\u00fcn hala ibadete a\u00e7\u0131k olan tek camidir.<\/p>\n<p><strong>3. \u015eeyh Mustafa T\u00fcrbesi<\/strong><\/p>\n<p><img loading=\"lazy\" decoding=\"async\" class=\"alignnone size-medium wp-image-6913\" src=\"https:\/\/www.yeryuzundebirkacadim.com\/wp-content\/uploads\/2024\/07\/DSC01239-1024x590.jpg\" alt=\"\" width=\"1024\" height=\"590\" srcset=\"https:\/\/www.yeryuzundebirkacadim.com\/wp-content\/uploads\/2024\/07\/DSC01239-1024x590.jpg 1024w, https:\/\/www.yeryuzundebirkacadim.com\/wp-content\/uploads\/2024\/07\/DSC01239-2048x1180.jpg 2048w, https:\/\/www.yeryuzundebirkacadim.com\/wp-content\/uploads\/2024\/07\/DSC01239-768x442.jpg 768w, https:\/\/www.yeryuzundebirkacadim.com\/wp-content\/uploads\/2024\/07\/DSC01239-1536x885.jpg 1536w, https:\/\/www.yeryuzundebirkacadim.com\/wp-content\/uploads\/2024\/07\/DSC01239-816x470.jpg 816w\" sizes=\"auto, (max-width: 1024px) 100vw, 1024px\" \/><\/p>\n<p>\u015eeyh Mustafa T\u00fcrbesi ise kentin en merkezi yerlerinden birinde bulunuyor. Kitabede yer alan bilgiye g\u00f6re t\u00fcrbe, Kaymakam H\u00fcsn\u00fc Efendi taraf\u0131ndan 1783-1784 y\u0131llar\u0131nda Sadi Tarikat\u0131 Tekkesi&#8217;nin \u015eeyhi ad\u0131na yapt\u0131r\u0131l\u0131yor.<\/p>\n<p>Anlat\u0131lana g\u00f6re, 1930&#8217;larda t\u00fcrbeyi y\u0131kmak isteyen d\u00f6rt belediye g\u00f6revlisi ara\u00e7lar\u0131n\u0131n devrilmesi sonucu \u00f6l\u00fcyor. Ertesi y\u0131l t\u00fcrbeyi y\u0131kmak isteyen bir ba\u015fka belediye g\u00f6revlisinin de \u00f6lmesi sonucu bir daha t\u00fcrbeye dokunulmuyor. Ya\u015fan\u0131ld\u0131\u011f\u0131na inan\u0131lan bu olaylar \u00fczerine her dinden insan\u0131n t\u00fcrbeyi ziyaret edip dua etmesi bir gelenek haline gelmi\u015f.<\/p>\n<p><strong>4. Aziz Sava Katedrali<\/strong><\/p>\n<p>Ad\u0131n\u0131 S\u0131rp Ortodoks Kilisesi\u2019nin kurucusu Aziz Sava\u2019dan al\u0131yor. \u00a0Rastko Nemanjic olarak d\u00fcnyaya gelen Aziz Sava, S\u0131rp h\u00fck\u00fcmdar\u0131 Stefan Nemanja\u2019n\u0131n (S\u0131rbistan&#8217;\u0131n kurucusu olarak kabul edilir) o\u011flu ve Athos Da\u011f\u0131\u2019ndaki Hilandar Manast\u0131r\u0131 kurucusudur. 1219 y\u0131l\u0131nda Bizans \u0130mparatorlu\u011fu\u2019ndan ba\u011f\u0131ms\u0131zl\u0131\u011f\u0131n\u0131 kazanarak S\u0131rp Ortodoks Kilisesi\u2019ni kurdu. Ayn\u0131 y\u0131l S\u0131rplar\u0131n ilk Ba\u015f Piskoposu olarak \u0130stanbul Patri\u011fi taraf\u0131ndan tan\u0131nd\u0131. S\u0131rp e\u011fitimci, aziz, okul ve e\u011fitim kurumlar\u0131n\u0131n kurucusu olarak kabul edilir.<\/p>\n<p>S\u0131rbistan\u2019\u0131n en b\u00fcy\u00fck katedrali olan Sava Katedrali&#8217;nin in\u015fas\u0131na 1935 y\u0131l\u0131nda ba\u015flan\u0131yor. II. D\u00fcnya Sava\u015f\u0131&#8217;n\u0131n ba\u015flamas\u0131 ve \u015fehrin bombalanmas\u0131 neticesinde yap\u0131m\u0131na ara veriliyor. Sonraki y\u0131llarda politik sebeplerden dolay\u0131 yap\u0131m\u0131na m\u00fcsaade edilmiyor. Bu nedenlerle kilise yar\u0131m kal\u0131yor. May\u0131s 1985&#8217;te izni \u00e7\u0131kan in\u015faat tekrar ba\u015fl\u0131yor. O zamandan beri devam eden in\u015faat sadece ba\u011f\u0131\u015flar ile s\u00fcrd\u00fcr\u00fcl\u00fcyor.<\/p>\n<p>10 bin ki\u015finin ibadet edebilece\u011fi b\u00fcy\u00fckl\u00fcktedir.<\/p>\n<p>D\u00fcnyan\u0131n ikinci en b\u00fcy\u00fck Ortodoks Hristiyan kompleksidir. Kubbesi 70 metre y\u00fcksekli\u011findedir.<\/p>\n<p><img loading=\"lazy\" decoding=\"async\" class=\"alignnone size-medium wp-image-6923\" src=\"https:\/\/www.yeryuzundebirkacadim.com\/wp-content\/uploads\/2024\/07\/DSC01213-1024x576.jpg\" alt=\"\" width=\"1024\" height=\"576\" srcset=\"https:\/\/www.yeryuzundebirkacadim.com\/wp-content\/uploads\/2024\/07\/DSC01213-1024x576.jpg 1024w, https:\/\/www.yeryuzundebirkacadim.com\/wp-content\/uploads\/2024\/07\/DSC01213-2048x1152.jpg 2048w, https:\/\/www.yeryuzundebirkacadim.com\/wp-content\/uploads\/2024\/07\/DSC01213-768x432.jpg 768w, https:\/\/www.yeryuzundebirkacadim.com\/wp-content\/uploads\/2024\/07\/DSC01213-1536x864.jpg 1536w, https:\/\/www.yeryuzundebirkacadim.com\/wp-content\/uploads\/2024\/07\/DSC01213-816x459.jpg 816w\" sizes=\"auto, (max-width: 1024px) 100vw, 1024px\" \/><\/p>\n<p>S\u0131rp Bizans tarz\u0131nda yap\u0131lm\u0131\u015f katedral; d\u0131\u015far\u0131dan bak\u0131nca biraz camiyi biraz da Ayasofya&#8217;y\u0131 and\u0131r\u0131yor.<\/p>\n<p>\u0130\u00e7eri girdi\u011fimizde ise muhte\u015fem mozaikleri ile Ayasofya&#8217;ya \u00e7ok benzedi\u011fini fark ediyoruz.<\/p>\n<p><img loading=\"lazy\" decoding=\"async\" class=\"alignnone size-medium wp-image-6924\" src=\"https:\/\/www.yeryuzundebirkacadim.com\/wp-content\/uploads\/2024\/07\/DSC01219-1024x576.jpg\" alt=\"\" width=\"1024\" height=\"576\" srcset=\"https:\/\/www.yeryuzundebirkacadim.com\/wp-content\/uploads\/2024\/07\/DSC01219-1024x576.jpg 1024w, https:\/\/www.yeryuzundebirkacadim.com\/wp-content\/uploads\/2024\/07\/DSC01219-2048x1153.jpg 2048w, https:\/\/www.yeryuzundebirkacadim.com\/wp-content\/uploads\/2024\/07\/DSC01219-768x432.jpg 768w, https:\/\/www.yeryuzundebirkacadim.com\/wp-content\/uploads\/2024\/07\/DSC01219-1536x865.jpg 1536w, https:\/\/www.yeryuzundebirkacadim.com\/wp-content\/uploads\/2024\/07\/DSC01219-816x459.jpg 816w\" sizes=\"auto, (max-width: 1024px) 100vw, 1024px\" \/><\/p>\n<p>2020&#8217;de tamamlanan mozaikler, d\u00fcnyan\u0131n en b\u00fcy\u00fck mozaikleri olarak g\u00f6steriliyor.<\/p>\n<p>Devasa merkezi kubbede Pantokrator \u0130sa (Kainat\u0131n Efendisi) Mozai\u011fi bulunuyor. Buradaki \u0130sa&#8217;n\u0131n g\u00f6zleri 3 metre geni\u015fli\u011findedir.<\/p>\n<p><img loading=\"lazy\" decoding=\"async\" class=\"alignnone size-medium wp-image-6925\" src=\"https:\/\/www.yeryuzundebirkacadim.com\/wp-content\/uploads\/2024\/07\/DSC01221-1024x576.jpg\" alt=\"\" width=\"1024\" height=\"576\" srcset=\"https:\/\/www.yeryuzundebirkacadim.com\/wp-content\/uploads\/2024\/07\/DSC01221-1024x576.jpg 1024w, https:\/\/www.yeryuzundebirkacadim.com\/wp-content\/uploads\/2024\/07\/DSC01221-2048x1152.jpg 2048w, https:\/\/www.yeryuzundebirkacadim.com\/wp-content\/uploads\/2024\/07\/DSC01221-768x432.jpg 768w, https:\/\/www.yeryuzundebirkacadim.com\/wp-content\/uploads\/2024\/07\/DSC01221-1536x864.jpg 1536w, https:\/\/www.yeryuzundebirkacadim.com\/wp-content\/uploads\/2024\/07\/DSC01221-816x459.jpg 816w\" sizes=\"auto, (max-width: 1024px) 100vw, 1024px\" \/><\/p>\n<p><img loading=\"lazy\" decoding=\"async\" class=\"alignnone size-medium wp-image-6926\" src=\"https:\/\/www.yeryuzundebirkacadim.com\/wp-content\/uploads\/2024\/07\/IMG_20211028_100340-1024x768.jpg\" alt=\"\" width=\"1024\" height=\"768\" srcset=\"https:\/\/www.yeryuzundebirkacadim.com\/wp-content\/uploads\/2024\/07\/IMG_20211028_100340-1024x768.jpg 1024w, https:\/\/www.yeryuzundebirkacadim.com\/wp-content\/uploads\/2024\/07\/IMG_20211028_100340-2048x1536.jpg 2048w, https:\/\/www.yeryuzundebirkacadim.com\/wp-content\/uploads\/2024\/07\/IMG_20211028_100340-768x576.jpg 768w, https:\/\/www.yeryuzundebirkacadim.com\/wp-content\/uploads\/2024\/07\/IMG_20211028_100340-1536x1152.jpg 1536w, https:\/\/www.yeryuzundebirkacadim.com\/wp-content\/uploads\/2024\/07\/IMG_20211028_100340-816x612.jpg 816w\" sizes=\"auto, (max-width: 1024px) 100vw, 1024px\" \/><\/p>\n<p><strong>5. Cumhuriyet Meydan\u0131<\/strong><\/p>\n<p>\u015eehrin ana meydan\u0131d\u0131r.<\/p>\n<p>Meydan\u0131n ortas\u0131nda Prens Mihailo\u2019nun at \u00fcst\u00fcndeki heykeli bulunur. Prens Mihailo buradaki Osmanl\u0131 egemenli\u011fine son veren ki\u015fidir. An\u0131t; \u0130talyan heykelt\u0131ra\u015f Enrico Pazzi&#8217;nin eseri olup 1882 y\u0131l\u0131nda yap\u0131lm\u0131\u015f. Prens at \u00fczerinden i\u015faret parma\u011f\u0131 ile Osmanl\u0131lar&#8217;a ait olduklar\u0131 yer olarak \u0130stanbul\u2019u g\u00f6steriyor. Heykelin kaidesinde T\u00fcrkler\u2019den en son al\u0131nan \u015fehirlerin isimleri yaz\u0131l\u0131d\u0131r ve S\u0131rbistan tarihinin baz\u0131 sahneleri canland\u0131r\u0131lm\u0131\u015ft\u0131r.<\/p>\n<p><img loading=\"lazy\" decoding=\"async\" class=\"alignnone size-medium wp-image-6935\" src=\"https:\/\/www.yeryuzundebirkacadim.com\/wp-content\/uploads\/2024\/07\/DSC01432-1024x576.jpg\" alt=\"\" width=\"1024\" height=\"576\" srcset=\"https:\/\/www.yeryuzundebirkacadim.com\/wp-content\/uploads\/2024\/07\/DSC01432-1024x576.jpg 1024w, https:\/\/www.yeryuzundebirkacadim.com\/wp-content\/uploads\/2024\/07\/DSC01432-2048x1153.jpg 2048w, https:\/\/www.yeryuzundebirkacadim.com\/wp-content\/uploads\/2024\/07\/DSC01432-768x432.jpg 768w, https:\/\/www.yeryuzundebirkacadim.com\/wp-content\/uploads\/2024\/07\/DSC01432-1536x864.jpg 1536w, https:\/\/www.yeryuzundebirkacadim.com\/wp-content\/uploads\/2024\/07\/DSC01432-816x459.jpg 816w\" sizes=\"auto, (max-width: 1024px) 100vw, 1024px\" \/><\/p>\n<p>Meydan\u0131n etraf\u0131nda <strong>Belgrad Ulusal M\u00fczesi<\/strong> ve <strong>Ulusal Tiyatro Binas\u0131<\/strong> bulunuyor.<\/p>\n<p><img loading=\"lazy\" decoding=\"async\" class=\"alignnone size-medium wp-image-6928\" src=\"https:\/\/www.yeryuzundebirkacadim.com\/wp-content\/uploads\/2024\/07\/IMG_20211028_192204-1024x768.jpg\" alt=\"\" width=\"1024\" height=\"768\" srcset=\"https:\/\/www.yeryuzundebirkacadim.com\/wp-content\/uploads\/2024\/07\/IMG_20211028_192204-1024x768.jpg 1024w, https:\/\/www.yeryuzundebirkacadim.com\/wp-content\/uploads\/2024\/07\/IMG_20211028_192204-2048x1536.jpg 2048w, https:\/\/www.yeryuzundebirkacadim.com\/wp-content\/uploads\/2024\/07\/IMG_20211028_192204-768x576.jpg 768w, https:\/\/www.yeryuzundebirkacadim.com\/wp-content\/uploads\/2024\/07\/IMG_20211028_192204-1536x1152.jpg 1536w, https:\/\/www.yeryuzundebirkacadim.com\/wp-content\/uploads\/2024\/07\/IMG_20211028_192204-816x612.jpg 816w\" sizes=\"auto, (max-width: 1024px) 100vw, 1024px\" \/><\/p>\n<p><strong>6. Djura Jaksic Evi ve Heykeli<\/strong><\/p>\n<p>Gezerken kar\u015f\u0131m\u0131za tesad\u00fcfen \u00e7\u0131k\u0131yor.<\/p>\n<p>S\u0131rp resminde romantizmin en \u00f6nemli temsilcilerinden. S\u0131rp Bilim ve Sanat Akademisi&#8217;nin olu\u015fturdu\u011fu bir komitenin 1993 y\u0131l\u0131nda belirledi\u011fi 100 \u00f6nemli S\u0131rp&#8217;\u0131n biyografilerini i\u00e7eren &#8220;En \u00fcnl\u00fc 100 S\u0131rp&#8221; kitab\u0131na girmi\u015f isimlerden biriymi\u015f.<\/p>\n<div class=\"rowx\">\n<div class=\"colx w-100 w-two-thirds-l\">\n<div class=\"main-container\">\n<div class=\"main-block w-100\">\n<div class=\"mt25 f17 tj\">\n<div class=\"dn db-l\">\u00dcnl\u00fc S\u0131rp sanat\u00e7\u0131 (1832-1878), Belgrad&#8217;daki hayat\u0131n\u0131n son be\u015f y\u0131l\u0131n\u0131 ailesiyle birlikte burada ge\u00e7irmi\u015f. Evinin \u00f6n\u00fcndeki heykeli 1925&#8217;te buraya dikilmi\u015f.<\/div>\n<\/div>\n<\/div>\n<\/div>\n<\/div>\n<\/div>\n<p><img loading=\"lazy\" decoding=\"async\" class=\"alignnone size-medium wp-image-6929\" src=\"https:\/\/www.yeryuzundebirkacadim.com\/wp-content\/uploads\/2024\/07\/IMG_20211028_195029-1024x768.jpg\" alt=\"\" width=\"1024\" height=\"768\" srcset=\"https:\/\/www.yeryuzundebirkacadim.com\/wp-content\/uploads\/2024\/07\/IMG_20211028_195029-1024x768.jpg 1024w, https:\/\/www.yeryuzundebirkacadim.com\/wp-content\/uploads\/2024\/07\/IMG_20211028_195029-2048x1536.jpg 2048w, https:\/\/www.yeryuzundebirkacadim.com\/wp-content\/uploads\/2024\/07\/IMG_20211028_195029-768x576.jpg 768w, https:\/\/www.yeryuzundebirkacadim.com\/wp-content\/uploads\/2024\/07\/IMG_20211028_195029-1536x1152.jpg 1536w, https:\/\/www.yeryuzundebirkacadim.com\/wp-content\/uploads\/2024\/07\/IMG_20211028_195029-816x612.jpg 816w\" sizes=\"auto, (max-width: 1024px) 100vw, 1024px\" \/><\/p>\n<p><strong>7. Belgrad\u2019\u0131n Bohem K\u00f6\u015fesi Skadarlija<\/strong><\/p>\n<p>19. y\u00fczy\u0131lda Bohem mahalle olarak da \u00fcnlenen Skadarlija, Belgradl\u0131 sanat\u00e7\u0131, yazar ve gazetecilerin u\u011frak yeri imi\u015f.<\/p>\n<p>Arnavut kald\u0131r\u0131ml\u0131 dar sokaklar\u0131nda yol boyunca sa\u011fl\u0131 sollu bar, kafe ve restoranlar ile turistler i\u00e7in gezme, yeme, e\u011flenme yeri. Bir\u00e7ok mekanda canl\u0131 geleneksel m\u00fczik bulunuyor.<\/p>\n<p>Biz de burada kald\u0131\u011f\u0131m\u0131z s\u00fcre boyunca ak\u015famlar\u0131 buraya geldik.<\/p>\n<p>\u0130lk ak\u015fam <strong>Sesir Moj<\/strong> adl\u0131 bir restoranda yerel m\u00fczik e\u015fli\u011finde yeme\u011fimizi yedik.<\/p>\n<p><img loading=\"lazy\" decoding=\"async\" class=\"alignnone size-medium wp-image-6930\" src=\"https:\/\/www.yeryuzundebirkacadim.com\/wp-content\/uploads\/2024\/07\/IMG_20211028_214110-1024x768.jpg\" alt=\"\" width=\"1024\" height=\"768\" srcset=\"https:\/\/www.yeryuzundebirkacadim.com\/wp-content\/uploads\/2024\/07\/IMG_20211028_214110-1024x768.jpg 1024w, https:\/\/www.yeryuzundebirkacadim.com\/wp-content\/uploads\/2024\/07\/IMG_20211028_214110-2048x1536.jpg 2048w, https:\/\/www.yeryuzundebirkacadim.com\/wp-content\/uploads\/2024\/07\/IMG_20211028_214110-768x576.jpg 768w, https:\/\/www.yeryuzundebirkacadim.com\/wp-content\/uploads\/2024\/07\/IMG_20211028_214110-1536x1152.jpg 1536w, https:\/\/www.yeryuzundebirkacadim.com\/wp-content\/uploads\/2024\/07\/IMG_20211028_214110-816x612.jpg 816w\" sizes=\"auto, (max-width: 1024px) 100vw, 1024px\" \/><\/p>\n<p><strong>Belgrad&#8217;da 2. g\u00fcn<\/strong><\/p>\n<p><strong>8. Nikola Tesla M\u00fczesi<\/strong><\/p>\n<p>Kablosuz elektri\u011fin mucidi Nikola Tesla\u2019ya adanm\u0131\u015f m\u00fczede kendisi taraf\u0131ndan yap\u0131lm\u0131\u015f aletlerin \u00e7al\u0131\u015fma modelleri, ki\u015fisel e\u015fyalar\u0131 ve eserleri sergileniyor.<\/p>\n<p>Yine m\u00fczede Tesla&#8217;n\u0131n hayat\u0131n\u0131 konu alan bir film oynat\u0131l\u0131yor.<\/p>\n<p>Zaman\u0131n \u00f6tesine ge\u00e7en bir insan olan Nikola Tesla, insan zekas\u0131n\u0131n doruklar\u0131ndaki bulu\u015flar\u0131na ra\u011fmen her daim m\u00fctevazi bir hayat\u0131 tercih etmi\u015f.<\/p>\n<p>700 bulu\u015fu ile en \u00e7ok patente sahip ki\u015fi olarak tarihe ge\u00e7mi\u015f.<\/p>\n<p><img loading=\"lazy\" decoding=\"async\" class=\"alignnone size-medium wp-image-6932\" src=\"https:\/\/www.yeryuzundebirkacadim.com\/wp-content\/uploads\/2024\/07\/DSC01324-1024x576.jpg\" alt=\"\" width=\"1024\" height=\"576\" srcset=\"https:\/\/www.yeryuzundebirkacadim.com\/wp-content\/uploads\/2024\/07\/DSC01324-1024x576.jpg 1024w, https:\/\/www.yeryuzundebirkacadim.com\/wp-content\/uploads\/2024\/07\/DSC01324-2048x1152.jpg 2048w, https:\/\/www.yeryuzundebirkacadim.com\/wp-content\/uploads\/2024\/07\/DSC01324-768x432.jpg 768w, https:\/\/www.yeryuzundebirkacadim.com\/wp-content\/uploads\/2024\/07\/DSC01324-1536x864.jpg 1536w, https:\/\/www.yeryuzundebirkacadim.com\/wp-content\/uploads\/2024\/07\/DSC01324-816x459.jpg 816w\" sizes=\"auto, (max-width: 1024px) 100vw, 1024px\" \/> \u00a0<img loading=\"lazy\" decoding=\"async\" class=\"alignnone size-medium wp-image-6934\" src=\"https:\/\/www.yeryuzundebirkacadim.com\/wp-content\/uploads\/2024\/07\/DSC01331-rotated-e1722436516108-540x1024.jpg\" alt=\"\" width=\"540\" height=\"1024\" srcset=\"https:\/\/www.yeryuzundebirkacadim.com\/wp-content\/uploads\/2024\/07\/DSC01331-rotated-e1722436516108-540x1024.jpg 540w, https:\/\/www.yeryuzundebirkacadim.com\/wp-content\/uploads\/2024\/07\/DSC01331-rotated-e1722436516108-1079x2048.jpg 1079w, https:\/\/www.yeryuzundebirkacadim.com\/wp-content\/uploads\/2024\/07\/DSC01331-rotated-e1722436516108-768x1457.jpg 768w, https:\/\/www.yeryuzundebirkacadim.com\/wp-content\/uploads\/2024\/07\/DSC01331-rotated-e1722436516108-810x1536.jpg 810w, https:\/\/www.yeryuzundebirkacadim.com\/wp-content\/uploads\/2024\/07\/DSC01331-rotated-e1722436516108-527x999.jpg 527w, https:\/\/www.yeryuzundebirkacadim.com\/wp-content\/uploads\/2024\/07\/DSC01331-rotated-e1722436516108.jpg 1267w\" sizes=\"auto, (max-width: 540px) 100vw, 540px\" \/><\/p>\n<div class=\"rowx\">\n<div class=\"colx w-100 w-two-thirds-l\">\n<div class=\"main-container\">\n<div class=\"main-block\">\n<div class=\"relative pt35-s pb15-s pv50-ns tc plt-bg-dark-gray\"><strong>9. Ta\u015f Meydan Park\u0131 (<\/strong><strong>Tasmajdan Park\u0131)<\/strong><\/div>\n<div><\/div>\n<\/div>\n<\/div>\n<\/div>\n<\/div>\n<p>Ta\u015f Meydan&#8217;\u0131n ilk kez ta\u015f oca\u011f\u0131 olarak kullan\u0131ld\u0131\u011f\u0131 Roma D\u00f6nemi&#8217;ne kadar uzanan bir ge\u00e7mi\u015fi var.<\/p>\n<p>T\u00fcm eski binalar\u0131n ta\u015flar\u0131n\u0131n buradan \u00e7\u0131kart\u0131ld\u0131\u011f\u0131 s\u00f6ylenmektedir.<\/p>\n<p>2010\u20132011&#8217;de t\u00fcm park b\u00fcy\u00fck bir yenilenmeden ge\u00e7mi\u015f.<\/p>\n<p>Park\u0131n i\u00e7inde Ortodoks Kilisesi olan Aziz Mark Kilisesi var.<\/p>\n<p><strong>10. Aziz Mark Kilisesi<\/strong><\/p>\n<p>Kosova&#8217;daki Gracanica Manast\u0131r\u0131&#8217;n\u0131n kilisesinin\u00a0 tasar\u0131m\u0131na dayanan bu devasa be\u015f kubbeli kilise Krstik karde\u015fler taraf\u0131ndan S\u0131rp-Bizans tarz\u0131nda in\u015fa edilmi\u015f olup, 1940 y\u0131l\u0131nda tamamlanm\u0131\u015f.<\/p>\n<p>1835&#8217;ten kalma eski bir kilisenin y\u0131k\u0131ld\u0131\u011f\u0131 yerde bulunan kilise, \u00fclkenin en b\u00fcy\u00fck kiliselerinden biri.<\/p>\n<p><img loading=\"lazy\" decoding=\"async\" class=\"alignnone size-medium wp-image-6937\" src=\"https:\/\/www.yeryuzundebirkacadim.com\/wp-content\/uploads\/2024\/07\/DSC01361-1024x576.jpg\" alt=\"\" width=\"1024\" height=\"576\" srcset=\"https:\/\/www.yeryuzundebirkacadim.com\/wp-content\/uploads\/2024\/07\/DSC01361-1024x576.jpg 1024w, https:\/\/www.yeryuzundebirkacadim.com\/wp-content\/uploads\/2024\/07\/DSC01361-2048x1152.jpg 2048w, https:\/\/www.yeryuzundebirkacadim.com\/wp-content\/uploads\/2024\/07\/DSC01361-768x432.jpg 768w, https:\/\/www.yeryuzundebirkacadim.com\/wp-content\/uploads\/2024\/07\/DSC01361-1536x864.jpg 1536w, https:\/\/www.yeryuzundebirkacadim.com\/wp-content\/uploads\/2024\/07\/DSC01361-816x459.jpg 816w\" sizes=\"auto, (max-width: 1024px) 100vw, 1024px\" \/><\/p>\n<p><img loading=\"lazy\" decoding=\"async\" class=\"alignnone size-medium wp-image-6936\" src=\"https:\/\/www.yeryuzundebirkacadim.com\/wp-content\/uploads\/2024\/07\/DSC01351-1024x576.jpg\" alt=\"\" width=\"1024\" height=\"576\" srcset=\"https:\/\/www.yeryuzundebirkacadim.com\/wp-content\/uploads\/2024\/07\/DSC01351-1024x576.jpg 1024w, https:\/\/www.yeryuzundebirkacadim.com\/wp-content\/uploads\/2024\/07\/DSC01351-2048x1152.jpg 2048w, https:\/\/www.yeryuzundebirkacadim.com\/wp-content\/uploads\/2024\/07\/DSC01351-768x432.jpg 768w, https:\/\/www.yeryuzundebirkacadim.com\/wp-content\/uploads\/2024\/07\/DSC01351-1536x864.jpg 1536w, https:\/\/www.yeryuzundebirkacadim.com\/wp-content\/uploads\/2024\/07\/DSC01351-816x459.jpg 816w\" sizes=\"auto, (max-width: 1024px) 100vw, 1024px\" \/><\/p>\n<p>G\u00fczerg\u00e2h\u0131m\u0131z boyunca ilerlerken bir\u00e7ok g\u00fczel bina g\u00f6r\u00fcyoruz.<\/p>\n<p><strong>S\u0131rbistan Parlamento Binas\u0131<\/strong><\/p>\n<p><img loading=\"lazy\" decoding=\"async\" class=\"alignnone size-medium wp-image-6938\" src=\"https:\/\/www.yeryuzundebirkacadim.com\/wp-content\/uploads\/2024\/07\/DSC01367-1024x576.jpg\" alt=\"\" width=\"1024\" height=\"576\" srcset=\"https:\/\/www.yeryuzundebirkacadim.com\/wp-content\/uploads\/2024\/07\/DSC01367-1024x576.jpg 1024w, https:\/\/www.yeryuzundebirkacadim.com\/wp-content\/uploads\/2024\/07\/DSC01367-2048x1152.jpg 2048w, https:\/\/www.yeryuzundebirkacadim.com\/wp-content\/uploads\/2024\/07\/DSC01367-768x432.jpg 768w, https:\/\/www.yeryuzundebirkacadim.com\/wp-content\/uploads\/2024\/07\/DSC01367-1536x864.jpg 1536w, https:\/\/www.yeryuzundebirkacadim.com\/wp-content\/uploads\/2024\/07\/DSC01367-816x459.jpg 816w\" sizes=\"auto, (max-width: 1024px) 100vw, 1024px\" \/><\/p>\n<p><strong>Bir Vak\u0131f Evi (Vuk Vakf\u0131 Evi)<\/strong><\/p>\n<p>Ho\u015fumuza giden bu vak\u0131f evinin giri\u015fi a\u00e7\u0131kt\u0131 ve bah\u00e7esine girdik.<\/p>\n<p><img loading=\"lazy\" decoding=\"async\" class=\"alignnone size-medium wp-image-6939\" src=\"https:\/\/www.yeryuzundebirkacadim.com\/wp-content\/uploads\/2024\/07\/DSC01372-1024x576.jpg\" alt=\"\" width=\"1024\" height=\"576\" srcset=\"https:\/\/www.yeryuzundebirkacadim.com\/wp-content\/uploads\/2024\/07\/DSC01372-1024x576.jpg 1024w, https:\/\/www.yeryuzundebirkacadim.com\/wp-content\/uploads\/2024\/07\/DSC01372-2048x1153.jpg 2048w, https:\/\/www.yeryuzundebirkacadim.com\/wp-content\/uploads\/2024\/07\/DSC01372-768x432.jpg 768w, https:\/\/www.yeryuzundebirkacadim.com\/wp-content\/uploads\/2024\/07\/DSC01372-1536x864.jpg 1536w, https:\/\/www.yeryuzundebirkacadim.com\/wp-content\/uploads\/2024\/07\/DSC01372-816x459.jpg 816w\" sizes=\"auto, (max-width: 1024px) 100vw, 1024px\" \/> <img loading=\"lazy\" decoding=\"async\" class=\"alignnone size-medium wp-image-6940\" src=\"https:\/\/www.yeryuzundebirkacadim.com\/wp-content\/uploads\/2024\/07\/DSC01380-1024x576.jpg\" alt=\"\" width=\"1024\" height=\"576\" srcset=\"https:\/\/www.yeryuzundebirkacadim.com\/wp-content\/uploads\/2024\/07\/DSC01380-1024x576.jpg 1024w, https:\/\/www.yeryuzundebirkacadim.com\/wp-content\/uploads\/2024\/07\/DSC01380-2048x1152.jpg 2048w, https:\/\/www.yeryuzundebirkacadim.com\/wp-content\/uploads\/2024\/07\/DSC01380-768x432.jpg 768w, https:\/\/www.yeryuzundebirkacadim.com\/wp-content\/uploads\/2024\/07\/DSC01380-1536x864.jpg 1536w, https:\/\/www.yeryuzundebirkacadim.com\/wp-content\/uploads\/2024\/07\/DSC01380-816x459.jpg 816w\" sizes=\"auto, (max-width: 1024px) 100vw, 1024px\" \/><\/p>\n<p>\u00c7ok ho\u015f mimariye sahip bir banka binas\u0131<\/p>\n<p><img loading=\"lazy\" decoding=\"async\" class=\"alignnone size-medium wp-image-6941\" src=\"https:\/\/www.yeryuzundebirkacadim.com\/wp-content\/uploads\/2024\/07\/DSC01384-1024x576.jpg\" alt=\"\" width=\"1024\" height=\"576\" srcset=\"https:\/\/www.yeryuzundebirkacadim.com\/wp-content\/uploads\/2024\/07\/DSC01384-1024x576.jpg 1024w, https:\/\/www.yeryuzundebirkacadim.com\/wp-content\/uploads\/2024\/07\/DSC01384-2048x1152.jpg 2048w, https:\/\/www.yeryuzundebirkacadim.com\/wp-content\/uploads\/2024\/07\/DSC01384-768x432.jpg 768w, https:\/\/www.yeryuzundebirkacadim.com\/wp-content\/uploads\/2024\/07\/DSC01384-1536x864.jpg 1536w, https:\/\/www.yeryuzundebirkacadim.com\/wp-content\/uploads\/2024\/07\/DSC01384-816x459.jpg 816w\" sizes=\"auto, (max-width: 1024px) 100vw, 1024px\" \/><\/p>\n<p><strong>11. Terazije (Teras) Meydan\u0131 ve Caddesi<\/strong><\/p>\n<p>Belgrad\u2019\u0131n en \u00fcnl\u00fc oteli olan Hotel Moskva\u2019n\u0131n ve tarihi \u00e7e\u015fmenin \u00f6n\u00fcnde bulunan, ad\u0131n\u0131 T\u00fcrk\u00e7e&#8217;den alan Terazije Meydan\u0131. Meydan\u0131n \u00f6n\u00fcnden ge\u00e7en ayn\u0131 isimde\u00a0 caddesi de var. Bu caddenin devam\u0131nda \u00fcnl\u00fc Knez Mihailova Caddesi geliyor.<\/p>\n<p>Buras\u0131 19. y\u00fczy\u0131l\u0131n ilk yar\u0131s\u0131nda kentsel bir alan olarak \u015fekillenmeye ba\u015flad\u0131. 1840\u2019l\u0131 y\u0131llarda T\u00fcrk n\u00fcfusu ile kar\u0131\u015f\u0131k olan Belgrad yerle\u015fim yerleri eski kale hende\u011fi ile ku\u015fat\u0131lm\u0131\u015f olan b\u00f6lge i\u00e7inde ya\u015f\u0131yordu.<\/p>\n<p>Prens Milos Obrenovic, \u015fehir n\u00fcfusunu bu mevcut alan\u0131n d\u0131\u015f\u0131na ta\u015f\u0131mak istemi\u015f. Bug\u00fcnk\u00fc Terazije Meydan\u0131\u2019na yeni evler ve d\u00fckkanlar yap\u0131labilmesi i\u00e7in bu meydan \u00e7evresini yerle\u015fime a\u00e7m\u0131\u015f ve halk\u0131 te\u015fvik etmi\u015f.<\/p>\n<p>Meydan\u0131n ortas\u0131ndaki \u00e7e\u015fmenin bulundu\u011fu yerde kentin su da\u011f\u0131t\u0131m\u0131 i\u00e7in 1840\u2019larda Osmanl\u0131lar&#8217;\u0131n in\u015fa etti\u011fi su kulesi vermi\u015f.<\/p>\n<p><strong>12. Moskva Oteli<\/strong><\/p>\n<p><img loading=\"lazy\" decoding=\"async\" class=\"alignnone size-medium wp-image-6942\" src=\"https:\/\/www.yeryuzundebirkacadim.com\/wp-content\/uploads\/2024\/07\/DSC01394-1024x576.jpg\" alt=\"\" width=\"1024\" height=\"576\" srcset=\"https:\/\/www.yeryuzundebirkacadim.com\/wp-content\/uploads\/2024\/07\/DSC01394-1024x576.jpg 1024w, https:\/\/www.yeryuzundebirkacadim.com\/wp-content\/uploads\/2024\/07\/DSC01394-2048x1152.jpg 2048w, https:\/\/www.yeryuzundebirkacadim.com\/wp-content\/uploads\/2024\/07\/DSC01394-768x432.jpg 768w, https:\/\/www.yeryuzundebirkacadim.com\/wp-content\/uploads\/2024\/07\/DSC01394-1536x864.jpg 1536w, https:\/\/www.yeryuzundebirkacadim.com\/wp-content\/uploads\/2024\/07\/DSC01394-816x459.jpg 816w\" sizes=\"auto, (max-width: 1024px) 100vw, 1024px\" \/><\/p>\n<p>Buras\u0131; Rossiya Saray\u0131 (Rosija Palas) olarak Rus \u0130mparatorlu\u011fu&#8217;nun S\u0131rp ekonomisine yapt\u0131\u011f\u0131 katk\u0131 ile 1908&#8217;de a\u00e7\u0131ld\u0131.<\/p>\n<p>S\u0131rbistan Kral\u0131 I. Petro taraf\u0131ndan a\u00e7\u0131l\u0131\u015f\u0131 yap\u0131ld\u0131 ve \u00fc\u00e7 g\u00fcn sonra burada Kraliyet S\u0131rp Ordusu&#8217;nun Kral Muhaf\u0131zlar\u0131 taraf\u0131ndan bir konser verildi.<\/p>\n<p>S\u0131rp gazetesi buradan &#8220;Balkanlar&#8217;daki en pahal\u0131 ve en g\u00fczel Rus Evi&#8221; olarak bahsetti.<\/p>\n<p>Saray ayn\u0131 zamanda \u00f6nemli bir siyasi hamleydi. Kral I. Petro ve ba\u015fbakan Nikola Pasic&#8217;in S\u0131rbistan&#8217;\u0131n d\u0131\u015f ve ekonomik politikalar\u0131n\u0131 Rus \u0130mparatorlu\u011fu&#8217;na \u00e7evirip, Avusturya-Macaristan&#8217;dan uzakla\u015fmas\u0131n\u0131n bir g\u00f6stergesiydi.<\/p>\n<p>Otel; 1908&#8217;de Rossiya Palas kompleksinin i\u00e7inde 36 odal\u0131 bir han iken sonunda tesisin tamam\u0131n\u0131 kaplayacak \u015fekilde geni\u015fledi. Ekim 1945&#8217;te K\u0131z\u0131l Ordu&#8217;nun Belgrad&#8217;\u0131 Nazi kontrol\u00fcnden kurtarmas\u0131n\u0131n 1. y\u0131l d\u00f6n\u00fcm\u00fcnde yeniden a\u00e7\u0131ld\u0131. Ad\u0131 da resmi olarak Hotel Moskva olarak de\u011fi\u015ftirildi.<\/p>\n<p>2009-2010 y\u0131llar\u0131 boyunca yeniden \u00f6zelle\u015ftirilmesinden d\u00f6rt y\u0131l sonra otel kapsaml\u0131 bir \u015fekilde yenilemeden ge\u00e7ti.<\/p>\n<p>Moskva Oteli&#8217;nin \u00fcn\u00fcne \u00fcn katan \u00fcnl\u00fcler olmu\u015f.\u00a0Burada bir\u00e7ok \u00fcnl\u00fc kalm\u0131\u015f. Albert Eistein, Robert De Niro, Jack Nicholson, Yaser Arafat, Alfred Hitchcock, Nikola Tesla, Orson Welles, Albert Camus, Maksim Gorki, \u0130ndira Gandhi, Michael Douglas ve Brad Pitt.<\/p>\n<p>Otelde kalamasak da kafesine u\u011fray\u0131p etraftaki havay\u0131 solumadan duram\u0131yoruz.<\/p>\n<p><strong><img loading=\"lazy\" decoding=\"async\" class=\"alignnone size-medium wp-image-6945\" src=\"https:\/\/www.yeryuzundebirkacadim.com\/wp-content\/uploads\/2024\/07\/IMG_20211031_125702-1024x768.jpg\" alt=\"\" width=\"1024\" height=\"768\" srcset=\"https:\/\/www.yeryuzundebirkacadim.com\/wp-content\/uploads\/2024\/07\/IMG_20211031_125702-1024x768.jpg 1024w, https:\/\/www.yeryuzundebirkacadim.com\/wp-content\/uploads\/2024\/07\/IMG_20211031_125702-2048x1536.jpg 2048w, https:\/\/www.yeryuzundebirkacadim.com\/wp-content\/uploads\/2024\/07\/IMG_20211031_125702-768x576.jpg 768w, https:\/\/www.yeryuzundebirkacadim.com\/wp-content\/uploads\/2024\/07\/IMG_20211031_125702-1536x1152.jpg 1536w, https:\/\/www.yeryuzundebirkacadim.com\/wp-content\/uploads\/2024\/07\/IMG_20211031_125702-816x612.jpg 816w\" sizes=\"auto, (max-width: 1024px) 100vw, 1024px\" \/><\/strong><\/p>\n<p>\u00d6\u011fle yeme\u011fini <strong>Zovicaj Restoran<\/strong>da yiyoruz.<\/p>\n<p><img loading=\"lazy\" decoding=\"async\" class=\"alignnone size-medium wp-image-6952\" src=\"https:\/\/www.yeryuzundebirkacadim.com\/wp-content\/uploads\/2024\/08\/DSC01397-1024x576.jpg\" alt=\"\" width=\"1024\" height=\"576\" srcset=\"https:\/\/www.yeryuzundebirkacadim.com\/wp-content\/uploads\/2024\/08\/DSC01397-1024x576.jpg 1024w, https:\/\/www.yeryuzundebirkacadim.com\/wp-content\/uploads\/2024\/08\/DSC01397-2048x1152.jpg 2048w, https:\/\/www.yeryuzundebirkacadim.com\/wp-content\/uploads\/2024\/08\/DSC01397-768x432.jpg 768w, https:\/\/www.yeryuzundebirkacadim.com\/wp-content\/uploads\/2024\/08\/DSC01397-1536x864.jpg 1536w, https:\/\/www.yeryuzundebirkacadim.com\/wp-content\/uploads\/2024\/08\/DSC01397-816x459.jpg 816w\" sizes=\"auto, (max-width: 1024px) 100vw, 1024px\" \/><\/p>\n<p><strong>13. Stefan Nemanja Heykeli<\/strong><\/p>\n<p>Belgrad&#8217;daki Sava Meydan\u0131&#8217;nda, eski Ana Tren \u0130stasyonu&#8217;nun \u00f6n\u00fcnde yer al\u0131yor. S\u0131rp Nemanjic Hanedan\u0131&#8217;n\u0131n kurucusu B\u00fcy\u00fck S\u0131rp Prensi Stefan Nemanja&#8217;ya adanm\u0131\u015ft\u0131r. 2021&#8217;de in\u015fa edildi. An\u0131t, Stefan Nemanja&#8217;y\u0131 sa\u011f elinde bir k\u0131l\u0131\u00e7, sol elinde ise Hilander Manast\u0131r\u0131 T\u00fcz\u00fc\u011f\u00fc tutarken asil k\u0131yafetler i\u00e7inde tasvir ediyor.<\/p>\n<p><img loading=\"lazy\" decoding=\"async\" class=\"alignnone size-medium wp-image-6943\" src=\"https:\/\/www.yeryuzundebirkacadim.com\/wp-content\/uploads\/2024\/07\/DSC01400-1024x576.jpg\" alt=\"\" width=\"1024\" height=\"576\" srcset=\"https:\/\/www.yeryuzundebirkacadim.com\/wp-content\/uploads\/2024\/07\/DSC01400-1024x576.jpg 1024w, https:\/\/www.yeryuzundebirkacadim.com\/wp-content\/uploads\/2024\/07\/DSC01400-2048x1152.jpg 2048w, https:\/\/www.yeryuzundebirkacadim.com\/wp-content\/uploads\/2024\/07\/DSC01400-768x432.jpg 768w, https:\/\/www.yeryuzundebirkacadim.com\/wp-content\/uploads\/2024\/07\/DSC01400-1536x864.jpg 1536w, https:\/\/www.yeryuzundebirkacadim.com\/wp-content\/uploads\/2024\/07\/DSC01400-816x459.jpg 816w\" sizes=\"auto, (max-width: 1024px) 100vw, 1024px\" \/><\/p>\n<p>Sahil ve \u00e7evresinde biraz gezdik.<\/p>\n<p><img loading=\"lazy\" decoding=\"async\" class=\"alignnone size-medium wp-image-6954\" src=\"https:\/\/www.yeryuzundebirkacadim.com\/wp-content\/uploads\/2024\/08\/DSC01425-1024x576.jpg\" alt=\"\" width=\"1024\" height=\"576\" srcset=\"https:\/\/www.yeryuzundebirkacadim.com\/wp-content\/uploads\/2024\/08\/DSC01425-1024x576.jpg 1024w, https:\/\/www.yeryuzundebirkacadim.com\/wp-content\/uploads\/2024\/08\/DSC01425-2048x1152.jpg 2048w, https:\/\/www.yeryuzundebirkacadim.com\/wp-content\/uploads\/2024\/08\/DSC01425-768x432.jpg 768w, https:\/\/www.yeryuzundebirkacadim.com\/wp-content\/uploads\/2024\/08\/DSC01425-1536x864.jpg 1536w, https:\/\/www.yeryuzundebirkacadim.com\/wp-content\/uploads\/2024\/08\/DSC01425-816x459.jpg 816w\" sizes=\"auto, (max-width: 1024px) 100vw, 1024px\" \/><\/p>\n<p><img loading=\"lazy\" decoding=\"async\" class=\"alignnone size-medium wp-image-6955\" src=\"https:\/\/www.yeryuzundebirkacadim.com\/wp-content\/uploads\/2024\/08\/DSC01415-1024x576.jpg\" alt=\"\" width=\"1024\" height=\"576\" srcset=\"https:\/\/www.yeryuzundebirkacadim.com\/wp-content\/uploads\/2024\/08\/DSC01415-1024x576.jpg 1024w, https:\/\/www.yeryuzundebirkacadim.com\/wp-content\/uploads\/2024\/08\/DSC01415-2048x1152.jpg 2048w, https:\/\/www.yeryuzundebirkacadim.com\/wp-content\/uploads\/2024\/08\/DSC01415-768x432.jpg 768w, https:\/\/www.yeryuzundebirkacadim.com\/wp-content\/uploads\/2024\/08\/DSC01415-1536x864.jpg 1536w, https:\/\/www.yeryuzundebirkacadim.com\/wp-content\/uploads\/2024\/08\/DSC01415-816x459.jpg 816w\" sizes=\"auto, (max-width: 1024px) 100vw, 1024px\" \/><\/p>\n<p><img loading=\"lazy\" decoding=\"async\" class=\"alignnone size-medium wp-image-6956\" src=\"https:\/\/www.yeryuzundebirkacadim.com\/wp-content\/uploads\/2024\/08\/DSC01410-1024x576.jpg\" alt=\"\" width=\"1024\" height=\"576\" srcset=\"https:\/\/www.yeryuzundebirkacadim.com\/wp-content\/uploads\/2024\/08\/DSC01410-1024x576.jpg 1024w, https:\/\/www.yeryuzundebirkacadim.com\/wp-content\/uploads\/2024\/08\/DSC01410-2048x1152.jpg 2048w, https:\/\/www.yeryuzundebirkacadim.com\/wp-content\/uploads\/2024\/08\/DSC01410-768x432.jpg 768w, https:\/\/www.yeryuzundebirkacadim.com\/wp-content\/uploads\/2024\/08\/DSC01410-1536x864.jpg 1536w, https:\/\/www.yeryuzundebirkacadim.com\/wp-content\/uploads\/2024\/08\/DSC01410-816x459.jpg 816w\" sizes=\"auto, (max-width: 1024px) 100vw, 1024px\" \/><\/p>\n<p><strong>14. Knez Mihailova Caddesi<\/strong><\/p>\n<p>Belgrad\u2019\u0131n trafi\u011fe kapal\u0131 en canl\u0131 al\u0131\u015fveri\u015f caddesi Knez Mihailova\u2019n\u0131n bir ucu Kalemagdan\u2019a di\u011fer ucu ise Cumhuriyet Meydan\u0131\u2019na uzan\u0131yor. Osmanl\u0131lar d\u00f6neminde kale duvarlar\u0131 i\u00e7erisinde kal\u0131yormu\u015f.<\/p>\n<p>S\u0131rbistan Prensi III. Mihailov\u2019un ad\u0131n\u0131 ta\u015f\u0131yan cadde, 20. y\u00fczy\u0131l\u0131n ba\u015flar\u0131nda Vlada Mitic\u2019in bu lokasyonda ilk ma\u011fazay\u0131 a\u00e7mas\u0131yla birlikte Belgrad \u015fehrinin al\u0131\u015fveri\u015f noktalar\u0131ndan biri haline gelmi\u015f.<\/p>\n<p><img loading=\"lazy\" decoding=\"async\" class=\"alignnone size-medium wp-image-6944\" src=\"https:\/\/www.yeryuzundebirkacadim.com\/wp-content\/uploads\/2024\/07\/DSC01443-1024x576.jpg\" alt=\"\" width=\"1024\" height=\"576\" srcset=\"https:\/\/www.yeryuzundebirkacadim.com\/wp-content\/uploads\/2024\/07\/DSC01443-1024x576.jpg 1024w, https:\/\/www.yeryuzundebirkacadim.com\/wp-content\/uploads\/2024\/07\/DSC01443-2048x1152.jpg 2048w, https:\/\/www.yeryuzundebirkacadim.com\/wp-content\/uploads\/2024\/07\/DSC01443-768x432.jpg 768w, https:\/\/www.yeryuzundebirkacadim.com\/wp-content\/uploads\/2024\/07\/DSC01443-1536x864.jpg 1536w, https:\/\/www.yeryuzundebirkacadim.com\/wp-content\/uploads\/2024\/07\/DSC01443-816x459.jpg 816w\" sizes=\"auto, (max-width: 1024px) 100vw, 1024px\" \/><\/p>\n<p>Ak\u015fam yine Skadarlija&#8217;day\u0131z ve <strong>Velika Skadarlija Restoran&#8217;a<\/strong>\u00a0gidiyoruz.<\/p>\n<p><img loading=\"lazy\" decoding=\"async\" class=\"alignnone size-medium wp-image-6957\" src=\"https:\/\/www.yeryuzundebirkacadim.com\/wp-content\/uploads\/2024\/08\/IMG_20211029_195520-768x1024.jpg\" alt=\"\" width=\"768\" height=\"1024\" srcset=\"https:\/\/www.yeryuzundebirkacadim.com\/wp-content\/uploads\/2024\/08\/IMG_20211029_195520-768x1024.jpg 768w, https:\/\/www.yeryuzundebirkacadim.com\/wp-content\/uploads\/2024\/08\/IMG_20211029_195520-1536x2048.jpg 1536w, https:\/\/www.yeryuzundebirkacadim.com\/wp-content\/uploads\/2024\/08\/IMG_20211029_195520-1152x1536.jpg 1152w, https:\/\/www.yeryuzundebirkacadim.com\/wp-content\/uploads\/2024\/08\/IMG_20211029_195520-749x999.jpg 749w, https:\/\/www.yeryuzundebirkacadim.com\/wp-content\/uploads\/2024\/08\/IMG_20211029_195520.jpg 1770w\" sizes=\"auto, (max-width: 768px) 100vw, 768px\" \/><\/p>\n<p><strong>Belgrad&#8217;da 3. g\u00fcn<\/strong><\/p>\n<p>Bug\u00fcn g\u00fcn\u00fcbirlik Karlof\u00e7a ve Novi Sad turumuz vard\u0131.<\/p>\n<p>Ak\u015fam solu\u011fu Skadarlija&#8217;da al\u0131yoruz yinee.<\/p>\n<p><strong>Little Bay Restoran<\/strong>&#8216;a gidiyoruz. Piyano ve e\u015flik eden ses sanat\u00e7\u0131lar\u0131 ile leziz yemeklere sahip \u00e7ok nezih bir mekan.<\/p>\n<p><strong>Belgrad&#8217;da 4. g\u00fcn<\/strong><\/p>\n<p>Bug\u00fcn d\u00f6n\u00fc\u015f g\u00fcn\u00fcm\u00fcz. \u00d6\u011flene kadar \u015fehirde bir yere yeti\u015fme, g\u00f6rme tela\u015fesi olmadan geziyoruz.<\/p>\n<p>\u00d6\u011fle yeme\u011finde ise yine g\u00fczel, de\u011fi\u015fik bir restorana gidiyoruz.<\/p>\n<p><strong>Lorenzo and Kakalamba<\/strong><\/p>\n<p><img loading=\"lazy\" decoding=\"async\" class=\"alignnone size-medium wp-image-6964\" src=\"https:\/\/www.yeryuzundebirkacadim.com\/wp-content\/uploads\/2024\/08\/IMG_20211031_161507-1024x768.jpg\" alt=\"\" width=\"1024\" height=\"768\" srcset=\"https:\/\/www.yeryuzundebirkacadim.com\/wp-content\/uploads\/2024\/08\/IMG_20211031_161507-1024x768.jpg 1024w, https:\/\/www.yeryuzundebirkacadim.com\/wp-content\/uploads\/2024\/08\/IMG_20211031_161507-2048x1536.jpg 2048w, https:\/\/www.yeryuzundebirkacadim.com\/wp-content\/uploads\/2024\/08\/IMG_20211031_161507-768x576.jpg 768w, https:\/\/www.yeryuzundebirkacadim.com\/wp-content\/uploads\/2024\/08\/IMG_20211031_161507-1536x1152.jpg 1536w, https:\/\/www.yeryuzundebirkacadim.com\/wp-content\/uploads\/2024\/08\/IMG_20211031_161507-816x612.jpg 816w\" sizes=\"auto, (max-width: 1024px) 100vw, 1024px\" \/><\/p>\n<p>\u0130\u00e7eri girer girmez de\u011fi\u015fik ve renkli bir dekorasyon ile kar\u015f\u0131la\u015f\u0131yoruz. \u00d6nce mek\u00e2n\u0131 dola\u015f\u0131p, bol bol foto\u011fraf \u00e7ekip ard\u0131ndan masam\u0131za oturuyoruz.<\/p>\n<p><img loading=\"lazy\" decoding=\"async\" class=\"alignnone size-medium wp-image-6959\" src=\"https:\/\/www.yeryuzundebirkacadim.com\/wp-content\/uploads\/2024\/08\/IMG_20211031_144908-1024x768.jpg\" alt=\"\" width=\"1024\" height=\"768\" srcset=\"https:\/\/www.yeryuzundebirkacadim.com\/wp-content\/uploads\/2024\/08\/IMG_20211031_144908-1024x768.jpg 1024w, https:\/\/www.yeryuzundebirkacadim.com\/wp-content\/uploads\/2024\/08\/IMG_20211031_144908-2048x1536.jpg 2048w, https:\/\/www.yeryuzundebirkacadim.com\/wp-content\/uploads\/2024\/08\/IMG_20211031_144908-768x576.jpg 768w, https:\/\/www.yeryuzundebirkacadim.com\/wp-content\/uploads\/2024\/08\/IMG_20211031_144908-1536x1152.jpg 1536w, https:\/\/www.yeryuzundebirkacadim.com\/wp-content\/uploads\/2024\/08\/IMG_20211031_144908-816x612.jpg 816w\" sizes=\"auto, (max-width: 1024px) 100vw, 1024px\" \/><\/p>\n<p><img loading=\"lazy\" decoding=\"async\" class=\"alignnone size-medium wp-image-6960\" src=\"https:\/\/www.yeryuzundebirkacadim.com\/wp-content\/uploads\/2024\/08\/IMG_20211031_145546-768x1024.jpg\" alt=\"\" width=\"768\" height=\"1024\" srcset=\"https:\/\/www.yeryuzundebirkacadim.com\/wp-content\/uploads\/2024\/08\/IMG_20211031_145546-768x1024.jpg 768w, https:\/\/www.yeryuzundebirkacadim.com\/wp-content\/uploads\/2024\/08\/IMG_20211031_145546-1536x2048.jpg 1536w, https:\/\/www.yeryuzundebirkacadim.com\/wp-content\/uploads\/2024\/08\/IMG_20211031_145546-1152x1536.jpg 1152w, https:\/\/www.yeryuzundebirkacadim.com\/wp-content\/uploads\/2024\/08\/IMG_20211031_145546-749x999.jpg 749w, https:\/\/www.yeryuzundebirkacadim.com\/wp-content\/uploads\/2024\/08\/IMG_20211031_145546.jpg 1866w\" sizes=\"auto, (max-width: 768px) 100vw, 768px\" \/><\/p>\n<p><img loading=\"lazy\" decoding=\"async\" class=\"alignnone size-medium wp-image-6961\" src=\"https:\/\/www.yeryuzundebirkacadim.com\/wp-content\/uploads\/2024\/08\/IMG_20211031_145642-1024x768.jpg\" alt=\"\" width=\"1024\" height=\"768\" srcset=\"https:\/\/www.yeryuzundebirkacadim.com\/wp-content\/uploads\/2024\/08\/IMG_20211031_145642-1024x768.jpg 1024w, https:\/\/www.yeryuzundebirkacadim.com\/wp-content\/uploads\/2024\/08\/IMG_20211031_145642-2048x1536.jpg 2048w, https:\/\/www.yeryuzundebirkacadim.com\/wp-content\/uploads\/2024\/08\/IMG_20211031_145642-768x576.jpg 768w, https:\/\/www.yeryuzundebirkacadim.com\/wp-content\/uploads\/2024\/08\/IMG_20211031_145642-1536x1152.jpg 1536w, https:\/\/www.yeryuzundebirkacadim.com\/wp-content\/uploads\/2024\/08\/IMG_20211031_145642-816x612.jpg 816w\" sizes=\"auto, (max-width: 1024px) 100vw, 1024px\" \/><\/p>\n<p><img loading=\"lazy\" decoding=\"async\" class=\"alignnone size-medium wp-image-6962\" src=\"https:\/\/www.yeryuzundebirkacadim.com\/wp-content\/uploads\/2024\/08\/IMG_20211031_151630-1024x768.jpg\" alt=\"\" width=\"1024\" height=\"768\" srcset=\"https:\/\/www.yeryuzundebirkacadim.com\/wp-content\/uploads\/2024\/08\/IMG_20211031_151630-1024x768.jpg 1024w, https:\/\/www.yeryuzundebirkacadim.com\/wp-content\/uploads\/2024\/08\/IMG_20211031_151630-2048x1536.jpg 2048w, https:\/\/www.yeryuzundebirkacadim.com\/wp-content\/uploads\/2024\/08\/IMG_20211031_151630-768x576.jpg 768w, https:\/\/www.yeryuzundebirkacadim.com\/wp-content\/uploads\/2024\/08\/IMG_20211031_151630-1536x1152.jpg 1536w, https:\/\/www.yeryuzundebirkacadim.com\/wp-content\/uploads\/2024\/08\/IMG_20211031_151630-816x612.jpg 816w\" sizes=\"auto, (max-width: 1024px) 100vw, 1024px\" \/><\/p>\n<p><img loading=\"lazy\" decoding=\"async\" class=\"alignnone size-medium wp-image-6963\" src=\"https:\/\/www.yeryuzundebirkacadim.com\/wp-content\/uploads\/2024\/08\/IMG_20211031_151805-1024x768.jpg\" alt=\"\" width=\"1024\" height=\"768\" srcset=\"https:\/\/www.yeryuzundebirkacadim.com\/wp-content\/uploads\/2024\/08\/IMG_20211031_151805-1024x768.jpg 1024w, https:\/\/www.yeryuzundebirkacadim.com\/wp-content\/uploads\/2024\/08\/IMG_20211031_151805-2048x1536.jpg 2048w, https:\/\/www.yeryuzundebirkacadim.com\/wp-content\/uploads\/2024\/08\/IMG_20211031_151805-768x576.jpg 768w, https:\/\/www.yeryuzundebirkacadim.com\/wp-content\/uploads\/2024\/08\/IMG_20211031_151805-1536x1152.jpg 1536w, https:\/\/www.yeryuzundebirkacadim.com\/wp-content\/uploads\/2024\/08\/IMG_20211031_151805-816x612.jpg 816w\" sizes=\"auto, (max-width: 1024px) 100vw, 1024px\" \/><\/p>\n<p>Buradaki grup arkada\u015flar\u0131m\u0131z; tur s\u0131ras\u0131nda tan\u0131\u015ft\u0131\u011f\u0131m\u0131z, \u00e7abucak kayna\u015ft\u0131\u011f\u0131m\u0131z, tur boyunca bir\u00e7ok yeri beraber gezdi\u011fimiz, o k\u0131sac\u0131k anlarda \u00e7ok samimi payla\u015f\u0131mlarda bulundu\u011fumuz g\u00fczel insanlar. Bu \u015fahane ekip ile birlikteli\u011fimizden \u00e7ok keyif ald\u0131k.<\/p>\n<p><img loading=\"lazy\" decoding=\"async\" class=\"alignnone size-medium wp-image-6965\" src=\"https:\/\/www.yeryuzundebirkacadim.com\/wp-content\/uploads\/2024\/08\/IMG-20211031-WA0042-1024x768.jpg\" alt=\"\" width=\"1024\" height=\"768\" srcset=\"https:\/\/www.yeryuzundebirkacadim.com\/wp-content\/uploads\/2024\/08\/IMG-20211031-WA0042-1024x768.jpg 1024w, https:\/\/www.yeryuzundebirkacadim.com\/wp-content\/uploads\/2024\/08\/IMG-20211031-WA0042-768x576.jpg 768w, https:\/\/www.yeryuzundebirkacadim.com\/wp-content\/uploads\/2024\/08\/IMG-20211031-WA0042-1536x1152.jpg 1536w, https:\/\/www.yeryuzundebirkacadim.com\/wp-content\/uploads\/2024\/08\/IMG-20211031-WA0042-816x612.jpg 816w, https:\/\/www.yeryuzundebirkacadim.com\/wp-content\/uploads\/2024\/08\/IMG-20211031-WA0042.jpg 2048w\" sizes=\"auto, (max-width: 1024px) 100vw, 1024px\" \/><\/p>\n<p>&nbsp;<\/p>\n<p>&nbsp;<\/p>\n<p>&nbsp;<\/p>\n<p>&nbsp;<\/p>\n","protected":false},"excerpt":{"rendered":"<p>BELGRAD (28-31 Ekim 2021) K\u0131sa k\u0131sa&#8230; S\u0131rbistan\u2019\u0131n ba\u015fkenti Belgrad, Sava ve Tuna nehirlerinin birle\u015fti\u011fi yerde kurulmu\u015f. 7000 y\u0131ll\u0131k tarihi ge\u00e7mi\u015fi ile Avrupa\u2019n\u0131n en eski \u015fehirleri aras\u0131nda say\u0131l\u0131yor. Osmanl\u0131\u2019n\u0131n y\u00fczy\u0131llarca hakimiyet s\u00fcrd\u00fc\u011f\u00fc \u015fehir her ge\u00e7en g\u00fcn pop\u00fcler bir rota haline geliyor. Osmanl\u0131\u2019n\u0131n yakla\u015f\u0131k 350 y\u0131l bu \u015fehirde hakimiyeti sayesinde onlarla benzer bir k\u00fclt\u00fcre sahibiz.<\/p>\n","protected":false},"author":1,"featured_media":6916,"comment_status":"closed","ping_status":"closed","sticky":false,"template":"","format":"standard","meta":{"footnotes":""},"categories":[884,883],"tags":[888,887,885,645,886,893,894,891,890,889,892],"class_list":["post-6896","post","type-post","status-publish","format-standard","has-post-thumbnail","hentry","category-belgrad-sirbistan","category-sirbistan","tag-azizsava","tag-bayraklicami","tag-belgrad","tag-gezilecekyerler","tag-kalemegdan","tag-knezmihajlova","tag-lorenzokakalamba","tag-moskvaoteli","tag-nikolatesla","tag-skadarlija","tag-stefannemanja"],"_links":{"self":[{"href":"https:\/\/www.yeryuzundebirkacadim.com\/index.php\/wp-json\/wp\/v2\/posts\/6896","targetHints":{"allow":["GET"]}}],"collection":[{"href":"https:\/\/www.yeryuzundebirkacadim.com\/index.php\/wp-json\/wp\/v2\/posts"}],"about":[{"href":"https:\/\/www.yeryuzundebirkacadim.com\/index.php\/wp-json\/wp\/v2\/types\/post"}],"author":[{"embeddable":true,"href":"https:\/\/www.yeryuzundebirkacadim.com\/index.php\/wp-json\/wp\/v2\/users\/1"}],"replies":[{"embeddable":true,"href":"https:\/\/www.yeryuzundebirkacadim.com\/index.php\/wp-json\/wp\/v2\/comments?post=6896"}],"version-history":[{"count":40,"href":"https:\/\/www.yeryuzundebirkacadim.com\/index.php\/wp-json\/wp\/v2\/posts\/6896\/revisions"}],"predecessor-version":[{"id":7024,"href":"https:\/\/www.yeryuzundebirkacadim.com\/index.php\/wp-json\/wp\/v2\/posts\/6896\/revisions\/7024"}],"wp:featuredmedia":[{"embeddable":true,"href":"https:\/\/www.yeryuzundebirkacadim.com\/index.php\/wp-json\/wp\/v2\/media\/6916"}],"wp:attachment":[{"href":"https:\/\/www.yeryuzundebirkacadim.com\/index.php\/wp-json\/wp\/v2\/media?parent=6896"}],"wp:term":[{"taxonomy":"category","embeddable":true,"href":"https:\/\/www.yeryuzundebirkacadim.com\/index.php\/wp-json\/wp\/v2\/categories?post=6896"},{"taxonomy":"post_tag","embeddable":true,"href":"https:\/\/www.yeryuzundebirkacadim.com\/index.php\/wp-json\/wp\/v2\/tags?post=6896"}],"curies":[{"name":"wp","href":"https:\/\/api.w.org\/{rel}","templated":true}]}}