


{"id":6774,"date":"2024-07-24T10:51:20","date_gmt":"2024-07-24T07:51:20","guid":{"rendered":"https:\/\/www.yeryuzundebirkacadim.com\/?p=6774"},"modified":"2024-08-19T13:55:05","modified_gmt":"2024-08-19T10:55:05","slug":"viyana","status":"publish","type":"post","link":"https:\/\/www.yeryuzundebirkacadim.com\/index.php\/2024\/07\/24\/viyana\/","title":{"rendered":"Viyana"},"content":{"rendered":"<p><strong>V\u0130YANA<\/strong><\/p>\n<p>Yak\u0131n tarihinde \u00fcnl\u00fc Babenberg&#8217;lerin ve Habsburg Hanedanl\u0131\u011f\u0131&#8217;n\u0131n\u00a0\u00a0(1153-1918) y\u00f6netimi alt\u0131nda kalan Viyana, 300 y\u0131ldan fazla bir s\u00fcre (1483-1806) boyunca Kutsal Roma \u0130mparatorlu\u011fu&#8217;nun merkezi olmu\u015ftur.<\/p>\n<p><!--more--><\/p>\n<p>Viyana, 18. ve 19. y\u00fczy\u0131llarda sanat, klasik m\u00fczik ve opera arac\u0131l\u0131\u011f\u0131yla Avrupa&#8217;n\u0131n k\u00fclt\u00fcrel merkezlerinden biri haline geldi. Vals ve Viyana Balolar\u0131 burada do\u011fdu ve Viyana \u015fehir merkezi\u00a0\u00a0\u00a0Mozart, Beethoven, Brahms ve Strauss gibi\u00a0m\u00fczisyenlere ev sahipli\u011fi yapt\u0131.<\/p>\n<p>\u0130mparator I. Franz Joseph ve e\u015fi Elizabeth (Sisi), 1800&#8217;lerde Viyana&#8217;y\u0131 modernle\u015ftirmek i\u00e7in en b\u00fcy\u00fck de\u011fi\u015fiklikleri yapt\u0131lar. Orta \u00e7a\u011f kale duvar\u0131n\u0131n yerine ring caddesi ve g\u00fczel binalar yapt\u0131lar. Yak\u0131ndaki saraylar\u0131 onard\u0131lar ve yeni b\u00fcy\u00fck binalara yer a\u00e7mak i\u00e7in Eski Kent&#8217;teki evleri y\u0131kt\u0131lar. Bu d\u00f6n\u00fc\u015f\u00fcm s\u0131ras\u0131nda Avusturya \u0130mparatorlu\u011fu ile Macar Krall\u0131\u011f\u0131 birle\u015fti ve Viyana&#8217;n\u0131n n\u00fcfusu h\u0131zla artt\u0131. \u0130ki D\u00fcnya Sava\u015f\u0131&#8217;n\u0131 kaybetmek, \u015fehrin 200 y\u0131ll\u0131k h\u0131zl\u0131 ilerlemesini b\u00fcy\u00fck \u00f6l\u00e7\u00fcde sekteye u\u011frat\u0131rken, modern bir ikinci geli\u015f, tarihi Viyana Eski Kenti&#8217;ni bir kez daha ziyaret edilecek d\u00fcnya standartlar\u0131nda bir yer haline getirdi.<\/p>\n<p>M\u00fcnih-Salzburg-Hallstatt-Bad Ischl-St. Wolfgang-Mondsee-Gmunden&#8217;den sonra son dura\u011f\u0131m\u0131z Viyana. Daha \u00f6nce tur ile geldi\u011fimiz, h\u0131zl\u0131ca gezdi\u011fimiz Viyana&#8217;ya bu sefer doyabilmek i\u00e7in 2 g\u00fcn ay\u0131rd\u0131k.<\/p>\n<p><strong>Viyana&#8217;da 1. G\u00fcn\u00a0<\/strong><\/p>\n<p><strong>1. Sch\u00f6nbrunn Saray\u0131<\/strong><\/p>\n<p>\u015eehir merkezine yakla\u015f\u0131k 9 km mesafede. Ancak toplu ta\u015f\u0131m ile \u015fehirde her yere \u00e7ok rahat gidiyoruz.<\/p>\n<p>Daha \u00f6nceki geli\u015fimizde bah\u00e7elerine hayran oldu\u011fum bir sarayd\u0131 buras\u0131.<\/p>\n<p>Saray; Habsburg hanedan\u0131n\u0131n ba\u015fl\u0131ca imparatorluk yazl\u0131k ikametg\u00e2h\u0131yd\u0131 ve Habsburglular bu 1441 odal\u0131 sarayda oldu\u011fu gibi, yapt\u0131klar\u0131 her \u015feyde m\u00fckemmellik aray\u0131\u015f\u0131nda oldular.<\/p>\n<p><img loading=\"lazy\" decoding=\"async\" class=\"alignnone size-medium wp-image-6780\" src=\"https:\/\/www.yeryuzundebirkacadim.com\/wp-content\/uploads\/2024\/07\/IMG_20240620_100518-1024x576.jpg\" alt=\"\" width=\"1024\" height=\"576\" srcset=\"https:\/\/www.yeryuzundebirkacadim.com\/wp-content\/uploads\/2024\/07\/IMG_20240620_100518-1024x576.jpg 1024w, https:\/\/www.yeryuzundebirkacadim.com\/wp-content\/uploads\/2024\/07\/IMG_20240620_100518-2048x1153.jpg 2048w, https:\/\/www.yeryuzundebirkacadim.com\/wp-content\/uploads\/2024\/07\/IMG_20240620_100518-768x432.jpg 768w, https:\/\/www.yeryuzundebirkacadim.com\/wp-content\/uploads\/2024\/07\/IMG_20240620_100518-1536x865.jpg 1536w, https:\/\/www.yeryuzundebirkacadim.com\/wp-content\/uploads\/2024\/07\/IMG_20240620_100518-816x459.jpg 816w\" sizes=\"auto, (max-width: 1024px) 100vw, 1024px\" \/><\/p>\n<p>1569&#8217;da, Kutsal Roma \u0130mparatoru II. Maximilian g\u00fcn\u00fcm\u00fczde saray\u0131n bulundu\u011fu b\u00f6lgede kaynayan bir su g\u00f6r\u00fcp, sudan biraz i\u00e7mi\u015f ve tad\u0131n\u0131 be\u011fenerek, suyun \u00fcst\u00fcn\u00fcne bir \u00e7e\u015fme yap\u0131lmas\u0131n\u0131 emretmi\u015f. \u00c7e\u015fme; g\u00fczel \u00e7e\u015fme yani <strong>Sch\u00f6nbrunn<\/strong> ad\u0131 verilmi\u015f.<\/p>\n<p>Daha sonra buraya kale yap\u0131lm\u0131\u015f. Ancak 1683&#8217;teki II. Viyana Ku\u015fatmas\u0131 s\u0131ras\u0131nda kale ve bah\u00e7eleri kullan\u0131lamaz hale gelecek \u015fekilde hasar g\u00f6rm\u00fc\u015f.<\/p>\n<p>Hasardan sonra Sch\u00f6nbrunn Saray\u0131&#8217;n\u0131n ve bah\u00e7esinin yap\u0131m\u0131 ancak 1744-1749 y\u0131llar\u0131 aras\u0131nda \u0130mparatori\u00e7e Maria Teresa taraf\u0131ndan tamamlat\u0131labilmi\u015f.<\/p>\n<p><img loading=\"lazy\" decoding=\"async\" class=\"size-medium wp-image-6781\" src=\"https:\/\/www.yeryuzundebirkacadim.com\/wp-content\/uploads\/2024\/07\/IMG_5258-1024x576.jpg\" alt=\"\" width=\"1024\" height=\"576\" srcset=\"https:\/\/www.yeryuzundebirkacadim.com\/wp-content\/uploads\/2024\/07\/IMG_5258-1024x576.jpg 1024w, https:\/\/www.yeryuzundebirkacadim.com\/wp-content\/uploads\/2024\/07\/IMG_5258-2048x1152.jpg 2048w, https:\/\/www.yeryuzundebirkacadim.com\/wp-content\/uploads\/2024\/07\/IMG_5258-768x432.jpg 768w, https:\/\/www.yeryuzundebirkacadim.com\/wp-content\/uploads\/2024\/07\/IMG_5258-1536x864.jpg 1536w, https:\/\/www.yeryuzundebirkacadim.com\/wp-content\/uploads\/2024\/07\/IMG_5258-816x459.jpg 816w\" sizes=\"auto, (max-width: 1024px) 100vw, 1024px\" \/><\/p>\n<p>\u0130mparator I. Karl, 1918&#8217;de taht\u0131 b\u0131rakt\u0131\u011f\u0131n\u0131 bildiren ve Habsburg Hanedan\u0131\u00a0hakimiyetine son veren anla\u015fmay\u0131 burada imzalam\u0131\u015ft\u0131r.<\/p>\n<p>1955&#8217;te Avusturya Cumhuriyeti&#8217;nin yeniden kurulmas\u0131yla saray, m\u00fcze oldu.<\/p>\n<p>Sch\u00f6nbrunn Saray\u0131 ve Bah\u00e7esi 1996 y\u0131l\u0131nda Unesco D\u00fcnya Miras\u0131&#8217;na dahil edildi.<\/p>\n<p>Saray, g\u00fczel Barok mimarisi, g\u00f6z alabildi\u011fine uzanan geni\u015f bah\u00e7eleri ve s\u00fcsl\u00fc i\u00e7 mekanlar\u0131yla tan\u0131n\u0131yor.<\/p>\n<p><img loading=\"lazy\" decoding=\"async\" class=\"size-medium wp-image-6782\" src=\"https:\/\/www.yeryuzundebirkacadim.com\/wp-content\/uploads\/2024\/07\/IMG_5271-1024x576.jpg\" alt=\"\" width=\"1024\" height=\"576\" srcset=\"https:\/\/www.yeryuzundebirkacadim.com\/wp-content\/uploads\/2024\/07\/IMG_5271-1024x576.jpg 1024w, https:\/\/www.yeryuzundebirkacadim.com\/wp-content\/uploads\/2024\/07\/IMG_5271-2048x1151.jpg 2048w, https:\/\/www.yeryuzundebirkacadim.com\/wp-content\/uploads\/2024\/07\/IMG_5271-768x432.jpg 768w, https:\/\/www.yeryuzundebirkacadim.com\/wp-content\/uploads\/2024\/07\/IMG_5271-1536x864.jpg 1536w, https:\/\/www.yeryuzundebirkacadim.com\/wp-content\/uploads\/2024\/07\/IMG_5271-816x459.jpg 816w\" sizes=\"auto, (max-width: 1024px) 100vw, 1024px\" \/><\/p>\n<p>Y\u00fczy\u0131llar boyunca Avrupa&#8217;n\u0131n geni\u015f bir b\u00f6l\u00fcm\u00fcn\u00fc y\u00f6neten Habsburglar\u2019\u0131n ne kadar m\u00fcreffeh ve etkili oldu\u011funu g\u00f6steren en b\u00fcy\u00fck saraylardan biridir.<\/p>\n<p>Sch\u00f6nbrunn Saray\u0131&#8217;n\u0131n ilgi \u00e7eken k\u0131sm\u0131 \u00f6zellikle g\u00fczel ve devasa bah\u00e7eleridir. Gezmek bir hayli zaman al\u0131yor.<\/p>\n<p>Bu muhte\u015fem bah\u00e7elerde; m\u00fczelerden hayvanat bah\u00e7elerine kadar pek \u00e7ok \u00e7e\u015fit alan bulunuyor.<\/p>\n<p><strong>Nept\u00fcn \u00c7e\u015fmesi<\/strong><\/p>\n<p><img loading=\"lazy\" decoding=\"async\" class=\"size-medium wp-image-6783\" src=\"https:\/\/www.yeryuzundebirkacadim.com\/wp-content\/uploads\/2024\/07\/IMG_5264-1024x554.jpg\" alt=\"\" width=\"1024\" height=\"554\" srcset=\"https:\/\/www.yeryuzundebirkacadim.com\/wp-content\/uploads\/2024\/07\/IMG_5264-1024x554.jpg 1024w, https:\/\/www.yeryuzundebirkacadim.com\/wp-content\/uploads\/2024\/07\/IMG_5264-2048x1108.jpg 2048w, https:\/\/www.yeryuzundebirkacadim.com\/wp-content\/uploads\/2024\/07\/IMG_5264-768x416.jpg 768w, https:\/\/www.yeryuzundebirkacadim.com\/wp-content\/uploads\/2024\/07\/IMG_5264-1536x831.jpg 1536w, https:\/\/www.yeryuzundebirkacadim.com\/wp-content\/uploads\/2024\/07\/IMG_5264-816x441.jpg 816w\" sizes=\"auto, (max-width: 1024px) 100vw, 1024px\" \/><\/p>\n<p>Bah\u00e7e i\u00e7erisinde 1776 y\u0131l\u0131nda in\u015fa edilmi\u015f bir Nept\u00fcn \u00c7e\u015fme\u2019si bulunuyor. Nept\u00fcn heykelinin etraf\u0131nda bir grup heykel var.<\/p>\n<p><strong>Gloriette<\/strong><\/p>\n<p>\u00c7e\u015fmenin arka taraf\u0131nda ise tepesindeki seyir teras\u0131na \u00e7\u0131k\u0131ld\u0131\u011f\u0131nda harika bir \u015fehir manzaras\u0131 sunan Gloriette bulunuyor.<\/p>\n<p>(Gloriette;\u00a0bir bah\u00e7edeki y\u00fcksek bir b\u00f6lgede yer alan binalara verilen ad.)<\/p>\n<p><img loading=\"lazy\" decoding=\"async\" class=\"size-medium wp-image-6784\" src=\"https:\/\/www.yeryuzundebirkacadim.com\/wp-content\/uploads\/2024\/07\/IMG_5291-1024x576.jpg\" alt=\"\" width=\"1024\" height=\"576\" srcset=\"https:\/\/www.yeryuzundebirkacadim.com\/wp-content\/uploads\/2024\/07\/IMG_5291-1024x576.jpg 1024w, https:\/\/www.yeryuzundebirkacadim.com\/wp-content\/uploads\/2024\/07\/IMG_5291-768x432.jpg 768w, https:\/\/www.yeryuzundebirkacadim.com\/wp-content\/uploads\/2024\/07\/IMG_5291-1536x864.jpg 1536w, https:\/\/www.yeryuzundebirkacadim.com\/wp-content\/uploads\/2024\/07\/IMG_5291-816x459.jpg 816w, https:\/\/www.yeryuzundebirkacadim.com\/wp-content\/uploads\/2024\/07\/IMG_5291.jpg 2016w\" sizes=\"auto, (max-width: 1024px) 100vw, 1024px\" \/><\/p>\n<p>1775\u2019te in\u015fa edilen yap\u0131 zafer tak\u0131 konseptindedir ve \u00e7evresindeki militarist dekor ve heykeller, binan\u0131n bir sava\u015f an\u0131t\u0131 olarak g\u00f6r\u00fcnmesini sa\u011flar.<\/p>\n<p>\u0130mparator Franz Joseph buray\u0131 kahvalt\u0131 salonu olarak kullanm\u0131\u015ft\u0131r.<\/p>\n<p><img loading=\"lazy\" decoding=\"async\" class=\"size-medium wp-image-6785\" src=\"https:\/\/www.yeryuzundebirkacadim.com\/wp-content\/uploads\/2024\/07\/IMG_5294-1024x576.jpg\" alt=\"\" width=\"1024\" height=\"576\" srcset=\"https:\/\/www.yeryuzundebirkacadim.com\/wp-content\/uploads\/2024\/07\/IMG_5294-1024x576.jpg 1024w, https:\/\/www.yeryuzundebirkacadim.com\/wp-content\/uploads\/2024\/07\/IMG_5294-2048x1151.jpg 2048w, https:\/\/www.yeryuzundebirkacadim.com\/wp-content\/uploads\/2024\/07\/IMG_5294-768x432.jpg 768w, https:\/\/www.yeryuzundebirkacadim.com\/wp-content\/uploads\/2024\/07\/IMG_5294-1536x864.jpg 1536w, https:\/\/www.yeryuzundebirkacadim.com\/wp-content\/uploads\/2024\/07\/IMG_5294-816x459.jpg 816w\" sizes=\"auto, (max-width: 1024px) 100vw, 1024px\" \/><\/p>\n<p><img loading=\"lazy\" decoding=\"async\" class=\"size-medium wp-image-6786\" src=\"https:\/\/www.yeryuzundebirkacadim.com\/wp-content\/uploads\/2024\/07\/IMG_5299-1024x576.jpg\" alt=\"\" width=\"1024\" height=\"576\" srcset=\"https:\/\/www.yeryuzundebirkacadim.com\/wp-content\/uploads\/2024\/07\/IMG_5299-1024x576.jpg 1024w, https:\/\/www.yeryuzundebirkacadim.com\/wp-content\/uploads\/2024\/07\/IMG_5299-2048x1151.jpg 2048w, https:\/\/www.yeryuzundebirkacadim.com\/wp-content\/uploads\/2024\/07\/IMG_5299-768x432.jpg 768w, https:\/\/www.yeryuzundebirkacadim.com\/wp-content\/uploads\/2024\/07\/IMG_5299-1536x864.jpg 1536w, https:\/\/www.yeryuzundebirkacadim.com\/wp-content\/uploads\/2024\/07\/IMG_5299-816x459.jpg 816w\" sizes=\"auto, (max-width: 1024px) 100vw, 1024px\" \/><\/p>\n<p>G\u00fcn\u00fcm\u00fczde burada bir kafe var.<\/p>\n<p><img loading=\"lazy\" decoding=\"async\" class=\"size-medium wp-image-6788\" src=\"https:\/\/www.yeryuzundebirkacadim.com\/wp-content\/uploads\/2024\/07\/IMG_5304-576x1024.jpg\" alt=\"\" width=\"576\" height=\"1024\" srcset=\"https:\/\/www.yeryuzundebirkacadim.com\/wp-content\/uploads\/2024\/07\/IMG_5304-576x1024.jpg 576w, https:\/\/www.yeryuzundebirkacadim.com\/wp-content\/uploads\/2024\/07\/IMG_5304-1152x2048.jpg 1152w, https:\/\/www.yeryuzundebirkacadim.com\/wp-content\/uploads\/2024\/07\/IMG_5304-768x1365.jpg 768w, https:\/\/www.yeryuzundebirkacadim.com\/wp-content\/uploads\/2024\/07\/IMG_5304-864x1536.jpg 864w, https:\/\/www.yeryuzundebirkacadim.com\/wp-content\/uploads\/2024\/07\/IMG_5304-562x999.jpg 562w, https:\/\/www.yeryuzundebirkacadim.com\/wp-content\/uploads\/2024\/07\/IMG_5304.jpg 1157w\" sizes=\"auto, (max-width: 576px) 100vw, 576px\" \/><\/p>\n<p>T\u00fcrk mutfa\u011f\u0131n\u0131n tat ve \u00e7e\u015fidiyle yar\u0131\u015famazlar ama pastalar\u0131 ger\u00e7ekten \u00e7ok g\u00fczel.<\/p>\n<p><img loading=\"lazy\" decoding=\"async\" class=\"alignnone size-medium wp-image-6787\" src=\"https:\/\/www.yeryuzundebirkacadim.com\/wp-content\/uploads\/2024\/07\/IMG_20240620_105605-1024x576.jpg\" alt=\"\" width=\"1024\" height=\"576\" srcset=\"https:\/\/www.yeryuzundebirkacadim.com\/wp-content\/uploads\/2024\/07\/IMG_20240620_105605-1024x576.jpg 1024w, https:\/\/www.yeryuzundebirkacadim.com\/wp-content\/uploads\/2024\/07\/IMG_20240620_105605-2048x1153.jpg 2048w, https:\/\/www.yeryuzundebirkacadim.com\/wp-content\/uploads\/2024\/07\/IMG_20240620_105605-768x432.jpg 768w, https:\/\/www.yeryuzundebirkacadim.com\/wp-content\/uploads\/2024\/07\/IMG_20240620_105605-1536x865.jpg 1536w, https:\/\/www.yeryuzundebirkacadim.com\/wp-content\/uploads\/2024\/07\/IMG_20240620_105605-816x459.jpg 816w\" sizes=\"auto, (max-width: 1024px) 100vw, 1024px\" \/><\/p>\n<p>Gloriette&#8217;den saray ve Viyana siluetinin manzaras\u0131 e\u015fsiz.<\/p>\n<p><img loading=\"lazy\" decoding=\"async\" class=\"alignnone size-medium wp-image-6789\" src=\"https:\/\/www.yeryuzundebirkacadim.com\/wp-content\/uploads\/2024\/07\/IMG_20240620_104641-1024x576.jpg\" alt=\"\" width=\"1024\" height=\"576\" srcset=\"https:\/\/www.yeryuzundebirkacadim.com\/wp-content\/uploads\/2024\/07\/IMG_20240620_104641-1024x576.jpg 1024w, https:\/\/www.yeryuzundebirkacadim.com\/wp-content\/uploads\/2024\/07\/IMG_20240620_104641-2048x1153.jpg 2048w, https:\/\/www.yeryuzundebirkacadim.com\/wp-content\/uploads\/2024\/07\/IMG_20240620_104641-768x432.jpg 768w, https:\/\/www.yeryuzundebirkacadim.com\/wp-content\/uploads\/2024\/07\/IMG_20240620_104641-1536x865.jpg 1536w, https:\/\/www.yeryuzundebirkacadim.com\/wp-content\/uploads\/2024\/07\/IMG_20240620_104641-816x459.jpg 816w\" sizes=\"auto, (max-width: 1024px) 100vw, 1024px\" \/><\/p>\n<p><strong>2. Belvedere Saray\u0131<\/strong><\/p>\n<p><img loading=\"lazy\" decoding=\"async\" class=\"size-medium wp-image-6790\" src=\"https:\/\/www.yeryuzundebirkacadim.com\/wp-content\/uploads\/2024\/07\/IMG_5314-1024x576.jpg\" alt=\"\" width=\"1024\" height=\"576\" \/><\/p>\n<p><span style=\"font-size: 16px;\">18. y\u00fczy\u0131l\u0131n ba\u015flar\u0131nda Savoy Prensi Eugene&#8217;nin yazl\u0131k ikametg\u00e2h\u0131 olarak in\u015fa edilmi\u015ftir. (<\/span><span style=\"font-size: 16px;\">Napoleon Bonaparte, Eugene&#8217;i d\u00fcnyan\u0131n gelmi\u015f ge\u00e7mi\u015f en b\u00fcy\u00fck 7 generali aras\u0131nda g\u00f6sterir.) <\/span>Osmanl\u0131 ile \u00e7ok sava\u015fm\u0131\u015ft\u0131r.<\/p>\n<p>Belvedere Saray\u0131, Sch\u00f6nbrunn Saray\u0131&#8217;na g\u00f6re \u00e7ok daha k\u00fc\u00e7\u00fck. Ancak Viyana&#8217;daki en iyi sanat ve k\u00fclt\u00fcrel eser koleksiyonlar\u0131ndan baz\u0131lar\u0131n\u0131 bar\u0131nd\u0131r\u0131yor.<\/p>\n<p>Barok mimariye sahip saray\u0131n g\u00f6z al\u0131c\u0131 bah\u00e7eleri bulunuyor. Bah\u00e7elerin her iki taraf\u0131nda Yukar\u0131 Belvedere ve A\u015fa\u011f\u0131 Belvedere olmak \u00fczere iki ayr\u0131 saray bulunuyor.<\/p>\n<p>Saray, 19. y\u00fczy\u0131ldan beri m\u00fcze olarak kullan\u0131l\u0131yor . Her iki saray i\u00e7in ayr\u0131 veya kombine bilet almak gerekiyor.<\/p>\n<p>Giri\u015f kap\u0131s\u0131na yak\u0131n olan Yukar\u0131 Belvedere Saray\u0131.<\/p>\n<div id=\"attachment_6882\" style=\"width: 1034px\" class=\"wp-caption alignnone\"><img loading=\"lazy\" decoding=\"async\" aria-describedby=\"caption-attachment-6882\" class=\"size-medium wp-image-6882\" src=\"https:\/\/www.yeryuzundebirkacadim.com\/wp-content\/uploads\/2024\/07\/IMG_5314-1-1024x576.jpg\" alt=\"\" width=\"1024\" height=\"576\" srcset=\"https:\/\/www.yeryuzundebirkacadim.com\/wp-content\/uploads\/2024\/07\/IMG_5314-1-1024x576.jpg 1024w, https:\/\/www.yeryuzundebirkacadim.com\/wp-content\/uploads\/2024\/07\/IMG_5314-1-2048x1151.jpg 2048w, https:\/\/www.yeryuzundebirkacadim.com\/wp-content\/uploads\/2024\/07\/IMG_5314-1-768x432.jpg 768w, https:\/\/www.yeryuzundebirkacadim.com\/wp-content\/uploads\/2024\/07\/IMG_5314-1-1536x864.jpg 1536w, https:\/\/www.yeryuzundebirkacadim.com\/wp-content\/uploads\/2024\/07\/IMG_5314-1-816x459.jpg 816w\" sizes=\"auto, (max-width: 1024px) 100vw, 1024px\" \/><p id=\"caption-attachment-6882\" class=\"wp-caption-text\"><span style=\"font-size: 16px;\">Saray\u0131n bah\u00e7eleri \u00fccretsiz.<\/span><\/p><\/div>\n<p><img loading=\"lazy\" decoding=\"async\" class=\"size-medium wp-image-6793\" src=\"https:\/\/www.yeryuzundebirkacadim.com\/wp-content\/uploads\/2024\/07\/IMG_5317-1024x576.jpg\" alt=\"\" width=\"1024\" height=\"576\" srcset=\"https:\/\/www.yeryuzundebirkacadim.com\/wp-content\/uploads\/2024\/07\/IMG_5317-1024x576.jpg 1024w, https:\/\/www.yeryuzundebirkacadim.com\/wp-content\/uploads\/2024\/07\/IMG_5317-2048x1152.jpg 2048w, https:\/\/www.yeryuzundebirkacadim.com\/wp-content\/uploads\/2024\/07\/IMG_5317-768x432.jpg 768w, https:\/\/www.yeryuzundebirkacadim.com\/wp-content\/uploads\/2024\/07\/IMG_5317-1536x864.jpg 1536w, https:\/\/www.yeryuzundebirkacadim.com\/wp-content\/uploads\/2024\/07\/IMG_5317-816x459.jpg 816w\" sizes=\"auto, (max-width: 1024px) 100vw, 1024px\" \/><\/p>\n<p><img loading=\"lazy\" decoding=\"async\" class=\"size-medium wp-image-6791\" src=\"https:\/\/www.yeryuzundebirkacadim.com\/wp-content\/uploads\/2024\/07\/IMG_5378-1024x576.jpg\" alt=\"\" width=\"1024\" height=\"576\" srcset=\"https:\/\/www.yeryuzundebirkacadim.com\/wp-content\/uploads\/2024\/07\/IMG_5378-1024x576.jpg 1024w, https:\/\/www.yeryuzundebirkacadim.com\/wp-content\/uploads\/2024\/07\/IMG_5378-768x432.jpg 768w, https:\/\/www.yeryuzundebirkacadim.com\/wp-content\/uploads\/2024\/07\/IMG_5378-1536x864.jpg 1536w, https:\/\/www.yeryuzundebirkacadim.com\/wp-content\/uploads\/2024\/07\/IMG_5378-816x459.jpg 816w, https:\/\/www.yeryuzundebirkacadim.com\/wp-content\/uploads\/2024\/07\/IMG_5378.jpg 2016w\" sizes=\"auto, (max-width: 1024px) 100vw, 1024px\" \/><\/p>\n<div id=\"attachment_6792\" style=\"width: 1034px\" class=\"wp-caption alignnone\"><img loading=\"lazy\" decoding=\"async\" aria-describedby=\"caption-attachment-6792\" class=\"size-medium wp-image-6792\" src=\"https:\/\/www.yeryuzundebirkacadim.com\/wp-content\/uploads\/2024\/07\/IMG_5374-1024x576.jpg\" alt=\"\" width=\"1024\" height=\"576\" srcset=\"https:\/\/www.yeryuzundebirkacadim.com\/wp-content\/uploads\/2024\/07\/IMG_5374-1024x576.jpg 1024w, https:\/\/www.yeryuzundebirkacadim.com\/wp-content\/uploads\/2024\/07\/IMG_5374-2048x1152.jpg 2048w, https:\/\/www.yeryuzundebirkacadim.com\/wp-content\/uploads\/2024\/07\/IMG_5374-768x432.jpg 768w, https:\/\/www.yeryuzundebirkacadim.com\/wp-content\/uploads\/2024\/07\/IMG_5374-1536x864.jpg 1536w, https:\/\/www.yeryuzundebirkacadim.com\/wp-content\/uploads\/2024\/07\/IMG_5374-816x459.jpg 816w\" sizes=\"auto, (max-width: 1024px) 100vw, 1024px\" \/><p id=\"caption-attachment-6792\" class=\"wp-caption-text\"><span style=\"font-size: 16px;\">Biz A\u015fa\u011f\u0131 Belvedere&#8217;yi gezdik.<\/span><\/p><\/div>\n<p><strong>A\u015fa\u011f\u0131 Belvedere<\/strong><\/p>\n<div id=\"attachment_6883\" style=\"width: 1034px\" class=\"wp-caption alignnone\"><img loading=\"lazy\" decoding=\"async\" aria-describedby=\"caption-attachment-6883\" class=\"size-medium wp-image-6883\" src=\"https:\/\/www.yeryuzundebirkacadim.com\/wp-content\/uploads\/2024\/07\/IMG_5318-1024x576.jpg\" alt=\"\" width=\"1024\" height=\"576\" srcset=\"https:\/\/www.yeryuzundebirkacadim.com\/wp-content\/uploads\/2024\/07\/IMG_5318-1024x576.jpg 1024w, https:\/\/www.yeryuzundebirkacadim.com\/wp-content\/uploads\/2024\/07\/IMG_5318-2048x1152.jpg 2048w, https:\/\/www.yeryuzundebirkacadim.com\/wp-content\/uploads\/2024\/07\/IMG_5318-768x432.jpg 768w, https:\/\/www.yeryuzundebirkacadim.com\/wp-content\/uploads\/2024\/07\/IMG_5318-1536x864.jpg 1536w, https:\/\/www.yeryuzundebirkacadim.com\/wp-content\/uploads\/2024\/07\/IMG_5318-816x459.jpg 816w\" sizes=\"auto, (max-width: 1024px) 100vw, 1024px\" \/><p id=\"caption-attachment-6883\" class=\"wp-caption-text\"><span style=\"font-size: 16px;\">Bilet san\u0131r\u0131m 15 euro idi.<\/span><\/p><\/div>\n<p>A\u015fa\u011f\u0131 Belvedere; 1714-16 y\u0131llar\u0131nda in\u015fa edilmi\u015f Barok bir yap\u0131d\u0131r.<\/p>\n<p id=\"tw-target-text\" class=\"tw-data-text tw-text-large tw-ta\" dir=\"ltr\" data-placeholder=\"\u00c7eviri\" aria-label=\"\u00c7evrilmi\u015f metin\" data-ved=\"2ahUKEwiIs7rY47WHAxU5R_EDHcSdB8gQ3ewLegQIBxAU\"><span class=\"Y2IQFc\" lang=\"tr\">Bug\u00fcn A\u015fa\u011f\u0131 Belvedere ve Limonluk&#8217;un odalar\u0131, sergiler ve etkinlikler i\u00e7in kullan\u0131l\u0131yor.<\/span><\/p>\n<p><strong>Grotesk Salonu<\/strong><\/p>\n<p><img loading=\"lazy\" decoding=\"async\" class=\"size-medium wp-image-6794\" src=\"https:\/\/www.yeryuzundebirkacadim.com\/wp-content\/uploads\/2024\/07\/IMG_5324-1024x576.jpg\" alt=\"\" width=\"1024\" height=\"576\" srcset=\"https:\/\/www.yeryuzundebirkacadim.com\/wp-content\/uploads\/2024\/07\/IMG_5324-1024x576.jpg 1024w, https:\/\/www.yeryuzundebirkacadim.com\/wp-content\/uploads\/2024\/07\/IMG_5324-2048x1151.jpg 2048w, https:\/\/www.yeryuzundebirkacadim.com\/wp-content\/uploads\/2024\/07\/IMG_5324-768x432.jpg 768w, https:\/\/www.yeryuzundebirkacadim.com\/wp-content\/uploads\/2024\/07\/IMG_5324-1536x864.jpg 1536w, https:\/\/www.yeryuzundebirkacadim.com\/wp-content\/uploads\/2024\/07\/IMG_5324-816x459.jpg 816w\" sizes=\"auto, (max-width: 1024px) 100vw, 1024px\" \/><\/p>\n<p>Grotesk; Antik Roma&#8217;da pop\u00fcler olan, botanik, zoolojik ve mitolojik \u00f6\u011feler i\u00e7eren abart\u0131l\u0131, s\u00fcsl\u00fc bir dekorasyon tarz\u0131n\u0131 ifade eder. 18. y\u00fczy\u0131l\u0131n ba\u015flar\u0131nda da modayd\u0131. Drentwett, d\u00f6rt mevsimi tavanda ve d\u00f6rt elementi k\u00f6\u015felerde tasvir etti.<\/p>\n<p>Desenli mermer bir zemine sahip.<\/p>\n<p><strong>Mermer Galerisi<\/strong><\/p>\n<h4 id=\"marble-gallery-marmorgallerie\" class=\"wp-block-heading\"><img loading=\"lazy\" decoding=\"async\" class=\"size-medium wp-image-6796\" src=\"https:\/\/www.yeryuzundebirkacadim.com\/wp-content\/uploads\/2024\/07\/IMG_5320-1024x576.jpg\" alt=\"\" width=\"1024\" height=\"576\" srcset=\"https:\/\/www.yeryuzundebirkacadim.com\/wp-content\/uploads\/2024\/07\/IMG_5320-1024x576.jpg 1024w, https:\/\/www.yeryuzundebirkacadim.com\/wp-content\/uploads\/2024\/07\/IMG_5320-2048x1151.jpg 2048w, https:\/\/www.yeryuzundebirkacadim.com\/wp-content\/uploads\/2024\/07\/IMG_5320-768x432.jpg 768w, https:\/\/www.yeryuzundebirkacadim.com\/wp-content\/uploads\/2024\/07\/IMG_5320-1536x864.jpg 1536w, https:\/\/www.yeryuzundebirkacadim.com\/wp-content\/uploads\/2024\/07\/IMG_5320-816x459.jpg 816w\" sizes=\"auto, (max-width: 1024px) 100vw, 1024px\" \/><\/h4>\n<p>Ad\u0131 \u00fczerinde buradaki zeminler ve duvarlar mermerdir ve s\u0131va kabartmalar\u0131yla i\u00e7 i\u00e7e ge\u00e7mi\u015ftir.<\/p>\n<p>Bu oda ayn\u0131 zamanda Belvedere&#8217;in b\u00fcy\u00fck bir b\u00f6l\u00fcm\u00fcne n\u00fcfuz eden iki teman\u0131n bir ba\u015fka \u00f6rne\u011fi olarak da hizmet ediyor: Askeri zaferler ve Prens Eugene&#8217;in kibri.<\/p>\n<p>Tavanda, s\u00f6z konusu Prens&#8217;in bir melek taraf\u0131ndan defne \u00e7elengi ald\u0131\u011f\u0131 kabartmas\u0131 yer al\u0131rken, bar\u0131\u015f\u0131n bir tezah\u00fcr\u00fc k\u0131skan\u00e7l\u0131\u011f\u0131 ve nefreti uzakla\u015ft\u0131r\u0131yor.<\/p>\n<div id=\"tw-container\" class=\"\" data-cp=\"1\" data-ddp=\"true\" data-drd=\"1700\" data-drt=\"10000\" data-is-rde=\"false\" data-is-ver=\"false\" data-nnttsvi=\"1\" data-sletp=\"false\" data-sm=\"1\" data-ssbp=\"false\" data-sugg-time=\"500\" data-sugg-url=\"https:\/\/clients1.google.com\/complete\/search\" data-tcp=\"geluk met jou verjaarsdag,gelukkige verjaarsdag,awoda pa,\u1218\u120d\u12ab\u121d \u120d\u12f0\u1275,\u0639\u064a\u062f \u0645\u064a\u0644\u0627\u062f \u0633\u0639\u064a\u062f,\u099c\u09a8\u09cd\u09ae\u09a6\u09bf\u09a8\u09f0 \u0993\u09b2\u0997 \u099c\u09a8\u09be\u09b2\u09cb\u0981,aski mara phuqhawi,do\u011fum g\u00fcn\u00fcn m\u00fcbar\u0259k,ad g\u00fcn\u00fcn m\u00fcbar\u0259k,\u0437 \u0434\u043d\u0451\u043c \u043d\u0430\u0440\u0430\u0434\u0436\u044d\u043d\u043d\u044f,\u0447\u0435\u0441\u0442\u0438\u0442 \u0440\u043e\u0436\u0434\u0435\u043d \u0434\u0435\u043d,\u091c\u0928\u094d\u092e \u0926\u093f\u0928 \u0915\u0947 \u0936\u0941\u092d \u0915\u093e\u092e\u0928\u093e,sanb\u03b5 sanb\u03b5,\u09b6\u09c1\u09ad \u099c\u09a8\u09cd\u09ae\u09a6\u09bf\u09a8,sretan ro\u0111endan,per molts anys,feli\u00e7 aniversari,malipayong adlawng natawhan,\u06cc\u0627\u062f\u06cc \u0644\u06d5\u062f\u0627\u06cc\u06a9 \u0628\u0648\u0648\u0646\u062a \u067e\u06cc\u0631\u06c6\u0632 \u0628\u06ce\u062a,felice anniversariu,v\u0161echno nejlep\u0161\u00ed k narozenin\u00e1m,pen-blwydd hapus,penblwydd hapus,tillykke med f\u00f8dselsdagen,alles gute zum geburtstag,\u0938\u093e\u0932\u0917\u093f\u0930\u0939\u094d \u092e\u092c\u093e\u0930\u0915,\u0787\u07aa\u078a\u07a7\u0788\u07ac\u0783\u07a8 \u0787\u07aa\u078a\u07a6\u0782\u07b0\u078b\u07aa\u0788\u07a6\u0780\u07ac\u0787\u07b0,dzigbe z\u00e3 nyuie na w\u00f2,\u03c7\u03b1\u03c1\u03bf\u03cd\u03bc\u03b5\u03bd\u03b1 \u03b3\u03b5\u03bd\u03ad\u03b8\u03bb\u03b9\u03b1,happy birthday,feli\u0109an naski\u011dtagon,feliz cumplea\u00f1os,palju \u00f5nne s\u00fcnnip\u00e4evaks,zorionak,\u062a\u0648\u0644\u062f\u062a \u0645\u0628\u0627\u0631\u06a9,hyv\u00e4\u00e4 syntym\u00e4p\u00e4iv\u00e4\u00e4,joyeux anniversaire,lokkige jierdei,l\u00e1 breithe sona,l\u00e1 breithe shona duit,co-l\u00e0-breith math,feliz aniversario,vy'apav\u1ebd,\u091c\u0932\u094d\u092e\u0926\u093f\u0938\u093e\u091a\u0940 \u092a\u0930\u092c\u0940,\u0a9c\u0aa8\u0acd\u0aae\u0aa6\u0abf\u0ab5\u0ab8\u0aa8\u0ac0 \u0ab6\u0ac1\u0aad\u0ac7\u0a9a\u0acd\u0a9b\u0abe,\u0a9c\u0aa8\u0acd\u0aae\u0aa6\u0abf\u0ab5\u0ab8 \u0aa8\u0ac0 \u0ab6\u0ac1\u0aad\u0a95\u0abe\u0aae\u0aa8\u0abe,barka da ranar haihuwa,hau\u02bboli l\u0101 h\u0101nau,\u091c\u0928\u094d\u092e\u0926\u093f\u0928 \u0915\u0940 \u0936\u0941\u092d\u0915\u093e\u092e\u0928\u093e\u090f\u0902,\u091c\u0928\u094d\u092e\u0926\u093f\u0928 \u0915\u0940 \u0936\u0941\u092d\u0915\u093e\u092e\u0928\u093e\u090f\u0901,sretan ro\u0111endan,b\u00f2n f\u00e8t,boldog sz\u00fclet\u00e9snapot,\u056e\u0576\u0578\u0582\u0576\u0564\u0564 \u0577\u0576\u0578\u0580\u0570\u0561\u057e\u0578\u0580,selamat ulang tahun,ezi ncheta \u1ee5b\u1ecdch\u1ecb \u1ecdm\u1ee5m\u1ee5,ezi ncheta \u1ecdm\u1ee5m\u1ee5,naragsak a panagkasangay,til hamingju me\u00f0 afm\u00e6li\u00f0,buon compleanno,\u05d9\u05d5\u05dd \u05d4\u05d5\u05dc\u05d3\u05ea \u05e9\u05de\u05d7,\u8a95\u751f\u65e5\u304a\u3081\u3067\u3068\u3046,\u304a\u8a95\u751f\u65e5\u304a\u3081\u3067\u3068\u3046,sugeng ambal warsa,sugeng tanggap warsa,\u10d2\u10d8\u10da\u10dd\u10ea\u10d0\u10d5\u10d7 \u10d3\u10d0\u10d1\u10d0\u10d3\u10d4\u10d1\u10d8\u10e1 \u10d3\u10e6\u10d4\u10e1,\u10d2\u10d8\u10da\u10dd\u10ea\u10d0\u10d5 \u10d3\u10d0\u10d1\u10d0\u10d3\u10d4\u10d1\u10d8\u10e1 \u10d3\u10e6\u10d4\u10e1,\u0442\u0443\u0493\u0430\u043d \u043a\u04af\u043d \u049b\u04b1\u0442\u0442\u044b \u0431\u043e\u043b\u0441\u044b\u043d,\u0442\u0443\u044b\u043b\u0493\u0430\u043d \u043a\u04af\u043d\u0456\u04a3\u043c\u0435\u043d,\u179a\u17b8\u1780\u179a\u17b6\u1799\u1790\u17d2\u1784\u17c3\u1781\u17bd\u1794\u1780\u17c6\u178e\u17be\u178f,\u179a\u17b8\u1780\u179a\u17b6\u1799\u200b\u1790\u17d2\u1784\u17c3\u200b\u1780\u17c6\u178e\u17be\u178f,\u0cb9\u0cc1\u0c9f\u0ccd\u0c9f\u0cc1\u0cb9\u0cac\u0ccd\u0cac\u0ca6 \u0cb6\u0cc1\u0cad\u0cbe\u0cb6\u0caf\u0c97\u0cb3\u0cc1,\u0c9c\u0ca8\u0ccd\u0cae\u0ca6\u0cbf\u0ca8\u0ca6 \u0cb6\u0cc1\u0cad\u0cbe\u0cb6\u0caf\u0c97\u0cb3\u0cc1,\uc0dd\uc77c \ucd95\ud558\ud569\ub2c8\ub2e4,\uc0dd\uc77c \ucd95\ud558\ud574\uc694,api batde,rojb\u00fbna te p\u00eeroz be,\u0442\u0443\u0443\u043b\u0433\u0430\u043d \u043a\u04af\u043d\u04af\u04a3\u04af\u0437 \u043c\u0435\u043d\u0435\u043d,\u0442\u0443\u0443\u043b\u0433\u0430\u043d \u043a\u0443\u043d\u0443\u04a3\u0443\u0437 \u043c\u0435\u043d\u0435\u043d \u043a\u0443\u0442\u0442\u0443\u043a\u0442\u0430\u0439\u043c,felix natalis,alles guddes fir de gebuertsdag,amazaalibwa amalungi,mbotama elamu,\u0eaa\u0eb8\u0e81\u0eaa\u0eb1\u0e99\u0ea7\u0eb1\u0e99\u0ec0\u0e81\u0eb5\u0e94,\u0eaa\u0eb8\u0e81\u200b\u0eaa\u0eb1\u0e99\u200b\u0ea7\u0eb1\u0e99\u200b\u0ec0\u0e81\u0eb5\u0e94,su gimtadieniu,piancham chibai,daudz laimes dzim\u0161anas dien\u0101,\u091c\u0928\u094d\u092e\u0926\u093f\u0928\u0915 \u0936\u0941\u092d\u0915\u093e\u092e\u0928\u093e,tratry ny tsingerin-taona,tratry ny tsingerintaona nahaterahana,\u0441\u0440\u0435\u045c\u0435\u043d \u0440\u043e\u0434\u0435\u043d\u0434\u0435\u043d,\u0d1c\u0d28\u0d4d\u0d2e\u0d26\u0d3f\u0d28\u0d3e\u0d36\u0d02\u0d38\u0d15\u0d7e,\u0442\u04e9\u0440\u0441\u04e9\u043d \u04e9\u0434\u0440\u0438\u0439\u043d \u043c\u044d\u043d\u0434 \u0445\u04af\u0440\u0433\u044d\u0435,\u0442\u04e9\u0440\u0441\u04e9\u043d \u04e9\u0434\u0440\u0438\u0439\u043d \u043c\u044d\u043d\u0434,\uabc5\uabe8\uabe1\uabc9\uabe5\uabcf\uabd4\uabd5 \uabc4\uabe3\uabdb\uabc4 \uabc5\uabe8\uabc3\uabe4\uabe0,\u0935\u093e\u0922\u0926\u093f\u0935\u0938\u093e\u091a\u094d\u092f\u093e \u0936\u0941\u092d\u0947\u091a\u094d\u091b\u093e,\u0935\u093e\u0922\u0926\u093f\u0935\u0938\u093e\u091a\u094d\u092f\u093e \u0939\u093e\u0930\u094d\u0926\u093f\u0915 \u0936\u0941\u092d\u0947\u091a\u094d\u091b\u093e,selamat hari lahir,xewqat sbie\u0127 f'g\u0127eluq sninek,\u1015\u103b\u1031\u102c\u103a\u101b\u103d\u103e\u1004\u103a\u1016\u103d\u101a\u103a \u1019\u103d\u1031\u1038\u1014\u1031\u1037\u1016\u103c\u1005\u103a\u1015\u102b\u1005\u1031,\u1015\u103b\u1031\u102c\u103a\u101b\u103d\u103e\u1004\u103a\u1005\u101b\u102c\u1019\u103d\u1031\u1038\u1014\u1031\u1037\u1016\u103c\u1005\u103a\u1015\u102b\u1005\u1031,\u091c\u0928\u094d\u092e \u0926\u093f\u0928\u0915\u094b \u0936\u0941\u092d\u0915\u093e\u092e\u0928\u093e,gefeliciteerd met je verjaardag,gefeliciteerd,gratulerer med dagen,matswalo a mabotse,tsiku labwino lobadwa,baga guyyaa dhaloota kee geesse,\u0b1c\u0b28\u0b4d\u0b2e\u0b26\u0b3f\u0b28\u0b30 \u0b36\u0b41\u0b2d\u0b47\u0b1a\u0b4d\u0b1b\u0b3e,\u0b1c\u0b28\u0b4d\u0b2e\u0b26\u0b3f\u0b28\u0b30 \u0b05\u0b2d\u0b3f\u0b28\u0b28\u0b4d\u0b26\u0b28,\u0a1c\u0a28\u0a2e\u0a26\u0a3f\u0a28 \u0a26\u0a40\u0a06\u0a02 \u0a35\u0a27\u0a3e\u0a08\u0a06\u0a02,\u0a1c\u0a28\u0a2e\u0a26\u0a3f\u0a28 \u0a2e\u0a41\u0a2c\u0a3e\u0a30\u0a15,wszystkiego najlepszego z okazji urodzin,\u06a9\u0644\u06cc\u0632\u0647 \u062f\u06cc \u0646\u06cc\u06a9\u0645\u0631\u063a\u0647,feliz anivers\u00e1rio,punchawniykipi kusikuni,la mul\u021bi ani,\u0441 \u0434\u043d\u0435\u043c \u0440\u043e\u0436\u0434\u0435\u043d\u0438\u044f,isabukuru nziza,\u0936\u0941\u092d\u0902 \u091c\u0928\u094d\u092e\u0926\u093f\u0928\u092e\u094d\u200c,\u062c\u0646\u0645 \u068f\u064a\u0646\u0647\u0646 \u0645\u0628\u0627\u0631\u06aa,\u0dc3\u0dd4\u0db6 \u0d8b\u0db4\u0db1\u0dca \u0daf\u0dd2\u0db1\u0dba\u0d9a\u0dca,v\u0161etko najlep\u0161ie k narodenin\u00e1m,\u0161\u0165astn\u00e9 narodeniny,vse najbolj\u0161e,manuia asofanau,bhavhadhe rinofadza,maalin dhalasheed farxad leh,dhalasho wacan,g\u00ebzuar dit\u00eblindjen,\u0441\u0440\u0435\u045b\u0430\u043d \u0440\u043e\u0452\u0435\u043d\u0434\u0430\u043d,letsatsi le monate la tsoalo,wilujeung milangkala,wilujeung tepang taun,grattis p\u00e5 f\u00f6delsedagen,heri ya siku ya kuzaliwa,\u0baa\u0bbf\u0bb1\u0ba8\u0bcd\u0ba4\u0ba8\u0bbe\u0bb3\u0bcd \u0bb5\u0bbe\u0bb4\u0bcd\u0ba4\u0bcd\u0ba4\u0bc1\u0b95\u0bb3\u0bcd,\u0baa\u0bbf\u0bb1\u0ba8\u0bcd\u0ba4\u0ba8\u0bbe\u0bb3\u0bcd \u0bb5\u0bbe\u0bb4\u0bcd\u0ba4\u0bcd\u0ba4\u0bc1\u0b95\u0bcd\u0b95\u0bb3\u0bcd,\u0c2a\u0c41\u0c1f\u0c4d\u0c1f\u0c3f\u0c28\u0c30\u0c4b\u0c1c\u0c41 \u0c36\u0c41\u0c2d\u0c3e\u0c15\u0c3e\u0c02\u0c15\u0c4d\u0c37\u0c32\u0c41,\u0437\u043e\u0434\u0440\u04ef\u0437 \u043c\u0443\u0431\u043e\u0440\u0430\u043a,\u0e2a\u0e38\u0e02\u0e2a\u0e31\u0e19\u0e15\u0e4c\u0e27\u0e31\u0e19\u0e40\u0e01\u0e34\u0e14,\u12a5\u1295\u12b3\u12d5 \u1270\u12c8\u1208\u12f5\u12ab,doglan g\u00fcn\u00fc\u0148 bilen,maligayang kaarawan,do\u011fum g\u00fcn\u00fcn\u00fcz kutlu olsun,do\u011fum g\u00fcn\u00fcn kutlu olsun,siku lerinene ro velekiwa,\u0442\u0443\u0433\u0430\u043d \u043a\u04e9\u043d \u0431\u0435\u043b\u04d9\u043d,\u0437 \u0434\u043d\u0435\u043c \u043d\u0430\u0440\u043e\u0434\u0436\u0435\u043d\u043d\u044f,\u0633\u0627\u0644\u06af\u0631\u06c1 \u0645\u0628\u0627\u0631\u06a9,\u0633\u0627\u0644\u06af\u0631\u06c1 \u0645\u0628\u0627\u0631\u06a9 \u06c1\u0648,tug\u02bbilgan kuningiz bilan,tug'ilgan kun muborak bo'lsin,ch\u00fac m\u1eebng sinh nh\u1eadt,mini emnandi,nwabela usuku lwakho owaqala ngalo,o ku\u0301 a\u0300ya\u0301j\u1ecd\u0301 \u1ecdj\u1ecd\u0301 i\u0300bi\u0301,o ku ojo ibi,\u751f\u65e5\u5feb\u4e50,\u751f\u65e5\u5feb\u6a02,sikufisela usuku lokuzalwa oluhle,usuku olumnandi lokuzalwa\" data-uilc=\"tr\" data-vil=\",af,af-ZA,am,am-ET,ar-EG,ar-AE,ar-KW,ar-QA,ar,ar-IL,ar-JO,ar-LB,ar-PS,az,az-AZ,bg,bg-BG,bn,bn-BD,bn-IN,ca,ca-es,cs,cs-CZ,de,de-DE,de-CH,de-AT,de-LI,en,en-US,en-CA,en-AU,en-NZ,en-GB,en-IN,en-KE,en-TZ,en-NG,en-GH,en-PH,en-ZA,es,es-ES,es-AR,es-UY,es-419,es-BO,es-CL,es-CR,es-CO,es-DO,es-EC,es-GT,es-HN,es-NI,es-PA,es-PE,es-PR,es-PY,es-SV,es-VE,es-MX,es-US,eu,eu-ES,fi,fi-FI,fr,fr-FR,fr-CH,fr-BE,gl,gl-ES,gu,gu-IN,he,he-IL,iw,iw-IL,hu,hu-HU,hy,hy-AM,id,id-ID,is,is-IS,it,it-IT,it-CH,ja,ja-JP,jv,jv-ID,ka,ka-GE,km,km-KH,kn,kn-IN,ko,ko-KR,la,lo,lo-LA,lv,lv-LV,ml,ml-IN,mr,mr-IN,ms,ms-MY,nl,nl-NL,nb,nb-NO,ne,ne-NP,pl,pl-PL,pt,pt-BR,pt-PT,ro,ro-RO,ru,ru-RU,si-LK,sk,sk-SK,sr,sr-RS,su,su-ID,sv,sv-SE,sw,sw-TZ,sw-KE,ta,ta-IN,ta-SG,ta-LK,ta-MY,te,te-IN,tr,tr-TR,ur,ur-PK,ur-IN,yue,yue-HK,yue-Hant-HK,zh-HK,zh,zh-CN,zh-cmn,zh-cmn-CN,zh-Hans,zh-Hans-CN,zh-cmn-Hans,zh-cmn-Hans-CN,cmn-CN,cmn-Hans,cmn-Hans-CN,zh-TW,zh-Hant-TW,cmn-TW,cmn-Hant-TW,zh-cmn-TW,zh-cmn-Hant-TW,zu,zu-ZA,hi,hi-IN,tl,tl-PH,pa,pa-IN\">\n<div id=\"tw-ob\" class=\"tw-src-ltr\">\n<div class=\"oSioSc\">\n<div id=\"tw-target\">\n<div id=\"kAz1tf\" class=\"g9WsWb PZPZlf\" data-attrid=\"tw-targetArea\" data-entityname=\"Google Translate\">\n<div id=\"tw-target-text-container\" class=\"tw-ta-container F0azHf tw-nfl\" tabindex=\"0\">\n<p id=\"tw-target-text\" class=\"tw-data-text tw-text-large tw-ta\" dir=\"ltr\" data-placeholder=\"\u00c7eviri\" aria-label=\"\u00c7evrilmi\u015f metin\" data-ved=\"2ahUKEwiIs7rY47WHAxU5R_EDHcSdB8gQ3ewLegQIBxAU\"><strong>Alt\u0131n Oda (Alt\u0131n Dolap)<\/strong><\/p>\n<\/div>\n<div id=\"tw-target-rmn-container\" class=\"tw-target-rmn tw-ta-container F0azHf tw-nfl\">\n<p id=\"tw-target-text\" class=\"tw-data-text tw-text-large tw-ta\" dir=\"ltr\" data-placeholder=\"\u00c7eviri\" aria-label=\"\u00c7evrilmi\u015f metin\" data-ved=\"2ahUKEwiIs7rY47WHAxU5R_EDHcSdB8gQ3ewLegQIBxAU\"><span class=\"Y2IQFc\" lang=\"tr\">Maria Teresa bu oday\u0131 aynalar ve porselenlerle s\u00fcsleyip alt\u0131n bir dolaba d\u00f6n\u00fc\u015ft\u00fcrd\u00fc. S\u00fcslemelerin \u00e7o\u011fu Prens Eugene&#8217;nin \u015fehir saray\u0131ndan al\u0131nm\u0131\u015ft\u0131r. Alt\u0131n Dolap 1765&#8217;ten beri orijinal haliyle sergileniyor.<\/span><\/p>\n<p>Ba\u015flang\u0131\u00e7ta bir sohbet odas\u0131 olan Alt\u0131n Oda, daha sonra alt\u0131n duvarlar, dev aynalar ve grotesk boyalarla dekore edilmi\u015f.<\/p>\n<p>De\u011fi\u015fiklikler, Eugene&#8217;nin varisinin saray\u0131 \u0130mparatori\u00e7e Maria Teresa&#8217;ya satmas\u0131ndan sonra ger\u00e7ekle\u015fmi\u015ftir.<\/p>\n<p>Kar\u015f\u0131l\u0131kl\u0131 aynalar\u0131n \u00f6n\u00fcnde durup \u015f\u0131k\u0131r \u015f\u0131k\u0131r odan\u0131n i\u00e7inde selfie&#8217;mizi \u00e7ektik.<\/p>\n<p><img loading=\"lazy\" decoding=\"async\" class=\"size-medium wp-image-6795\" src=\"https:\/\/www.yeryuzundebirkacadim.com\/wp-content\/uploads\/2024\/07\/IMG_5326-1024x576.jpg\" alt=\"\" width=\"1024\" height=\"576\" srcset=\"https:\/\/www.yeryuzundebirkacadim.com\/wp-content\/uploads\/2024\/07\/IMG_5326-1024x576.jpg 1024w, https:\/\/www.yeryuzundebirkacadim.com\/wp-content\/uploads\/2024\/07\/IMG_5326-2048x1152.jpg 2048w, https:\/\/www.yeryuzundebirkacadim.com\/wp-content\/uploads\/2024\/07\/IMG_5326-768x432.jpg 768w, https:\/\/www.yeryuzundebirkacadim.com\/wp-content\/uploads\/2024\/07\/IMG_5326-1536x864.jpg 1536w, https:\/\/www.yeryuzundebirkacadim.com\/wp-content\/uploads\/2024\/07\/IMG_5326-816x459.jpg 816w\" sizes=\"auto, (max-width: 1024px) 100vw, 1024px\" \/><\/p>\n<\/div>\n<div class=\"iYB33c\">\n<div class=\"dlJLJe\">\n<div data-cviv=\"false\" data-ved=\"2ahUKEwiIs7rY47WHAxU5R_EDHcSdB8gQz_AEegQIBxAV\">\n<p><strong>Limonluk (Orangery)<\/strong><\/p>\n<p>Burada ge\u00e7ici sergiler d\u00fczenleniyor.<\/p>\n<p>Gustav Klimt, Egon Schiele ve Oskar Kokoschka&#8217;n\u0131n ba\u015fyap\u0131tlar\u0131n\u0131 g\u00f6rmek m\u00fcmk\u00fcn.<\/p>\n<p>B\u00fcy\u00fckanne ile \u00f6\u011fleden sonra (Nachmittag Gro\u03b2mutter)<\/p>\n<p><img loading=\"lazy\" decoding=\"async\" class=\"size-medium wp-image-6797\" src=\"https:\/\/www.yeryuzundebirkacadim.com\/wp-content\/uploads\/2024\/07\/IMG_5332-1024x576.jpg\" alt=\"\" width=\"1024\" height=\"576\" srcset=\"https:\/\/www.yeryuzundebirkacadim.com\/wp-content\/uploads\/2024\/07\/IMG_5332-1024x576.jpg 1024w, https:\/\/www.yeryuzundebirkacadim.com\/wp-content\/uploads\/2024\/07\/IMG_5332-2048x1152.jpg 2048w, https:\/\/www.yeryuzundebirkacadim.com\/wp-content\/uploads\/2024\/07\/IMG_5332-768x432.jpg 768w, https:\/\/www.yeryuzundebirkacadim.com\/wp-content\/uploads\/2024\/07\/IMG_5332-1536x864.jpg 1536w, https:\/\/www.yeryuzundebirkacadim.com\/wp-content\/uploads\/2024\/07\/IMG_5332-816x459.jpg 816w\" sizes=\"auto, (max-width: 1024px) 100vw, 1024px\" \/><\/p>\n<\/div>\n<\/div>\n<\/div>\n<\/div>\n<\/div>\n<\/div>\n<p>Dr. Hugo Koller (Egon Schiele)<\/p>\n<div class=\"oSioSc\">\n<div id=\"tw-target\">\n<div id=\"kAz1tf\" class=\"g9WsWb PZPZlf\" data-attrid=\"tw-targetArea\" data-entityname=\"Google Translate\">\n<div class=\"iYB33c\">\n<div class=\"dlJLJe\">\n<div data-cviv=\"false\" data-ved=\"2ahUKEwiIs7rY47WHAxU5R_EDHcSdB8gQz_AEegQIBxAV\">\n<p><img loading=\"lazy\" decoding=\"async\" class=\"size-medium wp-image-6798\" src=\"https:\/\/www.yeryuzundebirkacadim.com\/wp-content\/uploads\/2024\/07\/IMG_5336-1024x576.jpg\" alt=\"\" width=\"1024\" height=\"576\" srcset=\"https:\/\/www.yeryuzundebirkacadim.com\/wp-content\/uploads\/2024\/07\/IMG_5336-1024x576.jpg 1024w, https:\/\/www.yeryuzundebirkacadim.com\/wp-content\/uploads\/2024\/07\/IMG_5336-2048x1152.jpg 2048w, https:\/\/www.yeryuzundebirkacadim.com\/wp-content\/uploads\/2024\/07\/IMG_5336-768x432.jpg 768w, https:\/\/www.yeryuzundebirkacadim.com\/wp-content\/uploads\/2024\/07\/IMG_5336-1536x864.jpg 1536w, https:\/\/www.yeryuzundebirkacadim.com\/wp-content\/uploads\/2024\/07\/IMG_5336-816x459.jpg 816w\" sizes=\"auto, (max-width: 1024px) 100vw, 1024px\" \/><\/p>\n<p>Broncai Koller-Pinell&#8217;in kendi portresi (Broncai Koller-Pinell)<\/p>\n<p><img loading=\"lazy\" decoding=\"async\" class=\"alignnone size-medium wp-image-6809\" src=\"https:\/\/www.yeryuzundebirkacadim.com\/wp-content\/uploads\/2024\/07\/IMG_20240620_132747-577x1024.jpg\" alt=\"\" width=\"577\" height=\"1024\" srcset=\"https:\/\/www.yeryuzundebirkacadim.com\/wp-content\/uploads\/2024\/07\/IMG_20240620_132747-577x1024.jpg 577w, https:\/\/www.yeryuzundebirkacadim.com\/wp-content\/uploads\/2024\/07\/IMG_20240620_132747-1153x2048.jpg 1153w, https:\/\/www.yeryuzundebirkacadim.com\/wp-content\/uploads\/2024\/07\/IMG_20240620_132747-768x1364.jpg 768w, https:\/\/www.yeryuzundebirkacadim.com\/wp-content\/uploads\/2024\/07\/IMG_20240620_132747-865x1536.jpg 865w, https:\/\/www.yeryuzundebirkacadim.com\/wp-content\/uploads\/2024\/07\/IMG_20240620_132747-563x999.jpg 563w, https:\/\/www.yeryuzundebirkacadim.com\/wp-content\/uploads\/2024\/07\/IMG_20240620_132747.jpg 1194w\" sizes=\"auto, (max-width: 577px) 100vw, 577px\" \/><\/p>\n<p><strong>Saray Ah\u0131rlar\u0131\u00a0<\/strong><\/p>\n<p id=\"tw-target-text\" class=\"tw-data-text tw-text-large tw-ta\" dir=\"ltr\" data-placeholder=\"\u00c7eviri\" aria-label=\"\u00c7evrilmi\u015f metin\" data-ved=\"2ahUKEwiIs7rY47WHAxU5R_EDHcSdB8gQ3ewLegQIBxAU\"><span class=\"Y2IQFc\" lang=\"tr\">Bu bina, bir zamanlar Prens&#8217;in atlar\u0131na ev sahipli\u011fi yapt\u0131\u011f\u0131 i\u00e7in ad\u0131n\u0131 orijinal kullan\u0131m\u0131ndan almaktad\u0131r. <\/span><\/p>\n<p dir=\"ltr\" data-placeholder=\"\u00c7eviri\" aria-label=\"\u00c7evrilmi\u015f metin\" data-ved=\"2ahUKEwiIs7rY47WHAxU5R_EDHcSdB8gQ3ewLegQIBxAU\">Orangery&#8217;ye ba\u011fl\u0131 eski kraliyet ah\u0131rlar\u0131 olan Prunkstall&#8217;da dini sahneler, sunak par\u00e7alar\u0131 ve heykeller dahil olmak \u00fczere 150 par\u00e7al\u0131k Avusturya Orta \u00e7a\u011f sanat\u0131 koleksiyonuna ait eserler bulunur.<\/p>\n<\/div>\n<\/div>\n<\/div>\n<\/div>\n<\/div>\n<\/div>\n<\/div>\n<\/div>\n<p><img loading=\"lazy\" decoding=\"async\" class=\"size-medium wp-image-6800\" src=\"https:\/\/www.yeryuzundebirkacadim.com\/wp-content\/uploads\/2024\/07\/IMG_5350-1024x576.jpg\" alt=\"\" width=\"1024\" height=\"576\" srcset=\"https:\/\/www.yeryuzundebirkacadim.com\/wp-content\/uploads\/2024\/07\/IMG_5350-1024x576.jpg 1024w, https:\/\/www.yeryuzundebirkacadim.com\/wp-content\/uploads\/2024\/07\/IMG_5350-2048x1152.jpg 2048w, https:\/\/www.yeryuzundebirkacadim.com\/wp-content\/uploads\/2024\/07\/IMG_5350-768x432.jpg 768w, https:\/\/www.yeryuzundebirkacadim.com\/wp-content\/uploads\/2024\/07\/IMG_5350-1536x864.jpg 1536w, https:\/\/www.yeryuzundebirkacadim.com\/wp-content\/uploads\/2024\/07\/IMG_5350-816x459.jpg 816w\" sizes=\"auto, (max-width: 1024px) 100vw, 1024px\" \/><\/p>\n<p><img loading=\"lazy\" decoding=\"async\" class=\"alignnone size-medium wp-image-6801\" src=\"https:\/\/www.yeryuzundebirkacadim.com\/wp-content\/uploads\/2024\/07\/IMG_20240620_133545-1024x576.jpg\" alt=\"\" width=\"1024\" height=\"576\" srcset=\"https:\/\/www.yeryuzundebirkacadim.com\/wp-content\/uploads\/2024\/07\/IMG_20240620_133545-1024x576.jpg 1024w, https:\/\/www.yeryuzundebirkacadim.com\/wp-content\/uploads\/2024\/07\/IMG_20240620_133545-2048x1153.jpg 2048w, https:\/\/www.yeryuzundebirkacadim.com\/wp-content\/uploads\/2024\/07\/IMG_20240620_133545-768x432.jpg 768w, https:\/\/www.yeryuzundebirkacadim.com\/wp-content\/uploads\/2024\/07\/IMG_20240620_133545-1536x865.jpg 1536w, https:\/\/www.yeryuzundebirkacadim.com\/wp-content\/uploads\/2024\/07\/IMG_20240620_133545-816x459.jpg 816w\" sizes=\"auto, (max-width: 1024px) 100vw, 1024px\" \/><\/p>\n<p><strong>Cafe Sacher<\/strong><\/p>\n<p><img loading=\"lazy\" decoding=\"async\" class=\"alignnone size-medium wp-image-6802\" src=\"https:\/\/www.yeryuzundebirkacadim.com\/wp-content\/uploads\/2024\/07\/IMG_20240620_145408-1024x556.jpg\" alt=\"\" width=\"1024\" height=\"556\" srcset=\"https:\/\/www.yeryuzundebirkacadim.com\/wp-content\/uploads\/2024\/07\/IMG_20240620_145408-1024x556.jpg 1024w, https:\/\/www.yeryuzundebirkacadim.com\/wp-content\/uploads\/2024\/07\/IMG_20240620_145408-2048x1112.jpg 2048w, https:\/\/www.yeryuzundebirkacadim.com\/wp-content\/uploads\/2024\/07\/IMG_20240620_145408-768x417.jpg 768w, https:\/\/www.yeryuzundebirkacadim.com\/wp-content\/uploads\/2024\/07\/IMG_20240620_145408-1536x834.jpg 1536w, https:\/\/www.yeryuzundebirkacadim.com\/wp-content\/uploads\/2024\/07\/IMG_20240620_145408-816x443.jpg 816w\" sizes=\"auto, (max-width: 1024px) 100vw, 1024px\" \/><\/p>\n<p><strong>(<\/strong>Sacher; yo\u011fun \u00e7ikolatal\u0131 bir kek)<\/p>\n<p>Bu kafe, Sacher-Torte olarak bilinen \u00fcnl\u00fc pastan\u0131n evidir. Orijinal pasta, 1832 y\u0131l\u0131nda Prens Metternich&#8217;in \u00f6zel bir g\u00fcn i\u00e7in tatl\u0131 istemesi \u00fczerine haz\u0131rland\u0131.<\/p>\n<p>\u015eef o s\u0131rada hastayd\u0131, bu y\u00fczden i\u015fi 16 ya\u015f\u0131ndaki \u00e7\u0131ra\u011f\u0131 Franz Sacher&#8217;e devretti. Sonu\u00e7ta \u00fcn\u00fc y\u0131llar boyunca s\u00fcrecek, Viyana&#8217;n\u0131n favorisi haline gelen lezzetli bir pasta do\u011fdu. Ee tatmasak olmaz.<\/p>\n<p><img loading=\"lazy\" decoding=\"async\" class=\"size-medium wp-image-6804\" src=\"https:\/\/www.yeryuzundebirkacadim.com\/wp-content\/uploads\/2024\/07\/IMG_5407-576x1024.jpg\" alt=\"\" width=\"576\" height=\"1024\" srcset=\"https:\/\/www.yeryuzundebirkacadim.com\/wp-content\/uploads\/2024\/07\/IMG_5407-576x1024.jpg 576w, https:\/\/www.yeryuzundebirkacadim.com\/wp-content\/uploads\/2024\/07\/IMG_5407-1152x2048.jpg 1152w, https:\/\/www.yeryuzundebirkacadim.com\/wp-content\/uploads\/2024\/07\/IMG_5407-768x1365.jpg 768w, https:\/\/www.yeryuzundebirkacadim.com\/wp-content\/uploads\/2024\/07\/IMG_5407-864x1536.jpg 864w, https:\/\/www.yeryuzundebirkacadim.com\/wp-content\/uploads\/2024\/07\/IMG_5407-562x999.jpg 562w, https:\/\/www.yeryuzundebirkacadim.com\/wp-content\/uploads\/2024\/07\/IMG_5407.jpg 1202w\" sizes=\"auto, (max-width: 576px) 100vw, 576px\" \/><\/p>\n<p>Kafenin i\u00e7i de \u00e7ok g\u00fczel. \u0130ki kat aras\u0131ndan avizeyi ge\u00e7irmi\u015fler.<\/p>\n<p><img loading=\"lazy\" decoding=\"async\" class=\"size-medium wp-image-6803\" src=\"https:\/\/www.yeryuzundebirkacadim.com\/wp-content\/uploads\/2024\/07\/IMG_5401-1024x576.jpg\" alt=\"\" width=\"1024\" height=\"576\" srcset=\"https:\/\/www.yeryuzundebirkacadim.com\/wp-content\/uploads\/2024\/07\/IMG_5401-1024x576.jpg 1024w, https:\/\/www.yeryuzundebirkacadim.com\/wp-content\/uploads\/2024\/07\/IMG_5401-2048x1152.jpg 2048w, https:\/\/www.yeryuzundebirkacadim.com\/wp-content\/uploads\/2024\/07\/IMG_5401-768x432.jpg 768w, https:\/\/www.yeryuzundebirkacadim.com\/wp-content\/uploads\/2024\/07\/IMG_5401-1536x864.jpg 1536w, https:\/\/www.yeryuzundebirkacadim.com\/wp-content\/uploads\/2024\/07\/IMG_5401-816x459.jpg 816w\" sizes=\"auto, (max-width: 1024px) 100vw, 1024px\" \/><\/p>\n<p><strong>3. Hofburg Saray\u0131<\/strong><\/p>\n<p>Barok ve Neo-Klasik mimari tarz\u0131ndaki saray; tarihi eski \u015fehirde bulunur ve Habsburg hanedan\u0131n\u0131n ana ikametg\u00e2h\u0131 olan bir imparatorluk saray\u0131d\u0131r. 1275 y\u0131l\u0131nda in\u015fa edilmi\u015ftir.<\/p>\n<p>Hofburg; sadece bir saray de\u011fil, y\u00fczy\u0131llar boyunca in\u015fa edilmi\u015f \u00e7ok say\u0131da s\u00fcsl\u00fc ve g\u00f6steri\u015fli bina, m\u00fcze ve park i\u00e7eren bir komplekstir.<\/p>\n<p>Neueburg&#8217;da; Etno\u011frafya ve Arkeoloji M\u00fczesi, Papirus M\u00fczesi bulunuyor.<\/p>\n<p>\u015eehri gezerken kompleksin i\u00e7inden ge\u00e7iliyor.<\/p>\n<p><img loading=\"lazy\" decoding=\"async\" class=\"size-medium wp-image-6850\" src=\"https:\/\/www.yeryuzundebirkacadim.com\/wp-content\/uploads\/2024\/07\/IMG_5417-1024x576.jpg\" alt=\"\" width=\"1024\" height=\"576\" srcset=\"https:\/\/www.yeryuzundebirkacadim.com\/wp-content\/uploads\/2024\/07\/IMG_5417-1024x576.jpg 1024w, https:\/\/www.yeryuzundebirkacadim.com\/wp-content\/uploads\/2024\/07\/IMG_5417-2048x1151.jpg 2048w, https:\/\/www.yeryuzundebirkacadim.com\/wp-content\/uploads\/2024\/07\/IMG_5417-768x432.jpg 768w, https:\/\/www.yeryuzundebirkacadim.com\/wp-content\/uploads\/2024\/07\/IMG_5417-1536x864.jpg 1536w, https:\/\/www.yeryuzundebirkacadim.com\/wp-content\/uploads\/2024\/07\/IMG_5417-816x459.jpg 816w\" sizes=\"auto, (max-width: 1024px) 100vw, 1024px\" \/><\/p>\n<p><strong>4. Kale Park\u0131 (Burggarten) (Saray Bah\u00e7esi)<\/strong><\/p>\n<p>Hofburg Saray\u0131&#8217;n\u0131n Neueburg kanad\u0131n\u0131n arka taraf\u0131n\u0131n tamam\u0131n\u0131 Kale Park\u0131 kaplamaktad\u0131r.<\/p>\n<p>Park; 1200&#8217;lerden 1500&#8217;lere kadar Viyana&#8217;n\u0131n Orta \u00e7a\u011fdan kalma kale surlar\u0131n\u0131 \u00e7evreleyen geni\u015f koruyucu hendeklerin bir par\u00e7as\u0131d\u0131r.<\/p>\n<p>17. y\u00fczy\u0131lda Osmanl\u0131 tehlikesi ortadan kalk\u0131nca \u015fehir surunun bu bat\u0131 k\u0131sm\u0131 bir tampon b\u00f6lge oldu. Yan\u0131ndaki Hofburg Kalesi de yava\u015f yava\u015f geni\u015fleyen, \u00e7ok kanatl\u0131 bir saraya d\u00f6n\u00fc\u015ft\u00fc.<\/p>\n<p>1710 y\u0131l\u0131na gelindi\u011finde bu b\u00f6lge geni\u015fleyerek K\u0131\u015f Binicilik Okulu ve Milli K\u00fct\u00fcphane in\u015fa edilmi\u015f.<\/p>\n<p>Hofburg Saray\u0131&#8217;n\u0131n Neueburg kanad\u0131 1881-1913 y\u0131llar\u0131 aras\u0131nda in\u015fa edilmi\u015f ve 1918&#8217;de monar\u015finin ortadan kalk\u0131\u015f\u0131 ile Kale Park\u0131 neredeyse bir gecede halka a\u00e7\u0131k bir park haline gelmi\u015f.<\/p>\n<p>II. D\u00fcnya Sava\u015f\u0131&#8217;ndan sonra Viyana&#8217;n\u0131n d\u00f6rt bir yan\u0131ndan Kale Park&#8217;a, 1770&#8217;de yap\u0131lm\u0131\u015f Herk\u00fcl heykeli de dahil olmak \u00fczere \u00e7ok say\u0131da heykel getirilmi\u015f.<\/p>\n<p>Bunlardan biri 1896&#8217;da yap\u0131lan ve daha \u00f6nce yak\u0131nlardaki Albertina Meydan\u0131&#8217;nda duran beyaz renkli Mozart Heykeli.<\/p>\n<p><img loading=\"lazy\" decoding=\"async\" class=\"alignnone size-medium wp-image-6851\" src=\"https:\/\/www.yeryuzundebirkacadim.com\/wp-content\/uploads\/2024\/07\/IMG_20240620_164023-1024x576.jpg\" alt=\"\" width=\"1024\" height=\"576\" srcset=\"https:\/\/www.yeryuzundebirkacadim.com\/wp-content\/uploads\/2024\/07\/IMG_20240620_164023-1024x576.jpg 1024w, https:\/\/www.yeryuzundebirkacadim.com\/wp-content\/uploads\/2024\/07\/IMG_20240620_164023-2048x1153.jpg 2048w, https:\/\/www.yeryuzundebirkacadim.com\/wp-content\/uploads\/2024\/07\/IMG_20240620_164023-768x432.jpg 768w, https:\/\/www.yeryuzundebirkacadim.com\/wp-content\/uploads\/2024\/07\/IMG_20240620_164023-1536x865.jpg 1536w, https:\/\/www.yeryuzundebirkacadim.com\/wp-content\/uploads\/2024\/07\/IMG_20240620_164023-816x459.jpg 816w\" sizes=\"auto, (max-width: 1024px) 100vw, 1024px\" \/><\/p>\n<p><strong>5. Palmiye A\u011fac\u0131 Evi (Palmenhaus)<\/strong><\/p>\n<p>\u0130mparator I. Franz Joseph, 1823 y\u0131l\u0131nda saray\u0131n arkas\u0131ndaki \u00f6zel Kale Park\u0131&#8217;n\u0131 yenilerken, kraliyet bah\u00e7esinin kuzeydo\u011fu ucuna Palmiye Evi ad\u0131 verilen iki kanatl\u0131 devasa bir sera in\u015fa ettirdi. Bu b\u00fcy\u00fck sera,<strong>\u00a0<\/strong>Viyana&#8217;n\u0131n Orta \u00e7a\u011fdan kalma \u015fehir surlar\u0131n\u0131n 1200 y\u0131l\u0131na ait bir b\u00f6l\u00fcm\u00fcn\u00fcn temelinin \u00fczerine in\u015fa edilmi\u015fti. Palmiye Evi&#8217;nde, Avusturya&#8217;n\u0131n en so\u011fuk g\u00fcnlerinde bile tonlarca tropikal bitki ve palmiye a\u011fac\u0131\u00a0 yeti\u015ftirebiliyordu ve bu kraliyet ailesi i\u00e7in b\u00fcy\u00fck bir l\u00fckst\u00fc.<\/p>\n<p>Buras\u0131 1902 y\u0131l\u0131nda daha da geni\u015fletildi ve Art Nouveau tarz\u0131nda \u015fimdiki haliyle yeniden \u015fekillendirildi.<\/p>\n<p>G\u00fcn\u00fcm\u00fczde burada var olan restoranda k\u0131\u015f\u0131n palmiye a\u011fa\u00e7lar\u0131 alt\u0131nda yemek yenilebiliyormu\u015f.<\/p>\n<p><strong>6. Kelebek Evi<\/strong><\/p>\n<p>Palmenhaus Restoran\u0131&#8217;n\u0131n kuzey ucunda bir b\u00f6l\u00fcmde Kelebek Evi bulunuyor.<\/p>\n<p><strong><img loading=\"lazy\" decoding=\"async\" class=\"alignnone size-medium wp-image-6852\" src=\"https:\/\/www.yeryuzundebirkacadim.com\/wp-content\/uploads\/2024\/07\/IMG_20240620_163845-1024x577.jpg\" alt=\"\" width=\"1024\" height=\"577\" srcset=\"https:\/\/www.yeryuzundebirkacadim.com\/wp-content\/uploads\/2024\/07\/IMG_20240620_163845-1024x577.jpg 1024w, https:\/\/www.yeryuzundebirkacadim.com\/wp-content\/uploads\/2024\/07\/IMG_20240620_163845-2048x1154.jpg 2048w, https:\/\/www.yeryuzundebirkacadim.com\/wp-content\/uploads\/2024\/07\/IMG_20240620_163845-768x433.jpg 768w, https:\/\/www.yeryuzundebirkacadim.com\/wp-content\/uploads\/2024\/07\/IMG_20240620_163845-1536x866.jpg 1536w, https:\/\/www.yeryuzundebirkacadim.com\/wp-content\/uploads\/2024\/07\/IMG_20240620_163845-816x460.jpg 816w\" sizes=\"auto, (max-width: 1024px) 100vw, 1024px\" \/><\/strong><\/p>\n<p>Buradan Neueburg&#8217;un \u00f6teki taraf\u0131na ge\u00e7meden, saray\u0131n do\u011fusunda kalan birka\u00e7 yeri gezece\u011fiz.<\/p>\n<p><strong>7. Albertina M\u00fczesi<\/strong><\/p>\n<p>Helmut Zilk Meydan\u0131\u2019nda 19. y\u00fczy\u0131ldan kalma bir Habsburg Saray\u0131 m\u00fczesidir. Bu nedenle Hofburg Saray\u0131\u2019na yak\u0131nd\u0131r.<\/p>\n<p>Palmiye evi gibi \u015fehir kalesinin erken Orta \u00e7a\u011f duvar b\u00f6l\u00fcm\u00fcn\u00fcn bir k\u0131sm\u0131 \u00fczerine in\u015fa edilmi\u015ftir.<\/p>\n<p>M\u00fczenin teras\u0131nda Avusturya Ar\u015fid\u00fck\u00fc Albert&#8217;in 1899&#8217;da a\u00e7\u0131l\u0131\u015f\u0131 yap\u0131lan bronz atl\u0131 heykeli bulunur.<\/p>\n<p><img loading=\"lazy\" decoding=\"async\" class=\"size-medium wp-image-6811\" src=\"https:\/\/www.yeryuzundebirkacadim.com\/wp-content\/uploads\/2024\/07\/IMG_5409-1024x576.jpg\" alt=\"\" width=\"1024\" height=\"576\" srcset=\"https:\/\/www.yeryuzundebirkacadim.com\/wp-content\/uploads\/2024\/07\/IMG_5409-1024x576.jpg 1024w, https:\/\/www.yeryuzundebirkacadim.com\/wp-content\/uploads\/2024\/07\/IMG_5409-2048x1151.jpg 2048w, https:\/\/www.yeryuzundebirkacadim.com\/wp-content\/uploads\/2024\/07\/IMG_5409-768x432.jpg 768w, https:\/\/www.yeryuzundebirkacadim.com\/wp-content\/uploads\/2024\/07\/IMG_5409-1536x864.jpg 1536w, https:\/\/www.yeryuzundebirkacadim.com\/wp-content\/uploads\/2024\/07\/IMG_5409-816x459.jpg 816w\" sizes=\"auto, (max-width: 1024px) 100vw, 1024px\" \/><\/p>\n<p><img loading=\"lazy\" decoding=\"async\" class=\"size-medium wp-image-6813\" src=\"https:\/\/www.yeryuzundebirkacadim.com\/wp-content\/uploads\/2024\/07\/IMG_5413-1024x576.jpg\" alt=\"\" width=\"1024\" height=\"576\" srcset=\"https:\/\/www.yeryuzundebirkacadim.com\/wp-content\/uploads\/2024\/07\/IMG_5413-1024x576.jpg 1024w, https:\/\/www.yeryuzundebirkacadim.com\/wp-content\/uploads\/2024\/07\/IMG_5413-2048x1152.jpg 2048w, https:\/\/www.yeryuzundebirkacadim.com\/wp-content\/uploads\/2024\/07\/IMG_5413-768x432.jpg 768w, https:\/\/www.yeryuzundebirkacadim.com\/wp-content\/uploads\/2024\/07\/IMG_5413-1536x864.jpg 1536w, https:\/\/www.yeryuzundebirkacadim.com\/wp-content\/uploads\/2024\/07\/IMG_5413-816x459.jpg 816w\" sizes=\"auto, (max-width: 1024px) 100vw, 1024px\" \/><\/p>\n<p><span style=\"font-size: 16px;\">Nesiller boyunca D\u00fck Albert&#8217;in ailesi villan\u0131n sahibi oldu ve villa, arka taraf\u0131na kom\u015fu Augustiner Manast\u0131r\u0131&#8217;n\u0131n <\/span><span style=\"font-size: 16px;\">baz\u0131 b\u00f6l\u00fcmlerine kadar geni\u015fletildi. <\/span><\/p>\n<p>1327\u2019de in\u015fa edilen ve yap\u0131ld\u0131\u011f\u0131nda t\u00fcm blok boyunca uzanan manast\u0131r kompleksinden, Albertina Kona\u011f\u0131&#8217;n\u0131n geni\u015fletilmesi nedeniyle kurtulan tek par\u00e7a tarihi Augustiner Kilisesi\u2019dir.<\/p>\n<p>Kilise, 1810&#8217;da Marie Louise ile Napolyon Bonapart&#8217;\u0131n\u00a0d\u00fc\u011f\u00fcnleri de dahil olmak \u00fczere, Habsburg imparatorluk d\u00fc\u011f\u00fcnlerinin \u00e7o\u011funun mekan\u0131 olarak \u00fcnl\u00fcd\u00fcr.<\/p>\n<p>Albertina M\u00fczesi; eski bask\u0131lar, Rembrandt, Monet ve Picasso gibi sanat\u00e7\u0131lar\u0131n 20. y\u00fczy\u0131l sanat eserlerinden olu\u015fan geni\u015f koleksiyonu ile paha bi\u00e7ilmez sanat eserlerine ev sahipli\u011fi yapar.<\/p>\n<p>En de\u011ferli par\u00e7alardan biri Albrect D\u00fcrer&#8217;in 1502 tarihli Gen\u00e7 Tav\u015fan&#8217;\u0131 da i\u00e7eren eserleridir.<\/p>\n<p>Albertina&#8217;ya \u00e7\u0131kan merdivenler<\/p>\n<p><img loading=\"lazy\" decoding=\"async\" class=\"size-medium wp-image-6814\" src=\"https:\/\/www.yeryuzundebirkacadim.com\/wp-content\/uploads\/2024\/07\/IMG_5484-576x1024.jpg\" alt=\"\" width=\"576\" height=\"1024\" srcset=\"https:\/\/www.yeryuzundebirkacadim.com\/wp-content\/uploads\/2024\/07\/IMG_5484-576x1024.jpg 576w, https:\/\/www.yeryuzundebirkacadim.com\/wp-content\/uploads\/2024\/07\/IMG_5484-768x1365.jpg 768w, https:\/\/www.yeryuzundebirkacadim.com\/wp-content\/uploads\/2024\/07\/IMG_5484-864x1536.jpg 864w, https:\/\/www.yeryuzundebirkacadim.com\/wp-content\/uploads\/2024\/07\/IMG_5484-562x999.jpg 562w, https:\/\/www.yeryuzundebirkacadim.com\/wp-content\/uploads\/2024\/07\/IMG_5484.jpg 1142w\" sizes=\"auto, (max-width: 576px) 100vw, 576px\" \/><\/p>\n<p>M\u00fczenin \u00e7ok g\u00fczel bir teras alan\u0131 bulunmaktad\u0131r. Buradan, Albertina meydan\u0131, Helmut Zilk Meydan\u0131, Viyana Opera Binas\u0131 ve \u00e7evredeki di\u011fer eski binalar\u0131n olduk\u00e7a etkileyici manzaras\u0131 seyredilir.<\/p>\n<p><strong>8. Viyana Devlet Operas\u0131<\/strong><\/p>\n<p><img loading=\"lazy\" decoding=\"async\" class=\"size-medium wp-image-6815\" src=\"https:\/\/www.yeryuzundebirkacadim.com\/wp-content\/uploads\/2024\/07\/IMG_5313-1024x576.jpg\" alt=\"\" width=\"1024\" height=\"576\" srcset=\"https:\/\/www.yeryuzundebirkacadim.com\/wp-content\/uploads\/2024\/07\/IMG_5313-1024x576.jpg 1024w, https:\/\/www.yeryuzundebirkacadim.com\/wp-content\/uploads\/2024\/07\/IMG_5313-2048x1151.jpg 2048w, https:\/\/www.yeryuzundebirkacadim.com\/wp-content\/uploads\/2024\/07\/IMG_5313-768x432.jpg 768w, https:\/\/www.yeryuzundebirkacadim.com\/wp-content\/uploads\/2024\/07\/IMG_5313-1536x864.jpg 1536w, https:\/\/www.yeryuzundebirkacadim.com\/wp-content\/uploads\/2024\/07\/IMG_5313-816x459.jpg 816w\" sizes=\"auto, (max-width: 1024px) 100vw, 1024px\" \/><\/p>\n<p>1861-1869 y\u0131llar\u0131 aras\u0131nda 8 y\u0131ll\u0131k bir s\u00fcre i\u00e7inde Neo-R\u00f6nesans tarz\u0131nda in\u015fa edilen bina bir\u00e7ok \u00fcnl\u00fc operalara ev sahipli\u011fi yap\u0131yor.<\/p>\n<p>Buras\u0131 ayn\u0131 zamanda hem Viyana Filarmoni Orkestras\u0131&#8217;n\u0131n hem de Viyana Devlet Balesi&#8217;nin evidir.<\/p>\n<p>Viyana Devlet Operas\u0131, II. D\u00fcnya Sava\u015f\u0131 s\u0131ras\u0131nda Amerikan bombard\u0131man\u0131ndan hasar alm\u0131\u015f, ancak daha sonra restore edilerek 1955&#8217;te yeniden a\u00e7\u0131lm\u0131\u015f.<\/p>\n<p>M\u00fckemmel akusti\u011fi ve 2 binden fazla ki\u015filik oturma kapasitesi mevcuttur. Her y\u0131l \u00fc\u00e7 y\u00fczden fazla performans sergileniyor.<\/p>\n<p><strong>9. Helmut Zilk Meydan\u0131<\/strong><\/p>\n<p>Meydan\u0131n etraf\u0131nda Albertina M\u00fczesi, Viyana Devlet Opera Binas\u0131, Cafe Mozart ve daha bir\u00e7ok g\u00fczel ve \u00fcnl\u00fc mek\u00e2n bulunur.<\/p>\n<p>Meydanda, Viyana&#8217;daki Nazi i\u015fgalinin tarihine de\u011finen ve sava\u015f\u0131n her t\u00fcrl\u00fcs\u00fcne kar\u015f\u0131 \u00e7\u0131kan &#8220;Sava\u015fa ve Fa\u015fizme Kar\u015f\u0131 An\u0131t&#8221; da dahil olmak \u00fczere pek \u00e7ok heykel bulunuyor.<\/p>\n<p>B\u00f6l\u00fcnm\u00fc\u015f beyaz ta\u015ftan yap\u0131lm\u0131\u015f an\u0131ta \u015eiddet Kap\u0131lar\u0131 ad\u0131 veriliyor ve bir toplama kamp\u0131n\u0131n kap\u0131lar\u0131n\u0131 simgeliyor.<\/p>\n<p>Ba\u015f\u0131 ta\u015ftan olan heykel Orpheus&#8217;a ait ve fa\u015fizmin y\u00fckseli\u015fini g\u00f6rmezden gelmenin tehlikelerini hat\u0131rlat\u0131yor.<\/p>\n<p>Yerde kambur duran fig\u00fcr, sokaktaki Nazi kar\u015f\u0131t\u0131 propaganday\u0131 temizlemeye zorlanan bir Yahudi.<\/p>\n<p>Bu an\u0131t\u0131n burada bulunmas\u0131n\u0131n iyi bir nedeni var, \u00e7\u00fcnk\u00fc buras\u0131 bir zamanlar II. D\u00fcnya Sava\u015f\u0131 s\u0131ras\u0131nda bombalar\u0131n \u00e7arpt\u0131\u011f\u0131 ve y\u00fczlerce masum insan\u0131 g\u00f6md\u00fc\u011f\u00fc yer.<\/p>\n<p><strong>\u00a0<img loading=\"lazy\" decoding=\"async\" class=\"alignnone size-medium wp-image-6820\" src=\"https:\/\/www.yeryuzundebirkacadim.com\/wp-content\/uploads\/2024\/07\/IMG_20240620_162429-1024x577.jpg\" alt=\"\" width=\"1024\" height=\"577\" srcset=\"https:\/\/www.yeryuzundebirkacadim.com\/wp-content\/uploads\/2024\/07\/IMG_20240620_162429-1024x577.jpg 1024w, https:\/\/www.yeryuzundebirkacadim.com\/wp-content\/uploads\/2024\/07\/IMG_20240620_162429-768x433.jpg 768w, https:\/\/www.yeryuzundebirkacadim.com\/wp-content\/uploads\/2024\/07\/IMG_20240620_162429-1536x865.jpg 1536w, https:\/\/www.yeryuzundebirkacadim.com\/wp-content\/uploads\/2024\/07\/IMG_20240620_162429-816x460.jpg 816w, https:\/\/www.yeryuzundebirkacadim.com\/wp-content\/uploads\/2024\/07\/IMG_20240620_162429.jpg 2040w\" sizes=\"auto, (max-width: 1024px) 100vw, 1024px\" \/><\/strong><\/p>\n<p><strong>10. Avusturya Milli K\u00fct\u00fcphanesi<\/strong><\/p>\n<p>\u0130mparator Charles ve \u0130mparatori\u00e7e Maria Teresa taraf\u0131ndan 1720-23 y\u0131llar\u0131 aras\u0131nda in\u015fa edilen Avusturya Milli K\u00fct\u00fcphanesi,\u00a0 Barok tarz\u0131 ile d\u00fcnyan\u0131n en g\u00fczel k\u00fct\u00fcphanelerinden biri. (K\u00fct\u00fcphane de\u011fil ama buras\u0131 gibi g\u00fczel olan bir kitap\u00e7\u0131 biliyorum. Harry Potter&#8217;a ilham kayna\u011f\u0131 oldu\u011fu rivayet edilen Porto&#8217;daki Livraria Lello)<\/p>\n<p>Binan\u0131n \u00e7at\u0131 s\u00fcslemesinde alt\u0131n k\u00fcreyi ta\u015f\u0131yan Atlas&#8217;\u0131n heykeli var.<\/p>\n<p><img loading=\"lazy\" decoding=\"async\" class=\"size-medium wp-image-6826\" src=\"https:\/\/www.yeryuzundebirkacadim.com\/wp-content\/uploads\/2024\/07\/IMG_5478-576x1024.jpg\" alt=\"\" width=\"576\" height=\"1024\" srcset=\"https:\/\/www.yeryuzundebirkacadim.com\/wp-content\/uploads\/2024\/07\/IMG_5478-576x1024.jpg 576w, https:\/\/www.yeryuzundebirkacadim.com\/wp-content\/uploads\/2024\/07\/IMG_5478-1151x2048.jpg 1151w, https:\/\/www.yeryuzundebirkacadim.com\/wp-content\/uploads\/2024\/07\/IMG_5478-768x1366.jpg 768w, https:\/\/www.yeryuzundebirkacadim.com\/wp-content\/uploads\/2024\/07\/IMG_5478-864x1536.jpg 864w, https:\/\/www.yeryuzundebirkacadim.com\/wp-content\/uploads\/2024\/07\/IMG_5478-562x999.jpg 562w, https:\/\/www.yeryuzundebirkacadim.com\/wp-content\/uploads\/2024\/07\/IMG_5478.jpg 1179w\" sizes=\"auto, (max-width: 576px) 100vw, 576px\" \/><\/p>\n<p>K\u00fct\u00fcphanenin i\u00e7i muhte\u015fem.\u00a0Freskler, tablolar ve heykellerle s\u00fcslenmi\u015f.<\/p>\n<p>K\u00fct\u00fcphanenin mermer detaylar\u0131 ve tavan resimleri d\u00f6neminin herhangi bir binas\u0131 i\u00e7in en iyiler aras\u0131nda yer al\u0131yor.<\/p>\n<p><img loading=\"lazy\" decoding=\"async\" class=\"size-medium wp-image-6825\" src=\"https:\/\/www.yeryuzundebirkacadim.com\/wp-content\/uploads\/2024\/07\/IMG_5451-576x1024.jpg\" alt=\"\" width=\"576\" height=\"1024\" srcset=\"https:\/\/www.yeryuzundebirkacadim.com\/wp-content\/uploads\/2024\/07\/IMG_5451-576x1024.jpg 576w, https:\/\/www.yeryuzundebirkacadim.com\/wp-content\/uploads\/2024\/07\/IMG_5451-1151x2048.jpg 1151w, https:\/\/www.yeryuzundebirkacadim.com\/wp-content\/uploads\/2024\/07\/IMG_5451-768x1366.jpg 768w, https:\/\/www.yeryuzundebirkacadim.com\/wp-content\/uploads\/2024\/07\/IMG_5451-864x1536.jpg 864w, https:\/\/www.yeryuzundebirkacadim.com\/wp-content\/uploads\/2024\/07\/IMG_5451-562x999.jpg 562w, https:\/\/www.yeryuzundebirkacadim.com\/wp-content\/uploads\/2024\/07\/IMG_5451.jpg 1179w\" sizes=\"auto, (max-width: 576px) 100vw, 576px\" \/><\/p>\n<p>Resimler o kadar detayl\u0131 ki, k\u00fct\u00fcphane a\u00e7\u0131ld\u0131ktan sonra tamamlanmas\u0131 fazladan 7 y\u0131l alm\u0131\u015f.<\/p>\n<p><img loading=\"lazy\" decoding=\"async\" class=\"size-medium wp-image-6821\" src=\"https:\/\/www.yeryuzundebirkacadim.com\/wp-content\/uploads\/2024\/07\/IMG_5423-1024x576.jpg\" alt=\"\" width=\"1024\" height=\"576\" srcset=\"https:\/\/www.yeryuzundebirkacadim.com\/wp-content\/uploads\/2024\/07\/IMG_5423-1024x576.jpg 1024w, https:\/\/www.yeryuzundebirkacadim.com\/wp-content\/uploads\/2024\/07\/IMG_5423-2048x1151.jpg 2048w, https:\/\/www.yeryuzundebirkacadim.com\/wp-content\/uploads\/2024\/07\/IMG_5423-768x432.jpg 768w, https:\/\/www.yeryuzundebirkacadim.com\/wp-content\/uploads\/2024\/07\/IMG_5423-1536x864.jpg 1536w, https:\/\/www.yeryuzundebirkacadim.com\/wp-content\/uploads\/2024\/07\/IMG_5423-816x459.jpg 816w\" sizes=\"auto, (max-width: 1024px) 100vw, 1024px\" \/><\/p>\n<p><img loading=\"lazy\" decoding=\"async\" class=\"size-medium wp-image-6823\" src=\"https:\/\/www.yeryuzundebirkacadim.com\/wp-content\/uploads\/2024\/07\/IMG_5433-1024x768.jpg\" alt=\"\" width=\"1024\" height=\"768\" srcset=\"https:\/\/www.yeryuzundebirkacadim.com\/wp-content\/uploads\/2024\/07\/IMG_5433-1024x768.jpg 1024w, https:\/\/www.yeryuzundebirkacadim.com\/wp-content\/uploads\/2024\/07\/IMG_5433-768x576.jpg 768w, https:\/\/www.yeryuzundebirkacadim.com\/wp-content\/uploads\/2024\/07\/IMG_5433-1536x1152.jpg 1536w, https:\/\/www.yeryuzundebirkacadim.com\/wp-content\/uploads\/2024\/07\/IMG_5433-816x612.jpg 816w, https:\/\/www.yeryuzundebirkacadim.com\/wp-content\/uploads\/2024\/07\/IMG_5433.jpg 1908w\" sizes=\"auto, (max-width: 1024px) 100vw, 1024px\" \/><\/p>\n<p><img loading=\"lazy\" decoding=\"async\" class=\"size-medium wp-image-6824\" src=\"https:\/\/www.yeryuzundebirkacadim.com\/wp-content\/uploads\/2024\/07\/IMG_5468-576x1024.jpg\" alt=\"\" width=\"576\" height=\"1024\" srcset=\"https:\/\/www.yeryuzundebirkacadim.com\/wp-content\/uploads\/2024\/07\/IMG_5468-576x1024.jpg 576w, https:\/\/www.yeryuzundebirkacadim.com\/wp-content\/uploads\/2024\/07\/IMG_5468-1151x2048.jpg 1151w, https:\/\/www.yeryuzundebirkacadim.com\/wp-content\/uploads\/2024\/07\/IMG_5468-768x1366.jpg 768w, https:\/\/www.yeryuzundebirkacadim.com\/wp-content\/uploads\/2024\/07\/IMG_5468-864x1536.jpg 864w, https:\/\/www.yeryuzundebirkacadim.com\/wp-content\/uploads\/2024\/07\/IMG_5468-562x999.jpg 562w, https:\/\/www.yeryuzundebirkacadim.com\/wp-content\/uploads\/2024\/07\/IMG_5468.jpg 1179w\" sizes=\"auto, (max-width: 576px) 100vw, 576px\" \/><\/p>\n<p>Habsburg Hanedanl\u0131\u011f\u0131, 1300&#8217;l\u00fc y\u0131llar\u0131n ba\u015flar\u0131nda \u00f6zel bir k\u00fct\u00fcphane koleksiyonuna sahip olan bir hanedand\u0131.<\/p>\n<p>Prens Eugen 1736&#8217;da \u00f6ld\u00fc\u011f\u00fcnde saray\u0131ndaki kitaplar Avusturya Ar\u015fid\u00fck\u00fc taraf\u0131ndan sat\u0131n al\u0131nd\u0131 ve bu koleksiyon Milli K\u00fct\u00fcphane&#8217;nin \u00e7ekirde\u011fini olu\u015fturdu.<\/p>\n<p>Sahneler, Habsburg y\u00f6neticilerinin erdemlerinin yan\u0131 s\u0131ra b\u00f6lgelerinin tasvirlerini de g\u00f6steriyor.<\/p>\n<p>K\u00fct\u00fcphane taraf\u0131ndan y\u00fcr\u00fct\u00fclen en pop\u00fcler sergilerden ikisi; Papir\u00fcs ve K\u00fcre M\u00fczeleridir.<\/p>\n<p><strong>11. Joseph Meydan\u0131<\/strong><\/p>\n<p>Milli K\u00fct\u00fcphane \u00f6n\u00fcndeki bu meydanda \u0130mparator II. Joseph&#8217;in 1795&#8217;ten kalma, Roma k\u0131yafeti giymi\u015f atl\u0131 heykeli bulunur.<\/p>\n<p>Atl\u0131 heykel asl\u0131nda Roma, Capitoline Tepesi&#8217;nde bulunan Roma \u0130mparatoru Marcus Aurelius&#8217;un antik\u00a0 heykelinin bir versiyonudur.<\/p>\n<p>Buradaki ba\u011flant\u0131 \u00f6nemlidir. Habsburglar her zaman Romal\u0131 liderlerle bir kan ba\u011f\u0131na sahip olduklar\u0131n\u0131 iddia etmi\u015flerdir.<\/p>\n<p><strong><img loading=\"lazy\" decoding=\"async\" class=\"alignnone size-medium wp-image-6827\" src=\"https:\/\/www.yeryuzundebirkacadim.com\/wp-content\/uploads\/2024\/07\/IMG_20240620_172003-1024x539.jpg\" alt=\"\" width=\"1024\" height=\"539\" srcset=\"https:\/\/www.yeryuzundebirkacadim.com\/wp-content\/uploads\/2024\/07\/IMG_20240620_172003-1024x539.jpg 1024w, https:\/\/www.yeryuzundebirkacadim.com\/wp-content\/uploads\/2024\/07\/IMG_20240620_172003-2048x1078.jpg 2048w, https:\/\/www.yeryuzundebirkacadim.com\/wp-content\/uploads\/2024\/07\/IMG_20240620_172003-768x404.jpg 768w, https:\/\/www.yeryuzundebirkacadim.com\/wp-content\/uploads\/2024\/07\/IMG_20240620_172003-1536x809.jpg 1536w, https:\/\/www.yeryuzundebirkacadim.com\/wp-content\/uploads\/2024\/07\/IMG_20240620_172003-816x430.jpg 816w\" sizes=\"auto, (max-width: 1024px) 100vw, 1024px\" \/><\/strong><\/p>\n<p>Viyan&#8217;ya gelmi\u015fken bu ak\u015fam bir klasik m\u00fczik konserine gitmek istiyoruz.<\/p>\n<p>Yak\u0131nlarda bir yerden ak\u015fam i\u00e7in bilet al\u0131yoruz. Konser; Milli K\u00fct\u00fcphane&#8217;nin bir salonunda olacak.<\/p>\n<p>Ak\u015fam yeme\u011fi i\u00e7in ilerlerken Cafe\/Hotel Sacher&#8217;in \u00f6n\u00fcnde Arnold Schwarzenegger&#8217;i g\u00f6r\u00fcyoruz. San\u0131r\u0131m \u00e7evre ile ilgili bir toplant\u0131ya gelmi\u015f.<\/p>\n<p><img loading=\"lazy\" decoding=\"async\" class=\"alignnone size-medium wp-image-6828\" src=\"https:\/\/www.yeryuzundebirkacadim.com\/wp-content\/uploads\/2024\/07\/IMG_20240620_194050-577x1024.jpg\" alt=\"\" width=\"577\" height=\"1024\" srcset=\"https:\/\/www.yeryuzundebirkacadim.com\/wp-content\/uploads\/2024\/07\/IMG_20240620_194050-577x1024.jpg 577w, https:\/\/www.yeryuzundebirkacadim.com\/wp-content\/uploads\/2024\/07\/IMG_20240620_194050-1153x2048.jpg 1153w, https:\/\/www.yeryuzundebirkacadim.com\/wp-content\/uploads\/2024\/07\/IMG_20240620_194050-768x1364.jpg 768w, https:\/\/www.yeryuzundebirkacadim.com\/wp-content\/uploads\/2024\/07\/IMG_20240620_194050-865x1536.jpg 865w, https:\/\/www.yeryuzundebirkacadim.com\/wp-content\/uploads\/2024\/07\/IMG_20240620_194050-563x999.jpg 563w, https:\/\/www.yeryuzundebirkacadim.com\/wp-content\/uploads\/2024\/07\/IMG_20240620_194050.jpg 1194w\" sizes=\"auto, (max-width: 577px) 100vw, 577px\" \/><\/p>\n<p><strong>Klasik M\u00fczik Konseri (Viyana Milli K\u00fct\u00fcphanesi)<\/strong><\/p>\n<p>\u0130ki b\u00f6l\u00fcmden olu\u015fuyordu ve harikayd\u0131.<\/p>\n<p><img loading=\"lazy\" decoding=\"async\" class=\"size-medium wp-image-6829\" src=\"https:\/\/www.yeryuzundebirkacadim.com\/wp-content\/uploads\/2024\/07\/IMG_5537-1024x576.jpg\" alt=\"\" width=\"1024\" height=\"576\" srcset=\"https:\/\/www.yeryuzundebirkacadim.com\/wp-content\/uploads\/2024\/07\/IMG_5537-1024x576.jpg 1024w, https:\/\/www.yeryuzundebirkacadim.com\/wp-content\/uploads\/2024\/07\/IMG_5537-2048x1152.jpg 2048w, https:\/\/www.yeryuzundebirkacadim.com\/wp-content\/uploads\/2024\/07\/IMG_5537-768x432.jpg 768w, https:\/\/www.yeryuzundebirkacadim.com\/wp-content\/uploads\/2024\/07\/IMG_5537-1536x864.jpg 1536w, https:\/\/www.yeryuzundebirkacadim.com\/wp-content\/uploads\/2024\/07\/IMG_5537-816x459.jpg 816w\" sizes=\"auto, (max-width: 1024px) 100vw, 1024px\" \/><\/p>\n<p><img loading=\"lazy\" decoding=\"async\" class=\"size-medium wp-image-6830\" src=\"https:\/\/www.yeryuzundebirkacadim.com\/wp-content\/uploads\/2024\/07\/IMG_5526-1024x576.jpg\" alt=\"\" width=\"1024\" height=\"576\" srcset=\"https:\/\/www.yeryuzundebirkacadim.com\/wp-content\/uploads\/2024\/07\/IMG_5526-1024x576.jpg 1024w, https:\/\/www.yeryuzundebirkacadim.com\/wp-content\/uploads\/2024\/07\/IMG_5526-2048x1151.jpg 2048w, https:\/\/www.yeryuzundebirkacadim.com\/wp-content\/uploads\/2024\/07\/IMG_5526-768x432.jpg 768w, https:\/\/www.yeryuzundebirkacadim.com\/wp-content\/uploads\/2024\/07\/IMG_5526-1536x864.jpg 1536w, https:\/\/www.yeryuzundebirkacadim.com\/wp-content\/uploads\/2024\/07\/IMG_5526-816x459.jpg 816w\" sizes=\"auto, (max-width: 1024px) 100vw, 1024px\" \/><\/p>\n<p><img loading=\"lazy\" decoding=\"async\" class=\"size-medium wp-image-6831\" src=\"https:\/\/www.yeryuzundebirkacadim.com\/wp-content\/uploads\/2024\/07\/IMG_5521-1024x576.jpg\" alt=\"\" width=\"1024\" height=\"576\" srcset=\"https:\/\/www.yeryuzundebirkacadim.com\/wp-content\/uploads\/2024\/07\/IMG_5521-1024x576.jpg 1024w, https:\/\/www.yeryuzundebirkacadim.com\/wp-content\/uploads\/2024\/07\/IMG_5521-2048x1151.jpg 2048w, https:\/\/www.yeryuzundebirkacadim.com\/wp-content\/uploads\/2024\/07\/IMG_5521-768x432.jpg 768w, https:\/\/www.yeryuzundebirkacadim.com\/wp-content\/uploads\/2024\/07\/IMG_5521-1536x864.jpg 1536w, https:\/\/www.yeryuzundebirkacadim.com\/wp-content\/uploads\/2024\/07\/IMG_5521-816x459.jpg 816w\" sizes=\"auto, (max-width: 1024px) 100vw, 1024px\" \/><\/p>\n<p><strong>Viyana&#8217;da 2. G\u00fcn\u00a0<\/strong><\/p>\n<p>Kald\u0131\u011f\u0131m\u0131z yerden devam ediyoruz. Bug\u00fcn Hofburg Saray\u0131&#8217;n\u0131n hemen etraf\u0131nda dola\u015f\u0131p, bat\u0131, kuzey ve do\u011fusundaki yerleri g\u00f6rece\u011fiz.<\/p>\n<p><strong>12. M\u00fcze Quartier (M\u00fczeler B\u00f6lgesi)<\/strong><\/p>\n<p>Otelimizin kar\u015f\u0131s\u0131ndayd\u0131.<\/p>\n<p>M\u00fcze b\u00f6lgesi; 12 m\u00fczeden olu\u015fmu\u015ftur. M\u00fczeden ziyade sergi salonlar\u0131 bulunuyor.<\/p>\n<p>Egon Schiele ve Gustav Klimt&#8217;in en \u00f6nemli eserleri bulunuyormu\u015f.<\/p>\n<p>Gezme f\u0131rsat\u0131m\u0131z olmad\u0131.<\/p>\n<p><img loading=\"lazy\" decoding=\"async\" class=\"size-medium wp-image-6832\" src=\"https:\/\/www.yeryuzundebirkacadim.com\/wp-content\/uploads\/2024\/07\/IMG_5545-1024x576.jpg\" alt=\"\" width=\"1024\" height=\"576\" srcset=\"https:\/\/www.yeryuzundebirkacadim.com\/wp-content\/uploads\/2024\/07\/IMG_5545-1024x576.jpg 1024w, https:\/\/www.yeryuzundebirkacadim.com\/wp-content\/uploads\/2024\/07\/IMG_5545-768x432.jpg 768w, https:\/\/www.yeryuzundebirkacadim.com\/wp-content\/uploads\/2024\/07\/IMG_5545-1536x864.jpg 1536w, https:\/\/www.yeryuzundebirkacadim.com\/wp-content\/uploads\/2024\/07\/IMG_5545-816x459.jpg 816w, https:\/\/www.yeryuzundebirkacadim.com\/wp-content\/uploads\/2024\/07\/IMG_5545.jpg 2016w\" sizes=\"auto, (max-width: 1024px) 100vw, 1024px\" \/><\/p>\n<p>19. y\u00fczy\u0131l\u0131n sonlar\u0131, mimarlar ve planlamac\u0131lar\u0131n \u015fehir surlar\u0131n\u0131n kald\u0131r\u0131lmas\u0131yla bo\u015falan alan\u0131 doldurdu\u011fu Viyana&#8217;da b\u00fcy\u00fck in\u015faat \u00e7al\u0131\u015fmalar\u0131n\u0131n yap\u0131ld\u0131\u011f\u0131 bir d\u00f6nemdi.<\/p>\n<p>Sanat Tarihi ve Do\u011fa Tarihi m\u00fczelerinin bulundu\u011fu b\u00f6lge, kalk\u0131nman\u0131n odak noktalar\u0131ndan birini olu\u015fturuyordu. Bu iki bina, merkezindeki dev an\u0131tla dikkat \u00e7eken Maria Teresa Meydan\u0131&#8217;n\u0131n her iki yan\u0131nda kar\u015f\u0131l\u0131kl\u0131 duruyorlar.<\/p>\n<p><strong>13. Viyana Sanat Tarihi M\u00fczesi<\/strong><\/p>\n<p><img loading=\"lazy\" decoding=\"async\" class=\"alignnone size-medium wp-image-6833\" src=\"https:\/\/www.yeryuzundebirkacadim.com\/wp-content\/uploads\/2024\/07\/IMG_20240621_101533-1024x577.jpg\" alt=\"\" width=\"1024\" height=\"577\" srcset=\"https:\/\/www.yeryuzundebirkacadim.com\/wp-content\/uploads\/2024\/07\/IMG_20240621_101533-1024x577.jpg 1024w, https:\/\/www.yeryuzundebirkacadim.com\/wp-content\/uploads\/2024\/07\/IMG_20240621_101533-2048x1154.jpg 2048w, https:\/\/www.yeryuzundebirkacadim.com\/wp-content\/uploads\/2024\/07\/IMG_20240621_101533-768x433.jpg 768w, https:\/\/www.yeryuzundebirkacadim.com\/wp-content\/uploads\/2024\/07\/IMG_20240621_101533-1536x865.jpg 1536w, https:\/\/www.yeryuzundebirkacadim.com\/wp-content\/uploads\/2024\/07\/IMG_20240621_101533-816x460.jpg 816w\" sizes=\"auto, (max-width: 1024px) 100vw, 1024px\" \/><\/p>\n<p>Viyana&#8217;da tercih edilecek ilk m\u00fczedir. (Giri\u015f 21 euro.)<\/p>\n<p>Dekorasyon ve g\u00fczel sanatlar ile ilgili d\u00fcnyaca \u00fcnl\u00fc bir m\u00fczedir.<\/p>\n<p>1891 y\u0131l\u0131nda Avusturya- Macaristan imparatoru 1. Franz Joseph taraf\u0131ndan a\u00e7\u0131lm\u0131\u015ft\u0131r.<\/p>\n<p>\u0130mparator 1. Franz Joseph\u2019in Viyana Sanat Tarihi M\u00fczesi\u2019nin, Habsburg hanedanl\u0131\u011f\u0131n\u0131n \u015ferefine yara\u015f\u0131r \u015fekilde g\u00f6steri\u015fli olmas\u0131n\u0131 istedi\u011fi bilinmektedir.<\/p>\n<p>\u0130ki adet simetrik binan\u0131n yan yana olmas\u0131yla meydana gelen Viyana Sanat Tarihi M\u00fczesi, Yeni R\u00f6nesans cepheleriyle dikd\u00f6rtgen bir \u015fekle sahiptir. B\u00fcy\u00fck kemerli pencerelerle kapl\u0131 kumta\u015f\u0131 ve 60 metre y\u00fcksekli\u011finde sekizgen kubbesi vard\u0131r.<\/p>\n<p>M\u00fczenin i\u00e7i mermer, al\u00e7\u0131 s\u00fcslemeler, alt\u0131n varak ve duvar resimleri ile dekore edilmi\u015ftir.<\/p>\n<p><img loading=\"lazy\" decoding=\"async\" class=\"size-medium wp-image-6836\" src=\"https:\/\/www.yeryuzundebirkacadim.com\/wp-content\/uploads\/2024\/07\/IMG_5636-1024x576.jpg\" alt=\"\" width=\"1024\" height=\"576\" srcset=\"https:\/\/www.yeryuzundebirkacadim.com\/wp-content\/uploads\/2024\/07\/IMG_5636-1024x576.jpg 1024w, https:\/\/www.yeryuzundebirkacadim.com\/wp-content\/uploads\/2024\/07\/IMG_5636-2048x1151.jpg 2048w, https:\/\/www.yeryuzundebirkacadim.com\/wp-content\/uploads\/2024\/07\/IMG_5636-768x432.jpg 768w, https:\/\/www.yeryuzundebirkacadim.com\/wp-content\/uploads\/2024\/07\/IMG_5636-1536x864.jpg 1536w, https:\/\/www.yeryuzundebirkacadim.com\/wp-content\/uploads\/2024\/07\/IMG_5636-816x459.jpg 816w\" sizes=\"auto, (max-width: 1024px) 100vw, 1024px\" \/><\/p>\n<p><img loading=\"lazy\" decoding=\"async\" class=\"size-medium wp-image-6840\" src=\"https:\/\/www.yeryuzundebirkacadim.com\/wp-content\/uploads\/2024\/07\/IMG_5652-1024x576.jpg\" alt=\"\" width=\"1024\" height=\"576\" srcset=\"https:\/\/www.yeryuzundebirkacadim.com\/wp-content\/uploads\/2024\/07\/IMG_5652-1024x576.jpg 1024w, https:\/\/www.yeryuzundebirkacadim.com\/wp-content\/uploads\/2024\/07\/IMG_5652-2048x1152.jpg 2048w, https:\/\/www.yeryuzundebirkacadim.com\/wp-content\/uploads\/2024\/07\/IMG_5652-768x432.jpg 768w, https:\/\/www.yeryuzundebirkacadim.com\/wp-content\/uploads\/2024\/07\/IMG_5652-1536x864.jpg 1536w, https:\/\/www.yeryuzundebirkacadim.com\/wp-content\/uploads\/2024\/07\/IMG_5652-816x459.jpg 816w\" sizes=\"auto, (max-width: 1024px) 100vw, 1024px\" \/><\/p>\n<p>M\u00fcze, Orta \u00e7a\u011fdan g\u00fcn\u00fcm\u00fcze kadar \u00e7e\u015fitli tarihi d\u00f6nemlere ait geni\u015f bir sanat ve eser koleksiyonuna ev sahipli\u011fi yap\u0131yor.<\/p>\n<p>Viyana Sanat Tarihi M\u00fczesi\u2019nde pek \u00e7ok \u00fcnl\u00fc sanat eseri yer almaktad\u0131r.<\/p>\n<p>M\u00fczedeki ba\u015fl\u0131ca koleksiyonlar aras\u0131nda M\u0131s\u0131r ve Yak\u0131n Do\u011fu Koleksiyonu, Antik Yunan ve Roman Koleksiyonu, Madeni Paralar Koleksiyonu, Dekoratif Sanat Koleksiyonu ve K\u00fct\u00fcphane yer almaktad\u0131r.<\/p>\n<p><img loading=\"lazy\" decoding=\"async\" class=\"size-medium wp-image-6837\" src=\"https:\/\/www.yeryuzundebirkacadim.com\/wp-content\/uploads\/2024\/07\/IMG_5556-1024x576.jpg\" alt=\"\" width=\"1024\" height=\"576\" srcset=\"https:\/\/www.yeryuzundebirkacadim.com\/wp-content\/uploads\/2024\/07\/IMG_5556-1024x576.jpg 1024w, https:\/\/www.yeryuzundebirkacadim.com\/wp-content\/uploads\/2024\/07\/IMG_5556-2048x1151.jpg 2048w, https:\/\/www.yeryuzundebirkacadim.com\/wp-content\/uploads\/2024\/07\/IMG_5556-768x432.jpg 768w, https:\/\/www.yeryuzundebirkacadim.com\/wp-content\/uploads\/2024\/07\/IMG_5556-1536x864.jpg 1536w, https:\/\/www.yeryuzundebirkacadim.com\/wp-content\/uploads\/2024\/07\/IMG_5556-816x459.jpg 816w\" sizes=\"auto, (max-width: 1024px) 100vw, 1024px\" \/><\/p>\n<p>M\u00fczenin, Kahire d\u0131\u015f\u0131ndaki en b\u00fcy\u00fck M\u0131s\u0131r eserleri koleksiyonuna sahip oldu\u011fu s\u00f6yleniyor.<\/p>\n<p>M\u00fczede bir de kafe var.<\/p>\n<p><img loading=\"lazy\" decoding=\"async\" class=\"size-medium wp-image-6838\" src=\"https:\/\/www.yeryuzundebirkacadim.com\/wp-content\/uploads\/2024\/07\/IMG_5645-1024x576.jpg\" alt=\"\" width=\"1024\" height=\"576\" srcset=\"https:\/\/www.yeryuzundebirkacadim.com\/wp-content\/uploads\/2024\/07\/IMG_5645-1024x576.jpg 1024w, https:\/\/www.yeryuzundebirkacadim.com\/wp-content\/uploads\/2024\/07\/IMG_5645-2048x1152.jpg 2048w, https:\/\/www.yeryuzundebirkacadim.com\/wp-content\/uploads\/2024\/07\/IMG_5645-768x432.jpg 768w, https:\/\/www.yeryuzundebirkacadim.com\/wp-content\/uploads\/2024\/07\/IMG_5645-1536x864.jpg 1536w, https:\/\/www.yeryuzundebirkacadim.com\/wp-content\/uploads\/2024\/07\/IMG_5645-816x459.jpg 816w\" sizes=\"auto, (max-width: 1024px) 100vw, 1024px\" \/><\/p>\n<p>M\u00fczenin i\u00e7 balkonlar\u0131ndan kafenin g\u00f6r\u00fcn\u00fcm\u00fc.<\/p>\n<div id=\"attachment_6842\" style=\"width: 1034px\" class=\"wp-caption alignnone\"><img loading=\"lazy\" decoding=\"async\" aria-describedby=\"caption-attachment-6842\" class=\"size-medium wp-image-6842\" src=\"https:\/\/www.yeryuzundebirkacadim.com\/wp-content\/uploads\/2024\/07\/IMG_5700-1024x576.jpg\" alt=\"\" width=\"1024\" height=\"576\" srcset=\"https:\/\/www.yeryuzundebirkacadim.com\/wp-content\/uploads\/2024\/07\/IMG_5700-1024x576.jpg 1024w, https:\/\/www.yeryuzundebirkacadim.com\/wp-content\/uploads\/2024\/07\/IMG_5700-2048x1152.jpg 2048w, https:\/\/www.yeryuzundebirkacadim.com\/wp-content\/uploads\/2024\/07\/IMG_5700-768x432.jpg 768w, https:\/\/www.yeryuzundebirkacadim.com\/wp-content\/uploads\/2024\/07\/IMG_5700-1536x864.jpg 1536w, https:\/\/www.yeryuzundebirkacadim.com\/wp-content\/uploads\/2024\/07\/IMG_5700-816x459.jpg 816w\" sizes=\"auto, (max-width: 1024px) 100vw, 1024px\" \/><p id=\"caption-attachment-6842\" class=\"wp-caption-text\"><span style=\"font-size: 16px;\">\u00dcnl\u00fc ressamlar\u0131n bir\u00e7ok eserini de bu m\u00fczede g\u00f6rmek m\u00fcmk\u00fcn. Bunlardan baz\u0131lar\u0131; Gustav Klimt, Ernst Klimt, Franz Matsch ve Hans Makart&#8217;t\u0131r.<\/span><\/p><\/div>\n<p>Rembrandt (Kendi portresi, 1652)<\/p>\n<p><img loading=\"lazy\" decoding=\"async\" class=\"size-medium wp-image-6843\" src=\"https:\/\/www.yeryuzundebirkacadim.com\/wp-content\/uploads\/2024\/07\/IMG_5674-1024x576.jpg\" alt=\"\" width=\"1024\" height=\"576\" srcset=\"https:\/\/www.yeryuzundebirkacadim.com\/wp-content\/uploads\/2024\/07\/IMG_5674-1024x576.jpg 1024w, https:\/\/www.yeryuzundebirkacadim.com\/wp-content\/uploads\/2024\/07\/IMG_5674-2048x1152.jpg 2048w, https:\/\/www.yeryuzundebirkacadim.com\/wp-content\/uploads\/2024\/07\/IMG_5674-768x432.jpg 768w, https:\/\/www.yeryuzundebirkacadim.com\/wp-content\/uploads\/2024\/07\/IMG_5674-1536x864.jpg 1536w, https:\/\/www.yeryuzundebirkacadim.com\/wp-content\/uploads\/2024\/07\/IMG_5674-816x459.jpg 816w\" sizes=\"auto, (max-width: 1024px) 100vw, 1024px\" \/><\/p>\n<p>J<span style=\"font-size: 16px;\">acob Jordaens (Kral \u0130\u00e7iyor, 1640)<\/span><\/p>\n<p><img loading=\"lazy\" decoding=\"async\" class=\"size-medium wp-image-6844\" src=\"https:\/\/www.yeryuzundebirkacadim.com\/wp-content\/uploads\/2024\/07\/IMG_5656-1024x576.jpg\" alt=\"\" width=\"1024\" height=\"576\" srcset=\"https:\/\/www.yeryuzundebirkacadim.com\/wp-content\/uploads\/2024\/07\/IMG_5656-1024x576.jpg 1024w, https:\/\/www.yeryuzundebirkacadim.com\/wp-content\/uploads\/2024\/07\/IMG_5656-2048x1151.jpg 2048w, https:\/\/www.yeryuzundebirkacadim.com\/wp-content\/uploads\/2024\/07\/IMG_5656-768x432.jpg 768w, https:\/\/www.yeryuzundebirkacadim.com\/wp-content\/uploads\/2024\/07\/IMG_5656-1536x864.jpg 1536w, https:\/\/www.yeryuzundebirkacadim.com\/wp-content\/uploads\/2024\/07\/IMG_5656-816x459.jpg 816w\" sizes=\"auto, (max-width: 1024px) 100vw, 1024px\" \/><\/p>\n<p>Albrecht D\u00fcrer (\u00dc\u00e7l\u00fc Birli\u011fe Hayranl\u0131k, 1511)<\/p>\n<p><img loading=\"lazy\" decoding=\"async\" class=\"size-medium wp-image-6845\" src=\"https:\/\/www.yeryuzundebirkacadim.com\/wp-content\/uploads\/2024\/07\/IMG_5686-1024x576.jpg\" alt=\"\" width=\"1024\" height=\"576\" srcset=\"https:\/\/www.yeryuzundebirkacadim.com\/wp-content\/uploads\/2024\/07\/IMG_5686-1024x576.jpg 1024w, https:\/\/www.yeryuzundebirkacadim.com\/wp-content\/uploads\/2024\/07\/IMG_5686-2048x1152.jpg 2048w, https:\/\/www.yeryuzundebirkacadim.com\/wp-content\/uploads\/2024\/07\/IMG_5686-768x432.jpg 768w, https:\/\/www.yeryuzundebirkacadim.com\/wp-content\/uploads\/2024\/07\/IMG_5686-1536x864.jpg 1536w, https:\/\/www.yeryuzundebirkacadim.com\/wp-content\/uploads\/2024\/07\/IMG_5686-816x459.jpg 816w\" sizes=\"auto, (max-width: 1024px) 100vw, 1024px\" \/><\/p>\n<p>Pieter Brueghel (Babil Kulesi)<\/p>\n<p><img loading=\"lazy\" decoding=\"async\" class=\"size-medium wp-image-6846\" src=\"https:\/\/www.yeryuzundebirkacadim.com\/wp-content\/uploads\/2024\/07\/IMG_5693-1024x576.jpg\" alt=\"\" width=\"1024\" height=\"576\" srcset=\"https:\/\/www.yeryuzundebirkacadim.com\/wp-content\/uploads\/2024\/07\/IMG_5693-1024x576.jpg 1024w, https:\/\/www.yeryuzundebirkacadim.com\/wp-content\/uploads\/2024\/07\/IMG_5693-2048x1152.jpg 2048w, https:\/\/www.yeryuzundebirkacadim.com\/wp-content\/uploads\/2024\/07\/IMG_5693-768x432.jpg 768w, https:\/\/www.yeryuzundebirkacadim.com\/wp-content\/uploads\/2024\/07\/IMG_5693-1536x864.jpg 1536w, https:\/\/www.yeryuzundebirkacadim.com\/wp-content\/uploads\/2024\/07\/IMG_5693-816x459.jpg 816w\" sizes=\"auto, (max-width: 1024px) 100vw, 1024px\" \/><\/p>\n<p>Rubens (Ven\u00fcs Bayram\u0131)<\/p>\n<p><img loading=\"lazy\" decoding=\"async\" class=\"size-medium wp-image-6847\" src=\"https:\/\/www.yeryuzundebirkacadim.com\/wp-content\/uploads\/2024\/07\/IMG_5670-1024x576.jpg\" alt=\"\" width=\"1024\" height=\"576\" srcset=\"https:\/\/www.yeryuzundebirkacadim.com\/wp-content\/uploads\/2024\/07\/IMG_5670-1024x576.jpg 1024w, https:\/\/www.yeryuzundebirkacadim.com\/wp-content\/uploads\/2024\/07\/IMG_5670-2048x1151.jpg 2048w, https:\/\/www.yeryuzundebirkacadim.com\/wp-content\/uploads\/2024\/07\/IMG_5670-768x432.jpg 768w, https:\/\/www.yeryuzundebirkacadim.com\/wp-content\/uploads\/2024\/07\/IMG_5670-1536x864.jpg 1536w, https:\/\/www.yeryuzundebirkacadim.com\/wp-content\/uploads\/2024\/07\/IMG_5670-816x459.jpg 816w\" sizes=\"auto, (max-width: 1024px) 100vw, 1024px\" \/><\/p>\n<p>B\u00fcy\u00fcleyici bir m\u00fczeydi. \u0130\u00e7eride 2 saatten fazla kalm\u0131\u015f\u0131z. Tabii ki \u00e7ok daha fazlas\u0131n\u0131 hak ediyor.<\/p>\n<p>M\u00fczeden \u00e7\u0131k\u0131nca kar\u015f\u0131s\u0131nda yer alan Do\u011fa Tarihi M\u00fczesi.<\/p>\n<p><img loading=\"lazy\" decoding=\"async\" class=\"alignnone size-medium wp-image-6841\" src=\"https:\/\/www.yeryuzundebirkacadim.com\/wp-content\/uploads\/2024\/07\/IMG_20240621_110103-1024x577.jpg\" alt=\"\" width=\"1024\" height=\"577\" srcset=\"https:\/\/www.yeryuzundebirkacadim.com\/wp-content\/uploads\/2024\/07\/IMG_20240621_110103-1024x577.jpg 1024w, https:\/\/www.yeryuzundebirkacadim.com\/wp-content\/uploads\/2024\/07\/IMG_20240621_110103-2048x1153.jpg 2048w, https:\/\/www.yeryuzundebirkacadim.com\/wp-content\/uploads\/2024\/07\/IMG_20240621_110103-768x433.jpg 768w, https:\/\/www.yeryuzundebirkacadim.com\/wp-content\/uploads\/2024\/07\/IMG_20240621_110103-1536x865.jpg 1536w, https:\/\/www.yeryuzundebirkacadim.com\/wp-content\/uploads\/2024\/07\/IMG_20240621_110103-816x460.jpg 816w\" sizes=\"auto, (max-width: 1024px) 100vw, 1024px\" \/><\/p>\n<p><strong>14. Marie Terasa An\u0131t\u0131<\/strong><\/p>\n<p>Habsburg \u0130mparatorlu\u011fu&#8217;nun ilk ve tek kad\u0131n h\u00fck\u00fcmdar\u0131na yani Kutsal Roma \u0130mparatori\u00e7esi Maria Teresa&#8217;ya adanm\u0131\u015f bu g\u00f6rkemli meydan\u0131 heykeller, \u00e7e\u015fmeler, bah\u00e7eler ve m\u00fczeler s\u00fcsl\u00fcyor.<\/p>\n<p>\u0130mparatori\u00e7e Teresa Habsburg topraklar\u0131n\u0131 olduk\u00e7a istikrars\u0131z bir konumda\u00a0miras alm\u0131\u015f ve bir\u00e7ok ba\u015far\u0131ya imza atm\u0131\u015ft\u0131r.<\/p>\n<p>1890 y\u0131l\u0131nda tamamlanan meydan\u0131n ortas\u0131nda Maria Teresa an\u0131t\u0131 bulunuyor.\u00a0Maria Teresa, an\u0131t\u0131n tepesindeki tahtta, elini uzatm\u0131\u015f \u015fekilde oturuyor.<\/p>\n<p>Onun alt\u0131nda askeri komutanlar\u0131 ta\u015f\u0131yan d\u00f6rt atl\u0131 bulunuyor.<\/p>\n<p>Devasa kaidenin d\u00f6rt taraf\u0131nda s\u0131ras\u0131yla dan\u0131\u015fmanlar\u0131n\u0131, y\u00f6netimini, orduyu, sanat ve bilimi temsil eden ki\u015fi gruplar\u0131 yer al\u0131yor.<\/p>\n<p>Gluck, Mozart ve Haydn bu \u00fcnl\u00fc isimlerden birka\u00e7\u0131. Haydn&#8217;\u0131n eli k\u00fc\u00e7\u00fck bir \u00e7ocu\u011fun yani Mozart&#8217;\u0131n sa\u011f omzunda duruyor. \u0130ki bestecinin aras\u0131nda 24 ya\u015f fark\u0131 olmas\u0131na ra\u011fmen kar\u015f\u0131l\u0131kl\u0131 sayg\u0131ya dayal\u0131 bir dostlu\u011fa sahiptiler.<\/p>\n<p><img loading=\"lazy\" decoding=\"async\" class=\"size-medium wp-image-6849\" src=\"https:\/\/www.yeryuzundebirkacadim.com\/wp-content\/uploads\/2024\/07\/IMG_5718-1024x576.jpg\" alt=\"\" width=\"1024\" height=\"576\" srcset=\"https:\/\/www.yeryuzundebirkacadim.com\/wp-content\/uploads\/2024\/07\/IMG_5718-1024x576.jpg 1024w, https:\/\/www.yeryuzundebirkacadim.com\/wp-content\/uploads\/2024\/07\/IMG_5718-2048x1152.jpg 2048w, https:\/\/www.yeryuzundebirkacadim.com\/wp-content\/uploads\/2024\/07\/IMG_5718-768x432.jpg 768w, https:\/\/www.yeryuzundebirkacadim.com\/wp-content\/uploads\/2024\/07\/IMG_5718-1536x864.jpg 1536w, https:\/\/www.yeryuzundebirkacadim.com\/wp-content\/uploads\/2024\/07\/IMG_5718-816x459.jpg 816w\" sizes=\"auto, (max-width: 1024px) 100vw, 1024px\" \/><\/p>\n<p>Bug\u00fcn Hofburg Saray\u0131&#8217;n\u0131n Kahramanlar Park\u0131 k\u0131sm\u0131ndan ba\u015flayarak ilerleyece\u011fiz. Bunun i\u00e7in m\u00fczelerin \u00f6n\u00fcndeki caddeden kar\u015f\u0131ya ge\u00e7memiz yeterli.<\/p>\n<p><strong>15. Kahramanlar Meydan\u0131 (<\/strong><strong>Heldenplatz)<\/strong><\/p>\n<p>Bu halka a\u00e7\u0131k meydan Hofburg Saray\u0131&#8217;n\u0131n kuzeybat\u0131 taraf\u0131nda yer al\u0131yor. Buraya, 1800&#8217;l\u00fc y\u0131llardan kalma bir \u015fehir kap\u0131s\u0131 olan Burgot&#8217;tan da girilebiliyor.<\/p>\n<p>Meydanda iki atl\u0131 heykel var: Biri Avusturya Ar\u015fid\u00fck\u00fc Charles&#8217;a, di\u011feri ise Savoy Prensi Eugene&#8217;e ait.<\/p>\n<p>Burada ya\u015fanan en k\u00f6t\u00fc olay, Adolf Hitler&#8217;in 15 Mart 1938&#8217;de Viyana&#8217;n\u0131n Nazi Almanyas\u0131&#8217;na ilhak edildi\u011fini duyurmas\u0131yd\u0131.<\/p>\n<p><strong>16. Parlamento Binas\u0131<\/strong><\/p>\n<p>Bina 1883&#8217;te tamamland\u0131. Yunan tarz\u0131ndaki yap\u0131n\u0131n mimar\u0131 Hansen, binan\u0131n tamamlanmas\u0131n\u0131n ard\u0131ndan \u0130mparator Franz Joseph taraf\u0131ndan Baron \u00fcnvan\u0131 ile onurland\u0131r\u0131ld\u0131.<\/p>\n<p><img loading=\"lazy\" decoding=\"async\" class=\"size-medium wp-image-6854\" src=\"https:\/\/www.yeryuzundebirkacadim.com\/wp-content\/uploads\/2024\/07\/IMG_5726-1024x576.jpg\" alt=\"\" width=\"1024\" height=\"576\" srcset=\"https:\/\/www.yeryuzundebirkacadim.com\/wp-content\/uploads\/2024\/07\/IMG_5726-1024x576.jpg 1024w, https:\/\/www.yeryuzundebirkacadim.com\/wp-content\/uploads\/2024\/07\/IMG_5726-2048x1152.jpg 2048w, https:\/\/www.yeryuzundebirkacadim.com\/wp-content\/uploads\/2024\/07\/IMG_5726-768x432.jpg 768w, https:\/\/www.yeryuzundebirkacadim.com\/wp-content\/uploads\/2024\/07\/IMG_5726-1536x864.jpg 1536w, https:\/\/www.yeryuzundebirkacadim.com\/wp-content\/uploads\/2024\/07\/IMG_5726-816x459.jpg 816w\" sizes=\"auto, (max-width: 1024px) 100vw, 1024px\" \/><\/p>\n<p><strong>17. Belediye Binas\u0131 ve Meydan\u0131<\/strong><\/p>\n<p>Belediye Binas\u0131; Avrupa\u2019n\u0131n en g\u00fczel resmi binalar\u0131ndand\u0131r. 1872-1883 y\u0131llar\u0131nda Neo-Gotik tarzda in\u015fa edilmi\u015ftir.<\/p>\n<p><img loading=\"lazy\" decoding=\"async\" class=\"size-medium wp-image-6856\" src=\"https:\/\/www.yeryuzundebirkacadim.com\/wp-content\/uploads\/2024\/07\/IMG_5731-1024x576.jpg\" alt=\"\" width=\"1024\" height=\"576\" srcset=\"https:\/\/www.yeryuzundebirkacadim.com\/wp-content\/uploads\/2024\/07\/IMG_5731-1024x576.jpg 1024w, https:\/\/www.yeryuzundebirkacadim.com\/wp-content\/uploads\/2024\/07\/IMG_5731-2048x1152.jpg 2048w, https:\/\/www.yeryuzundebirkacadim.com\/wp-content\/uploads\/2024\/07\/IMG_5731-768x432.jpg 768w, https:\/\/www.yeryuzundebirkacadim.com\/wp-content\/uploads\/2024\/07\/IMG_5731-1536x864.jpg 1536w, https:\/\/www.yeryuzundebirkacadim.com\/wp-content\/uploads\/2024\/07\/IMG_5731-816x459.jpg 816w\" sizes=\"auto, (max-width: 1024px) 100vw, 1024px\" \/><\/p>\n<p>Sa\u011f\u0131nda Viyana \u00dcniversitesi, solunda Parlamento Binas\u0131 bulunur.<\/p>\n<p>\u00d6n\u00fcnde, heykeller, a\u011fa\u00e7lar ve \u00e7e\u015fmelerle dolu geni\u015f\u00e7e bir park bulunur. Film festivalleri, yaz pazarlar\u0131 gibi bir\u00e7ok etkinli\u011fin mekan\u0131d\u0131r.<\/p>\n<p>Noel Pazar\u0131 kurulur.<\/p>\n<p><strong style=\"font-size: 16px;\">18. Burg Tiyatrosu (Burgtheater)<\/strong><\/p>\n<p><img loading=\"lazy\" decoding=\"async\" class=\"size-medium wp-image-6855\" src=\"https:\/\/www.yeryuzundebirkacadim.com\/wp-content\/uploads\/2024\/07\/IMG_5735-1024x576.jpg\" alt=\"\" width=\"1024\" height=\"576\" srcset=\"https:\/\/www.yeryuzundebirkacadim.com\/wp-content\/uploads\/2024\/07\/IMG_5735-1024x576.jpg 1024w, https:\/\/www.yeryuzundebirkacadim.com\/wp-content\/uploads\/2024\/07\/IMG_5735-2048x1152.jpg 2048w, https:\/\/www.yeryuzundebirkacadim.com\/wp-content\/uploads\/2024\/07\/IMG_5735-768x432.jpg 768w, https:\/\/www.yeryuzundebirkacadim.com\/wp-content\/uploads\/2024\/07\/IMG_5735-1536x864.jpg 1536w, https:\/\/www.yeryuzundebirkacadim.com\/wp-content\/uploads\/2024\/07\/IMG_5735-816x459.jpg 816w\" sizes=\"auto, (max-width: 1024px) 100vw, 1024px\" \/><\/p>\n<p>Burg Tiyatrosu, Avusturyal\u0131lar&#8217;\u0131n Viyana&#8217;daki ulusal tiyatrosudur. Yerel halk taraf\u0131ndan \u201cBurg\u201d olarak da an\u0131lan tiyatro R\u00f6nesans mimarisinin \u00f6nemli \u00f6rneklerindendir. Sadece Almanca konu\u015fulan d\u00fcnyan\u0131n en b\u00fcy\u00fck tiyatrosu de\u011fil, ayn\u0131 zamanda Avrupa\u2019n\u0131n en eskilerindendir.<\/p>\n<p><strong>19. Ferstel Pasaj\u0131 (Freyung Ge\u00e7idi)<\/strong><\/p>\n<p>Burg Tiyatrosunun do\u011fusunda ve 600 metre mesafededir.<\/p>\n<p><img loading=\"lazy\" decoding=\"async\" class=\"alignnone size-medium wp-image-6857\" src=\"https:\/\/www.yeryuzundebirkacadim.com\/wp-content\/uploads\/2024\/07\/IMG_20240621_130702-577x1024.jpg\" alt=\"\" width=\"577\" height=\"1024\" srcset=\"https:\/\/www.yeryuzundebirkacadim.com\/wp-content\/uploads\/2024\/07\/IMG_20240621_130702-577x1024.jpg 577w, https:\/\/www.yeryuzundebirkacadim.com\/wp-content\/uploads\/2024\/07\/IMG_20240621_130702-1154x2048.jpg 1154w, https:\/\/www.yeryuzundebirkacadim.com\/wp-content\/uploads\/2024\/07\/IMG_20240621_130702-768x1363.jpg 768w, https:\/\/www.yeryuzundebirkacadim.com\/wp-content\/uploads\/2024\/07\/IMG_20240621_130702-866x1536.jpg 866w, https:\/\/www.yeryuzundebirkacadim.com\/wp-content\/uploads\/2024\/07\/IMG_20240621_130702-563x999.jpg 563w, https:\/\/www.yeryuzundebirkacadim.com\/wp-content\/uploads\/2024\/07\/IMG_20240621_130702.jpg 1220w\" sizes=\"auto, (max-width: 577px) 100vw, 577px\" \/><\/p>\n<p><img loading=\"lazy\" decoding=\"async\" class=\"size-medium wp-image-6858\" src=\"https:\/\/www.yeryuzundebirkacadim.com\/wp-content\/uploads\/2024\/07\/IMG_5741-1024x576.jpg\" alt=\"\" width=\"1024\" height=\"576\" srcset=\"https:\/\/www.yeryuzundebirkacadim.com\/wp-content\/uploads\/2024\/07\/IMG_5741-1024x576.jpg 1024w, https:\/\/www.yeryuzundebirkacadim.com\/wp-content\/uploads\/2024\/07\/IMG_5741-2048x1151.jpg 2048w, https:\/\/www.yeryuzundebirkacadim.com\/wp-content\/uploads\/2024\/07\/IMG_5741-768x432.jpg 768w, https:\/\/www.yeryuzundebirkacadim.com\/wp-content\/uploads\/2024\/07\/IMG_5741-1536x864.jpg 1536w, https:\/\/www.yeryuzundebirkacadim.com\/wp-content\/uploads\/2024\/07\/IMG_5741-816x459.jpg 816w\" sizes=\"auto, (max-width: 1024px) 100vw, 1024px\" \/><\/p>\n<p>1856-1860 y\u0131llar\u0131 aras\u0131nda Avusturyal\u0131 mimar Heinrich von Ferstel taraf\u0131ndan in\u015fa edilen tarihi l\u00fcks bir al\u0131\u015fveri\u015f pasaj\u0131d\u0131r.<\/p>\n<p>Muhte\u015fem tonozlu tavanlara sahip bu mermer zeminli ge\u00e7idin her iki yan\u0131nda l\u00fcks, zevkli ma\u011faza ve restoranlar bulunuyor.<\/p>\n<p><strong>Cafe Central<\/strong><\/p>\n<p>Ferstel Pasaj\u0131&#8217;n\u0131n \u00e7\u0131k\u0131\u015f\u0131nda kap\u0131s\u0131 olan \u00fcnl\u00fc kafelerden biri.<\/p>\n<p>Thonet sandalye ve mermer y\u00fczeyli masalar\u0131, s\u00fctunlarla desteklenmi\u015f y\u00fcksek tavanlar\u0131 ve mek\u00e2n\u0131n ortas\u0131na yerle\u015ftirilmi\u015f piyanosu ile \u015fehrin \u00fcnl\u00fc bu kafesi edebiyat\u00e7\u0131lar\u0131n da u\u011frak yeri olmu\u015f.<\/p>\n<p><img loading=\"lazy\" decoding=\"async\" class=\"size-medium wp-image-6859\" src=\"https:\/\/www.yeryuzundebirkacadim.com\/wp-content\/uploads\/2024\/07\/IMG_5759-1024x576.jpg\" alt=\"\" width=\"1024\" height=\"576\" srcset=\"https:\/\/www.yeryuzundebirkacadim.com\/wp-content\/uploads\/2024\/07\/IMG_5759-1024x576.jpg 1024w, https:\/\/www.yeryuzundebirkacadim.com\/wp-content\/uploads\/2024\/07\/IMG_5759-2048x1152.jpg 2048w, https:\/\/www.yeryuzundebirkacadim.com\/wp-content\/uploads\/2024\/07\/IMG_5759-768x432.jpg 768w, https:\/\/www.yeryuzundebirkacadim.com\/wp-content\/uploads\/2024\/07\/IMG_5759-1536x864.jpg 1536w, https:\/\/www.yeryuzundebirkacadim.com\/wp-content\/uploads\/2024\/07\/IMG_5759-816x459.jpg 816w\" sizes=\"auto, (max-width: 1024px) 100vw, 1024px\" \/><\/p>\n<p>Viyana&#8217;daki T\u00fcrk dostlar\u0131m\u0131zla, bizi davet ettikleri Cafe Schwarzenberg&#8217;te bulu\u015fuyoruz. Kahve i\u00e7ip, \u015fehrin g\u00fczel pastalar\u0131ndan yiyip biraz muhabbet ediyoruz. Bize yeni a\u00e7\u0131lan Viyana M\u00fczesi&#8217;ni tavsiye ediyorlar. Cafe Schwarzenberg&#8217;e yak\u0131n oldu\u011fu i\u00e7in buray\u0131 da geziyoruz. (\u00c7\u00fcnk\u00fc ringi tamamlamak i\u00e7in yeterince vaktimiz var).<\/p>\n<p><strong>20. Viyana M\u00fczesi (Wien Museum)<\/strong><\/p>\n<p><img loading=\"lazy\" decoding=\"async\" class=\"alignnone size-medium wp-image-6872\" src=\"https:\/\/www.yeryuzundebirkacadim.com\/wp-content\/uploads\/2024\/07\/IMG_20240621_144550-1024x577.jpg\" alt=\"\" width=\"1024\" height=\"577\" srcset=\"https:\/\/www.yeryuzundebirkacadim.com\/wp-content\/uploads\/2024\/07\/IMG_20240621_144550-1024x577.jpg 1024w, https:\/\/www.yeryuzundebirkacadim.com\/wp-content\/uploads\/2024\/07\/IMG_20240621_144550-2048x1153.jpg 2048w, https:\/\/www.yeryuzundebirkacadim.com\/wp-content\/uploads\/2024\/07\/IMG_20240621_144550-768x433.jpg 768w, https:\/\/www.yeryuzundebirkacadim.com\/wp-content\/uploads\/2024\/07\/IMG_20240621_144550-1536x865.jpg 1536w, https:\/\/www.yeryuzundebirkacadim.com\/wp-content\/uploads\/2024\/07\/IMG_20240621_144550-816x460.jpg 816w\" sizes=\"auto, (max-width: 1024px) 100vw, 1024px\" \/><\/p>\n<div class=\"module module_column_start col_start_type_2\">\n<div id=\"\" class=\"jumpToTarget module module_text \" data-text=\"Enter text here\">\n<p>M\u00fcze; Viyana&#8217;n\u0131n ola\u011fan\u00fcst\u00fc sanat eserleri ve tarihi eser koleksiyonuna ev sahipli\u011fi yap\u0131yor. Simgesel binas\u0131 1950&#8217;lerde in\u015fa edilmi\u015f ve b\u00fcy\u00fck bir yenileme ve geni\u015flemenin ard\u0131ndan 6 Aral\u0131k 2023&#8217;te yeniden a\u00e7\u0131lm\u0131\u015f.<\/p>\n<p>Giri\u015f \u00fccretsiz.<\/p>\n<p>M\u00fczenin daimi sergisi \u201cViyana. Benim Tarihim\u201d \u015fehrin ilk yerle\u015fiminden g\u00fcn\u00fcm\u00fcze\u00a0\u00a0kronolojik bir turunu sunuyor.<\/p>\n<p><img loading=\"lazy\" decoding=\"async\" class=\"alignnone size-medium wp-image-6873\" src=\"https:\/\/www.yeryuzundebirkacadim.com\/wp-content\/uploads\/2024\/07\/IMG_20240621_145322-577x1024.jpg\" alt=\"\" width=\"577\" height=\"1024\" srcset=\"https:\/\/www.yeryuzundebirkacadim.com\/wp-content\/uploads\/2024\/07\/IMG_20240621_145322-577x1024.jpg 577w, https:\/\/www.yeryuzundebirkacadim.com\/wp-content\/uploads\/2024\/07\/IMG_20240621_145322-1153x2048.jpg 1153w, https:\/\/www.yeryuzundebirkacadim.com\/wp-content\/uploads\/2024\/07\/IMG_20240621_145322-768x1364.jpg 768w, https:\/\/www.yeryuzundebirkacadim.com\/wp-content\/uploads\/2024\/07\/IMG_20240621_145322-865x1536.jpg 865w, https:\/\/www.yeryuzundebirkacadim.com\/wp-content\/uploads\/2024\/07\/IMG_20240621_145322-563x999.jpg 563w, https:\/\/www.yeryuzundebirkacadim.com\/wp-content\/uploads\/2024\/07\/IMG_20240621_145322.jpg 1194w\" sizes=\"auto, (max-width: 577px) 100vw, 577px\" \/><\/p>\n<\/div>\n<\/div>\n<div class=\"module module_column_start col_start_type_3\">\n<div id=\"\" class=\"jumpToTarget module module_text \" data-text=\"Enter text here\">\n<p>&nbsp;<\/p>\n<p><img loading=\"lazy\" decoding=\"async\" class=\"alignnone size-medium wp-image-6874\" src=\"https:\/\/www.yeryuzundebirkacadim.com\/wp-content\/uploads\/2024\/07\/IMG_20240621_150257-576x1024.jpg\" alt=\"\" width=\"576\" height=\"1024\" srcset=\"https:\/\/www.yeryuzundebirkacadim.com\/wp-content\/uploads\/2024\/07\/IMG_20240621_150257-576x1024.jpg 576w, https:\/\/www.yeryuzundebirkacadim.com\/wp-content\/uploads\/2024\/07\/IMG_20240621_150257-1153x2048.jpg 1153w, https:\/\/www.yeryuzundebirkacadim.com\/wp-content\/uploads\/2024\/07\/IMG_20240621_150257-768x1364.jpg 768w, https:\/\/www.yeryuzundebirkacadim.com\/wp-content\/uploads\/2024\/07\/IMG_20240621_150257-865x1536.jpg 865w, https:\/\/www.yeryuzundebirkacadim.com\/wp-content\/uploads\/2024\/07\/IMG_20240621_150257-562x999.jpg 562w, https:\/\/www.yeryuzundebirkacadim.com\/wp-content\/uploads\/2024\/07\/IMG_20240621_150257.jpg 1216w\" sizes=\"auto, (max-width: 576px) 100vw, 576px\" \/><\/p>\n<p>Modern tuvaletler \u0130ngiltere&#8217;de ortaya \u00e7\u0131km\u0131\u015f. Evden ge\u00e7en su tesisatlar\u0131n\u0131 a\u00e7\u0131klamak i\u00e7in Water Closets; Su dolaplar\u0131 demi\u015fler. WC oradan geliyormu\u015f. Bu yeni cihazlar Avusturya&#8217;ya geldi\u011finde s\u00fcper zenginlerin ayr\u0131cal\u0131\u011f\u0131 imi\u015f. Ancak 1870&#8217;lerde orta s\u0131n\u0131f\u0131n evine girebilmi\u015f. Bu klozet Gmunden&#8217;de bir m\u00fczeden \u00f6d\u00fcn\u00e7 al\u0131nm\u0131\u015f.<\/p>\n<p><img loading=\"lazy\" decoding=\"async\" class=\"size-medium wp-image-6875\" src=\"https:\/\/www.yeryuzundebirkacadim.com\/wp-content\/uploads\/2024\/07\/IMG_5785-1024x576.jpg\" alt=\"\" width=\"1024\" height=\"576\" srcset=\"https:\/\/www.yeryuzundebirkacadim.com\/wp-content\/uploads\/2024\/07\/IMG_5785-1024x576.jpg 1024w, https:\/\/www.yeryuzundebirkacadim.com\/wp-content\/uploads\/2024\/07\/IMG_5785-2048x1152.jpg 2048w, https:\/\/www.yeryuzundebirkacadim.com\/wp-content\/uploads\/2024\/07\/IMG_5785-768x432.jpg 768w, https:\/\/www.yeryuzundebirkacadim.com\/wp-content\/uploads\/2024\/07\/IMG_5785-1536x864.jpg 1536w, https:\/\/www.yeryuzundebirkacadim.com\/wp-content\/uploads\/2024\/07\/IMG_5785-816x459.jpg 816w\" sizes=\"auto, (max-width: 1024px) 100vw, 1024px\" \/><\/p>\n<p>Aziz Stephen Katedrali&#8217;nin 6 metrelik modeli.<\/p>\n<p><img loading=\"lazy\" decoding=\"async\" class=\"size-medium wp-image-6876\" src=\"https:\/\/www.yeryuzundebirkacadim.com\/wp-content\/uploads\/2024\/07\/IMG_5777-1024x576.jpg\" alt=\"\" width=\"1024\" height=\"576\" srcset=\"https:\/\/www.yeryuzundebirkacadim.com\/wp-content\/uploads\/2024\/07\/IMG_5777-1024x576.jpg 1024w, https:\/\/www.yeryuzundebirkacadim.com\/wp-content\/uploads\/2024\/07\/IMG_5777-2048x1152.jpg 2048w, https:\/\/www.yeryuzundebirkacadim.com\/wp-content\/uploads\/2024\/07\/IMG_5777-768x432.jpg 768w, https:\/\/www.yeryuzundebirkacadim.com\/wp-content\/uploads\/2024\/07\/IMG_5777-1536x864.jpg 1536w, https:\/\/www.yeryuzundebirkacadim.com\/wp-content\/uploads\/2024\/07\/IMG_5777-816x459.jpg 816w\" sizes=\"auto, (max-width: 1024px) 100vw, 1024px\" \/><\/p>\n<\/div>\n<\/div>\n<p>Martin van Meytens (Maria Teresa&#8217;n\u0131n Portresi)<\/p>\n<p><img loading=\"lazy\" decoding=\"async\" class=\"size-medium wp-image-6877\" src=\"https:\/\/www.yeryuzundebirkacadim.com\/wp-content\/uploads\/2024\/07\/IMG_5778-1024x576.jpg\" alt=\"\" width=\"1024\" height=\"576\" srcset=\"https:\/\/www.yeryuzundebirkacadim.com\/wp-content\/uploads\/2024\/07\/IMG_5778-1024x576.jpg 1024w, https:\/\/www.yeryuzundebirkacadim.com\/wp-content\/uploads\/2024\/07\/IMG_5778-2048x1152.jpg 2048w, https:\/\/www.yeryuzundebirkacadim.com\/wp-content\/uploads\/2024\/07\/IMG_5778-768x432.jpg 768w, https:\/\/www.yeryuzundebirkacadim.com\/wp-content\/uploads\/2024\/07\/IMG_5778-1536x864.jpg 1536w, https:\/\/www.yeryuzundebirkacadim.com\/wp-content\/uploads\/2024\/07\/IMG_5778-816x459.jpg 816w\" sizes=\"auto, (max-width: 1024px) 100vw, 1024px\" \/><\/p>\n<div class=\"module module_column_start col_start_type_3\">\n<p class=\"jumpToTarget module module_text \" data-text=\"Enter text here\"><span style=\"font-size: 16px;\">Viyana M\u00fczesi&#8217;nde en \u00fcst katta ge\u00e7ici sergiler, at\u00f6lye st\u00fcdyolar\u0131nda ve etkinlik merkezlerinde her ya\u015fa uygun \u00e7ok say\u0131da program bulunuyor. <\/span><\/p>\n<p class=\"jumpToTarget module module_text \" data-text=\"Enter text here\"><span style=\"font-size: 16px;\">En etkileyici yanlar\u0131ndan biri Viyana \u015fehir merkezinin muhte\u015fem manzaras\u0131na sahip bir teras\u0131n\u0131n bulunmas\u0131.<\/span><\/p>\n<\/div>\n<p><strong>21. Karl Kilisesi<\/strong><\/p>\n<p>Kilise, \u015fehrin en \u00fcnl\u00fc simge yap\u0131lar\u0131ndan biridir.<\/p>\n<p>Viyana M\u00fczesi&#8217;nin teras\u0131ndan kiliseyi seyrediyor ve foto\u011frafl\u0131yoruz. Etkileyici b\u00fcy\u00fck bir cepheye sahip.<\/p>\n<p><img loading=\"lazy\" decoding=\"async\" class=\"size-medium wp-image-6870\" src=\"https:\/\/www.yeryuzundebirkacadim.com\/wp-content\/uploads\/2024\/07\/IMG_5789-1024x576.jpg\" alt=\"\" width=\"1024\" height=\"576\" srcset=\"https:\/\/www.yeryuzundebirkacadim.com\/wp-content\/uploads\/2024\/07\/IMG_5789-1024x576.jpg 1024w, https:\/\/www.yeryuzundebirkacadim.com\/wp-content\/uploads\/2024\/07\/IMG_5789-2048x1152.jpg 2048w, https:\/\/www.yeryuzundebirkacadim.com\/wp-content\/uploads\/2024\/07\/IMG_5789-768x432.jpg 768w, https:\/\/www.yeryuzundebirkacadim.com\/wp-content\/uploads\/2024\/07\/IMG_5789-1536x864.jpg 1536w, https:\/\/www.yeryuzundebirkacadim.com\/wp-content\/uploads\/2024\/07\/IMG_5789-816x459.jpg 816w\" sizes=\"auto, (max-width: 1024px) 100vw, 1024px\" \/><\/p>\n<p>18. y\u00fczy\u0131l\u0131n ba\u015flar\u0131nda in\u015fa edilmi\u015f. Barok ve klasik tarzda bir mimariye sahip.<\/p>\n<p>\u0130\u00e7erisinde g\u00fczel freskleri de bulunuyormu\u015f.<\/p>\n<p>Tarihi mimarinin yarat\u0131c\u0131s\u0131 olan ya\u015fl\u0131 Fischer von Erlach, \u00e7ok \u00e7e\u015fitli unsurlar\u0131 birle\u015ftirmi\u015f.<\/p>\n<p>Ortadaki sundurmaya a\u00e7\u0131lan cephe, bir Yunan tap\u0131na\u011f\u0131 revak\u0131 modelindedir.<\/p>\n<p>Lorenzo Mattielli taraf\u0131ndan yap\u0131lan kom\u015fu iki s\u00fctundan biri ise Roma&#8217;daki Trajan S\u00fctunu modelindedir.<\/p>\n<p>Besteci Antonio Vivaldi 1741&#8217;de Viyana&#8217;da \u00f6lm\u00fc\u015ft\u00fcr. Kilise onun onuruna d\u00fczenli olarak Vivaldi konserlerine ev sahipli\u011fi yap\u0131yor.<\/p>\n<p>Kilisede, asans\u00f6rle yukar\u0131ya \u00e7\u0131k\u0131p tavandaki g\u00fczel freskleri yak\u0131ndan g\u00f6rebilece\u011finiz bir izleme platformu da bulunuyormu\u015f. Ayr\u0131ca balkona \u00e7\u0131k\u0131p \u00e7evredeki g\u00fczel manzara da seyredilebiliyormu\u015f.<\/p>\n<p><strong>22. Aziz Stephen Katedrali<\/strong><\/p>\n<p>Hofburg Saray\u0131&#8217;n\u0131n etraf\u0131nda yaya olarak bir daire \u00e7izerek niyahetinde me\u015fhur kiliseye geldik.<\/p>\n<p>\u015eehirdeki en \u00f6nemli dini yap\u0131 olan kilise Viyana&#8217;n\u0131n Roma Katolik Ba\u015fpiskoposlu\u011fu&#8217;dur.<\/p>\n<p>12. y\u00fczy\u0131lda in\u015fa edilmi\u015f d\u00fcnyan\u0131n en b\u00fcy\u00fck 4. Gotik kilisesi olan Aziz Stephan Katedrali \u015fehrin en \u00f6nemli simge yap\u0131lar\u0131ndan biridir.<\/p>\n<p>Katedral, d\u0131\u015f k\u0131sm\u0131 grift oymalar, heykeller ve dekoratif unsurlarla s\u00fcslenmi\u015fken, i\u00e7 k\u0131sm\u0131 etkileyici freskler, tablolar, vitraylar ve di\u011fer sanat eserleriyle doludur.<\/p>\n<p>\u00c7at\u0131 kiremitleri sanatsal \u00f6zelliktedir.<\/p>\n<p><img loading=\"lazy\" decoding=\"async\" class=\"size-medium wp-image-6860\" src=\"https:\/\/www.yeryuzundebirkacadim.com\/wp-content\/uploads\/2024\/07\/IMG_5801-1024x576.jpg\" alt=\"\" width=\"1024\" height=\"576\" srcset=\"https:\/\/www.yeryuzundebirkacadim.com\/wp-content\/uploads\/2024\/07\/IMG_5801-1024x576.jpg 1024w, https:\/\/www.yeryuzundebirkacadim.com\/wp-content\/uploads\/2024\/07\/IMG_5801-2048x1152.jpg 2048w, https:\/\/www.yeryuzundebirkacadim.com\/wp-content\/uploads\/2024\/07\/IMG_5801-768x432.jpg 768w, https:\/\/www.yeryuzundebirkacadim.com\/wp-content\/uploads\/2024\/07\/IMG_5801-1536x864.jpg 1536w, https:\/\/www.yeryuzundebirkacadim.com\/wp-content\/uploads\/2024\/07\/IMG_5801-816x459.jpg 816w\" sizes=\"auto, (max-width: 1024px) 100vw, 1024px\" \/><\/p>\n<p><img loading=\"lazy\" decoding=\"async\" class=\"size-medium wp-image-6861\" src=\"https:\/\/www.yeryuzundebirkacadim.com\/wp-content\/uploads\/2024\/07\/IMG_5805-1024x576.jpg\" alt=\"\" width=\"1024\" height=\"576\" srcset=\"https:\/\/www.yeryuzundebirkacadim.com\/wp-content\/uploads\/2024\/07\/IMG_5805-1024x576.jpg 1024w, https:\/\/www.yeryuzundebirkacadim.com\/wp-content\/uploads\/2024\/07\/IMG_5805-2048x1151.jpg 2048w, https:\/\/www.yeryuzundebirkacadim.com\/wp-content\/uploads\/2024\/07\/IMG_5805-768x432.jpg 768w, https:\/\/www.yeryuzundebirkacadim.com\/wp-content\/uploads\/2024\/07\/IMG_5805-1536x864.jpg 1536w, https:\/\/www.yeryuzundebirkacadim.com\/wp-content\/uploads\/2024\/07\/IMG_5805-816x459.jpg 816w\" sizes=\"auto, (max-width: 1024px) 100vw, 1024px\" \/><\/p>\n<p>&nbsp;<\/p>\n<p><img loading=\"lazy\" decoding=\"async\" class=\"alignnone size-medium wp-image-6862\" src=\"https:\/\/www.yeryuzundebirkacadim.com\/wp-content\/uploads\/2024\/07\/IMG_20240621_154854-576x1024.jpg\" alt=\"\" width=\"576\" height=\"1024\" srcset=\"https:\/\/www.yeryuzundebirkacadim.com\/wp-content\/uploads\/2024\/07\/IMG_20240621_154854-576x1024.jpg 576w, https:\/\/www.yeryuzundebirkacadim.com\/wp-content\/uploads\/2024\/07\/IMG_20240621_154854-1153x2048.jpg 1153w, https:\/\/www.yeryuzundebirkacadim.com\/wp-content\/uploads\/2024\/07\/IMG_20240621_154854-768x1364.jpg 768w, https:\/\/www.yeryuzundebirkacadim.com\/wp-content\/uploads\/2024\/07\/IMG_20240621_154854-865x1536.jpg 865w, https:\/\/www.yeryuzundebirkacadim.com\/wp-content\/uploads\/2024\/07\/IMG_20240621_154854-562x999.jpg 562w, https:\/\/www.yeryuzundebirkacadim.com\/wp-content\/uploads\/2024\/07\/IMG_20240621_154854.jpg 1216w\" sizes=\"auto, (max-width: 576px) 100vw, 576px\" \/><\/p>\n<p>Buras\u0131 bir\u00e7ok tarihi an\u0131n mekan\u0131 olmu\u015ftur. Ancak en dikkate de\u011fer olaylardan biri, \u00fcnl\u00fc besteci Ludwig van Beethoven&#8217;\u0131n kilisenin \u00e7an kulesinden ku\u015flar u\u00e7arken sa\u011f\u0131r oldu\u011funu ke\u015ffetmesiymi\u015f.<\/p>\n<p>Kilisenin yan\u0131 s\u0131ra, buras\u0131 ayn\u0131 zamanda Savoy Prensi Eugene ve \u0130mparator III. Frederick&#8217;in mezarlar\u0131 da dahil olmak \u00fczere mezarlar\u0131n, yer alt\u0131 mezarlar\u0131n\u0131n ve kriptalar\u0131n da bulundu\u011fu yerdir.<\/p>\n<p>Katedralin Kuzey veya G\u00fcney Kulesi&#8217;nin tepesine \u00e7\u0131k\u0131p tarihi \u015fehir merkezinin manzaras\u0131 seyredilebilir.<\/p>\n<p><strong>23. Stephan Meydan\u0131<\/strong><\/p>\n<p>Aziz Stephen Katedrali&#8217;nin \u00f6n\u00fcndeki meydand\u0131r. Bir\u00e7ok g\u00fczel bina bulunuyor.<\/p>\n<p><img loading=\"lazy\" decoding=\"async\" class=\"alignnone size-medium wp-image-6865\" src=\"https:\/\/www.yeryuzundebirkacadim.com\/wp-content\/uploads\/2024\/07\/IMG_20240621_154440-1-1024x577.jpg\" alt=\"\" width=\"1024\" height=\"577\" srcset=\"https:\/\/www.yeryuzundebirkacadim.com\/wp-content\/uploads\/2024\/07\/IMG_20240621_154440-1-1024x577.jpg 1024w, https:\/\/www.yeryuzundebirkacadim.com\/wp-content\/uploads\/2024\/07\/IMG_20240621_154440-1-2048x1154.jpg 2048w, https:\/\/www.yeryuzundebirkacadim.com\/wp-content\/uploads\/2024\/07\/IMG_20240621_154440-1-768x433.jpg 768w, https:\/\/www.yeryuzundebirkacadim.com\/wp-content\/uploads\/2024\/07\/IMG_20240621_154440-1-1536x865.jpg 1536w, https:\/\/www.yeryuzundebirkacadim.com\/wp-content\/uploads\/2024\/07\/IMG_20240621_154440-1-816x460.jpg 816w\" sizes=\"auto, (max-width: 1024px) 100vw, 1024px\" \/><\/p>\n<p>Bunlardan biri 1990 y\u0131l\u0131nda Hans Hollein taraf\u0131ndan postmodern mimari tarzda in\u015fa edilmi\u015f e\u015fsiz bir ev olan <strong>Haas Huis<\/strong><b>&#8216;<\/b>tir.\u00a0Bina, eski Roma kamp\u0131 Vindobona&#8217;n\u0131n g\u00fcney k\u00f6\u015fesinde yer ald\u0131\u011f\u0131ndan, eskiyi yeniyle harmanlamak i\u00e7in tasarlanm\u0131\u015f.<\/p>\n<p><img loading=\"lazy\" decoding=\"async\" class=\"alignnone size-medium wp-image-6867\" src=\"https:\/\/www.yeryuzundebirkacadim.com\/wp-content\/uploads\/2024\/07\/IMG_20240621_154146-1024x577.jpg\" alt=\"\" width=\"1024\" height=\"577\" srcset=\"https:\/\/www.yeryuzundebirkacadim.com\/wp-content\/uploads\/2024\/07\/IMG_20240621_154146-1024x577.jpg 1024w, https:\/\/www.yeryuzundebirkacadim.com\/wp-content\/uploads\/2024\/07\/IMG_20240621_154146-2048x1154.jpg 2048w, https:\/\/www.yeryuzundebirkacadim.com\/wp-content\/uploads\/2024\/07\/IMG_20240621_154146-768x433.jpg 768w, https:\/\/www.yeryuzundebirkacadim.com\/wp-content\/uploads\/2024\/07\/IMG_20240621_154146-1536x865.jpg 1536w, https:\/\/www.yeryuzundebirkacadim.com\/wp-content\/uploads\/2024\/07\/IMG_20240621_154146-816x460.jpg 816w\" sizes=\"auto, (max-width: 1024px) 100vw, 1024px\" \/><\/p>\n<p>1990 y\u0131l\u0131nda Haas Evi&#8217;nin in\u015faat\u0131 s\u0131ras\u0131nda, baz\u0131 antik Roma duvar kal\u0131nt\u0131lar\u0131na demirlenerek in\u015fa edilmi\u015f olmas\u0131 \u00e7ok tart\u0131\u015f\u0131lm\u0131\u015f.<\/p>\n<p>Tasar\u0131m\u0131n ard\u0131ndaki anlay\u0131\u015f; Roma duvar\u0131n\u0131n izini s\u00fcrmek ve Viyana&#8217;n\u0131n en b\u00fcy\u00fck kilisesinin ayna g\u00f6r\u00fcnt\u00fcs\u00fcn\u00fc elde etmekti.<\/p>\n<p>Haas House&#8217;un en \u00fcst kat\u0131ndaki kahvehaneden Aziz Stephan Kilisesi&#8217;nin en iyi manzaras\u0131 g\u00f6r\u00fclebilir.<\/p>\n<p><strong>24. Demir Asa (Stock im Eisen) Meydan\u0131 ve Demir Asa<\/strong><\/p>\n<p><img loading=\"lazy\" decoding=\"async\" class=\"size-medium wp-image-6866\" src=\"https:\/\/www.yeryuzundebirkacadim.com\/wp-content\/uploads\/2024\/07\/IMG_5797-1024x576.jpg\" alt=\"\" width=\"1024\" height=\"576\" srcset=\"https:\/\/www.yeryuzundebirkacadim.com\/wp-content\/uploads\/2024\/07\/IMG_5797-1024x576.jpg 1024w, https:\/\/www.yeryuzundebirkacadim.com\/wp-content\/uploads\/2024\/07\/IMG_5797-2048x1152.jpg 2048w, https:\/\/www.yeryuzundebirkacadim.com\/wp-content\/uploads\/2024\/07\/IMG_5797-768x432.jpg 768w, https:\/\/www.yeryuzundebirkacadim.com\/wp-content\/uploads\/2024\/07\/IMG_5797-1536x864.jpg 1536w, https:\/\/www.yeryuzundebirkacadim.com\/wp-content\/uploads\/2024\/07\/IMG_5797-816x459.jpg 816w\" sizes=\"auto, (max-width: 1024px) 100vw, 1024px\" \/><\/p>\n<p>Antik \u00e7a\u011fda bir Roma mezarl\u0131\u011f\u0131 olan meydan, ad\u0131n\u0131 Palais Equitable&#8217;\u0131n k\u00f6\u015fesinde camla kapl\u0131 tarihi \u00e7ivi a\u011fac\u0131ndan almaktad\u0131r. A\u011fa\u00e7 1400&#8217;l\u00fc y\u0131llara aittir. Y\u00fczy\u0131llar boyunca iyi \u015fans ve u\u011fur getirmesi i\u00e7in ona \u00e7ivi \u00e7akan gezginler taraf\u0131ndan kullan\u0131lm\u0131\u015ft\u0131r.<\/p>\n<p><strong>25. Mozart\u2019\u0131n Viyana Daireleri<\/strong><\/p>\n<p>Mozart&#8217;\u0131n ya\u015fam\u0131n\u0131n b\u00fcy\u00fck bir k\u0131sm\u0131 memleketi Salzburg&#8217;da ge\u00e7mi\u015ftir. Ancak Viyana&#8217;yla da yak\u0131n ba\u011flar\u0131 vard\u0131r. Ba\u011flar; \u0130mparatori\u00e7e Maria Teresa&#8217;n\u0131n \u00e7ocukken Sch\u00f6nbrunn Saray\u0131&#8217;na konser vermesi i\u00e7in gen\u00e7 d\u00e2hiyi getirmesiyle ba\u015flam\u0131\u015f.<\/p>\n<p><strong> <img loading=\"lazy\" decoding=\"async\" class=\"alignnone size-medium wp-image-6868\" src=\"https:\/\/www.yeryuzundebirkacadim.com\/wp-content\/uploads\/2024\/07\/IMG_20240621_155719-577x1024.jpg\" alt=\"\" width=\"577\" height=\"1024\" srcset=\"https:\/\/www.yeryuzundebirkacadim.com\/wp-content\/uploads\/2024\/07\/IMG_20240621_155719-577x1024.jpg 577w, https:\/\/www.yeryuzundebirkacadim.com\/wp-content\/uploads\/2024\/07\/IMG_20240621_155719-1154x2048.jpg 1154w, https:\/\/www.yeryuzundebirkacadim.com\/wp-content\/uploads\/2024\/07\/IMG_20240621_155719-768x1363.jpg 768w, https:\/\/www.yeryuzundebirkacadim.com\/wp-content\/uploads\/2024\/07\/IMG_20240621_155719-865x1536.jpg 865w, https:\/\/www.yeryuzundebirkacadim.com\/wp-content\/uploads\/2024\/07\/IMG_20240621_155719-563x999.jpg 563w, https:\/\/www.yeryuzundebirkacadim.com\/wp-content\/uploads\/2024\/07\/IMG_20240621_155719.jpg 1201w\" sizes=\"auto, (max-width: 577px) 100vw, 577px\" \/><\/strong><\/p>\n<p><strong>26. Graben Caddesi<\/strong><\/p>\n<p>Demir Asa Meydan\u0131&#8217;na a\u00e7\u0131lan bir caddedir. Ge\u00e7mi\u015fi 12. y\u00fczy\u0131la kadar uzanan tarihi cadde \u015fehrin ana caddesidir. Ge\u00e7mi\u015f y\u00fczy\u0131llarda hem pazar yeri hem de festival alaylar\u0131n\u0131n yap\u0131ld\u0131\u011f\u0131 yer olarak kullan\u0131lm\u0131\u015f.<\/p>\n<p><strong>27. Veba S\u00fctunu (\u00dc\u00e7l\u00fc Birlik S\u00fctunu, Pe\u015fte S\u00fctunu)<\/strong><\/p>\n<p>Graben caddesi \u00fczerindedir.<\/p>\n<p><img loading=\"lazy\" decoding=\"async\" class=\"size-medium wp-image-6869\" src=\"https:\/\/www.yeryuzundebirkacadim.com\/wp-content\/uploads\/2024\/07\/IMG_5835-1024x576.jpg\" alt=\"\" width=\"1024\" height=\"576\" srcset=\"https:\/\/www.yeryuzundebirkacadim.com\/wp-content\/uploads\/2024\/07\/IMG_5835-1024x576.jpg 1024w, https:\/\/www.yeryuzundebirkacadim.com\/wp-content\/uploads\/2024\/07\/IMG_5835-2048x1152.jpg 2048w, https:\/\/www.yeryuzundebirkacadim.com\/wp-content\/uploads\/2024\/07\/IMG_5835-768x432.jpg 768w, https:\/\/www.yeryuzundebirkacadim.com\/wp-content\/uploads\/2024\/07\/IMG_5835-1536x864.jpg 1536w, https:\/\/www.yeryuzundebirkacadim.com\/wp-content\/uploads\/2024\/07\/IMG_5835-816x459.jpg 816w\" sizes=\"auto, (max-width: 1024px) 100vw, 1024px\" \/><\/p>\n<p>1679&#8217;da meydana gelen b\u00fcy\u00fck Viyana Vebas\u0131&#8217;n\u0131n kurbanlar\u0131n\u0131 anmak i\u00e7in in\u015fa edilmi\u015f.<\/p>\n<p>Barok tarzdaki s\u00fctunun \u00fcst k\u0131sm\u0131 \u00e7ok say\u0131da melek, s\u00fcs e\u015fyalar\u0131 ve dini bir fig\u00fcr taraf\u0131ndan tutulan belirgin bir ha\u00e7 i\u00e7eriyor.<\/p>\n<p>Verilen mesaj; veban\u0131n, g\u00fcnah\u0131n cezas\u0131 oldu\u011fu ve I. Leopold&#8217;un dindarl\u0131\u011f\u0131 ve \u00e7al\u0131\u015fmalar\u0131 sayesinde durduruldu\u011fudur.<\/p>\n<p>Evet gezimiz burada sonlan\u0131yor. Yak\u0131nlarda \u015finitzelimizi yedik.<\/p>\n<p>Graben caddesi \u00fczerinde Cafe l&#8217;europa&#8217;da bir \u015feyler i\u00e7tik. Otelimize d\u00f6nd\u00fck.<\/p>\n<p>Ertesi g\u00fcn d\u00f6n\u00fc\u015f yolunday\u0131z.<\/p>\n<p><strong>28. Hundertwasswer Evleri<\/strong><\/p>\n<p>Tasar\u0131m\u0131 Avusturyal\u0131 sanat\u00e7\u0131 Hundertwasser\u00a0taraf\u0131ndan 1983-85 y\u0131l\u0131nda yap\u0131lm\u0131\u015f 52 daireli bir apartman. \u00d6zelli\u011fi; binan\u0131n hi\u00e7bir yerinde d\u00fcz \u00f6\u011fe kullan\u0131lmam\u0131\u015f olmas\u0131. Ekspresyonist mimar\u0131n amac\u0131 do\u011fan\u0131n d\u00fcz ve m\u00fckemmel olmad\u0131\u011f\u0131n\u0131 vurgulamakm\u0131\u015f.<\/p>\n<p>Daha \u00f6nceki geli\u015fimizde gezdi\u011fimiz i\u00e7in bu sefer u\u011framad\u0131k.<\/p>\n<p>2 tam g\u00fcn boyunca 27 yer gezdik. G\u00f6z\u00fcn\u00fcz\u00fc korkutmas\u0131n. Zaten \u00e7o\u011fu birbirine yak\u0131n yerler.<\/p>\n<p>Yeni ke\u015fiflerde bulu\u015fmak \u00fczere ho\u015f\u00e7a kal\u0131n.<\/p>\n<p>&nbsp;<\/p>\n<p>&nbsp;<\/p>\n<p>&nbsp;<\/p>\n","protected":false},"excerpt":{"rendered":"<p>V\u0130YANA Yak\u0131n tarihinde \u00fcnl\u00fc Babenberg&#8217;lerin ve Habsburg Hanedanl\u0131\u011f\u0131&#8217;n\u0131n\u00a0\u00a0(1153-1918) y\u00f6netimi alt\u0131nda kalan Viyana, 300 y\u0131ldan fazla bir s\u00fcre (1483-1806) boyunca Kutsal Roma \u0130mparatorlu\u011fu&#8217;nun merkezi olmu\u015ftur.<\/p>\n","protected":false},"author":1,"featured_media":6860,"comment_status":"closed","ping_status":"closed","sticky":false,"template":"","format":"standard","meta":{"footnotes":""},"categories":[838,1,873],"tags":[877,876,880,878,3,879,881,875,7,874],"class_list":["post-6774","post","type-post","status-publish","format-standard","has-post-thumbnail","hentry","category-avusturya","category-turkiye","category-viyana","tag-albertina","tag-belvedere","tag-cafecentral","tag-cafesacher","tag-gezi","tag-hofburg","tag-hundertwasser","tag-schonbrunn","tag-seyahat","tag-viyana"],"_links":{"self":[{"href":"https:\/\/www.yeryuzundebirkacadim.com\/index.php\/wp-json\/wp\/v2\/posts\/6774","targetHints":{"allow":["GET"]}}],"collection":[{"href":"https:\/\/www.yeryuzundebirkacadim.com\/index.php\/wp-json\/wp\/v2\/posts"}],"about":[{"href":"https:\/\/www.yeryuzundebirkacadim.com\/index.php\/wp-json\/wp\/v2\/types\/post"}],"author":[{"embeddable":true,"href":"https:\/\/www.yeryuzundebirkacadim.com\/index.php\/wp-json\/wp\/v2\/users\/1"}],"replies":[{"embeddable":true,"href":"https:\/\/www.yeryuzundebirkacadim.com\/index.php\/wp-json\/wp\/v2\/comments?post=6774"}],"version-history":[{"count":27,"href":"https:\/\/www.yeryuzundebirkacadim.com\/index.php\/wp-json\/wp\/v2\/posts\/6774\/revisions"}],"predecessor-version":[{"id":6895,"href":"https:\/\/www.yeryuzundebirkacadim.com\/index.php\/wp-json\/wp\/v2\/posts\/6774\/revisions\/6895"}],"wp:featuredmedia":[{"embeddable":true,"href":"https:\/\/www.yeryuzundebirkacadim.com\/index.php\/wp-json\/wp\/v2\/media\/6860"}],"wp:attachment":[{"href":"https:\/\/www.yeryuzundebirkacadim.com\/index.php\/wp-json\/wp\/v2\/media?parent=6774"}],"wp:term":[{"taxonomy":"category","embeddable":true,"href":"https:\/\/www.yeryuzundebirkacadim.com\/index.php\/wp-json\/wp\/v2\/categories?post=6774"},{"taxonomy":"post_tag","embeddable":true,"href":"https:\/\/www.yeryuzundebirkacadim.com\/index.php\/wp-json\/wp\/v2\/tags?post=6774"}],"curies":[{"name":"wp","href":"https:\/\/api.w.org\/{rel}","templated":true}]}}