


{"id":6614,"date":"2024-07-19T21:46:05","date_gmt":"2024-07-19T18:46:05","guid":{"rendered":"https:\/\/www.yeryuzundebirkacadim.com\/?p=6614"},"modified":"2024-08-19T13:55:06","modified_gmt":"2024-08-19T10:55:06","slug":"hallstatt","status":"publish","type":"post","link":"https:\/\/www.yeryuzundebirkacadim.com\/index.php\/2024\/07\/19\/hallstatt\/","title":{"rendered":"Hallstatt"},"content":{"rendered":"<p><strong>HALLSTAT<\/strong><\/p>\n<p>Salzkammergut; Avusturya&#8217;da bulunan bir tatil alan\u0131 ve buras\u0131 Yukar\u0131 Avusturya, Salzburg ve Steiermark eyaletlerini kaps\u0131yor. Dachstein da\u011flar\u0131 ve Alplerin bir k\u0131sm\u0131n\u0131 da i\u00e7ine al\u0131r.<\/p>\n<p>B\u00f6lgenin ana nehir Traun, Tuna&#8217;n\u0131n sa\u011f koludur.<\/p>\n<p>Salzkammergut &#8220;Tuz Odas\u0131 Emlak&#8221; anlam\u0131na gelir ve anlam\u0131 \u0130mparatorluk Tuz Odas\u0131d\u0131r.<\/p>\n<p>B\u00f6lge 1997 y\u0131l\u0131nda Unesco D\u00fcnya Miras\u0131&#8217;na dahil edilmi\u015ftir.<\/p>\n<p><!--more--><\/p>\n<p>Dolay\u0131s\u0131 ile biz 3 g\u00fcn\u00fcm\u00fcz\u00fc Salzkammergut b\u00f6lgesine ay\u0131rd\u0131k.<\/p>\n<p>1. G\u00fcn: Salzburg<\/p>\n<p>2. G\u00fcn: Hallstatt &#8211; Bad Ischl &#8211; Wolfgang<\/p>\n<p>3. G\u00fcn: Mondsee &#8211; Gmunden &#8211; Viyana&#8217;ya trenle yolculuk<\/p>\n<p>Salzburg&#8217;da konaklay\u0131p bir g\u00fcn \u015fehri gezdik. Di\u011fer 2 g\u00fcn\u00fcm\u00fcz\u00fc \u00e7evredeki masals\u0131 kasabalara ay\u0131rd\u0131k ve bu 2 g\u00fcn i\u00e7in araba kiralad\u0131k.<\/p>\n<p>Salzburg&#8217;dan Hallstatt&#8217;a yolculuk 1 saatten biraz fazla s\u00fcr\u00fcyor.<\/p>\n<p>Hallstatt\u2019a tren ile gidilirse en yak\u0131n istasyon g\u00f6l\u00fcn kar\u015f\u0131 taraf\u0131nda yer ald\u0131\u011f\u0131ndan inince feribot ile kar\u015f\u0131ya ge\u00e7iliyor. Trenle kar\u015f\u0131 k\u0131y\u0131dan gelirken de Hallstatt&#8217;\u0131n e\u015fsiz manzaras\u0131 seyredilebiliyor.<\/p>\n<p>Hallstatt,\u00a0g\u00f6rkemli da\u011flar ve yemye\u015fil ormanlarla \u00e7evrili, Hallstatt G\u00f6l\u00fc&#8217;n\u00fcn (Hallst\u00e4ttersee) k\u0131y\u0131s\u0131nda bir konuma sahip.<\/p>\n<p>Kasabaya giri\u015fte bir t\u00fcnelden ge\u00e7iyor. T\u00fcnelin hemen sonras\u0131nda ara\u00e7 otoparklar\u0131 ve tur otob\u00fcs\u00fc terminalleri var. Bu alanlar d\u0131\u015f\u0131nda teslimat kamyonetleri ve b\u00f6lge sakinlerinin ara\u00e7lar\u0131 d\u0131\u015f\u0131nda hi\u00e7bir arac\u0131n i\u00e7eri girmesine izin verilmiyor.<\/p>\n<p>Hallstatt&#8217;\u0131n tarihi yakla\u015f\u0131k 7.000 y\u0131l \u00f6nce Neolitik \u00e7a\u011fda ba\u015flam\u0131\u015f. O zamanlar insanlar burada tuz madencili\u011fi yap\u0131yormu\u015f. Yani Hallstatt d\u00fcnyan\u0131n en eski tuz madenine sahip.\u00a0M.\u00d6. 5.000&#8217;den beri tuz \u00e7\u0131karan ve ya\u015fayan insanlar olmas\u0131na ra\u011fmen k\u00f6y, M.\u00d6. 800-400 y\u0131llar\u0131 aras\u0131nda (Hallstatt D\u00f6nemi) tuz ihra\u00e7 etmeye ba\u015flayana kadar ger\u00e7ek anlamda g\u00fc\u00e7 kazanmaya ba\u015flamam\u0131\u015f.<\/p>\n<p>G\u00f6l kenar\u0131nda yer alan ve pek \u00e7ok evin yama\u00e7larda yer ald\u0131\u011f\u0131\u00a0kasabada\u00a0bug\u00fcn bile ula\u015f\u0131m \u00e7ok kolay de\u011fil.<\/p>\n<p><strong>1. Hallstatt Manzara Noktalar\u0131<\/strong><\/p>\n<p>Arabay\u0131 park ettikten sonra kalabal\u0131\u011f\u0131 takip edip saat 9.30 itibar\u0131 ile Hallstatt G\u00f6l\u00fc k\u0131y\u0131s\u0131na ula\u015f\u0131yoruz.<\/p>\n<p>Panik yapmaya gerek yok bu kasabada bir\u00e7ok manzara noktas\u0131 var. Hemen her durdu\u011funuz yerden g\u00fczel foto\u011fraflar \u00e7ekebilirsiniz.<\/p>\n<p>G\u00f6le ula\u015ft\u0131\u011f\u0131m\u0131z bu yerde herkes gibi biz de foto\u011fraf \u00e7ekiyoruz. Muhte\u015fem de\u011fil mi?<\/p>\n<p>Arkadaki Protestan Kilisesi&#8217;nin kulesi, manzaran\u0131n olmazsa olmaz\u0131.<\/p>\n<p><img loading=\"lazy\" decoding=\"async\" class=\"size-medium wp-image-6616\" src=\"https:\/\/www.yeryuzundebirkacadim.com\/wp-content\/uploads\/2024\/07\/IMG_4796-1024x576.jpg\" alt=\"\" width=\"1024\" height=\"576\" srcset=\"https:\/\/www.yeryuzundebirkacadim.com\/wp-content\/uploads\/2024\/07\/IMG_4796-1024x576.jpg 1024w, https:\/\/www.yeryuzundebirkacadim.com\/wp-content\/uploads\/2024\/07\/IMG_4796-2048x1152.jpg 2048w, https:\/\/www.yeryuzundebirkacadim.com\/wp-content\/uploads\/2024\/07\/IMG_4796-768x432.jpg 768w, https:\/\/www.yeryuzundebirkacadim.com\/wp-content\/uploads\/2024\/07\/IMG_4796-1536x864.jpg 1536w, https:\/\/www.yeryuzundebirkacadim.com\/wp-content\/uploads\/2024\/07\/IMG_4796-816x459.jpg 816w\" sizes=\"auto, (max-width: 1024px) 100vw, 1024px\" \/><\/p>\n<p>\u00c7inliler Hallstatt&#8217;\u0131 o kadar be\u011fenmi\u015f ki bir proje haline getirmi\u015fler. Kasaban\u0131n ayn\u0131s\u0131n\u0131 yani \u00c7in Hallstatt&#8217;\u0131n\u0131 Hong Kong&#8217;un 90 km kuzeyinde yer alan Luoyangzhen \u015fehrinin Guangdong eyaletinde in\u015fa etmi\u015fler.<\/p>\n<p>Sa\u011f taraf\u0131m\u0131zda kasaban\u0131n g\u00fczel evleri zaman zaman da g\u00f6l olarak kuzeye do\u011fru dar ama ana sokaktan ilerliyoruz. Sol tarafta k\u00f6y evlerinin g\u00f6le bakan Tuz Da\u011flar\u0131&#8217;n\u0131n (Salzberg) yamac\u0131na oturtuldu\u011funu g\u00f6r\u00fcyoruz. Evler sadece arazi eksikli\u011fi nedeniyle de\u011fil, ayn\u0131 zamanda daha fazla sakinin g\u00f6le do\u011frudan eri\u015febilmesi i\u00e7in bu \u015fekilde \u00fcst \u00fcste in\u015fa edilmi\u015f.<\/p>\n<p>1800&#8217;lerin sonlar\u0131na kadar evlere ula\u015fman\u0131n tek yolu ya tekneyle ya da bug\u00fcn h\u00e2l\u00e2 u\u00e7urum kenar\u0131ndaki evlerin \u00e7at\u0131lar\u0131n\u0131n hemen \u00fczerinde g\u00f6r\u00fclebilen dar patikalardan ge\u00e7mekmi\u015f.<\/p>\n<p>1890&#8217;da, \u00fczerinde y\u00fcr\u00fcd\u00fc\u011f\u00fcm\u00fcz yol in\u015fa edilmi\u015f ve k\u00f6y b\u00fcy\u00fck \u00f6l\u00e7\u00fcde daha eri\u015filebilir hale gelmi\u015f.<\/p>\n<p>G\u00f6l kenar\u0131nda foto\u011fraf \u00e7ekmek i\u00e7in cepler var. Hi\u00e7 birini ka\u00e7\u0131rm\u0131yorum.<\/p>\n<p><img loading=\"lazy\" decoding=\"async\" class=\"size-medium wp-image-6618\" src=\"https:\/\/www.yeryuzundebirkacadim.com\/wp-content\/uploads\/2024\/07\/IMG_4823-1024x576.jpg\" alt=\"\" width=\"1024\" height=\"576\" srcset=\"https:\/\/www.yeryuzundebirkacadim.com\/wp-content\/uploads\/2024\/07\/IMG_4823-1024x576.jpg 1024w, https:\/\/www.yeryuzundebirkacadim.com\/wp-content\/uploads\/2024\/07\/IMG_4823-2048x1151.jpg 2048w, https:\/\/www.yeryuzundebirkacadim.com\/wp-content\/uploads\/2024\/07\/IMG_4823-768x432.jpg 768w, https:\/\/www.yeryuzundebirkacadim.com\/wp-content\/uploads\/2024\/07\/IMG_4823-1536x864.jpg 1536w, https:\/\/www.yeryuzundebirkacadim.com\/wp-content\/uploads\/2024\/07\/IMG_4823-816x459.jpg 816w\" sizes=\"auto, (max-width: 1024px) 100vw, 1024px\" \/><\/p>\n<p>Biz cennet gibi yerleri gezmeye \u00e7al\u0131\u015f\u0131rken Avrupal\u0131lar olduklar\u0131 yeri cennet yap\u0131yorlar. Estetik alg\u0131lar\u0131 \u00e7ok g\u00fc\u00e7l\u00fc&#8230;diye sesli d\u00fc\u015f\u00fcnd\u00fcm \ud83d\ude42<\/p>\n<p><img loading=\"lazy\" decoding=\"async\" class=\"size-medium wp-image-6619\" src=\"https:\/\/www.yeryuzundebirkacadim.com\/wp-content\/uploads\/2024\/07\/IMG_4831-1024x576.jpg\" alt=\"\" width=\"1024\" height=\"576\" srcset=\"https:\/\/www.yeryuzundebirkacadim.com\/wp-content\/uploads\/2024\/07\/IMG_4831-1024x576.jpg 1024w, https:\/\/www.yeryuzundebirkacadim.com\/wp-content\/uploads\/2024\/07\/IMG_4831-2048x1152.jpg 2048w, https:\/\/www.yeryuzundebirkacadim.com\/wp-content\/uploads\/2024\/07\/IMG_4831-768x432.jpg 768w, https:\/\/www.yeryuzundebirkacadim.com\/wp-content\/uploads\/2024\/07\/IMG_4831-1536x864.jpg 1536w, https:\/\/www.yeryuzundebirkacadim.com\/wp-content\/uploads\/2024\/07\/IMG_4831-816x459.jpg 816w\" sizes=\"auto, (max-width: 1024px) 100vw, 1024px\" \/><\/p>\n<p><strong>2. Hallstatt M\u00fczesi<\/strong><\/p>\n<p>Yolda ilerlerken solda Hallstatt M\u00fczesi&#8217;ni g\u00f6r\u00fcyoruz.<\/p>\n<p><img loading=\"lazy\" decoding=\"async\" class=\"size-medium wp-image-6620\" src=\"https:\/\/www.yeryuzundebirkacadim.com\/wp-content\/uploads\/2024\/07\/IMG_4839-1024x576.jpg\" alt=\"\" width=\"1024\" height=\"576\" srcset=\"https:\/\/www.yeryuzundebirkacadim.com\/wp-content\/uploads\/2024\/07\/IMG_4839-1024x576.jpg 1024w, https:\/\/www.yeryuzundebirkacadim.com\/wp-content\/uploads\/2024\/07\/IMG_4839-2048x1151.jpg 2048w, https:\/\/www.yeryuzundebirkacadim.com\/wp-content\/uploads\/2024\/07\/IMG_4839-768x432.jpg 768w, https:\/\/www.yeryuzundebirkacadim.com\/wp-content\/uploads\/2024\/07\/IMG_4839-1536x864.jpg 1536w, https:\/\/www.yeryuzundebirkacadim.com\/wp-content\/uploads\/2024\/07\/IMG_4839-816x459.jpg 816w\" sizes=\"auto, (max-width: 1024px) 100vw, 1024px\" \/><\/p>\n<p>Hallstatt&#8217;\u0131n tarihi Roma \u0130mparatorlu\u011fu&#8217;ndan \u00f6nceye dayanmaktad\u0131r.<\/p>\n<p>M\u00fczede; Ta\u015f Devri&#8217;ne ait ve tarih \u00f6ncesi \u00e7a\u011flardan kalma bir\u00e7ok eser sergileniyor.<\/p>\n<p>2002 y\u0131l\u0131nda kurulan bu m\u00fcze, 7.000 y\u0131ll\u0131k d\u00f6nemin tamam\u0131n\u0131 kaps\u0131yor ancak esas olarak Hallstatt D\u00f6nemi&#8217;ne odaklan\u0131yor. M\u00fcze, yak\u0131n zamanda tamamen restore edilmi\u015f ve yenilenmi\u015f. Bizim gibi s\u0131n\u0131rl\u0131 zaman\u0131n\u0131z varsa buras\u0131 atlanabilir.<\/p>\n<p><strong>3. Hallstatt \u015eelalesi<\/strong><\/p>\n<p>Y\u00fcr\u00fcd\u00fc\u011f\u00fcm\u00fcz yolu kesen Badergraben Caddesi&#8217;ne gelince bir durakl\u0131yoruz.<\/p>\n<p><img loading=\"lazy\" decoding=\"async\" class=\"size-medium wp-image-6626\" src=\"https:\/\/www.yeryuzundebirkacadim.com\/wp-content\/uploads\/2024\/07\/IMG_4975-1024x576.jpg\" alt=\"\" width=\"1024\" height=\"576\" srcset=\"https:\/\/www.yeryuzundebirkacadim.com\/wp-content\/uploads\/2024\/07\/IMG_4975-1024x576.jpg 1024w, https:\/\/www.yeryuzundebirkacadim.com\/wp-content\/uploads\/2024\/07\/IMG_4975-2048x1152.jpg 2048w, https:\/\/www.yeryuzundebirkacadim.com\/wp-content\/uploads\/2024\/07\/IMG_4975-768x432.jpg 768w, https:\/\/www.yeryuzundebirkacadim.com\/wp-content\/uploads\/2024\/07\/IMG_4975-1536x864.jpg 1536w, https:\/\/www.yeryuzundebirkacadim.com\/wp-content\/uploads\/2024\/07\/IMG_4975-816x459.jpg 816w\" sizes=\"auto, (max-width: 1024px) 100vw, 1024px\" \/><\/p>\n<p>Ve sola bakt\u0131\u011f\u0131m\u0131zda ben de buraday\u0131m diyen ba\u015fka bir g\u00fczellikle kar\u015f\u0131la\u015f\u0131yoruz: Bir \u015felale. O da katk\u0131s\u0131n\u0131 sunuyor kasabaya.<\/p>\n<p><img loading=\"lazy\" decoding=\"async\" class=\"size-medium wp-image-6622\" src=\"https:\/\/www.yeryuzundebirkacadim.com\/wp-content\/uploads\/2024\/07\/IMG_4842-1024x576.jpg\" alt=\"\" width=\"1024\" height=\"576\" srcset=\"https:\/\/www.yeryuzundebirkacadim.com\/wp-content\/uploads\/2024\/07\/IMG_4842-1024x576.jpg 1024w, https:\/\/www.yeryuzundebirkacadim.com\/wp-content\/uploads\/2024\/07\/IMG_4842-2048x1152.jpg 2048w, https:\/\/www.yeryuzundebirkacadim.com\/wp-content\/uploads\/2024\/07\/IMG_4842-768x432.jpg 768w, https:\/\/www.yeryuzundebirkacadim.com\/wp-content\/uploads\/2024\/07\/IMG_4842-1536x864.jpg 1536w, https:\/\/www.yeryuzundebirkacadim.com\/wp-content\/uploads\/2024\/07\/IMG_4842-816x459.jpg 816w\" sizes=\"auto, (max-width: 1024px) 100vw, 1024px\" \/><\/p>\n<p><strong>4. Wolfengassa (Kurt Sokak)<\/strong><\/p>\n<p>Meydana \u00e7\u0131kan bu darac\u0131k ancak fotojenik sokakta sa\u011fdaki hardal renkli ilk bina eski PTT binas\u0131.<\/p>\n<p><img loading=\"lazy\" decoding=\"async\" class=\"size-medium wp-image-6624\" src=\"https:\/\/www.yeryuzundebirkacadim.com\/wp-content\/uploads\/2024\/07\/IMG_4845-1024x576.jpg\" alt=\"\" width=\"1024\" height=\"576\" srcset=\"https:\/\/www.yeryuzundebirkacadim.com\/wp-content\/uploads\/2024\/07\/IMG_4845-1024x576.jpg 1024w, https:\/\/www.yeryuzundebirkacadim.com\/wp-content\/uploads\/2024\/07\/IMG_4845-2048x1152.jpg 2048w, https:\/\/www.yeryuzundebirkacadim.com\/wp-content\/uploads\/2024\/07\/IMG_4845-768x432.jpg 768w, https:\/\/www.yeryuzundebirkacadim.com\/wp-content\/uploads\/2024\/07\/IMG_4845-1536x864.jpg 1536w, https:\/\/www.yeryuzundebirkacadim.com\/wp-content\/uploads\/2024\/07\/IMG_4845-816x459.jpg 816w\" sizes=\"auto, (max-width: 1024px) 100vw, 1024px\" \/><\/p>\n<p>\u015eimdilerde zevkli bir seramik ma\u011fazas\u0131.<\/p>\n<p><img loading=\"lazy\" decoding=\"async\" class=\"alignnone size-medium wp-image-6632\" src=\"https:\/\/www.yeryuzundebirkacadim.com\/wp-content\/uploads\/2024\/07\/IMG_20240618_114312-1024x576.jpg\" alt=\"\" width=\"1024\" height=\"576\" srcset=\"https:\/\/www.yeryuzundebirkacadim.com\/wp-content\/uploads\/2024\/07\/IMG_20240618_114312-1024x576.jpg 1024w, https:\/\/www.yeryuzundebirkacadim.com\/wp-content\/uploads\/2024\/07\/IMG_20240618_114312-2048x1153.jpg 2048w, https:\/\/www.yeryuzundebirkacadim.com\/wp-content\/uploads\/2024\/07\/IMG_20240618_114312-768x432.jpg 768w, https:\/\/www.yeryuzundebirkacadim.com\/wp-content\/uploads\/2024\/07\/IMG_20240618_114312-1536x865.jpg 1536w, https:\/\/www.yeryuzundebirkacadim.com\/wp-content\/uploads\/2024\/07\/IMG_20240618_114312-816x459.jpg 816w\" sizes=\"auto, (max-width: 1024px) 100vw, 1024px\" \/><\/p>\n<p><strong style=\"font-size: 16px;\">5. Gasthof Simony (Simony Han\u0131) <\/strong><\/p>\n<p>Sa\u011fda meydana \u00e7\u0131karken konumlanm\u0131\u015f k\u0131rm\u0131z\u0131 bina Gasthof Simony.<\/p>\n<p><img loading=\"lazy\" decoding=\"async\" class=\"size-medium wp-image-6623\" src=\"https:\/\/www.yeryuzundebirkacadim.com\/wp-content\/uploads\/2024\/07\/IMG_4851-1024x576.jpg\" alt=\"\" width=\"1024\" height=\"576\" srcset=\"https:\/\/www.yeryuzundebirkacadim.com\/wp-content\/uploads\/2024\/07\/IMG_4851-1024x576.jpg 1024w, https:\/\/www.yeryuzundebirkacadim.com\/wp-content\/uploads\/2024\/07\/IMG_4851-2048x1152.jpg 2048w, https:\/\/www.yeryuzundebirkacadim.com\/wp-content\/uploads\/2024\/07\/IMG_4851-768x432.jpg 768w, https:\/\/www.yeryuzundebirkacadim.com\/wp-content\/uploads\/2024\/07\/IMG_4851-1536x864.jpg 1536w, https:\/\/www.yeryuzundebirkacadim.com\/wp-content\/uploads\/2024\/07\/IMG_4851-816x459.jpg 816w\" sizes=\"auto, (max-width: 1024px) 100vw, 1024px\" \/><\/p>\n<p>\u0130lk kez 15. y\u00fczy\u0131lda bir belgede ad\u0131 ge\u00e7en ev, tuz \u00fcreten Wolfen ailesi\u00a0i\u00e7in tiyatro olarak kullan\u0131lm\u0131\u015f. Evin bulundu\u011fu soka\u011fa h\u00e2l\u00e2 ailenin isminden dolay\u0131 Wolfengasse ad\u0131 veriliyor. Wolfenler tuz ticareti i\u015fini b\u0131rak\u0131nca evleri restorana d\u00f6n\u00fc\u015fm\u00fc\u015f.<\/p>\n<p>Simony evinin birinci ve ikinci kat\u0131 1750 y\u0131l\u0131ndaki yang\u0131nda a\u011f\u0131r hasar g\u00f6rm\u00fc\u015f.<\/p>\n<p>1882 y\u0131l\u0131nda Klackl ailesi binay\u0131 sat\u0131n alm\u0131\u015f ve evi yenileyerek otele d\u00f6n\u00fc\u015ft\u00fcrm\u00fc\u015f.<\/p>\n<p>Dachstein b\u00f6lgesinin \u00fcnl\u00fc ka\u015fifi Friedrich Simony otelin s\u00fcrekli misafiriymi\u015f ve ad\u0131 daha sonra Gasthof Simony olarak de\u011fi\u015ftirilmi\u015f.<\/p>\n<p><strong>6. Pazar Meydan\u0131 (Marktplatz)<\/strong><\/p>\n<p>Gasthof\u2019u ge\u00e7inde g\u00fczel bir meydana geliyoruz.<\/p>\n<p><img loading=\"lazy\" decoding=\"async\" class=\"size-medium wp-image-6625\" src=\"https:\/\/www.yeryuzundebirkacadim.com\/wp-content\/uploads\/2024\/07\/IMG_4856-1024x576.jpg\" alt=\"\" width=\"1024\" height=\"576\" srcset=\"https:\/\/www.yeryuzundebirkacadim.com\/wp-content\/uploads\/2024\/07\/IMG_4856-1024x576.jpg 1024w, https:\/\/www.yeryuzundebirkacadim.com\/wp-content\/uploads\/2024\/07\/IMG_4856-2048x1151.jpg 2048w, https:\/\/www.yeryuzundebirkacadim.com\/wp-content\/uploads\/2024\/07\/IMG_4856-768x432.jpg 768w, https:\/\/www.yeryuzundebirkacadim.com\/wp-content\/uploads\/2024\/07\/IMG_4856-1536x864.jpg 1536w, https:\/\/www.yeryuzundebirkacadim.com\/wp-content\/uploads\/2024\/07\/IMG_4856-816x459.jpg 816w\" sizes=\"auto, (max-width: 1024px) 100vw, 1024px\" \/><\/p>\n<p><span style=\"font-size: 16px;\">Meydan\u0131n ortas\u0131nda Kutsal Trinity \u00e7e\u015fmesi s\u00fctunu, birka\u00e7 oturma bank\u0131 ve etrafta \u015firin mi \u015firin, renkli mi renkli geleneksel Avusturya evleri var.\u00a0<\/span>Burada yaz aylar\u0131nda yerel \u00e7ift\u00e7ilerin ve zanaatk\u00e2rlar\u0131n \u00fcr\u00fcnlerini satmak i\u00e7in bir araya geldi\u011fi geleneksel bir a\u00e7\u0131k hava pazar\u0131 kuruluyormu\u015f.<\/p>\n<p><strong>7.\u00a0Gasthof Gr\u00fcner Baum<\/strong><\/p>\n<p>Meydan\u0131n kar\u015f\u0131s\u0131nda, g\u00f6l kenar\u0131ndaki bu \u015firin otel ve restoran\u0131n konumu harika. Ah\u015fap balkonlar\u0131n\u0131 \u00e7i\u00e7eklerle bezemi\u015fler.<\/p>\n<p><img loading=\"lazy\" decoding=\"async\" class=\"size-medium wp-image-6627\" src=\"https:\/\/www.yeryuzundebirkacadim.com\/wp-content\/uploads\/2024\/07\/IMG_4974-1024x576.jpg\" alt=\"\" width=\"1024\" height=\"576\" srcset=\"https:\/\/www.yeryuzundebirkacadim.com\/wp-content\/uploads\/2024\/07\/IMG_4974-1024x576.jpg 1024w, https:\/\/www.yeryuzundebirkacadim.com\/wp-content\/uploads\/2024\/07\/IMG_4974-2048x1152.jpg 2048w, https:\/\/www.yeryuzundebirkacadim.com\/wp-content\/uploads\/2024\/07\/IMG_4974-768x432.jpg 768w, https:\/\/www.yeryuzundebirkacadim.com\/wp-content\/uploads\/2024\/07\/IMG_4974-1536x864.jpg 1536w, https:\/\/www.yeryuzundebirkacadim.com\/wp-content\/uploads\/2024\/07\/IMG_4974-816x459.jpg 816w\" sizes=\"auto, (max-width: 1024px) 100vw, 1024px\" \/><\/p>\n<p>\u0130\u00e7i de b\u00f6yle.<\/p>\n<p><img loading=\"lazy\" decoding=\"async\" class=\"size-medium wp-image-6628\" src=\"https:\/\/www.yeryuzundebirkacadim.com\/wp-content\/uploads\/2024\/07\/IMG_4858-1024x576.jpg\" alt=\"\" width=\"1024\" height=\"576\" srcset=\"https:\/\/www.yeryuzundebirkacadim.com\/wp-content\/uploads\/2024\/07\/IMG_4858-1024x576.jpg 1024w, https:\/\/www.yeryuzundebirkacadim.com\/wp-content\/uploads\/2024\/07\/IMG_4858-2048x1152.jpg 2048w, https:\/\/www.yeryuzundebirkacadim.com\/wp-content\/uploads\/2024\/07\/IMG_4858-768x432.jpg 768w, https:\/\/www.yeryuzundebirkacadim.com\/wp-content\/uploads\/2024\/07\/IMG_4858-1536x864.jpg 1536w, https:\/\/www.yeryuzundebirkacadim.com\/wp-content\/uploads\/2024\/07\/IMG_4858-816x459.jpg 816w\" sizes=\"auto, (max-width: 1024px) 100vw, 1024px\" \/><\/p>\n<p><span style=\"font-size: 16px;\">Buras\u0131; Habsburg \u0130mparatorlar\u0131&#8217;n\u0131n, yak\u0131nlardaki Bad Ischl&#8217;de bulunan Kaiservilla&#8217;ya gitmeden \u00f6nce, Hallstatt G\u00f6l\u00fc&#8217;ne indiklerinde kald\u0131klar\u0131 bir konaklama yeri imi\u015f. <\/span><\/p>\n<p>Bug\u00fcn g\u00f6lde bulunan bir\u00e7ok ku\u011funun nedeni hanedanm\u0131\u015f.\u00a0Avusturya \u0130mparatoru Franz Josef ve \u0130mparatori\u00e7e Sisi&#8217;nin y\u0131ll\u0131k inzivalar i\u00e7in ziyarete ba\u015flad\u0131\u011f\u0131 1860&#8217;l\u0131 y\u0131llarda ku\u011fular buraya ithal edilmi\u015f. Sisi&#8217;nin de t\u0131pk\u0131 kuzeni Bavyera Kral\u0131 Ludwig gibi ku\u011fulara kar\u015f\u0131 a\u015f\u0131r\u0131 bir tak\u0131nt\u0131s\u0131 varm\u0131\u015f.<\/p>\n<p>Hatta Ludwig, en \u00fcnl\u00fc kalesine \u00e7ok sevdi\u011fi ku\u015flar\u0131n\u0131n ad\u0131n\u0131; Neuschwanstein (Yeni Ta\u015f Ku\u011fu Kalesi) vermi\u015f.<\/p>\n<p>Malikane ayn\u0131 zamanda Orta \u00e7a\u011fda \u00e7evredeki tuz \u00fcreticilerinin Kraliyet konaklama yeriymi\u015f.<\/p>\n<p>1849&#8217;da Belediye Ba\u015fkan\u0131 Franz Heuschober<em>, <\/em>Tuz \u0130daresi da\u011f\u0131t\u0131l\u0131rken m\u00fclk\u00fc sat\u0131n al\u0131p g\u00fczel malikanede bir restoran a\u00e7m\u0131\u015f.<\/p>\n<p>M\u00fclk y\u0131llar i\u00e7inde bir\u00e7ok kez el de\u011fi\u015ftirmi\u015f ve 22 otel odas\u0131 eklenmi\u015f.<\/p>\n<p><strong>8. Protestan Kilisesi (Evangelist Cemaat Kilisesi, \u0130sa Kilisesi)<\/strong><\/p>\n<p><img loading=\"lazy\" decoding=\"async\" class=\"size-medium wp-image-6629\" src=\"https:\/\/www.yeryuzundebirkacadim.com\/wp-content\/uploads\/2024\/07\/IMG_4864-576x1024.jpg\" alt=\"\" width=\"576\" height=\"1024\" srcset=\"https:\/\/www.yeryuzundebirkacadim.com\/wp-content\/uploads\/2024\/07\/IMG_4864-576x1024.jpg 576w, https:\/\/www.yeryuzundebirkacadim.com\/wp-content\/uploads\/2024\/07\/IMG_4864-1152x2048.jpg 1152w, https:\/\/www.yeryuzundebirkacadim.com\/wp-content\/uploads\/2024\/07\/IMG_4864-768x1365.jpg 768w, https:\/\/www.yeryuzundebirkacadim.com\/wp-content\/uploads\/2024\/07\/IMG_4864-864x1536.jpg 864w, https:\/\/www.yeryuzundebirkacadim.com\/wp-content\/uploads\/2024\/07\/IMG_4864-562x999.jpg 562w, https:\/\/www.yeryuzundebirkacadim.com\/wp-content\/uploads\/2024\/07\/IMG_4864.jpg 1270w\" sizes=\"auto, (max-width: 576px) 100vw, 576px\" \/><\/p>\n<p>Kasaban\u0131n simgesi olan 1863 tarihli Protestan kilisesi, pazar meydan\u0131n\u0131 ge\u00e7er ge\u00e7mez sa\u011fda ve g\u00f6l\u00fcn k\u0131y\u0131s\u0131nda yer al\u0131yor.<\/p>\n<p>B\u00fcy\u00fck bir kubbesi ve geni\u015f bir merdiveni olan Barok tarz\u0131 bir d\u0131\u015f cepheye sahip. Kilisenin i\u00e7i freskler, sunaklar ve vitray pencerelerle s\u00fcslenmi\u015f.<\/p>\n<p>Kasaban\u0131n \u00fczerinde y\u00fckselen ikonik bir \u00e7an kulesi vard\u0131r. Kartpostal gibi Hallstatt foto\u011fraflar\u0131nda ba\u015frol oynar.<\/p>\n<p>Yine k\u0131y\u0131dan bir manzara.<\/p>\n<p><img loading=\"lazy\" decoding=\"async\" class=\"size-medium wp-image-6631\" src=\"https:\/\/www.yeryuzundebirkacadim.com\/wp-content\/uploads\/2024\/07\/IMG_4872-1024x576.jpg\" alt=\"\" width=\"1024\" height=\"576\" srcset=\"https:\/\/www.yeryuzundebirkacadim.com\/wp-content\/uploads\/2024\/07\/IMG_4872-1024x576.jpg 1024w, https:\/\/www.yeryuzundebirkacadim.com\/wp-content\/uploads\/2024\/07\/IMG_4872-2048x1152.jpg 2048w, https:\/\/www.yeryuzundebirkacadim.com\/wp-content\/uploads\/2024\/07\/IMG_4872-768x432.jpg 768w, https:\/\/www.yeryuzundebirkacadim.com\/wp-content\/uploads\/2024\/07\/IMG_4872-1536x864.jpg 1536w, https:\/\/www.yeryuzundebirkacadim.com\/wp-content\/uploads\/2024\/07\/IMG_4872-816x459.jpg 816w\" sizes=\"auto, (max-width: 1024px) 100vw, 1024px\" \/><\/p>\n<p>Mola zaman\u0131<\/p>\n<p><img loading=\"lazy\" decoding=\"async\" class=\"size-medium wp-image-6633\" src=\"https:\/\/www.yeryuzundebirkacadim.com\/wp-content\/uploads\/2024\/07\/IMG_4887-576x1024.jpg\" alt=\"\" width=\"576\" height=\"1024\" srcset=\"https:\/\/www.yeryuzundebirkacadim.com\/wp-content\/uploads\/2024\/07\/IMG_4887-576x1024.jpg 576w, https:\/\/www.yeryuzundebirkacadim.com\/wp-content\/uploads\/2024\/07\/IMG_4887-1151x2048.jpg 1151w, https:\/\/www.yeryuzundebirkacadim.com\/wp-content\/uploads\/2024\/07\/IMG_4887-768x1366.jpg 768w, https:\/\/www.yeryuzundebirkacadim.com\/wp-content\/uploads\/2024\/07\/IMG_4887-864x1536.jpg 864w, https:\/\/www.yeryuzundebirkacadim.com\/wp-content\/uploads\/2024\/07\/IMG_4887-562x999.jpg 562w, https:\/\/www.yeryuzundebirkacadim.com\/wp-content\/uploads\/2024\/07\/IMG_4887.jpg 1247w\" sizes=\"auto, (max-width: 576px) 100vw, 576px\" \/><\/p>\n<p><strong>9. Katolik Kilisesi (Meryem Ana\u2019n\u0131n G\u00f6\u011fe Y\u00fckseli\u015f Kilisesi, Pfarrkirche Maria am Berg)<\/strong><\/p>\n<p><img loading=\"lazy\" decoding=\"async\" class=\"size-medium wp-image-6634\" src=\"https:\/\/www.yeryuzundebirkacadim.com\/wp-content\/uploads\/2024\/07\/IMG_4961-1024x576.jpg\" alt=\"\" width=\"1024\" height=\"576\" srcset=\"https:\/\/www.yeryuzundebirkacadim.com\/wp-content\/uploads\/2024\/07\/IMG_4961-1024x576.jpg 1024w, https:\/\/www.yeryuzundebirkacadim.com\/wp-content\/uploads\/2024\/07\/IMG_4961-2048x1152.jpg 2048w, https:\/\/www.yeryuzundebirkacadim.com\/wp-content\/uploads\/2024\/07\/IMG_4961-768x432.jpg 768w, https:\/\/www.yeryuzundebirkacadim.com\/wp-content\/uploads\/2024\/07\/IMG_4961-1536x864.jpg 1536w, https:\/\/www.yeryuzundebirkacadim.com\/wp-content\/uploads\/2024\/07\/IMG_4961-816x459.jpg 816w\" sizes=\"auto, (max-width: 1024px) 100vw, 1024px\" \/><\/p>\n<p>Da\u011f\u0131n yamac\u0131nda yer alan ve \u015fehrin muhte\u015fem manzaras\u0131n\u0131 sunan bir Roma Katolik kilisesidir.<\/p>\n<p>Bug\u00fcn var olan kilise 1505 y\u0131l\u0131nda tamamlanm\u0131\u015f.<\/p>\n<p>Kilisenin i\u00e7indeki tarihi suna\u011f\u0131 ve tablolar\u0131 ilgi \u00e7ekicidir.<\/p>\n<p><img loading=\"lazy\" decoding=\"async\" class=\"size-medium wp-image-6635\" src=\"https:\/\/www.yeryuzundebirkacadim.com\/wp-content\/uploads\/2024\/07\/IMG_4923-1024x576.jpg\" alt=\"\" width=\"1024\" height=\"576\" srcset=\"https:\/\/www.yeryuzundebirkacadim.com\/wp-content\/uploads\/2024\/07\/IMG_4923-1024x576.jpg 1024w, https:\/\/www.yeryuzundebirkacadim.com\/wp-content\/uploads\/2024\/07\/IMG_4923-2048x1152.jpg 2048w, https:\/\/www.yeryuzundebirkacadim.com\/wp-content\/uploads\/2024\/07\/IMG_4923-768x432.jpg 768w, https:\/\/www.yeryuzundebirkacadim.com\/wp-content\/uploads\/2024\/07\/IMG_4923-1536x864.jpg 1536w, https:\/\/www.yeryuzundebirkacadim.com\/wp-content\/uploads\/2024\/07\/IMG_4923-816x459.jpg 816w\" sizes=\"auto, (max-width: 1024px) 100vw, 1024px\" \/><\/p>\n<p><span style=\"font-size: 16px;\">Avlusunda bulunan g\u00fczel mezarl\u0131klar hem Protestan hem de Katolikler&#8217;e ait.<\/span><\/p>\n<p><img loading=\"lazy\" decoding=\"async\" class=\"alignnone size-medium wp-image-6636\" src=\"https:\/\/www.yeryuzundebirkacadim.com\/wp-content\/uploads\/2024\/07\/IMG_20240618_111429-577x1024.jpg\" alt=\"\" width=\"577\" height=\"1024\" srcset=\"https:\/\/www.yeryuzundebirkacadim.com\/wp-content\/uploads\/2024\/07\/IMG_20240618_111429-577x1024.jpg 577w, https:\/\/www.yeryuzundebirkacadim.com\/wp-content\/uploads\/2024\/07\/IMG_20240618_111429-768x1364.jpg 768w, https:\/\/www.yeryuzundebirkacadim.com\/wp-content\/uploads\/2024\/07\/IMG_20240618_111429-865x1536.jpg 865w, https:\/\/www.yeryuzundebirkacadim.com\/wp-content\/uploads\/2024\/07\/IMG_20240618_111429-563x999.jpg 563w, https:\/\/www.yeryuzundebirkacadim.com\/wp-content\/uploads\/2024\/07\/IMG_20240618_111429.jpg 1146w\" sizes=\"auto, (max-width: 577px) 100vw, 577px\" \/><\/p>\n<p>Kasaban\u0131n en iyi manzara noktas\u0131 olan kilisenin bah\u00e7esinden bir manzara.<\/p>\n<p><img loading=\"lazy\" decoding=\"async\" class=\"size-medium wp-image-6637\" src=\"https:\/\/www.yeryuzundebirkacadim.com\/wp-content\/uploads\/2024\/07\/IMG_4920-1024x576.jpg\" alt=\"\" width=\"1024\" height=\"576\" srcset=\"https:\/\/www.yeryuzundebirkacadim.com\/wp-content\/uploads\/2024\/07\/IMG_4920-1024x576.jpg 1024w, https:\/\/www.yeryuzundebirkacadim.com\/wp-content\/uploads\/2024\/07\/IMG_4920-2048x1152.jpg 2048w, https:\/\/www.yeryuzundebirkacadim.com\/wp-content\/uploads\/2024\/07\/IMG_4920-768x432.jpg 768w, https:\/\/www.yeryuzundebirkacadim.com\/wp-content\/uploads\/2024\/07\/IMG_4920-1536x864.jpg 1536w, https:\/\/www.yeryuzundebirkacadim.com\/wp-content\/uploads\/2024\/07\/IMG_4920-816x459.jpg 816w\" sizes=\"auto, (max-width: 1024px) 100vw, 1024px\" \/><\/p>\n<p>Yoldan \u00e7ekilmi\u015f bir foto\u011fraf. Dedi\u011fim gibi her yer manzara noktas\u0131 gibi.<\/p>\n<p><img loading=\"lazy\" decoding=\"async\" class=\"size-medium wp-image-6638\" src=\"https:\/\/www.yeryuzundebirkacadim.com\/wp-content\/uploads\/2024\/07\/IMG_4940-1024x576.jpg\" alt=\"\" width=\"1024\" height=\"576\" srcset=\"https:\/\/www.yeryuzundebirkacadim.com\/wp-content\/uploads\/2024\/07\/IMG_4940-1024x576.jpg 1024w, https:\/\/www.yeryuzundebirkacadim.com\/wp-content\/uploads\/2024\/07\/IMG_4940-2048x1152.jpg 2048w, https:\/\/www.yeryuzundebirkacadim.com\/wp-content\/uploads\/2024\/07\/IMG_4940-768x432.jpg 768w, https:\/\/www.yeryuzundebirkacadim.com\/wp-content\/uploads\/2024\/07\/IMG_4940-1536x864.jpg 1536w, https:\/\/www.yeryuzundebirkacadim.com\/wp-content\/uploads\/2024\/07\/IMG_4940-816x459.jpg 816w\" sizes=\"auto, (max-width: 1024px) 100vw, 1024px\" \/><\/p>\n<p><strong>10. Micheal \u015eapeli\u2019ndeki Kemik Evi<\/strong><\/p>\n<p>Katolik Kilisesi&#8217;ni ziyaret sebeplerinden biri de kilisenin mezarl\u0131\u011f\u0131 i\u00e7inde bulunan ve oradaki en k\u00fc\u00e7\u00fck yer alt\u0131 mezarlar\u0131ndan biri olarak kabul edilen \u015fapel evi.<\/p>\n<p>Giri\u015fte T\u00fcrk\u00e7e bilgilendirme formu da bulunuyor.<\/p>\n<p>12. y\u00fczy\u0131lda Hallstatt&#8217;ta yer darl\u0131\u011f\u0131 nedeniyle kilisenin alt\u0131n\u0131 kaz\u0131p \u00f6l\u00fcleri g\u00f6mecekleri yer alt\u0131 mezarlar\u0131n\u0131 olu\u015fturmu\u015flar.<\/p>\n<p>M.S. 1720 y\u0131l\u0131nda ise Kemik Evi&#8217;ne giren yeni kafataslar\u0131n\u0131n dekoratif olarak boyanmas\u0131yla yeni bir gelenek ba\u015flam\u0131\u015f.<\/p>\n<p><img loading=\"lazy\" decoding=\"async\" class=\"size-medium wp-image-6639\" src=\"https:\/\/www.yeryuzundebirkacadim.com\/wp-content\/uploads\/2024\/07\/IMG_4890-1024x576.jpg\" alt=\"\" width=\"1024\" height=\"576\" srcset=\"https:\/\/www.yeryuzundebirkacadim.com\/wp-content\/uploads\/2024\/07\/IMG_4890-1024x576.jpg 1024w, https:\/\/www.yeryuzundebirkacadim.com\/wp-content\/uploads\/2024\/07\/IMG_4890-2048x1152.jpg 2048w, https:\/\/www.yeryuzundebirkacadim.com\/wp-content\/uploads\/2024\/07\/IMG_4890-768x432.jpg 768w, https:\/\/www.yeryuzundebirkacadim.com\/wp-content\/uploads\/2024\/07\/IMG_4890-1536x864.jpg 1536w, https:\/\/www.yeryuzundebirkacadim.com\/wp-content\/uploads\/2024\/07\/IMG_4890-816x459.jpg 816w\" sizes=\"auto, (max-width: 1024px) 100vw, 1024px\" \/><\/p>\n<p><img loading=\"lazy\" decoding=\"async\" class=\"alignnone size-medium wp-image-6641\" src=\"https:\/\/www.yeryuzundebirkacadim.com\/wp-content\/uploads\/2024\/07\/IMG_20240618_110329-1024x577.jpg\" alt=\"\" width=\"1024\" height=\"577\" srcset=\"https:\/\/www.yeryuzundebirkacadim.com\/wp-content\/uploads\/2024\/07\/IMG_20240618_110329-1024x577.jpg 1024w, https:\/\/www.yeryuzundebirkacadim.com\/wp-content\/uploads\/2024\/07\/IMG_20240618_110329-2048x1154.jpg 2048w, https:\/\/www.yeryuzundebirkacadim.com\/wp-content\/uploads\/2024\/07\/IMG_20240618_110329-768x433.jpg 768w, https:\/\/www.yeryuzundebirkacadim.com\/wp-content\/uploads\/2024\/07\/IMG_20240618_110329-1536x865.jpg 1536w, https:\/\/www.yeryuzundebirkacadim.com\/wp-content\/uploads\/2024\/07\/IMG_20240618_110329-816x460.jpg 816w\" sizes=\"auto, (max-width: 1024px) 100vw, 1024px\" \/><\/p>\n<p>\u015eimdi yer alt\u0131 mezarlar\u0131, 600&#8217;den fazla sanatsal olarak boyanm\u0131\u015f kafatas\u0131ndan olu\u015fan al\u0131\u015f\u0131lmad\u0131k bir koleksiyona ev sahipli\u011fi yap\u0131yor.<\/p>\n<p>\u0130lk resimler, geleneksel olarak mezarlara konulan ve a\u015fk\u0131n bir i\u015fareti olarak g\u00f6r\u00fclen \u00e7i\u00e7ek \u00e7elenkleri ile s\u0131n\u0131rl\u0131yd\u0131. Sonralar\u0131 kafatas\u0131 resimleri \u015f\u00f6hretin veya \u00f6nemin sembol\u00fc; me\u015fe yapraklar\u0131, zaferin sembol\u00fc; defne, \u00a0hayat\u0131n sembol\u00fc;<em>\u00a0s<\/em>arma\u015f\u0131k \u00a0ve a\u015fk\u0131n sembol\u00fc; g\u00fcller gibi anlamlara sahip daha sembolik amblemleri i\u00e7erecek \u015fekilde geni\u015fletildi.<\/p>\n<p>Kurtulu\u015f ha\u00e7\u0131n\u0131n \u00f6n\u00fcne yerle\u015ftirilen iki kafatas\u0131, \u00f6l\u00fcm\u00fcn ve Adem ile Havva&#8217;n\u0131n g\u00fcnahlar\u0131n\u0131n sembol\u00fc olan y\u0131lanlar ile boyanm\u0131\u015ft\u0131r.<\/p>\n<p>Ha\u00e7\u0131n hem sol hem de sa\u011f taraf\u0131nda, her birinin \u00fczerine eski rahiplerin iki kafatas\u0131 bulunan \u0130nciller var.<\/p>\n<p><img loading=\"lazy\" decoding=\"async\" class=\"size-medium wp-image-6640\" src=\"https:\/\/www.yeryuzundebirkacadim.com\/wp-content\/uploads\/2024\/07\/IMG_4897-1024x576.jpg\" alt=\"\" width=\"1024\" height=\"576\" srcset=\"https:\/\/www.yeryuzundebirkacadim.com\/wp-content\/uploads\/2024\/07\/IMG_4897-1024x576.jpg 1024w, https:\/\/www.yeryuzundebirkacadim.com\/wp-content\/uploads\/2024\/07\/IMG_4897-2048x1152.jpg 2048w, https:\/\/www.yeryuzundebirkacadim.com\/wp-content\/uploads\/2024\/07\/IMG_4897-768x432.jpg 768w, https:\/\/www.yeryuzundebirkacadim.com\/wp-content\/uploads\/2024\/07\/IMG_4897-1536x864.jpg 1536w, https:\/\/www.yeryuzundebirkacadim.com\/wp-content\/uploads\/2024\/07\/IMG_4897-816x459.jpg 816w\" sizes=\"auto, (max-width: 1024px) 100vw, 1024px\" \/><\/p>\n<p>Mezardan \u00e7\u0131kar\u0131lan kemiklerin ta\u015f\u0131nmas\u0131 uygulamas\u0131, 1960&#8217;lar\u0131n ba\u015f\u0131nda Katolik Kilisesi&#8217;nin \u00f6l\u00fc yakma yasa\u011f\u0131n\u0131 kald\u0131rmas\u0131yla ortadan kalkmaya ba\u015flad\u0131. Kemik Ev&#8217;in en son ekleneni, 1983 y\u0131l\u0131nda \u00f6len ve vasiyeti \u00fczerine 1995&#8217;te buraya konan bir kad\u0131n\u0131n kafatas\u0131d\u0131r. Kafatas\u0131 tahta ha\u00e7\u0131n sa\u011f\u0131nda duruyor ve alt\u0131n di\u015fi h\u00e2l\u00e2 g\u00f6r\u00fclebiliyor.<\/p>\n<p>Sakinler yine de vasiyetleriyle Kemik Evi&#8217;ne ta\u015f\u0131nmay\u0131 talep edebilirler. Ancak \u00f6l\u00fc yakman\u0131n art\u0131k daha fazla kabul g\u00f6rmesi nedeniyle Hallstatt&#8217;ta g\u00f6m\u00fclmek \u00e7ok daha az yayg\u0131nd\u0131r.<\/p>\n<p>\u015eimdi a\u015fa\u011f\u0131daki yola inip daha ileriye do\u011fru y\u00fcr\u00fcyoruz. Tabii ki sizinle payla\u015ft\u0131\u011f\u0131m manzaralar e\u015fli\u011finde.<\/p>\n<p><img loading=\"lazy\" decoding=\"async\" class=\"size-medium wp-image-6642\" src=\"https:\/\/www.yeryuzundebirkacadim.com\/wp-content\/uploads\/2024\/07\/IMG_4952-1024x576.jpg\" alt=\"\" width=\"1024\" height=\"576\" srcset=\"https:\/\/www.yeryuzundebirkacadim.com\/wp-content\/uploads\/2024\/07\/IMG_4952-1024x576.jpg 1024w, https:\/\/www.yeryuzundebirkacadim.com\/wp-content\/uploads\/2024\/07\/IMG_4952-2048x1152.jpg 2048w, https:\/\/www.yeryuzundebirkacadim.com\/wp-content\/uploads\/2024\/07\/IMG_4952-768x432.jpg 768w, https:\/\/www.yeryuzundebirkacadim.com\/wp-content\/uploads\/2024\/07\/IMG_4952-1536x864.jpg 1536w, https:\/\/www.yeryuzundebirkacadim.com\/wp-content\/uploads\/2024\/07\/IMG_4952-816x459.jpg 816w\" sizes=\"auto, (max-width: 1024px) 100vw, 1024px\" \/><\/p>\n<p>Sonras\u0131nda geri d\u00f6n\u00fcyoruz.<\/p>\n<p>Otoparktan g\u00f6l k\u0131y\u0131s\u0131na inerken g\u00f6rd\u00fc\u011f\u00fcm\u00fcz <strong>Tuz Madeni Ziyaret\u00e7i Merkezi&#8217;<\/strong>ne geliyoruz. Buradan f\u00fcnik\u00fcler i\u00e7in bilet al\u0131yoruz. Bu masal \u015fehrini bir de tepeden izleyece\u011fiz.<\/p>\n<p>Bu merkezde Tuz Madeni Turu i\u00e7in bilet de sat\u0131l\u0131yor. Ancak vakit nedeni ile biz bu turu listemize almad\u0131k.<\/p>\n<p>Ziyaret merkezinde \u00e7anta dolaplar\u0131 da bulunuyor.<\/p>\n<p><strong>11. Skywalk G\u00f6zetleme Noktas\u0131<\/strong><\/p>\n<p>Hallstatt&#8217;\u0131n\u00a0360 metre yukar\u0131s\u0131nda in\u015fa edilmi\u015f etkileyici bir izleme platformudur.<\/p>\n<p>Buraya f\u00fcnik\u00fcler ile \u00e7\u0131k\u0131yoruz. \u00c7ekimlere \u00e7\u0131karken ba\u015flad\u0131k.<\/p>\n<p><img loading=\"lazy\" decoding=\"async\" class=\"size-medium wp-image-6643\" src=\"https:\/\/www.yeryuzundebirkacadim.com\/wp-content\/uploads\/2024\/07\/IMG_4982-576x1024.jpg\" alt=\"\" width=\"576\" height=\"1024\" srcset=\"https:\/\/www.yeryuzundebirkacadim.com\/wp-content\/uploads\/2024\/07\/IMG_4982-576x1024.jpg 576w, https:\/\/www.yeryuzundebirkacadim.com\/wp-content\/uploads\/2024\/07\/IMG_4982-1151x2048.jpg 1151w, https:\/\/www.yeryuzundebirkacadim.com\/wp-content\/uploads\/2024\/07\/IMG_4982-768x1366.jpg 768w, https:\/\/www.yeryuzundebirkacadim.com\/wp-content\/uploads\/2024\/07\/IMG_4982-864x1536.jpg 864w, https:\/\/www.yeryuzundebirkacadim.com\/wp-content\/uploads\/2024\/07\/IMG_4982-562x999.jpg 562w, https:\/\/www.yeryuzundebirkacadim.com\/wp-content\/uploads\/2024\/07\/IMG_4982.jpg 1179w\" sizes=\"auto, (max-width: 576px) 100vw, 576px\" \/><\/p>\n<p>Yukar\u0131da Hallstatt g\u00f6l\u00fc ve kasabas\u0131 manzaral\u0131 bir de kafe var. Kahve molam\u0131z\u0131 burada veriyoruz.<\/p>\n<p>Ben sustum. D\u00fcnya miras\u0131n\u0131 seyredelim.<\/p>\n<p><img loading=\"lazy\" decoding=\"async\" class=\"size-medium wp-image-6644\" src=\"https:\/\/www.yeryuzundebirkacadim.com\/wp-content\/uploads\/2024\/07\/IMG_5002-1024x576.jpg\" alt=\"\" width=\"1024\" height=\"576\" srcset=\"https:\/\/www.yeryuzundebirkacadim.com\/wp-content\/uploads\/2024\/07\/IMG_5002-1024x576.jpg 1024w, https:\/\/www.yeryuzundebirkacadim.com\/wp-content\/uploads\/2024\/07\/IMG_5002-2048x1151.jpg 2048w, https:\/\/www.yeryuzundebirkacadim.com\/wp-content\/uploads\/2024\/07\/IMG_5002-768x432.jpg 768w, https:\/\/www.yeryuzundebirkacadim.com\/wp-content\/uploads\/2024\/07\/IMG_5002-1536x864.jpg 1536w, https:\/\/www.yeryuzundebirkacadim.com\/wp-content\/uploads\/2024\/07\/IMG_5002-816x459.jpg 816w\" sizes=\"auto, (max-width: 1024px) 100vw, 1024px\" \/><\/p>\n<p><img loading=\"lazy\" decoding=\"async\" class=\"size-medium wp-image-6645\" src=\"https:\/\/www.yeryuzundebirkacadim.com\/wp-content\/uploads\/2024\/07\/IMG_5005-1024x576.jpg\" alt=\"\" width=\"1024\" height=\"576\" srcset=\"https:\/\/www.yeryuzundebirkacadim.com\/wp-content\/uploads\/2024\/07\/IMG_5005-1024x576.jpg 1024w, https:\/\/www.yeryuzundebirkacadim.com\/wp-content\/uploads\/2024\/07\/IMG_5005-2048x1152.jpg 2048w, https:\/\/www.yeryuzundebirkacadim.com\/wp-content\/uploads\/2024\/07\/IMG_5005-768x432.jpg 768w, https:\/\/www.yeryuzundebirkacadim.com\/wp-content\/uploads\/2024\/07\/IMG_5005-1536x864.jpg 1536w, https:\/\/www.yeryuzundebirkacadim.com\/wp-content\/uploads\/2024\/07\/IMG_5005-816x459.jpg 816w\" sizes=\"auto, (max-width: 1024px) 100vw, 1024px\" \/><\/p>\n<p><img loading=\"lazy\" decoding=\"async\" class=\"size-medium wp-image-6646\" src=\"https:\/\/www.yeryuzundebirkacadim.com\/wp-content\/uploads\/2024\/07\/IMG_5016-1024x576.jpg\" alt=\"\" width=\"1024\" height=\"576\" srcset=\"https:\/\/www.yeryuzundebirkacadim.com\/wp-content\/uploads\/2024\/07\/IMG_5016-1024x576.jpg 1024w, https:\/\/www.yeryuzundebirkacadim.com\/wp-content\/uploads\/2024\/07\/IMG_5016-2048x1151.jpg 2048w, https:\/\/www.yeryuzundebirkacadim.com\/wp-content\/uploads\/2024\/07\/IMG_5016-768x432.jpg 768w, https:\/\/www.yeryuzundebirkacadim.com\/wp-content\/uploads\/2024\/07\/IMG_5016-1536x864.jpg 1536w, https:\/\/www.yeryuzundebirkacadim.com\/wp-content\/uploads\/2024\/07\/IMG_5016-816x459.jpg 816w\" sizes=\"auto, (max-width: 1024px) 100vw, 1024px\" \/><\/p>\n<p><img loading=\"lazy\" decoding=\"async\" class=\"size-medium wp-image-6647\" src=\"https:\/\/www.yeryuzundebirkacadim.com\/wp-content\/uploads\/2024\/07\/IMG_5001-576x1024.jpg\" alt=\"\" width=\"576\" height=\"1024\" srcset=\"https:\/\/www.yeryuzundebirkacadim.com\/wp-content\/uploads\/2024\/07\/IMG_5001-576x1024.jpg 576w, https:\/\/www.yeryuzundebirkacadim.com\/wp-content\/uploads\/2024\/07\/IMG_5001-1151x2048.jpg 1151w, https:\/\/www.yeryuzundebirkacadim.com\/wp-content\/uploads\/2024\/07\/IMG_5001-768x1366.jpg 768w, https:\/\/www.yeryuzundebirkacadim.com\/wp-content\/uploads\/2024\/07\/IMG_5001-864x1536.jpg 864w, https:\/\/www.yeryuzundebirkacadim.com\/wp-content\/uploads\/2024\/07\/IMG_5001-562x999.jpg 562w, https:\/\/www.yeryuzundebirkacadim.com\/wp-content\/uploads\/2024\/07\/IMG_5001.jpg 1179w\" sizes=\"auto, (max-width: 576px) 100vw, 576px\" \/><\/p>\n<p>Yukar\u0131da muhte\u015fem manzaray\u0131 seyredebilece\u011finiz bir kafe de bulunuyor.<\/p>\n<p>Hallstatt&#8217;da g\u00f6l gezisi de yap\u0131labiliyor. Yakla\u015f\u0131k 50 dakikal\u0131k tekne gezintileri var. Binmeyi d\u00fc\u015f\u00fcnd\u00fck ancak biraz beklememiz gerekliydi ve 50 dakikal\u0131k gezinti de bize uzun geldi. Yola devam karar\u0131n\u0131 ald\u0131k. Saat 13.30. Yani bu gezimizi 4 saatte tamamlam\u0131\u015f olduk.<\/p>\n<p>&nbsp;<\/p>\n<p>&nbsp;<\/p>\n<p><strong>\u00a0<\/strong><\/p>\n<p>&nbsp;<\/p>\n<p>&nbsp;<\/p>\n<p>&nbsp;<\/p>\n<p><strong>\u00a0<\/strong><\/p>\n<p>&nbsp;<\/p>\n<p>&nbsp;<\/p>\n<p>&nbsp;<\/p>\n<p><strong>\u00a0<\/strong><\/p>\n<p>&nbsp;<\/p>\n<p><strong>\u00a0<\/strong><\/p>\n<p>&nbsp;<\/p>\n","protected":false},"excerpt":{"rendered":"<p>HALLSTAT Salzkammergut; Avusturya&#8217;da bulunan bir tatil alan\u0131 ve buras\u0131 Yukar\u0131 Avusturya, Salzburg ve Steiermark eyaletlerini kaps\u0131yor. Dachstein da\u011flar\u0131 ve Alplerin bir k\u0131sm\u0131n\u0131 da i\u00e7ine al\u0131r. B\u00f6lgenin ana nehir Traun, Tuna&#8217;n\u0131n sa\u011f koludur. Salzkammergut &#8220;Tuz Odas\u0131 Emlak&#8221; anlam\u0131na gelir ve anlam\u0131 \u0130mparatorluk Tuz Odas\u0131d\u0131r. B\u00f6lge 1997 y\u0131l\u0131nda Unesco D\u00fcnya Miras\u0131&#8217;na dahil edilmi\u015ftir.<\/p>\n","protected":false},"author":1,"featured_media":6751,"comment_status":"closed","ping_status":"closed","sticky":false,"template":"","format":"standard","meta":{"footnotes":""},"categories":[838],"tags":[852,849,853,851,854,850],"class_list":["post-6614","post","type-post","status-publish","format-standard","has-post-thumbnail","hentry","category-avusturya","tag-gruner-baum","tag-hallstatt","tag-marktplatz","tag-michealsapeli","tag-salzkammergut","tag-skywalk"],"_links":{"self":[{"href":"https:\/\/www.yeryuzundebirkacadim.com\/index.php\/wp-json\/wp\/v2\/posts\/6614","targetHints":{"allow":["GET"]}}],"collection":[{"href":"https:\/\/www.yeryuzundebirkacadim.com\/index.php\/wp-json\/wp\/v2\/posts"}],"about":[{"href":"https:\/\/www.yeryuzundebirkacadim.com\/index.php\/wp-json\/wp\/v2\/types\/post"}],"author":[{"embeddable":true,"href":"https:\/\/www.yeryuzundebirkacadim.com\/index.php\/wp-json\/wp\/v2\/users\/1"}],"replies":[{"embeddable":true,"href":"https:\/\/www.yeryuzundebirkacadim.com\/index.php\/wp-json\/wp\/v2\/comments?post=6614"}],"version-history":[{"count":15,"href":"https:\/\/www.yeryuzundebirkacadim.com\/index.php\/wp-json\/wp\/v2\/posts\/6614\/revisions"}],"predecessor-version":[{"id":6759,"href":"https:\/\/www.yeryuzundebirkacadim.com\/index.php\/wp-json\/wp\/v2\/posts\/6614\/revisions\/6759"}],"wp:featuredmedia":[{"embeddable":true,"href":"https:\/\/www.yeryuzundebirkacadim.com\/index.php\/wp-json\/wp\/v2\/media\/6751"}],"wp:attachment":[{"href":"https:\/\/www.yeryuzundebirkacadim.com\/index.php\/wp-json\/wp\/v2\/media?parent=6614"}],"wp:term":[{"taxonomy":"category","embeddable":true,"href":"https:\/\/www.yeryuzundebirkacadim.com\/index.php\/wp-json\/wp\/v2\/categories?post=6614"},{"taxonomy":"post_tag","embeddable":true,"href":"https:\/\/www.yeryuzundebirkacadim.com\/index.php\/wp-json\/wp\/v2\/tags?post=6614"}],"curies":[{"name":"wp","href":"https:\/\/api.w.org\/{rel}","templated":true}]}}