


{"id":6472,"date":"2024-07-19T20:05:31","date_gmt":"2024-07-19T17:05:31","guid":{"rendered":"https:\/\/www.yeryuzundebirkacadim.com\/?p=6472"},"modified":"2024-08-19T13:55:06","modified_gmt":"2024-08-19T10:55:06","slug":"salzburg","status":"publish","type":"post","link":"https:\/\/www.yeryuzundebirkacadim.com\/index.php\/2024\/07\/19\/salzburg\/","title":{"rendered":"Salzburg"},"content":{"rendered":"<p><strong>Salzburg k\u0131sa k\u0131sa<\/strong><\/p>\n<p>Sanat, k\u00fclt\u00fcr ve e\u015fsiz bir tarih: Salzburg<\/p>\n<p>Mozart\u2019\u0131n ve M\u00fczi\u011fin Sesi\u2019nin \u015fehri olarak ge\u00e7er.<\/p>\n<p>1997&#8217;den beri UNESCO D\u00fcnya Miras\u0131 Listesi&#8217;nde yer al\u0131yor.<\/p>\n<p><!--more--><\/p>\n<p>Salzburg, Salzach Nehri k\u0131y\u0131s\u0131nda yer alan g\u00fczel ve tarihi bir \u015fehirdir. Zengin k\u00fclt\u00fcrel tarihi, \u00e7arp\u0131c\u0131 Barok mimarisi ve nefes kesen da\u011f manzaralar\u0131yla \u00fcnl\u00fcd\u00fcr.<\/p>\n<p>Salzburg, Orta \u00e7a\u011fdan 19. y\u00fczy\u0131la kadar olan d\u00f6nemde, Prens-Ba\u015fpiskopos taraf\u0131ndan y\u00f6netilen bir \u015fehir devletiymi\u015f. Bu d\u00f6nemde geli\u015fen ola\u011fan\u00fcst\u00fc zengin kentsel dokuyu korumay\u0131 ba\u015farm\u0131\u015f. Hem laik hem de dini olmak \u00fczere, \u00e7ok say\u0131da etkileyici mimariye sahip binalar\u0131 bulunuyor.\u00a0Avrupa&#8217;n\u0131n dini \u015fehir devletlerinin ola\u011fan\u00fcst\u00fc \u00f6nemli bir \u00f6rne\u011fidir.<\/p>\n<p>Salzburg, \u0130talyan ve Alman k\u00fclt\u00fcrleri aras\u0131ndaki etkile\u015fimde \u00f6nemli bir rol oynam\u0131\u015f ve iki k\u00fclt\u00fcr\u00fcn geli\u015fmesine ve aralar\u0131nda uzun s\u00fcreli bir al\u0131\u015fveri\u015fin olu\u015fmas\u0131na neden olmu\u015ftur.<\/p>\n<p>\u015eehir; Barok g\u00f6r\u00fcn\u00fcm\u00fcn\u00fcn \u00e7o\u011funu \u0130talyan mimarlar Vincenzo Scamozzi ve Santino Solari&#8217;ye bor\u00e7luymu\u015f.<\/p>\n<p>Eski d\u00f6nemlerden bu yana bir\u00e7ok zanaatkar ve sanat\u00e7\u0131y\u0131 cezbetmi\u015f bir \u015fehir.<\/p>\n<p>Salzburg, Wolfgang Amadeus Mozart&#8217;\u0131n \u015fehri olmas\u0131 ile de tan\u0131n\u0131yor.<\/p>\n<p>2024 Kurban Bayram\u0131 tatilinde 2 g\u00fcn kald\u0131\u011f\u0131m\u0131z M\u00fcnih&#8217;ten 16 Haziran 2024 pazar ak\u015fam saatlerinde trenle Salzburg&#8217;a geliyoruz. Burada 3 gece kalaca\u011f\u0131z. \u0130lk g\u00fcn Salzburg&#8217;u, di\u011fer 2 g\u00fcn araba kiralayarak etraftaki pitoresk kasabalar\u0131 gezece\u011fiz.<\/p>\n<p>Gezi plan\u0131m\u0131z:<\/p>\n<p>1. G\u00fcn: Salzburg<\/p>\n<p>2. G\u00fcn: Hallstatt &#8211; Bad Ischl &#8211; St. Wolfgang<\/p>\n<p>3. G\u00fcn: Mondsee &#8211; Gmunden &#8211; Viyana&#8217;ya trenle yolculuk<\/p>\n<p><strong>Salzburg<\/strong><\/p>\n<p><strong>1. Mirabell Saray\u0131 ve Bah\u00e7eleri<\/strong><\/p>\n<p>Sabahleyin ilk i\u015fimiz \u015fehirde nehrin kar\u015f\u0131 taraf\u0131na ge\u00e7mek oluyor.<\/p>\n<p>Mirabell Saray\u0131 ve bah\u00e7elerini gezece\u011fiz. Saray giri\u015fi \u00fccretsiz.<\/p>\n<p>Prens-Ba\u015fpiskopos Wolf Dietrich von Raitenau, 1606 y\u0131l\u0131nda metresi Salome Alt ve 15 \u00e7ocu\u011fu i\u00e7in Saray&#8217;\u0131 (ba\u015flang\u0131\u00e7ta Schloss Altenau olarak adland\u0131r\u0131l\u0131yordu) in\u015fa ettirmi\u015f.<\/p>\n<p>Halefi Marcus Sittikus ise y\u00f6netime geldi\u011finde, anne ve \u00e7ocuklar\u0131n\u0131 saraydan kovuyor ve saraya &#8220;Schloss Mirabell&#8221; ad\u0131n\u0131 veriyor.<\/p>\n<p>Sonunda, Prens Ba\u015fpiskopos Franz Anton Harrach&#8217;\u0131n y\u00f6netiminde b\u00f6lge, Barok bir saray kompleksi olarak yeniden in\u015fa ediliyor.<\/p>\n<p>Be\u015f Oscar sahibi \u201cM\u00fczi\u011fin Sesi\u201d sinema tarihinin en ba\u015far\u0131l\u0131 yap\u0131mlar\u0131ndan biridir. Filmde ba\u015fta Mirabell bah\u00e7eleri olmak \u00fczere \u015fehrin baz\u0131 yap\u0131lar\u0131 set olarak kullan\u0131lm\u0131\u015f.<\/p>\n<p>Pagasus \u00c7e\u015fmesi&#8217;nin oldu\u011fu taraftan Saray&#8217;a giriyoruz.<\/p>\n<p>Yerde uydu g\u00f6r\u00fcnt\u00fcs\u00fc yer al\u0131yor.<\/p>\n<p><img loading=\"lazy\" decoding=\"async\" class=\"alignnone size-medium wp-image-6557\" src=\"https:\/\/www.yeryuzundebirkacadim.com\/wp-content\/uploads\/2024\/07\/IMG_20240617_094718-1-1024x577.jpg\" alt=\"\" width=\"1024\" height=\"577\" srcset=\"https:\/\/www.yeryuzundebirkacadim.com\/wp-content\/uploads\/2024\/07\/IMG_20240617_094718-1-1024x577.jpg 1024w, https:\/\/www.yeryuzundebirkacadim.com\/wp-content\/uploads\/2024\/07\/IMG_20240617_094718-1-2048x1153.jpg 2048w, https:\/\/www.yeryuzundebirkacadim.com\/wp-content\/uploads\/2024\/07\/IMG_20240617_094718-1-768x433.jpg 768w, https:\/\/www.yeryuzundebirkacadim.com\/wp-content\/uploads\/2024\/07\/IMG_20240617_094718-1-1536x865.jpg 1536w, https:\/\/www.yeryuzundebirkacadim.com\/wp-content\/uploads\/2024\/07\/IMG_20240617_094718-1-816x460.jpg 816w\" sizes=\"auto, (max-width: 1024px) 100vw, 1024px\" \/><\/p>\n<p><strong>Melekler Merdiveni<\/strong><\/p>\n<p>Buradan Melekler Merdiveni&#8217;ne ilerliyoruz.<\/p>\n<p>Beyaz mermer korkuluklu merdivende melekler ve duvar ni\u015flerinde mitolojik Roma heykelleri bulunuyor.<\/p>\n<p><img loading=\"lazy\" decoding=\"async\" class=\"size-medium wp-image-6558\" src=\"https:\/\/www.yeryuzundebirkacadim.com\/wp-content\/uploads\/2024\/07\/IMG_4443-1024x576.jpg\" alt=\"\" width=\"1024\" height=\"576\" srcset=\"https:\/\/www.yeryuzundebirkacadim.com\/wp-content\/uploads\/2024\/07\/IMG_4443-1024x576.jpg 1024w, https:\/\/www.yeryuzundebirkacadim.com\/wp-content\/uploads\/2024\/07\/IMG_4443-2048x1152.jpg 2048w, https:\/\/www.yeryuzundebirkacadim.com\/wp-content\/uploads\/2024\/07\/IMG_4443-768x432.jpg 768w, https:\/\/www.yeryuzundebirkacadim.com\/wp-content\/uploads\/2024\/07\/IMG_4443-1536x864.jpg 1536w, https:\/\/www.yeryuzundebirkacadim.com\/wp-content\/uploads\/2024\/07\/IMG_4443-816x459.jpg 816w\" sizes=\"auto, (max-width: 1024px) 100vw, 1024px\" \/><\/p>\n<p><strong>Mermer Salon<\/strong><\/p>\n<p><span style=\"font-size: 16px;\">Saray\u0131n gezilebilen tek salonu.\u00a0<\/span><img loading=\"lazy\" decoding=\"async\" class=\"size-medium wp-image-6559\" src=\"https:\/\/www.yeryuzundebirkacadim.com\/wp-content\/uploads\/2024\/07\/IMG_4442-1024x576.jpg\" alt=\"\" width=\"1024\" height=\"576\" srcset=\"https:\/\/www.yeryuzundebirkacadim.com\/wp-content\/uploads\/2024\/07\/IMG_4442-1024x576.jpg 1024w, https:\/\/www.yeryuzundebirkacadim.com\/wp-content\/uploads\/2024\/07\/IMG_4442-2048x1151.jpg 2048w, https:\/\/www.yeryuzundebirkacadim.com\/wp-content\/uploads\/2024\/07\/IMG_4442-768x432.jpg 768w, https:\/\/www.yeryuzundebirkacadim.com\/wp-content\/uploads\/2024\/07\/IMG_4442-1536x864.jpg 1536w, https:\/\/www.yeryuzundebirkacadim.com\/wp-content\/uploads\/2024\/07\/IMG_4442-816x459.jpg 816w\" sizes=\"auto, (max-width: 1024px) 100vw, 1024px\" \/><\/p>\n<p>Mermer s\u00fctunlar\u0131, g\u00f6steri\u015fli tavan freskleri olan salon eskiden Prens-Ba\u015fpiskopos&#8217;un ziyafet salonu olarak kullan\u0131lm\u0131\u015f. Salonda Mozart konserleri de yap\u0131l\u0131yor. Salon ayr\u0131ca d\u00fc\u011f\u00fcnlere, konferanslara ve \u00f6d\u00fcl t\u00f6renlerine ev sahipli\u011fi yap\u0131yor.<\/p>\n<p>Mozart, babas\u0131 ve karde\u015fi ile burada sahne alm\u0131\u015f.<\/p>\n<p><span style=\"font-size: 16px;\">Mirabell&#8217;in geri kalan\u0131 g\u00fcn\u00fcm\u00fczde Salzburg belediye ba\u015fkan\u0131n\u0131n ve belediye idaresinin ofisleri olarak kullan\u0131l\u0131yor. <\/span><\/p>\n<p><strong>Mirabell Bah\u00e7eleri <\/strong><\/p>\n<p>Mirabell Bah\u00e7eleri, 1690 civar\u0131nda yeniden \u015fekillendirilmi\u015f. Barok \u00e7a\u011f\u0131n karakteristik temel geometrik bi\u00e7imi h\u00e2l\u00e2 mevcut.<\/p>\n<p>Katedral ve Kale\u2019ye do\u011fru hizalanm\u0131\u015f olan saray bah\u00e7esi \u00e7ok g\u00fczel bir manzara sunuyor.<\/p>\n<p><img loading=\"lazy\" decoding=\"async\" class=\"size-medium wp-image-6560\" src=\"https:\/\/www.yeryuzundebirkacadim.com\/wp-content\/uploads\/2024\/07\/IMG_4491-1024x576.jpg\" alt=\"\" width=\"1024\" height=\"576\" srcset=\"https:\/\/www.yeryuzundebirkacadim.com\/wp-content\/uploads\/2024\/07\/IMG_4491-1024x576.jpg 1024w, https:\/\/www.yeryuzundebirkacadim.com\/wp-content\/uploads\/2024\/07\/IMG_4491-2048x1151.jpg 2048w, https:\/\/www.yeryuzundebirkacadim.com\/wp-content\/uploads\/2024\/07\/IMG_4491-768x432.jpg 768w, https:\/\/www.yeryuzundebirkacadim.com\/wp-content\/uploads\/2024\/07\/IMG_4491-1536x864.jpg 1536w, https:\/\/www.yeryuzundebirkacadim.com\/wp-content\/uploads\/2024\/07\/IMG_4491-816x459.jpg 816w\" sizes=\"auto, (max-width: 1024px) 100vw, 1024px\" \/><\/p>\n<p><strong>Pegasus \u00c7e\u015fmesi<\/strong><\/p>\n<p><img loading=\"lazy\" decoding=\"async\" class=\"size-medium wp-image-6561\" src=\"https:\/\/www.yeryuzundebirkacadim.com\/wp-content\/uploads\/2024\/07\/IMG_4483-1024x576.jpg\" alt=\"\" width=\"1024\" height=\"576\" srcset=\"https:\/\/www.yeryuzundebirkacadim.com\/wp-content\/uploads\/2024\/07\/IMG_4483-1024x576.jpg 1024w, https:\/\/www.yeryuzundebirkacadim.com\/wp-content\/uploads\/2024\/07\/IMG_4483-2048x1151.jpg 2048w, https:\/\/www.yeryuzundebirkacadim.com\/wp-content\/uploads\/2024\/07\/IMG_4483-768x432.jpg 768w, https:\/\/www.yeryuzundebirkacadim.com\/wp-content\/uploads\/2024\/07\/IMG_4483-1536x863.jpg 1536w, https:\/\/www.yeryuzundebirkacadim.com\/wp-content\/uploads\/2024\/07\/IMG_4483-816x459.jpg 816w\" sizes=\"auto, (max-width: 1024px) 100vw, 1024px\" \/><\/p>\n<p>Zaman\u0131n mutlakiyet\u00e7i y\u00f6neticileri i\u00e7in Mirabell, g\u00fcc\u00fcn simgesiydi. Kahramanlar, tanr\u0131lar ve yar\u0131 tanr\u0131lar ile kendilerini kar\u015f\u0131la\u015ft\u0131rmak i\u00e7in onlar\u0131n heykellerini bah\u00e7elerde kulland\u0131lar.<\/p>\n<p>Mirabell bah\u00e7esinin giri\u015finde d\u00f6rt <strong>Borghese Gladyat\u00f6r\u00fc<\/strong> heykeli var.<\/p>\n<p><img loading=\"lazy\" decoding=\"async\" class=\"size-medium wp-image-6562\" src=\"https:\/\/www.yeryuzundebirkacadim.com\/wp-content\/uploads\/2024\/07\/IMG_4506-1024x576.jpg\" alt=\"\" width=\"1024\" height=\"576\" srcset=\"https:\/\/www.yeryuzundebirkacadim.com\/wp-content\/uploads\/2024\/07\/IMG_4506-1024x576.jpg 1024w, https:\/\/www.yeryuzundebirkacadim.com\/wp-content\/uploads\/2024\/07\/IMG_4506-2048x1152.jpg 2048w, https:\/\/www.yeryuzundebirkacadim.com\/wp-content\/uploads\/2024\/07\/IMG_4506-768x432.jpg 768w, https:\/\/www.yeryuzundebirkacadim.com\/wp-content\/uploads\/2024\/07\/IMG_4506-1536x864.jpg 1536w, https:\/\/www.yeryuzundebirkacadim.com\/wp-content\/uploads\/2024\/07\/IMG_4506-816x459.jpg 816w\" sizes=\"auto, (max-width: 1024px) 100vw, 1024px\" \/><\/p>\n<p><strong style=\"font-size: 16px;\">D\u00f6rt Element \u00c7e\u015fmesi <\/strong><\/p>\n<p>D\u00f6rt tarafta 4 element; Yunan tanr\u0131lar\u0131 heykel gruplar\u0131 e\u015fli\u011finde simgelenmi\u015f.<\/p>\n<p><img loading=\"lazy\" decoding=\"async\" class=\"size-medium wp-image-6563\" src=\"https:\/\/www.yeryuzundebirkacadim.com\/wp-content\/uploads\/2024\/07\/IMG_4511-1024x576.jpg\" alt=\"\" width=\"1024\" height=\"576\" srcset=\"https:\/\/www.yeryuzundebirkacadim.com\/wp-content\/uploads\/2024\/07\/IMG_4511-1024x576.jpg 1024w, https:\/\/www.yeryuzundebirkacadim.com\/wp-content\/uploads\/2024\/07\/IMG_4511-2048x1152.jpg 2048w, https:\/\/www.yeryuzundebirkacadim.com\/wp-content\/uploads\/2024\/07\/IMG_4511-768x432.jpg 768w, https:\/\/www.yeryuzundebirkacadim.com\/wp-content\/uploads\/2024\/07\/IMG_4511-1536x864.jpg 1536w, https:\/\/www.yeryuzundebirkacadim.com\/wp-content\/uploads\/2024\/07\/IMG_4511-816x459.jpg 816w\" sizes=\"auto, (max-width: 1024px) 100vw, 1024px\" \/><\/p>\n<p>Bu han\u0131m da pek g\u00fczeldi. Ahh onun da ac\u0131 ve intikam dolu bir hikayesi var:(<\/p>\n<p><img loading=\"lazy\" decoding=\"async\" class=\"size-medium wp-image-6564\" src=\"https:\/\/www.yeryuzundebirkacadim.com\/wp-content\/uploads\/2024\/07\/IMG_4494-1024x576.jpg\" alt=\"\" width=\"1024\" height=\"576\" srcset=\"https:\/\/www.yeryuzundebirkacadim.com\/wp-content\/uploads\/2024\/07\/IMG_4494-1024x576.jpg 1024w, https:\/\/www.yeryuzundebirkacadim.com\/wp-content\/uploads\/2024\/07\/IMG_4494-2048x1152.jpg 2048w, https:\/\/www.yeryuzundebirkacadim.com\/wp-content\/uploads\/2024\/07\/IMG_4494-768x432.jpg 768w, https:\/\/www.yeryuzundebirkacadim.com\/wp-content\/uploads\/2024\/07\/IMG_4494-1536x864.jpg 1536w, https:\/\/www.yeryuzundebirkacadim.com\/wp-content\/uploads\/2024\/07\/IMG_4494-816x459.jpg 816w\" sizes=\"auto, (max-width: 1024px) 100vw, 1024px\" \/><\/p>\n<p><strong>C\u00fcce Bah\u00e7esi<\/strong><\/p>\n<p><span style=\"font-size: 16px;\">Mirabell&#8217;deki c\u00fcce heykelleri Salzburg ba\u015fpiskoposu ve misafirlerinin e\u011flence bah\u00e7esiydi. <\/span>Bir k\u0131sm\u0131 kaybolan orijinal c\u00fcce heykellerinden 17&#8217;si h\u00e2l\u00e2 bah\u00e7ede korunmakta.<\/p>\n<p>M\u00fczi\u011fin Sesi filminde buradan da sahneler var.<\/p>\n<p><img loading=\"lazy\" decoding=\"async\" class=\"size-medium wp-image-6565\" src=\"https:\/\/www.yeryuzundebirkacadim.com\/wp-content\/uploads\/2024\/07\/IMG_4470-1024x576.jpg\" alt=\"\" width=\"1024\" height=\"576\" srcset=\"https:\/\/www.yeryuzundebirkacadim.com\/wp-content\/uploads\/2024\/07\/IMG_4470-1024x576.jpg 1024w, https:\/\/www.yeryuzundebirkacadim.com\/wp-content\/uploads\/2024\/07\/IMG_4470-2048x1152.jpg 2048w, https:\/\/www.yeryuzundebirkacadim.com\/wp-content\/uploads\/2024\/07\/IMG_4470-768x432.jpg 768w, https:\/\/www.yeryuzundebirkacadim.com\/wp-content\/uploads\/2024\/07\/IMG_4470-1536x864.jpg 1536w, https:\/\/www.yeryuzundebirkacadim.com\/wp-content\/uploads\/2024\/07\/IMG_4470-816x459.jpg 816w\" sizes=\"auto, (max-width: 1024px) 100vw, 1024px\" \/><\/p>\n<p>Saray ve bah\u00e7e gezimizi tamamlad\u0131k.<\/p>\n<p><span style=\"font-size: 16px;\">Dinlenme ve kahve zaman\u0131. Bizim b\u00f6reklere benzer b\u00f6reklerin bulundu\u011fu bir kafe ke\u015ffediyoruz: <strong>Backwerk Cafe<\/strong>. Burada kahvemizi i\u00e7iyor, b\u00f6re\u011fimizi yiyoruz. Yola devam.\u00a0\u00a0<\/span><\/p>\n<p><strong>2. Makart Meydan\u0131<\/strong><\/p>\n<div class=\"wysiwyg wysiwyg--has-h1\">\n<p class=\"hr--has-svg js-has-svg-anim\" data-svgicon=\"lines_small\" data-duration=\"50\">Yolumuzun \u00fczerinde bir meydana rastl\u0131yoruz.<\/p>\n<\/div>\n<div class=\"wysiwyg lead\">\n<p>Makartplatz; ad\u0131n\u0131 19. y\u00fczy\u0131lda do\u011fan \u00fcnl\u00fc ressam Hans Makart&#8217;tan alm\u0131\u015f.<\/p>\n<\/div>\n<p>Meydan\u0131n ortas\u0131nda ye\u015fil alan i\u00e7inde \u0130ngiliz heykelt\u0131ra\u015f Antony Cragg&#8217;\u0131n &#8220;Caldera&#8221; isimli modern bir heykeli bulunuyor.<\/p>\n<p><img loading=\"lazy\" decoding=\"async\" class=\"size-medium wp-image-6573\" src=\"https:\/\/www.yeryuzundebirkacadim.com\/wp-content\/uploads\/2024\/07\/IMG_4531-1024x576.jpg\" alt=\"\" width=\"1024\" height=\"576\" srcset=\"https:\/\/www.yeryuzundebirkacadim.com\/wp-content\/uploads\/2024\/07\/IMG_4531-1024x576.jpg 1024w, https:\/\/www.yeryuzundebirkacadim.com\/wp-content\/uploads\/2024\/07\/IMG_4531-768x432.jpg 768w, https:\/\/www.yeryuzundebirkacadim.com\/wp-content\/uploads\/2024\/07\/IMG_4531-1536x864.jpg 1536w, https:\/\/www.yeryuzundebirkacadim.com\/wp-content\/uploads\/2024\/07\/IMG_4531-816x459.jpg 816w, https:\/\/www.yeryuzundebirkacadim.com\/wp-content\/uploads\/2024\/07\/IMG_4531.jpg 1970w\" sizes=\"auto, (max-width: 1024px) 100vw, 1024px\" \/><\/p>\n<p>Meydan\u0131n etraf\u0131nda tiyatro binas\u0131, Mozart ailesinin eski evi, elektrikli ayd\u0131nlatmal\u0131 ilk otel olan Hotel Bistrol yer al\u0131yor.<\/p>\n<p><img loading=\"lazy\" decoding=\"async\" class=\"size-medium wp-image-6574\" src=\"https:\/\/www.yeryuzundebirkacadim.com\/wp-content\/uploads\/2024\/07\/IMG_4533-1024x576.jpg\" alt=\"\" width=\"1024\" height=\"576\" srcset=\"https:\/\/www.yeryuzundebirkacadim.com\/wp-content\/uploads\/2024\/07\/IMG_4533-1024x576.jpg 1024w, https:\/\/www.yeryuzundebirkacadim.com\/wp-content\/uploads\/2024\/07\/IMG_4533-2048x1151.jpg 2048w, https:\/\/www.yeryuzundebirkacadim.com\/wp-content\/uploads\/2024\/07\/IMG_4533-768x432.jpg 768w, https:\/\/www.yeryuzundebirkacadim.com\/wp-content\/uploads\/2024\/07\/IMG_4533-1536x864.jpg 1536w, https:\/\/www.yeryuzundebirkacadim.com\/wp-content\/uploads\/2024\/07\/IMG_4533-816x459.jpg 816w\" sizes=\"auto, (max-width: 1024px) 100vw, 1024px\" \/><\/p>\n<p>Nehrin di\u011fer taraf\u0131na yani eski \u015fehir taraf\u0131na ge\u00e7iyoruz.<\/p>\n<p><strong>3. Marko-Feingold K\u00f6pr\u00fcs\u00fc<\/strong><\/p>\n<p>Salzach Nehri \u00fczerinde 1905&#8217;te yayalar ve bisiklet\u00e7iler i\u00e7in in\u015fa edilmi\u015f bu g\u00fczel k\u00f6pr\u00fc 2001&#8217;de restorasyon g\u00f6rm\u00fc\u015f. Di\u011fer ad\u0131 &#8220;A\u015fk Kilidi K\u00f6pr\u00fcs\u00fc&#8221;d\u00fcr ve \u00fczerinde say\u0131s\u0131z kilit vard\u0131r.<\/p>\n<p><img loading=\"lazy\" decoding=\"async\" class=\"size-medium wp-image-6566\" src=\"https:\/\/www.yeryuzundebirkacadim.com\/wp-content\/uploads\/2024\/07\/IMG_4535-1024x576.jpg\" alt=\"\" width=\"1024\" height=\"576\" srcset=\"https:\/\/www.yeryuzundebirkacadim.com\/wp-content\/uploads\/2024\/07\/IMG_4535-1024x576.jpg 1024w, https:\/\/www.yeryuzundebirkacadim.com\/wp-content\/uploads\/2024\/07\/IMG_4535-2048x1152.jpg 2048w, https:\/\/www.yeryuzundebirkacadim.com\/wp-content\/uploads\/2024\/07\/IMG_4535-768x432.jpg 768w, https:\/\/www.yeryuzundebirkacadim.com\/wp-content\/uploads\/2024\/07\/IMG_4535-1536x864.jpg 1536w, https:\/\/www.yeryuzundebirkacadim.com\/wp-content\/uploads\/2024\/07\/IMG_4535-816x459.jpg 816w\" sizes=\"auto, (max-width: 1024px) 100vw, 1024px\" \/><\/p>\n<p>K\u00f6pr\u00fcden \u015fehir manzaras\u0131.<\/p>\n<p><img loading=\"lazy\" decoding=\"async\" class=\"size-medium wp-image-6567\" src=\"https:\/\/www.yeryuzundebirkacadim.com\/wp-content\/uploads\/2024\/07\/IMG_4537-1024x576.jpg\" alt=\"\" width=\"1024\" height=\"576\" srcset=\"https:\/\/www.yeryuzundebirkacadim.com\/wp-content\/uploads\/2024\/07\/IMG_4537-1024x576.jpg 1024w, https:\/\/www.yeryuzundebirkacadim.com\/wp-content\/uploads\/2024\/07\/IMG_4537-2048x1152.jpg 2048w, https:\/\/www.yeryuzundebirkacadim.com\/wp-content\/uploads\/2024\/07\/IMG_4537-768x432.jpg 768w, https:\/\/www.yeryuzundebirkacadim.com\/wp-content\/uploads\/2024\/07\/IMG_4537-1536x864.jpg 1536w, https:\/\/www.yeryuzundebirkacadim.com\/wp-content\/uploads\/2024\/07\/IMG_4537-816x459.jpg 816w\" sizes=\"auto, (max-width: 1024px) 100vw, 1024px\" \/><\/p>\n<p><strong>4. Getreidegasse Soka\u011f\u0131 (Tah\u0131l Yolu Sokak)<\/strong><\/p>\n<p>Salzburg&#8217;un dar, sevimli ve en hareketli caddelerindendir. Etrafta bir\u00e7ok heyecanl\u0131, hareketli turist vard\u0131.<\/p>\n<p><img loading=\"lazy\" decoding=\"async\" class=\"size-medium wp-image-6575\" src=\"https:\/\/www.yeryuzundebirkacadim.com\/wp-content\/uploads\/2024\/07\/IMG_4550-1024x576.jpg\" alt=\"\" width=\"1024\" height=\"576\" srcset=\"https:\/\/www.yeryuzundebirkacadim.com\/wp-content\/uploads\/2024\/07\/IMG_4550-1024x576.jpg 1024w, https:\/\/www.yeryuzundebirkacadim.com\/wp-content\/uploads\/2024\/07\/IMG_4550-2048x1152.jpg 2048w, https:\/\/www.yeryuzundebirkacadim.com\/wp-content\/uploads\/2024\/07\/IMG_4550-768x432.jpg 768w, https:\/\/www.yeryuzundebirkacadim.com\/wp-content\/uploads\/2024\/07\/IMG_4550-1536x864.jpg 1536w, https:\/\/www.yeryuzundebirkacadim.com\/wp-content\/uploads\/2024\/07\/IMG_4550-816x459.jpg 816w\" sizes=\"auto, (max-width: 1024px) 100vw, 1024px\" \/><\/p>\n<p>Cadde \u00fczerinde Cafe Mozart ve Mozart&#8217;\u0131n do\u011fdu\u011fu ev bulunuyor.<\/p>\n<p><strong>5. Cafe Mozart<\/strong><\/p>\n<p><img loading=\"lazy\" decoding=\"async\" class=\"size-medium wp-image-6576\" style=\"font-size: 16px;\" src=\"https:\/\/www.yeryuzundebirkacadim.com\/wp-content\/uploads\/2024\/07\/IMG_4553-1024x576.jpg\" alt=\"\" width=\"1024\" height=\"576\" srcset=\"https:\/\/www.yeryuzundebirkacadim.com\/wp-content\/uploads\/2024\/07\/IMG_4553-1024x576.jpg 1024w, https:\/\/www.yeryuzundebirkacadim.com\/wp-content\/uploads\/2024\/07\/IMG_4553-2048x1151.jpg 2048w, https:\/\/www.yeryuzundebirkacadim.com\/wp-content\/uploads\/2024\/07\/IMG_4553-768x432.jpg 768w, https:\/\/www.yeryuzundebirkacadim.com\/wp-content\/uploads\/2024\/07\/IMG_4553-1536x864.jpg 1536w, https:\/\/www.yeryuzundebirkacadim.com\/wp-content\/uploads\/2024\/07\/IMG_4553-816x459.jpg 816w\" sizes=\"auto, (max-width: 1024px) 100vw, 1024px\" \/><\/p>\n<p>\u015eehrin en eski kafelerindendir ve d\u00f6nem d\u00f6nem sanat\u00e7\u0131lar\u0131n pop\u00fcler toplanma noktas\u0131 olmu\u015ftur.<\/p>\n<p>Kafenin tabelas\u0131nda Salzburg&#8217;un \u00fcnl\u00fc y\u00f6resel tatlar\u0131ndan <strong>Salzburger Nockerl<\/strong>&#8216;\u0131n (vanilyal\u0131 sufle) foto\u011fraf\u0131 bulunuyor. Efsaneye g\u00f6re bu yemek, 17. y\u00fczy\u0131l\u0131n ba\u015flar\u0131nda Prens-Ba\u015fpiskopos Wolf Dietrich Raitenau&#8217;nun metresi Salome Alt (kendisi ve \u00e7ocuklar\u0131 i\u00e7in Mirabell saray\u0131n\u0131n yap\u0131ld\u0131\u011f\u0131 kad\u0131n) taraf\u0131ndan icat edilmi\u015ftir. Suflenin tepelerinin Salzburg&#8217;u \u00e7evreleyen yama\u00e7lar\u0131 temsil etti\u011fi d\u00fc\u015f\u00fcn\u00fcl\u00fcyor. Pudra \u015fekeri serpilerek yenmesi de karla kapl\u0131 zirvelere benzetiliyor.<\/p>\n<p><strong>6. Mozart&#8217;\u0131n Do\u011fdu\u011fu Yer M\u00fczesi<\/strong><\/p>\n<p><img loading=\"lazy\" decoding=\"async\" class=\"size-medium wp-image-6577\" src=\"https:\/\/www.yeryuzundebirkacadim.com\/wp-content\/uploads\/2024\/07\/IMG_4559-576x1024.jpg\" alt=\"\" width=\"576\" height=\"1024\" srcset=\"https:\/\/www.yeryuzundebirkacadim.com\/wp-content\/uploads\/2024\/07\/IMG_4559-576x1024.jpg 576w, https:\/\/www.yeryuzundebirkacadim.com\/wp-content\/uploads\/2024\/07\/IMG_4559-1152x2048.jpg 1152w, https:\/\/www.yeryuzundebirkacadim.com\/wp-content\/uploads\/2024\/07\/IMG_4559-768x1366.jpg 768w, https:\/\/www.yeryuzundebirkacadim.com\/wp-content\/uploads\/2024\/07\/IMG_4559-864x1536.jpg 864w, https:\/\/www.yeryuzundebirkacadim.com\/wp-content\/uploads\/2024\/07\/IMG_4559-562x999.jpg 562w, https:\/\/www.yeryuzundebirkacadim.com\/wp-content\/uploads\/2024\/07\/IMG_4559.jpg 1338w\" sizes=\"auto, (max-width: 576px) 100vw, 576px\" \/><\/p>\n<p>M\u00fcze; 1756 y\u0131l\u0131nda bu binada do\u011fan Wolfgang Amadeus Mozart&#8217;\u0131n miras\u0131n\u0131 ve eserlerini korumaya adanm\u0131\u015ft\u0131r. M\u00fczede sanat\u00e7\u0131n\u0131n el yazmalar\u0131, enstr\u00fcmanlar\u0131 ve di\u011fer ki\u015fisel e\u015fyalar\u0131 sergilenmektedir.<\/p>\n<p><strong>7. Eski Pazar Meydan\u0131 (Alter Markt)<\/strong><\/p>\n<p>Meydan\u0131n ortas\u0131nda Aziz Florian (\u0130tfayecilerin koruyucusu) heykeli bulunuyor.<\/p>\n<p><img loading=\"lazy\" decoding=\"async\" class=\"size-medium wp-image-6578\" src=\"https:\/\/www.yeryuzundebirkacadim.com\/wp-content\/uploads\/2024\/07\/IMG_4567-1024x576.jpg\" alt=\"\" width=\"1024\" height=\"576\" srcset=\"https:\/\/www.yeryuzundebirkacadim.com\/wp-content\/uploads\/2024\/07\/IMG_4567-1024x576.jpg 1024w, https:\/\/www.yeryuzundebirkacadim.com\/wp-content\/uploads\/2024\/07\/IMG_4567-2048x1151.jpg 2048w, https:\/\/www.yeryuzundebirkacadim.com\/wp-content\/uploads\/2024\/07\/IMG_4567-768x432.jpg 768w, https:\/\/www.yeryuzundebirkacadim.com\/wp-content\/uploads\/2024\/07\/IMG_4567-1536x864.jpg 1536w, https:\/\/www.yeryuzundebirkacadim.com\/wp-content\/uploads\/2024\/07\/IMG_4567-816x459.jpg 816w\" sizes=\"auto, (max-width: 1024px) 100vw, 1024px\" \/><\/p>\n<p><strong>Tomaselli Cafe<\/strong>; Mozart\u2019\u0131n ve sanat\u00e7\u0131lar\u0131n s\u0131k gitti\u011fi \u00e7ok eski ve \u015firin bir cafe. Buray\u0131 ak\u015fam i\u00e7in g\u00f6z\u00fcm\u00fcze kestirmi\u015ftik. Ancak 19 gibi kapan\u0131yor.<\/p>\n<p><img loading=\"lazy\" decoding=\"async\" class=\"size-medium wp-image-6579\" src=\"https:\/\/www.yeryuzundebirkacadim.com\/wp-content\/uploads\/2024\/07\/IMG_4568-1024x576.jpg\" alt=\"\" width=\"1024\" height=\"576\" srcset=\"https:\/\/www.yeryuzundebirkacadim.com\/wp-content\/uploads\/2024\/07\/IMG_4568-1024x576.jpg 1024w, https:\/\/www.yeryuzundebirkacadim.com\/wp-content\/uploads\/2024\/07\/IMG_4568-2048x1152.jpg 2048w, https:\/\/www.yeryuzundebirkacadim.com\/wp-content\/uploads\/2024\/07\/IMG_4568-768x432.jpg 768w, https:\/\/www.yeryuzundebirkacadim.com\/wp-content\/uploads\/2024\/07\/IMG_4568-1536x864.jpg 1536w, https:\/\/www.yeryuzundebirkacadim.com\/wp-content\/uploads\/2024\/07\/IMG_4568-816x459.jpg 816w\" sizes=\"auto, (max-width: 1024px) 100vw, 1024px\" \/><\/p>\n<p>Avusturya&#8217;n\u0131n me\u015fhur Mozartkugeln (Mozart toplar\u0131) \u00e7ikolatalar\u0131.<\/p>\n<p><img loading=\"lazy\" decoding=\"async\" class=\"size-medium wp-image-6580\" src=\"https:\/\/www.yeryuzundebirkacadim.com\/wp-content\/uploads\/2024\/07\/IMG_4571-1024x576.jpg\" alt=\"\" width=\"1024\" height=\"576\" srcset=\"https:\/\/www.yeryuzundebirkacadim.com\/wp-content\/uploads\/2024\/07\/IMG_4571-1024x576.jpg 1024w, https:\/\/www.yeryuzundebirkacadim.com\/wp-content\/uploads\/2024\/07\/IMG_4571-2048x1151.jpg 2048w, https:\/\/www.yeryuzundebirkacadim.com\/wp-content\/uploads\/2024\/07\/IMG_4571-768x432.jpg 768w, https:\/\/www.yeryuzundebirkacadim.com\/wp-content\/uploads\/2024\/07\/IMG_4571-1536x864.jpg 1536w, https:\/\/www.yeryuzundebirkacadim.com\/wp-content\/uploads\/2024\/07\/IMG_4571-816x459.jpg 816w\" sizes=\"auto, (max-width: 1024px) 100vw, 1024px\" \/><\/p>\n<p><strong>8. Mozart Meydan\u0131<\/strong><\/p>\n<p>\u00dcnl\u00fc besteci Mozart (1756-1791) bu \u015fehirde do\u011fmu\u015f ve hayat\u0131n\u0131n g\u00fczel d\u00f6nemlerini Salzburg&#8217;da ge\u00e7irmi\u015f. \u015eehre de\u011fer katm\u0131\u015f. Do\u011fal olarak ad\u0131na bir meydan bulunuyor. Meydandaki mevcut heykeli 1842 y\u0131l\u0131nda dikilmi\u015f.<\/p>\n<p><img loading=\"lazy\" decoding=\"async\" class=\"alignnone size-medium wp-image-6583\" src=\"https:\/\/www.yeryuzundebirkacadim.com\/wp-content\/uploads\/2024\/07\/IMG_20240617_170359-1024x577.jpg\" alt=\"\" width=\"1024\" height=\"577\" srcset=\"https:\/\/www.yeryuzundebirkacadim.com\/wp-content\/uploads\/2024\/07\/IMG_20240617_170359-1024x577.jpg 1024w, https:\/\/www.yeryuzundebirkacadim.com\/wp-content\/uploads\/2024\/07\/IMG_20240617_170359-2048x1153.jpg 2048w, https:\/\/www.yeryuzundebirkacadim.com\/wp-content\/uploads\/2024\/07\/IMG_20240617_170359-768x433.jpg 768w, https:\/\/www.yeryuzundebirkacadim.com\/wp-content\/uploads\/2024\/07\/IMG_20240617_170359-1536x865.jpg 1536w, https:\/\/www.yeryuzundebirkacadim.com\/wp-content\/uploads\/2024\/07\/IMG_20240617_170359-816x460.jpg 816w\" sizes=\"auto, (max-width: 1024px) 100vw, 1024px\" \/><\/p>\n<p>\u00c7evrede bak\u0131m \u00e7al\u0131\u015fmalar\u0131 vard\u0131.<\/p>\n<p><strong>9. DomQuartier<\/strong><\/p>\n<p>DomQuartier; Salzburg Prens-Ba\u015fpiskoposlar\u0131n\u0131n siyasi ve dini g\u00fcc\u00fcn\u00fcn tarihi merkezini olu\u015fturur.<\/p>\n<p>Residenz, Salzburg Katedrali ve St. Peter Manast\u0131r\u0131&#8217;ndan olu\u015fan m\u00fcze kompleksi, Salzburg UNESCO D\u00fcnya Miras\u0131 Alan\u0131&#8217;n\u0131n Barok kalbidir.<\/p>\n<p><strong>10. Residenz Meydan\u0131<\/strong><\/p>\n<p>DomQuartier&#8217;deki tarihi yap\u0131lar bu meydan\u0131n etraf\u0131nda bulunuyor.<\/p>\n<p><img loading=\"lazy\" decoding=\"async\" class=\"size-medium wp-image-6584\" src=\"https:\/\/www.yeryuzundebirkacadim.com\/wp-content\/uploads\/2024\/07\/IMG_4582-1024x576.jpg\" alt=\"\" width=\"1024\" height=\"576\" srcset=\"https:\/\/www.yeryuzundebirkacadim.com\/wp-content\/uploads\/2024\/07\/IMG_4582-1024x576.jpg 1024w, https:\/\/www.yeryuzundebirkacadim.com\/wp-content\/uploads\/2024\/07\/IMG_4582-2048x1152.jpg 2048w, https:\/\/www.yeryuzundebirkacadim.com\/wp-content\/uploads\/2024\/07\/IMG_4582-768x432.jpg 768w, https:\/\/www.yeryuzundebirkacadim.com\/wp-content\/uploads\/2024\/07\/IMG_4582-1536x864.jpg 1536w, https:\/\/www.yeryuzundebirkacadim.com\/wp-content\/uploads\/2024\/07\/IMG_4582-816x459.jpg 816w\" sizes=\"auto, (max-width: 1024px) 100vw, 1024px\" \/><\/p>\n<p>Prens-Ba\u015fpiskopos Wolf Dietrich von Raitenau d\u00f6neminde in\u015fa edilen 5 meydandan biri olan Residenz Meydan\u0131, ortas\u0131ndaki Barok \u00e7e\u015fmesiyle \u015fehrin en en b\u00fcy\u00fck ve en g\u00fczel meydand\u0131r. Meydan, \u0130talyan mimar Vincenzo Scamozzi&#8217;nin planlar\u0131na uygun olarak in\u015fa edilmi\u015ftir.<\/p>\n<p>M\u00fczi\u011fin Sesi filmine set olmu\u015f b\u00f6lgelerdendir.<\/p>\n<p>Meydan, bat\u0131da Eski Rezidenz, do\u011fuda s\u00fcsl\u00fc \u00e7an kulesine sahip Yeni Rezidenz, g\u00fcneyde katedral, kuzeyde tarihi \u015fehir evleri ile \u00e7evreleniyor. Aziz Petrus Manast\u0131r\u0131\u2019na ait olan Aziz Micheal Kilisesi de bunun biti\u015fi\u011findedir.<\/p>\n<p>Meydanda y\u0131l boyunca bir\u00e7ok etkinlik, festival ve konser d\u00fczenlenmektedir.<\/p>\n<p><strong>11. Salzburg Katedrali<\/strong><\/p>\n<div class=\"wysiwyg lead\">\n<p>Katedral, \u015fehirdeki \u00e7ok say\u0131da kilise aras\u0131nda Salzburg&#8217;un en \u00f6nemli kutsal binas\u0131d\u0131r. Muazzam kubbesi ve iki kulesiyle, \u015fehrin sil\u00fcetinde kendine \u00f6zg\u00fc etkileyici bir iz b\u0131rak\u0131r.<\/p>\n<\/div>\n<p>774 y\u0131l\u0131nda bir Roma kasabas\u0131n\u0131n kal\u0131nt\u0131lar\u0131 \u00fczerine kurulan kilise 17. y\u00fczy\u0131lda, Barok tarzda bug\u00fcnk\u00fc g\u00f6r\u00fcn\u00fcm\u00fcyle yeniden in\u015fa edilmi\u015f.<\/p>\n<p>Salzburg Roma Katolik Ba\u015fpiskoposlu\u011funun ana kilisesidir ve \u015fehrin en \u00f6nemli simge yap\u0131lar\u0131ndan biridir.<\/p>\n<p>Salzburg Katedrali besteci Mozart\u2019\u0131n vaftiz edildi\u011fi kilisedir.<\/p>\n<p><img loading=\"lazy\" decoding=\"async\" class=\"size-medium wp-image-6587\" src=\"https:\/\/www.yeryuzundebirkacadim.com\/wp-content\/uploads\/2024\/07\/IMG_4627-1024x576.jpg\" alt=\"\" width=\"1024\" height=\"576\" srcset=\"https:\/\/www.yeryuzundebirkacadim.com\/wp-content\/uploads\/2024\/07\/IMG_4627-1024x576.jpg 1024w, https:\/\/www.yeryuzundebirkacadim.com\/wp-content\/uploads\/2024\/07\/IMG_4627-2048x1152.jpg 2048w, https:\/\/www.yeryuzundebirkacadim.com\/wp-content\/uploads\/2024\/07\/IMG_4627-768x432.jpg 768w, https:\/\/www.yeryuzundebirkacadim.com\/wp-content\/uploads\/2024\/07\/IMG_4627-1536x864.jpg 1536w, https:\/\/www.yeryuzundebirkacadim.com\/wp-content\/uploads\/2024\/07\/IMG_4627-816x459.jpg 816w\" sizes=\"auto, (max-width: 1024px) 100vw, 1024px\" \/><\/p>\n<p>Buran\u0131n akusti\u011fi \u00e7ok iyidir ve bir \u00fccret kar\u015f\u0131l\u0131\u011f\u0131nda \u00f6\u011flen org konserine kat\u0131l\u0131nabilir. \u00c7ok \u015fansl\u0131y\u0131z ki org konserine denk geldik. \u00c7ok etkileyici idi.<\/p>\n<p><img loading=\"lazy\" decoding=\"async\" class=\"size-medium wp-image-6585\" src=\"https:\/\/www.yeryuzundebirkacadim.com\/wp-content\/uploads\/2024\/07\/IMG_4596-1024x576.jpg\" alt=\"\" width=\"1024\" height=\"576\" srcset=\"https:\/\/www.yeryuzundebirkacadim.com\/wp-content\/uploads\/2024\/07\/IMG_4596-1024x576.jpg 1024w, https:\/\/www.yeryuzundebirkacadim.com\/wp-content\/uploads\/2024\/07\/IMG_4596-2048x1152.jpg 2048w, https:\/\/www.yeryuzundebirkacadim.com\/wp-content\/uploads\/2024\/07\/IMG_4596-768x432.jpg 768w, https:\/\/www.yeryuzundebirkacadim.com\/wp-content\/uploads\/2024\/07\/IMG_4596-1536x864.jpg 1536w, https:\/\/www.yeryuzundebirkacadim.com\/wp-content\/uploads\/2024\/07\/IMG_4596-816x459.jpg 816w\" sizes=\"auto, (max-width: 1024px) 100vw, 1024px\" \/><\/p>\n<p><img loading=\"lazy\" decoding=\"async\" class=\"size-medium wp-image-6588\" src=\"https:\/\/www.yeryuzundebirkacadim.com\/wp-content\/uploads\/2024\/07\/IMG_4624-1024x576.jpg\" alt=\"\" width=\"1024\" height=\"576\" srcset=\"https:\/\/www.yeryuzundebirkacadim.com\/wp-content\/uploads\/2024\/07\/IMG_4624-1024x576.jpg 1024w, https:\/\/www.yeryuzundebirkacadim.com\/wp-content\/uploads\/2024\/07\/IMG_4624-2048x1151.jpg 2048w, https:\/\/www.yeryuzundebirkacadim.com\/wp-content\/uploads\/2024\/07\/IMG_4624-768x432.jpg 768w, https:\/\/www.yeryuzundebirkacadim.com\/wp-content\/uploads\/2024\/07\/IMG_4624-1536x864.jpg 1536w, https:\/\/www.yeryuzundebirkacadim.com\/wp-content\/uploads\/2024\/07\/IMG_4624-816x459.jpg 816w\" sizes=\"auto, (max-width: 1024px) 100vw, 1024px\" \/><\/p>\n<p><img loading=\"lazy\" decoding=\"async\" class=\"size-medium wp-image-6586\" src=\"https:\/\/www.yeryuzundebirkacadim.com\/wp-content\/uploads\/2024\/07\/IMG_4603-1024x576.jpg\" alt=\"\" width=\"1024\" height=\"576\" srcset=\"https:\/\/www.yeryuzundebirkacadim.com\/wp-content\/uploads\/2024\/07\/IMG_4603-1024x576.jpg 1024w, https:\/\/www.yeryuzundebirkacadim.com\/wp-content\/uploads\/2024\/07\/IMG_4603-2048x1152.jpg 2048w, https:\/\/www.yeryuzundebirkacadim.com\/wp-content\/uploads\/2024\/07\/IMG_4603-768x432.jpg 768w, https:\/\/www.yeryuzundebirkacadim.com\/wp-content\/uploads\/2024\/07\/IMG_4603-1536x864.jpg 1536w, https:\/\/www.yeryuzundebirkacadim.com\/wp-content\/uploads\/2024\/07\/IMG_4603-816x459.jpg 816w\" sizes=\"auto, (max-width: 1024px) 100vw, 1024px\" \/><\/p>\n<p><strong>12. Aziz Peter Manast\u0131r\u0131<\/strong><\/p>\n<p>696 y\u0131l\u0131nda kurulmu\u015f olan Avusturya&#8217;n\u0131n en eski manast\u0131rlar\u0131ndan biridir. Zengin tarihi ve k\u00fclt\u00fcrel \u00f6nemi ile 1300 y\u0131l\u0131 a\u015fk\u0131n s\u00fcredir Salzburg&#8217;un manevi ve k\u00fclt\u00fcrel ya\u015fam\u0131nda \u00f6nemli bir rol oynam\u0131\u015ft\u0131r.<\/p>\n<p>Manast\u0131r; dua ve \u00e7al\u0131\u015fma hayat\u0131n\u0131 vurgulayan manast\u0131r ya\u015fam\u0131na dair bir dizi kural olan Aziz Benedict Kurallar\u0131n\u0131 izleyen Benediktin rahiplerinden olu\u015fan bir toplulu\u011fa ev sahipli\u011fi yapmaktad\u0131r.<\/p>\n<p>Manast\u0131r Kilisesi 1147&#8217;de Aziz Peter&#8217;e ithaf edilmi\u015f. \u0130\u00e7inde, \u00e7arp\u0131c\u0131 freskleri, vitray pencereleri ve di\u011fer s\u00fcslemeleriyle tan\u0131nan, g\u00fczel Gotik bir \u015fapel olan <strong>Mariazeller \u015eapeli<\/strong> bulunuyor.<\/p>\n<p><img loading=\"lazy\" decoding=\"async\" class=\"alignnone size-medium wp-image-6589\" src=\"https:\/\/www.yeryuzundebirkacadim.com\/wp-content\/uploads\/2024\/07\/IMG_20240617_143736-577x1024.jpg\" alt=\"\" width=\"577\" height=\"1024\" srcset=\"https:\/\/www.yeryuzundebirkacadim.com\/wp-content\/uploads\/2024\/07\/IMG_20240617_143736-577x1024.jpg 577w, https:\/\/www.yeryuzundebirkacadim.com\/wp-content\/uploads\/2024\/07\/IMG_20240617_143736-1153x2048.jpg 1153w, https:\/\/www.yeryuzundebirkacadim.com\/wp-content\/uploads\/2024\/07\/IMG_20240617_143736-768x1364.jpg 768w, https:\/\/www.yeryuzundebirkacadim.com\/wp-content\/uploads\/2024\/07\/IMG_20240617_143736-865x1536.jpg 865w, https:\/\/www.yeryuzundebirkacadim.com\/wp-content\/uploads\/2024\/07\/IMG_20240617_143736-563x999.jpg 563w, https:\/\/www.yeryuzundebirkacadim.com\/wp-content\/uploads\/2024\/07\/IMG_20240617_143736.jpg 1329w\" sizes=\"auto, (max-width: 577px) 100vw, 577px\" \/><\/p>\n<p><strong>Aziz Peter Mezarl\u0131\u011f\u0131 ve Margaret \u015eapeli<\/strong><\/p>\n<p>12. y\u00fczy\u0131lda in\u015fa edilen mezarl\u0131k pitoresk g\u00f6r\u00fcn\u00fcm\u00fc ve soylular\u0131n Barok mezarlar\u0131n\u0131n bulundu\u011fu yer olarak bilinir.<\/p>\n<p><img loading=\"lazy\" decoding=\"async\" class=\"size-medium wp-image-6591\" src=\"https:\/\/www.yeryuzundebirkacadim.com\/wp-content\/uploads\/2024\/07\/IMG_4698-1024x575.jpg\" alt=\"\" width=\"1024\" height=\"575\" srcset=\"https:\/\/www.yeryuzundebirkacadim.com\/wp-content\/uploads\/2024\/07\/IMG_4698-1024x575.jpg 1024w, https:\/\/www.yeryuzundebirkacadim.com\/wp-content\/uploads\/2024\/07\/IMG_4698-2048x1151.jpg 2048w, https:\/\/www.yeryuzundebirkacadim.com\/wp-content\/uploads\/2024\/07\/IMG_4698-768x432.jpg 768w, https:\/\/www.yeryuzundebirkacadim.com\/wp-content\/uploads\/2024\/07\/IMG_4698-1536x863.jpg 1536w, https:\/\/www.yeryuzundebirkacadim.com\/wp-content\/uploads\/2024\/07\/IMG_4698-816x459.jpg 816w\" sizes=\"auto, (max-width: 1024px) 100vw, 1024px\" \/><\/p>\n<p>Aziz Peter Mezarl\u0131\u011f\u0131&#8217;n\u0131n ortas\u0131nda yer alan Margaret \u015eapeli bug\u00fcn bir mezar \u015fapeli olarak hizmet veriyor.<\/p>\n<p><img loading=\"lazy\" decoding=\"async\" class=\"alignnone size-medium wp-image-6592\" style=\"font-size: 16px;\" src=\"https:\/\/www.yeryuzundebirkacadim.com\/wp-content\/uploads\/2024\/07\/IMG_20240617_144024-577x1024.jpg\" alt=\"\" width=\"577\" height=\"1024\" srcset=\"https:\/\/www.yeryuzundebirkacadim.com\/wp-content\/uploads\/2024\/07\/IMG_20240617_144024-577x1024.jpg 577w, https:\/\/www.yeryuzundebirkacadim.com\/wp-content\/uploads\/2024\/07\/IMG_20240617_144024-1154x2048.jpg 1154w, https:\/\/www.yeryuzundebirkacadim.com\/wp-content\/uploads\/2024\/07\/IMG_20240617_144024-768x1363.jpg 768w, https:\/\/www.yeryuzundebirkacadim.com\/wp-content\/uploads\/2024\/07\/IMG_20240617_144024-866x1536.jpg 866w, https:\/\/www.yeryuzundebirkacadim.com\/wp-content\/uploads\/2024\/07\/IMG_20240617_144024-563x999.jpg 563w, https:\/\/www.yeryuzundebirkacadim.com\/wp-content\/uploads\/2024\/07\/IMG_20240617_144024.jpg 1255w\" sizes=\"auto, (max-width: 577px) 100vw, 577px\" \/><\/p>\n<p><strong>13. Kapitel Meydan\u0131<\/strong><\/p>\n<p>Salzburg Katedrali&#8217;nin yan\u0131nda yer alan meydan.<\/p>\n<p><img loading=\"lazy\" decoding=\"async\" class=\"size-medium wp-image-6593\" src=\"https:\/\/www.yeryuzundebirkacadim.com\/wp-content\/uploads\/2024\/07\/IMG_4646-1024x576.jpg\" alt=\"\" width=\"1024\" height=\"576\" srcset=\"https:\/\/www.yeryuzundebirkacadim.com\/wp-content\/uploads\/2024\/07\/IMG_4646-1024x576.jpg 1024w, https:\/\/www.yeryuzundebirkacadim.com\/wp-content\/uploads\/2024\/07\/IMG_4646-2048x1151.jpg 2048w, https:\/\/www.yeryuzundebirkacadim.com\/wp-content\/uploads\/2024\/07\/IMG_4646-768x432.jpg 768w, https:\/\/www.yeryuzundebirkacadim.com\/wp-content\/uploads\/2024\/07\/IMG_4646-1536x864.jpg 1536w, https:\/\/www.yeryuzundebirkacadim.com\/wp-content\/uploads\/2024\/07\/IMG_4646-816x459.jpg 816w\" sizes=\"auto, (max-width: 1024px) 100vw, 1024px\" \/><\/p>\n<p>Meydanda bulunan yap\u0131lar:<\/p>\n<p>Meydanda yer alan \u00e7e\u015fmede deniz tanr\u0131s\u0131 Nept\u00fcn&#8217;\u00fcn, \u00fc\u00e7 \u00e7atall\u0131 asas\u0131 ile bir heykeli bulunuyor.<\/p>\n<p>Alt\u0131n K\u00fcre: Stephan Strahlhol taraf\u0131ndan yap\u0131lan, alt\u0131n rengi bir k\u00fcrenin \u00fczerinde, oldu\u011fundan daha b\u00fcy\u00fck bir adam heykeli var. Adam Hohensalzburg Kalesi&#8217;ne bak\u0131yor. Ayn\u0131 sanat\u00e7\u0131 Toscaninihof&#8217;ta bir kayan\u0131n y\u00fczeyindeki ni\u015fe ise ger\u00e7ek boyuttan daha k\u00fc\u00e7\u00fck bir kad\u0131n heykeli yapm\u0131\u015f. Sanat\u00e7\u0131 bilin\u00e7li olarak bundan daha fazlas\u0131n\u0131n olup olmad\u0131\u011f\u0131n\u0131 a\u00e7\u0131k b\u0131rak\u0131yor.<\/p>\n<p>Meydanda kaleye \u00e7\u0131kmak i\u00e7in kullan\u0131lan funik\u00fclerin dura\u011f\u0131 da bulunmakta.<\/p>\n<p><strong>14. Hohensalzburg Kalesi<\/strong><\/p>\n<p><img loading=\"lazy\" decoding=\"async\" class=\"size-medium wp-image-6598\" src=\"https:\/\/www.yeryuzundebirkacadim.com\/wp-content\/uploads\/2024\/07\/IMG_4650-1024x576.jpg\" alt=\"\" width=\"1024\" height=\"576\" srcset=\"https:\/\/www.yeryuzundebirkacadim.com\/wp-content\/uploads\/2024\/07\/IMG_4650-1024x576.jpg 1024w, https:\/\/www.yeryuzundebirkacadim.com\/wp-content\/uploads\/2024\/07\/IMG_4650-2048x1151.jpg 2048w, https:\/\/www.yeryuzundebirkacadim.com\/wp-content\/uploads\/2024\/07\/IMG_4650-768x432.jpg 768w, https:\/\/www.yeryuzundebirkacadim.com\/wp-content\/uploads\/2024\/07\/IMG_4650-1536x864.jpg 1536w, https:\/\/www.yeryuzundebirkacadim.com\/wp-content\/uploads\/2024\/07\/IMG_4650-816x459.jpg 816w\" sizes=\"auto, (max-width: 1024px) 100vw, 1024px\" \/><\/p>\n<p>Hohen: y\u00fcksek demek.<\/p>\n<p>Hohensalzburg Kalesi&#8217;ne ula\u015fman\u0131n birka\u00e7 yolu var.<\/p>\n<p>F\u00fcnik\u00fcler ile kaleye \u00e7\u0131k\u0131labilir.<\/p>\n<p>Ya da f\u00fcnik\u00fcler istasyonunun do\u011fusundaki yoldan yukar\u0131ya do\u011fru Arnavut kald\u0131r\u0131ml\u0131 dar bir yolla kaleye gidilebilir. Bu y\u00fcr\u00fcy\u00fc\u015f 8-10 dakika kadar s\u00fcrer.<\/p>\n<p>Kalenin balkonlar\u0131na giri\u015f \u00fccretsiz. Ancak kalenin i\u00e7ini ve m\u00fczeyi g\u00f6rmek i\u00e7in bilet almak gerekiyor.<\/p>\n<p>Kale; Bir tepenin \u00fczerinde yer alan Orta \u00e7a\u011f kalesidir ve \u015fehrin en tan\u0131nm\u0131\u015f simge yap\u0131lar\u0131ndan biridir.<\/p>\n<p>11. y\u00fczy\u0131lda in\u015fa edilen kale ayn\u0131 zamanda Avrupa&#8217;n\u0131n en iyi korunmu\u015f kalelerinden biridir. Gotik, R\u00f6nesans ve Barok gibi mimari tarzlar\u0131n g\u00fczel bir kar\u0131\u015f\u0131m\u0131n\u0131 bar\u0131nd\u0131r\u0131r. Kale; bir\u00e7ok m\u00fcze ve bina ile \u00e7evrili geni\u015f bir avluya sahiptir.<\/p>\n<p>Kaleye funik\u00fclerle \u00e7\u0131karken ve \u00e7\u0131kt\u0131ktan sonra \u015fehrin manzaras\u0131 harika.<\/p>\n<p><img loading=\"lazy\" decoding=\"async\" class=\"alignnone size-medium wp-image-6595\" src=\"https:\/\/www.yeryuzundebirkacadim.com\/wp-content\/uploads\/2024\/07\/IMG_20240617_133016-1024x576.jpg\" alt=\"\" width=\"1024\" height=\"576\" srcset=\"https:\/\/www.yeryuzundebirkacadim.com\/wp-content\/uploads\/2024\/07\/IMG_20240617_133016-1024x576.jpg 1024w, https:\/\/www.yeryuzundebirkacadim.com\/wp-content\/uploads\/2024\/07\/IMG_20240617_133016-2048x1153.jpg 2048w, https:\/\/www.yeryuzundebirkacadim.com\/wp-content\/uploads\/2024\/07\/IMG_20240617_133016-768x432.jpg 768w, https:\/\/www.yeryuzundebirkacadim.com\/wp-content\/uploads\/2024\/07\/IMG_20240617_133016-1536x865.jpg 1536w, https:\/\/www.yeryuzundebirkacadim.com\/wp-content\/uploads\/2024\/07\/IMG_20240617_133016-816x459.jpg 816w\" sizes=\"auto, (max-width: 1024px) 100vw, 1024px\" \/><\/p>\n<p>Kukla Tiyatrosu<\/p>\n<p><img loading=\"lazy\" decoding=\"async\" class=\"size-medium wp-image-6596\" src=\"https:\/\/www.yeryuzundebirkacadim.com\/wp-content\/uploads\/2024\/07\/IMG_4679-1024x576.jpg\" alt=\"\" width=\"1024\" height=\"576\" srcset=\"https:\/\/www.yeryuzundebirkacadim.com\/wp-content\/uploads\/2024\/07\/IMG_4679-1024x576.jpg 1024w, https:\/\/www.yeryuzundebirkacadim.com\/wp-content\/uploads\/2024\/07\/IMG_4679-2048x1152.jpg 2048w, https:\/\/www.yeryuzundebirkacadim.com\/wp-content\/uploads\/2024\/07\/IMG_4679-768x432.jpg 768w, https:\/\/www.yeryuzundebirkacadim.com\/wp-content\/uploads\/2024\/07\/IMG_4679-1536x864.jpg 1536w, https:\/\/www.yeryuzundebirkacadim.com\/wp-content\/uploads\/2024\/07\/IMG_4679-816x459.jpg 816w\" sizes=\"auto, (max-width: 1024px) 100vw, 1024px\" \/><\/p>\n<p>Kalenin avlusu<\/p>\n<p><img loading=\"lazy\" decoding=\"async\" class=\"size-medium wp-image-6597\" src=\"https:\/\/www.yeryuzundebirkacadim.com\/wp-content\/uploads\/2024\/07\/IMG_4680-1024x576.jpg\" alt=\"\" width=\"1024\" height=\"576\" srcset=\"https:\/\/www.yeryuzundebirkacadim.com\/wp-content\/uploads\/2024\/07\/IMG_4680-1024x576.jpg 1024w, https:\/\/www.yeryuzundebirkacadim.com\/wp-content\/uploads\/2024\/07\/IMG_4680-2048x1152.jpg 2048w, https:\/\/www.yeryuzundebirkacadim.com\/wp-content\/uploads\/2024\/07\/IMG_4680-768x432.jpg 768w, https:\/\/www.yeryuzundebirkacadim.com\/wp-content\/uploads\/2024\/07\/IMG_4680-1536x864.jpg 1536w, https:\/\/www.yeryuzundebirkacadim.com\/wp-content\/uploads\/2024\/07\/IMG_4680-816x459.jpg 816w\" sizes=\"auto, (max-width: 1024px) 100vw, 1024px\" \/><\/p>\n<p>Kalede soluklanaca\u011f\u0131n\u0131z, bir \u015feyler yiyip i\u00e7ece\u011finiz kafeler de var. Hem de panoramik \u015fehir manzaral\u0131.<\/p>\n<p><img loading=\"lazy\" decoding=\"async\" class=\"alignnone size-medium wp-image-6599\" src=\"https:\/\/www.yeryuzundebirkacadim.com\/wp-content\/uploads\/2024\/07\/IMG_20240617_142440-577x1024.jpg\" alt=\"\" width=\"577\" height=\"1024\" srcset=\"https:\/\/www.yeryuzundebirkacadim.com\/wp-content\/uploads\/2024\/07\/IMG_20240617_142440-577x1024.jpg 577w, https:\/\/www.yeryuzundebirkacadim.com\/wp-content\/uploads\/2024\/07\/IMG_20240617_142440-1153x2048.jpg 1153w, https:\/\/www.yeryuzundebirkacadim.com\/wp-content\/uploads\/2024\/07\/IMG_20240617_142440-768x1364.jpg 768w, https:\/\/www.yeryuzundebirkacadim.com\/wp-content\/uploads\/2024\/07\/IMG_20240617_142440-865x1536.jpg 865w, https:\/\/www.yeryuzundebirkacadim.com\/wp-content\/uploads\/2024\/07\/IMG_20240617_142440-563x999.jpg 563w, https:\/\/www.yeryuzundebirkacadim.com\/wp-content\/uploads\/2024\/07\/IMG_20240617_142440.jpg 1329w\" sizes=\"auto, (max-width: 577px) 100vw, 577px\" \/><\/p>\n<p><strong>15. Hellbrunn Saray\u0131<\/strong><\/p>\n<p>Hellbrunn Saray\u0131&#8217;na gitmek i\u00e7in \u015fehir merkezinden 25 numaral\u0131 otob\u00fcse biniliyor. 15 dakikada saraya ula\u015f\u0131l\u0131yor.<\/p>\n<p>Salzburg\u2019a 5-6 km mesafedeki saray 17. y\u00fczy\u0131l\u0131n ba\u015flar\u0131nda Salzburg&#8217;un Prens-ba\u015fpiskoposu Markus Sittikus\u2019un yazl\u0131k ikametg\u00e2h\u0131yd\u0131. Kendisi\u00a0 tuz ve alt\u0131n madeni sahibiydi. Gece burada kalmaz Salzburg\u2019a d\u00f6nerdi. O nedenle sarayda yatak odas\u0131 yok.<\/p>\n<p>Bah\u00e7e, Avrupa&#8217;daki \u00e7o\u011fu saray gibi g\u00fczellik ad\u0131na simetrik hale getirilmek yerine, i\u00e7inde bulundu\u011fu do\u011fal peyzaj etraf\u0131nda tasarlanm\u0131\u015f. Ma\u011faralar, \u00e7e\u015fmeler ve bir tiyatro i\u00e7eren keyif bah\u00e7eleriyle bilinir.<\/p>\n<p>Salzburg&#8217;da yap\u0131lacak en iyi \u015feylerden biri buray\u0131 ziyaret etmek.<\/p>\n<p>Giri\u015f \u00fccreti 15 euro.\u00a0Belirli periyodlarla \u00e7al\u0131\u015f\u0131yorlar. O nedenle giri\u015fte biraz beklenebiliyor. Ancak panik yok, i\u00e7eride her istasyonda istedi\u011finiz kadar kalabiliyorsunuz.<\/p>\n<p>Buras\u0131 da M\u00fczi\u011fin Sesi filmine set olmu\u015f yerlerden.<\/p>\n<p><strong>Kand\u0131ran (Sihirli) \u00c7e\u015fmeler<\/strong><\/p>\n<p>Saray\u0131n en \u00fcnl\u00fc \u00f6zelliklerinden biri, ziyaret\u00e7ileri \u015fa\u015f\u0131rtmak ve memnun etmek i\u00e7in tasarlanm\u0131\u015f bir dizi gizli su oyunlar\u0131d\u0131r.\u00a0Prens-ba\u015fpiskopos Markus Sittikus muzipti ve saray\u0131 daha \u00f6nce hi\u00e7 g\u00f6r\u00fclmemi\u015f bir \u015faka ve e\u011flence alan\u0131 olarak planlam\u0131\u015ft\u0131.\u00a0Konuklar\u0131na \u015fakalar yapmak i\u00e7in park\u0131n her yerinde gizli su jetleriyle donat\u0131lm\u0131\u015f Hileli \u00c7e\u015fmeler yaratt\u0131.<\/p>\n<p><strong>Roma tiyatrosu ve kraliyet masas\u0131<\/strong><\/p>\n<p>Birden yerdeki deliklerden sular geliyor ve \u0131slan\u0131yorsunuz. Sadece yerden mi? Masan\u0131n etraf\u0131ndaki ta\u015f sandalyelerinden de \ud83d\ude42<\/p>\n<p><img loading=\"lazy\" decoding=\"async\" class=\"size-medium wp-image-6600\" src=\"https:\/\/www.yeryuzundebirkacadim.com\/wp-content\/uploads\/2024\/07\/IMG_4709-1024x576.jpg\" alt=\"\" width=\"1024\" height=\"576\" srcset=\"https:\/\/www.yeryuzundebirkacadim.com\/wp-content\/uploads\/2024\/07\/IMG_4709-1024x576.jpg 1024w, https:\/\/www.yeryuzundebirkacadim.com\/wp-content\/uploads\/2024\/07\/IMG_4709-2048x1152.jpg 2048w, https:\/\/www.yeryuzundebirkacadim.com\/wp-content\/uploads\/2024\/07\/IMG_4709-768x432.jpg 768w, https:\/\/www.yeryuzundebirkacadim.com\/wp-content\/uploads\/2024\/07\/IMG_4709-1536x864.jpg 1536w, https:\/\/www.yeryuzundebirkacadim.com\/wp-content\/uploads\/2024\/07\/IMG_4709-816x459.jpg 816w\" sizes=\"auto, (max-width: 1024px) 100vw, 1024px\" \/><\/p>\n<p><img loading=\"lazy\" decoding=\"async\" class=\"alignnone size-medium wp-image-6601\" src=\"https:\/\/www.yeryuzundebirkacadim.com\/wp-content\/uploads\/2024\/07\/IMG_20240617_154711-1024x577.jpg\" alt=\"\" width=\"1024\" height=\"577\" srcset=\"https:\/\/www.yeryuzundebirkacadim.com\/wp-content\/uploads\/2024\/07\/IMG_20240617_154711-1024x577.jpg 1024w, https:\/\/www.yeryuzundebirkacadim.com\/wp-content\/uploads\/2024\/07\/IMG_20240617_154711-2048x1154.jpg 2048w, https:\/\/www.yeryuzundebirkacadim.com\/wp-content\/uploads\/2024\/07\/IMG_20240617_154711-768x433.jpg 768w, https:\/\/www.yeryuzundebirkacadim.com\/wp-content\/uploads\/2024\/07\/IMG_20240617_154711-1536x866.jpg 1536w, https:\/\/www.yeryuzundebirkacadim.com\/wp-content\/uploads\/2024\/07\/IMG_20240617_154711-816x460.jpg 816w\" sizes=\"auto, (max-width: 1024px) 100vw, 1024px\" \/><\/p>\n<p>Etrafta y\u00fczlerce su jeti ve su s\u0131\u00e7ratan \u00e7e\u015fme var. Sular\u0131n\u0131 f\u0131\u015fk\u0131rtmak, \u015fakalar\u0131n\u0131 yapmak i\u00e7in yakla\u015fman\u0131z\u0131 bekliyorlar.<\/p>\n<p><strong>Nept\u00fcn Ma\u011faras\u0131<\/strong><\/p>\n<p>Nept\u00fcn heykelinin alt\u0131nda hidrolik olarak \u00e7al\u0131\u015fan germaul (y\u00fcz buru\u015fturan); g\u00f6zlerini devirip, dilini \u00e7\u0131kar\u0131yor. Rivayete g\u00f6re Sittikus&#8217;un d\u00fc\u015fmanlar\u0131 ve k\u0131skananlar\u0131na g\u00f6nderme imi\u015f.<\/p>\n<p><img loading=\"lazy\" decoding=\"async\" class=\"size-medium wp-image-6604\" src=\"https:\/\/www.yeryuzundebirkacadim.com\/wp-content\/uploads\/2024\/07\/IMG_4741-576x1024.jpg\" alt=\"\" width=\"576\" height=\"1024\" srcset=\"https:\/\/www.yeryuzundebirkacadim.com\/wp-content\/uploads\/2024\/07\/IMG_4741-576x1024.jpg 576w, https:\/\/www.yeryuzundebirkacadim.com\/wp-content\/uploads\/2024\/07\/IMG_4741-1151x2048.jpg 1151w, https:\/\/www.yeryuzundebirkacadim.com\/wp-content\/uploads\/2024\/07\/IMG_4741-768x1366.jpg 768w, https:\/\/www.yeryuzundebirkacadim.com\/wp-content\/uploads\/2024\/07\/IMG_4741-863x1536.jpg 863w, https:\/\/www.yeryuzundebirkacadim.com\/wp-content\/uploads\/2024\/07\/IMG_4741-562x999.jpg 562w, https:\/\/www.yeryuzundebirkacadim.com\/wp-content\/uploads\/2024\/07\/IMG_4741.jpg 1236w\" sizes=\"auto, (max-width: 576px) 100vw, 576px\" \/><\/p>\n<p><strong>Ayna Ma\u011faras\u0131<\/strong><\/p>\n<p>D\u0131\u015f ve i\u00e7b\u00fckey aynalarla dolu bir ma\u011fara. Ki\u015fi kendini seyrediyor. Sittikus&#8217;un bir bildi\u011fi olmal\u0131.<\/p>\n<p><img loading=\"lazy\" decoding=\"async\" class=\"size-medium wp-image-6605\" src=\"https:\/\/www.yeryuzundebirkacadim.com\/wp-content\/uploads\/2024\/07\/IMG_4747-576x1024.jpg\" alt=\"\" width=\"576\" height=\"1024\" srcset=\"https:\/\/www.yeryuzundebirkacadim.com\/wp-content\/uploads\/2024\/07\/IMG_4747-576x1024.jpg 576w, https:\/\/www.yeryuzundebirkacadim.com\/wp-content\/uploads\/2024\/07\/IMG_4747-1152x2048.jpg 1152w, https:\/\/www.yeryuzundebirkacadim.com\/wp-content\/uploads\/2024\/07\/IMG_4747-768x1365.jpg 768w, https:\/\/www.yeryuzundebirkacadim.com\/wp-content\/uploads\/2024\/07\/IMG_4747-864x1536.jpg 864w, https:\/\/www.yeryuzundebirkacadim.com\/wp-content\/uploads\/2024\/07\/IMG_4747-562x999.jpg 562w, https:\/\/www.yeryuzundebirkacadim.com\/wp-content\/uploads\/2024\/07\/IMG_4747.jpg 1225w\" sizes=\"auto, (max-width: 576px) 100vw, 576px\" \/><\/p>\n<p><strong>Kabuk Ma\u011faras\u0131<\/strong><\/p>\n<p>Zengin renkli s\u0131valar, s\u00fcslemeler ve resimler ile etkisini ortaya koyuyor.<\/p>\n<p><img loading=\"lazy\" decoding=\"async\" class=\"alignnone size-medium wp-image-6606\" src=\"https:\/\/www.yeryuzundebirkacadim.com\/wp-content\/uploads\/2024\/07\/IMG_20240617_155941-1024x577.jpg\" alt=\"\" width=\"1024\" height=\"577\" srcset=\"https:\/\/www.yeryuzundebirkacadim.com\/wp-content\/uploads\/2024\/07\/IMG_20240617_155941-1024x577.jpg 1024w, https:\/\/www.yeryuzundebirkacadim.com\/wp-content\/uploads\/2024\/07\/IMG_20240617_155941-2048x1154.jpg 2048w, https:\/\/www.yeryuzundebirkacadim.com\/wp-content\/uploads\/2024\/07\/IMG_20240617_155941-768x433.jpg 768w, https:\/\/www.yeryuzundebirkacadim.com\/wp-content\/uploads\/2024\/07\/IMG_20240617_155941-1536x865.jpg 1536w, https:\/\/www.yeryuzundebirkacadim.com\/wp-content\/uploads\/2024\/07\/IMG_20240617_155941-816x460.jpg 816w\" sizes=\"auto, (max-width: 1024px) 100vw, 1024px\" \/><\/p>\n<p><strong>Harabeler Ma\u011faras\u0131 (Ruins Grotto)<\/strong><\/p>\n<p>\u00d6nceki foto\u011fraf\u0131n arka k\u0131sm\u0131nda harabeler ma\u011faras\u0131 g\u00f6r\u00fcl\u00fcyor. Y\u0131k\u0131m taklidi olan, ziyaret\u00e7ilerin y\u00f6n ve denge eksikli\u011fine neden olabilecek bir ortam yarat\u0131lm\u0131\u015f. \u00c7\u00fcr\u00fcmenin maniyerist (gizemli ve garip bir sanat ak\u0131m\u0131) bir sembol\u00fcd\u00fcr.<\/p>\n<p><strong>Y\u0131ld\u0131z G\u00f6leti<\/strong><\/p>\n<p>Arkas\u0131nda Altemps \u00c7e\u015fmesi ve \u00c7e\u015fme Ma\u011faras\u0131 bulunuyor.<\/p>\n<p><img loading=\"lazy\" decoding=\"async\" class=\"alignnone size-medium wp-image-6608\" src=\"https:\/\/www.yeryuzundebirkacadim.com\/wp-content\/uploads\/2024\/07\/IMG_20240617_155625-1024x576.jpg\" alt=\"\" width=\"1024\" height=\"576\" srcset=\"https:\/\/www.yeryuzundebirkacadim.com\/wp-content\/uploads\/2024\/07\/IMG_20240617_155625-1024x576.jpg 1024w, https:\/\/www.yeryuzundebirkacadim.com\/wp-content\/uploads\/2024\/07\/IMG_20240617_155625-2048x1153.jpg 2048w, https:\/\/www.yeryuzundebirkacadim.com\/wp-content\/uploads\/2024\/07\/IMG_20240617_155625-768x432.jpg 768w, https:\/\/www.yeryuzundebirkacadim.com\/wp-content\/uploads\/2024\/07\/IMG_20240617_155625-1536x865.jpg 1536w, https:\/\/www.yeryuzundebirkacadim.com\/wp-content\/uploads\/2024\/07\/IMG_20240617_155625-816x459.jpg 816w\" sizes=\"auto, (max-width: 1024px) 100vw, 1024px\" \/><\/p>\n<p>Her an Sittikus \u015fakalar\u0131 ile kar\u015f\u0131 kar\u015f\u0131yay\u0131z.<\/p>\n<p><img loading=\"lazy\" decoding=\"async\" class=\"alignnone size-medium wp-image-6610\" src=\"https:\/\/www.yeryuzundebirkacadim.com\/wp-content\/uploads\/2024\/07\/IMG_20240617_155920-1024x577.jpg\" alt=\"\" width=\"1024\" height=\"577\" srcset=\"https:\/\/www.yeryuzundebirkacadim.com\/wp-content\/uploads\/2024\/07\/IMG_20240617_155920-1024x577.jpg 1024w, https:\/\/www.yeryuzundebirkacadim.com\/wp-content\/uploads\/2024\/07\/IMG_20240617_155920-2048x1154.jpg 2048w, https:\/\/www.yeryuzundebirkacadim.com\/wp-content\/uploads\/2024\/07\/IMG_20240617_155920-768x433.jpg 768w, https:\/\/www.yeryuzundebirkacadim.com\/wp-content\/uploads\/2024\/07\/IMG_20240617_155920-1536x865.jpg 1536w, https:\/\/www.yeryuzundebirkacadim.com\/wp-content\/uploads\/2024\/07\/IMG_20240617_155920-816x460.jpg 816w\" sizes=\"auto, (max-width: 1024px) 100vw, 1024px\" \/><\/p>\n<p><strong>K\u00fc\u00e7\u00fck Mekanik Tiyatrolar<\/strong><\/p>\n<p>Y\u0131ld\u0131z G\u00f6leti&#8217;nden Prens yolu boyunca y\u00fcr\u00fcyoruz. Hidrolik olarak \u00e7al\u0131\u015fan 5 k\u00fc\u00e7\u00fck ma\u011faran\u0131n yan\u0131ndan ge\u00e7iyoruz. Bu b\u00fcy\u00fcleyici R\u00f6nesans su otomatlar\u0131 d\u00fcnya \u00e7ap\u0131nda benzersizdir.<\/p>\n<p>\u0130\u015f ba\u015f\u0131nda bir b\u0131\u00e7ak bileyici<\/p>\n<p><img loading=\"lazy\" decoding=\"async\" class=\"alignnone size-medium wp-image-6611\" src=\"https:\/\/www.yeryuzundebirkacadim.com\/wp-content\/uploads\/2024\/07\/IMG_20240617_160324-1024x562.jpg\" alt=\"\" width=\"1024\" height=\"562\" srcset=\"https:\/\/www.yeryuzundebirkacadim.com\/wp-content\/uploads\/2024\/07\/IMG_20240617_160324-1024x562.jpg 1024w, https:\/\/www.yeryuzundebirkacadim.com\/wp-content\/uploads\/2024\/07\/IMG_20240617_160324-2048x1123.jpg 2048w, https:\/\/www.yeryuzundebirkacadim.com\/wp-content\/uploads\/2024\/07\/IMG_20240617_160324-768x421.jpg 768w, https:\/\/www.yeryuzundebirkacadim.com\/wp-content\/uploads\/2024\/07\/IMG_20240617_160324-1536x842.jpg 1536w, https:\/\/www.yeryuzundebirkacadim.com\/wp-content\/uploads\/2024\/07\/IMG_20240617_160324-816x447.jpg 816w\" sizes=\"auto, (max-width: 1024px) 100vw, 1024px\" \/><\/p>\n<p><strong>Ven\u00fcs Ma\u011faras\u0131 ve \u00c7e\u015fmesi<\/strong><\/p>\n<p>K\u00fc\u00e7\u00fck mekanik tiyatrolar\u0131n kar\u015f\u0131s\u0131nda Ven\u00fcs bir ma\u011farada durmakta ve \u00e7e\u015fmesini g\u00f6zetlemektedir. Ayaklar\u0131n\u0131n dibinde canl\u0131 \u00e7i\u00e7ekler bulunuyor.<\/p>\n<p><img loading=\"lazy\" decoding=\"async\" class=\"alignnone size-medium wp-image-6612\" src=\"https:\/\/www.yeryuzundebirkacadim.com\/wp-content\/uploads\/2024\/07\/IMG_20240617_160446-1024x577.jpg\" alt=\"\" width=\"1024\" height=\"577\" srcset=\"https:\/\/www.yeryuzundebirkacadim.com\/wp-content\/uploads\/2024\/07\/IMG_20240617_160446-1024x577.jpg 1024w, https:\/\/www.yeryuzundebirkacadim.com\/wp-content\/uploads\/2024\/07\/IMG_20240617_160446-2048x1154.jpg 2048w, https:\/\/www.yeryuzundebirkacadim.com\/wp-content\/uploads\/2024\/07\/IMG_20240617_160446-768x433.jpg 768w, https:\/\/www.yeryuzundebirkacadim.com\/wp-content\/uploads\/2024\/07\/IMG_20240617_160446-1536x865.jpg 1536w, https:\/\/www.yeryuzundebirkacadim.com\/wp-content\/uploads\/2024\/07\/IMG_20240617_160446-816x460.jpg 816w\" sizes=\"auto, (max-width: 1024px) 100vw, 1024px\" \/><\/p>\n<p><strong>Mekanik Tiyatro<\/strong><\/p>\n<p>Su g\u00fcc\u00fcyle \u00e7al\u0131\u015fan bu \u015faheser, 1749-1752 y\u0131llar\u0131nda yap\u0131lm\u0131\u015f. T\u00fcm meslekleri ve pazar tezgahlar\u0131 ile k\u00fc\u00e7\u00fck bir Barok kasabas\u0131n\u0131n ya\u015fam\u0131n\u0131n ve hareketlili\u011finin\u00a0 ho\u015f bir tasviridir. Toplam 163 fig\u00fcr bulunur ve tek bir su \u00e7ark\u0131 ile \u00e7al\u0131\u015f\u0131r. Bu g\u00f6steriye 1753&#8217;te hidrolik bir org eklenmi\u015f.<\/p>\n<p><img loading=\"lazy\" decoding=\"async\" class=\"alignnone size-medium wp-image-6603\" src=\"https:\/\/www.yeryuzundebirkacadim.com\/wp-content\/uploads\/2024\/07\/IMG_20240617_160646-1024x577.jpg\" alt=\"\" width=\"1024\" height=\"577\" srcset=\"https:\/\/www.yeryuzundebirkacadim.com\/wp-content\/uploads\/2024\/07\/IMG_20240617_160646-1024x577.jpg 1024w, https:\/\/www.yeryuzundebirkacadim.com\/wp-content\/uploads\/2024\/07\/IMG_20240617_160646-2048x1153.jpg 2048w, https:\/\/www.yeryuzundebirkacadim.com\/wp-content\/uploads\/2024\/07\/IMG_20240617_160646-768x433.jpg 768w, https:\/\/www.yeryuzundebirkacadim.com\/wp-content\/uploads\/2024\/07\/IMG_20240617_160646-1536x865.jpg 1536w, https:\/\/www.yeryuzundebirkacadim.com\/wp-content\/uploads\/2024\/07\/IMG_20240617_160646-816x460.jpg 816w\" sizes=\"auto, (max-width: 1024px) 100vw, 1024px\" \/><\/p>\n<p>Vee Salzburg maceram\u0131z burada bitiyor.<\/p>\n<p>&nbsp;<\/p>\n<p>&nbsp;<\/p>\n<p>&nbsp;<\/p>\n<p>&nbsp;<\/p>\n<p>&nbsp;<\/p>\n<p><strong>\u00a0<\/strong><\/p>\n<p><strong>\u00a0<\/strong><\/p>\n<p><strong>\u00a0<\/strong><\/p>\n","protected":false},"excerpt":{"rendered":"<p>Salzburg k\u0131sa k\u0131sa Sanat, k\u00fclt\u00fcr ve e\u015fsiz bir tarih: Salzburg Mozart\u2019\u0131n ve M\u00fczi\u011fin Sesi\u2019nin \u015fehri olarak ge\u00e7er. 1997&#8217;den beri UNESCO D\u00fcnya Miras\u0131 Listesi&#8217;nde yer al\u0131yor.<\/p>\n","protected":false},"author":1,"featured_media":6577,"comment_status":"closed","ping_status":"closed","sticky":false,"template":"","format":"standard","meta":{"footnotes":""},"categories":[838,839],"tags":[844,845,843,848,847,846,841,842,817,840],"class_list":["post-6472","post","type-post","status-publish","format-standard","has-post-thumbnail","hentry","category-avusturya","category-salzburg-avusturya","tag-altermarkt","tag-domquartier","tag-getreidegasse","tag-hellbrunn","tag-hohensalzburg","tag-mariazeller","tag-mirabell","tag-mozart","tag-residenz","tag-salzburg"],"_links":{"self":[{"href":"https:\/\/www.yeryuzundebirkacadim.com\/index.php\/wp-json\/wp\/v2\/posts\/6472","targetHints":{"allow":["GET"]}}],"collection":[{"href":"https:\/\/www.yeryuzundebirkacadim.com\/index.php\/wp-json\/wp\/v2\/posts"}],"about":[{"href":"https:\/\/www.yeryuzundebirkacadim.com\/index.php\/wp-json\/wp\/v2\/types\/post"}],"author":[{"embeddable":true,"href":"https:\/\/www.yeryuzundebirkacadim.com\/index.php\/wp-json\/wp\/v2\/users\/1"}],"replies":[{"embeddable":true,"href":"https:\/\/www.yeryuzundebirkacadim.com\/index.php\/wp-json\/wp\/v2\/comments?post=6472"}],"version-history":[{"count":22,"href":"https:\/\/www.yeryuzundebirkacadim.com\/index.php\/wp-json\/wp\/v2\/posts\/6472\/revisions"}],"predecessor-version":[{"id":6749,"href":"https:\/\/www.yeryuzundebirkacadim.com\/index.php\/wp-json\/wp\/v2\/posts\/6472\/revisions\/6749"}],"wp:featuredmedia":[{"embeddable":true,"href":"https:\/\/www.yeryuzundebirkacadim.com\/index.php\/wp-json\/wp\/v2\/media\/6577"}],"wp:attachment":[{"href":"https:\/\/www.yeryuzundebirkacadim.com\/index.php\/wp-json\/wp\/v2\/media?parent=6472"}],"wp:term":[{"taxonomy":"category","embeddable":true,"href":"https:\/\/www.yeryuzundebirkacadim.com\/index.php\/wp-json\/wp\/v2\/categories?post=6472"},{"taxonomy":"post_tag","embeddable":true,"href":"https:\/\/www.yeryuzundebirkacadim.com\/index.php\/wp-json\/wp\/v2\/tags?post=6472"}],"curies":[{"name":"wp","href":"https:\/\/api.w.org\/{rel}","templated":true}]}}