


{"id":6087,"date":"2024-01-04T12:51:52","date_gmt":"2024-01-04T09:51:52","guid":{"rendered":"http:\/\/www.yeryuzundebirkacadim.com\/?p=6087"},"modified":"2024-08-19T13:55:06","modified_gmt":"2024-08-19T10:55:06","slug":"lviv","status":"publish","type":"post","link":"https:\/\/www.yeryuzundebirkacadim.com\/index.php\/2024\/01\/04\/lviv\/","title":{"rendered":"Lviv"},"content":{"rendered":"<p>Kiev&#8217;den trenle geldi\u011fimiz \u015fehre sabah var\u0131yoruz. \u015eehrin ana meydan\u0131nda olan otelimize bavulumuzu b\u0131rak\u0131p bir kafede kahvalt\u0131 yap\u0131yoruz.<\/p>\n<p>Lviv&#8217;i gezmek i\u00e7in 1,5-2 g\u00fcn ay\u0131rd\u0131k.<\/p>\n<p>\u015eimdi \u015fehri gezmeye haz\u0131r\u0131z.<\/p>\n<p><!--more--><\/p>\n<p>Lviv zaman zaman\u00a0 ba\u015fka uygarl\u0131klar\u0131n egemenli\u011finde kalsa da, bug\u00fcn <strong>UNESCO<\/strong>\u00a0D\u00fcnya Miras Listesi\u2019nde yer alan bir Ukrayna \u015fehri olarak bilinmektedir.<\/p>\n<p id=\"tw-target-text\" class=\"tw-data-text tw-text-large tw-ta\" dir=\"ltr\" data-placeholder=\"\u00c7eviri\" data-ved=\"2ahUKEwirspjL-qyDAxXJgv0HHY_3DOQQ3ewLegQICBAQ\"><span class=\"Y2IQFc\" lang=\"tr\">Lviv resmi olarak 1256 y\u0131l\u0131nda Gali\u00e7ya Kral\u0131 Daniel taraf\u0131ndan kuruldu ve o\u011flu Lev&#8217;in onuruna adland\u0131r\u0131ld\u0131. \u0130ngilizceye Leo&#8217;nun topraklar\u0131 veya Leo&#8217;nun \u015eehri (dolay\u0131s\u0131yla Lviv&#8217;in Latince ad\u0131 Leopolis) olarak \u00e7evrilebilir.<\/span><\/p>\n<p>K\u00fc\u00e7\u00fck bir \u015fehir oldu\u011fundan y\u00fcr\u00fcyerek gezilebilen bir \u015fehir olan Lviv o kadar \u015firin, o kadar masals\u0131 ki tek kelime ile bay\u0131ld\u0131m. Mimarisi \u00e7ook zarif.<\/p>\n<p><span class=\"VIpgJd-yAWNEb-VIpgJd-fmcmS-sn54Q\">&#8220;Kiev Ukrayna&#8217;n\u0131n kalbidir, ancak Lviv ruhudur&#8221; diyorlar.<\/span><span class=\"VIpgJd-yAWNEb-VIpgJd-fmcmS-sn54Q\">&#8221; Do\u011fru diyorlar.\u00a0<\/span><\/p>\n<p><strong>1. Rynok Meydan\u0131<\/strong><\/p>\n<p><img loading=\"lazy\" decoding=\"async\" class=\"alignnone size-medium wp-image-6200\" src=\"https:\/\/www.yeryuzundebirkacadim.com\/wp-content\/uploads\/2023\/12\/DSC00407-1024x576.jpg\" alt=\"\" width=\"1024\" height=\"576\" srcset=\"https:\/\/www.yeryuzundebirkacadim.com\/wp-content\/uploads\/2023\/12\/DSC00407-1024x576.jpg 1024w, https:\/\/www.yeryuzundebirkacadim.com\/wp-content\/uploads\/2023\/12\/DSC00407-2048x1152.jpg 2048w, https:\/\/www.yeryuzundebirkacadim.com\/wp-content\/uploads\/2023\/12\/DSC00407-768x432.jpg 768w, https:\/\/www.yeryuzundebirkacadim.com\/wp-content\/uploads\/2023\/12\/DSC00407-1536x864.jpg 1536w, https:\/\/www.yeryuzundebirkacadim.com\/wp-content\/uploads\/2023\/12\/DSC00407-816x459.jpg 816w\" sizes=\"auto, (max-width: 1024px) 100vw, 1024px\" \/><\/p>\n<p>\u015eehri gezmeye turistik ana meydan\u0131ndan ba\u015fl\u0131yoruz.<\/p>\n<p>Meydan; eskiden pazar olarak kullan\u0131lm\u0131\u015f. Halk toplant\u0131lar\u0131 ve kutlamalar burada yap\u0131l\u0131rm\u0131\u015f. Binalar\u0131n en eskisi 15. y\u00fczy\u0131la kadar uzan\u0131yor. Ancak binalar\u0131n \u00e7o\u011fu 1527 b\u00fcy\u00fck yang\u0131n\u0131nda yok olmu\u015f. Sonras\u0131nda yeniden in\u015fa edilmi\u015f.<\/p>\n<p>Meydanda R\u00f6nesans mimarisi hakim. \u0130talya ve Fransa&#8217;n\u0131n tarihi \u015fehirlerinde g\u00f6rd\u00fc\u011f\u00fcm\u00fcz renkli binalar ve Avrupai cepheler bulunuyor. Bir\u00e7ok kafe ve restoran da var tabii.<\/p>\n<p><strong>2.<\/strong>\u00a0<strong>Lviv Belediye Binas\u0131 ve Ratusha Kulesi<\/strong><\/p>\n<p><img loading=\"lazy\" decoding=\"async\" class=\"alignnone size-medium wp-image-6177\" src=\"https:\/\/www.yeryuzundebirkacadim.com\/wp-content\/uploads\/2023\/12\/DSC00305-1024x576.jpg\" alt=\"\" width=\"1024\" height=\"576\" srcset=\"https:\/\/www.yeryuzundebirkacadim.com\/wp-content\/uploads\/2023\/12\/DSC00305-1024x576.jpg 1024w, https:\/\/www.yeryuzundebirkacadim.com\/wp-content\/uploads\/2023\/12\/DSC00305-2048x1152.jpg 2048w, https:\/\/www.yeryuzundebirkacadim.com\/wp-content\/uploads\/2023\/12\/DSC00305-768x432.jpg 768w, https:\/\/www.yeryuzundebirkacadim.com\/wp-content\/uploads\/2023\/12\/DSC00305-1536x864.jpg 1536w, https:\/\/www.yeryuzundebirkacadim.com\/wp-content\/uploads\/2023\/12\/DSC00305-816x459.jpg 816w\" sizes=\"auto, (max-width: 1024px) 100vw, 1024px\" \/><\/p>\n<p>Rynok Meydan\u0131&#8217;n\u0131n ortas\u0131nda Belediye Binas\u0131 bulunuyor.<\/p>\n<p>Bina, tarihi boyunca yang\u0131n felaketleri nedeniyle defalarca yeniden yap\u0131lmak zorunda kalm\u0131\u015f.<\/p>\n<p>\u0130lk olarak 1357 y\u0131l\u0131nda tamamen ah\u015fap malzeme kullan\u0131larak in\u015fa edilen d\u00f6rt katl\u0131 yap\u0131n\u0131n g\u00fcn\u00fcm\u00fczdeki g\u00f6r\u00fcn\u00fcm\u00fcn\u00fc kazand\u0131\u011f\u0131 in\u015fas\u0131 1827-1835 y\u0131llar\u0131nda ger\u00e7ekle\u015fmi\u015f.<\/p>\n<p><strong>Ratusha Kulesi<\/strong> ise belediye binas\u0131na ait bir saat kulesi.<\/p>\n<p>Tepesine \u00e7\u0131k\u0131p \u015fehir manzaras\u0131 izlemek m\u00fcmk\u00fcn.<\/p>\n<p><strong>3. Rynok Meydan\u0131&#8217;ndaki d\u00f6rt \u00e7e\u015fme<\/strong><\/p>\n<p>Meydan\u0131n d\u00f6rt k\u00f6\u015fesinde mitolojik heykellere sahip d\u00f6rt \u00e7e\u015fme bulunuyor. Neden mi mitolojik \u00f6\u011feler se\u00e7ilmi\u015f. D\u00fcnyan\u0131n alegorilerini somutla\u015ft\u0131rmak i\u00e7in.<\/p>\n<p><strong>Diana \u00c7e\u015fmesi: <\/strong>Meydan\u0131n g\u00fcneydo\u011fu k\u00f6\u015fesinde eski su kuyusu \u00fczerine 1744 y\u0131l\u0131nda in\u015fa edilmi\u015ftir.<\/p>\n<p><img loading=\"lazy\" decoding=\"async\" class=\"alignnone size-medium wp-image-6291\" src=\"https:\/\/www.yeryuzundebirkacadim.com\/wp-content\/uploads\/2023\/12\/DSC00349-1-1024x576.jpg\" alt=\"\" width=\"1024\" height=\"576\" srcset=\"https:\/\/www.yeryuzundebirkacadim.com\/wp-content\/uploads\/2023\/12\/DSC00349-1-1024x576.jpg 1024w, https:\/\/www.yeryuzundebirkacadim.com\/wp-content\/uploads\/2023\/12\/DSC00349-1-2048x1152.jpg 2048w, https:\/\/www.yeryuzundebirkacadim.com\/wp-content\/uploads\/2023\/12\/DSC00349-1-768x432.jpg 768w, https:\/\/www.yeryuzundebirkacadim.com\/wp-content\/uploads\/2023\/12\/DSC00349-1-1536x864.jpg 1536w, https:\/\/www.yeryuzundebirkacadim.com\/wp-content\/uploads\/2023\/12\/DSC00349-1-816x459.jpg 816w\" sizes=\"auto, (max-width: 1024px) 100vw, 1024px\" \/><\/p>\n<p>Diana, Roma mitolojisinde ay\u0131n ve avc\u0131l\u0131\u011f\u0131n bakire tanr\u0131\u00e7as\u0131d\u0131r. Yunan mitolojisinde kar\u015f\u0131l\u0131\u011f\u0131 Artemis.<\/p>\n<p><strong>Adonis \u00c7e\u015fmesi: <\/strong>1920&#8217;lerde kuzeydo\u011fu k\u00f6\u015fesinde in\u015fa edilmi\u015ftir.<\/p>\n<p>Adonis, Yunan mitolojisine g\u00f6re Afrodit&#8217;in a\u015f\u0131k oldu\u011fu \u00f6l\u00fcml\u00fcd\u00fcr. Periyodik \u00f6l\u00fcm ve yeniden do\u011fu\u015f ile ili\u015fkilendirilir.<\/p>\n<p>Yan\u0131nda bir k\u00f6pek ve \u00f6ld\u00fcrd\u00fc\u011f\u00fc yaban domuzu tasvir edilmi\u015f.<\/p>\n<p><strong>Amphitrite \u00c7e\u015fmesi: <\/strong>1930&#8217;larda meydan\u0131n kuzeybat\u0131 k\u00f6\u015fesine yerle\u015ftirilmi\u015ftir.<\/p>\n<p><img loading=\"lazy\" decoding=\"async\" class=\"alignnone size-medium wp-image-6173\" src=\"https:\/\/www.yeryuzundebirkacadim.com\/wp-content\/uploads\/2023\/12\/DSC00276-1024x576.jpg\" alt=\"\" width=\"1024\" height=\"576\" srcset=\"https:\/\/www.yeryuzundebirkacadim.com\/wp-content\/uploads\/2023\/12\/DSC00276-1024x576.jpg 1024w, https:\/\/www.yeryuzundebirkacadim.com\/wp-content\/uploads\/2023\/12\/DSC00276-2048x1152.jpg 2048w, https:\/\/www.yeryuzundebirkacadim.com\/wp-content\/uploads\/2023\/12\/DSC00276-768x432.jpg 768w, https:\/\/www.yeryuzundebirkacadim.com\/wp-content\/uploads\/2023\/12\/DSC00276-1536x864.jpg 1536w, https:\/\/www.yeryuzundebirkacadim.com\/wp-content\/uploads\/2023\/12\/DSC00276-816x459.jpg 816w\" sizes=\"auto, (max-width: 1024px) 100vw, 1024px\" \/><\/p>\n<p>Amphitrite, Yunan mitolojisinde denizler tanr\u0131s\u0131 Poseidon&#8217;un e\u015fi ve deniz tanr\u0131\u00e7as\u0131 olarak bilinir.<\/p>\n<p><strong>Nept\u00fcn \u00c7e\u015fmesi: <\/strong>Meydan\u0131n g\u00fcneybat\u0131s\u0131na 1939\u2019da eski su kuyusu \u00fczerine yap\u0131lm\u0131\u015ft\u0131r.<\/p>\n<p>Nept\u00fcn, Roma\u00a0mitolojisinde\u00a0su ve deniz tanr\u0131s\u0131. Yunan mitolojisindeki kar\u015f\u0131l\u0131\u011f\u0131 Poseidon.<\/p>\n<p><img loading=\"lazy\" decoding=\"async\" class=\"alignnone size-medium wp-image-6293\" src=\"https:\/\/www.yeryuzundebirkacadim.com\/wp-content\/uploads\/2023\/12\/DSC00409-1024x546.jpg\" alt=\"\" width=\"1024\" height=\"546\" srcset=\"https:\/\/www.yeryuzundebirkacadim.com\/wp-content\/uploads\/2023\/12\/DSC00409-1024x546.jpg 1024w, https:\/\/www.yeryuzundebirkacadim.com\/wp-content\/uploads\/2023\/12\/DSC00409-2048x1092.jpg 2048w, https:\/\/www.yeryuzundebirkacadim.com\/wp-content\/uploads\/2023\/12\/DSC00409-768x410.jpg 768w, https:\/\/www.yeryuzundebirkacadim.com\/wp-content\/uploads\/2023\/12\/DSC00409-1536x819.jpg 1536w, https:\/\/www.yeryuzundebirkacadim.com\/wp-content\/uploads\/2023\/12\/DSC00409-816x435.jpg 816w\" sizes=\"auto, (max-width: 1024px) 100vw, 1024px\" \/><\/p>\n<p>Nept\u00fcn\u2019\u00fcn ayaklar\u0131nda bir yunus oldu\u011funu g\u00f6r\u00fcl\u00fcyor.<\/p>\n<p><strong>4. Ermeni Soka\u011f\u0131 ve Ermeni Kilisesi<\/strong><\/p>\n<p>Virmenska Caddesi (Ermeni Soka\u011f\u0131) \u00fczerindeyiz.<\/p>\n<p>Mo\u011fol istilalar\u0131ndan ka\u00e7an Ermeniler 13. y\u00fczy\u0131lda \u015fehir duvarlar\u0131n\u0131n kuzeyinde kalan bu\u00a0 b\u00f6lgeye yerle\u015fiyorlar. \u015eehirde ticaret ve sanatta s\u00f6z sahibi oluyorlar.<\/p>\n<p>Sokak olduk\u00e7a hareketli. Sanat galerileri ve kafeler bulunuyor.<\/p>\n<p>Ermeni Kilisesi 14. y\u00fczy\u0131lda Ermeni bir t\u00fcccar taraf\u0131ndan piskoposlu\u011fun ana kilisesi olarak in\u015fa edildi.<\/p>\n<p><img loading=\"lazy\" decoding=\"async\" class=\"alignnone size-medium wp-image-6294\" src=\"https:\/\/www.yeryuzundebirkacadim.com\/wp-content\/uploads\/2023\/12\/DSC00292-1024x576.jpg\" alt=\"\" width=\"1024\" height=\"576\" srcset=\"https:\/\/www.yeryuzundebirkacadim.com\/wp-content\/uploads\/2023\/12\/DSC00292-1024x576.jpg 1024w, https:\/\/www.yeryuzundebirkacadim.com\/wp-content\/uploads\/2023\/12\/DSC00292-2048x1152.jpg 2048w, https:\/\/www.yeryuzundebirkacadim.com\/wp-content\/uploads\/2023\/12\/DSC00292-768x432.jpg 768w, https:\/\/www.yeryuzundebirkacadim.com\/wp-content\/uploads\/2023\/12\/DSC00292-1536x864.jpg 1536w, https:\/\/www.yeryuzundebirkacadim.com\/wp-content\/uploads\/2023\/12\/DSC00292-816x459.jpg 816w\" sizes=\"auto, (max-width: 1024px) 100vw, 1024px\" \/><\/p>\n<p>Hatta Ani&#8217;deki Ani Katedrali&#8217;nden esinlenildi\u011fi s\u00f6yleniyor.<\/p>\n<p><img loading=\"lazy\" decoding=\"async\" class=\"alignnone size-medium wp-image-6295\" src=\"https:\/\/www.yeryuzundebirkacadim.com\/wp-content\/uploads\/2023\/12\/DSC00284-1024x576.jpg\" alt=\"\" width=\"1024\" height=\"576\" srcset=\"https:\/\/www.yeryuzundebirkacadim.com\/wp-content\/uploads\/2023\/12\/DSC00284-1024x576.jpg 1024w, https:\/\/www.yeryuzundebirkacadim.com\/wp-content\/uploads\/2023\/12\/DSC00284-2048x1152.jpg 2048w, https:\/\/www.yeryuzundebirkacadim.com\/wp-content\/uploads\/2023\/12\/DSC00284-768x432.jpg 768w, https:\/\/www.yeryuzundebirkacadim.com\/wp-content\/uploads\/2023\/12\/DSC00284-1536x864.jpg 1536w, https:\/\/www.yeryuzundebirkacadim.com\/wp-content\/uploads\/2023\/12\/DSC00284-816x459.jpg 816w\" sizes=\"auto, (max-width: 1024px) 100vw, 1024px\" \/><\/p>\n<p>\u015eimdiki g\u00f6r\u00fcnt\u00fcs\u00fcne 20. y\u00fczy\u0131l\u0131n ba\u015flar\u0131nda ula\u015fm\u0131\u015f.<\/p>\n<p><strong>5. Gas Lamp Restoran<\/strong>\u00a0<strong> (Gaz Lambas\u0131 Restoran\/M\u00fcze)<\/strong><\/p>\n<p>Ermeni soka\u011f\u0131nda, gaz lambas\u0131n\u0131n mucidi iki eczac\u0131 Ignatius Lukasiewicz ve Jan Zeg an\u0131s\u0131na yap\u0131lm\u0131\u015f bir pub m\u00fczesi. 528 par\u00e7adan olu\u015fan Avrupa&#8217;n\u0131n en b\u00fcy\u00fck ikinci gaz lambas\u0131 koleksiyonuna sahip.<\/p>\n<p>D\u0131\u015f cephede pencerenin yan\u0131ndaki \u015fi\u015felerde de\u011fi\u015fik lik\u00f6rler bulunuyor.<\/p>\n<p><img loading=\"lazy\" decoding=\"async\" class=\"alignnone size-medium wp-image-6176\" src=\"https:\/\/www.yeryuzundebirkacadim.com\/wp-content\/uploads\/2023\/12\/DSC00299-1024x576.jpg\" alt=\"\" width=\"1024\" height=\"576\" srcset=\"https:\/\/www.yeryuzundebirkacadim.com\/wp-content\/uploads\/2023\/12\/DSC00299-1024x576.jpg 1024w, https:\/\/www.yeryuzundebirkacadim.com\/wp-content\/uploads\/2023\/12\/DSC00299-2048x1152.jpg 2048w, https:\/\/www.yeryuzundebirkacadim.com\/wp-content\/uploads\/2023\/12\/DSC00299-768x432.jpg 768w, https:\/\/www.yeryuzundebirkacadim.com\/wp-content\/uploads\/2023\/12\/DSC00299-1536x864.jpg 1536w, https:\/\/www.yeryuzundebirkacadim.com\/wp-content\/uploads\/2023\/12\/DSC00299-816x459.jpg 816w\" sizes=\"auto, (max-width: 1024px) 100vw, 1024px\" \/><\/p>\n<p>Mekan\u0131n \u00f6n\u00fcnde icad\u0131 ile birlikte oturan Jan Zeg heykeli ile foto\u011fraf da \u00e7ekilebilirsiniz.<\/p>\n<p><img loading=\"lazy\" decoding=\"async\" class=\"alignnone size-medium wp-image-6296\" src=\"https:\/\/www.yeryuzundebirkacadim.com\/wp-content\/uploads\/2023\/12\/DSC00301-1024x916.jpg\" alt=\"\" width=\"1024\" height=\"916\" srcset=\"https:\/\/www.yeryuzundebirkacadim.com\/wp-content\/uploads\/2023\/12\/DSC00301-1024x916.jpg 1024w, https:\/\/www.yeryuzundebirkacadim.com\/wp-content\/uploads\/2023\/12\/DSC00301-768x687.jpg 768w, https:\/\/www.yeryuzundebirkacadim.com\/wp-content\/uploads\/2023\/12\/DSC00301-1536x1375.jpg 1536w, https:\/\/www.yeryuzundebirkacadim.com\/wp-content\/uploads\/2023\/12\/DSC00301-816x730.jpg 816w, https:\/\/www.yeryuzundebirkacadim.com\/wp-content\/uploads\/2023\/12\/DSC00301.jpg 1685w\" sizes=\"auto, (max-width: 1024px) 100vw, 1024px\" \/><\/p>\n<p><strong>6. Eczac\u0131l\u0131k M\u00fczesi<\/strong><\/p>\n<p>M\u00fcze; Rynok Meydan\u0131&#8217;nda k\u00f6\u015fe konumda bulunuyor. Askeri eczac\u0131 Wilhelm Natorp taraf\u0131ndan 1735\u2019te kurulan \u015fehrin en eski ila\u00e7 d\u00fckkan\u0131nda 1966 y\u0131l\u0131nda a\u00e7\u0131lm\u0131\u015ft\u0131r. Ayn\u0131 zamanda eczane olarak da hizmet vermeye devam etmektedir. Bu da mekana bir canl\u0131l\u0131k sa\u011flamaktad\u0131r.<\/p>\n<p>M\u00fcze antika farmas\u00f6tik aletler, re\u00e7eteler, ila\u00e7lar, yemekler, eczane ile ilgili kitaplardan olu\u015fan bir k\u00fct\u00fcphane ve yeniden in\u015fa edilmi\u015f bir simya at\u00f6lyesinin sergilendi\u011fi 16 odadan olu\u015fmaktad\u0131r.<sup id=\"cite_ref-2\" class=\"reference\"><\/sup><\/p>\n<p><strong><img loading=\"lazy\" decoding=\"async\" class=\"alignnone size-medium wp-image-6297\" src=\"https:\/\/www.yeryuzundebirkacadim.com\/wp-content\/uploads\/2023\/12\/DSC00304-1024x576.jpg\" alt=\"\" width=\"1024\" height=\"576\" srcset=\"https:\/\/www.yeryuzundebirkacadim.com\/wp-content\/uploads\/2023\/12\/DSC00304-1024x576.jpg 1024w, https:\/\/www.yeryuzundebirkacadim.com\/wp-content\/uploads\/2023\/12\/DSC00304-2048x1152.jpg 2048w, https:\/\/www.yeryuzundebirkacadim.com\/wp-content\/uploads\/2023\/12\/DSC00304-768x432.jpg 768w, https:\/\/www.yeryuzundebirkacadim.com\/wp-content\/uploads\/2023\/12\/DSC00304-1536x864.jpg 1536w, https:\/\/www.yeryuzundebirkacadim.com\/wp-content\/uploads\/2023\/12\/DSC00304-816x459.jpg 816w\" sizes=\"auto, (max-width: 1024px) 100vw, 1024px\" \/><\/strong><\/p>\n<p><strong>7. Korniakt Saray\u0131 (Kraliyet Saray\u0131, Tarih M\u00fczesi) ve \u0130talyan Avlusu<\/strong><\/p>\n<p>Korniakt Saray\u0131 (Tarih M\u00fczesi) ve \u0130talyan Avlusu (Eski \u0130talyan Mahkemesi); meydan\u0131n kar\u015f\u0131s\u0131nda yer al\u0131yor.<\/p>\n<p><span style=\"font-size: 16px;\">16. y\u00fczy\u0131l\u0131n sonlar\u0131nda Yunan t\u00fcccar Konstanty Korniakt, modern binan\u0131n yerinde bulunan iki evi sat\u0131n alm\u0131\u015f. Rynok Meydan\u0131&#8217;na bakan binalar\u0131n \u00f6n cephesinde en fazla 3 pencere olma zorunlulu\u011funu varken bu kural\u0131 a\u015fabilen, \u015fehir tarihindeki en zengin ki\u015fi olan t\u00fcccar meydana bakan 6 pencereli binay\u0131 yapt\u0131rm\u0131\u015f.<\/span><\/p>\n<p><img loading=\"lazy\" decoding=\"async\" class=\"alignnone size-medium wp-image-6178\" src=\"https:\/\/www.yeryuzundebirkacadim.com\/wp-content\/uploads\/2023\/12\/DSC00307-1024x576.jpg\" alt=\"\" width=\"1024\" height=\"576\" srcset=\"https:\/\/www.yeryuzundebirkacadim.com\/wp-content\/uploads\/2023\/12\/DSC00307-1024x576.jpg 1024w, https:\/\/www.yeryuzundebirkacadim.com\/wp-content\/uploads\/2023\/12\/DSC00307-2048x1152.jpg 2048w, https:\/\/www.yeryuzundebirkacadim.com\/wp-content\/uploads\/2023\/12\/DSC00307-768x432.jpg 768w, https:\/\/www.yeryuzundebirkacadim.com\/wp-content\/uploads\/2023\/12\/DSC00307-1536x864.jpg 1536w, https:\/\/www.yeryuzundebirkacadim.com\/wp-content\/uploads\/2023\/12\/DSC00307-816x459.jpg 816w\" sizes=\"auto, (max-width: 1024px) 100vw, 1024px\" \/><\/p>\n<p><span style=\"font-size: 16px;\">Yeni evinin tasar\u0131m\u0131 i\u00e7in iki \u0130talyan mimar ile anla\u015fm\u0131\u015f. B\u00f6ylece kompozisyon merkezi kemerli galerilerle \u00e7evrili avlu olan (\u0130talyan Avlusu) Floransa ve Venedik tarz\u0131\u00a0 bir saray in\u015fa edilmi\u015f. Bina, <\/span>R\u00f6nesans mimarisinin m\u00fckemmel bir \u00f6rne\u011fi.<\/p>\n<p>Korniakt burada bir\u00e7ok se\u00e7kin misafirini a\u011f\u0131rlad\u0131. \u00d6l\u00fcm\u00fcnden sonra torunlar\u0131 evi satt\u0131 ve sonras\u0131nda binada birka\u00e7 kral da ya\u015fad\u0131.<\/p>\n<div id=\"tw-container\" data-cp=\"1\" data-ddp=\"true\" data-drd=\"1700\" data-drt=\"10000\" data-is-rde=\"false\" data-is-ver=\"false\" data-nnttsvi=\"1\" data-sm=\"1\" data-ssbp=\"false\" data-sugg-time=\"500\" data-sugg-url=\"https:\/\/clients1.google.com\/complete\/search\" data-tc=\"true\" data-tcp=\"geluk met jou verjaarsdag,gelukkige verjaarsdag,awoda pa,\u1218\u120d\u12ab\u121d \u120d\u12f0\u1275,\u0639\u064a\u062f \u0645\u064a\u0644\u0627\u062f \u0633\u0639\u064a\u062f,\u099c\u09a8\u09cd\u09ae\u09a6\u09bf\u09a8\u09f0 \u0993\u09b2\u0997 \u099c\u09a8\u09be\u09b2\u09cb\u0981,aski mara phuqhawi,do\u011fum g\u00fcn\u00fcn m\u00fcbar\u0259k,ad g\u00fcn\u00fcn m\u00fcbar\u0259k,\u0437 \u0434\u043d\u0451\u043c \u043d\u0430\u0440\u0430\u0434\u0436\u044d\u043d\u043d\u044f,\u0447\u0435\u0441\u0442\u0438\u0442 \u0440\u043e\u0436\u0434\u0435\u043d \u0434\u0435\u043d,\u091c\u0928\u094d\u092e \u0926\u093f\u0928 \u0915\u0947 \u0936\u0941\u092d \u0915\u093e\u092e\u0928\u093e,sanb\u03b5 sanb\u03b5,\u09b6\u09c1\u09ad \u099c\u09a8\u09cd\u09ae\u09a6\u09bf\u09a8,sretan ro\u0111endan,per molts anys,feli\u00e7 aniversari,malipayong adlawng natawhan,\u06cc\u0627\u062f\u06cc \u0644\u06d5\u062f\u0627\u06cc\u06a9 \u0628\u0648\u0648\u0646\u062a \u067e\u06cc\u0631\u06c6\u0632 \u0628\u06ce\u062a,felice anniversariu,v\u0161echno nejlep\u0161\u00ed k narozenin\u00e1m,pen-blwydd hapus,penblwydd hapus,tillykke med f\u00f8dselsdagen,alles gute zum geburtstag,\u0938\u093e\u0932\u0917\u093f\u0930\u0939\u094d \u092e\u092c\u093e\u0930\u0915,\u0787\u07aa\u078a\u07a7\u0788\u07ac\u0783\u07a8 \u0787\u07aa\u078a\u07a6\u0782\u07b0\u078b\u07aa\u0788\u07a6\u0780\u07ac\u0787\u07b0,dzigbe z\u00e3 nyuie na w\u00f2,\u03c7\u03b1\u03c1\u03bf\u03cd\u03bc\u03b5\u03bd\u03b1 \u03b3\u03b5\u03bd\u03ad\u03b8\u03bb\u03b9\u03b1,happy birthday,feli\u0109an naski\u011dtagon,feliz cumplea\u00f1os,palju \u00f5nne s\u00fcnnip\u00e4evaks,zorionak,\u062a\u0648\u0644\u062f\u062a \u0645\u0628\u0627\u0631\u06a9,hyv\u00e4\u00e4 syntym\u00e4p\u00e4iv\u00e4\u00e4,joyeux anniversaire,lokkige jierdei,l\u00e1 breithe sona,l\u00e1 breithe shona duit,co-l\u00e0-breith math,feliz aniversario,vy'apav\u1ebd,\u091c\u0932\u094d\u092e\u0926\u093f\u0938\u093e\u091a\u0940 \u092a\u0930\u092c\u0940,\u0a9c\u0aa8\u0acd\u0aae\u0aa6\u0abf\u0ab5\u0ab8\u0aa8\u0ac0 \u0ab6\u0ac1\u0aad\u0ac7\u0a9a\u0acd\u0a9b\u0abe,\u0a9c\u0aa8\u0acd\u0aae\u0aa6\u0abf\u0ab5\u0ab8 \u0aa8\u0ac0 \u0ab6\u0ac1\u0aad\u0a95\u0abe\u0aae\u0aa8\u0abe,barka da ranar haihuwa,hau\u02bboli l\u0101 h\u0101nau,\u091c\u0928\u094d\u092e\u0926\u093f\u0928 \u0915\u0940 \u0936\u0941\u092d\u0915\u093e\u092e\u0928\u093e\u090f\u0902,\u091c\u0928\u094d\u092e\u0926\u093f\u0928 \u0915\u0940 \u0936\u0941\u092d\u0915\u093e\u092e\u0928\u093e\u090f\u0901,sretan ro\u0111endan,b\u00f2n f\u00e8t,boldog sz\u00fclet\u00e9snapot,\u056e\u0576\u0578\u0582\u0576\u0564\u0564 \u0577\u0576\u0578\u0580\u0570\u0561\u057e\u0578\u0580,selamat ulang tahun,ezi ncheta \u1ee5b\u1ecdch\u1ecb \u1ecdm\u1ee5m\u1ee5,ezi ncheta \u1ecdm\u1ee5m\u1ee5,naragsak a panagkasangay,til hamingju me\u00f0 afm\u00e6li\u00f0,buon compleanno,\u05d9\u05d5\u05dd \u05d4\u05d5\u05dc\u05d3\u05ea \u05e9\u05de\u05d7,\u8a95\u751f\u65e5\u304a\u3081\u3067\u3068\u3046,\u304a\u8a95\u751f\u65e5\u304a\u3081\u3067\u3068\u3046,sugeng ambal warsa,sugeng tanggap warsa,\u10d2\u10d8\u10da\u10dd\u10ea\u10d0\u10d5\u10d7 \u10d3\u10d0\u10d1\u10d0\u10d3\u10d4\u10d1\u10d8\u10e1 \u10d3\u10e6\u10d4\u10e1,\u10d2\u10d8\u10da\u10dd\u10ea\u10d0\u10d5 \u10d3\u10d0\u10d1\u10d0\u10d3\u10d4\u10d1\u10d8\u10e1 \u10d3\u10e6\u10d4\u10e1,\u0442\u0443\u0493\u0430\u043d \u043a\u04af\u043d \u049b\u04b1\u0442\u0442\u044b \u0431\u043e\u043b\u0441\u044b\u043d,\u0442\u0443\u044b\u043b\u0493\u0430\u043d \u043a\u04af\u043d\u0456\u04a3\u043c\u0435\u043d,\u179a\u17b8\u1780\u179a\u17b6\u1799\u1790\u17d2\u1784\u17c3\u1781\u17bd\u1794\u1780\u17c6\u178e\u17be\u178f,\u179a\u17b8\u1780\u179a\u17b6\u1799\u200b\u1790\u17d2\u1784\u17c3\u200b\u1780\u17c6\u178e\u17be\u178f,\u0cb9\u0cc1\u0c9f\u0ccd\u0c9f\u0cc1\u0cb9\u0cac\u0ccd\u0cac\u0ca6 \u0cb6\u0cc1\u0cad\u0cbe\u0cb6\u0caf\u0c97\u0cb3\u0cc1,\u0c9c\u0ca8\u0ccd\u0cae\u0ca6\u0cbf\u0ca8\u0ca6 \u0cb6\u0cc1\u0cad\u0cbe\u0cb6\u0caf\u0c97\u0cb3\u0cc1,\uc0dd\uc77c \ucd95\ud558\ud569\ub2c8\ub2e4,\uc0dd\uc77c \ucd95\ud558\ud574\uc694,api batde,rojb\u00fbna te p\u00eeroz be,\u0442\u0443\u0443\u043b\u0433\u0430\u043d \u043a\u04af\u043d\u04af\u04a3\u04af\u0437 \u043c\u0435\u043d\u0435\u043d,\u0442\u0443\u0443\u043b\u0433\u0430\u043d \u043a\u0443\u043d\u0443\u04a3\u0443\u0437 \u043c\u0435\u043d\u0435\u043d \u043a\u0443\u0442\u0442\u0443\u043a\u0442\u0430\u0439\u043c,felix natalis,alles guddes fir de gebuertsdag,amazaalibwa amalungi,mbotama elamu,\u0eaa\u0eb8\u0e81\u0eaa\u0eb1\u0e99\u0ea7\u0eb1\u0e99\u0ec0\u0e81\u0eb5\u0e94,\u0eaa\u0eb8\u0e81\u200b\u0eaa\u0eb1\u0e99\u200b\u0ea7\u0eb1\u0e99\u200b\u0ec0\u0e81\u0eb5\u0e94,su gimtadieniu,piancham chibai,daudz laimes dzim\u0161anas dien\u0101,\u091c\u0928\u094d\u092e\u0926\u093f\u0928\u0915 \u0936\u0941\u092d\u0915\u093e\u092e\u0928\u093e,tratry ny tsingerin-taona,tratry ny tsingerintaona nahaterahana,\u0441\u0440\u0435\u045c\u0435\u043d \u0440\u043e\u0434\u0435\u043d\u0434\u0435\u043d,\u0d1c\u0d28\u0d4d\u0d2e\u0d26\u0d3f\u0d28\u0d3e\u0d36\u0d02\u0d38\u0d15\u0d7e,\u0442\u04e9\u0440\u0441\u04e9\u043d \u04e9\u0434\u0440\u0438\u0439\u043d \u043c\u044d\u043d\u0434 \u0445\u04af\u0440\u0433\u044d\u0435,\u0442\u04e9\u0440\u0441\u04e9\u043d \u04e9\u0434\u0440\u0438\u0439\u043d \u043c\u044d\u043d\u0434,\uabc5\uabe8\uabe1\uabc9\uabe5\uabcf\uabd4\uabd5 \uabc4\uabe3\uabdb\uabc4 \uabc5\uabe8\uabc3\uabe4\uabe0,\u0935\u093e\u0922\u0926\u093f\u0935\u0938\u093e\u091a\u094d\u092f\u093e \u0936\u0941\u092d\u0947\u091a\u094d\u091b\u093e,\u0935\u093e\u0922\u0926\u093f\u0935\u0938\u093e\u091a\u094d\u092f\u093e \u0939\u093e\u0930\u094d\u0926\u093f\u0915 \u0936\u0941\u092d\u0947\u091a\u094d\u091b\u093e,selamat hari lahir,xewqat sbie\u0127 f'g\u0127eluq sninek,\u1015\u103b\u1031\u102c\u103a\u101b\u103d\u103e\u1004\u103a\u1016\u103d\u101a\u103a \u1019\u103d\u1031\u1038\u1014\u1031\u1037\u1016\u103c\u1005\u103a\u1015\u102b\u1005\u1031,\u1015\u103b\u1031\u102c\u103a\u101b\u103d\u103e\u1004\u103a\u1005\u101b\u102c\u1019\u103d\u1031\u1038\u1014\u1031\u1037\u1016\u103c\u1005\u103a\u1015\u102b\u1005\u1031,\u091c\u0928\u094d\u092e \u0926\u093f\u0928\u0915\u094b \u0936\u0941\u092d\u0915\u093e\u092e\u0928\u093e,gefeliciteerd met je verjaardag,gefeliciteerd,gratulerer med dagen,matswalo a mabotse,tsiku labwino lobadwa,baga guyyaa dhaloota kee geesse,\u0b1c\u0b28\u0b4d\u0b2e\u0b26\u0b3f\u0b28\u0b30 \u0b36\u0b41\u0b2d\u0b47\u0b1a\u0b4d\u0b1b\u0b3e,\u0b1c\u0b28\u0b4d\u0b2e\u0b26\u0b3f\u0b28\u0b30 \u0b05\u0b2d\u0b3f\u0b28\u0b28\u0b4d\u0b26\u0b28,\u0a1c\u0a28\u0a2e\u0a26\u0a3f\u0a28 \u0a26\u0a40\u0a06\u0a02 \u0a35\u0a27\u0a3e\u0a08\u0a06\u0a02,\u0a1c\u0a28\u0a2e\u0a26\u0a3f\u0a28 \u0a2e\u0a41\u0a2c\u0a3e\u0a30\u0a15,wszystkiego najlepszego z okazji urodzin,\u06a9\u0644\u06cc\u0632\u0647 \u062f\u06cc \u0646\u06cc\u06a9\u0645\u0631\u063a\u0647,feliz anivers\u00e1rio,punchawniykipi kusikuni,la mul\u021bi ani,\u0441 \u0434\u043d\u0435\u043c \u0440\u043e\u0436\u0434\u0435\u043d\u0438\u044f,isabukuru nziza,\u0936\u0941\u092d\u0902 \u091c\u0928\u094d\u092e\u0926\u093f\u0928\u092e\u094d\u200c,\u062c\u0646\u0645 \u068f\u064a\u0646\u0647\u0646 \u0645\u0628\u0627\u0631\u06aa,\u0dc3\u0dd4\u0db6 \u0d8b\u0db4\u0db1\u0dca \u0daf\u0dd2\u0db1\u0dba\u0d9a\u0dca,v\u0161etko najlep\u0161ie k narodenin\u00e1m,\u0161\u0165astn\u00e9 narodeniny,vse najbolj\u0161e,manuia asofanau,bhavhadhe rinofadza,maalin dhalasheed farxad leh,dhalasho wacan,g\u00ebzuar dit\u00eblindjen,\u0441\u0440\u0435\u045b\u0430\u043d \u0440\u043e\u0452\u0435\u043d\u0434\u0430\u043d,letsatsi le monate la tsoalo,wilujeung milangkala,wilujeung tepang taun,grattis p\u00e5 f\u00f6delsedagen,heri ya siku ya kuzaliwa,\u0baa\u0bbf\u0bb1\u0ba8\u0bcd\u0ba4\u0ba8\u0bbe\u0bb3\u0bcd \u0bb5\u0bbe\u0bb4\u0bcd\u0ba4\u0bcd\u0ba4\u0bc1\u0b95\u0bb3\u0bcd,\u0baa\u0bbf\u0bb1\u0ba8\u0bcd\u0ba4\u0ba8\u0bbe\u0bb3\u0bcd \u0bb5\u0bbe\u0bb4\u0bcd\u0ba4\u0bcd\u0ba4\u0bc1\u0b95\u0bcd\u0b95\u0bb3\u0bcd,\u0c2a\u0c41\u0c1f\u0c4d\u0c1f\u0c3f\u0c28\u0c30\u0c4b\u0c1c\u0c41 \u0c36\u0c41\u0c2d\u0c3e\u0c15\u0c3e\u0c02\u0c15\u0c4d\u0c37\u0c32\u0c41,\u0437\u043e\u0434\u0440\u04ef\u0437 \u043c\u0443\u0431\u043e\u0440\u0430\u043a,\u0e2a\u0e38\u0e02\u0e2a\u0e31\u0e19\u0e15\u0e4c\u0e27\u0e31\u0e19\u0e40\u0e01\u0e34\u0e14,\u12a5\u1295\u12b3\u12d5 \u1270\u12c8\u1208\u12f5\u12ab,doglan g\u00fcn\u00fc\u0148 bilen,maligayang kaarawan,do\u011fum g\u00fcn\u00fcn\u00fcz kutlu olsun,do\u011fum g\u00fcn\u00fcn kutlu olsun,siku lerinene ro velekiwa,\u0442\u0443\u0433\u0430\u043d \u043a\u04e9\u043d \u0431\u0435\u043b\u04d9\u043d,\u0437 \u0434\u043d\u0435\u043c \u043d\u0430\u0440\u043e\u0434\u0436\u0435\u043d\u043d\u044f,\u0633\u0627\u0644\u06af\u0631\u06c1 \u0645\u0628\u0627\u0631\u06a9,\u0633\u0627\u0644\u06af\u0631\u06c1 \u0645\u0628\u0627\u0631\u06a9 \u06c1\u0648,tug\u02bbilgan kuningiz bilan,tug'ilgan kun muborak bo'lsin,ch\u00fac m\u1eebng sinh nh\u1eadt,mini emnandi,nwabela usuku lwakho owaqala ngalo,o ku\u0301 a\u0300ya\u0301j\u1ecd\u0301 \u1ecdj\u1ecd\u0301 i\u0300bi\u0301,o ku ojo ibi,\u751f\u65e5\u5feb\u4e50,\u751f\u65e5\u5feb\u6a02,sikufisela usuku lokuzalwa oluhle,usuku olumnandi lokuzalwa\" data-uilc=\"tr\" data-vil=\",af,af-ZA,am,am-ET,ar-EG,ar-AE,ar-KW,ar-QA,ar,ar-IL,ar-JO,ar-LB,ar-PS,az,az-AZ,bg,bg-BG,bn,bn-BD,bn-IN,ca,ca-es,cs,cs-CZ,de,de-DE,de-CH,de-AT,de-LI,en,en-US,en-CA,en-AU,en-NZ,en-GB,en-IN,en-KE,en-TZ,en-NG,en-GH,en-PH,en-ZA,es,es-ES,es-AR,es-UY,es-419,es-BO,es-CL,es-CR,es-CO,es-DO,es-EC,es-GT,es-HN,es-NI,es-PA,es-PE,es-PR,es-PY,es-SV,es-VE,es-MX,es-US,eu,eu-ES,fi,fi-FI,fr,fr-FR,fr-CH,fr-BE,gl,gl-ES,gu,gu-IN,he,he-IL,iw,iw-IL,hu,hu-HU,hy,hy-AM,id,id-ID,is,is-IS,it,it-IT,it-CH,ja,ja-JP,jv,jv-ID,ka,ka-GE,km,km-KH,kn,kn-IN,ko,ko-KR,la,lo,lo-LA,lv,lv-LV,ml,ml-IN,mr,mr-IN,ms,ms-MY,nl,nl-NL,nb,nb-NO,ne,ne-NP,pl,pl-PL,pt,pt-BR,pt-PT,ro,ro-RO,ru,ru-RU,si-LK,sk,sk-SK,sr,sr-RS,su,su-ID,sv,sv-SE,sw,sw-TZ,sw-KE,ta,ta-IN,ta-SG,ta-LK,ta-MY,te,te-IN,tr,tr-TR,ur,ur-PK,ur-IN,yue,yue-HK,yue-Hant-HK,zh-HK,zh,zh-CN,zh-cmn,zh-cmn-CN,zh-Hans,zh-Hans-CN,zh-cmn-Hans,zh-cmn-Hans-CN,cmn-CN,cmn-Hans,cmn-Hans-CN,zh-TW,zh-Hant-TW,cmn-TW,cmn-Hant-TW,zh-cmn-TW,zh-cmn-Hant-TW,zu,zu-ZA\">\n<div>\n<div id=\"tw-ob\" class=\"tw-src-ltr\">\n<div class=\"oSioSc\">\n<div id=\"tw-target\">\n<div id=\"kAz1tf\" class=\"g9WsWb PZPZlf\" data-attrid=\"tw-targetArea\" data-entityname=\"Google Translate\">\n<div id=\"tw-target-text-container\" class=\"tw-ta-container F0azHf tw-nfl\" tabindex=\"0\">\n<p class=\"tw-data-text tw-text-large tw-ta\" dir=\"ltr\" data-placeholder=\"\u00c7eviri\" data-ved=\"2ahUKEwjcjc_X1q2DAxU9R_EDHQAiCAcQ3ewLegQIBRAQ\"><span class=\"Y2IQFc\" lang=\"tr\">1908&#8217;den bu yana bu ta\u015f bina \u015fehrin mal\u0131 haline geldi. Bug\u00fcn Lviv Tarih M\u00fczesi&#8217;ne ev sahipli\u011fi yap\u0131yor.<\/span><\/p>\n<p dir=\"ltr\" data-placeholder=\"\u00c7eviri\" data-ved=\"2ahUKEwjcjc_X1q2DAxU9R_EDHQAiCAcQ3ewLegQIBRAQ\"><strong>\u0130talyan Avlusu (Eski \u0130talyan Mahkemesi)<\/strong><\/p>\n<p dir=\"ltr\" data-placeholder=\"\u00c7eviri\" data-ved=\"2ahUKEwjcjc_X1q2DAxU9R_EDHQAiCAcQ3ewLegQIBRAQ\">Saray\u0131n g\u00f6zde alan\u0131 olan \u0130talyan Avlusu\u00a0 eskiden mahkeme olarak kullan\u0131l\u0131yormu\u015f. \u015eimdi ise burada bir kafe bulunuyor.<\/p>\n<p dir=\"ltr\" data-placeholder=\"\u00c7eviri\" data-ved=\"2ahUKEwjcjc_X1q2DAxU9R_EDHQAiCAcQ3ewLegQIBRAQ\">\u00dc\u00e7 katl\u0131 g\u00fczel kemerleri var. Birinci katta, ikinci ve \u00fc\u00e7\u00fcnc\u00fc kattaki ince ve daha zarif s\u00fctunlar\u0131 tutan masif s\u00fctunlar mevcut.<\/p>\n<p dir=\"ltr\" data-placeholder=\"\u00c7eviri\" data-ved=\"2ahUKEwjcjc_X1q2DAxU9R_EDHQAiCAcQ3ewLegQIBRAQ\"><img loading=\"lazy\" decoding=\"async\" class=\"alignnone size-medium wp-image-6179\" src=\"https:\/\/www.yeryuzundebirkacadim.com\/wp-content\/uploads\/2023\/12\/DSC00313-1024x576.jpg\" alt=\"\" width=\"1024\" height=\"576\" srcset=\"https:\/\/www.yeryuzundebirkacadim.com\/wp-content\/uploads\/2023\/12\/DSC00313-1024x576.jpg 1024w, https:\/\/www.yeryuzundebirkacadim.com\/wp-content\/uploads\/2023\/12\/DSC00313-2048x1153.jpg 2048w, https:\/\/www.yeryuzundebirkacadim.com\/wp-content\/uploads\/2023\/12\/DSC00313-768x432.jpg 768w, https:\/\/www.yeryuzundebirkacadim.com\/wp-content\/uploads\/2023\/12\/DSC00313-1536x864.jpg 1536w, https:\/\/www.yeryuzundebirkacadim.com\/wp-content\/uploads\/2023\/12\/DSC00313-816x459.jpg 816w\" sizes=\"auto, (max-width: 1024px) 100vw, 1024px\" \/><\/p>\n<\/div>\n<\/div>\n<\/div>\n<\/div>\n<\/div>\n<\/div>\n<\/div>\n<p dir=\"ltr\" data-placeholder=\"\u00c7eviri\" data-ved=\"2ahUKEwjcjc_X1q2DAxU9R_EDHQAiCAcQ3ewLegQIBRAQ\">15. y\u00fczy\u0131ldan beri Rynok Meydan\u0131&#8217;nda bir s\u00fctun ve \u00fczerinde boyunduruk heykeli duruyormu\u015f. Kamu d\u00fczenini koruma sisteminin bir par\u00e7as\u0131 olarak hat\u0131rlat\u0131c\u0131 i\u015flev g\u00f6r\u00fcyormu\u015f. Daha sonra \u0130talyan Avlusu&#8217;na al\u0131nm\u0131\u015f.<\/p>\n<p dir=\"ltr\" data-placeholder=\"\u00c7eviri\" data-ved=\"2ahUKEwjcjc_X1q2DAxU9R_EDHQAiCAcQ3ewLegQIBRAQ\">G\u00f6zleri ba\u011fl\u0131 adalet tanr\u0131\u00e7as\u0131 Themis ve cellat heykeli. Tanr\u0131\u00e7an\u0131n elinde adaleti temsil eden terazi var. Arkas\u0131ndaki cellat\u0131n elinde ise k\u0131l\u0131\u00e7.<\/p>\n<p dir=\"ltr\" data-placeholder=\"\u00c7eviri\" data-ved=\"2ahUKEwjcjc_X1q2DAxU9R_EDHQAiCAcQ3ewLegQIBRAQ\">H\u0131rs\u0131zlar, sarho\u015flar, kabaday\u0131lar \u201cutand\u0131rmak\u201d amac\u0131yla demir halkalarla eskiden meydanda olan bu s\u00fctuna zincirlenirmi\u015f.<\/p>\n<p dir=\"ltr\" data-placeholder=\"\u00c7eviri\" data-ved=\"2ahUKEwjcjc_X1q2DAxU9R_EDHQAiCAcQ3ewLegQIBRAQ\">Sadece soylulara verilen idam cezalar\u0131 ise, bu ama\u00e7la s\u00fctunun yan\u0131nda in\u015fa edilen ge\u00e7ici platformda infaz ediliyormu\u015f.<\/p>\n<h2><img loading=\"lazy\" decoding=\"async\" class=\"alignnone size-medium wp-image-6302\" src=\"https:\/\/www.yeryuzundebirkacadim.com\/wp-content\/uploads\/2023\/12\/DSC00328-1-1024x576.jpg\" alt=\"\" width=\"1024\" height=\"576\" srcset=\"https:\/\/www.yeryuzundebirkacadim.com\/wp-content\/uploads\/2023\/12\/DSC00328-1-1024x576.jpg 1024w, https:\/\/www.yeryuzundebirkacadim.com\/wp-content\/uploads\/2023\/12\/DSC00328-1-2048x1152.jpg 2048w, https:\/\/www.yeryuzundebirkacadim.com\/wp-content\/uploads\/2023\/12\/DSC00328-1-768x432.jpg 768w, https:\/\/www.yeryuzundebirkacadim.com\/wp-content\/uploads\/2023\/12\/DSC00328-1-1536x864.jpg 1536w, https:\/\/www.yeryuzundebirkacadim.com\/wp-content\/uploads\/2023\/12\/DSC00328-1-816x459.jpg 816w\" sizes=\"auto, (max-width: 1024px) 100vw, 1024px\" \/><\/h2>\n<p dir=\"ltr\" data-placeholder=\"\u00c7eviri\" data-ved=\"2ahUKEwjcjc_X1q2DAxU9R_EDHQAiCAcQ3ewLegQIBRAQ\"><strong>Tarih M\u00fczesi<\/strong><\/p>\n<p dir=\"ltr\" data-placeholder=\"\u00c7eviri\" data-ved=\"2ahUKEwjcjc_X1q2DAxU9R_EDHQAiCAcQ3ewLegQIBRAQ\">Eski sarayda konumlanan m\u00fcze Lviv&#8217;in belli ba\u015fl\u0131 m\u00fczelerinden biridir. 270 binden fazla par\u00e7a antik e\u015fya sergileniyor.<\/p>\n<div id=\"tw-container\" data-cp=\"1\" data-ddp=\"true\" data-drd=\"1700\" data-drt=\"10000\" data-is-rde=\"false\" data-is-ver=\"false\" data-nnttsvi=\"1\" data-sm=\"1\" data-ssbp=\"false\" data-sugg-time=\"500\" data-sugg-url=\"https:\/\/clients1.google.com\/complete\/search\" data-tc=\"true\" data-tcp=\"geluk met jou verjaarsdag,gelukkige verjaarsdag,awoda pa,\u1218\u120d\u12ab\u121d \u120d\u12f0\u1275,\u0639\u064a\u062f \u0645\u064a\u0644\u0627\u062f \u0633\u0639\u064a\u062f,\u099c\u09a8\u09cd\u09ae\u09a6\u09bf\u09a8\u09f0 \u0993\u09b2\u0997 \u099c\u09a8\u09be\u09b2\u09cb\u0981,aski mara phuqhawi,do\u011fum g\u00fcn\u00fcn m\u00fcbar\u0259k,ad g\u00fcn\u00fcn m\u00fcbar\u0259k,\u0437 \u0434\u043d\u0451\u043c \u043d\u0430\u0440\u0430\u0434\u0436\u044d\u043d\u043d\u044f,\u0447\u0435\u0441\u0442\u0438\u0442 \u0440\u043e\u0436\u0434\u0435\u043d \u0434\u0435\u043d,\u091c\u0928\u094d\u092e \u0926\u093f\u0928 \u0915\u0947 \u0936\u0941\u092d \u0915\u093e\u092e\u0928\u093e,sanb\u03b5 sanb\u03b5,\u09b6\u09c1\u09ad \u099c\u09a8\u09cd\u09ae\u09a6\u09bf\u09a8,sretan ro\u0111endan,per molts anys,feli\u00e7 aniversari,malipayong adlawng natawhan,\u06cc\u0627\u062f\u06cc \u0644\u06d5\u062f\u0627\u06cc\u06a9 \u0628\u0648\u0648\u0646\u062a \u067e\u06cc\u0631\u06c6\u0632 \u0628\u06ce\u062a,felice anniversariu,v\u0161echno nejlep\u0161\u00ed k narozenin\u00e1m,pen-blwydd hapus,penblwydd hapus,tillykke med f\u00f8dselsdagen,alles gute zum geburtstag,\u0938\u093e\u0932\u0917\u093f\u0930\u0939\u094d \u092e\u092c\u093e\u0930\u0915,\u0787\u07aa\u078a\u07a7\u0788\u07ac\u0783\u07a8 \u0787\u07aa\u078a\u07a6\u0782\u07b0\u078b\u07aa\u0788\u07a6\u0780\u07ac\u0787\u07b0,dzigbe z\u00e3 nyuie na w\u00f2,\u03c7\u03b1\u03c1\u03bf\u03cd\u03bc\u03b5\u03bd\u03b1 \u03b3\u03b5\u03bd\u03ad\u03b8\u03bb\u03b9\u03b1,happy birthday,feli\u0109an naski\u011dtagon,feliz cumplea\u00f1os,palju \u00f5nne s\u00fcnnip\u00e4evaks,zorionak,\u062a\u0648\u0644\u062f\u062a \u0645\u0628\u0627\u0631\u06a9,hyv\u00e4\u00e4 syntym\u00e4p\u00e4iv\u00e4\u00e4,joyeux anniversaire,lokkige jierdei,l\u00e1 breithe sona,l\u00e1 breithe shona duit,co-l\u00e0-breith math,feliz aniversario,vy'apav\u1ebd,\u091c\u0932\u094d\u092e\u0926\u093f\u0938\u093e\u091a\u0940 \u092a\u0930\u092c\u0940,\u0a9c\u0aa8\u0acd\u0aae\u0aa6\u0abf\u0ab5\u0ab8\u0aa8\u0ac0 \u0ab6\u0ac1\u0aad\u0ac7\u0a9a\u0acd\u0a9b\u0abe,\u0a9c\u0aa8\u0acd\u0aae\u0aa6\u0abf\u0ab5\u0ab8 \u0aa8\u0ac0 \u0ab6\u0ac1\u0aad\u0a95\u0abe\u0aae\u0aa8\u0abe,barka da ranar haihuwa,hau\u02bboli l\u0101 h\u0101nau,\u091c\u0928\u094d\u092e\u0926\u093f\u0928 \u0915\u0940 \u0936\u0941\u092d\u0915\u093e\u092e\u0928\u093e\u090f\u0902,\u091c\u0928\u094d\u092e\u0926\u093f\u0928 \u0915\u0940 \u0936\u0941\u092d\u0915\u093e\u092e\u0928\u093e\u090f\u0901,sretan ro\u0111endan,b\u00f2n f\u00e8t,boldog sz\u00fclet\u00e9snapot,\u056e\u0576\u0578\u0582\u0576\u0564\u0564 \u0577\u0576\u0578\u0580\u0570\u0561\u057e\u0578\u0580,selamat ulang tahun,ezi ncheta \u1ee5b\u1ecdch\u1ecb \u1ecdm\u1ee5m\u1ee5,ezi ncheta \u1ecdm\u1ee5m\u1ee5,naragsak a panagkasangay,til hamingju me\u00f0 afm\u00e6li\u00f0,buon compleanno,\u05d9\u05d5\u05dd \u05d4\u05d5\u05dc\u05d3\u05ea \u05e9\u05de\u05d7,\u8a95\u751f\u65e5\u304a\u3081\u3067\u3068\u3046,\u304a\u8a95\u751f\u65e5\u304a\u3081\u3067\u3068\u3046,sugeng ambal warsa,sugeng tanggap warsa,\u10d2\u10d8\u10da\u10dd\u10ea\u10d0\u10d5\u10d7 \u10d3\u10d0\u10d1\u10d0\u10d3\u10d4\u10d1\u10d8\u10e1 \u10d3\u10e6\u10d4\u10e1,\u10d2\u10d8\u10da\u10dd\u10ea\u10d0\u10d5 \u10d3\u10d0\u10d1\u10d0\u10d3\u10d4\u10d1\u10d8\u10e1 \u10d3\u10e6\u10d4\u10e1,\u0442\u0443\u0493\u0430\u043d \u043a\u04af\u043d \u049b\u04b1\u0442\u0442\u044b \u0431\u043e\u043b\u0441\u044b\u043d,\u0442\u0443\u044b\u043b\u0493\u0430\u043d \u043a\u04af\u043d\u0456\u04a3\u043c\u0435\u043d,\u179a\u17b8\u1780\u179a\u17b6\u1799\u1790\u17d2\u1784\u17c3\u1781\u17bd\u1794\u1780\u17c6\u178e\u17be\u178f,\u179a\u17b8\u1780\u179a\u17b6\u1799\u200b\u1790\u17d2\u1784\u17c3\u200b\u1780\u17c6\u178e\u17be\u178f,\u0cb9\u0cc1\u0c9f\u0ccd\u0c9f\u0cc1\u0cb9\u0cac\u0ccd\u0cac\u0ca6 \u0cb6\u0cc1\u0cad\u0cbe\u0cb6\u0caf\u0c97\u0cb3\u0cc1,\u0c9c\u0ca8\u0ccd\u0cae\u0ca6\u0cbf\u0ca8\u0ca6 \u0cb6\u0cc1\u0cad\u0cbe\u0cb6\u0caf\u0c97\u0cb3\u0cc1,\uc0dd\uc77c \ucd95\ud558\ud569\ub2c8\ub2e4,\uc0dd\uc77c \ucd95\ud558\ud574\uc694,api batde,rojb\u00fbna te p\u00eeroz be,\u0442\u0443\u0443\u043b\u0433\u0430\u043d \u043a\u04af\u043d\u04af\u04a3\u04af\u0437 \u043c\u0435\u043d\u0435\u043d,\u0442\u0443\u0443\u043b\u0433\u0430\u043d \u043a\u0443\u043d\u0443\u04a3\u0443\u0437 \u043c\u0435\u043d\u0435\u043d \u043a\u0443\u0442\u0442\u0443\u043a\u0442\u0430\u0439\u043c,felix natalis,alles guddes fir de gebuertsdag,amazaalibwa amalungi,mbotama elamu,\u0eaa\u0eb8\u0e81\u0eaa\u0eb1\u0e99\u0ea7\u0eb1\u0e99\u0ec0\u0e81\u0eb5\u0e94,\u0eaa\u0eb8\u0e81\u200b\u0eaa\u0eb1\u0e99\u200b\u0ea7\u0eb1\u0e99\u200b\u0ec0\u0e81\u0eb5\u0e94,su gimtadieniu,piancham chibai,daudz laimes dzim\u0161anas dien\u0101,\u091c\u0928\u094d\u092e\u0926\u093f\u0928\u0915 \u0936\u0941\u092d\u0915\u093e\u092e\u0928\u093e,tratry ny tsingerin-taona,tratry ny tsingerintaona nahaterahana,\u0441\u0440\u0435\u045c\u0435\u043d \u0440\u043e\u0434\u0435\u043d\u0434\u0435\u043d,\u0d1c\u0d28\u0d4d\u0d2e\u0d26\u0d3f\u0d28\u0d3e\u0d36\u0d02\u0d38\u0d15\u0d7e,\u0442\u04e9\u0440\u0441\u04e9\u043d \u04e9\u0434\u0440\u0438\u0439\u043d \u043c\u044d\u043d\u0434 \u0445\u04af\u0440\u0433\u044d\u0435,\u0442\u04e9\u0440\u0441\u04e9\u043d \u04e9\u0434\u0440\u0438\u0439\u043d \u043c\u044d\u043d\u0434,\uabc5\uabe8\uabe1\uabc9\uabe5\uabcf\uabd4\uabd5 \uabc4\uabe3\uabdb\uabc4 \uabc5\uabe8\uabc3\uabe4\uabe0,\u0935\u093e\u0922\u0926\u093f\u0935\u0938\u093e\u091a\u094d\u092f\u093e \u0936\u0941\u092d\u0947\u091a\u094d\u091b\u093e,\u0935\u093e\u0922\u0926\u093f\u0935\u0938\u093e\u091a\u094d\u092f\u093e \u0939\u093e\u0930\u094d\u0926\u093f\u0915 \u0936\u0941\u092d\u0947\u091a\u094d\u091b\u093e,selamat hari lahir,xewqat sbie\u0127 f'g\u0127eluq sninek,\u1015\u103b\u1031\u102c\u103a\u101b\u103d\u103e\u1004\u103a\u1016\u103d\u101a\u103a \u1019\u103d\u1031\u1038\u1014\u1031\u1037\u1016\u103c\u1005\u103a\u1015\u102b\u1005\u1031,\u1015\u103b\u1031\u102c\u103a\u101b\u103d\u103e\u1004\u103a\u1005\u101b\u102c\u1019\u103d\u1031\u1038\u1014\u1031\u1037\u1016\u103c\u1005\u103a\u1015\u102b\u1005\u1031,\u091c\u0928\u094d\u092e \u0926\u093f\u0928\u0915\u094b \u0936\u0941\u092d\u0915\u093e\u092e\u0928\u093e,gefeliciteerd met je verjaardag,gefeliciteerd,gratulerer med dagen,matswalo a mabotse,tsiku labwino lobadwa,baga guyyaa dhaloota kee geesse,\u0b1c\u0b28\u0b4d\u0b2e\u0b26\u0b3f\u0b28\u0b30 \u0b36\u0b41\u0b2d\u0b47\u0b1a\u0b4d\u0b1b\u0b3e,\u0b1c\u0b28\u0b4d\u0b2e\u0b26\u0b3f\u0b28\u0b30 \u0b05\u0b2d\u0b3f\u0b28\u0b28\u0b4d\u0b26\u0b28,\u0a1c\u0a28\u0a2e\u0a26\u0a3f\u0a28 \u0a26\u0a40\u0a06\u0a02 \u0a35\u0a27\u0a3e\u0a08\u0a06\u0a02,\u0a1c\u0a28\u0a2e\u0a26\u0a3f\u0a28 \u0a2e\u0a41\u0a2c\u0a3e\u0a30\u0a15,wszystkiego najlepszego z okazji urodzin,\u06a9\u0644\u06cc\u0632\u0647 \u062f\u06cc \u0646\u06cc\u06a9\u0645\u0631\u063a\u0647,feliz anivers\u00e1rio,punchawniykipi kusikuni,la mul\u021bi ani,\u0441 \u0434\u043d\u0435\u043c \u0440\u043e\u0436\u0434\u0435\u043d\u0438\u044f,isabukuru nziza,\u0936\u0941\u092d\u0902 \u091c\u0928\u094d\u092e\u0926\u093f\u0928\u092e\u094d\u200c,\u062c\u0646\u0645 \u068f\u064a\u0646\u0647\u0646 \u0645\u0628\u0627\u0631\u06aa,\u0dc3\u0dd4\u0db6 \u0d8b\u0db4\u0db1\u0dca \u0daf\u0dd2\u0db1\u0dba\u0d9a\u0dca,v\u0161etko najlep\u0161ie k narodenin\u00e1m,\u0161\u0165astn\u00e9 narodeniny,vse najbolj\u0161e,manuia asofanau,bhavhadhe rinofadza,maalin dhalasheed farxad leh,dhalasho wacan,g\u00ebzuar dit\u00eblindjen,\u0441\u0440\u0435\u045b\u0430\u043d \u0440\u043e\u0452\u0435\u043d\u0434\u0430\u043d,letsatsi le monate la tsoalo,wilujeung milangkala,wilujeung tepang taun,grattis p\u00e5 f\u00f6delsedagen,heri ya siku ya kuzaliwa,\u0baa\u0bbf\u0bb1\u0ba8\u0bcd\u0ba4\u0ba8\u0bbe\u0bb3\u0bcd \u0bb5\u0bbe\u0bb4\u0bcd\u0ba4\u0bcd\u0ba4\u0bc1\u0b95\u0bb3\u0bcd,\u0baa\u0bbf\u0bb1\u0ba8\u0bcd\u0ba4\u0ba8\u0bbe\u0bb3\u0bcd \u0bb5\u0bbe\u0bb4\u0bcd\u0ba4\u0bcd\u0ba4\u0bc1\u0b95\u0bcd\u0b95\u0bb3\u0bcd,\u0c2a\u0c41\u0c1f\u0c4d\u0c1f\u0c3f\u0c28\u0c30\u0c4b\u0c1c\u0c41 \u0c36\u0c41\u0c2d\u0c3e\u0c15\u0c3e\u0c02\u0c15\u0c4d\u0c37\u0c32\u0c41,\u0437\u043e\u0434\u0440\u04ef\u0437 \u043c\u0443\u0431\u043e\u0440\u0430\u043a,\u0e2a\u0e38\u0e02\u0e2a\u0e31\u0e19\u0e15\u0e4c\u0e27\u0e31\u0e19\u0e40\u0e01\u0e34\u0e14,\u12a5\u1295\u12b3\u12d5 \u1270\u12c8\u1208\u12f5\u12ab,doglan g\u00fcn\u00fc\u0148 bilen,maligayang kaarawan,do\u011fum g\u00fcn\u00fcn\u00fcz kutlu olsun,do\u011fum g\u00fcn\u00fcn kutlu olsun,siku lerinene ro velekiwa,\u0442\u0443\u0433\u0430\u043d \u043a\u04e9\u043d \u0431\u0435\u043b\u04d9\u043d,\u0437 \u0434\u043d\u0435\u043c \u043d\u0430\u0440\u043e\u0434\u0436\u0435\u043d\u043d\u044f,\u0633\u0627\u0644\u06af\u0631\u06c1 \u0645\u0628\u0627\u0631\u06a9,\u0633\u0627\u0644\u06af\u0631\u06c1 \u0645\u0628\u0627\u0631\u06a9 \u06c1\u0648,tug\u02bbilgan kuningiz bilan,tug'ilgan kun muborak bo'lsin,ch\u00fac m\u1eebng sinh nh\u1eadt,mini emnandi,nwabela usuku lwakho owaqala ngalo,o ku\u0301 a\u0300ya\u0301j\u1ecd\u0301 \u1ecdj\u1ecd\u0301 i\u0300bi\u0301,o ku ojo ibi,\u751f\u65e5\u5feb\u4e50,\u751f\u65e5\u5feb\u6a02,sikufisela usuku lokuzalwa oluhle,usuku olumnandi lokuzalwa\" data-uilc=\"tr\" data-vil=\",af,af-ZA,am,am-ET,ar-EG,ar-AE,ar-KW,ar-QA,ar,ar-IL,ar-JO,ar-LB,ar-PS,az,az-AZ,bg,bg-BG,bn,bn-BD,bn-IN,ca,ca-es,cs,cs-CZ,de,de-DE,de-CH,de-AT,de-LI,en,en-US,en-CA,en-AU,en-NZ,en-GB,en-IN,en-KE,en-TZ,en-NG,en-GH,en-PH,en-ZA,es,es-ES,es-AR,es-UY,es-419,es-BO,es-CL,es-CR,es-CO,es-DO,es-EC,es-GT,es-HN,es-NI,es-PA,es-PE,es-PR,es-PY,es-SV,es-VE,es-MX,es-US,eu,eu-ES,fi,fi-FI,fr,fr-FR,fr-CH,fr-BE,gl,gl-ES,gu,gu-IN,he,he-IL,iw,iw-IL,hu,hu-HU,hy,hy-AM,id,id-ID,is,is-IS,it,it-IT,it-CH,ja,ja-JP,jv,jv-ID,ka,ka-GE,km,km-KH,kn,kn-IN,ko,ko-KR,la,lo,lo-LA,lv,lv-LV,ml,ml-IN,mr,mr-IN,ms,ms-MY,nl,nl-NL,nb,nb-NO,ne,ne-NP,pl,pl-PL,pt,pt-BR,pt-PT,ro,ro-RO,ru,ru-RU,si-LK,sk,sk-SK,sr,sr-RS,su,su-ID,sv,sv-SE,sw,sw-TZ,sw-KE,ta,ta-IN,ta-SG,ta-LK,ta-MY,te,te-IN,tr,tr-TR,ur,ur-PK,ur-IN,yue,yue-HK,yue-Hant-HK,zh-HK,zh,zh-CN,zh-cmn,zh-cmn-CN,zh-Hans,zh-Hans-CN,zh-cmn-Hans,zh-cmn-Hans-CN,cmn-CN,cmn-Hans,cmn-Hans-CN,zh-TW,zh-Hant-TW,cmn-TW,cmn-Hant-TW,zh-cmn-TW,zh-cmn-Hant-TW,zu,zu-ZA\">\n<div id=\"tw-ob\" class=\"tw-src-ltr\">\n<div class=\"oSioSc\">\n<div id=\"tw-target\">\n<div id=\"kAz1tf\" class=\"g9WsWb PZPZlf\" data-attrid=\"tw-targetArea\" data-entityname=\"Google Translate\">\n<div id=\"tw-target-text-container\" class=\"tw-ta-container F0azHf tw-nfl\" tabindex=\"0\">\n<p dir=\"ltr\" data-placeholder=\"\u00c7eviri\" data-ved=\"2ahUKEwjcjc_X1q2DAxU9R_EDHQAiCAcQ3ewLegQIBRAQ\"><img loading=\"lazy\" decoding=\"async\" class=\"alignnone size-medium wp-image-6180\" src=\"https:\/\/www.yeryuzundebirkacadim.com\/wp-content\/uploads\/2023\/12\/DSC00320-1024x576.jpg\" alt=\"\" width=\"1024\" height=\"576\" srcset=\"https:\/\/www.yeryuzundebirkacadim.com\/wp-content\/uploads\/2023\/12\/DSC00320-1024x576.jpg 1024w, https:\/\/www.yeryuzundebirkacadim.com\/wp-content\/uploads\/2023\/12\/DSC00320-2048x1152.jpg 2048w, https:\/\/www.yeryuzundebirkacadim.com\/wp-content\/uploads\/2023\/12\/DSC00320-768x432.jpg 768w, https:\/\/www.yeryuzundebirkacadim.com\/wp-content\/uploads\/2023\/12\/DSC00320-1536x864.jpg 1536w, https:\/\/www.yeryuzundebirkacadim.com\/wp-content\/uploads\/2023\/12\/DSC00320-816x459.jpg 816w\" sizes=\"auto, (max-width: 1024px) 100vw, 1024px\" \/><\/p>\n<p dir=\"ltr\" data-placeholder=\"\u00c7eviri\" data-ved=\"2ahUKEwjcjc_X1q2DAxU9R_EDHQAiCAcQ3ewLegQIBRAQ\"><strong>8. Lviv Kahve \u00dcreticisi ( Coffee Mining Manifacture)<\/strong><\/p>\n<p dir=\"ltr\" data-placeholder=\"\u00c7eviri\" data-ved=\"2ahUKEwjcjc_X1q2DAxU9R_EDHQAiCAcQ3ewLegQIBRAQ\"><img loading=\"lazy\" decoding=\"async\" class=\"alignnone size-medium wp-image-6300\" src=\"https:\/\/www.yeryuzundebirkacadim.com\/wp-content\/uploads\/2023\/12\/DSC00406-1-1024x576.jpg\" alt=\"\" width=\"1024\" height=\"576\" srcset=\"https:\/\/www.yeryuzundebirkacadim.com\/wp-content\/uploads\/2023\/12\/DSC00406-1-1024x576.jpg 1024w, https:\/\/www.yeryuzundebirkacadim.com\/wp-content\/uploads\/2023\/12\/DSC00406-1-2048x1152.jpg 2048w, https:\/\/www.yeryuzundebirkacadim.com\/wp-content\/uploads\/2023\/12\/DSC00406-1-768x432.jpg 768w, https:\/\/www.yeryuzundebirkacadim.com\/wp-content\/uploads\/2023\/12\/DSC00406-1-1536x864.jpg 1536w, https:\/\/www.yeryuzundebirkacadim.com\/wp-content\/uploads\/2023\/12\/DSC00406-1-816x459.jpg 816w\" sizes=\"auto, (max-width: 1024px) 100vw, 1024px\" \/><\/p>\n<p dir=\"ltr\" data-placeholder=\"\u00c7eviri\" data-ved=\"2ahUKEwjcjc_X1q2DAxU9R_EDHQAiCAcQ3ewLegQIBRAQ\"><strong>Kahvenin \u00d6yk\u00fcs\u00fc:<\/strong><\/p>\n<p dir=\"ltr\" data-placeholder=\"\u00c7eviri\" data-ved=\"2ahUKEwjcjc_X1q2DAxU9R_EDHQAiCAcQ3ewLegQIBRAQ\">1683 y\u0131l\u0131ndaki Viyana Sava\u015f\u0131&#8217;ndan sonra Avusturyal\u0131lar, terk edilmi\u015f T\u00fcrk kamp\u0131nda \u00e7ok say\u0131da kahve torbas\u0131 buldu. Franciszek Kulczycki adl\u0131 bir Ukraynal\u0131, ele ge\u00e7irilen bu sto\u011fu kullanarak\u00a0 Viyana&#8217;da ilk kahvehaneyi a\u00e7t\u0131 ve efsaneye g\u00f6re burada ac\u0131 kahveyi tatland\u0131rmak i\u00e7in s\u00fct ve bal ekleyerek kapu\u00e7inoyu icat etti. Bug\u00fcn Lviv kahve k\u00fclt\u00fcr\u00fc ve kafelerin bollu\u011fuyla tan\u0131n\u0131yor.<\/p>\n<p><strong>Lviv Kahve \u00dcreticisi; <\/strong>Rynok Meydan\u0131&#8217;na bakan bir konumda. \u015eehrin en pop\u00fcler kahve mekan\u0131.<\/p>\n<p>Giri\u015f kat\u0131nda imalat b\u00f6l\u00fcm\u00fc buluyor.<\/p>\n<p><img loading=\"lazy\" decoding=\"async\" class=\"alignnone size-medium wp-image-6184\" src=\"https:\/\/www.yeryuzundebirkacadim.com\/wp-content\/uploads\/2023\/12\/DSC00337-1024x576.jpg\" alt=\"\" width=\"1024\" height=\"576\" srcset=\"https:\/\/www.yeryuzundebirkacadim.com\/wp-content\/uploads\/2023\/12\/DSC00337-1024x576.jpg 1024w, https:\/\/www.yeryuzundebirkacadim.com\/wp-content\/uploads\/2023\/12\/DSC00337-2048x1152.jpg 2048w, https:\/\/www.yeryuzundebirkacadim.com\/wp-content\/uploads\/2023\/12\/DSC00337-768x432.jpg 768w, https:\/\/www.yeryuzundebirkacadim.com\/wp-content\/uploads\/2023\/12\/DSC00337-1536x864.jpg 1536w, https:\/\/www.yeryuzundebirkacadim.com\/wp-content\/uploads\/2023\/12\/DSC00337-816x459.jpg 816w\" sizes=\"auto, (max-width: 1024px) 100vw, 1024px\" \/><\/p>\n<p>Ama ilgin\u00e7 olan a\u015fa\u011f\u0131daki bodrum kat\u0131. Kafe \u00e7al\u0131\u015fanlar\u0131 size madenci kasklar\u0131 veriyor. Maden t\u00fcnellerine benzer t\u00fcnellerde ilerleniyor.<\/p>\n<p>Yine \u00e7al\u0131\u015fanlar sizi Lviv kahvesinin d\u00fcnyadaki tek kahve madeni olan Lviv Kahve Madeni&#8217;nden \u00e7\u0131kar\u0131ld\u0131\u011f\u0131na ikna etmeye \u00e7al\u0131\u015f\u0131yorlar \ud83d\ude42<\/p>\n<p>Bu madende kahve i\u00e7ilen odalar var. Mahzende alevli \u015fov da olduk\u00e7a e\u011flenceli. Garson kahvenize alev p\u00fcsk\u00fcrterek karameli yak\u0131yor. B\u00f6yle bir sunum ba\u015fka yerde yok.<\/p>\n<p><img loading=\"lazy\" decoding=\"async\" class=\"alignnone size-medium wp-image-6185\" src=\"https:\/\/www.yeryuzundebirkacadim.com\/wp-content\/uploads\/2023\/12\/DSC00347-1024x576.jpg\" alt=\"\" width=\"1024\" height=\"576\" srcset=\"https:\/\/www.yeryuzundebirkacadim.com\/wp-content\/uploads\/2023\/12\/DSC00347-1024x576.jpg 1024w, https:\/\/www.yeryuzundebirkacadim.com\/wp-content\/uploads\/2023\/12\/DSC00347-2048x1152.jpg 2048w, https:\/\/www.yeryuzundebirkacadim.com\/wp-content\/uploads\/2023\/12\/DSC00347-768x432.jpg 768w, https:\/\/www.yeryuzundebirkacadim.com\/wp-content\/uploads\/2023\/12\/DSC00347-1536x864.jpg 1536w, https:\/\/www.yeryuzundebirkacadim.com\/wp-content\/uploads\/2023\/12\/DSC00347-816x459.jpg 816w\" sizes=\"auto, (max-width: 1024px) 100vw, 1024px\" \/><\/p>\n<\/div>\n<\/div>\n<\/div>\n<\/div>\n<\/div>\n<\/div>\n<p><strong>9. Lviv \u00c7ikolata Fabrikas\u0131 (Lviv El Yap\u0131m\u0131 \u00c7ikolata)<\/strong><\/p>\n<p><img loading=\"lazy\" decoding=\"async\" class=\"alignnone size-medium wp-image-6298\" src=\"https:\/\/www.yeryuzundebirkacadim.com\/wp-content\/uploads\/2023\/12\/DSC00353-1-1024x576.jpg\" alt=\"\" width=\"1024\" height=\"576\" srcset=\"https:\/\/www.yeryuzundebirkacadim.com\/wp-content\/uploads\/2023\/12\/DSC00353-1-1024x576.jpg 1024w, https:\/\/www.yeryuzundebirkacadim.com\/wp-content\/uploads\/2023\/12\/DSC00353-1-2048x1152.jpg 2048w, https:\/\/www.yeryuzundebirkacadim.com\/wp-content\/uploads\/2023\/12\/DSC00353-1-768x432.jpg 768w, https:\/\/www.yeryuzundebirkacadim.com\/wp-content\/uploads\/2023\/12\/DSC00353-1-1536x864.jpg 1536w, https:\/\/www.yeryuzundebirkacadim.com\/wp-content\/uploads\/2023\/12\/DSC00353-1-816x459.jpg 816w\" sizes=\"auto, (max-width: 1024px) 100vw, 1024px\" \/><\/p>\n<p>2009 y\u0131l\u0131nda a\u00e7\u0131lm\u0131\u015f, \u015fehrin en me\u015fhur \u00e7ikolata firmas\u0131 markas\u0131.<\/p>\n<p>D\u00fckkan, Rynok Meydan\u0131&#8217;na \u00e7\u0131kan Serbska (S\u0131rp) caddesi \u00fczerinde bulunuyor.<\/p>\n<p>1. kat\u0131nda s\u0131cak \u00e7ikolata veya kahve tadarken \u00e7ikolata \u00fcretiminin izlenebilece\u011fi k\u00fc\u00e7\u00fck bir kafe var. 2. ve 3. katta da sat\u0131\u015f yap\u0131l\u0131yor. Yine 3. katta oturmak i\u00e7in daha uygun kapal\u0131 alan ve \u015firin bir a\u00e7\u0131k teras bulunuyor. Burada kahve e\u015fli\u011finde \u00e7e\u015fit \u00e7e\u015fit pasta ve tatl\u0131lar\u0131n tad\u0131na bakmak m\u00fcmk\u00fcn. \u0130laveten teras\u0131n \u015fehir manzaras\u0131 seyredilmeli.<\/p>\n<p><img loading=\"lazy\" decoding=\"async\" class=\"alignnone size-medium wp-image-6299\" src=\"https:\/\/www.yeryuzundebirkacadim.com\/wp-content\/uploads\/2023\/12\/DSC00364-1-1024x576.jpg\" alt=\"\" width=\"1024\" height=\"576\" srcset=\"https:\/\/www.yeryuzundebirkacadim.com\/wp-content\/uploads\/2023\/12\/DSC00364-1-1024x576.jpg 1024w, https:\/\/www.yeryuzundebirkacadim.com\/wp-content\/uploads\/2023\/12\/DSC00364-1-2048x1152.jpg 2048w, https:\/\/www.yeryuzundebirkacadim.com\/wp-content\/uploads\/2023\/12\/DSC00364-1-768x432.jpg 768w, https:\/\/www.yeryuzundebirkacadim.com\/wp-content\/uploads\/2023\/12\/DSC00364-1-1536x864.jpg 1536w, https:\/\/www.yeryuzundebirkacadim.com\/wp-content\/uploads\/2023\/12\/DSC00364-1-816x459.jpg 816w\" sizes=\"auto, (max-width: 1024px) 100vw, 1024px\" \/><\/p>\n<p><strong>10. Mazoch Cafe<\/strong><\/p>\n<p>\u015eehrin en ilgin\u00e7 kafesi.<\/p>\n<p>Leopold von Sacher-Masoch, literat\u00fcrde mazo\u015fizm kavram\u0131n\u0131n &#8220;isim babas\u0131&#8221; olarak biliniyor. Onun an\u0131s\u0131na yap\u0131lm\u0131\u015f bir kafe buras\u0131.<\/p>\n<p>Kafenin \u00f6n\u00fcndeki heykeli 2008&#8217;de yap\u0131lm\u0131\u015f. Heykelt\u0131ra\u015f Volodymyr Tsisarik heykele mizah unsurlar\u0131 katarak Masoch ruhuna uygun bir heykel yaratm\u0131\u015f.<\/p>\n<p>Heykelin g\u00f6\u011fs\u00fcnde, i\u00e7inden erotik resimlerin g\u00f6r\u00fclebildi\u011fi bir b\u00fcy\u00fcte\u00e7 bulunuyor. Ceketinin alt\u0131ndan birinin elleri \u00e7\u0131k\u0131yor. Ancak an\u0131t\u0131n as\u0131l s\u0131rr\u0131 pantolonunun sol cebindedir \ud83d\ude42<\/p>\n<p><img loading=\"lazy\" decoding=\"async\" class=\"alignnone size-medium wp-image-6188\" src=\"https:\/\/www.yeryuzundebirkacadim.com\/wp-content\/uploads\/2023\/12\/DSC00365-1024x576.jpg\" alt=\"\" width=\"1024\" height=\"576\" srcset=\"https:\/\/www.yeryuzundebirkacadim.com\/wp-content\/uploads\/2023\/12\/DSC00365-1024x576.jpg 1024w, https:\/\/www.yeryuzundebirkacadim.com\/wp-content\/uploads\/2023\/12\/DSC00365-2048x1152.jpg 2048w, https:\/\/www.yeryuzundebirkacadim.com\/wp-content\/uploads\/2023\/12\/DSC00365-768x432.jpg 768w, https:\/\/www.yeryuzundebirkacadim.com\/wp-content\/uploads\/2023\/12\/DSC00365-1536x864.jpg 1536w, https:\/\/www.yeryuzundebirkacadim.com\/wp-content\/uploads\/2023\/12\/DSC00365-816x459.jpg 816w\" sizes=\"auto, (max-width: 1024px) 100vw, 1024px\" \/><\/p>\n<p>R\u00f6ntgencili\u011fi simgeleyen, anahtar deli\u011fi \u015feklinde yap\u0131lm\u0131\u015f heykel, restoran\u0131n kap\u0131s\u0131n\u0131n \u00f6n\u00fcne yerle\u015ftirilmi\u015f.<\/p>\n<p><img loading=\"lazy\" decoding=\"async\" class=\"alignnone size-medium wp-image-6189\" src=\"https:\/\/www.yeryuzundebirkacadim.com\/wp-content\/uploads\/2023\/12\/DSC00366-1024x576.jpg\" alt=\"\" width=\"1024\" height=\"576\" srcset=\"https:\/\/www.yeryuzundebirkacadim.com\/wp-content\/uploads\/2023\/12\/DSC00366-1024x576.jpg 1024w, https:\/\/www.yeryuzundebirkacadim.com\/wp-content\/uploads\/2023\/12\/DSC00366-2048x1152.jpg 2048w, https:\/\/www.yeryuzundebirkacadim.com\/wp-content\/uploads\/2023\/12\/DSC00366-768x432.jpg 768w, https:\/\/www.yeryuzundebirkacadim.com\/wp-content\/uploads\/2023\/12\/DSC00366-1536x864.jpg 1536w, https:\/\/www.yeryuzundebirkacadim.com\/wp-content\/uploads\/2023\/12\/DSC00366-816x459.jpg 816w\" sizes=\"auto, (max-width: 1024px) 100vw, 1024px\" \/><\/p>\n<p>Kafenin i\u00e7inde neler mi var ?<\/p>\n<p>Girmedim, g\u00f6rmedim \ud83d\ude42<\/p>\n<p>Ama s\u00f6ylenilenlere g\u00f6re siyah ve k\u0131rm\u0131z\u0131 renklerin hakim oldu\u011fu mekanda zincir, pranga ve k\u0131rba\u00e7 bulunuyormu\u015f. Bunlar sergi i\u00e7in de\u011fil kullanmak i\u00e7in tabii&#8230;<\/p>\n<p><strong>11.<\/strong> <strong>Dominik Katedrali (Din Tarihi M\u00fczesi)<\/strong><\/p>\n<p><img loading=\"lazy\" decoding=\"async\" class=\"alignnone size-medium wp-image-6195\" src=\"https:\/\/www.yeryuzundebirkacadim.com\/wp-content\/uploads\/2023\/12\/DSC00390-1024x576.jpg\" alt=\"\" width=\"1024\" height=\"576\" srcset=\"https:\/\/www.yeryuzundebirkacadim.com\/wp-content\/uploads\/2023\/12\/DSC00390-1024x576.jpg 1024w, https:\/\/www.yeryuzundebirkacadim.com\/wp-content\/uploads\/2023\/12\/DSC00390-2048x1152.jpg 2048w, https:\/\/www.yeryuzundebirkacadim.com\/wp-content\/uploads\/2023\/12\/DSC00390-768x432.jpg 768w, https:\/\/www.yeryuzundebirkacadim.com\/wp-content\/uploads\/2023\/12\/DSC00390-1536x864.jpg 1536w, https:\/\/www.yeryuzundebirkacadim.com\/wp-content\/uploads\/2023\/12\/DSC00390-816x459.jpg 816w\" sizes=\"auto, (max-width: 1024px) 100vw, 1024px\" \/><\/p>\n<p>14. y\u00fczy\u0131lda Lviv&#8217;e gelen Dominik rahipleri taraf\u0131ndan kurulan katedralin yerine 18. y\u00fczy\u0131lda in\u015fa edildi.<\/p>\n<p>Binan\u0131n cephesinde Dominik armas\u0131 ve Dominik tarikat\u0131n\u0131n sembol\u00fc, di\u015flerinin aras\u0131nda yanan me\u015fale bulunan bir k\u00f6pek yer al\u0131yor. Bina ayn\u0131 zamanda azizlerin an\u0131tsal fig\u00fcrleriyle de dekore edilmi\u015ftir<\/p>\n<p>20. y\u00fczy\u0131l\u0131n sonunda kilise, Ukrayna Yunan Katolik Kilisesi&#8217;nin m\u00fclkiyetine ge\u00e7ti ve Kutsal Efkaristiya Kilisesi olarak yeniden adland\u0131r\u0131ld\u0131. G\u00fcn\u00fcm\u00fczde &#8220;Din Tarihi M\u00fczesi&#8221; olarak hizmet veriyor.<\/p>\n<p>Katedral ve manast\u0131r binalar\u0131n\u0131n yan\u0131 s\u0131ra 19. y\u00fczy\u0131lda in\u015fa edilen d\u00f6rt katl\u0131 neo-barok \u00e7an kulesi de mimari kompleksin bir par\u00e7as\u0131.<\/p>\n<p>\u0130\u00e7 mekan\u0131 ihti\u015faml\u0131 ve zarif.<\/p>\n<p><img loading=\"lazy\" decoding=\"async\" class=\"alignnone size-medium wp-image-6193\" src=\"https:\/\/www.yeryuzundebirkacadim.com\/wp-content\/uploads\/2023\/12\/DSC00381-1024x576.jpg\" alt=\"\" width=\"1024\" height=\"576\" srcset=\"https:\/\/www.yeryuzundebirkacadim.com\/wp-content\/uploads\/2023\/12\/DSC00381-1024x576.jpg 1024w, https:\/\/www.yeryuzundebirkacadim.com\/wp-content\/uploads\/2023\/12\/DSC00381-2048x1152.jpg 2048w, https:\/\/www.yeryuzundebirkacadim.com\/wp-content\/uploads\/2023\/12\/DSC00381-768x432.jpg 768w, https:\/\/www.yeryuzundebirkacadim.com\/wp-content\/uploads\/2023\/12\/DSC00381-1536x864.jpg 1536w, https:\/\/www.yeryuzundebirkacadim.com\/wp-content\/uploads\/2023\/12\/DSC00381-816x459.jpg 816w\" sizes=\"auto, (max-width: 1024px) 100vw, 1024px\" \/><\/p>\n<p>Merkezinde d\u00f6rt havari fig\u00fcr\u00fcn\u00fcn yer ald\u0131\u011f\u0131 barok sunak yer al\u0131yor.<\/p>\n<p><img loading=\"lazy\" decoding=\"async\" class=\"alignnone size-medium wp-image-6304\" src=\"https:\/\/www.yeryuzundebirkacadim.com\/wp-content\/uploads\/2023\/12\/DSC00384-1024x576.jpg\" alt=\"\" width=\"1024\" height=\"576\" srcset=\"https:\/\/www.yeryuzundebirkacadim.com\/wp-content\/uploads\/2023\/12\/DSC00384-1024x576.jpg 1024w, https:\/\/www.yeryuzundebirkacadim.com\/wp-content\/uploads\/2023\/12\/DSC00384-2048x1152.jpg 2048w, https:\/\/www.yeryuzundebirkacadim.com\/wp-content\/uploads\/2023\/12\/DSC00384-768x432.jpg 768w, https:\/\/www.yeryuzundebirkacadim.com\/wp-content\/uploads\/2023\/12\/DSC00384-1536x864.jpg 1536w, https:\/\/www.yeryuzundebirkacadim.com\/wp-content\/uploads\/2023\/12\/DSC00384-816x459.jpg 816w\" sizes=\"auto, (max-width: 1024px) 100vw, 1024px\" \/><\/p>\n<p>Katedral, eski Gotik kiliseden buraya getirilen 16. &#8211; 17. y\u00fczy\u0131llara ait ta\u015f ve kaymakta\u015f\u0131 mezar ta\u015flar\u0131 da dahil olmak \u00fczere baz\u0131 dikkat \u00e7ekici sanat eserlerini bar\u0131nd\u0131rmaktad\u0131r.<\/p>\n<p>M\u00fcze sergisi; d\u00fcnya tarihini ve ulusal dinleri temsil eden materyaller i\u00e7ermektedir.<br \/>\nM\u00fcze sergisinde \u015fu tematik b\u00f6l\u00fcmler yer almaktad\u0131r: &#8220;Antik \u00c7a\u011f Dini&#8221;, &#8220;Yahudilik&#8221;, &#8220;Erken H\u0131ristiyanl\u0131k&#8221;, &#8220;Ermeni Kilisesi&#8221;, &#8220;Roma-Katolik Kilisesi Tarihi&#8221;, &#8220;Ukrayna Rum-Katolik Kilisesi&#8221;, &#8220;Ortodoks Kilisesi&#8221;, &#8220;Protestanl\u0131k&#8221;, &#8220;\u0130slam&#8221;, &#8220;Budizm&#8221;.<\/p>\n<p><img loading=\"lazy\" decoding=\"async\" class=\"alignnone size-medium wp-image-6196\" src=\"https:\/\/www.yeryuzundebirkacadim.com\/wp-content\/uploads\/2023\/12\/DSC00391-1024x576.jpg\" alt=\"\" width=\"1024\" height=\"576\" srcset=\"https:\/\/www.yeryuzundebirkacadim.com\/wp-content\/uploads\/2023\/12\/DSC00391-1024x576.jpg 1024w, https:\/\/www.yeryuzundebirkacadim.com\/wp-content\/uploads\/2023\/12\/DSC00391-2048x1152.jpg 2048w, https:\/\/www.yeryuzundebirkacadim.com\/wp-content\/uploads\/2023\/12\/DSC00391-768x432.jpg 768w, https:\/\/www.yeryuzundebirkacadim.com\/wp-content\/uploads\/2023\/12\/DSC00391-1536x864.jpg 1536w, https:\/\/www.yeryuzundebirkacadim.com\/wp-content\/uploads\/2023\/12\/DSC00391-816x459.jpg 816w\" sizes=\"auto, (max-width: 1024px) 100vw, 1024px\" \/><\/p>\n<p class=\"text-grey-black\"><strong>Dominik Kilisesi&#8217;ndeki \u00dc\u00e7 Aziz \u015eapeli ve Korniakt Kulesi<\/strong><\/p>\n<p>\u00dc\u00e7 Aziz \u015eapeli; ad\u0131n\u0131 16. y\u00fczy\u0131lda ayn\u0131 ad\u0131 ta\u015f\u0131yan karde\u015flerden al\u0131r.<\/p>\n<p>Korniakt Kulesi; 1570\u2019de Korniakt ad\u0131nda zengin t\u00fcccar yapt\u0131rm\u0131\u015f.<\/p>\n<p><strong>\u00a0<\/strong><img loading=\"lazy\" decoding=\"async\" class=\"alignnone size-medium wp-image-6191\" src=\"https:\/\/www.yeryuzundebirkacadim.com\/wp-content\/uploads\/2023\/12\/DSC00375-1024x576.jpg\" alt=\"\" width=\"1024\" height=\"576\" srcset=\"https:\/\/www.yeryuzundebirkacadim.com\/wp-content\/uploads\/2023\/12\/DSC00375-1024x576.jpg 1024w, https:\/\/www.yeryuzundebirkacadim.com\/wp-content\/uploads\/2023\/12\/DSC00375-2048x1152.jpg 2048w, https:\/\/www.yeryuzundebirkacadim.com\/wp-content\/uploads\/2023\/12\/DSC00375-768x432.jpg 768w, https:\/\/www.yeryuzundebirkacadim.com\/wp-content\/uploads\/2023\/12\/DSC00375-1536x864.jpg 1536w, https:\/\/www.yeryuzundebirkacadim.com\/wp-content\/uploads\/2023\/12\/DSC00375-816x459.jpg 816w\" sizes=\"auto, (max-width: 1024px) 100vw, 1024px\" \/><\/p>\n<p><strong>12. Ressam Nikifor Drovniak Heykeli<\/strong><\/p>\n<p>Me\u015fhur ressam Drovniak an\u0131s\u0131na 2005 y\u0131l\u0131nda yap\u0131lm\u0131\u015ft\u0131r. Heykelde sanat\u00e7\u0131 bir f\u0131r\u00e7ayla oturup resim yap\u0131yor ve \u015fehrin konuklar\u0131na bir \u015feyler anlat\u0131yormu\u015f izlenimi veriyor.<\/p>\n<p>Heykeli her ziyaret eden \u015fans getirdi\u011fine inan\u0131p burnu ve parma\u011f\u0131yla oynuyormu\u015f.<\/p>\n<p><img loading=\"lazy\" decoding=\"async\" class=\"alignnone size-medium wp-image-6192\" src=\"https:\/\/www.yeryuzundebirkacadim.com\/wp-content\/uploads\/2023\/12\/DSC00378-1024x576.jpg\" alt=\"\" width=\"1024\" height=\"576\" srcset=\"https:\/\/www.yeryuzundebirkacadim.com\/wp-content\/uploads\/2023\/12\/DSC00378-1024x576.jpg 1024w, https:\/\/www.yeryuzundebirkacadim.com\/wp-content\/uploads\/2023\/12\/DSC00378-2048x1152.jpg 2048w, https:\/\/www.yeryuzundebirkacadim.com\/wp-content\/uploads\/2023\/12\/DSC00378-768x432.jpg 768w, https:\/\/www.yeryuzundebirkacadim.com\/wp-content\/uploads\/2023\/12\/DSC00378-1536x864.jpg 1536w, https:\/\/www.yeryuzundebirkacadim.com\/wp-content\/uploads\/2023\/12\/DSC00378-816x459.jpg 816w\" sizes=\"auto, (max-width: 1024px) 100vw, 1024px\" \/><\/p>\n<p><strong>13. Casanova Restoran \/ Gece Kul\u00fcb\u00fc<\/strong><\/p>\n<p>Kad\u0131n avc\u0131s\u0131 olarak \u00fcnlenen ve ad\u0131 ba\u015ftan \u00e7\u0131karma sanat\u0131yla e\u015f anlaml\u0131 olan Girolamo Casanova&#8217;ya at\u0131fta bulunan gece kul\u00fcb\u00fcn\u00fcn giri\u015fi.<\/p>\n<p><img loading=\"lazy\" decoding=\"async\" class=\"alignnone size-medium wp-image-6198\" src=\"https:\/\/www.yeryuzundebirkacadim.com\/wp-content\/uploads\/2023\/12\/DSC00400-1024x623.jpg\" alt=\"\" width=\"1024\" height=\"623\" srcset=\"https:\/\/www.yeryuzundebirkacadim.com\/wp-content\/uploads\/2023\/12\/DSC00400-1024x623.jpg 1024w, https:\/\/www.yeryuzundebirkacadim.com\/wp-content\/uploads\/2023\/12\/DSC00400-768x468.jpg 768w, https:\/\/www.yeryuzundebirkacadim.com\/wp-content\/uploads\/2023\/12\/DSC00400-1536x935.jpg 1536w, https:\/\/www.yeryuzundebirkacadim.com\/wp-content\/uploads\/2023\/12\/DSC00400-816x497.jpg 816w, https:\/\/www.yeryuzundebirkacadim.com\/wp-content\/uploads\/2023\/12\/DSC00400.jpg 2035w\" sizes=\"auto, (max-width: 1024px) 100vw, 1024px\" \/><\/p>\n<p><strong>14. Drunk Cherry (Sarho\u015f Vi\u015fne)<\/strong><\/p>\n<p>Belediye binas\u0131n\u0131n hemen \u00f6n\u00fcnde ve yan taraf\u0131nda iki \u015fubesi olan Drunk Cherry; vi\u015fne lik\u00f6rleri ile \u00fcnl\u00fc. D\u00fckkan\u0131n \u00f6n\u00fcnde kokteyl masalar\u0131 bulunuyor. Sarho\u015f vi\u015fne diye kast edilen lik\u00f6r kadehinin dibindeki vi\u015fneler.<\/p>\n<p><img loading=\"lazy\" decoding=\"async\" class=\"alignnone size-medium wp-image-6308\" src=\"https:\/\/www.yeryuzundebirkacadim.com\/wp-content\/uploads\/2023\/12\/IMG_20210907_130148-768x1024.jpg\" alt=\"\" width=\"768\" height=\"1024\" srcset=\"https:\/\/www.yeryuzundebirkacadim.com\/wp-content\/uploads\/2023\/12\/IMG_20210907_130148-768x1024.jpg 768w, https:\/\/www.yeryuzundebirkacadim.com\/wp-content\/uploads\/2023\/12\/IMG_20210907_130148-1536x2048.jpg 1536w, https:\/\/www.yeryuzundebirkacadim.com\/wp-content\/uploads\/2023\/12\/IMG_20210907_130148-1152x1536.jpg 1152w, https:\/\/www.yeryuzundebirkacadim.com\/wp-content\/uploads\/2023\/12\/IMG_20210907_130148-749x999.jpg 749w, https:\/\/www.yeryuzundebirkacadim.com\/wp-content\/uploads\/2023\/12\/IMG_20210907_130148.jpg 1740w\" sizes=\"auto, (max-width: 768px) 100vw, 768px\" \/><\/p>\n<p>Vi\u015fne lik\u00f6r\u00fcm\u00fcz\u00fc i\u00e7erken paparazzilere yakalan\u0131yor ve magazin dergisine haber oluyoruz \ud83d\ude42<\/p>\n<p><strong><img loading=\"lazy\" decoding=\"async\" class=\"alignnone size-medium wp-image-6307\" src=\"https:\/\/www.yeryuzundebirkacadim.com\/wp-content\/uploads\/2023\/12\/e7aa2c9c-2230-45a7-bc38-5a4f5cdc31ca-1-714x1024.jpg\" alt=\"\" width=\"714\" height=\"1024\" srcset=\"https:\/\/www.yeryuzundebirkacadim.com\/wp-content\/uploads\/2023\/12\/e7aa2c9c-2230-45a7-bc38-5a4f5cdc31ca-1-714x1024.jpg 714w, https:\/\/www.yeryuzundebirkacadim.com\/wp-content\/uploads\/2023\/12\/e7aa2c9c-2230-45a7-bc38-5a4f5cdc31ca-1-768x1102.jpg 768w, https:\/\/www.yeryuzundebirkacadim.com\/wp-content\/uploads\/2023\/12\/e7aa2c9c-2230-45a7-bc38-5a4f5cdc31ca-1-1071x1536.jpg 1071w, https:\/\/www.yeryuzundebirkacadim.com\/wp-content\/uploads\/2023\/12\/e7aa2c9c-2230-45a7-bc38-5a4f5cdc31ca-1-696x999.jpg 696w, https:\/\/www.yeryuzundebirkacadim.com\/wp-content\/uploads\/2023\/12\/e7aa2c9c-2230-45a7-bc38-5a4f5cdc31ca-1.jpg 1093w\" sizes=\"auto, (max-width: 714px) 100vw, 714px\" \/><\/strong><\/p>\n<p>Bu da e\u011flenceli bir turist aktivitesi \ud83d\ude42<\/p>\n<p><strong>15. Boim \u015eapeli<\/strong><\/p>\n<p><strong><img loading=\"lazy\" decoding=\"async\" class=\"alignnone size-medium wp-image-6309\" src=\"https:\/\/www.yeryuzundebirkacadim.com\/wp-content\/uploads\/2023\/12\/DSC00420-1024x576.jpg\" alt=\"\" width=\"1024\" height=\"576\" srcset=\"https:\/\/www.yeryuzundebirkacadim.com\/wp-content\/uploads\/2023\/12\/DSC00420-1024x576.jpg 1024w, https:\/\/www.yeryuzundebirkacadim.com\/wp-content\/uploads\/2023\/12\/DSC00420-2048x1152.jpg 2048w, https:\/\/www.yeryuzundebirkacadim.com\/wp-content\/uploads\/2023\/12\/DSC00420-768x432.jpg 768w, https:\/\/www.yeryuzundebirkacadim.com\/wp-content\/uploads\/2023\/12\/DSC00420-1536x864.jpg 1536w, https:\/\/www.yeryuzundebirkacadim.com\/wp-content\/uploads\/2023\/12\/DSC00420-816x459.jpg 816w\" sizes=\"auto, (max-width: 1024px) 100vw, 1024px\" \/><\/strong><\/p>\n<p>Rynok Meydan\u0131\u2019n\u0131n yan\u0131ndaki Katedral Meydan\u0131\u2019nda yer alan siyah renkli \u015fapel R\u00f6nesans mimarisinin g\u00fczel \u00f6rneklerinden biridir. \u0130n\u015fas\u0131nda en iyi ustalar \u00e7al\u0131\u015fm\u0131\u015f.<\/p>\n<p>\u015eapel, 17. y\u00fczy\u0131lda Macar as\u0131ll\u0131 t\u00fcccar George Boim ve ailesinin mezar\u0131 olarak yap\u0131lm\u0131\u015f. Ailenin birka\u00e7 nesli binan\u0131n yeralt\u0131 k\u0131sm\u0131na g\u00f6m\u00fcl\u00fc.<\/p>\n<p>Zemin k\u0131sm\u0131 ise bir sunak, kitabeler ve ya\u015famdan par\u00e7alar sunan portreleri bar\u0131nd\u0131r\u0131yormu\u015f ve bir dua yeri \u00f6zelli\u011findeymi\u015f.<\/p>\n<p>G\u00fcn\u00fcm\u00fczde bina kutsal i\u015flevleri yerine getirmiyor.<\/p>\n<p>\u015eapelin d\u0131\u015f duvarlar\u0131nda dini temal\u0131 bir\u00e7ok oyma fig\u00fcr bulunuyor.<\/p>\n<p><img loading=\"lazy\" decoding=\"async\" class=\"alignnone size-medium wp-image-6310\" src=\"https:\/\/www.yeryuzundebirkacadim.com\/wp-content\/uploads\/2023\/12\/DSC00423-1024x576.jpg\" alt=\"\" width=\"1024\" height=\"576\" srcset=\"https:\/\/www.yeryuzundebirkacadim.com\/wp-content\/uploads\/2023\/12\/DSC00423-1024x576.jpg 1024w, https:\/\/www.yeryuzundebirkacadim.com\/wp-content\/uploads\/2023\/12\/DSC00423-2048x1152.jpg 2048w, https:\/\/www.yeryuzundebirkacadim.com\/wp-content\/uploads\/2023\/12\/DSC00423-768x432.jpg 768w, https:\/\/www.yeryuzundebirkacadim.com\/wp-content\/uploads\/2023\/12\/DSC00423-1536x864.jpg 1536w, https:\/\/www.yeryuzundebirkacadim.com\/wp-content\/uploads\/2023\/12\/DSC00423-816x459.jpg 816w\" sizes=\"auto, (max-width: 1024px) 100vw, 1024px\" \/><\/p>\n<p>Etkileyici atmosfere sahip i\u00e7 k\u0131s\u0131mda ise aileye ait g\u00f6rseller ve \u0130ncil kabartmalar\u0131 bulunuyor.<\/p>\n<p><strong>16. Lviv Opera ve Bale Tiyatrosu<\/strong><\/p>\n<p><img loading=\"lazy\" decoding=\"async\" class=\"alignnone size-medium wp-image-6315\" src=\"https:\/\/www.yeryuzundebirkacadim.com\/wp-content\/uploads\/2024\/01\/DSC00430-1024x576.jpg\" alt=\"\" width=\"1024\" height=\"576\" srcset=\"https:\/\/www.yeryuzundebirkacadim.com\/wp-content\/uploads\/2024\/01\/DSC00430-1024x576.jpg 1024w, https:\/\/www.yeryuzundebirkacadim.com\/wp-content\/uploads\/2024\/01\/DSC00430-2048x1152.jpg 2048w, https:\/\/www.yeryuzundebirkacadim.com\/wp-content\/uploads\/2024\/01\/DSC00430-768x432.jpg 768w, https:\/\/www.yeryuzundebirkacadim.com\/wp-content\/uploads\/2024\/01\/DSC00430-1536x864.jpg 1536w, https:\/\/www.yeryuzundebirkacadim.com\/wp-content\/uploads\/2024\/01\/DSC00430-816x459.jpg 816w\" sizes=\"auto, (max-width: 1024px) 100vw, 1024px\" \/><\/p>\n<p>R\u00f6nesans ve Barok tarz\u0131ndaki mimariye sahip yap\u0131 Poltva Nehri\u2019nin k\u0131y\u0131s\u0131ndaki batakl\u0131k alan\u0131n kurutulmas\u0131 sonucunda 1897-1900 y\u0131llar\u0131 aras\u0131nda in\u015fa edilmi\u015f.<\/p>\n<p>Nehrin yeralt\u0131na al\u0131nmas\u0131 nedeni ile yap\u0131da geleneksel bir temel yerine Avrupa&#8217;da ilk kez betonarme temel kullan\u0131lm\u0131\u015f.<\/p>\n<p>Unesco D\u00fcnya Miras\u0131 Listesi&#8217;ndeki tarihi \u015fehir i\u00e7inde bulunuyor.<\/p>\n<p><strong>17.\u00a0Svobody Caddesi (\u00d6zg\u00fcrl\u00fck Caddesi)<\/strong><\/p>\n<p>Kuzeyde Opera binas\u0131n\u0131n \u00f6n\u00fcnden ba\u015flay\u0131p g\u00fcneye do\u011fru uzanan Lviv&#8217;in ana caddesidir.<\/p>\n<p>Birbirine paralel iki cadde (Svobody) aras\u0131nda dar bir park alan\u0131 bulunuyor. Ortada geni\u015f bir y\u00fcr\u00fcme alan\u0131 ve iki taraf\u0131nda da a\u011fa\u00e7lar s\u0131ralanm\u0131\u015f. Gezmek, dinlenmek i\u00e7in ideal bir alan.<\/p>\n<p><img loading=\"lazy\" decoding=\"async\" class=\"alignnone size-medium wp-image-6314\" src=\"https:\/\/www.yeryuzundebirkacadim.com\/wp-content\/uploads\/2024\/01\/DSC00425-1024x576.jpg\" alt=\"\" width=\"1024\" height=\"576\" srcset=\"https:\/\/www.yeryuzundebirkacadim.com\/wp-content\/uploads\/2024\/01\/DSC00425-1024x576.jpg 1024w, https:\/\/www.yeryuzundebirkacadim.com\/wp-content\/uploads\/2024\/01\/DSC00425-2048x1152.jpg 2048w, https:\/\/www.yeryuzundebirkacadim.com\/wp-content\/uploads\/2024\/01\/DSC00425-768x432.jpg 768w, https:\/\/www.yeryuzundebirkacadim.com\/wp-content\/uploads\/2024\/01\/DSC00425-1536x864.jpg 1536w, https:\/\/www.yeryuzundebirkacadim.com\/wp-content\/uploads\/2024\/01\/DSC00425-816x459.jpg 816w\" sizes=\"auto, (max-width: 1024px) 100vw, 1024px\" \/><\/p>\n<p>Cadde \u00fczerinde Ulusal M\u00fcze ve Ulusal \u00dcniversite de bulunuyor.<\/p>\n<p><strong>Taras \u015een\u00e7enko An\u0131t\u0131<\/strong><\/p>\n<p><img loading=\"lazy\" decoding=\"async\" class=\"alignnone size-medium wp-image-6316\" src=\"https:\/\/www.yeryuzundebirkacadim.com\/wp-content\/uploads\/2024\/01\/DSC00434-1024x576.jpg\" alt=\"\" width=\"1024\" height=\"576\" srcset=\"https:\/\/www.yeryuzundebirkacadim.com\/wp-content\/uploads\/2024\/01\/DSC00434-1024x576.jpg 1024w, https:\/\/www.yeryuzundebirkacadim.com\/wp-content\/uploads\/2024\/01\/DSC00434-2048x1152.jpg 2048w, https:\/\/www.yeryuzundebirkacadim.com\/wp-content\/uploads\/2024\/01\/DSC00434-768x432.jpg 768w, https:\/\/www.yeryuzundebirkacadim.com\/wp-content\/uploads\/2024\/01\/DSC00434-1536x864.jpg 1536w, https:\/\/www.yeryuzundebirkacadim.com\/wp-content\/uploads\/2024\/01\/DSC00434-816x459.jpg 816w\" sizes=\"auto, (max-width: 1024px) 100vw, 1024px\" \/><\/p>\n<p>Cadde \u00fczerinde parkta Ukraynal\u0131 \u015fair Taras \u015eev\u00e7enko An\u0131t Heykeli bulunuyor.<\/p>\n<p>An\u0131t; modern Ukrayna edeb<u>i<\/u>yat\u0131n\u0131n kurucusu \u00fcnl\u00fc Ukraynal\u0131 \u015fair ve k\u00fclt\u00fcrel fig\u00fcr Taras \u015eev\u00e7enko&#8217;ya adanm\u0131\u015f \u00f6nemli bir simge yap\u0131d\u0131r. \u015eev\u00e7enko; k\u00f6leli\u011fe ve zulme kar\u015f\u0131 verdi\u011fi m\u00fccadele ile Ukrayna&#8217;n\u0131n ulusal bir kahraman\u0131d\u0131r.<\/p>\n<p>An\u0131t; 1992&#8217;de a\u00e7\u0131ld\u0131. 1996 y\u0131l\u0131nda ise, ulusal canlanma dalgas\u0131n\u0131 simgeledi\u011fi d\u00fc\u015f\u00fcn\u00fclen 12 metrelik kabartmal\u0131 dekoratif bir stel ile tamamland\u0131.<\/p>\n<p>An\u0131t\u0131n a\u00e7\u0131klamas\u0131 \u015f\u00f6yle:<\/p>\n<p>Kompozisyonda Taras \u015eev\u00e7enko dimdik ayakta ve kararl\u0131 bir ifadeyle ileriye bakarken sa\u011f eli, sanki bir noktay\u0131 vurguluyormu\u015f gibi ve sol elinde de edebi katk\u0131lar\u0131n\u0131 ve entelekt\u00fcel miras\u0131n\u0131 simgeleyen bir kitap tutmaktad\u0131r.\u00a0Bu sadece \u015fairin kendisinin bir temsili de\u011fil, ayn\u0131 zamanda Ukrayna tarihinin, dilinin ve ba\u011f\u0131ms\u0131zl\u0131k arzusunun da sembol\u00fc olarak kabul edilir.<\/p>\n<p>An\u0131t genellikle k\u00fclt\u00fcrel etkinlikler, kamuya a\u00e7\u0131k konu\u015fmalar ve g\u00f6steriler i\u00e7in bir bulu\u015fma noktas\u0131 olarak hizmet veriyor ve bir sivil sembol olarak \u00f6nemini daha da vurguluyor.<\/p>\n<p><strong>18. Mickiewicz Meydan\u0131 ve Adam Mickiewicz Heykeli<\/strong><\/p>\n<p><img loading=\"lazy\" decoding=\"async\" class=\"alignnone size-medium wp-image-6317\" src=\"https:\/\/www.yeryuzundebirkacadim.com\/wp-content\/uploads\/2024\/01\/DSC00438-1024x576.jpg\" alt=\"\" width=\"1024\" height=\"576\" srcset=\"https:\/\/www.yeryuzundebirkacadim.com\/wp-content\/uploads\/2024\/01\/DSC00438-1024x576.jpg 1024w, https:\/\/www.yeryuzundebirkacadim.com\/wp-content\/uploads\/2024\/01\/DSC00438-2048x1152.jpg 2048w, https:\/\/www.yeryuzundebirkacadim.com\/wp-content\/uploads\/2024\/01\/DSC00438-768x432.jpg 768w, https:\/\/www.yeryuzundebirkacadim.com\/wp-content\/uploads\/2024\/01\/DSC00438-1536x864.jpg 1536w, https:\/\/www.yeryuzundebirkacadim.com\/wp-content\/uploads\/2024\/01\/DSC00438-816x459.jpg 816w\" sizes=\"auto, (max-width: 1024px) 100vw, 1024px\" \/><\/p>\n<p>Kendi ismindeki meydanda 1904&#8217;te a\u00e7\u0131lan granit heykel; Polonyal\u0131 <span class=\"Y2IQFc\" lang=\"tr\">\u015fairin d\u00fcnyadaki en iyi an\u0131tlar\u0131ndan biri olarak biliniyor. Mickiewicz&#8217;in dibinde durdu\u011fu bir s\u00fctun \u015feklinde yap\u0131lm\u0131\u015f ve yan\u0131nda ona ilham veren bir melek bulunuyor.\u00a0<\/span><\/p>\n<p>Yemek vakti geldi.<\/p>\n<p><strong>19. Et ve Adalet Restoran (The Meat and Justice Restorant)\u00a0<\/strong><\/p>\n<p>Gitmeyi planlad\u0131\u011f\u0131m\u0131z restoran\u0131n olmas\u0131 muhtemel yerinin etraf\u0131nda dolan\u0131p bir t\u00fcrl\u00fc bulam\u0131yoruz. Nihayet olmas\u0131 mutlak yer olarak girdi\u011fimiz resmi bir binada bir bayan\u0131n yard\u0131m\u0131 ile bah\u00e7eler aras\u0131ndan ge\u00e7erek hedefe var\u0131yoruz. &#8220;Et ve Adalet Restoran&#8221;. Bu arada Ribs Restoran\u0131n \u00f6n\u00fcnden defalarca ge\u00e7iyoruz. Oras\u0131 da me\u015fhur bir yer. Ama biz di\u011feri i\u00e7in inat ettik.<\/p>\n<p>Et ve Adalet Restoran bir kalenin avlusunda. Orta \u00e7a\u011f ve i\u015fkence temas\u0131 var. Eski d\u00f6nemlerde cellatl\u0131k yapan ki\u015filer cellatlara ihtiya\u00e7 duyulmad\u0131\u011f\u0131 zaman gelince i\u015fsiz kalm\u0131\u015flar. Bu ki\u015filer de yeteneklerini ve g\u00fc\u00e7lerini kullanarak et restoran\u0131 a\u00e7m\u0131\u015flar. Buras\u0131 da Lviv\u2019deki ilk et \u0131zgara restoran\u0131 imi\u015f.<\/p>\n<p>Yemek sonras\u0131 hesap fi\u015finin balta ile geldi\u011fi s\u00f6ylenmi\u015fti bize. Ancak covid d\u00f6neminde gitti\u011fimiz i\u00e7in etrafta \u00e7ok turist yoktu. Bu nedenle personelin e\u011flence motivasyonu da d\u00fc\u015f\u00fckt\u00fc san\u0131r\u0131m. Etraf pek sakin g\u00f6r\u00fcn\u00fcyordu. Hi\u00e7 i\u015fkenceye u\u011framad\u0131k \ud83d\ude42<\/p>\n<p><img loading=\"lazy\" decoding=\"async\" class=\"alignnone size-medium wp-image-6319\" src=\"https:\/\/www.yeryuzundebirkacadim.com\/wp-content\/uploads\/2024\/01\/IMG_20210907_184549-1024x768.jpg\" alt=\"\" width=\"1024\" height=\"768\" srcset=\"https:\/\/www.yeryuzundebirkacadim.com\/wp-content\/uploads\/2024\/01\/IMG_20210907_184549-1024x768.jpg 1024w, https:\/\/www.yeryuzundebirkacadim.com\/wp-content\/uploads\/2024\/01\/IMG_20210907_184549-2048x1536.jpg 2048w, https:\/\/www.yeryuzundebirkacadim.com\/wp-content\/uploads\/2024\/01\/IMG_20210907_184549-768x576.jpg 768w, https:\/\/www.yeryuzundebirkacadim.com\/wp-content\/uploads\/2024\/01\/IMG_20210907_184549-1536x1152.jpg 1536w, https:\/\/www.yeryuzundebirkacadim.com\/wp-content\/uploads\/2024\/01\/IMG_20210907_184549-816x612.jpg 816w\" sizes=\"auto, (max-width: 1024px) 100vw, 1024px\" \/><\/p>\n<p>Gezimizin ikinci g\u00fcn\u00fcne ba\u015fl\u0131yoruz. Ak\u015fam \u00fcst\u00fcne kadar buraday\u0131z.<\/p>\n<p>Kahvalt\u0131m\u0131z\u0131 \u00fcnl\u00fc bir mutfa\u011fa sahip otelimiz olan<strong> Oysters and Bubbles Gastro Hotel<\/strong>&#8216;de yap\u0131yoruz. Buras\u0131 ayn\u0131 zamanda bir restoran.<\/p>\n<p><img loading=\"lazy\" decoding=\"async\" class=\"alignnone size-medium wp-image-6320\" src=\"https:\/\/www.yeryuzundebirkacadim.com\/wp-content\/uploads\/2024\/01\/IMG_20210908_095215-768x1024.jpg\" alt=\"\" width=\"768\" height=\"1024\" srcset=\"https:\/\/www.yeryuzundebirkacadim.com\/wp-content\/uploads\/2024\/01\/IMG_20210908_095215-768x1024.jpg 768w, https:\/\/www.yeryuzundebirkacadim.com\/wp-content\/uploads\/2024\/01\/IMG_20210908_095215-1536x2048.jpg 1536w, https:\/\/www.yeryuzundebirkacadim.com\/wp-content\/uploads\/2024\/01\/IMG_20210908_095215-1152x1536.jpg 1152w, https:\/\/www.yeryuzundebirkacadim.com\/wp-content\/uploads\/2024\/01\/IMG_20210908_095215-749x999.jpg 749w, https:\/\/www.yeryuzundebirkacadim.com\/wp-content\/uploads\/2024\/01\/IMG_20210908_095215.jpg 1830w\" sizes=\"auto, (max-width: 768px) 100vw, 768px\" \/><img loading=\"lazy\" decoding=\"async\" class=\"alignnone size-medium wp-image-6321\" src=\"https:\/\/www.yeryuzundebirkacadim.com\/wp-content\/uploads\/2024\/01\/IMG_20210908_095222-768x1024.jpg\" alt=\"\" width=\"768\" height=\"1024\" srcset=\"https:\/\/www.yeryuzundebirkacadim.com\/wp-content\/uploads\/2024\/01\/IMG_20210908_095222-768x1024.jpg 768w, https:\/\/www.yeryuzundebirkacadim.com\/wp-content\/uploads\/2024\/01\/IMG_20210908_095222-1536x2048.jpg 1536w, https:\/\/www.yeryuzundebirkacadim.com\/wp-content\/uploads\/2024\/01\/IMG_20210908_095222-1152x1536.jpg 1152w, https:\/\/www.yeryuzundebirkacadim.com\/wp-content\/uploads\/2024\/01\/IMG_20210908_095222-749x999.jpg 749w, https:\/\/www.yeryuzundebirkacadim.com\/wp-content\/uploads\/2024\/01\/IMG_20210908_095222.jpg 1705w\" sizes=\"auto, (max-width: 768px) 100vw, 768px\" \/><\/p>\n<p><strong>20. Potocki Saray\u0131<\/strong><\/p>\n<p><img loading=\"lazy\" decoding=\"async\" class=\"alignnone size-medium wp-image-6322\" src=\"https:\/\/www.yeryuzundebirkacadim.com\/wp-content\/uploads\/2024\/01\/DSC00466-1024x576.jpg\" alt=\"\" width=\"1024\" height=\"576\" srcset=\"https:\/\/www.yeryuzundebirkacadim.com\/wp-content\/uploads\/2024\/01\/DSC00466-1024x576.jpg 1024w, https:\/\/www.yeryuzundebirkacadim.com\/wp-content\/uploads\/2024\/01\/DSC00466-2048x1152.jpg 2048w, https:\/\/www.yeryuzundebirkacadim.com\/wp-content\/uploads\/2024\/01\/DSC00466-768x432.jpg 768w, https:\/\/www.yeryuzundebirkacadim.com\/wp-content\/uploads\/2024\/01\/DSC00466-1536x864.jpg 1536w, https:\/\/www.yeryuzundebirkacadim.com\/wp-content\/uploads\/2024\/01\/DSC00466-816x459.jpg 816w\" sizes=\"auto, (max-width: 1024px) 100vw, 1024px\" \/><\/p>\n<p>Saray 1880\u2019li y\u0131llarda, soylu Polonyal\u0131 aile Potocki i\u00e7in ikametg\u00e2h olarak in\u015fa edilmi\u015f. G\u00fcn\u00fcm\u00fczde ise Ukrayna Cumhurba\u015fkan\u0131\u2019n\u0131n hizmetinde.<\/p>\n<p>Potocki Ailesi saray\u0131n tasar\u0131m\u0131n\u0131 Frans\u0131z bir mimara, Fransa\u2019da 17\u2013 18. y\u00fczy\u0131llarda asillerin ve ayr\u0131cal\u0131kl\u0131 s\u0131n\u0131f\u0131n konaklamas\u0131 i\u00e7in yap\u0131lan \u015fehir saraylar\u0131n\u0131n mimarisinde yapt\u0131rm\u0131\u015f.<\/p>\n<p>Zemin katta, her biri ayr\u0131 ayr\u0131 tasarlanm\u0131\u015f ve ismine uygun olan birka\u00e7 gala salonu bulunuyordu: K\u0131rm\u0131z\u0131 veya Dans Salonu, Mavi Salon ve Ayna Salonu. Dekorasyonda yald\u0131zl\u0131 ve renkli mermerler kullan\u0131lm\u0131\u015f. Duvarlar ayn\u0131 renkte ipekle kaplanm\u0131\u015f ve \u00fcnl\u00fc Avrupal\u0131 \u200b\u200bsanat\u00e7\u0131lar\u0131n tablolar\u0131yla s\u00fcslenmi\u015f.<\/p>\n<p><img loading=\"lazy\" decoding=\"async\" class=\"alignnone size-medium wp-image-6323\" src=\"https:\/\/www.yeryuzundebirkacadim.com\/wp-content\/uploads\/2024\/01\/IMG_20210908_110927-1024x577.jpg\" alt=\"\" width=\"1024\" height=\"577\" srcset=\"https:\/\/www.yeryuzundebirkacadim.com\/wp-content\/uploads\/2024\/01\/IMG_20210908_110927-1024x577.jpg 1024w, https:\/\/www.yeryuzundebirkacadim.com\/wp-content\/uploads\/2024\/01\/IMG_20210908_110927-2048x1155.jpg 2048w, https:\/\/www.yeryuzundebirkacadim.com\/wp-content\/uploads\/2024\/01\/IMG_20210908_110927-768x433.jpg 768w, https:\/\/www.yeryuzundebirkacadim.com\/wp-content\/uploads\/2024\/01\/IMG_20210908_110927-1536x866.jpg 1536w, https:\/\/www.yeryuzundebirkacadim.com\/wp-content\/uploads\/2024\/01\/IMG_20210908_110927-816x460.jpg 816w\" sizes=\"auto, (max-width: 1024px) 100vw, 1024px\" \/><\/p>\n<p><img loading=\"lazy\" decoding=\"async\" class=\"alignnone size-medium wp-image-6325\" src=\"https:\/\/www.yeryuzundebirkacadim.com\/wp-content\/uploads\/2024\/01\/IMG_20210908_111123-1024x578.jpg\" alt=\"\" width=\"1024\" height=\"578\" srcset=\"https:\/\/www.yeryuzundebirkacadim.com\/wp-content\/uploads\/2024\/01\/IMG_20210908_111123-1024x578.jpg 1024w, https:\/\/www.yeryuzundebirkacadim.com\/wp-content\/uploads\/2024\/01\/IMG_20210908_111123-2048x1155.jpg 2048w, https:\/\/www.yeryuzundebirkacadim.com\/wp-content\/uploads\/2024\/01\/IMG_20210908_111123-768x433.jpg 768w, https:\/\/www.yeryuzundebirkacadim.com\/wp-content\/uploads\/2024\/01\/IMG_20210908_111123-1536x866.jpg 1536w, https:\/\/www.yeryuzundebirkacadim.com\/wp-content\/uploads\/2024\/01\/IMG_20210908_111123-816x460.jpg 816w\" sizes=\"auto, (max-width: 1024px) 100vw, 1024px\" \/><img loading=\"lazy\" decoding=\"async\" class=\"alignnone size-medium wp-image-6324\" src=\"https:\/\/www.yeryuzundebirkacadim.com\/wp-content\/uploads\/2024\/01\/IMG_20210908_111110-1024x578.jpg\" alt=\"\" width=\"1024\" height=\"578\" srcset=\"https:\/\/www.yeryuzundebirkacadim.com\/wp-content\/uploads\/2024\/01\/IMG_20210908_111110-1024x578.jpg 1024w, https:\/\/www.yeryuzundebirkacadim.com\/wp-content\/uploads\/2024\/01\/IMG_20210908_111110-2048x1155.jpg 2048w, https:\/\/www.yeryuzundebirkacadim.com\/wp-content\/uploads\/2024\/01\/IMG_20210908_111110-768x433.jpg 768w, https:\/\/www.yeryuzundebirkacadim.com\/wp-content\/uploads\/2024\/01\/IMG_20210908_111110-1536x866.jpg 1536w, https:\/\/www.yeryuzundebirkacadim.com\/wp-content\/uploads\/2024\/01\/IMG_20210908_111110-816x460.jpg 816w\" sizes=\"auto, (max-width: 1024px) 100vw, 1024px\" \/><\/p>\n<p>\u0130kinci katta ise Lviv Sanat Galerisi\u2019ne ba\u011fl\u0131<strong> Avrupa Sanat M\u00fczesi<\/strong> bulunuyor. Avrupa sanat\u0131n\u0131n en zengin koleksiyonlar\u0131ndan biri burada.<\/p>\n<p><img loading=\"lazy\" decoding=\"async\" class=\"alignnone size-medium wp-image-6327\" src=\"https:\/\/www.yeryuzundebirkacadim.com\/wp-content\/uploads\/2024\/01\/IMG_20210908_112154-1024x768.jpg\" alt=\"\" width=\"1024\" height=\"768\" srcset=\"https:\/\/www.yeryuzundebirkacadim.com\/wp-content\/uploads\/2024\/01\/IMG_20210908_112154-1024x768.jpg 1024w, https:\/\/www.yeryuzundebirkacadim.com\/wp-content\/uploads\/2024\/01\/IMG_20210908_112154-2048x1536.jpg 2048w, https:\/\/www.yeryuzundebirkacadim.com\/wp-content\/uploads\/2024\/01\/IMG_20210908_112154-768x576.jpg 768w, https:\/\/www.yeryuzundebirkacadim.com\/wp-content\/uploads\/2024\/01\/IMG_20210908_112154-1536x1152.jpg 1536w, https:\/\/www.yeryuzundebirkacadim.com\/wp-content\/uploads\/2024\/01\/IMG_20210908_112154-816x612.jpg 816w\" sizes=\"auto, (max-width: 1024px) 100vw, 1024px\" \/><\/p>\n<p><strong>21. Glory Cafe\u00a0<\/strong><\/p>\n<p>Mickiewicz Meydan\u0131&#8217;nda \u015fehri gezmeye devam ederken bir kafe g\u00f6r\u00fcyoruz. Aaa o da ne masada oturan insanlar bizim us\u00fcl \u00e7ikolatal\u0131 pasta yiyor. \u00c7ok be\u011fendi\u011fimiz Ukrayna&#8217;da, kahvalt\u0131 ve tatl\u0131lar konusunda s\u0131k\u0131nt\u0131 \u00e7eken biz \u015fa\u015f\u0131r\u0131yoruz haliyle. Aaa bununla da bitmiyor, T\u00fcrk kahvesi ve \u00e7ay barda\u011f\u0131nda \u00e7ay i\u00e7iyorlar. Vefa&#8217;ya tam bize g\u00f6re bir kafe burada mola verelim diyorum. George Oteli&#8217;nin alt\u0131nda bir kafe buras\u0131. Men\u00fc isteyince fark ediyoruz ki T\u00fcrk\u00e7e men\u00fcs\u00fc ile buras\u0131 bir Glory Cafe \ud83d\ude42<\/p>\n<p><img loading=\"lazy\" decoding=\"async\" class=\"alignnone size-medium wp-image-6326\" src=\"https:\/\/www.yeryuzundebirkacadim.com\/wp-content\/uploads\/2024\/01\/IMG_20210908_121806-768x1024.jpg\" alt=\"\" width=\"768\" height=\"1024\" srcset=\"https:\/\/www.yeryuzundebirkacadim.com\/wp-content\/uploads\/2024\/01\/IMG_20210908_121806-768x1024.jpg 768w, https:\/\/www.yeryuzundebirkacadim.com\/wp-content\/uploads\/2024\/01\/IMG_20210908_121806-1536x2048.jpg 1536w, https:\/\/www.yeryuzundebirkacadim.com\/wp-content\/uploads\/2024\/01\/IMG_20210908_121806-1152x1536.jpg 1152w, https:\/\/www.yeryuzundebirkacadim.com\/wp-content\/uploads\/2024\/01\/IMG_20210908_121806-749x999.jpg 749w, https:\/\/www.yeryuzundebirkacadim.com\/wp-content\/uploads\/2024\/01\/IMG_20210908_121806.jpg 1693w\" sizes=\"auto, (max-width: 768px) 100vw, 768px\" \/><\/p>\n<p><strong>22. Bira Tiyatrosu (Pravda Beer Theatre)<\/strong><\/p>\n<p>20. y\u00fczy\u0131ldan kalma bir ta\u015f binada bira \u00fcretiyorlar ve restoran hizmeti var.\u00a0Ancak \u201cPravda\u201d sadece bir restoran de\u011fil. Kendi orkestralar\u0131 var.<\/p>\n<p>A\u015f\u00e7\u0131lar a\u00e7\u0131k mutfakta \u00f6zel yemekler haz\u0131rl\u0131yor.<\/p>\n<p>Bira \u00fcretimini anlat\u0131yor ve misafirlere do\u011frudan bira tanklar\u0131ndan bira ikram ediyorlar.<\/p>\n<p>Pravda Bira Tiyatrosu&#8217;nun i\u00e7 mekan\u0131 \u00e7at\u0131 kat\u0131 tarz\u0131nda tasarlanm\u0131\u015f. Bu y\u00fczden insan kendini fabrikada gibi hissediyor.<\/p>\n<p><img loading=\"lazy\" decoding=\"async\" class=\"alignnone size-medium wp-image-6328\" src=\"https:\/\/www.yeryuzundebirkacadim.com\/wp-content\/uploads\/2024\/01\/DSC00483-1024x576.jpg\" alt=\"\" width=\"1024\" height=\"576\" srcset=\"https:\/\/www.yeryuzundebirkacadim.com\/wp-content\/uploads\/2024\/01\/DSC00483-1024x576.jpg 1024w, https:\/\/www.yeryuzundebirkacadim.com\/wp-content\/uploads\/2024\/01\/DSC00483-2048x1152.jpg 2048w, https:\/\/www.yeryuzundebirkacadim.com\/wp-content\/uploads\/2024\/01\/DSC00483-768x432.jpg 768w, https:\/\/www.yeryuzundebirkacadim.com\/wp-content\/uploads\/2024\/01\/DSC00483-1536x864.jpg 1536w, https:\/\/www.yeryuzundebirkacadim.com\/wp-content\/uploads\/2024\/01\/DSC00483-816x459.jpg 816w\" sizes=\"auto, (max-width: 1024px) 100vw, 1024px\" \/><\/p>\n<p><img loading=\"lazy\" decoding=\"async\" class=\"alignnone size-medium wp-image-6329\" src=\"https:\/\/www.yeryuzundebirkacadim.com\/wp-content\/uploads\/2024\/01\/IMG_20210908_133014-768x1024.jpg\" alt=\"\" width=\"768\" height=\"1024\" srcset=\"https:\/\/www.yeryuzundebirkacadim.com\/wp-content\/uploads\/2024\/01\/IMG_20210908_133014-768x1024.jpg 768w, https:\/\/www.yeryuzundebirkacadim.com\/wp-content\/uploads\/2024\/01\/IMG_20210908_133014-1536x2048.jpg 1536w, https:\/\/www.yeryuzundebirkacadim.com\/wp-content\/uploads\/2024\/01\/IMG_20210908_133014-1152x1536.jpg 1152w, https:\/\/www.yeryuzundebirkacadim.com\/wp-content\/uploads\/2024\/01\/IMG_20210908_133014-749x999.jpg 749w, https:\/\/www.yeryuzundebirkacadim.com\/wp-content\/uploads\/2024\/01\/IMG_20210908_133014.jpg 1832w\" sizes=\"auto, (max-width: 768px) 100vw, 768px\" \/><\/p>\n<p><strong>23. Grand Cafe<\/strong><\/p>\n<p>Bu harikalar diyar\u0131 \u015fehirden ayr\u0131lmadan \u00f6nce Rynok Meydan\u0131&#8217;n\u0131n tam ortas\u0131ndaki Belediye Binas\u0131&#8217;n\u0131n alt kat\u0131nda bulunan Grand Cafe&#8217;de yemek yemek istiyoruz. Buras\u0131 restoran, pastane ve kafe ayn\u0131 zamanda. Bah\u00e7e k\u0131sm\u0131 da var. K\u0131rm\u0131z\u0131 \u00fcniformal\u0131 garsonlar hizmet ediyor.<\/p>\n<p><img loading=\"lazy\" decoding=\"async\" class=\"alignnone size-medium wp-image-6332\" src=\"https:\/\/www.yeryuzundebirkacadim.com\/wp-content\/uploads\/2024\/01\/DSC00296-1024x576.jpg\" alt=\"\" width=\"1024\" height=\"576\" srcset=\"https:\/\/www.yeryuzundebirkacadim.com\/wp-content\/uploads\/2024\/01\/DSC00296-1024x576.jpg 1024w, https:\/\/www.yeryuzundebirkacadim.com\/wp-content\/uploads\/2024\/01\/DSC00296-2048x1152.jpg 2048w, https:\/\/www.yeryuzundebirkacadim.com\/wp-content\/uploads\/2024\/01\/DSC00296-768x432.jpg 768w, https:\/\/www.yeryuzundebirkacadim.com\/wp-content\/uploads\/2024\/01\/DSC00296-1536x864.jpg 1536w, https:\/\/www.yeryuzundebirkacadim.com\/wp-content\/uploads\/2024\/01\/DSC00296-816x459.jpg 816w\" sizes=\"auto, (max-width: 1024px) 100vw, 1024px\" \/><\/p>\n<p>Biz i\u00e7eriyi tercik ettik.<\/p>\n<p>Duvarlarda; ilk foto\u011fraf \u00e7ekiminin ba\u015flad\u0131\u011f\u0131 y\u0131llardan itibaren Lviv&#8217;de meydana gelen baz\u0131 ilgin\u00e7 \u015feyler ve olaylar\u0131 g\u00f6steren yakla\u015f\u0131k 700 tane foto\u011fraf bulunuyor.<\/p>\n<p>Pencere \u00f6nlerinde, minik bir bar kap\u0131s\u0131 ile ayr\u0131lan loca gibi b\u00f6l\u00fcmlerde servis al\u0131nabiliyor. Biz de oradan bir masaya oturduk.<\/p>\n<p><img loading=\"lazy\" decoding=\"async\" class=\"alignnone size-medium wp-image-6333\" src=\"https:\/\/www.yeryuzundebirkacadim.com\/wp-content\/uploads\/2024\/01\/IMG_20210908_152324-1024x768.jpg\" alt=\"\" width=\"1024\" height=\"768\" srcset=\"https:\/\/www.yeryuzundebirkacadim.com\/wp-content\/uploads\/2024\/01\/IMG_20210908_152324-1024x768.jpg 1024w, https:\/\/www.yeryuzundebirkacadim.com\/wp-content\/uploads\/2024\/01\/IMG_20210908_152324-2048x1536.jpg 2048w, https:\/\/www.yeryuzundebirkacadim.com\/wp-content\/uploads\/2024\/01\/IMG_20210908_152324-768x576.jpg 768w, https:\/\/www.yeryuzundebirkacadim.com\/wp-content\/uploads\/2024\/01\/IMG_20210908_152324-1536x1152.jpg 1536w, https:\/\/www.yeryuzundebirkacadim.com\/wp-content\/uploads\/2024\/01\/IMG_20210908_152324-816x612.jpg 816w\" sizes=\"auto, (max-width: 1024px) 100vw, 1024px\" \/><\/p>\n<p>Hem g\u00f6ze hem mideye hitap eden yemeklerle \u015fehre veda ettik.<\/p>\n<p><img loading=\"lazy\" decoding=\"async\" class=\"alignnone size-medium wp-image-6331\" src=\"https:\/\/www.yeryuzundebirkacadim.com\/wp-content\/uploads\/2024\/01\/IMG_20210908_153250-768x1024.jpg\" alt=\"\" width=\"768\" height=\"1024\" srcset=\"https:\/\/www.yeryuzundebirkacadim.com\/wp-content\/uploads\/2024\/01\/IMG_20210908_153250-768x1024.jpg 768w, https:\/\/www.yeryuzundebirkacadim.com\/wp-content\/uploads\/2024\/01\/IMG_20210908_153250-1536x2048.jpg 1536w, https:\/\/www.yeryuzundebirkacadim.com\/wp-content\/uploads\/2024\/01\/IMG_20210908_153250-1152x1536.jpg 1152w, https:\/\/www.yeryuzundebirkacadim.com\/wp-content\/uploads\/2024\/01\/IMG_20210908_153250-749x999.jpg 749w, https:\/\/www.yeryuzundebirkacadim.com\/wp-content\/uploads\/2024\/01\/IMG_20210908_153250.jpg 1787w\" sizes=\"auto, (max-width: 768px) 100vw, 768px\" \/><\/p>\n<p>Sava\u015f\u0131n bir an \u00f6nce bitmesi dua ve dileklerimizle&#8230;<\/p>\n<p>&nbsp;<\/p>\n<p>&nbsp;<\/p>\n<p>&nbsp;<\/p>\n<p><strong>\u00a0<\/strong><\/p>\n<p>&nbsp;<\/p>\n<p><strong>\u00a0<\/strong><\/p>\n<p>&nbsp;<\/p>\n","protected":false},"excerpt":{"rendered":"<p>Kiev&#8217;den trenle geldi\u011fimiz \u015fehre sabah var\u0131yoruz. \u015eehrin ana meydan\u0131nda olan otelimize bavulumuzu b\u0131rak\u0131p bir kafede kahvalt\u0131 yap\u0131yoruz. Lviv&#8217;i gezmek i\u00e7in 1,5-2 g\u00fcn ay\u0131rd\u0131k. \u015eimdi \u015fehri gezmeye haz\u0131r\u0131z.<\/p>\n","protected":false},"author":1,"featured_media":6338,"comment_status":"closed","ping_status":"closed","sticky":false,"template":"","format":"standard","meta":{"footnotes":""},"categories":[794],"tags":[793,797,645,795,791,796,799,798,800,792],"class_list":["post-6087","post","type-post","status-publish","format-standard","has-post-thumbnail","hentry","category-lviv","tag-boim","tag-drunkcherry","tag-gezilecekyerler","tag-korniakt","tag-lviv","tag-mazochcafe","tag-meat-and-justice-restorant","tag-mickiewicz","tag-potocki","tag-rynok"],"_links":{"self":[{"href":"https:\/\/www.yeryuzundebirkacadim.com\/index.php\/wp-json\/wp\/v2\/posts\/6087","targetHints":{"allow":["GET"]}}],"collection":[{"href":"https:\/\/www.yeryuzundebirkacadim.com\/index.php\/wp-json\/wp\/v2\/posts"}],"about":[{"href":"https:\/\/www.yeryuzundebirkacadim.com\/index.php\/wp-json\/wp\/v2\/types\/post"}],"author":[{"embeddable":true,"href":"https:\/\/www.yeryuzundebirkacadim.com\/index.php\/wp-json\/wp\/v2\/users\/1"}],"replies":[{"embeddable":true,"href":"https:\/\/www.yeryuzundebirkacadim.com\/index.php\/wp-json\/wp\/v2\/comments?post=6087"}],"version-history":[{"count":15,"href":"https:\/\/www.yeryuzundebirkacadim.com\/index.php\/wp-json\/wp\/v2\/posts\/6087\/revisions"}],"predecessor-version":[{"id":6340,"href":"https:\/\/www.yeryuzundebirkacadim.com\/index.php\/wp-json\/wp\/v2\/posts\/6087\/revisions\/6340"}],"wp:featuredmedia":[{"embeddable":true,"href":"https:\/\/www.yeryuzundebirkacadim.com\/index.php\/wp-json\/wp\/v2\/media\/6338"}],"wp:attachment":[{"href":"https:\/\/www.yeryuzundebirkacadim.com\/index.php\/wp-json\/wp\/v2\/media?parent=6087"}],"wp:term":[{"taxonomy":"category","embeddable":true,"href":"https:\/\/www.yeryuzundebirkacadim.com\/index.php\/wp-json\/wp\/v2\/categories?post=6087"},{"taxonomy":"post_tag","embeddable":true,"href":"https:\/\/www.yeryuzundebirkacadim.com\/index.php\/wp-json\/wp\/v2\/tags?post=6087"}],"curies":[{"name":"wp","href":"https:\/\/api.w.org\/{rel}","templated":true}]}}