


{"id":5821,"date":"2023-09-06T13:09:11","date_gmt":"2023-09-06T10:09:11","guid":{"rendered":"http:\/\/www.yeryuzundebirkacadim.com\/?p=5821"},"modified":"2024-08-19T13:55:08","modified_gmt":"2024-08-19T10:55:08","slug":"szentendre","status":"publish","type":"post","link":"https:\/\/www.yeryuzundebirkacadim.com\/index.php\/2023\/09\/06\/szentendre\/","title":{"rendered":"Szentendre"},"content":{"rendered":"<h3>Szentendre Kasabas\u0131<\/h3>\n<p>G\u00fclfem s\u00f6ylemeseydi b\u00f6yle bir yerden haberim olmazd\u0131. Sayesinde programa koyduk. Harika bir kasabaym\u0131\u015f.<\/p>\n<p>N\u00fcfusu 27 bin olan kasaba, Budape\u015fte&#8217;nin 20 km kuzeyinde bulunuyor.<\/p>\n<p><!--more--><\/p>\n<p>Szentendre&#8217;ye ula\u015f\u0131m olduk\u00e7a kolay. K\u0131rm\u0131z\u0131 metro-2\u2019den Batthyany dura\u011f\u0131nda indikten sonra, hemen metro istasyonunun i\u00e7inden HEV (banliy\u00f6 treni) dura\u011f\u0131na ge\u00e7i\u015f yap\u0131yorsunuz. HEV ile H5 hatt\u0131nda 40 dakikal\u0131k bir yolculukla var\u0131lan son durak Szentendre. 10-30 dakikada bir tren kalk\u0131yor.<\/p>\n<p><strong>Tarihi<\/strong><\/p>\n<p>Ad\u0131 &#8220;Aziz Andrew&#8221; anlam\u0131na gelen sevimli k\u00fc\u00e7\u00fck bir kasaba.<\/p>\n<p>16. y\u00fczy\u0131l\u0131n sonuna kadar Szentendre sadece k\u00fc\u00e7\u00fck bir k\u00f6ym\u00fc\u015f. Ancak yabanc\u0131lar buraya yerle\u015fince kaderi de\u011fi\u015fmi\u015f.<\/p>\n<p>17. y\u00fczy\u0131lda Osmanl\u0131 ak\u0131nlar\u0131ndan ka\u00e7an S\u0131rplar buraya s\u0131\u011f\u0131nm\u0131\u015f. Sonras\u0131nda Habsburg y\u00f6netimi Ortodoks S\u0131rplara tam bir din \u00f6zg\u00fcrl\u00fc\u011f\u00fc vermi\u015f. O zamanlar Macaristan&#8217;daki Protestanlara bu hak verilmemi\u015f. B\u00f6ylece olunca S\u0131rplar kendi kiliselerini, evlerini in\u015fa etmi\u015fler ve kasabaya e\u015fsiz Balkan havas\u0131n\u0131 katm\u0131\u015flar.<\/p>\n<p>S\u0131rplar\u0131n ard\u0131ndan H\u0131rvatlar, Slovaklar, Yunanl\u0131lar da kasabaya gelip yerle\u015fmi\u015f. B\u00f6ylece geleneklerin, k\u00fclt\u00fcrlerin ve dinlerin bulu\u015ftu\u011fu bir yer haline gelmi\u015f.\u00a0\u00c7e\u015fitli dinlere ait \u00e7ok say\u0131da tap\u0131nak in\u015fa edilmi\u015f.\u00a0Szentendre tamamen yeni bir g\u00f6r\u00fcn\u00fcm kazanm\u0131\u015f.<\/p>\n<p>20. y\u00fczy\u0131l\u0131n ba\u015flar\u0131nda, S\u0131rplardan olu\u015fan, bu birbirine s\u0131k\u0131 s\u0131k\u0131ya ba\u011fl\u0131 topluluk, ayr\u0131ld\u0131ktan 200 y\u0131ldan fazla bir s\u00fcre sonra anayurtlar\u0131na toplu halde geri d\u00f6nm\u00fc\u015f.<\/p>\n<p>Szentendre&#8217;nin keyifli konumu, 20. y\u00fczy\u0131l\u0131n ba\u015flar\u0131nda Budape\u015fte&#8217;den g\u00fcn\u00fcbirlik gezicilerin ve ressamlar\u0131n ilgisini \u00e7ekmeye ba\u015flam\u0131\u015f. 1920&#8217;lerde burada bir sanat\u00e7\u0131 kolonisi kurulmu\u015f. Kasaba, o zamandan beri sanat\u0131 ve sanat\u00e7\u0131lar\u0131yla tan\u0131n\u0131yor.<\/p>\n<p>Bir\u00e7ok sanat galerisi ve m\u00fcze a\u00e7\u0131lm\u0131\u015f. Szentendre sanat\u00e7\u0131lar\u0131n \u015fehri olarak da biliniyor.<\/p>\n<p>Sanat ve sanat\u00e7\u0131lar\u0131n ard\u0131ndan tabii turistler i\u00e7in de bir cazibe merkezi olmu\u015f.<\/p>\n<p><img loading=\"lazy\" decoding=\"async\" class=\"alignnone size-medium wp-image-5813\" src=\"https:\/\/www.yeryuzundebirkacadim.com\/wp-content\/uploads\/2023\/08\/IMG_20220930_151459-1024x577.jpg\" alt=\"\" width=\"1024\" height=\"577\" srcset=\"https:\/\/www.yeryuzundebirkacadim.com\/wp-content\/uploads\/2023\/08\/IMG_20220930_151459-1024x577.jpg 1024w, https:\/\/www.yeryuzundebirkacadim.com\/wp-content\/uploads\/2023\/08\/IMG_20220930_151459-768x433.jpg 768w, https:\/\/www.yeryuzundebirkacadim.com\/wp-content\/uploads\/2023\/08\/IMG_20220930_151459-816x460.jpg 816w, https:\/\/www.yeryuzundebirkacadim.com\/wp-content\/uploads\/2023\/08\/IMG_20220930_151459.jpg 1200w\" sizes=\"auto, (max-width: 1024px) 100vw, 1024px\" \/><\/p>\n<p>Szentendre tren istasyonundan eski \u015fehir merkezine yakla\u015f\u0131k 10 dakikal\u0131k bir y\u00fcr\u00fcme ile var\u0131yoruz.<\/p>\n<p>Kasaban\u0131n masals\u0131 atmosferinde, arnavut kald\u0131r\u0131ml\u0131 sokaklar\u0131nda y\u00fcr\u00fcyerek kasabay\u0131 ke\u015ffe \u00e7\u0131k\u0131yoruz.<\/p>\n<p><img loading=\"lazy\" decoding=\"async\" class=\"alignnone size-medium wp-image-5802\" src=\"https:\/\/www.yeryuzundebirkacadim.com\/wp-content\/uploads\/2023\/08\/IMG_20220930_140614-1024x577.jpg\" alt=\"\" width=\"1024\" height=\"577\" srcset=\"https:\/\/www.yeryuzundebirkacadim.com\/wp-content\/uploads\/2023\/08\/IMG_20220930_140614-1024x577.jpg 1024w, https:\/\/www.yeryuzundebirkacadim.com\/wp-content\/uploads\/2023\/08\/IMG_20220930_140614-768x433.jpg 768w, https:\/\/www.yeryuzundebirkacadim.com\/wp-content\/uploads\/2023\/08\/IMG_20220930_140614-816x460.jpg 816w, https:\/\/www.yeryuzundebirkacadim.com\/wp-content\/uploads\/2023\/08\/IMG_20220930_140614.jpg 1200w\" sizes=\"auto, (max-width: 1024px) 100vw, 1024px\" \/><\/p>\n<p>Renkli boyal\u0131 d\u00fckkanlar ve evler kar\u015f\u0131l\u0131yor bizi. Zaman\u0131n durdu\u011fu, kendi tarihini ya\u015fatan bir kasaba ile kar\u015f\u0131 kar\u015f\u0131yay\u0131z.<\/p>\n<p>Sokaklar ve binalar tablo gibi.<\/p>\n<p><img loading=\"lazy\" decoding=\"async\" class=\"alignnone size-medium wp-image-5803\" src=\"https:\/\/www.yeryuzundebirkacadim.com\/wp-content\/uploads\/2023\/08\/IMG_20220930_140918-1024x577.jpg\" alt=\"\" width=\"1024\" height=\"577\" srcset=\"https:\/\/www.yeryuzundebirkacadim.com\/wp-content\/uploads\/2023\/08\/IMG_20220930_140918-1024x577.jpg 1024w, https:\/\/www.yeryuzundebirkacadim.com\/wp-content\/uploads\/2023\/08\/IMG_20220930_140918-768x433.jpg 768w, https:\/\/www.yeryuzundebirkacadim.com\/wp-content\/uploads\/2023\/08\/IMG_20220930_140918-816x460.jpg 816w, https:\/\/www.yeryuzundebirkacadim.com\/wp-content\/uploads\/2023\/08\/IMG_20220930_140918.jpg 1200w\" sizes=\"auto, (max-width: 1024px) 100vw, 1024px\" \/><\/p>\n<p><img loading=\"lazy\" decoding=\"async\" class=\"alignnone size-medium wp-image-5804\" src=\"https:\/\/www.yeryuzundebirkacadim.com\/wp-content\/uploads\/2023\/08\/IMG_20220930_141212-1024x577.jpg\" alt=\"\" width=\"1024\" height=\"577\" srcset=\"https:\/\/www.yeryuzundebirkacadim.com\/wp-content\/uploads\/2023\/08\/IMG_20220930_141212-1024x577.jpg 1024w, https:\/\/www.yeryuzundebirkacadim.com\/wp-content\/uploads\/2023\/08\/IMG_20220930_141212-768x433.jpg 768w, https:\/\/www.yeryuzundebirkacadim.com\/wp-content\/uploads\/2023\/08\/IMG_20220930_141212-816x460.jpg 816w, https:\/\/www.yeryuzundebirkacadim.com\/wp-content\/uploads\/2023\/08\/IMG_20220930_141212.jpg 1200w\" sizes=\"auto, (max-width: 1024px) 100vw, 1024px\" \/><\/p>\n<p><img loading=\"lazy\" decoding=\"async\" class=\"alignnone size-medium wp-image-5838\" src=\"https:\/\/www.yeryuzundebirkacadim.com\/wp-content\/uploads\/2023\/08\/IMG_20220930_141916-1024x577.jpg\" alt=\"\" width=\"1024\" height=\"577\" srcset=\"https:\/\/www.yeryuzundebirkacadim.com\/wp-content\/uploads\/2023\/08\/IMG_20220930_141916-1024x577.jpg 1024w, https:\/\/www.yeryuzundebirkacadim.com\/wp-content\/uploads\/2023\/08\/IMG_20220930_141916-768x433.jpg 768w, https:\/\/www.yeryuzundebirkacadim.com\/wp-content\/uploads\/2023\/08\/IMG_20220930_141916-816x460.jpg 816w, https:\/\/www.yeryuzundebirkacadim.com\/wp-content\/uploads\/2023\/08\/IMG_20220930_141916.jpg 1200w\" sizes=\"auto, (max-width: 1024px) 100vw, 1024px\" \/><img loading=\"lazy\" decoding=\"async\" class=\"alignnone size-medium wp-image-5839\" src=\"https:\/\/www.yeryuzundebirkacadim.com\/wp-content\/uploads\/2023\/08\/IMG_20220930_141305-1024x577.jpg\" alt=\"\" width=\"1024\" height=\"577\" srcset=\"https:\/\/www.yeryuzundebirkacadim.com\/wp-content\/uploads\/2023\/08\/IMG_20220930_141305-1024x577.jpg 1024w, https:\/\/www.yeryuzundebirkacadim.com\/wp-content\/uploads\/2023\/08\/IMG_20220930_141305-768x433.jpg 768w, https:\/\/www.yeryuzundebirkacadim.com\/wp-content\/uploads\/2023\/08\/IMG_20220930_141305-816x460.jpg 816w, https:\/\/www.yeryuzundebirkacadim.com\/wp-content\/uploads\/2023\/08\/IMG_20220930_141305.jpg 1200w\" sizes=\"auto, (max-width: 1024px) 100vw, 1024px\" \/><\/p>\n<p>Kasabada bir\u00e7ok hediyelik e\u015fya d\u00fckkan\u0131 ve \u015firin kafeler var.<\/p>\n<p><img loading=\"lazy\" decoding=\"async\" class=\"alignnone size-medium wp-image-5805\" src=\"https:\/\/www.yeryuzundebirkacadim.com\/wp-content\/uploads\/2023\/08\/IMG_20220930_142046-1024x577.jpg\" alt=\"\" width=\"1024\" height=\"577\" srcset=\"https:\/\/www.yeryuzundebirkacadim.com\/wp-content\/uploads\/2023\/08\/IMG_20220930_142046-1024x577.jpg 1024w, https:\/\/www.yeryuzundebirkacadim.com\/wp-content\/uploads\/2023\/08\/IMG_20220930_142046-768x433.jpg 768w, https:\/\/www.yeryuzundebirkacadim.com\/wp-content\/uploads\/2023\/08\/IMG_20220930_142046-816x460.jpg 816w, https:\/\/www.yeryuzundebirkacadim.com\/wp-content\/uploads\/2023\/08\/IMG_20220930_142046.jpg 1200w\" sizes=\"auto, (max-width: 1024px) 100vw, 1024px\" \/><\/p>\n<p><img loading=\"lazy\" decoding=\"async\" class=\"alignnone size-medium wp-image-5822\" src=\"https:\/\/www.yeryuzundebirkacadim.com\/wp-content\/uploads\/2023\/08\/IMG_20220930_154447-1024x768.jpg\" alt=\"\" width=\"1024\" height=\"768\" srcset=\"https:\/\/www.yeryuzundebirkacadim.com\/wp-content\/uploads\/2023\/08\/IMG_20220930_154447-1024x768.jpg 1024w, https:\/\/www.yeryuzundebirkacadim.com\/wp-content\/uploads\/2023\/08\/IMG_20220930_154447-768x576.jpg 768w, https:\/\/www.yeryuzundebirkacadim.com\/wp-content\/uploads\/2023\/08\/IMG_20220930_154447-816x612.jpg 816w, https:\/\/www.yeryuzundebirkacadim.com\/wp-content\/uploads\/2023\/08\/IMG_20220930_154447.jpg 1200w\" sizes=\"auto, (max-width: 1024px) 100vw, 1024px\" \/><\/p>\n<p><strong>Lavantal\u0131 dondurma<\/strong> kasaban\u0131n me\u015fhurlar\u0131ndan.<\/p>\n<p>Dondurmam\u0131z\u0131 yiyip biraz gezindikten sonra foto\u011fraftaki &#8220;Langos&#8221; yaz\u0131s\u0131n\u0131 takip edece\u011fiz \ud83d\ude42<\/p>\n<p><img loading=\"lazy\" decoding=\"async\" class=\"alignnone size-medium wp-image-5817\" src=\"https:\/\/www.yeryuzundebirkacadim.com\/wp-content\/uploads\/2023\/08\/IMG_20220930_143112-1024x577.jpg\" alt=\"\" width=\"1024\" height=\"577\" srcset=\"https:\/\/www.yeryuzundebirkacadim.com\/wp-content\/uploads\/2023\/08\/IMG_20220930_143112-1024x577.jpg 1024w, https:\/\/www.yeryuzundebirkacadim.com\/wp-content\/uploads\/2023\/08\/IMG_20220930_143112-768x433.jpg 768w, https:\/\/www.yeryuzundebirkacadim.com\/wp-content\/uploads\/2023\/08\/IMG_20220930_143112-816x460.jpg 816w, https:\/\/www.yeryuzundebirkacadim.com\/wp-content\/uploads\/2023\/08\/IMG_20220930_143112.jpg 1200w\" sizes=\"auto, (max-width: 1024px) 100vw, 1024px\" \/><\/p>\n<p><img loading=\"lazy\" decoding=\"async\" class=\"alignnone size-medium wp-image-5825\" src=\"https:\/\/www.yeryuzundebirkacadim.com\/wp-content\/uploads\/2023\/08\/IMG_20220930_162132-1024x768.jpg\" alt=\"\" width=\"1024\" height=\"768\" srcset=\"https:\/\/www.yeryuzundebirkacadim.com\/wp-content\/uploads\/2023\/08\/IMG_20220930_162132-1024x768.jpg 1024w, https:\/\/www.yeryuzundebirkacadim.com\/wp-content\/uploads\/2023\/08\/IMG_20220930_162132-768x576.jpg 768w, https:\/\/www.yeryuzundebirkacadim.com\/wp-content\/uploads\/2023\/08\/IMG_20220930_162132-816x612.jpg 816w, https:\/\/www.yeryuzundebirkacadim.com\/wp-content\/uploads\/2023\/08\/IMG_20220930_162132.jpg 1200w\" sizes=\"auto, (max-width: 1024px) 100vw, 1024px\" \/><\/p>\n<p>G\u00fclfem ve Aziz.<\/p>\n<p><img loading=\"lazy\" decoding=\"async\" class=\"alignnone size-medium wp-image-5806\" src=\"https:\/\/www.yeryuzundebirkacadim.com\/wp-content\/uploads\/2023\/08\/IMG_20220930_142126-1024x577.jpg\" alt=\"\" width=\"1024\" height=\"577\" srcset=\"https:\/\/www.yeryuzundebirkacadim.com\/wp-content\/uploads\/2023\/08\/IMG_20220930_142126-1024x577.jpg 1024w, https:\/\/www.yeryuzundebirkacadim.com\/wp-content\/uploads\/2023\/08\/IMG_20220930_142126-768x433.jpg 768w, https:\/\/www.yeryuzundebirkacadim.com\/wp-content\/uploads\/2023\/08\/IMG_20220930_142126-816x460.jpg 816w, https:\/\/www.yeryuzundebirkacadim.com\/wp-content\/uploads\/2023\/08\/IMG_20220930_142126.jpg 1200w\" sizes=\"auto, (max-width: 1024px) 100vw, 1024px\" \/><img loading=\"lazy\" decoding=\"async\" class=\"alignnone size-medium wp-image-5807\" src=\"https:\/\/www.yeryuzundebirkacadim.com\/wp-content\/uploads\/2023\/08\/IMG_20220930_142215-1024x577.jpg\" alt=\"\" width=\"1024\" height=\"577\" srcset=\"https:\/\/www.yeryuzundebirkacadim.com\/wp-content\/uploads\/2023\/08\/IMG_20220930_142215-1024x577.jpg 1024w, https:\/\/www.yeryuzundebirkacadim.com\/wp-content\/uploads\/2023\/08\/IMG_20220930_142215-768x433.jpg 768w, https:\/\/www.yeryuzundebirkacadim.com\/wp-content\/uploads\/2023\/08\/IMG_20220930_142215-816x460.jpg 816w, https:\/\/www.yeryuzundebirkacadim.com\/wp-content\/uploads\/2023\/08\/IMG_20220930_142215.jpg 1200w\" sizes=\"auto, (max-width: 1024px) 100vw, 1024px\" \/><\/p>\n<p><strong>1. F\u00f6 Ter (Ana Meydan)<\/strong><\/p>\n<p><img loading=\"lazy\" decoding=\"async\" class=\"alignnone size-medium wp-image-5841\" src=\"https:\/\/www.yeryuzundebirkacadim.com\/wp-content\/uploads\/2023\/08\/IMG_20220930_152556-1024x768.jpg\" alt=\"\" width=\"1024\" height=\"768\" srcset=\"https:\/\/www.yeryuzundebirkacadim.com\/wp-content\/uploads\/2023\/08\/IMG_20220930_152556-1024x768.jpg 1024w, https:\/\/www.yeryuzundebirkacadim.com\/wp-content\/uploads\/2023\/08\/IMG_20220930_152556-768x576.jpg 768w, https:\/\/www.yeryuzundebirkacadim.com\/wp-content\/uploads\/2023\/08\/IMG_20220930_152556-816x612.jpg 816w, https:\/\/www.yeryuzundebirkacadim.com\/wp-content\/uploads\/2023\/08\/IMG_20220930_152556.jpg 1208w\" sizes=\"auto, (max-width: 1024px) 100vw, 1024px\" \/><\/p>\n<p>Szentendre&#8217;nin merkezi ve ana meydan\u0131. \u00dc\u00e7gen \u015feklindeki meydan\u0131n ortas\u0131nda, pembe mermer kaidenin \u00fczerindeki 18. y\u00fczy\u0131ldan kalma Barok ha\u00e7; bir veba an\u0131t\u0131d\u0131r.<\/p>\n<p>Meydan\u0131n \u00e7evresindeki 18. ve 19. y\u00fczy\u0131ldan kalma binalar\u0131n \u00e7o\u011fu Barok ve Rokoko mimarisine aittir ve \u00e7ok iyi korunmu\u015ftur.<\/p>\n<p>Bir zamanlar bu evlerin \u00e7o\u011fu zengin S\u0131rp t\u00fcccarlar\u0131na aitmi\u015f.<\/p>\n<p>Meydanda bir de tulumba var.<\/p>\n<p><img loading=\"lazy\" decoding=\"async\" class=\"alignnone size-full wp-image-5819\" src=\"https:\/\/www.yeryuzundebirkacadim.com\/wp-content\/uploads\/2023\/08\/IMG_20220930_152909.jpg\" alt=\"\" width=\"734\" height=\"979\" \/><\/p>\n<p>Meydan\u0131n \u00e7evresinde galeriler, hediyelik e\u015fya satan d\u00fckkanlar ve \u015femsiyelerle s\u00fcslenmi\u015f renkli bir sokak bulunuyor.<\/p>\n<p><img loading=\"lazy\" decoding=\"async\" class=\"alignnone size-medium wp-image-5809\" src=\"https:\/\/www.yeryuzundebirkacadim.com\/wp-content\/uploads\/2023\/08\/IMG_20220930_144503-1024x577.jpg\" alt=\"\" width=\"1024\" height=\"577\" srcset=\"https:\/\/www.yeryuzundebirkacadim.com\/wp-content\/uploads\/2023\/08\/IMG_20220930_144503-1024x577.jpg 1024w, https:\/\/www.yeryuzundebirkacadim.com\/wp-content\/uploads\/2023\/08\/IMG_20220930_144503-768x433.jpg 768w, https:\/\/www.yeryuzundebirkacadim.com\/wp-content\/uploads\/2023\/08\/IMG_20220930_144503-816x460.jpg 816w, https:\/\/www.yeryuzundebirkacadim.com\/wp-content\/uploads\/2023\/08\/IMG_20220930_144503.jpg 1200w\" sizes=\"auto, (max-width: 1024px) 100vw, 1024px\" \/><\/p>\n<p class=\"DUwDvf lfPIob\"><strong>2. Blagovestenska Kilisesi<\/strong><\/p>\n<p>Meydanda bulunan ve Szentendre&#8217;deki 9 kiliseden biri olan Barok-Rokoko tarz\u0131ndaki Yunan-Ortodoks Blagovestenska Kilisesi, en iyi bilinenidir. Kilise Makedonyal\u0131 bir Yunan t\u00fcccar taraf\u0131ndan yapt\u0131r\u0131lm\u0131\u015f.<\/p>\n<p><img loading=\"lazy\" decoding=\"async\" class=\"alignnone size-full wp-image-5836\" src=\"https:\/\/www.yeryuzundebirkacadim.com\/wp-content\/uploads\/2023\/08\/IMG_20220930_153122.jpg\" alt=\"\" width=\"734\" height=\"979\" \/><\/p>\n<p><strong>3. Kale Tepesi (Castle Hill) ve Vaftizci Yahya Cemaati Kilisesi (Saint John the Baptist&#8217;s Parish Church)<\/strong><\/p>\n<p><img loading=\"lazy\" decoding=\"async\" class=\"alignnone size-medium wp-image-5816\" src=\"https:\/\/www.yeryuzundebirkacadim.com\/wp-content\/uploads\/2023\/08\/IMG_20220930_152614-1024x577.jpg\" alt=\"\" width=\"1024\" height=\"577\" srcset=\"https:\/\/www.yeryuzundebirkacadim.com\/wp-content\/uploads\/2023\/08\/IMG_20220930_152614-1024x577.jpg 1024w, https:\/\/www.yeryuzundebirkacadim.com\/wp-content\/uploads\/2023\/08\/IMG_20220930_152614-768x433.jpg 768w, https:\/\/www.yeryuzundebirkacadim.com\/wp-content\/uploads\/2023\/08\/IMG_20220930_152614-816x460.jpg 816w, https:\/\/www.yeryuzundebirkacadim.com\/wp-content\/uploads\/2023\/08\/IMG_20220930_152614.jpg 1200w\" sizes=\"auto, (max-width: 1024px) 100vw, 1024px\" \/><\/p>\n<p>Meydana yak\u0131n ara sokaklardan \u00e7\u0131k\u0131lan bir tepecik. Bu alan asl\u0131nda Orta \u00e7a\u011fdan kalma bir kalenin bulundu\u011fu yermi\u015f. Kale y\u0131k\u0131lm\u0131\u015f. Geriye kalan tek \u015fey 13. y\u00fczy\u0131la ait Vaftizci Yahya kilisesi olmu\u015f. Kilise, 1930&#8217;larda sanat\u00e7\u0131 kolonisinin \u00fcyeleri taraf\u0131ndan boyanm\u0131\u015f ve \u00e7ok say\u0131da g\u00fczel fresk yap\u0131lm\u0131\u015f.<\/p>\n<p>Kilisenin \u00f6n\u00fc Kilise Meydan\u0131d\u0131r.<\/p>\n<p>Kale Tepesi&#8217;nin bir di\u011fer g\u00fczelli\u011fi; Szentendre&#8217;nin orta kesimindeki \u00e7at\u0131lar\u0131n ve \u00e7arp\u0131k evlerin g\u00fczel manzaralar\u0131n\u0131 sunmas\u0131d\u0131r.<\/p>\n<p>Yunan Blagovestenska Kilisesi&#8217;nin renkli kubbesi de g\u00f6r\u00fcl\u00fcyor.<\/p>\n<p><img loading=\"lazy\" decoding=\"async\" class=\"alignnone size-medium wp-image-5815\" src=\"https:\/\/www.yeryuzundebirkacadim.com\/wp-content\/uploads\/2023\/08\/IMG_20220930_152652-1024x577.jpg\" alt=\"\" width=\"1024\" height=\"577\" srcset=\"https:\/\/www.yeryuzundebirkacadim.com\/wp-content\/uploads\/2023\/08\/IMG_20220930_152652-1024x577.jpg 1024w, https:\/\/www.yeryuzundebirkacadim.com\/wp-content\/uploads\/2023\/08\/IMG_20220930_152652-768x433.jpg 768w, https:\/\/www.yeryuzundebirkacadim.com\/wp-content\/uploads\/2023\/08\/IMG_20220930_152652-816x460.jpg 816w, https:\/\/www.yeryuzundebirkacadim.com\/wp-content\/uploads\/2023\/08\/IMG_20220930_152652.jpg 1148w\" sizes=\"auto, (max-width: 1024px) 100vw, 1024px\" \/><\/p>\n<p><img loading=\"lazy\" decoding=\"async\" class=\"alignnone size-medium wp-image-5842\" src=\"https:\/\/www.yeryuzundebirkacadim.com\/wp-content\/uploads\/2023\/08\/IMG_20220930_152918-577x1024.jpg\" alt=\"\" width=\"577\" height=\"1024\" srcset=\"https:\/\/www.yeryuzundebirkacadim.com\/wp-content\/uploads\/2023\/08\/IMG_20220930_152918-577x1024.jpg 577w, https:\/\/www.yeryuzundebirkacadim.com\/wp-content\/uploads\/2023\/08\/IMG_20220930_152918-563x999.jpg 563w, https:\/\/www.yeryuzundebirkacadim.com\/wp-content\/uploads\/2023\/08\/IMG_20220930_152918.jpg 676w\" sizes=\"auto, (max-width: 577px) 100vw, 577px\" \/><\/p>\n<p><strong>Langos Yeme Zaman\u0131<\/strong><\/p>\n<p data-slot-rendered-content=\"true\">Kale tepesinden inerken o darac\u0131k sokaktaki langos\u00e7uya u\u011fruyoruz: Alomlangos. Bu bizim &#8220;pi\u015fi&#8221;nin modifiye edilmi\u015f Macar versiyonu.<\/p>\n<p data-slot-rendered-content=\"true\">B\u00fcy\u00fck bir pi\u015finin ortas\u0131na ek\u015fi krema ve \u00fcst\u00fcne ka\u015far rendesi koyuyorlar. Tad\u0131ndan yenmez.<\/p>\n<p>Yine \u015fehir sokaklar\u0131nday\u0131z.<\/p>\n<p><strong>Unicum<\/strong><\/p>\n<p>Macarlar\u0131n me\u015fhur &#8220;unicum&#8221;u. Bir \u00e7e\u015fit lik\u00f6r. \u00d6zellikle kahvenin yan\u0131na tavsiye ediyorlar.<\/p>\n<p><img loading=\"lazy\" decoding=\"async\" class=\"alignnone size-medium wp-image-5818\" src=\"https:\/\/www.yeryuzundebirkacadim.com\/wp-content\/uploads\/2023\/08\/IMG_20220930_153433-1024x768.jpg\" alt=\"\" width=\"1024\" height=\"768\" srcset=\"https:\/\/www.yeryuzundebirkacadim.com\/wp-content\/uploads\/2023\/08\/IMG_20220930_153433-1024x768.jpg 1024w, https:\/\/www.yeryuzundebirkacadim.com\/wp-content\/uploads\/2023\/08\/IMG_20220930_153433-768x576.jpg 768w, https:\/\/www.yeryuzundebirkacadim.com\/wp-content\/uploads\/2023\/08\/IMG_20220930_153433-816x612.jpg 816w, https:\/\/www.yeryuzundebirkacadim.com\/wp-content\/uploads\/2023\/08\/IMG_20220930_153433.jpg 1200w\" sizes=\"auto, (max-width: 1024px) 100vw, 1024px\" \/><\/p>\n<p>\u00d6zellikle Osmanl\u0131 egemenli\u011fi alt\u0131ndayken tan\u0131\u015ft\u0131klar\u0131 paprika ad\u0131n\u0131 verdikleri k\u0131rm\u0131z\u0131 ac\u0131 biber, y\u00f6renin \u00f6ne \u00e7\u0131kan \u00fcr\u00fcnlerinden ve \u00fclke mutfa\u011f\u0131n\u0131n simgelerinden. \u0130plere dizilerek kurutulmu\u015f biberler d\u00fckkanlara renk katm\u0131\u015f.<\/p>\n<p><img loading=\"lazy\" decoding=\"async\" class=\"alignnone size-medium wp-image-5811\" src=\"https:\/\/www.yeryuzundebirkacadim.com\/wp-content\/uploads\/2023\/08\/IMG_20220930_150446-1024x577.jpg\" alt=\"\" width=\"1024\" height=\"577\" srcset=\"https:\/\/www.yeryuzundebirkacadim.com\/wp-content\/uploads\/2023\/08\/IMG_20220930_150446-1024x577.jpg 1024w, https:\/\/www.yeryuzundebirkacadim.com\/wp-content\/uploads\/2023\/08\/IMG_20220930_150446-768x433.jpg 768w, https:\/\/www.yeryuzundebirkacadim.com\/wp-content\/uploads\/2023\/08\/IMG_20220930_150446-816x460.jpg 816w, https:\/\/www.yeryuzundebirkacadim.com\/wp-content\/uploads\/2023\/08\/IMG_20220930_150446.jpg 1200w\" sizes=\"auto, (max-width: 1024px) 100vw, 1024px\" \/><img loading=\"lazy\" decoding=\"async\" class=\"alignnone size-medium wp-image-5814\" src=\"https:\/\/www.yeryuzundebirkacadim.com\/wp-content\/uploads\/2023\/08\/IMG_20220930_151702-1024x577.jpg\" alt=\"\" width=\"1024\" height=\"577\" srcset=\"https:\/\/www.yeryuzundebirkacadim.com\/wp-content\/uploads\/2023\/08\/IMG_20220930_151702-1024x577.jpg 1024w, https:\/\/www.yeryuzundebirkacadim.com\/wp-content\/uploads\/2023\/08\/IMG_20220930_151702-768x433.jpg 768w, https:\/\/www.yeryuzundebirkacadim.com\/wp-content\/uploads\/2023\/08\/IMG_20220930_151702-816x460.jpg 816w, https:\/\/www.yeryuzundebirkacadim.com\/wp-content\/uploads\/2023\/08\/IMG_20220930_151702.jpg 1200w\" sizes=\"auto, (max-width: 1024px) 100vw, 1024px\" \/><\/p>\n<p><img loading=\"lazy\" decoding=\"async\" class=\"alignnone size-medium wp-image-5959\" src=\"https:\/\/www.yeryuzundebirkacadim.com\/wp-content\/uploads\/2023\/09\/fd583e55-3a11-4af7-8dac-5606fcd485ff-1024x768.jpg\" alt=\"\" width=\"1024\" height=\"768\" srcset=\"https:\/\/www.yeryuzundebirkacadim.com\/wp-content\/uploads\/2023\/09\/fd583e55-3a11-4af7-8dac-5606fcd485ff-1024x768.jpg 1024w, https:\/\/www.yeryuzundebirkacadim.com\/wp-content\/uploads\/2023\/09\/fd583e55-3a11-4af7-8dac-5606fcd485ff-768x576.jpg 768w, https:\/\/www.yeryuzundebirkacadim.com\/wp-content\/uploads\/2023\/09\/fd583e55-3a11-4af7-8dac-5606fcd485ff-1536x1152.jpg 1536w, https:\/\/www.yeryuzundebirkacadim.com\/wp-content\/uploads\/2023\/09\/fd583e55-3a11-4af7-8dac-5606fcd485ff-816x612.jpg 816w, https:\/\/www.yeryuzundebirkacadim.com\/wp-content\/uploads\/2023\/09\/fd583e55-3a11-4af7-8dac-5606fcd485ff.jpg 1824w\" sizes=\"auto, (max-width: 1024px) 100vw, 1024px\" \/><\/p>\n<p>\u015eirin mi \u015firin bir sokak \u00e7e\u015fmesi.<\/p>\n<p><img loading=\"lazy\" decoding=\"async\" class=\"alignnone size-medium wp-image-5824\" src=\"https:\/\/www.yeryuzundebirkacadim.com\/wp-content\/uploads\/2023\/08\/IMG_20220930_161520-1024x768.jpg\" alt=\"\" width=\"1024\" height=\"768\" srcset=\"https:\/\/www.yeryuzundebirkacadim.com\/wp-content\/uploads\/2023\/08\/IMG_20220930_161520-1024x768.jpg 1024w, https:\/\/www.yeryuzundebirkacadim.com\/wp-content\/uploads\/2023\/08\/IMG_20220930_161520-768x576.jpg 768w, https:\/\/www.yeryuzundebirkacadim.com\/wp-content\/uploads\/2023\/08\/IMG_20220930_161520-816x612.jpg 816w, https:\/\/www.yeryuzundebirkacadim.com\/wp-content\/uploads\/2023\/08\/IMG_20220930_161520.jpg 1200w\" sizes=\"auto, (max-width: 1024px) 100vw, 1024px\" \/><\/p>\n<p><strong>4. Sezentendre&#8217;deki Tuna <\/strong><\/p>\n<p>Ve nehir k\u0131y\u0131s\u0131na ge\u00e7iyoruz. Nehir Tuna&#8217;n\u0131n bir kolunu olu\u015fturuyor.<\/p>\n<p><img loading=\"lazy\" decoding=\"async\" class=\"alignnone size-medium wp-image-5812\" src=\"https:\/\/www.yeryuzundebirkacadim.com\/wp-content\/uploads\/2023\/08\/IMG_20220930_151104-1024x577.jpg\" alt=\"\" width=\"1024\" height=\"577\" srcset=\"https:\/\/www.yeryuzundebirkacadim.com\/wp-content\/uploads\/2023\/08\/IMG_20220930_151104-1024x577.jpg 1024w, https:\/\/www.yeryuzundebirkacadim.com\/wp-content\/uploads\/2023\/08\/IMG_20220930_151104-768x433.jpg 768w, https:\/\/www.yeryuzundebirkacadim.com\/wp-content\/uploads\/2023\/08\/IMG_20220930_151104-816x460.jpg 816w, https:\/\/www.yeryuzundebirkacadim.com\/wp-content\/uploads\/2023\/08\/IMG_20220930_151104.jpg 1200w\" sizes=\"auto, (max-width: 1024px) 100vw, 1024px\" \/><\/p>\n<p class=\"bwoZTb\"><strong>5. Szamoz Badem Ezmesi M\u00fczesi \u015eekerleme (Szamos Marcipan Muzeum Cukraszda)<\/strong><\/p>\n<p><img loading=\"lazy\" decoding=\"async\" class=\"alignnone size-medium wp-image-5826\" src=\"https:\/\/www.yeryuzundebirkacadim.com\/wp-content\/uploads\/2023\/08\/IMG_20220930_172633-1024x768.jpg\" alt=\"\" width=\"1024\" height=\"768\" srcset=\"https:\/\/www.yeryuzundebirkacadim.com\/wp-content\/uploads\/2023\/08\/IMG_20220930_172633-1024x768.jpg 1024w, https:\/\/www.yeryuzundebirkacadim.com\/wp-content\/uploads\/2023\/08\/IMG_20220930_172633-768x576.jpg 768w, https:\/\/www.yeryuzundebirkacadim.com\/wp-content\/uploads\/2023\/08\/IMG_20220930_172633-816x612.jpg 816w, https:\/\/www.yeryuzundebirkacadim.com\/wp-content\/uploads\/2023\/08\/IMG_20220930_172633.jpg 1200w\" sizes=\"auto, (max-width: 1024px) 100vw, 1024px\" \/><\/p>\n<p>Szamos Badem Ezmesi M\u00fczesi, y\u0131llar i\u00e7inde badem ezmesi kal\u0131plama ve nefis \u015fekerleme \u00fcr\u00fcnleri yapma konusunda m\u00fckemmel bir beceri geli\u015ftiren pasta ustas\u0131 Matyas Szamos taraf\u0131ndan 1930&#8217;larda kurulmu\u015f.<\/p>\n<p>Bug\u00fcn hala ziyaret edilebilen bu d\u00fckkan, Szamos Marzipan M\u00fczesi \u015eekerleme ad\u0131 alt\u0131nda misafirlerini a\u011f\u0131rl\u0131yor. \u00dcst katta Badem Ezmesi M\u00fczesi var ve zemin katta daha da lezzetli envai\u00e7e\u015fit tatl\u0131lar bulunuyor.<\/p>\n<p><img loading=\"lazy\" decoding=\"async\" class=\"alignnone size-medium wp-image-5837\" src=\"https:\/\/www.yeryuzundebirkacadim.com\/wp-content\/uploads\/2023\/08\/IMG_20220930_171513-1024x768.jpg\" alt=\"\" width=\"1024\" height=\"768\" srcset=\"https:\/\/www.yeryuzundebirkacadim.com\/wp-content\/uploads\/2023\/08\/IMG_20220930_171513-1024x768.jpg 1024w, https:\/\/www.yeryuzundebirkacadim.com\/wp-content\/uploads\/2023\/08\/IMG_20220930_171513-768x576.jpg 768w, https:\/\/www.yeryuzundebirkacadim.com\/wp-content\/uploads\/2023\/08\/IMG_20220930_171513-816x612.jpg 816w, https:\/\/www.yeryuzundebirkacadim.com\/wp-content\/uploads\/2023\/08\/IMG_20220930_171513.jpg 1200w\" sizes=\"auto, (max-width: 1024px) 100vw, 1024px\" \/><\/p>\n<p>Pasta spesiyaliteleri, onlarca farkl\u0131 kek, tatl\u0131 ve bunlara e\u015flik eden kahve spesiyaliteleri mevcut.<\/p>\n<p>Gezmek i\u00e7in bize en uygun m\u00fcze buras\u0131yd\u0131 \ud83d\ude42<\/p>\n<p><img loading=\"lazy\" decoding=\"async\" class=\"alignnone size-medium wp-image-5823\" src=\"https:\/\/www.yeryuzundebirkacadim.com\/wp-content\/uploads\/2023\/08\/IMG_20220930_161217-1024x577.jpg\" alt=\"\" width=\"1024\" height=\"577\" srcset=\"https:\/\/www.yeryuzundebirkacadim.com\/wp-content\/uploads\/2023\/08\/IMG_20220930_161217-1024x577.jpg 1024w, https:\/\/www.yeryuzundebirkacadim.com\/wp-content\/uploads\/2023\/08\/IMG_20220930_161217-768x433.jpg 768w, https:\/\/www.yeryuzundebirkacadim.com\/wp-content\/uploads\/2023\/08\/IMG_20220930_161217-816x460.jpg 816w, https:\/\/www.yeryuzundebirkacadim.com\/wp-content\/uploads\/2023\/08\/IMG_20220930_161217.jpg 1200w\" sizes=\"auto, (max-width: 1024px) 100vw, 1024px\" \/><\/p>\n<p>&nbsp;<\/p>\n<p>&nbsp;<\/p>\n<p>&nbsp;<\/p>\n<p>&nbsp;<\/p>\n<p>&nbsp;<\/p>\n<p>&nbsp;<\/p>\n<p>&nbsp;<\/p>\n<p>&nbsp;<\/p>\n<p>&nbsp;<\/p>\n<p>&nbsp;<\/p>\n<p>&nbsp;<\/p>\n","protected":false},"excerpt":{"rendered":"<p>Szentendre Kasabas\u0131 G\u00fclfem s\u00f6ylemeseydi b\u00f6yle bir yerden haberim olmazd\u0131. Sayesinde programa koyduk. Harika bir kasabaym\u0131\u015f. N\u00fcfusu 27 bin olan kasaba, Budape\u015fte&#8217;nin 20 km kuzeyinde bulunuyor.<\/p>\n","protected":false},"author":1,"featured_media":5845,"comment_status":"closed","ping_status":"closed","sticky":false,"template":"","format":"standard","meta":{"footnotes":""},"categories":[736,744],"tags":[742,743,741,739,740,738],"class_list":["post-5821","post","type-post","status-publish","format-standard","has-post-thumbnail","hentry","category-szentre","category-szentendre-szentre","tag-blagovestenska","tag-duna","tag-fo-ter","tag-langos","tag-marzipan","tag-szentendre"],"_links":{"self":[{"href":"https:\/\/www.yeryuzundebirkacadim.com\/index.php\/wp-json\/wp\/v2\/posts\/5821","targetHints":{"allow":["GET"]}}],"collection":[{"href":"https:\/\/www.yeryuzundebirkacadim.com\/index.php\/wp-json\/wp\/v2\/posts"}],"about":[{"href":"https:\/\/www.yeryuzundebirkacadim.com\/index.php\/wp-json\/wp\/v2\/types\/post"}],"author":[{"embeddable":true,"href":"https:\/\/www.yeryuzundebirkacadim.com\/index.php\/wp-json\/wp\/v2\/users\/1"}],"replies":[{"embeddable":true,"href":"https:\/\/www.yeryuzundebirkacadim.com\/index.php\/wp-json\/wp\/v2\/comments?post=5821"}],"version-history":[{"count":12,"href":"https:\/\/www.yeryuzundebirkacadim.com\/index.php\/wp-json\/wp\/v2\/posts\/5821\/revisions"}],"predecessor-version":[{"id":5961,"href":"https:\/\/www.yeryuzundebirkacadim.com\/index.php\/wp-json\/wp\/v2\/posts\/5821\/revisions\/5961"}],"wp:featuredmedia":[{"embeddable":true,"href":"https:\/\/www.yeryuzundebirkacadim.com\/index.php\/wp-json\/wp\/v2\/media\/5845"}],"wp:attachment":[{"href":"https:\/\/www.yeryuzundebirkacadim.com\/index.php\/wp-json\/wp\/v2\/media?parent=5821"}],"wp:term":[{"taxonomy":"category","embeddable":true,"href":"https:\/\/www.yeryuzundebirkacadim.com\/index.php\/wp-json\/wp\/v2\/categories?post=5821"},{"taxonomy":"post_tag","embeddable":true,"href":"https:\/\/www.yeryuzundebirkacadim.com\/index.php\/wp-json\/wp\/v2\/tags?post=5821"}],"curies":[{"name":"wp","href":"https:\/\/api.w.org\/{rel}","templated":true}]}}