


{"id":5786,"date":"2023-09-06T13:02:45","date_gmt":"2023-09-06T10:02:45","guid":{"rendered":"http:\/\/www.yeryuzundebirkacadim.com\/?p=5786"},"modified":"2024-08-19T13:55:08","modified_gmt":"2024-08-19T10:55:08","slug":"budapeste","status":"publish","type":"post","link":"https:\/\/www.yeryuzundebirkacadim.com\/index.php\/2023\/09\/06\/budapeste\/","title":{"rendered":"Budape\u015fte"},"content":{"rendered":"<h3>Budape\u015fte<\/h3>\n<p>(30 Eyl\u00fcl 2022-3 Ekim 2022)<\/p>\n<p>Kay\u0131nbiraderim Aziz, eltim G\u00fclfem, e\u015fim Ali Vefa ve ben Ayla Budape\u015fte gezisi yapmaya karar veriyoruz. E\u015fim ve ben daha \u00f6nce bir turla Budape\u015fte&#8217;ye gelmi\u015ftik. Ancak birka\u00e7 \u00fclkeyi k\u0131s\u0131tl\u0131 bir zamanda g\u00f6rd\u00fc\u011f\u00fcm\u00fcz i\u00e7in zihnimizde \u00e7ok yer etmemi\u015fti. Sadece Tuna&#8217;n\u0131n bu \u015fehre \u00e7ok yak\u0131\u015ft\u0131\u011f\u0131n\u0131 hat\u0131rl\u0131yoruz. Bu sefer kendi yapt\u0131\u011f\u0131m\u0131z turla daha uzun bir zamanda keyifle gezmeyi planl\u0131yoruz.<\/p>\n<p><!--more--><\/p>\n<p>\u00dclkenin tarihini atlamayal\u0131m.<\/p>\n<p><strong>Macaristan Tarihi<\/strong><\/p>\n<p>Macaristan&#8217;\u0131n tarihi biraz kar\u0131\u015f\u0131k geldi bana.<\/p>\n<p>\u00d6zetleyecek olursam M.\u00d6. 900\u2019l\u00fc y\u0131llarda Ural da\u011flar\u0131 ve Volga Nehri civar\u0131nda b\u00f6lgeye gelen Macar kabileleri bu b\u00f6lgede Macar Krall\u0131\u011f\u0131&#8217;n\u0131 kuruyor.<\/p>\n<p>Daha sonra Onogurlar ve bat\u0131ya g\u00f6\u00e7 eden Hunlar\u2019a kar\u0131\u015f\u0131yorlar. Bu \u00fc\u00e7 boy Volga b\u00f6lgesinde \u201cMacar\u201d kavmini meydana getiriyor.<\/p>\n<p>Sibirler\u2019in bask\u0131s\u0131yla yurtlar\u0131ndan ayr\u0131larak Kuban Irma\u011f\u0131 dolaylar\u0131na yerle\u015fiyorlar. Sonra Hazar hakimiyetini kabul ediyorlar. Daha sonra bu boylara Hazarlar&#8217;dan olan Kavar adl\u0131 \u00fc\u00e7 boy kat\u0131l\u0131yor. Yani g\u00fcn\u00fcm\u00fcz Macarlar\u0131; \u00fc\u00e7\u00fc T\u00fcrk d\u00f6rt kavmin birle\u015fmesinden do\u011fdu\u011fu s\u00f6yleniyor: Onogurlar, Ugorlar, Hunlar ve Kavar Hazarlar\u0131.<\/p>\n<p>Macarlar\u0131n Avrupa&#8217;da yayg\u0131n bi\u00e7imde kullan\u0131lan adlar\u0131n\u0131n, T\u00fcrk\u00e7e &#8220;on ok&#8221; anlam\u0131na gelen &#8220;on ogur&#8221; s\u00f6zc\u00fc\u011f\u00fcn\u00fcn de\u011fi\u015ferek Hungar s\u00f6zc\u00fc\u011f\u00fcne d\u00f6n\u00fc\u015ferek olu\u015ftu\u011funa inan\u0131l\u0131yor.<\/p>\n<p>(Not: Atat\u00fcrk, 1934 y\u0131l\u0131nda G\u00fcven Mektubunu takdim eden Macaristan B\u00fcy\u00fckel\u00e7isi Jungerth Arnothy\u2019ye \u015funlar\u0131 s\u00f6yler: \u201cBu iki halk (T\u00fcrkler ve Macarlar) tarih boyunca bir kere yan yana gelip akrabal\u0131klar\u0131n\u0131n fark\u0131na varsayd\u0131, Do\u011fu Avrupa tarihi \u00e7ok farkl\u0131 olurdu.\u201d<\/p>\n<p>Son y\u0131llarda yap\u0131lan bir ara\u015ft\u0131rmada Macarlar\u2019\u0131n geneti\u011fi \u2013onlarla kayna\u015fmalar\u0131ndan dolay\u0131- Orta Avrupa geneti\u011fine benzer \u00e7\u0131km\u0131\u015f. Ancak k\u00f6kenlerinin Hun T\u00fcrkleri oldu\u011funa ait s\u00f6ylemler de var oldu\u011fu i\u00e7in bir ba\u015fka genetik tahlil daha yap\u0131lm\u0131\u015f. Macar boylar\u0131n\u0131n Orta Avrupa&#8217;ya geldi\u011fi y\u0131llarda bu kavmi y\u00f6neten ve daha sonra da \u00fclkenin ilk kral\u0131 olan Arpad hanedan\u0131ndan III. Bela&#8217;n\u0131n kemik \u00f6rneklerinden al\u0131nan DNA incelenmi\u015f. Ve bu ara\u015ft\u0131rman\u0131n sonucunda o d\u00f6nem Macarlar\u0131n\u0131n genlerinin Asya k\u00f6kenli oldu\u011fu ortaya \u00e7\u0131km\u0131\u015f. Ayn\u0131 ara\u015ft\u0131rma bin y\u0131l \u00f6nce bu topraklara yerle\u015fen ilk Macar boylar\u0131ndan bir grup insan\u0131n yeni bulunan mezarlar\u0131ndaki kal\u0131nt\u0131lar \u00fczerinde de yap\u0131lm\u0131\u015f. Sonu\u00e7 ayn\u0131 bulunmu\u015f. Hatta genler, y\u00fczde 25-30 oran\u0131nda Asya T\u00fcrkleri\u2019nin genleriyle benze\u015fiyormu\u015f.)<\/p>\n<p>Evet tarih bu kadar.<\/p>\n<p>Gelelim Budape\u015fte&#8217;ye.<\/p>\n<p>Tuna Nehri&#8217;nin ge\u00e7ti\u011fi ba\u015fka \u015fehirlerde bulunduk. Ancak a\u00e7\u0131k ara farkla en g\u00fczel ikili Budape\u015fte &#8211; Tuna birlikteli\u011fidir. Birbirlerine de\u011fer katan bu m\u00fckemmel ikili sayesinde \u015fehir \u0131\u015f\u0131ldar. Tuna ise hakl\u0131 bir gururu ya\u015far.<\/p>\n<p>Budape\u015fte, Tuna nehrinin \u015fehre katt\u0131\u011f\u0131 g\u00fczellik ile Orta Avrupa\u2019n\u0131n en g\u00fczel ba\u015fkentlerinden biri. Ba\u015fta Parlamento Binas\u0131 olmak \u00fczere b\u00fct\u00fcn g\u00fczel yap\u0131lar Tuna&#8217;y\u0131 g\u00f6rmek \u00fczere k\u0131y\u0131 boyunca dizilmi\u015fler adeta.<\/p>\n<h3><img loading=\"lazy\" decoding=\"async\" class=\"alignnone size-medium wp-image-5957\" src=\"https:\/\/www.yeryuzundebirkacadim.com\/wp-content\/uploads\/2023\/09\/IMG_20221002_114250-1024x577.jpg\" alt=\"\" width=\"1024\" height=\"577\" srcset=\"https:\/\/www.yeryuzundebirkacadim.com\/wp-content\/uploads\/2023\/09\/IMG_20221002_114250-1024x577.jpg 1024w, https:\/\/www.yeryuzundebirkacadim.com\/wp-content\/uploads\/2023\/09\/IMG_20221002_114250-768x433.jpg 768w, https:\/\/www.yeryuzundebirkacadim.com\/wp-content\/uploads\/2023\/09\/IMG_20221002_114250-816x460.jpg 816w, https:\/\/www.yeryuzundebirkacadim.com\/wp-content\/uploads\/2023\/09\/IMG_20221002_114250.jpg 1200w\" sizes=\"auto, (max-width: 1024px) 100vw, 1024px\" \/><\/h3>\n<p><strong>K\u0131sa k\u0131sa..<\/strong><\/p>\n<p>Buda ve Pe\u015fte olarak kurulan \u015fehrin iki yakas\u0131n\u0131 birbirine ba\u011flayan yedi k\u00f6pr\u00fc bulunuyor.<\/p>\n<p>Termal kaynaklar\u0131 nedeniyle &#8220;Hamamlar \u015fehri&#8221; olarak da biliniyor.<\/p>\n<p>1 Macar Forinti 0,055 T\u00fcrk Liras\u0131na e\u015fittir. (Eyl\u00fcl 2022)<\/p>\n<p><strong>Gezi Plan\u0131<\/strong><\/p>\n<p>Biz Budape\u015fte&#8217;ye tam 3 g\u00fcn ay\u0131rd\u0131k.<\/p>\n<p>Uygulamas\u0131 kolay bir g\u00fczergah boyunca gezdik. Bu nedenle gezdi\u011fimiz yerleri anlat\u0131rken bu s\u0131rayla anlatmay\u0131 uygun g\u00f6rd\u00fcm.<\/p>\n<p>Ancak herkesin farkl\u0131 zaman\u0131 ve plan\u0131 olabilir.<\/p>\n<p>Harita (@pinterest)<\/p>\n<p><img decoding=\"async\" src=\"https:\/\/i.pinimg.com\/originals\/a7\/a0\/2a\/a7a02ae83211ab7fa6e3dacf834afdd3.jpg\" alt=\"Tourist map of Budapest | Budapest city, Budapest hungary, Hungary travel\" \/><\/p>\n<p>Bu durumda pop\u00fclerli\u011fine g\u00f6re <strong>Budape\u015fte&#8217;de \u00f6ncelikle gezilecek yerler<\/strong> nelerdir sorusuna cevab\u0131m:<\/p>\n<p>Pe\u015fte Yakas\u0131;<\/p>\n<p>1-Parlamento Binas\u0131<\/p>\n<p>2-St. Stefan Kilisesi<\/p>\n<p>3-Yahudi Mahallesi<\/p>\n<p>4-B\u00fcy\u00fck Sinagog (Yahudi Mahallesi&#8217;nde)<\/p>\n<p>5-Kahramanlar Meydan\u0131<\/p>\n<p>6-Bronz Ayakkab\u0131lar<\/p>\n<p>Buda Yakas\u0131;<\/p>\n<p>7-Buda Kalesi<\/p>\n<p>8-Bal\u0131k\u00e7\u0131 Tabyas\u0131<\/p>\n<p>9-Matthias Kilisesi<\/p>\n<p>10-Gellert Tepesi<\/p>\n<p>11-G\u00fcl Baba T\u00fcrbesi<\/p>\n<p>12-Zincirli K\u00f6pr\u00fc<\/p>\n<p><strong>Vaktiniz Kal\u0131rsa \u0130lave Gidilecek Yerler, Yap\u0131lacak Aktiviteler, G\u00fczel Kafe-Restoranlar (Bizim tavsiyemiz):<\/strong><\/p>\n<p>Szentendre Kasabas\u0131<\/p>\n<p>Tuna Tekne Turu<\/p>\n<p>Milenyum Metro<\/p>\n<p>G\u00fczel Sanatlar M\u00fczesi<\/p>\n<p>Spinoza Restoranda Klezmer Konseri<\/p>\n<p>Newyork Cafe (D\u00fcnyan\u0131n En G\u00fczel Kafesi)<\/p>\n<p>Gezimiz ba\u015flas\u0131n o zaman..<\/p>\n<p>Azizler \u0130stanbul&#8217;dan biz \u0130zmir&#8217;den u\u00e7akla geliyoruz. Azizler bizden yakla\u015f\u0131k 1 saat \u00f6nce var\u0131yorlar. Havaalan\u0131ndan \u015fehir merkezine ula\u015f\u0131m 100E numaral\u0131 otob\u00fcsler ile kolay ve ucuz. Bu otob\u00fcslerle \u015fehre gelip kiralad\u0131\u011f\u0131m\u0131z air bnb evinin oldu\u011fu Yahudi mahallesinde bulu\u015fuyoruz.<\/p>\n<p>Gezi program\u0131m\u0131z\u0131 \u015f\u00f6yle yapt\u0131k:<\/p>\n<p>1.G\u00fcn: Yahudi Mahallesi, B\u00fcy\u00fck Sinagog, Soyk\u0131r\u0131m An\u0131tlar\u0131, Harabe barlar ve Szentendre. Ak\u015fam Spinoza Restoranda Klezmer Konseri<\/p>\n<p>2.G\u00fcn: Pe\u015fte taraf\u0131: Andrassy Caddesi, St. Stefan Kilisesi, Milenyum Metro, Opera, Kahramanlar Meydan\u0131, G\u00fczel Sanatlar M\u00fczesi, New York Cafe, Nehir Turu<\/p>\n<p>3.G\u00fcn: Buda taraf\u0131: Gellert Tepesi (otob\u00fcsten seyretmek \u015feklinde), Buda Kalesi, Matthias Kilisesi, Bal\u0131k\u00e7\u0131 Tabyas\u0131, G\u00fcl Baba T\u00fcrbesi,<\/p>\n<p>Pe\u015fte taraf\u0131: Parlamento Binas\u0131, Bronz Ayakkab\u0131lar<\/p>\n<p>4.G\u00fcn: Sabah u\u00e7u\u015f \u00f6ncesi Parisi Udvar&#8217;da kahvalt\u0131 ile \u015fehre elveda<\/p>\n<p><strong>1. G\u00fcn<\/strong><\/p>\n<p><strong>1. Yahudi Mahallesi<\/strong><\/p>\n<p>Yahudi Mahallesine ge\u00e7meden \u00f6nce biraz bilgi verelim.<\/p>\n<p><strong>Budape\u015fte\u2019de Yahudiler<\/strong><\/p>\n<p>Orta \u00e7a\u011fdan itibaren Macaristan tarihine giren Yahudiler, <strong>Budin<\/strong>\u2019de t\u00fcccar, esnaf, sanatkar olarak ya\u015fam\u0131\u015f.<\/p>\n<p>Cemaat ise 11. y\u00fczy\u0131l sonlar\u0131nda ve 12. y\u00fczy\u0131l ba\u015flar\u0131nda olu\u015fmu\u015f.<\/p>\n<p>\u0130lk sinagoglar\u0131 1307\u2019de kurulmu\u015f. 45 sene sonra kovulduklar\u0131nda ise sinagoglar\u0131 da y\u0131k\u0131lm\u0131\u015f.<\/p>\n<p>1360 y\u0131l\u0131nda buraya geri d\u00f6nd\u00fckten sonraki d\u00f6nemde cemaat \u00f6nem kazanm\u0131\u015f. Bu d\u00f6nemde zengin Yahudiler, Kral Matthias Corvinus\u2019un kraliyet t\u00f6renine dahi kat\u0131labiliyormu\u015f. Hatta Kral, Budin Yahudi Cemaati Ba\u015fkan\u0131 olarak bir s\u00f6zc\u00fc tayin ediyormu\u015f.<\/p>\n<p>Ancak durum 1490 y\u0131l\u0131 itibari ile yine de\u011fi\u015fmi\u015f. Yahudilerin mallar\u0131na el konmu\u015f. Onlardan al\u0131nan krediler geri \u00f6denmemi\u015f.<\/p>\n<p>Bu durum Osmanl\u0131\u2019n\u0131n 1526\u2019daki Macaristan zaferi ile de\u011fi\u015fmi\u015f ve Yahudiler 150 y\u0131l s\u00fckunet i\u00e7inde ya\u015fam\u0131\u015f. (Yahudiler\u2019in zor anlar\u0131nda Osmanl\u0131 hep ma\u011fdur durumdaki Yahudilerin yanlar\u0131nda olmu\u015ftur.)<\/p>\n<p>1686 Avusturya i\u015fgali s\u0131ras\u0131nda ise Yahudiler T\u00fcrklerin yan\u0131nda yer alm\u0131\u015f.<\/p>\n<p><strong>Pe\u015fte<\/strong>\u2019deki Yahudi ya\u015fam\u0131 ise 15. y\u00fczy\u0131l ba\u015flar\u0131na dayan\u0131yormu\u015f. Belgelenmi\u015f en eski cemaat 1507\u2019de olu\u015fmu\u015f.<\/p>\n<p>Avusturya i\u015fgali s\u0131ras\u0131nda Yahudilerin Buda ve Pe\u015fte\u2019de ya\u015famalar\u0131 yasaklanm\u0131\u015f. 18. y\u00fczy\u0131l ortalar\u0131na kadar sadece market al\u0131\u015fveri\u015fi i\u00e7in \u015fehre giri\u015f izni verilmi\u015f.<\/p>\n<p>Joseph d\u00f6neminde \u00f6zel bir vergi sistemi y\u00fcr\u00fcrl\u00fc\u011fe konularak Yahudilerin tekrar \u015fehre yerle\u015fmesine izin verilmi\u015f. 1848 y\u0131l\u0131nda Macar devrimi i\u00e7in g\u00f6n\u00fcll\u00fc askerlik yap\u0131p mali katk\u0131da da bulunmu\u015flar.<\/p>\n<p>19. y\u00fczy\u0131l ortalar\u0131nda Yahudilerin ticaret yapmalar\u0131na izin verildikten sonra \u00fclkede ticaret, sermaye giri\u015fimi ve sanayi patlamas\u0131 ger\u00e7ekle\u015fmi\u015f. Yahudiler m\u00fclk ve fabrika edinmeye ba\u015flam\u0131\u015f, refah d\u00f6nemine ge\u00e7mi\u015fler. Theodor Herzl ve Max Nor\u2019un da do\u011fmu\u015f oldu\u011fu bu d\u00f6nemde 350 Yahudi aileye Asalet \u00dcnvan\u0131 verilmi\u015f.<\/p>\n<p>Yahudi Mahallesi, 1944&#8217;te Macaristan Naziler taraf\u0131ndan i\u015fgal edildi\u011finde Yahudi n\u00fcfusunun neredeyse d\u00f6rtte \u00fc\u00e7\u00fcn\u00fcn ya\u015fad\u0131\u011f\u0131 yermi\u015f. 1944&#8217;te 70 bin Yahudi\u2019nin insanl\u0131k d\u0131\u015f\u0131 \u015fartlarda hapsedildi\u011fi, \u00f6l\u00fcm kamplar\u0131na gitmeyi bekleyenlerin bir\u00e7o\u011funun a\u00e7l\u0131\u011fa ve so\u011fu\u011fa dayanamay\u0131p hastal\u0131ktan sokaklar\u0131nda can verdi\u011fi bir yer olmu\u015f.<\/p>\n<p><strong>2. B\u00fcy\u00fck Sinagog (Dahony Soka\u011f\u0131 Sinagogu)<\/strong><\/p>\n<p><img loading=\"lazy\" decoding=\"async\" class=\"alignnone size-medium wp-image-5789\" src=\"https:\/\/www.yeryuzundebirkacadim.com\/wp-content\/uploads\/2023\/08\/IMG_20221001_095606-1024x768.jpg\" alt=\"\" width=\"1024\" height=\"768\" srcset=\"https:\/\/www.yeryuzundebirkacadim.com\/wp-content\/uploads\/2023\/08\/IMG_20221001_095606-1024x768.jpg 1024w, https:\/\/www.yeryuzundebirkacadim.com\/wp-content\/uploads\/2023\/08\/IMG_20221001_095606-768x576.jpg 768w, https:\/\/www.yeryuzundebirkacadim.com\/wp-content\/uploads\/2023\/08\/IMG_20221001_095606-816x612.jpg 816w, https:\/\/www.yeryuzundebirkacadim.com\/wp-content\/uploads\/2023\/08\/IMG_20221001_095606.jpg 1200w\" sizes=\"auto, (max-width: 1024px) 100vw, 1024px\" \/><\/p>\n<p>Bu sinagog 19. y\u00fczy\u0131lda in\u015fa edilen Avrupa\u2019n\u0131n en b\u00fcy\u00fck sinagogudur. 3 bin ki\u015filik kapasitesi var.<\/p>\n<p>Ma\u011fribi stiliyle in\u015fa edilmi\u015f. Kuzey Afrika \u0130slami modelinde, Orta \u00e7a\u011f \u0130spanyas\u0131 (El Hamra) motifleriyle dekore edilmi\u015f.<\/p>\n<p>Sinagog II. D\u00fcnya Sava\u015f\u0131 s\u0131ras\u0131nda \u00e7ok hasar g\u00f6rm\u00fc\u015f. Nazi yanl\u0131s\u0131 Macar Ok Ha\u00e7 Partisi taraf\u0131ndan bombalanm\u0131\u015f. Alman Radyosuna \u00fcs olmu\u015f. Bir ara ah\u0131r olarak kullan\u0131lm\u0131\u015f ve Sovyetlerin gettoyu \u00f6zg\u00fcrle\u015ftirmesi ile yeniden eski i\u015flevine d\u00f6nm\u00fc\u015f.<\/p>\n<p>1990&#8217;larda Macaristan&#8217;a demokrasinin geri gelmesiyle restorasyon \u00e7al\u0131\u015fmalar\u0131 ba\u015flayabilmi\u015f. 1906&#8217;ta tamamlanan restorasyonun finans\u00f6r\u00fc Macar Yahudi bir ailenin k\u0131z\u0131 olan Estee Lauder imi\u015f.<sup id=\"cite_ref-10\" class=\"reference\"><\/sup><sup id=\"cite_ref-11\" class=\"reference\"><\/sup><\/p>\n<p><img loading=\"lazy\" decoding=\"async\" class=\"alignnone size-medium wp-image-5790\" src=\"https:\/\/www.yeryuzundebirkacadim.com\/wp-content\/uploads\/2023\/08\/IMG_20221001_094930-1024x577.jpg\" alt=\"\" width=\"1024\" height=\"577\" srcset=\"https:\/\/www.yeryuzundebirkacadim.com\/wp-content\/uploads\/2023\/08\/IMG_20221001_094930-1024x577.jpg 1024w, https:\/\/www.yeryuzundebirkacadim.com\/wp-content\/uploads\/2023\/08\/IMG_20221001_094930-768x433.jpg 768w, https:\/\/www.yeryuzundebirkacadim.com\/wp-content\/uploads\/2023\/08\/IMG_20221001_094930-816x460.jpg 816w, https:\/\/www.yeryuzundebirkacadim.com\/wp-content\/uploads\/2023\/08\/IMG_20221001_094930.jpg 1200w\" sizes=\"auto, (max-width: 1024px) 100vw, 1024px\" \/><\/p>\n<header class=\"entry-header\"><strong>Yahudi M\u00fczesi<\/strong><\/header>\n<header><\/header>\n<header><\/header>\n<p class=\"entry-header\">Sinagog&#8217;un arka taraf\u0131nda yer al\u0131yor. \u0130lk olarak 1916&#8217;da a\u00e7\u0131lan bu m\u00fczede, \u00fclkenin her yerinden Yahudi eserleri koleksiyonu yer al\u0131yor. Yahudilerin \u00f6zel dinlerinin ve geleneklerinin hikayesi anlat\u0131l\u0131yor. Nazi y\u00f6netimi d\u00f6neminde kapanan m\u00fcze, sonras\u0131nda 1947&#8217;de tekrar a\u00e7\u0131lm\u0131\u015f.<\/p>\n<header><\/header>\n<header><\/header>\n<header><\/header>\n<header><\/header>\n<header><\/header>\n<header><\/header>\n<header><\/header>\n<header><\/header>\n<header class=\"entry-header\"><strong>Raoul Wallenberg Soyk\u0131r\u0131m Anma Park\u0131<\/strong><\/header>\n<header><\/header>\n<header><\/header>\n<header><\/header>\n<header><\/header>\n<p class=\"entry-header\">Sinagog&#8217;un arka taraf\u0131nda, Yahudi M\u00fczesinin hemen yan\u0131nda bulunuyor. Bu ki\u015fi II. D\u00fcnya Sava\u015f\u0131 s\u0131ras\u0131nda 100 bini a\u015fk\u0131n Yahudi\u2019nin hayat\u0131n\u0131 kurtaran bir kahraman. \u0130sve\u00e7li bir mimar ve diplomat olan Wallenberg, Yahudiler&#8217;e dokunulmazl\u0131k sa\u011flayan pasaportlar vererek Yahudiler&#8217;i \u0130sve\u00e7 s\u0131n\u0131rlar\u0131na dahil say\u0131lan binalara yerle\u015ftirmi\u015f. Bu \u015fekilde y\u00fcz binlerce Yahudi\u2019nin hayat\u0131n\u0131 kurtarm\u0131\u015f. Onun isminin verildi\u011fi bir park buras\u0131.<\/p>\n<p>Sinagog&#8217;un arka k\u0131sm\u0131ndaki bu avluda Ok Ha\u00e7 Partisi taraf\u0131ndan katledilmi\u015f 2 bin \u00a0Yahudi&#8217;nin mezarl\u0131\u011f\u0131 bulunuyormu\u015f.<\/p>\n<header><\/header>\n<header><\/header>\n<header><\/header>\n<header><\/header>\n<header><\/header>\n<header><\/header>\n<header><\/header>\n<header><\/header>\n<header><\/header>\n<header class=\"entry-header\"><strong>Emmanuel A\u011fac\u0131<\/strong><\/header>\n<header class=\"entry-header\"><strong>\u00a0<\/strong><\/header>\n<header><\/header>\n<header><\/header>\n<header><\/header>\n<header><\/header>\n<header><\/header>\n<header><\/header>\n<header><img loading=\"lazy\" decoding=\"async\" class=\"alignnone size-medium wp-image-5792\" src=\"https:\/\/www.yeryuzundebirkacadim.com\/wp-content\/uploads\/2023\/08\/IMG_20221001_095044-1024x768.jpg\" alt=\"\" width=\"1024\" height=\"768\" srcset=\"https:\/\/www.yeryuzundebirkacadim.com\/wp-content\/uploads\/2023\/08\/IMG_20221001_095044-1024x768.jpg 1024w, https:\/\/www.yeryuzundebirkacadim.com\/wp-content\/uploads\/2023\/08\/IMG_20221001_095044-768x576.jpg 768w, https:\/\/www.yeryuzundebirkacadim.com\/wp-content\/uploads\/2023\/08\/IMG_20221001_095044-816x612.jpg 816w, https:\/\/www.yeryuzundebirkacadim.com\/wp-content\/uploads\/2023\/08\/IMG_20221001_095044.jpg 1200w\" sizes=\"auto, (max-width: 1024px) 100vw, 1024px\" \/><\/header>\n<header><\/header>\n<p class=\"entry-header\">Park i\u00e7inde s\u00f6\u011f\u00fct a\u011fac\u0131 \u015feklinde bir an\u0131t heykel. S\u00f6\u011f\u00fct a\u011fac\u0131 geleneksel yas sembol\u00fc. Bu heykelle\u015fmi\u015f ya\u015fam a\u011fac\u0131 da soyk\u0131r\u0131m s\u0131ras\u0131nda Budape\u015fte\u2019de \u00f6len 5 bin kurban\u0131n ismini her bir yapra\u011f\u0131n\u0131n \u00fczerinde an\u0131yor.<\/p>\n<div class=\"entry-content\">\n<p><strong>Kahramanlar Sinagogu<\/strong><\/p>\n<p>Park\u0131n i\u00e7inde bulunuyor. Sinagogun ad\u0131, Birinci D\u00fcnya Sava\u015f\u0131&#8217;nda Macar ordusunun saflar\u0131nda sava\u015fan ve sava\u015f alan\u0131nda Macar kahramanlar\u0131 olarak \u00f6len Yahudi askerlerden geliyor.<\/p>\n<p><strong>3. Carl Lutz An\u0131t\u0131<\/strong><\/p>\n<\/div>\n<p><img loading=\"lazy\" decoding=\"async\" class=\"alignnone size-medium wp-image-5793\" src=\"https:\/\/www.yeryuzundebirkacadim.com\/wp-content\/uploads\/2023\/08\/IMG_20220930_124758-768x1024.jpg\" alt=\"\" width=\"768\" height=\"1024\" srcset=\"https:\/\/www.yeryuzundebirkacadim.com\/wp-content\/uploads\/2023\/08\/IMG_20220930_124758-768x1024.jpg 768w, https:\/\/www.yeryuzundebirkacadim.com\/wp-content\/uploads\/2023\/08\/IMG_20220930_124758-749x999.jpg 749w, https:\/\/www.yeryuzundebirkacadim.com\/wp-content\/uploads\/2023\/08\/IMG_20220930_124758.jpg 900w\" sizes=\"auto, (max-width: 768px) 100vw, 768px\" \/><\/p>\n<p>Sinagog&#8217;a 350 metre mesafede bronz bir heykel.\u00a0Bu heykel \u0130svi\u00e7reli diplomat Carl Lutz\u2019a ait.<\/p>\n<p>Lutz, II. D\u00fcnya Sava\u015f\u0131\u2019nda yakla\u015f\u0131k 62 bin Yahudi\u2019nin o g\u00fcnk\u00fc Filistin topraklar\u0131na g\u00f6\u00e7 edene kadar korunmalar\u0131n\u0131 sa\u011flayan izinlerini \u00e7\u0131karm\u0131\u015f. Bunu sa\u011flamak i\u00e7inse k\u00fc\u00e7\u00fck bir hile yapm\u0131\u015f. Bu koruma belgeleri aslen sadece 8 bin Yahudi i\u00e7inmi\u015f. Ancak Lutz yetkililere bu iznin 8 bin aile i\u00e7in oldu\u011funu bildirerek 8 bin yerine 62 bin ki\u015finin hayat\u0131n\u0131 kurtaran bir kahraman haline gelmi\u015f.<\/p>\n<p>An\u0131tta Lutz; d\u00fc\u015fm\u00fc\u015f bir kurbana yard\u0131m etmek i\u00e7in g\u00f6klerden inen alt\u0131n bir melek olarak tasvir ediliyor.<\/p>\n<p><strong>4. Harabe Barlar (Ruin Barlar)<\/strong><\/p>\n<p>G\u00fcn\u00fcm\u00fczde, Yahudiler taraf\u0131ndan terk edilmi\u015f veya terk etmek zorunda b\u0131rak\u0131lm\u0131\u015f eski evler; i\u00e7i hi\u00e7 yenilenmeden sadece eskili\u011fine uygun bir \u015fekilde dekore edilerek bar olarak kullan\u0131lmaya ba\u015flanm\u0131\u015f. Ortalar\u0131nda kocaman avlular\u0131n bulundu\u011fu bu mekanlar \u015fehrin en me\u015fhur restoranlar\u0131, barlar\u0131, canl\u0131 performans at\u00f6lyeleri, kafeleri ve tasar\u0131m d\u00fckkanlar\u0131 haline gelmi\u015f.<\/p>\n<p><strong>Szimpla Kert (Sade Bah\u00e7e)<\/strong><\/p>\n<p>\u015eehrin bu yolla yeniden yarat\u0131lm\u0131\u015f ilk bar\u0131. Buras\u0131 Budape\u015fte\u2019nin k\u00fclt mekanlar\u0131ndan biri. Mekan \u00f6nceleri bir a\u00e7\u0131k hava sinemas\u0131ym\u0131\u015f. \u00a0Sinema olarak i\u015flevini kaybettikten sonra kaderine terkedilece\u011fine ba\u015fl\u0131 ba\u015f\u0131na yeni bir ak\u0131m ba\u015flatacak kadar g\u00fczel bir\u00a0cafe\/bar\/konser\u00a0alan\u0131na d\u00f6n\u00fc\u015fm\u00fc\u015f.<\/p>\n<p>Bir gece buraya gidelim diye d\u00fc\u015f\u00fcnd\u00fck ancak uzun kuyru\u011fu g\u00f6r\u00fcnce vazge\u00e7tik. Zaten ya\u015f ortalamas\u0131 da bize g\u00f6re olduk\u00e7a d\u00fc\u015f\u00fckt\u00fc \ud83d\ude42<\/p>\n<p>Yahudi Mahallesi, daha \u00e7ok entelekt\u00fcel kesimin tak\u0131ld\u0131\u011f\u0131, alternatif olarak tan\u0131mlanabilecek fakat ayn\u0131 zamanda \u015fehrin gece hayat\u0131na y\u00f6n veren cazibe merkezi.<\/p>\n<p>Gece bar ve restoranlar\u0131n \u00f6n\u00fc kalabal\u0131k oluyordu.<\/p>\n<p>Yahudi Mahallesi&#8217;nde gezinmeye devam ediyoruz.<\/p>\n<p><img loading=\"lazy\" decoding=\"async\" class=\"alignnone size-medium wp-image-5797\" src=\"https:\/\/www.yeryuzundebirkacadim.com\/wp-content\/uploads\/2023\/08\/IMG_20221001_094139-1024x768.jpg\" alt=\"\" width=\"1024\" height=\"768\" srcset=\"https:\/\/www.yeryuzundebirkacadim.com\/wp-content\/uploads\/2023\/08\/IMG_20221001_094139-1024x768.jpg 1024w, https:\/\/www.yeryuzundebirkacadim.com\/wp-content\/uploads\/2023\/08\/IMG_20221001_094139-768x576.jpg 768w, https:\/\/www.yeryuzundebirkacadim.com\/wp-content\/uploads\/2023\/08\/IMG_20221001_094139-816x612.jpg 816w, https:\/\/www.yeryuzundebirkacadim.com\/wp-content\/uploads\/2023\/08\/IMG_20221001_094139.jpg 1200w\" sizes=\"auto, (max-width: 1024px) 100vw, 1024px\" \/> <img loading=\"lazy\" decoding=\"async\" class=\"alignnone size-medium wp-image-5798\" src=\"https:\/\/www.yeryuzundebirkacadim.com\/wp-content\/uploads\/2023\/08\/IMG_20221001_101121-768x1024.jpg\" alt=\"\" width=\"768\" height=\"1024\" srcset=\"https:\/\/www.yeryuzundebirkacadim.com\/wp-content\/uploads\/2023\/08\/IMG_20221001_101121-768x1024.jpg 768w, https:\/\/www.yeryuzundebirkacadim.com\/wp-content\/uploads\/2023\/08\/IMG_20221001_101121-749x999.jpg 749w, https:\/\/www.yeryuzundebirkacadim.com\/wp-content\/uploads\/2023\/08\/IMG_20221001_101121.jpg 900w\" sizes=\"auto, (max-width: 768px) 100vw, 768px\" \/><\/p>\n<p>Gezinmekten \u00e7ok keyif ald\u0131\u011f\u0131m\u0131z bir mahalle.<\/p>\n<p><strong><img loading=\"lazy\" decoding=\"async\" class=\"alignnone size-medium wp-image-5800\" src=\"https:\/\/www.yeryuzundebirkacadim.com\/wp-content\/uploads\/2023\/08\/IMG_20220930_122054-1024x768.jpg\" alt=\"\" width=\"1024\" height=\"768\" srcset=\"https:\/\/www.yeryuzundebirkacadim.com\/wp-content\/uploads\/2023\/08\/IMG_20220930_122054-1024x768.jpg 1024w, https:\/\/www.yeryuzundebirkacadim.com\/wp-content\/uploads\/2023\/08\/IMG_20220930_122054-768x576.jpg 768w, https:\/\/www.yeryuzundebirkacadim.com\/wp-content\/uploads\/2023\/08\/IMG_20220930_122054-816x612.jpg 816w, https:\/\/www.yeryuzundebirkacadim.com\/wp-content\/uploads\/2023\/08\/IMG_20220930_122054.jpg 1200w\" sizes=\"auto, (max-width: 1024px) 100vw, 1024px\" \/><\/strong><\/p>\n<p><img loading=\"lazy\" decoding=\"async\" class=\"alignnone size-medium wp-image-5801\" src=\"https:\/\/www.yeryuzundebirkacadim.com\/wp-content\/uploads\/2023\/08\/IMG_20220930_125343-768x1024.jpg\" alt=\"\" width=\"768\" height=\"1024\" srcset=\"https:\/\/www.yeryuzundebirkacadim.com\/wp-content\/uploads\/2023\/08\/IMG_20220930_125343-768x1024.jpg 768w, https:\/\/www.yeryuzundebirkacadim.com\/wp-content\/uploads\/2023\/08\/IMG_20220930_125343-749x999.jpg 749w, https:\/\/www.yeryuzundebirkacadim.com\/wp-content\/uploads\/2023\/08\/IMG_20220930_125343.jpg 900w\" sizes=\"auto, (max-width: 768px) 100vw, 768px\" \/><\/p>\n<p><img loading=\"lazy\" decoding=\"async\" class=\"alignnone size-medium wp-image-5799\" src=\"https:\/\/www.yeryuzundebirkacadim.com\/wp-content\/uploads\/2023\/08\/IMG_20221001_101553-768x1024.jpg\" alt=\"\" width=\"768\" height=\"1024\" srcset=\"https:\/\/www.yeryuzundebirkacadim.com\/wp-content\/uploads\/2023\/08\/IMG_20221001_101553-768x1024.jpg 768w, https:\/\/www.yeryuzundebirkacadim.com\/wp-content\/uploads\/2023\/08\/IMG_20221001_101553-749x999.jpg 749w, https:\/\/www.yeryuzundebirkacadim.com\/wp-content\/uploads\/2023\/08\/IMG_20221001_101553.jpg 900w\" sizes=\"auto, (max-width: 768px) 100vw, 768px\" \/><\/p>\n<p>\u00dcnl\u00fc Spinoza Restoran&#8217;\u0131n \u00f6n\u00fcnden ge\u00e7erken ilan\u0131 g\u00f6r\u00fcyoruz. \u00c7oook \u015fansl\u0131y\u0131z. Hemen ak\u015fam i\u00e7in yerimizi ay\u0131rt\u0131yoruz.<\/p>\n<p><img loading=\"lazy\" decoding=\"async\" class=\"alignnone size-medium wp-image-5794\" src=\"https:\/\/www.yeryuzundebirkacadim.com\/wp-content\/uploads\/2023\/08\/IMG_20220930_114646-577x1024.jpg\" alt=\"\" width=\"577\" height=\"1024\" srcset=\"https:\/\/www.yeryuzundebirkacadim.com\/wp-content\/uploads\/2023\/08\/IMG_20220930_114646-577x1024.jpg 577w, https:\/\/www.yeryuzundebirkacadim.com\/wp-content\/uploads\/2023\/08\/IMG_20220930_114646-563x999.jpg 563w, https:\/\/www.yeryuzundebirkacadim.com\/wp-content\/uploads\/2023\/08\/IMG_20220930_114646.jpg 676w\" sizes=\"auto, (max-width: 577px) 100vw, 577px\" \/><\/p>\n<p>Szentendre gezimizden sonra eve u\u011fray\u0131p haz\u0131rlan\u0131p evin yak\u0131nda bulunan Spinoza Restoran&#8217;a gidiyoruz.<\/p>\n<p><strong>5. Spinoza Restoran&#8217;da Klezmer Konser \u015eov<\/strong><\/p>\n<p>Mekanda her cuma Klezmer (Enstr\u00fcmental) m\u00fczik g\u00f6sterisi oluyormu\u015f. Haftan\u0131n di\u011fer g\u00fcnlerinde ise canl\u0131 piyano performans\u0131 oluyormu\u015f.<\/p>\n<p>Klezmer \u015eov yemekli ki\u015fi ba\u015f\u0131 30 euro idi.<\/p>\n<p>\u00d6nce bize bir i\u00e7ecek ikram ettiler.<\/p>\n<p><img loading=\"lazy\" decoding=\"async\" class=\"alignnone size-medium wp-image-5849\" src=\"https:\/\/www.yeryuzundebirkacadim.com\/wp-content\/uploads\/2023\/08\/IMG_20220930_190111-1024x768.jpg\" alt=\"\" width=\"1024\" height=\"768\" srcset=\"https:\/\/www.yeryuzundebirkacadim.com\/wp-content\/uploads\/2023\/08\/IMG_20220930_190111-1024x768.jpg 1024w, https:\/\/www.yeryuzundebirkacadim.com\/wp-content\/uploads\/2023\/08\/IMG_20220930_190111-768x576.jpg 768w, https:\/\/www.yeryuzundebirkacadim.com\/wp-content\/uploads\/2023\/08\/IMG_20220930_190111-816x612.jpg 816w, https:\/\/www.yeryuzundebirkacadim.com\/wp-content\/uploads\/2023\/08\/IMG_20220930_190111.jpg 1382w\" sizes=\"auto, (max-width: 1024px) 100vw, 1024px\" \/><\/p>\n<p>Ard\u0131ndan \u015fovun oldu\u011fu bir salona ald\u0131lar. M\u00fcthi\u015f bir performanst\u0131. Daha sonra gruba bir bayan da kat\u0131ld\u0131. S\u00f6zl\u00fc eserler de okudular.<\/p>\n<p><img loading=\"lazy\" decoding=\"async\" class=\"alignnone size-medium wp-image-5850\" src=\"https:\/\/www.yeryuzundebirkacadim.com\/wp-content\/uploads\/2023\/08\/IMG_20220930_191913-1024x577.jpg\" alt=\"\" width=\"1024\" height=\"577\" srcset=\"https:\/\/www.yeryuzundebirkacadim.com\/wp-content\/uploads\/2023\/08\/IMG_20220930_191913-1024x577.jpg 1024w, https:\/\/www.yeryuzundebirkacadim.com\/wp-content\/uploads\/2023\/08\/IMG_20220930_191913-768x433.jpg 768w, https:\/\/www.yeryuzundebirkacadim.com\/wp-content\/uploads\/2023\/08\/IMG_20220930_191913-816x460.jpg 816w, https:\/\/www.yeryuzundebirkacadim.com\/wp-content\/uploads\/2023\/08\/IMG_20220930_191913.jpg 1200w\" sizes=\"auto, (max-width: 1024px) 100vw, 1024px\" \/><\/p>\n<p><b>Klezmer<\/b> s\u00f6zc\u00fc\u011f\u00fc, m\u00fczik enstr\u00fcman\u0131 anlam\u0131na gelen \u0130branice kle ve zemer s\u00f6zc\u00fcklerinden olu\u015fmu\u015f bir m\u00fczik t\u00fcr\u00fc. S\u00f6zl\u00fc par\u00e7alar bar\u0131nd\u0131rsa da, genel olarak enstr\u00fcmantal bir m\u00fczik t\u00fcr\u00fcd\u00fcr. Duygular enstr\u00fcmanlarla ifade ediliyor.<\/p>\n<p>Konserden sonra ise yemek salonuna ald\u0131lar.<\/p>\n<p>E\u015fim hep der &#8220;Yemekli bir ortamda m\u00fczik yap\u0131lmas\u0131 hem a\u015f\u00e7\u0131ya hem m\u00fczisyene sayg\u0131s\u0131zl\u0131kt\u0131r&#8221; diye. Ama pratikte birlikte oluyor tabii. Ay\u0131rmak her zaman m\u00fcmk\u00fcn olmuyor. Ama bu mekanda yemek ve m\u00fczi\u011fin ayr\u0131 yap\u0131lmas\u0131 \u00e7ok ho\u015fumuza gitti.<\/p>\n<p><strong>2. g\u00fcn<\/strong><\/p>\n<p>Y\u00fczlerce y\u0131l boyunca Buda ve Pe\u015fte, 1873&#8217;teki resmi birle\u015fmelerine kadar ayr\u0131 \u015fehirlerdi.<\/p>\n<p>Buda; iyi durumdaki yerle\u015fim b\u00f6lgelerine ve Castle Hill&#8217;deki Orta \u00e7a\u011fdan kalma eski \u015fehre ev sahipli\u011fi yapan, hafif ini\u015fli \u00e7\u0131k\u0131\u015fl\u0131 tepelerin \u00fczerinde yer al\u0131r.<\/p>\n<p>Pe\u015fte ise; nehrin kar\u015f\u0131s\u0131ndaki d\u00fcz arazide, g\u00f6z al\u0131c\u0131 mimarisi ve hareketli gece hayat\u0131yla tan\u0131nan, daha canl\u0131 ve daha kalabal\u0131k olan taraft\u0131r.<\/p>\n<p>Budape\u015fte&#8217;nin 1,8 milyon sakininin \u00e7o\u011funlu\u011fu Pe\u015fte taraf\u0131nda ya\u015f\u0131yor ve b\u00f6lge olarak bilinen 23 idari birimin \u00e7o\u011fu burada bulunuyor.<\/p>\n<p>Bug\u00fcn Pe\u015fte k\u0131sm\u0131n\u0131n merkezi k\u0131s\u0131mlar\u0131n\u0131 gezece\u011fiz. Ard\u0131ndan da ak\u015fam Nehirde tekne gezisi yapaca\u011f\u0131z.<\/p>\n<p><strong>6. Andrassy Caddesi<\/strong><\/p>\n<p>Budape\u015fte\u2019nin hareketli ve en pop\u00fcler caddesi. 2,3 km uzunlu\u011fundaki cadde Kahramanlar Meydan\u0131&#8217;ndan (H\u00f6s\u00f6k tere) ba\u015fl\u0131yor ve Elizabet Meydan\u0131na kadar uzan\u0131yor.<\/p>\n<p>\u015eehrin merkezinde bulunan, cadde UNESCO D\u00fcnya Miras\u0131 Listesi\u2019nde yer al\u0131yor.<\/p>\n<p>Cadde \u00fczerinde Opera binas\u0131, Tiyatro binas\u0131, Liszt M\u00fczik Akademisi, Ter\u00f6r Evi gibi binalar yan\u0131 s\u0131ra zarif villalar, konaklar da bulunuyor.<\/p>\n<p>1894-96 y\u0131llar\u0131 aras\u0131nda in\u015fa edilmi\u015f Avrupa&#8217;n\u0131n ilk elektrikli metro hatt\u0131 olan Milenyum (M1 Metrosu) yine bu cadde \u00fczerinde.<\/p>\n<nav class=\"rank-math-breadcrumb\" aria-label=\"galeta unu\"><\/nav>\n<div class=\"single_post\">\n<div class=\"post-single-content box mark-links entry-content\">\n<div class=\" clear\">\n<div class=\"wp-block-columns is-layout-flex wp-container-3 wp-block-columns-is-layout-flex\">\n<div class=\"wp-block-column is-layout-flow wp-block-column-is-layout-flow\">\n<p>G\u00fczergah\u0131n in\u015fas\u0131na 1872 y\u0131l\u0131nda Pest-Buda&#8217;n\u0131n yeniden do\u011fu\u015fu ve 1896 y\u0131l\u0131ndaki Milenyum kutlamalar\u0131n\u0131n haz\u0131rl\u0131klar\u0131 kapsam\u0131nda ba\u015fland\u0131. Macaristan, M.S. 896 y\u0131l\u0131nda ger\u00e7ekle\u015fen kurulu\u015funu kutlad\u0131.<\/p>\n<p>Cadde, ad\u0131n\u0131 o d\u00f6nemde Pe\u015fte&#8217;deki di\u011fer b\u00fcy\u00fck yeniden yap\u0131lanmalar\u0131n yan\u0131 s\u0131ra yol in\u015faat\u0131na da destek veren Macaristan ba\u015fbakan\u0131 (1867-1871) Kont Gyula Andrassy&#8217;den alm\u0131\u015ft\u0131r.<\/p>\n<\/div>\n<\/div>\n<div class=\"wp-block-spacer\" aria-hidden=\"true\"><strong>7. Aziz Stefan Kilisesi<\/strong><\/div>\n<\/div>\n<\/div>\n<\/div>\n<p><img loading=\"lazy\" decoding=\"async\" class=\"alignnone size-medium wp-image-5852\" src=\"https:\/\/www.yeryuzundebirkacadim.com\/wp-content\/uploads\/2023\/08\/IMG_20221001_102826-1024x577.jpg\" alt=\"\" width=\"1024\" height=\"577\" srcset=\"https:\/\/www.yeryuzundebirkacadim.com\/wp-content\/uploads\/2023\/08\/IMG_20221001_102826-1024x577.jpg 1024w, https:\/\/www.yeryuzundebirkacadim.com\/wp-content\/uploads\/2023\/08\/IMG_20221001_102826-768x433.jpg 768w, https:\/\/www.yeryuzundebirkacadim.com\/wp-content\/uploads\/2023\/08\/IMG_20221001_102826-816x460.jpg 816w, https:\/\/www.yeryuzundebirkacadim.com\/wp-content\/uploads\/2023\/08\/IMG_20221001_102826.jpg 1200w\" sizes=\"auto, (max-width: 1024px) 100vw, 1024px\" \/><\/p>\n<p>Macaristan\u2019\u0131n ilk kral\u0131 Stefan (875-1038) an\u0131s\u0131na in\u015fa edilmi\u015f. Kilisede kendisinin mumyalanm\u0131\u015f sa\u011f eli alt\u0131n bir kutuda muhafaza ediliyor.<\/p>\n<p>1851 y\u0131l\u0131nda temeli at\u0131lan kilisenin in\u015fas\u0131 50 y\u0131l s\u00fcrm\u00fc\u015f. Bu kadar uzun s\u00fcrmesinin sebebi yap\u0131m a\u015famas\u0131ndayken kubbesinin \u00e7\u00f6kmesiyle sil ba\u015ftan yeniden yap\u0131lm\u0131\u015f olmas\u0131ym\u0131\u015f. Kilisenin yap\u0131m\u0131nda s\u0131rayla \u00fc\u00e7 farkl\u0131 mimar \u00e7al\u0131\u015fm\u0131\u015f.<\/p>\n<p>Aziz Stefan Bazilikas\u0131, Budape\u015fte\u2019deki en b\u00fcy\u00fck yap\u0131 ve en b\u00fcy\u00fck kilise olma \u00fcnvan\u0131n\u0131 ta\u015f\u0131makta. 9,5 ton a\u011f\u0131rl\u0131\u011f\u0131ndaki Bazilikan\u0131n \u00e7an\u0131 \u00fclkedeki en b\u00fcy\u00fck \u00e7and\u0131r. Papan\u0131n emriyle bazilika olan kilise \u00f6nceleri katedral olarak hizmet vermekteymi\u015f.<\/p>\n<p><img loading=\"lazy\" decoding=\"async\" class=\"alignnone size-medium wp-image-5853\" src=\"https:\/\/www.yeryuzundebirkacadim.com\/wp-content\/uploads\/2023\/08\/IMG_20221001_105004-1024x576.jpg\" alt=\"\" width=\"1024\" height=\"576\" srcset=\"https:\/\/www.yeryuzundebirkacadim.com\/wp-content\/uploads\/2023\/08\/IMG_20221001_105004-1024x576.jpg 1024w, https:\/\/www.yeryuzundebirkacadim.com\/wp-content\/uploads\/2023\/08\/IMG_20221001_105004-768x432.jpg 768w, https:\/\/www.yeryuzundebirkacadim.com\/wp-content\/uploads\/2023\/08\/IMG_20221001_105004-816x459.jpg 816w, https:\/\/www.yeryuzundebirkacadim.com\/wp-content\/uploads\/2023\/08\/IMG_20221001_105004.jpg 1400w\" sizes=\"auto, (max-width: 1024px) 100vw, 1024px\" \/><\/p>\n<p>Kral Stefan&#8217;\u0131n 1000 y\u0131ll\u0131k mumyalanm\u0131\u015f sa\u011f eli camekan i\u00e7indeki kutuda duruyor.<\/p>\n<p><img loading=\"lazy\" decoding=\"async\" class=\"alignnone size-medium wp-image-5854\" src=\"https:\/\/www.yeryuzundebirkacadim.com\/wp-content\/uploads\/2023\/08\/IMG_20221001_105223-1024x768.jpg\" alt=\"\" width=\"1024\" height=\"768\" srcset=\"https:\/\/www.yeryuzundebirkacadim.com\/wp-content\/uploads\/2023\/08\/IMG_20221001_105223-1024x768.jpg 1024w, https:\/\/www.yeryuzundebirkacadim.com\/wp-content\/uploads\/2023\/08\/IMG_20221001_105223-768x576.jpg 768w, https:\/\/www.yeryuzundebirkacadim.com\/wp-content\/uploads\/2023\/08\/IMG_20221001_105223-816x612.jpg 816w, https:\/\/www.yeryuzundebirkacadim.com\/wp-content\/uploads\/2023\/08\/IMG_20221001_105223.jpg 1200w\" sizes=\"auto, (max-width: 1024px) 100vw, 1024px\" \/><\/p>\n<p><img loading=\"lazy\" decoding=\"async\" class=\"alignnone size-medium wp-image-5855\" src=\"https:\/\/www.yeryuzundebirkacadim.com\/wp-content\/uploads\/2023\/08\/IMG_20221001_105528-1024x577.jpg\" alt=\"\" width=\"1024\" height=\"577\" srcset=\"https:\/\/www.yeryuzundebirkacadim.com\/wp-content\/uploads\/2023\/08\/IMG_20221001_105528-1024x577.jpg 1024w, https:\/\/www.yeryuzundebirkacadim.com\/wp-content\/uploads\/2023\/08\/IMG_20221001_105528-768x433.jpg 768w, https:\/\/www.yeryuzundebirkacadim.com\/wp-content\/uploads\/2023\/08\/IMG_20221001_105528-816x460.jpg 816w, https:\/\/www.yeryuzundebirkacadim.com\/wp-content\/uploads\/2023\/08\/IMG_20221001_105528.jpg 1200w\" sizes=\"auto, (max-width: 1024px) 100vw, 1024px\" \/><\/p>\n<p>Kubbeye \u00e7\u0131k\u0131\u015f asans\u00f6rle olabiliyor. Kubbe teras\u0131ndan \u015fehrin panoramik g\u00f6r\u00fcnt\u00fcs\u00fc harika. Parlamento binas\u0131 kadraj\u0131m\u0131zda.<\/p>\n<p><img loading=\"lazy\" decoding=\"async\" class=\"alignnone size-medium wp-image-5856\" src=\"https:\/\/www.yeryuzundebirkacadim.com\/wp-content\/uploads\/2023\/08\/IMG_20221001_110842-1024x768.jpg\" alt=\"\" width=\"1024\" height=\"768\" srcset=\"https:\/\/www.yeryuzundebirkacadim.com\/wp-content\/uploads\/2023\/08\/IMG_20221001_110842-1024x768.jpg 1024w, https:\/\/www.yeryuzundebirkacadim.com\/wp-content\/uploads\/2023\/08\/IMG_20221001_110842-768x576.jpg 768w, https:\/\/www.yeryuzundebirkacadim.com\/wp-content\/uploads\/2023\/08\/IMG_20221001_110842-816x612.jpg 816w, https:\/\/www.yeryuzundebirkacadim.com\/wp-content\/uploads\/2023\/08\/IMG_20221001_110842.jpg 1200w\" sizes=\"auto, (max-width: 1024px) 100vw, 1024px\" \/><\/p>\n<p>Buda Kalesi manzaras\u0131. Hava biraz puslu ama idare eder herhalde.<\/p>\n<p><img loading=\"lazy\" decoding=\"async\" class=\"alignnone size-medium wp-image-5857\" src=\"https:\/\/www.yeryuzundebirkacadim.com\/wp-content\/uploads\/2023\/08\/IMG_20221001_111037-1024x768.jpg\" alt=\"\" width=\"1024\" height=\"768\" srcset=\"https:\/\/www.yeryuzundebirkacadim.com\/wp-content\/uploads\/2023\/08\/IMG_20221001_111037-1024x768.jpg 1024w, https:\/\/www.yeryuzundebirkacadim.com\/wp-content\/uploads\/2023\/08\/IMG_20221001_111037-768x576.jpg 768w, https:\/\/www.yeryuzundebirkacadim.com\/wp-content\/uploads\/2023\/08\/IMG_20221001_111037-816x612.jpg 816w, https:\/\/www.yeryuzundebirkacadim.com\/wp-content\/uploads\/2023\/08\/IMG_20221001_111037.jpg 1200w\" sizes=\"auto, (max-width: 1024px) 100vw, 1024px\" \/><\/p>\n<p>Kilisede <strong>&#8220;Hazine&#8221;<\/strong> b\u00f6l\u00fcm\u00fc de bulunuyordu.<\/p>\n<p>\u0130ni\u015fte spiral merdivenler. (Ben de bu merdivenlerin hastas\u0131y\u0131m).<\/p>\n<p><img loading=\"lazy\" decoding=\"async\" class=\"size-full wp-image-5858\" src=\"https:\/\/www.yeryuzundebirkacadim.com\/wp-content\/uploads\/2023\/08\/IMG_20221001_112948.jpg\" alt=\"\" width=\"734\" height=\"979\" \/><\/p>\n<p><img loading=\"lazy\" decoding=\"async\" class=\"alignnone size-medium wp-image-5859\" src=\"https:\/\/www.yeryuzundebirkacadim.com\/wp-content\/uploads\/2023\/08\/IMG_20221001_113352-1024x768.jpg\" alt=\"\" width=\"1024\" height=\"768\" srcset=\"https:\/\/www.yeryuzundebirkacadim.com\/wp-content\/uploads\/2023\/08\/IMG_20221001_113352-1024x768.jpg 1024w, https:\/\/www.yeryuzundebirkacadim.com\/wp-content\/uploads\/2023\/08\/IMG_20221001_113352-768x576.jpg 768w, https:\/\/www.yeryuzundebirkacadim.com\/wp-content\/uploads\/2023\/08\/IMG_20221001_113352-816x612.jpg 816w, https:\/\/www.yeryuzundebirkacadim.com\/wp-content\/uploads\/2023\/08\/IMG_20221001_113352.jpg 1200w\" sizes=\"auto, (max-width: 1024px) 100vw, 1024px\" \/><\/p>\n<p>Kiliseden \u00e7\u0131k\u0131nca hemen kar\u015f\u0131s\u0131nda panay\u0131r gibi bir pazar g\u00f6rd\u00fck. Pazarda \u00e7o\u011fu stantta\u00a0<strong>K\u00fcrt\u00f6 Skalacs <\/strong>denilen, daha \u00e7ok Macaristan ve Romanya&#8217;da me\u015fhur bir kek ilgimizi \u00e7ekiyor.<\/p>\n<p><img loading=\"lazy\" decoding=\"async\" class=\"alignnone size-medium wp-image-5860\" src=\"https:\/\/www.yeryuzundebirkacadim.com\/wp-content\/uploads\/2023\/08\/IMG_20221001_115753-1024x577.jpg\" alt=\"\" width=\"1024\" height=\"577\" srcset=\"https:\/\/www.yeryuzundebirkacadim.com\/wp-content\/uploads\/2023\/08\/IMG_20221001_115753-1024x577.jpg 1024w, https:\/\/www.yeryuzundebirkacadim.com\/wp-content\/uploads\/2023\/08\/IMG_20221001_115753-768x433.jpg 768w, https:\/\/www.yeryuzundebirkacadim.com\/wp-content\/uploads\/2023\/08\/IMG_20221001_115753-816x460.jpg 816w, https:\/\/www.yeryuzundebirkacadim.com\/wp-content\/uploads\/2023\/08\/IMG_20221001_115753.jpg 1200w\" sizes=\"auto, (max-width: 1024px) 100vw, 1024px\" \/><\/p>\n<p><img loading=\"lazy\" decoding=\"async\" class=\"alignnone size-medium wp-image-5861\" src=\"https:\/\/www.yeryuzundebirkacadim.com\/wp-content\/uploads\/2023\/08\/IMG_20221001_114255-768x1024.jpg\" alt=\"\" width=\"768\" height=\"1024\" srcset=\"https:\/\/www.yeryuzundebirkacadim.com\/wp-content\/uploads\/2023\/08\/IMG_20221001_114255-768x1024.jpg 768w, https:\/\/www.yeryuzundebirkacadim.com\/wp-content\/uploads\/2023\/08\/IMG_20221001_114255-749x999.jpg 749w, https:\/\/www.yeryuzundebirkacadim.com\/wp-content\/uploads\/2023\/08\/IMG_20221001_114255.jpg 900w\" sizes=\"auto, (max-width: 768px) 100vw, 768px\" \/><\/p>\n<p>Kesik koni \u015feklindeki taze, duman\u0131 t\u00fcten kek, s\u0131cak bir bacay\u0131 and\u0131rd\u0131\u011f\u0131 i\u00e7in ad\u0131 k\u00fcrt\u00f6 (soba borusuna) <span title=\"Macarca metin\">g\u00f6nderme yap\u0131yormu\u015f.\u00a0<\/span><\/p>\n<p><strong>8. Opera<\/strong><\/p>\n<p><img loading=\"lazy\" decoding=\"async\" class=\"alignnone size-medium wp-image-5943\" src=\"https:\/\/www.yeryuzundebirkacadim.com\/wp-content\/uploads\/2023\/09\/IMG_20221002_164844-1024x577.jpg\" alt=\"\" width=\"1024\" height=\"577\" srcset=\"https:\/\/www.yeryuzundebirkacadim.com\/wp-content\/uploads\/2023\/09\/IMG_20221002_164844-1024x577.jpg 1024w, https:\/\/www.yeryuzundebirkacadim.com\/wp-content\/uploads\/2023\/09\/IMG_20221002_164844-768x433.jpg 768w, https:\/\/www.yeryuzundebirkacadim.com\/wp-content\/uploads\/2023\/09\/IMG_20221002_164844-1536x865.jpg 1536w, https:\/\/www.yeryuzundebirkacadim.com\/wp-content\/uploads\/2023\/09\/IMG_20221002_164844-816x460.jpg 816w, https:\/\/www.yeryuzundebirkacadim.com\/wp-content\/uploads\/2023\/09\/IMG_20221002_164844.jpg 1640w\" sizes=\"auto, (max-width: 1024px) 100vw, 1024px\" \/><\/p>\n<p>Avrupa\u2019n\u0131n en estetik opera binalar\u0131ndand\u0131r. Neo-R\u00f6nesans Opera binas\u0131, 19. y\u00fczy\u0131l Macar mimarisinin \u00f6nemli isimlerinden Miklos Ybl taraf\u0131ndan tasarland\u0131.<\/p>\n<p>1875-1884 y\u0131llar\u0131 aras\u0131nda in\u015fa edilen bu yap\u0131, I. Franz Joseph&#8217;in Avusturya \u0130mparatoru ve Macaristan Kral\u0131 oldu\u011fu d\u00f6nemdi.<\/p>\n<p>1.261 ki\u015fi kapasiteli olup at nal\u0131 \u015feklindedir ve ses \u00f6l\u00e7\u00fcmlerine g\u00f6re Avrupa&#8217;n\u0131n en iyi \u00fc\u00e7\u00fcnc\u00fc akusti\u011fine sahiptir.<\/p>\n<p><strong>9. Milenyum Metrosu (M 1)<\/strong><\/p>\n<p><img loading=\"lazy\" decoding=\"async\" class=\"alignnone size-medium wp-image-5862\" src=\"https:\/\/www.yeryuzundebirkacadim.com\/wp-content\/uploads\/2023\/08\/IMG_20221001_130424-1024x577.jpg\" alt=\"\" width=\"1024\" height=\"577\" srcset=\"https:\/\/www.yeryuzundebirkacadim.com\/wp-content\/uploads\/2023\/08\/IMG_20221001_130424-1024x577.jpg 1024w, https:\/\/www.yeryuzundebirkacadim.com\/wp-content\/uploads\/2023\/08\/IMG_20221001_130424-768x433.jpg 768w, https:\/\/www.yeryuzundebirkacadim.com\/wp-content\/uploads\/2023\/08\/IMG_20221001_130424-816x460.jpg 816w, https:\/\/www.yeryuzundebirkacadim.com\/wp-content\/uploads\/2023\/08\/IMG_20221001_130424.jpg 1200w\" sizes=\"auto, (max-width: 1024px) 100vw, 1024px\" \/><\/p>\n<p>Avrupa&#8217;n\u0131n \u00f6zel <strong>elektrikli<\/strong> ta\u015f\u0131maya sahip ilk metrosudur. 1894-1896 y\u0131llar\u0131 aras\u0131nda in\u015fa edilmi\u015ftir. (\u0130lk metro \u0130ngiltere&#8217;de)<\/p>\n<p>Tahminlerin aksine metro; artan trafi\u011fi kolayla\u015ft\u0131rmak i\u00e7in de\u011fil, Andrassy Bulvar\u0131 \u00fczerinde bir ta\u015f\u0131ma sistemi yap\u0131p manzaras\u0131n\u0131 bozmamak i\u00e7in yer alt\u0131nda in\u015fa edilmi\u015f.<\/p>\n<p><strong>10. Varosliget (Budape\u015fte \u015eehir Park\u0131)<\/strong><\/p>\n<p>Macaristan\u2019\u0131n kurulu\u015funun 1000. y\u0131l\u0131 kapsam\u0131nda 1896\u2019da in\u015fa edilmi\u015f b\u00fcy\u00fck bir parkt\u0131r.<\/p>\n<p>Kahramanlar Meydan\u0131, Szechenyi Kapl\u0131calar\u0131, Hayvanat Bah\u00e7esi, G\u00f6let ve Vajdahunyad Kalesi park\u0131n i\u00e7inde yer al\u0131yor.<\/p>\n<p>\u015eehir &#8220;Hamamlar Kenti&#8221; olarak da isimlendiriliyor.\u00a0Budape\u015fte\u2019deki hamam k\u00fclt\u00fcr\u00fc uzun y\u0131llar boyunca Osmanl\u0131 hakimiyetinde kalmas\u0131ndan geliyor.<\/p>\n<p><strong>11. Kahramanlar Meydan\u0131 (Heroes Square)<\/strong><\/p>\n<p>Millennium Metrosu\u2019na binip (M1) H\u00f6s\u00f6k tere dura\u011f\u0131nda inilerek ula\u015f\u0131labilir. Biz \u00f6yle yapt\u0131k.<\/p>\n<p><img loading=\"lazy\" decoding=\"async\" class=\"alignnone size-medium wp-image-5863\" src=\"https:\/\/www.yeryuzundebirkacadim.com\/wp-content\/uploads\/2023\/08\/IMG_20221001_131450-1024x768.jpg\" alt=\"\" width=\"1024\" height=\"768\" srcset=\"https:\/\/www.yeryuzundebirkacadim.com\/wp-content\/uploads\/2023\/08\/IMG_20221001_131450-1024x768.jpg 1024w, https:\/\/www.yeryuzundebirkacadim.com\/wp-content\/uploads\/2023\/08\/IMG_20221001_131450-768x576.jpg 768w, https:\/\/www.yeryuzundebirkacadim.com\/wp-content\/uploads\/2023\/08\/IMG_20221001_131450-816x612.jpg 816w, https:\/\/www.yeryuzundebirkacadim.com\/wp-content\/uploads\/2023\/08\/IMG_20221001_131450.jpg 1200w\" sizes=\"auto, (max-width: 1024px) 100vw, 1024px\" \/><\/p>\n<p>Meydanda; \u00fczerinde Macaristan tarihinin \u00f6nemli kahramanlar\u0131n\u0131n heykellerinin bulundu\u011fu birbirine bakan i\u00e7 b\u00fckey iki dev kaide ve bu kaidelerin ortas\u0131nda 36 metre y\u00fcksekli\u011findeki s\u00fctun bir an\u0131t bulunur.<\/p>\n<p>S\u00fctun; Milenyum an\u0131t\u0131 olarak bilinir ve 1000. y\u0131l kutlamalar\u0131 kapsam\u0131nda in\u015fa edilmi\u015ftir. S\u00fctunun \u00fczerinde Cebrail Heykeli var.<\/p>\n<p>S\u00fctunun alt b\u00f6l\u00fcm\u00fcnde ise \u201cBilgi-Zafer\u201d, \u201cBar\u0131\u015f-Sava\u015f\u201d, \u201c\u00c7al\u0131\u015fma-Refah\u201d gibi de\u011ferleri sembolize eden heykeller yer al\u0131yor.<\/p>\n<p>An\u0131t\u0131n alt k\u0131sm\u0131ndaki kaidede ise Macaristan\u2019\u0131 kuran 7 kabile liderinin at \u00fcst\u00fcndeki heykelleri yan\u0131 s\u0131ra Macaristan tarihinde \u00f6nemli bir yere sahip di\u011fer devlet adamlar\u0131n\u0131n da heykelleri bulunuyor.<\/p>\n<p>Meydan\u0131n tam ortas\u0131nda, an\u0131t\u0131n \u00f6n\u00fcndeki demir bir kafes i\u00e7indeki mezar; \u201cMe\u00e7hul Asker Mezar\u0131\u201d. Bu sembolik an\u0131t mezar, Macaristan\u2019\u0131n ba\u011f\u0131ms\u0131zl\u0131k m\u00fccadelesinde hayatlar\u0131n\u0131 kaybeden askerlerin an\u0131s\u0131na yap\u0131lm\u0131\u015f.<\/p>\n<p>Biz gitti\u011fimizde bir etkinlik nedeniyle meydan\u0131n \u00e7evresi kapat\u0131lm\u0131\u015ft\u0131.<\/p>\n<p>2002\u2019de\u00a0Andrassy Bulvar\u0131, Kahramanlar Meydan\u0131 ve Milenyum Metro Hatt\u0131\u00a0UNESCO D\u00fcnya K\u00fclt\u00fcr Miras\u0131 Listesi\u2018ne al\u0131nm\u0131\u015f.<\/p>\n<p>Meydan\u0131n sa\u011f\u0131nda Budape\u015fte G\u00fczel Sanatlar M\u00fczesi, solunda ise M\u00fccsarnok Sanat Saray\u0131 bulunuyor.<\/p>\n<p><strong>12. G\u00fczel Sanatlar M\u00fczesi\u00a0<\/strong><\/p>\n<p>G\u00fczel Sanatlar M\u00fczesi, 1900-1906 y\u0131llar\u0131 aras\u0131nda, mimar Albert Schickedanz ve F\u00fcl\u00f6p Herzog\u2019un planlar\u0131 esas\u0131nda in\u015fa edilmi\u015ftir ve eklektik-neoklasik tarzdad\u0131r.<\/p>\n<p>Koleksiyonu \u00e7o\u011funlukla uluslararas\u0131 eserlerden olu\u015fuyor. Bunlar aras\u0131nda Raffaello, El Greco, Toulouse-Lautrec, Chagall, Rembrandt, Tiepolo, Goya, Manet, Monet ve Cezanne gibi sanat\u00e7\u0131lar\u0131n Avrupa sanat\u0131n\u0131n t\u00fcm d\u00f6nemlerinden 120.000&#8217;den fazla eseri yer al\u0131yor<\/p>\n<p><img loading=\"lazy\" decoding=\"async\" class=\"alignnone size-medium wp-image-5865\" src=\"https:\/\/www.yeryuzundebirkacadim.com\/wp-content\/uploads\/2023\/08\/IMG_20221001_131145-1024x577.jpg\" alt=\"\" width=\"1024\" height=\"577\" srcset=\"https:\/\/www.yeryuzundebirkacadim.com\/wp-content\/uploads\/2023\/08\/IMG_20221001_131145-1024x577.jpg 1024w, https:\/\/www.yeryuzundebirkacadim.com\/wp-content\/uploads\/2023\/08\/IMG_20221001_131145-768x433.jpg 768w, https:\/\/www.yeryuzundebirkacadim.com\/wp-content\/uploads\/2023\/08\/IMG_20221001_131145-816x460.jpg 816w, https:\/\/www.yeryuzundebirkacadim.com\/wp-content\/uploads\/2023\/08\/IMG_20221001_131145.jpg 1200w\" sizes=\"auto, (max-width: 1024px) 100vw, 1024px\" \/><\/p>\n<p>Bizim 3 g\u00fcnl\u00fck gezi program\u0131m\u0131zda buras\u0131 i\u00e7in zaman\u0131m\u0131z vard\u0131. O y\u00fczden girip gezme f\u0131rsat\u0131 bulduk.<\/p>\n<p>Zaten sanat sever G\u00fclfemcim Matisse&#8217;in sergi afi\u015fini g\u00f6r\u00fcnce heyecanland\u0131.<\/p>\n<p><strong>Mermer Salon<\/strong><\/p>\n<p>Zemin katta giri\u015f salonundan \u00e7\u0131k\u0131p \u00f6nce Mermer Salona geliyoruz. Neo-R\u00f6nesans tarz\u0131nda in\u015fa edilen temsili resepsiyon alan\u0131, ad\u0131n\u0131 duvarlar\u0131n mermer\u00a0 kaplamas\u0131ndan alm\u0131\u015ft\u0131r. \u00dcst katta korint s\u00fctunlarla s\u00fcslenmi\u015f heybetli galeri alan\u0131, m\u00fcze binas\u0131n\u0131n saray benzeri konseptine uyum sa\u011fl\u0131yor.<\/p>\n<p><img loading=\"lazy\" decoding=\"async\" class=\"alignnone size-full wp-image-5870\" src=\"https:\/\/www.yeryuzundebirkacadim.com\/wp-content\/uploads\/2023\/08\/IMG_20221001_133039.jpg\" alt=\"\" width=\"984\" height=\"554\" srcset=\"https:\/\/www.yeryuzundebirkacadim.com\/wp-content\/uploads\/2023\/08\/IMG_20221001_133039.jpg 984w, https:\/\/www.yeryuzundebirkacadim.com\/wp-content\/uploads\/2023\/08\/IMG_20221001_133039-768x432.jpg 768w, https:\/\/www.yeryuzundebirkacadim.com\/wp-content\/uploads\/2023\/08\/IMG_20221001_133039-816x459.jpg 816w\" sizes=\"auto, (max-width: 984px) 100vw, 984px\" \/><\/p>\n<p class=\"section__title\"><strong>R\u00f6nesans Salonu<\/strong><\/p>\n<p>Mermer Salon&#8217;dan ge\u00e7erek binan\u0131n merkezine, yar\u0131m daire kemerli klasik s\u00fctunlar\u0131 ve korkuluklar\u0131yla 16. y\u00fczy\u0131ldan kalma bir \u0130talyan saray\u0131n\u0131n avlusunu \u00e7a\u011fr\u0131\u015ft\u0131ran R\u00f6nesans Salonu&#8217;na ula\u015f\u0131yoruz.<\/p>\n<p>Salon, sergilenen 14-15. y\u00fczy\u0131llara ait Perugia ve Bergamo kaynakl\u0131 fresk koleksiyonuyla t\u00fcm Avrupa&#8217;da tektir.<\/p>\n<p>R\u00f6nesans Salonu, Venedik \u00c7e\u015fmeleri (veya kuyu ba\u015flar\u0131) koleksiyonuyla da ad\u0131n\u0131n hakk\u0131n\u0131 veriyor.\u00a0\u00c7e\u015fmelerde erken ve ge\u00e7 R\u00f6nesans dekoratif motiflerinin, \u0130talyan ta\u015f oymac\u0131lar\u0131n\u0131n m\u00fckemmel becerileri ile i\u015flendi\u011fini g\u00f6r\u00fcyoruz.<\/p>\n<div class=\"row\">\n<div class=\"col-xm-8\">\n<div class=\"section__body\"><img loading=\"lazy\" decoding=\"async\" class=\"alignnone size-medium wp-image-5871\" src=\"https:\/\/www.yeryuzundebirkacadim.com\/wp-content\/uploads\/2023\/08\/IMG_20221001_134729-1024x768.jpg\" alt=\"\" width=\"1024\" height=\"768\" srcset=\"https:\/\/www.yeryuzundebirkacadim.com\/wp-content\/uploads\/2023\/08\/IMG_20221001_134729-1024x768.jpg 1024w, https:\/\/www.yeryuzundebirkacadim.com\/wp-content\/uploads\/2023\/08\/IMG_20221001_134729-768x576.jpg 768w, https:\/\/www.yeryuzundebirkacadim.com\/wp-content\/uploads\/2023\/08\/IMG_20221001_134729-816x612.jpg 816w, https:\/\/www.yeryuzundebirkacadim.com\/wp-content\/uploads\/2023\/08\/IMG_20221001_134729.jpg 1200w\" sizes=\"auto, (max-width: 1024px) 100vw, 1024px\" \/><\/div>\n<\/div>\n<\/div>\n<p>Matisse sergisinin bulundu\u011fu ge\u00e7ici sergi b\u00f6l\u00fcm\u00fcne geliyoruz.<\/p>\n<p><strong>Henri Matisse (1869-1954); <\/strong>20. y\u00fczy\u0131l\u0131n en \u00f6nemli ressamlar\u0131ndan. Renkleri b\u00fcy\u00fck bir ustal\u0131kla kullan\u0131\u015f\u0131yla Picasso ve Kandinsky ile birlikte, modern sanat\u0131n en b\u00fcy\u00fck sanat\u00e7\u0131lar\u0131ndan biri kabul edilir.<\/p>\n<p><strong>Matisse: D\u00fc\u015f\u00fcncelerin Rengi Sergisi&#8217;nden<\/strong><\/p>\n<p>Cezayirli Kad\u0131n<\/p>\n<div class=\"wDYxhc\" data-attrid=\"kc:\/people\/person:born\" data-md=\"1001\" data-hveid=\"CCAQAA\" data-ved=\"2ahUKEwijkZOEl4CBAxVNg_0HHSwoD_4QkCl6BAggEAA\">\n<div class=\"Z1hOCe\">\n<div class=\"zloOqf PZPZlf\" data-ved=\"2ahUKEwijkZOEl4CBAxVNg_0HHSwoD_4QyxMoAHoECCAQAQ\"><img loading=\"lazy\" decoding=\"async\" class=\"alignnone size-medium wp-image-5867\" src=\"https:\/\/www.yeryuzundebirkacadim.com\/wp-content\/uploads\/2023\/08\/IMG_20221001_133446-1024x577.jpg\" alt=\"\" width=\"1024\" height=\"577\" srcset=\"https:\/\/www.yeryuzundebirkacadim.com\/wp-content\/uploads\/2023\/08\/IMG_20221001_133446-1024x577.jpg 1024w, https:\/\/www.yeryuzundebirkacadim.com\/wp-content\/uploads\/2023\/08\/IMG_20221001_133446-768x433.jpg 768w, https:\/\/www.yeryuzundebirkacadim.com\/wp-content\/uploads\/2023\/08\/IMG_20221001_133446-816x460.jpg 816w, https:\/\/www.yeryuzundebirkacadim.com\/wp-content\/uploads\/2023\/08\/IMG_20221001_133446.jpg 1200w\" sizes=\"auto, (max-width: 1024px) 100vw, 1024px\" \/><\/div>\n<\/div>\n<\/div>\n<p>Sandalyeli Odal\u0131k<\/p>\n<p><img loading=\"lazy\" decoding=\"async\" class=\"alignnone size-medium wp-image-5868\" src=\"https:\/\/www.yeryuzundebirkacadim.com\/wp-content\/uploads\/2023\/08\/IMG_20221001_134025-1024x577.jpg\" alt=\"\" width=\"1024\" height=\"577\" srcset=\"https:\/\/www.yeryuzundebirkacadim.com\/wp-content\/uploads\/2023\/08\/IMG_20221001_134025-1024x577.jpg 1024w, https:\/\/www.yeryuzundebirkacadim.com\/wp-content\/uploads\/2023\/08\/IMG_20221001_134025-768x433.jpg 768w, https:\/\/www.yeryuzundebirkacadim.com\/wp-content\/uploads\/2023\/08\/IMG_20221001_134025-816x460.jpg 816w, https:\/\/www.yeryuzundebirkacadim.com\/wp-content\/uploads\/2023\/08\/IMG_20221001_134025.jpg 1200w\" sizes=\"auto, (max-width: 1024px) 100vw, 1024px\" \/><\/p>\n<p>Matisse&#8217;in kitab\u0131: Caz<\/p>\n<p><img loading=\"lazy\" decoding=\"async\" class=\"alignnone size-medium wp-image-5869\" src=\"https:\/\/www.yeryuzundebirkacadim.com\/wp-content\/uploads\/2023\/08\/IMG_20221001_134211-1024x768.jpg\" alt=\"\" width=\"1024\" height=\"768\" srcset=\"https:\/\/www.yeryuzundebirkacadim.com\/wp-content\/uploads\/2023\/08\/IMG_20221001_134211-1024x768.jpg 1024w, https:\/\/www.yeryuzundebirkacadim.com\/wp-content\/uploads\/2023\/08\/IMG_20221001_134211-768x576.jpg 768w, https:\/\/www.yeryuzundebirkacadim.com\/wp-content\/uploads\/2023\/08\/IMG_20221001_134211-816x612.jpg 816w, https:\/\/www.yeryuzundebirkacadim.com\/wp-content\/uploads\/2023\/08\/IMG_20221001_134211.jpg 1200w\" sizes=\"auto, (max-width: 1024px) 100vw, 1024px\" \/><\/p>\n<p><strong>Roma Salonu<\/strong><\/p>\n<p><img loading=\"lazy\" decoding=\"async\" class=\"alignnone size-medium wp-image-5876\" src=\"https:\/\/www.yeryuzundebirkacadim.com\/wp-content\/uploads\/2023\/08\/IMG_20221001_135506-1024x577.jpg\" alt=\"\" width=\"1024\" height=\"577\" srcset=\"https:\/\/www.yeryuzundebirkacadim.com\/wp-content\/uploads\/2023\/08\/IMG_20221001_135506-1024x577.jpg 1024w, https:\/\/www.yeryuzundebirkacadim.com\/wp-content\/uploads\/2023\/08\/IMG_20221001_135506-768x433.jpg 768w, https:\/\/www.yeryuzundebirkacadim.com\/wp-content\/uploads\/2023\/08\/IMG_20221001_135506-816x460.jpg 816w, https:\/\/www.yeryuzundebirkacadim.com\/wp-content\/uploads\/2023\/08\/IMG_20221001_135506.jpg 1476w\" sizes=\"auto, (max-width: 1024px) 100vw, 1024px\" \/><\/p>\n<p class=\"section__title\"><span style=\"font-size: 16px;\">M\u00fczenin en muhte\u015fem mekan\u0131 olan R0ma Salonu&#8217;na ula\u015f\u0131yoruz. \u0130kinci D\u00fcnya Sava\u015f\u0131&#8217;nda hasar g\u00f6rd\u00fckten sonra 70 y\u0131l boyunca al\u00e7\u0131 ve tablo deposu olarak kullan\u0131lm\u0131\u015f. 2018 y\u0131l\u0131nda tamamlanan restorasyon sonunda eski orijinal haline d\u00f6nd\u00fcr\u00fclm\u00fc\u015f. Erken Hristiyan bazilikalar\u0131n\u0131n ve Romanesk kiliselerin mimarisine sahip alan \u00e7ok renkli olarak boyanm\u0131\u015f.<\/span><\/p>\n<p>Freiberg ve Gyulafehervar&#8217;daki kilise kap\u0131lar\u0131n\u0131n al\u00e7\u0131 kopyalar\u0131yla daha da muhte\u015fem hale getirilmi\u015f.<\/p>\n<p><img loading=\"lazy\" decoding=\"async\" class=\"alignnone size-medium wp-image-5872\" src=\"https:\/\/www.yeryuzundebirkacadim.com\/wp-content\/uploads\/2023\/08\/IMG_20221001_135617-1024x577.jpg\" alt=\"\" width=\"1024\" height=\"577\" srcset=\"https:\/\/www.yeryuzundebirkacadim.com\/wp-content\/uploads\/2023\/08\/IMG_20221001_135617-1024x577.jpg 1024w, https:\/\/www.yeryuzundebirkacadim.com\/wp-content\/uploads\/2023\/08\/IMG_20221001_135617-768x433.jpg 768w, https:\/\/www.yeryuzundebirkacadim.com\/wp-content\/uploads\/2023\/08\/IMG_20221001_135617-816x460.jpg 816w, https:\/\/www.yeryuzundebirkacadim.com\/wp-content\/uploads\/2023\/08\/IMG_20221001_135617.jpg 1200w\" sizes=\"auto, (max-width: 1024px) 100vw, 1024px\" \/><\/p>\n<p>Duvarlar, Hristiyan ikonografisine uygun olarak fig\u00fcratif, s\u00fcsleyici ve hanedan sembollerin yan\u0131 s\u0131ra Macar azizlerinin ve tarihi \u015fahsiyetlerin freskleriyle s\u00fcslenmi\u015ftir.<\/p>\n<p><img loading=\"lazy\" decoding=\"async\" class=\"alignnone size-medium wp-image-5873\" src=\"https:\/\/www.yeryuzundebirkacadim.com\/wp-content\/uploads\/2023\/08\/IMG_20221001_135712-1024x577.jpg\" alt=\"\" width=\"1024\" height=\"577\" srcset=\"https:\/\/www.yeryuzundebirkacadim.com\/wp-content\/uploads\/2023\/08\/IMG_20221001_135712-1024x577.jpg 1024w, https:\/\/www.yeryuzundebirkacadim.com\/wp-content\/uploads\/2023\/08\/IMG_20221001_135712-768x433.jpg 768w, https:\/\/www.yeryuzundebirkacadim.com\/wp-content\/uploads\/2023\/08\/IMG_20221001_135712-816x460.jpg 816w, https:\/\/www.yeryuzundebirkacadim.com\/wp-content\/uploads\/2023\/08\/IMG_20221001_135712.jpg 1312w\" sizes=\"auto, (max-width: 1024px) 100vw, 1024px\" \/><\/p>\n<div class=\"row\">\n<div class=\"col-xm-8\">\n<div class=\"section__body\">\n<div class=\"section__content\"><img loading=\"lazy\" decoding=\"async\" class=\"alignnone size-medium wp-image-5875\" src=\"https:\/\/www.yeryuzundebirkacadim.com\/wp-content\/uploads\/2023\/08\/IMG_20221001_135728-1024x577.jpg\" alt=\"\" width=\"1024\" height=\"577\" srcset=\"https:\/\/www.yeryuzundebirkacadim.com\/wp-content\/uploads\/2023\/08\/IMG_20221001_135728-1024x577.jpg 1024w, https:\/\/www.yeryuzundebirkacadim.com\/wp-content\/uploads\/2023\/08\/IMG_20221001_135728-768x433.jpg 768w, https:\/\/www.yeryuzundebirkacadim.com\/wp-content\/uploads\/2023\/08\/IMG_20221001_135728-816x460.jpg 816w, https:\/\/www.yeryuzundebirkacadim.com\/wp-content\/uploads\/2023\/08\/IMG_20221001_135728.jpg 1200w\" sizes=\"auto, (max-width: 1024px) 100vw, 1024px\" \/><\/div>\n<\/div>\n<\/div>\n<\/div>\n<p>Avrupa Sanat\u0131na ait resimlerin sergilendi\u011fi salonday\u0131z.<\/p>\n<p>Raffaelo Santi, Gen\u00e7 Kardinal Ippolito d&#8217;Este&#8217;nin Portresi (Gen\u00e7 kardinal, 493&#8217;te 14 ya\u015f\u0131nda bir \u00e7ocuk olarak Santa Lucia Kardinali olarak atanm\u0131\u015f).<\/p>\n<p><img loading=\"lazy\" decoding=\"async\" class=\"alignnone size-medium wp-image-5874\" src=\"https:\/\/www.yeryuzundebirkacadim.com\/wp-content\/uploads\/2023\/08\/IMG_20221001_140558-768x1024.jpg\" alt=\"\" width=\"768\" height=\"1024\" srcset=\"https:\/\/www.yeryuzundebirkacadim.com\/wp-content\/uploads\/2023\/08\/IMG_20221001_140558-768x1024.jpg 768w, https:\/\/www.yeryuzundebirkacadim.com\/wp-content\/uploads\/2023\/08\/IMG_20221001_140558-749x999.jpg 749w, https:\/\/www.yeryuzundebirkacadim.com\/wp-content\/uploads\/2023\/08\/IMG_20221001_140558.jpg 900w\" sizes=\"auto, (max-width: 768px) 100vw, 768px\" \/><\/p>\n<p>Pedro de Orrenta, Emmaus&#8217;ta Ak\u015fam Yeme\u011fi (Emmaus; \u0130sa&#8217;n\u0131n dirildikten sonra ilk g\u00f6r\u00fcld\u00fc\u011f\u00fc, havarilerinin ikisiyle birlikte y\u00fcr\u00fcd\u00fc\u011f\u00fc k\u00f6y.)<\/p>\n<p><img loading=\"lazy\" decoding=\"async\" class=\"alignnone size-medium wp-image-5877\" src=\"https:\/\/www.yeryuzundebirkacadim.com\/wp-content\/uploads\/2023\/08\/IMG_20221001_140210-1024x577.jpg\" alt=\"\" width=\"1024\" height=\"577\" srcset=\"https:\/\/www.yeryuzundebirkacadim.com\/wp-content\/uploads\/2023\/08\/IMG_20221001_140210-1024x577.jpg 1024w, https:\/\/www.yeryuzundebirkacadim.com\/wp-content\/uploads\/2023\/08\/IMG_20221001_140210-768x433.jpg 768w, https:\/\/www.yeryuzundebirkacadim.com\/wp-content\/uploads\/2023\/08\/IMG_20221001_140210-816x460.jpg 816w, https:\/\/www.yeryuzundebirkacadim.com\/wp-content\/uploads\/2023\/08\/IMG_20221001_140210.jpg 1200w\" sizes=\"auto, (max-width: 1024px) 100vw, 1024px\" \/><\/p>\n<p>Artemisia Gentileschi, Jael ve Sisera<\/p>\n<p><img loading=\"lazy\" decoding=\"async\" class=\"alignnone size-medium wp-image-5878\" src=\"https:\/\/www.yeryuzundebirkacadim.com\/wp-content\/uploads\/2023\/08\/IMG_20221001_141427-1024x577.jpg\" alt=\"\" width=\"1024\" height=\"577\" srcset=\"https:\/\/www.yeryuzundebirkacadim.com\/wp-content\/uploads\/2023\/08\/IMG_20221001_141427-1024x577.jpg 1024w, https:\/\/www.yeryuzundebirkacadim.com\/wp-content\/uploads\/2023\/08\/IMG_20221001_141427-768x433.jpg 768w, https:\/\/www.yeryuzundebirkacadim.com\/wp-content\/uploads\/2023\/08\/IMG_20221001_141427-816x460.jpg 816w, https:\/\/www.yeryuzundebirkacadim.com\/wp-content\/uploads\/2023\/08\/IMG_20221001_141427.jpg 1200w\" sizes=\"auto, (max-width: 1024px) 100vw, 1024px\" \/><\/p>\n<p><strong>M\u0131s\u0131r Sanat Koleksiyonu<\/strong><\/p>\n<p><img loading=\"lazy\" decoding=\"async\" class=\"alignnone size-medium wp-image-5879\" src=\"https:\/\/www.yeryuzundebirkacadim.com\/wp-content\/uploads\/2023\/08\/IMG_20221001_142744-1024x577.jpg\" alt=\"\" width=\"1024\" height=\"577\" srcset=\"https:\/\/www.yeryuzundebirkacadim.com\/wp-content\/uploads\/2023\/08\/IMG_20221001_142744-1024x577.jpg 1024w, https:\/\/www.yeryuzundebirkacadim.com\/wp-content\/uploads\/2023\/08\/IMG_20221001_142744-768x433.jpg 768w, https:\/\/www.yeryuzundebirkacadim.com\/wp-content\/uploads\/2023\/08\/IMG_20221001_142744-816x460.jpg 816w, https:\/\/www.yeryuzundebirkacadim.com\/wp-content\/uploads\/2023\/08\/IMG_20221001_142744.jpg 1200w\" sizes=\"auto, (max-width: 1024px) 100vw, 1024px\" \/><\/p>\n<p><img loading=\"lazy\" decoding=\"async\" class=\"alignnone size-medium wp-image-5880\" src=\"https:\/\/www.yeryuzundebirkacadim.com\/wp-content\/uploads\/2023\/08\/IMG_20221001_142813-1024x577.jpg\" alt=\"\" width=\"1024\" height=\"577\" srcset=\"https:\/\/www.yeryuzundebirkacadim.com\/wp-content\/uploads\/2023\/08\/IMG_20221001_142813-1024x577.jpg 1024w, https:\/\/www.yeryuzundebirkacadim.com\/wp-content\/uploads\/2023\/08\/IMG_20221001_142813-768x433.jpg 768w, https:\/\/www.yeryuzundebirkacadim.com\/wp-content\/uploads\/2023\/08\/IMG_20221001_142813-816x460.jpg 816w, https:\/\/www.yeryuzundebirkacadim.com\/wp-content\/uploads\/2023\/08\/IMG_20221001_142813.jpg 1200w\" sizes=\"auto, (max-width: 1024px) 100vw, 1024px\" \/><\/p>\n<p><strong>13. Vajdahunyad Kalesi<\/strong><\/p>\n<p><img loading=\"lazy\" decoding=\"async\" class=\"alignnone size-medium wp-image-5881\" src=\"https:\/\/www.yeryuzundebirkacadim.com\/wp-content\/uploads\/2023\/08\/IMG_20221001_145107-1024x768.jpg\" alt=\"\" width=\"1024\" height=\"768\" srcset=\"https:\/\/www.yeryuzundebirkacadim.com\/wp-content\/uploads\/2023\/08\/IMG_20221001_145107-1024x768.jpg 1024w, https:\/\/www.yeryuzundebirkacadim.com\/wp-content\/uploads\/2023\/08\/IMG_20221001_145107-768x576.jpg 768w, https:\/\/www.yeryuzundebirkacadim.com\/wp-content\/uploads\/2023\/08\/IMG_20221001_145107-1536x1152.jpg 1536w, https:\/\/www.yeryuzundebirkacadim.com\/wp-content\/uploads\/2023\/08\/IMG_20221001_145107-816x612.jpg 816w, https:\/\/www.yeryuzundebirkacadim.com\/wp-content\/uploads\/2023\/08\/IMG_20221001_145107.jpg 1800w\" sizes=\"auto, (max-width: 1024px) 100vw, 1024px\" \/><br \/>\nAndrassy Caddesi ve Milenyum An\u0131t\u0131 gibi 1000. y\u0131l kutlamalar\u0131 \u00e7er\u00e7evesinde mukavva ve ah\u015fap malzeme kullan\u0131larak in\u015fa edilen Vajdahunyad Kalesi, ba\u015flarda ge\u00e7ici bir esermi\u015f. Ancak Romanya\u2019daki ayn\u0131 adl\u0131 kalenin bire bir kopyas\u0131 olan dev boyutlu maket \u00e7ok fazla ilgi g\u00f6r\u00fcnce 1904-1908 y\u0131llar\u0131 aras\u0131nda \u015fimdiki g\u00f6r\u00fcn\u00fcm\u00fcn\u00fc kazand\u0131\u011f\u0131 in\u015fa s\u00fcrecine al\u0131nm\u0131\u015f.<\/p>\n<p>Kalenin i\u00e7erisinde g\u00fcn\u00fcm\u00fczde Avrupa\u2019n\u0131n en b\u00fcy\u00fck tar\u0131m temal\u0131 m\u00fczesi faaliyet g\u00f6steriyor.<\/p>\n<p>Biz uzaktan foto\u011fraflamakla yetindik.<\/p>\n<p>Park\u0131n kar\u015f\u0131s\u0131nda yine bir panay\u0131ra denk geldik. Muhtemelen Kahramanlar Meydan\u0131&#8217;ndaki aktivite nedeniyle kuruldu.<\/p>\n<p><img loading=\"lazy\" decoding=\"async\" class=\"alignnone size-medium wp-image-5882\" src=\"https:\/\/www.yeryuzundebirkacadim.com\/wp-content\/uploads\/2023\/08\/IMG_20221001_153327-1024x577.jpg\" alt=\"\" width=\"1024\" height=\"577\" srcset=\"https:\/\/www.yeryuzundebirkacadim.com\/wp-content\/uploads\/2023\/08\/IMG_20221001_153327-1024x577.jpg 1024w, https:\/\/www.yeryuzundebirkacadim.com\/wp-content\/uploads\/2023\/08\/IMG_20221001_153327-768x432.jpg 768w, https:\/\/www.yeryuzundebirkacadim.com\/wp-content\/uploads\/2023\/08\/IMG_20221001_153327-1536x865.jpg 1536w, https:\/\/www.yeryuzundebirkacadim.com\/wp-content\/uploads\/2023\/08\/IMG_20221001_153327-816x460.jpg 816w, https:\/\/www.yeryuzundebirkacadim.com\/wp-content\/uploads\/2023\/08\/IMG_20221001_153327.jpg 1600w\" sizes=\"auto, (max-width: 1024px) 100vw, 1024px\" \/><\/p>\n<p>\u00d6\u011fle yeme\u011fini burada yiyoruz.<\/p>\n<p><img loading=\"lazy\" decoding=\"async\" class=\"alignnone size-medium wp-image-5885\" src=\"https:\/\/www.yeryuzundebirkacadim.com\/wp-content\/uploads\/2023\/08\/IMG-20221001-WA0018-1024x768.jpg\" alt=\"\" width=\"1024\" height=\"768\" srcset=\"https:\/\/www.yeryuzundebirkacadim.com\/wp-content\/uploads\/2023\/08\/IMG-20221001-WA0018-1024x768.jpg 1024w, https:\/\/www.yeryuzundebirkacadim.com\/wp-content\/uploads\/2023\/08\/IMG-20221001-WA0018-768x576.jpg 768w, https:\/\/www.yeryuzundebirkacadim.com\/wp-content\/uploads\/2023\/08\/IMG-20221001-WA0018-816x612.jpg 816w, https:\/\/www.yeryuzundebirkacadim.com\/wp-content\/uploads\/2023\/08\/IMG-20221001-WA0018.jpg 1094w\" sizes=\"auto, (max-width: 1024px) 100vw, 1024px\" \/><\/p>\n<p><img loading=\"lazy\" decoding=\"async\" class=\"alignnone size-medium wp-image-5884\" src=\"https:\/\/www.yeryuzundebirkacadim.com\/wp-content\/uploads\/2023\/08\/IMG_20221001_152648-768x1024.jpg\" alt=\"\" width=\"768\" height=\"1024\" srcset=\"https:\/\/www.yeryuzundebirkacadim.com\/wp-content\/uploads\/2023\/08\/IMG_20221001_152648-768x1024.jpg 768w, https:\/\/www.yeryuzundebirkacadim.com\/wp-content\/uploads\/2023\/08\/IMG_20221001_152648-749x999.jpg 749w, https:\/\/www.yeryuzundebirkacadim.com\/wp-content\/uploads\/2023\/08\/IMG_20221001_152648.jpg 900w\" sizes=\"auto, (max-width: 768px) 100vw, 768px\" \/><\/p>\n<p><strong>14. New York Cafe<\/strong><\/p>\n<p>\u00c7ok heyecanl\u0131y\u0131z. \u00c7\u00fcnk\u00fc &#8220;D\u00fcnyan\u0131n En G\u00fczel Kafesi&#8221; \u00fcnvan\u0131n\u0131 elinde tutan New York Cafe&#8217;ye gidiyoruz.<\/p>\n<p>\u201cKahvesiz edebiyat yoktur\u201d demi\u015f New York Cafe m\u00fcdavimi 20. y\u00fczy\u0131l Macar yazarlardan Sandor Marai.<\/p>\n<p><img loading=\"lazy\" decoding=\"async\" class=\"alignnone size-medium wp-image-5889\" src=\"https:\/\/www.yeryuzundebirkacadim.com\/wp-content\/uploads\/2023\/08\/IMG_20221001_174010-1024x577.jpg\" alt=\"\" width=\"1024\" height=\"577\" srcset=\"https:\/\/www.yeryuzundebirkacadim.com\/wp-content\/uploads\/2023\/08\/IMG_20221001_174010-1024x577.jpg 1024w, https:\/\/www.yeryuzundebirkacadim.com\/wp-content\/uploads\/2023\/08\/IMG_20221001_174010-768x433.jpg 768w, https:\/\/www.yeryuzundebirkacadim.com\/wp-content\/uploads\/2023\/08\/IMG_20221001_174010-1536x865.jpg 1536w, https:\/\/www.yeryuzundebirkacadim.com\/wp-content\/uploads\/2023\/08\/IMG_20221001_174010-816x460.jpg 816w, https:\/\/www.yeryuzundebirkacadim.com\/wp-content\/uploads\/2023\/08\/IMG_20221001_174010.jpg 1640w\" sizes=\"auto, (max-width: 1024px) 100vw, 1024px\" \/><\/p>\n<p class=\"tw-data-text tw-text-large tw-ta\" dir=\"ltr\" data-placeholder=\"\u00c7eviri\">Yahudi Mahallesi&#8217;nde bulunan kafenin tarihi \u015f\u00f6yle:<\/p>\n<p>20. y\u00fczy\u0131l\u0131n ba\u015f\u0131nda New York Cafe (New York Kavehaz), Budape\u015fte&#8217;nin en g\u00fczel ve en sevilen kahvehanesiymi\u015f. Yazarlar, edit\u00f6rler ve entellekt\u00fceller aras\u0131nda pop\u00fcler bir yermi\u015f. Hatta en etkili gazeteler burada, \u00fcst kattaki galeride \u00e7\u0131k\u0131yormu\u015f. Bir zamanlar\u0131n \u00fcnl\u00fc kafesi 2. D\u00fcnya Sava\u015f\u0131&#8217;ndan sonra bak\u0131ma muhta\u00e7 hale gelmi\u015f ve spor malzemeleri ma\u011fazas\u0131 olarak hizmet vermi\u015f. 1954 y\u0131l\u0131nda &#8220;Hungaria&#8221; ad\u0131 alt\u0131nda yeniden a\u00e7\u0131lm\u0131\u015f olsa da, New York Kafe orijinal ihti\u015fam\u0131na ancak 2006 y\u0131l\u0131nda kavu\u015fabilmi\u015f.<\/p>\n<p>New York Cafe 1894&#8217;te a\u00e7\u0131lan New York Palace Oteli&#8217;nin bir par\u00e7as\u0131 ayn\u0131 zamanda. Otelden de \u00f6nce bir saray olarak tasarlanm\u0131\u015f.<\/p>\n<p>\u00c7ok g\u00f6steri\u015fli, \u015f\u0131k\u0131r \u015f\u0131k\u0131r, zarif bir mekan. \u0130\u00e7eride kuyru\u011fa giriyoruz. Bir yandan da etraf\u0131 seyretmeye ba\u015fl\u0131yoruz.<\/p>\n<p><img loading=\"lazy\" decoding=\"async\" class=\"alignnone size-medium wp-image-5892\" src=\"https:\/\/www.yeryuzundebirkacadim.com\/wp-content\/uploads\/2023\/09\/IMG_20221001_161149-1024x577.jpg\" alt=\"\" width=\"1024\" height=\"577\" srcset=\"https:\/\/www.yeryuzundebirkacadim.com\/wp-content\/uploads\/2023\/09\/IMG_20221001_161149-1024x577.jpg 1024w, https:\/\/www.yeryuzundebirkacadim.com\/wp-content\/uploads\/2023\/09\/IMG_20221001_161149-768x433.jpg 768w, https:\/\/www.yeryuzundebirkacadim.com\/wp-content\/uploads\/2023\/09\/IMG_20221001_161149-816x460.jpg 816w, https:\/\/www.yeryuzundebirkacadim.com\/wp-content\/uploads\/2023\/09\/IMG_20221001_161149.jpg 1200w\" sizes=\"auto, (max-width: 1024px) 100vw, 1024px\" \/><\/p>\n<p>Mermer s\u00fctunlar, yald\u0131zl\u0131 tavan, \u0131\u015f\u0131lt\u0131l\u0131 avizeler, zarif ferforjeler, ciddiyetle \u00e7al\u0131\u015fan \u00fcniformal\u0131 garsonlar.<\/p>\n<p><img loading=\"lazy\" decoding=\"async\" class=\"alignnone size-medium wp-image-5893\" src=\"https:\/\/www.yeryuzundebirkacadim.com\/wp-content\/uploads\/2023\/09\/IMG_20221001_164252-1024x577.jpg\" alt=\"\" width=\"1024\" height=\"577\" srcset=\"https:\/\/www.yeryuzundebirkacadim.com\/wp-content\/uploads\/2023\/09\/IMG_20221001_164252-1024x577.jpg 1024w, https:\/\/www.yeryuzundebirkacadim.com\/wp-content\/uploads\/2023\/09\/IMG_20221001_164252-768x432.jpg 768w, https:\/\/www.yeryuzundebirkacadim.com\/wp-content\/uploads\/2023\/09\/IMG_20221001_164252-1536x865.jpg 1536w, https:\/\/www.yeryuzundebirkacadim.com\/wp-content\/uploads\/2023\/09\/IMG_20221001_164252-816x460.jpg 816w, https:\/\/www.yeryuzundebirkacadim.com\/wp-content\/uploads\/2023\/09\/IMG_20221001_164252.jpg 1600w\" sizes=\"auto, (max-width: 1024px) 100vw, 1024px\" \/><\/p>\n<p><img loading=\"lazy\" decoding=\"async\" class=\"alignnone size-medium wp-image-5891\" src=\"https:\/\/www.yeryuzundebirkacadim.com\/wp-content\/uploads\/2023\/09\/IMG_20221001_161713-768x1024.jpg\" alt=\"\" width=\"768\" height=\"1024\" srcset=\"https:\/\/www.yeryuzundebirkacadim.com\/wp-content\/uploads\/2023\/09\/IMG_20221001_161713-768x1024.jpg 768w, https:\/\/www.yeryuzundebirkacadim.com\/wp-content\/uploads\/2023\/09\/IMG_20221001_161713-749x999.jpg 749w, https:\/\/www.yeryuzundebirkacadim.com\/wp-content\/uploads\/2023\/09\/IMG_20221001_161713.jpg 900w\" sizes=\"auto, (max-width: 768px) 100vw, 768px\" \/><\/p>\n<p>S\u0131ram\u0131z geliyor ve masam\u0131za oturup mekan\u0131n keyfini s\u00fcr\u00fcyoruz.<\/p>\n<p><img loading=\"lazy\" decoding=\"async\" class=\"alignnone size-medium wp-image-5894\" src=\"https:\/\/www.yeryuzundebirkacadim.com\/wp-content\/uploads\/2023\/09\/IMG_20221001_165115-1024x577.jpg\" alt=\"\" width=\"1024\" height=\"577\" srcset=\"https:\/\/www.yeryuzundebirkacadim.com\/wp-content\/uploads\/2023\/09\/IMG_20221001_165115-1024x577.jpg 1024w, https:\/\/www.yeryuzundebirkacadim.com\/wp-content\/uploads\/2023\/09\/IMG_20221001_165115-768x433.jpg 768w, https:\/\/www.yeryuzundebirkacadim.com\/wp-content\/uploads\/2023\/09\/IMG_20221001_165115-816x460.jpg 816w, https:\/\/www.yeryuzundebirkacadim.com\/wp-content\/uploads\/2023\/09\/IMG_20221001_165115.jpg 1312w\" sizes=\"auto, (max-width: 1024px) 100vw, 1024px\" \/><\/p>\n<p><strong>15. Tuna Nehir Turu<\/strong><\/p>\n<p>Hava kararmak \u00fczere ve biz tekne turuna \u00e7\u0131k\u0131yoruz.<\/p>\n<p>Buda Kalesi<\/p>\n<p><img loading=\"lazy\" decoding=\"async\" class=\"size-medium wp-image-5897\" src=\"https:\/\/www.yeryuzundebirkacadim.com\/wp-content\/uploads\/2023\/09\/IMG_20221001_181305_edit_33899430347951-1024x768.jpg\" alt=\"\" width=\"1024\" height=\"768\" srcset=\"https:\/\/www.yeryuzundebirkacadim.com\/wp-content\/uploads\/2023\/09\/IMG_20221001_181305_edit_33899430347951-1024x768.jpg 1024w, https:\/\/www.yeryuzundebirkacadim.com\/wp-content\/uploads\/2023\/09\/IMG_20221001_181305_edit_33899430347951-768x576.jpg 768w, https:\/\/www.yeryuzundebirkacadim.com\/wp-content\/uploads\/2023\/09\/IMG_20221001_181305_edit_33899430347951-816x612.jpg 816w, https:\/\/www.yeryuzundebirkacadim.com\/wp-content\/uploads\/2023\/09\/IMG_20221001_181305_edit_33899430347951.jpg 1400w\" sizes=\"auto, (max-width: 1024px) 100vw, 1024px\" \/><\/p>\n<p>Parlamento Binas\u0131<\/p>\n<p><img loading=\"lazy\" decoding=\"async\" class=\"alignnone size-medium wp-image-5896\" src=\"https:\/\/www.yeryuzundebirkacadim.com\/wp-content\/uploads\/2023\/09\/IMG_20221001_193324-1024x577.jpg\" alt=\"\" width=\"1024\" height=\"577\" srcset=\"https:\/\/www.yeryuzundebirkacadim.com\/wp-content\/uploads\/2023\/09\/IMG_20221001_193324-1024x577.jpg 1024w, https:\/\/www.yeryuzundebirkacadim.com\/wp-content\/uploads\/2023\/09\/IMG_20221001_193324-768x433.jpg 768w, https:\/\/www.yeryuzundebirkacadim.com\/wp-content\/uploads\/2023\/09\/IMG_20221001_193324-816x460.jpg 816w, https:\/\/www.yeryuzundebirkacadim.com\/wp-content\/uploads\/2023\/09\/IMG_20221001_193324.jpg 1148w\" sizes=\"auto, (max-width: 1024px) 100vw, 1024px\" \/><\/p>\n<p>Bal\u0131k\u00e7\u0131 Tabyas\u0131; pembe \u0131\u015f\u0131kland\u0131r\u0131lm\u0131\u015f.<\/p>\n<p><img loading=\"lazy\" decoding=\"async\" class=\"alignnone size-medium wp-image-5898\" src=\"https:\/\/www.yeryuzundebirkacadim.com\/wp-content\/uploads\/2023\/09\/IMG_20221001_195158-1024x576.jpg\" alt=\"\" width=\"1024\" height=\"576\" srcset=\"https:\/\/www.yeryuzundebirkacadim.com\/wp-content\/uploads\/2023\/09\/IMG_20221001_195158-1024x576.jpg 1024w, https:\/\/www.yeryuzundebirkacadim.com\/wp-content\/uploads\/2023\/09\/IMG_20221001_195158-768x432.jpg 768w, https:\/\/www.yeryuzundebirkacadim.com\/wp-content\/uploads\/2023\/09\/IMG_20221001_195158-816x459.jpg 816w, https:\/\/www.yeryuzundebirkacadim.com\/wp-content\/uploads\/2023\/09\/IMG_20221001_195158.jpg 1400w\" sizes=\"auto, (max-width: 1024px) 100vw, 1024px\" \/><\/p>\n<p>Ak\u015fam Yahudi Mahallesi&#8217;nde dola\u015f\u0131yoruz biraz. Gozsdu Udvar&#8217;a u\u011fruyoruz. Ak\u015famlar\u0131 bu mahallede hayat var.<\/p>\n<p><img loading=\"lazy\" decoding=\"async\" class=\"alignnone size-medium wp-image-5981\" src=\"https:\/\/www.yeryuzundebirkacadim.com\/wp-content\/uploads\/2023\/09\/IMG-20221001-WA0010-1024x768.jpg\" alt=\"\" width=\"1024\" height=\"768\" srcset=\"https:\/\/www.yeryuzundebirkacadim.com\/wp-content\/uploads\/2023\/09\/IMG-20221001-WA0010-1024x768.jpg 1024w, https:\/\/www.yeryuzundebirkacadim.com\/wp-content\/uploads\/2023\/09\/IMG-20221001-WA0010-768x576.jpg 768w, https:\/\/www.yeryuzundebirkacadim.com\/wp-content\/uploads\/2023\/09\/IMG-20221001-WA0010-816x612.jpg 816w, https:\/\/www.yeryuzundebirkacadim.com\/wp-content\/uploads\/2023\/09\/IMG-20221001-WA0010.jpg 1459w\" sizes=\"auto, (max-width: 1024px) 100vw, 1024px\" \/><\/p>\n<p><strong>3. g\u00fcn<\/strong><\/p>\n<p>Bug\u00fcnk\u00fc gezimizde hop on hop off otob\u00fcslerini kullanaca\u011f\u0131z. K\u0131rm\u0131z\u0131 hat bizim i\u00e7in uygun.<\/p>\n<p>K\u0131rm\u0131z\u0131 hatta ilerliyoruz.<\/p>\n<p><img loading=\"lazy\" decoding=\"async\" class=\"alignnone size-medium wp-image-5900\" src=\"https:\/\/www.yeryuzundebirkacadim.com\/wp-content\/uploads\/2023\/09\/IMG_20221002_093629-1024x576.jpg\" alt=\"\" width=\"1024\" height=\"576\" srcset=\"https:\/\/www.yeryuzundebirkacadim.com\/wp-content\/uploads\/2023\/09\/IMG_20221002_093629-1024x576.jpg 1024w, https:\/\/www.yeryuzundebirkacadim.com\/wp-content\/uploads\/2023\/09\/IMG_20221002_093629-768x432.jpg 768w, https:\/\/www.yeryuzundebirkacadim.com\/wp-content\/uploads\/2023\/09\/IMG_20221002_093629-816x459.jpg 816w, https:\/\/www.yeryuzundebirkacadim.com\/wp-content\/uploads\/2023\/09\/IMG_20221002_093629.jpg 1400w\" sizes=\"auto, (max-width: 1024px) 100vw, 1024px\" \/><\/p>\n<p>Buda taraf\u0131na ge\u00e7tik.<\/p>\n<p><strong>16. \u00d6zg\u00fcrl\u00fck Heykeli<\/strong><\/p>\n<p>1947 senesinde\u00a0 yap\u0131lan 14 metre y\u00fcksekli\u011findeki heykel, Sovyet kuvvetlerinin Budape\u015fte\u2019yi Nazi i\u015fgalinden kurtarmas\u0131n\u0131 sembolize ediyor.<\/p>\n<p>Heykeli otob\u00fcsten seyrediyoruz.<\/p>\n<p><strong>17. \u00d6zg\u00fcrl\u00fck K\u00f6pr\u00fcs\u00fc (Liberty Bridge, Szabadsag Hid)<\/strong><\/p>\n<p>Buda taraf\u0131na ge\u00e7ti\u011fimizde en g\u00fcneyde bulunan k\u00f6pr\u00fc. Ye\u015fil rengi ile \u00e7ok ho\u015f g\u00f6r\u00fcn\u00fcyor.<\/p>\n<p>Budape\u015fte&#8217;nin en k\u0131sa k\u00f6pr\u00fcs\u00fc imi\u015f. 2016 y\u0131l\u0131nda yenilenen k\u00f6pr\u00fc bu tarihten sonra yayalara da a\u00e7\u0131lm\u0131\u015f.<\/p>\n<h2><img loading=\"lazy\" decoding=\"async\" class=\"alignnone size-medium wp-image-5904\" src=\"https:\/\/www.yeryuzundebirkacadim.com\/wp-content\/uploads\/2023\/09\/IMG_20221002_094407-1024x577.jpg\" alt=\"\" width=\"1024\" height=\"577\" srcset=\"https:\/\/www.yeryuzundebirkacadim.com\/wp-content\/uploads\/2023\/09\/IMG_20221002_094407-1024x577.jpg 1024w, https:\/\/www.yeryuzundebirkacadim.com\/wp-content\/uploads\/2023\/09\/IMG_20221002_094407-768x432.jpg 768w, https:\/\/www.yeryuzundebirkacadim.com\/wp-content\/uploads\/2023\/09\/IMG_20221002_094407-1536x865.jpg 1536w, https:\/\/www.yeryuzundebirkacadim.com\/wp-content\/uploads\/2023\/09\/IMG_20221002_094407-816x460.jpg 816w, https:\/\/www.yeryuzundebirkacadim.com\/wp-content\/uploads\/2023\/09\/IMG_20221002_094407.jpg 1600w\" sizes=\"auto, (max-width: 1024px) 100vw, 1024px\" \/><\/h2>\n<p><span id=\"elisabeth_koprusu_erzsebet_hid\"><strong>18. Elisabeth K\u00f6pr\u00fcs\u00fc (Beyaz K\u00f6pr\u00fc, Erzsebet Hid)<\/strong><\/span><\/p>\n<p><img loading=\"lazy\" decoding=\"async\" class=\"alignnone size-medium wp-image-5903\" src=\"https:\/\/www.yeryuzundebirkacadim.com\/wp-content\/uploads\/2023\/09\/IMG_20221002_094508-1024x577.jpg\" alt=\"\" width=\"1024\" height=\"577\" srcset=\"https:\/\/www.yeryuzundebirkacadim.com\/wp-content\/uploads\/2023\/09\/IMG_20221002_094508-1024x577.jpg 1024w, https:\/\/www.yeryuzundebirkacadim.com\/wp-content\/uploads\/2023\/09\/IMG_20221002_094508-768x432.jpg 768w, https:\/\/www.yeryuzundebirkacadim.com\/wp-content\/uploads\/2023\/09\/IMG_20221002_094508-1536x865.jpg 1536w, https:\/\/www.yeryuzundebirkacadim.com\/wp-content\/uploads\/2023\/09\/IMG_20221002_094508-816x460.jpg 816w, https:\/\/www.yeryuzundebirkacadim.com\/wp-content\/uploads\/2023\/09\/IMG_20221002_094508.jpg 1600w\" sizes=\"auto, (max-width: 1024px) 100vw, 1024px\" \/><\/p>\n<p>\u0130kinci D\u00fcnya Sava\u015f\u0131 s\u0131ras\u0131nda tahrip olan k\u00f6pr\u00fc modern tarzda restore edilmi\u015f.<\/p>\n<p><strong>19. Gellert Tepesi ve Gellert Sagredo Heykeli<\/strong><\/p>\n<p>Buda b\u00f6lgesindeki tepe UNESCO D\u00fcnya Miras\u0131 Listesi&#8217;nde yer almaktad\u0131r.<\/p>\n<p>\u0130smini Hristiyanl\u0131\u011f\u0131n yay\u0131lmas\u0131na kar\u015f\u0131 \u00e7\u0131kanlar taraf\u0131ndan bu tepeden varile koyulup a\u015fa\u011f\u0131ya at\u0131lan din adam\u0131 Saint Gellert\u2019ten alm\u0131\u015f.<\/p>\n<p>Gellert\u2019in tepenin ete\u011finde d\u00fc\u015ft\u00fc\u011f\u00fc kabul edilen yere 1904\u2019te Gellert Sagredo An\u0131t\u0131 dikilmi\u015f.\u00a020 metre y\u00fcksekli\u011findeki heykelde Gellert, elinde bir ha\u00e7\u0131 zaferle yukar\u0131da tutuyor. Ayaklar\u0131nda ise vah\u015fi g\u00f6r\u00fcn\u00fcml\u00fc Macarlar korkuyla piskoposa bak\u0131yor.<\/p>\n<p>Heykelin hemen dibinde ise yapay bir \u015felale bulunuyor.<\/p>\n<p><img loading=\"lazy\" decoding=\"async\" class=\"alignnone size-medium wp-image-5901\" src=\"https:\/\/www.yeryuzundebirkacadim.com\/wp-content\/uploads\/2023\/09\/IMG_20221002_093946-768x1024.jpg\" alt=\"\" width=\"768\" height=\"1024\" srcset=\"https:\/\/www.yeryuzundebirkacadim.com\/wp-content\/uploads\/2023\/09\/IMG_20221002_093946-768x1024.jpg 768w, https:\/\/www.yeryuzundebirkacadim.com\/wp-content\/uploads\/2023\/09\/IMG_20221002_093946-749x999.jpg 749w, https:\/\/www.yeryuzundebirkacadim.com\/wp-content\/uploads\/2023\/09\/IMG_20221002_093946.jpg 1050w\" sizes=\"auto, (max-width: 768px) 100vw, 768px\" \/><\/p>\n<p><strong>20. Zincir K\u00f6pr\u00fc\u00a0<\/strong><\/p>\n<p>Parlamento Binas\u0131 ve Aziz Stefan Bazilikas\u0131 ile birlikte kentin \u00fc\u00e7 \u00f6nemli simgesinden biri kabul ediliyor.<\/p>\n<p>Szechenyi taraf\u0131ndan 1842-1849 seneleri aras\u0131nda in\u015fa ettirilen ve Tuna nehrinin ay\u0131rd\u0131\u011f\u0131 Buda ile Pe\u015fte\u2019yi birbirine ba\u011flayan k\u00f6pr\u00fc, ad\u0131n\u0131 k\u00f6pr\u00fcdeki asma zincirlerinden alm\u0131\u015f.<\/p>\n<p>K\u00f6pr\u00fcn\u00fcn her iki taraf\u0131ndaki aslan heykelleri nedeni ile Aslanl\u0131 K\u00f6pr\u00fc de deniyor. Bu a\u011fz\u0131 a\u00e7\u0131k aslanlar\u0131n dilleri var fakat a\u015fa\u011f\u0131dan bak\u0131ld\u0131\u011f\u0131nda g\u00f6r\u00fclm\u00fcyormu\u015f. Bu hata i\u00e7in k\u00f6pr\u00fcn\u00fcn m\u00fchendisi olan Adam Clark&#8217;\u0131n intihar etti\u011fi gibi bir rivayet salm\u0131\u015flar ortaya.<\/p>\n<p>K\u00f6pr\u00fc \u0130kinci D\u00fcnya Sava\u015f\u0131\u2019nda \u00e7ok b\u00fcy\u00fck hasar g\u00f6rerek y\u0131k\u0131ld\u0131ktan sonra orijinal tasar\u0131m\u0131na uygun bir \u015fekilde 1949\u2019a kadar s\u00fcren bir yeniden in\u015fa s\u00fcrecine girmi\u015f.<\/p>\n<p>Bizim gitti\u011fimiz zaman da bak\u0131mdayd\u0131.<\/p>\n<p>Arkadaki k\u00f6pr\u00fc ise Margaret K\u00f6pr\u00fcs\u00fc.<\/p>\n<p><img loading=\"lazy\" decoding=\"async\" class=\"alignnone size-medium wp-image-5909\" src=\"https:\/\/www.yeryuzundebirkacadim.com\/wp-content\/uploads\/2023\/09\/IMG_20221002_102804-1024x577.jpg\" alt=\"\" width=\"1024\" height=\"577\" srcset=\"https:\/\/www.yeryuzundebirkacadim.com\/wp-content\/uploads\/2023\/09\/IMG_20221002_102804-1024x577.jpg 1024w, https:\/\/www.yeryuzundebirkacadim.com\/wp-content\/uploads\/2023\/09\/IMG_20221002_102804-768x432.jpg 768w, https:\/\/www.yeryuzundebirkacadim.com\/wp-content\/uploads\/2023\/09\/IMG_20221002_102804-1536x865.jpg 1536w, https:\/\/www.yeryuzundebirkacadim.com\/wp-content\/uploads\/2023\/09\/IMG_20221002_102804-816x460.jpg 816w, https:\/\/www.yeryuzundebirkacadim.com\/wp-content\/uploads\/2023\/09\/IMG_20221002_102804.jpg 1600w\" sizes=\"auto, (max-width: 1024px) 100vw, 1024px\" \/><\/p>\n<p><strong><span id=\"margaret_margit_hid\">21. Margaret K\u00f6pr\u00fcs\u00fc (Margit Hid)<\/span><\/strong><\/p>\n<p>Budape\u015fte\u2019nin ikinci en eski k\u00f6pr\u00fcs\u00fc olan Margaret K\u00f6pr\u00fcs\u00fc, Pest\u2019i Margaret Adas\u0131\u2019yla Buda\u2019ya ba\u011flar. Alt\u0131 kemeri olan bu k\u00f6pr\u00fc, di\u011fer k\u00f6pr\u00fclere g\u00f6re olduk\u00e7a sade tasarlanm\u0131\u015f.<\/p>\n<p><strong>22. Buda Kalesi (Budin Kalesi) (Kraliyet Saray\u0131)<\/strong><\/p>\n<p><img loading=\"lazy\" decoding=\"async\" class=\"alignnone size-medium wp-image-5911\" src=\"https:\/\/www.yeryuzundebirkacadim.com\/wp-content\/uploads\/2023\/09\/IMG_20221002_163606-1024x577.jpg\" alt=\"\" width=\"1024\" height=\"577\" srcset=\"https:\/\/www.yeryuzundebirkacadim.com\/wp-content\/uploads\/2023\/09\/IMG_20221002_163606-1024x577.jpg 1024w, https:\/\/www.yeryuzundebirkacadim.com\/wp-content\/uploads\/2023\/09\/IMG_20221002_163606-768x432.jpg 768w, https:\/\/www.yeryuzundebirkacadim.com\/wp-content\/uploads\/2023\/09\/IMG_20221002_163606-1536x865.jpg 1536w, https:\/\/www.yeryuzundebirkacadim.com\/wp-content\/uploads\/2023\/09\/IMG_20221002_163606-816x460.jpg 816w, https:\/\/www.yeryuzundebirkacadim.com\/wp-content\/uploads\/2023\/09\/IMG_20221002_163606.jpg 1600w\" sizes=\"auto, (max-width: 1024px) 100vw, 1024px\" \/><\/p>\n<p>UNESCO D\u00fcnya Miras\u0131 listesinde bulunan Buda Kalesi, \u015fehrin sembolik ve tarihi yap\u0131lar\u0131ndan biridir.<\/p>\n<p>\u0130lk olarak 13. y\u00fczy\u0131la tarihlenen kale de\u011fi\u015fik d\u00f6nemlerde y\u0131k\u0131lm\u0131\u015f ve tekrar tekrar in\u015fa edilmi\u015f. Son in\u015fas\u0131 1950 y\u0131l\u0131nda ba\u015flam\u0131\u015f.<\/p>\n<p>Bug\u00fcn genellikle Kraliyet Saray\u0131 olarak adland\u0131r\u0131lan Barok mimarideki Kale; Macar Ulusal Galerisi, Budape\u015fte Tarih M\u00fczesi, K\u00fct\u00fcphane, kilise, restoran, kafe gibi bir\u00e7ok mekan\u0131 b\u00fcnyesinde bar\u0131nd\u0131r\u0131yor.<\/p>\n<p><img loading=\"lazy\" decoding=\"async\" class=\"alignnone size-medium wp-image-5907\" src=\"https:\/\/www.yeryuzundebirkacadim.com\/wp-content\/uploads\/2023\/09\/IMG_20221002_094947-1024x768.jpg\" alt=\"\" width=\"1024\" height=\"768\" srcset=\"https:\/\/www.yeryuzundebirkacadim.com\/wp-content\/uploads\/2023\/09\/IMG_20221002_094947-1024x768.jpg 1024w, https:\/\/www.yeryuzundebirkacadim.com\/wp-content\/uploads\/2023\/09\/IMG_20221002_094947-768x576.jpg 768w, https:\/\/www.yeryuzundebirkacadim.com\/wp-content\/uploads\/2023\/09\/IMG_20221002_094947-1536x1152.jpg 1536w, https:\/\/www.yeryuzundebirkacadim.com\/wp-content\/uploads\/2023\/09\/IMG_20221002_094947-816x612.jpg 816w, https:\/\/www.yeryuzundebirkacadim.com\/wp-content\/uploads\/2023\/09\/IMG_20221002_094947.jpg 1600w\" sizes=\"auto, (max-width: 1024px) 100vw, 1024px\" \/><\/p>\n<p>Kalenin bah\u00e7elerine giri\u015f yap\u0131yoruz.<\/p>\n<p><img loading=\"lazy\" decoding=\"async\" class=\"alignnone size-medium wp-image-5908\" src=\"https:\/\/www.yeryuzundebirkacadim.com\/wp-content\/uploads\/2023\/09\/IMG_20221002_100408-1024x577.jpg\" alt=\"\" width=\"1024\" height=\"577\" srcset=\"https:\/\/www.yeryuzundebirkacadim.com\/wp-content\/uploads\/2023\/09\/IMG_20221002_100408-1024x577.jpg 1024w, https:\/\/www.yeryuzundebirkacadim.com\/wp-content\/uploads\/2023\/09\/IMG_20221002_100408-768x432.jpg 768w, https:\/\/www.yeryuzundebirkacadim.com\/wp-content\/uploads\/2023\/09\/IMG_20221002_100408-1536x865.jpg 1536w, https:\/\/www.yeryuzundebirkacadim.com\/wp-content\/uploads\/2023\/09\/IMG_20221002_100408-816x460.jpg 816w, https:\/\/www.yeryuzundebirkacadim.com\/wp-content\/uploads\/2023\/09\/IMG_20221002_100408.jpg 1600w\" sizes=\"auto, (max-width: 1024px) 100vw, 1024px\" \/><\/p>\n<p>Tepede konumlanm\u0131\u015f kalenin teraslar\u0131ndan panoramik manzara nefes kesici.<\/p>\n<p><img loading=\"lazy\" decoding=\"async\" class=\"alignnone size-medium wp-image-5910\" src=\"https:\/\/www.yeryuzundebirkacadim.com\/wp-content\/uploads\/2023\/09\/IMG_20221002_102913-1024x768.jpg\" alt=\"\" width=\"1024\" height=\"768\" srcset=\"https:\/\/www.yeryuzundebirkacadim.com\/wp-content\/uploads\/2023\/09\/IMG_20221002_102913-1024x768.jpg 1024w, https:\/\/www.yeryuzundebirkacadim.com\/wp-content\/uploads\/2023\/09\/IMG_20221002_102913-768x576.jpg 768w, https:\/\/www.yeryuzundebirkacadim.com\/wp-content\/uploads\/2023\/09\/IMG_20221002_102913-1536x1152.jpg 1536w, https:\/\/www.yeryuzundebirkacadim.com\/wp-content\/uploads\/2023\/09\/IMG_20221002_102913-816x612.jpg 816w, https:\/\/www.yeryuzundebirkacadim.com\/wp-content\/uploads\/2023\/09\/IMG_20221002_102913.jpg 1600w\" sizes=\"auto, (max-width: 1024px) 100vw, 1024px\" \/><\/p>\n<p><strong>Ulusal Galeri<\/strong><\/p>\n<p><img loading=\"lazy\" decoding=\"async\" class=\"alignnone size-medium wp-image-5913\" src=\"https:\/\/www.yeryuzundebirkacadim.com\/wp-content\/uploads\/2023\/09\/IMG_20221002_110127-1024x577.jpg\" alt=\"\" width=\"1024\" height=\"577\" srcset=\"https:\/\/www.yeryuzundebirkacadim.com\/wp-content\/uploads\/2023\/09\/IMG_20221002_110127-1024x577.jpg 1024w, https:\/\/www.yeryuzundebirkacadim.com\/wp-content\/uploads\/2023\/09\/IMG_20221002_110127-768x433.jpg 768w, https:\/\/www.yeryuzundebirkacadim.com\/wp-content\/uploads\/2023\/09\/IMG_20221002_110127-1536x866.jpg 1536w, https:\/\/www.yeryuzundebirkacadim.com\/wp-content\/uploads\/2023\/09\/IMG_20221002_110127-816x460.jpg 816w, https:\/\/www.yeryuzundebirkacadim.com\/wp-content\/uploads\/2023\/09\/IMG_20221002_110127.jpg 1574w\" sizes=\"auto, (max-width: 1024px) 100vw, 1024px\" \/><\/p>\n<p>1957 y\u0131l\u0131nda &#8220;Ulusal Sanat M\u00fczesi&#8221; olarak kuruldu. Koleksiyonlar\u0131; Paris&#8217;te ve Bat\u0131&#8217;n\u0131n di\u011fer yerlerinde \u00e7al\u0131\u015fm\u0131\u015f bir\u00e7ok 19. ve 20. y\u00fczy\u0131l Macar sanat\u00e7\u0131s\u0131n\u0131n eserleri de dahil olmak \u00fczere, t\u00fcm t\u00fcrlerdeki Macar sanat\u0131n\u0131 kapsamaktad\u0131r.<\/p>\n<p>Budape\u015fte&#8217;deki uluslararas\u0131 sanat\u0131n ba\u015fl\u0131ca m\u00fczesi d\u00fcn ziyaret etti\u011fimiz G\u00fczel Sanatlar M\u00fczesi&#8217;dir.<\/p>\n<p><strong>Savoy Prensi Eugene An\u0131t\u0131<\/strong><\/p>\n<p>Tuna teras\u0131nda Ulusal Galeri&#8217;nin \u00f6n cephesinde bulunan Savoy Prensi Eugene&#8217;nin neo-Barok atl\u0131 heykelidir.<\/p>\n<p>1697 y\u0131l\u0131ndaki Osmanl\u0131 yenilgisi ile sonu\u00e7lanan Zenta Sava\u015f\u0131&#8217;n\u0131 tasvir etmektedir.<\/p>\n<p>Sarayda kahve molas\u0131.<\/p>\n<p><img loading=\"lazy\" decoding=\"async\" class=\"alignnone size-medium wp-image-5914\" src=\"https:\/\/www.yeryuzundebirkacadim.com\/wp-content\/uploads\/2023\/09\/IMG_20221002_110231-768x1024.jpg\" alt=\"\" width=\"768\" height=\"1024\" srcset=\"https:\/\/www.yeryuzundebirkacadim.com\/wp-content\/uploads\/2023\/09\/IMG_20221002_110231-768x1024.jpg 768w, https:\/\/www.yeryuzundebirkacadim.com\/wp-content\/uploads\/2023\/09\/IMG_20221002_110231-1152x1536.jpg 1152w, https:\/\/www.yeryuzundebirkacadim.com\/wp-content\/uploads\/2023\/09\/IMG_20221002_110231-749x999.jpg 749w, https:\/\/www.yeryuzundebirkacadim.com\/wp-content\/uploads\/2023\/09\/IMG_20221002_110231.jpg 1200w\" sizes=\"auto, (max-width: 768px) 100vw, 768px\" \/><\/p>\n<p><strong>Matyas Corvinus \u00c7e\u015fmesi<\/strong><\/p>\n<p><img loading=\"lazy\" decoding=\"async\" class=\"alignnone size-medium wp-image-5915\" src=\"https:\/\/www.yeryuzundebirkacadim.com\/wp-content\/uploads\/2023\/09\/IMG_20221002_111741-1024x577.jpg\" alt=\"\" width=\"1024\" height=\"577\" srcset=\"https:\/\/www.yeryuzundebirkacadim.com\/wp-content\/uploads\/2023\/09\/IMG_20221002_111741-1024x577.jpg 1024w, https:\/\/www.yeryuzundebirkacadim.com\/wp-content\/uploads\/2023\/09\/IMG_20221002_111741-768x433.jpg 768w, https:\/\/www.yeryuzundebirkacadim.com\/wp-content\/uploads\/2023\/09\/IMG_20221002_111741-816x460.jpg 816w, https:\/\/www.yeryuzundebirkacadim.com\/wp-content\/uploads\/2023\/09\/IMG_20221002_111741.jpg 1476w\" sizes=\"auto, (max-width: 1024px) 100vw, 1024px\" \/><\/p>\n<p>\u00c7e\u015fme, bir duvara yaslanm\u0131\u015f ve devasa s\u00fctunlarla \u00e7er\u00e7evelenmi\u015f bir av sahnesini g\u00f6steriyor. En \u00fcstte, bir ni\u015fin \u00f6n\u00fcnde, elinde tatar yay\u0131 tutan ve \u00f6ld\u00fcr\u00fclm\u00fc\u015f bir geyi\u011fin yan\u0131nda gururla duran Kral Matthias&#8217;\u0131n bronz fig\u00fcr\u00fc bulunmaktad\u0131r.\u00a0Ayaklar\u0131n\u0131n dibinde, k\u00fc\u00e7\u00fck bir \u015felalenin \u00f6n\u00fcnde \u00fc\u00e7 b\u00fcy\u00fck av k\u00f6pe\u011fi, av bek\u00e7isi ve kalkan ta\u015f\u0131y\u0131c\u0131s\u0131 var.\u00a0Solda, s\u00fctunlar\u0131n dibinde, Ilonka&#8217;n\u0131n \u00f6yk\u00fcs\u00fcn\u00fc ilk kaydeden \u0130talyan saray tarih\u00e7isi Galeotto Marzio&#8217;nun oturan fig\u00fcr\u00fc yer al\u0131yor.\u00a0Yan\u0131nda bir k\u00f6pek bulunan tarih\u00e7inin bile\u011finde bir \u015fahin bulunmaktad\u0131r.\u00a0Di\u011fer tarafta ise gen\u00e7 bir geyi\u011fi besliyor gibi g\u00f6r\u00fcnen hikayenin kahraman\u0131 Szep Ilonka var.<\/p>\n<p>\u00c7e\u015fme, saray tarih\u00e7isi taraf\u0131ndan kaydedilen ve daha sonra 19. y\u00fczy\u0131l \u015fairi ve oyun yazar\u0131 Mihaly V\u00f6r\u00f6smarty taraf\u0131ndan pop\u00fcler hale getirilen, Kral Matthias Corvinus d\u00f6nemine ait bir hikayeyi betimliyor.<\/p>\n<p>Kral Matthias s\u0131k s\u0131k k\u0131l\u0131k de\u011fi\u015ftirerek avlanmaya giderdi. Bir g\u00fcn arkada\u015flar\u0131yla birlikte av gezisindeyken \u00e7ekici k\u00f6yl\u00fc k\u0131z\u0131 Szep Ilonka ile tan\u0131\u015ft\u0131. \u0130lk g\u00f6r\u00fc\u015fte a\u015f\u0131k oldular. Matthias k\u0131za kimli\u011fini a\u00e7\u0131klamad\u0131, bunun yerine ona kendisini Buda&#8217;da ziyaret etmesini s\u00f6yledi.<\/p>\n<p>Ilonka m\u00fcmk\u00fcn olan en k\u0131sa s\u00fcrede Buda&#8217;ya do\u011fru yola \u00e7\u0131kt\u0131. Oraya vard\u0131\u011f\u0131nda, zaferle sonu\u00e7lanan bir sava\u015ftan sonra kral\u0131 kar\u015f\u0131lamak i\u00e7in b\u00fcy\u00fck bir kalabal\u0131k toplanm\u0131\u015ft\u0131. Ilonka, Matthias&#8217;\u0131 at s\u0131rt\u0131nda kral k\u0131yafetiyle g\u00f6rd\u00fc\u011f\u00fcnde, krala a\u015f\u0131k oldu\u011funu anlay\u0131p \u015fok oldu. Basit bir k\u00f6yl\u00fc k\u0131z\u0131 oldu\u011fundan, onunla asla evlenemeyece\u011fine inanm\u0131\u015ft\u0131 ve \u00fcz\u00fcnt\u00fc i\u00e7inde evine geri d\u00f6nd\u00fc. K\u0131sa bir s\u00fcre sonra k\u0131r\u0131k bir kalp ac\u0131s\u0131ndan \u00f6ld\u00fc.<\/p>\n<p>Bir iki hafta sonra Ilonka&#8217;n\u0131n evine giden kral k\u0131z\u0131n evini bo\u015f buldu.<\/p>\n<p>\u00c7e\u015fme 1904 y\u0131l\u0131nda tasarlanm\u0131\u015f ve Budin Kalesi&#8217;nin orta kanad\u0131n\u0131n duvar\u0131na in\u015fa edilmi\u015ftir.<\/p>\n<p>Tarihe ucundan dokunal\u0131m.<\/p>\n<dl>\n<dt>\n<h4><strong><img loading=\"lazy\" decoding=\"async\" class=\"alignnone size-medium wp-image-5916\" src=\"https:\/\/www.yeryuzundebirkacadim.com\/wp-content\/uploads\/2023\/09\/IMG_20221002_111147-1024x576.jpg\" alt=\"\" width=\"1024\" height=\"576\" srcset=\"https:\/\/www.yeryuzundebirkacadim.com\/wp-content\/uploads\/2023\/09\/IMG_20221002_111147-1024x576.jpg 1024w, https:\/\/www.yeryuzundebirkacadim.com\/wp-content\/uploads\/2023\/09\/IMG_20221002_111147-768x432.jpg 768w, https:\/\/www.yeryuzundebirkacadim.com\/wp-content\/uploads\/2023\/09\/IMG_20221002_111147-1536x864.jpg 1536w, https:\/\/www.yeryuzundebirkacadim.com\/wp-content\/uploads\/2023\/09\/IMG_20221002_111147-816x459.jpg 816w, https:\/\/www.yeryuzundebirkacadim.com\/wp-content\/uploads\/2023\/09\/IMG_20221002_111147.jpg 1800w\" sizes=\"auto, (max-width: 1024px) 100vw, 1024px\" \/><\/strong><\/h4>\n<p><strong>Aslanl\u0131 Avlu<\/strong><\/p>\n<p>\u00c7e\u015fmenin yan\u0131ndan Aslanl\u0131 Avluya ge\u00e7erken an\u0131tsal kap\u0131y\u0131 koruyan, 1901 y\u0131l\u0131nda yap\u0131lm\u0131\u015f d\u00f6rt aslan heykeli g\u00f6r\u00fcyoruz. Kap\u0131n\u0131n d\u0131\u015f\u0131ndaki hayvanlar sakin ve vakur, i\u00e7eridekiler ise tehditkar g\u00f6r\u00fcn\u00fcml\u00fcler.<\/dt>\n<dt><img loading=\"lazy\" decoding=\"async\" class=\"alignnone size-medium wp-image-5917\" src=\"https:\/\/www.yeryuzundebirkacadim.com\/wp-content\/uploads\/2023\/09\/IMG_20221002_111617-1024x577.jpg\" alt=\"\" width=\"1024\" height=\"577\" srcset=\"https:\/\/www.yeryuzundebirkacadim.com\/wp-content\/uploads\/2023\/09\/IMG_20221002_111617-1024x577.jpg 1024w, https:\/\/www.yeryuzundebirkacadim.com\/wp-content\/uploads\/2023\/09\/IMG_20221002_111617-768x433.jpg 768w, https:\/\/www.yeryuzundebirkacadim.com\/wp-content\/uploads\/2023\/09\/IMG_20221002_111617-1536x866.jpg 1536w, https:\/\/www.yeryuzundebirkacadim.com\/wp-content\/uploads\/2023\/09\/IMG_20221002_111617-816x460.jpg 816w, https:\/\/www.yeryuzundebirkacadim.com\/wp-content\/uploads\/2023\/09\/IMG_20221002_111617.jpg 1574w\" sizes=\"auto, (max-width: 1024px) 100vw, 1024px\" \/><\/dt>\n<\/dl>\n<p><strong>Ulusal Szechenyi K\u00fct\u00fcphanesi<\/strong><\/p>\n<p>Aslanl\u0131 Avlu&#8217;da, aslan\u0131n arkas\u0131nda g\u00f6r\u00fcyoruz.<\/p>\n<dl>\n<dt><img loading=\"lazy\" decoding=\"async\" class=\"alignnone size-medium wp-image-5918\" src=\"https:\/\/www.yeryuzundebirkacadim.com\/wp-content\/uploads\/2023\/09\/IMG_20221002_111546-1024x577.jpg\" alt=\"\" width=\"1024\" height=\"577\" srcset=\"https:\/\/www.yeryuzundebirkacadim.com\/wp-content\/uploads\/2023\/09\/IMG_20221002_111546-1024x577.jpg 1024w, https:\/\/www.yeryuzundebirkacadim.com\/wp-content\/uploads\/2023\/09\/IMG_20221002_111546-768x432.jpg 768w, https:\/\/www.yeryuzundebirkacadim.com\/wp-content\/uploads\/2023\/09\/IMG_20221002_111546-1536x865.jpg 1536w, https:\/\/www.yeryuzundebirkacadim.com\/wp-content\/uploads\/2023\/09\/IMG_20221002_111546-816x460.jpg 816w, https:\/\/www.yeryuzundebirkacadim.com\/wp-content\/uploads\/2023\/09\/IMG_20221002_111546.jpg 1600w\" sizes=\"auto, (max-width: 1024px) 100vw, 1024px\" \/><\/dt>\n<\/dl>\n<dl><\/dl>\n<p><b>Budape\u015fte Tarih M\u00fczesi<\/b><\/p>\n<p>Aslanl\u0131 avlunun kom\u015fulu\u011funda yer al\u0131yor.<\/p>\n<p>Buda Kalesi Orta \u00e7a\u011f, Barok ve neoklasik evler, kiliseler, kamu binalar\u0131 ve an\u0131tlar\u0131 ile \u00fcnl\u00fc Varnegyed (Kale Mahallesi) olarak bilinen alanla \u00e7evrili. Kale tepesinin g\u00fcney k\u0131sm\u0131nda yer al\u0131yor.<\/p>\n<dl><\/dl>\n<dl><\/dl>\n<p><img loading=\"lazy\" decoding=\"async\" class=\"alignnone size-medium wp-image-5919\" src=\"https:\/\/www.yeryuzundebirkacadim.com\/wp-content\/uploads\/2023\/09\/IMG_20221002_112711-1024x576.jpg\" alt=\"\" width=\"1024\" height=\"576\" srcset=\"https:\/\/www.yeryuzundebirkacadim.com\/wp-content\/uploads\/2023\/09\/IMG_20221002_112711-1024x576.jpg 1024w, https:\/\/www.yeryuzundebirkacadim.com\/wp-content\/uploads\/2023\/09\/IMG_20221002_112711-768x432.jpg 768w, https:\/\/www.yeryuzundebirkacadim.com\/wp-content\/uploads\/2023\/09\/IMG_20221002_112711-1536x864.jpg 1536w, https:\/\/www.yeryuzundebirkacadim.com\/wp-content\/uploads\/2023\/09\/IMG_20221002_112711-816x459.jpg 816w, https:\/\/www.yeryuzundebirkacadim.com\/wp-content\/uploads\/2023\/09\/IMG_20221002_112711.jpg 1800w\" sizes=\"auto, (max-width: 1024px) 100vw, 1024px\" \/><\/p>\n<p><b>23. Kutsal \u00dc\u00e7l\u00fc Heykeli <\/b><\/p>\n<p><img loading=\"lazy\" decoding=\"async\" class=\"alignnone size-medium wp-image-5912\" src=\"https:\/\/www.yeryuzundebirkacadim.com\/wp-content\/uploads\/2023\/09\/IMG_20221002_112936-809x1024.jpg\" alt=\"\" width=\"809\" height=\"1024\" srcset=\"https:\/\/www.yeryuzundebirkacadim.com\/wp-content\/uploads\/2023\/09\/IMG_20221002_112936-809x1024.jpg 809w, https:\/\/www.yeryuzundebirkacadim.com\/wp-content\/uploads\/2023\/09\/IMG_20221002_112936-768x972.jpg 768w, https:\/\/www.yeryuzundebirkacadim.com\/wp-content\/uploads\/2023\/09\/IMG_20221002_112936-789x999.jpg 789w, https:\/\/www.yeryuzundebirkacadim.com\/wp-content\/uploads\/2023\/09\/IMG_20221002_112936.jpg 934w\" sizes=\"auto, (max-width: 809px) 100vw, 809px\" \/><\/p>\n<p>Kale tepesinin Trinity meydan\u0131nda bulunan Barok Veba an\u0131t\u0131 &#8220;Kutsal Teslis Heykeli&#8221;ne ev sahipli\u011fi yap\u0131yor. 1691-1709 veba salg\u0131n\u0131n\u0131n kurbanlar\u0131n\u0131 anmak i\u00e7in 1713 y\u0131l\u0131nda in\u015fa edilmi\u015f. Heykel, Kutsal \u00dc\u00e7l\u00fc unsurlar\u0131yla bezeli.<\/p>\n<p><strong>24. Matthias Kilisesi<\/strong><\/p>\n<p><img loading=\"lazy\" decoding=\"async\" class=\"alignnone size-medium wp-image-5922\" src=\"https:\/\/www.yeryuzundebirkacadim.com\/wp-content\/uploads\/2023\/09\/IMG_20221002_113123-753x1024.jpg\" alt=\"\" width=\"753\" height=\"1024\" srcset=\"https:\/\/www.yeryuzundebirkacadim.com\/wp-content\/uploads\/2023\/09\/IMG_20221002_113123-753x1024.jpg 753w, https:\/\/www.yeryuzundebirkacadim.com\/wp-content\/uploads\/2023\/09\/IMG_20221002_113123-1507x2048.jpg 1507w, https:\/\/www.yeryuzundebirkacadim.com\/wp-content\/uploads\/2023\/09\/IMG_20221002_113123-768x1044.jpg 768w, https:\/\/www.yeryuzundebirkacadim.com\/wp-content\/uploads\/2023\/09\/IMG_20221002_113123-1130x1536.jpg 1130w, https:\/\/www.yeryuzundebirkacadim.com\/wp-content\/uploads\/2023\/09\/IMG_20221002_113123-735x999.jpg 735w, https:\/\/www.yeryuzundebirkacadim.com\/wp-content\/uploads\/2023\/09\/IMG_20221002_113123.jpg 1696w\" sizes=\"auto, (max-width: 753px) 100vw, 753px\" \/><\/p>\n<p>Meryem Ana Kilisesi de deniliyor.<\/p>\n<p>Buda Kalesi\u2019nin merkez b\u00f6lgesi olan Trinity Meydan\u0131\u2019nda bulunan Matthias Kilisesi, ilk olarak Macar Kral\u0131 Aziz Stephan\u2019\u0131n iste\u011fiyle 1015\u2019te yapt\u0131r\u0131lm\u0131\u015f.<\/p>\n<p>Kilisede \u00e7ok say\u0131da Macar kral\u0131n\u0131n ta\u00e7 giyme t\u00f6reni ve baz\u0131 nikahlar ger\u00e7ekle\u015fmi\u015f. Son Habsburg Kral\u0131 IV. Charles\u2019\u0131n ta\u00e7 giyme t\u00f6reni ve kiliseye ismini veren Kral Matthias\u2019\u0131n iki nikah\u0131 burada yap\u0131lm\u0131\u015f.<\/p>\n<p>Kilisede Kral Bela\u2019n\u0131n lahdi ba\u015fta olmak \u00fczere \u00e7ok say\u0131da lahit bulunuyor.<\/p>\n<p>Ta\u00e7 giyme t\u00f6renlerinde krallar\u0131n giydi\u011fi \u00f6zel k\u0131yafetlerin replikalar\u0131 da sergileniyor. Orjinalleri ise Parlamento Binas\u0131\u2019nda bulunuyormu\u015f.<\/p>\n<p>Neogotik mimaride in\u015fa edilen kilisenin tarihi ayn\u0131 zamanda \u015fehrin tarihini sembolize ediyormu\u015f.<\/p>\n<p>Buda\u2019n\u0131n 13. y\u00fczy\u0131lda Mo\u011fol istilas\u0131 sonras\u0131nda kurulmas\u0131 gibi do\u011fu kap\u0131s\u0131, 13. y\u00fczy\u0131lda in\u015fa edilmi\u015f.<\/p>\n<p>16. y\u00fczy\u0131lda T\u00fcrk istilas\u0131 etkisiyle kilise, \u015fehrin ana camisi olmu\u015f.<\/p>\n<p>T\u00fcrklerden sonra 17. y\u00fczy\u0131lda kilise Barok stilinde bir kilise haline gelmi\u015f.<\/p>\n<p>19. y\u00fczy\u0131l\u0131n sonunda kilise b\u00fcy\u00fck bir restorasyonla eski g\u00f6rkemini geri kazanm\u0131\u015f.<\/p>\n<p>\u00c7at\u0131s\u0131 \u00fcnl\u00fc\u00a0Zsolnay seramikleri\u00a0ile kaplanm\u0131\u015f.<\/p>\n<p>Ayn\u0131 zamanda bir m\u00fcze olan kilisede g\u00fczel freskler bulunuyor.<\/p>\n<p><strong>25. St. Stefan Heykeli<\/strong><\/p>\n<p>Bal\u0131k\u00e7\u0131 Tabyas\u0131&#8217;n\u0131n hemen \u00f6n\u00fcnde bulunuyor.<\/p>\n<p><img loading=\"lazy\" decoding=\"async\" class=\"alignnone size-medium wp-image-5923\" src=\"https:\/\/www.yeryuzundebirkacadim.com\/wp-content\/uploads\/2023\/09\/IMG_20221002_113542-1024x576.jpg\" alt=\"\" width=\"1024\" height=\"576\" srcset=\"https:\/\/www.yeryuzundebirkacadim.com\/wp-content\/uploads\/2023\/09\/IMG_20221002_113542-1024x576.jpg 1024w, https:\/\/www.yeryuzundebirkacadim.com\/wp-content\/uploads\/2023\/09\/IMG_20221002_113542-768x432.jpg 768w, https:\/\/www.yeryuzundebirkacadim.com\/wp-content\/uploads\/2023\/09\/IMG_20221002_113542-1536x864.jpg 1536w, https:\/\/www.yeryuzundebirkacadim.com\/wp-content\/uploads\/2023\/09\/IMG_20221002_113542-816x459.jpg 816w, https:\/\/www.yeryuzundebirkacadim.com\/wp-content\/uploads\/2023\/09\/IMG_20221002_113542.jpg 1880w\" sizes=\"auto, (max-width: 1024px) 100vw, 1024px\" \/><\/p>\n<p><strong>26. Bal\u0131k\u00e7\u0131 Tabyas\u0131 (Fisherman\u2019s Bastion)<\/strong><\/p>\n<p><img loading=\"lazy\" decoding=\"async\" class=\"alignnone size-medium wp-image-5925\" src=\"https:\/\/www.yeryuzundebirkacadim.com\/wp-content\/uploads\/2023\/09\/IMG_20221002_113802-1024x577.jpg\" alt=\"\" width=\"1024\" height=\"577\" srcset=\"https:\/\/www.yeryuzundebirkacadim.com\/wp-content\/uploads\/2023\/09\/IMG_20221002_113802-1024x577.jpg 1024w, https:\/\/www.yeryuzundebirkacadim.com\/wp-content\/uploads\/2023\/09\/IMG_20221002_113802-768x432.jpg 768w, https:\/\/www.yeryuzundebirkacadim.com\/wp-content\/uploads\/2023\/09\/IMG_20221002_113802-1536x865.jpg 1536w, https:\/\/www.yeryuzundebirkacadim.com\/wp-content\/uploads\/2023\/09\/IMG_20221002_113802-816x460.jpg 816w, https:\/\/www.yeryuzundebirkacadim.com\/wp-content\/uploads\/2023\/09\/IMG_20221002_113802.jpg 1600w\" sizes=\"auto, (max-width: 1024px) 100vw, 1024px\" \/><\/p>\n<p>Buda Kalesine 850 metre mesafede bulunan Bal\u0131k\u00e7\u0131 Tabyas\u0131, seyir teraslar\u0131ndan g\u00f6r\u00fclebilen e\u015fsiz panoramas\u0131 nedeniyle Budape\u015fte&#8217;nin en \u00f6nemli turistik mekanlar\u0131ndan biridir. Masals\u0131 bir atmosfer i\u00e7indeyiz.<\/p>\n<p><img loading=\"lazy\" decoding=\"async\" class=\"alignnone size-medium wp-image-5926\" src=\"https:\/\/www.yeryuzundebirkacadim.com\/wp-content\/uploads\/2023\/09\/IMG_20221002_114101-1024x577.jpg\" alt=\"\" width=\"1024\" height=\"577\" srcset=\"https:\/\/www.yeryuzundebirkacadim.com\/wp-content\/uploads\/2023\/09\/IMG_20221002_114101-1024x577.jpg 1024w, https:\/\/www.yeryuzundebirkacadim.com\/wp-content\/uploads\/2023\/09\/IMG_20221002_114101-768x432.jpg 768w, https:\/\/www.yeryuzundebirkacadim.com\/wp-content\/uploads\/2023\/09\/IMG_20221002_114101-1536x865.jpg 1536w, https:\/\/www.yeryuzundebirkacadim.com\/wp-content\/uploads\/2023\/09\/IMG_20221002_114101-816x460.jpg 816w, https:\/\/www.yeryuzundebirkacadim.com\/wp-content\/uploads\/2023\/09\/IMG_20221002_114101.jpg 1600w\" sizes=\"auto, (max-width: 1024px) 100vw, 1024px\" \/><\/p>\n<p>UNESCO D\u00fcnya K\u00fclt\u00fcrel Miras\u0131 Listesi\u2019nde bulunuyor.<\/p>\n<p>1902 y\u0131l\u0131nda yapt\u0131r\u0131lan Bal\u0131k\u00e7\u0131 Tabyas\u0131\u2019n\u0131n ismi, Orta \u00e7a\u011fda bu b\u00f6lgede bulunan bal\u0131k pazar\u0131ndan geliyormu\u015f. Bu pazar\u0131n bal\u0131k\u00e7\u0131lar\u0131 zaman\u0131nda \u015fehrin bu b\u00f6l\u00fcm\u00fcn\u00fc savunmada \u00f6nemli bir rol \u00fcstlendiklerinden onlar\u0131 anmak i\u00e7in buraya bu tabya in\u015fa edilmi\u015f.<\/p>\n<p>Yap\u0131da var olan 7 adet kule; Macaristan\u2019\u0131n kurulmas\u0131nda rol oynayan 7 kavmi sembolize ediyormu\u015f.<\/p>\n<p><img loading=\"lazy\" decoding=\"async\" class=\"alignnone size-medium wp-image-5924\" src=\"https:\/\/www.yeryuzundebirkacadim.com\/wp-content\/uploads\/2023\/09\/IMG_20221002_115539-1024x577.jpg\" alt=\"\" width=\"1024\" height=\"577\" srcset=\"https:\/\/www.yeryuzundebirkacadim.com\/wp-content\/uploads\/2023\/09\/IMG_20221002_115539-1024x577.jpg 1024w, https:\/\/www.yeryuzundebirkacadim.com\/wp-content\/uploads\/2023\/09\/IMG_20221002_115539-768x433.jpg 768w, https:\/\/www.yeryuzundebirkacadim.com\/wp-content\/uploads\/2023\/09\/IMG_20221002_115539-1536x865.jpg 1536w, https:\/\/www.yeryuzundebirkacadim.com\/wp-content\/uploads\/2023\/09\/IMG_20221002_115539-816x460.jpg 816w, https:\/\/www.yeryuzundebirkacadim.com\/wp-content\/uploads\/2023\/09\/IMG_20221002_115539.jpg 1640w\" sizes=\"auto, (max-width: 1024px) 100vw, 1024px\" \/><\/p>\n<p>Yans\u0131malar<\/p>\n<p><img loading=\"lazy\" decoding=\"async\" class=\"alignnone size-medium wp-image-5930\" src=\"https:\/\/www.yeryuzundebirkacadim.com\/wp-content\/uploads\/2023\/09\/IMG_20221002_115339-1024x577.jpg\" alt=\"\" width=\"1024\" height=\"577\" srcset=\"https:\/\/www.yeryuzundebirkacadim.com\/wp-content\/uploads\/2023\/09\/IMG_20221002_115339-1024x577.jpg 1024w, https:\/\/www.yeryuzundebirkacadim.com\/wp-content\/uploads\/2023\/09\/IMG_20221002_115339-768x432.jpg 768w, https:\/\/www.yeryuzundebirkacadim.com\/wp-content\/uploads\/2023\/09\/IMG_20221002_115339-1536x865.jpg 1536w, https:\/\/www.yeryuzundebirkacadim.com\/wp-content\/uploads\/2023\/09\/IMG_20221002_115339-816x459.jpg 816w, https:\/\/www.yeryuzundebirkacadim.com\/wp-content\/uploads\/2023\/09\/IMG_20221002_115339.jpg 1920w\" sizes=\"auto, (max-width: 1024px) 100vw, 1024px\" \/><\/p>\n<p>Bal\u0131k\u00e7\u0131 Tabyas\u0131&#8217;ndan a\u015fa\u011f\u0131daki caddeye iniyoruz. Buradan tramvay ile G\u00fcl Baba T\u00fcrbesi&#8217;ne yak\u0131n bir yere gidece\u011fiz.<\/p>\n<p>Tabyadan inerken yolda kar\u015f\u0131m\u0131za bu an\u0131t \u00e7\u0131k\u0131yor.<\/p>\n<p><strong>27. \u00d6l\u00fcme D\u00fc\u015fen Adam Heykeli<\/strong><\/p>\n<p><strong><img loading=\"lazy\" decoding=\"async\" class=\"alignnone size-medium wp-image-5928\" src=\"https:\/\/www.yeryuzundebirkacadim.com\/wp-content\/uploads\/2023\/09\/IMG_20221002_120054-1024x577.jpg\" alt=\"\" width=\"1024\" height=\"577\" srcset=\"https:\/\/www.yeryuzundebirkacadim.com\/wp-content\/uploads\/2023\/09\/IMG_20221002_120054-1024x577.jpg 1024w, https:\/\/www.yeryuzundebirkacadim.com\/wp-content\/uploads\/2023\/09\/IMG_20221002_120054-768x432.jpg 768w, https:\/\/www.yeryuzundebirkacadim.com\/wp-content\/uploads\/2023\/09\/IMG_20221002_120054-1536x865.jpg 1536w, https:\/\/www.yeryuzundebirkacadim.com\/wp-content\/uploads\/2023\/09\/IMG_20221002_120054-816x459.jpg 816w, https:\/\/www.yeryuzundebirkacadim.com\/wp-content\/uploads\/2023\/09\/IMG_20221002_120054.jpg 1920w\" sizes=\"auto, (max-width: 1024px) 100vw, 1024px\" \/><\/strong><\/p>\n<p>Macar Devrimi 1956&#8217;da Sovyet rejimine kar\u015f\u0131 bar\u0131\u015f\u00e7\u0131l bir g\u00f6steri d\u00fczenleyen \u00f6\u011frencilerle ba\u015flad\u0131. Ba\u011f\u0131ms\u0131z bir Macaristan \u00e7a\u011fr\u0131s\u0131nda bulunan 200 bin ki\u015finin de vurgulad\u0131\u011f\u0131 gibi, bir s\u00fcredir huzursuzluk patlak veriyordu. \u015eehrin her yerindeki kom\u00fcnist ikonlar\u0131 ve bayraklar\u0131 s\u00f6k\u00fcld\u00fc. Aktivistlerin \u00e7o\u011fu hen\u00fcz 16 ya\u015f\u0131nda olan Peter Mansfeld&#8217;in de aralar\u0131nda bulundu\u011fu gen\u00e7lerden olu\u015fuyordu.<\/p>\n<p>Peter, silah aramas\u0131 yapan polislerden korkup ka\u00e7arken d\u00fc\u015fm\u00fc\u015f, elini k\u0131rm\u0131\u015ft\u0131. Ertesi g\u00fcn ise polisler taraf\u0131ndan yakalanm\u0131\u015ft\u0131.<\/p>\n<p>1956 devriminin en gen\u00e7 kurban\u0131 Peter Mansfeld, 1959&#8217;da 18. ya\u015f g\u00fcn\u00fcnden sadece 11 g\u00fcn sonra idam edildi.<\/p>\n<p>Gen\u00e7 bir \u015fehit ve \u00f6zg\u00fcrl\u00fck sava\u015f\u00e7\u0131s\u0131 olan Mansfeld, daha sonra devrimin simgesi haline geldi.<\/p>\n<p>&#8220;\u00d6l\u00fcme D\u00fc\u015fen Adam&#8221; da denilen an\u0131tta; Peter&#8217;in d\u00fc\u015ferken havaya u\u00e7tu\u011fu ve nihai sonuna do\u011fru korku i\u00e7inde k\u0131vr\u0131ld\u0131\u011f\u0131 hali tasvir ediliyor.<\/p>\n<p><strong>28. <\/strong><strong>G\u00fcl Baba T\u00fcrbesi<\/strong><\/p>\n<p><img loading=\"lazy\" decoding=\"async\" class=\"alignnone size-medium wp-image-5934\" src=\"https:\/\/www.yeryuzundebirkacadim.com\/wp-content\/uploads\/2023\/09\/IMG_20221002_124913-1024x576.jpg\" alt=\"\" width=\"1024\" height=\"576\" srcset=\"https:\/\/www.yeryuzundebirkacadim.com\/wp-content\/uploads\/2023\/09\/IMG_20221002_124913-1024x576.jpg 1024w, https:\/\/www.yeryuzundebirkacadim.com\/wp-content\/uploads\/2023\/09\/IMG_20221002_124913-768x432.jpg 768w, https:\/\/www.yeryuzundebirkacadim.com\/wp-content\/uploads\/2023\/09\/IMG_20221002_124913-1536x864.jpg 1536w, https:\/\/www.yeryuzundebirkacadim.com\/wp-content\/uploads\/2023\/09\/IMG_20221002_124913-816x459.jpg 816w, https:\/\/www.yeryuzundebirkacadim.com\/wp-content\/uploads\/2023\/09\/IMG_20221002_124913.jpg 1800w\" sizes=\"auto, (max-width: 1024px) 100vw, 1024px\" \/><\/p>\n<p>G\u00fcl Baba; 15. y\u00fczy\u0131l sonlar\u0131 16. y\u00fczy\u0131l ba\u015flar\u0131nda ya\u015fam\u0131\u015f \u015fair bir Bekta\u015fi dervi\u015fiymi\u015f. As\u0131l ad\u0131 Cafer\u2019mi\u015f. K\u00fclah\u0131nda her zaman g\u00fcl ta\u015f\u0131d\u0131\u011f\u0131 i\u00e7in \u201cG\u00fcl Baba\u201d \u201cG\u00fcl Dede\u201d lakab\u0131yla an\u0131lm\u0131\u015f. 1531\u2019de Kanuni Sultan S\u00fcleyman\u2019\u0131n daveti \u00fczerine Budin\u2019e g\u00f6nderilmi\u015f. Bir tekke kurmu\u015f. Bekta\u015fi ho\u015fg\u00f6r\u00fcs\u00fc ile k\u0131sa zamanda Budin (Buda) halk\u0131n\u0131n sevgilisi olmu\u015f. 1541 y\u0131l\u0131nda Budin Sava\u015f\u0131\u2019nda \u015fehit d\u00fc\u015fm\u00fc\u015f. \u015eeyh\u00fclislam Ebusuud Efendi\u2019nin kald\u0131rd\u0131\u011f\u0131 cenaze namaz\u0131na Kanuni Sultan S\u00fcleyman da kat\u0131lm\u0131\u015f. T\u00fcrbesinin bulundu\u011fu bu yerde g\u00f6m\u00fclm\u00fc\u015f. Tepeye de G\u00fcltepe (Rozsadomb) ad\u0131 verilmi\u015f.<\/p>\n<p><img loading=\"lazy\" decoding=\"async\" class=\"alignnone size-medium wp-image-5935\" src=\"https:\/\/www.yeryuzundebirkacadim.com\/wp-content\/uploads\/2023\/09\/IMG_20221002_122648-1024x576.jpg\" alt=\"\" width=\"1024\" height=\"576\" srcset=\"https:\/\/www.yeryuzundebirkacadim.com\/wp-content\/uploads\/2023\/09\/IMG_20221002_122648-1024x576.jpg 1024w, https:\/\/www.yeryuzundebirkacadim.com\/wp-content\/uploads\/2023\/09\/IMG_20221002_122648-768x432.jpg 768w, https:\/\/www.yeryuzundebirkacadim.com\/wp-content\/uploads\/2023\/09\/IMG_20221002_122648-1536x864.jpg 1536w, https:\/\/www.yeryuzundebirkacadim.com\/wp-content\/uploads\/2023\/09\/IMG_20221002_122648-816x459.jpg 816w, https:\/\/www.yeryuzundebirkacadim.com\/wp-content\/uploads\/2023\/09\/IMG_20221002_122648.jpg 1800w\" sizes=\"auto, (max-width: 1024px) 100vw, 1024px\" \/><\/p>\n<p>G\u00fcl Baba\u2019n\u0131n sekizgen t\u00fcrbesi 1543-1546 y\u0131llar\u0131nda Budin Beylerbeyi Mehmet Pa\u015fa taraf\u0131ndan yapt\u0131r\u0131lm\u0131\u015f. Bir d\u00f6nem kilise olarak kullan\u0131lm\u0131\u015f. Sultan Abd\u00fclaziz\u2019in 1867\u2019deki ziyaretinden sonra 1885\u2019de t\u00fcrbeye d\u00f6n\u00fc\u015ft\u00fcr\u00fclerek mimar Lajos Gril taraf\u0131ndan onar\u0131lm\u0131\u015ft\u0131r. 1916\u2019da Macar profes\u00f6r M\u00fcller taraf\u0131ndan restore edilmi\u015ftir. II. D\u00fcnya Sava\u015f\u0131\u2019nda a\u011f\u0131r hasara u\u011frayan t\u00fcrbe 1963 y\u0131l\u0131nda eski haline getirilmi\u015f. 1997\u2019de T\u00fcrk-Macar H\u00fck\u00fcmetlerinin i\u015fbirli\u011fi ile K\u00fclt\u00fcr Bakanl\u0131\u011f\u0131 G\u00fczel Sanatlar M\u00fcd\u00fcrl\u00fc\u011f\u00fc\u2019nce ilk yap\u0131ld\u0131\u011f\u0131 g\u00fczellikte restorasyonu tamamlanm\u0131\u015f. Son restorasyonu ise 2016-2017 y\u0131llar\u0131nda yap\u0131lm\u0131\u015f.<\/p>\n<p>Y\u0131llar \u00f6nce buraya geldi\u011fimizde daha k\u00fc\u00e7\u00fck bir t\u00fcrbeydi. Kapal\u0131 alan\u0131 b\u00fcy\u00fctm\u00fc\u015fler ve bir m\u00fcze ilave etmi\u015fler. M\u00fczeye giri\u015fte sufi m\u00fczik \u00e7al\u0131yor. \u00c7ok etkileyici idi.<\/p>\n<p><img loading=\"lazy\" decoding=\"async\" class=\"alignnone size-medium wp-image-5933\" src=\"https:\/\/www.yeryuzundebirkacadim.com\/wp-content\/uploads\/2023\/09\/IMG_20221002_124701-1024x577.jpg\" alt=\"\" width=\"1024\" height=\"577\" srcset=\"https:\/\/www.yeryuzundebirkacadim.com\/wp-content\/uploads\/2023\/09\/IMG_20221002_124701-1024x577.jpg 1024w, https:\/\/www.yeryuzundebirkacadim.com\/wp-content\/uploads\/2023\/09\/IMG_20221002_124701-768x432.jpg 768w, https:\/\/www.yeryuzundebirkacadim.com\/wp-content\/uploads\/2023\/09\/IMG_20221002_124701-1536x865.jpg 1536w, https:\/\/www.yeryuzundebirkacadim.com\/wp-content\/uploads\/2023\/09\/IMG_20221002_124701-816x459.jpg 816w, https:\/\/www.yeryuzundebirkacadim.com\/wp-content\/uploads\/2023\/09\/IMG_20221002_124701.jpg 1920w\" sizes=\"auto, (max-width: 1024px) 100vw, 1024px\" \/><\/p>\n<p><img loading=\"lazy\" decoding=\"async\" class=\"alignnone size-medium wp-image-5929\" src=\"https:\/\/www.yeryuzundebirkacadim.com\/wp-content\/uploads\/2023\/09\/IMG_20221002_122707-1024x576.jpg\" alt=\"\" width=\"1024\" height=\"576\" srcset=\"https:\/\/www.yeryuzundebirkacadim.com\/wp-content\/uploads\/2023\/09\/IMG_20221002_122707-1024x576.jpg 1024w, https:\/\/www.yeryuzundebirkacadim.com\/wp-content\/uploads\/2023\/09\/IMG_20221002_122707-768x432.jpg 768w, https:\/\/www.yeryuzundebirkacadim.com\/wp-content\/uploads\/2023\/09\/IMG_20221002_122707-1536x864.jpg 1536w, https:\/\/www.yeryuzundebirkacadim.com\/wp-content\/uploads\/2023\/09\/IMG_20221002_122707-816x459.jpg 816w, https:\/\/www.yeryuzundebirkacadim.com\/wp-content\/uploads\/2023\/09\/IMG_20221002_122707.jpg 1800w\" sizes=\"auto, (max-width: 1024px) 100vw, 1024px\" \/><\/p>\n<p>Danimarkal\u0131 Andersen ve Macar besteci J. Huszka, G\u00fcl Baba\u2019dan ilham alarak edebiyat ve m\u00fczik eserleri yazm\u0131\u015flard\u0131r.<\/p>\n<p>Bah\u00e7ede tasavvuftaki hayat \u00e7e\u015fmesi.<\/p>\n<p><img loading=\"lazy\" decoding=\"async\" class=\"alignnone size-medium wp-image-5931\" src=\"https:\/\/www.yeryuzundebirkacadim.com\/wp-content\/uploads\/2023\/09\/IMG_20221002_123335-1024x576.jpg\" alt=\"\" width=\"1024\" height=\"576\" srcset=\"https:\/\/www.yeryuzundebirkacadim.com\/wp-content\/uploads\/2023\/09\/IMG_20221002_123335-1024x576.jpg 1024w, https:\/\/www.yeryuzundebirkacadim.com\/wp-content\/uploads\/2023\/09\/IMG_20221002_123335-768x432.jpg 768w, https:\/\/www.yeryuzundebirkacadim.com\/wp-content\/uploads\/2023\/09\/IMG_20221002_123335-1536x864.jpg 1536w, https:\/\/www.yeryuzundebirkacadim.com\/wp-content\/uploads\/2023\/09\/IMG_20221002_123335-816x459.jpg 816w, https:\/\/www.yeryuzundebirkacadim.com\/wp-content\/uploads\/2023\/09\/IMG_20221002_123335.jpg 1800w\" sizes=\"auto, (max-width: 1024px) 100vw, 1024px\" \/><\/p>\n<p>T\u00fcrkler kadar Macarlar taraf\u0131ndan da ziyaret ediliyor.<\/p>\n<p>Buray\u0131 ziyaret edince hem buradaki izlerimizi hat\u0131rlad\u0131m, hem de evrensel dostlu\u011fun, sevginin manas\u0131n\u0131 bir kez daha d\u00fc\u015f\u00fcnd\u00fcm.<\/p>\n<p><img loading=\"lazy\" decoding=\"async\" class=\"alignnone size-medium wp-image-5932\" src=\"https:\/\/www.yeryuzundebirkacadim.com\/wp-content\/uploads\/2023\/09\/IMG_20221002_124100-1024x576.jpg\" alt=\"\" width=\"1024\" height=\"576\" srcset=\"https:\/\/www.yeryuzundebirkacadim.com\/wp-content\/uploads\/2023\/09\/IMG_20221002_124100-1024x576.jpg 1024w, https:\/\/www.yeryuzundebirkacadim.com\/wp-content\/uploads\/2023\/09\/IMG_20221002_124100-768x432.jpg 768w, https:\/\/www.yeryuzundebirkacadim.com\/wp-content\/uploads\/2023\/09\/IMG_20221002_124100-1536x864.jpg 1536w, https:\/\/www.yeryuzundebirkacadim.com\/wp-content\/uploads\/2023\/09\/IMG_20221002_124100-816x459.jpg 816w, https:\/\/www.yeryuzundebirkacadim.com\/wp-content\/uploads\/2023\/09\/IMG_20221002_124100.jpg 1800w\" sizes=\"auto, (max-width: 1024px) 100vw, 1024px\" \/><\/p>\n<p>\u00c7\u0131k\u0131\u015fta semtteki bir Macar lokantas\u0131nda \u00f6\u011fle yeme\u011fimizi yiyoruz. Semtin (G\u00fcl Baba&#8217;n\u0131n) simgesi olarak g\u00fcl\u00fc kulland\u0131klar\u0131n\u0131, foto\u011fraflar\u0131 derlerken fark ediyorum.<\/p>\n<p><img loading=\"lazy\" decoding=\"async\" class=\"alignnone size-medium wp-image-5936\" src=\"https:\/\/www.yeryuzundebirkacadim.com\/wp-content\/uploads\/2023\/09\/IMG_20221002_142835-768x1024.jpg\" alt=\"\" width=\"768\" height=\"1024\" srcset=\"https:\/\/www.yeryuzundebirkacadim.com\/wp-content\/uploads\/2023\/09\/IMG_20221002_142835-768x1024.jpg 768w, https:\/\/www.yeryuzundebirkacadim.com\/wp-content\/uploads\/2023\/09\/IMG_20221002_142835-1152x1536.jpg 1152w, https:\/\/www.yeryuzundebirkacadim.com\/wp-content\/uploads\/2023\/09\/IMG_20221002_142835-749x999.jpg 749w, https:\/\/www.yeryuzundebirkacadim.com\/wp-content\/uploads\/2023\/09\/IMG_20221002_142835.jpg 1350w\" sizes=\"auto, (max-width: 768px) 100vw, 768px\" \/><\/p>\n<p><strong>29. Parlamento Binas\u0131 (Orszaghas)<\/strong><\/p>\n<p><img loading=\"lazy\" decoding=\"async\" class=\"alignnone size-medium wp-image-5939\" src=\"https:\/\/www.yeryuzundebirkacadim.com\/wp-content\/uploads\/2023\/09\/IMG_20221002_145546-1024x768.jpg\" alt=\"\" width=\"1024\" height=\"768\" srcset=\"https:\/\/www.yeryuzundebirkacadim.com\/wp-content\/uploads\/2023\/09\/IMG_20221002_145546-1024x768.jpg 1024w, https:\/\/www.yeryuzundebirkacadim.com\/wp-content\/uploads\/2023\/09\/IMG_20221002_145546-768x576.jpg 768w, https:\/\/www.yeryuzundebirkacadim.com\/wp-content\/uploads\/2023\/09\/IMG_20221002_145546-816x612.jpg 816w, https:\/\/www.yeryuzundebirkacadim.com\/wp-content\/uploads\/2023\/09\/IMG_20221002_145546.jpg 1469w\" sizes=\"auto, (max-width: 1024px) 100vw, 1024px\" \/><img loading=\"lazy\" decoding=\"async\" class=\"alignnone size-medium wp-image-5941\" src=\"https:\/\/www.yeryuzundebirkacadim.com\/wp-content\/uploads\/2023\/09\/IMG_20221002_145729-1024x576.jpg\" alt=\"\" width=\"1024\" height=\"576\" srcset=\"https:\/\/www.yeryuzundebirkacadim.com\/wp-content\/uploads\/2023\/09\/IMG_20221002_145729-1024x576.jpg 1024w, https:\/\/www.yeryuzundebirkacadim.com\/wp-content\/uploads\/2023\/09\/IMG_20221002_145729-768x432.jpg 768w, https:\/\/www.yeryuzundebirkacadim.com\/wp-content\/uploads\/2023\/09\/IMG_20221002_145729-1536x864.jpg 1536w, https:\/\/www.yeryuzundebirkacadim.com\/wp-content\/uploads\/2023\/09\/IMG_20221002_145729-816x459.jpg 816w, https:\/\/www.yeryuzundebirkacadim.com\/wp-content\/uploads\/2023\/09\/IMG_20221002_145729.jpg 1800w\" sizes=\"auto, (max-width: 1024px) 100vw, 1024px\" \/><\/p>\n<p>Parlamento Binas\u0131, sadece Budape\u015fte\u2019nin de\u011fil, Macaristan\u2019\u0131n ve d\u00fcnyan\u0131n da say\u0131l\u0131 g\u00fczel binalar\u0131ndan biridir ve d\u00fcnyan\u0131n en b\u00fcy\u00fck 3. Parlamento binas\u0131d\u0131r.<\/p>\n<p>Tuna nehri k\u0131y\u0131s\u0131nda bir inci misali bulunan, hem g\u00f6rkemli hem de zarif yap\u0131n\u0131n in\u015fas\u0131nda 40 kilo alt\u0131n kullan\u0131lm\u0131\u015f.<\/p>\n<p>1880\u2019lerde yeni parlamento binas\u0131 tasar\u0131m\u0131 i\u00e7in bir yar\u0131\u015fma a\u00e7\u0131lm\u0131\u015f ve Imre Steindl\u2019\u0131n tasar\u0131m\u0131 yar\u0131\u015fmadan birincilikle \u00e7\u0131km\u0131\u015f. Yap\u0131m\u0131na\u00a01885\u2019te, Macaristan\u2019\u0131n kurulu\u015funun 1000. y\u0131l\u0131 olan 1896\u2019a haz\u0131r olacak \u015fekilde ba\u015flanan yap\u0131 tam olarak 1902\u2019de tamamlanm\u0131\u015f. Binan\u0131n\u00a0yap\u0131m\u0131nda 1000 ki\u015fi \u00e7al\u0131\u015fm\u0131\u015f.<\/p>\n<p>Neogotik tarzda in\u015fa edilen Parlamento binas\u0131nda 691 tane oda bulunuyormu\u015f. Merdivenlerinin toplam uzunlu\u011fu 20 km.<\/p>\n<p><img loading=\"lazy\" decoding=\"async\" class=\"alignnone size-medium wp-image-5940\" src=\"https:\/\/www.yeryuzundebirkacadim.com\/wp-content\/uploads\/2023\/09\/IMG_20221002_145707-1024x577.jpg\" alt=\"\" width=\"1024\" height=\"577\" srcset=\"https:\/\/www.yeryuzundebirkacadim.com\/wp-content\/uploads\/2023\/09\/IMG_20221002_145707-1024x577.jpg 1024w, https:\/\/www.yeryuzundebirkacadim.com\/wp-content\/uploads\/2023\/09\/IMG_20221002_145707-768x432.jpg 768w, https:\/\/www.yeryuzundebirkacadim.com\/wp-content\/uploads\/2023\/09\/IMG_20221002_145707-1536x865.jpg 1536w, https:\/\/www.yeryuzundebirkacadim.com\/wp-content\/uploads\/2023\/09\/IMG_20221002_145707-816x459.jpg 816w, https:\/\/www.yeryuzundebirkacadim.com\/wp-content\/uploads\/2023\/09\/IMG_20221002_145707.jpg 2000w\" sizes=\"auto, (max-width: 1024px) 100vw, 1024px\" \/><\/p>\n<p>Y\u00fcksekli\u011fi de Aziz Stefan Bazilikas\u0131 gibi 96 metreymi\u015f. \u015eehirdeki en y\u00fcksek bu iki yap\u0131n\u0131n e\u015f y\u00fckseklikte yap\u0131lmalar\u0131n\u0131n nedeni; din ve devlet aras\u0131nda denge kurulmas\u0131 gerekti\u011fine vurgu yapmakm\u0131\u015f. Hatta Budape\u015fte\u2019nin \u015fu anki iskan d\u00fczenlemelerine g\u00f6re \u015fehirde hi\u00e7bir yap\u0131n\u0131n\u00a096 metreden\u00a0daha y\u00fcksek olmas\u0131na izin verilmiyormu\u015f.<\/p>\n<p>Ayr\u0131ca\u00a096 rakam\u0131\u00a0hem bug\u00fcnk\u00fc anlamda Macaristan\u2019\u0131n kuruldu\u011fu tarih olan 1896\u2019ya hem de Macaristan Krall\u0131\u011f\u0131\u2019n\u0131n 896\u2019daki fethine g\u00f6nderme yap\u0131yormu\u015f.<\/p>\n<p><strong>30. Etnografya M\u00fczesi<\/strong><\/p>\n<p><img loading=\"lazy\" decoding=\"async\" class=\"alignnone size-medium wp-image-5946\" src=\"https:\/\/www.yeryuzundebirkacadim.com\/wp-content\/uploads\/2023\/09\/IMG_20221002_144505-1024x768.jpg\" alt=\"\" width=\"1024\" height=\"768\" srcset=\"https:\/\/www.yeryuzundebirkacadim.com\/wp-content\/uploads\/2023\/09\/IMG_20221002_144505-1024x768.jpg 1024w, https:\/\/www.yeryuzundebirkacadim.com\/wp-content\/uploads\/2023\/09\/IMG_20221002_144505-768x576.jpg 768w, https:\/\/www.yeryuzundebirkacadim.com\/wp-content\/uploads\/2023\/09\/IMG_20221002_144505-1536x1152.jpg 1536w, https:\/\/www.yeryuzundebirkacadim.com\/wp-content\/uploads\/2023\/09\/IMG_20221002_144505-816x612.jpg 816w, https:\/\/www.yeryuzundebirkacadim.com\/wp-content\/uploads\/2023\/09\/IMG_20221002_144505.jpg 1800w\" sizes=\"auto, (max-width: 1024px) 100vw, 1024px\" \/><\/p>\n<p>Parlamento binas\u0131 projesi i\u00e7in a\u00e7\u0131lan yar\u0131\u015fmada 2. olan proje; Parlamento Binas\u0131&#8217;n\u0131n kar\u015f\u0131s\u0131na Etnografya M\u00fczesi olarak in\u015fa edilmi\u015f. Kar\u015f\u0131dan foto\u011frafl\u0131yoruz.<\/p>\n<p>\u00dc\u00e7\u00fcnc\u00fc proje ise Tar\u0131m Bakanl\u0131\u011f\u0131\u00a0olarak kullan\u0131lan Vajdahunyad Kalesi binalar\u0131ym\u0131\u015f.<\/p>\n<p><strong>31. Attila Jozsef Heykeli<\/strong><\/p>\n<p>Parlamento Binas&#8217;n\u0131 ge\u00e7er ge\u00e7mez kar\u015f\u0131m\u0131za \u00e7\u0131kan bir heykeldi.<\/p>\n<p>Attila Jozsef, Macar edebiyat\u0131n\u0131n en \u00f6nemli \u015fairlerinden biri. Marksist ve Freud\u00e7u \u015fair, ayn\u0131 zamanda \u015fizofrenmi\u015f. Olduk\u00e7a zor bir hayat\u0131 olmu\u015f.<\/p>\n<p>32 ya\u015f\u0131ndayken bir\u00e7ok ki\u015finin intihar eylemi oldu\u011funa inand\u0131\u011f\u0131 bir demiryolu hatt\u0131 kazas\u0131nda \u00f6lm\u00fc\u015f.<\/p>\n<p><img loading=\"lazy\" decoding=\"async\" class=\"alignnone size-medium wp-image-5942\" src=\"https:\/\/www.yeryuzundebirkacadim.com\/wp-content\/uploads\/2023\/09\/IMG_20221002_150359-1024x576.jpg\" alt=\"\" width=\"1024\" height=\"576\" srcset=\"https:\/\/www.yeryuzundebirkacadim.com\/wp-content\/uploads\/2023\/09\/IMG_20221002_150359-1024x576.jpg 1024w, https:\/\/www.yeryuzundebirkacadim.com\/wp-content\/uploads\/2023\/09\/IMG_20221002_150359-768x432.jpg 768w, https:\/\/www.yeryuzundebirkacadim.com\/wp-content\/uploads\/2023\/09\/IMG_20221002_150359-1536x864.jpg 1536w, https:\/\/www.yeryuzundebirkacadim.com\/wp-content\/uploads\/2023\/09\/IMG_20221002_150359-816x459.jpg 816w, https:\/\/www.yeryuzundebirkacadim.com\/wp-content\/uploads\/2023\/09\/IMG_20221002_150359.jpg 1800w\" sizes=\"auto, (max-width: 1024px) 100vw, 1024px\" \/><\/p>\n<p>Heykelde \u015fair, \u015fiirlerinden birine bir \u00f6vg\u00fc olarak Tuna Nehri&#8217;ne \u00fczg\u00fcn bir \u015fekilde bakarken tasvir edilmi\u015f.<\/p>\n<p>H\u00fczn\u00fc bu kadar basit ve etkili bir \u015fekilde anlatan ender an\u0131tlardan biri olarak kabul ediliyor.<\/p>\n<p>Nehir kenar\u0131nda ilerlerken g\u00f6rd\u00fc\u011f\u00fcm\u00fcz manzara.\u00a0 \ud83d\ude42<\/p>\n<p>Karada ve denizde giden gezinti otob\u00fcs\u00fc.<\/p>\n<p><img loading=\"lazy\" decoding=\"async\" class=\"alignnone size-medium wp-image-5938\" src=\"https:\/\/www.yeryuzundebirkacadim.com\/wp-content\/uploads\/2023\/09\/IMG_20221002_145522-1024x576.jpg\" alt=\"\" width=\"1024\" height=\"576\" srcset=\"https:\/\/www.yeryuzundebirkacadim.com\/wp-content\/uploads\/2023\/09\/IMG_20221002_145522-1024x576.jpg 1024w, https:\/\/www.yeryuzundebirkacadim.com\/wp-content\/uploads\/2023\/09\/IMG_20221002_145522-768x432.jpg 768w, https:\/\/www.yeryuzundebirkacadim.com\/wp-content\/uploads\/2023\/09\/IMG_20221002_145522-1536x864.jpg 1536w, https:\/\/www.yeryuzundebirkacadim.com\/wp-content\/uploads\/2023\/09\/IMG_20221002_145522-816x459.jpg 816w, https:\/\/www.yeryuzundebirkacadim.com\/wp-content\/uploads\/2023\/09\/IMG_20221002_145522.jpg 1800w\" sizes=\"auto, (max-width: 1024px) 100vw, 1024px\" \/><\/p>\n<p><strong>32. Bronz Ayakkab\u0131lar<\/strong><\/p>\n<p><img loading=\"lazy\" decoding=\"async\" class=\"alignnone size-medium wp-image-5937\" src=\"https:\/\/www.yeryuzundebirkacadim.com\/wp-content\/uploads\/2023\/09\/IMG_20221002_150722-1024x768.jpg\" alt=\"\" width=\"1024\" height=\"768\" srcset=\"https:\/\/www.yeryuzundebirkacadim.com\/wp-content\/uploads\/2023\/09\/IMG_20221002_150722-1024x768.jpg 1024w, https:\/\/www.yeryuzundebirkacadim.com\/wp-content\/uploads\/2023\/09\/IMG_20221002_150722-768x576.jpg 768w, https:\/\/www.yeryuzundebirkacadim.com\/wp-content\/uploads\/2023\/09\/IMG_20221002_150722-816x612.jpg 816w, https:\/\/www.yeryuzundebirkacadim.com\/wp-content\/uploads\/2023\/09\/IMG_20221002_150722.jpg 1200w\" sizes=\"auto, (max-width: 1024px) 100vw, 1024px\" \/><\/p>\n<p>Parlamento binas\u0131n\u0131n yak\u0131n\u0131nda, hemen Tuna\u2019n\u0131n k\u0131y\u0131s\u0131nda, bir holokost an\u0131t olan bronz ayakkab\u0131lar bulunuyor.<\/p>\n<p>II. D\u00fcnya Sava\u015f\u0131 s\u0131ras\u0131nda, devrilen Macar h\u00fck\u00fcmeti liderinin yerine gelen Ok Ha\u00e7 Partisi\u2019nin kurucusu ve lideri Ferenc Szala, Hitler\u2019in ideolojisini takip ederek \u00fclkedeki Yahudilere b\u00fcy\u00fck bir zul\u00fcm uygulam\u0131\u015f. Bu an\u0131t onun izledi\u011fi politikalar sonucunda \u00f6len Macar Yahudileri an\u0131s\u0131na Pe\u015fte&#8217;nin nehir kenar\u0131nda beton zemine sabitlenen altm\u0131\u0219 \u00e7ift demir ayakkab\u0131dan olu\u0219uyor.<\/p>\n<p>An\u0131t;\u00a0 y\u00f6netmen Can Togay ve heykelt\u0131ra\u015f Gyula Pauer taraf\u0131ndan tasarlanm\u0131\u015f ve 2005 tarihinde a\u00e7\u0131lm\u0131\u015f. An\u0131t\u0131n \u00fc\u00e7 ayr\u0131 yerinde, Macarca, \u0130ngilizce ve \u0130branice olarak okunan demir tabelalarda: \u201cOk ve Ha\u00e7 milisleri taraf\u0131ndan vurularak nehre at\u0131lan kurbanlar\u0131n an\u0131s\u0131na\u201d yazar.<\/p>\n<p>(Not: Can Togay, T\u00fcrk k\u00f6kenli Macar film y\u00f6netmeni, senarist, oyuncu ve \u015fairdir.)<\/p>\n<p>Yakla\u015f\u0131k 20 bin Yahudi&#8217;nin katledildi\u011fi olayda Ok Ha\u00e7 Partisi&#8217;nin milisleri, kurbanlar\u0131 ayakkab\u0131lar\u0131n\u0131 \u00e7\u0131kartarak \u00fc\u00e7er \u00fc\u00e7er ayak bileklerinden ba\u011flad\u0131ktan sonra Tuna Nehri\u2019ne atlamaya zorlam\u0131\u0219lar. Ortadakini vurmu\u015f. \u00d6len ki\u015fiyle birlikte ayaklar\u0131 ba\u011fl\u0131 olan di\u011fer ikisinin de nehre d\u00fc\u015f\u00fcp bo\u011fularak \u00f6lmesini sa\u011flam\u0131\u015flar.<\/p>\n<p>Evet buradan sonra gezi listemizi tamamlam\u0131\u015f olduk.<\/p>\n<p>Hop in hop off&#8217;a binerek tekrar biraz \u015fehir turu at\u0131yoruz. Opera&#8217;y\u0131 bu s\u0131rada foto\u011fraflad\u0131k.<\/p>\n<p>Bize en uygun olan Astoria Otel yak\u0131nlar\u0131nda iniyoruz.<\/p>\n<p>Gitti\u011fim gezdi\u011fim \u015fehirlerde -m\u00fcsait olursak- \u015fehrin tarihini yans\u0131tan, eski ama bak\u0131ml\u0131, restore edilmi\u015f restoran, kafe gibi mekanlara gitmeye bay\u0131l\u0131yorum. Bu geli\u015fimde yolumuzun \u00fczerinde b\u00f6yle bir mekan g\u00f6z\u00fcme \u00e7arpm\u0131\u015ft\u0131. \u0130\u00e7ine girip, hayran olup, vaktimiz olmad\u0131\u011f\u0131 i\u00e7in oturamam\u0131\u015ft\u0131k. \u015eimdi bizimkileri oraya gitmeye ikna ettim. Astoria Otel&#8217;e \u00e7ok yak\u0131n. Kossuth Lajos Caddesi \u00fczerinde bir mekan. Ama girince \u00f6\u011freniyoruz ki rezervasyon gerekli imi\u015f. \u00c7ok \u00fcz\u00fcl\u00fcyorum. Sonra d\u00fc\u015f\u00fcn\u00fcyoruz ki ertesi g\u00fcn u\u00e7ak vaktinden \u00f6nce fazladan 1 saatimiz var ve buraya kahvalt\u0131ya gelebiliriz. Heyoooo modunday\u0131m. Rezervasyon yapt\u0131r\u0131yoruz hemen.<\/p>\n<p>Otele u\u011fray\u0131p ak\u015fam yeme\u011fi i\u00e7in d\u0131\u015far\u0131 \u00e7\u0131k\u0131yoruz. \u00d6ncesinde Tuna boyunda dola\u015f\u0131yor ve bir kafede kahvemizi i\u00e7iyoruz. Ard\u0131ndan tripadvisor&#8217;da 4,5 puanl\u0131 yerel bir restorana gidiyoruz.<\/p>\n<p><strong>Szazeves Restoran<\/strong><\/p>\n<p>Budape\u015fte&#8217;nin en eski restoran\u0131. 1831&#8217;de k\u00fc\u00e7\u00fck bir Barok saray\u0131n zemin kat\u0131nda a\u00e7\u0131lm\u0131\u015f. Sanat\u00e7\u0131, yazar ve politikac\u0131lar\u0131n pop\u00fcler mekan\u0131 olmu\u015f. Hatta Franz Liszt ve Ferenc Erkel de konuklar\u0131ndanm\u0131\u015f.<\/p>\n<p>Geleneksel Macar yemekleri sunan restoranda \u00c7igan M\u00fczi\u011fi yap\u0131l\u0131yor.<\/p>\n<p><img loading=\"lazy\" decoding=\"async\" class=\"alignnone size-medium wp-image-5963\" src=\"https:\/\/www.yeryuzundebirkacadim.com\/wp-content\/uploads\/2023\/09\/IMG_20221002_203241-1-1024x526.jpg\" alt=\"\" width=\"1024\" height=\"526\" srcset=\"https:\/\/www.yeryuzundebirkacadim.com\/wp-content\/uploads\/2023\/09\/IMG_20221002_203241-1-1024x526.jpg 1024w, https:\/\/www.yeryuzundebirkacadim.com\/wp-content\/uploads\/2023\/09\/IMG_20221002_203241-1-768x394.jpg 768w, https:\/\/www.yeryuzundebirkacadim.com\/wp-content\/uploads\/2023\/09\/IMG_20221002_203241-1-1536x789.jpg 1536w, https:\/\/www.yeryuzundebirkacadim.com\/wp-content\/uploads\/2023\/09\/IMG_20221002_203241-1-816x419.jpg 816w, https:\/\/www.yeryuzundebirkacadim.com\/wp-content\/uploads\/2023\/09\/IMG_20221002_203241-1.jpg 1852w\" sizes=\"auto, (max-width: 1024px) 100vw, 1024px\" \/><\/p>\n<p><img loading=\"lazy\" decoding=\"async\" class=\"alignnone size-medium wp-image-5949\" src=\"https:\/\/www.yeryuzundebirkacadim.com\/wp-content\/uploads\/2023\/09\/IMG_20221002_210800-768x1024.jpg\" alt=\"\" width=\"768\" height=\"1024\" srcset=\"https:\/\/www.yeryuzundebirkacadim.com\/wp-content\/uploads\/2023\/09\/IMG_20221002_210800-768x1024.jpg 768w, https:\/\/www.yeryuzundebirkacadim.com\/wp-content\/uploads\/2023\/09\/IMG_20221002_210800-1152x1536.jpg 1152w, https:\/\/www.yeryuzundebirkacadim.com\/wp-content\/uploads\/2023\/09\/IMG_20221002_210800-749x999.jpg 749w, https:\/\/www.yeryuzundebirkacadim.com\/wp-content\/uploads\/2023\/09\/IMG_20221002_210800.jpg 1350w\" sizes=\"auto, (max-width: 768px) 100vw, 768px\" \/><\/p>\n<p>Dondurmal\u0131 tatl\u0131s\u0131 da g\u00fczel.<\/p>\n<p><strong>4. g\u00fcn (U\u00e7u\u015f \u00f6ncesi)<\/strong><\/p>\n<p><strong>Parisi Udvar (Paris Avlusu)<\/strong><\/p>\n<p>Ak\u015fam foto\u011fraf\u0131n\u0131 \u00e7ekmi\u015ftik.<\/p>\n<p><img loading=\"lazy\" decoding=\"async\" class=\"alignnone size-medium wp-image-5950\" src=\"https:\/\/www.yeryuzundebirkacadim.com\/wp-content\/uploads\/2023\/09\/IMG_20221002_214231-1024x577.jpg\" alt=\"\" width=\"1024\" height=\"577\" srcset=\"https:\/\/www.yeryuzundebirkacadim.com\/wp-content\/uploads\/2023\/09\/IMG_20221002_214231-1024x577.jpg 1024w, https:\/\/www.yeryuzundebirkacadim.com\/wp-content\/uploads\/2023\/09\/IMG_20221002_214231-768x433.jpg 768w, https:\/\/www.yeryuzundebirkacadim.com\/wp-content\/uploads\/2023\/09\/IMG_20221002_214231-816x460.jpg 816w, https:\/\/www.yeryuzundebirkacadim.com\/wp-content\/uploads\/2023\/09\/IMG_20221002_214231.jpg 1476w\" sizes=\"auto, (max-width: 1024px) 100vw, 1024px\" \/><\/p>\n<p><img loading=\"lazy\" decoding=\"async\" class=\"alignnone size-medium wp-image-5953\" src=\"https:\/\/www.yeryuzundebirkacadim.com\/wp-content\/uploads\/2023\/09\/IMG_20221002_171414-768x1024.jpg\" alt=\"\" width=\"768\" height=\"1024\" srcset=\"https:\/\/www.yeryuzundebirkacadim.com\/wp-content\/uploads\/2023\/09\/IMG_20221002_171414-768x1024.jpg 768w, https:\/\/www.yeryuzundebirkacadim.com\/wp-content\/uploads\/2023\/09\/IMG_20221002_171414-1152x1536.jpg 1152w, https:\/\/www.yeryuzundebirkacadim.com\/wp-content\/uploads\/2023\/09\/IMG_20221002_171414-749x999.jpg 749w, https:\/\/www.yeryuzundebirkacadim.com\/wp-content\/uploads\/2023\/09\/IMG_20221002_171414.jpg 1224w\" sizes=\"auto, (max-width: 768px) 100vw, 768px\" \/><\/p>\n<p>Biraz tarih;<\/p>\n<p>Bina, Macaristan Ulusal M\u00fczesi&#8217;nin mimar\u0131 olan Mihaly Pollack taraf\u0131ndan Baron Jozsef Brudern i\u00e7in tasarlan\u0131yor. 1817&#8217;de tamamland\u0131\u011f\u0131nda insanlar ona Parisi Udvar (Paris Mahkemesi, Paris Avlusu) veya Parisi Evi ad\u0131n\u0131 vermeye ba\u015fl\u0131yorlar. \u00c7\u00fcnk\u00fc ilgi \u00e7ekici, nefes kesen binan\u0131n Pollack taraf\u0131ndan Paris&#8217;deki &#8220;Passage des Panoramas<em>&#8220;<\/em>\u0131n kopyas\u0131 olarak tasarland\u0131\u011f\u0131 d\u00fc\u015f\u00fcn\u00fcl\u00fcyordu.<\/p>\n<p>Baron Brudern ikinci katta ya\u015f\u0131yordu ve zemin katta 32 d\u00fckkan vard\u0131. Ma\u011fazalar \u015fehrin en zarif ve l\u00fcks ma\u011fazalar\u0131yd\u0131.<\/p>\n<p>1906&#8217;da Budape\u015fte Merkez Tasarruf Bankas\u0131&#8217;n\u0131n evi oldu ve tamamen yeniden tasarland\u0131.<\/p>\n<p>Son olarak 2019&#8217;da a\u00e7\u0131l\u0131\u015f\u0131 yap\u0131lan ve muhte\u015fem bir \u015fekilde yeniden canlanan Parisi Udvar, Hyatt Hotel&#8217;e ev sahipli\u011fi yap\u0131yor.<\/p>\n<p>Restoran otelin ge\u00e7i\u015fi konumunda. Alt katta eskiden oldu\u011fu gibi ma\u011fazalar var.<\/p>\n<p>Tadilattan \u00f6nce ba\u015frollerini Gary Oldman, Colin Firth ve Tom Hardy&#8217;\u0131n oynad\u0131\u011f\u0131 ve 2011 yap\u0131m\u0131 K\u00f6stebek\u00a0 filminin baz\u0131 \u00e7ekimleri burada yap\u0131lm\u0131\u015f.<\/p>\n<p><img loading=\"lazy\" decoding=\"async\" class=\"alignnone size-medium wp-image-5954\" src=\"https:\/\/www.yeryuzundebirkacadim.com\/wp-content\/uploads\/2023\/09\/IMG_20221002_171951-768x1024.jpg\" alt=\"\" width=\"768\" height=\"1024\" srcset=\"https:\/\/www.yeryuzundebirkacadim.com\/wp-content\/uploads\/2023\/09\/IMG_20221002_171951-768x1024.jpg 768w, https:\/\/www.yeryuzundebirkacadim.com\/wp-content\/uploads\/2023\/09\/IMG_20221002_171951-1152x1536.jpg 1152w, https:\/\/www.yeryuzundebirkacadim.com\/wp-content\/uploads\/2023\/09\/IMG_20221002_171951-749x999.jpg 749w, https:\/\/www.yeryuzundebirkacadim.com\/wp-content\/uploads\/2023\/09\/IMG_20221002_171951.jpg 1350w\" sizes=\"auto, (max-width: 768px) 100vw, 768px\" \/><\/p>\n<p>Girdi\u011fimizde mimarisinin g\u00fczelli\u011fi ile etkilendi\u011fimiz yer.<\/p>\n<p>Evet kahvalt\u0131 i\u00e7in geldik. Tabii bavullar\u0131m\u0131z da yan\u0131m\u0131zda. Onlar\u0131 koymak i\u00e7in yer g\u00f6sterdiler.<\/p>\n<p><img loading=\"lazy\" decoding=\"async\" class=\"alignnone size-full wp-image-5952\" src=\"https:\/\/www.yeryuzundebirkacadim.com\/wp-content\/uploads\/2023\/09\/IMG_20221003_083615.jpg\" alt=\"\" width=\"984\" height=\"554\" srcset=\"https:\/\/www.yeryuzundebirkacadim.com\/wp-content\/uploads\/2023\/09\/IMG_20221003_083615.jpg 984w, https:\/\/www.yeryuzundebirkacadim.com\/wp-content\/uploads\/2023\/09\/IMG_20221003_083615-768x432.jpg 768w, https:\/\/www.yeryuzundebirkacadim.com\/wp-content\/uploads\/2023\/09\/IMG_20221003_083615-816x459.jpg 816w\" sizes=\"auto, (max-width: 984px) 100vw, 984px\" \/><\/p>\n<p>Zarif ferforjelerine ve harika tavan\u0131na bakmaya doyamad\u0131m diyebilirim.<\/p>\n<p><img loading=\"lazy\" decoding=\"async\" class=\"alignnone size-medium wp-image-5965\" src=\"https:\/\/www.yeryuzundebirkacadim.com\/wp-content\/uploads\/2023\/09\/IMG_20221002_171837-768x1024.jpg\" alt=\"\" width=\"768\" height=\"1024\" srcset=\"https:\/\/www.yeryuzundebirkacadim.com\/wp-content\/uploads\/2023\/09\/IMG_20221002_171837-768x1024.jpg 768w, https:\/\/www.yeryuzundebirkacadim.com\/wp-content\/uploads\/2023\/09\/IMG_20221002_171837-1152x1536.jpg 1152w, https:\/\/www.yeryuzundebirkacadim.com\/wp-content\/uploads\/2023\/09\/IMG_20221002_171837-749x999.jpg 749w, https:\/\/www.yeryuzundebirkacadim.com\/wp-content\/uploads\/2023\/09\/IMG_20221002_171837.jpg 1350w\" sizes=\"auto, (max-width: 768px) 100vw, 768px\" \/><\/p>\n<p>Sa\u011fl\u0131kla, afiyetle nice gezilere&#8230;<\/p>\n<p>&nbsp;<\/p>\n<p>&nbsp;<\/p>\n<p>&nbsp;<\/p>\n<p>&nbsp;<\/p>\n<p>&nbsp;<\/p>\n<p><a href=\"https:\/\/google.com\/maps\/dir\/47.493300,%2019.049541\">\u00a0<\/a><\/p>\n<p>&nbsp;<\/p>\n<p>&nbsp;<\/p>\n","protected":false},"excerpt":{"rendered":"<p>Budape\u015fte (30 Eyl\u00fcl 2022-3 Ekim 2022) Kay\u0131nbiraderim Aziz, eltim G\u00fclfem, e\u015fim Ali Vefa ve ben Ayla Budape\u015fte gezisi yapmaya karar veriyoruz. E\u015fim ve ben daha \u00f6nce bir turla Budape\u015fte&#8217;ye gelmi\u015ftik. Ancak birka\u00e7 \u00fclkeyi k\u0131s\u0131tl\u0131 bir zamanda g\u00f6rd\u00fc\u011f\u00fcm\u00fcz i\u00e7in zihnimizde \u00e7ok yer etmemi\u015fti. Sadece Tuna&#8217;n\u0131n bu \u015fehre \u00e7ok yak\u0131\u015ft\u0131\u011f\u0131n\u0131 hat\u0131rl\u0131yoruz. Bu sefer kendi yapt\u0131\u011f\u0131m\u0131z turla daha [&hellip;]<\/p>\n","protected":false},"author":1,"featured_media":5957,"comment_status":"closed","ping_status":"closed","sticky":false,"template":"","format":"standard","meta":{"footnotes":""},"categories":[754,736],"tags":[752,753,748,749,339,751,747,745,746,750],"class_list":["post-5786","post","type-post","status-publish","format-standard","has-post-thumbnail","hentry","category-budapeste-szentre","category-szentre","tag-andrassy","tag-balikci-tabyasi","tag-buda-kalesi","tag-budapeste","tag-gezilecek-yerler","tag-new-york-cafe","tag-opera","tag-parlamento","tag-st-stefan-kilisesi","tag-tuna"],"_links":{"self":[{"href":"https:\/\/www.yeryuzundebirkacadim.com\/index.php\/wp-json\/wp\/v2\/posts\/5786","targetHints":{"allow":["GET"]}}],"collection":[{"href":"https:\/\/www.yeryuzundebirkacadim.com\/index.php\/wp-json\/wp\/v2\/posts"}],"about":[{"href":"https:\/\/www.yeryuzundebirkacadim.com\/index.php\/wp-json\/wp\/v2\/types\/post"}],"author":[{"embeddable":true,"href":"https:\/\/www.yeryuzundebirkacadim.com\/index.php\/wp-json\/wp\/v2\/users\/1"}],"replies":[{"embeddable":true,"href":"https:\/\/www.yeryuzundebirkacadim.com\/index.php\/wp-json\/wp\/v2\/comments?post=5786"}],"version-history":[{"count":36,"href":"https:\/\/www.yeryuzundebirkacadim.com\/index.php\/wp-json\/wp\/v2\/posts\/5786\/revisions"}],"predecessor-version":[{"id":5984,"href":"https:\/\/www.yeryuzundebirkacadim.com\/index.php\/wp-json\/wp\/v2\/posts\/5786\/revisions\/5984"}],"wp:featuredmedia":[{"embeddable":true,"href":"https:\/\/www.yeryuzundebirkacadim.com\/index.php\/wp-json\/wp\/v2\/media\/5957"}],"wp:attachment":[{"href":"https:\/\/www.yeryuzundebirkacadim.com\/index.php\/wp-json\/wp\/v2\/media?parent=5786"}],"wp:term":[{"taxonomy":"category","embeddable":true,"href":"https:\/\/www.yeryuzundebirkacadim.com\/index.php\/wp-json\/wp\/v2\/categories?post=5786"},{"taxonomy":"post_tag","embeddable":true,"href":"https:\/\/www.yeryuzundebirkacadim.com\/index.php\/wp-json\/wp\/v2\/tags?post=5786"}],"curies":[{"name":"wp","href":"https:\/\/api.w.org\/{rel}","templated":true}]}}