


{"id":5704,"date":"2023-08-22T16:50:09","date_gmt":"2023-08-22T13:50:09","guid":{"rendered":"http:\/\/www.yeryuzundebirkacadim.com\/?p=5704"},"modified":"2024-08-19T13:55:57","modified_gmt":"2024-08-19T10:55:57","slug":"rum-vadisi","status":"publish","type":"post","link":"https:\/\/www.yeryuzundebirkacadim.com\/index.php\/2023\/08\/22\/rum-vadisi\/","title":{"rendered":"Rum Vadisi"},"content":{"rendered":"<p>Gezimizin 3. g\u00fcn\u00fcnde, saat 17&#8217;ye kadar Petra&#8217;y\u0131 gezdik. Ard\u0131ndan Rum Vadisine do\u011fru yola \u00e7\u0131kt\u0131k.<\/p>\n<p><strong>Rum Vadisi (Wadi Rum)<\/strong><\/p>\n<p>Petra&#8217;n\u0131n (Musa Vadisi) 115 km g\u00fcneyinde ve Akabe&#8217;nin yakla\u015f\u0131k 70 km do\u011fusunda yer al\u0131yor. Korunan alan yakla\u015f\u0131k 74 hektarl\u0131k bir alan\u0131 kaplar.<\/p>\n<p><!--more--><\/p>\n<p>Kumun k\u0131rm\u0131z\u0131ms\u0131 tonu, masif granit kaya y\u00fczeyleri ve kumta\u015f\u0131 ovalar\u0131yla bamba\u015fka bir manzara sunuyor.<\/p>\n<p>Ayr\u0131ca d\u00fcnya \u00fczerinde Mars deneyimi ya\u015fat\u0131yor.<\/p>\n<p>UNESCO D\u00fcnya Miras\u0131 Alanlar\u0131 listesine bulunuyor. \u00dcrd\u00fcn&#8217;de hem do\u011fal hem de k\u00fclt\u00fcrel m\u00fckemmellik kriterlerini kar\u015f\u0131layan tek UNESCO D\u00fcnya Miras\u0131 Alan\u0131d\u0131r.<\/p>\n<p>Manzara o kadar harika ki \u201cAy Vadisi\u201d olarak an\u0131l\u0131yor.<\/p>\n<p><img loading=\"lazy\" decoding=\"async\" class=\"alignnone size-medium wp-image-5724\" src=\"https:\/\/www.yeryuzundebirkacadim.com\/wp-content\/uploads\/2023\/08\/IMG_20230606_191613-1024x577.jpg\" alt=\"\" width=\"1024\" height=\"577\" srcset=\"https:\/\/www.yeryuzundebirkacadim.com\/wp-content\/uploads\/2023\/08\/IMG_20230606_191613-1024x577.jpg 1024w, https:\/\/www.yeryuzundebirkacadim.com\/wp-content\/uploads\/2023\/08\/IMG_20230606_191613-768x433.jpg 768w, https:\/\/www.yeryuzundebirkacadim.com\/wp-content\/uploads\/2023\/08\/IMG_20230606_191613-816x460.jpg 816w, https:\/\/www.yeryuzundebirkacadim.com\/wp-content\/uploads\/2023\/08\/IMG_20230606_191613.jpg 1200w\" sizes=\"auto, (max-width: 1024px) 100vw, 1024px\" \/><\/p>\n<p>Gelmeden \u00f6nce Star Guide Camp&#8217;tan yerlerimizi ay\u0131rtm\u0131\u015ft\u0131k. Vadiye girince kamp\u0131 arad\u0131k ve hemen bizi kar\u015f\u0131lamaya geldiler. Kendi arac\u0131m\u0131zla onlar\u0131n arac\u0131n\u0131 takip ederek tesise kadar geldik.<\/p>\n<p>B\u00fcy\u00fck bir ilgiyle kar\u015f\u0131lad\u0131lar. \u00d6ncesinde\u00a0ak\u015fam yeme\u011fi rezervasyonu yapt\u0131ramam\u0131\u015ft\u0131k. Yemek bulup bulamayaca\u011f\u0131m\u0131z konusunda endi\u015feliydim. \u0130lk sorum ak\u015fam yeme\u011fi \u00fczerine idi. Haz\u0131rland\u0131\u011f\u0131n\u0131 s\u00f6ylediklerinde rahatlad\u0131m.<\/p>\n<p>Odalar\u0131m\u0131za e\u015fyalar\u0131m\u0131z\u0131 b\u0131rakt\u0131k. Odalar\u0131n \u00f6n cephesinin neredeyse tamam\u0131 pencereydi. \u0130\u00e7erisi \u00e7ok temizdi. Geni\u015f bir banyo bulunuyordu. \u00c7ok ho\u015fumuza gitti.<\/p>\n<p>Odalar\u0131n \u00f6n\u00fcndeki koltuklarda birka\u00e7 dakika keyif yapt\u0131k.<\/p>\n<p><img loading=\"lazy\" decoding=\"async\" class=\"alignnone size-medium wp-image-5725\" src=\"https:\/\/www.yeryuzundebirkacadim.com\/wp-content\/uploads\/2023\/08\/IMG_20230606_193507-1024x577.jpg\" alt=\"\" width=\"1024\" height=\"577\" srcset=\"https:\/\/www.yeryuzundebirkacadim.com\/wp-content\/uploads\/2023\/08\/IMG_20230606_193507-1024x577.jpg 1024w, https:\/\/www.yeryuzundebirkacadim.com\/wp-content\/uploads\/2023\/08\/IMG_20230606_193507-768x433.jpg 768w, https:\/\/www.yeryuzundebirkacadim.com\/wp-content\/uploads\/2023\/08\/IMG_20230606_193507-816x460.jpg 816w, https:\/\/www.yeryuzundebirkacadim.com\/wp-content\/uploads\/2023\/08\/IMG_20230606_193507.jpg 1200w\" sizes=\"auto, (max-width: 1024px) 100vw, 1024px\" \/><\/p>\n<p>Otel sahibimiz Muhammed bizi ortak alana davet etti. Bize kumda \u00e7ay pi\u015firmi\u015fler. \u0130kram ettiler.<\/p>\n<p><img loading=\"lazy\" decoding=\"async\" class=\"alignnone size-medium wp-image-5727\" src=\"https:\/\/www.yeryuzundebirkacadim.com\/wp-content\/uploads\/2023\/08\/IMG_20230606_195443-1024x577.jpg\" alt=\"\" width=\"1024\" height=\"577\" srcset=\"https:\/\/www.yeryuzundebirkacadim.com\/wp-content\/uploads\/2023\/08\/IMG_20230606_195443-1024x577.jpg 1024w, https:\/\/www.yeryuzundebirkacadim.com\/wp-content\/uploads\/2023\/08\/IMG_20230606_195443-768x433.jpg 768w, https:\/\/www.yeryuzundebirkacadim.com\/wp-content\/uploads\/2023\/08\/IMG_20230606_195443-816x460.jpg 816w, https:\/\/www.yeryuzundebirkacadim.com\/wp-content\/uploads\/2023\/08\/IMG_20230606_195443.jpg 1200w\" sizes=\"auto, (max-width: 1024px) 100vw, 1024px\" \/><\/p>\n<p>Etraftaki kayalar\u0131n i\u00e7lerine mumlar koymu\u015flar. Ortam harikayd\u0131.<\/p>\n<p>G\u00fcn\u00fcn yorgunlu\u011funu atman\u0131n dayan\u0131lmaz hafifli\u011fi i\u00e7indeyiz. \u00c7\u00f6l gezilerine bay\u0131l\u0131r\u0131m ben. \u00c7\u00f6l\u00fcn sakinli\u011fi, sessizli\u011fi yine beni benden ald\u0131.<\/p>\n<p><img loading=\"lazy\" decoding=\"async\" class=\"alignnone size-medium wp-image-5726\" src=\"https:\/\/www.yeryuzundebirkacadim.com\/wp-content\/uploads\/2023\/08\/IMG_20230606_194929-1024x577.jpg\" alt=\"\" width=\"1024\" height=\"577\" srcset=\"https:\/\/www.yeryuzundebirkacadim.com\/wp-content\/uploads\/2023\/08\/IMG_20230606_194929-1024x577.jpg 1024w, https:\/\/www.yeryuzundebirkacadim.com\/wp-content\/uploads\/2023\/08\/IMG_20230606_194929-768x433.jpg 768w, https:\/\/www.yeryuzundebirkacadim.com\/wp-content\/uploads\/2023\/08\/IMG_20230606_194929-816x460.jpg 816w, https:\/\/www.yeryuzundebirkacadim.com\/wp-content\/uploads\/2023\/08\/IMG_20230606_194929.jpg 1200w\" sizes=\"auto, (max-width: 1024px) 100vw, 1024px\" \/><\/p>\n<p>Bu arada, daha \u00f6nceden tesise bildirdi\u011fimiz \u00fczere ertesi sabah yapmak istedi\u011fimiz yar\u0131m g\u00fcnl\u00fck \u00e7\u00f6lde cip turunu konu\u015fup teyit ettik.<\/p>\n<p>Bu arada Muhammed&#8217;i pek sevdik.<\/p>\n<p>\u0130zledi\u011fim Vadi Rum videolar\u0131nda kumda haz\u0131rlanan yemeklerine \u00e7ok \u00f6zenmi\u015ftim. Me\u011ferse bizim tesiste de ak\u015fam yeme\u011fi o \u015fekilde haz\u0131rlan\u0131yormu\u015f. Nas\u0131l sevindi\u011fimi anlatamam \ud83d\ude42<\/p>\n<p>Bu geleneksel bir Bedevi yeme\u011fi. D\u00f6kme demir tencerenin alt k\u0131sm\u0131na kuzu veya tavuk eti, \u00fcst k\u0131sm\u0131na patates, havu\u00e7\u00a0 gibi sebzeler konup k\u0131zg\u0131n k\u00f6m\u00fcr \u00e7ukuruna g\u00f6m\u00fcl\u00fcyor. Ard\u0131ndan \u00e7\u00f6l kumu ile kaplan\u0131yor. Yemek, toprak alt\u0131nda saatlerce a\u011f\u0131r a\u011f\u0131r pi\u015firiliyor.\u00a0 Ve leziz bir yemek ortaya \u00e7\u0131k\u0131yor.<\/p>\n<p>G\u00fczel bir rit\u00fcel ile yeme\u011fi kumdan \u00e7\u0131kard\u0131lar.<\/p>\n<p><img loading=\"lazy\" decoding=\"async\" class=\"alignnone size-medium wp-image-5728\" src=\"https:\/\/www.yeryuzundebirkacadim.com\/wp-content\/uploads\/2023\/08\/IMG_20230606_200602-1024x577.jpg\" alt=\"\" width=\"1024\" height=\"577\" srcset=\"https:\/\/www.yeryuzundebirkacadim.com\/wp-content\/uploads\/2023\/08\/IMG_20230606_200602-1024x577.jpg 1024w, https:\/\/www.yeryuzundebirkacadim.com\/wp-content\/uploads\/2023\/08\/IMG_20230606_200602-768x433.jpg 768w, https:\/\/www.yeryuzundebirkacadim.com\/wp-content\/uploads\/2023\/08\/IMG_20230606_200602-816x460.jpg 816w, https:\/\/www.yeryuzundebirkacadim.com\/wp-content\/uploads\/2023\/08\/IMG_20230606_200602.jpg 1200w\" sizes=\"auto, (max-width: 1024px) 100vw, 1024px\" \/><\/p>\n<p><img loading=\"lazy\" decoding=\"async\" class=\"alignnone size-medium wp-image-5729\" src=\"https:\/\/www.yeryuzundebirkacadim.com\/wp-content\/uploads\/2023\/08\/IMG_20230606_200626-1024x577.jpg\" alt=\"\" width=\"1024\" height=\"577\" srcset=\"https:\/\/www.yeryuzundebirkacadim.com\/wp-content\/uploads\/2023\/08\/IMG_20230606_200626-1024x577.jpg 1024w, https:\/\/www.yeryuzundebirkacadim.com\/wp-content\/uploads\/2023\/08\/IMG_20230606_200626-768x433.jpg 768w, https:\/\/www.yeryuzundebirkacadim.com\/wp-content\/uploads\/2023\/08\/IMG_20230606_200626-816x460.jpg 816w, https:\/\/www.yeryuzundebirkacadim.com\/wp-content\/uploads\/2023\/08\/IMG_20230606_200626.jpg 1200w\" sizes=\"auto, (max-width: 1024px) 100vw, 1024px\" \/><\/p>\n<p>Yemek salonuna ge\u00e7tik. Buras\u0131 da \u00e7ok temizdi. A\u00e7\u0131k b\u00fcfe \u015feklinde, etin yan\u0131na pilav, \u00e7e\u015fitli salata ve mezeler haz\u0131rlanm\u0131\u015ft\u0131.<\/p>\n<p><img loading=\"lazy\" decoding=\"async\" class=\"alignnone size-medium wp-image-5730\" src=\"https:\/\/www.yeryuzundebirkacadim.com\/wp-content\/uploads\/2023\/08\/IMG_20230606_201054-1024x577.jpg\" alt=\"\" width=\"1024\" height=\"577\" srcset=\"https:\/\/www.yeryuzundebirkacadim.com\/wp-content\/uploads\/2023\/08\/IMG_20230606_201054-1024x577.jpg 1024w, https:\/\/www.yeryuzundebirkacadim.com\/wp-content\/uploads\/2023\/08\/IMG_20230606_201054-768x433.jpg 768w, https:\/\/www.yeryuzundebirkacadim.com\/wp-content\/uploads\/2023\/08\/IMG_20230606_201054-816x460.jpg 816w, https:\/\/www.yeryuzundebirkacadim.com\/wp-content\/uploads\/2023\/08\/IMG_20230606_201054.jpg 1200w\" sizes=\"auto, (max-width: 1024px) 100vw, 1024px\" \/><\/p>\n<p>Yeme\u011fimizi yedikten sonra bir m\u00fcddet d\u0131\u015far\u0131da oturup y\u0131ld\u0131zlar\u0131 seyrederek muhabbet ettik.<\/p>\n<p>Ertesi sabah, gezimizin 4. g\u00fcn\u00fcnde g\u00fczel haz\u0131rlanm\u0131\u015f bir kahvalt\u0131n\u0131n ard\u0131ndan \u00e7\u00f6lde cip turuna haz\u0131r\u0131z.<\/p>\n<p>\u0130ki ciple gidiyoruz. Cip diyorum ama asl\u0131nda arkas\u0131 a\u00e7\u0131k kamyonet benzeri ara\u00e7lar. \u0130\u00e7eride \u00f6nde veya bank eklenmi\u015f a\u00e7\u0131k olan arka k\u0131sm\u0131nda oturuluyor. Biz Nezahat ablayla a\u00e7\u0131k k\u0131s\u0131mda oturmay\u0131 tercih ediyoruz. Daha sonra beyler de bize e\u015flik ediyor.<\/p>\n<p>Muhammed&#8217;in amcas\u0131 ve amca o\u011flu \u015fof\u00f6r\u00fcm\u00fcz.<\/p>\n<p><img loading=\"lazy\" decoding=\"async\" class=\"alignnone size-medium wp-image-5732\" src=\"https:\/\/www.yeryuzundebirkacadim.com\/wp-content\/uploads\/2023\/08\/IMG_20230607_084305-1024x768.jpg\" alt=\"\" width=\"1024\" height=\"768\" srcset=\"https:\/\/www.yeryuzundebirkacadim.com\/wp-content\/uploads\/2023\/08\/IMG_20230607_084305-1024x768.jpg 1024w, https:\/\/www.yeryuzundebirkacadim.com\/wp-content\/uploads\/2023\/08\/IMG_20230607_084305-768x576.jpg 768w, https:\/\/www.yeryuzundebirkacadim.com\/wp-content\/uploads\/2023\/08\/IMG_20230607_084305-816x612.jpg 816w, https:\/\/www.yeryuzundebirkacadim.com\/wp-content\/uploads\/2023\/08\/IMG_20230607_084305.jpg 1200w\" sizes=\"auto, (max-width: 1024px) 100vw, 1024px\" \/><\/p>\n<p>Umman, Dubai ve Fas&#8217;tan sonra bu 4. \u00e7\u00f6l deneyimim.<\/p>\n<p>Burada kum kal\u0131nl\u0131\u011f\u0131 daha az. Di\u011ferlerinden farkl\u0131 olarak kaya olu\u015fumlar\u0131 var.<\/p>\n<p>Bedevilerin hala ya\u015famlar\u0131n\u0131 s\u00fcrd\u00fcrd\u00fckleri bu e\u015fsiz \u00e7\u00f6l turunda \u00e7ok \u00e7e\u015fitli yerler g\u00f6rece\u011fiz.<\/p>\n<p>Heybetli ve fotojenik kayalar.<\/p>\n<p><img loading=\"lazy\" decoding=\"async\" class=\"alignnone size-medium wp-image-5737\" src=\"https:\/\/www.yeryuzundebirkacadim.com\/wp-content\/uploads\/2023\/08\/IMG_20230607_090720-1024x768.jpg\" alt=\"\" width=\"1024\" height=\"768\" srcset=\"https:\/\/www.yeryuzundebirkacadim.com\/wp-content\/uploads\/2023\/08\/IMG_20230607_090720-1024x768.jpg 1024w, https:\/\/www.yeryuzundebirkacadim.com\/wp-content\/uploads\/2023\/08\/IMG_20230607_090720-768x576.jpg 768w, https:\/\/www.yeryuzundebirkacadim.com\/wp-content\/uploads\/2023\/08\/IMG_20230607_090720-816x612.jpg 816w, https:\/\/www.yeryuzundebirkacadim.com\/wp-content\/uploads\/2023\/08\/IMG_20230607_090720.jpg 1200w\" sizes=\"auto, (max-width: 1024px) 100vw, 1024px\" \/><\/p>\n<p>\u00c7ileke\u015f develer..<\/p>\n<p><img loading=\"lazy\" decoding=\"async\" class=\"alignnone size-medium wp-image-5733\" src=\"https:\/\/www.yeryuzundebirkacadim.com\/wp-content\/uploads\/2023\/08\/IMG_20230607_085432-1024x577.jpg\" alt=\"\" width=\"1024\" height=\"577\" srcset=\"https:\/\/www.yeryuzundebirkacadim.com\/wp-content\/uploads\/2023\/08\/IMG_20230607_085432-1024x577.jpg 1024w, https:\/\/www.yeryuzundebirkacadim.com\/wp-content\/uploads\/2023\/08\/IMG_20230607_085432-768x433.jpg 768w, https:\/\/www.yeryuzundebirkacadim.com\/wp-content\/uploads\/2023\/08\/IMG_20230607_085432-816x460.jpg 816w, https:\/\/www.yeryuzundebirkacadim.com\/wp-content\/uploads\/2023\/08\/IMG_20230607_085432.jpg 1200w\" sizes=\"auto, (max-width: 1024px) 100vw, 1024px\" \/><\/p>\n<p><img loading=\"lazy\" decoding=\"async\" class=\"alignnone size-medium wp-image-5735\" src=\"https:\/\/www.yeryuzundebirkacadim.com\/wp-content\/uploads\/2023\/08\/IMG_20230607_085550-1024x577.jpg\" alt=\"\" width=\"1024\" height=\"577\" srcset=\"https:\/\/www.yeryuzundebirkacadim.com\/wp-content\/uploads\/2023\/08\/IMG_20230607_085550-1024x577.jpg 1024w, https:\/\/www.yeryuzundebirkacadim.com\/wp-content\/uploads\/2023\/08\/IMG_20230607_085550-768x433.jpg 768w, https:\/\/www.yeryuzundebirkacadim.com\/wp-content\/uploads\/2023\/08\/IMG_20230607_085550-816x460.jpg 816w, https:\/\/www.yeryuzundebirkacadim.com\/wp-content\/uploads\/2023\/08\/IMG_20230607_085550.jpg 1200w\" sizes=\"auto, (max-width: 1024px) 100vw, 1024px\" \/><\/p>\n<p>Ke\u00e7iler bile vard\u0131.<\/p>\n<p><img loading=\"lazy\" decoding=\"async\" class=\"alignnone size-medium wp-image-5736\" src=\"https:\/\/www.yeryuzundebirkacadim.com\/wp-content\/uploads\/2023\/08\/IMG_20230607_091017-1024x768.jpg\" alt=\"\" width=\"1024\" height=\"768\" srcset=\"https:\/\/www.yeryuzundebirkacadim.com\/wp-content\/uploads\/2023\/08\/IMG_20230607_091017-1024x768.jpg 1024w, https:\/\/www.yeryuzundebirkacadim.com\/wp-content\/uploads\/2023\/08\/IMG_20230607_091017-768x576.jpg 768w, https:\/\/www.yeryuzundebirkacadim.com\/wp-content\/uploads\/2023\/08\/IMG_20230607_091017-816x612.jpg 816w, https:\/\/www.yeryuzundebirkacadim.com\/wp-content\/uploads\/2023\/08\/IMG_20230607_091017.jpg 1200w\" sizes=\"auto, (max-width: 1024px) 100vw, 1024px\" \/><\/p>\n<p><img loading=\"lazy\" decoding=\"async\" class=\"alignnone size-medium wp-image-5738\" src=\"https:\/\/www.yeryuzundebirkacadim.com\/wp-content\/uploads\/2023\/08\/IMG_20230607_092719-1024x768.jpg\" alt=\"\" width=\"1024\" height=\"768\" srcset=\"https:\/\/www.yeryuzundebirkacadim.com\/wp-content\/uploads\/2023\/08\/IMG_20230607_092719-1024x768.jpg 1024w, https:\/\/www.yeryuzundebirkacadim.com\/wp-content\/uploads\/2023\/08\/IMG_20230607_092719-768x576.jpg 768w, https:\/\/www.yeryuzundebirkacadim.com\/wp-content\/uploads\/2023\/08\/IMG_20230607_092719-816x612.jpg 816w, https:\/\/www.yeryuzundebirkacadim.com\/wp-content\/uploads\/2023\/08\/IMG_20230607_092719.jpg 1200w\" sizes=\"auto, (max-width: 1024px) 100vw, 1024px\" \/><\/p>\n<p><strong>1. Anfashieh Petroglifleri<\/strong><\/p>\n<p><img loading=\"lazy\" decoding=\"async\" class=\"alignnone size-medium wp-image-5739\" src=\"https:\/\/www.yeryuzundebirkacadim.com\/wp-content\/uploads\/2023\/08\/IMG_20230607_085228-1-1024x577.jpg\" alt=\"\" width=\"1024\" height=\"577\" srcset=\"https:\/\/www.yeryuzundebirkacadim.com\/wp-content\/uploads\/2023\/08\/IMG_20230607_085228-1-1024x577.jpg 1024w, https:\/\/www.yeryuzundebirkacadim.com\/wp-content\/uploads\/2023\/08\/IMG_20230607_085228-1-768x433.jpg 768w, https:\/\/www.yeryuzundebirkacadim.com\/wp-content\/uploads\/2023\/08\/IMG_20230607_085228-1-816x460.jpg 816w, https:\/\/www.yeryuzundebirkacadim.com\/wp-content\/uploads\/2023\/08\/IMG_20230607_085228-1.jpg 1200w\" sizes=\"auto, (max-width: 1024px) 100vw, 1024px\" \/><\/p>\n<p>Wadi Rum&#8217;un k\u00fclt\u00fcrel \u00f6nemi, b\u00f6lgede yap\u0131lan petroglifler, yaz\u0131tlar ve di\u011fer arkeolojik buluntulardan olu\u015fan koleksiyonundan gelir.<\/p>\n<p>12 bin y\u0131ldan fazla bir s\u00fcredir Wadi Rum&#8217;da ya\u015fayan insanlar, arkalar\u0131nda 25 binden fazla kaya oyma ve 20 bin yaz\u0131t ile izlerini b\u0131rakm\u0131\u015flard\u0131r.<\/p>\n<p>Bir da\u011f\u0131n yamac\u0131nda Nebati d\u00f6neminden kalma etkileyici petroglif yaz\u0131tlar g\u00f6r\u00fcl\u00fcyor. Alfabenin bulunmas\u0131ndan \u00f6nce insanlar\u0131n olaylar\u0131 anlatmak i\u00e7in \u015fekiller kullanarak kayaya oyma y\u00f6ntemi. Yaz\u0131tta deve kervanlar\u0131 ve av sahneleri bulunuyor.<\/p>\n<p>Bir zamanlar Arap Yar\u0131madas\u0131&#8217;nda ya\u015fayan toplumlar aras\u0131ndaki yayg\u0131n okuryazarl\u0131\u011fa tan\u0131kl\u0131k ediyorlar.<\/p>\n<p><strong>2. Lawrence Evi<\/strong><\/p>\n<p><img loading=\"lazy\" decoding=\"async\" class=\"alignnone size-full wp-image-5740\" src=\"https:\/\/www.yeryuzundebirkacadim.com\/wp-content\/uploads\/2023\/08\/IMG_20230607_092245.jpg\" alt=\"\" width=\"984\" height=\"554\" srcset=\"https:\/\/www.yeryuzundebirkacadim.com\/wp-content\/uploads\/2023\/08\/IMG_20230607_092245.jpg 984w, https:\/\/www.yeryuzundebirkacadim.com\/wp-content\/uploads\/2023\/08\/IMG_20230607_092245-768x432.jpg 768w, https:\/\/www.yeryuzundebirkacadim.com\/wp-content\/uploads\/2023\/08\/IMG_20230607_092245-816x459.jpg 816w\" sizes=\"auto, (max-width: 984px) 100vw, 984px\" \/><\/p>\n<p>Bir \u0130ngiliz ajan\u0131 olan Lawrence, bu b\u00f6lgede ya\u015fam\u0131\u015f ve Osmanl\u0131 zaman\u0131nda Arap isyan\u0131n\u0131n \u00e7\u0131kmas\u0131n\u0131 desteklemi\u015f. Bu nedenle buraya Arabistanl\u0131 Lawrence Vadisi de deniliyor.<\/p>\n<p>Evden geriye \u00e7ok bir \u015fey kalmam\u0131\u015f.<\/p>\n<p><strong>3. Um Fruth Rock Bridge (Um Fruth Kaya K\u00f6pr\u00fcs\u00fc)<\/strong><\/p>\n<p>\u00dcrd\u00fcn&#8217;e gelmeden \u00f6nce foto\u011fraflar\u0131n\u0131 g\u00f6r\u00fcp etkilendi\u011fim, \u00e7\u0131k\u0131\u015f\u0131n\u0131n zor olaca\u011f\u0131n\u0131 hi\u00e7 d\u00fc\u015f\u00fcnmedi\u011fim k\u00f6pr\u00fc.<\/p>\n<p>Wadi Rum&#8217;un en \u00e7ok foto\u011fraf\u0131 \u00e7ekilen yerlerinden biri. K\u00f6pr\u00fc \u00e7\u00f6l taban\u0131ndan yakla\u015f\u0131k 15 metre y\u00fcksekliktedir.<\/p>\n<p>Bendeniz kusur kalmam. \u00c7\u0131kt\u0131m tabii. Ama dik bir t\u0131rman\u0131\u015f\u0131 var.<\/p>\n<p>Grubun geri kalan\u0131 manzaray\u0131 a\u015fa\u011f\u0131dan seyrettiler.<\/p>\n<p><img loading=\"lazy\" decoding=\"async\" class=\"alignnone size-medium wp-image-5743\" src=\"https:\/\/www.yeryuzundebirkacadim.com\/wp-content\/uploads\/2023\/08\/IMG_20230607_095200-1024x577.jpg\" alt=\"\" width=\"1024\" height=\"577\" srcset=\"https:\/\/www.yeryuzundebirkacadim.com\/wp-content\/uploads\/2023\/08\/IMG_20230607_095200-1024x577.jpg 1024w, https:\/\/www.yeryuzundebirkacadim.com\/wp-content\/uploads\/2023\/08\/IMG_20230607_095200-768x433.jpg 768w, https:\/\/www.yeryuzundebirkacadim.com\/wp-content\/uploads\/2023\/08\/IMG_20230607_095200-816x460.jpg 816w, https:\/\/www.yeryuzundebirkacadim.com\/wp-content\/uploads\/2023\/08\/IMG_20230607_095200.jpg 1200w\" sizes=\"auto, (max-width: 1024px) 100vw, 1024px\" \/><\/p>\n<p>Muhammed&#8217;in kibar amca o\u011flu ini\u015fte son d\u00fczl\u00fckte beni kar\u015f\u0131lad\u0131.<\/p>\n<p><img loading=\"lazy\" decoding=\"async\" class=\"alignnone size-medium wp-image-5744\" src=\"https:\/\/www.yeryuzundebirkacadim.com\/wp-content\/uploads\/2023\/08\/IMG_20230607_095717-1024x577.jpg\" alt=\"\" width=\"1024\" height=\"577\" srcset=\"https:\/\/www.yeryuzundebirkacadim.com\/wp-content\/uploads\/2023\/08\/IMG_20230607_095717-1024x577.jpg 1024w, https:\/\/www.yeryuzundebirkacadim.com\/wp-content\/uploads\/2023\/08\/IMG_20230607_095717-768x433.jpg 768w, https:\/\/www.yeryuzundebirkacadim.com\/wp-content\/uploads\/2023\/08\/IMG_20230607_095717-816x460.jpg 816w, https:\/\/www.yeryuzundebirkacadim.com\/wp-content\/uploads\/2023\/08\/IMG_20230607_095717.jpg 1200w\" sizes=\"auto, (max-width: 1024px) 100vw, 1024px\" \/><\/p>\n<p><strong>4. Mantar Kaya<\/strong><\/p>\n<p><img loading=\"lazy\" decoding=\"async\" class=\"alignnone size-full wp-image-5745\" src=\"https:\/\/www.yeryuzundebirkacadim.com\/wp-content\/uploads\/2023\/08\/IMG_20230607_102056.jpg\" alt=\"\" width=\"984\" height=\"554\" srcset=\"https:\/\/www.yeryuzundebirkacadim.com\/wp-content\/uploads\/2023\/08\/IMG_20230607_102056.jpg 984w, https:\/\/www.yeryuzundebirkacadim.com\/wp-content\/uploads\/2023\/08\/IMG_20230607_102056-768x432.jpg 768w, https:\/\/www.yeryuzundebirkacadim.com\/wp-content\/uploads\/2023\/08\/IMG_20230607_102056-816x459.jpg 816w\" sizes=\"auto, (max-width: 984px) 100vw, 984px\" \/><\/p>\n<p>Bu; do\u011fal, \u015fapkas\u0131 d\u00fc\u015fecekmi\u015f gibi tehlikeli g\u00f6r\u00fcnen kaya \u00e7ok \u015firindi.<\/p>\n<p>Uzun y\u0131llar i\u00e7inde r\u00fczgar ve ya\u011fmur, kayan\u0131n taban\u0131ndaki daha yumu\u015fak tortul kaya katmanlar\u0131n\u0131 a\u015f\u0131nd\u0131rarak kayay\u0131 bu \u015fekle sokmu\u015f.<\/p>\n<p><strong>5. Do\u011fal boya<\/strong><\/p>\n<p>K\u0131rm\u0131z\u0131 do\u011fal boyan\u0131n oldu\u011fu bir b\u00f6lgeye gittik. Muhammed&#8217;in amca o\u011flu hemen yanaklar\u0131m\u0131za kalpleri oturttu.<\/p>\n<p><img loading=\"lazy\" decoding=\"async\" class=\"alignnone size-medium wp-image-5746\" src=\"https:\/\/www.yeryuzundebirkacadim.com\/wp-content\/uploads\/2023\/08\/IMG_20230607_102845-1024x577.jpg\" alt=\"\" width=\"1024\" height=\"577\" srcset=\"https:\/\/www.yeryuzundebirkacadim.com\/wp-content\/uploads\/2023\/08\/IMG_20230607_102845-1024x577.jpg 1024w, https:\/\/www.yeryuzundebirkacadim.com\/wp-content\/uploads\/2023\/08\/IMG_20230607_102845-768x433.jpg 768w, https:\/\/www.yeryuzundebirkacadim.com\/wp-content\/uploads\/2023\/08\/IMG_20230607_102845-816x460.jpg 816w, https:\/\/www.yeryuzundebirkacadim.com\/wp-content\/uploads\/2023\/08\/IMG_20230607_102845.jpg 1200w\" sizes=\"auto, (max-width: 1024px) 100vw, 1024px\" \/><\/p>\n<p>Bizden \u00f6nce gelenlerin izleri \ud83d\ude42<\/p>\n<p><img loading=\"lazy\" decoding=\"async\" class=\"alignnone size-medium wp-image-5747\" src=\"https:\/\/www.yeryuzundebirkacadim.com\/wp-content\/uploads\/2023\/08\/IMG_20230607_103003-1024x577.jpg\" alt=\"\" width=\"1024\" height=\"577\" srcset=\"https:\/\/www.yeryuzundebirkacadim.com\/wp-content\/uploads\/2023\/08\/IMG_20230607_103003-1024x577.jpg 1024w, https:\/\/www.yeryuzundebirkacadim.com\/wp-content\/uploads\/2023\/08\/IMG_20230607_103003-768x433.jpg 768w, https:\/\/www.yeryuzundebirkacadim.com\/wp-content\/uploads\/2023\/08\/IMG_20230607_103003-816x460.jpg 816w, https:\/\/www.yeryuzundebirkacadim.com\/wp-content\/uploads\/2023\/08\/IMG_20230607_103003.jpg 1200w\" sizes=\"auto, (max-width: 1024px) 100vw, 1024px\" \/><\/p>\n<p><strong>6. M\u00fcthi\u015f eko<\/strong><\/p>\n<p>Sonraki dura\u011f\u0131m\u0131zda yank\u0131 yapan baz\u0131 kaya olu\u015fumlar\u0131n\u0131n aras\u0131nda durduk. Bir \u015fey s\u00f6yleyip sesleniyoruz. Yank\u0131m\u0131z 2 kere bizi tekrarl\u0131yor. Bu Bedeviler her aktiviteyi cazip hale getirmeyi ba\u015farm\u0131\u015flar.<\/p>\n<p><img loading=\"lazy\" decoding=\"async\" class=\"alignnone size-medium wp-image-5748\" src=\"https:\/\/www.yeryuzundebirkacadim.com\/wp-content\/uploads\/2023\/08\/IMG_20230607_105436-1024x768.jpg\" alt=\"\" width=\"1024\" height=\"768\" srcset=\"https:\/\/www.yeryuzundebirkacadim.com\/wp-content\/uploads\/2023\/08\/IMG_20230607_105436-1024x768.jpg 1024w, https:\/\/www.yeryuzundebirkacadim.com\/wp-content\/uploads\/2023\/08\/IMG_20230607_105436-768x576.jpg 768w, https:\/\/www.yeryuzundebirkacadim.com\/wp-content\/uploads\/2023\/08\/IMG_20230607_105436-816x612.jpg 816w, https:\/\/www.yeryuzundebirkacadim.com\/wp-content\/uploads\/2023\/08\/IMG_20230607_105436.jpg 1200w\" sizes=\"auto, (max-width: 1024px) 100vw, 1024px\" \/><\/p>\n<p><strong>7. \u0130nsan Ba\u015f\u0131na Benzeyen Kaya<\/strong><\/p>\n<p>Do\u011fa, sanat\u0131n\u0131 her yerde g\u00f6steriyor.<\/p>\n<p><img loading=\"lazy\" decoding=\"async\" class=\"alignnone size-medium wp-image-5749\" src=\"https:\/\/www.yeryuzundebirkacadim.com\/wp-content\/uploads\/2023\/08\/IMG_20230607_114424-1024x577.jpg\" alt=\"\" width=\"1024\" height=\"577\" srcset=\"https:\/\/www.yeryuzundebirkacadim.com\/wp-content\/uploads\/2023\/08\/IMG_20230607_114424-1024x577.jpg 1024w, https:\/\/www.yeryuzundebirkacadim.com\/wp-content\/uploads\/2023\/08\/IMG_20230607_114424-768x433.jpg 768w, https:\/\/www.yeryuzundebirkacadim.com\/wp-content\/uploads\/2023\/08\/IMG_20230607_114424-816x460.jpg 816w, https:\/\/www.yeryuzundebirkacadim.com\/wp-content\/uploads\/2023\/08\/IMG_20230607_114424.jpg 1200w\" sizes=\"auto, (max-width: 1024px) 100vw, 1024px\" \/><\/p>\n<p>Do\u011fan\u0131n esprileri ile kar\u015f\u0131 kar\u015f\u0131yay\u0131z.<\/p>\n<p><img loading=\"lazy\" decoding=\"async\" class=\"alignnone size-medium wp-image-5750\" src=\"https:\/\/www.yeryuzundebirkacadim.com\/wp-content\/uploads\/2023\/08\/IMG_20230607_114755-577x1024.jpg\" alt=\"\" width=\"577\" height=\"1024\" srcset=\"https:\/\/www.yeryuzundebirkacadim.com\/wp-content\/uploads\/2023\/08\/IMG_20230607_114755-577x1024.jpg 577w, https:\/\/www.yeryuzundebirkacadim.com\/wp-content\/uploads\/2023\/08\/IMG_20230607_114755-563x999.jpg 563w, https:\/\/www.yeryuzundebirkacadim.com\/wp-content\/uploads\/2023\/08\/IMG_20230607_114755.jpg 676w\" sizes=\"auto, (max-width: 577px) 100vw, 577px\" \/><\/p>\n<p><strong>8. Do\u011fada Bitkilerden Sabun \u00dcretimi<\/strong><\/p>\n<p>Geldi\u011fimiz ba\u015fka bir b\u00f6lgede de rehberimiz etraftaki bitkileri toplad\u0131 ve kaya \u00fczerinde bir m\u00fcddet ezdi.<\/p>\n<p><img loading=\"lazy\" decoding=\"async\" class=\"alignnone size-medium wp-image-5751\" src=\"https:\/\/www.yeryuzundebirkacadim.com\/wp-content\/uploads\/2023\/08\/IMG_20230607_115254-768x1024.jpg\" alt=\"\" width=\"768\" height=\"1024\" srcset=\"https:\/\/www.yeryuzundebirkacadim.com\/wp-content\/uploads\/2023\/08\/IMG_20230607_115254-768x1024.jpg 768w, https:\/\/www.yeryuzundebirkacadim.com\/wp-content\/uploads\/2023\/08\/IMG_20230607_115254-749x999.jpg 749w, https:\/\/www.yeryuzundebirkacadim.com\/wp-content\/uploads\/2023\/08\/IMG_20230607_115254.jpg 900w\" sizes=\"auto, (max-width: 768px) 100vw, 768px\" \/><\/p>\n<p>Sonra avu\u00e7 i\u00e7inde ovalad\u0131. \u0130\u015fte sonu\u00e7.<\/p>\n<p><img loading=\"lazy\" decoding=\"async\" class=\"alignnone size-medium wp-image-5752\" src=\"https:\/\/www.yeryuzundebirkacadim.com\/wp-content\/uploads\/2023\/08\/IMG_20230607_115428-1024x577.jpg\" alt=\"\" width=\"1024\" height=\"577\" srcset=\"https:\/\/www.yeryuzundebirkacadim.com\/wp-content\/uploads\/2023\/08\/IMG_20230607_115428-1024x577.jpg 1024w, https:\/\/www.yeryuzundebirkacadim.com\/wp-content\/uploads\/2023\/08\/IMG_20230607_115428-768x433.jpg 768w, https:\/\/www.yeryuzundebirkacadim.com\/wp-content\/uploads\/2023\/08\/IMG_20230607_115428-816x460.jpg 816w, https:\/\/www.yeryuzundebirkacadim.com\/wp-content\/uploads\/2023\/08\/IMG_20230607_115428.jpg 1200w\" sizes=\"auto, (max-width: 1024px) 100vw, 1024px\" \/><\/p>\n<p><strong>9. Mars ?<\/strong><\/p>\n<p>Gezegen mi de\u011fi\u015ftirdik?<\/p>\n<p><img loading=\"lazy\" decoding=\"async\" class=\"alignnone size-medium wp-image-5756\" src=\"https:\/\/www.yeryuzundebirkacadim.com\/wp-content\/uploads\/2023\/08\/IMG_20230607_121002-1024x577.jpg\" alt=\"\" width=\"1024\" height=\"577\" srcset=\"https:\/\/www.yeryuzundebirkacadim.com\/wp-content\/uploads\/2023\/08\/IMG_20230607_121002-1024x577.jpg 1024w, https:\/\/www.yeryuzundebirkacadim.com\/wp-content\/uploads\/2023\/08\/IMG_20230607_121002-768x433.jpg 768w, https:\/\/www.yeryuzundebirkacadim.com\/wp-content\/uploads\/2023\/08\/IMG_20230607_121002-816x460.jpg 816w, https:\/\/www.yeryuzundebirkacadim.com\/wp-content\/uploads\/2023\/08\/IMG_20230607_121002.jpg 1200w\" sizes=\"auto, (max-width: 1024px) 100vw, 1024px\" \/><\/p>\n<p>B\u00f6lge; d\u00fcnyada Mars y\u00fczeyine en \u00e7ok benzeyen yermi\u015f. Bu nedenle The Last Days on Mars, The Martian, Mission to Mars, Red Planet gibi filmlere set olmu\u015f. &#8220;D\u00fcnyadaki Mars&#8221; olarak \u00fcnlenen Rum Vadisi&#8217;ne bat\u0131l\u0131 \u00fclkeler ba\u015fta olmak \u00fczere d\u00fcnyan\u0131n bir\u00e7ok yerinden ilgi artm\u0131\u015f.<\/p>\n<p>Marsl\u0131 filminin y\u00f6netmeni Ridley Scott b\u00f6lgeyi &#8220;Mars olabilece\u011fine dair \u015fimdiye kadar g\u00f6rd\u00fc\u011f\u00fcm en iyi manzara&#8221; diyerek anlat\u0131yor.<\/p>\n<p><img loading=\"lazy\" decoding=\"async\" class=\"alignnone size-medium wp-image-5754\" src=\"https:\/\/www.yeryuzundebirkacadim.com\/wp-content\/uploads\/2023\/08\/IMG_20230607_120844-1024x768.jpg\" alt=\"\" width=\"1024\" height=\"768\" srcset=\"https:\/\/www.yeryuzundebirkacadim.com\/wp-content\/uploads\/2023\/08\/IMG_20230607_120844-1024x768.jpg 1024w, https:\/\/www.yeryuzundebirkacadim.com\/wp-content\/uploads\/2023\/08\/IMG_20230607_120844-768x576.jpg 768w, https:\/\/www.yeryuzundebirkacadim.com\/wp-content\/uploads\/2023\/08\/IMG_20230607_120844-816x612.jpg 816w, https:\/\/www.yeryuzundebirkacadim.com\/wp-content\/uploads\/2023\/08\/IMG_20230607_120844.jpg 1382w\" sizes=\"auto, (max-width: 1024px) 100vw, 1024px\" \/><\/p>\n<p><strong>10. Ta\u015f\u0131d\u0131\u011f\u0131m\u0131z Kaya<\/strong><\/p>\n<p><img loading=\"lazy\" decoding=\"async\" class=\"alignnone size-medium wp-image-5755\" src=\"https:\/\/www.yeryuzundebirkacadim.com\/wp-content\/uploads\/2023\/08\/IMG-20230608-WA0413.jpg\" alt=\"\" width=\"768\" height=\"1024\" srcset=\"https:\/\/www.yeryuzundebirkacadim.com\/wp-content\/uploads\/2023\/08\/IMG-20230608-WA0413.jpg 768w, https:\/\/www.yeryuzundebirkacadim.com\/wp-content\/uploads\/2023\/08\/IMG-20230608-WA0413-749x999.jpg 749w\" sizes=\"auto, (max-width: 768px) 100vw, 768px\" \/><\/p>\n<p>San\u0131r\u0131m Sisifos Efsanesi&#8217;ni canland\u0131r\u0131yoruz \ud83d\ude42<\/p>\n<p><strong>11. \u00c7ay \u0130kram\u0131<\/strong><\/p>\n<p><img loading=\"lazy\" decoding=\"async\" class=\"alignnone size-medium wp-image-5762\" src=\"https:\/\/www.yeryuzundebirkacadim.com\/wp-content\/uploads\/2023\/08\/IMG_20230607_090119-1024x577.jpg\" alt=\"\" width=\"1024\" height=\"577\" srcset=\"https:\/\/www.yeryuzundebirkacadim.com\/wp-content\/uploads\/2023\/08\/IMG_20230607_090119-1024x577.jpg 1024w, https:\/\/www.yeryuzundebirkacadim.com\/wp-content\/uploads\/2023\/08\/IMG_20230607_090119-768x433.jpg 768w, https:\/\/www.yeryuzundebirkacadim.com\/wp-content\/uploads\/2023\/08\/IMG_20230607_090119-816x460.jpg 816w, https:\/\/www.yeryuzundebirkacadim.com\/wp-content\/uploads\/2023\/08\/IMG_20230607_090119.jpg 1200w\" sizes=\"auto, (max-width: 1024px) 100vw, 1024px\" \/><\/p>\n<p>Yolda b\u00fcy\u00fck bir \u00e7ad\u0131ra u\u011fruyoruz. Bize \u00e7ay ikram ediyorlar.<\/p>\n<p>Buradan amber sabunu ve misk parf\u00fcm\u00fc al\u0131yoruz.<\/p>\n<p>Art\u0131k gitme vaktimiz geldi. D\u00f6n\u00fc\u015f yoluna ge\u00e7iyoruz.<\/p>\n<p><img loading=\"lazy\" decoding=\"async\" class=\"alignnone size-medium wp-image-5757\" src=\"https:\/\/www.yeryuzundebirkacadim.com\/wp-content\/uploads\/2023\/08\/IMG_20230607_120023-1024x768.jpg\" alt=\"\" width=\"1024\" height=\"768\" srcset=\"https:\/\/www.yeryuzundebirkacadim.com\/wp-content\/uploads\/2023\/08\/IMG_20230607_120023-1024x768.jpg 1024w, https:\/\/www.yeryuzundebirkacadim.com\/wp-content\/uploads\/2023\/08\/IMG_20230607_120023-768x576.jpg 768w, https:\/\/www.yeryuzundebirkacadim.com\/wp-content\/uploads\/2023\/08\/IMG_20230607_120023-816x612.jpg 816w, https:\/\/www.yeryuzundebirkacadim.com\/wp-content\/uploads\/2023\/08\/IMG_20230607_120023.jpg 1200w\" sizes=\"auto, (max-width: 1024px) 100vw, 1024px\" \/><\/p>\n<p>Tesisten \u00e7ok memnun kald\u0131\u011f\u0131m\u0131z i\u00e7in telefonunu yaz\u0131yorum.<\/p>\n<p>Star Guide Camp : +962 7 7891 7542, +962 7 7528 8178<\/p>\n<p><strong>Hicaz Demir Yolu<\/strong> <strong>ve Tarihi Tren<\/strong><\/p>\n<p>Rum Vadisi&#8217;ne yakla\u015f\u0131k 5 km mesafede bulunuyor.<\/p>\n<p>Osmanl\u0131 D\u00f6neminde en b\u00fcy\u00fck projelerinden biri olan Hicaz Demiryolu II. Abd\u00fclhamid\u2019in emriyle \u015eam ve Medine aras\u0131nda 1900-1908 y\u0131llar\u0131nda in\u015fa ettirilmi\u015f.<\/p>\n<p>1900\u2019lerdeki stratejik hamlenin amac\u0131; \u200b\u0130mparatorlu\u011fun, bu b\u00f6lge ile yak\u0131nla\u015fmas\u0131 ve g\u00fcvenli bir hac yolunun sa\u011flanmas\u0131yd\u0131.<\/p>\n<p>Araplar\u0131 ba\u011f\u0131ms\u0131zl\u0131k i\u00e7in ayakland\u0131r\u0131p Osmanl\u0131lar&#8217;a kar\u015f\u0131 organize eden \u0130ngiliz ajan\u0131 Arabistanl\u0131 Lawrence ise s\u00fcrekli olarak bu demiryolu hatt\u0131n\u0131 sabote etmi\u015f.<\/p>\n<p>B\u00f6ylece Osmanl\u0131n\u0131n g\u00fcneydeki topraklar\u0131 ile olan ba\u011f\u0131n\u0131 koparm\u0131\u015flar.<\/p>\n<p>Hicaz Demiryolu hatt\u0131nda yer alan Wadi Rum \u0130stasyonu\u2019nda \u015fimdilerde T\u00fcrk bayrakl\u0131 bir tren bulunuyor.<\/p>\n<p>Ve turistlerin u\u011frad\u0131\u011f\u0131 bir durak haline gelmi\u015f.<\/p>\n<p>Hatta grup foto\u011fraf\u0131m\u0131z\u0131 yabanc\u0131 turistler\u00a0 \u00e7ekti.<\/p>\n<p><img loading=\"lazy\" decoding=\"async\" class=\"alignnone size-medium wp-image-5759\" src=\"https:\/\/www.yeryuzundebirkacadim.com\/wp-content\/uploads\/2023\/08\/IMG_20230607_131545-1024x577.jpg\" alt=\"\" width=\"1024\" height=\"577\" srcset=\"https:\/\/www.yeryuzundebirkacadim.com\/wp-content\/uploads\/2023\/08\/IMG_20230607_131545-1024x577.jpg 1024w, https:\/\/www.yeryuzundebirkacadim.com\/wp-content\/uploads\/2023\/08\/IMG_20230607_131545-768x433.jpg 768w, https:\/\/www.yeryuzundebirkacadim.com\/wp-content\/uploads\/2023\/08\/IMG_20230607_131545-816x460.jpg 816w, https:\/\/www.yeryuzundebirkacadim.com\/wp-content\/uploads\/2023\/08\/IMG_20230607_131545.jpg 1148w\" sizes=\"auto, (max-width: 1024px) 100vw, 1024px\" \/><\/p>\n<p>Saat 13 gibi Akabe&#8217;ye do\u011fru yola \u00e7\u0131k\u0131yoruz.<\/p>\n<p><img loading=\"lazy\" decoding=\"async\" class=\"alignnone size-medium wp-image-5760\" src=\"https:\/\/www.yeryuzundebirkacadim.com\/wp-content\/uploads\/2023\/08\/IMG_20230607_131108-1024x768.jpg\" alt=\"\" width=\"1024\" height=\"768\" srcset=\"https:\/\/www.yeryuzundebirkacadim.com\/wp-content\/uploads\/2023\/08\/IMG_20230607_131108-1024x768.jpg 1024w, https:\/\/www.yeryuzundebirkacadim.com\/wp-content\/uploads\/2023\/08\/IMG_20230607_131108-768x576.jpg 768w, https:\/\/www.yeryuzundebirkacadim.com\/wp-content\/uploads\/2023\/08\/IMG_20230607_131108-816x612.jpg 816w, https:\/\/www.yeryuzundebirkacadim.com\/wp-content\/uploads\/2023\/08\/IMG_20230607_131108.jpg 1382w\" sizes=\"auto, (max-width: 1024px) 100vw, 1024px\" \/><\/p>\n<p>&nbsp;<\/p>\n","protected":false},"excerpt":{"rendered":"<p>Gezimizin 3. g\u00fcn\u00fcnde, saat 17&#8217;ye kadar Petra&#8217;y\u0131 gezdik. Ard\u0131ndan Rum Vadisine do\u011fru yola \u00e7\u0131kt\u0131k. Rum Vadisi (Wadi Rum) Petra&#8217;n\u0131n (Musa Vadisi) 115 km g\u00fcneyinde ve Akabe&#8217;nin yakla\u015f\u0131k 70 km do\u011fusunda yer al\u0131yor. Korunan alan yakla\u015f\u0131k 74 hektarl\u0131k bir alan\u0131 kaplar.<\/p>\n","protected":false},"author":1,"featured_media":5764,"comment_status":"closed","ping_status":"closed","sticky":false,"template":"","format":"standard","meta":{"footnotes":""},"categories":[778],"tags":[727,726,690,728,725,724],"class_list":["post-5704","post","type-post","status-publish","format-standard","has-post-thumbnail","hentry","category-rum-vadisi","tag-anfashieh-petroglifleri","tag-jeep-tur","tag-jordan","tag-mushroom-rock","tag-rock-bridge","tag-wadi-rum"],"_links":{"self":[{"href":"https:\/\/www.yeryuzundebirkacadim.com\/index.php\/wp-json\/wp\/v2\/posts\/5704","targetHints":{"allow":["GET"]}}],"collection":[{"href":"https:\/\/www.yeryuzundebirkacadim.com\/index.php\/wp-json\/wp\/v2\/posts"}],"about":[{"href":"https:\/\/www.yeryuzundebirkacadim.com\/index.php\/wp-json\/wp\/v2\/types\/post"}],"author":[{"embeddable":true,"href":"https:\/\/www.yeryuzundebirkacadim.com\/index.php\/wp-json\/wp\/v2\/users\/1"}],"replies":[{"embeddable":true,"href":"https:\/\/www.yeryuzundebirkacadim.com\/index.php\/wp-json\/wp\/v2\/comments?post=5704"}],"version-history":[{"count":13,"href":"https:\/\/www.yeryuzundebirkacadim.com\/index.php\/wp-json\/wp\/v2\/posts\/5704\/revisions"}],"predecessor-version":[{"id":5768,"href":"https:\/\/www.yeryuzundebirkacadim.com\/index.php\/wp-json\/wp\/v2\/posts\/5704\/revisions\/5768"}],"wp:featuredmedia":[{"embeddable":true,"href":"https:\/\/www.yeryuzundebirkacadim.com\/index.php\/wp-json\/wp\/v2\/media\/5764"}],"wp:attachment":[{"href":"https:\/\/www.yeryuzundebirkacadim.com\/index.php\/wp-json\/wp\/v2\/media?parent=5704"}],"wp:term":[{"taxonomy":"category","embeddable":true,"href":"https:\/\/www.yeryuzundebirkacadim.com\/index.php\/wp-json\/wp\/v2\/categories?post=5704"},{"taxonomy":"post_tag","embeddable":true,"href":"https:\/\/www.yeryuzundebirkacadim.com\/index.php\/wp-json\/wp\/v2\/tags?post=5704"}],"curies":[{"name":"wp","href":"https:\/\/api.w.org\/{rel}","templated":true}]}}