


{"id":5692,"date":"2023-08-21T15:43:26","date_gmt":"2023-08-21T12:43:26","guid":{"rendered":"http:\/\/www.yeryuzundebirkacadim.com\/?p=5692"},"modified":"2024-08-19T13:55:57","modified_gmt":"2024-08-19T10:55:57","slug":"petra","status":"publish","type":"post","link":"https:\/\/www.yeryuzundebirkacadim.com\/index.php\/2023\/08\/21\/petra\/","title":{"rendered":"Petra"},"content":{"rendered":"<h3><strong>Petra Antik Kenti<\/strong><\/h3>\n<p>\u00dcrd\u00fcn\u2019\u00fcn en \u00f6nemli turistik cazibe noktas\u0131 ve ulusal simgesi.<\/p>\n<p>Petra tarihinin 10 bin y\u0131l \u00f6ncesine kadar gitti\u011fi varsay\u0131lsa da kent en parlak d\u00f6nemini 2 bin y\u0131l \u00f6ncesi ya\u015fam\u0131\u015f.<\/p>\n<p><!--more--><\/p>\n<p>Petra&#8217;n\u0131n tam olarak ne zaman in\u015fa edildi\u011fi bilinmemekle birlikte \u015fehir, M.\u00d6. 1. y\u00fczy\u0131ldan itibaren Nebati \u0130mparatorlu\u011fu&#8217;nun ba\u015fkenti olarak zenginle\u015fmeye ba\u015flam\u0131\u015f.<\/p>\n<p>(Nebati Krall\u0131\u011f\u0131 M.\u00d6. 400- M.S. 106 y\u0131llar\u0131 aras\u0131nda \u00dcrd\u00fcn&#8217;\u00fcn Edomi b\u00f6lgesinde bulunan devlet. Ba\u015fkenti Petra&#8217;yd\u0131. Arami dili ve alfabesi kullanm\u0131\u015flard\u0131r.)<\/p>\n<p><img loading=\"lazy\" decoding=\"async\" class=\"alignnone size-medium wp-image-5711\" src=\"https:\/\/www.yeryuzundebirkacadim.com\/wp-content\/uploads\/2023\/08\/IMG_20230606_155941-1024x577.jpg\" alt=\"\" width=\"1024\" height=\"577\" srcset=\"https:\/\/www.yeryuzundebirkacadim.com\/wp-content\/uploads\/2023\/08\/IMG_20230606_155941-1024x577.jpg 1024w, https:\/\/www.yeryuzundebirkacadim.com\/wp-content\/uploads\/2023\/08\/IMG_20230606_155941-768x433.jpg 768w, https:\/\/www.yeryuzundebirkacadim.com\/wp-content\/uploads\/2023\/08\/IMG_20230606_155941-816x460.jpg 816w, https:\/\/www.yeryuzundebirkacadim.com\/wp-content\/uploads\/2023\/08\/IMG_20230606_155941.jpg 1148w\" sizes=\"auto, (max-width: 1024px) 100vw, 1024px\" \/><\/p>\n<p>Petra daha sonra Roma \u0130mparatorlu\u011fu&#8217;na kat\u0131ld\u0131. Bu nedenle Antik Tiyatro, Kraliyet Mezarlar\u0131, Antik Su Yolu, s\u00fctunlu caddeler, an\u0131tsal yap\u0131lar, tap\u0131naklar gibi o d\u00f6nemden kalma bir\u00e7ok eser var.<\/p>\n<p>M.S. 363&#8217;te b\u00fcy\u00fck bir deprem \u015fehrin b\u00fcy\u00fck bir k\u0131sm\u0131n\u0131 yok edene kadar geli\u015fmeye devam etti.<\/p>\n<p>Ticaret yollar\u0131ndaki de\u011fi\u015fiklikler ve ya\u015fanan deprem \u015fehrin y\u0131k\u0131lmas\u0131na ve nihayetinde terk edilmesine yol a\u00e7t\u0131.<\/p>\n<p>7. y\u00fczy\u0131l\u0131n ortalar\u0131nda Petra b\u00fcy\u00fck \u00f6l\u00e7\u00fcde terk edilmi\u015fti. Daha sonra b\u00f6lgede sadece yerel Bedeviler ya\u015fad\u0131lar.<\/p>\n<p>1812&#8217;de \u0130svi\u00e7reli bir ka\u015fif, Petra&#8217;y\u0131 yeniden ke\u015ffetmek i\u00e7in yola \u00e7\u0131kt\u0131. Arap k\u0131l\u0131\u011f\u0131na girdi ve Bedevi rehberini onu kay\u0131p \u015fehre g\u00f6t\u00fcrmesi i\u00e7in ikna etti. Bundan sonra Petra, Bat\u0131&#8217;da b\u00fcy\u00fcleyici ve g\u00fczel bir antik \u015fehir olarak giderek daha fazla tan\u0131nmaya ve ziyaret\u00e7i \u00e7ekmeye ba\u015flad\u0131.<\/p>\n<p>Petra, eskiden Pagan Araplar\u0131n hac merkeziymi\u015f. Kabe k\u00fclt\u00fcr\u00fc \u0130slam \u00f6ncesinde Araplar aras\u0131nda olduk\u00e7a yayg\u0131nm\u0131\u015f. Arabistan\u2019da \u0130slam \u00f6ncesine ait bir\u00e7ok kabe varm\u0131\u015f. Bunlardan biri de Petra\u2019daym\u0131\u015f. Bir\u00e7ok eski caminin k\u0131blesi Mekke\u2019ye de\u011fil Petra\u2019ya bak\u0131yormu\u015f. Camilerin yan\u0131 s\u0131ra kilise ve sinagoglar da Petra\u2019ya d\u00f6n\u00fck yap\u0131lm\u0131\u015f.<\/p>\n<p>Araplar Petra\u2019ya\u00a0<strong>Bekka\u00a0<\/strong>diyormu\u015f. Mekke ile olduk\u00e7a yak\u0131n. Ayr\u0131ca Kuran\u2019da Fil sahiplerinin kabeye sald\u0131rd\u0131klar\u0131na dair bir \u00a0ayet varm\u0131\u015f. Arap yar\u0131madas\u0131nda su s\u0131k\u0131nt\u0131s\u0131ndan dolay\u0131 fillerin ya\u015famas\u0131 imkans\u0131zd\u0131. Petra\u2019n\u0131n su a\u00e7\u0131s\u0131ndan zengin olmas\u0131 ve fil motiflerinin kentin bir\u00e7ok yerinde i\u015flenmesi Kuran\u2019da anlat\u0131lan durumun Petra\u2019da ge\u00e7ti\u011fine inan\u0131lmas\u0131na neden oluyormu\u015f.<\/p>\n<p>Petra\u2019n\u0131n \u0130slam\u2019\u0131n Kay\u0131p \u015eehri oldu\u011funa dair bir gizem bu. Sadece \u0130slam de\u011fil bir\u00e7ok din i\u00e7in Petra gizemli bir kent.<\/p>\n<p>Petra, kayalar\u0131n renginden dolay\u0131 \u201cK\u0131z\u0131l \u015eehir\u201d &#8220;Pembe \u015eehir&#8221; olarak da bilinir.<\/p>\n<p>6 Aral\u0131k 1985&#8217;te Petra, D\u00fcnya Miras\u0131 Listesi&#8217;ne al\u0131nd\u0131. Bir\u00e7ok ilgili kurulu\u015f taraf\u0131ndan \u00f6lmeden \u00f6nce ziyaret edilmesi gereken yerler listesinde bulunuyor.<\/p>\n<p>Daha \u00f6nemlisi, 2007&#8217;de Petra, D\u00fcnyan\u0131n Yeni Yedi Harikas\u0131ndan biri olarak ilan edildi ve d\u00fcnya \u00e7ap\u0131nda bir turizm merkezi haline geldi .<\/p>\n<p>Cazibesi ve antik k\u00fclt\u00fcrel miras\u0131yla tan\u0131nan Petra \u015fehri, da\u011flar\u0131n\u0131n i\u00e7ine m\u00fckemmel bir \u015fekilde oyulmu\u015f, etkileyici bir uygarl\u0131\u011f\u0131n, Nebati Araplar\u0131n\u0131n ba\u015far\u0131s\u0131n\u0131n simgesidir.<\/p>\n<p>B\u00f6lge; Indiana Jones ve Mumya gibi pek \u00e7ok Hollywood filmine set olmu\u015f.<\/p>\n<p>Lut g\u00f6l\u00fcnden yakla\u015f\u0131k 3 saatlik bir yolculuk ile Petra&#8217;ya ula\u015f\u0131yoruz. H\u0131zl\u0131ca otele u\u011fray\u0131p resepsiyoniste merhaba deyip gece g\u00f6sterisi i\u00e7in Petra Antik \u015eehri&#8217;ne gidiyoruz.<\/p>\n<p>Pazartesi, \u00c7ar\u015famba veya Per\u015fembe ak\u015famlar\u0131 Petra&#8217;da me\u015fhur \u201cMum I\u015f\u0131\u011f\u0131\u201d g\u00f6sterisi olan Gece by night yap\u0131l\u0131yor. Antik \u015fehir giri\u015finden Hazine&#8217;ye kadar yol ve Hazinenin \u00f6n\u00fcndeki alan mumlarla ayd\u0131nlat\u0131l\u0131yor.<\/p>\n<p>Biletler Turist Merkezi&#8217;nde sat\u0131l\u0131yor. Giri\u015f 17 JOD. Jordan Pass&#8217;a dahil de\u011fil.<\/p>\n<p>Ak\u015fam 8 gibi Antik kentin giri\u015f kap\u0131s\u0131 a\u00e7\u0131l\u0131yor. Uzun bir kuyruk oluyor. Kalabal\u0131k turist toplulu\u011fu ile birlikte Hazine&#8217;ye y\u00fcr\u00fcn\u00fcyor. Yol, mum \u0131\u015f\u0131\u011f\u0131nda olduk\u00e7a gizemli g\u00f6r\u00fcn\u00fcyor.<\/p>\n<p>Hazine&#8217;nin \u00f6n\u00fcndeki alana vard\u0131ktan sonra Bedeviler \u00e7ay servisi yap\u0131yor. Ancak \u015fekerli haz\u0131rlanm\u0131\u015f \u00e7ay veriyorlar. \u0130\u00e7emedik.<\/p>\n<p>Ve g\u00f6steri ba\u015fl\u0131yor. Hazine rengarenk \u0131\u015f\u0131klarla ayd\u0131nlat\u0131l\u0131yor. Bu arada yerel sanat\u00e7\u0131lar m\u00fczik aleti \u00e7al\u0131yorlar. Pek muhte\u015fem de\u011fil. Ancak karanl\u0131kta, bin bir milletten gelmi\u015f insanlarla, mum \u0131\u015f\u0131\u011f\u0131nda renkli \u0131\u015f\u0131klar ile ayd\u0131nlat\u0131lm\u0131\u015f Antik bir yap\u0131y\u0131 g\u00f6rmenin, ge\u00e7mi\u015fi hissetmenin b\u00fcy\u00fcs\u00fc var emin olun.<\/p>\n<p><img loading=\"lazy\" decoding=\"async\" class=\"size-medium wp-image-5641\" src=\"https:\/\/www.yeryuzundebirkacadim.com\/wp-content\/uploads\/2023\/08\/IMG_20230605_212600-768x1024.jpg\" alt=\"\" width=\"768\" height=\"1024\" srcset=\"https:\/\/www.yeryuzundebirkacadim.com\/wp-content\/uploads\/2023\/08\/IMG_20230605_212600-768x1023.jpg 768w, https:\/\/www.yeryuzundebirkacadim.com\/wp-content\/uploads\/2023\/08\/IMG_20230605_212600-750x999.jpg 750w, https:\/\/www.yeryuzundebirkacadim.com\/wp-content\/uploads\/2023\/08\/IMG_20230605_212600.jpg 857w\" sizes=\"auto, (max-width: 768px) 100vw, 768px\" \/><\/p>\n<p>G\u00f6steri yar\u0131m saate yak\u0131n s\u00fcr\u00fcyor.<\/p>\n<p>Buray\u0131 ertesi g\u00fcn g\u00fcnd\u00fcz g\u00f6z\u00fcyle gezece\u011fiz.<\/p>\n<p>Gezimizin 3. g\u00fcn\u00fcnde sabah ziyaret\u00e7i merkezinden Petra Antik Kenti biletlerimizi al\u0131yoruz. 50 JOD<\/p>\n<p>Nebatiler, \u00f6l\u00fclerini da\u011f yama\u00e7lar\u0131na oyulmu\u015f mezarlara g\u00f6mm\u00fc\u015fler. Antik \u015fehirde bu kaya mezarlar\u0131, tap\u0131naklar, bir tiyatro yan\u0131 s\u0131ra Roma ve Bizans hakimiyetinden kalma s\u00fctunlu bir cadde ve kiliseler bulunuyor.<\/p>\n<p>@ontheluce.com&#8217;dan ald\u0131\u011f\u0131m harita<\/p>\n<p><img decoding=\"async\" src=\"https:\/\/www.ontheluce.com\/wp-content\/uploads\/2013\/01\/petra-map-jordan.jpg.webp\" alt=\"Visiting Petra in Jordan: Everything you need to know \u2013 On ...\" \/><\/p>\n<p>Petra gezisi i\u00e7in yan\u0131m\u0131za ald\u0131\u011f\u0131m\u0131z \u015feyler: so\u011fuk su dolu termos, g\u00fcne\u015f kremi, \u015fapka, iyi bir spor ayakkab\u0131, harita.<\/p>\n<p>Antik \u015fehri gezmek i\u00e7in birka\u00e7 yol g\u00fczergah\u0131 var.<\/p>\n<p>En k\u0131sa olan basit yol (main trail) 4 km.<\/p>\n<p><strong>Main Trail: <\/strong>Rota; Petra&#8217;n\u0131n ziyaret\u00e7i merkezinden ba\u015flayarak Siq&#8217;ten Hazine&#8217;ye, ard\u0131ndan Kraliyet Mezarlar\u0131, S\u00fctunlu Cadde ve K\u0131z Saray\u0131&#8217;na (Kasr al-Bint) kadar devam ediyor. Hazine ve sonras\u0131ndakiler zaten birbirlerine \u00e7ok yak\u0131n. En \u00e7ok yap\u0131lan rota da bu. Kolay kategorisinde ve ziyaret a\u00e7\u0131s\u0131ndan da tatmin edici bir rota.<\/p>\n<p>K\u0131z Saray\u0131&#8217;ndan Manast\u0131r&#8217;a kadar olan yol olduk\u00e7a zor. \u00c7o\u011fu yerde patika ve basamakl\u0131. (Sonradan buran\u0131n zor bir etap oldu\u011funu \u00f6\u011frendik :()<\/p>\n<p>Ama biz Manast\u0131r&#8217;\u0131 da g\u00f6rece\u011fiz diye tutturduk. Giri\u015ften Manast\u0131r&#8217;a kadar gidi\u015f ve d\u00f6n\u00fc\u015f olduk\u00e7a uzun bir yol. Biz otelde konu\u015furken resepsiyondaki gen\u00e7 -ayn\u0131 zamanda otelin sahiplerinden- bize bir fikir verdi. Bize ara\u00e7 ayarlayacakt\u0131. B\u00f6ylece ara\u00e7la Manast\u0131r&#8217;a yak\u0131n bir yere gidecektik. Manast\u0131r&#8217;dan geriye tek y\u00f6n yapacakt\u0131k. Bu fikir bize \u00e7ok cazip geldi.<\/p>\n<p>Ancak bu g\u00fczergah\u0131 bitirdikten sonra bir hesap yapt\u0131m. Sonu\u00e7: Siq&#8217;den ba\u015flay\u0131p Manast\u0131r&#8217;a gidip gelmekle Manast\u0131r&#8217;dan\u00a0 tek y\u00f6n gelmek ayn\u0131 s\u00fcre tutuyor.<\/p>\n<p>Araba bizi Manast\u0131r taraf\u0131nda bir yere b\u0131rakt\u0131. Do\u011fal olarak Manast\u0131r&#8217;a az bir yolumuz kald\u0131\u011f\u0131n\u0131 d\u00fc\u015f\u00fcnd\u00fck. Otelin sahibi haritada \u00f6yle g\u00f6stermi\u015fti \ud83d\ude41<\/p>\n<p>Oysa arabadan inince suttle benzeri bir araca daha bindik. Ard\u0131ndan yaya olarak Manast\u0131r&#8217;a 2 saatte geldik. Ve bu etap ger\u00e7ekten \u00e7ok zordu. Siz sak\u0131n b\u00f6yle yapmay\u0131n. Bize ara\u00e7 kiralamak i\u00e7in kand\u0131rm\u0131\u015f oldu. Ama y\u0131k\u0131lmad\u0131k ayaktay\u0131z \ud83d\ude42<\/p>\n<p>Evet ara\u00e7tan inip Manast\u0131r&#8217;a do\u011fru yaya olarak y\u00fcr\u00fcmeye ba\u015flad\u0131\u011f\u0131m\u0131zda Bedeviler e\u015fe\u011fe binmemiz i\u00e7in etraf\u0131m\u0131zda doland\u0131lar ama d\u00fc\u015f\u00fcnmedik bile. Bu dik ini\u015f ve \u00e7\u0131k\u0131\u015fl\u0131 yolda, hem de e\u015fekle. Olduk\u00e7a \u00fcrk\u00fct\u00fcc\u00fc.<\/p>\n<p><img loading=\"lazy\" decoding=\"async\" class=\"alignnone size-medium wp-image-5642\" src=\"https:\/\/www.yeryuzundebirkacadim.com\/wp-content\/uploads\/2023\/08\/IMG_20230606_113420-1024x531.jpg\" alt=\"\" width=\"1024\" height=\"531\" srcset=\"https:\/\/www.yeryuzundebirkacadim.com\/wp-content\/uploads\/2023\/08\/IMG_20230606_113420-1024x531.jpg 1024w, https:\/\/www.yeryuzundebirkacadim.com\/wp-content\/uploads\/2023\/08\/IMG_20230606_113420-768x398.jpg 768w, https:\/\/www.yeryuzundebirkacadim.com\/wp-content\/uploads\/2023\/08\/IMG_20230606_113420-816x423.jpg 816w, https:\/\/www.yeryuzundebirkacadim.com\/wp-content\/uploads\/2023\/08\/IMG_20230606_113420.jpg 1170w\" sizes=\"auto, (max-width: 1024px) 100vw, 1024px\" \/><\/p>\n<p>Bu arada Manast\u0131r yolunda 1000 basamak oldu\u011fundan s\u00f6z ettiler ama inanmad\u0131m. (O saatten sonra inansam ne olurdu ki :)). Manast\u0131r&#8217;a, inmeli ama \u00e7o\u011fu \u00e7\u0131kmal\u0131, kimisi \u00e7ok dar, kimisi kaygan yakla\u015f\u0131k bin basamak yan\u0131 s\u0131ra patika, kaya, kumlardan olu\u015fan yollardan ge\u00e7erek vard\u0131k.<\/p>\n<p><img loading=\"lazy\" decoding=\"async\" class=\"alignnone size-medium wp-image-5646\" src=\"https:\/\/www.yeryuzundebirkacadim.com\/wp-content\/uploads\/2023\/08\/IMG_20230606_113907-1024x577.jpg\" alt=\"\" width=\"1024\" height=\"577\" srcset=\"https:\/\/www.yeryuzundebirkacadim.com\/wp-content\/uploads\/2023\/08\/IMG_20230606_113907-1024x577.jpg 1024w, https:\/\/www.yeryuzundebirkacadim.com\/wp-content\/uploads\/2023\/08\/IMG_20230606_113907-768x433.jpg 768w, https:\/\/www.yeryuzundebirkacadim.com\/wp-content\/uploads\/2023\/08\/IMG_20230606_113907-816x460.jpg 816w, https:\/\/www.yeryuzundebirkacadim.com\/wp-content\/uploads\/2023\/08\/IMG_20230606_113907.jpg 1200w\" sizes=\"auto, (max-width: 1024px) 100vw, 1024px\" \/><\/p>\n<p>Zorlu 2 saatlik bir etapt\u0131 ama do\u011fa enfesti.<\/p>\n<p><img loading=\"lazy\" decoding=\"async\" class=\"alignnone size-medium wp-image-5645\" src=\"https:\/\/www.yeryuzundebirkacadim.com\/wp-content\/uploads\/2023\/08\/IMG_20230606_121813-1024x768.jpg\" alt=\"\" width=\"1024\" height=\"768\" srcset=\"https:\/\/www.yeryuzundebirkacadim.com\/wp-content\/uploads\/2023\/08\/IMG_20230606_121813-1024x768.jpg 1024w, https:\/\/www.yeryuzundebirkacadim.com\/wp-content\/uploads\/2023\/08\/IMG_20230606_121813-768x576.jpg 768w, https:\/\/www.yeryuzundebirkacadim.com\/wp-content\/uploads\/2023\/08\/IMG_20230606_121813-816x612.jpg 816w, https:\/\/www.yeryuzundebirkacadim.com\/wp-content\/uploads\/2023\/08\/IMG_20230606_121813.jpg 1200w\" sizes=\"auto, (max-width: 1024px) 100vw, 1024px\" \/><\/p>\n<p><img loading=\"lazy\" decoding=\"async\" class=\"alignnone size-medium wp-image-5647\" src=\"https:\/\/www.yeryuzundebirkacadim.com\/wp-content\/uploads\/2023\/08\/IMG_20230606_113646-1024x768.jpg\" alt=\"\" width=\"1024\" height=\"768\" srcset=\"https:\/\/www.yeryuzundebirkacadim.com\/wp-content\/uploads\/2023\/08\/IMG_20230606_113646-1024x768.jpg 1024w, https:\/\/www.yeryuzundebirkacadim.com\/wp-content\/uploads\/2023\/08\/IMG_20230606_113646-768x576.jpg 768w, https:\/\/www.yeryuzundebirkacadim.com\/wp-content\/uploads\/2023\/08\/IMG_20230606_113646-816x612.jpg 816w, https:\/\/www.yeryuzundebirkacadim.com\/wp-content\/uploads\/2023\/08\/IMG_20230606_113646.jpg 1200w\" sizes=\"auto, (max-width: 1024px) 100vw, 1024px\" \/><\/p>\n<p>Gezinin sonunda hepimiz \u015f\u00f6yle dedik. &#8220;Parkurun b\u00f6yle zor oldu\u011funu bilseydik buraya kadar gelmezdik. \u0130yi ki bilmeden gelmi\u015fiz ve bu do\u011fa harikas\u0131 yerleri g\u00f6rm\u00fc\u015f\u00fcz.&#8221;<\/p>\n<p>Gezdi\u011fimiz yerleri size normal giri\u015ften ba\u015flayarak s\u0131ras\u0131yla anlataca\u011f\u0131m. Tersiniz d\u00f6nmesin \ud83d\ude42<\/p>\n<p>Ziyaret noktas\u0131ndan Bab el Siq&#8217;e do\u011fru y\u00fcr\u00fcyoruz.<\/p>\n<p><strong>Djinn Bloklar\u0131 (Cin Bloklar\u0131)<\/strong><\/p>\n<p><img loading=\"lazy\" decoding=\"async\" class=\"alignnone size-medium wp-image-5651\" src=\"https:\/\/www.yeryuzundebirkacadim.com\/wp-content\/uploads\/2023\/08\/IMG_20230606_164142-1024x577.jpg\" alt=\"\" width=\"1024\" height=\"577\" srcset=\"https:\/\/www.yeryuzundebirkacadim.com\/wp-content\/uploads\/2023\/08\/IMG_20230606_164142-1024x577.jpg 1024w, https:\/\/www.yeryuzundebirkacadim.com\/wp-content\/uploads\/2023\/08\/IMG_20230606_164142-768x433.jpg 768w, https:\/\/www.yeryuzundebirkacadim.com\/wp-content\/uploads\/2023\/08\/IMG_20230606_164142-816x460.jpg 816w, https:\/\/www.yeryuzundebirkacadim.com\/wp-content\/uploads\/2023\/08\/IMG_20230606_164142.jpg 1200w\" sizes=\"auto, (max-width: 1024px) 100vw, 1024px\" \/><\/p>\n<p>Yakla\u015f\u0131k 400 metre sonra sa\u011f tarafta, kayaya oyulmu\u015f kare \u015feklindeki an\u0131tlardan olu\u015fan \u00fc\u00e7 b\u00fcy\u00fck Djinn blo\u011fu g\u00f6r\u00fcl\u00fcyor.<\/p>\n<p>Devasa kumta\u015f\u0131 bloklard\u0131r. Bu bloklar mezar olarak kullan\u0131lm\u0131\u015f ve 2000 y\u0131l \u00f6nce Nebatiler taraf\u0131ndan oyulmu\u015f.<\/p>\n<p>Djinn Bloklar\u0131, Nebat mimarisi ve m\u00fchendisli\u011finin en iyi \u00f6rneklerinden baz\u0131lar\u0131 olarak kabul edilir.<\/p>\n<p><strong>Dikilita\u015f Mezar\u0131<\/strong><\/p>\n<p>Bloklardan hemen sonra g\u00f6r\u00fcl\u00fcr. Onurlu bir Nebatean t\u00fcccar\u0131n\u0131 onurland\u0131rmak i\u00e7in dikilen bir mezard\u0131r.<\/p>\n<p>Mezar\u0131n \u00fczerinde d\u00f6rt piramit (nefes) ve orada g\u00f6m\u00fclen be\u015f ki\u015finin sembolik bir temsili olan al\u00e7ak kabartma bir heykelin bulundu\u011fu bir ni\u015f vard\u0131r.<\/p>\n<p>Alt\u0131nda bir ziyafet salonu olan Triclinium var. Yap\u0131tta Nabataean ve Yunanca \u00e7ifte yaz\u0131t vard\u0131r ve mezar\u0131n muhtemelen II. Malichus d\u00f6neminde (M.S. 40-70) kendisi ve ailesi i\u00e7in kullan\u0131ld\u0131\u011f\u0131n\u0131 belirtmektedir.<\/p>\n<p><img loading=\"lazy\" decoding=\"async\" class=\"alignnone size-medium wp-image-5652\" src=\"https:\/\/www.yeryuzundebirkacadim.com\/wp-content\/uploads\/2023\/08\/IMG_20230606_164022-1024x577.jpg\" alt=\"\" width=\"1024\" height=\"577\" srcset=\"https:\/\/www.yeryuzundebirkacadim.com\/wp-content\/uploads\/2023\/08\/IMG_20230606_164022-1024x577.jpg 1024w, https:\/\/www.yeryuzundebirkacadim.com\/wp-content\/uploads\/2023\/08\/IMG_20230606_164022-768x433.jpg 768w, https:\/\/www.yeryuzundebirkacadim.com\/wp-content\/uploads\/2023\/08\/IMG_20230606_164022-816x460.jpg 816w, https:\/\/www.yeryuzundebirkacadim.com\/wp-content\/uploads\/2023\/08\/IMG_20230606_164022.jpg 1200w\" sizes=\"auto, (max-width: 1024px) 100vw, 1024px\" \/><\/p>\n<p><strong>Bab El Siq<\/strong><\/p>\n<p>\u201cBab Al Siq\u201d, Arap\u00e7a &#8220;siq&#8221;e a\u00e7\u0131lan kap\u0131 anlam\u0131na gelir. Petra \u015fehrine giden antik ana giri\u015ftir. Yakla\u015f\u0131k 1200 m uzunlu\u011funda ve 3-12 metre geni\u015fli\u011findedir. Yanlarda bulunan yakla\u015f\u0131k 80 metre y\u00fcksekli\u011findeki kayalar\u0131n \u00e7o\u011fu do\u011fald\u0131r. Ancak bir k\u0131sm\u0131 Nebatiler taraf\u0131ndan yontulmu\u015ftur.<\/p>\n<p>Siq&#8217;in her iki yan\u0131nda, Wadi Musa&#8217;dan (Musa Vadisi) yani \u015fehrin d\u0131\u015f\u0131ndan i\u00e7eriye su \u00e7ekmek i\u00e7in yap\u0131lm\u0131\u015f kanallar vard\u0131r.<\/p>\n<p>Petra&#8217;n\u0131n etraf\u0131ndaki alan\u0131n (vadinin), Musa&#8217;n\u0131n ge\u00e7ti\u011fi ve asas\u0131n\u0131 vurup su \u00e7\u0131kard\u0131\u011f\u0131 yer oldu\u011funa inan\u0131l\u0131r. O nedenle bu b\u00f6lgeye Musa Vadisi denir.<\/p>\n<p><img loading=\"lazy\" decoding=\"async\" class=\"alignnone size-medium wp-image-5653\" src=\"https:\/\/www.yeryuzundebirkacadim.com\/wp-content\/uploads\/2023\/08\/IMG_20230606_163127-1024x577.jpg\" alt=\"\" width=\"1024\" height=\"577\" srcset=\"https:\/\/www.yeryuzundebirkacadim.com\/wp-content\/uploads\/2023\/08\/IMG_20230606_163127-1024x577.jpg 1024w, https:\/\/www.yeryuzundebirkacadim.com\/wp-content\/uploads\/2023\/08\/IMG_20230606_163127-768x433.jpg 768w, https:\/\/www.yeryuzundebirkacadim.com\/wp-content\/uploads\/2023\/08\/IMG_20230606_163127-816x460.jpg 816w, https:\/\/www.yeryuzundebirkacadim.com\/wp-content\/uploads\/2023\/08\/IMG_20230606_163127.jpg 1200w\" sizes=\"auto, (max-width: 1024px) 100vw, 1024px\" \/><\/p>\n<p><strong>Petra Hazinesi (Al Khazneh)<\/strong><\/p>\n<p><img loading=\"lazy\" decoding=\"async\" class=\"alignnone size-medium wp-image-5655\" src=\"https:\/\/www.yeryuzundebirkacadim.com\/wp-content\/uploads\/2023\/08\/IMG_20230606_155438.jpg\" alt=\"\" width=\"984\" height=\"554\" srcset=\"https:\/\/www.yeryuzundebirkacadim.com\/wp-content\/uploads\/2023\/08\/IMG_20230606_155438.jpg 984w, https:\/\/www.yeryuzundebirkacadim.com\/wp-content\/uploads\/2023\/08\/IMG_20230606_155438-768x432.jpg 768w, https:\/\/www.yeryuzundebirkacadim.com\/wp-content\/uploads\/2023\/08\/IMG_20230606_155438-816x459.jpg 816w\" sizes=\"auto, (max-width: 984px) 100vw, 984px\" \/><\/p>\n<p>\u0130nsan eliyle kayalara oyularak yap\u0131lm\u0131\u015f olan Hazine (Al-Khazneh) antik kentin en \u00e7ok foto\u011fraflanan noktas\u0131.<\/p>\n<p>M.\u00d6. 1 y\u00fczy\u0131lda in\u015fa edilen Hazine, 25 metre geni\u015fli\u011finde ve 39 metre y\u00fcksekli\u011finde iki kattan olu\u015fmaktad\u0131r. Nebatilerin kayay\u0131 oyarak yapt\u0131klar\u0131 t\u00fcm yap\u0131larda oldu\u011fu gibi yukar\u0131dan a\u015fa\u011f\u0131ya do\u011fru yap\u0131lm\u0131\u015ft\u0131r.<\/p>\n<p>As\u0131l ad\u0131 Firavun&#8217;un Hazinesi imi\u015f. Yap\u0131, yerel efsaneye g\u00f6re bir firavunun hazinesini gizleyen bir cenaze vazosu ile ta\u00e7land\u0131r\u0131lm\u0131\u015ft\u0131r.\u00a0 Ancak ger\u00e7ekte vazo, bir kraliyet an\u0131t\u0131n\u0131 temsil ediyormu\u015f.<\/p>\n<p>Baz\u0131 arkeologlar bunun bir tap\u0131nak oldu\u011funa inan\u0131rken, di\u011ferleri bunun belgeleri saklamak i\u00e7in bir yer oldu\u011funu d\u00fc\u015f\u00fcnm\u00fc\u015f. Ancak burada yap\u0131lan son kaz\u0131larda Hazine&#8217;nin alt\u0131nda bir mezarl\u0131k ortaya \u00e7\u0131kar\u0131lm\u0131\u015f.<\/p>\n<p>Nebati uygarl\u0131\u011f\u0131n\u0131n Roma mimarisinden etkilenerek in\u015fa etti\u011fi Hazine&#8217;nin \u00f6n cephesi, Nebati, Roma, Pagan ve M\u0131s\u0131r k\u00fclt\u00fcr\u00fcn\u00fcn mitolojik fig\u00fcrleri, hayvanlar ve \u00e7i\u00e7ekler ile s\u00fcslenmi\u015f. S\u00fctunlarda korint ba\u015fl\u0131klar kullan\u0131lm\u0131\u015f.<\/p>\n<p><img loading=\"lazy\" decoding=\"async\" class=\"alignnone size-medium wp-image-5656\" src=\"https:\/\/www.yeryuzundebirkacadim.com\/wp-content\/uploads\/2023\/08\/IMG_20230606_160232-1024x577.jpg\" alt=\"\" width=\"1024\" height=\"577\" srcset=\"https:\/\/www.yeryuzundebirkacadim.com\/wp-content\/uploads\/2023\/08\/IMG_20230606_160232-1024x577.jpg 1024w, https:\/\/www.yeryuzundebirkacadim.com\/wp-content\/uploads\/2023\/08\/IMG_20230606_160232-768x433.jpg 768w, https:\/\/www.yeryuzundebirkacadim.com\/wp-content\/uploads\/2023\/08\/IMG_20230606_160232-816x460.jpg 816w, https:\/\/www.yeryuzundebirkacadim.com\/wp-content\/uploads\/2023\/08\/IMG_20230606_160232.jpg 1200w\" sizes=\"auto, (max-width: 1024px) 100vw, 1024px\" \/><\/p>\n<p>Gelmeden \u00f6nce okudu\u011fum bloglardan \u00f6\u011frendi\u011fim, Petra&#8217;y\u0131 yukar\u0131dan g\u00f6ren, \u00e7\u0131kmas\u0131 biraz zor olan bir manzara teras\u0131na \u00e7\u0131k\u0131yorum. Bunun i\u00e7in yan\u0131ma gelen \u00e7ocukla vakit kaybetmeden pazarl\u0131\u011f\u0131m\u0131 yap\u0131yorum. Y\u00fckseklik korkusu olan kocam da gelecekken son anda vaz ge\u00e7iyor. Bu da yetmezmi\u015f gibi beni vaz ge\u00e7irmeye \u00e7al\u0131\u015f\u0131yor. Sonu\u00e7: Petra buradan ayr\u0131 g\u00fczel.<\/p>\n<p><img loading=\"lazy\" decoding=\"async\" class=\"alignnone size-medium wp-image-5654\" src=\"https:\/\/www.yeryuzundebirkacadim.com\/wp-content\/uploads\/2023\/08\/IMG_20230606_154834_1-768x1024.jpg\" alt=\"\" width=\"768\" height=\"1024\" srcset=\"https:\/\/www.yeryuzundebirkacadim.com\/wp-content\/uploads\/2023\/08\/IMG_20230606_154834_1-768x1024.jpg 768w, https:\/\/www.yeryuzundebirkacadim.com\/wp-content\/uploads\/2023\/08\/IMG_20230606_154834_1-749x999.jpg 749w, https:\/\/www.yeryuzundebirkacadim.com\/wp-content\/uploads\/2023\/08\/IMG_20230606_154834_1.jpg 900w\" sizes=\"auto, (max-width: 768px) 100vw, 768px\" \/><\/p>\n<p><strong>Cepheler Caddesi<\/strong><\/p>\n<p>Cepheler Caddesi, Petra kentinin ana merkezine \u00e7\u0131kar. Caddede kayal\u0131klara oyulmu\u015f birka\u00e7 cephede an\u0131tsal Nebati mezarlar\u0131 dizisi bulunur.<\/p>\n<p><strong>Anesho mezar\u0131 (Uneishu mezar\u0131)<\/strong><\/p>\n<p><img loading=\"lazy\" decoding=\"async\" class=\"alignnone size-medium wp-image-5658\" src=\"https:\/\/www.yeryuzundebirkacadim.com\/wp-content\/uploads\/2023\/08\/IMG_20230606_153035-1024x577.jpg\" alt=\"\" width=\"1024\" height=\"577\" srcset=\"https:\/\/www.yeryuzundebirkacadim.com\/wp-content\/uploads\/2023\/08\/IMG_20230606_153035-1024x577.jpg 1024w, https:\/\/www.yeryuzundebirkacadim.com\/wp-content\/uploads\/2023\/08\/IMG_20230606_153035-768x433.jpg 768w, https:\/\/www.yeryuzundebirkacadim.com\/wp-content\/uploads\/2023\/08\/IMG_20230606_153035-816x460.jpg 816w, https:\/\/www.yeryuzundebirkacadim.com\/wp-content\/uploads\/2023\/08\/IMG_20230606_153035.jpg 1200w\" sizes=\"auto, (max-width: 1024px) 100vw, 1024px\" \/><\/p>\n<p>Anesho, M.S. 70- 76 y\u0131llar\u0131 aras\u0131nda o\u011flu II. Rabil&#8217;in taht\u0131n\u0131n koruyucusu olarak h\u00fck\u00fcm s\u00fcren Krali\u00e7e II. Nabatiyeh Shaqilh&#8217;in bakan\u0131yd\u0131. Bu mezarlar M.S. 1. y\u00fczy\u0131l\u0131n ortalar\u0131ndaki sarayl\u0131lar\u0131 temsil etmektedir.<\/p>\n<p><strong>Royal Tombs (Kraliyet Mezarlar\u0131)<\/strong><\/p>\n<p>Antik Tiyatro\u2019ya bakan da\u011flar\u0131n cephesine yontulmu\u015f Kraliyet Mezarlar\u0131 olduk\u00e7a etkileyici bir yap\u0131ya sahip. Arkeolojik kan\u0131tlar\u0131n olmamas\u0131 nedeniyle mezarlar\u0131 Nebati h\u00fck\u00fcmdarlar\u0131yla ili\u015fkilendirmek \u00e7ok m\u00fcmk\u00fcn de\u011fil. Ancak yine de son ara\u015ft\u0131rmalara g\u00f6re mezarlar\u0131n kraliyet ailesi i\u00e7in yap\u0131ld\u0131\u011f\u0131 sonu\u00e7lar\u0131 \u00e7\u0131km\u0131\u015f.<\/p>\n<p>Toplamda 4 tane mezar bulunuyor. Bu mezarlar s\u0131ras\u0131yla\u00a0Urn Mezar\u0131, \u0130pek Mezar\u0131, Korint Mezar\u0131 ve Saray Mezar\u0131.<\/p>\n<p><strong>Urn Mezar\u0131 (Mahkeme)<\/strong><\/p>\n<p><img loading=\"lazy\" decoding=\"async\" class=\"alignnone size-medium wp-image-5661\" src=\"https:\/\/www.yeryuzundebirkacadim.com\/wp-content\/uploads\/2023\/08\/IMG_20230606_152119-1024x577.jpg\" alt=\"\" width=\"1024\" height=\"577\" srcset=\"https:\/\/www.yeryuzundebirkacadim.com\/wp-content\/uploads\/2023\/08\/IMG_20230606_152119-1024x577.jpg 1024w, https:\/\/www.yeryuzundebirkacadim.com\/wp-content\/uploads\/2023\/08\/IMG_20230606_152119-768x433.jpg 768w, https:\/\/www.yeryuzundebirkacadim.com\/wp-content\/uploads\/2023\/08\/IMG_20230606_152119-816x460.jpg 816w, https:\/\/www.yeryuzundebirkacadim.com\/wp-content\/uploads\/2023\/08\/IMG_20230606_152119.jpg 1200w\" sizes=\"auto, (max-width: 1024px) 100vw, 1024px\" \/><\/p>\n<p>Ad\u0131n\u0131 al\u0131nl\u0131\u011f\u0131 ta\u00e7land\u0131ran k\u00fcpten alm\u0131\u015ft\u0131r. Muhtemelen M.S. 70 civar\u0131nda in\u015fa edilmi\u015ftir. \u00d6n\u00fcnde, iki yan\u0131nda revaklar bulunan derin bir avlu vard\u0131r. Cephede y\u00fcksekte, k\u00fc\u00e7\u00fck mezar odalar\u0131na a\u00e7\u0131lan, ancak M.S. 446&#8217;da Bizans kilisesi olarak hizmet verecek \u015fekilde uyarlanan 3 ni\u015f vard\u0131r.<\/p>\n<p>Yukar\u0131daki foto\u011frafta ayn\u0131 karede 4 mezar da g\u00f6r\u00fcl\u00fcyor. Bize g\u00f6re soldan sa\u011fa: Saray Mezar\u0131, Korint Mezar\u0131, \u0130pek Mezar ve Urn Mezar\u0131)<\/p>\n<p><strong>\u0130pek Mezar<\/strong><\/p>\n<p>Urn Mezar\u0131&#8217;n\u0131n kuzeyinde, enine \u00e7izgili desenli cepheye sahip mezar. M.S. 1. y\u00fczy\u0131l\u0131n ilk yar\u0131s\u0131na tarihlenmektedir. 11 metre geni\u015fli\u011finde ve 19 metre uzunlu\u011fundad\u0131r. Ortas\u0131nda bir kap\u0131 bulunur ve d\u00f6rt s\u00fctuna sahiptir. Ad\u0131n\u0131 kumta\u015f\u0131n\u0131n desenli zengin renginden al\u0131r.<\/p>\n<p><strong>Korint Mezar\u0131<\/strong><\/p>\n<p><img loading=\"lazy\" decoding=\"async\" class=\"alignnone size-medium wp-image-5659\" src=\"https:\/\/www.yeryuzundebirkacadim.com\/wp-content\/uploads\/2023\/08\/IMG_20230606_151914-1024x577.jpg\" alt=\"\" width=\"1024\" height=\"577\" srcset=\"https:\/\/www.yeryuzundebirkacadim.com\/wp-content\/uploads\/2023\/08\/IMG_20230606_151914-1024x577.jpg 1024w, https:\/\/www.yeryuzundebirkacadim.com\/wp-content\/uploads\/2023\/08\/IMG_20230606_151914-768x433.jpg 768w, https:\/\/www.yeryuzundebirkacadim.com\/wp-content\/uploads\/2023\/08\/IMG_20230606_151914-816x460.jpg 816w, https:\/\/www.yeryuzundebirkacadim.com\/wp-content\/uploads\/2023\/08\/IMG_20230606_151914.jpg 1200w\" sizes=\"auto, (max-width: 1024px) 100vw, 1024px\" \/><\/p>\n<p>\u0130pek Mezar&#8217;dan sonra yer alan Korinth Mezar\u0131, M.S. 40-70 y\u0131llar\u0131 aras\u0131nda in\u015fa edilmi\u015ftir. Cephe 28 metre geni\u015fli\u011finde ve 26 metre y\u00fcksekli\u011findedir. \u00d6zellikle \u00fcst k\u0131sm\u0131 \u0130pek Mezar ve Hazine&#8217;ye benzemekle birlikte daha az bezemelidir.<\/p>\n<p><strong>\u00a0<\/strong><strong>Saray Mezar\u0131<\/strong><\/p>\n<p>Korinth mezar\u0131n\u0131n kuzeyinde (Yukar\u0131daki foto\u011frafta Korint Mezar\u0131&#8217;n\u0131n\u00a0 bize g\u00f6re solunda) yer alan Saray Mezar\u0131 49 metre geni\u015fli\u011finde ve 46 metre y\u00fcksekli\u011findedir. Alt k\u0131s\u0131m 12 s\u00fcsl\u00fc s\u00fctun ve d\u00f6rt kap\u0131dan olu\u015fmaktad\u0131r. Mezarl\u0131\u011f\u0131n d\u00f6rt kap\u0131s\u0131, duvarlara oyulmu\u015f baz\u0131 mezarlarla birlikte g\u00f6m\u00fc i\u00e7in d\u00f6rt odaya a\u00e7\u0131lmaktad\u0131r. Mezarl\u0131\u011fa saray\u0131 and\u0131rd\u0131\u011f\u0131 i\u00e7in bu ad verilmi\u015f.<\/p>\n<p><strong>Nabatean Antik Tiyatro<\/strong><\/p>\n<p>Y\u00fcksek Kurban Yeri&#8217;nin ete\u011finde da\u011f\u0131n yamac\u0131na oyulmu\u015f olan tiyatro, ge\u00e7itlerle ayr\u0131lm\u0131\u015f \u00fc\u00e7 s\u0131ra oturma d\u00fczeninden olu\u015fur. 4000 seyirciyi a\u011f\u0131rlayabilir.<\/p>\n<p>M.S. 1. y\u00fczy\u0131l\u0131n ba\u015flar\u0131nda yap\u0131ld\u0131\u011f\u0131 d\u00fc\u015f\u00fcn\u00fcl\u00fcyor. M.S. 106\u2019da Roma\u2019n\u0131n hakimiyetinden sonra tiyatro kal\u0131nt\u0131lar\u0131 tekrar onar\u0131lm\u0131\u015f ve kullan\u0131lmaya devam edilmi\u015f.<\/p>\n<p><strong>Bizans Kilisesi<\/strong><\/p>\n<p>Kilise, M.S. 450\u2019den ba\u015flayarak birka\u00e7 a\u015famada in\u015fa edilmi\u015f. Yap\u0131m\u0131nda Petra&#8217;da bulunan Nebati ve Roma yap\u0131lar\u0131ndan ta\u015flar kullan\u0131lm\u0131\u015f. 600 y\u0131llar\u0131nda yanan kilise, sonras\u0131nda bir\u00e7ok depremden etkilenmi\u015f. Kilisenin en cazip unsuru olan mozaikler, y\u0131k\u0131nt\u0131lar alt\u0131nda kalm\u0131\u015f ve g\u00fcn\u00fcm\u00fcze kadar sa\u011flam bir \u015fekilde ula\u015fabilmi\u015ftir. 6. y\u00fczy\u0131la tarihlenen mozaiklerde g\u00fcnl\u00fck objeler, mitolojik hayvanlar, mevsimler, d\u00fcnya, okyanus ve bilge ki\u015filer tasvir edilmektedir.<\/p>\n<p>\u00c7ok yoruldu\u011fumuz i\u00e7in buray\u0131 g\u00f6remedik maalesef \ud83d\ude41<\/p>\n<p><strong>S\u00fctunlu Cadde<\/strong><\/p>\n<p>Nebati \u0130mparatorlu\u011fu&#8217;nun M.S. 106 y\u0131l\u0131nda Roma taraf\u0131ndan ilhak edilmesinden sonra, Roma&#8217;n\u0131n Arabistan eyaletinin ba\u015fkenti olan Petra&#8217;da yeni bir in\u015faat patlamas\u0131 ba\u015flad\u0131. Wadi Musa boyunca uzanan do\u011fu-bat\u0131 ekseninde yolun her iki taraf\u0131nda \u00e7ok say\u0131da zarif s\u00fctun in\u015fa edildi. Ad\u0131 b\u00f6ylece S\u00fctunlu Cadde olmu\u015ftur. \u00c7ok say\u0131da d\u00fckkan bu caddede hizmet vermi\u015f.<\/p>\n<p><strong>B\u00fcy\u00fck Tap\u0131nak (Great Temple)<\/strong><\/p>\n<p><img loading=\"lazy\" decoding=\"async\" class=\"alignnone size-medium wp-image-5702\" src=\"https:\/\/www.yeryuzundebirkacadim.com\/wp-content\/uploads\/2023\/08\/IMG_20230606_151023-1024x696.jpg\" alt=\"\" width=\"1024\" height=\"696\" srcset=\"https:\/\/www.yeryuzundebirkacadim.com\/wp-content\/uploads\/2023\/08\/IMG_20230606_151023-1024x696.jpg 1024w, https:\/\/www.yeryuzundebirkacadim.com\/wp-content\/uploads\/2023\/08\/IMG_20230606_151023-768x522.jpg 768w, https:\/\/www.yeryuzundebirkacadim.com\/wp-content\/uploads\/2023\/08\/IMG_20230606_151023-816x554.jpg 816w, https:\/\/www.yeryuzundebirkacadim.com\/wp-content\/uploads\/2023\/08\/IMG_20230606_151023.jpg 1039w\" sizes=\"auto, (max-width: 1024px) 100vw, 1024px\" \/><\/p>\n<p>B\u00fcy\u00fck Petra Tap\u0131na\u011f\u0131, M.\u00d6. 1. y\u00fczy\u0131lda Nebatiler taraf\u0131ndan yapt\u0131r\u0131lm\u0131\u015ft\u0131r ve Petra&#8217;n\u0131n en etkileyici yap\u0131lar\u0131ndan biri olarak kabul edilir. Tap\u0131nak, s\u00fctunlar, al\u0131nl\u0131klar ve heykellerle zengin bir \u015fekilde dekore edilmi\u015ftir.<\/p>\n<p>B\u00fcy\u00fck Petra Tap\u0131na\u011f\u0131, Nebatiler&#8217;in mimari ve m\u00fchendislik becerilerinin kan\u0131tlar\u0131ndan biridir.<\/p>\n<p>Yunan, Roma ve M\u0131s\u0131r k\u00fclt\u00fcrlerinden b\u00fcy\u00fck \u00f6l\u00e7\u00fcde etkilenen Nebatean halk\u0131 i\u00e7in bir ibadet yeri olarak hizmet vermi\u015ftir.<\/p>\n<p>Son ara\u015ft\u0131rmalara g\u00f6re yap\u0131n\u0131n dini ibadet yerinden ziyade temsili bir kraliyet kabul salonu olarak yap\u0131ld\u0131\u011f\u0131 tahmin ediliyor. Hemen yan\u0131nda bulunan yerle\u015fim yerinde mutfak, ah\u0131r gibi yerler tespit edilmi\u015f.<\/p>\n<p>Roma Devleti\u2019nin Nebati Krall\u0131\u011f\u0131\u2019na son vermesinden sonra bu alana eklemeler yap\u0131lm\u0131\u015ft\u0131r. K\u00fc\u00e7\u00fck bir tiyatro ve bouleuterion (\u015fehir meclis \u00fcyelerinin bulu\u015fma yeri) bunlardand\u0131r.<\/p>\n<p><strong>Qasr al-Bint (K\u0131z Saray\u0131)<\/strong><\/p>\n<p><img loading=\"lazy\" decoding=\"async\" class=\"alignnone size-medium wp-image-5699\" src=\"https:\/\/www.yeryuzundebirkacadim.com\/wp-content\/uploads\/2023\/08\/IMG_20230606_145434-1024x577.jpg\" alt=\"\" width=\"1024\" height=\"577\" srcset=\"https:\/\/www.yeryuzundebirkacadim.com\/wp-content\/uploads\/2023\/08\/IMG_20230606_145434-1024x577.jpg 1024w, https:\/\/www.yeryuzundebirkacadim.com\/wp-content\/uploads\/2023\/08\/IMG_20230606_145434-768x433.jpg 768w, https:\/\/www.yeryuzundebirkacadim.com\/wp-content\/uploads\/2023\/08\/IMG_20230606_145434-816x460.jpg 816w, https:\/\/www.yeryuzundebirkacadim.com\/wp-content\/uploads\/2023\/08\/IMG_20230606_145434.jpg 1200w\" sizes=\"auto, (max-width: 1024px) 100vw, 1024px\" \/><\/p>\n<p>B\u00fcy\u00fck Tap\u0131na\u011f\u0131n hemen yak\u0131n\u0131nda bulunuyor. Petra\u2019daki yap\u0131lardan g\u00fcn\u00fcm\u00fcze en iyi ula\u015fan yap\u0131lardan biri buras\u0131. Qasr al-Bint Far\u2019un, bedeviler taraf\u0131ndan \u201cFiravun\u2019un K\u0131z\u0131n\u0131n Kalesi\u201d olarak an\u0131l\u0131yor. Bir Bedevi efsanesine g\u00f6re k\u00f6t\u00fc bir Firavun, erdemli k\u0131z\u0131n\u0131n taliplerine saraya su sa\u011flama g\u00f6revi vermi\u015f. \u0130ki talip, saray\u0131 \u00e7evreleyen tepelerdeki farkl\u0131 kaynaklardan su y\u00f6nlendirerek g\u00f6revi e\u015f zamanl\u0131 olarak tamamlam\u0131\u015f. Ancak Prenses iki talipten, ba\u015far\u0131s\u0131n\u0131 Tanr\u0131\u2019ya ba\u011flayan daha m\u00fctevaz\u0131 olan\u0131 kabul etmi\u015f.<\/p>\n<p>Asl\u0131nda, Qasr al-Bint bir kale de\u011fil, Petra&#8217;n\u0131n ana dini tap\u0131na\u011f\u0131yd\u0131. En az\u0131ndan bir b\u00f6l\u00fcm\u00fc. Bu kutsal alan\u0131n (Temenos) hangi tanr\u0131 i\u00e7in in\u015fa edildi\u011fine dair herhangi bir yaz\u0131t yok. Ana Nebati tanr\u0131s\u0131 Dushara (asma ve \u015farap tanr\u0131s\u0131) i\u00e7in yap\u0131lm\u0131\u015f oldu\u011fu tahmin ediliyor.<\/p>\n<p>Yap\u0131, Hazine ile ayn\u0131 zamanlarda yap\u0131lm\u0131\u015f. Yap\u0131lar benzer s\u00fcslemelere sahip. Roma d\u00f6neminde bu yap\u0131ya eklemeler yap\u0131lm\u0131\u015f.<\/p>\n<p><strong>Temenos Kap\u0131s\u0131<\/strong><\/p>\n<p><img loading=\"lazy\" decoding=\"async\" class=\"alignnone size-medium wp-image-5700\" src=\"https:\/\/www.yeryuzundebirkacadim.com\/wp-content\/uploads\/2023\/08\/IMG_20230606_150737-1-1024x577.jpg\" alt=\"\" width=\"1024\" height=\"577\" srcset=\"https:\/\/www.yeryuzundebirkacadim.com\/wp-content\/uploads\/2023\/08\/IMG_20230606_150737-1-1024x577.jpg 1024w, https:\/\/www.yeryuzundebirkacadim.com\/wp-content\/uploads\/2023\/08\/IMG_20230606_150737-1-768x433.jpg 768w, https:\/\/www.yeryuzundebirkacadim.com\/wp-content\/uploads\/2023\/08\/IMG_20230606_150737-1-816x460.jpg 816w, https:\/\/www.yeryuzundebirkacadim.com\/wp-content\/uploads\/2023\/08\/IMG_20230606_150737-1.jpg 1200w\" sizes=\"auto, (max-width: 1024px) 100vw, 1024px\" \/><\/p>\n<p>Roma hakimiyetinde, S\u00fctunlu Caddenin bat\u0131 ucuna, kutsal olmayan alan ile Qasr al-Bint&#8217;in geni\u015fletilmi\u015f kutsal alan\u0131 (temenos) aras\u0131nda \u00f6zel bir vurgu ve s\u0131n\u0131r olarak ihti\u015faml\u0131 bir kap\u0131 in\u015fa edildi. Muhtemelen Roma imparatorlar\u0131 Trajan veya Hadrian d\u00f6neminde (M.S. 2. ila 4. y\u00fczy\u0131llar).<\/p>\n<p>17 m geni\u015fli\u011findeki Temenos Kap\u0131s\u0131, platformlar \u00fczerinde duran d\u00f6rt s\u00fctun taraf\u0131ndan desteklenen \u00fc\u00e7 ge\u00e7idin \u00fczerinde kemerli mimaride yap\u0131ld\u0131.<\/p>\n<p>Her iki cephede masif ta\u015flardan kabartma olarak yedi pano oyulmu\u015ftur.<\/p>\n<p>Bu b\u00f6lgeyi biraz ge\u00e7tikten sonra Manast\u0131r&#8217;a do\u011fru giderken yol \u00fczerinde kar\u015f\u0131l\u0131kl\u0131 2 adet restoran bulunuyor.<\/p>\n<p>Manast\u0131r yolu manzaralar\u0131.<\/p>\n<p><img loading=\"lazy\" decoding=\"async\" class=\"alignnone size-medium wp-image-5650\" src=\"https:\/\/www.yeryuzundebirkacadim.com\/wp-content\/uploads\/2023\/08\/IMG_20230606_133329-1024x576.jpg\" alt=\"\" width=\"1024\" height=\"576\" srcset=\"https:\/\/www.yeryuzundebirkacadim.com\/wp-content\/uploads\/2023\/08\/IMG_20230606_133329-1024x576.jpg 1024w, https:\/\/www.yeryuzundebirkacadim.com\/wp-content\/uploads\/2023\/08\/IMG_20230606_133329-768x432.jpg 768w, https:\/\/www.yeryuzundebirkacadim.com\/wp-content\/uploads\/2023\/08\/IMG_20230606_133329-816x459.jpg 816w, https:\/\/www.yeryuzundebirkacadim.com\/wp-content\/uploads\/2023\/08\/IMG_20230606_133329.jpg 1260w\" sizes=\"auto, (max-width: 1024px) 100vw, 1024px\" \/><\/p>\n<p>Bu kayalar\u0131 ilk g\u00f6rd\u00fc\u011f\u00fcmde insan eli ile bu hale getirildiklerini zannettim. Adeta s\u00fcsleme gibi olu\u015fumlar.<\/p>\n<div class=\"gallery-title\">\n<h2><img loading=\"lazy\" decoding=\"async\" class=\"alignnone size-medium wp-image-5649\" src=\"https:\/\/www.yeryuzundebirkacadim.com\/wp-content\/uploads\/2023\/08\/IMG_20230606_132139-1024x577.jpg\" alt=\"\" width=\"1024\" height=\"577\" srcset=\"https:\/\/www.yeryuzundebirkacadim.com\/wp-content\/uploads\/2023\/08\/IMG_20230606_132139-1024x577.jpg 1024w, https:\/\/www.yeryuzundebirkacadim.com\/wp-content\/uploads\/2023\/08\/IMG_20230606_132139-768x433.jpg 768w, https:\/\/www.yeryuzundebirkacadim.com\/wp-content\/uploads\/2023\/08\/IMG_20230606_132139-816x460.jpg 816w, https:\/\/www.yeryuzundebirkacadim.com\/wp-content\/uploads\/2023\/08\/IMG_20230606_132139.jpg 1200w\" sizes=\"auto, (max-width: 1024px) 100vw, 1024px\" \/><\/h2>\n<\/div>\n<div class=\"data-of-work\">\n<p><strong>Manast\u0131r (Ad Deir)<\/strong><\/p>\n<\/div>\n<p><img loading=\"lazy\" decoding=\"async\" class=\"alignnone size-medium wp-image-5648\" src=\"https:\/\/www.yeryuzundebirkacadim.com\/wp-content\/uploads\/2023\/08\/IMG_20230606_123851-1024x576.jpg\" alt=\"\" width=\"1024\" height=\"576\" srcset=\"https:\/\/www.yeryuzundebirkacadim.com\/wp-content\/uploads\/2023\/08\/IMG_20230606_123851-1024x576.jpg 1024w, https:\/\/www.yeryuzundebirkacadim.com\/wp-content\/uploads\/2023\/08\/IMG_20230606_123851-768x432.jpg 768w, https:\/\/www.yeryuzundebirkacadim.com\/wp-content\/uploads\/2023\/08\/IMG_20230606_123851-816x459.jpg 816w, https:\/\/www.yeryuzundebirkacadim.com\/wp-content\/uploads\/2023\/08\/IMG_20230606_123851.jpg 1400w\" sizes=\"auto, (max-width: 1024px) 100vw, 1024px\" \/><\/p>\n<p><img loading=\"lazy\" decoding=\"async\" class=\"alignnone size-medium wp-image-5643\" src=\"https:\/\/www.yeryuzundebirkacadim.com\/wp-content\/uploads\/2023\/08\/IMG_20230606_124541-1024x577.jpg\" alt=\"\" width=\"1024\" height=\"577\" srcset=\"https:\/\/www.yeryuzundebirkacadim.com\/wp-content\/uploads\/2023\/08\/IMG_20230606_124541-1024x577.jpg 1024w, https:\/\/www.yeryuzundebirkacadim.com\/wp-content\/uploads\/2023\/08\/IMG_20230606_124541-768x433.jpg 768w, https:\/\/www.yeryuzundebirkacadim.com\/wp-content\/uploads\/2023\/08\/IMG_20230606_124541-816x460.jpg 816w, https:\/\/www.yeryuzundebirkacadim.com\/wp-content\/uploads\/2023\/08\/IMG_20230606_124541.jpg 1148w\" sizes=\"auto, (max-width: 1024px) 100vw, 1024px\" \/><\/p>\n<p>Petra Antik Kenti\u2019nin Hazine&#8217;den sonra ikinci \u00f6nemli yap\u0131s\u0131.<\/p>\n<p>Yakla\u015f\u0131k 50 metre geni\u015fli\u011fi ve y\u00fcksekli\u011fi ile Hazine&#8217;den b\u00fcy\u00fckt\u00fcr.<\/p>\n<p>An\u0131t\u0131n cephesi ve arkas\u0131ndaki b\u00fcy\u00fck salon M.S. 1. y\u00fczy\u0131l ortalar\u0131nda da\u011f i\u00e7ine oyularak yap\u0131lm\u0131\u015f. Yap\u0131n\u0131n tam \u00fcst\u00fcne ta\u00e7land\u0131r\u0131lm\u0131\u015f konik bir \u00e7at\u0131, El-Hazne&#8217;den ilham al\u0131narak yap\u0131lm\u0131\u015f. Yine yukar\u0131dan ba\u015flanarak in\u015fa edilmi\u015f.<\/p>\n<p>Ad-Deir\u2019in mezar ama\u00e7l\u0131 yap\u0131lmad\u0131\u011f\u0131 tahmin ediliyor. Yak\u0131nlar\u0131nda bulunan bir kitabede buran\u0131n zengin bir karde\u015fler toplulu\u011funun Nebati Kral\u0131 II. Obodas\u2019a (M.\u00d6. 30-9\u2019da h\u00fck\u00fcm s\u00fcrd\u00fc) sayg\u0131 ile rit\u00fceller, ziyafetler d\u00fczenlemesi ve \u00f6l\u00fcm\u00fcnden sonra tanr\u0131la\u015ft\u0131r\u0131lmas\u0131 amac\u0131yla yap\u0131ld\u0131\u011f\u0131 yaz\u0131yormu\u015f. Ayn\u0131 zamanda, Deir\u2019in kar\u015f\u0131s\u0131ndaki tepedeki yap\u0131larla birlikte halka a\u00e7\u0131k b\u00fcy\u00fck dini etkinliklerin yap\u0131ld\u0131\u011f\u0131 yer olabilece\u011fi tahmin ediliyor.<\/p>\n<p>Arap\u00e7a \u201cAd Deir\u201d yani Manast\u0131r ismi, Bizans d\u00f6neminde Hristiyan kullan\u0131m\u0131 s\u0131ras\u0131nda i\u00e7 arka duvarda kaz\u0131l\u0131 ha\u00e7lar nedeniyle yerli Bedeviler taraf\u0131ndan verilmi\u015f.<\/p>\n<p>&nbsp;<\/p>\n<p>&nbsp;<\/p>\n<p>&nbsp;<\/p>\n","protected":false},"excerpt":{"rendered":"<p>Petra Antik Kenti \u00dcrd\u00fcn\u2019\u00fcn en \u00f6nemli turistik cazibe noktas\u0131 ve ulusal simgesi. Petra tarihinin 10 bin y\u0131l \u00f6ncesine kadar gitti\u011fi varsay\u0131lsa da kent en parlak d\u00f6nemini 2 bin y\u0131l \u00f6ncesi ya\u015fam\u0131\u015f.<\/p>\n","protected":false},"author":1,"featured_media":5712,"comment_status":"closed","ping_status":"closed","sticky":false,"template":"","format":"standard","meta":{"footnotes":""},"categories":[776,698],"tags":[722,718,719,720,339,723,690,721,717],"class_list":["post-5692","post","type-post","status-publish","format-standard","has-post-thumbnail","hentry","category-petra","category-urdun","tag-ad-deir","tag-al-khazneh","tag-bab-el-siq","tag-djinn","tag-gezilecek-yerler","tag-great-temple","tag-jordan","tag-monastery","tag-petra"],"_links":{"self":[{"href":"https:\/\/www.yeryuzundebirkacadim.com\/index.php\/wp-json\/wp\/v2\/posts\/5692","targetHints":{"allow":["GET"]}}],"collection":[{"href":"https:\/\/www.yeryuzundebirkacadim.com\/index.php\/wp-json\/wp\/v2\/posts"}],"about":[{"href":"https:\/\/www.yeryuzundebirkacadim.com\/index.php\/wp-json\/wp\/v2\/types\/post"}],"author":[{"embeddable":true,"href":"https:\/\/www.yeryuzundebirkacadim.com\/index.php\/wp-json\/wp\/v2\/users\/1"}],"replies":[{"embeddable":true,"href":"https:\/\/www.yeryuzundebirkacadim.com\/index.php\/wp-json\/wp\/v2\/comments?post=5692"}],"version-history":[{"count":9,"href":"https:\/\/www.yeryuzundebirkacadim.com\/index.php\/wp-json\/wp\/v2\/posts\/5692\/revisions"}],"predecessor-version":[{"id":5785,"href":"https:\/\/www.yeryuzundebirkacadim.com\/index.php\/wp-json\/wp\/v2\/posts\/5692\/revisions\/5785"}],"wp:featuredmedia":[{"embeddable":true,"href":"https:\/\/www.yeryuzundebirkacadim.com\/index.php\/wp-json\/wp\/v2\/media\/5712"}],"wp:attachment":[{"href":"https:\/\/www.yeryuzundebirkacadim.com\/index.php\/wp-json\/wp\/v2\/media?parent=5692"}],"wp:term":[{"taxonomy":"category","embeddable":true,"href":"https:\/\/www.yeryuzundebirkacadim.com\/index.php\/wp-json\/wp\/v2\/categories?post=5692"},{"taxonomy":"post_tag","embeddable":true,"href":"https:\/\/www.yeryuzundebirkacadim.com\/index.php\/wp-json\/wp\/v2\/tags?post=5692"}],"curies":[{"name":"wp","href":"https:\/\/api.w.org\/{rel}","templated":true}]}}