


{"id":5665,"date":"2023-08-17T14:03:19","date_gmt":"2023-08-17T11:03:19","guid":{"rendered":"http:\/\/www.yeryuzundebirkacadim.com\/?p=5665"},"modified":"2024-08-19T13:55:57","modified_gmt":"2024-08-19T10:55:57","slug":"amman","status":"publish","type":"post","link":"https:\/\/www.yeryuzundebirkacadim.com\/index.php\/2023\/08\/17\/amman\/","title":{"rendered":"Amman"},"content":{"rendered":"<h3>Amman<\/h3>\n<p>G\u00fcn\u00fcm\u00fczde Arap d\u00fcnyas\u0131n\u0131n en \u00f6nemli merkezlerinden ve en modern \u015fehirlerinden biridir.<\/p>\n<p>Beton bir yap\u0131la\u015fmaya ve dar, labirent gibi yollara sahip bir \u015fehir. \u015eehir resmen siyah beyaz bir g\u00f6r\u00fcnt\u00fcde.<\/p>\n<p><!--more--><\/p>\n<p><img loading=\"lazy\" decoding=\"async\" class=\"alignnone size-medium wp-image-5573\" src=\"https:\/\/www.yeryuzundebirkacadim.com\/wp-content\/uploads\/2023\/07\/IMG_20230604_113353-1024x576.jpg\" alt=\"\" width=\"1024\" height=\"576\" srcset=\"https:\/\/www.yeryuzundebirkacadim.com\/wp-content\/uploads\/2023\/07\/IMG_20230604_113353-1024x576.jpg 1024w, https:\/\/www.yeryuzundebirkacadim.com\/wp-content\/uploads\/2023\/07\/IMG_20230604_113353-768x432.jpg 768w, https:\/\/www.yeryuzundebirkacadim.com\/wp-content\/uploads\/2023\/07\/IMG_20230604_113353-816x459.jpg 816w, https:\/\/www.yeryuzundebirkacadim.com\/wp-content\/uploads\/2023\/07\/IMG_20230604_113353.jpg 1480w\" sizes=\"auto, (max-width: 1024px) 100vw, 1024px\" \/><\/p>\n<p>Ama bu gezilecek, g\u00f6r\u00fclecek g\u00fczel, tarihi, e\u011flenceli yerleri yok anlam\u0131na gelmiyor.<\/p>\n<p>Roma antik \u015fehirleri ve kal\u0131nt\u0131lar\u0131, tepeleri, hareketli sokaklar\u0131, lezzetli ve bizim damak zevkimize yak\u0131n yemekleri, canl\u0131 pazarlar\u0131, camiler ve modern g\u00f6kdelenleri ile gezmek, g\u00f6rmek, havas\u0131n\u0131 tatmak, anlamak gereken bir \u015fehir.<\/p>\n<p><strong>1. Amman Kalesi<\/strong><\/p>\n<p>Giri\u015f 3 JOD<\/p>\n<p>Ekibimiz \u00f6nce Kale&#8217;yi fethediyor.<\/p>\n<p><strong><img loading=\"lazy\" decoding=\"async\" class=\"alignnone size-medium wp-image-5575\" src=\"https:\/\/www.yeryuzundebirkacadim.com\/wp-content\/uploads\/2023\/07\/IMG_20230604_112518-1024x576.jpg\" alt=\"\" width=\"1024\" height=\"576\" srcset=\"https:\/\/www.yeryuzundebirkacadim.com\/wp-content\/uploads\/2023\/07\/IMG_20230604_112518-1024x576.jpg 1024w, https:\/\/www.yeryuzundebirkacadim.com\/wp-content\/uploads\/2023\/07\/IMG_20230604_112518-768x432.jpg 768w, https:\/\/www.yeryuzundebirkacadim.com\/wp-content\/uploads\/2023\/07\/IMG_20230604_112518-816x459.jpg 816w, https:\/\/www.yeryuzundebirkacadim.com\/wp-content\/uploads\/2023\/07\/IMG_20230604_112518.jpg 1480w\" sizes=\"auto, (max-width: 1024px) 100vw, 1024px\" \/><\/strong><\/p>\n<p>Kale; Amman\u2019\u0131n \u015fehir merkezinde, \u015fehri olu\u015fturan yedi tepeden birisinin \u00fczerinde kurulmu\u015ftur.<\/p>\n<p>Kale olarak bilinen bu b\u00f6lgenin ge\u00e7mi\u015fi M.\u00d6. 1800\u2019e kadar uzan\u0131r.<\/p>\n<p>Tepe, M.\u00d6. 1200&#8217;den sonra Ammon Krall\u0131\u011f\u0131&#8217;n\u0131n ba\u015fkenti oldu\u011funda ismi Rabbath Ammon idi.<\/p>\n<p>Daha sonra Yeni Asur \u0130mparatorlu\u011fu (M.\u00d6. 8. y\u00fczy\u0131l), Yeni Babil \u0130mparatorlu\u011fu (M.\u00d6. 6. y\u00fczy\u0131l), Ptolemaioslar (o d\u00f6nem \u015fehrin ad\u0131 Philadelphia), Selevkoslar (M.\u00d6. 3. y\u00fczy\u0131l), Romal\u0131lar (M.\u00d6. 1. y\u00fczy\u0131l), Bizansl\u0131lar (M.S. 3. y\u00fczy\u0131l) ve Emeviler (M.S. 7. y\u00fczy\u0131l) egemenli\u011fi alt\u0131na girdi.<\/p>\n<p>Emeviler&#8217;den sonra bir gerileme d\u00f6nemi geldi ve neredeyse M.S. 1878&#8217;e kadar, eski \u015fehir yaln\u0131zca Bedeviler ve mevsimlik \u00e7ift\u00e7iler taraf\u0131ndan ara s\u0131ra kullan\u0131lan terk edilmi\u015f bir harabe y\u0131\u011f\u0131n\u0131 haline geldi.<\/p>\n<p>Kalenin yap\u0131m\u0131 M.S. 162-166&#8242; ya tarihleniyor. Yani Romal\u0131lar&#8217;\u0131n hakim oldu\u011fu d\u00f6nem ve Marcus Aurelius zaman\u0131nda. \u00a0Filozof Kral Aurelius; 96-180 y\u0131llar\u0131 aras\u0131nda g\u00f6rev yapan Be\u015f \u0130yi \u0130mparator&#8217;dan sonuncusudur ve ayn\u0131 zamanda en \u00f6nemli Stoac\u0131 filozoflardan biri olarak kabul edilir.<\/p>\n<p>Bir g\u00f6r\u00fc\u015fe g\u00f6re kalede eksik s\u00fctunlar ve eksik di\u011fer arkeolojik kan\u0131tlar oldu\u011fu i\u00e7in kalenin yap\u0131m\u0131 asla bitmemi\u015f.<\/p>\n<p>B\u00f6lgede g\u00f6r\u00fclebilen yap\u0131lar\u0131n \u00e7o\u011fu Roma, Bizans ve Emevi d\u00f6nemlerine aittir.<\/p>\n<p>Kale&#8217;deki ba\u015fl\u0131ca kal\u0131nt\u0131lar: Herk\u00fcl Tap\u0131na\u011f\u0131, Bizans Kilisesi ve Emevi Saray\u0131&#8217;d\u0131r.<\/p>\n<p>\u00dcrd\u00fcn Arkeoloji M\u00fczesi, M.S. 1951&#8217;de tepede in\u015fa edilmi\u015f.<\/p>\n<p><strong>Herk\u00fcl Tap\u0131na\u011f\u0131<\/strong><\/p>\n<p><img loading=\"lazy\" decoding=\"async\" class=\"alignnone size-medium wp-image-5576\" src=\"https:\/\/www.yeryuzundebirkacadim.com\/wp-content\/uploads\/2023\/07\/IMG_20230604_115322-1024x576.jpg\" alt=\"\" width=\"1024\" height=\"576\" srcset=\"https:\/\/www.yeryuzundebirkacadim.com\/wp-content\/uploads\/2023\/07\/IMG_20230604_115322-1024x576.jpg 1024w, https:\/\/www.yeryuzundebirkacadim.com\/wp-content\/uploads\/2023\/07\/IMG_20230604_115322-768x432.jpg 768w, https:\/\/www.yeryuzundebirkacadim.com\/wp-content\/uploads\/2023\/07\/IMG_20230604_115322-816x459.jpg 816w, https:\/\/www.yeryuzundebirkacadim.com\/wp-content\/uploads\/2023\/07\/IMG_20230604_115322.jpg 1400w\" sizes=\"auto, (max-width: 1024px) 100vw, 1024px\" \/><\/p>\n<p>Kaledeki b\u00fcy\u00fck tap\u0131nak, y\u00fcce Roma tanr\u0131s\u0131 Herk\u00fcl&#8217;e adanm\u0131\u015ft\u0131r.<\/p>\n<p>Tap\u0131nak; tap\u0131nak alan\u0131n\u0131n yak\u0131n\u0131nda devasa bir heykelin (kollar\u0131n ve ellerin par\u00e7alar\u0131) kal\u0131nt\u0131lar\u0131n\u0131n 20. y\u00fczy\u0131l\u0131n ba\u015flar\u0131nda ke\u015ffedilmesi nedeniyle tanr\u0131 Herk\u00fcl&#8217;e atfedilmi\u015ftir. Herk\u00fcl; Zeus ve \u00f6l\u00fcml\u00fc bir kad\u0131n\u0131n (Alcemene) o\u011fluydu ve do\u011fa\u00fcst\u00fc fiziksel g\u00fcc\u00fcyle biliniyordu. Ayr\u0131ca o d\u00f6nemde Philadelphia olarak an\u0131lan kentte bas\u0131lan Roma sikkelerinde Herk\u00fcl tasvir edilmi\u015ftir.<\/p>\n<p>Heykelin, Roma \u0130mparatoru Hadrian (M.S. 117-138) d\u00f6neminde yap\u0131ld\u0131\u011f\u0131 san\u0131l\u0131yor. D\u00fcnyada hayatta kalan en eski Herk\u00fcl heykellerinden biridir.<\/p>\n<p><strong>An\u0131tsal Ge\u00e7it<\/strong><\/p>\n<p>Emevi Saray\u0131&#8217;n\u0131n bir par\u00e7as\u0131 olan bu an\u0131tsal ge\u00e7it; M.S. 4. y\u00fczy\u0131l\u0131n sonlar\u0131ndan 5. y\u00fczy\u0131l\u0131n ba\u015flar\u0131na kadar var olan eski bir Bizans yap\u0131s\u0131n\u0131n kal\u0131nt\u0131lar\u0131 \u00fczerine in\u015fa edildi\u011finden ha\u00e7 bi\u00e7imli bir kat plan\u0131na sahip.<\/p>\n<p><img loading=\"lazy\" decoding=\"async\" class=\"alignnone size-medium wp-image-5578\" src=\"https:\/\/www.yeryuzundebirkacadim.com\/wp-content\/uploads\/2023\/07\/IMG_20230604_115953-1024x577.jpg\" alt=\"\" width=\"1024\" height=\"577\" srcset=\"https:\/\/www.yeryuzundebirkacadim.com\/wp-content\/uploads\/2023\/07\/IMG_20230604_115953-1024x577.jpg 1024w, https:\/\/www.yeryuzundebirkacadim.com\/wp-content\/uploads\/2023\/07\/IMG_20230604_115953-768x433.jpg 768w, https:\/\/www.yeryuzundebirkacadim.com\/wp-content\/uploads\/2023\/07\/IMG_20230604_115953-816x460.jpg 816w, https:\/\/www.yeryuzundebirkacadim.com\/wp-content\/uploads\/2023\/07\/IMG_20230604_115953.jpg 1443w\" sizes=\"auto, (max-width: 1024px) 100vw, 1024px\" \/><\/p>\n<p>Buras\u0131, ilk d\u00f6nem \u0130slam sanat\u0131n\u0131n bir \u00f6rne\u011fi. \u0130\u00e7 mekan ni\u015flerinde al\u00e7ak kabartma olarak oyulmu\u015f yaprak motifleri Sasani etkisini d\u00fc\u015f\u00fcnd\u00fcr\u00fcr.<\/p>\n<p>Salonun duvarlardaki romanesk s\u00fctunlarla havada tutulan geometrik desenlere sahip oyulmu\u015f revaklarda Bizans esintisi a\u00e7\u0131kt\u0131r. D\u00fcnyada Emevi mimarisi ile e\u015f anlaml\u0131 at nal\u0131 kemerin erken yorumu bulunur.<\/p>\n<p>Yine en b\u00fcy\u00fck Hristiyan miras\u0131, salonun \u00fczerindeki devasa bir ah\u015fap kubbenin yeniden in\u015fas\u0131d\u0131r. Bu, Emeviler\u2019in, tasar\u0131mda kubbeyi deneyen ilk M\u00fcsl\u00fcmanlar oldu\u011funu g\u00f6sterir.<\/p>\n<p>An\u0131tsal Ge\u00e7it&#8217;in ihti\u015fam\u0131, sarayda oturan h\u00fck\u00fcmdar taraf\u0131ndan kabul edilmeden \u00f6nce salona g\u00f6t\u00fcr\u00fclen ziyaret\u00e7ileri etkilemeyi ama\u00e7lam\u0131\u015ft\u0131r.<\/p>\n<p>Ge\u00e7it, saraya a\u00e7\u0131l\u0131yordu. Saraya girmeden \u00f6nce ziyaret\u00e7iler burada taran\u0131r ve daha sonra valiye sunulurmu\u015f.<\/p>\n<p><strong>Cami<\/strong><\/p>\n<p><img loading=\"lazy\" decoding=\"async\" class=\"alignnone size-medium wp-image-5577\" src=\"https:\/\/www.yeryuzundebirkacadim.com\/wp-content\/uploads\/2023\/07\/IMG_20230604_121057-1024x576.jpg\" alt=\"\" width=\"1024\" height=\"576\" srcset=\"https:\/\/www.yeryuzundebirkacadim.com\/wp-content\/uploads\/2023\/07\/IMG_20230604_121057-1024x576.jpg 1024w, https:\/\/www.yeryuzundebirkacadim.com\/wp-content\/uploads\/2023\/07\/IMG_20230604_121057-768x432.jpg 768w, https:\/\/www.yeryuzundebirkacadim.com\/wp-content\/uploads\/2023\/07\/IMG_20230604_121057-816x459.jpg 816w, https:\/\/www.yeryuzundebirkacadim.com\/wp-content\/uploads\/2023\/07\/IMG_20230604_121057.jpg 1480w\" sizes=\"auto, (max-width: 1024px) 100vw, 1024px\" \/><\/p>\n<p>Kale akropol\u00fcn\u00fcn en y\u00fcksek noktas\u0131nda yer alan cami kal\u0131nt\u0131lar\u0131 Emevi saray\u0131n\u0131n g\u00fcneyinde yer al\u0131r. Merkezi bir avlu etraf\u0131nda yedi s\u0131ra alt\u0131 s\u00fctundan olu\u015fan cami, basit tavanl\u0131, y\u00fckseltilmi\u015f bir platform \u00fczerine oturmaktayd\u0131.<\/p>\n<p><strong>S\u00fctunlu Cadde<\/strong><\/p>\n<p><img loading=\"lazy\" decoding=\"async\" class=\"alignnone size-medium wp-image-5582\" src=\"https:\/\/www.yeryuzundebirkacadim.com\/wp-content\/uploads\/2023\/07\/IMG_20230604_120827-768x1024.jpg\" alt=\"\" width=\"768\" height=\"1024\" srcset=\"https:\/\/www.yeryuzundebirkacadim.com\/wp-content\/uploads\/2023\/07\/IMG_20230604_120827-768x1024.jpg 768w, https:\/\/www.yeryuzundebirkacadim.com\/wp-content\/uploads\/2023\/07\/IMG_20230604_120827-749x999.jpg 749w, https:\/\/www.yeryuzundebirkacadim.com\/wp-content\/uploads\/2023\/07\/IMG_20230604_120827.jpg 870w\" sizes=\"auto, (max-width: 768px) 100vw, 768px\" \/><br \/>\nKubbeli giri\u015f hol\u00fc ile i\u00e7 saray k\u00fclliyesini birbirine ba\u011flayan s\u00fctunlu cadde, her iki yan\u0131nda s\u00fctunlarla \u00e7evrilidir. Soka\u011fa eri\u015fim, giri\u015fi kontrol eden her iki u\u00e7taki kap\u0131larla s\u0131n\u0131rland\u0131r\u0131lm\u0131\u015f.<\/p>\n<p>Saraydan geriye pek bir \u015fey kalmam\u0131\u015f maalesef.<\/p>\n<p><strong>Bizans Kilisesi<\/strong><\/p>\n<p><img loading=\"lazy\" decoding=\"async\" class=\"alignnone size-medium wp-image-5583\" src=\"https:\/\/www.yeryuzundebirkacadim.com\/wp-content\/uploads\/2023\/07\/IMG_20230604_121532-1024x768.jpg\" alt=\"\" width=\"1024\" height=\"768\" srcset=\"https:\/\/www.yeryuzundebirkacadim.com\/wp-content\/uploads\/2023\/07\/IMG_20230604_121532-1024x768.jpg 1024w, https:\/\/www.yeryuzundebirkacadim.com\/wp-content\/uploads\/2023\/07\/IMG_20230604_121532-768x576.jpg 768w, https:\/\/www.yeryuzundebirkacadim.com\/wp-content\/uploads\/2023\/07\/IMG_20230604_121532-816x612.jpg 816w, https:\/\/www.yeryuzundebirkacadim.com\/wp-content\/uploads\/2023\/07\/IMG_20230604_121532.jpg 1240w\" sizes=\"auto, (max-width: 1024px) 100vw, 1024px\" \/><br \/>\nM.S. 6. y\u00fczy\u0131ldan kalma bir kilisedir.<\/p>\n<p>Akantus yapraklar\u0131yla s\u00fcsl\u00fc korinth ba\u015fl\u0131klar\u0131, bazilikada kullan\u0131lmak \u00fczere yak\u0131ndaki Herk\u00fcl Tap\u0131na\u011f\u0131&#8217;ndan al\u0131nm\u0131\u015f.<\/p>\n<p><strong>2. Roma Tiyatrosu<\/strong><\/p>\n<p><img loading=\"lazy\" decoding=\"async\" class=\"alignnone size-medium wp-image-5580\" src=\"https:\/\/www.yeryuzundebirkacadim.com\/wp-content\/uploads\/2023\/07\/IMG_20230604_113544-1024x576.jpg\" alt=\"\" width=\"1024\" height=\"576\" srcset=\"https:\/\/www.yeryuzundebirkacadim.com\/wp-content\/uploads\/2023\/07\/IMG_20230604_113544-1024x576.jpg 1024w, https:\/\/www.yeryuzundebirkacadim.com\/wp-content\/uploads\/2023\/07\/IMG_20230604_113544-768x432.jpg 768w, https:\/\/www.yeryuzundebirkacadim.com\/wp-content\/uploads\/2023\/07\/IMG_20230604_113544-816x459.jpg 816w, https:\/\/www.yeryuzundebirkacadim.com\/wp-content\/uploads\/2023\/07\/IMG_20230604_113544.jpg 1240w\" sizes=\"auto, (max-width: 1024px) 100vw, 1024px\" \/><\/p>\n<p>Roma Tiyatrosu, eski Philadelphia&#8217;n\u0131n en etkileyici an\u0131t\u0131d\u0131r. Bir yaz\u0131ta g\u00f6re, M.S. 2. y\u00fczy\u0131l\u0131n sonunda in\u015fa edilmi\u015ftir.<\/p>\n<p>Yakla\u015f\u0131k 6.000 ki\u015fiyi a\u011f\u0131rlayabiliyor. \u0130zleyicilerin g\u00fcne\u015ften korunmas\u0131 i\u00e7in kuzeye bakmaktad\u0131r.<\/p>\n<p>Tiyatronun s\u00fctun dizisi, bir zamanlar \u0130mparatorlu\u011fun en b\u00fcy\u00fck meydanlar\u0131ndan biri olan Roma Forumu&#8217;nu \u00e7evreleyen s\u00fctun dizilerinden geriye kalanlar.<\/p>\n<p>G\u00fcn\u00fcm\u00fczde Roma Tiyatrosu \u00e7e\u015fitli konserler ve etkinlikler i\u00e7in kullan\u0131l\u0131yormu\u015f.<\/p>\n<p>Sahnenin her iki yan\u0131ndaki salonlarda Folklor M\u00fczesi ve Pop\u00fcler Gelenekler M\u00fczesi bulunuyor.<\/p>\n<p>Do\u011fusunda m\u00fczik performanslar\u0131 i\u00e7in daha k\u00fc\u00e7\u00fck bir Roma oditoryumu olan Odeon yer al\u0131yor. Yakla\u015f\u0131k 500 ki\u015filiktir.<\/p>\n<p>Tiyatroyu kaleden seyredip foto\u011fraflad\u0131k.<\/p>\n<p>Ard\u0131ndan \u015fehirde biraz gezdik.<\/p>\n<p><img loading=\"lazy\" decoding=\"async\" class=\"alignnone size-medium wp-image-5717\" src=\"https:\/\/www.yeryuzundebirkacadim.com\/wp-content\/uploads\/2023\/08\/IMG_20230604_104206-1024x577.jpg\" alt=\"\" width=\"1024\" height=\"577\" srcset=\"https:\/\/www.yeryuzundebirkacadim.com\/wp-content\/uploads\/2023\/08\/IMG_20230604_104206-1024x577.jpg 1024w, https:\/\/www.yeryuzundebirkacadim.com\/wp-content\/uploads\/2023\/08\/IMG_20230604_104206-768x433.jpg 768w, https:\/\/www.yeryuzundebirkacadim.com\/wp-content\/uploads\/2023\/08\/IMG_20230604_104206-816x460.jpg 816w, https:\/\/www.yeryuzundebirkacadim.com\/wp-content\/uploads\/2023\/08\/IMG_20230604_104206.jpg 1200w\" sizes=\"auto, (max-width: 1024px) 100vw, 1024px\" \/> <img loading=\"lazy\" decoding=\"async\" class=\"alignnone size-medium wp-image-5718\" src=\"https:\/\/www.yeryuzundebirkacadim.com\/wp-content\/uploads\/2023\/08\/IMG_20230604_113710-1024x768.jpg\" alt=\"\" width=\"1024\" height=\"768\" srcset=\"https:\/\/www.yeryuzundebirkacadim.com\/wp-content\/uploads\/2023\/08\/IMG_20230604_113710-1024x768.jpg 1024w, https:\/\/www.yeryuzundebirkacadim.com\/wp-content\/uploads\/2023\/08\/IMG_20230604_113710-768x576.jpg 768w, https:\/\/www.yeryuzundebirkacadim.com\/wp-content\/uploads\/2023\/08\/IMG_20230604_113710-816x612.jpg 816w, https:\/\/www.yeryuzundebirkacadim.com\/wp-content\/uploads\/2023\/08\/IMG_20230604_113710.jpg 1200w\" sizes=\"auto, (max-width: 1024px) 100vw, 1024px\" \/> <img loading=\"lazy\" decoding=\"async\" class=\"alignnone size-medium wp-image-5719\" src=\"https:\/\/www.yeryuzundebirkacadim.com\/wp-content\/uploads\/2023\/08\/IMG_20230604_143030-1024x768.jpg\" alt=\"\" width=\"1024\" height=\"768\" srcset=\"https:\/\/www.yeryuzundebirkacadim.com\/wp-content\/uploads\/2023\/08\/IMG_20230604_143030-1024x768.jpg 1024w, https:\/\/www.yeryuzundebirkacadim.com\/wp-content\/uploads\/2023\/08\/IMG_20230604_143030-768x576.jpg 768w, https:\/\/www.yeryuzundebirkacadim.com\/wp-content\/uploads\/2023\/08\/IMG_20230604_143030-816x612.jpg 816w, https:\/\/www.yeryuzundebirkacadim.com\/wp-content\/uploads\/2023\/08\/IMG_20230604_143030.jpg 1200w\" sizes=\"auto, (max-width: 1024px) 100vw, 1024px\" \/><\/p>\n<p>Sonra bir kahve molas\u0131 veriyoruz.<\/p>\n<p>Kalenin manzaras\u0131n\u0131 bir de oturdu\u011fumuz kafeden seyretmek istedik ve <strong>Wild Jordan Center<\/strong>&#8216;\u0131 tercih ettik.<\/p>\n<p><strong> <img loading=\"lazy\" decoding=\"async\" class=\"alignnone size-medium wp-image-5584\" src=\"https:\/\/www.yeryuzundebirkacadim.com\/wp-content\/uploads\/2023\/07\/IMG_20230604_131442-1024x768.jpg\" alt=\"\" width=\"1024\" height=\"768\" srcset=\"https:\/\/www.yeryuzundebirkacadim.com\/wp-content\/uploads\/2023\/07\/IMG_20230604_131442-1024x768.jpg 1024w, https:\/\/www.yeryuzundebirkacadim.com\/wp-content\/uploads\/2023\/07\/IMG_20230604_131442-768x576.jpg 768w, https:\/\/www.yeryuzundebirkacadim.com\/wp-content\/uploads\/2023\/07\/IMG_20230604_131442-816x612.jpg 816w, https:\/\/www.yeryuzundebirkacadim.com\/wp-content\/uploads\/2023\/07\/IMG_20230604_131442.jpg 1160w\" sizes=\"auto, (max-width: 1024px) 100vw, 1024px\" \/><\/strong><\/p>\n<p><strong>3. Rainbow Caddesi<\/strong><\/p>\n<p>Nezih bir semtte bulunan cadde \u00fczerinde barlar, restoranlar, \u00e7e\u015fitli d\u00fckkanlar bulunuyor. \u00c7ok canl\u0131 diye bahsettikleri caddede biz bir hareket fark etmedik. Ama b\u00f6lge olarak g\u00fczel bir yerdi.<\/p>\n<p>Ruhum bir \u00e7ocuk.<\/p>\n<p><img loading=\"lazy\" decoding=\"async\" class=\"alignnone size-full wp-image-5586\" src=\"https:\/\/www.yeryuzundebirkacadim.com\/wp-content\/uploads\/2023\/07\/IMG_20230604_142937.jpg\" alt=\"\" width=\"1017\" height=\"573\" srcset=\"https:\/\/www.yeryuzundebirkacadim.com\/wp-content\/uploads\/2023\/07\/IMG_20230604_142937.jpg 1017w, https:\/\/www.yeryuzundebirkacadim.com\/wp-content\/uploads\/2023\/07\/IMG_20230604_142937-768x433.jpg 768w, https:\/\/www.yeryuzundebirkacadim.com\/wp-content\/uploads\/2023\/07\/IMG_20230604_142937-816x460.jpg 816w\" sizes=\"auto, (max-width: 1017px) 100vw, 1017px\" \/><\/p>\n<p><strong>Al Quds<\/strong><\/p>\n<p>Biraz dola\u015ft\u0131ktan sonra Kral II. Abdullah&#8217;\u0131n tercih etti\u011fi falafelciye u\u011fruyor ve karn\u0131m\u0131z\u0131 doyuruyoruz. B\u00fcfe \u015feklindeki d\u00fckkanda Kral\u0131n ve o\u011flu Prens H\u00fcseyin&#8217;in foto\u011fraflar\u0131 as\u0131l\u0131.<\/p>\n<p><img loading=\"lazy\" decoding=\"async\" class=\"alignnone size-medium wp-image-5585\" src=\"https:\/\/www.yeryuzundebirkacadim.com\/wp-content\/uploads\/2023\/07\/IMG_20230604_141524-1024x768.jpg\" alt=\"\" width=\"1024\" height=\"768\" srcset=\"https:\/\/www.yeryuzundebirkacadim.com\/wp-content\/uploads\/2023\/07\/IMG_20230604_141524-1024x768.jpg 1024w, https:\/\/www.yeryuzundebirkacadim.com\/wp-content\/uploads\/2023\/07\/IMG_20230604_141524-768x576.jpg 768w, https:\/\/www.yeryuzundebirkacadim.com\/wp-content\/uploads\/2023\/07\/IMG_20230604_141524-816x612.jpg 816w, https:\/\/www.yeryuzundebirkacadim.com\/wp-content\/uploads\/2023\/07\/IMG_20230604_141524.jpg 1200w\" sizes=\"auto, (max-width: 1024px) 100vw, 1024px\" \/><\/p>\n<p>Yolumuzun \u00fczerinde bulunan, \u015fehrin en \u00fcnl\u00fc restoran\u0131 olan Fakhreldin Restoran&#8217;a u\u011fruyor ve ak\u015fam yeme\u011fi i\u00e7in rezervasyon yapt\u0131r\u0131yoruz.<\/p>\n<p><strong>4. Kral I. Abdullah Cami<\/strong><\/p>\n<p>Cami, 1982-1989 y\u0131llar\u0131 aras\u0131nda <span class=\"info-blue-content\">Merhum Kral H\u00fcseyin taraf\u0131ndan dedesi Kral I. Abdullah&#8217;\u0131n an\u0131s\u0131na yapt\u0131r\u0131lm\u0131\u015ft\u0131r. M<\/span>avi mozaik bir kubbesi bulunan cami modern \u00e7izgiler ta\u015f\u0131yor. 3 bin ki\u015fiyi a\u011f\u0131rlayabilecek kapasiteye sahip.<\/p>\n<p class=\"info-block info-blue\"><img loading=\"lazy\" decoding=\"async\" class=\"alignnone size-medium wp-image-5605\" src=\"https:\/\/www.yeryuzundebirkacadim.com\/wp-content\/uploads\/2023\/07\/IMG_20230605_105332-1024x576.jpg\" alt=\"\" width=\"1024\" height=\"576\" srcset=\"https:\/\/www.yeryuzundebirkacadim.com\/wp-content\/uploads\/2023\/07\/IMG_20230605_105332-1024x576.jpg 1024w, https:\/\/www.yeryuzundebirkacadim.com\/wp-content\/uploads\/2023\/07\/IMG_20230605_105332-768x432.jpg 768w, https:\/\/www.yeryuzundebirkacadim.com\/wp-content\/uploads\/2023\/07\/IMG_20230605_105332-816x459.jpg 816w, https:\/\/www.yeryuzundebirkacadim.com\/wp-content\/uploads\/2023\/07\/IMG_20230605_105332.jpg 1162w\" sizes=\"auto, (max-width: 1024px) 100vw, 1024px\" \/><\/p>\n<p>Giri\u015fin yak\u0131n\u0131nda, Kral I. Abdullah\u2019\u0131n foto\u011fraflar\u0131 ve ki\u015fisel e\u015fyalar\u0131n\u0131 i\u00e7eren k\u00fc\u00e7\u00fck bir koleksiyona ev sahipli\u011fi yapan \u0130slam M\u00fczesi de bulunmaktad\u0131r.<\/p>\n<p><img loading=\"lazy\" decoding=\"async\" class=\"alignnone size-full wp-image-5606\" src=\"https:\/\/www.yeryuzundebirkacadim.com\/wp-content\/uploads\/2023\/07\/IMG_20230605_110317.jpg\" alt=\"\" width=\"972\" height=\"729\" srcset=\"https:\/\/www.yeryuzundebirkacadim.com\/wp-content\/uploads\/2023\/07\/IMG_20230605_110317.jpg 972w, https:\/\/www.yeryuzundebirkacadim.com\/wp-content\/uploads\/2023\/07\/IMG_20230605_110317-768x576.jpg 768w, https:\/\/www.yeryuzundebirkacadim.com\/wp-content\/uploads\/2023\/07\/IMG_20230605_110317-816x612.jpg 816w\" sizes=\"auto, (max-width: 972px) 100vw, 972px\" \/><\/p>\n<p><strong>Fakhreldin Restoran<\/strong><\/p>\n<p>Restoran rezervasyonumuza daha 1 saat vard\u0131. Ama gidince m\u00fcsait olduklar\u0131n\u0131 s\u00f6yleyip b\u00fcy\u00fck bir ilgiyle bizi buyur ettiler. Yemek se\u00e7imi konusunda da \u00e7ok yard\u0131mc\u0131 oldular ve L\u00fcbnan mutfa\u011f\u0131n\u0131n t\u00fcm mezeleriyle masay\u0131 donatt\u0131lar. Ana yeme\u011fi de yar\u0131m porsiyon almam\u0131z\u0131 \u00f6nerdiler. G\u00fczel, nezih bir ortamda, harika lezzetler e\u015fli\u011finde g\u00fczel bir ak\u015fam ge\u00e7irdik. 10 numara 5 y\u0131ld\u0131z verdik \ud83d\ude42<\/p>\n<p><img loading=\"lazy\" decoding=\"async\" class=\"alignnone size-medium wp-image-5601\" src=\"https:\/\/www.yeryuzundebirkacadim.com\/wp-content\/uploads\/2023\/07\/IMG_20230604_192957-1024x576.jpg\" alt=\"\" width=\"1024\" height=\"576\" srcset=\"https:\/\/www.yeryuzundebirkacadim.com\/wp-content\/uploads\/2023\/07\/IMG_20230604_192957-1024x576.jpg 1024w, https:\/\/www.yeryuzundebirkacadim.com\/wp-content\/uploads\/2023\/07\/IMG_20230604_192957-768x432.jpg 768w, https:\/\/www.yeryuzundebirkacadim.com\/wp-content\/uploads\/2023\/07\/IMG_20230604_192957-816x459.jpg 816w, https:\/\/www.yeryuzundebirkacadim.com\/wp-content\/uploads\/2023\/07\/IMG_20230604_192957.jpg 1240w\" sizes=\"auto, (max-width: 1024px) 100vw, 1024px\" \/><\/p>\n<p>&nbsp;<\/p>\n<p>&nbsp;<\/p>\n<p>&nbsp;<\/p>\n<p>&nbsp;<\/p>\n","protected":false},"excerpt":{"rendered":"<p>Amman G\u00fcn\u00fcm\u00fczde Arap d\u00fcnyas\u0131n\u0131n en \u00f6nemli merkezlerinden ve en modern \u015fehirlerinden biridir. Beton bir yap\u0131la\u015fmaya ve dar, labirent gibi yollara sahip bir \u015fehir. \u015eehir resmen siyah beyaz bir g\u00f6r\u00fcnt\u00fcde.<\/p>\n","protected":false},"author":1,"featured_media":5573,"comment_status":"closed","ping_status":"closed","sticky":false,"template":"","format":"standard","meta":{"footnotes":""},"categories":[698],"tags":[703,699,3,339,701,705,700,690,702,704],"class_list":["post-5665","post","type-post","status-publish","format-standard","has-post-thumbnail","hentry","category-urdun","tag-al-quds","tag-amman-kalesi","tag-gezi","tag-gezilecek-yerler","tag-huseyin-cami","tag-i-abdullah-cami","tag-jerash","tag-jordan","tag-rainbow-caddesi","tag-roma-tiyatrosu"],"_links":{"self":[{"href":"https:\/\/www.yeryuzundebirkacadim.com\/index.php\/wp-json\/wp\/v2\/posts\/5665","targetHints":{"allow":["GET"]}}],"collection":[{"href":"https:\/\/www.yeryuzundebirkacadim.com\/index.php\/wp-json\/wp\/v2\/posts"}],"about":[{"href":"https:\/\/www.yeryuzundebirkacadim.com\/index.php\/wp-json\/wp\/v2\/types\/post"}],"author":[{"embeddable":true,"href":"https:\/\/www.yeryuzundebirkacadim.com\/index.php\/wp-json\/wp\/v2\/users\/1"}],"replies":[{"embeddable":true,"href":"https:\/\/www.yeryuzundebirkacadim.com\/index.php\/wp-json\/wp\/v2\/comments?post=5665"}],"version-history":[{"count":7,"href":"https:\/\/www.yeryuzundebirkacadim.com\/index.php\/wp-json\/wp\/v2\/posts\/5665\/revisions"}],"predecessor-version":[{"id":5720,"href":"https:\/\/www.yeryuzundebirkacadim.com\/index.php\/wp-json\/wp\/v2\/posts\/5665\/revisions\/5720"}],"wp:featuredmedia":[{"embeddable":true,"href":"https:\/\/www.yeryuzundebirkacadim.com\/index.php\/wp-json\/wp\/v2\/media\/5573"}],"wp:attachment":[{"href":"https:\/\/www.yeryuzundebirkacadim.com\/index.php\/wp-json\/wp\/v2\/media?parent=5665"}],"wp:term":[{"taxonomy":"category","embeddable":true,"href":"https:\/\/www.yeryuzundebirkacadim.com\/index.php\/wp-json\/wp\/v2\/categories?post=5665"},{"taxonomy":"post_tag","embeddable":true,"href":"https:\/\/www.yeryuzundebirkacadim.com\/index.php\/wp-json\/wp\/v2\/tags?post=5665"}],"curies":[{"name":"wp","href":"https:\/\/api.w.org\/{rel}","templated":true}]}}