


{"id":5463,"date":"2023-07-24T18:59:01","date_gmt":"2023-07-24T15:59:01","guid":{"rendered":"http:\/\/www.yeryuzundebirkacadim.com\/?p=5463"},"modified":"2024-08-19T13:55:58","modified_gmt":"2024-08-19T10:55:58","slug":"porto","status":"publish","type":"post","link":"https:\/\/www.yeryuzundebirkacadim.com\/index.php\/2023\/07\/24\/porto\/","title":{"rendered":"Porto"},"content":{"rendered":"<p><strong>5 &#8211; 6 May\u0131s 2022<\/strong><\/p>\n<p><strong>Porto<\/strong><\/p>\n<p>1 May\u0131s&#8217;ta Lizbon&#8217;dan ba\u015flad\u0131\u011f\u0131m\u0131z Portekiz turunda Porto&#8217;ya d\u00fcn ak\u015fam (4 May\u0131s) geldik.<\/p>\n<p>Air bnb ile rezerve ettirdi\u011fimiz Casa Sa Noronha Old Town&#8217;a yerle\u015ftik.<\/p>\n<p><!--more--><\/p>\n<p><img loading=\"lazy\" decoding=\"async\" class=\"alignnone size-medium wp-image-5546\" src=\"https:\/\/www.yeryuzundebirkacadim.com\/wp-content\/uploads\/2023\/07\/IMG_20220504_202849-768x1024.jpg\" alt=\"\" width=\"768\" height=\"1024\" srcset=\"https:\/\/www.yeryuzundebirkacadim.com\/wp-content\/uploads\/2023\/07\/IMG_20220504_202849-768x1024.jpg 768w, https:\/\/www.yeryuzundebirkacadim.com\/wp-content\/uploads\/2023\/07\/IMG_20220504_202849-749x999.jpg 749w, https:\/\/www.yeryuzundebirkacadim.com\/wp-content\/uploads\/2023\/07\/IMG_20220504_202849.jpg 900w\" sizes=\"auto, (max-width: 768px) 100vw, 768px\" \/><\/p>\n<p>Bug\u00fcn yar\u0131m g\u00fcn Braga ve Guimares&#8217;i gezdik. Kiral\u0131k arabay\u0131 teslim ettik. \u00c7\u00fcnk\u00fc \u015fehir i\u00e7inde ihtiyac\u0131m\u0131z olmayacak. Porto&#8217;yu gezmek i\u00e7in bug\u00fcn yar\u0131m ve yar\u0131n tam g\u00fcn\u00fcm\u00fcz var.<\/p>\n<p>Herkeslerin methetti\u011fi, anlata anlata bitiremedi\u011fi Porto&#8230;<\/p>\n<p>Portekiz&#8217;in 2. b\u00fcy\u00fck \u015fehri.<\/p>\n<p>Ba\u015fl\u0131yoruuuzz.<\/p>\n<p><strong>1. Ruhlar \u015eapeli (Capela das Almas veya Souls)<\/strong><\/p>\n<p>D\u00fckkanlarla \u00e7evrili bir al\u0131\u015fveri\u015f, gezinti caddesi olan Santa Catarina Caddesi \u00fczerinde bulunuyor.<\/p>\n<p><strong><img loading=\"lazy\" decoding=\"async\" width=\"1024\" height=\"576\" class=\"wp-image-5464\" src=\"https:\/\/www.yeryuzundebirkacadim.com\/wp-content\/uploads\/2023\/07\/http-www-yeryuzundebirkacadim-com-wp-content-upl-82.jpeg\" alt=\"https:\/\/www.yeryuzundebirkacadim.com\/wp-content\/uploads\/2023\/07\/DSC03238-1024x576.jpg\" srcset=\"https:\/\/www.yeryuzundebirkacadim.com\/wp-content\/uploads\/2023\/07\/http-www-yeryuzundebirkacadim-com-wp-content-upl-82.jpeg 1024w, https:\/\/www.yeryuzundebirkacadim.com\/wp-content\/uploads\/2023\/07\/http-www-yeryuzundebirkacadim-com-wp-content-upl-82-768x432.jpeg 768w, https:\/\/www.yeryuzundebirkacadim.com\/wp-content\/uploads\/2023\/07\/http-www-yeryuzundebirkacadim-com-wp-content-upl-82-816x459.jpeg 816w\" sizes=\"auto, (max-width: 1024px) 100vw, 1024px\" \/><\/strong><\/p>\n<p>Porto&#8217;nun en pop\u00fcler simgelerinden. D\u0131\u015f cephesi mavi beyaz azulejler ile bezeli. Hayran kalmamak m\u00fcmk\u00fcn de\u011fil.<\/p>\n<p>\u0130\u00e7i de ayr\u0131 g\u00fczel.<\/p>\n<p><img loading=\"lazy\" decoding=\"async\" width=\"1024\" height=\"768\" class=\"wp-image-5465\" src=\"https:\/\/www.yeryuzundebirkacadim.com\/wp-content\/uploads\/2023\/07\/http-www-yeryuzundebirkacadim-com-wp-content-upl-83.jpeg\" alt=\"https:\/\/www.yeryuzundebirkacadim.com\/wp-content\/uploads\/2023\/07\/IMG_20220505_163604-1024x768.jpg\" srcset=\"https:\/\/www.yeryuzundebirkacadim.com\/wp-content\/uploads\/2023\/07\/http-www-yeryuzundebirkacadim-com-wp-content-upl-83.jpeg 1024w, https:\/\/www.yeryuzundebirkacadim.com\/wp-content\/uploads\/2023\/07\/http-www-yeryuzundebirkacadim-com-wp-content-upl-83-768x576.jpeg 768w, https:\/\/www.yeryuzundebirkacadim.com\/wp-content\/uploads\/2023\/07\/http-www-yeryuzundebirkacadim-com-wp-content-upl-83-816x612.jpeg 816w\" sizes=\"auto, (max-width: 1024px) 100vw, 1024px\" \/><\/p>\n<p>S\u0131cakkanl\u0131 nata&#8217;c\u0131larla Vefa sayesinde aram\u0131z iyi.<\/p>\n<p><img loading=\"lazy\" decoding=\"async\" class=\"alignnone size-medium wp-image-5545\" src=\"https:\/\/www.yeryuzundebirkacadim.com\/wp-content\/uploads\/2023\/07\/DSC03246-1024x576.jpg\" alt=\"\" width=\"1024\" height=\"576\" srcset=\"https:\/\/www.yeryuzundebirkacadim.com\/wp-content\/uploads\/2023\/07\/DSC03246-1024x576.jpg 1024w, https:\/\/www.yeryuzundebirkacadim.com\/wp-content\/uploads\/2023\/07\/DSC03246-768x432.jpg 768w, https:\/\/www.yeryuzundebirkacadim.com\/wp-content\/uploads\/2023\/07\/DSC03246-1536x864.jpg 1536w, https:\/\/www.yeryuzundebirkacadim.com\/wp-content\/uploads\/2023\/07\/DSC03246-816x459.jpg 816w, https:\/\/www.yeryuzundebirkacadim.com\/wp-content\/uploads\/2023\/07\/DSC03246.jpg 1800w\" sizes=\"auto, (max-width: 1024px) 100vw, 1024px\" \/><\/p>\n<p><strong>\u00a02. Majestic Cafe<\/strong><\/p>\n<p><strong><img loading=\"lazy\" decoding=\"async\" class=\"alignnone size-medium wp-image-5550\" src=\"https:\/\/www.yeryuzundebirkacadim.com\/wp-content\/uploads\/2023\/07\/IMG_20220505_171244-1024x768.jpg\" alt=\"\" width=\"1024\" height=\"768\" srcset=\"https:\/\/www.yeryuzundebirkacadim.com\/wp-content\/uploads\/2023\/07\/IMG_20220505_171244-1024x768.jpg 1024w, https:\/\/www.yeryuzundebirkacadim.com\/wp-content\/uploads\/2023\/07\/IMG_20220505_171244-768x576.jpg 768w, https:\/\/www.yeryuzundebirkacadim.com\/wp-content\/uploads\/2023\/07\/IMG_20220505_171244-816x612.jpg 816w, https:\/\/www.yeryuzundebirkacadim.com\/wp-content\/uploads\/2023\/07\/IMG_20220505_171244.jpg 1200w\" sizes=\"auto, (max-width: 1024px) 100vw, 1024px\" \/><\/strong><\/p>\n<p>Majestic cafe, d\u00fcnyan\u0131n en g\u00fczel 10 kafesi i\u00e7inde 6. s\u0131rada yer al\u0131yor.<\/p>\n<p>1922 y\u0131l\u0131nda hizmete giren kafe, \u00f6n cephesinden i\u00e7 mekana kadar, tarz\u0131 ile g\u00f6z kama\u015ft\u0131r\u0131yor ve\u00a0 onu turistik bir cazibe merkezi haline getiriyor.<\/p>\n<p><img loading=\"lazy\" decoding=\"async\" width=\"1024\" height=\"576\" class=\"wp-image-5466\" src=\"https:\/\/www.yeryuzundebirkacadim.com\/wp-content\/uploads\/2023\/07\/http-www-yeryuzundebirkacadim-com-wp-content-upl-84.jpeg\" alt=\"https:\/\/www.yeryuzundebirkacadim.com\/wp-content\/uploads\/2023\/07\/DSC03253-1024x576.jpg\" srcset=\"https:\/\/www.yeryuzundebirkacadim.com\/wp-content\/uploads\/2023\/07\/http-www-yeryuzundebirkacadim-com-wp-content-upl-84.jpeg 1024w, https:\/\/www.yeryuzundebirkacadim.com\/wp-content\/uploads\/2023\/07\/http-www-yeryuzundebirkacadim-com-wp-content-upl-84-768x432.jpeg 768w, https:\/\/www.yeryuzundebirkacadim.com\/wp-content\/uploads\/2023\/07\/http-www-yeryuzundebirkacadim-com-wp-content-upl-84-816x459.jpeg 816w\" sizes=\"auto, (max-width: 1024px) 100vw, 1024px\" \/><\/p>\n<p><img loading=\"lazy\" decoding=\"async\" class=\"alignnone size-medium wp-image-5549\" src=\"https:\/\/www.yeryuzundebirkacadim.com\/wp-content\/uploads\/2023\/07\/DSC03255-1024x576.jpg\" alt=\"\" width=\"1024\" height=\"576\" srcset=\"https:\/\/www.yeryuzundebirkacadim.com\/wp-content\/uploads\/2023\/07\/DSC03255-1024x576.jpg 1024w, https:\/\/www.yeryuzundebirkacadim.com\/wp-content\/uploads\/2023\/07\/DSC03255-768x432.jpg 768w, https:\/\/www.yeryuzundebirkacadim.com\/wp-content\/uploads\/2023\/07\/DSC03255-1536x864.jpg 1536w, https:\/\/www.yeryuzundebirkacadim.com\/wp-content\/uploads\/2023\/07\/DSC03255-816x459.jpg 816w, https:\/\/www.yeryuzundebirkacadim.com\/wp-content\/uploads\/2023\/07\/DSC03255.jpg 1800w\" sizes=\"auto, (max-width: 1024px) 100vw, 1024px\" \/><\/p>\n<p>K\u0131\u015f Bah\u00e7esi de bulunuyor.<\/p>\n<p><img loading=\"lazy\" decoding=\"async\" class=\"alignnone size-medium wp-image-5548\" src=\"https:\/\/www.yeryuzundebirkacadim.com\/wp-content\/uploads\/2023\/07\/IMG_20220505_165316-1024x768.jpg\" alt=\"\" width=\"1024\" height=\"768\" srcset=\"https:\/\/www.yeryuzundebirkacadim.com\/wp-content\/uploads\/2023\/07\/IMG_20220505_165316-1024x768.jpg 1024w, https:\/\/www.yeryuzundebirkacadim.com\/wp-content\/uploads\/2023\/07\/IMG_20220505_165316-768x576.jpg 768w, https:\/\/www.yeryuzundebirkacadim.com\/wp-content\/uploads\/2023\/07\/IMG_20220505_165316-816x612.jpg 816w, https:\/\/www.yeryuzundebirkacadim.com\/wp-content\/uploads\/2023\/07\/IMG_20220505_165316.jpg 1400w\" sizes=\"auto, (max-width: 1024px) 100vw, 1024px\" \/><\/p>\n<p>Caddedeki bir bina<\/p>\n<p><img loading=\"lazy\" decoding=\"async\" class=\"alignnone size-medium wp-image-5551\" src=\"https:\/\/www.yeryuzundebirkacadim.com\/wp-content\/uploads\/2023\/07\/IMG_20220505_171551-1024x680.jpg\" alt=\"\" width=\"1024\" height=\"680\" srcset=\"https:\/\/www.yeryuzundebirkacadim.com\/wp-content\/uploads\/2023\/07\/IMG_20220505_171551-1024x680.jpg 1024w, https:\/\/www.yeryuzundebirkacadim.com\/wp-content\/uploads\/2023\/07\/IMG_20220505_171551-768x510.jpg 768w, https:\/\/www.yeryuzundebirkacadim.com\/wp-content\/uploads\/2023\/07\/IMG_20220505_171551-816x541.jpg 816w, https:\/\/www.yeryuzundebirkacadim.com\/wp-content\/uploads\/2023\/07\/IMG_20220505_171551.jpg 1296w\" sizes=\"auto, (max-width: 1024px) 100vw, 1024px\" \/><\/p>\n<p><strong>3. Aziz Ildefonso Kilisesi (Igreja de Santo Ildefonso)<\/strong><\/p>\n<p>Azulejlerle s\u00fcsl\u00fc bir g\u00fczel kilise daha.<\/p>\n<p><img loading=\"lazy\" decoding=\"async\" width=\"1024\" height=\"576\" class=\"wp-image-5467\" src=\"https:\/\/www.yeryuzundebirkacadim.com\/wp-content\/uploads\/2023\/07\/http-www-yeryuzundebirkacadim-com-wp-content-upl-85.jpeg\" alt=\"https:\/\/www.yeryuzundebirkacadim.com\/wp-content\/uploads\/2023\/07\/DSC03258-1-1024x576.jpg\" srcset=\"https:\/\/www.yeryuzundebirkacadim.com\/wp-content\/uploads\/2023\/07\/http-www-yeryuzundebirkacadim-com-wp-content-upl-85.jpeg 1024w, https:\/\/www.yeryuzundebirkacadim.com\/wp-content\/uploads\/2023\/07\/http-www-yeryuzundebirkacadim-com-wp-content-upl-85-768x432.jpeg 768w, https:\/\/www.yeryuzundebirkacadim.com\/wp-content\/uploads\/2023\/07\/http-www-yeryuzundebirkacadim-com-wp-content-upl-85-816x459.jpeg 816w\" sizes=\"auto, (max-width: 1024px) 100vw, 1024px\" \/><\/p>\n<p><strong>4. Congregades Kilisesi (\u0130grejo dos Congregades)<\/strong><\/p>\n<p>Tren \u0130stasyonunun kar\u015f\u0131s\u0131nda bir kilise.<\/p>\n<p><img loading=\"lazy\" decoding=\"async\" width=\"1024\" height=\"576\" class=\"wp-image-5468\" src=\"https:\/\/www.yeryuzundebirkacadim.com\/wp-content\/uploads\/2023\/07\/http-www-yeryuzundebirkacadim-com-wp-content-upl-86.jpeg\" alt=\"https:\/\/www.yeryuzundebirkacadim.com\/wp-content\/uploads\/2023\/07\/DSC03267-5-1024x576.jpg\" srcset=\"https:\/\/www.yeryuzundebirkacadim.com\/wp-content\/uploads\/2023\/07\/http-www-yeryuzundebirkacadim-com-wp-content-upl-86.jpeg 1024w, https:\/\/www.yeryuzundebirkacadim.com\/wp-content\/uploads\/2023\/07\/http-www-yeryuzundebirkacadim-com-wp-content-upl-86-768x432.jpeg 768w, https:\/\/www.yeryuzundebirkacadim.com\/wp-content\/uploads\/2023\/07\/http-www-yeryuzundebirkacadim-com-wp-content-upl-86-816x459.jpeg 816w\" sizes=\"auto, (max-width: 1024px) 100vw, 1024px\" \/><\/p>\n<p><strong>5. Aziz Benedikt Tren \u0130stasyonu (Estacion de Sao Bento)<\/strong><\/p>\n<p>Herhalde d\u00fcnyada en g\u00fczel tren istasyonu olsa gerek.<\/p>\n<p>\u0130stasyonun i\u00e7i Portekiz tarihi ile ilgili \u00e7ok say\u0131da azulejle bezenmi\u015f durumda.<\/p>\n<p>Yap\u0131m y\u0131l\u0131 1904-1916.<\/p>\n<p>1518&#8217;de Kral I. Manuel taraf\u0131ndan yapt\u0131r\u0131lan ve y\u0131k\u0131k durumda olan Sao Bento da Ave Maria Benedictine Manast\u0131r\u0131&#8217;n\u0131n yerine in\u015fa edilmi\u015f.<\/p>\n<p><img loading=\"lazy\" decoding=\"async\" width=\"1024\" height=\"576\" class=\"wp-image-5469\" src=\"https:\/\/www.yeryuzundebirkacadim.com\/wp-content\/uploads\/2023\/07\/http-www-yeryuzundebirkacadim-com-wp-content-upl-87.jpeg\" alt=\"https:\/\/www.yeryuzundebirkacadim.com\/wp-content\/uploads\/2023\/07\/DSC03272-2-1024x576.jpg\" srcset=\"https:\/\/www.yeryuzundebirkacadim.com\/wp-content\/uploads\/2023\/07\/http-www-yeryuzundebirkacadim-com-wp-content-upl-87.jpeg 1024w, https:\/\/www.yeryuzundebirkacadim.com\/wp-content\/uploads\/2023\/07\/http-www-yeryuzundebirkacadim-com-wp-content-upl-87-768x432.jpeg 768w, https:\/\/www.yeryuzundebirkacadim.com\/wp-content\/uploads\/2023\/07\/http-www-yeryuzundebirkacadim-com-wp-content-upl-87-816x459.jpeg 816w\" sizes=\"auto, (max-width: 1024px) 100vw, 1024px\" \/><\/p>\n<p><img loading=\"lazy\" decoding=\"async\" width=\"1024\" height=\"576\" class=\"wp-image-5470\" src=\"https:\/\/www.yeryuzundebirkacadim.com\/wp-content\/uploads\/2023\/07\/http-www-yeryuzundebirkacadim-com-wp-content-upl-88.jpeg\" alt=\"https:\/\/www.yeryuzundebirkacadim.com\/wp-content\/uploads\/2023\/07\/DSC03273-1024x576.jpg\" srcset=\"https:\/\/www.yeryuzundebirkacadim.com\/wp-content\/uploads\/2023\/07\/http-www-yeryuzundebirkacadim-com-wp-content-upl-88.jpeg 1024w, https:\/\/www.yeryuzundebirkacadim.com\/wp-content\/uploads\/2023\/07\/http-www-yeryuzundebirkacadim-com-wp-content-upl-88-768x432.jpeg 768w, https:\/\/www.yeryuzundebirkacadim.com\/wp-content\/uploads\/2023\/07\/http-www-yeryuzundebirkacadim-com-wp-content-upl-88-816x459.jpeg 816w\" sizes=\"auto, (max-width: 1024px) 100vw, 1024px\" \/><\/p>\n<p><img loading=\"lazy\" decoding=\"async\" width=\"1024\" height=\"768\" class=\"wp-image-5471\" src=\"https:\/\/www.yeryuzundebirkacadim.com\/wp-content\/uploads\/2023\/07\/http-www-yeryuzundebirkacadim-com-wp-content-upl-89.jpeg\" alt=\"https:\/\/www.yeryuzundebirkacadim.com\/wp-content\/uploads\/2023\/07\/IMG_20220505_172946-1024x768.jpg\" srcset=\"https:\/\/www.yeryuzundebirkacadim.com\/wp-content\/uploads\/2023\/07\/http-www-yeryuzundebirkacadim-com-wp-content-upl-89.jpeg 1024w, https:\/\/www.yeryuzundebirkacadim.com\/wp-content\/uploads\/2023\/07\/http-www-yeryuzundebirkacadim-com-wp-content-upl-89-768x576.jpeg 768w, https:\/\/www.yeryuzundebirkacadim.com\/wp-content\/uploads\/2023\/07\/http-www-yeryuzundebirkacadim-com-wp-content-upl-89-816x612.jpeg 816w\" sizes=\"auto, (max-width: 1024px) 100vw, 1024px\" \/><\/p>\n<p><strong>6. Cafe Guanany<\/strong><\/p>\n<p>1933 tarihli \u015fehirdeki en eski kafelerden. Turistler aras\u0131nda da pop\u00fcler.<\/p>\n<p><img loading=\"lazy\" decoding=\"async\" width=\"1024\" height=\"768\" class=\"wp-image-5472\" src=\"https:\/\/www.yeryuzundebirkacadim.com\/wp-content\/uploads\/2023\/07\/http-www-yeryuzundebirkacadim-com-wp-content-upl-90.jpeg\" alt=\"https:\/\/www.yeryuzundebirkacadim.com\/wp-content\/uploads\/2023\/07\/IMG_20220505_174425-1024x768.jpg\" srcset=\"https:\/\/www.yeryuzundebirkacadim.com\/wp-content\/uploads\/2023\/07\/http-www-yeryuzundebirkacadim-com-wp-content-upl-90.jpeg 1024w, https:\/\/www.yeryuzundebirkacadim.com\/wp-content\/uploads\/2023\/07\/http-www-yeryuzundebirkacadim-com-wp-content-upl-90-768x576.jpeg 768w, https:\/\/www.yeryuzundebirkacadim.com\/wp-content\/uploads\/2023\/07\/http-www-yeryuzundebirkacadim-com-wp-content-upl-90-816x612.jpeg 816w\" sizes=\"auto, (max-width: 1024px) 100vw, 1024px\" \/> <img loading=\"lazy\" decoding=\"async\" width=\"1024\" height=\"768\" class=\"wp-image-5473\" src=\"https:\/\/www.yeryuzundebirkacadim.com\/wp-content\/uploads\/2023\/07\/http-www-yeryuzundebirkacadim-com-wp-content-upl-91.jpeg\" alt=\"https:\/\/www.yeryuzundebirkacadim.com\/wp-content\/uploads\/2023\/07\/IMG_20220505_174409-1024x768.jpg\" srcset=\"https:\/\/www.yeryuzundebirkacadim.com\/wp-content\/uploads\/2023\/07\/http-www-yeryuzundebirkacadim-com-wp-content-upl-91.jpeg 1024w, https:\/\/www.yeryuzundebirkacadim.com\/wp-content\/uploads\/2023\/07\/http-www-yeryuzundebirkacadim-com-wp-content-upl-91-768x576.jpeg 768w, https:\/\/www.yeryuzundebirkacadim.com\/wp-content\/uploads\/2023\/07\/http-www-yeryuzundebirkacadim-com-wp-content-upl-91-816x612.jpeg 816w\" sizes=\"auto, (max-width: 1024px) 100vw, 1024px\" \/><\/p>\n<p><strong>7. Rahipler Kilisesi ve Kulesi (Clerigios Kilisesi, Clerigios Kulesi)<\/strong><\/p>\n<p><img loading=\"lazy\" decoding=\"async\" width=\"1024\" height=\"576\" class=\"wp-image-5474\" src=\"https:\/\/www.yeryuzundebirkacadim.com\/wp-content\/uploads\/2023\/07\/http-www-yeryuzundebirkacadim-com-wp-content-upl-92.jpeg\" alt=\"https:\/\/www.yeryuzundebirkacadim.com\/wp-content\/uploads\/2023\/07\/DSC03284-2-1024x576.jpg\" srcset=\"https:\/\/www.yeryuzundebirkacadim.com\/wp-content\/uploads\/2023\/07\/http-www-yeryuzundebirkacadim-com-wp-content-upl-92.jpeg 1024w, https:\/\/www.yeryuzundebirkacadim.com\/wp-content\/uploads\/2023\/07\/http-www-yeryuzundebirkacadim-com-wp-content-upl-92-768x432.jpeg 768w, https:\/\/www.yeryuzundebirkacadim.com\/wp-content\/uploads\/2023\/07\/http-www-yeryuzundebirkacadim-com-wp-content-upl-92-816x459.jpeg 816w\" sizes=\"auto, (max-width: 1024px) 100vw, 1024px\" \/><\/p>\n<p>Kilise ve kule 18. y\u00fczy\u0131lda birka\u00e7 y\u0131l ara ile in\u015fa edilmi\u015fler.<\/p>\n<p><img loading=\"lazy\" decoding=\"async\" width=\"1024\" height=\"768\" class=\"wp-image-5475\" src=\"https:\/\/www.yeryuzundebirkacadim.com\/wp-content\/uploads\/2023\/07\/http-www-yeryuzundebirkacadim-com-wp-content-upl-93.jpeg\" alt=\"https:\/\/www.yeryuzundebirkacadim.com\/wp-content\/uploads\/2023\/07\/IMG_20220505_180013-1024x768.jpg\" srcset=\"https:\/\/www.yeryuzundebirkacadim.com\/wp-content\/uploads\/2023\/07\/http-www-yeryuzundebirkacadim-com-wp-content-upl-93.jpeg 1024w, https:\/\/www.yeryuzundebirkacadim.com\/wp-content\/uploads\/2023\/07\/http-www-yeryuzundebirkacadim-com-wp-content-upl-93-768x576.jpeg 768w, https:\/\/www.yeryuzundebirkacadim.com\/wp-content\/uploads\/2023\/07\/http-www-yeryuzundebirkacadim-com-wp-content-upl-93-816x612.jpeg 816w\" sizes=\"auto, (max-width: 1024px) 100vw, 1024px\" \/><\/p>\n<p>Kule, Portekiz\u2019in en y\u00fcksek kulesi oldu\u011fu i\u00e7in bir zamanlar deniz feneri olarak hizmet g\u00f6rm\u00fc\u015f.<\/p>\n<p>Kuleye \u00e7\u0131k\u0131l\u0131p \u015fehir manzaras\u0131 seyredilebiliyormu\u015f. Onu bir dahaki sefere b\u0131rakt\u0131k.<\/p>\n<p><strong>8. Carmo ve Carmelitas Kiliseleri\u00a0<\/strong><\/p>\n<p><img loading=\"lazy\" decoding=\"async\" width=\"1024\" height=\"576\" class=\"wp-image-5476\" src=\"https:\/\/www.yeryuzundebirkacadim.com\/wp-content\/uploads\/2023\/07\/http-www-yeryuzundebirkacadim-com-wp-content-upl-94.jpeg\" alt=\"https:\/\/www.yeryuzundebirkacadim.com\/wp-content\/uploads\/2023\/07\/DSC03312-2-1024x576.jpg\" srcset=\"https:\/\/www.yeryuzundebirkacadim.com\/wp-content\/uploads\/2023\/07\/http-www-yeryuzundebirkacadim-com-wp-content-upl-94.jpeg 1024w, https:\/\/www.yeryuzundebirkacadim.com\/wp-content\/uploads\/2023\/07\/http-www-yeryuzundebirkacadim-com-wp-content-upl-94-768x432.jpeg 768w, https:\/\/www.yeryuzundebirkacadim.com\/wp-content\/uploads\/2023\/07\/http-www-yeryuzundebirkacadim-com-wp-content-upl-94-816x459.jpeg 816w\" sizes=\"auto, (max-width: 1024px) 100vw, 1024px\" \/><\/p>\n<p>Portekiz&#8217;deki kiliselerin \u00e7ok estetik ve g\u00fczel oldu\u011fu \u00e7ok a\u00e7\u0131k. Tablo gibi bir kilise.<\/p>\n<p>Kilise yan yana iki kiliseden olu\u015fuyor: Carmo ve Carmelitas Kiliseleri. Eskiden bir kilisede rahipler di\u011ferinde rahibeler bulunurmu\u015f. Araya yakla\u015f\u0131k bir metrelik bir bo\u015fluk koymu\u015flar. Sonras\u0131nda bu bo\u015flu\u011fa ev yap\u0131lm\u0131\u015f. Gizli ev (Hidden House). Hakikatten gizli. \u0130lk bak\u0131ld\u0131\u011f\u0131nda fark etmek \u00e7ok zor.<\/p>\n<p>Yan cephe azulej ile bezeli.<\/p>\n<p><img loading=\"lazy\" decoding=\"async\" width=\"1024\" height=\"576\" class=\"wp-image-5477\" src=\"https:\/\/www.yeryuzundebirkacadim.com\/wp-content\/uploads\/2023\/07\/http-www-yeryuzundebirkacadim-com-wp-content-upl-95.jpeg\" alt=\"https:\/\/www.yeryuzundebirkacadim.com\/wp-content\/uploads\/2023\/07\/DSC03310-1-1024x576.jpg\" srcset=\"https:\/\/www.yeryuzundebirkacadim.com\/wp-content\/uploads\/2023\/07\/http-www-yeryuzundebirkacadim-com-wp-content-upl-95.jpeg 1024w, https:\/\/www.yeryuzundebirkacadim.com\/wp-content\/uploads\/2023\/07\/http-www-yeryuzundebirkacadim-com-wp-content-upl-95-768x432.jpeg 768w, https:\/\/www.yeryuzundebirkacadim.com\/wp-content\/uploads\/2023\/07\/http-www-yeryuzundebirkacadim-com-wp-content-upl-95-816x459.jpeg 816w\" sizes=\"auto, (max-width: 1024px) 100vw, 1024px\" \/><\/p>\n<p><strong>9. Lello Kitabevi (Livraria Lello)<\/strong><\/p>\n<p><img loading=\"lazy\" decoding=\"async\" width=\"768\" height=\"1024\" class=\"wp-image-5478\" src=\"https:\/\/www.yeryuzundebirkacadim.com\/wp-content\/uploads\/2023\/07\/http-www-yeryuzundebirkacadim-com-wp-content-upl-96.jpeg\" alt=\"https:\/\/www.yeryuzundebirkacadim.com\/wp-content\/uploads\/2023\/07\/IMG_20220506_085531-1-768x1024.jpg\" srcset=\"https:\/\/www.yeryuzundebirkacadim.com\/wp-content\/uploads\/2023\/07\/http-www-yeryuzundebirkacadim-com-wp-content-upl-96.jpeg 768w, https:\/\/www.yeryuzundebirkacadim.com\/wp-content\/uploads\/2023\/07\/http-www-yeryuzundebirkacadim-com-wp-content-upl-96-749x999.jpeg 749w\" sizes=\"auto, (max-width: 768px) 100vw, 768px\" \/><\/p>\n<p>Lello Kitabevi, Lello K\u00fct\u00fcphanesi veya Lello Kitap\u00e7\u0131s\u0131.\u00a0D\u00fcnyan\u0131n en g\u00fczel k\u00fct\u00fcphanelerinden biri\u00a0oldu\u011fu iddia ediliyor.<\/p>\n<p>1906\u2019da Jose ve Antonio Lello karde\u015fler taraf\u0131nda a\u00e7\u0131lm\u0131\u015ft\u0131r.<\/p>\n<p>Me\u015fhur Harry Potter kitab\u0131n\u0131n yazar\u0131 J.K. Rowling&#8217;in Porto\u2019da ya\u015fad\u0131\u011f\u0131 d\u00f6nemde bu kitap\u00e7\u0131dan ve Portolu \u00f6\u011frencilerin pelerinli okul \u00fcniformalar\u0131ndan esinlenerek Harry Potter\u2019\u0131 yazd\u0131\u011f\u0131 s\u00f6ylense de bu sadece ho\u015f bir hikaye.<\/p>\n<p>Kald\u0131\u011f\u0131m\u0131z air bnb buraya \u00e7ok yak\u0131n oldu\u011fu i\u00e7in d\u00fcn ak\u015fam\u00fcst\u00fc \u00f6n\u00fcnden ge\u00e7mi\u015ftik. Uzun kuyruklar oluyordu. O y\u00fczden sabah i\u00e7in rezervasyon saati ald\u0131k. Giri\u015f \u00fccretli.<\/p>\n<p>Ger\u00e7ekten de i\u00e7 tasar\u0131m\u0131 muhte\u015fem. B\u0131rakay\u0131m foto\u011fraflar konu\u015fsun.<\/p>\n<p><strong><img loading=\"lazy\" decoding=\"async\" width=\"1024\" height=\"576\" class=\"wp-image-5479\" src=\"https:\/\/www.yeryuzundebirkacadim.com\/wp-content\/uploads\/2023\/07\/http-www-yeryuzundebirkacadim-com-wp-content-upl-97.jpeg\" alt=\"https:\/\/www.yeryuzundebirkacadim.com\/wp-content\/uploads\/2023\/07\/DSC03318-1024x576.jpg\" srcset=\"https:\/\/www.yeryuzundebirkacadim.com\/wp-content\/uploads\/2023\/07\/http-www-yeryuzundebirkacadim-com-wp-content-upl-97.jpeg 1024w, https:\/\/www.yeryuzundebirkacadim.com\/wp-content\/uploads\/2023\/07\/http-www-yeryuzundebirkacadim-com-wp-content-upl-97-768x432.jpeg 768w, https:\/\/www.yeryuzundebirkacadim.com\/wp-content\/uploads\/2023\/07\/http-www-yeryuzundebirkacadim-com-wp-content-upl-97-816x459.jpeg 816w\" sizes=\"auto, (max-width: 1024px) 100vw, 1024px\" \/><img loading=\"lazy\" decoding=\"async\" width=\"577\" height=\"1024\" class=\"wp-image-5481\" src=\"https:\/\/www.yeryuzundebirkacadim.com\/wp-content\/uploads\/2023\/07\/http-www-yeryuzundebirkacadim-com-wp-content-upl-99.jpeg\" alt=\"https:\/\/www.yeryuzundebirkacadim.com\/wp-content\/uploads\/2023\/07\/IMG_20220506_095541-577x1024.jpg\" srcset=\"https:\/\/www.yeryuzundebirkacadim.com\/wp-content\/uploads\/2023\/07\/http-www-yeryuzundebirkacadim-com-wp-content-upl-99.jpeg 577w, https:\/\/www.yeryuzundebirkacadim.com\/wp-content\/uploads\/2023\/07\/http-www-yeryuzundebirkacadim-com-wp-content-upl-99-563x999.jpeg 563w\" sizes=\"auto, (max-width: 577px) 100vw, 577px\" \/><\/strong><\/p>\n<p><img loading=\"lazy\" decoding=\"async\" width=\"577\" height=\"1024\" class=\"wp-image-5482\" src=\"https:\/\/www.yeryuzundebirkacadim.com\/wp-content\/uploads\/2023\/07\/http-www-yeryuzundebirkacadim-com-wp-content-upl-100.jpeg\" alt=\"https:\/\/www.yeryuzundebirkacadim.com\/wp-content\/uploads\/2023\/07\/IMG_20220506_100118-577x1024.jpg\" srcset=\"https:\/\/www.yeryuzundebirkacadim.com\/wp-content\/uploads\/2023\/07\/http-www-yeryuzundebirkacadim-com-wp-content-upl-100.jpeg 577w, https:\/\/www.yeryuzundebirkacadim.com\/wp-content\/uploads\/2023\/07\/http-www-yeryuzundebirkacadim-com-wp-content-upl-100-563x999.jpeg 563w\" sizes=\"auto, (max-width: 577px) 100vw, 577px\" \/> <img loading=\"lazy\" decoding=\"async\" width=\"1024\" height=\"768\" class=\"wp-image-5483\" src=\"https:\/\/www.yeryuzundebirkacadim.com\/wp-content\/uploads\/2023\/07\/http-www-yeryuzundebirkacadim-com-wp-content-upl-101.jpeg\" alt=\"https:\/\/www.yeryuzundebirkacadim.com\/wp-content\/uploads\/2023\/07\/IMG_20220506_100154-1024x768.jpg\" srcset=\"https:\/\/www.yeryuzundebirkacadim.com\/wp-content\/uploads\/2023\/07\/http-www-yeryuzundebirkacadim-com-wp-content-upl-101.jpeg 1024w, https:\/\/www.yeryuzundebirkacadim.com\/wp-content\/uploads\/2023\/07\/http-www-yeryuzundebirkacadim-com-wp-content-upl-101-768x576.jpeg 768w, https:\/\/www.yeryuzundebirkacadim.com\/wp-content\/uploads\/2023\/07\/http-www-yeryuzundebirkacadim-com-wp-content-upl-101-816x612.jpeg 816w\" sizes=\"auto, (max-width: 1024px) 100vw, 1024px\" \/><\/p>\n<p>Sokak foto\u011fraflar\u0131<\/p>\n<p><img loading=\"lazy\" decoding=\"async\" width=\"1024\" height=\"768\" class=\"wp-image-5484\" src=\"https:\/\/www.yeryuzundebirkacadim.com\/wp-content\/uploads\/2023\/07\/http-www-yeryuzundebirkacadim-com-wp-content-upl-102.jpeg\" alt=\"https:\/\/www.yeryuzundebirkacadim.com\/wp-content\/uploads\/2023\/07\/IMG_20220506_110004-1024x768.jpg\" srcset=\"https:\/\/www.yeryuzundebirkacadim.com\/wp-content\/uploads\/2023\/07\/http-www-yeryuzundebirkacadim-com-wp-content-upl-102.jpeg 1024w, https:\/\/www.yeryuzundebirkacadim.com\/wp-content\/uploads\/2023\/07\/http-www-yeryuzundebirkacadim-com-wp-content-upl-102-768x576.jpeg 768w, https:\/\/www.yeryuzundebirkacadim.com\/wp-content\/uploads\/2023\/07\/http-www-yeryuzundebirkacadim-com-wp-content-upl-102-816x612.jpeg 816w\" sizes=\"auto, (max-width: 1024px) 100vw, 1024px\" \/><\/p>\n<p><img loading=\"lazy\" decoding=\"async\" class=\"alignnone size-medium wp-image-5547\" src=\"https:\/\/www.yeryuzundebirkacadim.com\/wp-content\/uploads\/2023\/07\/IMG_20220504_204859-1024x577.jpg\" alt=\"\" width=\"1024\" height=\"577\" srcset=\"https:\/\/www.yeryuzundebirkacadim.com\/wp-content\/uploads\/2023\/07\/IMG_20220504_204859-1024x577.jpg 1024w, https:\/\/www.yeryuzundebirkacadim.com\/wp-content\/uploads\/2023\/07\/IMG_20220504_204859-768x433.jpg 768w, https:\/\/www.yeryuzundebirkacadim.com\/wp-content\/uploads\/2023\/07\/IMG_20220504_204859-816x460.jpg 816w, https:\/\/www.yeryuzundebirkacadim.com\/wp-content\/uploads\/2023\/07\/IMG_20220504_204859.jpg 1200w\" sizes=\"auto, (max-width: 1024px) 100vw, 1024px\" \/><\/p>\n<p><strong>10. Kobalt Kedisi<\/strong><\/p>\n<p>\u0130spanyol sokak sanat\u00e7\u0131s\u0131 Liqen&#8217;in dar bir ara sokaktan bakan devasa bir kedinin duvar resmi var. &#8220;Kobalt Kedisi&#8221; adl\u0131 sanat eseri be\u015f kat\u0131 kaps\u0131yor ve Porto \u00e7evresindeki kedi say\u0131s\u0131yla ve \u015fehirdeki bir\u00e7ok binada bulunan \u00e7inilerde (azulej) yayg\u0131n olan mavi renkle ilgili.<\/p>\n<p><img loading=\"lazy\" decoding=\"async\" width=\"768\" height=\"1024\" class=\"wp-image-5485\" src=\"https:\/\/www.yeryuzundebirkacadim.com\/wp-content\/uploads\/2023\/07\/http-www-yeryuzundebirkacadim-com-wp-content-upl-103.jpeg\" alt=\"https:\/\/www.yeryuzundebirkacadim.com\/wp-content\/uploads\/2023\/07\/IMG_20220506_102230-1-768x1024.jpg\" srcset=\"https:\/\/www.yeryuzundebirkacadim.com\/wp-content\/uploads\/2023\/07\/http-www-yeryuzundebirkacadim-com-wp-content-upl-103.jpeg 768w, https:\/\/www.yeryuzundebirkacadim.com\/wp-content\/uploads\/2023\/07\/http-www-yeryuzundebirkacadim-com-wp-content-upl-103-749x999.jpeg 749w\" sizes=\"auto, (max-width: 768px) 100vw, 768px\" \/><\/p>\n<p><strong>11. Borsa Saray\u0131\u00a0<\/strong><\/p>\n<p>UNESCO D\u00fcnya Miras\u0131 listesinde yer alan ve Porto\u2019nun en g\u00fczel binalar\u0131ndan biri olan Borsa Saray\u0131&#8217;n\u0131n tarihi 13. y\u00fczy\u0131lda burada bulunan bir manast\u0131ra uzan\u0131yor. Ancak eski manast\u0131r 1832 y\u0131l\u0131nda bir yang\u0131nda yok oluyor ve 1834&#8217;de Porto Ticaret Derne\u011fi taraf\u0131ndan bu g\u00f6rkemli neo-klasik tarz Borsa Binas\u0131 in\u015fa ettiriliyor.<\/p>\n<p>Ge\u00e7mi\u015fte \u00fcst d\u00fczey devlet adamlar\u0131n\u0131n a\u011f\u0131rland\u0131\u011f\u0131, resmi t\u00f6renlerin yap\u0131ld\u0131\u011f\u0131 bu mekan g\u00fcn\u00fcm\u00fczde \u00e7e\u015fitli etkinliklerine ev sahipli\u011fi yap\u0131yor.<\/p>\n<p><img loading=\"lazy\" decoding=\"async\" width=\"1024\" height=\"768\" class=\"wp-image-5486\" src=\"https:\/\/www.yeryuzundebirkacadim.com\/wp-content\/uploads\/2023\/07\/http-www-yeryuzundebirkacadim-com-wp-content-upl-104.jpeg\" alt=\"https:\/\/www.yeryuzundebirkacadim.com\/wp-content\/uploads\/2023\/07\/IMG_20220506_110623-1024x768.jpg\" srcset=\"https:\/\/www.yeryuzundebirkacadim.com\/wp-content\/uploads\/2023\/07\/http-www-yeryuzundebirkacadim-com-wp-content-upl-104.jpeg 1024w, https:\/\/www.yeryuzundebirkacadim.com\/wp-content\/uploads\/2023\/07\/http-www-yeryuzundebirkacadim-com-wp-content-upl-104-768x576.jpeg 768w, https:\/\/www.yeryuzundebirkacadim.com\/wp-content\/uploads\/2023\/07\/http-www-yeryuzundebirkacadim-com-wp-content-upl-104-816x612.jpeg 816w\" sizes=\"auto, (max-width: 1024px) 100vw, 1024px\" \/> <img loading=\"lazy\" decoding=\"async\" width=\"768\" height=\"1024\" class=\"wp-image-5487\" src=\"https:\/\/www.yeryuzundebirkacadim.com\/wp-content\/uploads\/2023\/07\/http-www-yeryuzundebirkacadim-com-wp-content-upl-105.jpeg\" alt=\"https:\/\/www.yeryuzundebirkacadim.com\/wp-content\/uploads\/2023\/07\/IMG_20220506_110947-768x1024.jpg\" srcset=\"https:\/\/www.yeryuzundebirkacadim.com\/wp-content\/uploads\/2023\/07\/http-www-yeryuzundebirkacadim-com-wp-content-upl-105.jpeg 768w, https:\/\/www.yeryuzundebirkacadim.com\/wp-content\/uploads\/2023\/07\/http-www-yeryuzundebirkacadim-com-wp-content-upl-105-749x999.jpeg 749w\" sizes=\"auto, (max-width: 768px) 100vw, 768px\" \/><\/p>\n<p><strong>12. San Francisco Kilisesi<\/strong><\/p>\n<p>1383-1410 y\u0131llar\u0131nda in\u015fa edilen Kilise bir Fransisken Manast\u0131r\u0131&#8217;n\u0131n yan\u0131ndaki kompleksin par\u00e7as\u0131n\u0131 olu\u015fturuyor.<\/p>\n<p>Gotik mimarideki yap\u0131 Unesco D\u00fcnya Miraslar\u0131 Listesi&#8217;nde yer al\u0131yor.<\/p>\n<p><img loading=\"lazy\" decoding=\"async\" width=\"1024\" height=\"768\" class=\"wp-image-5488\" src=\"https:\/\/www.yeryuzundebirkacadim.com\/wp-content\/uploads\/2023\/07\/http-www-yeryuzundebirkacadim-com-wp-content-upl-106.jpeg\" alt=\"https:\/\/www.yeryuzundebirkacadim.com\/wp-content\/uploads\/2023\/07\/IMG_20220506_111248-1024x768.jpg\" srcset=\"https:\/\/www.yeryuzundebirkacadim.com\/wp-content\/uploads\/2023\/07\/http-www-yeryuzundebirkacadim-com-wp-content-upl-106.jpeg 1024w, https:\/\/www.yeryuzundebirkacadim.com\/wp-content\/uploads\/2023\/07\/http-www-yeryuzundebirkacadim-com-wp-content-upl-106-768x576.jpeg 768w, https:\/\/www.yeryuzundebirkacadim.com\/wp-content\/uploads\/2023\/07\/http-www-yeryuzundebirkacadim-com-wp-content-upl-106-816x612.jpeg 816w\" sizes=\"auto, (max-width: 1024px) 100vw, 1024px\" \/><\/p>\n<p><img loading=\"lazy\" decoding=\"async\" class=\"alignnone size-medium wp-image-5553\" src=\"https:\/\/www.yeryuzundebirkacadim.com\/wp-content\/uploads\/2023\/07\/IMG_20220506_112000-768x1024.jpg\" alt=\"\" width=\"768\" height=\"1024\" srcset=\"https:\/\/www.yeryuzundebirkacadim.com\/wp-content\/uploads\/2023\/07\/IMG_20220506_112000-768x1023.jpg 768w, https:\/\/www.yeryuzundebirkacadim.com\/wp-content\/uploads\/2023\/07\/IMG_20220506_112000-750x999.jpg 750w, https:\/\/www.yeryuzundebirkacadim.com\/wp-content\/uploads\/2023\/07\/IMG_20220506_112000.jpg 830w\" sizes=\"auto, (max-width: 768px) 100vw, 768px\" \/><\/p>\n<p>Sahile Ribeira B\u00f6lgesine iniyoruz. (Buray\u0131 daha sonra gezece\u011fiz)<\/p>\n<p><strong>13. Douro Nehri<\/strong><\/p>\n<p>Porto \u015fehrinin simgelerinden olan nehir \u00fclkenin 3. en uzun nehri. Yakla\u015f\u0131k 900 km uzunlu\u011fundaki nehir Atlas Okyanus&#8217;una d\u00f6k\u00fcl\u00fcyor.<\/p>\n<p>\u015eehri ikiye ay\u0131ran nehir \u00e7ok g\u00fczel bir bo\u011faz yaratm\u0131\u015f.<\/p>\n<p>Birazdan kar\u015f\u0131 tarafa (Gaia b\u00f6lgesine) ge\u00e7ece\u011fiz.<\/p>\n<p>Sahilde evler<\/p>\n<p><strong><img loading=\"lazy\" decoding=\"async\" width=\"1024\" height=\"768\" class=\"wp-image-5489\" src=\"https:\/\/www.yeryuzundebirkacadim.com\/wp-content\/uploads\/2023\/07\/http-www-yeryuzundebirkacadim-com-wp-content-upl-107.jpeg\" alt=\"https:\/\/www.yeryuzundebirkacadim.com\/wp-content\/uploads\/2023\/07\/IMG_20220506_112915-1-1024x768.jpg\" srcset=\"https:\/\/www.yeryuzundebirkacadim.com\/wp-content\/uploads\/2023\/07\/http-www-yeryuzundebirkacadim-com-wp-content-upl-107.jpeg 1024w, https:\/\/www.yeryuzundebirkacadim.com\/wp-content\/uploads\/2023\/07\/http-www-yeryuzundebirkacadim-com-wp-content-upl-107-768x576.jpeg 768w, https:\/\/www.yeryuzundebirkacadim.com\/wp-content\/uploads\/2023\/07\/http-www-yeryuzundebirkacadim-com-wp-content-upl-107-816x612.jpeg 816w\" sizes=\"auto, (max-width: 1024px) 100vw, 1024px\" \/><\/strong><\/p>\n<p><strong>14. I. Luis K\u00f6pr\u00fcs\u00fc (Ponte Dom Luis I)<\/strong><\/p>\n<p>I. Luis K\u00f6pr\u00fcs\u00fc ve kar\u015f\u0131da Pilar Manast\u0131r\u0131<\/p>\n<p><img loading=\"lazy\" decoding=\"async\" width=\"1024\" height=\"768\" class=\"wp-image-5490\" src=\"https:\/\/www.yeryuzundebirkacadim.com\/wp-content\/uploads\/2023\/07\/http-www-yeryuzundebirkacadim-com-wp-content-upl-108.jpeg\" alt=\"https:\/\/www.yeryuzundebirkacadim.com\/wp-content\/uploads\/2023\/07\/IMG_20220506_114617-1024x768.jpg\" srcset=\"https:\/\/www.yeryuzundebirkacadim.com\/wp-content\/uploads\/2023\/07\/http-www-yeryuzundebirkacadim-com-wp-content-upl-108.jpeg 1024w, https:\/\/www.yeryuzundebirkacadim.com\/wp-content\/uploads\/2023\/07\/http-www-yeryuzundebirkacadim-com-wp-content-upl-108-768x576.jpeg 768w, https:\/\/www.yeryuzundebirkacadim.com\/wp-content\/uploads\/2023\/07\/http-www-yeryuzundebirkacadim-com-wp-content-upl-108-816x612.jpeg 816w\" sizes=\"auto, (max-width: 1024px) 100vw, 1024px\" \/><\/p>\n<p>Douro nehri \u00fczerindeki 1886 y\u0131l\u0131nda hizmete giren k\u00f6pr\u00fc Porto\u2019nun simgelerinden biri haline gelmi\u015f. Tasar\u0131m\u0131yla ve \u015fehrin iki yakas\u0131n\u0131 ba\u011flamas\u0131 nedeniyle olduk\u00e7a yo\u011fun olarak kullan\u0131l\u0131yor. Demir yap\u0131larla yap\u0131lan heybetli ve zarif iki katl\u0131 bir k\u00f6pr\u00fc.<\/p>\n<p>(Not: 1879&#8217;da Eyfel Kulesi&#8217;nin mimar\u0131 Gustave Eiffel, Douro Nehri&#8217;ne yeni bir k\u00f6pr\u00fc in\u015fa etme projesi sunmu\u015f. O d\u00f6nemde bu proje kentsel n\u00fcfusun \u00e7arp\u0131c\u0131 bir \u015fekilde b\u00fcy\u00fcmesi ve tek katl\u0131 bir k\u00f6pr\u00fcn\u00fcn bunu kar\u015f\u0131layamayaca\u011f\u0131 gerek\u00e7esi ile reddedilmi\u015f.)<\/p>\n<p>\u0130ki katl\u0131 k\u00f6pr\u00fcn\u00fcn iki kat\u0131nda da nehir ve Porto manzaral\u0131 y\u00fcr\u00fcy\u00fc\u015f i\u00e7in yaya yolu mevcut. Biz gitti\u011fimizde alt kat\u0131n restorasyonu nedeni ile etraf\u0131 \u00f6rt\u00fcl\u00fcyd\u00fc. \u00dcst kat tramvay alt kat ara\u00e7 trafi\u011fi i\u00e7in a\u00e7\u0131k.<\/p>\n<p>Alt kattan kar\u015f\u0131ya ge\u00e7tik.\u00a0Funik\u00fcler de vard\u0131. Ama funik\u00fcleri seyrederken Pilar Manast\u0131r\u0131&#8217;na uzak bir tarafa ge\u00e7ti\u011fini zannederek ona binmedik \ud83d\ude41 Bir de k\u00f6pr\u00fcn\u00fcn alt kat\u0131 \u00f6rt\u00fcl\u00fc olmasayd\u0131 iyiydi ama.<\/p>\n<p><strong>Vila Nova de Gaia<\/strong><\/p>\n<p>Porto \u015farab\u0131 end\u00fcstrisinin merkezi olan Vila Nova de Gaia, tur ve tad\u0131m imkan\u0131 sunan \u015farap mahzenleriyle doluymu\u015f. B\u00f6lgede yirmiye yak\u0131n \u015farap evi bulunuyormu\u015f.\u00a0\u00c7\u00fcnk\u00fc Gaia \u015farap y\u0131lland\u0131rmak i\u00e7in ideal bir iklime sahipmi\u015f. Bu nedenle t\u00fcccarlar 1710 y\u0131llar\u0131nda buraya yerle\u015fmeye ve mahzenlerini in\u015fa ettirmeye ba\u015flam\u0131\u015flar.<\/p>\n<p>\u0130ngilizler, Frans\u0131z \u015farab\u0131 ithal etmek istemediklerinden \u015faraplar\u0131n\u0131 Portekiz&#8217;den al\u0131yormu\u015f.<\/p>\n<p>Biz de Gaia&#8217;ya ge\u00e7er ge\u00e7mez k\u00f6pr\u00fcn\u00fcn alt\u0131nda Porto&#8217;nun \u00fcnl\u00fc \u015farap mahzenlerinden birini g\u00f6r\u00fcp eksik kalmayal\u0131m diye girdi \u00e7\u0131kt\u0131 yapt\u0131k. (Bir arkada\u015fa bakacakt\u0131k :).<\/p>\n<p><img loading=\"lazy\" decoding=\"async\" width=\"768\" height=\"1024\" class=\"wp-image-5491\" src=\"https:\/\/www.yeryuzundebirkacadim.com\/wp-content\/uploads\/2023\/07\/http-www-yeryuzundebirkacadim-com-wp-content-upl-109.jpeg\" alt=\"https:\/\/www.yeryuzundebirkacadim.com\/wp-content\/uploads\/2023\/07\/IMG_20220506_115043-768x1024.jpg\" srcset=\"https:\/\/www.yeryuzundebirkacadim.com\/wp-content\/uploads\/2023\/07\/http-www-yeryuzundebirkacadim-com-wp-content-upl-109.jpeg 768w, https:\/\/www.yeryuzundebirkacadim.com\/wp-content\/uploads\/2023\/07\/http-www-yeryuzundebirkacadim-com-wp-content-upl-109-749x999.jpeg 749w\" sizes=\"auto, (max-width: 768px) 100vw, 768px\" \/><\/p>\n<p>Evet hemen Douro Nehri&#8217;nin g\u00fczel manzaralar\u0131n\u0131 b\u0131rakal\u0131m.<\/p>\n<p><img loading=\"lazy\" decoding=\"async\" width=\"1024\" height=\"577\" class=\"wp-image-5492\" src=\"https:\/\/www.yeryuzundebirkacadim.com\/wp-content\/uploads\/2023\/07\/http-www-yeryuzundebirkacadim-com-wp-content-upl-110.jpeg\" alt=\"https:\/\/www.yeryuzundebirkacadim.com\/wp-content\/uploads\/2023\/07\/IMG_20220506_122548-1024x577.jpg\" srcset=\"https:\/\/www.yeryuzundebirkacadim.com\/wp-content\/uploads\/2023\/07\/http-www-yeryuzundebirkacadim-com-wp-content-upl-110.jpeg 1024w, https:\/\/www.yeryuzundebirkacadim.com\/wp-content\/uploads\/2023\/07\/http-www-yeryuzundebirkacadim-com-wp-content-upl-110-768x433.jpeg 768w, https:\/\/www.yeryuzundebirkacadim.com\/wp-content\/uploads\/2023\/07\/http-www-yeryuzundebirkacadim-com-wp-content-upl-110-816x460.jpeg 816w\" sizes=\"auto, (max-width: 1024px) 100vw, 1024px\" \/><\/p>\n<p><img loading=\"lazy\" decoding=\"async\" width=\"1024\" height=\"576\" class=\"wp-image-5493\" src=\"https:\/\/www.yeryuzundebirkacadim.com\/wp-content\/uploads\/2023\/07\/http-www-yeryuzundebirkacadim-com-wp-content-upl-111.jpeg\" alt=\"https:\/\/www.yeryuzundebirkacadim.com\/wp-content\/uploads\/2023\/07\/DSC03430-1024x576.jpg\" srcset=\"https:\/\/www.yeryuzundebirkacadim.com\/wp-content\/uploads\/2023\/07\/http-www-yeryuzundebirkacadim-com-wp-content-upl-111.jpeg 1024w, https:\/\/www.yeryuzundebirkacadim.com\/wp-content\/uploads\/2023\/07\/http-www-yeryuzundebirkacadim-com-wp-content-upl-111-768x432.jpeg 768w, https:\/\/www.yeryuzundebirkacadim.com\/wp-content\/uploads\/2023\/07\/http-www-yeryuzundebirkacadim-com-wp-content-upl-111-816x459.jpeg 816w\" sizes=\"auto, (max-width: 1024px) 100vw, 1024px\" \/><\/p>\n<p><strong>15. Pilar Manast\u0131r\u0131 (Mosteiro da Serra do Pilor)<\/strong><\/p>\n<p><img loading=\"lazy\" decoding=\"async\" width=\"1024\" height=\"576\" class=\"wp-image-5494\" src=\"https:\/\/www.yeryuzundebirkacadim.com\/wp-content\/uploads\/2023\/07\/http-www-yeryuzundebirkacadim-com-wp-content-upl-112.jpeg\" alt=\"https:\/\/www.yeryuzundebirkacadim.com\/wp-content\/uploads\/2023\/07\/DSC03441-1024x576.jpg\" srcset=\"https:\/\/www.yeryuzundebirkacadim.com\/wp-content\/uploads\/2023\/07\/http-www-yeryuzundebirkacadim-com-wp-content-upl-112.jpeg 1024w, https:\/\/www.yeryuzundebirkacadim.com\/wp-content\/uploads\/2023\/07\/http-www-yeryuzundebirkacadim-com-wp-content-upl-112-768x432.jpeg 768w, https:\/\/www.yeryuzundebirkacadim.com\/wp-content\/uploads\/2023\/07\/http-www-yeryuzundebirkacadim-com-wp-content-upl-112-816x459.jpeg 816w\" sizes=\"auto, (max-width: 1024px) 100vw, 1024px\" \/><\/p>\n<p>Gaia&#8217;da \u015fehre hakim bir tepe \u00fczerinde bulunuyor.<\/p>\n<p><img loading=\"lazy\" decoding=\"async\" width=\"1024\" height=\"768\" class=\"wp-image-5495\" src=\"https:\/\/www.yeryuzundebirkacadim.com\/wp-content\/uploads\/2023\/07\/http-www-yeryuzundebirkacadim-com-wp-content-upl-113.jpeg\" alt=\"https:\/\/www.yeryuzundebirkacadim.com\/wp-content\/uploads\/2023\/07\/IMG_20220506_123727-1024x768.jpg\" srcset=\"https:\/\/www.yeryuzundebirkacadim.com\/wp-content\/uploads\/2023\/07\/http-www-yeryuzundebirkacadim-com-wp-content-upl-113.jpeg 1024w, https:\/\/www.yeryuzundebirkacadim.com\/wp-content\/uploads\/2023\/07\/http-www-yeryuzundebirkacadim-com-wp-content-upl-113-768x576.jpeg 768w, https:\/\/www.yeryuzundebirkacadim.com\/wp-content\/uploads\/2023\/07\/http-www-yeryuzundebirkacadim-com-wp-content-upl-113-816x612.jpeg 816w\" sizes=\"auto, (max-width: 1024px) 100vw, 1024px\" \/> <img loading=\"lazy\" decoding=\"async\" width=\"1024\" height=\"768\" class=\"wp-image-5496\" src=\"https:\/\/www.yeryuzundebirkacadim.com\/wp-content\/uploads\/2023\/07\/http-www-yeryuzundebirkacadim-com-wp-content-upl-114.jpeg\" alt=\"https:\/\/www.yeryuzundebirkacadim.com\/wp-content\/uploads\/2023\/07\/IMG_20220506_123628-1024x768.jpg\" srcset=\"https:\/\/www.yeryuzundebirkacadim.com\/wp-content\/uploads\/2023\/07\/http-www-yeryuzundebirkacadim-com-wp-content-upl-114.jpeg 1024w, https:\/\/www.yeryuzundebirkacadim.com\/wp-content\/uploads\/2023\/07\/http-www-yeryuzundebirkacadim-com-wp-content-upl-114-768x576.jpeg 768w, https:\/\/www.yeryuzundebirkacadim.com\/wp-content\/uploads\/2023\/07\/http-www-yeryuzundebirkacadim-com-wp-content-upl-114-816x612.jpeg 816w\" sizes=\"auto, (max-width: 1024px) 100vw, 1024px\" \/><\/p>\n<p>16. y\u00fczy\u0131lda Aziz Augustine&#8217;in iste\u011fi \u00fczerine in\u015fa edilen manast\u0131r, zaman i\u00e7inde birka\u00e7 kez restore edilmi\u015f\u00a0 ve mimarisinde \u00e7e\u015fitli tarzlar bir arada toplanm\u0131\u015f.<\/p>\n<p>UNESCO D\u00fcnya Miras\u0131 listesinde yer al\u0131yor.<\/p>\n<p>Dikkat \u00e7ekici \u00f6zelli\u011fi ise dairesel bir tasar\u0131ma sahip olmas\u0131.<\/p>\n<p>Ancak buras\u0131 pek de tatmin edici bir eser de\u011fildi bizim i\u00e7in. Ama \u00e7\u0131k\u0131p manzara seyretmi\u015f olduk.<\/p>\n<p>A\u015fa\u011f\u0131 do\u011fru inerken &#8220;<strong>Esplanada do Teleferico<\/strong>&#8220;ya u\u011fray\u0131p bir\u015feyler i\u00e7tik.<\/p>\n<p><strong>16. Morro Bah\u00e7eleri (Jardim de Morro)<\/strong><\/p>\n<p>Morro Portekizce tepe demek.<\/p>\n<p>Pilar Manast\u0131r\u0131&#8217;n\u0131n bulundu\u011fu tepenin eteklerine do\u011fru konumlanm\u0131\u015f, enfes kesici bir bo\u011faz manzaras\u0131na sahip. Dinlenmek, e\u011flenmek, manzara seyretmek i\u00e7in ideal bir yer.<\/p>\n<p><img loading=\"lazy\" decoding=\"async\" width=\"1024\" height=\"576\" class=\"wp-image-5497\" src=\"https:\/\/www.yeryuzundebirkacadim.com\/wp-content\/uploads\/2023\/07\/http-www-yeryuzundebirkacadim-com-wp-content-upl-115.jpeg\" alt=\"https:\/\/www.yeryuzundebirkacadim.com\/wp-content\/uploads\/2023\/07\/DSC03433-1024x576.jpg\" srcset=\"https:\/\/www.yeryuzundebirkacadim.com\/wp-content\/uploads\/2023\/07\/http-www-yeryuzundebirkacadim-com-wp-content-upl-115.jpeg 1024w, https:\/\/www.yeryuzundebirkacadim.com\/wp-content\/uploads\/2023\/07\/http-www-yeryuzundebirkacadim-com-wp-content-upl-115-768x432.jpeg 768w, https:\/\/www.yeryuzundebirkacadim.com\/wp-content\/uploads\/2023\/07\/http-www-yeryuzundebirkacadim-com-wp-content-upl-115-816x459.jpeg 816w\" sizes=\"auto, (max-width: 1024px) 100vw, 1024px\" \/><\/p>\n<p>Morro Bah\u00e7elerinden sonra I. Luis K\u00f6pr\u00fcs\u00fc&#8217;n\u00fcn ikinci kat\u0131na y\u00f6neliyoruz. \u00c7\u00fcnk\u00fc k\u00f6pr\u00fc kar\u015f\u0131 tarafta Porto Katedrali&#8217;nin yak\u0131n\u0131ndan ge\u00e7iyor.<\/p>\n<p>Kar\u015f\u0131dan Porto Katedralinin g\u00f6r\u00fcn\u00fc\u015f\u00fc.<\/p>\n<p><strong><img loading=\"lazy\" decoding=\"async\" width=\"1024\" height=\"576\" class=\"wp-image-5498\" src=\"https:\/\/www.yeryuzundebirkacadim.com\/wp-content\/uploads\/2023\/07\/http-www-yeryuzundebirkacadim-com-wp-content-upl-116.jpeg\" alt=\"https:\/\/www.yeryuzundebirkacadim.com\/wp-content\/uploads\/2023\/07\/DSC03444-1024x576.jpg\" srcset=\"https:\/\/www.yeryuzundebirkacadim.com\/wp-content\/uploads\/2023\/07\/http-www-yeryuzundebirkacadim-com-wp-content-upl-116.jpeg 1024w, https:\/\/www.yeryuzundebirkacadim.com\/wp-content\/uploads\/2023\/07\/http-www-yeryuzundebirkacadim-com-wp-content-upl-116-768x432.jpeg 768w, https:\/\/www.yeryuzundebirkacadim.com\/wp-content\/uploads\/2023\/07\/http-www-yeryuzundebirkacadim-com-wp-content-upl-116-816x459.jpeg 816w\" sizes=\"auto, (max-width: 1024px) 100vw, 1024px\" \/><\/strong><\/p>\n<p><strong>17. Porto Katedrali (Se do Porto)<\/strong><\/p>\n<p><strong>\u00a0<\/strong>\u0130lk yap\u0131m\u0131na 2. y\u00fczy\u0131lda ba\u015flan\u0131lan katedralin k\u00f6keni b\u00f6ylelikle Roma Katolik Katedrali oluyor.<\/p>\n<p>Bug\u00fcnk\u00fcne benzer \u015fekilde yap\u0131m\u0131 ise 12. y\u00fczy\u0131l. Bir\u00e7ok kez restorasyon g\u00f6ren katedralde Gotik ve Barok tarzlar\u0131 g\u00f6r\u00fcl\u00fcr.<\/p>\n<p>Kaleyi and\u0131ran bir g\u00f6r\u00fcnt\u00fcye sahip yap\u0131 olduk\u00e7a b\u00fcy\u00fck ve ihti\u015faml\u0131 g\u00f6r\u00fcn\u00fcyor.<\/p>\n<p><img loading=\"lazy\" decoding=\"async\" width=\"1024\" height=\"768\" class=\"wp-image-5499\" src=\"https:\/\/www.yeryuzundebirkacadim.com\/wp-content\/uploads\/2023\/07\/http-www-yeryuzundebirkacadim-com-wp-content-upl-117.jpeg\" alt=\"https:\/\/www.yeryuzundebirkacadim.com\/wp-content\/uploads\/2023\/07\/IMG_20220506_135304-1024x768.jpg\" srcset=\"https:\/\/www.yeryuzundebirkacadim.com\/wp-content\/uploads\/2023\/07\/http-www-yeryuzundebirkacadim-com-wp-content-upl-117.jpeg 1024w, https:\/\/www.yeryuzundebirkacadim.com\/wp-content\/uploads\/2023\/07\/http-www-yeryuzundebirkacadim-com-wp-content-upl-117-768x576.jpeg 768w, https:\/\/www.yeryuzundebirkacadim.com\/wp-content\/uploads\/2023\/07\/http-www-yeryuzundebirkacadim-com-wp-content-upl-117-816x612.jpeg 816w\" sizes=\"auto, (max-width: 1024px) 100vw, 1024px\" \/><\/p>\n<p>Katedralin \u00f6n\u00fcndeki meydanda ta\u015f bir boyunduruk bulunuyor. Adaletin simgesiymi\u015f ve bir zamanlar su\u00e7lular\u0131n idam cezalar\u0131n\u0131n ger\u00e7ekle\u015ftirildi\u011fi yermi\u015f buras\u0131.<\/p>\n<p><img loading=\"lazy\" decoding=\"async\" width=\"1024\" height=\"768\" class=\"wp-image-5500\" src=\"https:\/\/www.yeryuzundebirkacadim.com\/wp-content\/uploads\/2023\/07\/http-www-yeryuzundebirkacadim-com-wp-content-upl-118.jpeg\" alt=\"https:\/\/www.yeryuzundebirkacadim.com\/wp-content\/uploads\/2023\/07\/IMG_20220506_143349-1-1024x768.jpg\" srcset=\"https:\/\/www.yeryuzundebirkacadim.com\/wp-content\/uploads\/2023\/07\/http-www-yeryuzundebirkacadim-com-wp-content-upl-118.jpeg 1024w, https:\/\/www.yeryuzundebirkacadim.com\/wp-content\/uploads\/2023\/07\/http-www-yeryuzundebirkacadim-com-wp-content-upl-118-768x576.jpeg 768w, https:\/\/www.yeryuzundebirkacadim.com\/wp-content\/uploads\/2023\/07\/http-www-yeryuzundebirkacadim-com-wp-content-upl-118-816x612.jpeg 816w\" sizes=\"auto, (max-width: 1024px) 100vw, 1024px\" \/><\/p>\n<p><img loading=\"lazy\" decoding=\"async\" width=\"1024\" height=\"768\" class=\"wp-image-5501\" src=\"https:\/\/www.yeryuzundebirkacadim.com\/wp-content\/uploads\/2023\/07\/http-www-yeryuzundebirkacadim-com-wp-content-upl-119.jpeg\" alt=\"https:\/\/www.yeryuzundebirkacadim.com\/wp-content\/uploads\/2023\/07\/IMG_20220506_135905-1024x768.jpg\" srcset=\"https:\/\/www.yeryuzundebirkacadim.com\/wp-content\/uploads\/2023\/07\/http-www-yeryuzundebirkacadim-com-wp-content-upl-119.jpeg 1024w, https:\/\/www.yeryuzundebirkacadim.com\/wp-content\/uploads\/2023\/07\/http-www-yeryuzundebirkacadim-com-wp-content-upl-119-768x576.jpeg 768w, https:\/\/www.yeryuzundebirkacadim.com\/wp-content\/uploads\/2023\/07\/http-www-yeryuzundebirkacadim-com-wp-content-upl-119-816x612.jpeg 816w\" sizes=\"auto, (max-width: 1024px) 100vw, 1024px\" \/><\/p>\n<p>Y\u00fcksek s\u00fctunlar ve nefin dar cepheden g\u00f6r\u00fcn\u00fc\u015f\u00fc<\/p>\n<p><img loading=\"lazy\" decoding=\"async\" width=\"1024\" height=\"768\" class=\"wp-image-5502\" src=\"https:\/\/www.yeryuzundebirkacadim.com\/wp-content\/uploads\/2023\/07\/http-www-yeryuzundebirkacadim-com-wp-content-upl-120.jpeg\" alt=\"https:\/\/www.yeryuzundebirkacadim.com\/wp-content\/uploads\/2023\/07\/IMG_20220506_142521-1024x768.jpg\" srcset=\"https:\/\/www.yeryuzundebirkacadim.com\/wp-content\/uploads\/2023\/07\/http-www-yeryuzundebirkacadim-com-wp-content-upl-120.jpeg 1024w, https:\/\/www.yeryuzundebirkacadim.com\/wp-content\/uploads\/2023\/07\/http-www-yeryuzundebirkacadim-com-wp-content-upl-120-768x576.jpeg 768w, https:\/\/www.yeryuzundebirkacadim.com\/wp-content\/uploads\/2023\/07\/http-www-yeryuzundebirkacadim-com-wp-content-upl-120-816x612.jpeg 816w\" sizes=\"auto, (max-width: 1024px) 100vw, 1024px\" \/><\/p>\n<p><img loading=\"lazy\" decoding=\"async\" width=\"1024\" height=\"768\" class=\"wp-image-5503\" src=\"https:\/\/www.yeryuzundebirkacadim.com\/wp-content\/uploads\/2023\/07\/http-www-yeryuzundebirkacadim-com-wp-content-upl-121.jpeg\" alt=\"https:\/\/www.yeryuzundebirkacadim.com\/wp-content\/uploads\/2023\/07\/IMG_20220506_142042-1024x768.jpg\" srcset=\"https:\/\/www.yeryuzundebirkacadim.com\/wp-content\/uploads\/2023\/07\/http-www-yeryuzundebirkacadim-com-wp-content-upl-121.jpeg 1024w, https:\/\/www.yeryuzundebirkacadim.com\/wp-content\/uploads\/2023\/07\/http-www-yeryuzundebirkacadim-com-wp-content-upl-121-768x576.jpeg 768w, https:\/\/www.yeryuzundebirkacadim.com\/wp-content\/uploads\/2023\/07\/http-www-yeryuzundebirkacadim-com-wp-content-upl-121-816x612.jpeg 816w\" sizes=\"auto, (max-width: 1024px) 100vw, 1024px\" \/><\/p>\n<p><img loading=\"lazy\" decoding=\"async\" width=\"1024\" height=\"768\" class=\"wp-image-5504\" src=\"https:\/\/www.yeryuzundebirkacadim.com\/wp-content\/uploads\/2023\/07\/http-www-yeryuzundebirkacadim-com-wp-content-upl-122.jpeg\" alt=\"https:\/\/www.yeryuzundebirkacadim.com\/wp-content\/uploads\/2023\/07\/IMG_20220506_140328-1024x768.jpg\" srcset=\"https:\/\/www.yeryuzundebirkacadim.com\/wp-content\/uploads\/2023\/07\/http-www-yeryuzundebirkacadim-com-wp-content-upl-122.jpeg 1024w, https:\/\/www.yeryuzundebirkacadim.com\/wp-content\/uploads\/2023\/07\/http-www-yeryuzundebirkacadim-com-wp-content-upl-122-768x576.jpeg 768w, https:\/\/www.yeryuzundebirkacadim.com\/wp-content\/uploads\/2023\/07\/http-www-yeryuzundebirkacadim-com-wp-content-upl-122-816x612.jpeg 816w\" sizes=\"auto, (max-width: 1024px) 100vw, 1024px\" \/><\/p>\n<p>Katedralde 14. y\u00fczy\u0131lda yap\u0131lan Manast\u0131r ve hazine k\u0131sm\u0131 bulunuyor.<\/p>\n<p><img loading=\"lazy\" decoding=\"async\" width=\"1024\" height=\"768\" class=\"wp-image-5505\" src=\"https:\/\/www.yeryuzundebirkacadim.com\/wp-content\/uploads\/2023\/07\/http-www-yeryuzundebirkacadim-com-wp-content-upl-123.jpeg\" alt=\"https:\/\/www.yeryuzundebirkacadim.com\/wp-content\/uploads\/2023\/07\/IMG_20220506_141734-1024x768.jpg\" srcset=\"https:\/\/www.yeryuzundebirkacadim.com\/wp-content\/uploads\/2023\/07\/http-www-yeryuzundebirkacadim-com-wp-content-upl-123.jpeg 1024w, https:\/\/www.yeryuzundebirkacadim.com\/wp-content\/uploads\/2023\/07\/http-www-yeryuzundebirkacadim-com-wp-content-upl-123-768x576.jpeg 768w, https:\/\/www.yeryuzundebirkacadim.com\/wp-content\/uploads\/2023\/07\/http-www-yeryuzundebirkacadim-com-wp-content-upl-123-816x612.jpeg 816w\" sizes=\"auto, (max-width: 1024px) 100vw, 1024px\" \/><\/p>\n<p>Katedralden Douro Nehri manzaras\u0131<\/p>\n<p><img loading=\"lazy\" decoding=\"async\" width=\"1024\" height=\"768\" class=\"wp-image-5506\" src=\"https:\/\/www.yeryuzundebirkacadim.com\/wp-content\/uploads\/2023\/07\/http-www-yeryuzundebirkacadim-com-wp-content-upl-124.jpeg\" alt=\"https:\/\/www.yeryuzundebirkacadim.com\/wp-content\/uploads\/2023\/07\/IMG_20220506_140707-1024x768.jpg\" srcset=\"https:\/\/www.yeryuzundebirkacadim.com\/wp-content\/uploads\/2023\/07\/http-www-yeryuzundebirkacadim-com-wp-content-upl-124.jpeg 1024w, https:\/\/www.yeryuzundebirkacadim.com\/wp-content\/uploads\/2023\/07\/http-www-yeryuzundebirkacadim-com-wp-content-upl-124-768x576.jpeg 768w, https:\/\/www.yeryuzundebirkacadim.com\/wp-content\/uploads\/2023\/07\/http-www-yeryuzundebirkacadim-com-wp-content-upl-124-816x612.jpeg 816w\" sizes=\"auto, (max-width: 1024px) 100vw, 1024px\" \/><\/p>\n<p><strong>18. Piskoposlar Saray\u0131<\/strong><\/p>\n<p>Porto Katedrali&#8217;nin yan taraf\u0131nda bulunuyor.<\/p>\n<p><img loading=\"lazy\" decoding=\"async\" width=\"1024\" height=\"768\" class=\"wp-image-5507\" src=\"https:\/\/www.yeryuzundebirkacadim.com\/wp-content\/uploads\/2023\/07\/http-www-yeryuzundebirkacadim-com-wp-content-upl-125.jpeg\" alt=\"https:\/\/www.yeryuzundebirkacadim.com\/wp-content\/uploads\/2023\/07\/IMG_20220506_142705-1024x768.jpg\" srcset=\"https:\/\/www.yeryuzundebirkacadim.com\/wp-content\/uploads\/2023\/07\/http-www-yeryuzundebirkacadim-com-wp-content-upl-125.jpeg 1024w, https:\/\/www.yeryuzundebirkacadim.com\/wp-content\/uploads\/2023\/07\/http-www-yeryuzundebirkacadim-com-wp-content-upl-125-768x576.jpeg 768w, https:\/\/www.yeryuzundebirkacadim.com\/wp-content\/uploads\/2023\/07\/http-www-yeryuzundebirkacadim-com-wp-content-upl-125-816x612.jpeg 816w\" sizes=\"auto, (max-width: 1024px) 100vw, 1024px\" \/><\/p>\n<p><img loading=\"lazy\" decoding=\"async\" width=\"768\" height=\"1024\" class=\"wp-image-5508\" src=\"https:\/\/www.yeryuzundebirkacadim.com\/wp-content\/uploads\/2023\/07\/http-www-yeryuzundebirkacadim-com-wp-content-upl-126.jpeg\" alt=\"https:\/\/www.yeryuzundebirkacadim.com\/wp-content\/uploads\/2023\/07\/IMG_20220506_143711-768x1024.jpg\" srcset=\"https:\/\/www.yeryuzundebirkacadim.com\/wp-content\/uploads\/2023\/07\/http-www-yeryuzundebirkacadim-com-wp-content-upl-126.jpeg 768w, https:\/\/www.yeryuzundebirkacadim.com\/wp-content\/uploads\/2023\/07\/http-www-yeryuzundebirkacadim-com-wp-content-upl-126-749x999.jpeg 749w\" sizes=\"auto, (max-width: 768px) 100vw, 768px\" \/><\/p>\n<p><img loading=\"lazy\" decoding=\"async\" width=\"1024\" height=\"768\" class=\"wp-image-5509\" src=\"https:\/\/www.yeryuzundebirkacadim.com\/wp-content\/uploads\/2023\/07\/http-www-yeryuzundebirkacadim-com-wp-content-upl-127.jpeg\" alt=\"https:\/\/www.yeryuzundebirkacadim.com\/wp-content\/uploads\/2023\/07\/IMG_20220506_143317-1024x768.jpg\" srcset=\"https:\/\/www.yeryuzundebirkacadim.com\/wp-content\/uploads\/2023\/07\/http-www-yeryuzundebirkacadim-com-wp-content-upl-127.jpeg 1024w, https:\/\/www.yeryuzundebirkacadim.com\/wp-content\/uploads\/2023\/07\/http-www-yeryuzundebirkacadim-com-wp-content-upl-127-768x576.jpeg 768w, https:\/\/www.yeryuzundebirkacadim.com\/wp-content\/uploads\/2023\/07\/http-www-yeryuzundebirkacadim-com-wp-content-upl-127-816x612.jpeg 816w\" sizes=\"auto, (max-width: 1024px) 100vw, 1024px\" \/><\/p>\n<p><strong>\u00a019. Riberia B\u00f6lgesi<\/strong><\/p>\n<p>Riberia; nehir k\u0131y\u0131s\u0131 demek.<\/p>\n<p>Nehir k\u0131y\u0131s\u0131ndaki bu cazibeli b\u00f6lge; sahil boyunca uzanan g\u00fczel evler, restoranlar ve \u015fehre do\u011fru uzanan Orta \u00e7a\u011fdan kalma darac\u0131k sokaklardan olu\u015fuyor.<\/p>\n<p><strong>Pra\u00e7a da Ribeira<\/strong><\/p>\n<p>Gaia&#8217;dan meydan\u0131n g\u00f6r\u00fcn\u00fcm\u00fc.<\/p>\n<p><img loading=\"lazy\" decoding=\"async\" class=\"alignnone size-medium wp-image-5554\" src=\"https:\/\/www.yeryuzundebirkacadim.com\/wp-content\/uploads\/2023\/07\/DSC03448-1024x576.jpg\" alt=\"\" width=\"1024\" height=\"576\" srcset=\"https:\/\/www.yeryuzundebirkacadim.com\/wp-content\/uploads\/2023\/07\/DSC03448-1024x576.jpg 1024w, https:\/\/www.yeryuzundebirkacadim.com\/wp-content\/uploads\/2023\/07\/DSC03448-768x432.jpg 768w, https:\/\/www.yeryuzundebirkacadim.com\/wp-content\/uploads\/2023\/07\/DSC03448-1536x864.jpg 1536w, https:\/\/www.yeryuzundebirkacadim.com\/wp-content\/uploads\/2023\/07\/DSC03448-816x459.jpg 816w, https:\/\/www.yeryuzundebirkacadim.com\/wp-content\/uploads\/2023\/07\/DSC03448.jpg 1800w\" sizes=\"auto, (max-width: 1024px) 100vw, 1024px\" \/><\/p>\n<p>Nehir kenar\u0131ndaki bu meydan; k\u00fc\u00e7\u00fck ama renkli, her daim hareketli bir meydand\u0131r.<\/p>\n<p><img loading=\"lazy\" decoding=\"async\" class=\"alignnone size-medium wp-image-5568\" src=\"https:\/\/www.yeryuzundebirkacadim.com\/wp-content\/uploads\/2023\/07\/IMG_20220506_113244-1024x768.jpg\" alt=\"\" width=\"1024\" height=\"768\" srcset=\"https:\/\/www.yeryuzundebirkacadim.com\/wp-content\/uploads\/2023\/07\/IMG_20220506_113244-1024x768.jpg 1024w, https:\/\/www.yeryuzundebirkacadim.com\/wp-content\/uploads\/2023\/07\/IMG_20220506_113244-768x576.jpg 768w, https:\/\/www.yeryuzundebirkacadim.com\/wp-content\/uploads\/2023\/07\/IMG_20220506_113244-816x612.jpg 816w, https:\/\/www.yeryuzundebirkacadim.com\/wp-content\/uploads\/2023\/07\/IMG_20220506_113244.jpg 1360w\" sizes=\"auto, (max-width: 1024px) 100vw, 1024px\" \/><\/p>\n<p><strong>K\u00fcp \u00c7e\u015fme;<\/strong> Meydan\u0131n ortas\u0131nda kafe masalar\u0131yla \u00e7evrili ortas\u0131nda bronz bir k\u00fcp bulunan \u00e7e\u015fmedir.<\/p>\n<p><img loading=\"lazy\" decoding=\"async\" class=\"alignnone size-medium wp-image-5564\" src=\"https:\/\/www.yeryuzundebirkacadim.com\/wp-content\/uploads\/2023\/07\/IMG_20220506_150705-1024x768.jpg\" alt=\"\" width=\"1024\" height=\"768\" srcset=\"https:\/\/www.yeryuzundebirkacadim.com\/wp-content\/uploads\/2023\/07\/IMG_20220506_150705-1024x768.jpg 1024w, https:\/\/www.yeryuzundebirkacadim.com\/wp-content\/uploads\/2023\/07\/IMG_20220506_150705-768x576.jpg 768w, https:\/\/www.yeryuzundebirkacadim.com\/wp-content\/uploads\/2023\/07\/IMG_20220506_150705-816x612.jpg 816w, https:\/\/www.yeryuzundebirkacadim.com\/wp-content\/uploads\/2023\/07\/IMG_20220506_150705.jpg 1480w\" sizes=\"auto, (max-width: 1024px) 100vw, 1024px\" \/><\/p>\n<p>Sahilde Mercearia Restorant&#8217;ta dinlenip, karn\u0131m\u0131z\u0131 doyurup b\u00f6lgeyi gezmeye ba\u015fl\u0131yoruz.<\/p>\n<p>Riberia&#8217;n\u0131n renkli ve dar sokaklar\u0131.<\/p>\n<p>Balkonlar\u0131nda \u00e7ama\u015f\u0131rlar\u0131n as\u0131l\u0131 oldu\u011fu, balkon sohbetlerinin yap\u0131ld\u0131\u011f\u0131 samimi evler.<\/p>\n<p><img loading=\"lazy\" decoding=\"async\" class=\"alignnone size-medium wp-image-5563\" src=\"https:\/\/www.yeryuzundebirkacadim.com\/wp-content\/uploads\/2023\/07\/IMG_20220506_150338-1024x768.jpg\" alt=\"\" width=\"1024\" height=\"768\" srcset=\"https:\/\/www.yeryuzundebirkacadim.com\/wp-content\/uploads\/2023\/07\/IMG_20220506_150338-1024x768.jpg 1024w, https:\/\/www.yeryuzundebirkacadim.com\/wp-content\/uploads\/2023\/07\/IMG_20220506_150338-768x576.jpg 768w, https:\/\/www.yeryuzundebirkacadim.com\/wp-content\/uploads\/2023\/07\/IMG_20220506_150338-816x612.jpg 816w, https:\/\/www.yeryuzundebirkacadim.com\/wp-content\/uploads\/2023\/07\/IMG_20220506_150338.jpg 1440w\" sizes=\"auto, (max-width: 1024px) 100vw, 1024px\" \/><\/p>\n<p><img loading=\"lazy\" decoding=\"async\" class=\"alignnone size-medium wp-image-5561\" src=\"https:\/\/www.yeryuzundebirkacadim.com\/wp-content\/uploads\/2023\/07\/IMG_20220506_145419-1024x768.jpg\" alt=\"\" width=\"1024\" height=\"768\" srcset=\"https:\/\/www.yeryuzundebirkacadim.com\/wp-content\/uploads\/2023\/07\/IMG_20220506_145419-1024x768.jpg 1024w, https:\/\/www.yeryuzundebirkacadim.com\/wp-content\/uploads\/2023\/07\/IMG_20220506_145419-768x576.jpg 768w, https:\/\/www.yeryuzundebirkacadim.com\/wp-content\/uploads\/2023\/07\/IMG_20220506_145419-816x612.jpg 816w, https:\/\/www.yeryuzundebirkacadim.com\/wp-content\/uploads\/2023\/07\/IMG_20220506_145419.jpg 1480w\" sizes=\"auto, (max-width: 1024px) 100vw, 1024px\" \/><img loading=\"lazy\" decoding=\"async\" class=\"alignnone size-medium wp-image-5559\" src=\"https:\/\/www.yeryuzundebirkacadim.com\/wp-content\/uploads\/2023\/07\/DSC03555-1024x576.jpg\" alt=\"\" width=\"1024\" height=\"576\" srcset=\"https:\/\/www.yeryuzundebirkacadim.com\/wp-content\/uploads\/2023\/07\/DSC03555-1024x576.jpg 1024w, https:\/\/www.yeryuzundebirkacadim.com\/wp-content\/uploads\/2023\/07\/DSC03555-2048x1152.jpg 2048w, https:\/\/www.yeryuzundebirkacadim.com\/wp-content\/uploads\/2023\/07\/DSC03555-768x432.jpg 768w, https:\/\/www.yeryuzundebirkacadim.com\/wp-content\/uploads\/2023\/07\/DSC03555-1536x864.jpg 1536w, https:\/\/www.yeryuzundebirkacadim.com\/wp-content\/uploads\/2023\/07\/DSC03555-816x459.jpg 816w\" sizes=\"auto, (max-width: 1024px) 100vw, 1024px\" \/><img loading=\"lazy\" decoding=\"async\" class=\"alignnone size-medium wp-image-5560\" src=\"https:\/\/www.yeryuzundebirkacadim.com\/wp-content\/uploads\/2023\/07\/IMG_20220506_145348-768x1024.jpg\" alt=\"\" width=\"768\" height=\"1024\" srcset=\"https:\/\/www.yeryuzundebirkacadim.com\/wp-content\/uploads\/2023\/07\/IMG_20220506_145348-768x1024.jpg 768w, https:\/\/www.yeryuzundebirkacadim.com\/wp-content\/uploads\/2023\/07\/IMG_20220506_145348-1152x1536.jpg 1152w, https:\/\/www.yeryuzundebirkacadim.com\/wp-content\/uploads\/2023\/07\/IMG_20220506_145348-749x999.jpg 749w, https:\/\/www.yeryuzundebirkacadim.com\/wp-content\/uploads\/2023\/07\/IMG_20220506_145348.jpg 1170w\" sizes=\"auto, (max-width: 768px) 100vw, 768px\" \/><img loading=\"lazy\" decoding=\"async\" class=\"alignnone size-medium wp-image-5562\" src=\"https:\/\/www.yeryuzundebirkacadim.com\/wp-content\/uploads\/2023\/07\/IMG_20220506_145521-768x1024.jpg\" alt=\"\" width=\"768\" height=\"1024\" srcset=\"https:\/\/www.yeryuzundebirkacadim.com\/wp-content\/uploads\/2023\/07\/IMG_20220506_145521-768x1024.jpg 768w, https:\/\/www.yeryuzundebirkacadim.com\/wp-content\/uploads\/2023\/07\/IMG_20220506_145521-1152x1536.jpg 1152w, https:\/\/www.yeryuzundebirkacadim.com\/wp-content\/uploads\/2023\/07\/IMG_20220506_145521-749x999.jpg 749w, https:\/\/www.yeryuzundebirkacadim.com\/wp-content\/uploads\/2023\/07\/IMG_20220506_145521.jpg 1170w\" sizes=\"auto, (max-width: 768px) 100vw, 768px\" \/><\/p>\n<p>Bir gezinin daha sonuna geldik. Ak\u015fam d\u00f6n\u00fcyoruz.<\/p>\n<p><strong>G\u00f6remediklerim, yapamad\u0131klar\u0131m:<\/strong><\/p>\n<p>Bordalo\u2019nun Eseri Bordalo II Half Rabbit&#8217;i g\u00f6rmek<\/p>\n<p>Nehirde tekne turu yapmak<\/p>\n<p>Teleferi\u011fe binmek<\/p>\n<p>Clerigios Kulesi&#8217;nin tepesine \u00e7\u0131kmak<\/p>\n<p>\u0130\u015fte t\u00fcm bunlar i\u00e7in buraya bir daha gelmek gerekiyor \ud83d\ude42<\/p>\n","protected":false},"excerpt":{"rendered":"<p>5 &#8211; 6 May\u0131s 2022 Porto 1 May\u0131s&#8217;ta Lizbon&#8217;dan ba\u015flad\u0131\u011f\u0131m\u0131z Portekiz turunda Porto&#8217;ya d\u00fcn ak\u015fam (4 May\u0131s) geldik. Air bnb ile rezerve ettirdi\u011fimiz Casa Sa Noronha Old Town&#8217;a yerle\u015ftik.<\/p>\n","protected":false},"author":1,"featured_media":5477,"comment_status":"closed","ping_status":"closed","sticky":false,"template":"","format":"standard","meta":{"footnotes":""},"categories":[564,689],"tags":[686,682,681,680,3,685,687,684,683,688,678,679],"class_list":["post-5463","post","type-post","status-publish","format-standard","has-post-thumbnail","hentry","category-portekiz","category-porto","tag-benedict","tag-capale-souls","tag-douro","tag-gaia","tag-gezi","tag-ildefonso","tag-jardim-morro","tag-lello","tag-majestic-cafe","tag-pilor-manastiri","tag-porto","tag-ribeira"],"_links":{"self":[{"href":"https:\/\/www.yeryuzundebirkacadim.com\/index.php\/wp-json\/wp\/v2\/posts\/5463","targetHints":{"allow":["GET"]}}],"collection":[{"href":"https:\/\/www.yeryuzundebirkacadim.com\/index.php\/wp-json\/wp\/v2\/posts"}],"about":[{"href":"https:\/\/www.yeryuzundebirkacadim.com\/index.php\/wp-json\/wp\/v2\/types\/post"}],"author":[{"embeddable":true,"href":"https:\/\/www.yeryuzundebirkacadim.com\/index.php\/wp-json\/wp\/v2\/users\/1"}],"replies":[{"embeddable":true,"href":"https:\/\/www.yeryuzundebirkacadim.com\/index.php\/wp-json\/wp\/v2\/comments?post=5463"}],"version-history":[{"count":6,"href":"https:\/\/www.yeryuzundebirkacadim.com\/index.php\/wp-json\/wp\/v2\/posts\/5463\/revisions"}],"predecessor-version":[{"id":5569,"href":"https:\/\/www.yeryuzundebirkacadim.com\/index.php\/wp-json\/wp\/v2\/posts\/5463\/revisions\/5569"}],"wp:featuredmedia":[{"embeddable":true,"href":"https:\/\/www.yeryuzundebirkacadim.com\/index.php\/wp-json\/wp\/v2\/media\/5477"}],"wp:attachment":[{"href":"https:\/\/www.yeryuzundebirkacadim.com\/index.php\/wp-json\/wp\/v2\/media?parent=5463"}],"wp:term":[{"taxonomy":"category","embeddable":true,"href":"https:\/\/www.yeryuzundebirkacadim.com\/index.php\/wp-json\/wp\/v2\/categories?post=5463"},{"taxonomy":"post_tag","embeddable":true,"href":"https:\/\/www.yeryuzundebirkacadim.com\/index.php\/wp-json\/wp\/v2\/tags?post=5463"}],"curies":[{"name":"wp","href":"https:\/\/api.w.org\/{rel}","templated":true}]}}