


{"id":5140,"date":"2022-11-17T12:57:43","date_gmt":"2022-11-17T09:57:43","guid":{"rendered":"http:\/\/www.yeryuzundebirkacadim.com\/?p=5140"},"modified":"2024-08-19T13:56:00","modified_gmt":"2024-08-19T10:56:00","slug":"mudanya","status":"publish","type":"post","link":"https:\/\/www.yeryuzundebirkacadim.com\/index.php\/2022\/11\/17\/mudanya\/","title":{"rendered":"Mudanya"},"content":{"rendered":"<p><strong>Mudanya<\/strong><\/p>\n<p>(27-29 Ekim 2018)<\/p>\n<p>Tarihi, M.\u00d6. 7. y\u00fczy\u0131la dayanan Mudanya&#8217;n\u0131n k\u00f6k\u00fc; Gemlik, Erdek gibi \u015fehirlerin kurucusu \u0130yonyal\u0131&#8217;lara dayan\u0131yor.<\/p>\n<p>1321&#8217;de Osmanl\u0131 topra\u011f\u0131 oluyor.<\/p>\n<p><!--more--><\/p>\n<p><strong>Eski Girit Mahallesi (Rum Mahallesi)<\/strong><\/p>\n<p>Deniz kenar\u0131nda bulunan mahalle rengarenk eski Rum evleri ile dikkat \u00e7ekiyor. Kafelerin de bolca bulundu\u011fu mahalle\u00a0yar\u0131m saatte gezilebiliyor.<\/p>\n<p><img loading=\"lazy\" decoding=\"async\" class=\"alignnone size-full wp-image-2806\" src=\"https:\/\/www.yeryuzundebirkacadim.com\/wp-content\/uploads\/2019\/01\/DSC05927.jpg\" alt=\"\" width=\"4240\" height=\"2400\" srcset=\"https:\/\/www.yeryuzundebirkacadim.com\/wp-content\/uploads\/2019\/01\/DSC05927.jpg 4240w, https:\/\/www.yeryuzundebirkacadim.com\/wp-content\/uploads\/2019\/01\/DSC05927-1024x580.jpg 1024w, https:\/\/www.yeryuzundebirkacadim.com\/wp-content\/uploads\/2019\/01\/DSC05927-768x435.jpg 768w, https:\/\/www.yeryuzundebirkacadim.com\/wp-content\/uploads\/2019\/01\/DSC05927-2048x1159.jpg 2048w, https:\/\/www.yeryuzundebirkacadim.com\/wp-content\/uploads\/2019\/01\/DSC05927-816x462.jpg 816w\" sizes=\"auto, (max-width: 4240px) 100vw, 4240px\" \/><\/p>\n<p><img loading=\"lazy\" decoding=\"async\" class=\"alignnone size-full wp-image-2810\" src=\"https:\/\/www.yeryuzundebirkacadim.com\/wp-content\/uploads\/2019\/01\/DSC05945.jpg\" alt=\"\" width=\"4240\" height=\"2400\" srcset=\"https:\/\/www.yeryuzundebirkacadim.com\/wp-content\/uploads\/2019\/01\/DSC05945.jpg 4240w, https:\/\/www.yeryuzundebirkacadim.com\/wp-content\/uploads\/2019\/01\/DSC05945-1024x580.jpg 1024w, https:\/\/www.yeryuzundebirkacadim.com\/wp-content\/uploads\/2019\/01\/DSC05945-768x435.jpg 768w, https:\/\/www.yeryuzundebirkacadim.com\/wp-content\/uploads\/2019\/01\/DSC05945-2048x1159.jpg 2048w, https:\/\/www.yeryuzundebirkacadim.com\/wp-content\/uploads\/2019\/01\/DSC05945-816x462.jpg 816w\" sizes=\"auto, (max-width: 4240px) 100vw, 4240px\" \/><\/p>\n<p>Mahalle bir \u0130talyan m\u00fchendis taraf\u0131ndan planlanm\u0131\u015f. Rumlar\u0131n daha o zamandan \u015fehir planlamas\u0131na verdi\u011fi \u00f6nem a\u00e7\u0131s\u0131ndan takdire \u015fayan.<\/p>\n<p><img loading=\"lazy\" decoding=\"async\" class=\"alignnone wp-image-2833 size-full\" src=\"https:\/\/www.yeryuzundebirkacadim.com\/wp-content\/uploads\/2019\/01\/20181027_125829-e1588336403563.jpg\" alt=\"\" width=\"2322\" height=\"4128\" srcset=\"https:\/\/www.yeryuzundebirkacadim.com\/wp-content\/uploads\/2019\/01\/20181027_125829-e1588336403563.jpg 2322w, https:\/\/www.yeryuzundebirkacadim.com\/wp-content\/uploads\/2019\/01\/20181027_125829-e1588336403563-576x1024.jpg 576w, https:\/\/www.yeryuzundebirkacadim.com\/wp-content\/uploads\/2019\/01\/20181027_125829-e1588336403563-768x1365.jpg 768w, https:\/\/www.yeryuzundebirkacadim.com\/wp-content\/uploads\/2019\/01\/20181027_125829-e1588336403563-1152x2048.jpg 1152w, https:\/\/www.yeryuzundebirkacadim.com\/wp-content\/uploads\/2019\/01\/20181027_125829-e1588336403563-562x999.jpg 562w\" sizes=\"auto, (max-width: 2322px) 100vw, 2322px\" \/><\/p>\n<p><img loading=\"lazy\" decoding=\"async\" class=\"alignnone size-full wp-image-2819\" src=\"https:\/\/www.yeryuzundebirkacadim.com\/wp-content\/uploads\/2019\/01\/DSC05934.jpg\" alt=\"\" width=\"4240\" height=\"2400\" srcset=\"https:\/\/www.yeryuzundebirkacadim.com\/wp-content\/uploads\/2019\/01\/DSC05934.jpg 4240w, https:\/\/www.yeryuzundebirkacadim.com\/wp-content\/uploads\/2019\/01\/DSC05934-1024x580.jpg 1024w, https:\/\/www.yeryuzundebirkacadim.com\/wp-content\/uploads\/2019\/01\/DSC05934-768x435.jpg 768w, https:\/\/www.yeryuzundebirkacadim.com\/wp-content\/uploads\/2019\/01\/DSC05934-2048x1159.jpg 2048w, https:\/\/www.yeryuzundebirkacadim.com\/wp-content\/uploads\/2019\/01\/DSC05934-816x462.jpg 816w\" sizes=\"auto, (max-width: 4240px) 100vw, 4240px\" \/><\/p>\n<p>M\u00fcbadele sonras\u0131 giden Rumlar\u0131n yerine Girit&#8217;ten gelen T\u00fcrkler yerle\u015ftirilmi\u015f.<\/p>\n<p><img loading=\"lazy\" decoding=\"async\" class=\"alignnone wp-image-2820 size-full\" src=\"https:\/\/www.yeryuzundebirkacadim.com\/wp-content\/uploads\/2019\/01\/20181027_125051-e1588336471735.jpg\" alt=\"\" width=\"2322\" height=\"4128\" srcset=\"https:\/\/www.yeryuzundebirkacadim.com\/wp-content\/uploads\/2019\/01\/20181027_125051-e1588336471735.jpg 2322w, https:\/\/www.yeryuzundebirkacadim.com\/wp-content\/uploads\/2019\/01\/20181027_125051-e1588336471735-576x1024.jpg 576w, https:\/\/www.yeryuzundebirkacadim.com\/wp-content\/uploads\/2019\/01\/20181027_125051-e1588336471735-768x1365.jpg 768w, https:\/\/www.yeryuzundebirkacadim.com\/wp-content\/uploads\/2019\/01\/20181027_125051-e1588336471735-1152x2048.jpg 1152w, https:\/\/www.yeryuzundebirkacadim.com\/wp-content\/uploads\/2019\/01\/20181027_125051-e1588336471735-562x999.jpg 562w\" sizes=\"auto, (max-width: 2322px) 100vw, 2322px\" \/><\/p>\n<p><img loading=\"lazy\" decoding=\"async\" class=\"alignnone size-full wp-image-2818\" src=\"https:\/\/www.yeryuzundebirkacadim.com\/wp-content\/uploads\/2019\/01\/20160430_174518-1.jpg\" alt=\"\" width=\"4128\" height=\"2322\" srcset=\"https:\/\/www.yeryuzundebirkacadim.com\/wp-content\/uploads\/2019\/01\/20160430_174518-1.jpg 4128w, https:\/\/www.yeryuzundebirkacadim.com\/wp-content\/uploads\/2019\/01\/20160430_174518-1-1024x576.jpg 1024w, https:\/\/www.yeryuzundebirkacadim.com\/wp-content\/uploads\/2019\/01\/20160430_174518-1-768x432.jpg 768w, https:\/\/www.yeryuzundebirkacadim.com\/wp-content\/uploads\/2019\/01\/20160430_174518-1-2048x1152.jpg 2048w, https:\/\/www.yeryuzundebirkacadim.com\/wp-content\/uploads\/2019\/01\/20160430_174518-1-816x459.jpg 816w\" sizes=\"auto, (max-width: 4128px) 100vw, 4128px\" \/><\/p>\n<p><strong>M\u00fctareke Evi<\/strong><\/p>\n<p><img loading=\"lazy\" decoding=\"async\" class=\"alignnone size-full wp-image-2811\" src=\"https:\/\/www.yeryuzundebirkacadim.com\/wp-content\/uploads\/2019\/01\/DSC05946.jpg\" alt=\"\" width=\"4240\" height=\"2400\" srcset=\"https:\/\/www.yeryuzundebirkacadim.com\/wp-content\/uploads\/2019\/01\/DSC05946.jpg 4240w, https:\/\/www.yeryuzundebirkacadim.com\/wp-content\/uploads\/2019\/01\/DSC05946-1024x580.jpg 1024w, https:\/\/www.yeryuzundebirkacadim.com\/wp-content\/uploads\/2019\/01\/DSC05946-768x435.jpg 768w, https:\/\/www.yeryuzundebirkacadim.com\/wp-content\/uploads\/2019\/01\/DSC05946-2048x1159.jpg 2048w, https:\/\/www.yeryuzundebirkacadim.com\/wp-content\/uploads\/2019\/01\/DSC05946-816x462.jpg 816w\" sizes=\"auto, (max-width: 4240px) 100vw, 4240px\" \/><\/p>\n<p>Kurtulu\u015f Sava\u015f\u0131&#8217;n\u0131 sonland\u0131ran Mudanya M\u00fctarekesi&#8217;nin imzaland\u0131\u011f\u0131 tarihi ev. G\u00f6r\u00fc\u015fmelerin yap\u0131laca\u011f\u0131 evin mobilyalar\u0131 bile yokmu\u015f. \u00c7evre evlerden sonra verilmek \u00fczere mobilya toplanarak d\u00f6\u015fenmi\u015f.<\/p>\n<p><img loading=\"lazy\" decoding=\"async\" class=\"alignnone size-full wp-image-2809\" src=\"https:\/\/www.yeryuzundebirkacadim.com\/wp-content\/uploads\/2019\/01\/DSC05944.jpg\" alt=\"\" width=\"4240\" height=\"2400\" srcset=\"https:\/\/www.yeryuzundebirkacadim.com\/wp-content\/uploads\/2019\/01\/DSC05944.jpg 4240w, https:\/\/www.yeryuzundebirkacadim.com\/wp-content\/uploads\/2019\/01\/DSC05944-1024x580.jpg 1024w, https:\/\/www.yeryuzundebirkacadim.com\/wp-content\/uploads\/2019\/01\/DSC05944-768x435.jpg 768w, https:\/\/www.yeryuzundebirkacadim.com\/wp-content\/uploads\/2019\/01\/DSC05944-2048x1159.jpg 2048w, https:\/\/www.yeryuzundebirkacadim.com\/wp-content\/uploads\/2019\/01\/DSC05944-816x462.jpg 816w\" sizes=\"auto, (max-width: 4240px) 100vw, 4240px\" \/><\/p>\n<p>Rivayet odur ki:<\/p>\n<p>8 g\u00fcn s\u00fcren ve hararetli tart\u0131\u015fmalar\u0131n yap\u0131ld\u0131\u011f\u0131 m\u00fctareke esnas\u0131nda dayat\u0131lmaya \u00e7al\u0131\u015f\u0131lan \u015fartlar\u0131n kabul edilemezli\u011fi kar\u015f\u0131s\u0131nda \u0130smet \u0130n\u00f6n\u00fc \u00e7ok hiddetlenir. \u0130tilaf Devletleri Delegasyonuna kabal\u0131k olmas\u0131n diye odadan \u00e7\u0131k\u0131p kendi \u00e7al\u0131\u015fma odas\u0131na gelir ve &#8220;gerekirse sava\u015f\u0131r\u0131z&#8221; diyerek ge\u00e7irir yumru\u011funu masaya. Mermeri \u00e7atlat\u0131r.<\/p>\n<p><img loading=\"lazy\" decoding=\"async\" class=\"alignnone size-full wp-image-2808\" src=\"https:\/\/www.yeryuzundebirkacadim.com\/wp-content\/uploads\/2019\/01\/DSC05942.jpg\" alt=\"\" width=\"4240\" height=\"2400\" srcset=\"https:\/\/www.yeryuzundebirkacadim.com\/wp-content\/uploads\/2019\/01\/DSC05942.jpg 4240w, https:\/\/www.yeryuzundebirkacadim.com\/wp-content\/uploads\/2019\/01\/DSC05942-1024x580.jpg 1024w, https:\/\/www.yeryuzundebirkacadim.com\/wp-content\/uploads\/2019\/01\/DSC05942-768x435.jpg 768w, https:\/\/www.yeryuzundebirkacadim.com\/wp-content\/uploads\/2019\/01\/DSC05942-2048x1159.jpg 2048w, https:\/\/www.yeryuzundebirkacadim.com\/wp-content\/uploads\/2019\/01\/DSC05942-816x462.jpg 816w\" sizes=\"auto, (max-width: 4240px) 100vw, 4240px\" \/>\u00a0 Sergilenmekte olan masa.<\/p>\n<p>Bu ev 1937&#8217;de \u015eeker Kral\u0131 olarak bilinen Mudanyal\u0131 vatanperver i\u015f adam\u0131 Hayri \u0130par taraf\u0131ndan -ki kendisi bir d\u00f6nem bu evde kirac\u0131 olarak oturmu\u015f- sat\u0131n al\u0131n\u0131p onar\u0131lm\u0131\u015f ve m\u00fczeye d\u00f6n\u00fc\u015ft\u00fcr\u00fclm\u00fc\u015f. Ayr\u0131ca M\u00fctareke i\u00e7in \u00f6d\u00fcn\u00e7 al\u0131nan mobilyalar\u0131 bulup sat\u0131n alm\u0131\u015f.<\/p>\n<p>Art\u0131k \u00e7ok ac\u0131kt\u0131k. \u00d6\u011flen yeme\u011fi i\u00e7in &#8220;Deniz G\u00fcl\u00fc Bal\u0131k Restoran\u0131&#8221;na (Doktor Han\u0131m\u0131n Yeri) oturuyoruz. Doktor han\u0131m \u00f6zel olarak ilgileniyor bizle. Taze, lezzetli bal\u0131k ve mezelerin ard\u0131ndan harika bir irmik helvas\u0131 yiyiyoruz. \u00d6\u011freniyoruz ki helva tamamen organik \u00fcr\u00fcnlerle yap\u0131lm\u0131\u015f. \u015eeker yerine pekmez kullan\u0131lm\u0131\u015f.<\/p>\n<p><img loading=\"lazy\" decoding=\"async\" class=\"alignnone size-full wp-image-2812\" src=\"https:\/\/www.yeryuzundebirkacadim.com\/wp-content\/uploads\/2019\/01\/DSC05952.jpg\" alt=\"\" width=\"4240\" height=\"2400\" srcset=\"https:\/\/www.yeryuzundebirkacadim.com\/wp-content\/uploads\/2019\/01\/DSC05952.jpg 4240w, https:\/\/www.yeryuzundebirkacadim.com\/wp-content\/uploads\/2019\/01\/DSC05952-1024x580.jpg 1024w, https:\/\/www.yeryuzundebirkacadim.com\/wp-content\/uploads\/2019\/01\/DSC05952-768x435.jpg 768w, https:\/\/www.yeryuzundebirkacadim.com\/wp-content\/uploads\/2019\/01\/DSC05952-2048x1159.jpg 2048w, https:\/\/www.yeryuzundebirkacadim.com\/wp-content\/uploads\/2019\/01\/DSC05952-816x462.jpg 816w\" sizes=\"auto, (max-width: 4240px) 100vw, 4240px\" \/><\/p>\n<p>Ayr\u0131lma vakti geldi. Bursa&#8217;ya bir uzanal\u0131m.<\/p>\n<p>&nbsp;<\/p>\n<p>&nbsp;<\/p>\n<p>&nbsp;<\/p>\n<p><strong>\u00a0<\/strong><\/p>\n<p>&nbsp;<\/p>\n<p>&nbsp;<\/p>\n","protected":false},"excerpt":{"rendered":"<p>Mudanya (27-29 Ekim 2018) Tarihi, M.\u00d6. 7. y\u00fczy\u0131la dayanan Mudanya&#8217;n\u0131n k\u00f6k\u00fc; Gemlik, Erdek gibi \u015fehirlerin kurucusu \u0130yonyal\u0131&#8217;lara dayan\u0131yor. 1321&#8217;de Osmanl\u0131 topra\u011f\u0131 oluyor.<\/p>\n","protected":false},"author":1,"featured_media":2819,"comment_status":"closed","ping_status":"closed","sticky":false,"template":"","format":"standard","meta":{"footnotes":""},"categories":[638],"tags":[639,328,326,640],"class_list":["post-5140","post","type-post","status-publish","format-standard","has-post-thumbnail","hentry","category-mudanya","tag-bursa","tag-girit-mahallesi","tag-mudanya","tag-mutereke-evi"],"_links":{"self":[{"href":"https:\/\/www.yeryuzundebirkacadim.com\/index.php\/wp-json\/wp\/v2\/posts\/5140","targetHints":{"allow":["GET"]}}],"collection":[{"href":"https:\/\/www.yeryuzundebirkacadim.com\/index.php\/wp-json\/wp\/v2\/posts"}],"about":[{"href":"https:\/\/www.yeryuzundebirkacadim.com\/index.php\/wp-json\/wp\/v2\/types\/post"}],"author":[{"embeddable":true,"href":"https:\/\/www.yeryuzundebirkacadim.com\/index.php\/wp-json\/wp\/v2\/users\/1"}],"replies":[{"embeddable":true,"href":"https:\/\/www.yeryuzundebirkacadim.com\/index.php\/wp-json\/wp\/v2\/comments?post=5140"}],"version-history":[{"count":2,"href":"https:\/\/www.yeryuzundebirkacadim.com\/index.php\/wp-json\/wp\/v2\/posts\/5140\/revisions"}],"predecessor-version":[{"id":5145,"href":"https:\/\/www.yeryuzundebirkacadim.com\/index.php\/wp-json\/wp\/v2\/posts\/5140\/revisions\/5145"}],"wp:featuredmedia":[{"embeddable":true,"href":"https:\/\/www.yeryuzundebirkacadim.com\/index.php\/wp-json\/wp\/v2\/media\/2819"}],"wp:attachment":[{"href":"https:\/\/www.yeryuzundebirkacadim.com\/index.php\/wp-json\/wp\/v2\/media?parent=5140"}],"wp:term":[{"taxonomy":"category","embeddable":true,"href":"https:\/\/www.yeryuzundebirkacadim.com\/index.php\/wp-json\/wp\/v2\/categories?post=5140"},{"taxonomy":"post_tag","embeddable":true,"href":"https:\/\/www.yeryuzundebirkacadim.com\/index.php\/wp-json\/wp\/v2\/tags?post=5140"}],"curies":[{"name":"wp","href":"https:\/\/api.w.org\/{rel}","templated":true}]}}