


{"id":5137,"date":"2022-11-17T12:49:26","date_gmt":"2022-11-17T09:49:26","guid":{"rendered":"http:\/\/www.yeryuzundebirkacadim.com\/?p=5137"},"modified":"2024-08-19T13:56:00","modified_gmt":"2024-08-19T10:56:00","slug":"tirilye","status":"publish","type":"post","link":"https:\/\/www.yeryuzundebirkacadim.com\/index.php\/2022\/11\/17\/tirilye\/","title":{"rendered":"Tirilye"},"content":{"rendered":"<p><strong>Tirilye<\/strong><\/p>\n<p>(27-29 Ekim 2018)<\/p>\n<p>G\u00f6lyaz\u0131&#8217;ya 40 km, Mudanya&#8217;ya 11 km mesafede \u015firin mi \u015firin bir kasaba.<\/p>\n<p>Saat 11 gibi Tirilye&#8217;ye var\u0131yoruz. Bir yan\u0131 Marmara Denizi, di\u011fer yan\u0131 al\u00e7ak bir tepe. Rivayete g\u00f6re ad\u0131n\u0131 \u0130stanbul&#8217;dan s\u00fcrg\u00fcn edilen \u00fc\u00e7 papazdan alm\u0131\u015f.<\/p>\n<p>1330&#8217;da Orhan Bey taraf\u0131ndan Osmanl\u0131 topraklar\u0131na kat\u0131lan kasaba Osmanl\u0131 idaresinde uzun seneler huzur i\u00e7inde ya\u015fam\u0131\u015f.<\/p>\n<p>Bir\u00e7ok dizi ve film \u00e7ekilmi\u015f burada.<\/p>\n<p><!--more--><\/p>\n<p>\u00d6nce tepedeki me\u015fhur \u00c7aml\u0131 Kahve&#8217;ye \u00e7\u0131k\u0131p foto\u011fraf \u00e7ekerek a\u015fa\u011f\u0131ya do\u011fru sal\u0131n\u0131yoruz.<\/p>\n<p><strong>Ta\u015f Mektep<\/strong><\/p>\n<p><img loading=\"lazy\" decoding=\"async\" class=\"alignnone size-full wp-image-2813\" src=\"https:\/\/www.yeryuzundebirkacadim.com\/wp-content\/uploads\/2019\/01\/20160430_143909-1.jpg\" alt=\"\" width=\"4128\" height=\"2322\" srcset=\"https:\/\/www.yeryuzundebirkacadim.com\/wp-content\/uploads\/2019\/01\/20160430_143909-1.jpg 4128w, https:\/\/www.yeryuzundebirkacadim.com\/wp-content\/uploads\/2019\/01\/20160430_143909-1-1024x576.jpg 1024w, https:\/\/www.yeryuzundebirkacadim.com\/wp-content\/uploads\/2019\/01\/20160430_143909-1-768x432.jpg 768w, https:\/\/www.yeryuzundebirkacadim.com\/wp-content\/uploads\/2019\/01\/20160430_143909-1-2048x1152.jpg 2048w, https:\/\/www.yeryuzundebirkacadim.com\/wp-content\/uploads\/2019\/01\/20160430_143909-1-816x459.jpg 816w\" sizes=\"auto, (max-width: 4128px) 100vw, 4128px\" \/><\/p>\n<p>Tirilye&#8217;de do\u011fan ve Yunanistan&#8217;da e\u011fitim g\u00f6rd\u00fckten sonra metropolit olarak olarak Tirilye&#8217;ye d\u00f6nen Chirisostomos taraf\u0131ndan yapt\u0131r\u0131lan Ta\u015f Mektep Tirilye&#8217;nin en g\u00f6rkemli yap\u0131lar\u0131ndan. Yakla\u015f\u0131k bir d\u00f6n\u00fcml\u00fck arsa \u00fczerine in\u015fa edilmi\u015ftir. M\u00fcbadele sonras\u0131 1924&#8217;de Kaz\u0131m Karabekir&#8217;in giri\u015fimleri ile yetim ve \u00f6ks\u00fcz \u00e7ocuklar\u0131n e\u011fitim g\u00f6rmesi amac\u0131 ile &#8220;Dar\u00fc&#8217;l-eytam&#8221; olarak a\u00e7\u0131ld\u0131. Daha sonra yat\u0131l\u0131 b\u00f6lge okulu, ard\u0131ndan ilkokul oldu. 1957-1989&#8217;a kadar Trilye Ortaokulu olarak i\u015flev g\u00f6rd\u00fc. Daha sonra yap\u0131da meydana gelen baz\u0131 sorunlar nedeni ile terk edildi.<\/p>\n<p>2016&#8217;da gitti\u011fimde kendi kaderine terk edilmi\u015f g\u00f6r\u00fcn\u00fcmdeyken bu\u00a0geli\u015fimde restorasyonun ba\u015flat\u0131ld\u0131\u011f\u0131n\u0131 g\u00f6rmek sevindiriciydi.<\/p>\n<p><img loading=\"lazy\" decoding=\"async\" class=\"alignnone size-full wp-image-2799\" src=\"https:\/\/www.yeryuzundebirkacadim.com\/wp-content\/uploads\/2019\/01\/20181027_105232.jpg\" alt=\"\" width=\"4128\" height=\"2322\" srcset=\"https:\/\/www.yeryuzundebirkacadim.com\/wp-content\/uploads\/2019\/01\/20181027_105232.jpg 4128w, https:\/\/www.yeryuzundebirkacadim.com\/wp-content\/uploads\/2019\/01\/20181027_105232-1024x576.jpg 1024w, https:\/\/www.yeryuzundebirkacadim.com\/wp-content\/uploads\/2019\/01\/20181027_105232-768x432.jpg 768w, https:\/\/www.yeryuzundebirkacadim.com\/wp-content\/uploads\/2019\/01\/20181027_105232-2048x1152.jpg 2048w, https:\/\/www.yeryuzundebirkacadim.com\/wp-content\/uploads\/2019\/01\/20181027_105232-816x459.jpg 816w\" sizes=\"auto, (max-width: 4128px) 100vw, 4128px\" \/><\/p>\n<p><strong>Fatih Cami (Eski Hagios Stephanos Kilisesi)<\/strong><\/p>\n<p><img loading=\"lazy\" decoding=\"async\" class=\"alignnone size-full wp-image-2816\" src=\"https:\/\/www.yeryuzundebirkacadim.com\/wp-content\/uploads\/2019\/01\/20160430_154957.jpg\" alt=\"\" width=\"4128\" height=\"2322\" srcset=\"https:\/\/www.yeryuzundebirkacadim.com\/wp-content\/uploads\/2019\/01\/20160430_154957.jpg 4128w, https:\/\/www.yeryuzundebirkacadim.com\/wp-content\/uploads\/2019\/01\/20160430_154957-1024x576.jpg 1024w, https:\/\/www.yeryuzundebirkacadim.com\/wp-content\/uploads\/2019\/01\/20160430_154957-768x432.jpg 768w, https:\/\/www.yeryuzundebirkacadim.com\/wp-content\/uploads\/2019\/01\/20160430_154957-2048x1152.jpg 2048w, https:\/\/www.yeryuzundebirkacadim.com\/wp-content\/uploads\/2019\/01\/20160430_154957-816x459.jpg 816w\" sizes=\"auto, (max-width: 4128px) 100vw, 4128px\" \/><\/p>\n<p><img loading=\"lazy\" decoding=\"async\" class=\"alignnone size-full wp-image-2817\" src=\"https:\/\/www.yeryuzundebirkacadim.com\/wp-content\/uploads\/2019\/01\/20160430_155200.jpg\" alt=\"\" width=\"4128\" height=\"2322\" srcset=\"https:\/\/www.yeryuzundebirkacadim.com\/wp-content\/uploads\/2019\/01\/20160430_155200.jpg 4128w, https:\/\/www.yeryuzundebirkacadim.com\/wp-content\/uploads\/2019\/01\/20160430_155200-1024x576.jpg 1024w, https:\/\/www.yeryuzundebirkacadim.com\/wp-content\/uploads\/2019\/01\/20160430_155200-768x432.jpg 768w, https:\/\/www.yeryuzundebirkacadim.com\/wp-content\/uploads\/2019\/01\/20160430_155200-2048x1152.jpg 2048w, https:\/\/www.yeryuzundebirkacadim.com\/wp-content\/uploads\/2019\/01\/20160430_155200-816x459.jpg 816w\" sizes=\"auto, (max-width: 4128px) 100vw, 4128px\" \/><\/p>\n<p>640-850 y\u0131llar\u0131 aras\u0131ndan g\u00fcn\u00fcm\u00fcze kalan nadir Bizans Mimarisi eserlerinden biridir. &#8220;Kare i\u00e7inde ha\u00e7&#8221; tipi kiliselerin en eski \u00f6rneklerindendir.<\/p>\n<p>Kubbesini ta\u015f\u0131yan d\u00f6rt mermer kolonun Erdek&#8217;teki Kzikos antik kentinden getirildi\u011fi d\u00fc\u015f\u00fcn\u00fclmektedir.<\/p>\n<p>Kanuni zaman\u0131nda camiye \u00e7evrilmi\u015ftir.<\/p>\n<p><img loading=\"lazy\" decoding=\"async\" class=\"alignnone size-full wp-image-2824\" src=\"https:\/\/www.yeryuzundebirkacadim.com\/wp-content\/uploads\/2019\/01\/DSC05903.jpg\" alt=\"\" width=\"4240\" height=\"2400\" srcset=\"https:\/\/www.yeryuzundebirkacadim.com\/wp-content\/uploads\/2019\/01\/DSC05903.jpg 4240w, https:\/\/www.yeryuzundebirkacadim.com\/wp-content\/uploads\/2019\/01\/DSC05903-1024x580.jpg 1024w, https:\/\/www.yeryuzundebirkacadim.com\/wp-content\/uploads\/2019\/01\/DSC05903-768x435.jpg 768w, https:\/\/www.yeryuzundebirkacadim.com\/wp-content\/uploads\/2019\/01\/DSC05903-2048x1159.jpg 2048w, https:\/\/www.yeryuzundebirkacadim.com\/wp-content\/uploads\/2019\/01\/DSC05903-816x462.jpg 816w\" sizes=\"auto, (max-width: 4240px) 100vw, 4240px\" \/><\/p>\n<p>Y\u00f6re halk\u0131 turizme espri katma \u00e7abas\u0131nda:)<\/p>\n<p><img loading=\"lazy\" decoding=\"async\" class=\"alignnone size-full wp-image-2800\" src=\"https:\/\/www.yeryuzundebirkacadim.com\/wp-content\/uploads\/2019\/01\/20181027_105451-1.jpg\" alt=\"\" width=\"4128\" height=\"2322\" srcset=\"https:\/\/www.yeryuzundebirkacadim.com\/wp-content\/uploads\/2019\/01\/20181027_105451-1.jpg 4128w, https:\/\/www.yeryuzundebirkacadim.com\/wp-content\/uploads\/2019\/01\/20181027_105451-1-1024x576.jpg 1024w, https:\/\/www.yeryuzundebirkacadim.com\/wp-content\/uploads\/2019\/01\/20181027_105451-1-768x432.jpg 768w, https:\/\/www.yeryuzundebirkacadim.com\/wp-content\/uploads\/2019\/01\/20181027_105451-1-2048x1152.jpg 2048w, https:\/\/www.yeryuzundebirkacadim.com\/wp-content\/uploads\/2019\/01\/20181027_105451-1-816x459.jpg 816w\" sizes=\"auto, (max-width: 4128px) 100vw, 4128px\" \/><\/p>\n<p><img loading=\"lazy\" decoding=\"async\" class=\"alignnone size-full wp-image-2801\" src=\"https:\/\/www.yeryuzundebirkacadim.com\/wp-content\/uploads\/2019\/01\/20181027_105531.jpg\" alt=\"\" width=\"4128\" height=\"2322\" srcset=\"https:\/\/www.yeryuzundebirkacadim.com\/wp-content\/uploads\/2019\/01\/20181027_105531.jpg 4128w, https:\/\/www.yeryuzundebirkacadim.com\/wp-content\/uploads\/2019\/01\/20181027_105531-1024x576.jpg 1024w, https:\/\/www.yeryuzundebirkacadim.com\/wp-content\/uploads\/2019\/01\/20181027_105531-768x432.jpg 768w, https:\/\/www.yeryuzundebirkacadim.com\/wp-content\/uploads\/2019\/01\/20181027_105531-2048x1152.jpg 2048w, https:\/\/www.yeryuzundebirkacadim.com\/wp-content\/uploads\/2019\/01\/20181027_105531-816x459.jpg 816w\" sizes=\"auto, (max-width: 4128px) 100vw, 4128px\" \/><\/p>\n<p>Y\u00f6re halk\u0131 olduk\u00e7a candan. Kap\u0131lar\u0131n\u0131n \u00f6n\u00fcnden ge\u00e7erken bile birka\u00e7 c\u00fcmlelik de olsa sohbet edebiliyoruz.<\/p>\n<p><img loading=\"lazy\" decoding=\"async\" class=\"alignnone size-full wp-image-2821\" src=\"https:\/\/www.yeryuzundebirkacadim.com\/wp-content\/uploads\/2019\/01\/DSC05891.jpg\" alt=\"\" width=\"4240\" height=\"2400\" srcset=\"https:\/\/www.yeryuzundebirkacadim.com\/wp-content\/uploads\/2019\/01\/DSC05891.jpg 4240w, https:\/\/www.yeryuzundebirkacadim.com\/wp-content\/uploads\/2019\/01\/DSC05891-1024x580.jpg 1024w, https:\/\/www.yeryuzundebirkacadim.com\/wp-content\/uploads\/2019\/01\/DSC05891-768x435.jpg 768w, https:\/\/www.yeryuzundebirkacadim.com\/wp-content\/uploads\/2019\/01\/DSC05891-2048x1159.jpg 2048w, https:\/\/www.yeryuzundebirkacadim.com\/wp-content\/uploads\/2019\/01\/DSC05891-816x462.jpg 816w\" sizes=\"auto, (max-width: 4240px) 100vw, 4240px\" \/><\/p>\n<p><img loading=\"lazy\" decoding=\"async\" class=\"alignnone size-full wp-image-2805\" src=\"https:\/\/www.yeryuzundebirkacadim.com\/wp-content\/uploads\/2019\/01\/DSC05922.jpg\" alt=\"\" width=\"4240\" height=\"2400\" srcset=\"https:\/\/www.yeryuzundebirkacadim.com\/wp-content\/uploads\/2019\/01\/DSC05922.jpg 4240w, https:\/\/www.yeryuzundebirkacadim.com\/wp-content\/uploads\/2019\/01\/DSC05922-1024x580.jpg 1024w, https:\/\/www.yeryuzundebirkacadim.com\/wp-content\/uploads\/2019\/01\/DSC05922-768x435.jpg 768w, https:\/\/www.yeryuzundebirkacadim.com\/wp-content\/uploads\/2019\/01\/DSC05922-2048x1159.jpg 2048w, https:\/\/www.yeryuzundebirkacadim.com\/wp-content\/uploads\/2019\/01\/DSC05922-816x462.jpg 816w\" sizes=\"auto, (max-width: 4240px) 100vw, 4240px\" \/><\/p>\n<p>Y\u00f6re halk\u0131 gizemi de seviyor:)<\/p>\n<p><img loading=\"lazy\" decoding=\"async\" class=\"alignnone size-full wp-image-2814\" src=\"https:\/\/www.yeryuzundebirkacadim.com\/wp-content\/uploads\/2019\/01\/20160430_144227.jpg\" alt=\"\" width=\"4128\" height=\"2322\" srcset=\"https:\/\/www.yeryuzundebirkacadim.com\/wp-content\/uploads\/2019\/01\/20160430_144227.jpg 4128w, https:\/\/www.yeryuzundebirkacadim.com\/wp-content\/uploads\/2019\/01\/20160430_144227-1024x576.jpg 1024w, https:\/\/www.yeryuzundebirkacadim.com\/wp-content\/uploads\/2019\/01\/20160430_144227-768x432.jpg 768w, https:\/\/www.yeryuzundebirkacadim.com\/wp-content\/uploads\/2019\/01\/20160430_144227-2048x1152.jpg 2048w, https:\/\/www.yeryuzundebirkacadim.com\/wp-content\/uploads\/2019\/01\/20160430_144227-816x459.jpg 816w\" sizes=\"auto, (max-width: 4128px) 100vw, 4128px\" \/><\/p>\n<p><img loading=\"lazy\" decoding=\"async\" class=\"alignnone size-medium wp-image-2815\" src=\"https:\/\/www.yeryuzundebirkacadim.com\/wp-content\/uploads\/2019\/01\/20160430_144241-e1588336977998-576x1024.jpg\" alt=\"\" width=\"576\" height=\"1024\" srcset=\"https:\/\/www.yeryuzundebirkacadim.com\/wp-content\/uploads\/2019\/01\/20160430_144241-e1588336977998-576x1024.jpg 576w, https:\/\/www.yeryuzundebirkacadim.com\/wp-content\/uploads\/2019\/01\/20160430_144241-e1588336977998-768x1365.jpg 768w, https:\/\/www.yeryuzundebirkacadim.com\/wp-content\/uploads\/2019\/01\/20160430_144241-e1588336977998-1152x2048.jpg 1152w, https:\/\/www.yeryuzundebirkacadim.com\/wp-content\/uploads\/2019\/01\/20160430_144241-e1588336977998-562x999.jpg 562w\" sizes=\"auto, (max-width: 576px) 100vw, 576px\" \/><\/p>\n<p><img loading=\"lazy\" decoding=\"async\" class=\"alignnone size-full wp-image-2826\" src=\"https:\/\/www.yeryuzundebirkacadim.com\/wp-content\/uploads\/2019\/01\/20181027_115407.jpg\" alt=\"\" width=\"4128\" height=\"2322\" srcset=\"https:\/\/www.yeryuzundebirkacadim.com\/wp-content\/uploads\/2019\/01\/20181027_115407.jpg 4128w, https:\/\/www.yeryuzundebirkacadim.com\/wp-content\/uploads\/2019\/01\/20181027_115407-1024x576.jpg 1024w, https:\/\/www.yeryuzundebirkacadim.com\/wp-content\/uploads\/2019\/01\/20181027_115407-768x432.jpg 768w, https:\/\/www.yeryuzundebirkacadim.com\/wp-content\/uploads\/2019\/01\/20181027_115407-2048x1152.jpg 2048w, https:\/\/www.yeryuzundebirkacadim.com\/wp-content\/uploads\/2019\/01\/20181027_115407-816x459.jpg 816w\" sizes=\"auto, (max-width: 4128px) 100vw, 4128px\" \/> <img loading=\"lazy\" decoding=\"async\" class=\"alignnone size-full wp-image-2827\" src=\"https:\/\/www.yeryuzundebirkacadim.com\/wp-content\/uploads\/2019\/01\/20181027_115550.jpg\" alt=\"\" width=\"4128\" height=\"2322\" srcset=\"https:\/\/www.yeryuzundebirkacadim.com\/wp-content\/uploads\/2019\/01\/20181027_115550.jpg 4128w, https:\/\/www.yeryuzundebirkacadim.com\/wp-content\/uploads\/2019\/01\/20181027_115550-1024x576.jpg 1024w, https:\/\/www.yeryuzundebirkacadim.com\/wp-content\/uploads\/2019\/01\/20181027_115550-768x432.jpg 768w, https:\/\/www.yeryuzundebirkacadim.com\/wp-content\/uploads\/2019\/01\/20181027_115550-2048x1152.jpg 2048w, https:\/\/www.yeryuzundebirkacadim.com\/wp-content\/uploads\/2019\/01\/20181027_115550-816x459.jpg 816w\" sizes=\"auto, (max-width: 4128px) 100vw, 4128px\" \/>\u00a0Limana var\u0131yoruz.\u00a0\u00a0\u00a0<img loading=\"lazy\" decoding=\"async\" class=\"alignnone size-full wp-image-2804\" src=\"https:\/\/www.yeryuzundebirkacadim.com\/wp-content\/uploads\/2019\/01\/DSC05909.jpg\" alt=\"\" width=\"4240\" height=\"2400\" srcset=\"https:\/\/www.yeryuzundebirkacadim.com\/wp-content\/uploads\/2019\/01\/DSC05909.jpg 4240w, https:\/\/www.yeryuzundebirkacadim.com\/wp-content\/uploads\/2019\/01\/DSC05909-1024x580.jpg 1024w, https:\/\/www.yeryuzundebirkacadim.com\/wp-content\/uploads\/2019\/01\/DSC05909-768x435.jpg 768w, https:\/\/www.yeryuzundebirkacadim.com\/wp-content\/uploads\/2019\/01\/DSC05909-2048x1159.jpg 2048w, https:\/\/www.yeryuzundebirkacadim.com\/wp-content\/uploads\/2019\/01\/DSC05909-816x462.jpg 816w\" sizes=\"auto, (max-width: 4240px) 100vw, 4240px\" \/><\/p>\n<p>Tirilye \u00e7ar\u015f\u0131s\u0131nda ba\u015fta me\u015fhur zeytinleri olmak \u00fczere tur\u015fu, re\u00e7el, kolonya, sabun, krem, hediyelik e\u015fya satan d\u00fckkanlar var.<\/p>\n<p>\u00c7ekirde\u011fi \u00e7\u0131kar\u0131lm\u0131\u015f ve \u0131zgara edilmi\u015f &#8220;\u0131zgara zeytinleri&#8221; ayr\u0131ca g\u00fczel.<\/p>\n<p><img loading=\"lazy\" decoding=\"async\" class=\"alignnone wp-image-2825 size-full\" src=\"https:\/\/www.yeryuzundebirkacadim.com\/wp-content\/uploads\/2019\/01\/DSC05914-e1588336341995.jpg\" alt=\"\" width=\"2399\" height=\"4240\" srcset=\"https:\/\/www.yeryuzundebirkacadim.com\/wp-content\/uploads\/2019\/01\/DSC05914-e1588336341995.jpg 2399w, https:\/\/www.yeryuzundebirkacadim.com\/wp-content\/uploads\/2019\/01\/DSC05914-e1588336341995-579x1024.jpg 579w, https:\/\/www.yeryuzundebirkacadim.com\/wp-content\/uploads\/2019\/01\/DSC05914-e1588336341995-768x1357.jpg 768w, https:\/\/www.yeryuzundebirkacadim.com\/wp-content\/uploads\/2019\/01\/DSC05914-e1588336341995-1159x2048.jpg 1159w, https:\/\/www.yeryuzundebirkacadim.com\/wp-content\/uploads\/2019\/01\/DSC05914-e1588336341995-565x999.jpg 565w\" sizes=\"auto, (max-width: 2399px) 100vw, 2399px\" \/><\/p>\n<p>Bir \u00e7ay-kahve molas\u0131n\u0131n ard\u0131ndan Mudanya&#8217;ya ge\u00e7me zaman\u0131 geldi.<\/p>\n<p>&nbsp;<\/p>\n","protected":false},"excerpt":{"rendered":"<p>Tirilye (27-29 Ekim 2018) G\u00f6lyaz\u0131&#8217;ya 40 km, Mudanya&#8217;ya 11 km mesafede \u015firin mi \u015firin bir kasaba. Saat 11 gibi Tirilye&#8217;ye var\u0131yoruz. Bir yan\u0131 Marmara Denizi, di\u011fer yan\u0131 al\u00e7ak bir tepe. Rivayete g\u00f6re ad\u0131n\u0131 \u0130stanbul&#8217;dan s\u00fcrg\u00fcn edilen \u00fc\u00e7 papazdan alm\u0131\u015f. 1330&#8217;da Orhan Bey taraf\u0131ndan Osmanl\u0131 topraklar\u0131na kat\u0131lan kasaba Osmanl\u0131 idaresinde uzun seneler huzur i\u00e7inde ya\u015fam\u0131\u015f. Bir\u00e7ok [&hellip;]<\/p>\n","protected":false},"author":1,"featured_media":2803,"comment_status":"closed","ping_status":"closed","sticky":false,"template":"","format":"standard","meta":{"footnotes":""},"categories":[641],"tags":[634,637,636,633,632,635],"class_list":["post-5137","post","type-post","status-publish","format-standard","has-post-thumbnail","hentry","category-tirilye","tag-fatihcami","tag-hagiosstephanos","tag-periliev","tag-tasmektep","tag-trilye","tag-zeytin"],"_links":{"self":[{"href":"https:\/\/www.yeryuzundebirkacadim.com\/index.php\/wp-json\/wp\/v2\/posts\/5137","targetHints":{"allow":["GET"]}}],"collection":[{"href":"https:\/\/www.yeryuzundebirkacadim.com\/index.php\/wp-json\/wp\/v2\/posts"}],"about":[{"href":"https:\/\/www.yeryuzundebirkacadim.com\/index.php\/wp-json\/wp\/v2\/types\/post"}],"author":[{"embeddable":true,"href":"https:\/\/www.yeryuzundebirkacadim.com\/index.php\/wp-json\/wp\/v2\/users\/1"}],"replies":[{"embeddable":true,"href":"https:\/\/www.yeryuzundebirkacadim.com\/index.php\/wp-json\/wp\/v2\/comments?post=5137"}],"version-history":[{"count":4,"href":"https:\/\/www.yeryuzundebirkacadim.com\/index.php\/wp-json\/wp\/v2\/posts\/5137\/revisions"}],"predecessor-version":[{"id":5143,"href":"https:\/\/www.yeryuzundebirkacadim.com\/index.php\/wp-json\/wp\/v2\/posts\/5137\/revisions\/5143"}],"wp:featuredmedia":[{"embeddable":true,"href":"https:\/\/www.yeryuzundebirkacadim.com\/index.php\/wp-json\/wp\/v2\/media\/2803"}],"wp:attachment":[{"href":"https:\/\/www.yeryuzundebirkacadim.com\/index.php\/wp-json\/wp\/v2\/media?parent=5137"}],"wp:term":[{"taxonomy":"category","embeddable":true,"href":"https:\/\/www.yeryuzundebirkacadim.com\/index.php\/wp-json\/wp\/v2\/categories?post=5137"},{"taxonomy":"post_tag","embeddable":true,"href":"https:\/\/www.yeryuzundebirkacadim.com\/index.php\/wp-json\/wp\/v2\/tags?post=5137"}],"curies":[{"name":"wp","href":"https:\/\/api.w.org\/{rel}","templated":true}]}}