


{"id":4837,"date":"2023-07-24T11:42:43","date_gmt":"2023-07-24T08:42:43","guid":{"rendered":"http:\/\/www.yeryuzundebirkacadim.com\/?p=4837"},"modified":"2024-08-19T13:55:58","modified_gmt":"2024-08-19T10:55:58","slug":"sintra-cascais-estoril","status":"publish","type":"post","link":"https:\/\/www.yeryuzundebirkacadim.com\/index.php\/2023\/07\/24\/sintra-cascais-estoril\/","title":{"rendered":"Sintra &#8211; Cascais &#8211; Estoril"},"content":{"rendered":"<p><strong>Sintra &#8211; Cascais &#8211; Estoril<\/strong><\/p>\n<p><strong>3 May\u0131s 2022<\/strong><\/p>\n<p>Gezimizin Lizbon&#8217;daki 3. g\u00fcn\u00fcnde araba kiral\u0131yoruz ve Lizbon yak\u0131nlar\u0131na g\u00fcn\u00fcbirlik bir gezi yap\u0131yoruz.<\/p>\n<p>Bug\u00fcn program\u0131m\u0131zda Sintra &#8211; Roca Burnu &#8211; Azenhas do Mar &#8211; Cascais ve Estoril var.<\/p>\n<p>Sintra Lizbon&#8217;a 29 km mesafede.<\/p>\n<p><!--more--><\/p>\n<p>Y\u00fcksek tepelerde kurulmu\u015f da\u011flar\u0131n aras\u0131nda gizlenmi\u015f bir \u015fehir. Google map ile bazen uyumlu olmayan, dar yollardan ge\u00e7erek bir gezi yap\u0131yoruz. Park yeri bulmak da \u00e7ok kolay olmuyor ama yine de Ali Vefa&#8217;n\u0131n pratikli\u011fi ile hi\u00e7 vakit kaybetmeden istedi\u011fimiz yerlere gidebiliyoruz.<\/p>\n<p>Sintra; <span class=\"goog-text-highlight\">Orta \u00e7a\u011fdan kalma Moors Kalesi, Pena Ulusal Saray\u0131,\u00a0 Sintra Ulusal Saray\u0131, Quinta da Regaleira bah\u00e7eleri, \u015fatolar, villalar, e\u015fsiz bah\u00e7eler yan\u0131 s\u0131ra l\u00fcks otel ve kafeleri ile de \u00fcnl\u00fcd\u00fcr. Bu g\u00fczel yap\u0131lar\u0131 ile \u015fehir UNESCO k\u00fclt\u00fcr miras\u0131 listesinde yer almaktad\u0131r.<\/span><\/p>\n<p>Rivayete g\u00f6re Roma d\u00f6neminde b\u00f6lge halk\u0131 \u0130mparator Octavius \u200b\u200bAugustus i\u00e7in bir tap\u0131nak in\u015fa ediyor. Ancak in\u015fa ettikten sonra Roma nedense onu reddediyor. B\u00f6yle olunca b\u00f6lge halk\u0131 onu Ay&#8217;a yani Cinthia&#8217;ya (Yunan Ay Tanr\u0131\u00e7as\u0131 Artemis&#8217;in di\u011fer ad\u0131) ad\u0131yor ve b\u00f6lgenin ad\u0131 Sintra oluyor.<\/p>\n<p>18. ve 19. y\u00fczy\u0131llarda \u00f6zellikle aristokratlar, \u015fairler ve yazarlar\u0131n bir s\u00fcre ikamet ettikleri romantik mimaride bir yerle\u015fim yeridir.<\/p>\n<p><img loading=\"lazy\" decoding=\"async\" class=\"alignnone size-medium wp-image-5263\" src=\"https:\/\/www.yeryuzundebirkacadim.com\/wp-content\/uploads\/2023\/05\/DSC02690-1024x576.jpg\" alt=\"\" width=\"1024\" height=\"576\" srcset=\"https:\/\/www.yeryuzundebirkacadim.com\/wp-content\/uploads\/2023\/05\/DSC02690-1024x576.jpg 1024w, https:\/\/www.yeryuzundebirkacadim.com\/wp-content\/uploads\/2023\/05\/DSC02690-768x432.jpg 768w, https:\/\/www.yeryuzundebirkacadim.com\/wp-content\/uploads\/2023\/05\/DSC02690-2048x1152.jpg 2048w, https:\/\/www.yeryuzundebirkacadim.com\/wp-content\/uploads\/2023\/05\/DSC02690-816x459.jpg 816w\" sizes=\"auto, (max-width: 1024px) 100vw, 1024px\" \/><\/p>\n<p><strong>1. Sintra Ulusal Saray\u0131<\/strong><\/p>\n<p>Tarihi \u015fehrin merkezinde yer alan saray \u015fehrin simgesidir. G\u00fcn\u00fcm\u00fczde m\u00fcze olarak kullan\u0131lan saray\u0131n tarihi Ma\u011fribi valilerin \u015fehre konutlar\u0131n\u0131 in\u015fa ettikleri 9. y\u00fczy\u0131la kadar uzan\u0131yor. 19 y\u00fczy\u0131l\u0131n sonlar\u0131na kadar Kraliyet Yazl\u0131k Konutu olarak kullan\u0131lm\u0131\u015f. <span class=\"goog-text-highlight\">Portekiz R\u00f6nesans\u0131&#8217;n\u0131 temsil eden saray g\u00fcn\u00fcm\u00fczde m\u00fcze olarak kullan\u0131l\u0131yor.<\/span><\/p>\n<p>D\u00fcnyada bug\u00fcne kadar pratik olarak bozulmadan ayakta kalan birka\u00e7 Orta \u00e7a\u011f saray\u0131ndan biridir .<\/p>\n<p><img loading=\"lazy\" decoding=\"async\" class=\"alignnone size-medium wp-image-5264\" src=\"https:\/\/www.yeryuzundebirkacadim.com\/wp-content\/uploads\/2023\/05\/DSC02693-1024x576.jpg\" alt=\"\" width=\"1024\" height=\"576\" srcset=\"https:\/\/www.yeryuzundebirkacadim.com\/wp-content\/uploads\/2023\/05\/DSC02693-1024x576.jpg 1024w, https:\/\/www.yeryuzundebirkacadim.com\/wp-content\/uploads\/2023\/05\/DSC02693-768x432.jpg 768w, https:\/\/www.yeryuzundebirkacadim.com\/wp-content\/uploads\/2023\/05\/DSC02693-2048x1152.jpg 2048w, https:\/\/www.yeryuzundebirkacadim.com\/wp-content\/uploads\/2023\/05\/DSC02693-816x459.jpg 816w\" sizes=\"auto, (max-width: 1024px) 100vw, 1024px\" \/><\/p>\n<p>D\u0131\u015f cephesi olduk\u00e7a sade olan saray\u0131n iki beyaz kulesi bulunuyor.<\/p>\n<p><img loading=\"lazy\" decoding=\"async\" class=\"alignnone size-medium wp-image-5268\" src=\"https:\/\/www.yeryuzundebirkacadim.com\/wp-content\/uploads\/2023\/05\/IMG_20220503_104552-1024x768.jpg\" alt=\"\" width=\"1024\" height=\"768\" srcset=\"https:\/\/www.yeryuzundebirkacadim.com\/wp-content\/uploads\/2023\/05\/IMG_20220503_104552-1024x768.jpg 1024w, https:\/\/www.yeryuzundebirkacadim.com\/wp-content\/uploads\/2023\/05\/IMG_20220503_104552-768x576.jpg 768w, https:\/\/www.yeryuzundebirkacadim.com\/wp-content\/uploads\/2023\/05\/IMG_20220503_104552-2048x1536.jpg 2048w, https:\/\/www.yeryuzundebirkacadim.com\/wp-content\/uploads\/2023\/05\/IMG_20220503_104552-816x612.jpg 816w\" sizes=\"auto, (max-width: 1024px) 100vw, 1024px\" \/><\/p>\n<p>Biz i\u00e7ini gezmedik. Hem i\u00e7eride hem de d\u0131\u015far\u0131da Orta\u00e7a\u011f, Gotik, Manuelin ve R\u00f6nesans mimarisinin etkilerinin oldu\u011fu s\u00f6yleniyor. Saray\u0131n i\u00e7i benzersiz azulej \u00e7ini s\u00fcslemelere sahipmi\u015f. <strong>\u00a0<\/strong><\/p>\n<p><strong>2. <b>Ma\u011fribi Kalesi<\/b>\u00a0(Mouros Kalesi<\/strong><b>)<\/b><\/p>\n<p><img loading=\"lazy\" decoding=\"async\" class=\"alignnone size-medium wp-image-5362\" src=\"https:\/\/www.yeryuzundebirkacadim.com\/wp-content\/uploads\/2023\/07\/IMG_20220503_103104-1024x752.jpg\" alt=\"\" width=\"1024\" height=\"752\" srcset=\"https:\/\/www.yeryuzundebirkacadim.com\/wp-content\/uploads\/2023\/07\/IMG_20220503_103104-1024x752.jpg 1024w, https:\/\/www.yeryuzundebirkacadim.com\/wp-content\/uploads\/2023\/07\/IMG_20220503_103104-768x564.jpg 768w, https:\/\/www.yeryuzundebirkacadim.com\/wp-content\/uploads\/2023\/07\/IMG_20220503_103104-2048x1504.jpg 2048w, https:\/\/www.yeryuzundebirkacadim.com\/wp-content\/uploads\/2023\/07\/IMG_20220503_103104-816x599.jpg 816w\" sizes=\"auto, (max-width: 1024px) 100vw, 1024px\" \/><\/p>\n<p>9. y\u00fczy\u0131lda Ma\u011fribiler taraf\u0131ndan Sintra&#8217;y\u0131 korumak amac\u0131yla in\u015fa edilmi\u015f. Hristiyanlar\u0131n Portekiz&#8217;i i\u015fgali sonras\u0131nda harabe halini alm\u0131\u015f. Kral II. Ferdinand zaman\u0131na kadar unutulmaya terk edilen kale onun taraf\u0131ndan restore ettirilmi\u015f. Kaleye gitmedik. Ancak tepedeki kaleyi Sintra&#8217;dan foto\u011fraflad\u0131k.<\/p>\n<p>Sintra&#8217;da c\u00f6mert\u00e7e vakit ay\u0131raca\u011f\u0131n\u0131z 2 saray; Regaleira ve Pena Saraylar\u0131&#8217;d\u0131r.<\/p>\n<p>Birbirinden \u00e7ok farkl\u0131 bu 2 saray son derece muhte\u015fem ve \u00f6zg\u00fcn.<\/p>\n<p><strong>3. Regaleira Saray\u0131 (Quinta da Regaleira)<\/strong><\/p>\n<p><img loading=\"lazy\" decoding=\"async\" class=\"alignnone size-medium wp-image-5273\" src=\"https:\/\/www.yeryuzundebirkacadim.com\/wp-content\/uploads\/2023\/07\/IMG_20220503_121757-1024x770.jpg\" alt=\"\" width=\"1024\" height=\"770\" srcset=\"https:\/\/www.yeryuzundebirkacadim.com\/wp-content\/uploads\/2023\/07\/IMG_20220503_121757-1024x770.jpg 1024w, https:\/\/www.yeryuzundebirkacadim.com\/wp-content\/uploads\/2023\/07\/IMG_20220503_121757-768x577.jpg 768w, https:\/\/www.yeryuzundebirkacadim.com\/wp-content\/uploads\/2023\/07\/IMG_20220503_121757-2048x1540.jpg 2048w, https:\/\/www.yeryuzundebirkacadim.com\/wp-content\/uploads\/2023\/07\/IMG_20220503_121757-816x613.jpg 816w\" sizes=\"auto, (max-width: 1024px) 100vw, 1024px\" \/><\/p>\n<p>Bu saray ve \u00e7evresi beni Sintra&#8217;da en \u00e7ok etkileyen yer. Gotik tarzdaki saray ve \u00e7evre yap\u0131lar\u0131 ile buras\u0131 m\u00fcthi\u015f estetik, gizemli, mistik ve merak uyand\u0131r\u0131c\u0131 bir g\u00f6r\u00fcn\u00fcmde.<\/p>\n<p>1697 y\u0131l\u0131nda yap\u0131lm\u0131\u015f saray eskiden Porto&#8217;da zengin bir t\u00fcccar ailesi olan Regaleira Baronlar\u0131na ait bir b\u00f6lgede bulunuyormu\u015f.<\/p>\n<p>19. y\u00fczy\u0131la kadar d\u00f6nemin zengin t\u00fcccar aileleri ya\u015fam\u0131\u015f. Daha sonra 1892 y\u0131l\u0131nda Carvalho Monteiro isimli bir Portekizli b\u00f6cek bilimcisi taraf\u0131ndan sat\u0131n al\u0131nm\u0131\u015f. Monteiro, \u0130talyan bir mimarla anla\u015f\u0131p 1904 ile 1910 y\u0131llar\u0131 aras\u0131nda saray\u0131 ba\u015ftan yapt\u0131rarak g\u00fcn\u00fcm\u00fczdeki halini almas\u0131n\u0131 sa\u011flam\u0131\u015f.<\/p>\n<p>Daha sonra el de\u011fi\u015ftiren saray Sintra Belediyesi taraf\u0131ndan al\u0131n\u0131p restore edilerek 1998 y\u0131l\u0131nda halka a\u00e7\u0131lm\u0131\u015f.<\/p>\n<p>Monteiro, d\u00f6rt hektarl\u0131k arazi i\u00e7indeki saray, bah\u00e7eler ve de\u011fi\u015fik yap\u0131larda ilgi alanlar\u0131n\u0131, ideolojilerini simgeleyen sembollerin kullan\u0131ld\u0131\u011f\u0131 bir ortam yaratmak istemi\u015f. Monteiro, bir kitapsever, koleksiyoncu, \u015fair ve ok\u00fclistti. Katolik bir askeri tarikat olan Tap\u0131nak \u015e\u00f6valyeleri&#8217;ne derin bir ilgi duyuyordu. Ya\u015fad\u0131\u011f\u0131 yerde Pagan ve Hristiyan sembollerine yer verilmesini istiyordu. Bu konuda mimar ve senaryo yazar\u0131 Luigi Manini&#8217;den yard\u0131m alm\u0131\u015f. Sonu\u00e7ta saray ve \u00e7evresi ezoterizm, mistisizm, mitoloji ve sihir dolu bir yere d\u00f6n\u00fc\u015ft\u00fcr\u00fclm\u00fc\u015f.<\/p>\n<p><span class=\"VIpgJd-yAWNEb-VIpgJd-fmcmS-sn54Q\">G\u00f6ller, heykeller, ma\u011faralar, kuleler ve esrarengiz yap\u0131larda; Masonlar, Tap\u0131nak \u015e\u00f6valyeleri ve ezoterik bir tarikat olan Rosicrucianism&#8217;i (G\u00fcl Ha\u00e7l\u0131lar; 16. y\u00fczy\u0131lda Avrupa&#8217;da kurulan bir \u00f6rg\u00fct) \u00e7a\u011fr\u0131\u015ft\u0131ran gizli semboller bulunuyor.\u00a0<\/span><\/p>\n<p>Bir s\u00f6ylentiye g\u00f6re Harry Potter\u2019\u0131n yazar\u0131 bu gizemli saraydan etkilenmi\u015f. Zaten Saray ve bah\u00e7elerinde gezerken Harry Potter film sahnelerinde geziyor gibisiniz.<\/p>\n<p>Roman Polanski&#8217;nin\u00a0\u00a0Nadir bir kitap sat\u0131c\u0131s\u0131n\u0131 canland\u0131ran Johnny Depp&#8217;in oynad\u0131\u011f\u0131 gerilim filmi &#8220;The Ninth Gate'&#8221;n bir k\u0131sm\u0131 da burada \u00e7ekilmi\u015f.<\/p>\n<p><img loading=\"lazy\" decoding=\"async\" class=\"alignnone size-medium wp-image-5290\" src=\"https:\/\/www.yeryuzundebirkacadim.com\/wp-content\/uploads\/2023\/07\/IMG_20220503_114532-768x1024.jpg\" alt=\"\" width=\"768\" height=\"1024\" srcset=\"https:\/\/www.yeryuzundebirkacadim.com\/wp-content\/uploads\/2023\/07\/IMG_20220503_114532-768x1024.jpg 768w, https:\/\/www.yeryuzundebirkacadim.com\/wp-content\/uploads\/2023\/07\/IMG_20220503_114532-1536x2048.jpg 1536w, https:\/\/www.yeryuzundebirkacadim.com\/wp-content\/uploads\/2023\/07\/IMG_20220503_114532-749x999.jpg 749w\" sizes=\"auto, (max-width: 768px) 100vw, 768px\" \/><\/p>\n<p>Arazinin ters \u00e7evrilmi\u015f bir pentagram oldu\u011fu iddia ediliyor.<\/p>\n<p>Giri\u015f yapt\u0131\u011f\u0131m\u0131zda \u00f6nce <strong>Sanat<\/strong> <strong>Ofisi<\/strong>&#8216;ni g\u00f6r\u00fcyoruz. Burada ad\u0131ndan da anla\u015f\u0131laca\u011f\u0131 \u00fczere k\u00fclt\u00fcrel etkinlikler d\u00fczenleniyormu\u015f.<\/p>\n<p><strong>Menhir<\/strong><\/p>\n<p><img loading=\"lazy\" decoding=\"async\" class=\"alignnone size-medium wp-image-5296\" src=\"https:\/\/www.yeryuzundebirkacadim.com\/wp-content\/uploads\/2023\/07\/DSC02702-1024x576.jpg\" alt=\"\" width=\"1024\" height=\"576\" srcset=\"https:\/\/www.yeryuzundebirkacadim.com\/wp-content\/uploads\/2023\/07\/DSC02702-1024x576.jpg 1024w, https:\/\/www.yeryuzundebirkacadim.com\/wp-content\/uploads\/2023\/07\/DSC02702-768x432.jpg 768w, https:\/\/www.yeryuzundebirkacadim.com\/wp-content\/uploads\/2023\/07\/DSC02702-2048x1152.jpg 2048w, https:\/\/www.yeryuzundebirkacadim.com\/wp-content\/uploads\/2023\/07\/DSC02702-816x459.jpg 816w\" sizes=\"auto, (max-width: 1024px) 100vw, 1024px\" \/><\/p>\n<p>Bah\u00e7ede &#8220;Menhir&#8221; denilen 10-12 metre y\u00fcksekli\u011finde dev ta\u015f an\u0131t\u0131 g\u00f6r\u00fcyoruz. Bu bir t\u00fcr totemi temsil eden tarih \u00f6ncesi kutsal bir sembol olarak kabul ediliyor.<\/p>\n<p><strong>G\u00f6ksel D\u00fcnyalar\u0131n Teras\u0131<\/strong> ve bir k\u00f6\u015fede g\u00f6zetleme kulesi olarak hizmet veren <strong>Zigurate.<\/strong><\/p>\n<p><img loading=\"lazy\" decoding=\"async\" class=\"alignnone size-medium wp-image-5278\" src=\"https:\/\/www.yeryuzundebirkacadim.com\/wp-content\/uploads\/2023\/07\/IMG_20220503_112508-1024x768.jpg\" alt=\"\" width=\"1024\" height=\"768\" srcset=\"https:\/\/www.yeryuzundebirkacadim.com\/wp-content\/uploads\/2023\/07\/IMG_20220503_112508-1024x768.jpg 1024w, https:\/\/www.yeryuzundebirkacadim.com\/wp-content\/uploads\/2023\/07\/IMG_20220503_112508-768x576.jpg 768w, https:\/\/www.yeryuzundebirkacadim.com\/wp-content\/uploads\/2023\/07\/IMG_20220503_112508-2048x1536.jpg 2048w, https:\/\/www.yeryuzundebirkacadim.com\/wp-content\/uploads\/2023\/07\/IMG_20220503_112508-816x612.jpg 816w\" sizes=\"auto, (max-width: 1024px) 100vw, 1024px\" \/><\/p>\n<p>Gizeme do\u011fru yola koyulal\u0131m \ud83d\ude42<\/p>\n<p><strong>\u0130nisiyasyon Kuyusu (Ters Kule)<\/strong><\/p>\n<p>27 metre derinli\u011findeki kuyu Orta \u00e7a\u011f Avrupas\u0131\u2019n\u0131n ya\u015fayan en \u00f6nemli yap\u0131lar\u0131ndan biri. <span class=\"\">Ger\u00e7ekte bir kuyu de\u011fil. \u0130nilen\/\u00e7\u0131k\u0131lan sarmal merdivene sahip ters \u00e7evrilmi\u015f bir kule. Zaten su da yok \ud83d\ude42<\/span><\/p>\n<p>Merdiven, her 15 basamakta k\u00fc\u00e7\u00fck d\u00fczl\u00fckler ile ayr\u0131lm\u0131\u015f dokuz seviyeden olu\u015fuyor. \u0130\u00e7inde su bulunmayan, 9 katl\u0131 sarmal merdivenden olu\u015fan kuyu sadece inisiyasyon (Masonlu\u011fa kabul t\u00f6reni) i\u00e7in yapt\u0131r\u0131lm\u0131\u015f. Merdivenlerinin dokuz dairesel seviyesinin, Dante&#8217;nin \u0130lahi Komedya&#8217;s\u0131nda anlat\u0131lan Cehennemin dokuz dairesi, Araf&#8217;\u0131n dokuz b\u00f6l\u00fcm\u00fc ve Tanr\u0131&#8217;n\u0131n dokuz g\u00f6\u011f\u00fcn\u00fc simgeledi\u011fi d\u00fc\u015f\u00fcn\u00fcl\u00fcyor.<\/p>\n<p><img loading=\"lazy\" decoding=\"async\" class=\"alignnone size-medium wp-image-5275\" src=\"https:\/\/www.yeryuzundebirkacadim.com\/wp-content\/uploads\/2023\/07\/DSC02705-1024x576.jpg\" alt=\"\" width=\"1024\" height=\"576\" srcset=\"https:\/\/www.yeryuzundebirkacadim.com\/wp-content\/uploads\/2023\/07\/DSC02705-1024x576.jpg 1024w, https:\/\/www.yeryuzundebirkacadim.com\/wp-content\/uploads\/2023\/07\/DSC02705-768x432.jpg 768w, https:\/\/www.yeryuzundebirkacadim.com\/wp-content\/uploads\/2023\/07\/DSC02705-2048x1152.jpg 2048w, https:\/\/www.yeryuzundebirkacadim.com\/wp-content\/uploads\/2023\/07\/DSC02705-816x459.jpg 816w\" sizes=\"auto, (max-width: 1024px) 100vw, 1024px\" \/><\/p>\n<p><span class=\"\">Dokuz say\u0131s\u0131 i\u00e7in sonsuz say\u0131da yorum varm\u0131\u015f. Ancak genellikle bir yenilenme veya yeniden ba\u015flama duygusuyla ili\u015fkilendiriliyor:<\/span><\/p>\n<p>Yeni bir dizinin ba\u015flad\u0131\u011f\u0131 son tekil say\u0131d\u0131r.<\/p>\n<p>Tap\u0131nak\u00a0 \u015e\u00f6valyeleri Tarikat\u0131&#8217;n\u0131 kuran ilk dokuz \u015f\u00f6valye vard\u0131.<\/p>\n<p><span class=\"\">Yunan mitolojisinde ilham perileri, Zeus ve Mnemonize&#8217;nin dokuz k\u0131z\u0131yd\u0131.<\/span><\/p>\n<p>\u0130nsan\u0131n hamileli\u011fi dokuz ayda tamamlan\u0131r&#8230;<\/p>\n<p>Ayr\u0131ca merdiven ile ortadaki a\u00e7\u0131k alan aras\u0131ndaki duvarlarda kutsal bir say\u0131 olan ve Tarot&#8217;un 22 B\u00fcy\u00fck Arkana&#8217;s\u0131n\u0131 \u00e7a\u011fr\u0131\u015ft\u0131ran 22 bo\u015f ni\u015f oldu\u011funa dikkat \u00e7ekiliyor. B\u00fcy\u00fck arkana b\u00fcy\u00fck s\u0131rlar anlam\u0131na geliyormu\u015f.<\/p>\n<p>Ters Kule; cennet ve cehennem aras\u0131nda bir ba\u011flant\u0131, kendini tan\u0131ma aray\u0131\u015f\u0131 veya ezoterizmin temellerine giri\u015f olarak d\u00fc\u015f\u00fcn\u00fcl\u00fcyor. B\u00f6ylece, bir kutsama yeri olarak rit\u00fcel bir rol atfediliyor.<\/p>\n<p class=\"has-normal-font-size\">\u00a0Merdivenlerden inildi\u011finde zeminde Carvalho Monteiro&#8217;nun armas\u0131n\u0131n temsili olan sekiz k\u00f6\u015feli bir y\u0131ld\u0131zla \u00fcst \u00fcste bindirilmi\u015f bir Tap\u0131nak\u00e7\u0131 ha\u00e7\u0131 var. Ayn\u0131 zamanda &#8220;d\u00fczen&#8221; ile ili\u015fkili bir sembolm\u00fc\u015f bu. G\u00fcl Ha\u00e7\u0131. (Dan Brown&#8217;dan burada bir film \u00e7evirmesini bekliyoruz).<\/p>\n<p>Burada bir zamanlar gizli toplant\u0131lar\u0131n yap\u0131l\u0131yor olmas\u0131 ve kulenin gizemli hali insan\u0131 heyecanland\u0131r\u0131yor.<\/p>\n<p><strong>Bitmemi\u015f Kuyu\u00a0<\/strong><\/p>\n<h3><img loading=\"lazy\" decoding=\"async\" class=\"alignnone size-medium wp-image-5280\" src=\"https:\/\/www.yeryuzundebirkacadim.com\/wp-content\/uploads\/2023\/07\/DSC02723-1024x576.jpg\" alt=\"\" width=\"1024\" height=\"576\" srcset=\"https:\/\/www.yeryuzundebirkacadim.com\/wp-content\/uploads\/2023\/07\/DSC02723-1024x576.jpg 1024w, https:\/\/www.yeryuzundebirkacadim.com\/wp-content\/uploads\/2023\/07\/DSC02723-768x432.jpg 768w, https:\/\/www.yeryuzundebirkacadim.com\/wp-content\/uploads\/2023\/07\/DSC02723-2048x1152.jpg 2048w, https:\/\/www.yeryuzundebirkacadim.com\/wp-content\/uploads\/2023\/07\/DSC02723-816x459.jpg 816w\" sizes=\"auto, (max-width: 1024px) 100vw, 1024px\" \/><\/h3>\n<p>Daha k\u00fc\u00e7\u00fck olan kuyu d\u00fcz inen merdivenlere sahip.\u00a0Bu d\u00fcz merdivenler daire bi\u00e7imli zeminleri birbirine ba\u011fl\u0131yor.<\/p>\n<p>Ve bu kuyular\u0131n amac\u0131 su depolamak de\u011fil \u00e7e\u015fitli t\u00f6renlere ev sahipli\u011fi yapmak.<\/p>\n<p><strong>Yeralt\u0131 T\u00fcnelleri<\/strong><\/p>\n<p><img loading=\"lazy\" decoding=\"async\" class=\"alignnone size-medium wp-image-5283\" src=\"https:\/\/www.yeryuzundebirkacadim.com\/wp-content\/uploads\/2023\/07\/IMG_20220503_121211-768x1024.jpg\" alt=\"\" width=\"768\" height=\"1024\" srcset=\"https:\/\/www.yeryuzundebirkacadim.com\/wp-content\/uploads\/2023\/07\/IMG_20220503_121211-768x1024.jpg 768w, https:\/\/www.yeryuzundebirkacadim.com\/wp-content\/uploads\/2023\/07\/IMG_20220503_121211-1536x2048.jpg 1536w, https:\/\/www.yeryuzundebirkacadim.com\/wp-content\/uploads\/2023\/07\/IMG_20220503_121211-749x999.jpg 749w\" sizes=\"auto, (max-width: 768px) 100vw, 768px\" \/><\/p>\n<p>Malikane arazisinde mekanlar\u0131 birbirine ba\u011flayan pek \u00e7ok yeralt\u0131 t\u00fcneli ve labirentler bulunuyor. T\u00fcnellerden baz\u0131lar\u0131 muazzam yer alt\u0131 kulelerine a\u00e7\u0131l\u0131yor.<\/p>\n<p><strong>Labirent Ma\u011faras\u0131<\/strong><\/p>\n<h3><img loading=\"lazy\" decoding=\"async\" class=\"alignnone size-medium wp-image-5281\" src=\"https:\/\/www.yeryuzundebirkacadim.com\/wp-content\/uploads\/2023\/07\/IMG_20220503_113400-577x1024.jpg\" alt=\"\" width=\"577\" height=\"1024\" srcset=\"https:\/\/www.yeryuzundebirkacadim.com\/wp-content\/uploads\/2023\/07\/IMG_20220503_113400-577x1024.jpg 577w, https:\/\/www.yeryuzundebirkacadim.com\/wp-content\/uploads\/2023\/07\/IMG_20220503_113400-768x1364.jpg 768w, https:\/\/www.yeryuzundebirkacadim.com\/wp-content\/uploads\/2023\/07\/IMG_20220503_113400-1153x2048.jpg 1153w\" sizes=\"auto, (max-width: 577px) 100vw, 577px\" \/><\/h3>\n<p><img loading=\"lazy\" decoding=\"async\" class=\"alignnone size-medium wp-image-5282\" src=\"https:\/\/www.yeryuzundebirkacadim.com\/wp-content\/uploads\/2023\/07\/IMG_20220503_114041-768x1024.jpg\" alt=\"\" width=\"768\" height=\"1024\" srcset=\"https:\/\/www.yeryuzundebirkacadim.com\/wp-content\/uploads\/2023\/07\/IMG_20220503_114041-768x1024.jpg 768w, https:\/\/www.yeryuzundebirkacadim.com\/wp-content\/uploads\/2023\/07\/IMG_20220503_114041-1536x2048.jpg 1536w, https:\/\/www.yeryuzundebirkacadim.com\/wp-content\/uploads\/2023\/07\/IMG_20220503_114041-749x999.jpg 749w\" sizes=\"auto, (max-width: 768px) 100vw, 768px\" \/><\/p>\n<p>Ve birden kar\u015f\u0131n\u0131za b\u00f6yle enfes bir manzara \u00e7\u0131k\u0131yor.<\/p>\n<p><img loading=\"lazy\" decoding=\"async\" class=\"alignnone size-medium wp-image-5284\" src=\"https:\/\/www.yeryuzundebirkacadim.com\/wp-content\/uploads\/2023\/07\/IMG_20220503_113655-768x1024.jpg\" alt=\"\" width=\"768\" height=\"1024\" srcset=\"https:\/\/www.yeryuzundebirkacadim.com\/wp-content\/uploads\/2023\/07\/IMG_20220503_113655-768x1024.jpg 768w, https:\/\/www.yeryuzundebirkacadim.com\/wp-content\/uploads\/2023\/07\/IMG_20220503_113655-1536x2048.jpg 1536w, https:\/\/www.yeryuzundebirkacadim.com\/wp-content\/uploads\/2023\/07\/IMG_20220503_113655-749x999.jpg 749w\" sizes=\"auto, (max-width: 768px) 100vw, 768px\" \/><\/p>\n<p>Labirenti and\u0131ran yollarda ve var\u0131lan noktalarda tefekk\u00fcr eder insano\u011flu. Sembolleri d\u00fc\u015f\u00fcn\u00fcr, anlamland\u0131rmalar yapar. \u00d6l\u00fcm\/dirili\u015f, karanl\u0131k\/ayd\u0131nl\u0131k, biti\u015f\/ba\u015flang\u0131\u00e7, g\u00f6lgeler\/ger\u00e7ekler, h\u00fcz\u00fcn\/huzur.<\/p>\n<p>Mistisizm yan\u0131 s\u0131ra su ve \u0131\u015f\u0131k muazzam bir g\u00f6rsellik sunar.<\/p>\n<p><img loading=\"lazy\" decoding=\"async\" class=\"alignnone size-medium wp-image-5285\" src=\"https:\/\/www.yeryuzundebirkacadim.com\/wp-content\/uploads\/2023\/07\/IMG_20220503_121112-1024x768.jpg\" alt=\"\" width=\"1024\" height=\"768\" srcset=\"https:\/\/www.yeryuzundebirkacadim.com\/wp-content\/uploads\/2023\/07\/IMG_20220503_121112-1024x768.jpg 1024w, https:\/\/www.yeryuzundebirkacadim.com\/wp-content\/uploads\/2023\/07\/IMG_20220503_121112-768x576.jpg 768w, https:\/\/www.yeryuzundebirkacadim.com\/wp-content\/uploads\/2023\/07\/IMG_20220503_121112-2048x1536.jpg 2048w, https:\/\/www.yeryuzundebirkacadim.com\/wp-content\/uploads\/2023\/07\/IMG_20220503_121112-816x612.jpg 816w\" sizes=\"auto, (max-width: 1024px) 100vw, 1024px\" \/><\/p>\n<p><img loading=\"lazy\" decoding=\"async\" class=\"alignnone size-medium wp-image-5286\" src=\"https:\/\/www.yeryuzundebirkacadim.com\/wp-content\/uploads\/2023\/07\/IMG_20220503_115043-768x1024.jpg\" alt=\"\" width=\"768\" height=\"1024\" srcset=\"https:\/\/www.yeryuzundebirkacadim.com\/wp-content\/uploads\/2023\/07\/IMG_20220503_115043-768x1024.jpg 768w, https:\/\/www.yeryuzundebirkacadim.com\/wp-content\/uploads\/2023\/07\/IMG_20220503_115043-1536x2048.jpg 1536w, https:\/\/www.yeryuzundebirkacadim.com\/wp-content\/uploads\/2023\/07\/IMG_20220503_115043-749x999.jpg 749w\" sizes=\"auto, (max-width: 768px) 100vw, 768px\" \/><\/p>\n<p>Buradaki ma\u011faralar yapay. T\u00fcnellere giri\u015f olarak in\u015fa edilmi\u015fler. Mitolojide ve do\u011fa bilimlerinde bulunan hava, su, toprak elementleri ile olu\u015fturulmu\u015f. Buray\u0131 me\u015falelerle gezen insanlar da 4. elementi ilave etmi\u015fler.<\/p>\n<p><strong>Regaleira Kulesi<\/strong><\/p>\n<p><img loading=\"lazy\" decoding=\"async\" class=\"alignnone size-medium wp-image-5287\" src=\"https:\/\/www.yeryuzundebirkacadim.com\/wp-content\/uploads\/2023\/07\/DSC02733-1024x576.jpg\" alt=\"\" width=\"1024\" height=\"576\" srcset=\"https:\/\/www.yeryuzundebirkacadim.com\/wp-content\/uploads\/2023\/07\/DSC02733-1024x576.jpg 1024w, https:\/\/www.yeryuzundebirkacadim.com\/wp-content\/uploads\/2023\/07\/DSC02733-768x432.jpg 768w, https:\/\/www.yeryuzundebirkacadim.com\/wp-content\/uploads\/2023\/07\/DSC02733-2048x1152.jpg 2048w, https:\/\/www.yeryuzundebirkacadim.com\/wp-content\/uploads\/2023\/07\/DSC02733-816x459.jpg 816w\" sizes=\"auto, (max-width: 1024px) 100vw, 1024px\" \/><\/p>\n<p><strong>Leda&#8217;n\u0131n Ma\u011faras\u0131<\/strong><\/p>\n<p><img loading=\"lazy\" decoding=\"async\" class=\"alignnone size-medium wp-image-5289\" src=\"https:\/\/www.yeryuzundebirkacadim.com\/wp-content\/uploads\/2023\/07\/DSC02734-1024x576.jpg\" alt=\"\" width=\"1024\" height=\"576\" srcset=\"https:\/\/www.yeryuzundebirkacadim.com\/wp-content\/uploads\/2023\/07\/DSC02734-1024x576.jpg 1024w, https:\/\/www.yeryuzundebirkacadim.com\/wp-content\/uploads\/2023\/07\/DSC02734-768x432.jpg 768w, https:\/\/www.yeryuzundebirkacadim.com\/wp-content\/uploads\/2023\/07\/DSC02734-2048x1152.jpg 2048w, https:\/\/www.yeryuzundebirkacadim.com\/wp-content\/uploads\/2023\/07\/DSC02734-816x459.jpg 816w\" sizes=\"auto, (max-width: 1024px) 100vw, 1024px\" \/><\/p>\n<p><span class=\"\">Perpetua Bah\u00e7esi&#8217;nin taban\u0131nda yer almaktad\u0131r. <\/span><span class=\"\">Alt\u0131gen bir \u015fekle sahiptir. Ayn\u0131 \u015fekilde ma\u011faran\u0131n tavan\u0131ndan sarkan metalden bir sembol, Yahudili\u011fin geleneksel ikonu olan Davut y\u0131ld\u0131z\u0131d\u0131r. Alt\u0131 k\u00f6\u015feli y\u0131ld\u0131z; cennet ve yery\u00fcz\u00fc birli\u011finin sembol\u00fcd\u00fcr. <\/span><span class=\"VIpgJd-yAWNEb-VIpgJd-fmcmS-sn54Q\">Bununla birlikte, heksagram evrensel anlamlar a\u00e7\u0131s\u0131ndan zengindir: Hinduizm&#8217;de &#8220;Yantra&#8221; olarak bilinen erkek ve di\u015fi aras\u0131ndaki ba\u011flant\u0131d\u0131r. <\/span><span class=\"\">Masonluk i\u00e7in bu, do\u011fan\u0131n aktif ve pasif g\u00fc\u00e7lerinin birli\u011fi olacakt\u0131r. <\/span>Simyada d\u00f6rt elementin ba\u011flant\u0131s\u0131n\u0131 temsil eder.<\/p>\n<p><img loading=\"lazy\" decoding=\"async\" class=\"alignnone size-medium wp-image-5288\" src=\"https:\/\/www.yeryuzundebirkacadim.com\/wp-content\/uploads\/2023\/07\/DSC02735-1024x576.jpg\" alt=\"\" width=\"1024\" height=\"576\" srcset=\"https:\/\/www.yeryuzundebirkacadim.com\/wp-content\/uploads\/2023\/07\/DSC02735-1024x576.jpg 1024w, https:\/\/www.yeryuzundebirkacadim.com\/wp-content\/uploads\/2023\/07\/DSC02735-768x432.jpg 768w, https:\/\/www.yeryuzundebirkacadim.com\/wp-content\/uploads\/2023\/07\/DSC02735-2048x1152.jpg 2048w, https:\/\/www.yeryuzundebirkacadim.com\/wp-content\/uploads\/2023\/07\/DSC02735-816x459.jpg 816w\" sizes=\"auto, (max-width: 1024px) 100vw, 1024px\" \/><\/p>\n<p><span class=\"\">Burada yan\u0131nda ku\u011fu olan bir kad\u0131n heykeli vard\u0131r. Bu da mitolojik olarak Zeus taraf\u0131ndan ba\u015ftan \u00e7\u0131kar\u0131lan Leda (Sparta krali\u00e7esi)&#8217;n\u0131n, ku\u011fuya d\u00f6n\u00fc\u015f\u00fcm\u00fcn\u00fc simgeler. \u0130laveten<\/span><span class=\"VIpgJd-yAWNEb-VIpgJd-fmcmS-sn54Q\"> kad\u0131n, baz\u0131 teorilere g\u00f6re Lekesiz Gebelik (ruhsal varl\u0131k taraf\u0131ndan d\u00f6llenen fiziksel beden) ile sembolik bir analoji kuracak olan bir g\u00fcvercini (Kutsal Ruh&#8217;un simgesi) elleri aras\u0131nda tutmaktad\u0131r.<\/span><\/p>\n<p><strong>Kutsal \u00dc\u00e7l\u00fc \u015eapeli<\/strong><\/p>\n<p><img loading=\"lazy\" decoding=\"async\" class=\"alignnone size-medium wp-image-5298\" src=\"https:\/\/www.yeryuzundebirkacadim.com\/wp-content\/uploads\/2023\/07\/IMG_20220503_114646-1024x768.jpg\" alt=\"\" width=\"1024\" height=\"768\" srcset=\"https:\/\/www.yeryuzundebirkacadim.com\/wp-content\/uploads\/2023\/07\/IMG_20220503_114646-1024x768.jpg 1024w, https:\/\/www.yeryuzundebirkacadim.com\/wp-content\/uploads\/2023\/07\/IMG_20220503_114646-768x576.jpg 768w, https:\/\/www.yeryuzundebirkacadim.com\/wp-content\/uploads\/2023\/07\/IMG_20220503_114646-2048x1536.jpg 2048w, https:\/\/www.yeryuzundebirkacadim.com\/wp-content\/uploads\/2023\/07\/IMG_20220503_114646-816x612.jpg 816w\" sizes=\"auto, (max-width: 1024px) 100vw, 1024px\" \/><\/p>\n<p>Gotik ve Manuelin tarzda etkileyici bir d\u0131\u015f cepheye sahip.<\/p>\n<p><img loading=\"lazy\" decoding=\"async\" class=\"alignnone size-medium wp-image-5301\" src=\"https:\/\/www.yeryuzundebirkacadim.com\/wp-content\/uploads\/2023\/07\/IMG_20220503_115426-1024x768.jpg\" alt=\"\" width=\"1024\" height=\"768\" srcset=\"https:\/\/www.yeryuzundebirkacadim.com\/wp-content\/uploads\/2023\/07\/IMG_20220503_115426-1024x768.jpg 1024w, https:\/\/www.yeryuzundebirkacadim.com\/wp-content\/uploads\/2023\/07\/IMG_20220503_115426-768x576.jpg 768w, https:\/\/www.yeryuzundebirkacadim.com\/wp-content\/uploads\/2023\/07\/IMG_20220503_115426-2048x1536.jpg 2048w, https:\/\/www.yeryuzundebirkacadim.com\/wp-content\/uploads\/2023\/07\/IMG_20220503_115426-816x612.jpg 816w\" sizes=\"auto, (max-width: 1024px) 100vw, 1024px\" \/><\/p>\n<div id=\"adsninja-ad-zone-div-gpt-ad-1535570269372-ccr4\" class=\"adsninja-ad-zone\">\n<div id=\"dynamically-injected-refresh-ad-zone-div-gpt-ad-1535570269372-ccr4\" class=\"dynamically-injected-refresh-ad-zone\">\n<div class=\"ad-current\">\n<div id=\"ad-zone-container-div-gpt-ad-1535570269372-ccr4\" class=\"ad-zone-container ad-zone-container-content-character-count-repeatable-4\" data-no-fill-collapsable=\"false\">\n<div id=\"ad-zone-size-container-div-gpt-ad-1535570269372-ccr4\" class=\"ad-zone-size-container ad-zone-size-container-content-character-count-repeatable-4\">\n<div class=\"ad-zone ad-zone-content-character-count-repeatable-4\">\n<div class=\"ad-zone-inline ad-zone-inline-content-character-count-repeatable-4\">\n<div id=\"div-gpt-ad-1535570269372-ccr4\">\n<p class=\"has-normal-font-size\">\u0130\u00e7eride, y\u00fcksek suna\u011f\u0131n \u00fczerinde, \u00f6l\u00fcmden dirildikten sonra \u0130sa, Meryem olabilecek bir kad\u0131na ta\u00e7 giydirirken g\u00f6r\u00fcl\u00fcr.<\/p>\n<p><img loading=\"lazy\" decoding=\"async\" class=\"alignnone size-medium wp-image-5517\" src=\"https:\/\/www.yeryuzundebirkacadim.com\/wp-content\/uploads\/2023\/07\/DSC02745-1024x576.jpg\" alt=\"\" width=\"1024\" height=\"576\" srcset=\"https:\/\/www.yeryuzundebirkacadim.com\/wp-content\/uploads\/2023\/07\/DSC02745-1024x576.jpg 1024w, https:\/\/www.yeryuzundebirkacadim.com\/wp-content\/uploads\/2023\/07\/DSC02745-768x432.jpg 768w, https:\/\/www.yeryuzundebirkacadim.com\/wp-content\/uploads\/2023\/07\/DSC02745-1536x865.jpg 1536w, https:\/\/www.yeryuzundebirkacadim.com\/wp-content\/uploads\/2023\/07\/DSC02745-816x459.jpg 816w, https:\/\/www.yeryuzundebirkacadim.com\/wp-content\/uploads\/2023\/07\/DSC02745.jpg 1860w\" sizes=\"auto, (max-width: 1024px) 100vw, 1024px\" \/><\/p>\n<\/div>\n<\/div>\n<\/div>\n<\/div>\n<\/div>\n<\/div>\n<\/div>\n<\/div>\n<p><span style=\"font-size: 16px;\">Tavanda Masonik simge olan &#8220;Radiant Delta&#8221; (Tanr\u0131&#8217;n\u0131n g\u00f6z\u00fc) olan bir \u00fc\u00e7gen bulunuyor.<\/span><\/p>\n<h3><img loading=\"lazy\" decoding=\"async\" class=\"alignnone size-medium wp-image-5292\" src=\"https:\/\/www.yeryuzundebirkacadim.com\/wp-content\/uploads\/2023\/07\/DSC02748-1024x576.jpg\" alt=\"\" width=\"1024\" height=\"576\" srcset=\"https:\/\/www.yeryuzundebirkacadim.com\/wp-content\/uploads\/2023\/07\/DSC02748-1024x576.jpg 1024w, https:\/\/www.yeryuzundebirkacadim.com\/wp-content\/uploads\/2023\/07\/DSC02748-768x432.jpg 768w, https:\/\/www.yeryuzundebirkacadim.com\/wp-content\/uploads\/2023\/07\/DSC02748-2048x1152.jpg 2048w, https:\/\/www.yeryuzundebirkacadim.com\/wp-content\/uploads\/2023\/07\/DSC02748-816x459.jpg 816w\" sizes=\"auto, (max-width: 1024px) 100vw, 1024px\" \/><\/h3>\n<p><strong>Saray<\/strong><\/p>\n<p><img loading=\"lazy\" decoding=\"async\" class=\"alignnone size-medium wp-image-5297\" src=\"https:\/\/www.yeryuzundebirkacadim.com\/wp-content\/uploads\/2023\/07\/DSC02751-1024x576.jpg\" alt=\"\" width=\"1024\" height=\"576\" srcset=\"https:\/\/www.yeryuzundebirkacadim.com\/wp-content\/uploads\/2023\/07\/DSC02751-1024x576.jpg 1024w, https:\/\/www.yeryuzundebirkacadim.com\/wp-content\/uploads\/2023\/07\/DSC02751-768x432.jpg 768w, https:\/\/www.yeryuzundebirkacadim.com\/wp-content\/uploads\/2023\/07\/DSC02751-2048x1152.jpg 2048w, https:\/\/www.yeryuzundebirkacadim.com\/wp-content\/uploads\/2023\/07\/DSC02751-816x459.jpg 816w\" sizes=\"auto, (max-width: 1024px) 100vw, 1024px\" \/><\/p>\n<p>Asl\u0131nda buras\u0131 mimarisi ile etkileyici bir \u015fato. Be\u015f katl\u0131.<\/p>\n<p>D\u0131\u015f cepheden bak\u0131ld\u0131\u011f\u0131nda Sekizgen Kule ve yan\u0131nda Yuvarlak Kule bulunuyor. Yine d\u0131\u015f cephede taretler (k\u00fc\u00e7\u00fck kule), \u00e7\u00f6rtenler (oluklar) mevcut ve girift oymalarla bezeli.<\/p>\n<p>Krallar Odas\u0131; Odan\u0131n ad\u0131 Portekiz&#8217;in 20 kral ve 4 krali\u00e7esinin portrelerinin duvarda as\u0131lm\u0131\u015f resimlerinden gelmektedir.<\/p>\n<p><span class=\"\">Her duvar\u0131n ortas\u0131nda Lizbon, Coimbra, Porto ve Braga \u015fehirlerine kar\u015f\u0131l\u0131k gelen bir arma vard\u0131r.\u00a0<\/span><span class=\"\">Ah\u015fap tavan da etkileyici.<\/span><\/p>\n<p><img loading=\"lazy\" decoding=\"async\" class=\"alignnone size-medium wp-image-5300\" src=\"https:\/\/www.yeryuzundebirkacadim.com\/wp-content\/uploads\/2023\/07\/DSC02771-1024x576.jpg\" alt=\"\" width=\"1024\" height=\"576\" srcset=\"https:\/\/www.yeryuzundebirkacadim.com\/wp-content\/uploads\/2023\/07\/DSC02771-1024x576.jpg 1024w, https:\/\/www.yeryuzundebirkacadim.com\/wp-content\/uploads\/2023\/07\/DSC02771-768x432.jpg 768w, https:\/\/www.yeryuzundebirkacadim.com\/wp-content\/uploads\/2023\/07\/DSC02771-2048x1152.jpg 2048w, https:\/\/www.yeryuzundebirkacadim.com\/wp-content\/uploads\/2023\/07\/DSC02771-816x459.jpg 816w\" sizes=\"auto, (max-width: 1024px) 100vw, 1024px\" \/><\/p>\n<p>M\u00fczik Odas\u0131<\/p>\n<h3><img loading=\"lazy\" decoding=\"async\" class=\"alignnone size-medium wp-image-5302\" src=\"https:\/\/www.yeryuzundebirkacadim.com\/wp-content\/uploads\/2023\/07\/DSC02769-1024x576.jpg\" alt=\"\" width=\"1024\" height=\"576\" srcset=\"https:\/\/www.yeryuzundebirkacadim.com\/wp-content\/uploads\/2023\/07\/DSC02769-1024x576.jpg 1024w, https:\/\/www.yeryuzundebirkacadim.com\/wp-content\/uploads\/2023\/07\/DSC02769-768x432.jpg 768w, https:\/\/www.yeryuzundebirkacadim.com\/wp-content\/uploads\/2023\/07\/DSC02769-2048x1152.jpg 2048w, https:\/\/www.yeryuzundebirkacadim.com\/wp-content\/uploads\/2023\/07\/DSC02769-816x459.jpg 816w\" sizes=\"auto, (max-width: 1024px) 100vw, 1024px\" \/><\/h3>\n<p>Balkon<\/p>\n<p><img loading=\"lazy\" decoding=\"async\" class=\"alignnone size-medium wp-image-5303\" src=\"https:\/\/www.yeryuzundebirkacadim.com\/wp-content\/uploads\/2023\/07\/IMG_20220503_120222-1024x768.jpg\" alt=\"\" width=\"1024\" height=\"768\" srcset=\"https:\/\/www.yeryuzundebirkacadim.com\/wp-content\/uploads\/2023\/07\/IMG_20220503_120222-1024x768.jpg 1024w, https:\/\/www.yeryuzundebirkacadim.com\/wp-content\/uploads\/2023\/07\/IMG_20220503_120222-768x576.jpg 768w, https:\/\/www.yeryuzundebirkacadim.com\/wp-content\/uploads\/2023\/07\/IMG_20220503_120222-2048x1536.jpg 2048w, https:\/\/www.yeryuzundebirkacadim.com\/wp-content\/uploads\/2023\/07\/IMG_20220503_120222-816x612.jpg 816w\" sizes=\"auto, (max-width: 1024px) 100vw, 1024px\" \/><\/p>\n<p><img loading=\"lazy\" decoding=\"async\" class=\"alignnone size-medium wp-image-5305\" src=\"https:\/\/www.yeryuzundebirkacadim.com\/wp-content\/uploads\/2023\/07\/DSC02764-1024x576.jpg\" alt=\"\" width=\"1024\" height=\"576\" srcset=\"https:\/\/www.yeryuzundebirkacadim.com\/wp-content\/uploads\/2023\/07\/DSC02764-1024x576.jpg 1024w, https:\/\/www.yeryuzundebirkacadim.com\/wp-content\/uploads\/2023\/07\/DSC02764-768x432.jpg 768w, https:\/\/www.yeryuzundebirkacadim.com\/wp-content\/uploads\/2023\/07\/DSC02764-2048x1152.jpg 2048w, https:\/\/www.yeryuzundebirkacadim.com\/wp-content\/uploads\/2023\/07\/DSC02764-816x459.jpg 816w\" sizes=\"auto, (max-width: 1024px) 100vw, 1024px\" \/><\/p>\n<p>Mermer \u00e7er\u00e7eveli kap\u0131n\u0131n \u00fczerinde, bir yanda Carvalho Monteiro, di\u011fer yanda e\u015fi Perpetua Augusta&#8217;n\u0131n fig\u00fcr\u00fc g\u00f6r\u00fcl\u00fcyor.<\/p>\n<p><img loading=\"lazy\" decoding=\"async\" class=\"alignnone size-medium wp-image-5306\" src=\"https:\/\/www.yeryuzundebirkacadim.com\/wp-content\/uploads\/2023\/07\/DSC02766-1024x576.jpg\" alt=\"\" width=\"1024\" height=\"576\" srcset=\"https:\/\/www.yeryuzundebirkacadim.com\/wp-content\/uploads\/2023\/07\/DSC02766-1024x576.jpg 1024w, https:\/\/www.yeryuzundebirkacadim.com\/wp-content\/uploads\/2023\/07\/DSC02766-768x432.jpg 768w, https:\/\/www.yeryuzundebirkacadim.com\/wp-content\/uploads\/2023\/07\/DSC02766-2048x1152.jpg 2048w, https:\/\/www.yeryuzundebirkacadim.com\/wp-content\/uploads\/2023\/07\/DSC02766-816x459.jpg 816w\" sizes=\"auto, (max-width: 1024px) 100vw, 1024px\" \/><\/p>\n<p>Aslan ba\u015fl\u0131 kap\u0131 tokma\u011f\u0131<\/p>\n<p><img loading=\"lazy\" decoding=\"async\" class=\"alignnone size-medium wp-image-5304\" src=\"https:\/\/www.yeryuzundebirkacadim.com\/wp-content\/uploads\/2023\/07\/DSC02774-1024x576.jpg\" alt=\"\" width=\"1024\" height=\"576\" srcset=\"https:\/\/www.yeryuzundebirkacadim.com\/wp-content\/uploads\/2023\/07\/DSC02774-1024x576.jpg 1024w, https:\/\/www.yeryuzundebirkacadim.com\/wp-content\/uploads\/2023\/07\/DSC02774-768x432.jpg 768w, https:\/\/www.yeryuzundebirkacadim.com\/wp-content\/uploads\/2023\/07\/DSC02774-2048x1152.jpg 2048w, https:\/\/www.yeryuzundebirkacadim.com\/wp-content\/uploads\/2023\/07\/DSC02774-816x459.jpg 816w\" sizes=\"auto, (max-width: 1024px) 100vw, 1024px\" \/><\/p>\n<p><strong>Tanr\u0131lar\u0131n Sundurmas\u0131 (Tanr\u0131lar\u0131n Yolu)<\/strong><\/p>\n<p><img loading=\"lazy\" decoding=\"async\" class=\"alignnone size-medium wp-image-5313\" src=\"https:\/\/www.yeryuzundebirkacadim.com\/wp-content\/uploads\/2023\/07\/DSC02795-1024x576.jpg\" alt=\"\" width=\"1024\" height=\"576\" srcset=\"https:\/\/www.yeryuzundebirkacadim.com\/wp-content\/uploads\/2023\/07\/DSC02795-1024x576.jpg 1024w, https:\/\/www.yeryuzundebirkacadim.com\/wp-content\/uploads\/2023\/07\/DSC02795-768x432.jpg 768w, https:\/\/www.yeryuzundebirkacadim.com\/wp-content\/uploads\/2023\/07\/DSC02795-2048x1152.jpg 2048w, https:\/\/www.yeryuzundebirkacadim.com\/wp-content\/uploads\/2023\/07\/DSC02795-816x459.jpg 816w\" sizes=\"auto, (max-width: 1024px) 100vw, 1024px\" \/><\/p>\n<div class=\"wp-block-jetpack-tiled-gallery aligncenter is-style-rectangular\" data-carousel-extra=\"{&quot;blog_id&quot;:1,&quot;permalink&quot;:&quot;https:\\\/\\\/mytraveljournal-blog.com\\\/highlights-of-sintra\\\/&quot;}\">\n<div class=\"tiled-gallery__gallery\" data-carousel-extra=\"{&quot;blog_id&quot;:1,&quot;permalink&quot;:&quot;https:\\\/\\\/mytraveljournal-blog.com\\\/highlights-of-sintra\\\/&quot;}\" data-jetpack-block-initialized=\"true\">\n<div class=\"tiled-gallery__row\" data-carousel-extra=\"{&quot;blog_id&quot;:1,&quot;permalink&quot;:&quot;https:\\\/\\\/mytraveljournal-blog.com\\\/highlights-of-sintra\\\/&quot;}\">\n<div class=\"tiled-gallery__col\" data-carousel-extra=\"{&quot;blog_id&quot;:1,&quot;permalink&quot;:&quot;https:\\\/\\\/mytraveljournal-blog.com\\\/highlights-of-sintra\\\/&quot;}\">\n<p>Saray\u0131n \u00f6n\u00fcndeki arazi s\u0131n\u0131r\u0131 boyunca uzanan yolda mitolojik Yunan ve Roma tanr\u0131lar\u0131n\u0131n 9 heykeli bulunuyor.<\/p>\n<p>Klasik mitoloji, Carvalho Monteiro&#8217;nun Regaleira bah\u00e7eleri i\u00e7in ilham kaynaklar\u0131ndan biriydi.<\/p>\n<\/div>\n<\/div>\n<\/div>\n<\/div>\n<p>1) Merk\u00fcr (Roma mitolojisinde) veya Hermes (Yunan mitolojisinde); tanr\u0131lar\u0131n el\u00e7isidir. \u0130nsanlar ve tanr\u0131lar aras\u0131nda ileti\u015fimi sa\u011flar. Ayn\u0131 zamanda d\u00f6rt elementten birini temsil eden r\u00fczgar\u0131n (<strong>hava<\/strong>) tanr\u0131s\u0131d\u0131r.<\/p>\n<p><img loading=\"lazy\" decoding=\"async\" class=\"alignnone size-medium wp-image-5314\" src=\"https:\/\/www.yeryuzundebirkacadim.com\/wp-content\/uploads\/2023\/07\/DSC02785-1024x576.jpg\" alt=\"\" width=\"1024\" height=\"576\" srcset=\"https:\/\/www.yeryuzundebirkacadim.com\/wp-content\/uploads\/2023\/07\/DSC02785-1024x576.jpg 1024w, https:\/\/www.yeryuzundebirkacadim.com\/wp-content\/uploads\/2023\/07\/DSC02785-768x432.jpg 768w, https:\/\/www.yeryuzundebirkacadim.com\/wp-content\/uploads\/2023\/07\/DSC02785-2048x1152.jpg 2048w, https:\/\/www.yeryuzundebirkacadim.com\/wp-content\/uploads\/2023\/07\/DSC02785-816x459.jpg 816w\" sizes=\"auto, (max-width: 1024px) 100vw, 1024px\" \/><\/p>\n<p>2) Vulcan veya Hephaistos (Yunan mitolojisinde); do\u011fan\u0131n ba\u015fka bir elementi olan <strong>ate\u015f<\/strong>le ili\u015fkilendirilir. Belki de ar\u0131nma anlam\u0131nda anla\u015f\u0131labilir. Ama ayn\u0131 zamanda eritilebilen t\u00fcm malzemeleri (demir, bronz, g\u00fcm\u00fc\u015f, alt\u0131n) temsil eder ve bu nedenle simyaya bir referans olarak kabul edilir.<\/p>\n<p><img loading=\"lazy\" decoding=\"async\" class=\"alignnone size-medium wp-image-5323\" src=\"https:\/\/www.yeryuzundebirkacadim.com\/wp-content\/uploads\/2023\/07\/IMG_20220503_120743-768x1024.jpg\" alt=\"\" width=\"768\" height=\"1024\" srcset=\"https:\/\/www.yeryuzundebirkacadim.com\/wp-content\/uploads\/2023\/07\/IMG_20220503_120743-768x1024.jpg 768w, https:\/\/www.yeryuzundebirkacadim.com\/wp-content\/uploads\/2023\/07\/IMG_20220503_120743-1536x2048.jpg 1536w, https:\/\/www.yeryuzundebirkacadim.com\/wp-content\/uploads\/2023\/07\/IMG_20220503_120743-749x999.jpg 749w\" sizes=\"auto, (max-width: 768px) 100vw, 768px\" \/><\/p>\n<p>3) \u015earap tanr\u0131s\u0131 olarak bilinen Bacchus (Roma mitolojisinde) veya Dionysos (Yunanl\u0131lar&#8217;da). Bununla birlikte, m\u00fczik okulunun yarat\u0131c\u0131s\u0131 ve ilk tiyatro temsilcisi (Carvalho Monteiro&#8217;nun tutkular\u0131ndan ikisi) olarak kabul edilir. Ayn\u0131 zamanda bir yasa koyucu, medeniyet ve bar\u0131\u015f\u0131n destek\u00e7isi olarak kabul edilir.<\/p>\n<p><img loading=\"lazy\" decoding=\"async\" class=\"alignnone size-medium wp-image-5315\" src=\"https:\/\/www.yeryuzundebirkacadim.com\/wp-content\/uploads\/2023\/07\/DSC02786-1024x576.jpg\" alt=\"\" width=\"1024\" height=\"576\" srcset=\"https:\/\/www.yeryuzundebirkacadim.com\/wp-content\/uploads\/2023\/07\/DSC02786-1024x576.jpg 1024w, https:\/\/www.yeryuzundebirkacadim.com\/wp-content\/uploads\/2023\/07\/DSC02786-768x432.jpg 768w, https:\/\/www.yeryuzundebirkacadim.com\/wp-content\/uploads\/2023\/07\/DSC02786-2048x1152.jpg 2048w, https:\/\/www.yeryuzundebirkacadim.com\/wp-content\/uploads\/2023\/07\/DSC02786-816x459.jpg 816w\" sizes=\"auto, (max-width: 1024px) 100vw, 1024px\" \/><\/p>\n<p>4) Roma mitolojisinde Lupercio veya Lupercus&#8217;a kar\u015f\u0131l\u0131k gelen Pan (Yunan mitolojisinde); do\u011fa ve evrenle ba\u011flant\u0131l\u0131 pastoral bir fig\u00fcrd\u00fcr. Ancak yar\u0131 insan ve yar\u0131 ke\u00e7i olu\u015fu nedeni zaman zaman \u00f6n\u00fcne \u00e7\u0131kan insanlar\u0131 g\u00f6r\u00fcnt\u00fcs\u00fc ile korkuturdu. (Bu nedenle &#8220;panik&#8221; s\u00f6zc\u00fc\u011f\u00fcne ilham kayna\u011f\u0131 olmu\u015ftur). Ayr\u0131ca k\u0131rlarda m\u00fczik \u00e7alan sevimli bir fig\u00fcrd\u00fcr. Pan fl\u00fct olarak bilinen bir fl\u00fct yaratt\u0131.<\/p>\n<p><img loading=\"lazy\" decoding=\"async\" class=\"alignnone size-medium wp-image-5324\" src=\"https:\/\/www.yeryuzundebirkacadim.com\/wp-content\/uploads\/2023\/07\/IMG_20220503_120807-768x1024.jpg\" alt=\"\" width=\"768\" height=\"1024\" srcset=\"https:\/\/www.yeryuzundebirkacadim.com\/wp-content\/uploads\/2023\/07\/IMG_20220503_120807-768x1024.jpg 768w, https:\/\/www.yeryuzundebirkacadim.com\/wp-content\/uploads\/2023\/07\/IMG_20220503_120807-1536x2048.jpg 1536w, https:\/\/www.yeryuzundebirkacadim.com\/wp-content\/uploads\/2023\/07\/IMG_20220503_120807-749x999.jpg 749w\" sizes=\"auto, (max-width: 768px) 100vw, 768px\" \/><\/p>\n<p>5) Ceres (Roma mitolojisinde) veya Demeter (Yunan mitolojisinde) tar\u0131m\u0131n temsilcisi olarak <strong>topra\u011f\u0131n<\/strong> bereketini temsil eder. Bu tanr\u0131\u00e7aya mevsimlerin tan\u0131mlanmas\u0131nda \u00f6nemli bir rol atfedilir.<\/p>\n<p><img loading=\"lazy\" decoding=\"async\" class=\"alignnone size-medium wp-image-5321\" src=\"https:\/\/www.yeryuzundebirkacadim.com\/wp-content\/uploads\/2023\/07\/IMG_20220503_120900-768x1024.jpg\" alt=\"\" width=\"768\" height=\"1024\" srcset=\"https:\/\/www.yeryuzundebirkacadim.com\/wp-content\/uploads\/2023\/07\/IMG_20220503_120900-768x1024.jpg 768w, https:\/\/www.yeryuzundebirkacadim.com\/wp-content\/uploads\/2023\/07\/IMG_20220503_120900-1536x2048.jpg 1536w, https:\/\/www.yeryuzundebirkacadim.com\/wp-content\/uploads\/2023\/07\/IMG_20220503_120900-749x999.jpg 749w\" sizes=\"auto, (max-width: 768px) 100vw, 768px\" \/><\/p>\n<p>6) Flora (Roma) veya Cloris (Yunanca) t\u00fcm do\u011fay\u0131 b\u00fcnyesinde bar\u0131nd\u0131r\u0131r ve \u00f6zellikle bahar\u0131 (yenilenme ve \u00e7i\u00e7ek a\u00e7ma d\u00f6nemi) temsil eder. Carvalho Monteiro&#8217;nun botani\u011fe b\u00fcy\u00fck bir ilgisi oldu\u011funu ve bah\u00e7esinde pek \u00e7ok egzotik t\u00fcr yeti\u015ftirdi\u011fini ve bu tanr\u0131\u00e7an\u0131n ad\u0131n\u0131n t\u00fcm bitki krall\u0131\u011f\u0131n\u0131 belirtmek i\u00e7in kullan\u0131ld\u0131\u011f\u0131n\u0131 belirtmek gerekir.<\/p>\n<p><img loading=\"lazy\" decoding=\"async\" class=\"alignnone size-medium wp-image-5318\" src=\"https:\/\/www.yeryuzundebirkacadim.com\/wp-content\/uploads\/2023\/07\/IMG_20220503_120909-768x1024.jpg\" alt=\"\" width=\"768\" height=\"1024\" srcset=\"https:\/\/www.yeryuzundebirkacadim.com\/wp-content\/uploads\/2023\/07\/IMG_20220503_120909-768x1024.jpg 768w, https:\/\/www.yeryuzundebirkacadim.com\/wp-content\/uploads\/2023\/07\/IMG_20220503_120909-1536x2048.jpg 1536w, https:\/\/www.yeryuzundebirkacadim.com\/wp-content\/uploads\/2023\/07\/IMG_20220503_120909-749x999.jpg 749w\" sizes=\"auto, (max-width: 768px) 100vw, 768px\" \/><\/p>\n<p>7) Ven\u00fcs (Roma) veya Afrodit (Yunanca) g\u00fczellik ve a\u015fk tanr\u0131\u00e7as\u0131d\u0131r. Deniz k\u00f6kenli (k\u00f6p\u00fckten veya bir kabu\u011fun i\u00e7inden do\u011fmu\u015f), d\u00f6rt elementin temsilini tamamlar.<\/p>\n<p><img loading=\"lazy\" decoding=\"async\" class=\"alignnone size-medium wp-image-5319\" src=\"https:\/\/www.yeryuzundebirkacadim.com\/wp-content\/uploads\/2023\/07\/IMG_20220503_120919-768x1024.jpg\" alt=\"\" width=\"768\" height=\"1024\" srcset=\"https:\/\/www.yeryuzundebirkacadim.com\/wp-content\/uploads\/2023\/07\/IMG_20220503_120919-768x1024.jpg 768w, https:\/\/www.yeryuzundebirkacadim.com\/wp-content\/uploads\/2023\/07\/IMG_20220503_120919-1536x2048.jpg 1536w, https:\/\/www.yeryuzundebirkacadim.com\/wp-content\/uploads\/2023\/07\/IMG_20220503_120919-749x999.jpg 749w\" sizes=\"auto, (max-width: 768px) 100vw, 768px\" \/><\/p>\n<p>Bu yol \u00fczerinde g\u00f6r\u00fclen aslan, m\u00fclk\u00fcn Regaleira Baronesi taraf\u0131ndan sahiplenildi\u011fi d\u00f6neme kadar uzan\u0131r ve kraliyet ailesine bir \u00f6vg\u00fc niteli\u011findedir.<\/p>\n<p>Ancak ezoterizm a\u00e7\u0131s\u0131ndan, yeralt\u0131 d\u00fcnyas\u0131n\u0131n koruyucusu olarak kabul edilen g\u00fcc\u00fc, gururu ve bilgeli\u011fi simgeleyen bir g\u00fcne\u015f fig\u00fcr\u00fcd\u00fcr.<\/p>\n<p><img loading=\"lazy\" decoding=\"async\" class=\"alignnone size-medium wp-image-5320\" src=\"https:\/\/www.yeryuzundebirkacadim.com\/wp-content\/uploads\/2023\/07\/IMG_20220503_120931-1024x768.jpg\" alt=\"\" width=\"1024\" height=\"768\" srcset=\"https:\/\/www.yeryuzundebirkacadim.com\/wp-content\/uploads\/2023\/07\/IMG_20220503_120931-1024x768.jpg 1024w, https:\/\/www.yeryuzundebirkacadim.com\/wp-content\/uploads\/2023\/07\/IMG_20220503_120931-768x576.jpg 768w, https:\/\/www.yeryuzundebirkacadim.com\/wp-content\/uploads\/2023\/07\/IMG_20220503_120931-2048x1536.jpg 2048w, https:\/\/www.yeryuzundebirkacadim.com\/wp-content\/uploads\/2023\/07\/IMG_20220503_120931-816x612.jpg 816w\" sizes=\"auto, (max-width: 1024px) 100vw, 1024px\" \/><\/p>\n<p>8) Orpheus, Yunan mitolojisinde \u015fairlerin en yeteneklisidir. En vah\u015fi hayvanlar\u0131 babas\u0131 Apollon&#8217;dan miras kalan lir e\u015fli\u011finde evcille\u015ftirir. M\u00fckemmel \u015fark\u0131 s\u00f6yleyebildi\u011fi d\u00fc\u015f\u00fcn\u00fcl\u00fcyor. \u015eair Camoes&#8217;e bir ima veya manevi y\u00fckselme aray\u0131\u015f\u0131ndaki insano\u011flunun bir temsili olabilir;<\/p>\n<p><img loading=\"lazy\" decoding=\"async\" class=\"alignnone size-medium wp-image-5317\" src=\"https:\/\/www.yeryuzundebirkacadim.com\/wp-content\/uploads\/2023\/07\/IMG_20220503_120944-768x1024.jpg\" alt=\"\" width=\"768\" height=\"1024\" srcset=\"https:\/\/www.yeryuzundebirkacadim.com\/wp-content\/uploads\/2023\/07\/IMG_20220503_120944-768x1024.jpg 768w, https:\/\/www.yeryuzundebirkacadim.com\/wp-content\/uploads\/2023\/07\/IMG_20220503_120944-1536x2048.jpg 1536w, https:\/\/www.yeryuzundebirkacadim.com\/wp-content\/uploads\/2023\/07\/IMG_20220503_120944-749x999.jpg 749w\" sizes=\"auto, (max-width: 768px) 100vw, 768px\" \/><\/p>\n<p>9) Fortuna veya Tyche (Yunanl\u0131lar i\u00e7in), kaderin, iyi ya da k\u00f6t\u00fc \u015fans\u0131n ki\u015file\u015ftirilmesidir. <span class=\"VIpgJd-yAWNEb-VIpgJd-fmcmS-sn54Q\">Tasar\u0131mlar\u0131n\u0131 rastgele da\u011f\u0131tt\u0131\u011f\u0131 i\u00e7in bazen k\u00f6r veya g\u00f6zleri bloke edilmi\u015f<\/span><span class=\"VIpgJd-yAWNEb-VIpgJd-fmcmS-sn54Q\"> olarak temsil edilir (Adalet gibi).<\/span><\/p>\n<p>Dekoratif bir vazoya oyulmu\u015f insan ba\u015f\u0131 fig\u00fcr\u00fc.<\/p>\n<p><img loading=\"lazy\" decoding=\"async\" class=\"alignnone size-medium wp-image-5322\" src=\"https:\/\/www.yeryuzundebirkacadim.com\/wp-content\/uploads\/2023\/07\/IMG_20220503_120734-768x1024.jpg\" alt=\"\" width=\"768\" height=\"1024\" srcset=\"https:\/\/www.yeryuzundebirkacadim.com\/wp-content\/uploads\/2023\/07\/IMG_20220503_120734-768x1024.jpg 768w, https:\/\/www.yeryuzundebirkacadim.com\/wp-content\/uploads\/2023\/07\/IMG_20220503_120734-1536x2048.jpg 1536w, https:\/\/www.yeryuzundebirkacadim.com\/wp-content\/uploads\/2023\/07\/IMG_20220503_120734-749x999.jpg 749w\" sizes=\"auto, (max-width: 768px) 100vw, 768px\" \/><\/p>\n<p><strong>\u0130bis \u00c7e\u015fmesi<\/strong><\/p>\n<p>\u0130bis bir \u00e7e\u015fit ku\u015ftur. \u00c7e\u015fme duvar\u0131na resmedilmi\u015f.<\/p>\n<p><img loading=\"lazy\" decoding=\"async\" class=\"alignnone size-medium wp-image-5316\" src=\"https:\/\/www.yeryuzundebirkacadim.com\/wp-content\/uploads\/2023\/07\/DSC02791-1024x576.jpg\" alt=\"\" width=\"1024\" height=\"576\" srcset=\"https:\/\/www.yeryuzundebirkacadim.com\/wp-content\/uploads\/2023\/07\/DSC02791-1024x576.jpg 1024w, https:\/\/www.yeryuzundebirkacadim.com\/wp-content\/uploads\/2023\/07\/DSC02791-768x432.jpg 768w, https:\/\/www.yeryuzundebirkacadim.com\/wp-content\/uploads\/2023\/07\/DSC02791-2048x1152.jpg 2048w, https:\/\/www.yeryuzundebirkacadim.com\/wp-content\/uploads\/2023\/07\/DSC02791-816x459.jpg 816w\" sizes=\"auto, (max-width: 1024px) 100vw, 1024px\" \/><\/p>\n<p><strong>Loca (Loggia)<\/strong><\/p>\n<p><img loading=\"lazy\" decoding=\"async\" class=\"alignnone size-medium wp-image-5325\" src=\"https:\/\/www.yeryuzundebirkacadim.com\/wp-content\/uploads\/2023\/07\/IMG_20220503_120024-1024x768.jpg\" alt=\"\" width=\"1024\" height=\"768\" srcset=\"https:\/\/www.yeryuzundebirkacadim.com\/wp-content\/uploads\/2023\/07\/IMG_20220503_120024-1024x768.jpg 1024w, https:\/\/www.yeryuzundebirkacadim.com\/wp-content\/uploads\/2023\/07\/IMG_20220503_120024-768x576.jpg 768w, https:\/\/www.yeryuzundebirkacadim.com\/wp-content\/uploads\/2023\/07\/IMG_20220503_120024-2048x1536.jpg 2048w, https:\/\/www.yeryuzundebirkacadim.com\/wp-content\/uploads\/2023\/07\/IMG_20220503_120024-816x612.jpg 816w\" sizes=\"auto, (max-width: 1024px) 100vw, 1024px\" \/><\/p>\n<div class=\"wp-block-jetpack-tiled-gallery aligncenter is-style-rectangular\" data-carousel-extra=\"{&quot;blog_id&quot;:1,&quot;permalink&quot;:&quot;https:\\\/\\\/mytraveljournal-blog.com\\\/highlights-of-sintra\\\/&quot;}\">\n<div class=\"tiled-gallery__gallery\" data-carousel-extra=\"{&quot;blog_id&quot;:1,&quot;permalink&quot;:&quot;https:\\\/\\\/mytraveljournal-blog.com\\\/highlights-of-sintra\\\/&quot;}\" data-jetpack-block-initialized=\"true\">\n<div class=\"tiled-gallery__row\" data-carousel-extra=\"{&quot;blog_id&quot;:1,&quot;permalink&quot;:&quot;https:\\\/\\\/mytraveljournal-blog.com\\\/highlights-of-sintra\\\/&quot;}\">\n<div class=\"tiled-gallery__col\" data-carousel-extra=\"{&quot;blog_id&quot;:1,&quot;permalink&quot;:&quot;https:\\\/\\\/mytraveljournal-blog.com\\\/highlights-of-sintra\\\/&quot;}\">\n<p>\u0130talya&#8217;da yayg\u0131n olarak kullan\u0131lan, \u00fcst\u00fc kapal\u0131 bir verandaya benzeyen ve Regaleira Saray\u0131&#8217;na ba\u011flanan caddenin sonunda yer alan bir mimari yap\u0131 t\u00fcr\u00fcd\u00fcr.<\/p>\n<p>Tesad\u00fcfen \u0130talyanca&#8217;da &#8220;loggia&#8221; kelimesi &#8220;mason locas\u0131&#8221; anlam\u0131nda da kullan\u0131lmaktad\u0131r.<\/p>\n<\/div>\n<div class=\"tiled-gallery__col\" data-carousel-extra=\"{&quot;blog_id&quot;:1,&quot;permalink&quot;:&quot;https:\\\/\\\/mytraveljournal-blog.com\\\/highlights-of-sintra\\\/&quot;}\">\n<p>Yap\u0131lardan birinin cephesinde alt\u0131 rahibeyi bir bereket ayininde betimleyen \u00e7inilerden yap\u0131lm\u0131\u015f pano var.<\/p>\n<\/div>\n<\/div>\n<\/div>\n<\/div>\n<p><strong><img loading=\"lazy\" decoding=\"async\" class=\"alignnone size-medium wp-image-5327\" src=\"https:\/\/www.yeryuzundebirkacadim.com\/wp-content\/uploads\/2023\/07\/IMG_20220503_114818-1-1024x754.jpg\" alt=\"\" width=\"1024\" height=\"754\" srcset=\"https:\/\/www.yeryuzundebirkacadim.com\/wp-content\/uploads\/2023\/07\/IMG_20220503_114818-1-1024x754.jpg 1024w, https:\/\/www.yeryuzundebirkacadim.com\/wp-content\/uploads\/2023\/07\/IMG_20220503_114818-1-768x566.jpg 768w, https:\/\/www.yeryuzundebirkacadim.com\/wp-content\/uploads\/2023\/07\/IMG_20220503_114818-1-2048x1508.jpg 2048w, https:\/\/www.yeryuzundebirkacadim.com\/wp-content\/uploads\/2023\/07\/IMG_20220503_114818-1-816x601.jpg 816w\" sizes=\"auto, (max-width: 1024px) 100vw, 1024px\" \/><\/strong><\/p>\n<p>Arazinin \u00e7e\u015fitli yerlerinde zarif banklar var.<\/p>\n<p><strong>Bank 515<\/strong><\/p>\n<p><img loading=\"lazy\" decoding=\"async\" class=\"alignnone size-medium wp-image-5307\" src=\"https:\/\/www.yeryuzundebirkacadim.com\/wp-content\/uploads\/2023\/07\/IMG_20220503_121604-1024x768.jpg\" alt=\"\" width=\"1024\" height=\"768\" srcset=\"https:\/\/www.yeryuzundebirkacadim.com\/wp-content\/uploads\/2023\/07\/IMG_20220503_121604-1024x768.jpg 1024w, https:\/\/www.yeryuzundebirkacadim.com\/wp-content\/uploads\/2023\/07\/IMG_20220503_121604-768x576.jpg 768w, https:\/\/www.yeryuzundebirkacadim.com\/wp-content\/uploads\/2023\/07\/IMG_20220503_121604-2048x1536.jpg 2048w, https:\/\/www.yeryuzundebirkacadim.com\/wp-content\/uploads\/2023\/07\/IMG_20220503_121604-816x612.jpg 816w\" sizes=\"auto, (max-width: 1024px) 100vw, 1024px\" \/><\/p>\n<p>Bah\u00e7ede mermer bir bank var, u\u00e7lar\u0131nda k\u00f6peklerden (erkek ve di\u015fi taz\u0131lar) olu\u015fan g\u00fczel bir heykel seti.<\/p>\n<p>\u0130lk ba\u015fta k\u00f6pekler, Regaleira Saray\u0131n\u0131n i\u00e7indeki av sahnelerini an\u0131msat\u0131yor. Ancak ortadaki gen\u00e7 bir kad\u0131n bir kaseyi (kutsal kase?) kald\u0131r\u0131yor.<\/p>\n<p>Rakamlar bir\u00e7ok \u015f\u00fcpheye \u00e7anak tutuyor.\u00a0Dante&#8217;nin \u0130lahi Komedyas\u0131 ile ili\u015fkilendiriliyor.<\/p>\n<p><strong>Aslanl\u0131 Bank<\/strong><\/p>\n<p><img loading=\"lazy\" decoding=\"async\" class=\"alignnone size-medium wp-image-5308\" src=\"https:\/\/www.yeryuzundebirkacadim.com\/wp-content\/uploads\/2023\/07\/IMG_20220503_121152-1024x768.jpg\" alt=\"\" width=\"1024\" height=\"768\" srcset=\"https:\/\/www.yeryuzundebirkacadim.com\/wp-content\/uploads\/2023\/07\/IMG_20220503_121152-1024x768.jpg 1024w, https:\/\/www.yeryuzundebirkacadim.com\/wp-content\/uploads\/2023\/07\/IMG_20220503_121152-768x576.jpg 768w, https:\/\/www.yeryuzundebirkacadim.com\/wp-content\/uploads\/2023\/07\/IMG_20220503_121152-2048x1536.jpg 2048w, https:\/\/www.yeryuzundebirkacadim.com\/wp-content\/uploads\/2023\/07\/IMG_20220503_121152-816x612.jpg 816w\" sizes=\"auto, (max-width: 1024px) 100vw, 1024px\" \/><\/p>\n<p><strong>4. <span class=\"\"><strong>P<\/strong>ena Ulusal Saray\u0131 (Renkli Saray)<\/span><\/strong><\/p>\n<p><img loading=\"lazy\" decoding=\"async\" class=\"alignnone size-medium wp-image-5333\" src=\"https:\/\/www.yeryuzundebirkacadim.com\/wp-content\/uploads\/2023\/07\/IMG_20220503_141807-1024x768.jpg\" alt=\"\" width=\"1024\" height=\"768\" srcset=\"https:\/\/www.yeryuzundebirkacadim.com\/wp-content\/uploads\/2023\/07\/IMG_20220503_141807-1024x768.jpg 1024w, https:\/\/www.yeryuzundebirkacadim.com\/wp-content\/uploads\/2023\/07\/IMG_20220503_141807-768x576.jpg 768w, https:\/\/www.yeryuzundebirkacadim.com\/wp-content\/uploads\/2023\/07\/IMG_20220503_141807-2048x1536.jpg 2048w, https:\/\/www.yeryuzundebirkacadim.com\/wp-content\/uploads\/2023\/07\/IMG_20220503_141807-816x612.jpg 816w\" sizes=\"auto, (max-width: 1024px) 100vw, 1024px\" \/><\/p>\n<p>Sintra da\u011flar\u0131n\u0131n en y\u00fcksek b\u00f6lgesinde, yemye\u015fil orman\u0131n i\u00e7inde konumlanm\u0131\u015f Pena Saray\u0131, 19. y\u00fczy\u0131l Romantizminin e\u015fsiz \u00f6rneklerinden biri.<\/p>\n<p>Saray; \u00e7e\u015fitli mimari tarzlar\u0131 bir arada bar\u0131nd\u0131rmas\u0131, capcanl\u0131 renkleri ve etraf\u0131ndaki parklar\u0131n i\u00e7inden ge\u00e7en masals\u0131 yollar\u0131 ile g\u00f6z al\u0131c\u0131 bir g\u00fczellikte.<\/p>\n<p>Portekiz&#8217;in 7 harikas\u0131ndan biri se\u00e7ilen \u00fclkedeki en dikkat \u00e7ekici saray, Avrupa&#8217;n\u0131n da en g\u00fczel saraylar\u0131ndan biri olarak kabul ediliyor.<\/p>\n<p><span class=\"\">Saray, Sintra Tepeleri&#8217;ndeki tac\u0131n m\u00fccevheri olarak tan\u0131mlan\u0131yor.<\/span><\/p>\n<p>G\u00f6letler, \u00e7e\u015fmeler, ma\u011faralar ile s\u00fcslenmi\u015f geni\u015f bir park i\u00e7inde bulunan saray\u0131n tarihi Pena Meryem Ana&#8217;ya adanm\u0131\u015f bir \u015fapelin bulundu\u011fu 12. y\u00fczy\u0131la kadar uzan\u0131yor.<\/p>\n<p>Kral I. Manuel 1503&#8217;te ayn\u0131 yerde daha sonra Hieronymite Tarikat\u0131na\u00a0 verilmek \u00fczere Pena Meryem Ana Kraliyet Manast\u0131r\u0131&#8217;n\u0131 in\u015fa ettirir.<\/p>\n<p>1755 Lizbon depreminde harap olmu\u015f ama yine de aktif olarak kullan\u0131lm\u0131\u015f.<\/p>\n<p>1834 y\u0131l\u0131nda tarikatlar\u0131n kald\u0131r\u0131lmas\u0131n\u0131n ard\u0131ndan terk edilmi\u015f.<\/p>\n<p>1836 y\u0131l\u0131nda kral olan II. Ferdinand \u00e7ok k\u00fclt\u00fcrl\u00fc, bir\u00e7ok yabanc\u0131 dil bilen, sanat\u00e7\u0131, koleksiyoncu, sanata sanat\u00e7\u0131ya sponsor olan bir Kral-Sanat\u00e7\u0131 idi.<\/p>\n<p>Eski binan\u0131n \u00fczerine yazl\u0131k bir konut yapma niyeti ile \u00e7\u0131kt\u0131\u011f\u0131 yolda buran\u0131n potansiyalini g\u00f6r\u00fcp b\u00fcy\u00fcs\u00fcne kap\u0131l\u0131yor. Baron Wilhelm Ludwig von Eschwege&#8217;den yard\u0131m al\u0131yor\u00a0 ve \u00e7al\u0131\u015fmay\u0131 b\u00fcy\u00fct\u00fcyor. Bir madenci ve m\u00fchendis olan Alman Ludwig; amat\u00f6r bir mimard\u0131. Bununla birlikte, Pena Saray\u0131&#8217;n\u0131 in\u015fa etmek i\u00e7in \u00e7ok seyahat etmi\u015f ve Almanya&#8217;daki ve d\u00fcnyan\u0131n ba\u015fka yerlerindeki kalelerinden ilham alm\u0131\u015f.<\/p>\n<p>Ferdinand\u2019\u0131n yarat\u0131c\u0131l\u0131\u011f\u0131, romantik hayal g\u00fcc\u00fc ve sanat\u00e7\u0131 ki\u015fili\u011fini yans\u0131tan saray\u0131n yap\u0131m\u0131na 1842 y\u0131l\u0131nda ba\u015flanm\u0131\u015f ve 5 y\u0131lda neredeyse tamamlanm\u0131\u015f.<\/p>\n<p>1910 devrimiyle Portekiz Monar\u015fisi kald\u0131r\u0131lm\u0131\u015f. \u00dclkenin son krali\u00e7esi olan Amelie s\u00fcrg\u00fcne g\u00f6nderilmi\u015f. Amelie, \u00fclkesini terk etmeden \u00f6nceki son gecesini burada ge\u00e7irmi\u015f.<\/p>\n<p>1910&#8217;da Cumhuriyetin ilan\u0131 ile saray &#8220;Ulusal An\u0131tlar&#8221; kategorisine al\u0131narak m\u00fczeye d\u00f6n\u00fc\u015ft\u00fcr\u00fclm\u00fc\u015f.<\/p>\n<p>Pena y\u0131llar i\u00e7inde renklerini kaybetmi\u015f ve uzun s\u00fcre gri renkte kalm\u0131\u015f. Ancak 20. y\u00fczy\u0131l\u0131n sonlar\u0131nda orijinal renklerine boyanm\u0131\u015f ve eski g\u00fczelli\u011fine kavu\u015fmu\u015f.<\/p>\n<p>UNESCO taraf\u0131ndan 1995&#8217;te D\u00fcnya Miras\u0131 listesine giriyor.<\/p>\n<p>Pena Park\u0131 ve Ulusal Saray\u0131, 2020 y\u0131l\u0131ndan itibaren \u201cAvrupa Konseyi K\u00fclt\u00fcr Rotalar\u0131\u201d kapsam\u0131ndaki \u201cAvrupa Tarihi Bah\u00e7eler Rotas\u0131\u201dna entegre edilmi\u015ftir. Konsey taraf\u0131ndan se\u00e7ilen 40 adet K\u00fclt\u00fcr Rotas\u0131 bulunmaktad\u0131r.<\/p>\n<p>Saray; Romantik, Gotik, Manueline, \u0130slam ve R\u00f6nesans mimarisinin ahenkli bir birlikteli\u011fine sahip.<\/p>\n<div class=\"text-editor\">\n<p>K\u0131rm\u0131z\u0131 ve sar\u0131 cephesi, b\u00fcy\u00fck bir ta\u015f merdiven, baz\u0131 mitolojik yarat\u0131klar, b\u00fcy\u00fck ve k\u00fc\u00e7\u00fck bir\u00e7ok kubbesi ile b\u00fcy\u00fcl\u00fc bir his veriyor.<\/p>\n<p>Evet peri masallar\u0131 b\u00f6yle saraylarda ya\u015fanm\u0131\u015f olmal\u0131.<\/p>\n<p><img loading=\"lazy\" decoding=\"async\" class=\"alignnone size-medium wp-image-5334\" src=\"https:\/\/www.yeryuzundebirkacadim.com\/wp-content\/uploads\/2023\/07\/DSC02892-1024x576.jpg\" alt=\"\" width=\"1024\" height=\"576\" srcset=\"https:\/\/www.yeryuzundebirkacadim.com\/wp-content\/uploads\/2023\/07\/DSC02892-1024x576.jpg 1024w, https:\/\/www.yeryuzundebirkacadim.com\/wp-content\/uploads\/2023\/07\/DSC02892-768x432.jpg 768w, https:\/\/www.yeryuzundebirkacadim.com\/wp-content\/uploads\/2023\/07\/DSC02892-2048x1152.jpg 2048w, https:\/\/www.yeryuzundebirkacadim.com\/wp-content\/uploads\/2023\/07\/DSC02892-816x459.jpg 816w\" sizes=\"auto, (max-width: 1024px) 100vw, 1024px\" \/><\/p>\n<\/div>\n<div><strong>Elhamra Kap\u0131s\u0131<\/strong><\/div>\n<div><\/div>\n<div><img loading=\"lazy\" decoding=\"async\" class=\"alignnone size-medium wp-image-5335\" src=\"https:\/\/www.yeryuzundebirkacadim.com\/wp-content\/uploads\/2023\/07\/IMG_20220503_141411-768x1024.jpg\" alt=\"\" width=\"768\" height=\"1024\" srcset=\"https:\/\/www.yeryuzundebirkacadim.com\/wp-content\/uploads\/2023\/07\/IMG_20220503_141411-768x1024.jpg 768w, https:\/\/www.yeryuzundebirkacadim.com\/wp-content\/uploads\/2023\/07\/IMG_20220503_141411-1536x2048.jpg 1536w, https:\/\/www.yeryuzundebirkacadim.com\/wp-content\/uploads\/2023\/07\/IMG_20220503_141411-749x999.jpg 749w\" sizes=\"auto, (max-width: 768px) 100vw, 768px\" \/><\/div>\n<div>\n<p>Kalenin giri\u015f kap\u0131s\u0131d\u0131r. Magribi etkisi ile yap\u0131lm\u0131\u015ft\u0131r. Kemerin ortas\u0131ndaki kilit ta\u015f\u0131 (\u0130slamik mimari \u00f6rne\u011fi) \u00fczerinde anahtar fig\u00fcr\u00fc bulunur. \u00c7inilerin aras\u0131na serpi\u015ftirilmi\u015f \u00fc\u00e7 g\u00fcl motifi de bulunmaktad\u0131r.<\/p>\n<p><strong>An\u0131tsal Giri\u015f Kap\u0131s\u0131<\/strong><\/p>\n<p><strong><img loading=\"lazy\" decoding=\"async\" class=\"alignnone size-medium wp-image-5337\" src=\"https:\/\/www.yeryuzundebirkacadim.com\/wp-content\/uploads\/2023\/07\/IMG_20220503_141449-1024x768.jpg\" alt=\"\" width=\"1024\" height=\"768\" srcset=\"https:\/\/www.yeryuzundebirkacadim.com\/wp-content\/uploads\/2023\/07\/IMG_20220503_141449-1024x768.jpg 1024w, https:\/\/www.yeryuzundebirkacadim.com\/wp-content\/uploads\/2023\/07\/IMG_20220503_141449-768x576.jpg 768w, https:\/\/www.yeryuzundebirkacadim.com\/wp-content\/uploads\/2023\/07\/IMG_20220503_141449-2048x1536.jpg 2048w, https:\/\/www.yeryuzundebirkacadim.com\/wp-content\/uploads\/2023\/07\/IMG_20220503_141449-816x612.jpg 816w\" sizes=\"auto, (max-width: 1024px) 100vw, 1024px\" \/><\/strong><\/p>\n<p>Cephe, Alfama&#8217;daki Casa dos Bicos&#8217;tan esinlenerek elmas \u015feklindeki ta\u015flarla yap\u0131lm\u0131\u015f.\u00a0 Kap\u0131n\u0131n \u00fczerindeki iki kule de Belem Kulesi kulelerine benzemektedir.<\/p>\n<p><strong>Triton Kap\u0131s\u0131<\/strong><\/p>\n<p><img loading=\"lazy\" decoding=\"async\" class=\"alignnone size-medium wp-image-5338\" src=\"https:\/\/www.yeryuzundebirkacadim.com\/wp-content\/uploads\/2023\/07\/IMG_20220503_153541-1024x577.jpg\" alt=\"\" width=\"1024\" height=\"577\" srcset=\"https:\/\/www.yeryuzundebirkacadim.com\/wp-content\/uploads\/2023\/07\/IMG_20220503_153541-1024x577.jpg 1024w, https:\/\/www.yeryuzundebirkacadim.com\/wp-content\/uploads\/2023\/07\/IMG_20220503_153541-768x433.jpg 768w, https:\/\/www.yeryuzundebirkacadim.com\/wp-content\/uploads\/2023\/07\/IMG_20220503_153541-2048x1154.jpg 2048w, https:\/\/www.yeryuzundebirkacadim.com\/wp-content\/uploads\/2023\/07\/IMG_20220503_153541-816x460.jpg 816w\" sizes=\"auto, (max-width: 1024px) 100vw, 1024px\" \/><\/p>\n<p>Triton Kap\u0131s\u0131, saray\u0131n d\u00f6rt bir yan\u0131nda rastlanan sembolizm unsurlar\u0131ndan biridir. Triton, Antik Yunan mitolojisinde bir deniz tanr\u0131s\u0131 ve Poseidon\u2019un o\u011fludur. G\u00f6vdesi; bir insan\u0131n \u00fcst k\u0131sm\u0131 ve bir bal\u0131\u011f\u0131n alt yar\u0131s\u0131ndan olu\u015fur. Ferdinand, yar\u0131 insan yar\u0131 bal\u0131k bir canavar olan ama her iki d\u00fcnyan\u0131n da bir par\u00e7as\u0131 olan Triton\u2019u dalgalar, mercanlar ve di\u011fer deniz sembolleri ile \u00e7evrili dev bir kabu\u011fun \u00fcst\u00fcne oturtmu\u015f ve Sintra\u2019y\u0131 simgeleyen sarma\u015f\u0131klar ve sembolik \u00f6gelerle kapl\u0131 bir a\u011fa\u00e7 g\u00f6vdesi ile birle\u015ftirmi\u015ftir.<\/p>\n<p><img loading=\"lazy\" decoding=\"async\" class=\"alignnone size-medium wp-image-5519\" src=\"https:\/\/www.yeryuzundebirkacadim.com\/wp-content\/uploads\/2023\/07\/IMG_20220503_153548-1024x577.jpg\" alt=\"\" width=\"1024\" height=\"577\" srcset=\"https:\/\/www.yeryuzundebirkacadim.com\/wp-content\/uploads\/2023\/07\/IMG_20220503_153548-1024x577.jpg 1024w, https:\/\/www.yeryuzundebirkacadim.com\/wp-content\/uploads\/2023\/07\/IMG_20220503_153548-768x432.jpg 768w, https:\/\/www.yeryuzundebirkacadim.com\/wp-content\/uploads\/2023\/07\/IMG_20220503_153548-1536x865.jpg 1536w, https:\/\/www.yeryuzundebirkacadim.com\/wp-content\/uploads\/2023\/07\/IMG_20220503_153548-816x459.jpg 816w, https:\/\/www.yeryuzundebirkacadim.com\/wp-content\/uploads\/2023\/07\/IMG_20220503_153548.jpg 1847w\" sizes=\"auto, (max-width: 1024px) 100vw, 1024px\" \/><\/p>\n<p>G\u00fc\u00e7 ve korku duygular\u0131n\u0131 \u00e7a\u011fr\u0131\u015ft\u0131rmakla birlikte belki de Ferdinand bu ge\u00e7idin, ziyaret\u00e7ilerinin ger\u00e7ek d\u00fcnyay\u0131 geride b\u0131rak\u0131p hayal d\u00fcnyas\u0131na ad\u0131m att\u0131\u011f\u0131 yer olmas\u0131n\u0131 istemi\u015ftir.<\/p>\n<p>Tabii unutmamak gerekir ki Portekizliler, denizci bir millet olarak su sembolizmini her zaman sanatsal k\u00fclt\u00fcrlerinin \u00f6nemli bir \u00f6\u011fesi olarak kullanm\u0131\u015ft\u0131r.<\/p>\n<\/div>\n<div>\n<p>Pena Saray\u0131&#8217;nda g\u00f6rd\u00fc\u011f\u00fcm\u00fcz k\u0131rm\u0131z\u0131 binalar manast\u0131r kal\u0131nt\u0131lar\u0131 \u00fczerine kurulmu\u015f &#8220;\u0130lk Saray&#8221;. Sar\u0131 binalar ise manast\u0131r restorasyonunun d\u0131\u015f\u0131na ta\u015fan &#8220;Yeni Saray&#8221; k\u0131s\u0131mlar\u0131.<\/p>\n<p><strong>\u015eapel (Manast\u0131r \u015eapeli)<\/strong><\/p>\n<p><img loading=\"lazy\" decoding=\"async\" class=\"alignnone size-medium wp-image-5339\" src=\"https:\/\/www.yeryuzundebirkacadim.com\/wp-content\/uploads\/2023\/07\/IMG_20220503_152641-1024x577.jpg\" alt=\"\" width=\"1024\" height=\"577\" srcset=\"https:\/\/www.yeryuzundebirkacadim.com\/wp-content\/uploads\/2023\/07\/IMG_20220503_152641-1024x577.jpg 1024w, https:\/\/www.yeryuzundebirkacadim.com\/wp-content\/uploads\/2023\/07\/IMG_20220503_152641-768x433.jpg 768w, https:\/\/www.yeryuzundebirkacadim.com\/wp-content\/uploads\/2023\/07\/IMG_20220503_152641-2048x1154.jpg 2048w, https:\/\/www.yeryuzundebirkacadim.com\/wp-content\/uploads\/2023\/07\/IMG_20220503_152641-816x460.jpg 816w\" sizes=\"auto, (max-width: 1024px) 100vw, 1024px\" \/><\/p>\n<p>Tepesinde k\u0131rm\u0131z\u0131 bir Saat Kulesi var. Buras\u0131 Lizbon&#8217;daki Belem Kulesi&#8217;nden ilham al\u0131narak yap\u0131lm\u0131\u015f.<\/p>\n<p>\u00d6n k\u0131sm\u0131nda da beyaz ve z\u00fcmr\u00fct ye\u015fili \u00e7inilerle s\u00fcslenmi\u015f bir \u00c7an Kulesi bulunuyor.<\/p>\n<p><img loading=\"lazy\" decoding=\"async\" class=\"alignnone size-medium wp-image-5340\" src=\"https:\/\/www.yeryuzundebirkacadim.com\/wp-content\/uploads\/2023\/07\/IMG_20220503_152933-1024x577.jpg\" alt=\"\" width=\"1024\" height=\"577\" srcset=\"https:\/\/www.yeryuzundebirkacadim.com\/wp-content\/uploads\/2023\/07\/IMG_20220503_152933-1024x577.jpg 1024w, https:\/\/www.yeryuzundebirkacadim.com\/wp-content\/uploads\/2023\/07\/IMG_20220503_152933-768x433.jpg 768w, https:\/\/www.yeryuzundebirkacadim.com\/wp-content\/uploads\/2023\/07\/IMG_20220503_152933-2048x1154.jpg 2048w, https:\/\/www.yeryuzundebirkacadim.com\/wp-content\/uploads\/2023\/07\/IMG_20220503_152933-816x460.jpg 816w\" sizes=\"auto, (max-width: 1024px) 100vw, 1024px\" \/><\/p>\n<p>Pena Saray\u0131&#8217;n\u0131n rengarenk, saray, orman ve Sintra manzaral\u0131 \u00e7ekici teraslar\u0131ndan kopam\u0131yoruz. En g\u00fczel manzaral\u0131 teras Krali\u00e7e Teras\u0131.<\/p>\n<p><img loading=\"lazy\" decoding=\"async\" class=\"alignnone size-medium wp-image-5341\" src=\"https:\/\/www.yeryuzundebirkacadim.com\/wp-content\/uploads\/2023\/07\/IMG_20220503_145729-1024x768.jpg\" alt=\"\" width=\"1024\" height=\"768\" srcset=\"https:\/\/www.yeryuzundebirkacadim.com\/wp-content\/uploads\/2023\/07\/IMG_20220503_145729-1024x768.jpg 1024w, https:\/\/www.yeryuzundebirkacadim.com\/wp-content\/uploads\/2023\/07\/IMG_20220503_145729-768x576.jpg 768w, https:\/\/www.yeryuzundebirkacadim.com\/wp-content\/uploads\/2023\/07\/IMG_20220503_145729-2048x1536.jpg 2048w, https:\/\/www.yeryuzundebirkacadim.com\/wp-content\/uploads\/2023\/07\/IMG_20220503_145729-816x612.jpg 816w\" sizes=\"auto, (max-width: 1024px) 100vw, 1024px\" \/><\/p>\n<p><img loading=\"lazy\" decoding=\"async\" class=\"alignnone size-medium wp-image-5352\" src=\"https:\/\/www.yeryuzundebirkacadim.com\/wp-content\/uploads\/2023\/07\/IMG_20220503_145342-768x1024.jpg\" alt=\"\" width=\"768\" height=\"1024\" srcset=\"https:\/\/www.yeryuzundebirkacadim.com\/wp-content\/uploads\/2023\/07\/IMG_20220503_145342-768x1024.jpg 768w, https:\/\/www.yeryuzundebirkacadim.com\/wp-content\/uploads\/2023\/07\/IMG_20220503_145342-1536x2048.jpg 1536w, https:\/\/www.yeryuzundebirkacadim.com\/wp-content\/uploads\/2023\/07\/IMG_20220503_145342-749x999.jpg 749w\" sizes=\"auto, (max-width: 768px) 100vw, 768px\" \/><\/p>\n<p>Saray\u0131n i\u00e7erisinde yer alan krali\u00e7e ve kral\u0131n odalar\u0131, hanedan salonlar\u0131, teraslar\u0131, \u00e7al\u0131\u015fma odalar\u0131, Arap salonu, \u015fapel, b\u00fcy\u00fck salon ve mutfak olduk\u00e7a g\u00fczel.<\/p>\n<p>Mozaikler ve fresklerle s\u00fcslenen i\u00e7 mekan \u00a0g\u00f6z al\u0131c\u0131.<\/p>\n<p><strong>Hieronymite Manast\u0131r\u0131\u00a0<\/strong><\/p>\n<p><img loading=\"lazy\" decoding=\"async\" class=\"alignnone size-medium wp-image-5342\" src=\"https:\/\/www.yeryuzundebirkacadim.com\/wp-content\/uploads\/2023\/07\/DSC02849-576x1024.jpg\" alt=\"\" width=\"576\" height=\"1024\" srcset=\"https:\/\/www.yeryuzundebirkacadim.com\/wp-content\/uploads\/2023\/07\/DSC02849-576x1024.jpg 576w, https:\/\/www.yeryuzundebirkacadim.com\/wp-content\/uploads\/2023\/07\/DSC02849-768x1365.jpg 768w, https:\/\/www.yeryuzundebirkacadim.com\/wp-content\/uploads\/2023\/07\/DSC02849-1152x2048.jpg 1152w, https:\/\/www.yeryuzundebirkacadim.com\/wp-content\/uploads\/2023\/07\/DSC02849-562x999.jpg 562w\" sizes=\"auto, (max-width: 576px) 100vw, 576px\" \/><\/p>\n<p>Saray\u0131n d\u0131\u015f\u0131 k\u0131rm\u0131z\u0131 boyal\u0131 k\u0131sm\u0131na girince Magribi tarz\u0131nda, duvarlar\u0131 \u00e7inilerle bezenmi\u015f k\u00fc\u00e7\u00fck bir avluya giriyoruz. Buras\u0131 eski manast\u0131r k\u0131sm\u0131n\u0131n restore edilerek yap\u0131ld\u0131\u011f\u0131 Eski Saray b\u00f6l\u00fcm\u00fc. Bay\u0131ld\u0131\u011f\u0131m End\u00fcl\u00fcs Mimarisi. \u0130ki katl\u0131 yap\u0131ya farkl\u0131 tarz mimari eklentiler yap\u0131lm\u0131\u015f.<\/p>\n<\/div>\n<p>Manast\u0131r avlusunun ortas\u0131nda, d\u00f6rt k\u00fc\u00e7\u00fck kaplumba\u011fa taraf\u0131ndan tutulan dev bir deniz kabu\u011fu oymas\u0131 var. A\u00e7\u0131k kabuk bir rahmi temsil ediyor. \u00c7\u00fcnk\u00fc bu k\u00fc\u00e7\u00fck sahne su alt\u0131 d\u00fcnyas\u0131n\u0131 do\u011furan bitkisel d\u00fcnyan\u0131n bir alegorisi. D\u00fcnyan\u0131n en ileri denizcilik ka\u015fiflerini do\u011furan zengin Portekiz Krallar\u0131 gibi.<\/p>\n<div>\n<p>\u0130ki katl\u0131 yap\u0131n\u0131n \u00fcst kat\u0131nda avlunun s\u00fctunlar\u0131n\u0131n \u00fcst\u00fcnde korkun\u00e7 y\u00fczler bulunuyor.<\/p>\n<p><img loading=\"lazy\" decoding=\"async\" class=\"alignnone size-medium wp-image-5351\" src=\"https:\/\/www.yeryuzundebirkacadim.com\/wp-content\/uploads\/2023\/07\/IMG_20220503_144335-1024x768.jpg\" alt=\"\" width=\"1024\" height=\"768\" srcset=\"https:\/\/www.yeryuzundebirkacadim.com\/wp-content\/uploads\/2023\/07\/IMG_20220503_144335-1024x768.jpg 1024w, https:\/\/www.yeryuzundebirkacadim.com\/wp-content\/uploads\/2023\/07\/IMG_20220503_144335-768x576.jpg 768w, https:\/\/www.yeryuzundebirkacadim.com\/wp-content\/uploads\/2023\/07\/IMG_20220503_144335-2048x1536.jpg 2048w, https:\/\/www.yeryuzundebirkacadim.com\/wp-content\/uploads\/2023\/07\/IMG_20220503_144335-816x612.jpg 816w\" sizes=\"auto, (max-width: 1024px) 100vw, 1024px\" \/><\/p>\n<p>\u00dcst kat &#8220;Asil Kat&#8221;. Tonozlu kemerli i\u00e7 balkona a\u00e7\u0131lan 14 oda bulunuyor. II. Ferdinand&#8217;\u0131n kulland\u0131\u011f\u0131 bu b\u00f6l\u00fcm daha sonra Krali\u00e7e Amelia taraf\u0131ndan kullan\u0131lm\u0131\u015f.<\/p>\n<p><img loading=\"lazy\" decoding=\"async\" class=\"alignnone size-medium wp-image-5520\" src=\"https:\/\/www.yeryuzundebirkacadim.com\/wp-content\/uploads\/2023\/07\/DSC02854-1024x576.jpg\" alt=\"\" width=\"1024\" height=\"576\" srcset=\"https:\/\/www.yeryuzundebirkacadim.com\/wp-content\/uploads\/2023\/07\/DSC02854-1024x576.jpg 1024w, https:\/\/www.yeryuzundebirkacadim.com\/wp-content\/uploads\/2023\/07\/DSC02854-2048x1152.jpg 2048w, https:\/\/www.yeryuzundebirkacadim.com\/wp-content\/uploads\/2023\/07\/DSC02854-768x432.jpg 768w, https:\/\/www.yeryuzundebirkacadim.com\/wp-content\/uploads\/2023\/07\/DSC02854-1536x864.jpg 1536w, https:\/\/www.yeryuzundebirkacadim.com\/wp-content\/uploads\/2023\/07\/DSC02854-816x459.jpg 816w\" sizes=\"auto, (max-width: 1024px) 100vw, 1024px\" \/><\/p>\n<p><strong>Yemek Odas\u0131<\/strong><\/p>\n<p><img loading=\"lazy\" decoding=\"async\" class=\"alignnone size-medium wp-image-5349\" src=\"https:\/\/www.yeryuzundebirkacadim.com\/wp-content\/uploads\/2023\/07\/IMG_20220503_143451-1024x577.jpg\" alt=\"\" width=\"1024\" height=\"577\" srcset=\"https:\/\/www.yeryuzundebirkacadim.com\/wp-content\/uploads\/2023\/07\/IMG_20220503_143451-1024x577.jpg 1024w, https:\/\/www.yeryuzundebirkacadim.com\/wp-content\/uploads\/2023\/07\/IMG_20220503_143451-768x433.jpg 768w, https:\/\/www.yeryuzundebirkacadim.com\/wp-content\/uploads\/2023\/07\/IMG_20220503_143451-2048x1154.jpg 2048w, https:\/\/www.yeryuzundebirkacadim.com\/wp-content\/uploads\/2023\/07\/IMG_20220503_143451-816x460.jpg 816w\" sizes=\"auto, (max-width: 1024px) 100vw, 1024px\" \/><\/p>\n<p>Yemek odas\u0131, girift nerv\u00fcrl\u00fc tonozlardan yap\u0131lm\u0131\u015f ve fayanslarla kapl\u0131 g\u00f6z al\u0131c\u0131 bir tavana sahiptir. Masa, sanki hala ziyaret\u00e7ilerini bekliyormu\u015f gibi kurulu bekliyor.<\/p>\n<p><strong>Kral Karlos&#8217;un Ofisi<\/strong><\/p>\n<p><img loading=\"lazy\" decoding=\"async\" class=\"alignnone size-medium wp-image-5346\" src=\"https:\/\/www.yeryuzundebirkacadim.com\/wp-content\/uploads\/2023\/07\/IMG_20220503_143732-1024x768.jpg\" alt=\"\" width=\"1024\" height=\"768\" srcset=\"https:\/\/www.yeryuzundebirkacadim.com\/wp-content\/uploads\/2023\/07\/IMG_20220503_143732-1024x768.jpg 1024w, https:\/\/www.yeryuzundebirkacadim.com\/wp-content\/uploads\/2023\/07\/IMG_20220503_143732-768x576.jpg 768w, https:\/\/www.yeryuzundebirkacadim.com\/wp-content\/uploads\/2023\/07\/IMG_20220503_143732-2048x1536.jpg 2048w, https:\/\/www.yeryuzundebirkacadim.com\/wp-content\/uploads\/2023\/07\/IMG_20220503_143732-816x612.jpg 816w\" sizes=\"auto, (max-width: 1024px) 100vw, 1024px\" \/><\/p>\n<p>Saray\u0131n dikkat \u00e7eken yerlerinden biri olan Kral Carlos\u2019un odas\u0131. Duvarlar\u0131nda, Kral Carlos\u2019un \u00e7izdi\u011fi d\u00fc\u015f\u00fcn\u00fclen \u201cPena Park\u0131\u2019nda Su Perileri ve Satirler\u201d adl\u0131 resim bulunuyor.<\/p>\n<p><img loading=\"lazy\" decoding=\"async\" class=\"alignnone size-medium wp-image-5347\" src=\"https:\/\/www.yeryuzundebirkacadim.com\/wp-content\/uploads\/2023\/07\/IMG_20220503_143646-1024x768.jpg\" alt=\"\" width=\"1024\" height=\"768\" srcset=\"https:\/\/www.yeryuzundebirkacadim.com\/wp-content\/uploads\/2023\/07\/IMG_20220503_143646-1024x768.jpg 1024w, https:\/\/www.yeryuzundebirkacadim.com\/wp-content\/uploads\/2023\/07\/IMG_20220503_143646-768x576.jpg 768w, https:\/\/www.yeryuzundebirkacadim.com\/wp-content\/uploads\/2023\/07\/IMG_20220503_143646-2048x1536.jpg 2048w, https:\/\/www.yeryuzundebirkacadim.com\/wp-content\/uploads\/2023\/07\/IMG_20220503_143646-816x612.jpg 816w\" sizes=\"auto, (max-width: 1024px) 100vw, 1024px\" \/><\/p>\n<p><strong>Kral Carlos&#8217;un Banyosu<\/strong><\/p>\n<\/div>\n<p>Pena Palace, ki\u015fisel hijyen i\u00e7in \u00f6zel olarak tasarlanm\u0131\u015f sanitasyon tesislerine sahip ilk kraliyet konutlar\u0131ndan biriydi.\u00a0Oda banyo olmas\u0131na ra\u011fmen yine de dekoratif s\u00fcslemelerle dolu. Yerler ve duvarlar ola\u011fan\u00fcst\u00fc seramiklerle kaplanm\u0131\u015f.<\/p>\n<p><img loading=\"lazy\" decoding=\"async\" class=\"alignnone size-medium wp-image-5353\" src=\"https:\/\/www.yeryuzundebirkacadim.com\/wp-content\/uploads\/2023\/07\/DSC02861-1024x576.jpg\" alt=\"\" width=\"1024\" height=\"576\" srcset=\"https:\/\/www.yeryuzundebirkacadim.com\/wp-content\/uploads\/2023\/07\/DSC02861-1024x576.jpg 1024w, https:\/\/www.yeryuzundebirkacadim.com\/wp-content\/uploads\/2023\/07\/DSC02861-768x432.jpg 768w, https:\/\/www.yeryuzundebirkacadim.com\/wp-content\/uploads\/2023\/07\/DSC02861-2048x1152.jpg 2048w, https:\/\/www.yeryuzundebirkacadim.com\/wp-content\/uploads\/2023\/07\/DSC02861-816x459.jpg 816w\" sizes=\"auto, (max-width: 1024px) 100vw, 1024px\" \/><\/p>\n<p><strong>Sigara Odas\u0131<\/strong><\/p>\n<p>Y\u0131llar \u00f6ncesinden b\u00f6yle bir yer ay\u0131rmalar\u0131 ne kadar incelik. Krallar evet ama di\u011fer odalarda sigara i\u00e7mediklerini farz ediyorum \ud83d\ude42<\/p>\n<p><img loading=\"lazy\" decoding=\"async\" class=\"alignnone size-medium wp-image-5350\" src=\"https:\/\/www.yeryuzundebirkacadim.com\/wp-content\/uploads\/2023\/07\/DSC02900-1024x576.jpg\" alt=\"\" width=\"1024\" height=\"576\" srcset=\"https:\/\/www.yeryuzundebirkacadim.com\/wp-content\/uploads\/2023\/07\/DSC02900-1024x576.jpg 1024w, https:\/\/www.yeryuzundebirkacadim.com\/wp-content\/uploads\/2023\/07\/DSC02900-768x432.jpg 768w, https:\/\/www.yeryuzundebirkacadim.com\/wp-content\/uploads\/2023\/07\/DSC02900-2048x1152.jpg 2048w, https:\/\/www.yeryuzundebirkacadim.com\/wp-content\/uploads\/2023\/07\/DSC02900-816x459.jpg 816w\" sizes=\"auto, (max-width: 1024px) 100vw, 1024px\" \/><\/p>\n<p><strong>B\u00fcy\u00fck Salon<\/strong><\/p>\n<p><img loading=\"lazy\" decoding=\"async\" class=\"alignnone size-medium wp-image-5348\" src=\"https:\/\/www.yeryuzundebirkacadim.com\/wp-content\/uploads\/2023\/07\/DSC02905-1024x576.jpg\" alt=\"\" width=\"1024\" height=\"576\" srcset=\"https:\/\/www.yeryuzundebirkacadim.com\/wp-content\/uploads\/2023\/07\/DSC02905-1024x576.jpg 1024w, https:\/\/www.yeryuzundebirkacadim.com\/wp-content\/uploads\/2023\/07\/DSC02905-768x432.jpg 768w, https:\/\/www.yeryuzundebirkacadim.com\/wp-content\/uploads\/2023\/07\/DSC02905-2048x1152.jpg 2048w, https:\/\/www.yeryuzundebirkacadim.com\/wp-content\/uploads\/2023\/07\/DSC02905-816x459.jpg 816w\" sizes=\"auto, (max-width: 1024px) 100vw, 1024px\" \/><\/p>\n<p>Gotik tarzda d\u00f6\u015fenmi\u015f salonda Osmanl\u0131 saray\u0131ndan da esinlenilmi\u015f. Odan\u0131n iki ucunda ellerinde me\u015fale tutan iki Osmanl\u0131 heykeli var.<\/p>\n<p>Saray\u0131n bu en b\u00fcy\u00fck odas\u0131 &#8220;Bilardo Odas\u0131&#8221; olarak da bilinir.\u00a0 Saray\u0131n e\u011flence ve sosyalle\u015fme alan\u0131 idi.<\/p>\n<div>\n<p><strong>Arap Kabul Odas\u0131<\/strong><\/p>\n<\/div>\n<div id=\"aswift_10_host\" tabindex=\"0\" title=\"Advertisement\" aria-label=\"Advertisement\">\n<p>Bu odaya uzaktan bak\u0131ld\u0131\u011f\u0131nda, duvarlar\u0131n d\u0131\u015far\u0131ya a\u00e7\u0131ld\u0131\u011f\u0131n\u0131 ve tavan\u0131n fevkalade oymal\u0131 oldu\u011fu d\u00fc\u015f\u00fcn\u00fclebilir. Ama asl\u0131nda, bunlar\u0131n hepsi &#8220;optik ill\u00fczyon&#8221;dur. Bu tekni\u011fe Frans\u0131zca &#8221; g\u00f6z aldatmak &#8221; anlam\u0131na gelen &#8220;<strong>Trompe-l&#8217; \u0153il<\/strong> &#8220;denir . \u00dc\u00e7 boyutlu g\u00f6z\u00fcken nesneler, burada boyadan ba\u015fka bir \u015fey kullan\u0131lmadan iki boyutlu farkl\u0131 bir perspektifte yarat\u0131lm\u0131\u015ft\u0131r. Tablolar, 1854 y\u0131l\u0131nda sayg\u0131n \u0130talyan senograf Paolo Pizzi taraf\u0131ndan yap\u0131lm\u0131\u015ft\u0131r. Oday\u0131 daha b\u00fcy\u00fck ve g\u00f6rkemli g\u00f6stermek i\u00e7in kullan\u0131lm\u0131\u015f bir tekniktir.<\/p>\n<\/div>\n<div>\n<p><img loading=\"lazy\" decoding=\"async\" class=\"alignnone size-medium wp-image-5343\" src=\"https:\/\/www.yeryuzundebirkacadim.com\/wp-content\/uploads\/2023\/07\/IMG_20220503_145118-768x1024.jpg\" alt=\"\" width=\"768\" height=\"1024\" srcset=\"https:\/\/www.yeryuzundebirkacadim.com\/wp-content\/uploads\/2023\/07\/IMG_20220503_145118-768x1024.jpg 768w, https:\/\/www.yeryuzundebirkacadim.com\/wp-content\/uploads\/2023\/07\/IMG_20220503_145118-1536x2048.jpg 1536w, https:\/\/www.yeryuzundebirkacadim.com\/wp-content\/uploads\/2023\/07\/IMG_20220503_145118-749x999.jpg 749w\" sizes=\"auto, (max-width: 768px) 100vw, 768px\" \/> <img loading=\"lazy\" decoding=\"async\" class=\"alignnone size-medium wp-image-5344\" src=\"https:\/\/www.yeryuzundebirkacadim.com\/wp-content\/uploads\/2023\/07\/IMG_20220503_145140-768x1024.jpg\" alt=\"\" width=\"768\" height=\"1024\" srcset=\"https:\/\/www.yeryuzundebirkacadim.com\/wp-content\/uploads\/2023\/07\/IMG_20220503_145140-768x1024.jpg 768w, https:\/\/www.yeryuzundebirkacadim.com\/wp-content\/uploads\/2023\/07\/IMG_20220503_145140-1536x2048.jpg 1536w, https:\/\/www.yeryuzundebirkacadim.com\/wp-content\/uploads\/2023\/07\/IMG_20220503_145140-749x999.jpg 749w\" sizes=\"auto, (max-width: 768px) 100vw, 768px\" \/><\/p>\n<p><strong>Mutfak<\/strong><\/p>\n<p><img loading=\"lazy\" decoding=\"async\" class=\"alignnone size-medium wp-image-5345\" src=\"https:\/\/www.yeryuzundebirkacadim.com\/wp-content\/uploads\/2023\/07\/IMG_20220503_151136-1024x768.jpg\" alt=\"\" width=\"1024\" height=\"768\" srcset=\"https:\/\/www.yeryuzundebirkacadim.com\/wp-content\/uploads\/2023\/07\/IMG_20220503_151136-1024x768.jpg 1024w, https:\/\/www.yeryuzundebirkacadim.com\/wp-content\/uploads\/2023\/07\/IMG_20220503_151136-768x576.jpg 768w, https:\/\/www.yeryuzundebirkacadim.com\/wp-content\/uploads\/2023\/07\/IMG_20220503_151136-2048x1536.jpg 2048w, https:\/\/www.yeryuzundebirkacadim.com\/wp-content\/uploads\/2023\/07\/IMG_20220503_151136-816x612.jpg 816w\" sizes=\"auto, (max-width: 1024px) 100vw, 1024px\" \/><\/p>\n<p><strong>5. Azenhas dos Mar K\u00f6y\u00fc<\/strong><\/p>\n<p>Saraylar\u0131 gezdikten sonra yine Sintra&#8217;ya ba\u011fl\u0131 Atlantik Okyanusu&#8217;na k\u0131y\u0131s\u0131 olan bu \u015firin k\u00f6ye geliyoruz. Biraz kuzeyde ve merkeze yakla\u015f\u0131k 15 dakika mesafede olan bu g\u00fczel manzaray\u0131 seyrediyoruz bir m\u00fcddet.<\/p>\n<p><img loading=\"lazy\" decoding=\"async\" class=\"alignnone size-medium wp-image-5354\" src=\"https:\/\/www.yeryuzundebirkacadim.com\/wp-content\/uploads\/2023\/07\/DSC02929-1024x576.jpg\" alt=\"\" width=\"1024\" height=\"576\" srcset=\"https:\/\/www.yeryuzundebirkacadim.com\/wp-content\/uploads\/2023\/07\/DSC02929-1024x576.jpg 1024w, https:\/\/www.yeryuzundebirkacadim.com\/wp-content\/uploads\/2023\/07\/DSC02929-768x432.jpg 768w, https:\/\/www.yeryuzundebirkacadim.com\/wp-content\/uploads\/2023\/07\/DSC02929-2048x1152.jpg 2048w, https:\/\/www.yeryuzundebirkacadim.com\/wp-content\/uploads\/2023\/07\/DSC02929-816x459.jpg 816w\" sizes=\"auto, (max-width: 1024px) 100vw, 1024px\" \/><\/p>\n<p><strong>6. Roka Burnu (Cabo dos Roca)<\/strong><\/p>\n<\/div>\n<p>Buralara kadar gelmi\u015fken Avrupa k\u0131tas\u0131n\u0131n bat\u0131daki en u\u00e7 noktas\u0131n\u0131 g\u00f6rmeden d\u00f6nemezdik.<\/p>\n<p>Avrupa k\u0131tas\u0131n\u0131n en bat\u0131 noktas\u0131n\u0131n an\u0131t\u0131 bulunuyor.<\/p>\n<p>Buras\u0131&#8230;<\/p>\n<p>D\u00fcnyan\u0131n bitti\u011fi yer<\/p>\n<p>Ve denizin ba\u015flad\u0131\u011f\u0131\u00a0 (Luiz Vaz de Camoes)<\/p>\n<p><img loading=\"lazy\" decoding=\"async\" class=\"alignnone size-medium wp-image-5356\" src=\"https:\/\/www.yeryuzundebirkacadim.com\/wp-content\/uploads\/2023\/07\/DSC02951-1024x576.jpg\" alt=\"\" width=\"1024\" height=\"576\" srcset=\"https:\/\/www.yeryuzundebirkacadim.com\/wp-content\/uploads\/2023\/07\/DSC02951-1024x576.jpg 1024w, https:\/\/www.yeryuzundebirkacadim.com\/wp-content\/uploads\/2023\/07\/DSC02951-768x432.jpg 768w, https:\/\/www.yeryuzundebirkacadim.com\/wp-content\/uploads\/2023\/07\/DSC02951-2048x1152.jpg 2048w, https:\/\/www.yeryuzundebirkacadim.com\/wp-content\/uploads\/2023\/07\/DSC02951-816x459.jpg 816w\" sizes=\"auto, (max-width: 1024px) 100vw, 1024px\" \/><\/p>\n<p>Bir de kayal\u0131klar \u00fczerine in\u015fa edilmi\u015f bir Deniz Feneri var.<\/p>\n<p><img loading=\"lazy\" decoding=\"async\" class=\"alignnone size-medium wp-image-5358\" src=\"https:\/\/www.yeryuzundebirkacadim.com\/wp-content\/uploads\/2023\/07\/DSC02947-1024x576.jpg\" alt=\"\" width=\"1024\" height=\"576\" srcset=\"https:\/\/www.yeryuzundebirkacadim.com\/wp-content\/uploads\/2023\/07\/DSC02947-1024x576.jpg 1024w, https:\/\/www.yeryuzundebirkacadim.com\/wp-content\/uploads\/2023\/07\/DSC02947-768x432.jpg 768w, https:\/\/www.yeryuzundebirkacadim.com\/wp-content\/uploads\/2023\/07\/DSC02947-2048x1152.jpg 2048w, https:\/\/www.yeryuzundebirkacadim.com\/wp-content\/uploads\/2023\/07\/DSC02947-816x459.jpg 816w\" sizes=\"auto, (max-width: 1024px) 100vw, 1024px\" \/><\/p>\n<p><strong>Cascais<\/strong><\/p>\n<p>K\u00fc\u00e7\u00fck bir sahil kasabas\u0131.\u00a0<span class=\"\">Tipik bir bal\u0131k\u00e7\u0131 k\u00f6y\u00fcyken 1870&#8217;de <\/span><span class=\"VIpgJd-yAWNEb-VIpgJd-fmcmS-sn54Q\">Kral Luis, yaz tatili i\u00e7in buraya tercih etmi\u015f. Bir zamanlar sessiz bir kasaba iken Mahkeme Kasabas\u0131 olarak bilinmeye ba\u015flam\u0131\u015f. <\/span>Kale valisinin konutu, mahkemenin kurulaca\u011f\u0131 bir kraliyet saray\u0131na d\u00f6n\u00fc\u015ft\u00fcr\u00fclm\u00fc\u015f.<\/p>\n<p>Kasaba, mahkemeyle birlikte kraliyet ailesini, soylular\u0131 ve aristokratlar\u0131 cezbetmi\u015f. B\u00f6ylece g\u00fczel villalar ve konaklar\u0131n in\u015fas\u0131yla k\u00f6y, cazip bir tatil kasabas\u0131na d\u00f6n\u00fc\u015fm\u00fc\u015f. Babas\u0131 gibi Kral Carlos da kasabay\u0131 \u00e7ok sevmi\u015f ve yaz tatillerini burada ge\u00e7irmi\u015f.<span class=\"\"> Cascais b\u00fcy\u00fcd\u00fck\u00e7e, kom\u015fu kasaba Estoril de nasibini alm\u0131\u015f. Burada da g\u00fczel binalar, oteller ve hatta bir kumarhane yap\u0131lm\u0131\u015f.<\/span><\/p>\n<p>Cascais, Ian Fleming\u2019in James Bond\u2019u yaratt\u0131\u011f\u0131 yer. O y\u00fczden 007 James Bond\u2019un do\u011fum yeri olarak da ge\u00e7iyor.<\/p>\n<p>\u00c7evreye bir g\u00f6z at\u0131yoruz. Bu arada ac\u0131kt\u0131k da. Deniz k\u0131y\u0131s\u0131nda Mar do \u0130nferno isimli g\u00fczel bir deniz restoran\u0131nda ak\u015fam yeme\u011fimizi yiyoruz.<\/p>\n<p><img loading=\"lazy\" decoding=\"async\" class=\"alignnone size-medium wp-image-5363\" src=\"https:\/\/www.yeryuzundebirkacadim.com\/wp-content\/uploads\/2023\/07\/IMG_20220503_190055-768x1024.jpg\" alt=\"\" width=\"768\" height=\"1024\" srcset=\"https:\/\/www.yeryuzundebirkacadim.com\/wp-content\/uploads\/2023\/07\/IMG_20220503_190055-768x1024.jpg 768w, https:\/\/www.yeryuzundebirkacadim.com\/wp-content\/uploads\/2023\/07\/IMG_20220503_190055-1536x2048.jpg 1536w, https:\/\/www.yeryuzundebirkacadim.com\/wp-content\/uploads\/2023\/07\/IMG_20220503_190055-749x999.jpg 749w\" sizes=\"auto, (max-width: 768px) 100vw, 768px\" \/><\/p>\n<p><strong>Estoril<\/strong><\/p>\n<p>Buras\u0131 da m\u00fcthi\u015f kumsallar\u0131yla \u00fcnl\u00fc bir \u015fehir.<\/p>\n<p>\u00dcnl\u00fc olmas\u0131n\u0131n bir di\u011fer sebebi ise Ian Fleming\u2019in James Bond serisindeki Casino Royale roman\u0131na esin kayna\u011f\u0131 olan Casinosu. Bu Casino ayn\u0131 zamanda Avrupa\u2019n\u0131n en b\u00fcy\u00fck casinosuymu\u015f.<\/p>\n<p><img loading=\"lazy\" decoding=\"async\" class=\"alignnone size-medium wp-image-5365\" src=\"https:\/\/www.yeryuzundebirkacadim.com\/wp-content\/uploads\/2023\/07\/IMG_20220503_193612-1024x768.jpg\" alt=\"\" width=\"1024\" height=\"768\" srcset=\"https:\/\/www.yeryuzundebirkacadim.com\/wp-content\/uploads\/2023\/07\/IMG_20220503_193612-1024x768.jpg 1024w, https:\/\/www.yeryuzundebirkacadim.com\/wp-content\/uploads\/2023\/07\/IMG_20220503_193612-768x576.jpg 768w, https:\/\/www.yeryuzundebirkacadim.com\/wp-content\/uploads\/2023\/07\/IMG_20220503_193612-2048x1536.jpg 2048w, https:\/\/www.yeryuzundebirkacadim.com\/wp-content\/uploads\/2023\/07\/IMG_20220503_193612-816x612.jpg 816w\" sizes=\"auto, (max-width: 1024px) 100vw, 1024px\" \/><\/p>\n<p>James Bond&#8217;un &#8220;Majestelerinin Gizli Servisi&#8221; filmi de ayr\u0131ca Casino\u2019nun yak\u0131n\u0131ndaki 5 y\u0131ld\u0131zl\u0131 Palacio Estoril Hotel&#8217;de \u00e7ekilmi\u015f.<\/p>\n<p><strong>Ha\u00e7 Kalesi (Forte da Cruz)<\/strong><\/p>\n<p><img loading=\"lazy\" decoding=\"async\" class=\"alignnone size-medium wp-image-5366\" src=\"https:\/\/www.yeryuzundebirkacadim.com\/wp-content\/uploads\/2023\/07\/IMG_20220503_194031-1024x768.jpg\" alt=\"\" width=\"1024\" height=\"768\" srcset=\"https:\/\/www.yeryuzundebirkacadim.com\/wp-content\/uploads\/2023\/07\/IMG_20220503_194031-1024x768.jpg 1024w, https:\/\/www.yeryuzundebirkacadim.com\/wp-content\/uploads\/2023\/07\/IMG_20220503_194031-768x576.jpg 768w, https:\/\/www.yeryuzundebirkacadim.com\/wp-content\/uploads\/2023\/07\/IMG_20220503_194031-2048x1536.jpg 2048w, https:\/\/www.yeryuzundebirkacadim.com\/wp-content\/uploads\/2023\/07\/IMG_20220503_194031-816x612.jpg 816w\" sizes=\"auto, (max-width: 1024px) 100vw, 1024px\" \/><\/p>\n<p>Estoril&#8217;de hemen Casino\u2019nun bah\u00e7esinin bitti\u011fi yerde, Tamariz plaj\u0131nda bir malikanedir. Eski kale, Brezilya ve \u0130spanya&#8217;da bak\u0131r madenlerinin sahibi olan b\u00fcy\u00fck sanayici Joao Martins de Barros taraf\u0131ndan sat\u0131n al\u0131n\u0131p restore edilmi\u015f.<\/p>\n<p>G\u00fcn\u00fcm\u00fczde Estoril&#8217;in simgelerinden biri olan malikane \u00f6zel davetler ve toplant\u0131larda kullan\u0131l\u0131yormu\u015f.<\/p>\n<p>Bug\u00fcnk\u00fc gezimizi tamamlay\u0131p Lizbon&#8217;a d\u00f6n\u00fcyoruz. Vefa yine nata yemek istiyor. Adres yine Cafe A Brasileira.<\/p>\n<p><img loading=\"lazy\" decoding=\"async\" class=\"alignnone size-medium wp-image-5368\" src=\"https:\/\/www.yeryuzundebirkacadim.com\/wp-content\/uploads\/2023\/07\/IMG_20220503_212706-1024x768.jpg\" alt=\"\" width=\"1024\" height=\"768\" srcset=\"https:\/\/www.yeryuzundebirkacadim.com\/wp-content\/uploads\/2023\/07\/IMG_20220503_212706-1024x768.jpg 1024w, https:\/\/www.yeryuzundebirkacadim.com\/wp-content\/uploads\/2023\/07\/IMG_20220503_212706-768x576.jpg 768w, https:\/\/www.yeryuzundebirkacadim.com\/wp-content\/uploads\/2023\/07\/IMG_20220503_212706-2048x1536.jpg 2048w, https:\/\/www.yeryuzundebirkacadim.com\/wp-content\/uploads\/2023\/07\/IMG_20220503_212706-816x612.jpg 816w\" sizes=\"auto, (max-width: 1024px) 100vw, 1024px\" \/><\/p>\n<p>Yar\u0131n Porto yolunda u\u011frayaca\u011f\u0131m\u0131z yerler var.<\/p>\n<p>&nbsp;<\/p>\n","protected":false},"excerpt":{"rendered":"<p>Sintra &#8211; Cascais &#8211; Estoril 3 May\u0131s 2022 Gezimizin Lizbon&#8217;daki 3. g\u00fcn\u00fcnde araba kiral\u0131yoruz ve Lizbon yak\u0131nlar\u0131na g\u00fcn\u00fcbirlik bir gezi yap\u0131yoruz. Bug\u00fcn program\u0131m\u0131zda Sintra &#8211; Roca Burnu &#8211; Azenhas do Mar &#8211; Cascais ve Estoril var. Sintra Lizbon&#8217;a 29 km mesafede.<\/p>\n","protected":false},"author":1,"featured_media":5521,"comment_status":"closed","ping_status":"closed","sticky":false,"template":"","format":"standard","meta":{"footnotes":""},"categories":[564,660],"tags":[655,656,645,651,653,648,650,654,649,652,646],"class_list":["post-4837","post","type-post","status-publish","format-standard","has-post-thumbnail","hentry","category-portekiz","category-sintra-cascais-estoril","tag-cascais","tag-estoril","tag-gezilecekyerler","tag-inisiyasyon-kuyusu","tag-pena-sarayi","tag-penasarayi","tag-regaleira","tag-roca","tag-sinta","tag-ters-kule","tag-yurtdisi"],"_links":{"self":[{"href":"https:\/\/www.yeryuzundebirkacadim.com\/index.php\/wp-json\/wp\/v2\/posts\/4837","targetHints":{"allow":["GET"]}}],"collection":[{"href":"https:\/\/www.yeryuzundebirkacadim.com\/index.php\/wp-json\/wp\/v2\/posts"}],"about":[{"href":"https:\/\/www.yeryuzundebirkacadim.com\/index.php\/wp-json\/wp\/v2\/types\/post"}],"author":[{"embeddable":true,"href":"https:\/\/www.yeryuzundebirkacadim.com\/index.php\/wp-json\/wp\/v2\/users\/1"}],"replies":[{"embeddable":true,"href":"https:\/\/www.yeryuzundebirkacadim.com\/index.php\/wp-json\/wp\/v2\/comments?post=4837"}],"version-history":[{"count":32,"href":"https:\/\/www.yeryuzundebirkacadim.com\/index.php\/wp-json\/wp\/v2\/posts\/4837\/revisions"}],"predecessor-version":[{"id":5525,"href":"https:\/\/www.yeryuzundebirkacadim.com\/index.php\/wp-json\/wp\/v2\/posts\/4837\/revisions\/5525"}],"wp:featuredmedia":[{"embeddable":true,"href":"https:\/\/www.yeryuzundebirkacadim.com\/index.php\/wp-json\/wp\/v2\/media\/5521"}],"wp:attachment":[{"href":"https:\/\/www.yeryuzundebirkacadim.com\/index.php\/wp-json\/wp\/v2\/media?parent=4837"}],"wp:term":[{"taxonomy":"category","embeddable":true,"href":"https:\/\/www.yeryuzundebirkacadim.com\/index.php\/wp-json\/wp\/v2\/categories?post=4837"},{"taxonomy":"post_tag","embeddable":true,"href":"https:\/\/www.yeryuzundebirkacadim.com\/index.php\/wp-json\/wp\/v2\/tags?post=4837"}],"curies":[{"name":"wp","href":"https:\/\/api.w.org\/{rel}","templated":true}]}}