


{"id":4834,"date":"2023-07-24T15:26:21","date_gmt":"2023-07-24T12:26:21","guid":{"rendered":"http:\/\/www.yeryuzundebirkacadim.com\/?p=4834"},"modified":"2024-08-19T13:55:58","modified_gmt":"2024-08-19T10:55:58","slug":"braga","status":"publish","type":"post","link":"https:\/\/www.yeryuzundebirkacadim.com\/index.php\/2023\/07\/24\/braga\/","title":{"rendered":"Braga &#8211; Guimares"},"content":{"rendered":"<h3><strong>Braga<\/strong><\/h3>\n<p>Portekiz&#8217;in en g\u00fczel \u015fehirlerinden Braga dini mimarinin yo\u011funlu\u011fu nedeniyle &#8220;Portekiz Roma&#8217;s\u0131&#8221; olarak bilinir.<\/p>\n<p>Tarihi binalar\u0131, kiliseleri, an\u0131tlar\u0131, bah\u00e7e ve \u00e7e\u015fmeleri ile g\u00f6z dolduran bir \u015fehirdir.<\/p>\n<p>Program yo\u011fun, ba\u015fl\u0131yoruz.<\/p>\n<p><!--more--><\/p>\n<p><strong>1. Braga Katedrali (Se Katedrali)<\/strong><\/p>\n<p><img loading=\"lazy\" decoding=\"async\" width=\"1024\" height=\"543\" class=\"wp-image-5425\" src=\"https:\/\/www.yeryuzundebirkacadim.com\/wp-content\/uploads\/2023\/07\/http-www-yeryuzundebirkacadim-com-wp-content-upl-45.jpeg\" alt=\"https:\/\/www.yeryuzundebirkacadim.com\/wp-content\/uploads\/2023\/07\/IMG_20220505_120330-1024x543.jpg\" srcset=\"https:\/\/www.yeryuzundebirkacadim.com\/wp-content\/uploads\/2023\/07\/http-www-yeryuzundebirkacadim-com-wp-content-upl-45.jpeg 1024w, https:\/\/www.yeryuzundebirkacadim.com\/wp-content\/uploads\/2023\/07\/http-www-yeryuzundebirkacadim-com-wp-content-upl-45-768x407.jpeg 768w, https:\/\/www.yeryuzundebirkacadim.com\/wp-content\/uploads\/2023\/07\/http-www-yeryuzundebirkacadim-com-wp-content-upl-45-816x433.jpeg 816w\" sizes=\"auto, (max-width: 1024px) 100vw, 1024px\" \/><\/p>\n<p>Portekiz&#8217;in en eskisi katedrali; Romanesk, Gotik, Manuelin ve Barok gibi mimari tarzlar\u0131n bir kar\u0131\u015f\u0131m\u0131d\u0131r.<\/p>\n<p>Braga Katedrali\u2019nin ge\u00e7mi\u015fi 1089 y\u0131l\u0131na kadar uzan\u0131yor. Eski bir Roma tap\u0131na\u011f\u0131n\u0131n kal\u0131nt\u0131lar\u0131 \u00fczerine in\u015fa edilen katedralin yap\u0131m\u0131 bir as\u0131r s\u00fcrm\u00fc\u015f. Daha sonraki zamanlarda de\u011fi\u015fik mimari tarzlarda restorasyonlar yap\u0131lm\u0131\u015f.<\/p>\n<p>Braga Ba\u015fpiskoposlu\u011funun merkezidir.<\/p>\n<p><img loading=\"lazy\" decoding=\"async\" width=\"1024\" height=\"768\" class=\"wp-image-5426\" src=\"https:\/\/www.yeryuzundebirkacadim.com\/wp-content\/uploads\/2023\/07\/http-www-yeryuzundebirkacadim-com-wp-content-upl-46.jpeg\" alt=\"https:\/\/www.yeryuzundebirkacadim.com\/wp-content\/uploads\/2023\/07\/IMG_20220505_101449-1024x768.jpg\" srcset=\"https:\/\/www.yeryuzundebirkacadim.com\/wp-content\/uploads\/2023\/07\/http-www-yeryuzundebirkacadim-com-wp-content-upl-46.jpeg 1024w, https:\/\/www.yeryuzundebirkacadim.com\/wp-content\/uploads\/2023\/07\/http-www-yeryuzundebirkacadim-com-wp-content-upl-46-768x576.jpeg 768w, https:\/\/www.yeryuzundebirkacadim.com\/wp-content\/uploads\/2023\/07\/http-www-yeryuzundebirkacadim-com-wp-content-upl-46-816x612.jpeg 816w\" sizes=\"auto, (max-width: 1024px) 100vw, 1024px\" \/> <img loading=\"lazy\" decoding=\"async\" width=\"762\" height=\"1024\" class=\"wp-image-5427\" src=\"https:\/\/www.yeryuzundebirkacadim.com\/wp-content\/uploads\/2023\/07\/http-www-yeryuzundebirkacadim-com-wp-content-upl-47.jpeg\" alt=\"https:\/\/www.yeryuzundebirkacadim.com\/wp-content\/uploads\/2023\/07\/IMG_20220505_101524-762x1024.jpg\" srcset=\"https:\/\/www.yeryuzundebirkacadim.com\/wp-content\/uploads\/2023\/07\/http-www-yeryuzundebirkacadim-com-wp-content-upl-47.jpeg 762w, https:\/\/www.yeryuzundebirkacadim.com\/wp-content\/uploads\/2023\/07\/http-www-yeryuzundebirkacadim-com-wp-content-upl-47-743x999.jpeg 743w\" sizes=\"auto, (max-width: 762px) 100vw, 762px\" \/><\/p>\n<p>Portekiz&#8217;in ilk kral\u0131n\u0131n ebeveynleri Krallar \u015eapeli&#8217;ne g\u00f6m\u00fclm\u00fc\u015f.<\/p>\n<p>\u00d6zellikle ilgi \u00e7ekici olan, koro tezgahlar\u0131 ve 18. y\u00fczy\u0131l\u0131n ba\u015flar\u0131nda yap\u0131lan, neften ba\u015f\u0131n\u0131z\u0131n \u00fczerinden g\u00f6r\u00fclebilen \u00fcst koro, an\u0131tsal org ve abart\u0131l\u0131 yald\u0131zl\u0131 ah\u015fap oymac\u0131l\u0131\u011f\u0131d\u0131r.<\/p>\n<p>Nef, ana \u015fapel ve sunak<\/p>\n<p><img loading=\"lazy\" decoding=\"async\" width=\"1024\" height=\"761\" class=\"wp-image-5428\" src=\"https:\/\/www.yeryuzundebirkacadim.com\/wp-content\/uploads\/2023\/07\/http-www-yeryuzundebirkacadim-com-wp-content-upl-48.jpeg\" alt=\"https:\/\/www.yeryuzundebirkacadim.com\/wp-content\/uploads\/2023\/07\/IMG_20220505_101954-1024x761.jpg\" srcset=\"https:\/\/www.yeryuzundebirkacadim.com\/wp-content\/uploads\/2023\/07\/http-www-yeryuzundebirkacadim-com-wp-content-upl-48.jpeg 1024w, https:\/\/www.yeryuzundebirkacadim.com\/wp-content\/uploads\/2023\/07\/http-www-yeryuzundebirkacadim-com-wp-content-upl-48-768x571.jpeg 768w, https:\/\/www.yeryuzundebirkacadim.com\/wp-content\/uploads\/2023\/07\/http-www-yeryuzundebirkacadim-com-wp-content-upl-48-816x606.jpeg 816w\" sizes=\"auto, (max-width: 1024px) 100vw, 1024px\" \/><\/p>\n<p>Yan sunak<\/p>\n<p><img loading=\"lazy\" decoding=\"async\" width=\"1024\" height=\"768\" class=\"wp-image-5430\" src=\"https:\/\/www.yeryuzundebirkacadim.com\/wp-content\/uploads\/2023\/07\/http-www-yeryuzundebirkacadim-com-wp-content-upl-50.jpeg\" alt=\"https:\/\/www.yeryuzundebirkacadim.com\/wp-content\/uploads\/2023\/07\/IMG_20220505_102034-1024x768.jpg\" srcset=\"https:\/\/www.yeryuzundebirkacadim.com\/wp-content\/uploads\/2023\/07\/http-www-yeryuzundebirkacadim-com-wp-content-upl-50.jpeg 1024w, https:\/\/www.yeryuzundebirkacadim.com\/wp-content\/uploads\/2023\/07\/http-www-yeryuzundebirkacadim-com-wp-content-upl-50-768x576.jpeg 768w, https:\/\/www.yeryuzundebirkacadim.com\/wp-content\/uploads\/2023\/07\/http-www-yeryuzundebirkacadim-com-wp-content-upl-50-816x612.jpeg 816w\" sizes=\"auto, (max-width: 1024px) 100vw, 1024px\" \/><\/p>\n<p><img loading=\"lazy\" decoding=\"async\" width=\"1024\" height=\"576\" class=\"wp-image-5431\" src=\"https:\/\/www.yeryuzundebirkacadim.com\/wp-content\/uploads\/2023\/07\/http-www-yeryuzundebirkacadim-com-wp-content-upl-51.jpeg\" alt=\"https:\/\/www.yeryuzundebirkacadim.com\/wp-content\/uploads\/2023\/07\/DSC03177-1024x576.jpg\" srcset=\"https:\/\/www.yeryuzundebirkacadim.com\/wp-content\/uploads\/2023\/07\/http-www-yeryuzundebirkacadim-com-wp-content-upl-51.jpeg 1024w, https:\/\/www.yeryuzundebirkacadim.com\/wp-content\/uploads\/2023\/07\/http-www-yeryuzundebirkacadim-com-wp-content-upl-51-768x432.jpeg 768w, https:\/\/www.yeryuzundebirkacadim.com\/wp-content\/uploads\/2023\/07\/http-www-yeryuzundebirkacadim-com-wp-content-upl-51-816x459.jpeg 816w\" sizes=\"auto, (max-width: 1024px) 100vw, 1024px\" \/><\/p>\n<p>Ba\u015fpiskopos D. Diago de Sousa&#8217;n\u0131n mezar\u0131<\/p>\n<p><img loading=\"lazy\" decoding=\"async\" class=\"alignnone size-medium wp-image-5534\" src=\"https:\/\/www.yeryuzundebirkacadim.com\/wp-content\/uploads\/2023\/07\/DSC03157-1024x576.jpg\" alt=\"\" width=\"1024\" height=\"576\" srcset=\"https:\/\/www.yeryuzundebirkacadim.com\/wp-content\/uploads\/2023\/07\/DSC03157-1024x576.jpg 1024w, https:\/\/www.yeryuzundebirkacadim.com\/wp-content\/uploads\/2023\/07\/DSC03157-768x432.jpg 768w, https:\/\/www.yeryuzundebirkacadim.com\/wp-content\/uploads\/2023\/07\/DSC03157-1536x864.jpg 1536w, https:\/\/www.yeryuzundebirkacadim.com\/wp-content\/uploads\/2023\/07\/DSC03157-816x459.jpg 816w, https:\/\/www.yeryuzundebirkacadim.com\/wp-content\/uploads\/2023\/07\/DSC03157.jpg 1800w\" sizes=\"auto, (max-width: 1024px) 100vw, 1024px\" \/><\/p>\n<p><strong>2. Yeni Kap\u0131 Kemeri (Porta Nova Kemeri)<\/strong><\/p>\n<p><img loading=\"lazy\" decoding=\"async\" width=\"1024\" height=\"755\" class=\"wp-image-5432\" src=\"https:\/\/www.yeryuzundebirkacadim.com\/wp-content\/uploads\/2023\/07\/http-www-yeryuzundebirkacadim-com-wp-content-upl-52.jpeg\" alt=\"https:\/\/www.yeryuzundebirkacadim.com\/wp-content\/uploads\/2023\/07\/IMG_20220505_103607-1024x755.jpg\" srcset=\"https:\/\/www.yeryuzundebirkacadim.com\/wp-content\/uploads\/2023\/07\/http-www-yeryuzundebirkacadim-com-wp-content-upl-52.jpeg 1024w, https:\/\/www.yeryuzundebirkacadim.com\/wp-content\/uploads\/2023\/07\/http-www-yeryuzundebirkacadim-com-wp-content-upl-52-768x566.jpeg 768w, https:\/\/www.yeryuzundebirkacadim.com\/wp-content\/uploads\/2023\/07\/http-www-yeryuzundebirkacadim-com-wp-content-upl-52-816x602.jpeg 816w\" sizes=\"auto, (max-width: 1024px) 100vw, 1024px\" \/><\/p>\n<p>\u015eehrin bat\u0131s\u0131nda yer alan\u00a018. y\u00fczy\u0131ldan kalma kemer, Braga \u015fehrinin ana giri\u015fir. Kemer \u00fczerinde Ba\u015fpiskopos Jose de Bragan\u00e7a&#8217;n\u0131n kalkan\u0131 g\u00f6r\u00fcl\u00fcyor.<\/p>\n<p><strong>Belediye Binas\u0131, Belediye Meydan\u0131<\/strong> ve meydan\u0131n g\u00fczel <strong>\u00e7e\u015fme<\/strong>sinin \u00f6n\u00fcnden ge\u00e7iyoruz.<\/p>\n<p><img loading=\"lazy\" decoding=\"async\" width=\"1024\" height=\"768\" class=\"wp-image-5433\" src=\"https:\/\/www.yeryuzundebirkacadim.com\/wp-content\/uploads\/2023\/07\/http-www-yeryuzundebirkacadim-com-wp-content-upl-53.jpeg\" alt=\"https:\/\/www.yeryuzundebirkacadim.com\/wp-content\/uploads\/2023\/07\/IMG_20220505_104129-1024x768.jpg\" srcset=\"https:\/\/www.yeryuzundebirkacadim.com\/wp-content\/uploads\/2023\/07\/http-www-yeryuzundebirkacadim-com-wp-content-upl-53.jpeg 1024w, https:\/\/www.yeryuzundebirkacadim.com\/wp-content\/uploads\/2023\/07\/http-www-yeryuzundebirkacadim-com-wp-content-upl-53-768x576.jpeg 768w, https:\/\/www.yeryuzundebirkacadim.com\/wp-content\/uploads\/2023\/07\/http-www-yeryuzundebirkacadim-com-wp-content-upl-53-816x612.jpeg 816w\" sizes=\"auto, (max-width: 1024px) 100vw, 1024px\" \/><\/p>\n<p>\u00c7e\u015fmeden ayr\u0131nt\u0131.<\/p>\n<p><img loading=\"lazy\" decoding=\"async\" width=\"1024\" height=\"576\" class=\"wp-image-5434\" src=\"https:\/\/www.yeryuzundebirkacadim.com\/wp-content\/uploads\/2023\/07\/http-www-yeryuzundebirkacadim-com-wp-content-upl-54.jpeg\" alt=\"https:\/\/www.yeryuzundebirkacadim.com\/wp-content\/uploads\/2023\/07\/DSC03194-1024x576.jpg\" srcset=\"https:\/\/www.yeryuzundebirkacadim.com\/wp-content\/uploads\/2023\/07\/http-www-yeryuzundebirkacadim-com-wp-content-upl-54.jpeg 1024w, https:\/\/www.yeryuzundebirkacadim.com\/wp-content\/uploads\/2023\/07\/http-www-yeryuzundebirkacadim-com-wp-content-upl-54-768x432.jpeg 768w, https:\/\/www.yeryuzundebirkacadim.com\/wp-content\/uploads\/2023\/07\/http-www-yeryuzundebirkacadim-com-wp-content-upl-54-816x459.jpeg 816w\" sizes=\"auto, (max-width: 1024px) 100vw, 1024px\" \/><\/p>\n<p><strong>3. Ba\u015fpiskoposluk Saray\u0131<\/strong><\/p>\n<p><img loading=\"lazy\" decoding=\"async\" width=\"1024\" height=\"768\" class=\"wp-image-5435\" src=\"https:\/\/www.yeryuzundebirkacadim.com\/wp-content\/uploads\/2023\/07\/http-www-yeryuzundebirkacadim-com-wp-content-upl-55.jpeg\" alt=\"https:\/\/www.yeryuzundebirkacadim.com\/wp-content\/uploads\/2023\/07\/IMG_20220505_104435-1024x768.jpg\" srcset=\"https:\/\/www.yeryuzundebirkacadim.com\/wp-content\/uploads\/2023\/07\/http-www-yeryuzundebirkacadim-com-wp-content-upl-55.jpeg 1024w, https:\/\/www.yeryuzundebirkacadim.com\/wp-content\/uploads\/2023\/07\/http-www-yeryuzundebirkacadim-com-wp-content-upl-55-768x576.jpeg 768w, https:\/\/www.yeryuzundebirkacadim.com\/wp-content\/uploads\/2023\/07\/http-www-yeryuzundebirkacadim-com-wp-content-upl-55-816x612.jpeg 816w\" sizes=\"auto, (max-width: 1024px) 100vw, 1024px\" \/><\/p>\n<p>Belediye Binas\u0131 ve Santa Barbara bah\u00e7eleri aras\u0131nda, Braga&#8217;n\u0131n en \u00f6nemli tarihi binalar\u0131ndan biri olan Ba\u015fpiskoposluk Saray\u0131 (Mahkemesi) bulunuyor.<\/p>\n<p>Saray, farkl\u0131 d\u00f6nemlerden kalma, birbiriyle ba\u011flant\u0131l\u0131 \u00fc\u00e7 binadan olu\u015fuyor. Yap\u0131l\u0131\u015f zamanlar\u0131na g\u00f6re 3 farkl\u0131 mimari tarzdan olu\u015fuyor. Gotik, R\u00f6nesans ve Barok. Saray \u015fimdi Minho \u00dcniversitesi&#8217;nin ofisleri, 1975&#8217;te yine \u00fcniversiteye ba\u011flanan eski halk k\u00fct\u00fcphanesi ve yerel ar\u015fivler olarak hizmet veriyor.<\/p>\n<p><strong>4. Santa Barbara Bah\u00e7esi (Jardim Santa Barbara)<\/strong><\/p>\n<p><img loading=\"lazy\" decoding=\"async\" width=\"1024\" height=\"768\" class=\"wp-image-5436\" src=\"https:\/\/www.yeryuzundebirkacadim.com\/wp-content\/uploads\/2023\/07\/http-www-yeryuzundebirkacadim-com-wp-content-upl-56.jpeg\" alt=\"https:\/\/www.yeryuzundebirkacadim.com\/wp-content\/uploads\/2023\/07\/IMG_20220505_104705-1024x768.jpg\" srcset=\"https:\/\/www.yeryuzundebirkacadim.com\/wp-content\/uploads\/2023\/07\/http-www-yeryuzundebirkacadim-com-wp-content-upl-56.jpeg 1024w, https:\/\/www.yeryuzundebirkacadim.com\/wp-content\/uploads\/2023\/07\/http-www-yeryuzundebirkacadim-com-wp-content-upl-56-768x576.jpeg 768w, https:\/\/www.yeryuzundebirkacadim.com\/wp-content\/uploads\/2023\/07\/http-www-yeryuzundebirkacadim-com-wp-content-upl-56-816x612.jpeg 816w\" sizes=\"auto, (max-width: 1024px) 100vw, 1024px\" \/><\/p>\n<p>\u015eehir i\u00e7inde yer alan bu g\u00fczel bah\u00e7elerin arkas\u0131ndaki fon Ba\u015fpiskoposluk Saray\u0131&#8217;n\u0131n en eski do\u011fu kanad\u0131na aittir. Gotik mimarideki b\u00f6l\u00fcm\u00fcn kemerleri de bah\u00e7eye e\u015flik ediyor.<\/p>\n<p><strong>5. Populo Kilisesi<\/strong><\/p>\n<p><img loading=\"lazy\" decoding=\"async\" width=\"1024\" height=\"768\" class=\"wp-image-5437\" src=\"https:\/\/www.yeryuzundebirkacadim.com\/wp-content\/uploads\/2023\/07\/http-www-yeryuzundebirkacadim-com-wp-content-upl-57.jpeg\" alt=\"https:\/\/www.yeryuzundebirkacadim.com\/wp-content\/uploads\/2023\/07\/IMG_20220505_110208-1024x768.jpg\" srcset=\"https:\/\/www.yeryuzundebirkacadim.com\/wp-content\/uploads\/2023\/07\/http-www-yeryuzundebirkacadim-com-wp-content-upl-57.jpeg 1024w, https:\/\/www.yeryuzundebirkacadim.com\/wp-content\/uploads\/2023\/07\/http-www-yeryuzundebirkacadim-com-wp-content-upl-57-768x576.jpeg 768w, https:\/\/www.yeryuzundebirkacadim.com\/wp-content\/uploads\/2023\/07\/http-www-yeryuzundebirkacadim-com-wp-content-upl-57-816x612.jpeg 816w\" sizes=\"auto, (max-width: 1024px) 100vw, 1024px\" \/><\/p>\n<p>16. y\u00fczy\u0131ldan kalma Populo Kilisesi, Ba\u015fpiskopos Karde\u015f Agostinho de Jesus&#8217;un mezar an\u0131t\u0131 olarak kendi emriyle in\u015fa edildi. 1609&#8217;da vefat etti. Mezar\u0131 ana \u015fapelde bulunan ah\u015fap bir mezara nakledildi.<\/p>\n<p><img loading=\"lazy\" decoding=\"async\" width=\"1024\" height=\"576\" class=\"wp-image-5438\" src=\"https:\/\/www.yeryuzundebirkacadim.com\/wp-content\/uploads\/2023\/07\/http-www-yeryuzundebirkacadim-com-wp-content-upl-58.jpeg\" alt=\"https:\/\/www.yeryuzundebirkacadim.com\/wp-content\/uploads\/2023\/07\/DSC03205-1024x576.jpg\" srcset=\"https:\/\/www.yeryuzundebirkacadim.com\/wp-content\/uploads\/2023\/07\/http-www-yeryuzundebirkacadim-com-wp-content-upl-58.jpeg 1024w, https:\/\/www.yeryuzundebirkacadim.com\/wp-content\/uploads\/2023\/07\/http-www-yeryuzundebirkacadim-com-wp-content-upl-58-768x432.jpeg 768w, https:\/\/www.yeryuzundebirkacadim.com\/wp-content\/uploads\/2023\/07\/http-www-yeryuzundebirkacadim-com-wp-content-upl-58-816x459.jpeg 816w\" sizes=\"auto, (max-width: 1024px) 100vw, 1024px\" \/><\/p>\n<p>Kilise, Roma&#8217;daki Populo Aziz Meryem Kilisesi&#8217;nden sonra Bakire&#8217;ye adanm\u0131\u015f.<\/p>\n<p>\u0130\u00e7 duvarlar\u0131n\u0131 s\u00fcsleyen mavi \u00e7inilerin yaratt\u0131\u011f\u0131 g\u00f6r\u00fcn\u00fcm hayranl\u0131k verici.<\/p>\n<p><img loading=\"lazy\" decoding=\"async\" width=\"1024\" height=\"768\" class=\"wp-image-5439\" src=\"https:\/\/www.yeryuzundebirkacadim.com\/wp-content\/uploads\/2023\/07\/http-www-yeryuzundebirkacadim-com-wp-content-upl-59.jpeg\" alt=\"https:\/\/www.yeryuzundebirkacadim.com\/wp-content\/uploads\/2023\/07\/IMG_20220505_110730-1024x768.jpg\" srcset=\"https:\/\/www.yeryuzundebirkacadim.com\/wp-content\/uploads\/2023\/07\/http-www-yeryuzundebirkacadim-com-wp-content-upl-59.jpeg 1024w, https:\/\/www.yeryuzundebirkacadim.com\/wp-content\/uploads\/2023\/07\/http-www-yeryuzundebirkacadim-com-wp-content-upl-59-768x576.jpeg 768w, https:\/\/www.yeryuzundebirkacadim.com\/wp-content\/uploads\/2023\/07\/http-www-yeryuzundebirkacadim-com-wp-content-upl-59-816x612.jpeg 816w\" sizes=\"auto, (max-width: 1024px) 100vw, 1024px\" \/><\/p>\n<p>Braga sokaklar\u0131<\/p>\n<p><img loading=\"lazy\" decoding=\"async\" width=\"1024\" height=\"768\" class=\"wp-image-5440\" src=\"https:\/\/www.yeryuzundebirkacadim.com\/wp-content\/uploads\/2023\/07\/http-www-yeryuzundebirkacadim-com-wp-content-upl-60.jpeg\" alt=\"https:\/\/www.yeryuzundebirkacadim.com\/wp-content\/uploads\/2023\/07\/IMG_20220505_112411-1024x768.jpg\" srcset=\"https:\/\/www.yeryuzundebirkacadim.com\/wp-content\/uploads\/2023\/07\/http-www-yeryuzundebirkacadim-com-wp-content-upl-60.jpeg 1024w, https:\/\/www.yeryuzundebirkacadim.com\/wp-content\/uploads\/2023\/07\/http-www-yeryuzundebirkacadim-com-wp-content-upl-60-768x576.jpeg 768w, https:\/\/www.yeryuzundebirkacadim.com\/wp-content\/uploads\/2023\/07\/http-www-yeryuzundebirkacadim-com-wp-content-upl-60-816x612.jpeg 816w\" sizes=\"auto, (max-width: 1024px) 100vw, 1024px\" \/><\/p>\n<p><strong>6. Ge\u00e7it Evi (Casa Passadi\u00e7o)<\/strong><\/p>\n<p><img loading=\"lazy\" decoding=\"async\" width=\"1024\" height=\"768\" class=\"wp-image-5441\" src=\"https:\/\/www.yeryuzundebirkacadim.com\/wp-content\/uploads\/2023\/07\/http-www-yeryuzundebirkacadim-com-wp-content-upl-61.jpeg\" alt=\"https:\/\/www.yeryuzundebirkacadim.com\/wp-content\/uploads\/2023\/07\/IMG_20220505_112508-1024x768.jpg\" srcset=\"https:\/\/www.yeryuzundebirkacadim.com\/wp-content\/uploads\/2023\/07\/http-www-yeryuzundebirkacadim-com-wp-content-upl-61.jpeg 1024w, https:\/\/www.yeryuzundebirkacadim.com\/wp-content\/uploads\/2023\/07\/http-www-yeryuzundebirkacadim-com-wp-content-upl-61-768x576.jpeg 768w, https:\/\/www.yeryuzundebirkacadim.com\/wp-content\/uploads\/2023\/07\/http-www-yeryuzundebirkacadim-com-wp-content-upl-61-816x612.jpeg 816w\" sizes=\"auto, (max-width: 1024px) 100vw, 1024px\" \/><\/p>\n<p>\u0130ki katl\u0131 k\u00fc\u00e7\u00fck, \u015firin bir malikane. Yolumuzun \u00fczerindeydi ve hemen foto\u011fraflad\u0131k.<\/p>\n<p>Daha \u00f6nce burada halka a\u00e7\u0131k bir yol oldu\u011fu i\u00e7in bu isim verilmi\u015f.<\/p>\n<p>Kar\u015f\u0131s\u0131ndaki k\u00fc\u00e7\u00fck meydanda <strong>Francisco Sanches Heykeli.<\/strong><\/p>\n<p><img loading=\"lazy\" decoding=\"async\" width=\"1024\" height=\"768\" class=\"wp-image-5442\" src=\"https:\/\/www.yeryuzundebirkacadim.com\/wp-content\/uploads\/2023\/07\/http-www-yeryuzundebirkacadim-com-wp-content-upl-62.jpeg\" alt=\"https:\/\/www.yeryuzundebirkacadim.com\/wp-content\/uploads\/2023\/07\/IMG_20220505_112542-1024x768.jpg\" srcset=\"https:\/\/www.yeryuzundebirkacadim.com\/wp-content\/uploads\/2023\/07\/http-www-yeryuzundebirkacadim-com-wp-content-upl-62.jpeg 1024w, https:\/\/www.yeryuzundebirkacadim.com\/wp-content\/uploads\/2023\/07\/http-www-yeryuzundebirkacadim-com-wp-content-upl-62-768x576.jpeg 768w, https:\/\/www.yeryuzundebirkacadim.com\/wp-content\/uploads\/2023\/07\/http-www-yeryuzundebirkacadim-com-wp-content-upl-62-816x612.jpeg 816w\" sizes=\"auto, (max-width: 1024px) 100vw, 1024px\" \/><\/p>\n<p><strong>7. Coimbras Evi ve \u015eapeli<\/strong><\/p>\n<p><img loading=\"lazy\" decoding=\"async\" width=\"1024\" height=\"768\" class=\"wp-image-5443\" src=\"https:\/\/www.yeryuzundebirkacadim.com\/wp-content\/uploads\/2023\/07\/http-www-yeryuzundebirkacadim-com-wp-content-upl-63.jpeg\" alt=\"https:\/\/www.yeryuzundebirkacadim.com\/wp-content\/uploads\/2023\/07\/IMG_20220505_112556-1024x768.jpg\" srcset=\"https:\/\/www.yeryuzundebirkacadim.com\/wp-content\/uploads\/2023\/07\/http-www-yeryuzundebirkacadim-com-wp-content-upl-63.jpeg 1024w, https:\/\/www.yeryuzundebirkacadim.com\/wp-content\/uploads\/2023\/07\/http-www-yeryuzundebirkacadim-com-wp-content-upl-63-768x576.jpeg 768w, https:\/\/www.yeryuzundebirkacadim.com\/wp-content\/uploads\/2023\/07\/http-www-yeryuzundebirkacadim-com-wp-content-upl-63-816x612.jpeg 816w\" sizes=\"auto, (max-width: 1024px) 100vw, 1024px\" \/><\/p>\n<p><img loading=\"lazy\" decoding=\"async\" width=\"1024\" height=\"768\" class=\"wp-image-5444\" src=\"https:\/\/www.yeryuzundebirkacadim.com\/wp-content\/uploads\/2023\/07\/http-www-yeryuzundebirkacadim-com-wp-content-upl-64.jpeg\" alt=\"https:\/\/www.yeryuzundebirkacadim.com\/wp-content\/uploads\/2023\/07\/IMG_20220505_112614-1024x768.jpg\" srcset=\"https:\/\/www.yeryuzundebirkacadim.com\/wp-content\/uploads\/2023\/07\/http-www-yeryuzundebirkacadim-com-wp-content-upl-64.jpeg 1024w, https:\/\/www.yeryuzundebirkacadim.com\/wp-content\/uploads\/2023\/07\/http-www-yeryuzundebirkacadim-com-wp-content-upl-64-768x576.jpeg 768w, https:\/\/www.yeryuzundebirkacadim.com\/wp-content\/uploads\/2023\/07\/http-www-yeryuzundebirkacadim-com-wp-content-upl-64-816x612.jpeg 816w\" sizes=\"auto, (max-width: 1024px) 100vw, 1024px\" \/><\/p>\n<p>Muhtemelen bu bina 15. y\u00fczy\u0131l sonlar\u0131nda Braga Ba\u015fpiskoposlar\u0131n\u0131n ikametgah\u0131 olarak hizmet vermi\u015f. Ancak ismi 16. y\u00fczy\u0131l ba\u015flar\u0131nda bu binada oturan doktorun isminden gelmektedir.<\/p>\n<p>Ev ve \u015fapel kompleksinden ev, Santa Cruz meydan\u0131na, \u015eapel ise Sao Joao de Souto meydan\u0131na bak\u0131yor. 1906&#8217;da \u015fehrin geli\u015fmesi nedeniyle kentsel nedenlerle, \u015fapelin oldu\u011fu bina y\u0131k\u0131lm\u0131\u015f. Biraz ileri tarafa, \u015fimdiki yerine ta\u015f\u0131nm\u0131\u015f. Ama araya duvar \u00f6r\u00fcl\u00fcp birle\u015ftirilmi\u015f. Pencere ve kap\u0131lar gibi \u00f6nceki binada bulunan t\u00fcm Manuelin unsurlar\u0131 korunmu\u015f.<\/p>\n<p><strong>8. Largo Carlos Amarante Meydan\u0131\u00a0<\/strong><\/p>\n<p>Tarihi merkezdeki meydanda Santa Cruz Kilisesi, Sao Marcos Hastanesi ve Braga Letreiro (Braga Yaz\u0131s\u0131) bulunuyor.<\/p>\n<p><strong>9. Santa Cruz Kilisesi (Kutsal Ha\u00e7 Kilisesi)<\/strong><\/p>\n<p><img loading=\"lazy\" decoding=\"async\" width=\"1024\" height=\"771\" class=\"wp-image-5445\" src=\"https:\/\/www.yeryuzundebirkacadim.com\/wp-content\/uploads\/2023\/07\/http-www-yeryuzundebirkacadim-com-wp-content-upl-65.jpeg\" alt=\"https:\/\/www.yeryuzundebirkacadim.com\/wp-content\/uploads\/2023\/07\/IMG_20220505_112842-1024x771.jpg\" srcset=\"https:\/\/www.yeryuzundebirkacadim.com\/wp-content\/uploads\/2023\/07\/http-www-yeryuzundebirkacadim-com-wp-content-upl-65.jpeg 1024w, https:\/\/www.yeryuzundebirkacadim.com\/wp-content\/uploads\/2023\/07\/http-www-yeryuzundebirkacadim-com-wp-content-upl-65-768x578.jpeg 768w, https:\/\/www.yeryuzundebirkacadim.com\/wp-content\/uploads\/2023\/07\/http-www-yeryuzundebirkacadim-com-wp-content-upl-65-816x614.jpeg 816w\" sizes=\"auto, (max-width: 1024px) 100vw, 1024px\" \/><\/p>\n<p>7. y\u00fczy\u0131lda in\u015fa edilen Santa Cruz Kilisesi, d\u0131\u015f cephesindeki ince ta\u015f i\u015flemeleri ile dikkat \u00e7ekiyor.<\/p>\n<p><strong>10. Vila Gale Oteli (Eski Sao Marcos Hastanesi)<\/strong><\/p>\n<p><img loading=\"lazy\" decoding=\"async\" width=\"1024\" height=\"576\" class=\"wp-image-5446\" src=\"https:\/\/www.yeryuzundebirkacadim.com\/wp-content\/uploads\/2023\/07\/http-www-yeryuzundebirkacadim-com-wp-content-upl-66.jpeg\" alt=\"https:\/\/www.yeryuzundebirkacadim.com\/wp-content\/uploads\/2023\/07\/DSC03224-1024x576.jpg\" srcset=\"https:\/\/www.yeryuzundebirkacadim.com\/wp-content\/uploads\/2023\/07\/http-www-yeryuzundebirkacadim-com-wp-content-upl-66.jpeg 1024w, https:\/\/www.yeryuzundebirkacadim.com\/wp-content\/uploads\/2023\/07\/http-www-yeryuzundebirkacadim-com-wp-content-upl-66-768x432.jpeg 768w, https:\/\/www.yeryuzundebirkacadim.com\/wp-content\/uploads\/2023\/07\/http-www-yeryuzundebirkacadim-com-wp-content-upl-66-816x459.jpeg 816w\" sizes=\"auto, (max-width: 1024px) 100vw, 1024px\" \/><\/p>\n<p>Eskiden Nossa Senhora \u015eapeli iken, yakla\u015f\u0131k 500 sene Sao Marcos Hastanesi olarak kullan\u0131lan yap\u0131 yeni bir hastane yap\u0131lmas\u0131 sonras\u0131 &#8220;Vila Gale&#8221; isimli bir otel olarak hizmete a\u00e7\u0131lm\u0131\u015f.<\/p>\n<p><img loading=\"lazy\" decoding=\"async\" class=\"alignnone size-medium wp-image-5542\" src=\"https:\/\/www.yeryuzundebirkacadim.com\/wp-content\/uploads\/2023\/07\/IMG_20220505_115741-1024x577.jpg\" alt=\"\" width=\"1024\" height=\"577\" srcset=\"https:\/\/www.yeryuzundebirkacadim.com\/wp-content\/uploads\/2023\/07\/IMG_20220505_115741-1024x577.jpg 1024w, https:\/\/www.yeryuzundebirkacadim.com\/wp-content\/uploads\/2023\/07\/IMG_20220505_115741-768x432.jpg 768w, https:\/\/www.yeryuzundebirkacadim.com\/wp-content\/uploads\/2023\/07\/IMG_20220505_115741-1536x865.jpg 1536w, https:\/\/www.yeryuzundebirkacadim.com\/wp-content\/uploads\/2023\/07\/IMG_20220505_115741-816x460.jpg 816w, https:\/\/www.yeryuzundebirkacadim.com\/wp-content\/uploads\/2023\/07\/IMG_20220505_115741.jpg 1600w\" sizes=\"auto, (max-width: 1024px) 100vw, 1024px\" \/><\/p>\n<p><strong>11. Raio Saray\u0131\u00a0<\/strong><\/p>\n<p>Meksika Evi de deniliyor.<\/p>\n<p><img loading=\"lazy\" decoding=\"async\" width=\"1024\" height=\"577\" class=\"wp-image-5448\" src=\"https:\/\/www.yeryuzundebirkacadim.com\/wp-content\/uploads\/2023\/07\/http-www-yeryuzundebirkacadim-com-wp-content-upl-68.jpeg\" alt=\"https:\/\/www.yeryuzundebirkacadim.com\/wp-content\/uploads\/2023\/07\/IMG_20220505_113801-1024x577.jpg\" srcset=\"https:\/\/www.yeryuzundebirkacadim.com\/wp-content\/uploads\/2023\/07\/http-www-yeryuzundebirkacadim-com-wp-content-upl-68.jpeg 1024w, https:\/\/www.yeryuzundebirkacadim.com\/wp-content\/uploads\/2023\/07\/http-www-yeryuzundebirkacadim-com-wp-content-upl-68-768x433.jpeg 768w, https:\/\/www.yeryuzundebirkacadim.com\/wp-content\/uploads\/2023\/07\/http-www-yeryuzundebirkacadim-com-wp-content-upl-68-816x460.jpeg 816w\" sizes=\"auto, (max-width: 1024px) 100vw, 1024px\" \/><\/p>\n<p>Saray, Joao Duarte Faria taraf\u0131ndan 1752 y\u0131l\u0131nda konut olarak kullan\u0131lmak \u00fczere yapt\u0131r\u0131ld\u0131. Daha sonra mali zorluklar nedeniyle 1853&#8217;te sat\u0131lan konut Miguel Jose Raio&#8217;nun eline ge\u00e7ti. Saraya ismini veren Raio, konuta yapt\u0131\u011f\u0131 restorasyonda cepheyi bu g\u00f6z al\u0131c\u0131 \u00e7inilerle kaplatt\u0131.<\/p>\n<p>Birka\u00e7 kez el de\u011fi\u015ftiren bina bir d\u00f6nem Braga Hastanesi i\u00e7in ek bina gibi kullan\u0131lm\u0131\u015f. G\u00fcn\u00fcm\u00fczde m\u00fcze olarak kullan\u0131l\u0131yor.<\/p>\n<p>Balkonlar\u0131nda ferforje i\u015fleri olduk\u00e7a zarif.<\/p>\n<p>Orta balkon heykellerle s\u00fcslenmi\u015f.<\/p>\n<p><img loading=\"lazy\" decoding=\"async\" width=\"768\" height=\"1024\" class=\"wp-image-5449\" src=\"https:\/\/www.yeryuzundebirkacadim.com\/wp-content\/uploads\/2023\/07\/http-www-yeryuzundebirkacadim-com-wp-content-upl-69.jpeg\" alt=\"https:\/\/www.yeryuzundebirkacadim.com\/wp-content\/uploads\/2023\/07\/IMG_20220505_113636-768x1024.jpg\" srcset=\"https:\/\/www.yeryuzundebirkacadim.com\/wp-content\/uploads\/2023\/07\/http-www-yeryuzundebirkacadim-com-wp-content-upl-69.jpeg 768w, https:\/\/www.yeryuzundebirkacadim.com\/wp-content\/uploads\/2023\/07\/http-www-yeryuzundebirkacadim-com-wp-content-upl-69-749x999.jpeg 749w\" sizes=\"auto, (max-width: 768px) 100vw, 768px\" \/><\/p>\n<p>Saraya girer girmez kar\u015f\u0131m\u0131za \u00e7\u0131kan ihti\u015faml\u0131 merdivenleri ilk andan bizi etkiliyor. \u00c7ini panolar, duvar resmi ve tavan penceresi de olduk\u00e7a g\u00fczel.<\/p>\n<p>Merdivenlerin tepesinde yer alan &#8220;Turco&#8221; heykeli de bir o kadar dikkat \u00e7ekici.<\/p>\n<p><img loading=\"lazy\" decoding=\"async\" width=\"768\" height=\"1024\" class=\"wp-image-5450\" src=\"https:\/\/www.yeryuzundebirkacadim.com\/wp-content\/uploads\/2023\/07\/http-www-yeryuzundebirkacadim-com-wp-content-upl-70.jpeg\" alt=\"https:\/\/www.yeryuzundebirkacadim.com\/wp-content\/uploads\/2023\/07\/IMG_20220505_114154-768x1024.jpg\" srcset=\"https:\/\/www.yeryuzundebirkacadim.com\/wp-content\/uploads\/2023\/07\/http-www-yeryuzundebirkacadim-com-wp-content-upl-70.jpeg 768w, https:\/\/www.yeryuzundebirkacadim.com\/wp-content\/uploads\/2023\/07\/http-www-yeryuzundebirkacadim-com-wp-content-upl-70-749x999.jpeg 749w\" sizes=\"auto, (max-width: 768px) 100vw, 768px\" \/> <img loading=\"lazy\" decoding=\"async\" width=\"577\" height=\"1024\" class=\"wp-image-5451\" src=\"https:\/\/www.yeryuzundebirkacadim.com\/wp-content\/uploads\/2023\/07\/http-www-yeryuzundebirkacadim-com-wp-content-upl-71.jpeg\" alt=\"https:\/\/www.yeryuzundebirkacadim.com\/wp-content\/uploads\/2023\/07\/IMG_20220505_114651-577x1024.jpg\" srcset=\"https:\/\/www.yeryuzundebirkacadim.com\/wp-content\/uploads\/2023\/07\/http-www-yeryuzundebirkacadim-com-wp-content-upl-71.jpeg 577w, https:\/\/www.yeryuzundebirkacadim.com\/wp-content\/uploads\/2023\/07\/http-www-yeryuzundebirkacadim-com-wp-content-upl-71-563x999.jpeg 563w\" sizes=\"auto, (max-width: 577px) 100vw, 577px\" \/><\/p>\n<p>Ziyaret konulu heykel grubu<\/p>\n<p><img loading=\"lazy\" decoding=\"async\" width=\"1024\" height=\"577\" class=\"wp-image-5452\" src=\"https:\/\/www.yeryuzundebirkacadim.com\/wp-content\/uploads\/2023\/07\/http-www-yeryuzundebirkacadim-com-wp-content-upl-72.jpeg\" alt=\"https:\/\/www.yeryuzundebirkacadim.com\/wp-content\/uploads\/2023\/07\/IMG_20220505_114930-1024x577.jpg\" srcset=\"https:\/\/www.yeryuzundebirkacadim.com\/wp-content\/uploads\/2023\/07\/http-www-yeryuzundebirkacadim-com-wp-content-upl-72.jpeg 1024w, https:\/\/www.yeryuzundebirkacadim.com\/wp-content\/uploads\/2023\/07\/http-www-yeryuzundebirkacadim-com-wp-content-upl-72-768x433.jpeg 768w, https:\/\/www.yeryuzundebirkacadim.com\/wp-content\/uploads\/2023\/07\/http-www-yeryuzundebirkacadim-com-wp-content-upl-72-816x460.jpeg 816w\" sizes=\"auto, (max-width: 1024px) 100vw, 1024px\" \/><\/p>\n<p><strong>12. Bom Jesus do Monte<\/strong><\/p>\n<p>\u015eehrin tepe noktalar\u0131ndan birinde in\u015fa edilen kilise, &#8220;Da\u011fdaki \u0130yi \u0130sa&#8221; anlam\u0131na gelir. Tap\u0131nakta yer alan 116 metre boyunca t\u0131rmanan an\u0131tsal Barok merdiven b\u00fcy\u00fcleyici bir g\u00f6r\u00fcn\u00fcm olu\u015fturur.<\/p>\n<p>Ula\u015f\u0131m i\u00e7in funik\u00fcler de bulunuyor. Ancak biz araba ile merdivenlerin alt k\u0131sm\u0131na kadar geldik.<\/p>\n<p><img loading=\"lazy\" decoding=\"async\" width=\"1024\" height=\"577\" class=\"wp-image-5453\" src=\"https:\/\/www.yeryuzundebirkacadim.com\/wp-content\/uploads\/2023\/07\/http-www-yeryuzundebirkacadim-com-wp-content-upl-73.jpeg\" alt=\"https:\/\/www.yeryuzundebirkacadim.com\/wp-content\/uploads\/2023\/07\/IMG_20220505_122403-1024x577.jpg\" srcset=\"https:\/\/www.yeryuzundebirkacadim.com\/wp-content\/uploads\/2023\/07\/http-www-yeryuzundebirkacadim-com-wp-content-upl-73.jpeg 1024w, https:\/\/www.yeryuzundebirkacadim.com\/wp-content\/uploads\/2023\/07\/http-www-yeryuzundebirkacadim-com-wp-content-upl-73-768x433.jpeg 768w, https:\/\/www.yeryuzundebirkacadim.com\/wp-content\/uploads\/2023\/07\/http-www-yeryuzundebirkacadim-com-wp-content-upl-73-816x460.jpeg 816w\" sizes=\"auto, (max-width: 1024px) 100vw, 1024px\" \/><\/p>\n<p><img loading=\"lazy\" decoding=\"async\" width=\"1024\" height=\"577\" class=\"wp-image-5454\" src=\"https:\/\/www.yeryuzundebirkacadim.com\/wp-content\/uploads\/2023\/07\/http-www-yeryuzundebirkacadim-com-wp-content-upl-74.jpeg\" alt=\"https:\/\/www.yeryuzundebirkacadim.com\/wp-content\/uploads\/2023\/07\/IMG_20220505_122715-1024x577.jpg\" srcset=\"https:\/\/www.yeryuzundebirkacadim.com\/wp-content\/uploads\/2023\/07\/http-www-yeryuzundebirkacadim-com-wp-content-upl-74.jpeg 1024w, https:\/\/www.yeryuzundebirkacadim.com\/wp-content\/uploads\/2023\/07\/http-www-yeryuzundebirkacadim-com-wp-content-upl-74-768x433.jpeg 768w, https:\/\/www.yeryuzundebirkacadim.com\/wp-content\/uploads\/2023\/07\/http-www-yeryuzundebirkacadim-com-wp-content-upl-74-816x460.jpeg 816w\" sizes=\"auto, (max-width: 1024px) 100vw, 1024px\" \/><\/p>\n<p>Her \u00e7e\u015fme birbirinden farkl\u0131.<\/p>\n<p><img loading=\"lazy\" decoding=\"async\" width=\"577\" height=\"1024\" class=\"wp-image-5455\" src=\"https:\/\/www.yeryuzundebirkacadim.com\/wp-content\/uploads\/2023\/07\/http-www-yeryuzundebirkacadim-com-wp-content-upl-75.jpeg\" alt=\"https:\/\/www.yeryuzundebirkacadim.com\/wp-content\/uploads\/2023\/07\/IMG_20220505_123741-577x1024.jpg\" srcset=\"https:\/\/www.yeryuzundebirkacadim.com\/wp-content\/uploads\/2023\/07\/http-www-yeryuzundebirkacadim-com-wp-content-upl-75.jpeg 577w, https:\/\/www.yeryuzundebirkacadim.com\/wp-content\/uploads\/2023\/07\/http-www-yeryuzundebirkacadim-com-wp-content-upl-75-563x999.jpeg 563w\" sizes=\"auto, (max-width: 577px) 100vw, 577px\" \/><\/p>\n<p>Sular; g\u00f6z, kulak, burun ve a\u011f\u0131zdan ak\u0131yor.<\/p>\n<p><img loading=\"lazy\" decoding=\"async\" class=\"alignnone size-medium wp-image-5535\" src=\"https:\/\/www.yeryuzundebirkacadim.com\/wp-content\/uploads\/2023\/07\/IMG_20220505_122900-768x1024.jpg\" alt=\"\" width=\"768\" height=\"1024\" srcset=\"https:\/\/www.yeryuzundebirkacadim.com\/wp-content\/uploads\/2023\/07\/IMG_20220505_122900-768x1024.jpg 768w, https:\/\/www.yeryuzundebirkacadim.com\/wp-content\/uploads\/2023\/07\/IMG_20220505_122900-1152x1536.jpg 1152w, https:\/\/www.yeryuzundebirkacadim.com\/wp-content\/uploads\/2023\/07\/IMG_20220505_122900-749x999.jpg 749w, https:\/\/www.yeryuzundebirkacadim.com\/wp-content\/uploads\/2023\/07\/IMG_20220505_122900.jpg 1200w\" sizes=\"auto, (max-width: 768px) 100vw, 768px\" \/><img loading=\"lazy\" decoding=\"async\" class=\"alignnone size-medium wp-image-5536\" src=\"https:\/\/www.yeryuzundebirkacadim.com\/wp-content\/uploads\/2023\/07\/IMG_20220505_122928-768x1024.jpg\" alt=\"\" width=\"768\" height=\"1024\" srcset=\"https:\/\/www.yeryuzundebirkacadim.com\/wp-content\/uploads\/2023\/07\/IMG_20220505_122928-768x1024.jpg 768w, https:\/\/www.yeryuzundebirkacadim.com\/wp-content\/uploads\/2023\/07\/IMG_20220505_122928-1152x1536.jpg 1152w, https:\/\/www.yeryuzundebirkacadim.com\/wp-content\/uploads\/2023\/07\/IMG_20220505_122928-749x999.jpg 749w, https:\/\/www.yeryuzundebirkacadim.com\/wp-content\/uploads\/2023\/07\/IMG_20220505_122928.jpg 1170w\" sizes=\"auto, (max-width: 768px) 100vw, 768px\" \/> <img loading=\"lazy\" decoding=\"async\" class=\"alignnone size-medium wp-image-5537\" src=\"https:\/\/www.yeryuzundebirkacadim.com\/wp-content\/uploads\/2023\/07\/IMG_20220505_123007-1024x576.jpg\" alt=\"\" width=\"1024\" height=\"576\" srcset=\"https:\/\/www.yeryuzundebirkacadim.com\/wp-content\/uploads\/2023\/07\/IMG_20220505_123007-1024x576.jpg 1024w, https:\/\/www.yeryuzundebirkacadim.com\/wp-content\/uploads\/2023\/07\/IMG_20220505_123007-768x432.jpg 768w, https:\/\/www.yeryuzundebirkacadim.com\/wp-content\/uploads\/2023\/07\/IMG_20220505_123007-1536x864.jpg 1536w, https:\/\/www.yeryuzundebirkacadim.com\/wp-content\/uploads\/2023\/07\/IMG_20220505_123007-816x459.jpg 816w, https:\/\/www.yeryuzundebirkacadim.com\/wp-content\/uploads\/2023\/07\/IMG_20220505_123007.jpg 1800w\" sizes=\"auto, (max-width: 1024px) 100vw, 1024px\" \/> <img loading=\"lazy\" decoding=\"async\" class=\"alignnone size-medium wp-image-5538\" src=\"https:\/\/www.yeryuzundebirkacadim.com\/wp-content\/uploads\/2023\/07\/IMG_20220505_123103-1024x577.jpg\" alt=\"\" width=\"1024\" height=\"577\" srcset=\"https:\/\/www.yeryuzundebirkacadim.com\/wp-content\/uploads\/2023\/07\/IMG_20220505_123103-1024x577.jpg 1024w, https:\/\/www.yeryuzundebirkacadim.com\/wp-content\/uploads\/2023\/07\/IMG_20220505_123103-768x433.jpg 768w, https:\/\/www.yeryuzundebirkacadim.com\/wp-content\/uploads\/2023\/07\/IMG_20220505_123103-816x460.jpg 816w, https:\/\/www.yeryuzundebirkacadim.com\/wp-content\/uploads\/2023\/07\/IMG_20220505_123103.jpg 1246w\" sizes=\"auto, (max-width: 1024px) 100vw, 1024px\" \/><\/p>\n<p><img loading=\"lazy\" decoding=\"async\" width=\"1024\" height=\"770\" class=\"wp-image-5456\" src=\"https:\/\/www.yeryuzundebirkacadim.com\/wp-content\/uploads\/2023\/07\/http-www-yeryuzundebirkacadim-com-wp-content-upl-76.jpeg\" alt=\"https:\/\/www.yeryuzundebirkacadim.com\/wp-content\/uploads\/2023\/07\/IMG_20220505_123437-1024x770.jpg\" srcset=\"https:\/\/www.yeryuzundebirkacadim.com\/wp-content\/uploads\/2023\/07\/http-www-yeryuzundebirkacadim-com-wp-content-upl-76.jpeg 1024w, https:\/\/www.yeryuzundebirkacadim.com\/wp-content\/uploads\/2023\/07\/http-www-yeryuzundebirkacadim-com-wp-content-upl-76-768x578.jpeg 768w, https:\/\/www.yeryuzundebirkacadim.com\/wp-content\/uploads\/2023\/07\/http-www-yeryuzundebirkacadim-com-wp-content-upl-76-816x614.jpeg 816w\" sizes=\"auto, (max-width: 1024px) 100vw, 1024px\" \/><\/p>\n<h3><strong>Guimares: Portekiz&#8217;in do\u011fdu\u011fu yer<\/strong><\/h3>\n<p>Braga\u2019dan sonra Portekiz\u2019in eski ba\u015fkenti Guimares\u2019e hareket ediyoruz. Yakla\u015f\u0131k yar\u0131m saatlik mesafede.<\/p>\n<p>Guimares, 12. y\u00fczy\u0131lda sadece Portekiz Ulusu&#8217;nun ilk ba\u015fkenti de\u011fil, ayn\u0131 zamanda Portekiz&#8217;in ilk kral\u0131 Afonso Henriques&#8217;in do\u011fum yeri.<\/p>\n<p>Fetihler bu \u015fehirde ba\u015flad\u0131\u011f\u0131 i\u00e7in &#8220;Fatihler&#8221; olarak da adland\u0131r\u0131lan bir \u015fehir.<\/p>\n<p>Unesco D\u00fcnya Miras\u0131 listesinde olan Guimares, tipik evleri, dar sokaklar\u0131, renkli balkonlara sahip evleri ve tarihi meydanlar\u0131yla \u00e7ok sevimli bir \u015fehir.<\/p>\n<p>2011&#8217;de Guimares, New York Times&#8217;\u0131n \u201cZiyaret edilecek en iyi 40 yer\u201d listesinde yer alm\u0131\u015f.<\/p>\n<p><strong>1. Guimares Kalesi<\/strong><\/p>\n<p>Kale, Roma d\u00f6neminde kalma temeller \u00fczerine 10. y\u00fczy\u0131lda in\u015fa edilmi\u015ftir. Asl\u0131nda kalenin as\u0131l amac\u0131 kraliyet ailesini bar\u0131nd\u0131rmak de\u011fil, \u015fehrin manast\u0131r\u0131 olan Igreja de Nossa Senhora da Oliveira&#8217;\u0131 korumakm\u0131\u015f.<\/p>\n<p>Kral taraf\u0131ndan bile in\u015fa edilmemi\u015f. Guimaraes&#8217;in oturdu\u011fu t\u00fcm araziye sahip olan bir kontes taraf\u0131ndan in\u015fa edilmi\u015f.<\/p>\n<p>Bug\u00fcn ayakta duran yap\u0131, b\u00fcy\u00fck \u00f6l\u00e7\u00fcde, bir\u00e7ok Gotik unsurun eklendi\u011fi 1300&#8217;lerde in\u015fa edilmi\u015f.<\/p>\n<p>1800&#8217;lerde belediye meclisi, \u015fimdi harap olan kaleyi y\u0131kmak ve tu\u011flalar\u0131 yol \u00e7al\u0131\u015fmalar\u0131nda kullanmak istemi\u015f \ud83d\ude42<\/p>\n<p>Kale, 1937&#8217;de tekrar restorasyona girmi\u015f.<\/p>\n<p>\u015eehir merkezinde iki tarihi meydan bulunuyor: Oliveira ve Santiago Meydan\u0131. Meydanlar kemerli tarihi binalar ve orta\u00e7a\u011f cepheleriyle \u00e7evrili.<\/p>\n<p><strong>2. Largo da Oliveira<\/strong><\/p>\n<p>Meydan ad\u0131n\u0131 b\u00f6lgeye dikilmi\u015f as\u0131rl\u0131k bir zeytin a\u011fac\u0131ndan alm\u0131\u015f.<\/p>\n<p><img loading=\"lazy\" decoding=\"async\" width=\"1024\" height=\"768\" class=\"wp-image-5457\" src=\"https:\/\/www.yeryuzundebirkacadim.com\/wp-content\/uploads\/2023\/07\/http-www-yeryuzundebirkacadim-com-wp-content-upl-77.jpeg\" alt=\"https:\/\/www.yeryuzundebirkacadim.com\/wp-content\/uploads\/2023\/07\/IMG_20220505_132853-1-1024x768.jpg\" srcset=\"https:\/\/www.yeryuzundebirkacadim.com\/wp-content\/uploads\/2023\/07\/http-www-yeryuzundebirkacadim-com-wp-content-upl-77.jpeg 1024w, https:\/\/www.yeryuzundebirkacadim.com\/wp-content\/uploads\/2023\/07\/http-www-yeryuzundebirkacadim-com-wp-content-upl-77-768x576.jpeg 768w, https:\/\/www.yeryuzundebirkacadim.com\/wp-content\/uploads\/2023\/07\/http-www-yeryuzundebirkacadim-com-wp-content-upl-77-816x612.jpeg 816w\" sizes=\"auto, (max-width: 1024px) 100vw, 1024px\" \/><\/p>\n<p><strong>3. Eski Belediye Binas\u0131<\/strong><\/p>\n<p>Oliveira ve Santiago meydanlar\u0131 aras\u0131nda, 14. y\u00fczy\u0131ldan kalma muhte\u015fem kemerlere sahip eski Belediye Binas\u0131 binas\u0131 bulunuyor.<\/p>\n<p><strong>4. Oliveira Kilisesi (Igreja de Nossa Senhora da Oliveira)\u00a0<\/strong><\/p>\n<p>Kilisenin tarihi 10. y\u00fczy\u0131lda burada kurulu bir manast\u0131ra kadar iniyor. 12. y\u00fczy\u0131lda bina Romanesk bir tadilattan ge\u00e7mi\u015f. 14. y\u00fczy\u0131lda da, Portekiz&#8217;in 1342&#8217;de Kastilya&#8217;ya kar\u015f\u0131 kazand\u0131\u011f\u0131 zaferin \u015ferefine, bu kez Gotik tarzda yeniden restore edilmi\u015f.<\/p>\n<p><img loading=\"lazy\" decoding=\"async\" width=\"1024\" height=\"768\" class=\"wp-image-5458\" src=\"https:\/\/www.yeryuzundebirkacadim.com\/wp-content\/uploads\/2023\/07\/http-www-yeryuzundebirkacadim-com-wp-content-upl-78.jpeg\" alt=\"https:\/\/www.yeryuzundebirkacadim.com\/wp-content\/uploads\/2023\/07\/IMG_20220505_132940-1024x768.jpg\" srcset=\"https:\/\/www.yeryuzundebirkacadim.com\/wp-content\/uploads\/2023\/07\/http-www-yeryuzundebirkacadim-com-wp-content-upl-78.jpeg 1024w, https:\/\/www.yeryuzundebirkacadim.com\/wp-content\/uploads\/2023\/07\/http-www-yeryuzundebirkacadim-com-wp-content-upl-78-768x576.jpeg 768w, https:\/\/www.yeryuzundebirkacadim.com\/wp-content\/uploads\/2023\/07\/http-www-yeryuzundebirkacadim-com-wp-content-upl-78-816x612.jpeg 816w\" sizes=\"auto, (max-width: 1024px) 100vw, 1024px\" \/><\/p>\n<p><img loading=\"lazy\" decoding=\"async\" width=\"1024\" height=\"577\" class=\"wp-image-5459\" src=\"https:\/\/www.yeryuzundebirkacadim.com\/wp-content\/uploads\/2023\/07\/http-www-yeryuzundebirkacadim-com-wp-content-upl-79.jpeg\" alt=\"https:\/\/www.yeryuzundebirkacadim.com\/wp-content\/uploads\/2023\/07\/IMG_20220505_144132-1024x577.jpg\" srcset=\"https:\/\/www.yeryuzundebirkacadim.com\/wp-content\/uploads\/2023\/07\/http-www-yeryuzundebirkacadim-com-wp-content-upl-79.jpeg 1024w, https:\/\/www.yeryuzundebirkacadim.com\/wp-content\/uploads\/2023\/07\/http-www-yeryuzundebirkacadim-com-wp-content-upl-79-768x433.jpeg 768w, https:\/\/www.yeryuzundebirkacadim.com\/wp-content\/uploads\/2023\/07\/http-www-yeryuzundebirkacadim-com-wp-content-upl-79-816x460.jpeg 816w\" sizes=\"auto, (max-width: 1024px) 100vw, 1024px\" \/><\/p>\n<p><strong>5. Salado An\u0131t\u0131 (Padrao do Salado)<\/strong><\/p>\n<p>Oliveira Kilisesi&#8217;nin hemen \u00f6n\u00fcnde bulunuyor.<\/p>\n<p>\u0130spanya ve Portekiz ordular\u0131n\u0131n Fas Sultan\u0131&#8217;n\u0131n \u0130ber yar\u0131madas\u0131 i\u015fgalini durdurdu\u011fu 1340 y\u0131l\u0131ndaki Rio Salado Sava\u015f\u0131&#8217;n\u0131n an\u0131s\u0131na dikilmi\u015f.<\/p>\n<p>Kral IV. Afonso&#8217;nun h\u00fck\u00fcmdarl\u0131\u011f\u0131 d\u00f6neminde in\u015fa edilen Gotik tarzdaki kutsal an\u0131t kemer, bir ha\u00e7\u0131 \u00f6rter g\u00f6r\u00fcn\u00fcmdedir. Ha\u00e7\u0131n bir y\u00fcz\u00fc \u00e7arm\u0131ha gerilmi\u015f \u0130sa&#8217;y\u0131, di\u011feri Meryem Ana&#8217;y\u0131 tasvir eder.<\/p>\n<p><strong>6. Santa Maria Caddesi<\/strong><\/p>\n<p>\u015eehirde 12. y\u00fczy\u0131lda olu\u015fturulan ilk caddelerden biridir. \u015eehrin en alt k\u0131sm\u0131ndaki Santa Clara Manast\u0131r\u0131&#8217;n\u0131 (bug\u00fcnk\u00fc Guimares Belediye binas\u0131) ve Guimares kalesini birbirine ba\u011fl\u0131yor.<\/p>\n<p>Etraf\u0131nda Orta \u00e7a\u011f\u0131 ya\u015fatan evler ile s\u0131ralanm\u0131\u015f \u015firin bir sokak.<\/p>\n<p><img loading=\"lazy\" decoding=\"async\" width=\"1024\" height=\"577\" class=\"wp-image-5460\" src=\"https:\/\/www.yeryuzundebirkacadim.com\/wp-content\/uploads\/2023\/07\/http-www-yeryuzundebirkacadim-com-wp-content-upl-80.jpeg\" alt=\"https:\/\/www.yeryuzundebirkacadim.com\/wp-content\/uploads\/2023\/07\/IMG_20220505_132733-1024x577.jpg\" srcset=\"https:\/\/www.yeryuzundebirkacadim.com\/wp-content\/uploads\/2023\/07\/http-www-yeryuzundebirkacadim-com-wp-content-upl-80.jpeg 1024w, https:\/\/www.yeryuzundebirkacadim.com\/wp-content\/uploads\/2023\/07\/http-www-yeryuzundebirkacadim-com-wp-content-upl-80-768x433.jpeg 768w, https:\/\/www.yeryuzundebirkacadim.com\/wp-content\/uploads\/2023\/07\/http-www-yeryuzundebirkacadim-com-wp-content-upl-80-816x460.jpeg 816w\" sizes=\"auto, (max-width: 1024px) 100vw, 1024px\" \/><\/p>\n<p><strong>7. Guimares Belediye Binas\u0131 ve Eski Santa Clara Manast\u0131r\u0131<\/strong><\/p>\n<p>16. y\u00fczy\u0131lda kurulan Barok cepheli iki katl\u0131 Santa Clara Manast\u0131r\u0131, Guimares&#8217;deki en \u00f6nemli manast\u0131rlardan biriymi\u015f.<\/p>\n<p>G\u00fcn\u00fcm\u00fczde Belediye Binas\u0131 olarak kullan\u0131l\u0131yor.<\/p>\n<p><img loading=\"lazy\" decoding=\"async\" width=\"1024\" height=\"577\" class=\"wp-image-5461\" src=\"https:\/\/www.yeryuzundebirkacadim.com\/wp-content\/uploads\/2023\/07\/http-www-yeryuzundebirkacadim-com-wp-content-upl-81.jpeg\" alt=\"https:\/\/www.yeryuzundebirkacadim.com\/wp-content\/uploads\/2023\/07\/IMG_20220505_132539-1-1024x577.jpg\" srcset=\"https:\/\/www.yeryuzundebirkacadim.com\/wp-content\/uploads\/2023\/07\/http-www-yeryuzundebirkacadim-com-wp-content-upl-81.jpeg 1024w, https:\/\/www.yeryuzundebirkacadim.com\/wp-content\/uploads\/2023\/07\/http-www-yeryuzundebirkacadim-com-wp-content-upl-81-768x433.jpeg 768w, https:\/\/www.yeryuzundebirkacadim.com\/wp-content\/uploads\/2023\/07\/http-www-yeryuzundebirkacadim-com-wp-content-upl-81-816x460.jpeg 816w\" sizes=\"auto, (max-width: 1024px) 100vw, 1024px\" \/><\/p>\n<p>&nbsp;<\/p>\n<p>&nbsp;<\/p>\n<p>&nbsp;<\/p>\n<p>&nbsp;<\/p>\n<p>&nbsp;<\/p>\n<p>&nbsp;<\/p>\n<p>&nbsp;<\/p>\n<p>&nbsp;<\/p>\n<p>&nbsp;<\/p>\n","protected":false},"excerpt":{"rendered":"<p>Braga Portekiz&#8217;in en g\u00fczel \u015fehirlerinden Braga dini mimarinin yo\u011funlu\u011fu nedeniyle &#8220;Portekiz Roma&#8217;s\u0131&#8221; olarak bilinir. Tarihi binalar\u0131, kiliseleri, an\u0131tlar\u0131, bah\u00e7e ve \u00e7e\u015fmeleri ile g\u00f6z dolduran bir \u015fehirdir. Program yo\u011fun, ba\u015fl\u0131yoruz.<\/p>\n","protected":false},"author":1,"featured_media":5541,"comment_status":"closed","ping_status":"closed","sticky":false,"template":"","format":"standard","meta":{"footnotes":""},"categories":[672,564],"tags":[677,668,675,3,669,671,674,673,676,670,301],"class_list":["post-4834","post","type-post","status-publish","format-standard","has-post-thumbnail","hentry","category-braga-guimares","category-portekiz","tag-bom-jesus-do-monte","tag-braga","tag-coimbras","tag-gezi","tag-guimares","tag-oliveira-kilisesi","tag-populo","tag-porta-nova","tag-raio","tag-salado","tag-santa-cruz"],"_links":{"self":[{"href":"https:\/\/www.yeryuzundebirkacadim.com\/index.php\/wp-json\/wp\/v2\/posts\/4834","targetHints":{"allow":["GET"]}}],"collection":[{"href":"https:\/\/www.yeryuzundebirkacadim.com\/index.php\/wp-json\/wp\/v2\/posts"}],"about":[{"href":"https:\/\/www.yeryuzundebirkacadim.com\/index.php\/wp-json\/wp\/v2\/types\/post"}],"author":[{"embeddable":true,"href":"https:\/\/www.yeryuzundebirkacadim.com\/index.php\/wp-json\/wp\/v2\/users\/1"}],"replies":[{"embeddable":true,"href":"https:\/\/www.yeryuzundebirkacadim.com\/index.php\/wp-json\/wp\/v2\/comments?post=4834"}],"version-history":[{"count":9,"href":"https:\/\/www.yeryuzundebirkacadim.com\/index.php\/wp-json\/wp\/v2\/posts\/4834\/revisions"}],"predecessor-version":[{"id":5544,"href":"https:\/\/www.yeryuzundebirkacadim.com\/index.php\/wp-json\/wp\/v2\/posts\/4834\/revisions\/5544"}],"wp:featuredmedia":[{"embeddable":true,"href":"https:\/\/www.yeryuzundebirkacadim.com\/index.php\/wp-json\/wp\/v2\/media\/5541"}],"wp:attachment":[{"href":"https:\/\/www.yeryuzundebirkacadim.com\/index.php\/wp-json\/wp\/v2\/media?parent=4834"}],"wp:term":[{"taxonomy":"category","embeddable":true,"href":"https:\/\/www.yeryuzundebirkacadim.com\/index.php\/wp-json\/wp\/v2\/categories?post=4834"},{"taxonomy":"post_tag","embeddable":true,"href":"https:\/\/www.yeryuzundebirkacadim.com\/index.php\/wp-json\/wp\/v2\/tags?post=4834"}],"curies":[{"name":"wp","href":"https:\/\/api.w.org\/{rel}","templated":true}]}}