


{"id":4673,"date":"2022-02-03T17:33:40","date_gmt":"2022-02-03T14:33:40","guid":{"rendered":"http:\/\/www.yeryuzundebirkacadim.com\/?p=4673"},"modified":"2024-08-19T13:56:21","modified_gmt":"2024-08-19T10:56:21","slug":"midyat","status":"publish","type":"post","link":"https:\/\/www.yeryuzundebirkacadim.com\/index.php\/2022\/02\/03\/midyat\/","title":{"rendered":"Midyat"},"content":{"rendered":"<p><strong>Midyat<\/strong><\/p>\n<p>Mardin Midyat aras\u0131 yakla\u015f\u0131k 1,5 saat. Kiralad\u0131\u011f\u0131m\u0131z ara\u00e7la Mardin&#8217;den Midyat&#8217;a gidiyoruz.<\/p>\n<p>D\u00fcnyan\u0131n en eski yerle\u015fim merkezlerinden olan Mezopotamya\u2019da yer alan Midyat\u2019ta bilinen ilk yerle\u015fim M. \u00d6. 9. y\u00fczy\u0131lda kurulmu\u015f. Asur tabletlerinde ma\u011fara kenti anlam\u0131nda \u201cMatiate\u201d olarak ge\u00e7iyor.<\/p>\n<p><!--more--><\/p>\n<p>Mimari olarak kademe kademe y\u00fckselen ta\u015f konaklar, abbaralar, kesme ta\u015ftan sokaklar, kiliseler ve \u00e7an kuleleri ile bir Orta\u00e7a\u011f kentini an\u0131msat\u0131yor.<\/p>\n<p>Son y\u0131llarda b\u00f6lgede \u00e7ekilen dizi filmler sayesinde b\u00f6lgeye duyulan \u00f6nem daha da artm\u0131\u015f.<\/p>\n<p><strong>G\u00fcle\u015fke Han<\/strong><\/p>\n<p><img loading=\"lazy\" decoding=\"async\" class=\"alignnone size-medium wp-image-4679\" src=\"https:\/\/www.yeryuzundebirkacadim.com\/wp-content\/uploads\/2022\/02\/IMG_0089-1-1024x683.jpg\" alt=\"\" width=\"1024\" height=\"683\" srcset=\"https:\/\/www.yeryuzundebirkacadim.com\/wp-content\/uploads\/2022\/02\/IMG_0089-1-1024x683.jpg 1024w, https:\/\/www.yeryuzundebirkacadim.com\/wp-content\/uploads\/2022\/02\/IMG_0089-1-768x512.jpg 768w, https:\/\/www.yeryuzundebirkacadim.com\/wp-content\/uploads\/2022\/02\/IMG_0089-1-2048x1366.jpg 2048w, https:\/\/www.yeryuzundebirkacadim.com\/wp-content\/uploads\/2022\/02\/IMG_0089-1-816x544.jpg 816w\" sizes=\"auto, (max-width: 1024px) 100vw, 1024px\" \/><\/p>\n<p>Midyat\u2019\u0131n en turistik noktas\u0131. \u0130lk yerle\u015fim alanlar\u0131ym\u0131\u015f. \u0130\u00e7erisinde kaya ma\u011faralar\u0131 da bulunuyor.<\/p>\n<p><img loading=\"lazy\" decoding=\"async\" class=\"alignnone size-medium wp-image-4667\" src=\"https:\/\/www.yeryuzundebirkacadim.com\/wp-content\/uploads\/2022\/02\/IMG_20201030_110604-1024x505.jpg\" alt=\"\" width=\"1024\" height=\"505\" srcset=\"https:\/\/www.yeryuzundebirkacadim.com\/wp-content\/uploads\/2022\/02\/IMG_20201030_110604-1024x505.jpg 1024w, https:\/\/www.yeryuzundebirkacadim.com\/wp-content\/uploads\/2022\/02\/IMG_20201030_110604-768x379.jpg 768w, https:\/\/www.yeryuzundebirkacadim.com\/wp-content\/uploads\/2022\/02\/IMG_20201030_110604-2048x1010.jpg 2048w, https:\/\/www.yeryuzundebirkacadim.com\/wp-content\/uploads\/2022\/02\/IMG_20201030_110604-816x402.jpg 816w\" sizes=\"auto, (max-width: 1024px) 100vw, 1024px\" \/><\/p>\n<p><img loading=\"lazy\" decoding=\"async\" class=\"alignnone size-medium wp-image-4666\" src=\"https:\/\/www.yeryuzundebirkacadim.com\/wp-content\/uploads\/2022\/02\/IMG_0104-1024x683.jpg\" alt=\"\" width=\"1024\" height=\"683\" srcset=\"https:\/\/www.yeryuzundebirkacadim.com\/wp-content\/uploads\/2022\/02\/IMG_0104-1024x683.jpg 1024w, https:\/\/www.yeryuzundebirkacadim.com\/wp-content\/uploads\/2022\/02\/IMG_0104-768x512.jpg 768w, https:\/\/www.yeryuzundebirkacadim.com\/wp-content\/uploads\/2022\/02\/IMG_0104-2048x1365.jpg 2048w, https:\/\/www.yeryuzundebirkacadim.com\/wp-content\/uploads\/2022\/02\/IMG_0104-816x544.jpg 816w\" sizes=\"auto, (max-width: 1024px) 100vw, 1024px\" \/><\/p>\n<p><strong>Beyaz Konak Kafe<\/strong><\/p>\n<p>Midyat&#8217;\u0131n konaklar\u0131 da en az Mardin konaklar\u0131 kadar s\u00fcsl\u00fc ve g\u00f6z al\u0131c\u0131. Bunlardan biri olan Beyaz Konak,\u00a0 kafe olarak kullan\u0131l\u0131yor.<\/p>\n<p><img loading=\"lazy\" decoding=\"async\" class=\"alignnone size-medium wp-image-4670\" src=\"https:\/\/www.yeryuzundebirkacadim.com\/wp-content\/uploads\/2022\/02\/IMG_0121-1024x683.jpg\" alt=\"\" width=\"1024\" height=\"683\" srcset=\"https:\/\/www.yeryuzundebirkacadim.com\/wp-content\/uploads\/2022\/02\/IMG_0121-1024x683.jpg 1024w, https:\/\/www.yeryuzundebirkacadim.com\/wp-content\/uploads\/2022\/02\/IMG_0121-768x512.jpg 768w, https:\/\/www.yeryuzundebirkacadim.com\/wp-content\/uploads\/2022\/02\/IMG_0121-2048x1365.jpg 2048w, https:\/\/www.yeryuzundebirkacadim.com\/wp-content\/uploads\/2022\/02\/IMG_0121-816x544.jpg 816w\" sizes=\"auto, (max-width: 1024px) 100vw, 1024px\" \/><\/p>\n<p>Kahvemizi ve yan\u0131nda verilen reyhan \u015ferbetini burada i\u00e7iyoruz. Buradan S\u0131la Kona\u011f\u0131&#8217;n\u0131 da seyrediyoruz.<\/p>\n<p><strong><img loading=\"lazy\" decoding=\"async\" class=\"alignnone size-medium wp-image-4678\" src=\"https:\/\/www.yeryuzundebirkacadim.com\/wp-content\/uploads\/2022\/02\/IMG_20201030_113126-1-1024x505.jpg\" alt=\"\" width=\"1024\" height=\"505\" srcset=\"https:\/\/www.yeryuzundebirkacadim.com\/wp-content\/uploads\/2022\/02\/IMG_20201030_113126-1-1024x505.jpg 1024w, https:\/\/www.yeryuzundebirkacadim.com\/wp-content\/uploads\/2022\/02\/IMG_20201030_113126-1-768x379.jpg 768w, https:\/\/www.yeryuzundebirkacadim.com\/wp-content\/uploads\/2022\/02\/IMG_20201030_113126-1-2048x1010.jpg 2048w, https:\/\/www.yeryuzundebirkacadim.com\/wp-content\/uploads\/2022\/02\/IMG_20201030_113126-1-816x402.jpg 816w\" sizes=\"auto, (max-width: 1024px) 100vw, 1024px\" \/><\/strong><\/p>\n<p><strong>Midyat Konuk Evi (S\u0131la Kona\u011f\u0131)<\/strong><\/p>\n<p>Ta\u015f i\u015f\u00e7ili\u011finin en g\u00fczel \u00f6rneklerinden olan bu eski konakta S\u0131la dizisinin baz\u0131 b\u00f6l\u00fcmleri \u00e7ekilmi\u015f.<\/p>\n<p><img loading=\"lazy\" decoding=\"async\" class=\"alignnone size-medium wp-image-4677\" src=\"https:\/\/www.yeryuzundebirkacadim.com\/wp-content\/uploads\/2022\/02\/IMG_0125-1024x683.jpg\" alt=\"\" width=\"1024\" height=\"683\" srcset=\"https:\/\/www.yeryuzundebirkacadim.com\/wp-content\/uploads\/2022\/02\/IMG_0125-1024x683.jpg 1024w, https:\/\/www.yeryuzundebirkacadim.com\/wp-content\/uploads\/2022\/02\/IMG_0125-768x512.jpg 768w, https:\/\/www.yeryuzundebirkacadim.com\/wp-content\/uploads\/2022\/02\/IMG_0125-2048x1366.jpg 2048w, https:\/\/www.yeryuzundebirkacadim.com\/wp-content\/uploads\/2022\/02\/IMG_0125-816x544.jpg 816w\" sizes=\"auto, (max-width: 1024px) 100vw, 1024px\" \/><\/p>\n<p>\u015eabo \u015eahho taraf\u0131ndan yap\u0131lm\u0131\u015f olan eski Midyat usul\u00fc konak uzun y\u0131llar S\u00fcryani bir aileye aitmi\u015f. \u00dcst kat\u0131nda bulunan ihti\u015faml\u0131 balkonu ve yo\u011fun ta\u015f i\u015f\u00e7ili\u011fi bulunan teras\u0131 turistlerin odak noktas\u0131. Foto\u011fraf \u00e7ekilmek i\u00e7in s\u0131ra oluyor.<\/p>\n<p><img loading=\"lazy\" decoding=\"async\" class=\"alignnone size-medium wp-image-4669\" src=\"https:\/\/www.yeryuzundebirkacadim.com\/wp-content\/uploads\/2022\/02\/IMG_0166-1024x683.jpg\" alt=\"\" width=\"1024\" height=\"683\" srcset=\"https:\/\/www.yeryuzundebirkacadim.com\/wp-content\/uploads\/2022\/02\/IMG_0166-1024x683.jpg 1024w, https:\/\/www.yeryuzundebirkacadim.com\/wp-content\/uploads\/2022\/02\/IMG_0166-768x512.jpg 768w, https:\/\/www.yeryuzundebirkacadim.com\/wp-content\/uploads\/2022\/02\/IMG_0166-2048x1365.jpg 2048w, https:\/\/www.yeryuzundebirkacadim.com\/wp-content\/uploads\/2022\/02\/IMG_0166-816x544.jpg 816w\" sizes=\"auto, (max-width: 1024px) 100vw, 1024px\" \/><\/p>\n<p><img loading=\"lazy\" decoding=\"async\" class=\"alignnone size-medium wp-image-4711\" src=\"https:\/\/www.yeryuzundebirkacadim.com\/wp-content\/uploads\/2022\/02\/IMG_0207-1024x683.jpg\" alt=\"\" width=\"1024\" height=\"683\" srcset=\"https:\/\/www.yeryuzundebirkacadim.com\/wp-content\/uploads\/2022\/02\/IMG_0207-1024x683.jpg 1024w, https:\/\/www.yeryuzundebirkacadim.com\/wp-content\/uploads\/2022\/02\/IMG_0207-768x512.jpg 768w, https:\/\/www.yeryuzundebirkacadim.com\/wp-content\/uploads\/2022\/02\/IMG_0207-2048x1366.jpg 2048w, https:\/\/www.yeryuzundebirkacadim.com\/wp-content\/uploads\/2022\/02\/IMG_0207-816x544.jpg 816w\" sizes=\"auto, (max-width: 1024px) 100vw, 1024px\" \/><\/p>\n<p>Konaktan \u00e7evre manzara da harika.<\/p>\n<p><img loading=\"lazy\" decoding=\"async\" class=\"alignnone size-medium wp-image-4675\" src=\"https:\/\/www.yeryuzundebirkacadim.com\/wp-content\/uploads\/2022\/02\/IMG_0198-1024x683.jpg\" alt=\"\" width=\"1024\" height=\"683\" srcset=\"https:\/\/www.yeryuzundebirkacadim.com\/wp-content\/uploads\/2022\/02\/IMG_0198-1024x683.jpg 1024w, https:\/\/www.yeryuzundebirkacadim.com\/wp-content\/uploads\/2022\/02\/IMG_0198-768x512.jpg 768w, https:\/\/www.yeryuzundebirkacadim.com\/wp-content\/uploads\/2022\/02\/IMG_0198-2048x1365.jpg 2048w, https:\/\/www.yeryuzundebirkacadim.com\/wp-content\/uploads\/2022\/02\/IMG_0198-816x544.jpg 816w\" sizes=\"auto, (max-width: 1024px) 100vw, 1024px\" \/><\/p>\n<p>\u015eehirden manzaralar&#8230;<\/p>\n<p><img loading=\"lazy\" decoding=\"async\" class=\"alignnone size-medium wp-image-4680\" src=\"https:\/\/www.yeryuzundebirkacadim.com\/wp-content\/uploads\/2022\/02\/IMG_0116-1024x683.jpg\" alt=\"\" width=\"1024\" height=\"683\" srcset=\"https:\/\/www.yeryuzundebirkacadim.com\/wp-content\/uploads\/2022\/02\/IMG_0116-1024x683.jpg 1024w, https:\/\/www.yeryuzundebirkacadim.com\/wp-content\/uploads\/2022\/02\/IMG_0116-768x512.jpg 768w, https:\/\/www.yeryuzundebirkacadim.com\/wp-content\/uploads\/2022\/02\/IMG_0116-2048x1365.jpg 2048w, https:\/\/www.yeryuzundebirkacadim.com\/wp-content\/uploads\/2022\/02\/IMG_0116-816x544.jpg 816w\" sizes=\"auto, (max-width: 1024px) 100vw, 1024px\" \/><\/p>\n<p><img loading=\"lazy\" decoding=\"async\" class=\"alignnone size-medium wp-image-4687\" src=\"https:\/\/www.yeryuzundebirkacadim.com\/wp-content\/uploads\/2022\/02\/IMG_0187-1024x683.jpg\" alt=\"\" width=\"1024\" height=\"683\" srcset=\"https:\/\/www.yeryuzundebirkacadim.com\/wp-content\/uploads\/2022\/02\/IMG_0187-1024x683.jpg 1024w, https:\/\/www.yeryuzundebirkacadim.com\/wp-content\/uploads\/2022\/02\/IMG_0187-768x512.jpg 768w, https:\/\/www.yeryuzundebirkacadim.com\/wp-content\/uploads\/2022\/02\/IMG_0187-816x544.jpg 816w, https:\/\/www.yeryuzundebirkacadim.com\/wp-content\/uploads\/2022\/02\/IMG_0187.jpg 1877w\" sizes=\"auto, (max-width: 1024px) 100vw, 1024px\" \/><\/p>\n<p>&nbsp;<\/p>\n<p><img loading=\"lazy\" decoding=\"async\" class=\"alignnone size-medium wp-image-4681\" src=\"https:\/\/www.yeryuzundebirkacadim.com\/wp-content\/uploads\/2022\/02\/IMG_0129-1024x683.jpg\" alt=\"\" width=\"1024\" height=\"683\" srcset=\"https:\/\/www.yeryuzundebirkacadim.com\/wp-content\/uploads\/2022\/02\/IMG_0129-1024x683.jpg 1024w, https:\/\/www.yeryuzundebirkacadim.com\/wp-content\/uploads\/2022\/02\/IMG_0129-768x512.jpg 768w, https:\/\/www.yeryuzundebirkacadim.com\/wp-content\/uploads\/2022\/02\/IMG_0129-2048x1365.jpg 2048w, https:\/\/www.yeryuzundebirkacadim.com\/wp-content\/uploads\/2022\/02\/IMG_0129-816x544.jpg 816w\" sizes=\"auto, (max-width: 1024px) 100vw, 1024px\" \/> <img loading=\"lazy\" decoding=\"async\" class=\"alignnone size-medium wp-image-4682\" src=\"https:\/\/www.yeryuzundebirkacadim.com\/wp-content\/uploads\/2022\/02\/IMG_0146-1024x683.jpg\" alt=\"\" width=\"1024\" height=\"683\" srcset=\"https:\/\/www.yeryuzundebirkacadim.com\/wp-content\/uploads\/2022\/02\/IMG_0146-1024x683.jpg 1024w, https:\/\/www.yeryuzundebirkacadim.com\/wp-content\/uploads\/2022\/02\/IMG_0146-768x512.jpg 768w, https:\/\/www.yeryuzundebirkacadim.com\/wp-content\/uploads\/2022\/02\/IMG_0146-2048x1365.jpg 2048w, https:\/\/www.yeryuzundebirkacadim.com\/wp-content\/uploads\/2022\/02\/IMG_0146-816x544.jpg 816w\" sizes=\"auto, (max-width: 1024px) 100vw, 1024px\" \/><\/p>\n<p><img loading=\"lazy\" decoding=\"async\" class=\"alignnone size-medium wp-image-4683\" src=\"https:\/\/www.yeryuzundebirkacadim.com\/wp-content\/uploads\/2022\/02\/IMG_0233-1024x683.jpg\" alt=\"\" width=\"1024\" height=\"683\" srcset=\"https:\/\/www.yeryuzundebirkacadim.com\/wp-content\/uploads\/2022\/02\/IMG_0233-1024x683.jpg 1024w, https:\/\/www.yeryuzundebirkacadim.com\/wp-content\/uploads\/2022\/02\/IMG_0233-768x512.jpg 768w, https:\/\/www.yeryuzundebirkacadim.com\/wp-content\/uploads\/2022\/02\/IMG_0233-2048x1365.jpg 2048w, https:\/\/www.yeryuzundebirkacadim.com\/wp-content\/uploads\/2022\/02\/IMG_0233-816x544.jpg 816w\" sizes=\"auto, (max-width: 1024px) 100vw, 1024px\" \/><\/p>\n<p><img loading=\"lazy\" decoding=\"async\" class=\"alignnone size-medium wp-image-4684\" src=\"https:\/\/www.yeryuzundebirkacadim.com\/wp-content\/uploads\/2022\/02\/IMG_0223-1024x683.jpg\" alt=\"\" width=\"1024\" height=\"683\" srcset=\"https:\/\/www.yeryuzundebirkacadim.com\/wp-content\/uploads\/2022\/02\/IMG_0223-1024x683.jpg 1024w, https:\/\/www.yeryuzundebirkacadim.com\/wp-content\/uploads\/2022\/02\/IMG_0223-768x512.jpg 768w, https:\/\/www.yeryuzundebirkacadim.com\/wp-content\/uploads\/2022\/02\/IMG_0223-2048x1365.jpg 2048w, https:\/\/www.yeryuzundebirkacadim.com\/wp-content\/uploads\/2022\/02\/IMG_0223-816x544.jpg 816w\" sizes=\"auto, (max-width: 1024px) 100vw, 1024px\" \/><\/p>\n<p><img loading=\"lazy\" decoding=\"async\" class=\"alignnone size-medium wp-image-4685\" src=\"https:\/\/www.yeryuzundebirkacadim.com\/wp-content\/uploads\/2022\/02\/IMG_0243-1024x683.jpg\" alt=\"\" width=\"1024\" height=\"683\" srcset=\"https:\/\/www.yeryuzundebirkacadim.com\/wp-content\/uploads\/2022\/02\/IMG_0243-1024x683.jpg 1024w, https:\/\/www.yeryuzundebirkacadim.com\/wp-content\/uploads\/2022\/02\/IMG_0243-768x512.jpg 768w, https:\/\/www.yeryuzundebirkacadim.com\/wp-content\/uploads\/2022\/02\/IMG_0243-2048x1365.jpg 2048w, https:\/\/www.yeryuzundebirkacadim.com\/wp-content\/uploads\/2022\/02\/IMG_0243-816x544.jpg 816w\" sizes=\"auto, (max-width: 1024px) 100vw, 1024px\" \/><\/p>\n<p>Midyat halk\u0131, yakla\u015f\u0131k iki bin y\u0131ld\u0131r g\u00fcm\u00fc\u015f i\u015fi ve ba\u011fc\u0131l\u0131kla u\u011fra\u015f\u0131yor.<\/p>\n<p><strong>Telkari<\/strong> sanat\u0131n\u0131n en g\u00fczel \u00f6rnekleri buradad\u0131r. Telkari &#8220;tel i\u015fi&#8221; anlam\u0131na geliyor. Alt\u0131n ve g\u00fcm\u00fc\u015fle yap\u0131l\u0131yor. D\u00fcnyan\u0131n ilk alt\u0131n madeninin bulundu\u011fu yer buras\u0131ym\u0131\u015f. G\u00fcm\u00fc\u015f \u00fczerine yap\u0131lan telkari de \u00f6zellikle bu b\u00f6lgeye \u00f6zg\u00fc. Bu maharetlerinden dolay\u0131 S\u00fcryaniler&#8217;e &#8220;alt\u0131n\u0131n sihirbaz\u0131&#8221; derlermi\u015f.<\/p>\n<p>Midyat&#8217;ta G\u00fcm\u00fc\u015f\u00e7\u00fcler \u00c7ar\u015f\u0131s\u0131&#8217;na u\u011framadan d\u00f6n\u00fclmez. Tok Kuyumcu \u00e7e\u015fit olarak \u00e7ok fazla modele sahip. S\u00fcryani nazar boncu\u011fu da sat\u0131yor.<\/p>\n<p>G\u00fcm\u00fc\u015f\u00e7\u00fclerin bulundu\u011fu sokakta hayalet badem \u015fekeri de sat\u0131l\u0131yor.<\/p>\n<p>Midyat&#8217;\u0131n geleneksel y\u00f6ntemlerle \u00fcretilen mahlepli S\u00fcryani \u015farab\u0131 da \u00fcnl\u00fc.<\/p>\n<p><strong>Mor Gabriel (Deyrul Umur) Manast\u0131r\u0131<\/strong><\/p>\n<p><img loading=\"lazy\" decoding=\"async\" class=\"alignnone size-medium wp-image-4686\" src=\"https:\/\/www.yeryuzundebirkacadim.com\/wp-content\/uploads\/2022\/02\/IMG_0252-1024x683.jpg\" alt=\"\" width=\"1024\" height=\"683\" srcset=\"https:\/\/www.yeryuzundebirkacadim.com\/wp-content\/uploads\/2022\/02\/IMG_0252-1024x683.jpg 1024w, https:\/\/www.yeryuzundebirkacadim.com\/wp-content\/uploads\/2022\/02\/IMG_0252-768x512.jpg 768w, https:\/\/www.yeryuzundebirkacadim.com\/wp-content\/uploads\/2022\/02\/IMG_0252-2048x1366.jpg 2048w, https:\/\/www.yeryuzundebirkacadim.com\/wp-content\/uploads\/2022\/02\/IMG_0252-816x544.jpg 816w\" sizes=\"auto, (max-width: 1024px) 100vw, 1024px\" \/><\/p>\n<p>Dayr: Manast\u0131r, Umur: Hayat, Mor: Aziz demek.<\/p>\n<p>D\u00fcnyan\u0131n en eski faal S\u00fcryani Ortodoks Manast\u0131r\u0131 Mor Gabriel Hristiyan d\u00fcnyas\u0131 i\u00e7in b\u00fcy\u00fck bir \u00f6neme sahip. T\u00fcrkiye\u2019deki 4 metropolitten biri.<\/p>\n<p>Manast\u0131r\u0131n temelleri, bir r\u00fcya \u00fczerine iki rahip (Mor \u015emuel ve Mor \u015eemun) taraf\u0131ndan M. S. 397 y\u0131l\u0131nda at\u0131lm\u0131\u015ft\u0131r. Manast\u0131r\u2019a, Turabdin Metropoliti Mor Gabriel\u2019in ad\u0131 verilmi\u015f.<\/p>\n<p><img loading=\"lazy\" decoding=\"async\" class=\"alignnone size-medium wp-image-4693\" src=\"https:\/\/www.yeryuzundebirkacadim.com\/wp-content\/uploads\/2022\/02\/IMG_0285-1024x683.jpg\" alt=\"\" width=\"1024\" height=\"683\" srcset=\"https:\/\/www.yeryuzundebirkacadim.com\/wp-content\/uploads\/2022\/02\/IMG_0285-1024x683.jpg 1024w, https:\/\/www.yeryuzundebirkacadim.com\/wp-content\/uploads\/2022\/02\/IMG_0285-768x512.jpg 768w, https:\/\/www.yeryuzundebirkacadim.com\/wp-content\/uploads\/2022\/02\/IMG_0285-2048x1365.jpg 2048w, https:\/\/www.yeryuzundebirkacadim.com\/wp-content\/uploads\/2022\/02\/IMG_0285-816x544.jpg 816w\" sizes=\"auto, (max-width: 1024px) 100vw, 1024px\" \/> <img loading=\"lazy\" decoding=\"async\" class=\"alignnone size-medium wp-image-4694\" src=\"https:\/\/www.yeryuzundebirkacadim.com\/wp-content\/uploads\/2022\/02\/IMG_0287-1024x683.jpg\" alt=\"\" width=\"1024\" height=\"683\" srcset=\"https:\/\/www.yeryuzundebirkacadim.com\/wp-content\/uploads\/2022\/02\/IMG_0287-1024x683.jpg 1024w, https:\/\/www.yeryuzundebirkacadim.com\/wp-content\/uploads\/2022\/02\/IMG_0287-768x512.jpg 768w, https:\/\/www.yeryuzundebirkacadim.com\/wp-content\/uploads\/2022\/02\/IMG_0287-2048x1365.jpg 2048w, https:\/\/www.yeryuzundebirkacadim.com\/wp-content\/uploads\/2022\/02\/IMG_0287-816x544.jpg 816w\" sizes=\"auto, (max-width: 1024px) 100vw, 1024px\" \/><\/p>\n<p><strong><img loading=\"lazy\" decoding=\"async\" class=\"alignnone size-medium wp-image-4697\" src=\"https:\/\/www.yeryuzundebirkacadim.com\/wp-content\/uploads\/2022\/02\/IMG_0304-1024x683.jpg\" alt=\"\" width=\"1024\" height=\"683\" srcset=\"https:\/\/www.yeryuzundebirkacadim.com\/wp-content\/uploads\/2022\/02\/IMG_0304-1024x683.jpg 1024w, https:\/\/www.yeryuzundebirkacadim.com\/wp-content\/uploads\/2022\/02\/IMG_0304-768x512.jpg 768w, https:\/\/www.yeryuzundebirkacadim.com\/wp-content\/uploads\/2022\/02\/IMG_0304-2048x1365.jpg 2048w, https:\/\/www.yeryuzundebirkacadim.com\/wp-content\/uploads\/2022\/02\/IMG_0304-816x544.jpg 816w\" sizes=\"auto, (max-width: 1024px) 100vw, 1024px\" \/><\/strong><\/p>\n<p>Manast\u0131r\u0131n i\u00e7ine ve d\u0131\u015f\u0131na farkl\u0131 tarihlerde ekler yap\u0131lm\u0131\u015f. \u0130badet mekanlar\u0131n\u0131n yan\u0131 s\u0131ra, manast\u0131r ya\u015fam\u0131n\u0131 s\u00fcrd\u00fcrenler i\u00e7in \u00fcst katta yap\u0131lm\u0131\u015f alanlar da bulunuyor.<\/p>\n<p>Ayr\u0131ca buras\u0131 Hz. \u0130sa\u2019n\u0131n konu\u015ftu\u011fu dil olan Aramice\u2019nin bir leh\u00e7esi kabul edilen S\u00fcryanice ile ibadetin gen\u00e7 ku\u015faklara \u00f6\u011fretildi\u011fi bir merkezmi\u015f. Eskiden 3 dil kullan\u0131l\u0131yormu\u015f. Fars\u00e7a, Yunanca ve S\u00fcryanice.<\/p>\n<p>Manast\u0131rda 3 rahip, 14 rahibe, 30 \u00f6\u011frenci, birka\u00e7 personel bulunuyor. \u00d6\u011frenciler ta\u015f\u0131mal\u0131 sistemle gelip gidiyorlarm\u0131\u015f.<\/p>\n<p>Birbirinden farkl\u0131 tarzlarda yap\u0131lar\u0131 bar\u0131nd\u0131ran manast\u0131rda; Anastasius Kilisesi (Ana Kilise), Meryem Ana Kilisesi, Res\u00fcller Kilisesi, K\u0131rk \u015eehitler Kilisesi, Mor \u015emuel Mabedi, Theodora Kubbesi, Mor \u015eemun Kilisesi, M\u0131s\u0131rl\u0131lar Kubbesi, an\u0131t mezarlar, papaz evi ve mutfak b\u00f6l\u00fcmleri bulunmaktad\u0131r.<\/p>\n<p><strong>Ana Kilise (Anastasius Kilisesi): <\/strong>397 y\u0131l\u0131nda yap\u0131lan en eski yap\u0131d\u0131r. Ancak, kilise 512 y\u0131l\u0131nda d\u00f6nemin Bizans \u0130mparatoru I. Anastasius\u2019un maddi destekleri ile tamamland\u0131\u011f\u0131 i\u00e7in Anastasia Kilisesi olarak adland\u0131r\u0131lmaktad\u0131r. Bu alanda bir vaftizhane, 4. y\u00fczy\u0131lda biri Persler taraf\u0131ndan \u00f6ld\u00fcr\u00fclen 2 papaz\u0131n mezar\u0131 bulunur.<\/p>\n<p>Tadilat nedeni ile kapal\u0131.<\/p>\n<p><strong>Theodora Kubbesi:<\/strong> Tu\u011fla malzemenin yo\u011fun olarak kullan\u0131ld\u0131\u011f\u0131 kubbe sekiz kemerlidir.<\/p>\n<p>Yap\u0131l\u0131\u015f\u0131 hakk\u0131nda 2 g\u00f6r\u00fc\u015f vard\u0131r.<\/p>\n<p>\u0130lk g\u00f6r\u00fc\u015fe g\u00f6re K\u0131z\u0131 Theodora\u2019n\u0131n Mor \u015eemun\u2019un dualar\u0131yla iyile\u015fmesi nedeniyle imparator Arcadius taraf\u0131ndan yapt\u0131r\u0131lm\u0131\u015ft\u0131r.<\/p>\n<p>Di\u011fer g\u00f6r\u00fc\u015f ise kubbeyi in\u015fa ettiren ki\u015fi Do\u011fu Roma \u0130mparatoru I. Justinian\u2019\u0131n e\u015fi Krali\u00e7e Theodora\u2019d\u0131r.<\/p>\n<p>D\u00f6neminde vaftizhane olarak yap\u0131lm\u0131\u015ft\u0131r. Ancak bu ama\u00e7la hi\u00e7 kullan\u0131lmam\u0131\u015f. Vaftiz havuzu yok.\u00a0 Rahipler taraf\u0131ndan yemekhane olarak kullan\u0131lm\u0131\u015f. Ama g\u00fcn\u00fcm\u00fczde tarihi bir yap\u0131 oldu\u011fu i\u00e7in kullan\u0131lm\u0131yor. \u0130\u00e7erden kubbe, d\u0131\u015fardan kare, d\u00fcz \u015fekildedir. Tavandaki bo\u015fluklar akustik i\u00e7in. Ortadaki ta\u015f eskiden hamur yo\u011furmak ve \u00fcz\u00fcm s\u0131kmak i\u00e7in kullan\u0131lm\u0131\u015f. Ta\u015f\u0131n etraf\u0131ndaki S\u00fcryanice yaz\u0131lar tarih\u00e7esini anlat\u0131yor.<\/p>\n<p><img loading=\"lazy\" decoding=\"async\" class=\"alignnone size-medium wp-image-4688\" src=\"https:\/\/www.yeryuzundebirkacadim.com\/wp-content\/uploads\/2022\/02\/IMG_0254-1024x683.jpg\" alt=\"\" width=\"1024\" height=\"683\" srcset=\"https:\/\/www.yeryuzundebirkacadim.com\/wp-content\/uploads\/2022\/02\/IMG_0254-1024x683.jpg 1024w, https:\/\/www.yeryuzundebirkacadim.com\/wp-content\/uploads\/2022\/02\/IMG_0254-768x512.jpg 768w, https:\/\/www.yeryuzundebirkacadim.com\/wp-content\/uploads\/2022\/02\/IMG_0254-2048x1365.jpg 2048w, https:\/\/www.yeryuzundebirkacadim.com\/wp-content\/uploads\/2022\/02\/IMG_0254-816x544.jpg 816w\" sizes=\"auto, (max-width: 1024px) 100vw, 1024px\" \/><\/p>\n<p>Kubbenin bat\u0131s\u0131nda, \u00f6nceki d\u00f6nemlerde <strong>mutfak <\/strong>olarak kullan\u0131lan dikd\u00f6rtgen planl\u0131 \u00e7apraz tonozla \u00f6rt\u00fcl\u00fc bir mekan yer almaktad\u0131r.<\/p>\n<p><strong>Azizler Evi:<\/strong> An\u0131t mezar odalar\u0131n\u0131n bulundu\u011fu b\u00f6l\u00fcmd\u00fcr. Bu mezar odalar\u0131 15 adet ni\u015f i\u00e7erisine yerle\u015ftirilmi\u015f 12 bin azizin kemiklerini bar\u0131nd\u0131ran mezarlardan olu\u015fmaktad\u0131r.<\/p>\n<p>En \u00f6nemli mezar yerdeki. Mor Gabriel\u2019in (594-668) mezar\u0131. A\u00e7\u0131k. \u0130nsanlar \u015fifa i\u00e7in toprak al\u0131yor. M\u00fctevazili\u011fi nedeni ile mezar\u0131n\u0131n yerde olmas\u0131n\u0131 istemi\u015f.<\/p>\n<p>Yanda Mor \u015emuel\u2019in mezar\u0131 var.<\/p>\n<p><img loading=\"lazy\" decoding=\"async\" class=\"alignnone size-medium wp-image-4692\" src=\"https:\/\/www.yeryuzundebirkacadim.com\/wp-content\/uploads\/2022\/02\/IMG_0275-1024x683.jpg\" alt=\"\" width=\"1024\" height=\"683\" srcset=\"https:\/\/www.yeryuzundebirkacadim.com\/wp-content\/uploads\/2022\/02\/IMG_0275-1024x683.jpg 1024w, https:\/\/www.yeryuzundebirkacadim.com\/wp-content\/uploads\/2022\/02\/IMG_0275-768x512.jpg 768w, https:\/\/www.yeryuzundebirkacadim.com\/wp-content\/uploads\/2022\/02\/IMG_0275-2048x1365.jpg 2048w, https:\/\/www.yeryuzundebirkacadim.com\/wp-content\/uploads\/2022\/02\/IMG_0275-816x544.jpg 816w\" sizes=\"auto, (max-width: 1024px) 100vw, 1024px\" \/><\/p>\n<p><strong>Meryem Ana Kilisesi<\/strong>: II. Theodosius&#8217;un (5. y\u00fczy\u0131l ba\u015flar\u0131) ba\u011f\u0131\u015flar\u0131yla yapt\u0131r\u0131lan kilise, zaman\u0131nda lahitlerin konaca\u011f\u0131 abide evi olarak yap\u0131lm\u0131\u015ft\u0131r.<\/p>\n<p><img loading=\"lazy\" decoding=\"async\" class=\"alignnone size-medium wp-image-4696\" src=\"https:\/\/www.yeryuzundebirkacadim.com\/wp-content\/uploads\/2022\/02\/IMG_0269-1024x683.jpg\" alt=\"\" width=\"1024\" height=\"683\" srcset=\"https:\/\/www.yeryuzundebirkacadim.com\/wp-content\/uploads\/2022\/02\/IMG_0269-1024x683.jpg 1024w, https:\/\/www.yeryuzundebirkacadim.com\/wp-content\/uploads\/2022\/02\/IMG_0269-768x512.jpg 768w, https:\/\/www.yeryuzundebirkacadim.com\/wp-content\/uploads\/2022\/02\/IMG_0269-2048x1365.jpg 2048w, https:\/\/www.yeryuzundebirkacadim.com\/wp-content\/uploads\/2022\/02\/IMG_0269-816x544.jpg 816w\" sizes=\"auto, (max-width: 1024px) 100vw, 1024px\" \/><\/p>\n<p><img loading=\"lazy\" decoding=\"async\" class=\"alignnone size-medium wp-image-4690\" src=\"https:\/\/www.yeryuzundebirkacadim.com\/wp-content\/uploads\/2022\/02\/IMG_0264-1024x683.jpg\" alt=\"\" width=\"1024\" height=\"683\" srcset=\"https:\/\/www.yeryuzundebirkacadim.com\/wp-content\/uploads\/2022\/02\/IMG_0264-1024x683.jpg 1024w, https:\/\/www.yeryuzundebirkacadim.com\/wp-content\/uploads\/2022\/02\/IMG_0264-768x512.jpg 768w, https:\/\/www.yeryuzundebirkacadim.com\/wp-content\/uploads\/2022\/02\/IMG_0264-2048x1365.jpg 2048w, https:\/\/www.yeryuzundebirkacadim.com\/wp-content\/uploads\/2022\/02\/IMG_0264-816x544.jpg 816w\" sizes=\"auto, (max-width: 1024px) 100vw, 1024px\" \/><\/p>\n<p><img loading=\"lazy\" decoding=\"async\" class=\"alignnone size-medium wp-image-4689\" src=\"https:\/\/www.yeryuzundebirkacadim.com\/wp-content\/uploads\/2022\/02\/IMG_7674-1024x683.jpg\" alt=\"\" width=\"1024\" height=\"683\" srcset=\"https:\/\/www.yeryuzundebirkacadim.com\/wp-content\/uploads\/2022\/02\/IMG_7674-1024x683.jpg 1024w, https:\/\/www.yeryuzundebirkacadim.com\/wp-content\/uploads\/2022\/02\/IMG_7674-768x512.jpg 768w, https:\/\/www.yeryuzundebirkacadim.com\/wp-content\/uploads\/2022\/02\/IMG_7674-2048x1365.jpg 2048w, https:\/\/www.yeryuzundebirkacadim.com\/wp-content\/uploads\/2022\/02\/IMG_7674-816x544.jpg 816w\" sizes=\"auto, (max-width: 1024px) 100vw, 1024px\" \/><\/p>\n<p>(Ge\u00e7en sene bize manast\u0131r hakk\u0131nda bilgiler veren Kuryakos Acar.)<\/p>\n<p>Buras\u0131 aktif ibadet alan\u0131. G\u00fcnde 3 defa sabah, \u00f6\u011fle, ak\u015fam toplu, 4 defa bireysel ibadet var. Ayinler ise haftada 3 defa \u00e7ar\u015famba, cuma, pazar.<\/p>\n<p>Kiliselerde 2 b\u00f6l\u00fcm bulunur. \u0130badet alan\u0131 ve ayinlerin yap\u0131ld\u0131\u011f\u0131 kutsal alan. Kutsal alana sadece din adamlar\u0131 girebiliyor.<\/p>\n<p>Kilise sadedir. Resim, ikon, heykel yok. Sadece perde var.<\/p>\n<p>Midyat\u2019ta Turabdin b\u00f6lgesi, \u00f6zellikle 4. y\u00fczy\u0131lda yo\u011fun bir manast\u0131r yerle\u015fimine tan\u0131k olmu\u015f. B\u00f6lgede az say\u0131da da olsa varl\u0131\u011f\u0131n\u0131 s\u00fcrd\u00fcren S\u00fcryani k\u00f6yleri var.\u00a0 Biz de bunlardan ikisine gidiyoruz.<\/p>\n<p><strong>Bar\u0131\u015ftepe (Salah) K\u00f6y\u00fc, Mor Yakup Kilisesi<\/strong><\/p>\n<p><img loading=\"lazy\" decoding=\"async\" class=\"alignnone size-medium wp-image-4698\" src=\"https:\/\/www.yeryuzundebirkacadim.com\/wp-content\/uploads\/2022\/02\/IMG_0310-1024x683.jpg\" alt=\"\" width=\"1024\" height=\"683\" srcset=\"https:\/\/www.yeryuzundebirkacadim.com\/wp-content\/uploads\/2022\/02\/IMG_0310-1024x683.jpg 1024w, https:\/\/www.yeryuzundebirkacadim.com\/wp-content\/uploads\/2022\/02\/IMG_0310-768x512.jpg 768w, https:\/\/www.yeryuzundebirkacadim.com\/wp-content\/uploads\/2022\/02\/IMG_0310-2048x1365.jpg 2048w, https:\/\/www.yeryuzundebirkacadim.com\/wp-content\/uploads\/2022\/02\/IMG_0310-816x544.jpg 816w\" sizes=\"auto, (max-width: 1024px) 100vw, 1024px\" \/><\/p>\n<p>Turabdin\u2019in Salah K\u00f6y\u00fc\u2019ne yerle\u015fen Mor Yakup, Mor Bar\u015fabo\u2019nun yan\u0131nda \u00f6\u011frencili\u011fe ba\u015flar. M. S. 419 y\u0131l\u0131nda Mor Bar\u015fabo ve en az 10 \u00f6\u011frencisinin Persler taraf\u0131ndan \u015fehit edilmesiyle \u00f6\u011fretmeninin ad\u0131na burada bir kilise in\u015fa eder.<\/p>\n<p><img loading=\"lazy\" decoding=\"async\" class=\"alignnone size-medium wp-image-4699\" src=\"https:\/\/www.yeryuzundebirkacadim.com\/wp-content\/uploads\/2022\/02\/IMG_0314-1024x683.jpg\" alt=\"\" width=\"1024\" height=\"683\" srcset=\"https:\/\/www.yeryuzundebirkacadim.com\/wp-content\/uploads\/2022\/02\/IMG_0314-1024x683.jpg 1024w, https:\/\/www.yeryuzundebirkacadim.com\/wp-content\/uploads\/2022\/02\/IMG_0314-768x512.jpg 768w, https:\/\/www.yeryuzundebirkacadim.com\/wp-content\/uploads\/2022\/02\/IMG_0314-2048x1365.jpg 2048w, https:\/\/www.yeryuzundebirkacadim.com\/wp-content\/uploads\/2022\/02\/IMG_0314-816x544.jpg 816w\" sizes=\"auto, (max-width: 1024px) 100vw, 1024px\" \/><\/p>\n<p>Turabdin\u2019in en g\u00f6rkemli tu\u011fla i\u015f\u00e7ili\u011fi bu kilisede kendini g\u00f6sterir. Birbirinin i\u00e7ine girmi\u015f yay kesitli tu\u011flalar farkl\u0131l\u0131\u011f\u0131n g\u00f6stergesidir. Tu\u011fla \u00f6rg\u00fcler aras\u0131ndaki ta\u015f kemerler boyalar\u0131 nedeniyle tu\u011flalar\u0131n farkl\u0131 renklerdeymi\u015f gibi alg\u0131lanmas\u0131na neden olur.<\/p>\n<p><img loading=\"lazy\" decoding=\"async\" class=\"alignnone size-medium wp-image-4700\" src=\"https:\/\/www.yeryuzundebirkacadim.com\/wp-content\/uploads\/2022\/02\/IMG_0316-1024x683.jpg\" alt=\"\" width=\"1024\" height=\"683\" srcset=\"https:\/\/www.yeryuzundebirkacadim.com\/wp-content\/uploads\/2022\/02\/IMG_0316-1024x683.jpg 1024w, https:\/\/www.yeryuzundebirkacadim.com\/wp-content\/uploads\/2022\/02\/IMG_0316-768x512.jpg 768w, https:\/\/www.yeryuzundebirkacadim.com\/wp-content\/uploads\/2022\/02\/IMG_0316-2048x1366.jpg 2048w, https:\/\/www.yeryuzundebirkacadim.com\/wp-content\/uploads\/2022\/02\/IMG_0316-816x544.jpg 816w\" sizes=\"auto, (max-width: 1024px) 100vw, 1024px\" \/><\/p>\n<p>Birinci D\u00fcnya Sava\u015f\u0131\u2019na kadar faal olan kilise 1965 y\u0131l\u0131nda Rahip Yakup Tekin\u2019in manast\u0131ra atanmas\u0131na kadar sahipsiz kalm\u0131\u015f. Bu tarihten sonra yeniden canlanan manast\u0131r ve k\u00f6y 30 hane haline gelmi\u015f, Ancak \u00e7e\u015fitli sebeplerden dolay\u0131 1980\u2019lerdeki g\u00f6\u00e7lerle bir ailenin ya\u015fad\u0131\u011f\u0131 bir k\u00f6y haline d\u00f6nm\u00fc\u015ft\u00fcr.<\/p>\n<p>Kilisede de \u015fimdilerde 1 rahip, 5 rahibe, 6 \u00f6\u011frenci varm\u0131\u015f.<\/p>\n<p><strong>Hah (An\u0131tl\u0131) K\u00f6y\u00fc, Meryem Ana Kilisesi<\/strong><\/p>\n<p>Midyat&#8217;\u0131n eski ismi &#8221;Hah&#8221; olan tarihi An\u0131tl\u0131 K\u00f6y\u00fc&#8217;ne gidiyoruz. Hah; dinlenme yeri demekmi\u015f.<\/p>\n<p>Ve burada m\u00fcthi\u015f, etkileyici, tablo gibi bir eserle kar\u015f\u0131la\u015f\u0131yoruz.\u00a02 bin y\u0131ll\u0131k an\u0131t\u0131n \u00fczerine kurulmu\u015f olan Meryem Ana Kilisesi.\u00a0 M. S. 1. y\u00fczy\u0131lda yap\u0131lm\u0131\u015f.<\/p>\n<p><img loading=\"lazy\" decoding=\"async\" class=\"alignnone size-medium wp-image-4701\" src=\"https:\/\/www.yeryuzundebirkacadim.com\/wp-content\/uploads\/2022\/02\/IMG_0327-1024x683.jpg\" alt=\"\" width=\"1024\" height=\"683\" srcset=\"https:\/\/www.yeryuzundebirkacadim.com\/wp-content\/uploads\/2022\/02\/IMG_0327-1024x683.jpg 1024w, https:\/\/www.yeryuzundebirkacadim.com\/wp-content\/uploads\/2022\/02\/IMG_0327-768x512.jpg 768w, https:\/\/www.yeryuzundebirkacadim.com\/wp-content\/uploads\/2022\/02\/IMG_0327-2048x1365.jpg 2048w, https:\/\/www.yeryuzundebirkacadim.com\/wp-content\/uploads\/2022\/02\/IMG_0327-816x544.jpg 816w\" sizes=\"auto, (max-width: 1024px) 100vw, 1024px\" \/><\/p>\n<p>Efes, Bergama gibi klasik Bat\u0131 Anadolu kentlerinde izledi\u011fimiz eserlerle ya\u015f\u0131t. Ancak bu eserler y\u00fczy\u0131llar \u00f6nce terkedilmi\u015f\u00a0olmas\u0131na ra\u011fmen Meryem Ana Kilisesi\u2019nde ibadet kesintisiz olarak yakla\u015f\u0131k 2000 y\u0131ld\u0131r devam ediyor.<\/p>\n<p><img loading=\"lazy\" decoding=\"async\" class=\"alignnone size-medium wp-image-4704\" src=\"https:\/\/www.yeryuzundebirkacadim.com\/wp-content\/uploads\/2022\/02\/IMG_0344-1024x683.jpg\" alt=\"\" width=\"1024\" height=\"683\" srcset=\"https:\/\/www.yeryuzundebirkacadim.com\/wp-content\/uploads\/2022\/02\/IMG_0344-1024x683.jpg 1024w, https:\/\/www.yeryuzundebirkacadim.com\/wp-content\/uploads\/2022\/02\/IMG_0344-768x512.jpg 768w, https:\/\/www.yeryuzundebirkacadim.com\/wp-content\/uploads\/2022\/02\/IMG_0344-2048x1365.jpg 2048w, https:\/\/www.yeryuzundebirkacadim.com\/wp-content\/uploads\/2022\/02\/IMG_0344-816x544.jpg 816w\" sizes=\"auto, (max-width: 1024px) 100vw, 1024px\" \/><\/p>\n<p>Yap\u0131 kare planl\u0131. Roma tap\u0131na\u011f\u0131 stilindedir.\u00a0Meryem Ana Kilisesi&#8217;nde ha\u00e7\u0131n \u00fczerinde \u0130sa&#8217;n\u0131n ruhunu betimleyen g\u00fcvercin fig\u00fcr\u00fc var.<\/p>\n<p><img loading=\"lazy\" decoding=\"async\" class=\"alignnone size-medium wp-image-4703\" src=\"https:\/\/www.yeryuzundebirkacadim.com\/wp-content\/uploads\/2022\/02\/IMG_0337-1024x683.jpg\" alt=\"\" width=\"1024\" height=\"683\" srcset=\"https:\/\/www.yeryuzundebirkacadim.com\/wp-content\/uploads\/2022\/02\/IMG_0337-1024x683.jpg 1024w, https:\/\/www.yeryuzundebirkacadim.com\/wp-content\/uploads\/2022\/02\/IMG_0337-768x512.jpg 768w, https:\/\/www.yeryuzundebirkacadim.com\/wp-content\/uploads\/2022\/02\/IMG_0337-2048x1365.jpg 2048w, https:\/\/www.yeryuzundebirkacadim.com\/wp-content\/uploads\/2022\/02\/IMG_0337-816x544.jpg 816w\" sizes=\"auto, (max-width: 1024px) 100vw, 1024px\" \/><\/p>\n<p><img loading=\"lazy\" decoding=\"async\" class=\"alignnone size-medium wp-image-4702\" src=\"https:\/\/www.yeryuzundebirkacadim.com\/wp-content\/uploads\/2022\/02\/IMG_0347-1024x683.jpg\" alt=\"\" width=\"1024\" height=\"683\" srcset=\"https:\/\/www.yeryuzundebirkacadim.com\/wp-content\/uploads\/2022\/02\/IMG_0347-1024x683.jpg 1024w, https:\/\/www.yeryuzundebirkacadim.com\/wp-content\/uploads\/2022\/02\/IMG_0347-768x512.jpg 768w, https:\/\/www.yeryuzundebirkacadim.com\/wp-content\/uploads\/2022\/02\/IMG_0347-2048x1365.jpg 2048w, https:\/\/www.yeryuzundebirkacadim.com\/wp-content\/uploads\/2022\/02\/IMG_0347-816x544.jpg 816w\" sizes=\"auto, (max-width: 1024px) 100vw, 1024px\" \/><\/p>\n<p>G\u00fcn\u00fcm\u00fczde k\u00f6yde 18 S\u00fcryani ve 1 M\u00fcsl\u00fcman aile ya\u015f\u0131yormu\u015f.<\/p>\n<p>&nbsp;<\/p>\n<p>&nbsp;<\/p>\n<p>&nbsp;<\/p>\n<p><strong>\u00a0<\/strong><\/p>\n<p><strong>\u00a0<\/strong><\/p>\n<p>&nbsp;<\/p>\n<p>&nbsp;<\/p>\n<p>&nbsp;<\/p>\n","protected":false},"excerpt":{"rendered":"<p>Midyat Mardin Midyat aras\u0131 yakla\u015f\u0131k 1,5 saat. Kiralad\u0131\u011f\u0131m\u0131z ara\u00e7la Mardin&#8217;den Midyat&#8217;a gidiyoruz. D\u00fcnyan\u0131n en eski yerle\u015fim merkezlerinden olan Mezopotamya\u2019da yer alan Midyat\u2019ta bilinen ilk yerle\u015fim M. \u00d6. 9. y\u00fczy\u0131lda kurulmu\u015f. Asur tabletlerinde ma\u011fara kenti anlam\u0131nda \u201cMatiate\u201d olarak ge\u00e7iyor.<\/p>\n","protected":false},"author":1,"featured_media":4671,"comment_status":"closed","ping_status":"closed","sticky":false,"template":"","format":"standard","meta":{"footnotes":""},"categories":[482,627],"tags":[548,546,544,549,541,543,537,547,542,545],"class_list":["post-4673","post","type-post","status-publish","format-standard","has-post-thumbnail","hentry","category-gap","category-midyat-gap","tag-anitli-koyu","tag-baristepe","tag-beyaz-konak","tag-meryem-ana","tag-midyat","tag-midyat-konuk-evi","tag-mor-gabriel","tag-mor-yakup","tag-sila-evi","tag-telkari"],"_links":{"self":[{"href":"https:\/\/www.yeryuzundebirkacadim.com\/index.php\/wp-json\/wp\/v2\/posts\/4673","targetHints":{"allow":["GET"]}}],"collection":[{"href":"https:\/\/www.yeryuzundebirkacadim.com\/index.php\/wp-json\/wp\/v2\/posts"}],"about":[{"href":"https:\/\/www.yeryuzundebirkacadim.com\/index.php\/wp-json\/wp\/v2\/types\/post"}],"author":[{"embeddable":true,"href":"https:\/\/www.yeryuzundebirkacadim.com\/index.php\/wp-json\/wp\/v2\/users\/1"}],"replies":[{"embeddable":true,"href":"https:\/\/www.yeryuzundebirkacadim.com\/index.php\/wp-json\/wp\/v2\/comments?post=4673"}],"version-history":[{"count":10,"href":"https:\/\/www.yeryuzundebirkacadim.com\/index.php\/wp-json\/wp\/v2\/posts\/4673\/revisions"}],"predecessor-version":[{"id":4898,"href":"https:\/\/www.yeryuzundebirkacadim.com\/index.php\/wp-json\/wp\/v2\/posts\/4673\/revisions\/4898"}],"wp:featuredmedia":[{"embeddable":true,"href":"https:\/\/www.yeryuzundebirkacadim.com\/index.php\/wp-json\/wp\/v2\/media\/4671"}],"wp:attachment":[{"href":"https:\/\/www.yeryuzundebirkacadim.com\/index.php\/wp-json\/wp\/v2\/media?parent=4673"}],"wp:term":[{"taxonomy":"category","embeddable":true,"href":"https:\/\/www.yeryuzundebirkacadim.com\/index.php\/wp-json\/wp\/v2\/categories?post=4673"},{"taxonomy":"post_tag","embeddable":true,"href":"https:\/\/www.yeryuzundebirkacadim.com\/index.php\/wp-json\/wp\/v2\/tags?post=4673"}],"curies":[{"name":"wp","href":"https:\/\/api.w.org\/{rel}","templated":true}]}}