


{"id":4581,"date":"2022-01-27T22:26:37","date_gmt":"2022-01-27T19:26:37","guid":{"rendered":"http:\/\/www.yeryuzundebirkacadim.com\/?p=4581"},"modified":"2024-08-19T13:56:21","modified_gmt":"2024-08-19T10:56:21","slug":"hasankeyf-batman-gap-gezisi","status":"publish","type":"post","link":"https:\/\/www.yeryuzundebirkacadim.com\/index.php\/2022\/01\/27\/hasankeyf-batman-gap-gezisi\/","title":{"rendered":"Hasankeyf (Batman)"},"content":{"rendered":"<h3><strong>Hasankeyf\u00a0 (BATMAN)<\/strong><\/h3>\n<p><span style=\"font-size: 16px;\">Hasankeyf<\/span><span style=\"font-size: 16px;\"> Silvan&#8217;a 96 km mesafede bulunuyor.<\/span><\/p>\n<p>D\u00fcnyadaki ya\u015fayan arkeolojik birka\u00e7 \u015fehirden biri. Neredeyse 12 bin y\u0131ll\u0131k bir ge\u00e7mi\u015fe sahip. \u015eehrin kimler taraf\u0131ndan kuruldu\u011fu bilinmiyor. \u0130smi h\u0131sn\u0131 (kaya) kehfa (kale)\u2019den geliyor.<\/p>\n<p><!--more--><\/p>\n<p>Bizans \u0130mparatoru II. Konstantin, topraklar\u0131n\u0131 Sasani sald\u0131r\u0131lar\u0131ndan korumak i\u00e7in bir kale in\u015fa ettirmi\u015f.<\/p>\n<p><img loading=\"lazy\" decoding=\"async\" class=\"alignnone size-medium wp-image-4379\" src=\"https:\/\/www.yeryuzundebirkacadim.com\/wp-content\/uploads\/2021\/01\/IMG_7647-1024x683.jpg\" alt=\"\" width=\"1024\" height=\"683\" srcset=\"https:\/\/www.yeryuzundebirkacadim.com\/wp-content\/uploads\/2021\/01\/IMG_7647-1024x683.jpg 1024w, https:\/\/www.yeryuzundebirkacadim.com\/wp-content\/uploads\/2021\/01\/IMG_7647-768x512.jpg 768w, https:\/\/www.yeryuzundebirkacadim.com\/wp-content\/uploads\/2021\/01\/IMG_7647-2048x1365.jpg 2048w, https:\/\/www.yeryuzundebirkacadim.com\/wp-content\/uploads\/2021\/01\/IMG_7647-816x544.jpg 816w\" sizes=\"auto, (max-width: 1024px) 100vw, 1024px\" \/><\/p>\n<p>Buran\u0131n dikkat \u00e7eken ilk \u00f6zelli\u011fi ma\u011fara evler. \u00a0Antik kentin \u00e7evresinde yakla\u015f\u0131k olarak 6 bine yak\u0131n ma\u011fara bulunuyor.<\/p>\n<p>Ma\u011fara evler g\u00fcvenli olmad\u0131klar\u0131 gerek\u00e7esiyle 1970\u2019li y\u0131llarda bo\u015falt\u0131lm\u0131\u015f. \u0130l\u00e7ede ya\u015fayanlar\u0131n b\u00fcy\u00fck \u00e7o\u011funlu\u011fu buradan \u201czorunlu olarak\u201d ta\u015f\u0131nm\u0131\u015f.<\/p>\n<p><img loading=\"lazy\" decoding=\"async\" class=\"alignnone size-medium wp-image-4381\" src=\"https:\/\/www.yeryuzundebirkacadim.com\/wp-content\/uploads\/2021\/01\/IMG_7635-1024x683.jpg\" alt=\"\" width=\"1024\" height=\"683\" srcset=\"https:\/\/www.yeryuzundebirkacadim.com\/wp-content\/uploads\/2021\/01\/IMG_7635-1024x683.jpg 1024w, https:\/\/www.yeryuzundebirkacadim.com\/wp-content\/uploads\/2021\/01\/IMG_7635-768x512.jpg 768w, https:\/\/www.yeryuzundebirkacadim.com\/wp-content\/uploads\/2021\/01\/IMG_7635-2048x1365.jpg 2048w, https:\/\/www.yeryuzundebirkacadim.com\/wp-content\/uploads\/2021\/01\/IMG_7635-816x544.jpg 816w\" sizes=\"auto, (max-width: 1024px) 100vw, 1024px\" \/><\/p>\n<p>Rivayete g\u00f6re b\u00f6lgeyi ziyaret eden d\u00f6nemin Cumhurba\u015fkan\u0131 Cevdet Sunay, kar\u015f\u0131s\u0131nda olduk\u00e7a kalabal\u0131k bir grup g\u00f6r\u00fcnce \u015fa\u015f\u0131rm\u0131\u015f. \u015ea\u015fk\u0131nl\u0131\u011f\u0131n\u0131n nedeni etrafta hi\u00e7 evin olmamas\u0131ym\u0131\u015f. \u201cBu kadar insan nerede ya\u015f\u0131yor?\u201d diye sordu\u011funda \u201cma\u011faralarda\u201d yan\u0131t\u0131n\u0131 alm\u0131\u015f. \u201cBu devirde ma\u011farada ya\u015fan\u0131r m\u0131?\u201d diyen Cumhurba\u015fkan\u0131\u2019n\u0131n direktifiyle b\u00f6lgeye konutlar in\u015fa edilmeye ba\u015flanm\u0131\u015f. Oysa kimsenin b\u00f6yle bir iste\u011fi yokmu\u015f. Hasankeyfliler\u2019in ilk g\u00f6\u00e7leri ve zorunlu eve \u00e7\u0131k\u0131\u015f\u0131 da b\u00f6yle ba\u015flam\u0131\u015f. \u015eimdi ise \u015fehrin Il\u0131su baraj\u0131n\u0131n alt\u0131nda kalmas\u0131ndan dolay\u0131 tepelere yap\u0131lan Toki&#8217;lere g\u00f6\u00e7 etmek zorunda kalm\u0131\u015flar.<\/p>\n<p>Ekip olarak yerel rehberden bilgi al\u0131yoruz.<\/p>\n<p><img loading=\"lazy\" decoding=\"async\" class=\"alignnone size-medium wp-image-4377\" src=\"https:\/\/www.yeryuzundebirkacadim.com\/wp-content\/uploads\/2021\/01\/IMG_7631-1024x683.jpg\" alt=\"\" width=\"1024\" height=\"683\" srcset=\"https:\/\/www.yeryuzundebirkacadim.com\/wp-content\/uploads\/2021\/01\/IMG_7631-1024x683.jpg 1024w, https:\/\/www.yeryuzundebirkacadim.com\/wp-content\/uploads\/2021\/01\/IMG_7631-768x512.jpg 768w, https:\/\/www.yeryuzundebirkacadim.com\/wp-content\/uploads\/2021\/01\/IMG_7631-2048x1365.jpg 2048w, https:\/\/www.yeryuzundebirkacadim.com\/wp-content\/uploads\/2021\/01\/IMG_7631-816x544.jpg 816w\" sizes=\"auto, (max-width: 1024px) 100vw, 1024px\" \/><\/p>\n<p>Tarihi yap\u0131lar\u0131n bir k\u0131sm\u0131 ise 2 km \u00f6tede yer alan Hasankeyf Yeni K\u00fclt\u00fcrel Park Alan\u0131\u2019na ta\u015f\u0131nm\u0131\u015f.<\/p>\n<p>Tarih boyunca Hasankeyf, Mezopotamya\u2019ya hakim konumu ve i\u00e7inden ge\u00e7en Dicle nehri nedeniyle \u00e7e\u015fitli kavimlerin payla\u015famad\u0131\u011f\u0131 bir \u015fehir olmu\u015f.<\/p>\n<p>Medler, Persler, B\u00fcy\u00fck \u0130skender, Romal\u0131lar, Bizans, Abbasiler, Sel\u00e7uklular, Artuklular gibi.<\/p>\n<p>1517\u2019de ise Osmanl\u0131 topraklar\u0131na kat\u0131lm\u0131\u015f.<\/p>\n<p><strong>Artuklu K\u00f6pr\u00fcs\u00fc:\u00a0<\/strong>Kesin yap\u0131l\u0131\u015f tarihi bilinmemekle birlikte, k\u00f6pr\u00fcdeki ta\u015f\u00e7\u0131 i\u015faretleri ve ayaklardaki kabartma fig\u00fcrlerinden Artuklular\u2019a ait oldu\u011fu kabul edilmektedir. Roma d\u00f6nemine ait k\u00f6pr\u00fcn\u00fcn temelleri \u00fczerine Artuklular taraf\u0131ndan tekrar yap\u0131lm\u0131\u015f. G\u00fcn\u00fcm\u00fcze ise iki kemer ve ayaklar\u0131 ula\u015fm\u0131\u015f.<\/p>\n<p><img loading=\"lazy\" decoding=\"async\" class=\"alignnone size-medium wp-image-4380\" src=\"https:\/\/www.yeryuzundebirkacadim.com\/wp-content\/uploads\/2021\/01\/IMG_20191026_132907-1024x505.jpg\" alt=\"\" width=\"1024\" height=\"505\" srcset=\"https:\/\/www.yeryuzundebirkacadim.com\/wp-content\/uploads\/2021\/01\/IMG_20191026_132907-1024x505.jpg 1024w, https:\/\/www.yeryuzundebirkacadim.com\/wp-content\/uploads\/2021\/01\/IMG_20191026_132907-768x379.jpg 768w, https:\/\/www.yeryuzundebirkacadim.com\/wp-content\/uploads\/2021\/01\/IMG_20191026_132907-2048x1010.jpg 2048w, https:\/\/www.yeryuzundebirkacadim.com\/wp-content\/uploads\/2021\/01\/IMG_20191026_132907-816x402.jpg 816w\" sizes=\"auto, (max-width: 1024px) 100vw, 1024px\" \/><\/p>\n<p><strong>Zeynel Bey T\u00fcrbesi:<\/strong> T\u00fcrbe, 1462-1482 y\u0131llar\u0131 aras\u0131nda Hasankeyf\u2019e hakim olan Akkoyunlu H\u00fck\u00fcmdar\u0131 Uzun Hasan\u2019\u0131n Otlukbeli Sava\u015f\u0131\u2019nda \u00f6len o\u011flu i\u00e7in yapt\u0131r\u0131lm\u0131\u015ft\u0131r. T\u00fcrkistan y\u00f6resi an\u0131t mezarlar\u0131n\u0131n etkisi g\u00f6r\u00fclen t\u00fcrbe d\u0131\u015ftan silindirik i\u00e7erden sekizgen plandad\u0131r. D\u0131\u015f cephede turkuaz renkli tu\u011fla \u00e7inilerden olu\u015fan kufi hatl\u0131 yaz\u0131lar bulunur.<\/p>\n<p>T\u00fcrbe; Hasankeyf Yeni K\u00fclt\u00fcrel Park Alan\u0131\u2019na ta\u015f\u0131nm\u0131\u015ft\u0131r.<\/p>\n<p><strong>Sultan S\u00fcleyman K\u00fclliyesi<\/strong>: Minare kaidesindeki kitabeye g\u00f6re, k\u00fclliye birimleri Eyyubi Sultan\u0131 S\u00fcleyman taraf\u0131ndan 1407 y\u0131l\u0131nda yapt\u0131r\u0131lm\u0131\u015ft\u0131r. Cami, medrese, imaret, \u00e7e\u015fme, han ve t\u00fcrbelerden olu\u015fmaktad\u0131r.<\/p>\n<p>Minaresi K\u00fclt\u00fcr Park Alan\u0131na ta\u015f\u0131nm\u0131\u015ft\u0131r.<\/p>\n<p><strong>Er R\u0131zk Cami:<\/strong> 1409\u2019da Eyyubi sultan\u0131 S\u00fcleyman taraf\u0131ndan yapt\u0131r\u0131lm\u0131\u015ft\u0131r. Kitabenin hemen alt\u0131nda bitkisel s\u00fcsler i\u00e7inde Allah\u2019\u0131n 99 ismi yaz\u0131l\u0131d\u0131r. G\u00fcn\u00fcm\u00fczde minaresi ve kuzey k\u0131sm\u0131 kalm\u0131\u015ft\u0131r. Minarede kufi hatl\u0131 yaz\u0131lar ve damla motifi s\u00fcslemeler bulunmaktad\u0131r.<\/p>\n<p>Minaresi K\u00fclt\u00fcr Park Alan\u0131na ta\u015f\u0131nm\u0131\u015ft\u0131r.<\/p>\n<p><strong>\u0130mam Abdullah Zaviyesi:<\/strong> Bir h\u00f6y\u00fck \u00fczerinde bulunan zaviye, Hz. Muhammed\u2019in soyundan geldi\u011fine inan\u0131lan \u0130mam Abdullah\u2019a ait ve y\u00f6re halk\u0131 taraf\u0131ndan b\u00fcy\u00fck sayg\u0131 g\u00f6sterilen bir t\u00fcrbedir.<\/p>\n<p>T\u00fcrbe de Yeni Park Alan\u0131na ta\u015f\u0131nm\u0131\u015f.<\/p>\n<p>Ve bize m\u00fczik ziyafeti veren y\u00f6re gen\u00e7leri..<\/p>\n<p><img loading=\"lazy\" decoding=\"async\" class=\"alignnone size-medium wp-image-4479\" src=\"https:\/\/www.yeryuzundebirkacadim.com\/wp-content\/uploads\/2021\/02\/IMG_7644-1024x683.jpg\" alt=\"\" width=\"1024\" height=\"683\" srcset=\"https:\/\/www.yeryuzundebirkacadim.com\/wp-content\/uploads\/2021\/02\/IMG_7644-1024x683.jpg 1024w, https:\/\/www.yeryuzundebirkacadim.com\/wp-content\/uploads\/2021\/02\/IMG_7644-768x512.jpg 768w, https:\/\/www.yeryuzundebirkacadim.com\/wp-content\/uploads\/2021\/02\/IMG_7644-2048x1365.jpg 2048w, https:\/\/www.yeryuzundebirkacadim.com\/wp-content\/uploads\/2021\/02\/IMG_7644-816x544.jpg 816w\" sizes=\"auto, (max-width: 1024px) 100vw, 1024px\" \/><\/p>\n","protected":false},"excerpt":{"rendered":"<p>Hasankeyf\u00a0 (BATMAN) Hasankeyf Silvan&#8217;a 96 km mesafede bulunuyor. D\u00fcnyadaki ya\u015fayan arkeolojik birka\u00e7 \u015fehirden biri. Neredeyse 12 bin y\u0131ll\u0131k bir ge\u00e7mi\u015fe sahip. \u015eehrin kimler taraf\u0131ndan kuruldu\u011fu bilinmiyor. \u0130smi h\u0131sn\u0131 (kaya) kehfa (kale)\u2019den geliyor.<\/p>\n","protected":false},"author":1,"featured_media":4482,"comment_status":"closed","ping_status":"closed","sticky":false,"template":"","format":"standard","meta":{"footnotes":""},"categories":[482,629],"tags":[500,496,527,526,528,499,497],"class_list":["post-4581","post","type-post","status-publish","format-standard","has-post-thumbnail","hentry","category-gap","category-hasankeyf-gap","tag-artuklu-koprusu","tag-batman","tag-er-rizk-cami","tag-hasankeyf","tag-imim-abdullah-zaviyesi","tag-sultan-suleyman-kulliyesi","tag-zeynel-bey-turbesi"],"_links":{"self":[{"href":"https:\/\/www.yeryuzundebirkacadim.com\/index.php\/wp-json\/wp\/v2\/posts\/4581","targetHints":{"allow":["GET"]}}],"collection":[{"href":"https:\/\/www.yeryuzundebirkacadim.com\/index.php\/wp-json\/wp\/v2\/posts"}],"about":[{"href":"https:\/\/www.yeryuzundebirkacadim.com\/index.php\/wp-json\/wp\/v2\/types\/post"}],"author":[{"embeddable":true,"href":"https:\/\/www.yeryuzundebirkacadim.com\/index.php\/wp-json\/wp\/v2\/users\/1"}],"replies":[{"embeddable":true,"href":"https:\/\/www.yeryuzundebirkacadim.com\/index.php\/wp-json\/wp\/v2\/comments?post=4581"}],"version-history":[{"count":7,"href":"https:\/\/www.yeryuzundebirkacadim.com\/index.php\/wp-json\/wp\/v2\/posts\/4581\/revisions"}],"predecessor-version":[{"id":4897,"href":"https:\/\/www.yeryuzundebirkacadim.com\/index.php\/wp-json\/wp\/v2\/posts\/4581\/revisions\/4897"}],"wp:featuredmedia":[{"embeddable":true,"href":"https:\/\/www.yeryuzundebirkacadim.com\/index.php\/wp-json\/wp\/v2\/media\/4482"}],"wp:attachment":[{"href":"https:\/\/www.yeryuzundebirkacadim.com\/index.php\/wp-json\/wp\/v2\/media?parent=4581"}],"wp:term":[{"taxonomy":"category","embeddable":true,"href":"https:\/\/www.yeryuzundebirkacadim.com\/index.php\/wp-json\/wp\/v2\/categories?post=4581"},{"taxonomy":"post_tag","embeddable":true,"href":"https:\/\/www.yeryuzundebirkacadim.com\/index.php\/wp-json\/wp\/v2\/tags?post=4581"}],"curies":[{"name":"wp","href":"https:\/\/api.w.org\/{rel}","templated":true}]}}