


{"id":4521,"date":"2022-01-04T20:07:14","date_gmt":"2022-01-04T17:07:14","guid":{"rendered":"http:\/\/www.yeryuzundebirkacadim.com\/?p=4521"},"modified":"2024-08-19T13:56:21","modified_gmt":"2024-08-19T10:56:21","slug":"kucuksu-kasri","status":"publish","type":"post","link":"https:\/\/www.yeryuzundebirkacadim.com\/index.php\/2022\/01\/04\/kucuksu-kasri\/","title":{"rendered":"K\u00fc\u00e7\u00fcksu Kasr\u0131"},"content":{"rendered":"<p><strong>K\u00fc\u00e7\u00fcksu Kasr\u0131 (G\u00f6ksu Kasr\u0131)<\/strong><\/p>\n<p>Eski ad\u0131 G\u00f6ksu Kasr\u0131 olan K\u00fc\u00e7\u00fcksu Kasr\u0131, G\u00f6ksu ve K\u00fc\u00e7\u00fcksu derelerinin aras\u0131ndaki arazide bo\u011faz k\u0131y\u0131s\u0131nda bulunuyor.<\/p>\n<p><!--more--><\/p>\n<p><strong><img loading=\"lazy\" decoding=\"async\" class=\"alignnone size-medium wp-image-4525\" src=\"https:\/\/www.yeryuzundebirkacadim.com\/wp-content\/uploads\/2022\/01\/3a13fadb-a3b5-4ed8-9b70-99cb20adcbdc-1024x768.jpg\" alt=\"\" width=\"1024\" height=\"768\" srcset=\"https:\/\/www.yeryuzundebirkacadim.com\/wp-content\/uploads\/2022\/01\/3a13fadb-a3b5-4ed8-9b70-99cb20adcbdc-1024x768.jpg 1024w, https:\/\/www.yeryuzundebirkacadim.com\/wp-content\/uploads\/2022\/01\/3a13fadb-a3b5-4ed8-9b70-99cb20adcbdc-768x576.jpg 768w, https:\/\/www.yeryuzundebirkacadim.com\/wp-content\/uploads\/2022\/01\/3a13fadb-a3b5-4ed8-9b70-99cb20adcbdc-816x612.jpg 816w, https:\/\/www.yeryuzundebirkacadim.com\/wp-content\/uploads\/2022\/01\/3a13fadb-a3b5-4ed8-9b70-99cb20adcbdc.jpg 1600w\" sizes=\"auto, (max-width: 1024px) 100vw, 1024px\" \/><\/strong><\/p>\n<p>Sultan I. Mahmud d\u00f6neminde yapt\u0131r\u0131lan, III. Selim ve II. Mahmud d\u00f6nemlerinde de onar\u0131larak kullan\u0131lan eski ah\u015fap saray, Sultan Abd\u00fclmecid d\u00f6neminde y\u0131kt\u0131r\u0131larak yerine bug\u00fcnk\u00fc Bat\u0131 tarz\u0131ndaki kas\u0131r yapt\u0131r\u0131lm\u0131\u015f. 1857&#8217;de hizmete giren kasr\u0131n mimar\u0131 bir\u00e7ok Osmanl\u0131 yap\u0131s\u0131nda imzalar\u0131 bulunan Balyan Ailesi&#8217;nden Nigo\u011fos Balyan&#8217;d\u0131r.<\/p>\n<p><strong><img loading=\"lazy\" decoding=\"async\" class=\"alignnone size-medium wp-image-4527\" src=\"https:\/\/www.yeryuzundebirkacadim.com\/wp-content\/uploads\/2022\/01\/74c64c0b-8df6-47be-91b1-1c26253c1f44-1024x768.jpg\" alt=\"\" width=\"1024\" height=\"768\" srcset=\"https:\/\/www.yeryuzundebirkacadim.com\/wp-content\/uploads\/2022\/01\/74c64c0b-8df6-47be-91b1-1c26253c1f44-1024x768.jpg 1024w, https:\/\/www.yeryuzundebirkacadim.com\/wp-content\/uploads\/2022\/01\/74c64c0b-8df6-47be-91b1-1c26253c1f44-768x576.jpg 768w, https:\/\/www.yeryuzundebirkacadim.com\/wp-content\/uploads\/2022\/01\/74c64c0b-8df6-47be-91b1-1c26253c1f44-816x612.jpg 816w, https:\/\/www.yeryuzundebirkacadim.com\/wp-content\/uploads\/2022\/01\/74c64c0b-8df6-47be-91b1-1c26253c1f44.jpg 1600w\" sizes=\"auto, (max-width: 1024px) 100vw, 1024px\" \/><\/strong><\/p>\n<p>Bodrumuyla birlikte \u00fc\u00e7 katl\u0131 olan kas\u0131r, y\u0131\u011fma tekni\u011fi ile kagir olarak yap\u0131lm\u0131\u015f. Dinlenme ve av ama\u00e7l\u0131 kullan\u0131lm\u0131\u015f. \u0130\u00e7 s\u00fcsleme ve dekorasyonu ayn\u0131 zamanda Dolmabah\u00e7e Saray\u0131&#8217;n\u0131n da i\u00e7 mekan tasar\u0131mlar\u0131ndan sorumlu olan Paris Operas\u0131 dekorat\u00f6r\u00fc Frans\u0131z Sechan&#8217;a ait.<\/p>\n<p>Kasr\u0131n i\u00e7 mekanlar\u0131; al\u00e7\u0131 kabartmal\u0131 kalem i\u015fi s\u00fcslemeli tavanlar\u0131, ince i\u015f\u00e7ilikli parkeleri, Bat\u0131l\u0131 tarzdaki mobilyalar\u0131, duvarlar\u0131 s\u00fcsleyen sanat eserleri ve de\u011ferli \u0130talyan mermerlerinden yap\u0131lm\u0131\u015f \u015f\u00f6mineleriyle e\u015fsiz bir 19. y\u00fczy\u0131l sanat m\u00fczesi \u00f6zelli\u011fini yans\u0131t\u0131yor.<\/p>\n<p><strong><img loading=\"lazy\" decoding=\"async\" class=\"alignnone size-medium wp-image-4526\" src=\"https:\/\/www.yeryuzundebirkacadim.com\/wp-content\/uploads\/2022\/01\/8e0885cf-4697-421c-a463-d330e3906d7f-1024x768.jpg\" alt=\"\" width=\"1024\" height=\"768\" srcset=\"https:\/\/www.yeryuzundebirkacadim.com\/wp-content\/uploads\/2022\/01\/8e0885cf-4697-421c-a463-d330e3906d7f-1024x768.jpg 1024w, https:\/\/www.yeryuzundebirkacadim.com\/wp-content\/uploads\/2022\/01\/8e0885cf-4697-421c-a463-d330e3906d7f-768x576.jpg 768w, https:\/\/www.yeryuzundebirkacadim.com\/wp-content\/uploads\/2022\/01\/8e0885cf-4697-421c-a463-d330e3906d7f.jpg 2048w, https:\/\/www.yeryuzundebirkacadim.com\/wp-content\/uploads\/2022\/01\/8e0885cf-4697-421c-a463-d330e3906d7f-816x612.jpg 816w\" sizes=\"auto, (max-width: 1024px) 100vw, 1024px\" \/><\/strong><\/p>\n<p>\u0130\u00e7eride foto\u011fraf \u00e7ekmek yasak oldu\u011fu i\u00e7in sadece giri\u015fte buray\u0131 \u00e7ekebildim:)<\/p>\n<p>Kasr\u0131n d\u0131\u015f s\u00fcslemeleri, gen\u00e7 ya\u015fta vefat eden a\u011fabeyi Sultan Abd\u00fclmecid\u2019den sonra tahta ge\u00e7en Sultan Abd\u00fclaziz taraf\u0131ndan fazla sade bulundu\u011fu i\u00e7in yeniden d\u00fczenlenmi\u015f.<\/p>\n<p><strong><img loading=\"lazy\" decoding=\"async\" class=\"alignnone size-medium wp-image-4530\" src=\"https:\/\/www.yeryuzundebirkacadim.com\/wp-content\/uploads\/2022\/01\/478467c5-6f27-4b7b-93ea-d29d15fcdf07-1024x768.jpg\" alt=\"\" width=\"1024\" height=\"768\" srcset=\"https:\/\/www.yeryuzundebirkacadim.com\/wp-content\/uploads\/2022\/01\/478467c5-6f27-4b7b-93ea-d29d15fcdf07-1024x768.jpg 1024w, https:\/\/www.yeryuzundebirkacadim.com\/wp-content\/uploads\/2022\/01\/478467c5-6f27-4b7b-93ea-d29d15fcdf07-768x576.jpg 768w, https:\/\/www.yeryuzundebirkacadim.com\/wp-content\/uploads\/2022\/01\/478467c5-6f27-4b7b-93ea-d29d15fcdf07-816x612.jpg 816w, https:\/\/www.yeryuzundebirkacadim.com\/wp-content\/uploads\/2022\/01\/478467c5-6f27-4b7b-93ea-d29d15fcdf07.jpg 1600w\" sizes=\"auto, (max-width: 1024px) 100vw, 1024px\" \/><\/strong><\/p>\n<p>Kasr\u0131n denize bakan cephesi, padi\u015fahlar buraya gelirken denizyolunu tercih ettikleri i\u00e7in di\u011fer cephelere oranla daha g\u00f6steri\u015fli ve zengin bir g\u00f6r\u00fcn\u00fcme sahiptir. Bu cephede bulunan \u015fad\u0131rvanl\u0131 k\u00fc\u00e7\u00fck havuz ve merdivenin bezemelerinde, Barok D\u00f6nem mimari anlay\u0131\u015f\u0131 benimsenmi\u015f.<\/p>\n<p><strong><img loading=\"lazy\" decoding=\"async\" class=\"alignnone size-medium wp-image-4529\" src=\"https:\/\/www.yeryuzundebirkacadim.com\/wp-content\/uploads\/2022\/01\/624a6366-f790-4ccc-a880-3992b57a3bbb-1024x768.jpg\" alt=\"\" width=\"1024\" height=\"768\" srcset=\"https:\/\/www.yeryuzundebirkacadim.com\/wp-content\/uploads\/2022\/01\/624a6366-f790-4ccc-a880-3992b57a3bbb-1024x768.jpg 1024w, https:\/\/www.yeryuzundebirkacadim.com\/wp-content\/uploads\/2022\/01\/624a6366-f790-4ccc-a880-3992b57a3bbb-768x576.jpg 768w, https:\/\/www.yeryuzundebirkacadim.com\/wp-content\/uploads\/2022\/01\/624a6366-f790-4ccc-a880-3992b57a3bbb-816x612.jpg 816w, https:\/\/www.yeryuzundebirkacadim.com\/wp-content\/uploads\/2022\/01\/624a6366-f790-4ccc-a880-3992b57a3bbb.jpg 1296w\" sizes=\"auto, (max-width: 1024px) 100vw, 1024px\" \/><\/strong><\/p>\n<p><strong><img loading=\"lazy\" decoding=\"async\" class=\"alignnone size-medium wp-image-4531\" src=\"https:\/\/www.yeryuzundebirkacadim.com\/wp-content\/uploads\/2022\/01\/501fedf2-b218-48fd-9c0a-e60aed033fe8-1024x768.jpg\" alt=\"\" width=\"1024\" height=\"768\" srcset=\"https:\/\/www.yeryuzundebirkacadim.com\/wp-content\/uploads\/2022\/01\/501fedf2-b218-48fd-9c0a-e60aed033fe8-1024x768.jpg 1024w, https:\/\/www.yeryuzundebirkacadim.com\/wp-content\/uploads\/2022\/01\/501fedf2-b218-48fd-9c0a-e60aed033fe8-768x576.jpg 768w, https:\/\/www.yeryuzundebirkacadim.com\/wp-content\/uploads\/2022\/01\/501fedf2-b218-48fd-9c0a-e60aed033fe8-816x612.jpg 816w, https:\/\/www.yeryuzundebirkacadim.com\/wp-content\/uploads\/2022\/01\/501fedf2-b218-48fd-9c0a-e60aed033fe8.jpg 1600w\" sizes=\"auto, (max-width: 1024px) 100vw, 1024px\" \/><\/strong><\/p>\n<p>Geleneksel T\u00fcrk evi plan\u0131nda yap\u0131lan yap\u0131, bir &#8220;bini\u015f kasr\u0131&#8221; niteli\u011findedir ve devlete ait di\u011fer saray yap\u0131lar\u0131n\u0131n tersine y\u00fcksek duvarlarla de\u011fil, d\u00f6rt y\u00f6nde kap\u0131s\u0131 olan ve d\u00f6k\u00fcm tekni\u011fiyle yap\u0131lm\u0131\u015f zarif demir parmakl\u0131klarla \u00e7evrilidir.<\/p>\n<p><strong><img loading=\"lazy\" decoding=\"async\" class=\"alignnone size-medium wp-image-4524\" src=\"https:\/\/www.yeryuzundebirkacadim.com\/wp-content\/uploads\/2022\/01\/1bc81c11-7bcc-4f78-ab24-6891d4765e16-1024x768.jpg\" alt=\"\" width=\"1024\" height=\"768\" srcset=\"https:\/\/www.yeryuzundebirkacadim.com\/wp-content\/uploads\/2022\/01\/1bc81c11-7bcc-4f78-ab24-6891d4765e16-1024x768.jpg 1024w, https:\/\/www.yeryuzundebirkacadim.com\/wp-content\/uploads\/2022\/01\/1bc81c11-7bcc-4f78-ab24-6891d4765e16-768x576.jpg 768w, https:\/\/www.yeryuzundebirkacadim.com\/wp-content\/uploads\/2022\/01\/1bc81c11-7bcc-4f78-ab24-6891d4765e16-816x612.jpg 816w, https:\/\/www.yeryuzundebirkacadim.com\/wp-content\/uploads\/2022\/01\/1bc81c11-7bcc-4f78-ab24-6891d4765e16.jpg 1600w\" sizes=\"auto, (max-width: 1024px) 100vw, 1024px\" \/><\/strong><\/p>\n<p>K\u00fc\u00e7\u00fcksu Kasr\u0131, pek \u00e7ok diplomatik kabule ev sahipli\u011fi yapm\u0131\u015f.<\/p>\n<p>Fatih Sultan Mehmed d\u00f6neminde \u00e7\u0131kan bir kanunnameyle ba\u015flat\u0131lan, padi\u015fahlar\u0131n aile \u00fcyeleri d\u0131\u015f\u0131nda kimseyle sofray\u0131 payla\u015fmama gelene\u011fi de ilk kez burada bozulmu\u015ftur.<\/p>\n<p>1909 y\u0131l\u0131nda Sultan Mehmed Re\u015fad\u2019\u0131n d\u00f6nemin ileri gelen asker ve b\u00fcrokratlar\u0131yla bir \u00f6\u011fle yeme\u011fi i\u00e7in ziyaret etti\u011fi kas\u0131r, Cumhuriyet D\u00f6nemi\u2019nde de ilgi g\u00f6sterilen yerlerden biri olmay\u0131 s\u00fcrd\u00fcrm\u00fc\u015ft\u00fcr. Mustafa Kemal Atat\u00fcrk\u2019\u00fcn de Bo\u011fazi\u00e7i gezileri s\u0131ras\u0131nda k\u0131sa s\u00fcreli dinlence mekan\u0131 olarak u\u011frad\u0131\u011f\u0131 K\u00fc\u00e7\u00fcksu Kasr\u0131, 1983 y\u0131l\u0131nda m\u00fcze olarak hizmete a\u00e7\u0131lm\u0131\u015ft\u0131r. 1992 y\u0131l\u0131nda ba\u015flay\u0131p d\u00f6rt y\u0131l s\u00fcren kapsaml\u0131 bir restorasyon ve g\u00fc\u00e7lendirme projesinin ard\u0131ndan bug\u00fcnk\u00fc g\u00f6r\u00fcn\u00fcm\u00fcne kavu\u015fan Kas\u0131r, g\u00fcn\u00fcm\u00fczde m\u00fcze-saray olarak hizmet vermeyi s\u00fcrd\u00fcrmektedir.\u00a0Kasr\u0131n bah\u00e7esi, ziyaret\u00e7ilerin dinlenip e\u011flenebildi\u011fi bir mesire alan\u0131 olarak kullan\u0131l\u0131yor.<\/p>\n<p><strong><img loading=\"lazy\" decoding=\"async\" class=\"alignnone size-medium wp-image-4528\" src=\"https:\/\/www.yeryuzundebirkacadim.com\/wp-content\/uploads\/2022\/01\/510deeb6-ea44-4947-b15e-e6147b7af6ee-1024x768.jpg\" alt=\"\" width=\"1024\" height=\"768\" srcset=\"https:\/\/www.yeryuzundebirkacadim.com\/wp-content\/uploads\/2022\/01\/510deeb6-ea44-4947-b15e-e6147b7af6ee-1024x768.jpg 1024w, https:\/\/www.yeryuzundebirkacadim.com\/wp-content\/uploads\/2022\/01\/510deeb6-ea44-4947-b15e-e6147b7af6ee-768x576.jpg 768w, https:\/\/www.yeryuzundebirkacadim.com\/wp-content\/uploads\/2022\/01\/510deeb6-ea44-4947-b15e-e6147b7af6ee-816x612.jpg 816w, https:\/\/www.yeryuzundebirkacadim.com\/wp-content\/uploads\/2022\/01\/510deeb6-ea44-4947-b15e-e6147b7af6ee.jpg 1600w\" sizes=\"auto, (max-width: 1024px) 100vw, 1024px\" \/><\/strong><\/p>\n<div>K\u00fc\u00e7\u00fcksu Mihri\u015fah Sultan \u00c7e\u015fmesi ya da K\u00fc\u00e7\u00fcksu Kasr\u0131 \u00c7e\u015fmesi, K\u00fc\u00e7\u00fcksu Kasr\u0131 i\u00e7inde yer al\u0131yor.<\/div>\n<div>1806\u2019da Sultan III. Selim Han taraf\u0131ndan annesi Mihri\u015fah Sultan ad\u0131na yapt\u0131r\u0131lm\u0131\u015ft\u0131r.<\/div>\n<div>Mimar\u0131 bilinmeyen \u00e7e\u015fme, G\u00f6ksu ve K\u00fc\u00e7\u00fcksu dereleri aras\u0131ndaki \u00fcnl\u00fc mesirede yer almas\u0131 dolay\u0131s\u0131yla, \u0130stanbul literat\u00fcr\u00fcnde \u00f6zel bir yere sahiptir. Eski Bo\u011fazi\u00e7i resimlerinde en fazla tasvir edilen yap\u0131lardan biridir.<\/div>\n<p>&nbsp;<\/p>\n<p>&nbsp;<\/p>\n","protected":false},"excerpt":{"rendered":"<p>K\u00fc\u00e7\u00fcksu Kasr\u0131 (G\u00f6ksu Kasr\u0131) Eski ad\u0131 G\u00f6ksu Kasr\u0131 olan K\u00fc\u00e7\u00fcksu Kasr\u0131, G\u00f6ksu ve K\u00fc\u00e7\u00fcksu derelerinin aras\u0131ndaki arazide bo\u011faz k\u0131y\u0131s\u0131nda bulunuyor.<\/p>\n","protected":false},"author":1,"featured_media":4533,"comment_status":"closed","ping_status":"closed","sticky":false,"template":"","format":"standard","meta":{"footnotes":""},"categories":[123,512],"tags":[508,507,504,505,502,509,503,510,506],"class_list":["post-4521","post","type-post","status-publish","format-standard","has-post-thumbnail","hentry","category-istanbul","category-kucuksu-kasri","tag-abdulaziz","tag-abdulmecid","tag-anadoluhisari","tag-balyan","tag-goksukasri","tag-kasir","tag-kucuksukasri","tag-mihrisah","tag-sechan"],"_links":{"self":[{"href":"https:\/\/www.yeryuzundebirkacadim.com\/index.php\/wp-json\/wp\/v2\/posts\/4521","targetHints":{"allow":["GET"]}}],"collection":[{"href":"https:\/\/www.yeryuzundebirkacadim.com\/index.php\/wp-json\/wp\/v2\/posts"}],"about":[{"href":"https:\/\/www.yeryuzundebirkacadim.com\/index.php\/wp-json\/wp\/v2\/types\/post"}],"author":[{"embeddable":true,"href":"https:\/\/www.yeryuzundebirkacadim.com\/index.php\/wp-json\/wp\/v2\/users\/1"}],"replies":[{"embeddable":true,"href":"https:\/\/www.yeryuzundebirkacadim.com\/index.php\/wp-json\/wp\/v2\/comments?post=4521"}],"version-history":[{"count":6,"href":"https:\/\/www.yeryuzundebirkacadim.com\/index.php\/wp-json\/wp\/v2\/posts\/4521\/revisions"}],"predecessor-version":[{"id":4724,"href":"https:\/\/www.yeryuzundebirkacadim.com\/index.php\/wp-json\/wp\/v2\/posts\/4521\/revisions\/4724"}],"wp:featuredmedia":[{"embeddable":true,"href":"https:\/\/www.yeryuzundebirkacadim.com\/index.php\/wp-json\/wp\/v2\/media\/4533"}],"wp:attachment":[{"href":"https:\/\/www.yeryuzundebirkacadim.com\/index.php\/wp-json\/wp\/v2\/media?parent=4521"}],"wp:term":[{"taxonomy":"category","embeddable":true,"href":"https:\/\/www.yeryuzundebirkacadim.com\/index.php\/wp-json\/wp\/v2\/categories?post=4521"},{"taxonomy":"post_tag","embeddable":true,"href":"https:\/\/www.yeryuzundebirkacadim.com\/index.php\/wp-json\/wp\/v2\/tags?post=4521"}],"curies":[{"name":"wp","href":"https:\/\/api.w.org\/{rel}","templated":true}]}}