


{"id":4044,"date":"2020-06-15T14:38:19","date_gmt":"2020-06-15T11:38:19","guid":{"rendered":"http:\/\/www.yeryuzundebirkacadim.com\/?p=4044"},"modified":"2024-08-19T13:56:21","modified_gmt":"2024-08-19T10:56:21","slug":"venedik","status":"publish","type":"post","link":"https:\/\/www.yeryuzundebirkacadim.com\/index.php\/2020\/06\/15\/venedik\/","title":{"rendered":"Venedik"},"content":{"rendered":"<p style=\"text-align: center;\"><strong>2014 &#8211; 2018 &#8211; 2022 \u0130talya Gezilerimden<\/strong><\/p>\n<p style=\"text-align: left;\"><strong>Venedikliler Hakk\u0131nda<\/strong><\/p>\n<p>\u0130talya yar\u0131madas\u0131, Romal\u0131lar&#8217;\u0131n \u00e7\u00f6k\u00fc\u015f\u00fcn\u00fcn ard\u0131ndan as\u0131rlarca bir birlik sa\u011flayamad\u0131. Burada yer alan \u015fehirler uzun bir s\u00fcre ba\u011f\u0131ms\u0131z \u015fehir devletleri olarak varl\u0131k g\u00f6sterdiler.<\/p>\n<p><!--more--><\/p>\n<p>Venedik Cumhuriyeti bunlardan biriydi. Roma \u0130mparatorlu\u011fu&#8217;nun \u00e7\u00f6k\u00fc\u015f\u00fcnden sonra 697 y\u0131l\u0131nda Cermen istilalar\u0131ndan ka\u00e7an insanlar taraf\u0131ndan kuruldu. Bu insanlar ana karadan, ula\u015f\u0131lmas\u0131 zor ve savunmas\u0131 kolay olan bu lag\u00fcnler b\u00f6lgesine ka\u00e7t\u0131lar. Cumhuriyetleri, o zamandan 1797&#8217;ye kadar bin y\u0131ldan fazla s\u00fcrd\u00fc. 1866 y\u0131l\u0131nda da ilk defa olarak \u0130talya&#8217;n\u0131n bir par\u00e7as\u0131 haline geldi.<\/p>\n<p>Ba\u015flang\u0131\u00e7ta devlet Bizans \u0130mparatorlu\u011fu&#8217;nun etkisi alt\u0131ndayken, yava\u015f yava\u015f ba\u011f\u0131ms\u0131z hale geldi. Venedik Cumhuriyeti, bir t\u00fcccar ve aristokrat oligar\u015fisi taraf\u0131ndan y\u00f6netiliyordu. D\u00fck; en \u00f6nemli siyasi varl\u0131kt\u0131 ve Venedik B\u00fcy\u00fck Konseyi \u00fcyeleri taraf\u0131ndan \u00f6m\u00fcr boyu se\u00e7ilirdi.<\/p>\n<p>Ba\u011f\u0131ms\u0131zl\u0131\u011f\u0131 nedeniyle Venedik, Orta\u00e7a\u011f ve R\u00f6nesans d\u00f6neminde \u00f6nemli bir k\u00fclt\u00fcrel ve entelekt\u00fcel merkezdi. \u015eehir, Avrupa&#8217;n\u0131n di\u011fer merkezleri gibi Katolik Kilisesi&#8217;nin kontrol\u00fcne girmedi. Bilim adam\u0131 ve sanat\u00e7\u0131lar i\u00e7in daha fazla \u00f6zg\u00fcrl\u00fck sa\u011flad\u0131.<\/p>\n<p>Y\u00fczy\u0131llar boyunca, Venedik Cumhuriyeti, Asya&#8217;dan Afrika&#8217;ya kadar Akdeniz&#8217;deki ticaret yollar\u0131na hakim oldu ve zenginle\u015fti. Asya&#8217;dan gelen t\u00fcm ticari mallar\u0131 Kostantinopolis&#8217;ten (\u0130stanbul) Avrupa&#8217;ya ta\u015f\u0131m\u0131\u015flard\u0131r.<\/p>\n<p>Do\u011fu ile kurduklar\u0131 bu yak\u0131n ili\u015fki sebebi ile bizim tarihimizde de hat\u0131r\u0131 say\u0131l\u0131r bir yer edindiler.<\/p>\n<p>Venedikliler bir ticaret kolonisi olarak \u0130stanbul&#8217;a Bizans \u0130mparatorlu\u011fu zaman\u0131nda yerle\u015fmi\u015flerdir.<\/p>\n<p>Ticari ba\u015far\u0131 ile birlikte Venedik, b\u00f6lgeleri kuzey \u0130talya&#8217;dan Yunanistan&#8217;a yay\u0131lan \u00f6nde gelen bir askeri g\u00fc\u00e7t\u00fc.<\/p>\n<p>Bir zamanlar Venedik&#8217;e ait olan topraklar \u015fimdi yedi farkl\u0131 \u00fclkeye ait: \u0130talya, Slovenya, H\u0131rvatistan, Karada\u011f, Arnavutluk, Yunanistan ve K\u0131br\u0131s.<\/p>\n<p>K\u0131sa k\u0131sa notlar..<\/p>\n<p>1271-1295 y\u0131llar\u0131 aras\u0131nda Venedikli t\u00fcccar Marco Polo ilk defa Avrupa&#8217;dan \u0130pek Yolu&#8217;nu izleyerek \u00c7in&#8217;e kadar ula\u015ft\u0131. Mo\u011fol ka\u011fan\u0131 Kubilay Han&#8217;\u0131n huzuruna \u00e7\u0131kt\u0131 ve yolculuklar\u0131n\u0131n \u00f6yk\u00fcs\u00fcn\u00fc bir kitap haline getirdi.<\/p>\n<p>1348 y\u0131l\u0131nda \u00e7\u0131kan veba salg\u0131n\u0131 Venedik&#8217;in n\u00fcfusunun \u00fc\u00e7te birinin yok etti.<\/p>\n<p>Bir anla\u015fman\u0131n neticesi olarak 72. Venedik D\u00fck\u00fc Giovanni Mocenigo, ressam Gentile Bellini&#8217;yi Fatih&#8217;in tablosunu yapmak \u00fczere \u0130stanbul&#8217;a g\u00f6nderdi.<\/p>\n<p><strong>Venedik<\/strong><\/p>\n<p>Lag\u00fcnlerin i\u00e7inde 118 ada, 170 kanal ve 400 k\u00f6pr\u00fc bulunuyor.<\/p>\n<p><img loading=\"lazy\" decoding=\"async\" class=\"alignnone size-medium wp-image-4937\" src=\"https:\/\/www.yeryuzundebirkacadim.com\/wp-content\/uploads\/2020\/06\/IMG_20220909_162724-1024x577.jpg\" alt=\"\" width=\"1024\" height=\"577\" srcset=\"https:\/\/www.yeryuzundebirkacadim.com\/wp-content\/uploads\/2020\/06\/IMG_20220909_162724-1024x577.jpg 1024w, https:\/\/www.yeryuzundebirkacadim.com\/wp-content\/uploads\/2020\/06\/IMG_20220909_162724-768x432.jpg 768w, https:\/\/www.yeryuzundebirkacadim.com\/wp-content\/uploads\/2020\/06\/IMG_20220909_162724-2048x1153.jpg 2048w, https:\/\/www.yeryuzundebirkacadim.com\/wp-content\/uploads\/2020\/06\/IMG_20220909_162724-816x459.jpg 816w\" sizes=\"auto, (max-width: 1024px) 100vw, 1024px\" \/><\/p>\n<p>Ortas\u0131ndan Grand (B\u00fcy\u00fck) Kanal ge\u00e7iyor.<\/p>\n<p><img loading=\"lazy\" decoding=\"async\" class=\"alignnone size-medium wp-image-4939\" src=\"https:\/\/www.yeryuzundebirkacadim.com\/wp-content\/uploads\/2020\/06\/IMG_20220909_163343-1024x577.jpg\" alt=\"\" width=\"1024\" height=\"577\" srcset=\"https:\/\/www.yeryuzundebirkacadim.com\/wp-content\/uploads\/2020\/06\/IMG_20220909_163343-1024x577.jpg 1024w, https:\/\/www.yeryuzundebirkacadim.com\/wp-content\/uploads\/2020\/06\/IMG_20220909_163343-768x432.jpg 768w, https:\/\/www.yeryuzundebirkacadim.com\/wp-content\/uploads\/2020\/06\/IMG_20220909_163343-2048x1153.jpg 2048w, https:\/\/www.yeryuzundebirkacadim.com\/wp-content\/uploads\/2020\/06\/IMG_20220909_163343-816x459.jpg 816w\" sizes=\"auto, (max-width: 1024px) 100vw, 1024px\" \/><\/p>\n<p><strong>San Marco Meydan\u0131 (Piazza San Marco)<\/strong><\/p>\n<p><img loading=\"lazy\" decoding=\"async\" class=\"alignnone size-medium wp-image-4940\" src=\"https:\/\/www.yeryuzundebirkacadim.com\/wp-content\/uploads\/2020\/06\/IMG_20220909_193726-1024x577.jpg\" alt=\"\" width=\"1024\" height=\"577\" srcset=\"https:\/\/www.yeryuzundebirkacadim.com\/wp-content\/uploads\/2020\/06\/IMG_20220909_193726-1024x577.jpg 1024w, https:\/\/www.yeryuzundebirkacadim.com\/wp-content\/uploads\/2020\/06\/IMG_20220909_193726-768x433.jpg 768w, https:\/\/www.yeryuzundebirkacadim.com\/wp-content\/uploads\/2020\/06\/IMG_20220909_193726-2048x1154.jpg 2048w, https:\/\/www.yeryuzundebirkacadim.com\/wp-content\/uploads\/2020\/06\/IMG_20220909_193726-816x460.jpg 816w\" sizes=\"auto, (max-width: 1024px) 100vw, 1024px\" \/><\/p>\n<p>Venedik&#8217;in sosyal, dini ve politik merkezi olan San Marco Meydan\u0131; ayn\u0131 zamanda Venedik&#8217;in en b\u00fcy\u00fck ve \u00fcnl\u00fc meydan\u0131. Meydan, bir manast\u0131r bah\u00e7esi olarak yap\u0131lm\u0131\u015ft\u0131r fakat daha sonra \u015fehrin dini ve politik merkezi haline gelmi\u015ftir. Etraf\u0131ndaki tarihi binalar da meydan\u0131n \u015fan\u0131na yak\u0131\u015fan, \u015fehrin simgesi durumunda binalar haliyle: San Marco Bazilikas\u0131, San Marco \u00c7an Kulesi, Torre dell&#8217;Orologio, D\u00fckal\u0131k Saray\u0131 ve Procurat\u00f6rlerin (savc\u0131lar\u0131n)\u00a0Ofisleri.<\/p>\n<p class=\"page-card-title\"><strong>San Marco Bazilikas\u0131 (St. Mark Bazilikas\u0131)<\/strong><\/p>\n<div class=\"page-card-images tve_empty_dropzone\">\n<div class=\"tve_image_caption thrv_wrapper\">\n<p>Hikayesi olduk\u00e7a ilgin\u00e7. 828 y\u0131l\u0131nda, Venedik&#8217;ten iki t\u00fcccar i\u015f i\u00e7in \u0130skenderiye&#8217;ye gidiyor. Burada, Aziz Mark&#8217;\u0131n mezar\u0131n\u0131n bulundu\u011fu mabedi ziyaret ediyorlar. Mabedin vali taraf\u0131ndan y\u0131k\u0131laca\u011f\u0131n\u0131 \u00f6\u011frenince Aziz Mark&#8217;\u0131n cesedini Venedik&#8217;e ka\u00e7\u0131rmay\u0131 planl\u0131yorlar. Ka\u00e7\u0131r\u0131rken, M\u00fcsl\u00fcmanlar&#8217;ca haram olan ve tefti\u015f edilmeyece\u011fini d\u00fc\u015f\u00fcnd\u00fckleri domuz eti sepetlerinin alt k\u0131sm\u0131na koyuyorlar. Buradan rahatl\u0131kla gemiye biniyorlar ama denizde de g\u00fc\u00e7l\u00fc bir f\u0131rt\u0131na onlar\u0131 bekliyor. Nihayet Venedik&#8217;e ula\u015f\u0131yorlar. \u0130lk 2 y\u0131l boyunca D\u00fckal\u0131k Saray\u0131 i\u00e7indeki bir \u015fapelde ge\u00e7ici olarak tutuluyor.<\/p>\n<p>832&#8217;de mezar\u0131 muhafaza i\u00e7in D\u00fckler Saray\u0131&#8217;n\u0131n yan\u0131ndaki ve onunla ba\u011flant\u0131l\u0131 b\u00fcy\u00fck bazilikay\u0131 in\u015fa ediyorlar. Bazilika bir ayaklanma s\u0131ras\u0131nda 976&#8217;da yan\u0131yor. \u015eimdiki bazilika 11. y\u00fczy\u0131ldan kalmad\u0131r. Gotik heykeller daha sonra ilave edilmi\u015ftir.<\/p>\n<p>Bazilika \u00f6nceleri D\u00fckler i\u00e7in \u00f6zel bir \u015fapeldi. Daha sonra halka a\u00e7\u0131lm\u0131\u015ft\u0131r.<\/p>\n<p>Venedik&#8217;in g\u00fcc\u00fcn\u00fcn ve zenginli\u011finin bir simgesiydi. Zengin tasar\u0131m\u0131 ve yald\u0131zl\u0131 mozaikleriyle bir zamanlar \u201cAlt\u0131n Kilise\u201d (Chiesa d&#8217;Oro) olarak adland\u0131r\u0131l\u0131yordu.<\/p>\n<p>Tasar\u0131m\u0131nda Konstantinopolis&#8217;teki (\u0130stanbul) Kutsal Havariler Kilisesi (Apostles Kilisesi) \u00f6rnek al\u0131nm\u0131\u015ft\u0131r. Fatih Cami bu kilisenin y\u0131k\u0131nt\u0131lar\u0131 \u00fczerine kurulmu\u015ftur. Bazilikan\u0131n Bizans tarz\u0131 olmas\u0131 Venedikliler&#8217;in do\u011fu ile ili\u015fkilerinin g\u00f6stergesidir. Venedik unsurlar\u0131 da eklenerek e\u015fsiz bir kombinasyon olu\u015fmu\u015ftur.<\/p>\n<p>13. y\u00fczy\u0131l\u0131n ilk yar\u0131s\u0131 i\u00e7inde kilisenin giri\u015fi ve yap\u0131n\u0131n \u00f6n cephesi in\u015fa edildi. Mozaiklerin \u00e7o\u011fu tamamland\u0131 ve kubbeler, Gotik mimari tarz\u0131nda yeniden in\u015fa edilen D\u00fckal\u0131k Saray\u0131&#8217;na uyum sa\u011flamas\u0131 a\u00e7\u0131s\u0131ndan kur\u015funla kapland\u0131.<\/p>\n<\/div>\n<\/div>\n<p><img loading=\"lazy\" decoding=\"async\" class=\"alignnone size-medium wp-image-4050\" src=\"https:\/\/www.yeryuzundebirkacadim.com\/wp-content\/uploads\/2020\/05\/DSC06703-1-1024x580.jpg\" alt=\"\" width=\"1024\" height=\"580\" srcset=\"https:\/\/www.yeryuzundebirkacadim.com\/wp-content\/uploads\/2020\/05\/DSC06703-1-1024x580.jpg 1024w, https:\/\/www.yeryuzundebirkacadim.com\/wp-content\/uploads\/2020\/05\/DSC06703-1-768x435.jpg 768w, https:\/\/www.yeryuzundebirkacadim.com\/wp-content\/uploads\/2020\/05\/DSC06703-1-2048x1159.jpg 2048w, https:\/\/www.yeryuzundebirkacadim.com\/wp-content\/uploads\/2020\/05\/DSC06703-1-816x462.jpg 816w\" sizes=\"auto, (max-width: 1024px) 100vw, 1024px\" \/><\/p>\n<p><strong>Bat\u0131 Cephesi<\/strong><\/p>\n<p>\u0130ki katl\u0131, 5 portall\u0131 (kap\u0131) San Marco Bazilikas\u0131&#8217;n\u0131n \u00f6n cephesi Venedik Cumhuriyeti&#8217;nin y\u00fczy\u0131llarca egemen oldu\u011fu Do\u011fu Akdeniz&#8217;in bir \u00e7ok yerinden sa\u011flad\u0131\u011f\u0131 de\u011fi\u015fik renk ve desende mermerler ile bezenmi\u015f durumdad\u0131r.<\/p>\n<p>Ortada en \u00fcstte San Marco heykeli, alt\u0131ndaki \u00fc\u00e7gen \u00e7at\u0131 alan\u0131nda ise St. Mark&#8217;\u0131 ve g\u00fcn\u00fcm\u00fczde hala Venedik&#8217;i temsil eden kanatl\u0131 St. Mark aslan\u0131 bulunuyor.<\/p>\n<p><strong>Ana Portal<\/strong><\/p>\n<p><img loading=\"lazy\" decoding=\"async\" class=\"alignnone size-medium wp-image-4052\" src=\"https:\/\/www.yeryuzundebirkacadim.com\/wp-content\/uploads\/2020\/05\/DSC06690-1-1024x580.jpg\" alt=\"\" width=\"1024\" height=\"580\" srcset=\"https:\/\/www.yeryuzundebirkacadim.com\/wp-content\/uploads\/2020\/05\/DSC06690-1-1024x580.jpg 1024w, https:\/\/www.yeryuzundebirkacadim.com\/wp-content\/uploads\/2020\/05\/DSC06690-1-768x435.jpg 768w, https:\/\/www.yeryuzundebirkacadim.com\/wp-content\/uploads\/2020\/05\/DSC06690-1-2048x1159.jpg 2048w, https:\/\/www.yeryuzundebirkacadim.com\/wp-content\/uploads\/2020\/05\/DSC06690-1-816x462.jpg 816w\" sizes=\"auto, (max-width: 1024px) 100vw, 1024px\" \/><\/p>\n<p>Bazilika&#8217;n\u0131n Merkezi Portal\u0131, bazilika mimarisinin y\u00fczy\u0131llar boyunca evrimini tasvir eden 3 kemerden olu\u015fuyor. En i\u00e7teki kemerde Bizans d\u00f6nemini tasvir eden ye\u015fillik kabartmalar\u0131 vard\u0131r.<\/p>\n<p>Orta kemer, Gotik ve Romanesk mimari \u00e7a\u011f\u0131n\u0131 g\u00f6steren aylar\u0131n ve erdemlerin alegorilerini resmetmi\u015ftir.<\/p>\n<p>Son ve en d\u0131\u015ftaki kemer Venedik&#8217;in Loncalar\u0131&#8217;n\u0131 temsil eder.<\/p>\n<p>Portal\u0131n \u00fczerinde en d\u0131\u015ftaki kemerde Son Yarg\u0131&#8217;n\u0131n alt\u0131n mozai\u011fi 1836&#8217;da eklenmi\u015f.<\/p>\n<div class=\"tve_image_caption thrv_wrapper\"><strong>\u00d6n y\u00fczde kuzey (en soldaki) portal<\/strong><\/div>\n<p>Porta di Sant&#8217;Alipio&#8217;nun Mozai\u011fi<strong>:<\/strong> Bu, bazilika d\u0131\u015f cephesinde 13. y\u00fczy\u0131ldan kalan tek mozaiktir. Alt\u0131n rengi mozaik, San Marco&#8217;nun cesedinin bazilikaya getirilme hikayesini anlat\u0131yor. Bu mozaikte, Gotik heykel s\u00fcslemeleri eklenmeden \u00f6nce 13. y\u00fczy\u0131l\u0131n ortalar\u0131ndaki Bazilikay\u0131 g\u00f6sterir.<\/p>\n<p><img loading=\"lazy\" decoding=\"async\" class=\"alignnone size-medium wp-image-4943\" src=\"https:\/\/www.yeryuzundebirkacadim.com\/wp-content\/uploads\/2020\/06\/IMG_20220909_162129-577x1024.jpg\" alt=\"\" width=\"577\" height=\"1024\" srcset=\"https:\/\/www.yeryuzundebirkacadim.com\/wp-content\/uploads\/2020\/06\/IMG_20220909_162129-577x1024.jpg 577w, https:\/\/www.yeryuzundebirkacadim.com\/wp-content\/uploads\/2020\/06\/IMG_20220909_162129-768x1364.jpg 768w, https:\/\/www.yeryuzundebirkacadim.com\/wp-content\/uploads\/2020\/06\/IMG_20220909_162129-1153x2048.jpg 1153w\" sizes=\"auto, (max-width: 577px) 100vw, 577px\" \/><\/p>\n<p>\u00d6n cephede yer alan ni\u015flere i\u015flenmi\u015f alt\u0131n mozaikler cepheye ihti\u015fam katan s\u00fcslemelerdir.<\/p>\n<p><img loading=\"lazy\" decoding=\"async\" class=\"alignnone size-medium wp-image-4941\" src=\"https:\/\/www.yeryuzundebirkacadim.com\/wp-content\/uploads\/2020\/06\/IMG_20220909_162053-1024x577.jpg\" alt=\"\" width=\"1024\" height=\"577\" srcset=\"https:\/\/www.yeryuzundebirkacadim.com\/wp-content\/uploads\/2020\/06\/IMG_20220909_162053-1024x577.jpg 1024w, https:\/\/www.yeryuzundebirkacadim.com\/wp-content\/uploads\/2020\/06\/IMG_20220909_162053-768x432.jpg 768w, https:\/\/www.yeryuzundebirkacadim.com\/wp-content\/uploads\/2020\/06\/IMG_20220909_162053-2048x1153.jpg 2048w, https:\/\/www.yeryuzundebirkacadim.com\/wp-content\/uploads\/2020\/06\/IMG_20220909_162053-816x459.jpg 816w\" sizes=\"auto, (max-width: 1024px) 100vw, 1024px\" \/><\/p>\n<p><img loading=\"lazy\" decoding=\"async\" class=\"alignnone size-medium wp-image-4061\" src=\"https:\/\/www.yeryuzundebirkacadim.com\/wp-content\/uploads\/2020\/05\/DSC06687-1-1024x580.jpg\" alt=\"\" width=\"1024\" height=\"580\" srcset=\"https:\/\/www.yeryuzundebirkacadim.com\/wp-content\/uploads\/2020\/05\/DSC06687-1-1024x580.jpg 1024w, https:\/\/www.yeryuzundebirkacadim.com\/wp-content\/uploads\/2020\/05\/DSC06687-1-768x435.jpg 768w, https:\/\/www.yeryuzundebirkacadim.com\/wp-content\/uploads\/2020\/05\/DSC06687-1-2048x1159.jpg 2048w, https:\/\/www.yeryuzundebirkacadim.com\/wp-content\/uploads\/2020\/05\/DSC06687-1-816x462.jpg 816w\" sizes=\"auto, (max-width: 1024px) 100vw, 1024px\" \/> <img loading=\"lazy\" decoding=\"async\" class=\"alignnone size-medium wp-image-4062\" src=\"https:\/\/www.yeryuzundebirkacadim.com\/wp-content\/uploads\/2020\/05\/DSC06686-1-1024x580.jpg\" alt=\"\" width=\"1024\" height=\"580\" srcset=\"https:\/\/www.yeryuzundebirkacadim.com\/wp-content\/uploads\/2020\/05\/DSC06686-1-1024x580.jpg 1024w, https:\/\/www.yeryuzundebirkacadim.com\/wp-content\/uploads\/2020\/05\/DSC06686-1-768x435.jpg 768w, https:\/\/www.yeryuzundebirkacadim.com\/wp-content\/uploads\/2020\/05\/DSC06686-1-2048x1159.jpg 2048w, https:\/\/www.yeryuzundebirkacadim.com\/wp-content\/uploads\/2020\/05\/DSC06686-1-816x462.jpg 816w\" sizes=\"auto, (max-width: 1024px) 100vw, 1024px\" \/><\/p>\n<p>Portallar\u0131n \u00fczerinde bir loca teras\u0131 bulunuyor. Ortada da 4 tane at heykeli var.<\/p>\n<p><img loading=\"lazy\" decoding=\"async\" class=\"alignnone size-medium wp-image-4944\" src=\"https:\/\/www.yeryuzundebirkacadim.com\/wp-content\/uploads\/2020\/06\/DSC06716-1024x580.jpg\" alt=\"\" width=\"1024\" height=\"580\" srcset=\"https:\/\/www.yeryuzundebirkacadim.com\/wp-content\/uploads\/2020\/06\/DSC06716-1024x580.jpg 1024w, https:\/\/www.yeryuzundebirkacadim.com\/wp-content\/uploads\/2020\/06\/DSC06716-768x435.jpg 768w, https:\/\/www.yeryuzundebirkacadim.com\/wp-content\/uploads\/2020\/06\/DSC06716-2048x1159.jpg 2048w, https:\/\/www.yeryuzundebirkacadim.com\/wp-content\/uploads\/2020\/06\/DSC06716-816x462.jpg 816w\" sizes=\"auto, (max-width: 1024px) 100vw, 1024px\" \/><\/p>\n<p>Bunlar\u0131n hikayesi 1204&#8217;te <strong>\u0130stanbul&#8217;daki Latin \u0130stilas\u0131<\/strong>&#8216;na dayan\u0131yor. Bu d\u00f6nemde Venedik D\u00fck\u00fc olan Enrico Dandolo koyu bir Katolik&#8217;tir. Ortodoksluk&#8217;a \u015fiddetle kar\u015f\u0131 olan Dandolo, IV. Ha\u00e7l\u0131 seferinde Ha\u00e7l\u0131 Ordular\u0131 komutan\u0131 oluyor. Konstantinopolis\u2019e ve Ortodoks Patrikhanesi&#8217;ne nefret besleyen D\u00fck, bu sefer s\u0131ras\u0131nda hem dini hem de mali nedenlerle \u0130stanbul&#8217;u i\u015fgal ediyor ve yak\u0131p y\u0131k\u0131yor. \u015eehrinin en de\u011ferli eserlerine el konulup ve Venedik\u2019e g\u00f6t\u00fcr\u00fcl\u00fcyor. Bunlardan en bilineni ise, orjinalde Sultanahmet&#8217;te\u00a0 B\u00fcy\u00fck Kostantinopolos Saray\u0131&#8217;n\u0131n yan\u0131ndaki Kostantinopolos Hipodromu&#8217;nda (<strong>At Meydan\u0131) <\/strong>bulunan d\u00f6rt muhte\u015fem bronz atl\u0131 heykelidir. \u00a01797&#8217;de ise Napolyon onlar\u0131 Paris&#8217;e g\u00f6t\u00fcr\u00fcyor, ancak 1815&#8217;te atlar Venedik&#8217;e d\u00f6n\u00fcyor.<\/p>\n<p>Bazilikan\u0131n teras\u0131nda kopyalar\u0131 bulunan bu 4 at\u0131n orijinali ise bazilika i\u00e7indeki m\u00fczede sergileniyor.<\/p>\n<p>Bu arada Enrico Dandolo&#8217;nun mezar\u0131, vasiyeti \u00fczerine Ayasofya&#8217;n\u0131n ikinci kat\u0131nda bulunmaktad\u0131r. Venedikliler taraf\u0131ndan \u00e7ok sevilen komutan \u0130stanbul&#8217;daki Hristiyanlar&#8217;ca lanetle an\u0131lm\u0131\u015ft\u0131r.<\/p>\n<p><strong>G\u00fcney Cephe<\/strong><\/p>\n<p>G\u00fcney cephesi, ziyaret\u00e7ilerin Venedik&#8217;e tekneyle vard\u0131klar\u0131nda ilk g\u00f6rd\u00fckleri cephedir.<\/p>\n<p>Mozaikler ve heykellerle s\u00fcslenmi\u015ftir. 13. y\u00fczy\u0131ldan kalma Bizans Mimarisi g\u00f6r\u00fcl\u00fcr. Meryem Ana mozai\u011fi bulunmaktad\u0131r.<\/p>\n<p>D\u00f6rt Tetrarch Heykeli; g\u00fcney cephesinde k\u00f6\u015fede bulunuyor. Roma&#8217;n\u0131n 4 ortak \u0130mparatoru&#8217;nun 4. y\u00fczy\u0131ldan kalma k\u0131rm\u0131z\u0131 granit heykel grubudur. Maalesef ki bu heykeller de IV. Ha\u00e7l\u0131 Seferi s\u0131ras\u0131nda \u0130stanbul&#8217;dan getirilmi\u015f. \u00a01960&#8217;l\u0131 y\u0131llarda \u0130stanbul Myrelaion Saray\u0131&#8217;nda (Bodrum Cami) yap\u0131lan kaz\u0131lar s\u0131ras\u0131nda k\u00fc\u00e7\u00fck bir granit par\u00e7as\u0131 bulunmu\u015f ve bunun D\u00f6rt Tetrarc&#8217;\u0131n Heykeli&#8217;ne ait bir par\u00e7a oldu\u011fu anla\u015f\u0131lm\u0131\u015ft\u0131r.<\/p>\n<p><img loading=\"lazy\" decoding=\"async\" class=\"\" src=\"https:\/\/upload.wikimedia.org\/wikipedia\/commons\/thumb\/6\/67\/Venice_%E2%80%93_The_Tetrarchs_03.jpg\/440px-Venice_%E2%80%93_The_Tetrarchs_03.jpg\" alt=\"D\u00f6rt Tetrarchs portresi\" width=\"307\" height=\"461\" \/><\/p>\n<p>(Wikiwand&#8217;dan al\u0131nt\u0131). Resimde tabandaki eksik k\u0131s\u0131m g\u00f6r\u00fcl\u00fcyor.<\/p>\n<div id=\"attachment_1052\" class=\"wp-caption alignright\"><\/div>\n<p><strong>Kuzey cephe<\/strong><\/p>\n<p><img loading=\"lazy\" decoding=\"async\" class=\"alignnone size-medium wp-image-4054\" src=\"https:\/\/www.yeryuzundebirkacadim.com\/wp-content\/uploads\/2020\/05\/DSC06785-1024x580.jpg\" alt=\"\" width=\"1024\" height=\"580\" srcset=\"https:\/\/www.yeryuzundebirkacadim.com\/wp-content\/uploads\/2020\/05\/DSC06785-1024x580.jpg 1024w, https:\/\/www.yeryuzundebirkacadim.com\/wp-content\/uploads\/2020\/05\/DSC06785-768x435.jpg 768w, https:\/\/www.yeryuzundebirkacadim.com\/wp-content\/uploads\/2020\/05\/DSC06785-2048x1159.jpg 2048w, https:\/\/www.yeryuzundebirkacadim.com\/wp-content\/uploads\/2020\/05\/DSC06785-816x462.jpg 816w\" sizes=\"auto, (max-width: 1024px) 100vw, 1024px\" \/><\/p>\n<p>Kuzey Cephe, Piazzetta Dei Leoncini&#8217;ye bak\u0131yor ve Porta dei Fiori olarak da bilinen \u00c7i\u00e7ek Kap\u0131s\u0131 olarak an\u0131l\u0131yor. \u0130sa&#8217;n\u0131n Do\u011fu\u015fu tasviri bulunuyor.<\/p>\n<p>Art\u0131k bazilikaya giri\u015f yapabiliriz.<\/p>\n<h4><img loading=\"lazy\" decoding=\"async\" class=\"alignnone size-medium wp-image-4058\" src=\"https:\/\/www.yeryuzundebirkacadim.com\/wp-content\/uploads\/2020\/05\/DSC06743-1-1024x580.jpg\" alt=\"\" width=\"1024\" height=\"580\" srcset=\"https:\/\/www.yeryuzundebirkacadim.com\/wp-content\/uploads\/2020\/05\/DSC06743-1-1024x580.jpg 1024w, https:\/\/www.yeryuzundebirkacadim.com\/wp-content\/uploads\/2020\/05\/DSC06743-1-768x435.jpg 768w, https:\/\/www.yeryuzundebirkacadim.com\/wp-content\/uploads\/2020\/05\/DSC06743-1-2048x1159.jpg 2048w, https:\/\/www.yeryuzundebirkacadim.com\/wp-content\/uploads\/2020\/05\/DSC06743-1-816x462.jpg 816w\" sizes=\"auto, (max-width: 1024px) 100vw, 1024px\" \/><\/h4>\n<p>Yunan Ha\u00e7\u0131 \u015feklinde tasarlanan bazilikan\u0131n duvarlar ve tavanlar\u0131n\u0131 metrelerce kare yald\u0131zl\u0131 mozaikler \u00f6rter.<\/p>\n<p><img loading=\"lazy\" decoding=\"async\" class=\"alignnone size-medium wp-image-4960\" src=\"https:\/\/www.yeryuzundebirkacadim.com\/wp-content\/uploads\/2020\/06\/DSC06731-1024x580.jpg\" alt=\"\" width=\"1024\" height=\"580\" \/><\/p>\n<p>Ha\u00e7\u0131n kollar\u0131n\u0131n kesi\u015fti\u011fi alanda in\u015fa edilmi\u015f 5 kubbesi bulunuyor. B\u00fcy\u00fck s\u00fctunlarla desteklenen kubbelerin her biri 13 metre \u00e7apl\u0131d\u0131r ve\u00a0 16 pencerelidir. Kubbeler de 11. y\u00fczy\u0131ldan 13. y\u00fczy\u0131la kadar uzanan muhte\u015fem Bizans mozaikleri ile bezenmi\u015ftir. Her kubbe mozai\u011fi belli konular\u0131 tasvir eder. Bizans mimarisinden o kadar etkilenmi\u015f ki kendimizi Ayasofya&#8217;da hissettik.<\/p>\n<p><img loading=\"lazy\" decoding=\"async\" class=\"size-medium wp-image-4064\" src=\"https:\/\/www.yeryuzundebirkacadim.com\/wp-content\/uploads\/2020\/05\/IMG_20181229_125814-1024x505.jpg\" alt=\"\" width=\"1024\" height=\"505\" srcset=\"https:\/\/www.yeryuzundebirkacadim.com\/wp-content\/uploads\/2020\/05\/IMG_20181229_125814-1024x505.jpg 1024w, https:\/\/www.yeryuzundebirkacadim.com\/wp-content\/uploads\/2020\/05\/IMG_20181229_125814-768x379.jpg 768w, https:\/\/www.yeryuzundebirkacadim.com\/wp-content\/uploads\/2020\/05\/IMG_20181229_125814-2048x1010.jpg 2048w, https:\/\/www.yeryuzundebirkacadim.com\/wp-content\/uploads\/2020\/05\/IMG_20181229_125814-816x402.jpg 816w\" sizes=\"auto, (max-width: 1024px) 100vw, 1024px\" \/><\/p>\n<p><strong>San Marco M\u00fczesi<\/strong><\/p>\n<p><img loading=\"lazy\" decoding=\"async\" class=\"size-medium wp-image-4059\" src=\"https:\/\/www.yeryuzundebirkacadim.com\/wp-content\/uploads\/2020\/05\/IMG_20181229_130535-1-1024x541.jpg\" alt=\"\" width=\"1024\" height=\"541\" srcset=\"https:\/\/www.yeryuzundebirkacadim.com\/wp-content\/uploads\/2020\/05\/IMG_20181229_130535-1-1024x541.jpg 1024w, https:\/\/www.yeryuzundebirkacadim.com\/wp-content\/uploads\/2020\/05\/IMG_20181229_130535-1-768x406.jpg 768w, https:\/\/www.yeryuzundebirkacadim.com\/wp-content\/uploads\/2020\/05\/IMG_20181229_130535-1-2048x1083.jpg 2048w, https:\/\/www.yeryuzundebirkacadim.com\/wp-content\/uploads\/2020\/05\/IMG_20181229_130535-1-816x431.jpg 816w\" sizes=\"auto, (max-width: 1024px) 100vw, 1024px\" \/><\/p>\n<p>Bazilikan\u0131n merdivenlerinden \u00e7\u0131k\u0131nca m\u00fczeye giriyoruz. Buradaki en \u00f6nemli eser bahsetti\u011fimiz 4 bronz atl\u0131 heykeli. \u0130\u00e7imiz yanarak seyrediyoruz.<\/p>\n<p><img loading=\"lazy\" decoding=\"async\" class=\"alignnone size-medium wp-image-4066\" src=\"https:\/\/www.yeryuzundebirkacadim.com\/wp-content\/uploads\/2020\/05\/DSC06739-1024x580.jpg\" alt=\"\" width=\"1024\" height=\"580\" srcset=\"https:\/\/www.yeryuzundebirkacadim.com\/wp-content\/uploads\/2020\/05\/DSC06739-1024x580.jpg 1024w, https:\/\/www.yeryuzundebirkacadim.com\/wp-content\/uploads\/2020\/05\/DSC06739-768x435.jpg 768w, https:\/\/www.yeryuzundebirkacadim.com\/wp-content\/uploads\/2020\/05\/DSC06739-2048x1159.jpg 2048w, https:\/\/www.yeryuzundebirkacadim.com\/wp-content\/uploads\/2020\/05\/DSC06739-816x462.jpg 816w\" sizes=\"auto, (max-width: 1024px) 100vw, 1024px\" \/><\/p>\n<p>Bazilika i\u00e7inde tavan ve duvarlara bakarken zemine bakmay\u0131 da atlamamak laz\u0131m. Toprak tonlar\u0131nda ve genellikle geometrik desenlerde zeminde nadiren hayvan ve \u00e7i\u00e7ek desenleri de bulunuyor.<\/p>\n<p><img loading=\"lazy\" decoding=\"async\" class=\"alignnone size-medium wp-image-4073\" src=\"https:\/\/www.yeryuzundebirkacadim.com\/wp-content\/uploads\/2020\/05\/P1040065-1-1024x768.jpg\" alt=\"\" width=\"1024\" height=\"768\" srcset=\"https:\/\/www.yeryuzundebirkacadim.com\/wp-content\/uploads\/2020\/05\/P1040065-1-1024x768.jpg 1024w, https:\/\/www.yeryuzundebirkacadim.com\/wp-content\/uploads\/2020\/05\/P1040065-1-768x576.jpg 768w, https:\/\/www.yeryuzundebirkacadim.com\/wp-content\/uploads\/2020\/05\/P1040065-1-2048x1536.jpg 2048w, https:\/\/www.yeryuzundebirkacadim.com\/wp-content\/uploads\/2020\/05\/P1040065-1-816x612.jpg 816w\" sizes=\"auto, (max-width: 1024px) 100vw, 1024px\" \/><\/p>\n<p>Zemini yapan sanat\u00e7\u0131lar\u0131n, mozaikleri yapanlar gibi Konstantinopolis&#8217;ten veya Yunanistan&#8217;dan geldikleri d\u00fc\u015f\u00fcn\u00fclmektedir.<\/p>\n<p><strong>Pala d&#8217;Oro:<\/strong> Bu alt\u0131n ve \u00e7ok miktarda de\u011ferli ta\u015f ile bezeli bir sunak. Yap\u0131m\u0131 366 y\u0131l s\u00fcrm\u00fc\u015f (976-1342).<\/p>\n<p><strong>Hazine b\u00f6l\u00fcm\u00fcnde<\/strong>; 1204 y\u0131l\u0131nda Kostantinopolis&#8217;ten ya\u011fmalanan baz\u0131 eserler ve antik Venedik eserleri bulunuyor. (Bu b\u00f6l\u00fcme 2014 y\u0131l\u0131nda girmi\u015ftim. Foto\u011fraflar o zamandan).<\/p>\n<p><img loading=\"lazy\" decoding=\"async\" class=\"alignnone size-medium wp-image-4075\" src=\"https:\/\/www.yeryuzundebirkacadim.com\/wp-content\/uploads\/2020\/05\/P1040051-1024x768.jpg\" alt=\"\" width=\"1024\" height=\"768\" srcset=\"https:\/\/www.yeryuzundebirkacadim.com\/wp-content\/uploads\/2020\/05\/P1040051-1024x768.jpg 1024w, https:\/\/www.yeryuzundebirkacadim.com\/wp-content\/uploads\/2020\/05\/P1040051-768x576.jpg 768w, https:\/\/www.yeryuzundebirkacadim.com\/wp-content\/uploads\/2020\/05\/P1040051-2048x1536.jpg 2048w, https:\/\/www.yeryuzundebirkacadim.com\/wp-content\/uploads\/2020\/05\/P1040051-816x612.jpg 816w\" sizes=\"auto, (max-width: 1024px) 100vw, 1024px\" \/><\/p>\n<p>Bazilikan\u0131n; -bizim girmedi\u011fimiz- San Marco mezar\u0131, Vaftizhane gibi b\u00f6l\u00fcmleri de bulunuyor.<\/p>\n<p><strong>D\u00fckal\u0131k Saray\u0131 (Palazzo Ducale, Doge&#8217;s Palace)<\/strong><\/p>\n<p>(2014&#8217;teki geli\u015fimden foto\u011fraflar koydum.)<\/p>\n<p>Venedik Cumhuriyeti\u2019nin y\u00fcksek yetkilisi D\u00fck&#8217;\u00fcn evi ve \u00fclkenin y\u00f6netim merkezi idi.<\/p>\n<p>\u0130lk olarak 9. y\u00fczy\u0131lda in\u015fa edilmi\u015f. Birka\u00e7 kez yak\u0131l\u0131p tekrar yap\u0131lm\u0131\u015f.<\/p>\n<p>14. y\u00fczy\u0131lda, \u015fehrin yeni zenginli\u011fine ve g\u00fcc\u00fcne uygun b\u00fcy\u00fck bir saray\u0131n yap\u0131lmas\u0131na karar verilmi\u015f. Rio di Palazzo&#8217;ya bakan do\u011fu kanad\u0131 1301-1340 aras\u0131nda in\u015fa edilmi\u015f. Piazetta San Marco&#8217;ya bakan bat\u0131 kanad\u0131n\u0131n in\u015fa edilmesi ise 110 y\u0131l daha s\u00fcrm\u00fc\u015f ve 1450&#8217;de tamamlanm\u0131\u015f.<\/p>\n<p>1923 y\u0131l\u0131nda m\u00fczeye d\u00f6n\u00fc\u015ft\u00fcr\u00fclm\u00fc\u015f.<\/p>\n<p><strong>Mimarisi<\/strong>: Bir avlu etraf\u0131nda in\u015fa edilmi\u015f ve zengin bir \u015fekilde dekore edilmi\u015f yap\u0131; ard\u0131\u015f\u0131k yeniden yap\u0131lanmalar\u0131nda, bask\u0131n Gotik tarz\u0131n beraberinde Ma\u011fribi ve R\u00f6nesans mimarisinin de \u00f6zelliklerini bir araya getirmi\u015ftir.<\/p>\n<h3><img loading=\"lazy\" decoding=\"async\" class=\"alignnone size-medium wp-image-4076\" src=\"https:\/\/www.yeryuzundebirkacadim.com\/wp-content\/uploads\/2020\/05\/DSC06674-1024x580.jpg\" alt=\"\" width=\"1024\" height=\"580\" srcset=\"https:\/\/www.yeryuzundebirkacadim.com\/wp-content\/uploads\/2020\/05\/DSC06674-1024x580.jpg 1024w, https:\/\/www.yeryuzundebirkacadim.com\/wp-content\/uploads\/2020\/05\/DSC06674-768x435.jpg 768w, https:\/\/www.yeryuzundebirkacadim.com\/wp-content\/uploads\/2020\/05\/DSC06674-2048x1159.jpg 2048w, https:\/\/www.yeryuzundebirkacadim.com\/wp-content\/uploads\/2020\/05\/DSC06674-816x462.jpg 816w\" sizes=\"auto, (max-width: 1024px) 100vw, 1024px\" \/><\/h3>\n<div class=\"article\">\n<p>Saray\u0131n mimarisinde al\u0131\u015f\u0131lm\u0131\u015f\u0131n d\u0131\u015f\u0131nda bir tarz var.<\/p>\n<p>Alt katta s\u00fctunlu bir zemin bulunuyor.<\/p>\n<p>\u0130kinci katta, y\u00fczeyi zarif kemerli, Ma\u011fribi tarzda 4 yaprakl\u0131 kafes benzeri oyulmu\u015f pembe Verona mermer desenleriyle bir loca kat\u0131. Adeta bir dantel g\u00f6r\u00fcn\u00fcm\u00fcne sahip.<\/p>\n<p>\u00dc\u00e7\u00fcnc\u00fc katta ise, normalde zemin katta olmas\u0131 beklenen masif duvarlar mevcut. Buras\u0131 da elmas desenli Bizans stili renkli ta\u015ftan olu\u015fuyor.<\/p>\n<p>Yine, binan\u0131n zemin kat\u0131n\u0131n s\u00fctunlu ve a\u00e7\u0131k olu\u015fu, o zamandaki di\u011fer bir\u00e7ok \u015fehrin aksine sa\u011flam bir kaleye ihtiya\u00e7 duymayan \u015fehrin g\u00fcc\u00fcn\u00fcn bir kan\u0131t\u0131d\u0131r.<\/p>\n<p><strong>Porta Della Carta (Ka\u011f\u0131t Kap\u0131s\u0131)<\/strong><\/p>\n<p><img decoding=\"async\" src=\"https:\/\/upload.wikimedia.org\/wikipedia\/commons\/thumb\/8\/8d\/Venice_-_Doge%27s_Palace_-_Porta_della_Carta.jpg\/1200px-Venice_-_Doge%27s_Palace_-_Porta_della_Carta.jpg\" alt=\"File:Venice - Doge's Palace - Porta della Carta.jpg - Wikimedia ...\" \/><\/p>\n<p>(@wikimedia&#8217;dan al\u0131nt\u0131)<\/p>\n<p>Ana giri\u015f kap\u0131s\u0131 olan Porta della Carta, Venedik vatanda\u015flar\u0131 taraf\u0131ndan okunmak \u00fczere \u00f6nemli duyurular\u0131n yay\u0131nland\u0131\u011f\u0131 yerdir. Bu nedenle &#8220;Ka\u011f\u0131t Kap\u0131s\u0131&#8221; denilmi\u015ftir. Gotik tarzdaki kap\u0131; Saray ile Aziz Mark Bazilikas\u0131 aras\u0131ndaki ba\u011flant\u0131d\u0131r.<\/p>\n<p>En \u00fcstte Adalet heykeli bulunur. Alt\u0131nda yuvarlak alanda St. Mark heykeli var.<\/p>\n<p>Her iki taraftaki s\u00fctunlar\u0131n ni\u015flerindeki heykellerle d\u00f6rt erdem temsil ediliyor. Kap\u0131n\u0131n \u00fcst\u00fcnde orta k\u0131s\u0131mda alegorik bir kabartma g\u00f6r\u00fcl\u00fcyor. D\u00fck Francesco Foscari (Saray in\u015faat\u0131 s\u0131ras\u0131nda iktidardaki d\u00fck), Venedik&#8217;i temsil eden ve \u0130ncil&#8217;i tutan St. Mark&#8217;\u0131n kanatl\u0131 aslan\u0131 kar\u015f\u0131s\u0131nda diz \u00e7\u00f6k\u00fcyor. Venedik Cumhuriyeti&#8217;nde bireyin devletin g\u00fcc\u00fcne boyun e\u011fdi\u011fini g\u00f6steriyor. Mevcut heykel, Napolyon&#8217;un ordusu 1797&#8217;de Venedik&#8217;i i\u015fgal etti\u011finde yok edilen orijinalinin 19 y\u00fczy\u0131ldan kalma kopyas\u0131d\u0131r.<\/p>\n<p>Kap\u0131 do\u011frudan avlu&#8217;ya \u00e7\u0131k\u0131yor.<\/p>\n<\/div>\n<div class=\"article\">\n<div class=\"pic right\">\n<div><img loading=\"lazy\" decoding=\"async\" class=\"alignnone size-medium wp-image-4083\" src=\"https:\/\/www.yeryuzundebirkacadim.com\/wp-content\/uploads\/2020\/05\/P1040079-1-1024x768.jpg\" alt=\"\" width=\"1024\" height=\"768\" srcset=\"https:\/\/www.yeryuzundebirkacadim.com\/wp-content\/uploads\/2020\/05\/P1040079-1-1024x768.jpg 1024w, https:\/\/www.yeryuzundebirkacadim.com\/wp-content\/uploads\/2020\/05\/P1040079-1-768x576.jpg 768w, https:\/\/www.yeryuzundebirkacadim.com\/wp-content\/uploads\/2020\/05\/P1040079-1-2048x1536.jpg 2048w, https:\/\/www.yeryuzundebirkacadim.com\/wp-content\/uploads\/2020\/05\/P1040079-1-816x612.jpg 816w\" sizes=\"auto, (max-width: 1024px) 100vw, 1024px\" \/><\/div>\n<div><\/div>\n<div>Avludan kare bir bina g\u00f6r\u00fcnse de, saray\u0131n \u00fc\u00e7 kanad\u0131 bulunuyor. D\u00f6rd\u00fcnc\u00fc taraf, biti\u015fikteki San Marco Basilikas\u0131 taraf\u0131ndan olu\u015fturuluyor.<\/div>\n<div>\n<p>Avlu, bir R\u00f6nesans \u015faheseri olarak kabul ediliyor.<\/p>\n<\/div>\n<div><strong>Scala dei Giganti (Devlerin Merdiveni)<\/strong><\/div>\n<\/div>\n<div>\n<p><img loading=\"lazy\" decoding=\"async\" class=\"alignnone size-medium wp-image-4081\" src=\"https:\/\/www.yeryuzundebirkacadim.com\/wp-content\/uploads\/2020\/05\/P1040141-1-1024x768.jpg\" alt=\"\" width=\"1024\" height=\"768\" srcset=\"https:\/\/www.yeryuzundebirkacadim.com\/wp-content\/uploads\/2020\/05\/P1040141-1-1024x768.jpg 1024w, https:\/\/www.yeryuzundebirkacadim.com\/wp-content\/uploads\/2020\/05\/P1040141-1-768x576.jpg 768w, https:\/\/www.yeryuzundebirkacadim.com\/wp-content\/uploads\/2020\/05\/P1040141-1-2048x1536.jpg 2048w, https:\/\/www.yeryuzundebirkacadim.com\/wp-content\/uploads\/2020\/05\/P1040141-1-816x612.jpg 816w\" sizes=\"auto, (max-width: 1024px) 100vw, 1024px\" \/><\/p>\n<p>\u0130\u00e7 avluya girdikten sonra, Devlerin Merdiveni kar\u015f\u0131m\u0131za \u00e7\u0131k\u0131yor. Merdiven ba\u015flar\u0131nda Mars ve Nept\u00fcn heykelleri bulunuyor. Dev ismi de Venedik&#8217;in kara ve deniz \u00fczerindeki g\u00fcc\u00fcn\u00fc simgeleyen Mars ve Nept\u00fcn&#8217;den geliyor.<\/p>\n<p><strong>Senat\u00f6rler Avlusu<\/strong><\/p>\n<\/div>\n<\/div>\n<div class=\"article\">\n<p>Merdivenin solunda, senat\u00f6rlerin bir araya gelip \u00f6nemli kararlar ald\u0131klar\u0131 aland\u0131r.<\/p>\n<p><strong>Bocca di Leona (Aslan\u0131n A\u011fz\u0131)<\/strong><\/p>\n<p><img loading=\"lazy\" decoding=\"async\" class=\"alignnone size-medium wp-image-4285\" src=\"https:\/\/www.yeryuzundebirkacadim.com\/wp-content\/uploads\/2020\/06\/P1040086-1-1024x768.jpg\" alt=\"\" width=\"1024\" height=\"768\" srcset=\"https:\/\/www.yeryuzundebirkacadim.com\/wp-content\/uploads\/2020\/06\/P1040086-1-1024x768.jpg 1024w, https:\/\/www.yeryuzundebirkacadim.com\/wp-content\/uploads\/2020\/06\/P1040086-1-768x576.jpg 768w, https:\/\/www.yeryuzundebirkacadim.com\/wp-content\/uploads\/2020\/06\/P1040086-1-2048x1536.jpg 2048w, https:\/\/www.yeryuzundebirkacadim.com\/wp-content\/uploads\/2020\/06\/P1040086-1-816x612.jpg 816w\" sizes=\"auto, (max-width: 1024px) 100vw, 1024px\" \/><\/p>\n<div class=\"gallery-title\">\n<div class=\"article_block site\" data-slot-rendered-dynamic=\"true\">\n<div class=\"site_desc\">\n<div class=\"article_block site\" data-slot-rendered-dynamic=\"true\">\n<div class=\"data-of-work\">\n<p>\u0130simsiz ihbarlar i\u00e7in Aslan A\u011fz\u0131 Posta Kutusu.<\/p>\n<\/div>\n<\/div>\n<\/div>\n<\/div>\n<\/div>\n<p><strong>Scala D&#8217;oro (Alt\u0131n Merdiven)<\/strong><\/p>\n<div class=\"gallery-title\">\n<p><img loading=\"lazy\" decoding=\"async\" class=\"alignnone size-medium wp-image-4084\" src=\"https:\/\/www.yeryuzundebirkacadim.com\/wp-content\/uploads\/2020\/05\/P1040090-1-1024x768.jpg\" alt=\"\" width=\"1024\" height=\"768\" srcset=\"https:\/\/www.yeryuzundebirkacadim.com\/wp-content\/uploads\/2020\/05\/P1040090-1-1024x768.jpg 1024w, https:\/\/www.yeryuzundebirkacadim.com\/wp-content\/uploads\/2020\/05\/P1040090-1-768x576.jpg 768w, https:\/\/www.yeryuzundebirkacadim.com\/wp-content\/uploads\/2020\/05\/P1040090-1-2048x1536.jpg 2048w, https:\/\/www.yeryuzundebirkacadim.com\/wp-content\/uploads\/2020\/05\/P1040090-1-816x612.jpg 816w\" sizes=\"auto, (max-width: 1024px) 100vw, 1024px\" \/><\/p>\n<\/div>\n<div class=\"data-of-work\">\n<p>Sansovino taraf\u0131ndan 1554-1558 y\u0131llar\u0131 aras\u0131nda in\u015fa edilen ve Alessandro Vittoria&#8217;n\u0131n yald\u0131zl\u0131 yap\u0131s\u0131yla ikinci kata \u00e7\u0131kan Alt\u0131n Merdivenler. \u00dcst kattaki D\u00fck Konutlar\u0131&#8217;n\u0131 ziyaret eden onur ve sulh hakimlerine g\u00f6rkemli bir giri\u015f sa\u011flamak i\u00e7in 29 y\u0131ll\u0131k bir s\u00fcrede in\u015fa edilmi\u015f.<\/p>\n<p><strong>D\u00fcklerin Konutlar\u0131<\/strong><\/p>\n<p id=\"I-VN-33\" class=\"sitename\"><span style=\"font-size: 16px;\">Do\u011fu kanad\u0131n ikinci kat\u0131nda bulunuyorlar.<\/span><\/p>\n<p><b style=\"font-size: 16px;\">Sala degli Scarlett<\/b><\/p>\n<p class=\"sitename\"><span style=\"font-size: 16px;\">En ayr\u0131nt\u0131l\u0131s\u0131 ve oyma tavanl\u0131 olan bu konuttur.<\/span><span style=\"font-size: 16px;\"> Biri Titian&#8217;a ait olmak \u00fczere (\u0130ki melek, Meryem ve \u00e7ocuk) iki freskli lunette bulunuyor.\u00a0<\/span><\/p>\n<p><img loading=\"lazy\" decoding=\"async\" class=\"alignnone size-medium wp-image-4093\" src=\"https:\/\/www.yeryuzundebirkacadim.com\/wp-content\/uploads\/2020\/05\/P1040101-1-1024x768.jpg\" alt=\"\" width=\"1024\" height=\"768\" srcset=\"https:\/\/www.yeryuzundebirkacadim.com\/wp-content\/uploads\/2020\/05\/P1040101-1-1024x768.jpg 1024w, https:\/\/www.yeryuzundebirkacadim.com\/wp-content\/uploads\/2020\/05\/P1040101-1-768x576.jpg 768w, https:\/\/www.yeryuzundebirkacadim.com\/wp-content\/uploads\/2020\/05\/P1040101-1-2048x1536.jpg 2048w, https:\/\/www.yeryuzundebirkacadim.com\/wp-content\/uploads\/2020\/05\/P1040101-1-816x612.jpg 816w\" sizes=\"auto, (max-width: 1024px) 100vw, 1024px\" \/><\/p>\n<p><strong>El\u00e7iler Salonu (Sala del Collegio)<\/strong><\/p>\n<\/div>\n<div class=\"pic right\">\n<p>Bir\u00e7ok ki\u015fi taraf\u0131ndan t\u00fcm saray\u0131n en g\u00fczel odas\u0131 olarak kabul edilen Sala del Collegio, kabinenin d\u00fck ba\u015fkanl\u0131\u011f\u0131nda bulu\u015ftu\u011fu ve en \u00f6nemli el\u00e7ilerin ziyaretlerinin kabul\u00fcn\u00fcn yap\u0131ld\u0131\u011f\u0131 yerdir.<\/p>\n<\/div>\n<p><img loading=\"lazy\" decoding=\"async\" class=\"alignnone size-medium wp-image-4085\" src=\"https:\/\/www.yeryuzundebirkacadim.com\/wp-content\/uploads\/2020\/05\/P1040107-1-1024x768.jpg\" alt=\"\" width=\"1024\" height=\"768\" srcset=\"https:\/\/www.yeryuzundebirkacadim.com\/wp-content\/uploads\/2020\/05\/P1040107-1-1024x768.jpg 1024w, https:\/\/www.yeryuzundebirkacadim.com\/wp-content\/uploads\/2020\/05\/P1040107-1-768x576.jpg 768w, https:\/\/www.yeryuzundebirkacadim.com\/wp-content\/uploads\/2020\/05\/P1040107-1-2048x1536.jpg 2048w, https:\/\/www.yeryuzundebirkacadim.com\/wp-content\/uploads\/2020\/05\/P1040107-1-816x612.jpg 816w\" sizes=\"auto, (max-width: 1024px) 100vw, 1024px\" \/><\/p>\n<\/div>\n<div class=\"pic right\">\n<p>Odada d\u00fck\u00fcn taht\u0131n\u0131n \u00fcst\u00fcnde Veronese&#8217;nin bir tablosu var. Tabloda T\u00fcrklere kar\u015f\u0131 1571&#8217;de Lepanto&#8217;da (\u0130nebaht\u0131 Deniz Sava\u015f\u0131) elde edilen zafer an\u0131s\u0131na \u0130sa&#8217;ya te\u015fekk\u00fcrlerini sunan Hristiyan deniz komutan\u0131 Sebastian Venier&#8217;in (daha sonra d\u00fck olmu\u015ftur) resmi bulunmaktad\u0131r.<\/p>\n<p>Tavanda Venedik&#8217;in b\u00fcy\u00fck ideallerini simgeleyen birka\u00e7 Veronese tablosu var.<\/p>\n<p><img loading=\"lazy\" decoding=\"async\" class=\"alignnone size-medium wp-image-4086\" src=\"https:\/\/www.yeryuzundebirkacadim.com\/wp-content\/uploads\/2020\/05\/P1040110-1-1024x768.jpg\" alt=\"\" width=\"1024\" height=\"768\" srcset=\"https:\/\/www.yeryuzundebirkacadim.com\/wp-content\/uploads\/2020\/05\/P1040110-1-1024x768.jpg 1024w, https:\/\/www.yeryuzundebirkacadim.com\/wp-content\/uploads\/2020\/05\/P1040110-1-768x576.jpg 768w, https:\/\/www.yeryuzundebirkacadim.com\/wp-content\/uploads\/2020\/05\/P1040110-1-2048x1536.jpg 2048w, https:\/\/www.yeryuzundebirkacadim.com\/wp-content\/uploads\/2020\/05\/P1040110-1-816x612.jpg 816w\" sizes=\"auto, (max-width: 1024px) 100vw, 1024px\" \/><\/p>\n<\/div>\n<p><strong>Maggior Consiglio (B\u00fcy\u00fck Konsey Odas\u0131, On Konsey Odas\u0131)<\/strong><\/p>\n<p>\u0130kinci kattaki konsey odas\u0131, Venedik&#8217;in y\u00f6netici elitinin bulu\u015ftu\u011fu yerdi. Palazzo Ducale&#8217;nin i\u00e7indeki en b\u00fcy\u00fck odad\u0131r ve sahile bakan g\u00fcney cephesinin neredeyse tamam\u0131n\u0131 kapsar. (54 x 25 metre). \u00c7\u00fcnk\u00fc konsey oturumdayken, bu odada oy kullanma hakk\u0131na sahip 1800 kadar vatanda\u015f\u0131n konaklamas\u0131 gerekiyordu.<\/p>\n<p><strong>Ahlar K\u00f6pr\u00fcs\u00fc (Ponte dei Sospiri)<\/strong><\/p>\n<p>Saray\u0131n bodrumunda mahkumlar\u0131n mahkemelerini beklerken kald\u0131klar\u0131 hapishane h\u00fccreleri bulunuyordu.<\/p>\n<p><img loading=\"lazy\" decoding=\"async\" class=\"alignnone size-medium wp-image-4095\" src=\"https:\/\/www.yeryuzundebirkacadim.com\/wp-content\/uploads\/2020\/05\/P1040130-1024x768.jpg\" alt=\"\" width=\"1024\" height=\"768\" srcset=\"https:\/\/www.yeryuzundebirkacadim.com\/wp-content\/uploads\/2020\/05\/P1040130-1024x768.jpg 1024w, https:\/\/www.yeryuzundebirkacadim.com\/wp-content\/uploads\/2020\/05\/P1040130-768x576.jpg 768w, https:\/\/www.yeryuzundebirkacadim.com\/wp-content\/uploads\/2020\/05\/P1040130-2048x1536.jpg 2048w, https:\/\/www.yeryuzundebirkacadim.com\/wp-content\/uploads\/2020\/05\/P1040130-816x612.jpg 816w\" sizes=\"auto, (max-width: 1024px) 100vw, 1024px\" \/><\/p>\n<p>Daha sonra Saray&#8217;\u0131n do\u011fu taraf\u0131nda bulunan B\u00fcy\u00fck Kanal&#8217;\u0131n bir kolu olan Rio di Palazzo&#8217;un di\u011fer taraf\u0131na yeni hapishane yap\u0131l\u0131yor. Saray&#8217;dan hapishaneye ge\u00e7i\u015f de bir k\u00f6pr\u00fc ile sa\u011flan\u0131yor. H\u00fck\u00fcml\u00fclerin saray\u0131n zindanlar\u0131ndan hapishaneye giderken d\u0131\u015f d\u00fcnyay\u0131 g\u00f6rd\u00fckleri son yer olan k\u00f6pr\u00fcde ah ettiklerinden dolay\u0131 bu isim verilmi\u015f. K\u00f6pr\u00fcden d\u0131\u015far\u0131n\u0131n g\u00f6r\u00fcn\u00fcm\u00fc.<\/p>\n<p><img loading=\"lazy\" decoding=\"async\" class=\"alignnone size-medium wp-image-4096\" src=\"https:\/\/www.yeryuzundebirkacadim.com\/wp-content\/uploads\/2020\/05\/P1040132-1-1024x768.jpg\" alt=\"\" width=\"1024\" height=\"768\" srcset=\"https:\/\/www.yeryuzundebirkacadim.com\/wp-content\/uploads\/2020\/05\/P1040132-1-1024x768.jpg 1024w, https:\/\/www.yeryuzundebirkacadim.com\/wp-content\/uploads\/2020\/05\/P1040132-1-768x576.jpg 768w, https:\/\/www.yeryuzundebirkacadim.com\/wp-content\/uploads\/2020\/05\/P1040132-1-2048x1536.jpg 2048w, https:\/\/www.yeryuzundebirkacadim.com\/wp-content\/uploads\/2020\/05\/P1040132-1-816x612.jpg 816w\" sizes=\"auto, (max-width: 1024px) 100vw, 1024px\" \/><\/p>\n<p><img loading=\"lazy\" decoding=\"async\" class=\"size-medium wp-image-4097\" src=\"https:\/\/www.yeryuzundebirkacadim.com\/wp-content\/uploads\/2020\/05\/IMG_20181229_114721-1-1024x505.jpg\" alt=\"\" width=\"1024\" height=\"505\" srcset=\"https:\/\/www.yeryuzundebirkacadim.com\/wp-content\/uploads\/2020\/05\/IMG_20181229_114721-1-1024x505.jpg 1024w, https:\/\/www.yeryuzundebirkacadim.com\/wp-content\/uploads\/2020\/05\/IMG_20181229_114721-1-768x379.jpg 768w, https:\/\/www.yeryuzundebirkacadim.com\/wp-content\/uploads\/2020\/05\/IMG_20181229_114721-1-2048x1010.jpg 2048w, https:\/\/www.yeryuzundebirkacadim.com\/wp-content\/uploads\/2020\/05\/IMG_20181229_114721-1-816x402.jpg 816w\" sizes=\"auto, (max-width: 1024px) 100vw, 1024px\" \/><\/p>\n<p>D\u0131\u015far\u0131dan Ahlar K\u00f6pr\u00fcs\u00fc&#8217;n\u00fcn g\u00f6r\u00fcn\u00fcm\u00fc<\/p>\n<p><strong>Torre dell Orologia (San Marco Saat Kulesi)\u00a0<\/strong><\/p>\n<p>1496-1499 y\u0131llar\u0131nda in\u015fa edilen merkezi bir saat kulesi ve daha sonra eklenen daha al\u00e7ak iki yan kanattan olu\u015fuyor. Alt\u0131ndaki kemer Mercerie&#8217;e ge\u00e7i\u015fi sa\u011flar. Procuratie Vecchie&#8217;nin do\u011fu ucuna biti\u015fiktir.<\/p>\n<header>\n<h1><strong><img loading=\"lazy\" decoding=\"async\" class=\"alignnone size-medium wp-image-4102\" src=\"https:\/\/www.yeryuzundebirkacadim.com\/wp-content\/uploads\/2020\/06\/DSC06766-1024x580.jpg\" alt=\"\" width=\"1024\" height=\"580\" srcset=\"https:\/\/www.yeryuzundebirkacadim.com\/wp-content\/uploads\/2020\/06\/DSC06766-1024x580.jpg 1024w, https:\/\/www.yeryuzundebirkacadim.com\/wp-content\/uploads\/2020\/06\/DSC06766-768x435.jpg 768w, https:\/\/www.yeryuzundebirkacadim.com\/wp-content\/uploads\/2020\/06\/DSC06766-2048x1159.jpg 2048w, https:\/\/www.yeryuzundebirkacadim.com\/wp-content\/uploads\/2020\/06\/DSC06766-816x462.jpg 816w\" sizes=\"auto, (max-width: 1024px) 100vw, 1024px\" \/><\/strong><\/h1>\n<p>Kulede Venedik&#8217;in simgesi kanatl\u0131 aslan ve \u00fcstteki terasta \u00e7an\u0131 \u00e7alan iki bronz insan heykeli bulunuyor.<\/p>\n<\/header>\n<div class=\"entry-content\">\n<header><strong>Precuratie Vecchie (Savc\u0131l\u0131k Ofisleri)<\/strong><\/header>\n<header><\/header>\n<header><img loading=\"lazy\" decoding=\"async\" class=\"alignnone size-medium wp-image-4947\" src=\"https:\/\/www.yeryuzundebirkacadim.com\/wp-content\/uploads\/2020\/06\/IMG_20220909_192303-1024x484.jpg\" alt=\"\" width=\"1024\" height=\"484\" srcset=\"https:\/\/www.yeryuzundebirkacadim.com\/wp-content\/uploads\/2020\/06\/IMG_20220909_192303-1024x484.jpg 1024w, https:\/\/www.yeryuzundebirkacadim.com\/wp-content\/uploads\/2020\/06\/IMG_20220909_192303-768x363.jpg 768w, https:\/\/www.yeryuzundebirkacadim.com\/wp-content\/uploads\/2020\/06\/IMG_20220909_192303-2048x968.jpg 2048w, https:\/\/www.yeryuzundebirkacadim.com\/wp-content\/uploads\/2020\/06\/IMG_20220909_192303-816x385.jpg 816w\" sizes=\"auto, (max-width: 1024px) 100vw, 1024px\" \/><\/header>\n<div class=\"entry-content\">\n<p>San Marco Meydan\u0131&#8217;n\u0131n kuzey, bat\u0131 ve g\u00fcney olmak \u00fczere 3 taraf\u0131n\u0131 \u00e7evreleyen binalard\u0131r.<\/p>\n<p>Binalar\u0131n en eskisi, sulh hakimlerinin ofislerini ve dairelerini bar\u0131nd\u0131rmak i\u00e7in 12. y\u00fczy\u0131lda iki katl\u0131 bir yap\u0131 olarak in\u015fa edilen kuzeydeki <strong>Procuratie Vecchie<\/strong>&#8216;dir.\u00a0Bina 16. y\u00fczy\u0131l\u0131n ba\u015flar\u0131nda yeniden in\u015fa edilmi\u015f ve geni\u015fletilmi\u015ftir.<\/p>\n<p>Yine bu tarihlerde daha fazla ofis alan\u0131 sa\u011flamak i\u00e7in <strong>Procuratie Nuove<\/strong> in\u015fa edildi. G\u00fcn\u00fcm\u00fczde k\u00fct\u00fcphaneler, Correr M\u00fczesi ve 1720&#8217;de a\u00e7\u0131lan Caffe Florian&#8217;a ev sahipli\u011fi yap\u0131yor.<\/p>\n<p>Bug\u00fcn, tarihi kahvehaneler ve modern ma\u011fazalar birinci kat salonlar\u0131n\u0131n i\u00e7indedir.<\/p>\n<\/div>\n<\/div>\n<div>\n<p><strong>St Mark Campanile (San Marco \u00c7an Kulesi)<\/strong><\/p>\n<p><img loading=\"lazy\" decoding=\"async\" class=\"alignnone size-medium wp-image-4946\" src=\"https:\/\/www.yeryuzundebirkacadim.com\/wp-content\/uploads\/2020\/06\/IMG_20220909_192331_edit_5278687286172-768x1024.jpg\" alt=\"\" width=\"768\" height=\"1024\" srcset=\"https:\/\/www.yeryuzundebirkacadim.com\/wp-content\/uploads\/2020\/06\/IMG_20220909_192331_edit_5278687286172-768x1024.jpg 768w, https:\/\/www.yeryuzundebirkacadim.com\/wp-content\/uploads\/2020\/06\/IMG_20220909_192331_edit_5278687286172-1536x2048.jpg 1536w, https:\/\/www.yeryuzundebirkacadim.com\/wp-content\/uploads\/2020\/06\/IMG_20220909_192331_edit_5278687286172-749x999.jpg 749w\" sizes=\"auto, (max-width: 768px) 100vw, 768px\" \/><\/p>\n<\/div>\n<p><span style=\"font-size: 16px;\">St Mark Bazilikas\u0131&#8217;n\u0131n \u00e7an kulesidir. 98 metre y\u00fcksekli\u011findeki bu kule, Piazza San Marco&#8217;nun bir k\u00f6\u015fesinde yer almaktad\u0131r ve \u015fehrin en tan\u0131nm\u0131\u015f sembollerinden biridir. \u0130lk olarak 10. y\u00fczy\u0131lda yap\u0131lm\u0131\u015f ancak 1902 y\u0131l\u0131nda kendi \u00fczerine \u00e7\u00f6km\u00fc\u015f. M\u00fcmk\u00fcn oldu\u011funca orijinal ta\u015flar\u0131 kullan\u0131larak yeniden in\u015fa edilmi\u015f.<\/span><\/p>\n<p><strong>Sansovino Sundurmas\u0131 (Loggetta del Sansovino)<\/strong><\/p>\n<p><img loading=\"lazy\" decoding=\"async\" class=\"alignnone size-medium wp-image-4951\" src=\"https:\/\/www.yeryuzundebirkacadim.com\/wp-content\/uploads\/2020\/06\/DSC06726-1-1024x580.jpg\" alt=\"\" width=\"1024\" height=\"580\" srcset=\"https:\/\/www.yeryuzundebirkacadim.com\/wp-content\/uploads\/2020\/06\/DSC06726-1-1024x580.jpg 1024w, https:\/\/www.yeryuzundebirkacadim.com\/wp-content\/uploads\/2020\/06\/DSC06726-1-768x435.jpg 768w, https:\/\/www.yeryuzundebirkacadim.com\/wp-content\/uploads\/2020\/06\/DSC06726-1-2048x1159.jpg 2048w, https:\/\/www.yeryuzundebirkacadim.com\/wp-content\/uploads\/2020\/06\/DSC06726-1-816x462.jpg 816w\" sizes=\"auto, (max-width: 1024px) 100vw, 1024px\" \/><\/p>\n<p>\u00c7an Kulesi&#8217;nin biti\u015fi\u011finde yer al\u0131r. Jacopo Sansovino taraf\u0131ndan 1538-1546 y\u0131llar\u0131 aras\u0131nda R\u00f6nesans tarz\u0131nda in\u015fa edilmi\u015ftir. D\u00fckal\u0131k Saray\u0131&#8217;n\u0131n en \u00f6nemli giri\u015fi olan Porta della Carta&#8217;n\u0131n hemen \u00f6n\u00fcndeki konumu nedeniyle Loggetta, B\u00fcy\u00fck Konsey toplant\u0131lar\u0131 s\u0131ras\u0131nda toplanan soylulara g\u00fcvenlik sa\u011flamak i\u00e7in 1569&#8217;dan itibaren bir n\u00f6bet yeri olarak kullan\u0131ld\u0131.<\/p>\n<p>1902 y\u0131l\u0131nda \u00e7an kulesinin y\u0131k\u0131lmas\u0131yla b\u00fcy\u00fck \u00f6l\u00e7\u00fcde tahrip oldu. Yakla\u015f\u0131k yar\u0131s\u0131 orijinal kalan malzeme ile tekrar in\u015fa edildi.<\/p>\n<p>D\u0131\u015f y\u00fczde 4 tane bronz heykel g\u00f6r\u00fcl\u00fcyor. Bunlar, Sansovino taraf\u0131ndan, Cumhuriyet&#8217;i y\u00fcceltmek ve i\u00e7sel erdemleri kamusal alanda y\u00fcceltmek amac\u0131yla tasarlanan alegorik bir temelde tasarland\u0131.<\/p>\n<p>Bilgelik tanr\u0131\u00e7as\u0131 <strong>Minerva<\/strong>; Venedik Senatosunda yer alan ve Cumhuriyet&#8217;i kuran atalar\u0131n\u0131n e\u015fsiz bilgeli\u011fini temsil eder. (Kask giymi\u015f ve\u00a0 kalkan tutan Gorgoneion).<\/p>\n<p><strong>Apollon<\/strong>; G\u00fcne\u015f (Sole) Tanr\u0131s\u0131\u00a0olarak, Cumhuriyet&#8217;in ve h\u00fck\u00fcmetinin benzersizli\u011fini temsil eder. Buna ek olarak, m\u00fczik tanr\u0131s\u0131 olarak, \u00e7e\u015fitli konseyler ve sulh yarg\u0131\u00e7lar\u0131 aras\u0131nda devletin istikrar\u0131n\u0131 ve uzun \u00f6m\u00fcrl\u00fcl\u00fc\u011f\u00fcn\u00fc sa\u011flayan m\u00fckemmel anayasal uyumu ifade eder.\u00a0Loggetta&#8217;da delici g\u00fcne\u015f \u0131\u015f\u0131nlar\u0131n\u0131n sembol\u00fc olarak bir titreme ve oklarla tasvir edilir. Bir zamanlar sol elinde olan lir \u015fimdi kay\u0131p.<\/p>\n<p>Dil bilgisi tanr\u0131s\u0131 <strong>Merk\u00fcr<\/strong>; Venedik&#8217;in ak\u0131ll\u0131 ve ihtiyatl\u0131 kararlar\u0131n\u0131n soylular taraf\u0131ndan etkili bir \u015fekilde ifade edildi\u011finin alt\u0131n\u0131 \u00e7iziyor. Tanr\u0131 Argus&#8217;un kopmu\u015f ba\u015f\u0131\u00a0ayaklar\u0131n\u0131n yan\u0131nda g\u00f6sterilir. Eskiden sa\u011f elinde olan Caduceus (asa) \u015fu anda kay\u0131p.<\/p>\n<p>Pax; Cumhuriyetin b\u00fcy\u00fckl\u00fc\u011f\u00fcn\u00fc sa\u011flayan bar\u0131\u015f\u0131 temsil eder. Tanr\u0131\u00e7a heykeli me\u015falesini ayaklar\u0131na d\u00f6k\u00fclen z\u0131rh \u00fczerinde s\u00f6nd\u00fcr\u00fcyor.<\/p>\n<p>Heykellerin \u00fczerindeki kabartmalarda:<\/p>\n<p>Solda; Girit (1205-1669) Venedik egemenli\u011finde idi.\u00a0Girit ve babas\u0131 Mount Aigaion, J\u00fcpiter olarak sunulur. Minos adan\u0131n ilk kral\u0131.<\/p>\n<p>Merkezi kabartma, Venedik&#8217;i k\u0131l\u0131\u00e7 ve pullarla Adalet olarak g\u00f6sterir.<\/p>\n<p>Sa\u011fda; K\u0131br\u0131s (1489-1573)\u00a0adan\u0131n yak\u0131n\u0131ndaki sulardan do\u011fan Ven\u00fcs olarak g\u00f6sterilmektedir.<\/p>\n<div class=\"entry-content\">\n<div class=\"entry-content\">\n<p><strong>Sansovino K\u00fct\u00fcphanesi<\/strong><\/p>\n<\/div>\n<\/div>\n<div>\n<p>Palladio\u2019nun eseri olan k\u00fct\u00fcphane San Marco Meydan\u0131\u2019n\u0131n bat\u0131 taraf\u0131nda, D\u00fckal\u0131k Saray\u0131&#8217;n\u0131n kar\u015f\u0131s\u0131nda boylu boyunca uzan\u0131yor. Alt\u0131nda kafeler var.<\/p>\n<p>K\u00fct\u00fcphane ve D\u00fckal\u0131k Saray\u0131 aras\u0131nda deniz taraf\u0131nda iki tane uzun s\u00fctun yer al\u0131yor. S\u00fctunlardan birinin \u00fczerinde \u015fehrin koruyucusu kabul edilen San Marco\u2019nun Aslan\u0131 di\u011fer s\u00fctunda ise San Marco\u2019dan \u00f6nceki koruyucu kabul edilen Bizans Krali\u00e7esi Theodora\u2019n\u0131n heykeli bulunuyor.<\/p>\n<p><strong>Vittorio Emanuele II Heykeli<\/strong><\/p>\n<p>San Marco Meydan\u0131&#8217;na yak\u0131n Grand Kanal sahilindeki bu heykel 1861&#8217;de Birle\u015fik \u0130talya&#8217;n\u0131n ilk Kral\u0131 Vittorio Emanuele II&#8217;ye ithaf edilmi\u015ftir. An\u0131t\u0131n her iki taraf\u0131nda bir kad\u0131n ve kanatl\u0131 aslan vard\u0131r. Biri zincirlerini kemiren bir aslanla birlikte g\u00f6r\u00fcn\u00fcr. Di\u011feri kraliyet k\u0131yafeti giymi\u015f bir kad\u0131n ve pen\u00e7eleri kitap \u00fczerinde k\u00fckreyen bir aslan. Bu an\u0131t\u0131n \u00fcst\u00fcnde Emanuele II&#8217;nin atl\u0131 heykeli vard\u0131r.<\/p>\n<\/div>\n<p><img loading=\"lazy\" decoding=\"async\" class=\"size-medium wp-image-4948\" src=\"https:\/\/www.yeryuzundebirkacadim.com\/wp-content\/uploads\/2020\/06\/IMG_20220909_195023_edit_5756209447558-768x1024.jpg\" alt=\"\" width=\"768\" height=\"1024\" srcset=\"https:\/\/www.yeryuzundebirkacadim.com\/wp-content\/uploads\/2020\/06\/IMG_20220909_195023_edit_5756209447558-768x1024.jpg 768w, https:\/\/www.yeryuzundebirkacadim.com\/wp-content\/uploads\/2020\/06\/IMG_20220909_195023_edit_5756209447558-1536x2048.jpg 1536w, https:\/\/www.yeryuzundebirkacadim.com\/wp-content\/uploads\/2020\/06\/IMG_20220909_195023_edit_5756209447558-749x999.jpg 749w\" sizes=\"auto, (max-width: 768px) 100vw, 768px\" \/><\/p>\n<div><strong style=\"font-size: 16px;\">Aziz John ve Paul Bazilikas\u0131 (Santi Giovanni e Paolo)<\/strong><\/div>\n<p><img loading=\"lazy\" decoding=\"async\" class=\"alignnone size-medium wp-image-4108\" src=\"https:\/\/www.yeryuzundebirkacadim.com\/wp-content\/uploads\/2020\/06\/DSC06586-1-1024x580.jpg\" alt=\"\" width=\"1024\" height=\"580\" srcset=\"https:\/\/www.yeryuzundebirkacadim.com\/wp-content\/uploads\/2020\/06\/DSC06586-1-1024x580.jpg 1024w, https:\/\/www.yeryuzundebirkacadim.com\/wp-content\/uploads\/2020\/06\/DSC06586-1-768x435.jpg 768w, https:\/\/www.yeryuzundebirkacadim.com\/wp-content\/uploads\/2020\/06\/DSC06586-1-2048x1159.jpg 2048w, https:\/\/www.yeryuzundebirkacadim.com\/wp-content\/uploads\/2020\/06\/DSC06586-1-816x462.jpg 816w\" sizes=\"auto, (max-width: 1024px) 100vw, 1024px\" \/><\/p>\n<p>Venedik&#8217;teki en b\u00fcy\u00fck ve heybetli dini Orta\u00e7a\u011f yap\u0131lar\u0131ndan biridir. 14. y\u00fczy\u0131ldan beri \u00e7ok say\u0131da Venedik d\u00fck\u00fc ve di\u011fer \u00f6nemli karakterin burada g\u00f6m\u00fclmesi nedeni ile &#8220;Venedik&#8217;in Panteonu&#8221; olarak kabul edilir.<\/p>\n<p><strong>John ve Paul Hastanesi<\/strong><\/p>\n<p><img loading=\"lazy\" decoding=\"async\" class=\"size-medium wp-image-4147\" src=\"https:\/\/www.yeryuzundebirkacadim.com\/wp-content\/uploads\/2020\/06\/IMG_20181229_095513-1-2-1024x530.jpg\" alt=\"\" width=\"1024\" height=\"530\" srcset=\"https:\/\/www.yeryuzundebirkacadim.com\/wp-content\/uploads\/2020\/06\/IMG_20181229_095513-1-2-1024x530.jpg 1024w, https:\/\/www.yeryuzundebirkacadim.com\/wp-content\/uploads\/2020\/06\/IMG_20181229_095513-1-2-768x397.jpg 768w, https:\/\/www.yeryuzundebirkacadim.com\/wp-content\/uploads\/2020\/06\/IMG_20181229_095513-1-2-2048x1059.jpg 2048w, https:\/\/www.yeryuzundebirkacadim.com\/wp-content\/uploads\/2020\/06\/IMG_20181229_095513-1-2-816x422.jpg 816w\" sizes=\"auto, (max-width: 1024px) 100vw, 1024px\" \/><\/p>\n<p><span style=\"font-size: 16px;\">Kilisenin hemen yan\u0131ndaki R\u00f6nesans Mimarisi&#8217;ne sahip tarihi bina hastane binas\u0131 olarak kullan\u0131lmaktad\u0131r.\u00a0<\/span><\/p>\n<p><strong>Libreria Acqua Alta (Y\u00fckek Su Kitap\u00e7\u0131s\u0131)<\/strong><\/p>\n<p><img loading=\"lazy\" decoding=\"async\" class=\"alignnone size-medium wp-image-4112\" src=\"https:\/\/www.yeryuzundebirkacadim.com\/wp-content\/uploads\/2020\/06\/DSC06620-1-1024x580.jpg\" alt=\"\" width=\"1024\" height=\"580\" srcset=\"https:\/\/www.yeryuzundebirkacadim.com\/wp-content\/uploads\/2020\/06\/DSC06620-1-1024x580.jpg 1024w, https:\/\/www.yeryuzundebirkacadim.com\/wp-content\/uploads\/2020\/06\/DSC06620-1-768x435.jpg 768w, https:\/\/www.yeryuzundebirkacadim.com\/wp-content\/uploads\/2020\/06\/DSC06620-1-2048x1159.jpg 2048w, https:\/\/www.yeryuzundebirkacadim.com\/wp-content\/uploads\/2020\/06\/DSC06620-1-816x462.jpg 816w\" sizes=\"auto, (max-width: 1024px) 100vw, 1024px\" \/><\/p>\n<p>Kitap\u00e7\u0131n\u0131n ad\u0131, \u015fehrin s\u00fcrekli y\u00fckselen sular\u0131yla m\u00fccadele etme giri\u015fimi olan \u201cy\u00fcksek su kitabevi\u201d anlam\u0131na geliyor. \u0130\u00e7 k\u0131s\u0131mlarda, kitap, dergi ve haritalar, korumas\u0131 i\u00e7in su ge\u00e7irmez kutulara ve hatta gondollara konmu\u015f.<\/p>\n<p><img loading=\"lazy\" decoding=\"async\" class=\"alignnone size-medium wp-image-4111\" src=\"https:\/\/www.yeryuzundebirkacadim.com\/wp-content\/uploads\/2020\/06\/DSC06619-1-1024x580.jpg\" alt=\"\" width=\"1024\" height=\"580\" srcset=\"https:\/\/www.yeryuzundebirkacadim.com\/wp-content\/uploads\/2020\/06\/DSC06619-1-1024x580.jpg 1024w, https:\/\/www.yeryuzundebirkacadim.com\/wp-content\/uploads\/2020\/06\/DSC06619-1-768x435.jpg 768w, https:\/\/www.yeryuzundebirkacadim.com\/wp-content\/uploads\/2020\/06\/DSC06619-1-2048x1159.jpg 2048w, https:\/\/www.yeryuzundebirkacadim.com\/wp-content\/uploads\/2020\/06\/DSC06619-1-816x462.jpg 816w\" sizes=\"auto, (max-width: 1024px) 100vw, 1024px\" \/><\/p>\n<p>\u00c7ok da g\u00fczel kanal manzaras\u0131 bulunuyor.<\/p>\n<p><img loading=\"lazy\" decoding=\"async\" class=\"alignnone size-medium wp-image-4113\" src=\"https:\/\/www.yeryuzundebirkacadim.com\/wp-content\/uploads\/2020\/06\/DSC06621-1-1024x580.jpg\" alt=\"\" width=\"1024\" height=\"580\" srcset=\"https:\/\/www.yeryuzundebirkacadim.com\/wp-content\/uploads\/2020\/06\/DSC06621-1-1024x580.jpg 1024w, https:\/\/www.yeryuzundebirkacadim.com\/wp-content\/uploads\/2020\/06\/DSC06621-1-768x435.jpg 768w, https:\/\/www.yeryuzundebirkacadim.com\/wp-content\/uploads\/2020\/06\/DSC06621-1-2048x1159.jpg 2048w, https:\/\/www.yeryuzundebirkacadim.com\/wp-content\/uploads\/2020\/06\/DSC06621-1-816x462.jpg 816w\" sizes=\"auto, (max-width: 1024px) 100vw, 1024px\" \/><\/p>\n<p>G\u00fczel havas\u0131n\u0131 solumak i\u00e7in muhakkak gidilmeli.<\/p>\n<p><img loading=\"lazy\" decoding=\"async\" class=\"size-medium wp-image-4114\" src=\"https:\/\/www.yeryuzundebirkacadim.com\/wp-content\/uploads\/2020\/06\/IMG_20181229_102325-1-505x1024.jpg\" alt=\"\" width=\"505\" height=\"1024\" srcset=\"https:\/\/www.yeryuzundebirkacadim.com\/wp-content\/uploads\/2020\/06\/IMG_20181229_102325-1-505x1024.jpg 505w, https:\/\/www.yeryuzundebirkacadim.com\/wp-content\/uploads\/2020\/06\/IMG_20181229_102325-1-768x1558.jpg 768w, https:\/\/www.yeryuzundebirkacadim.com\/wp-content\/uploads\/2020\/06\/IMG_20181229_102325-1-1010x2048.jpg 1010w, https:\/\/www.yeryuzundebirkacadim.com\/wp-content\/uploads\/2020\/06\/IMG_20181229_102325-1-493x999.jpg 493w\" sizes=\"auto, (max-width: 505px) 100vw, 505px\" \/><\/p>\n<p><strong>San Giacomo Dall&#8217;orio Kilisesi<\/strong><\/p>\n<p><img loading=\"lazy\" decoding=\"async\" class=\"size-medium wp-image-4117\" src=\"https:\/\/www.yeryuzundebirkacadim.com\/wp-content\/uploads\/2020\/06\/IMG_20181229_153817-1-1024x505.jpg\" alt=\"\" width=\"1024\" height=\"505\" srcset=\"https:\/\/www.yeryuzundebirkacadim.com\/wp-content\/uploads\/2020\/06\/IMG_20181229_153817-1-1024x505.jpg 1024w, https:\/\/www.yeryuzundebirkacadim.com\/wp-content\/uploads\/2020\/06\/IMG_20181229_153817-1-768x379.jpg 768w, https:\/\/www.yeryuzundebirkacadim.com\/wp-content\/uploads\/2020\/06\/IMG_20181229_153817-1-2048x1010.jpg 2048w, https:\/\/www.yeryuzundebirkacadim.com\/wp-content\/uploads\/2020\/06\/IMG_20181229_153817-1-816x402.jpg 816w\" sizes=\"auto, (max-width: 1024px) 100vw, 1024px\" \/><\/p>\n<p><img loading=\"lazy\" decoding=\"async\" class=\"size-medium wp-image-4118\" src=\"https:\/\/www.yeryuzundebirkacadim.com\/wp-content\/uploads\/2020\/06\/IMG_20181229_154726-1-1024x505.jpg\" alt=\"\" width=\"1024\" height=\"505\" srcset=\"https:\/\/www.yeryuzundebirkacadim.com\/wp-content\/uploads\/2020\/06\/IMG_20181229_154726-1-1024x505.jpg 1024w, https:\/\/www.yeryuzundebirkacadim.com\/wp-content\/uploads\/2020\/06\/IMG_20181229_154726-1-768x379.jpg 768w, https:\/\/www.yeryuzundebirkacadim.com\/wp-content\/uploads\/2020\/06\/IMG_20181229_154726-1-2048x1010.jpg 2048w, https:\/\/www.yeryuzundebirkacadim.com\/wp-content\/uploads\/2020\/06\/IMG_20181229_154726-1-816x402.jpg 816w\" sizes=\"auto, (max-width: 1024px) 100vw, 1024px\" \/><\/p>\n<p>9. y\u00fczy\u0131lda kurulan Venedik&#8217;in en eski kiliselerinden biridir. Kilisede de\u011ferli resimler de bulunmaktad\u0131r.<\/p>\n<p><strong>San Rocco Kilisesi<\/strong><\/p>\n<p><img loading=\"lazy\" decoding=\"async\" class=\"size-medium wp-image-4119\" src=\"https:\/\/www.yeryuzundebirkacadim.com\/wp-content\/uploads\/2020\/06\/IMG_20181229_155103-1-1024x505.jpg\" alt=\"\" width=\"1024\" height=\"505\" srcset=\"https:\/\/www.yeryuzundebirkacadim.com\/wp-content\/uploads\/2020\/06\/IMG_20181229_155103-1-1024x505.jpg 1024w, https:\/\/www.yeryuzundebirkacadim.com\/wp-content\/uploads\/2020\/06\/IMG_20181229_155103-1-768x379.jpg 768w, https:\/\/www.yeryuzundebirkacadim.com\/wp-content\/uploads\/2020\/06\/IMG_20181229_155103-1-2048x1010.jpg 2048w, https:\/\/www.yeryuzundebirkacadim.com\/wp-content\/uploads\/2020\/06\/IMG_20181229_155103-1-816x402.jpg 816w\" sizes=\"auto, (max-width: 1024px) 100vw, 1024px\" \/><\/p>\n<p>1478 y\u0131l\u0131nda in\u015fa edilmi\u015ftir. Vebaya kar\u015f\u0131 bir koruyucu olarak kabul edilen Aziz Saint Roch&#8217;a ithaf edilmi\u015ftir. Aziz&#8217;in mezar\u0131 bu kilisede bulunmaktad\u0131r.<\/p>\n<p><strong>Scuola Grande di San Rocco (B\u00fcy\u00fck San Rocco Okulu)\u00a0<\/strong><\/p>\n<p><img loading=\"lazy\" decoding=\"async\" class=\"size-medium wp-image-4120\" src=\"https:\/\/www.yeryuzundebirkacadim.com\/wp-content\/uploads\/2020\/06\/IMG_20181229_155349-1-1024x505.jpg\" alt=\"\" width=\"1024\" height=\"505\" srcset=\"https:\/\/www.yeryuzundebirkacadim.com\/wp-content\/uploads\/2020\/06\/IMG_20181229_155349-1-1024x505.jpg 1024w, https:\/\/www.yeryuzundebirkacadim.com\/wp-content\/uploads\/2020\/06\/IMG_20181229_155349-1-768x379.jpg 768w, https:\/\/www.yeryuzundebirkacadim.com\/wp-content\/uploads\/2020\/06\/IMG_20181229_155349-1-2048x1010.jpg 2048w, https:\/\/www.yeryuzundebirkacadim.com\/wp-content\/uploads\/2020\/06\/IMG_20181229_155349-1-816x402.jpg 816w\" sizes=\"auto, (max-width: 1024px) 100vw, 1024px\" \/><\/p>\n<p>B\u00fcy\u00fck San Rocco Okulu, 1478 y\u0131l\u0131nda g\u00f6n\u00fcll\u00fc bir karde\u015flik olarak kuruldu. Venedik vatanda\u015flar\u0131ndan bir grup zenginin Hristiyan eserlerini geli\u015ftirmek i\u00e7in kurdu\u011fu bir \u00f6rg\u00fct.<\/p>\n<p>Bina 1515-1560 y\u0131llar\u0131nda, San Rocca Kilisesi&#8217;nin yan\u0131nda in\u015fa edildi.<\/p>\n<p>Bu sanat galerisine resim yapmas\u0131 i\u00e7in Tintoretto g\u00f6revlendirilmi\u015ftir. Eski ve Yeni Ahit anlat\u0131lar\u0131ndan resimler yapm\u0131\u015ft\u0131r.<\/p>\n<p><strong>Tiatro \u0130talia<\/strong><\/p>\n<p><img loading=\"lazy\" decoding=\"async\" class=\"alignnone size-medium wp-image-4950\" src=\"https:\/\/www.yeryuzundebirkacadim.com\/wp-content\/uploads\/2020\/06\/DSC06469-1024x580.jpg\" alt=\"\" width=\"1024\" height=\"580\" srcset=\"https:\/\/www.yeryuzundebirkacadim.com\/wp-content\/uploads\/2020\/06\/DSC06469-1024x580.jpg 1024w, https:\/\/www.yeryuzundebirkacadim.com\/wp-content\/uploads\/2020\/06\/DSC06469-768x435.jpg 768w, https:\/\/www.yeryuzundebirkacadim.com\/wp-content\/uploads\/2020\/06\/DSC06469-2048x1159.jpg 2048w, https:\/\/www.yeryuzundebirkacadim.com\/wp-content\/uploads\/2020\/06\/DSC06469-816x462.jpg 816w\" sizes=\"auto, (max-width: 1024px) 100vw, 1024px\" \/><\/p>\n<p><span style=\"font-size: 16px;\">Santa Lucia tren istasyonunu Venedik&#8217;teki Rialto K\u00f6pr\u00fcs\u00fc&#8217;ne ba\u011flayan i\u015flek yol \u00fczerinde bulunan bina 1915 y\u0131l\u0131nda mimar Giovanni Sardi taraf\u0131ndan tipik Venedik Gotik tarz\u0131nda in\u015fa edilmi\u015ftir. <\/span>\u0130ki katl\u0131d\u0131r ve d\u00f6rt ferforje giri\u015f kap\u0131s\u0131 bulunur. \u00dcstte korkuluklar\u0131n ortas\u0131nda Venedik kanatl\u0131 aslan\u0131 unutulmam\u0131\u015f.<\/p>\n<p>\u00d6nceleri \u0130talia Tiyatrosu iken \u00f6nce sinemaya d\u00f6n\u00fc\u015ft\u00fcr\u00fcld\u00fc, sonra uzun y\u0131llar kapal\u0131 kald\u0131. Ard\u0131ndan \u00fcniversite ofislerinin yeri oldu. Uzun bir restorasyondan sonra yak\u0131n zamanda yeniden a\u00e7\u0131lm\u0131\u015f ve bir s\u00fcpermarkete d\u00f6n\u00fc\u015ft\u00fcr\u00fclm\u00fc\u015ft\u00fcr.<\/p>\n<p><strong>Museo della Musica (M\u00fczik M\u00fczesi)<\/strong><\/p>\n<p><img loading=\"lazy\" decoding=\"async\" class=\"alignnone size-medium wp-image-4121\" src=\"https:\/\/www.yeryuzundebirkacadim.com\/wp-content\/uploads\/2020\/06\/20140505_151432-1-768x1024.jpg\" alt=\"\" width=\"768\" height=\"1024\" srcset=\"https:\/\/www.yeryuzundebirkacadim.com\/wp-content\/uploads\/2020\/06\/20140505_151432-1-768x1024.jpg 768w, https:\/\/www.yeryuzundebirkacadim.com\/wp-content\/uploads\/2020\/06\/20140505_151432-1-1536x2048.jpg 1536w, https:\/\/www.yeryuzundebirkacadim.com\/wp-content\/uploads\/2020\/06\/20140505_151432-1-749x999.jpg 749w\" sizes=\"auto, (max-width: 768px) 100vw, 768px\" \/><\/p>\n<p>Daha \u00f6nce San Maurizio Kilisesi olan bu tarihi m\u00fczede, \u0130talyan k\u00fclt\u00fcr\u00fcn\u00fcn b\u00fcy\u00fckl\u00fc\u011f\u00fcne katk\u0131da bulunan sanatsal i\u015flevlerden birine adanm\u0131\u015f bir sergi bulunuyor: Telli \u00e7alg\u0131lar\u0131n yap\u0131m\u0131. Artemio Maestro Versari&#8217;nin \u201cAntonio Vivaldi ve Onun Zaman\u0131\u201d koleksiyonu; 18. y\u00fczy\u0131l Venedik&#8217;in telli \u00e7alg\u0131 yap\u0131m\u0131n\u0131n alt\u0131n \u00e7a\u011f\u0131n\u0131 anlat\u0131yor. \u0130talyan m\u00fczik aleti yap\u0131m st\u00fcdyolar\u0131, tasar\u0131m ve yap\u0131mdaki farkl\u0131l\u0131klar ve m\u00fczik tarz\u0131n\u0131n evrimi g\u00f6steriliyor. (Foto\u011fraflar 2014 gezimizden)<\/p>\n<p>Art\u0131k Grand Kanal&#8217;da gezintiye \u00e7\u0131kman\u0131n zaman\u0131 geldi.<\/p>\n<p><strong>Grand Canal<\/strong> <strong>(B\u00fcy\u00fck Kanal)<\/strong><\/p>\n<p>Venedik&#8217;in \u015fehirde dola\u015fan en b\u00fcy\u00fck kanal\u0131. Kanal boyunca eski saraylar, zengin t\u00fcccar ailelerine ait s\u00fcsl\u00fc binalar, m\u00fczeler, kiliseler bulunuyor.<\/p>\n<p><b>San Giorgio Maggiore Kilisesi<\/b><\/p>\n<p><img loading=\"lazy\" decoding=\"async\" class=\"alignnone size-medium wp-image-4945\" src=\"https:\/\/www.yeryuzundebirkacadim.com\/wp-content\/uploads\/2020\/06\/IMG_20220909_194757-1024x577.jpg\" alt=\"\" width=\"1024\" height=\"577\" srcset=\"https:\/\/www.yeryuzundebirkacadim.com\/wp-content\/uploads\/2020\/06\/IMG_20220909_194757-1024x577.jpg 1024w, https:\/\/www.yeryuzundebirkacadim.com\/wp-content\/uploads\/2020\/06\/IMG_20220909_194757-768x432.jpg 768w, https:\/\/www.yeryuzundebirkacadim.com\/wp-content\/uploads\/2020\/06\/IMG_20220909_194757-2048x1153.jpg 2048w, https:\/\/www.yeryuzundebirkacadim.com\/wp-content\/uploads\/2020\/06\/IMG_20220909_194757-816x459.jpg 816w\" sizes=\"auto, (max-width: 1024px) 100vw, 1024px\" \/><\/p>\n<p>Ayn\u0131 ismi ta\u015f\u0131yan ada \u00fczerinde yer alan ve Andrea Palladio taraf\u0131ndan dizayn edilmi\u015f bir bazilikad\u0131r. Kilisenin \u00f6n y\u00fcz\u00fc San Marco Meydan\u0131&#8217;ndan g\u00f6r\u00fcl\u00fcr. Mavi lag\u00fcn sular\u0131 \u00fczerinde Klasik R\u00f6nesans tarz\u0131nda, zarif parlak beyaz bir sil\u00fcete sahiptir. Kilise klasik mermer y\u00fcz\u00fc ve yo\u011fun s\u00fctunlar \u00fczerindeki b\u00fcy\u00fck \u00fc\u00e7gen al\u0131nl\u0131\u011f\u0131 ile kendisinden \u00f6nce in\u015fa edilmi\u015f olanlara benzemez.<\/p>\n<p>Buradaki ilk kilise\u00a0 8-9. y\u00fczy\u0131la tarihlenir. G\u00fcn\u00fcm\u00fczdeki kilise 1566-1610 y\u0131llar\u0131nda in\u015fa edildi. \u00c7an kulesi, ilk 1467 y\u0131l\u0131nda yap\u0131ld\u0131 ve 1774 y\u0131l\u0131nda \u00e7\u00f6kt\u00fc. 1791 y\u0131l\u0131nda ise yeniden in\u015fa edildi.<\/p>\n<p><strong>Santa Maria della Salute Kilisesi<\/strong><\/p>\n<p data-hc-id=\"bd868c1679f509e0328655080648\"><img loading=\"lazy\" decoding=\"async\" class=\"alignnone size-medium wp-image-4123\" src=\"https:\/\/www.yeryuzundebirkacadim.com\/wp-content\/uploads\/2020\/06\/20140505_171430-1-1024x768.jpg\" alt=\"\" width=\"1024\" height=\"768\" srcset=\"https:\/\/www.yeryuzundebirkacadim.com\/wp-content\/uploads\/2020\/06\/20140505_171430-1-1024x768.jpg 1024w, https:\/\/www.yeryuzundebirkacadim.com\/wp-content\/uploads\/2020\/06\/20140505_171430-1-768x576.jpg 768w, https:\/\/www.yeryuzundebirkacadim.com\/wp-content\/uploads\/2020\/06\/20140505_171430-1-2048x1536.jpg 2048w, https:\/\/www.yeryuzundebirkacadim.com\/wp-content\/uploads\/2020\/06\/20140505_171430-1-816x612.jpg 816w\" sizes=\"auto, (max-width: 1024px) 100vw, 1024px\" \/><\/p>\n<p>B\u00fcy\u00fck Kanal&#8217;\u0131n giri\u015finde Dorsoduro b\u00f6lgesindeki katedral, genellikle Salute (sa\u011fl\u0131k) olarak adland\u0131r\u0131l\u0131r. Venedik&#8217;i veba salg\u0131n\u0131ndan kurtarmak i\u00e7in 1681 y\u0131l\u0131nda in\u015fa edildi. Longhena&#8217;n\u0131n benzersiz Barok tasar\u0131m\u0131 ile kilise b\u00fcy\u00fck bir kubbe ve sekizgen bir kilise mimarisine sahiptir. Spiraller \u00fczerinde heykel fig\u00fcrleri bulunur. Venedik&#8217;in sembollerinden biridir.<\/p>\n<div class=\"ora-tv-container\">\n<div class=\"cnx-resize-triggers\">\n<div class=\"cnx-expand-trigger\">Burada Titian, Tintoretto ve di\u011fer \u00fcnl\u00fc sanat\u00e7\u0131lar\u0131n resimleri de korunmaktad\u0131r.<\/div>\n<\/div>\n<\/div>\n<p><strong>Genovese Saray\u0131 (Sina Centurion Otel)<\/strong><\/p>\n<p><img loading=\"lazy\" decoding=\"async\" class=\"alignnone size-medium wp-image-4129\" src=\"https:\/\/www.yeryuzundebirkacadim.com\/wp-content\/uploads\/2020\/06\/20140505_171441-1-1024x743.jpg\" alt=\"\" width=\"1024\" height=\"743\" srcset=\"https:\/\/www.yeryuzundebirkacadim.com\/wp-content\/uploads\/2020\/06\/20140505_171441-1-1024x743.jpg 1024w, https:\/\/www.yeryuzundebirkacadim.com\/wp-content\/uploads\/2020\/06\/20140505_171441-1-768x557.jpg 768w, https:\/\/www.yeryuzundebirkacadim.com\/wp-content\/uploads\/2020\/06\/20140505_171441-1-2048x1485.jpg 2048w, https:\/\/www.yeryuzundebirkacadim.com\/wp-content\/uploads\/2020\/06\/20140505_171441-1-816x592.jpg 816w\" sizes=\"auto, (max-width: 1024px) 100vw, 1024px\" \/><\/p>\n<p>Venedik&#8217;in en eski b\u00f6lgesi olan Dorsoduro&#8217;da bulunan bina, 19. y\u00fczy\u0131lda Neo-Gotik tarzda in\u015fa edilmi\u015f Genovese ailesinin Venedik konutu (Genovese Saray\u0131) iken restorasyon g\u00f6rerek 2009 y\u0131l\u0131nda Sina Centurion Oteli olarak hizmet vermeye ba\u015flad\u0131.<\/p>\n<p><strong>Salviati Saray\u0131<\/strong><\/p>\n<p><img loading=\"lazy\" decoding=\"async\" class=\"alignnone size-medium wp-image-4130\" src=\"https:\/\/www.yeryuzundebirkacadim.com\/wp-content\/uploads\/2020\/06\/20140505_171516-1-1024x693.jpg\" alt=\"\" width=\"1024\" height=\"693\" srcset=\"https:\/\/www.yeryuzundebirkacadim.com\/wp-content\/uploads\/2020\/06\/20140505_171516-1-1024x693.jpg 1024w, https:\/\/www.yeryuzundebirkacadim.com\/wp-content\/uploads\/2020\/06\/20140505_171516-1-768x520.jpg 768w, https:\/\/www.yeryuzundebirkacadim.com\/wp-content\/uploads\/2020\/06\/20140505_171516-1-2048x1387.jpg 2048w, https:\/\/www.yeryuzundebirkacadim.com\/wp-content\/uploads\/2020\/06\/20140505_171516-1-816x553.jpg 816w\" sizes=\"auto, (max-width: 1024px) 100vw, 1024px\" \/><\/p>\n<p>Bina, 1903-1906 y\u0131llar\u0131 aras\u0131nda Salviati ailesinin cam ve mozaik d\u00fckkan\u0131 olarak in\u015fa edildi. 1924 y\u0131l\u0131nda binaya bir kat eklendi ve b\u00fcy\u00fck bir mozaik tablo yerle\u015ftirildi. Cephe; \u00fcr\u00fcnlerinin tan\u0131t\u0131m ve te\u015fhirini yapmaktayd\u0131. \u0130ngiltere&#8217;de de tan\u0131nan Salviati&#8217;ler Murano cam i\u015f\u00e7ili\u011fine yeni bir tarz getirmi\u015flerdir.<\/p>\n<p><strong>Barbarigo Saray\u0131<\/strong><\/p>\n<p><img loading=\"lazy\" decoding=\"async\" class=\"alignnone size-medium wp-image-4131\" src=\"https:\/\/www.yeryuzundebirkacadim.com\/wp-content\/uploads\/2020\/06\/20140505_171605-1-1024x788.jpg\" alt=\"\" width=\"1024\" height=\"788\" srcset=\"https:\/\/www.yeryuzundebirkacadim.com\/wp-content\/uploads\/2020\/06\/20140505_171605-1-1024x788.jpg 1024w, https:\/\/www.yeryuzundebirkacadim.com\/wp-content\/uploads\/2020\/06\/20140505_171605-1-768x591.jpg 768w, https:\/\/www.yeryuzundebirkacadim.com\/wp-content\/uploads\/2020\/06\/20140505_171605-1-2048x1577.jpg 2048w, https:\/\/www.yeryuzundebirkacadim.com\/wp-content\/uploads\/2020\/06\/20140505_171605-1-816x628.jpg 816w\" sizes=\"auto, (max-width: 1024px) 100vw, 1024px\" \/><\/p>\n<p>B\u00fcy\u00fck Kanal&#8217;da g\u00f6rd\u00fc\u011f\u00fcm en renkli, en g\u00f6z al\u0131c\u0131 saraylardan biri. 16. y\u00fczy\u0131lda R\u00f6nesans Mimari tarz\u0131nda in\u015fa edilen binan\u0131n \u00f6n cephesi 1886&#8217;da Murano mozaikleriyle dekore edilmi\u015ftir. Palazzo Barbarigo, cam sanat\u0131 \u00fcreten lider Venedik \u015firketi olan Pauly ve C&#8217;nin merkezi haline geldi\u011finde, usta cam i\u015f\u00e7ileri karma\u015f\u0131k mozaik tasar\u0131mlar\u0131 ile saray cephesini dekore etmi\u015fler.<\/p>\n<p><strong>Venedik Enstit\u00fcs\u00fc<\/strong><\/p>\n<div class=\"adLargerect\">\n<p><img loading=\"lazy\" decoding=\"async\" class=\"alignnone size-medium wp-image-4133\" src=\"https:\/\/www.yeryuzundebirkacadim.com\/wp-content\/uploads\/2020\/06\/20140505_171657-1-1024x685.jpg\" alt=\"\" width=\"1024\" height=\"685\" srcset=\"https:\/\/www.yeryuzundebirkacadim.com\/wp-content\/uploads\/2020\/06\/20140505_171657-1-1024x685.jpg 1024w, https:\/\/www.yeryuzundebirkacadim.com\/wp-content\/uploads\/2020\/06\/20140505_171657-1-768x514.jpg 768w, https:\/\/www.yeryuzundebirkacadim.com\/wp-content\/uploads\/2020\/06\/20140505_171657-1-2048x1371.jpg 2048w, https:\/\/www.yeryuzundebirkacadim.com\/wp-content\/uploads\/2020\/06\/20140505_171657-1-816x546.jpg 816w\" sizes=\"auto, (max-width: 1024px) 100vw, 1024px\" \/><\/p>\n<div id=\"mapp0-layout\" class=\"mapp-layout mapp-inline mapp-google\">\n<div class=\"mapp-wrapper\">\n<div class=\"mapp-content\">\n<div class=\"mapp-main\">\n<div class=\"mapp-canvas-panel\">\n<div id=\"mapp0\" class=\"mapp-canvas\">\n<div>\n<div class=\"gm-style\">\n<div tabindex=\"0\">\n<div>\n<div>\n<div>\n<div>\n<div><strong>G\u00fczel Sanatlar Akademisi<\/strong><\/div>\n<div><img loading=\"lazy\" decoding=\"async\" class=\"alignnone size-medium wp-image-4134\" src=\"https:\/\/www.yeryuzundebirkacadim.com\/wp-content\/uploads\/2020\/06\/20140505_171844-1024x649.jpg\" alt=\"\" width=\"1024\" height=\"649\" srcset=\"https:\/\/www.yeryuzundebirkacadim.com\/wp-content\/uploads\/2020\/06\/20140505_171844-1024x649.jpg 1024w, https:\/\/www.yeryuzundebirkacadim.com\/wp-content\/uploads\/2020\/06\/20140505_171844-768x486.jpg 768w, https:\/\/www.yeryuzundebirkacadim.com\/wp-content\/uploads\/2020\/06\/20140505_171844-2048x1297.jpg 2048w, https:\/\/www.yeryuzundebirkacadim.com\/wp-content\/uploads\/2020\/06\/20140505_171844-816x517.jpg 816w\" sizes=\"auto, (max-width: 1024px) 100vw, 1024px\" \/><\/div>\n<div><strong>Rezzonico Saray\u0131<\/strong><\/div>\n<\/div>\n<\/div>\n<\/div>\n<\/div>\n<\/div>\n<\/div>\n<\/div>\n<\/div>\n<\/div>\n<\/div>\n<\/div>\n<\/div>\n<\/div>\n<\/div>\n<div><img loading=\"lazy\" decoding=\"async\" class=\"alignnone wp-image-4135\" src=\"https:\/\/www.yeryuzundebirkacadim.com\/wp-content\/uploads\/2020\/06\/20140505_171952-1-1024x685.jpg\" alt=\"\" width=\"1024\" height=\"685\" srcset=\"https:\/\/www.yeryuzundebirkacadim.com\/wp-content\/uploads\/2020\/06\/20140505_171952-1-1024x685.jpg 1024w, https:\/\/www.yeryuzundebirkacadim.com\/wp-content\/uploads\/2020\/06\/20140505_171952-1-768x513.jpg 768w, https:\/\/www.yeryuzundebirkacadim.com\/wp-content\/uploads\/2020\/06\/20140505_171952-1-2048x1369.jpg 2048w, https:\/\/www.yeryuzundebirkacadim.com\/wp-content\/uploads\/2020\/06\/20140505_171952-1-816x546.jpg 816w\" sizes=\"auto, (max-width: 1024px) 100vw, 1024px\" \/><\/div>\n<div>1649 y\u0131l\u0131nda Filippo Bon, geni\u015f bir saray in\u015fa ettirmeye karar verdi. Bu ama\u00e7 i\u00e7in Venedik Barok stilinin \u00f6nde isimlerinden Longhena&#8217;y\u0131 g\u00f6revlendirdi. Maalesef, ne mimar ne de m\u00fc\u015fterisi saray\u0131n tamamland\u0131\u011f\u0131n\u0131 g\u00f6remedi. Longhena 1682 y\u0131l\u0131nda \u00f6ld\u00fc. Filippo Bon parasal \u00e7\u00f6k\u00fc\u015fe u\u011frad\u0131.<\/div>\n<p>Saray, 19. y\u00fczy\u0131lda Cizvit Koleji haline geldi. Daha sonra birka\u00e7 kez el de\u011fi\u015ftirdi. Mobilyalar\u0131 sat\u0131ld\u0131. 1936 y\u0131l\u0131nda Halk M\u00fczesi olarak a\u00e7\u0131ld\u0131. \u00dc\u00e7 katl\u0131 Barok tarzdaki mermer bina bug\u00fcn Venedik&#8217;in en zarif m\u00fczelerinden biridir. Burada b\u00fcy\u00fck saraylar i\u00e7in dizayn edilmi\u015f objeler sergilenmektedir.<\/p>\n<p><strong>Foscari Saray\u0131<\/strong><\/p>\n<p><img loading=\"lazy\" decoding=\"async\" class=\"alignnone size-medium wp-image-4136\" src=\"https:\/\/www.yeryuzundebirkacadim.com\/wp-content\/uploads\/2020\/06\/20140505_172128-1-1024x837.jpg\" alt=\"\" width=\"1024\" height=\"837\" srcset=\"https:\/\/www.yeryuzundebirkacadim.com\/wp-content\/uploads\/2020\/06\/20140505_172128-1-1024x837.jpg 1024w, https:\/\/www.yeryuzundebirkacadim.com\/wp-content\/uploads\/2020\/06\/20140505_172128-1-768x628.jpg 768w, https:\/\/www.yeryuzundebirkacadim.com\/wp-content\/uploads\/2020\/06\/20140505_172128-1-2048x1673.jpg 2048w, https:\/\/www.yeryuzundebirkacadim.com\/wp-content\/uploads\/2020\/06\/20140505_172128-1-816x667.jpg 816w\" sizes=\"auto, (max-width: 1024px) 100vw, 1024px\" \/><\/p>\n<p>Yakla\u015f\u0131k 1452 y\u0131l\u0131nda Venedik d\u00fckas\u0131 Francesco Foscari taraf\u0131ndan Gotik stilde yapt\u0131r\u0131lm\u0131\u015ft\u0131r. Saray\u0131n dizayn\u0131n\u0131n kendi zenginlik ve g\u00fcc\u00fcn\u00fc g\u00f6stermesini istemi\u015ftir.<\/p>\n<p>1854 y\u0131l\u0131nda Venedik Belediyesince sat\u0131n al\u0131nm\u0131\u015f. 1859 y\u0131l\u0131nda bir hastane olarak kullan\u0131lm\u0131\u015f ve 19. y\u00fczy\u0131l Avusturya \u0130mparatorlu\u011fu i\u015fgali d\u00f6neminde askeri k\u0131\u015fla olarak kullan\u0131lm\u0131\u015ft\u0131r. Bug\u00fcn Venedik \u00dcniversitesi&#8217;ne ait olan yap\u0131 1997 &#8211; 2005 y\u0131llar\u0131 aras\u0131nda bir restorasyon ge\u00e7irmi\u015f.<\/p>\n<p><strong>Rialto K\u00f6pr\u00fcs\u00fc<\/strong>\u00a0<strong>(Ponte di Rialto)<\/strong><\/p>\n<div class=\"adLargerect\"><img loading=\"lazy\" decoding=\"async\" class=\"alignnone size-medium wp-image-4145\" src=\"https:\/\/www.yeryuzundebirkacadim.com\/wp-content\/uploads\/2020\/06\/20140505_172613-1-1024x727.jpg\" alt=\"\" width=\"1024\" height=\"727\" srcset=\"https:\/\/www.yeryuzundebirkacadim.com\/wp-content\/uploads\/2020\/06\/20140505_172613-1-1024x727.jpg 1024w, https:\/\/www.yeryuzundebirkacadim.com\/wp-content\/uploads\/2020\/06\/20140505_172613-1-768x546.jpg 768w, https:\/\/www.yeryuzundebirkacadim.com\/wp-content\/uploads\/2020\/06\/20140505_172613-1-2048x1455.jpg 2048w, https:\/\/www.yeryuzundebirkacadim.com\/wp-content\/uploads\/2020\/06\/20140505_172613-1-816x580.jpg 816w\" sizes=\"auto, (max-width: 1024px) 100vw, 1024px\" \/><\/div>\n<div id=\"mapp0-layout\" class=\"mapp-layout mapp-inline mapp-google\">\n<div class=\"mapp-wrapper\">\n<div class=\"mapp-content\">\n<div class=\"mapp-main\">\n<div class=\"mapp-canvas-panel\">\n<div id=\"mapp0\" class=\"mapp-canvas\">\n<div class=\"gm-style\">\n<div tabindex=\"0\">\n<p>B\u00fcy\u00fck Kanal&#8217;da bulunan d\u00f6rt k\u00f6pr\u00fcn\u00fcn en g\u00fczel ve en eskisi. Bu kemer k\u00f6pr\u00fcs\u00fc San Polo ve San Marco&#8217;yu birbirine ba\u011flar.<\/p>\n<p>Gece g\u00f6r\u00fcnt\u00fcs\u00fcn\u00fc de koyal\u0131m. Her yerde y\u0131lba\u015f\u0131 \u00f6ncesi \u0131\u015f\u0131kland\u0131rmalar var.<\/p>\n<p><img loading=\"lazy\" decoding=\"async\" class=\"alignnone size-medium wp-image-4149\" src=\"https:\/\/www.yeryuzundebirkacadim.com\/wp-content\/uploads\/2020\/06\/DSC06518-1-1024x580.jpg\" alt=\"\" width=\"1024\" height=\"580\" srcset=\"https:\/\/www.yeryuzundebirkacadim.com\/wp-content\/uploads\/2020\/06\/DSC06518-1-1024x580.jpg 1024w, https:\/\/www.yeryuzundebirkacadim.com\/wp-content\/uploads\/2020\/06\/DSC06518-1-768x435.jpg 768w, https:\/\/www.yeryuzundebirkacadim.com\/wp-content\/uploads\/2020\/06\/DSC06518-1-2048x1159.jpg 2048w, https:\/\/www.yeryuzundebirkacadim.com\/wp-content\/uploads\/2020\/06\/DSC06518-1-816x462.jpg 816w\" sizes=\"auto, (max-width: 1024px) 100vw, 1024px\" \/><\/p>\n<p><strong>Pesaro Saray\u0131<\/strong><\/p>\n<\/div>\n<\/div>\n<\/div>\n<\/div>\n<\/div>\n<\/div>\n<\/div>\n<\/div>\n<p><img loading=\"lazy\" decoding=\"async\" class=\"alignnone size-medium wp-image-4140\" src=\"https:\/\/www.yeryuzundebirkacadim.com\/wp-content\/uploads\/2020\/06\/20140505_173327-1-1024x638.jpg\" alt=\"\" width=\"1024\" height=\"638\" srcset=\"https:\/\/www.yeryuzundebirkacadim.com\/wp-content\/uploads\/2020\/06\/20140505_173327-1-1024x638.jpg 1024w, https:\/\/www.yeryuzundebirkacadim.com\/wp-content\/uploads\/2020\/06\/20140505_173327-1-768x479.jpg 768w, https:\/\/www.yeryuzundebirkacadim.com\/wp-content\/uploads\/2020\/06\/20140505_173327-1-2048x1276.jpg 2048w, https:\/\/www.yeryuzundebirkacadim.com\/wp-content\/uploads\/2020\/06\/20140505_173327-1-816x509.jpg 816w\" sizes=\"auto, (max-width: 1024px) 100vw, 1024px\" \/><\/p>\n<p>17. y\u00fczy\u0131lda Venedik Barok stilinin en b\u00fcy\u00fck mimar\u0131 Longhena&#8217;n\u0131n tasarlad\u0131\u011f\u0131 saray, asil ve zengin Pesaro ailesi i\u00e7in in\u015fa edildi. Ancak Longhena&#8217;n\u0131n 1682&#8217;deki \u00f6l\u00fcm\u00fc nedeni ile natamam kalan yap\u0131 Antonio Gaspari taraf\u0131ndan 1710&#8217;da tamamland\u0131. Orijinal ilk plana ne kadar sad\u0131k kalmaya \u00e7al\u0131\u015f\u0131lsa da, binada \u00e7ok s\u00fctun kullan\u0131m\u0131, Longhena&#8217;n\u0131n daha \u015f\u0131k Rezzonica Saray\u0131 ile z\u0131tl\u0131k te\u015fkil eder. Her \u015feye ra\u011fmen Venedik Barok sivil mimarisinin bir ba\u015fyap\u0131t\u0131d\u0131r.<\/p>\n<p>Saray, Pesaro ailesinin son bireyi de 1830&#8217;da vefat edince Gradenigo ailesine, ard\u0131ndan \u00fcniversite olarak kullanan Ermeni Mechitarist Babalara ge\u00e7ti. Sonra Bevilacqua ailesi taraf\u0131ndan sat\u0131n al\u0131nd\u0131. D\u00fc\u015fes Felicita Bevilacqua La Masa m\u00fclk\u00fcn\u00fc modern sanata hediye edip kente b\u0131rakan ki\u015fidir.<\/p>\n<p>\u015eu anda Uluslararas\u0131 Modern Sanat Galerisi olarak kullan\u0131lmaktad\u0131r.<\/p>\n<p><strong>T\u00fcrk Han\u0131 (Fondaco Dei Turchi)<\/strong><\/p>\n<p><img decoding=\"async\" src=\"https:\/\/4.bp.blogspot.com\/-rIsYPxdNiS8\/WSHFhJmqceI\/AAAAAAAALF4\/s5EheG2uUu0Zi9VGW7mLNrk_jKLEi3jGQCLcB\/s1600\/fondaco_turchi_Venezia.jpg\" \/><\/p>\n<p>Venedik Cumhuriyeti, 1419 y\u0131l\u0131nda yap\u0131lan bir ahitname ile kap\u0131lar\u0131n\u0131 T\u00fcrkler&#8217;e aralam\u0131\u015f. \u0130ki devlet aras\u0131nda kar\u015f\u0131l\u0131l\u0131k esas\u0131na dayanan ticari serbestlik, \u00c7elebi Mehmet zaman\u0131nda y\u00fcr\u00fcrl\u00fc\u011fe girmi\u015f, daha sonralar\u0131 bu anla\u015fma onaylana onaylana s\u00fcr\u00fcp gitmi\u015f. T\u00fcrkler, t\u00fcccar s\u0131fat\u0131yla \u0130talya\u2019ya ilk kez 1571\u2019lerde gelmi\u015fler.<\/p>\n<p>O y\u0131llarda Venedik dokumas\u0131, y\u00fcnl\u00fc ve ipekli kuma\u015flar\u0131 Avrupa kadar, yak\u0131n do\u011fuda da tutuluyordu. Osmanl\u0131 saray adamlar\u0131 da Venedik tezgahlar\u0131na \u00f6zel sipari\u015fler veriyorlard\u0131. Aralar\u0131nda vezir ve beylerbeyi gibi y\u00fcksek mevkilerde bulunanlar, Venedik kuma\u015flar\u0131ndan dikilen elbiselere ra\u011fbet ediyorlar hatta padi\u015fahlar\u0131n bu konuda bizzat Venedik D\u00fck&#8217;lerine mektup g\u00f6nderdikleri oluyordu. Bunlardan biri, III. Murat\u2019\u0131n, D\u00fck Pasquak Cicogna\u2019ya 1589 tarihlerinde yazd\u0131\u011f\u0131 mektuplard\u0131. Elimizde olan bir mektup da, Sadrazam R\u00fcstem Pa\u015fa\u2019n\u0131n, 1546\u2019da D\u00fck Francesco Dona\u2019ya yazd\u0131\u011f\u0131, T\u00fcrk t\u00fcccarlar\u0131na gerekli ilginin g\u00f6sterilmesi hakk\u0131nda olan\u0131d\u0131r.<\/p>\n<p>Venedik&#8217;in en eski saraylar\u0131ndan birisi olan T\u00fcrk Han\u0131 12-13. y\u00fczy\u0131lda mimar Giacomo Palmier taraf\u0131ndan in\u015fa edilmi\u015f. 1381 y\u0131l\u0131nda Venedik Cumhuriyeti taraf\u0131ndan sat\u0131n al\u0131nm\u0131\u015f ve Ferrara D\u00fck\u00fc Niccolo II i\u00e7in tahsis edilmi\u015ftir.<sup id=\"cite_ref-The_Fondaco_dei_Turchi,_Venice_2-0\" class=\"reference\"><\/sup><\/p>\n<p>Yap\u0131 daha sonraki d\u00f6nemlerde \u015fehri ziyaret eden ileri gelenler i\u00e7in de bir konaklama mekan\u0131 olmu\u015ftur. \u00d6zellikle 1621 y\u0131l\u0131ndan itibaren T\u00fcrk t\u00fcccarlar\u0131n kullanmaya ba\u015flamas\u0131yla T\u00fcrk ad\u0131yla \u00f6zde\u015fle\u015fmi\u015f ve T\u00fcrk Han\u0131 olarak adland\u0131r\u0131lmaya ba\u015flam\u0131\u015ft\u0131r.\u00a0Funduk Arap\u00e7a&#8217;da kervansaray, otel manas\u0131na gelmektedir. \u0130talyanca&#8217;ya &#8220;Fondaco&#8221; olarak d\u00f6n\u00fc\u015fm\u00fc\u015ft\u00fcr.<\/p>\n<p>K\u0131vr\u0131ml\u0131 ba\u011flant\u0131lar\u0131 ve ince s\u00fctunlar\u0131 ile Bizans mimarisinden ve Venedik Gotik mimarisinden \u00f6zellikler bar\u0131nd\u0131rmaktad\u0131r. \u0130ki s\u0131ra kemerli cephesi bulunmaktad\u0131r. T\u00fcrk t\u00fcccarlar\u0131n bu saray\u0131 ticaret merkezi olarak kullanmaya ba\u015flamalar\u0131 sonras\u0131nda, orada ikamet eden T\u00fcrkler binaya bir cami ve hamam in\u015fa etmi\u015fler ve saray\u0131n mimarisini k\u0131smen de\u011fi\u015ftirmi\u015flerdir. 1838 y\u0131l\u0131nda T\u00fcrk Han\u0131 kapat\u0131lm\u0131\u015ft\u0131r.<\/p>\n<p>19. y\u00fczy\u0131l\u0131n ikinci yar\u0131s\u0131nda ba\u015flayan restorasyon \u00e7al\u0131\u015fmalar\u0131 esnas\u0131nda saray\u0131n \u00fcst k\u0131sm\u0131na kubbe bi\u00e7imde eklemeler yap\u0131lm\u0131\u015f, \u00e7at\u0131 g\u00f6r\u00fcn\u00fcm\u00fc de\u011fi\u015ftirilmi\u015f ve iki yakas\u0131nda kuleler y\u00fckseltilmi\u015ftir. \u00c7e\u015fitli m\u00fczelerin kullan\u0131m\u0131 i\u00e7in tahsis edilen bina son olarak 1923&#8217;ten beri Venedik Do\u011fa Tarihi M\u00fczesi (Museo di Storia Naturale di Venezia) olarak kullan\u0131lmaktad\u0131r.<\/p>\n<p><strong>San Simeone Piccolo Kilisesi<\/strong><\/p>\n<p style=\"font-weight: 400;\">Demiryolu terminalinin kar\u015f\u0131s\u0131nda bulundu\u011fu i\u00e7in \u015fehre gelenlerin ilk g\u00f6rd\u00fc\u011f\u00fc yap\u0131lardand\u0131r.<\/p>\n<p><img loading=\"lazy\" decoding=\"async\" class=\"alignnone size-medium wp-image-4949\" src=\"https:\/\/www.yeryuzundebirkacadim.com\/wp-content\/uploads\/2020\/06\/DSC06454-1024x580.jpg\" alt=\"\" width=\"1024\" height=\"580\" srcset=\"https:\/\/www.yeryuzundebirkacadim.com\/wp-content\/uploads\/2020\/06\/DSC06454-1024x580.jpg 1024w, https:\/\/www.yeryuzundebirkacadim.com\/wp-content\/uploads\/2020\/06\/DSC06454-768x435.jpg 768w, https:\/\/www.yeryuzundebirkacadim.com\/wp-content\/uploads\/2020\/06\/DSC06454-2048x1159.jpg 2048w, https:\/\/www.yeryuzundebirkacadim.com\/wp-content\/uploads\/2020\/06\/DSC06454-816x462.jpg 816w\" sizes=\"auto, (max-width: 1024px) 100vw, 1024px\" \/><\/p>\n<p>Venedik&#8217;e birka\u00e7 foto\u011frafla veda edelim.<\/p>\n<p><img loading=\"lazy\" decoding=\"async\" class=\"alignnone size-medium wp-image-4952\" src=\"https:\/\/www.yeryuzundebirkacadim.com\/wp-content\/uploads\/2020\/06\/DSC06803-1024x580.jpg\" alt=\"\" width=\"1024\" height=\"580\" srcset=\"https:\/\/www.yeryuzundebirkacadim.com\/wp-content\/uploads\/2020\/06\/DSC06803-1024x580.jpg 1024w, https:\/\/www.yeryuzundebirkacadim.com\/wp-content\/uploads\/2020\/06\/DSC06803-768x435.jpg 768w, https:\/\/www.yeryuzundebirkacadim.com\/wp-content\/uploads\/2020\/06\/DSC06803-2048x1159.jpg 2048w, https:\/\/www.yeryuzundebirkacadim.com\/wp-content\/uploads\/2020\/06\/DSC06803-816x462.jpg 816w\" sizes=\"auto, (max-width: 1024px) 100vw, 1024px\" \/><\/p>\n<p><img loading=\"lazy\" decoding=\"async\" class=\"alignnone size-medium wp-image-4953\" src=\"https:\/\/www.yeryuzundebirkacadim.com\/wp-content\/uploads\/2020\/06\/DSC06553-1024x580.jpg\" alt=\"\" width=\"1024\" height=\"580\" srcset=\"https:\/\/www.yeryuzundebirkacadim.com\/wp-content\/uploads\/2020\/06\/DSC06553-1024x580.jpg 1024w, https:\/\/www.yeryuzundebirkacadim.com\/wp-content\/uploads\/2020\/06\/DSC06553-768x435.jpg 768w, https:\/\/www.yeryuzundebirkacadim.com\/wp-content\/uploads\/2020\/06\/DSC06553-2048x1159.jpg 2048w, https:\/\/www.yeryuzundebirkacadim.com\/wp-content\/uploads\/2020\/06\/DSC06553-816x462.jpg 816w\" sizes=\"auto, (max-width: 1024px) 100vw, 1024px\" \/><\/p>\n<p><img loading=\"lazy\" decoding=\"async\" class=\"alignnone size-medium wp-image-4954\" src=\"https:\/\/www.yeryuzundebirkacadim.com\/wp-content\/uploads\/2020\/06\/DSC06566-1024x580.jpg\" alt=\"\" width=\"1024\" height=\"580\" srcset=\"https:\/\/www.yeryuzundebirkacadim.com\/wp-content\/uploads\/2020\/06\/DSC06566-1024x580.jpg 1024w, https:\/\/www.yeryuzundebirkacadim.com\/wp-content\/uploads\/2020\/06\/DSC06566-768x435.jpg 768w, https:\/\/www.yeryuzundebirkacadim.com\/wp-content\/uploads\/2020\/06\/DSC06566-2048x1159.jpg 2048w, https:\/\/www.yeryuzundebirkacadim.com\/wp-content\/uploads\/2020\/06\/DSC06566-816x462.jpg 816w\" sizes=\"auto, (max-width: 1024px) 100vw, 1024px\" \/><\/p>\n<div id=\"attachment_4955\" style=\"width: 778px\" class=\"wp-caption alignnone\"><img loading=\"lazy\" decoding=\"async\" aria-describedby=\"caption-attachment-4955\" class=\"size-medium wp-image-4955\" src=\"https:\/\/www.yeryuzundebirkacadim.com\/wp-content\/uploads\/2020\/06\/IMG_20220909_174948_edit_3948702245229-768x1024.jpg\" alt=\"\" width=\"768\" height=\"1024\" srcset=\"https:\/\/www.yeryuzundebirkacadim.com\/wp-content\/uploads\/2020\/06\/IMG_20220909_174948_edit_3948702245229-768x1024.jpg 768w, https:\/\/www.yeryuzundebirkacadim.com\/wp-content\/uploads\/2020\/06\/IMG_20220909_174948_edit_3948702245229-1536x2048.jpg 1536w, https:\/\/www.yeryuzundebirkacadim.com\/wp-content\/uploads\/2020\/06\/IMG_20220909_174948_edit_3948702245229-749x999.jpg 749w\" sizes=\"auto, (max-width: 768px) 100vw, 768px\" \/><p id=\"caption-attachment-4955\" class=\"wp-caption-text\"><img loading=\"lazy\" decoding=\"async\" class=\"alignnone size-medium wp-image-4956\" style=\"font-size: 16px;\" src=\"https:\/\/www.yeryuzundebirkacadim.com\/wp-content\/uploads\/2020\/06\/IMG_20220909_185313_1-1024x577.jpg\" alt=\"\" width=\"1024\" height=\"577\" srcset=\"https:\/\/www.yeryuzundebirkacadim.com\/wp-content\/uploads\/2020\/06\/IMG_20220909_185313_1-1024x577.jpg 1024w, https:\/\/www.yeryuzundebirkacadim.com\/wp-content\/uploads\/2020\/06\/IMG_20220909_185313_1-768x432.jpg 768w, https:\/\/www.yeryuzundebirkacadim.com\/wp-content\/uploads\/2020\/06\/IMG_20220909_185313_1-2048x1153.jpg 2048w, https:\/\/www.yeryuzundebirkacadim.com\/wp-content\/uploads\/2020\/06\/IMG_20220909_185313_1-816x459.jpg 816w\" sizes=\"auto, (max-width: 1024px) 100vw, 1024px\" \/><\/p><\/div>\n<div id=\"attachment_4957\" style=\"width: 778px\" class=\"wp-caption alignnone\"><img loading=\"lazy\" decoding=\"async\" aria-describedby=\"caption-attachment-4957\" class=\"size-medium wp-image-4957\" src=\"https:\/\/www.yeryuzundebirkacadim.com\/wp-content\/uploads\/2020\/06\/IMG_20220909_185424_edit_5955240487631-768x1024.jpg\" alt=\"\" width=\"768\" height=\"1024\" srcset=\"https:\/\/www.yeryuzundebirkacadim.com\/wp-content\/uploads\/2020\/06\/IMG_20220909_185424_edit_5955240487631-768x1024.jpg 768w, https:\/\/www.yeryuzundebirkacadim.com\/wp-content\/uploads\/2020\/06\/IMG_20220909_185424_edit_5955240487631-1536x2048.jpg 1536w, https:\/\/www.yeryuzundebirkacadim.com\/wp-content\/uploads\/2020\/06\/IMG_20220909_185424_edit_5955240487631-749x999.jpg 749w\" sizes=\"auto, (max-width: 768px) 100vw, 768px\" \/><p id=\"caption-attachment-4957\" class=\"wp-caption-text\"><img loading=\"lazy\" decoding=\"async\" class=\"size-medium wp-image-4958\" style=\"font-size: 16px;\" src=\"https:\/\/www.yeryuzundebirkacadim.com\/wp-content\/uploads\/2020\/06\/IMG_20220909_185953_edit_4342968691003-768x1024.jpg\" alt=\"\" width=\"768\" height=\"1024\" srcset=\"https:\/\/www.yeryuzundebirkacadim.com\/wp-content\/uploads\/2020\/06\/IMG_20220909_185953_edit_4342968691003-768x1024.jpg 768w, https:\/\/www.yeryuzundebirkacadim.com\/wp-content\/uploads\/2020\/06\/IMG_20220909_185953_edit_4342968691003-1536x2048.jpg 1536w, https:\/\/www.yeryuzundebirkacadim.com\/wp-content\/uploads\/2020\/06\/IMG_20220909_185953_edit_4342968691003-749x999.jpg 749w\" sizes=\"auto, (max-width: 768px) 100vw, 768px\" \/><\/p><\/div>\n<p><img loading=\"lazy\" decoding=\"async\" class=\"size-medium wp-image-4959\" style=\"font-size: 16px;\" src=\"https:\/\/www.yeryuzundebirkacadim.com\/wp-content\/uploads\/2020\/06\/IMG_20220909_191149_edit_2750739878745-1024x768.jpg\" alt=\"\" width=\"1024\" height=\"768\" srcset=\"https:\/\/www.yeryuzundebirkacadim.com\/wp-content\/uploads\/2020\/06\/IMG_20220909_191149_edit_2750739878745-1024x768.jpg 1024w, https:\/\/www.yeryuzundebirkacadim.com\/wp-content\/uploads\/2020\/06\/IMG_20220909_191149_edit_2750739878745-768x576.jpg 768w, https:\/\/www.yeryuzundebirkacadim.com\/wp-content\/uploads\/2020\/06\/IMG_20220909_191149_edit_2750739878745-2048x1536.jpg 2048w, https:\/\/www.yeryuzundebirkacadim.com\/wp-content\/uploads\/2020\/06\/IMG_20220909_191149_edit_2750739878745-816x612.jpg 816w\" sizes=\"auto, (max-width: 1024px) 100vw, 1024px\" \/><\/p>\n<p><img loading=\"lazy\" decoding=\"async\" class=\"alignnone size-medium wp-image-4157\" style=\"font-size: 16px;\" src=\"https:\/\/www.yeryuzundebirkacadim.com\/wp-content\/uploads\/2020\/06\/DSC06563-1-1024x580.jpg\" alt=\"\" width=\"1024\" height=\"580\" srcset=\"https:\/\/www.yeryuzundebirkacadim.com\/wp-content\/uploads\/2020\/06\/DSC06563-1-1024x580.jpg 1024w, https:\/\/www.yeryuzundebirkacadim.com\/wp-content\/uploads\/2020\/06\/DSC06563-1-768x435.jpg 768w, https:\/\/www.yeryuzundebirkacadim.com\/wp-content\/uploads\/2020\/06\/DSC06563-1-2048x1159.jpg 2048w, https:\/\/www.yeryuzundebirkacadim.com\/wp-content\/uploads\/2020\/06\/DSC06563-1-816x462.jpg 816w\" sizes=\"auto, (max-width: 1024px) 100vw, 1024px\" \/><\/p>\n<p><img loading=\"lazy\" decoding=\"async\" class=\"size-medium wp-image-4962\" src=\"https:\/\/www.yeryuzundebirkacadim.com\/wp-content\/uploads\/2020\/06\/IMG_20181229_105519-1024x505.jpg\" alt=\"\" width=\"1024\" height=\"505\" srcset=\"https:\/\/www.yeryuzundebirkacadim.com\/wp-content\/uploads\/2020\/06\/IMG_20181229_105519-1024x505.jpg 1024w, https:\/\/www.yeryuzundebirkacadim.com\/wp-content\/uploads\/2020\/06\/IMG_20181229_105519-768x379.jpg 768w, https:\/\/www.yeryuzundebirkacadim.com\/wp-content\/uploads\/2020\/06\/IMG_20181229_105519-2048x1010.jpg 2048w, https:\/\/www.yeryuzundebirkacadim.com\/wp-content\/uploads\/2020\/06\/IMG_20181229_105519-816x402.jpg 816w\" sizes=\"auto, (max-width: 1024px) 100vw, 1024px\" \/><\/p>\n<div class=\"paragrafo\"><\/div>\n<p>&nbsp;<\/p>\n","protected":false},"excerpt":{"rendered":"<p>2014 &#8211; 2018 &#8211; 2022 \u0130talya Gezilerimden Venedikliler Hakk\u0131nda \u0130talya yar\u0131madas\u0131, Romal\u0131lar&#8217;\u0131n \u00e7\u00f6k\u00fc\u015f\u00fcn\u00fcn ard\u0131ndan as\u0131rlarca bir birlik sa\u011flayamad\u0131. Burada yer alan \u015fehirler uzun bir s\u00fcre ba\u011f\u0131ms\u0131z \u015fehir devletleri olarak varl\u0131k g\u00f6sterdiler.<\/p>\n","protected":false},"author":1,"featured_media":4963,"comment_status":"closed","ping_status":"closed","sticky":false,"template":"","format":"standard","meta":{"footnotes":""},"categories":[457,631],"tags":[477,479,474,471,480,478,473,470,475,476,472],"class_list":["post-4044","post","type-post","status-publish","format-standard","has-post-thumbnail","hentry","category-italya","category-venedik-italya","tag-ahlar-koprusu","tag-aziz-john-ve-paul-kilisesi","tag-campanile","tag-dukler-sarayi","tag-libreria-acqua-alta","tag-loggetta-del-sansovino","tag-procuratie","tag-san-marco-meydani","tag-san-marko-bazilikasi","tag-scala-dei-giganti","tag-torre-dell-orologio"],"_links":{"self":[{"href":"https:\/\/www.yeryuzundebirkacadim.com\/index.php\/wp-json\/wp\/v2\/posts\/4044","targetHints":{"allow":["GET"]}}],"collection":[{"href":"https:\/\/www.yeryuzundebirkacadim.com\/index.php\/wp-json\/wp\/v2\/posts"}],"about":[{"href":"https:\/\/www.yeryuzundebirkacadim.com\/index.php\/wp-json\/wp\/v2\/types\/post"}],"author":[{"embeddable":true,"href":"https:\/\/www.yeryuzundebirkacadim.com\/index.php\/wp-json\/wp\/v2\/users\/1"}],"replies":[{"embeddable":true,"href":"https:\/\/www.yeryuzundebirkacadim.com\/index.php\/wp-json\/wp\/v2\/comments?post=4044"}],"version-history":[{"count":49,"href":"https:\/\/www.yeryuzundebirkacadim.com\/index.php\/wp-json\/wp\/v2\/posts\/4044\/revisions"}],"predecessor-version":[{"id":4965,"href":"https:\/\/www.yeryuzundebirkacadim.com\/index.php\/wp-json\/wp\/v2\/posts\/4044\/revisions\/4965"}],"wp:featuredmedia":[{"embeddable":true,"href":"https:\/\/www.yeryuzundebirkacadim.com\/index.php\/wp-json\/wp\/v2\/media\/4963"}],"wp:attachment":[{"href":"https:\/\/www.yeryuzundebirkacadim.com\/index.php\/wp-json\/wp\/v2\/media?parent=4044"}],"wp:term":[{"taxonomy":"category","embeddable":true,"href":"https:\/\/www.yeryuzundebirkacadim.com\/index.php\/wp-json\/wp\/v2\/categories?post=4044"},{"taxonomy":"post_tag","embeddable":true,"href":"https:\/\/www.yeryuzundebirkacadim.com\/index.php\/wp-json\/wp\/v2\/tags?post=4044"}],"curies":[{"name":"wp","href":"https:\/\/api.w.org\/{rel}","templated":true}]}}