


{"id":3824,"date":"2020-05-26T00:01:56","date_gmt":"2020-05-25T21:01:56","guid":{"rendered":"http:\/\/www.yeryuzundebirkacadim.com\/?p=3824"},"modified":"2024-08-19T13:56:24","modified_gmt":"2024-08-19T10:56:24","slug":"paris","status":"publish","type":"post","link":"https:\/\/www.yeryuzundebirkacadim.com\/index.php\/2020\/05\/26\/paris\/","title":{"rendered":"Paris"},"content":{"rendered":"<p style=\"text-align: center;\"><strong>24 A\u011eUSTOS &#8211; 28 A\u011eUSTOS 2015 PAR\u0130S GEZ\u0130S<\/strong>\u0130<\/p>\n<p>Vefa&#8217;yla Paris&#8217;e ilk kez 2000 y\u0131l\u0131nda gitmi\u015ftik. Bu sefer \u00e7ocuklarla geldi\u011fimiz Paris&#8217;te k\u00fclt\u00fcr gezisi yapabilmenin yan\u0131nda \u015fehrin sokaklar\u0131nda tela\u015feye yer vermeden gezip hissetmek istiyoruz bu \u015fehri.<\/p>\n<p><!--more--><\/p>\n<p><strong>1. G\u00fcn 24 A\u011fustos 2015 Pazartesi<\/strong><\/p>\n<p>Sabah 10.25 Paris u\u00e7a\u011f\u0131 ile yola \u00e7\u0131k\u0131yoruz. Var\u0131\u015f\u0131m\u0131z 13.15 gibi.<\/p>\n<p>Georges Haussman&#8217;\u0131n tasarlad\u0131\u011f\u0131 Paris&#8217;in merkezi, Montmartre ve Marais&#8217;in b\u00fcy\u00fcleyici Arnavut kald\u0131r\u0131ml\u0131 sokaklar\u0131 ile <strong>Paris<\/strong>; d\u00fcnyan\u0131n en g\u00fczel \u015fehirlerinden biridir.\u00a0 Anketlerde d\u00fcnyan\u0131n en romantik \u015fehri \u00fcnvan\u0131n\u0131 ise a\u00e7\u0131k ara \u00f6nde g\u00f6t\u00fcrmektedir. Bat\u0131 d\u00fcnyas\u0131nda fikirlerin, sanat\u0131n, \u015fiirin ve devrimci politikan\u0131n da merkezi olmu\u015ftur.<\/p>\n<p>\u015eehirde ba\u015flang\u0131\u00e7 noktam\u0131z; Chaillot Tepesi&#8217;ndeki Chaillot Saray\u0131&#8217;na geliyoruz.<\/p>\n<p><img loading=\"lazy\" decoding=\"async\" class=\"alignnone size-medium wp-image-3838\" src=\"https:\/\/www.yeryuzundebirkacadim.com\/wp-content\/uploads\/2020\/05\/IMG_2557-1-1024x683.jpg\" alt=\"\" width=\"1024\" height=\"683\" srcset=\"https:\/\/www.yeryuzundebirkacadim.com\/wp-content\/uploads\/2020\/05\/IMG_2557-1-1024x683.jpg 1024w, https:\/\/www.yeryuzundebirkacadim.com\/wp-content\/uploads\/2020\/05\/IMG_2557-1-768x512.jpg 768w, https:\/\/www.yeryuzundebirkacadim.com\/wp-content\/uploads\/2020\/05\/IMG_2557-1-2048x1365.jpg 2048w, https:\/\/www.yeryuzundebirkacadim.com\/wp-content\/uploads\/2020\/05\/IMG_2557-1-816x544.jpg 816w\" sizes=\"auto, (max-width: 1024px) 100vw, 1024px\" \/><\/p>\n<p>Buraya o\u011flu i\u00e7in saray yapt\u0131rmak Napolyon&#8217;un hayaliymi\u015f. Ancak imparatorlu\u011funun \u00e7\u00f6k\u00fc\u015f\u00fc nedeniyle ger\u00e7ekle\u015ftirememi\u015f.<\/p>\n<p>Daha sonra 1878&#8217;de Evrensel Sergi i\u00e7in Trocadero Saray\u0131 yap\u0131l\u0131yor.<\/p>\n<p>1937&#8217;de de ba\u015fka bir sergi i\u00e7in, eski saray\u0131n bir k\u0131sm\u0131 y\u0131k\u0131larak Chaillot Saray\u0131 in\u015fa edilmi\u015f.<\/p>\n<p>Chaillot Saray\u0131 ayn\u0131 zamanda 1948 y\u0131l\u0131nda imzalanan \u0130nsan Haklar\u0131 Evrensel Beyannamesi&#8217;nin onayland\u0131\u011f\u0131 yerdir.<\/p>\n<p>Sen (Seine) Nehri&#8217;ne hakim olan beyaz renkli s\u00fctunlu Saray, ortas\u0131ndaki Trocadero Meydan\u0131&#8217;n\u0131 iki koldan sarar. G\u00fcn\u00fcm\u00fczde, b\u00fcnyesinde bir akvaryum, bir tiyatro ve m\u00fczeler olmak \u00fczere \u00e7e\u015fitli kurum ve kurulu\u015flar\u0131 bar\u0131nd\u0131rmaktad\u0131r.<\/p>\n<p>Sa\u011fda ve solda d\u00f6rder adet bronz heykel vard\u0131r. Daha sonra bu heykeller yald\u0131z ile kaplanm\u0131\u015ft\u0131r. Heykellerin yedisi kad\u0131nken biri erke\u011fe aittir. Sa\u011fda; ku\u015f, bah\u00e7\u0131van, bahar ve meyveler temal\u0131 heykeller g\u00f6r\u00fcl\u00fcyor.<\/p>\n<p><img loading=\"lazy\" decoding=\"async\" class=\"alignnone size-medium wp-image-3833\" src=\"https:\/\/www.yeryuzundebirkacadim.com\/wp-content\/uploads\/2020\/05\/IMG_2592-1-1024x683.jpg\" alt=\"\" width=\"1024\" height=\"683\" srcset=\"https:\/\/www.yeryuzundebirkacadim.com\/wp-content\/uploads\/2020\/05\/IMG_2592-1-1024x683.jpg 1024w, https:\/\/www.yeryuzundebirkacadim.com\/wp-content\/uploads\/2020\/05\/IMG_2592-1-768x512.jpg 768w, https:\/\/www.yeryuzundebirkacadim.com\/wp-content\/uploads\/2020\/05\/IMG_2592-1-2048x1365.jpg 2048w, https:\/\/www.yeryuzundebirkacadim.com\/wp-content\/uploads\/2020\/05\/IMG_2592-1-816x544.jpg 816w\" sizes=\"auto, (max-width: 1024px) 100vw, 1024px\" \/><\/p>\n<p>Trocadero&#8217;nun geni\u015f teras\u0131 Eyfel&#8217;in en iyi seyredildi\u011fi, foto\u011frafland\u0131\u011f\u0131 yerdir.<\/p>\n<p><img loading=\"lazy\" decoding=\"async\" class=\"alignnone size-medium wp-image-3835\" src=\"https:\/\/www.yeryuzundebirkacadim.com\/wp-content\/uploads\/2020\/05\/IMG_2480-1-1024x683.jpg\" alt=\"\" width=\"1024\" height=\"683\" srcset=\"https:\/\/www.yeryuzundebirkacadim.com\/wp-content\/uploads\/2020\/05\/IMG_2480-1-1024x683.jpg 1024w, https:\/\/www.yeryuzundebirkacadim.com\/wp-content\/uploads\/2020\/05\/IMG_2480-1-768x512.jpg 768w, https:\/\/www.yeryuzundebirkacadim.com\/wp-content\/uploads\/2020\/05\/IMG_2480-1-2048x1365.jpg 2048w, https:\/\/www.yeryuzundebirkacadim.com\/wp-content\/uploads\/2020\/05\/IMG_2480-1-816x544.jpg 816w\" sizes=\"auto, (max-width: 1024px) 100vw, 1024px\" \/><\/p>\n<p>Bah\u00e7e i\u00e7inde, 1937&#8217;de Roger Expert ve Paul Maitre taraf\u0131ndan yarat\u0131lan <strong>Var\u015fova \u00c7e\u015fmeleri<\/strong> bulunmaktad\u0131r. Var\u015fova \u00c7e\u015fmeleri, b\u00fcy\u00fck bir havzaya hakim olan bir dizi basamakl\u0131 havuzdur. Burada 20 top tarz\u0131 su jeti, 56 f\u0131skiye, 12 dikey \u00e7e\u015fme vard\u0131r.<\/p>\n<p>Havuzun etraf\u0131ndaki Trocadero Bah\u00e7eleri&#8217;nde de ta\u015f ve bronz bir\u00e7ok heykel var.<\/p>\n<p><img loading=\"lazy\" decoding=\"async\" class=\"alignnone size-medium wp-image-3836\" src=\"https:\/\/www.yeryuzundebirkacadim.com\/wp-content\/uploads\/2020\/05\/P1050222-1-1024x768.jpg\" alt=\"\" width=\"1024\" height=\"768\" srcset=\"https:\/\/www.yeryuzundebirkacadim.com\/wp-content\/uploads\/2020\/05\/P1050222-1-1024x768.jpg 1024w, https:\/\/www.yeryuzundebirkacadim.com\/wp-content\/uploads\/2020\/05\/P1050222-1-768x576.jpg 768w, https:\/\/www.yeryuzundebirkacadim.com\/wp-content\/uploads\/2020\/05\/P1050222-1-2048x1536.jpg 2048w, https:\/\/www.yeryuzundebirkacadim.com\/wp-content\/uploads\/2020\/05\/P1050222-1-816x612.jpg 816w\" sizes=\"auto, (max-width: 1024px) 100vw, 1024px\" \/><\/p>\n<p>Meydandan sa\u011fl\u0131 sollu merdivenlerle a\u015fa\u011f\u0131ya iniyoruz.<\/p>\n<p>\u0130lk alanda sa\u011f ve solda ta\u015f kaidelere yaslanm\u0131\u015f &#8220;kad\u0131n&#8221; ve &#8220;erkek&#8221; heykeli var.<\/p>\n<p>Onun \u00f6n taraf\u0131nda k\u00fc\u00e7\u00fck havuzlar i\u00e7inde &#8220;Bo\u011fa ve Geyik&#8221; ve &#8220;At ve K\u00f6pek&#8221; adl\u0131 bronz heylerler var. (Her yerde heykel. Eee sanat \u015fehrindeyiz.)<\/p>\n<p>Bah\u00e7ede &#8220;Ya\u015fam Sevinci&#8221; temal\u0131 heykel<\/p>\n<p><img loading=\"lazy\" decoding=\"async\" class=\"alignnone size-medium wp-image-3841\" src=\"https:\/\/www.yeryuzundebirkacadim.com\/wp-content\/uploads\/2020\/05\/IMG_2582-1-1024x683.jpg\" alt=\"\" width=\"1024\" height=\"683\" srcset=\"https:\/\/www.yeryuzundebirkacadim.com\/wp-content\/uploads\/2020\/05\/IMG_2582-1-1024x683.jpg 1024w, https:\/\/www.yeryuzundebirkacadim.com\/wp-content\/uploads\/2020\/05\/IMG_2582-1-768x512.jpg 768w, https:\/\/www.yeryuzundebirkacadim.com\/wp-content\/uploads\/2020\/05\/IMG_2582-1-2048x1365.jpg 2048w, https:\/\/www.yeryuzundebirkacadim.com\/wp-content\/uploads\/2020\/05\/IMG_2582-1-816x544.jpg 816w\" sizes=\"auto, (max-width: 1024px) 100vw, 1024px\" \/><\/p>\n<p>Trocadero Bah\u00e7eleri&#8217;nden ilerleyip Sen Nehri&#8217;nin kar\u015f\u0131 yakas\u0131na ge\u00e7mek i\u00e7in Jena K\u00f6pr\u00fcs\u00fc&#8217;nden ge\u00e7iyoruz. K\u00f6pr\u00fc \u00fczerinde farkl\u0131 sanat\u00e7\u0131lar taraf\u0131ndan kire\u00e7 ta\u015f\u0131ndan yap\u0131lm\u0131\u015f 4 adet sava\u015f\u00e7\u0131 heykeli var.<\/p>\n<p>Galya Sava\u015f\u00e7\u0131s\u0131<\/p>\n<p><img loading=\"lazy\" decoding=\"async\" class=\"alignnone size-medium wp-image-3840\" src=\"https:\/\/www.yeryuzundebirkacadim.com\/wp-content\/uploads\/2020\/05\/IMG_2576-1024x683.jpg\" alt=\"\" width=\"1024\" height=\"683\" srcset=\"https:\/\/www.yeryuzundebirkacadim.com\/wp-content\/uploads\/2020\/05\/IMG_2576-1024x683.jpg 1024w, https:\/\/www.yeryuzundebirkacadim.com\/wp-content\/uploads\/2020\/05\/IMG_2576-768x512.jpg 768w, https:\/\/www.yeryuzundebirkacadim.com\/wp-content\/uploads\/2020\/05\/IMG_2576-2048x1365.jpg 2048w, https:\/\/www.yeryuzundebirkacadim.com\/wp-content\/uploads\/2020\/05\/IMG_2576-816x544.jpg 816w\" sizes=\"auto, (max-width: 1024px) 100vw, 1024px\" \/><\/p>\n<p>Roma Sava\u015f\u00e7\u0131s\u0131<img loading=\"lazy\" decoding=\"async\" class=\"alignnone size-medium wp-image-3839\" src=\"https:\/\/www.yeryuzundebirkacadim.com\/wp-content\/uploads\/2020\/05\/IMG_2575-1-1024x683.jpg\" alt=\"\" width=\"1024\" height=\"683\" srcset=\"https:\/\/www.yeryuzundebirkacadim.com\/wp-content\/uploads\/2020\/05\/IMG_2575-1-1024x683.jpg 1024w, https:\/\/www.yeryuzundebirkacadim.com\/wp-content\/uploads\/2020\/05\/IMG_2575-1-768x512.jpg 768w, https:\/\/www.yeryuzundebirkacadim.com\/wp-content\/uploads\/2020\/05\/IMG_2575-1-2048x1365.jpg 2048w, https:\/\/www.yeryuzundebirkacadim.com\/wp-content\/uploads\/2020\/05\/IMG_2575-1-816x544.jpg 816w\" sizes=\"auto, (max-width: 1024px) 100vw, 1024px\" \/><\/p>\n<p>Arap Sava\u015f\u00e7\u0131s\u0131 ve Yunan Sava\u015f\u00e7\u0131s\u0131 da bulunuyor.<\/p>\n<p><strong>Eyfel Kulesi<\/strong><\/p>\n<p>Paris&#8217;in en \u00fcnl\u00fc simgesi olan kule 1889 Evrensel Sergisi i\u00e7in m\u00fchendis Gustave Eiffel taraf\u0131ndan in\u015fa edilmi\u015ftir. Sergiden sonra kald\u0131r\u0131lmas\u0131 planlanan yap\u0131 \u015fehir halk\u0131n\u0131n bir\u00e7o\u011fu taraf\u0131ndan be\u011fenilmese de ra\u011fbet g\u00f6rm\u00fc\u015f ve kal\u0131c\u0131 olmu\u015ftur.<\/p>\n<p>320 metre y\u00fcksekli\u011findeki yap\u0131 \u00e7ok kuvvetli r\u00fczgarlarda bile 8 cm sallanmaktad\u0131r.<\/p>\n<p>Kuleden nefret eden Frans\u0131z \u015fair Maupassant s\u00fcrekli Eyfel&#8217;deki bir kafede otururmu\u015f. &#8220;Neden kuleden bu kadar nefret etti\u011fin halde buradas\u0131n?&#8221; diyenlere &#8220;Paris&#8217;te Eyfel&#8217;in g\u00f6r\u00fcnmedi\u011fi tek yer buras\u0131&#8221; diye cevap verirmi\u015f \ud83d\ude42<\/p>\n<p>1. ve 2. kat aras\u0131nda yer alan ve kuleyi \u00e7epe\u00e7evre saran ku\u015fakta 72 bilim insan\u0131n\u0131n ad\u0131 yazmaktad\u0131r.<\/p>\n<p><img loading=\"lazy\" decoding=\"async\" class=\"alignnone size-medium wp-image-3834\" src=\"https:\/\/www.yeryuzundebirkacadim.com\/wp-content\/uploads\/2020\/05\/IMG_2499-1024x683.jpg\" alt=\"\" width=\"1024\" height=\"683\" srcset=\"https:\/\/www.yeryuzundebirkacadim.com\/wp-content\/uploads\/2020\/05\/IMG_2499-1024x683.jpg 1024w, https:\/\/www.yeryuzundebirkacadim.com\/wp-content\/uploads\/2020\/05\/IMG_2499-768x512.jpg 768w, https:\/\/www.yeryuzundebirkacadim.com\/wp-content\/uploads\/2020\/05\/IMG_2499-2048x1365.jpg 2048w, https:\/\/www.yeryuzundebirkacadim.com\/wp-content\/uploads\/2020\/05\/IMG_2499-816x544.jpg 816w\" sizes=\"auto, (max-width: 1024px) 100vw, 1024px\" \/><\/p>\n<p>Ayaklar\u0131n\u0131n alt\u0131na gelince b\u00fcy\u00fckl\u00fc\u011f\u00fcn\u00fc daha iyi farkediyoruz.<\/p>\n<p><img loading=\"lazy\" decoding=\"async\" class=\"alignnone size-medium wp-image-3844\" src=\"https:\/\/www.yeryuzundebirkacadim.com\/wp-content\/uploads\/2020\/05\/IMG_2501-2-1024x683.jpg\" alt=\"\" width=\"1024\" height=\"683\" srcset=\"https:\/\/www.yeryuzundebirkacadim.com\/wp-content\/uploads\/2020\/05\/IMG_2501-2-1024x683.jpg 1024w, https:\/\/www.yeryuzundebirkacadim.com\/wp-content\/uploads\/2020\/05\/IMG_2501-2-768x512.jpg 768w, https:\/\/www.yeryuzundebirkacadim.com\/wp-content\/uploads\/2020\/05\/IMG_2501-2-2048x1365.jpg 2048w, https:\/\/www.yeryuzundebirkacadim.com\/wp-content\/uploads\/2020\/05\/IMG_2501-2-816x544.jpg 816w\" sizes=\"auto, (max-width: 1024px) 100vw, 1024px\" \/><\/p>\n<p>Kulede 3 tane seyir platformu var. Birinci ve ikinci katlara merdiven veya asans\u00f6rle \u00e7\u0131k\u0131labiliyor. \u00dc\u00e7\u00fcnc\u00fc kat i\u00e7in ikinci katta indikten sonra asans\u00f6r de\u011fi\u015ftiriliyor. \u00dc\u00e7\u00fcnc\u00fc platform 276 metre y\u00fckseklikte. Evet art\u0131k yukar\u0131day\u0131z. \u015eans\u0131m\u0131za kulede kald\u0131\u011f\u0131m\u0131z zaman\u0131n \u00e7o\u011funda \u015fak\u0131r \u015fak\u0131r ya\u011fmur ya\u011fd\u0131.<\/p>\n<p>Eyfel&#8217;den <strong>Mars Alan\u0131 (Champ de Mars) <\/strong>manzaras\u0131.\u00a0Halka a\u00e7\u0131k, b\u00fcy\u00fck bir park alan\u0131d\u0131r. Bir zamanlar t\u00f6ren alan\u0131 olan bu uzun bah\u00e7e Eyfel Kulesi&#8217;nin dibinden Askeri Okul&#8217;a (Ecole Militaire) kadar uzan\u0131yor. Sol tarafta Les \u0130nvalides&#8217;in kubbesi de g\u00f6r\u00fcl\u00fcyor.<\/p>\n<p><img loading=\"lazy\" decoding=\"async\" class=\"alignnone size-medium wp-image-3845\" src=\"https:\/\/www.yeryuzundebirkacadim.com\/wp-content\/uploads\/2020\/05\/P1050259-1-1024x768.jpg\" alt=\"\" width=\"1024\" height=\"768\" srcset=\"https:\/\/www.yeryuzundebirkacadim.com\/wp-content\/uploads\/2020\/05\/P1050259-1-1024x768.jpg 1024w, https:\/\/www.yeryuzundebirkacadim.com\/wp-content\/uploads\/2020\/05\/P1050259-1-768x576.jpg 768w, https:\/\/www.yeryuzundebirkacadim.com\/wp-content\/uploads\/2020\/05\/P1050259-1-2048x1536.jpg 2048w, https:\/\/www.yeryuzundebirkacadim.com\/wp-content\/uploads\/2020\/05\/P1050259-1-816x612.jpg 816w\" sizes=\"auto, (max-width: 1024px) 100vw, 1024px\" \/><\/p>\n<p>Bu cepheden de Sacre Couer g\u00f6r\u00fcl\u00fcyor.<\/p>\n<p><img loading=\"lazy\" decoding=\"async\" class=\"alignnone size-medium wp-image-3846\" src=\"https:\/\/www.yeryuzundebirkacadim.com\/wp-content\/uploads\/2020\/05\/IMG_2539-1-1024x683.jpg\" alt=\"\" width=\"1024\" height=\"683\" srcset=\"https:\/\/www.yeryuzundebirkacadim.com\/wp-content\/uploads\/2020\/05\/IMG_2539-1-1024x683.jpg 1024w, https:\/\/www.yeryuzundebirkacadim.com\/wp-content\/uploads\/2020\/05\/IMG_2539-1-768x512.jpg 768w, https:\/\/www.yeryuzundebirkacadim.com\/wp-content\/uploads\/2020\/05\/IMG_2539-1-2048x1365.jpg 2048w, https:\/\/www.yeryuzundebirkacadim.com\/wp-content\/uploads\/2020\/05\/IMG_2539-1-816x544.jpg 816w\" sizes=\"auto, (max-width: 1024px) 100vw, 1024px\" \/><\/p>\n<p><strong>Zafer Tak\u0131 (Arc de Triomphe)<\/strong><\/p>\n<p><img loading=\"lazy\" decoding=\"async\" class=\"alignnone size-medium wp-image-3851\" src=\"https:\/\/www.yeryuzundebirkacadim.com\/wp-content\/uploads\/2020\/05\/IMG_2603-1-1024x683.jpg\" alt=\"\" width=\"1024\" height=\"683\" srcset=\"https:\/\/www.yeryuzundebirkacadim.com\/wp-content\/uploads\/2020\/05\/IMG_2603-1-1024x683.jpg 1024w, https:\/\/www.yeryuzundebirkacadim.com\/wp-content\/uploads\/2020\/05\/IMG_2603-1-768x512.jpg 768w, https:\/\/www.yeryuzundebirkacadim.com\/wp-content\/uploads\/2020\/05\/IMG_2603-1-2048x1366.jpg 2048w, https:\/\/www.yeryuzundebirkacadim.com\/wp-content\/uploads\/2020\/05\/IMG_2603-1-816x544.jpg 816w\" sizes=\"auto, (max-width: 1024px) 100vw, 1024px\" \/><\/p>\n<p>D\u00fcnyan\u0131n en \u00fcnl\u00fc zafer tak\u0131d\u0131r. Charles de Gaulle Meydan\u0131&#8217;nda ve \u015eanzelize Caddesi&#8217;nin bat\u0131 taraf\u0131nda yer al\u0131r.<\/p>\n<p>Napolyon, Austerlitz Sava\u015f\u0131&#8217;nda galip gelen Frans\u0131z askerlerine seslenmi\u015f ve &#8220;Evinize zafer taklar\u0131n\u0131n alt\u0131ndan ge\u00e7erek d\u00f6neceksiniz<i>&#8220;<\/i> demi\u015ftir. 18 \u015eubat 1806 tarihinde Zafer Tak\u0131&#8217;n\u0131n in\u015fas\u0131na ba\u015flanm\u0131\u015ft\u0131r. Ama s\u00f6z\u00fcn\u00fc tutamam\u0131\u015f, zaman zaman yap\u0131m\u0131na ara verilmi\u015f ve \u00f6l\u00fcm\u00fcnden sonra 1936&#8217;da tamamlanm\u0131\u015ft\u0131r.<sup id=\"cite_ref-1\" class=\"reference\"><\/sup><\/p>\n<p>4 s\u00fctun \u00fczerine in\u015fa edilmi\u015f Roma mimarisi tarz\u0131nda bir eserdir.<\/p>\n<p>Tak\u0131n tepesinde Napolyon&#8217;un zaferlerinin yazd\u0131\u011f\u0131 &#8220;otuz kalkan&#8221; bulunur.<\/p>\n<p>Bunun alt\u0131nda tak\u0131n etraf\u0131n\u0131 saran frizin do\u011fusunda Frans\u0131z askerlerinin sava\u015fa gidi\u015fi, bat\u0131s\u0131nda ise zaferden d\u00f6n\u00fc\u015fleri betimlenmi\u015ftir.<\/p>\n<p>S\u00fctunlarda 4 b\u00fcy\u00fck kabartma bulunur. Gidi\u015f, Zafer, Direni\u015f ve Bar\u0131\u015f tasvir edilir.<\/p>\n<p>A\u015fa\u011f\u0131daki heykel Zafer kabartmas\u0131d\u0131r.<\/p>\n<p><img loading=\"lazy\" decoding=\"async\" class=\"alignnone size-medium wp-image-3848\" src=\"https:\/\/www.yeryuzundebirkacadim.com\/wp-content\/uploads\/2020\/05\/IMG_2605-1024x683.jpg\" alt=\"\" width=\"1024\" height=\"683\" srcset=\"https:\/\/www.yeryuzundebirkacadim.com\/wp-content\/uploads\/2020\/05\/IMG_2605-1024x683.jpg 1024w, https:\/\/www.yeryuzundebirkacadim.com\/wp-content\/uploads\/2020\/05\/IMG_2605-768x512.jpg 768w, https:\/\/www.yeryuzundebirkacadim.com\/wp-content\/uploads\/2020\/05\/IMG_2605-2048x1365.jpg 2048w, https:\/\/www.yeryuzundebirkacadim.com\/wp-content\/uploads\/2020\/05\/IMG_2605-816x544.jpg 816w\" sizes=\"auto, (max-width: 1024px) 100vw, 1024px\" \/><\/p>\n<p>\u0130\u00e7 k\u0131s\u0131mdaki frizlerden birinde Osmanl\u0131lar&#8217;a kar\u015f\u0131 M\u0131s\u0131r&#8217;da kazand\u0131klar\u0131 Abukir Zaferi betimlemesi yer al\u0131yor.<\/p>\n<p>Tak\u0131n i\u00e7 k\u0131sm\u0131nda ise Napolyon Sava\u015flar\u0131&#8217;nda \u00f6len ya da kurtulan, sava\u015fm\u0131\u015f askerlerin isimleri yaz\u0131l\u0131d\u0131r.<\/p>\n<p>Tak\u0131n zemininde &#8220;Me\u00e7hul Asker An\u0131t\u0131&#8221; bulunur. Mezar\u0131n ba\u015f\u0131nda s\u00f6nmeyen bir ate\u015f vard\u0131r.<img loading=\"lazy\" decoding=\"async\" class=\"alignnone size-medium wp-image-3853\" src=\"https:\/\/www.yeryuzundebirkacadim.com\/wp-content\/uploads\/2020\/05\/P1050285-1024x768.jpg\" alt=\"\" width=\"1024\" height=\"768\" srcset=\"https:\/\/www.yeryuzundebirkacadim.com\/wp-content\/uploads\/2020\/05\/P1050285-1024x768.jpg 1024w, https:\/\/www.yeryuzundebirkacadim.com\/wp-content\/uploads\/2020\/05\/P1050285-768x576.jpg 768w, https:\/\/www.yeryuzundebirkacadim.com\/wp-content\/uploads\/2020\/05\/P1050285-2048x1536.jpg 2048w, https:\/\/www.yeryuzundebirkacadim.com\/wp-content\/uploads\/2020\/05\/P1050285-816x612.jpg 816w\" sizes=\"auto, (max-width: 1024px) 100vw, 1024px\" \/><\/p>\n<p><strong>\u015eanzelize Caddesi (Champs Elysees)<\/strong><\/p>\n<p><img loading=\"lazy\" decoding=\"async\" class=\"alignnone size-medium wp-image-3943\" src=\"https:\/\/www.yeryuzundebirkacadim.com\/wp-content\/uploads\/2020\/05\/IMG_3451-1-1024x683.jpg\" alt=\"\" width=\"1024\" height=\"683\" srcset=\"https:\/\/www.yeryuzundebirkacadim.com\/wp-content\/uploads\/2020\/05\/IMG_3451-1-1024x683.jpg 1024w, https:\/\/www.yeryuzundebirkacadim.com\/wp-content\/uploads\/2020\/05\/IMG_3451-1-768x512.jpg 768w, https:\/\/www.yeryuzundebirkacadim.com\/wp-content\/uploads\/2020\/05\/IMG_3451-1-2048x1366.jpg 2048w, https:\/\/www.yeryuzundebirkacadim.com\/wp-content\/uploads\/2020\/05\/IMG_3451-1-816x544.jpg 816w\" sizes=\"auto, (max-width: 1024px) 100vw, 1024px\" \/><\/p>\n<p>12 bulvar\u0131n kesi\u015fti\u011fi L&#8217;Etoile (y\u0131ld\u0131z) denilen Charles de Gaulle Meydan\u0131&#8217;dan Concorde Meydan\u0131&#8217;na kadar uzanan 1950 metre uzunlu\u011funda 70 metre geni\u015fli\u011findeki \u015eanzelize, Paris&#8217;in en me\u015fhur, en g\u00fczel caddesidir.<\/p>\n<p>\u0130lk olarak IV. Henri&#8217;nin e\u015fi Marie de Medici taraf\u0131ndan Sen Nehri boyunca uzanan batakl\u0131k bir araziye yapt\u0131r\u0131lm\u0131\u015f ve &#8220;Krali\u00e7e Yolu&#8221; ad\u0131 verilmi\u015ftir (1616).<\/p>\n<p>1667 y\u0131l\u0131nda a\u011fa\u00e7land\u0131rmas\u0131 yap\u0131lm\u0131\u015ft\u0131r.<\/p>\n<p>1709&#8217;da ismi Champs Elysees (Cennet Bah\u00e7eleri) olarak de\u011fi\u015ftirilmi\u015ftir. Yunan mitolojisindeki &#8220;ideal mutlulu\u011fun yeri&#8221; yani cennet.<\/p>\n<p>Caddenin \u00e7evresi zenginlik ve g\u00fc\u00e7 sembol\u00fcd\u00fcr. Fransa Cumhurba\u015fkanl\u0131\u011f\u0131, b\u00fcy\u00fckel\u00e7ilikler, konsolosluklar, b\u00fcy\u00fck haute couture moda evleri, se\u00e7kin markalar\u0131n ma\u011fazalar\u0131, b\u00fcy\u00fck malikaneler, \u00fcnl\u00fc otel, kafe ve restoranlar bu caddede mesken tutmu\u015flard\u0131r.<\/p>\n<p>Ak\u015fam yeme\u011finden sonra bir gece turu at\u0131yoruz.<\/p>\n<p>Condorde Meydan\u0131&#8217;ndan Sen Nehri&#8217;ne uzanan yolda sa\u011fl\u0131 sollu iki saray var. Grand Palais ve Petit Palais. Bu iki Saray (Sergi Salonu) 1900 Evrensel Sergisi i\u00e7in yap\u0131lm\u0131\u015f.<\/p>\n<div class=\"gallerytext\">\n<p><strong>Petit Palais (K\u00fc\u00e7\u00fck Saray)<\/strong><\/p>\n<p>Kubbesi ve neoklasik tarz\u0131 ile \u015firin bir g\u00f6r\u00fcnt\u00fcye sahip.<\/p>\n<\/div>\n<p><img loading=\"lazy\" decoding=\"async\" class=\"alignnone size-medium wp-image-3862\" src=\"https:\/\/www.yeryuzundebirkacadim.com\/wp-content\/uploads\/2020\/05\/IMG_2657-2-1024x683.jpg\" alt=\"\" width=\"1024\" height=\"683\" srcset=\"https:\/\/www.yeryuzundebirkacadim.com\/wp-content\/uploads\/2020\/05\/IMG_2657-2-1024x683.jpg 1024w, https:\/\/www.yeryuzundebirkacadim.com\/wp-content\/uploads\/2020\/05\/IMG_2657-2-768x512.jpg 768w, https:\/\/www.yeryuzundebirkacadim.com\/wp-content\/uploads\/2020\/05\/IMG_2657-2-2048x1365.jpg 2048w, https:\/\/www.yeryuzundebirkacadim.com\/wp-content\/uploads\/2020\/05\/IMG_2657-2-816x544.jpg 816w\" sizes=\"auto, (max-width: 1024px) 100vw, 1024px\" \/><\/p>\n<p>G\u00fcn\u00fc Eyfel&#8217;le noktalayal\u0131m.<\/p>\n<p><img loading=\"lazy\" decoding=\"async\" class=\"alignnone size-medium wp-image-3859\" src=\"https:\/\/www.yeryuzundebirkacadim.com\/wp-content\/uploads\/2020\/05\/IMG_2627-1-1024x683.jpg\" alt=\"\" width=\"1024\" height=\"683\" srcset=\"https:\/\/www.yeryuzundebirkacadim.com\/wp-content\/uploads\/2020\/05\/IMG_2627-1-1024x683.jpg 1024w, https:\/\/www.yeryuzundebirkacadim.com\/wp-content\/uploads\/2020\/05\/IMG_2627-1-768x512.jpg 768w, https:\/\/www.yeryuzundebirkacadim.com\/wp-content\/uploads\/2020\/05\/IMG_2627-1-2048x1365.jpg 2048w, https:\/\/www.yeryuzundebirkacadim.com\/wp-content\/uploads\/2020\/05\/IMG_2627-1-816x544.jpg 816w\" sizes=\"auto, (max-width: 1024px) 100vw, 1024px\" \/><\/p>\n<p><strong>2. G\u00fcn 25 A\u011fustos 2015 Sal\u0131<\/strong><\/p>\n<p>Bu sabah Selman&#8217;\u0131n gitmek istedi\u011fi en eski sokak pazar\u0131na gidece\u011fiz \u00f6nce. Mouffetard soka\u011f\u0131nda. Art\u0131k g\u00fcndemden d\u00fc\u015fm\u00fc\u015f olacak ki bir pazar g\u00f6remedik. Ama Paris&#8217;in estetik tarz\u0131 ile d\u00fczenlenmi\u015f renkli meyve, \u015farap, peynir tezgahlar\u0131n\u0131n oldu\u011fu sokakta sal\u0131nd\u0131k biraz.<\/p>\n<p><img loading=\"lazy\" decoding=\"async\" class=\"alignnone size-medium wp-image-3863\" src=\"https:\/\/www.yeryuzundebirkacadim.com\/wp-content\/uploads\/2020\/05\/IMG_2710-1-1024x687.jpg\" alt=\"\" width=\"1024\" height=\"687\" srcset=\"https:\/\/www.yeryuzundebirkacadim.com\/wp-content\/uploads\/2020\/05\/IMG_2710-1-1024x687.jpg 1024w, https:\/\/www.yeryuzundebirkacadim.com\/wp-content\/uploads\/2020\/05\/IMG_2710-1-768x516.jpg 768w, https:\/\/www.yeryuzundebirkacadim.com\/wp-content\/uploads\/2020\/05\/IMG_2710-1-2048x1375.jpg 2048w, https:\/\/www.yeryuzundebirkacadim.com\/wp-content\/uploads\/2020\/05\/IMG_2710-1-816x548.jpg 816w\" sizes=\"auto, (max-width: 1024px) 100vw, 1024px\" \/><\/p>\n<p><img loading=\"lazy\" decoding=\"async\" class=\"alignnone size-medium wp-image-3868\" src=\"https:\/\/www.yeryuzundebirkacadim.com\/wp-content\/uploads\/2020\/05\/IMG_2714-1024x683.jpg\" alt=\"\" width=\"1024\" height=\"683\" srcset=\"https:\/\/www.yeryuzundebirkacadim.com\/wp-content\/uploads\/2020\/05\/IMG_2714-1024x683.jpg 1024w, https:\/\/www.yeryuzundebirkacadim.com\/wp-content\/uploads\/2020\/05\/IMG_2714-768x512.jpg 768w, https:\/\/www.yeryuzundebirkacadim.com\/wp-content\/uploads\/2020\/05\/IMG_2714-2048x1365.jpg 2048w, https:\/\/www.yeryuzundebirkacadim.com\/wp-content\/uploads\/2020\/05\/IMG_2714-816x544.jpg 816w\" sizes=\"auto, (max-width: 1024px) 100vw, 1024px\" \/><\/p>\n<p><img loading=\"lazy\" decoding=\"async\" class=\"alignnone size-medium wp-image-3864\" src=\"https:\/\/www.yeryuzundebirkacadim.com\/wp-content\/uploads\/2020\/05\/IMG_2718-1-1024x683.jpg\" alt=\"\" width=\"1024\" height=\"683\" srcset=\"https:\/\/www.yeryuzundebirkacadim.com\/wp-content\/uploads\/2020\/05\/IMG_2718-1-1024x683.jpg 1024w, https:\/\/www.yeryuzundebirkacadim.com\/wp-content\/uploads\/2020\/05\/IMG_2718-1-768x512.jpg 768w, https:\/\/www.yeryuzundebirkacadim.com\/wp-content\/uploads\/2020\/05\/IMG_2718-1-2048x1365.jpg 2048w, https:\/\/www.yeryuzundebirkacadim.com\/wp-content\/uploads\/2020\/05\/IMG_2718-1-816x544.jpg 816w\" sizes=\"auto, (max-width: 1024px) 100vw, 1024px\" \/><\/p>\n<p><strong>Pantheon<\/strong><\/p>\n<p><img loading=\"lazy\" decoding=\"async\" class=\"alignnone size-medium wp-image-3865\" src=\"https:\/\/www.yeryuzundebirkacadim.com\/wp-content\/uploads\/2020\/05\/IMG_2823-1-1024x683.jpg\" alt=\"\" width=\"1024\" height=\"683\" srcset=\"https:\/\/www.yeryuzundebirkacadim.com\/wp-content\/uploads\/2020\/05\/IMG_2823-1-1024x683.jpg 1024w, https:\/\/www.yeryuzundebirkacadim.com\/wp-content\/uploads\/2020\/05\/IMG_2823-1-768x512.jpg 768w, https:\/\/www.yeryuzundebirkacadim.com\/wp-content\/uploads\/2020\/05\/IMG_2823-1-2048x1365.jpg 2048w, https:\/\/www.yeryuzundebirkacadim.com\/wp-content\/uploads\/2020\/05\/IMG_2823-1-816x544.jpg 816w\" sizes=\"auto, (max-width: 1024px) 100vw, 1024px\" \/><\/p>\n<p>As\u0131rlard\u0131r e\u011fitim kurumlar\u0131n\u0131n ve dolay\u0131s\u0131yla \u00f6\u011frencilerin mekan\u0131 bir b\u00f6lge olan Latin Mahallesi&#8217;nde Rotonda Meydan\u0131&#8217;nda bulunan bu g\u00fczel yap\u0131 \u015fehrin se\u00e7kinlerinin mezarlar\u0131n\u0131n bulundu\u011fu bir an\u0131t binad\u0131r. (Pantheon; t\u00fcm Tanr\u0131lar demek.)<\/p>\n<p class=\"p1\"><span class=\"s1\">Roma&#8217;daki Pantheon, Avrupa&#8217;da bir ilkti ve Paris&#8217;teki Pantheon in\u015fas\u0131 i\u00e7in ilham kayna\u011f\u0131 oldu. \u0130kisi aras\u0131nda \u00f6zellikle kubbe-mimarisi a\u00e7\u0131s\u0131ndan bak\u0131l\u0131rsa benzerlik vard\u0131r.\u00a0<\/span><span class=\"s1\">Aralar\u0131ndaki fark, Roma&#8217;daki Pantheon&#8217;un hala kilise olarak kullan\u0131lmas\u0131, Paris&#8217;tekinin ise \u015fu anda laik bir t\u00fcrbe (mozole) olmas\u0131.<\/span><\/p>\n<p>Hikayesine gelecek olursak&#8230;<\/p>\n<p>1774 y\u0131l\u0131nda <strong>XV. Louis<\/strong>&#8216;in iste\u011fi \u00fczerine yap\u0131l\u0131p, Paris&#8217;in koruyucu azizesi Genevieve&#8217;e ithaf edilmi\u015ftir. Genevieve&#8217;nin 451 y\u0131l\u0131nda Atilla ile g\u00f6r\u00fc\u015ferek veya dua ederek Paris&#8217;i Hun \u0130mparatorlu\u011fu sald\u0131r\u0131s\u0131ndan korudu\u011funa inan\u0131l\u0131yor.<\/p>\n<p>Buradaki Pantheon&#8217;un Roma&#8217;daki Pantheon&#8217;a benzeyece\u011fi d\u00fc\u015f\u00fcn\u00fcl\u00fcrken Londra&#8217;daki St. Paul&#8217;s Katedrali&#8217;ne benzemi\u015f.<\/p>\n<p><strong>Frans\u0131z Devrimi<\/strong> s\u0131ras\u0131nda, Fransa Ulusal Kurucu Meclisi taraf\u0131ndan binan\u0131n dini \u00f6zelli\u011fi ortadan kald\u0131r\u0131l\u0131yor.\u00a0 Frans\u0131z \u00f6zg\u00fcrl\u00fc\u011f\u00fc i\u00e7in sava\u015fan se\u00e7kin Frans\u0131z vatanda\u015flar\u0131n\u0131n k\u00fcllerini bar\u0131nd\u0131rmak i\u00e7in mozole haline getiriliyor.<\/p>\n<p>19. y\u00fczy\u0131l\u0131n \u00e7alkant\u0131l\u0131 y\u0131llar\u0131nda, rejimler de\u011fi\u015ftik\u00e7e, kilise ve mozole olarak de\u011fi\u015fip duruyor.<\/p>\n<p>Napolyon taraf\u0131ndan 1806&#8217;da kiliseye verildi.<\/p>\n<p>1885&#8217;de ise kamu binas\u0131na d\u00f6n\u00fc\u015ft\u00fcr\u00fcld\u00fc.<\/p>\n<p>Generaller haricinde b\u00fcy\u00fck yazarlar, bilim adamlar\u0131 i\u00e7in de mozole olmu\u015ftur.<\/p>\n<p><img loading=\"lazy\" decoding=\"async\" class=\"alignnone size-medium wp-image-3892\" src=\"https:\/\/www.yeryuzundebirkacadim.com\/wp-content\/uploads\/2020\/05\/IMG_2823-1-2-1024x682.jpg\" alt=\"\" width=\"1024\" height=\"682\" srcset=\"https:\/\/www.yeryuzundebirkacadim.com\/wp-content\/uploads\/2020\/05\/IMG_2823-1-2-1024x682.jpg 1024w, https:\/\/www.yeryuzundebirkacadim.com\/wp-content\/uploads\/2020\/05\/IMG_2823-1-2-768x512.jpg 768w, https:\/\/www.yeryuzundebirkacadim.com\/wp-content\/uploads\/2020\/05\/IMG_2823-1-2-2048x1364.jpg 2048w, https:\/\/www.yeryuzundebirkacadim.com\/wp-content\/uploads\/2020\/05\/IMG_2823-1-2-816x544.jpg 816w\" sizes=\"auto, (max-width: 1024px) 100vw, 1024px\" \/><\/p>\n<p>Klasik Roma mimarisinin m\u00fckemmel bir \u00f6rne\u011fidir. Al\u0131nl\u0131\u011f\u0131 ve reva\u011f\u0131n \u00e7at\u0131s\u0131n\u0131 destekleyen korint s\u00fctunlar mevcut. Al\u0131nl\u0131\u011f\u0131n sol taraf\u0131ndaki kabartmalarda devlet adamlar\u0131 ve alimler, sa\u011f taraftakilerde askerler yer al\u0131r. Bunlar devrim sonras\u0131 vatanseverlerin fig\u00fcrleridir. Ortada Fransa&#8217;y\u0131 temsil eden kad\u0131n fig\u00fcr\u00fc, bu ki\u015filere defne yapra\u011f\u0131 da\u011f\u0131t\u0131yor. (Antik Yunan ve Roma&#8217;daki gibi).<\/p>\n<p>Al\u0131nl\u0131\u011f\u0131n alt\u0131ndaki yaz\u0131da \u201cVatan, b\u00fcy\u00fck insanlara minnettard\u0131r\u201d yaz\u0131yor.<\/p>\n<p><img loading=\"lazy\" decoding=\"async\" class=\"alignnone size-medium wp-image-3873\" src=\"https:\/\/www.yeryuzundebirkacadim.com\/wp-content\/uploads\/2020\/05\/IMG_2763-1024x683.jpg\" alt=\"\" width=\"1024\" height=\"683\" srcset=\"https:\/\/www.yeryuzundebirkacadim.com\/wp-content\/uploads\/2020\/05\/IMG_2763-1024x683.jpg 1024w, https:\/\/www.yeryuzundebirkacadim.com\/wp-content\/uploads\/2020\/05\/IMG_2763-768x512.jpg 768w, https:\/\/www.yeryuzundebirkacadim.com\/wp-content\/uploads\/2020\/05\/IMG_2763-2048x1365.jpg 2048w, https:\/\/www.yeryuzundebirkacadim.com\/wp-content\/uploads\/2020\/05\/IMG_2763-816x544.jpg 816w\" sizes=\"auto, (max-width: 1024px) 100vw, 1024px\" \/><\/p>\n<p>Demir iskeletli kubbe \u00fc\u00e7 kattan olu\u015fuyor. (Gitti\u011fimizde tadilat vard\u0131 ne yaz\u0131k ki. Posterle kaplanm\u0131\u015ft\u0131.) Kubbenin sadece az bir k\u0131sm\u0131ndan i\u00e7eriye \u0131\u015f\u0131k girer. Bu da mekan\u0131n gizemini artt\u0131r\u0131r.<\/p>\n<p><img loading=\"lazy\" decoding=\"async\" class=\"alignnone size-medium wp-image-3871\" src=\"https:\/\/www.yeryuzundebirkacadim.com\/wp-content\/uploads\/2020\/05\/IMG_2815-1024x683.jpg\" alt=\"\" width=\"1024\" height=\"683\" srcset=\"https:\/\/www.yeryuzundebirkacadim.com\/wp-content\/uploads\/2020\/05\/IMG_2815-1024x683.jpg 1024w, https:\/\/www.yeryuzundebirkacadim.com\/wp-content\/uploads\/2020\/05\/IMG_2815-768x512.jpg 768w, https:\/\/www.yeryuzundebirkacadim.com\/wp-content\/uploads\/2020\/05\/IMG_2815-2048x1366.jpg 2048w, https:\/\/www.yeryuzundebirkacadim.com\/wp-content\/uploads\/2020\/05\/IMG_2815-816x544.jpg 816w\" sizes=\"auto, (max-width: 1024px) 100vw, 1024px\" \/><\/p>\n<p class=\"p1\"><span class=\"s1\">Pantheon&#8217;un giri\u015finde, Fizik\u00e7i Leon Foucault&#8217;un 1851\u2019de yapt\u0131\u011f\u0131 67 metrelik dev sarkac\u0131 bulunuyor. Frans\u0131zlar&#8217;a d\u00fcnyan\u0131n kendi ekseni \u00fczerinde nas\u0131l d\u00f6nd\u00fc\u011f\u00fcn\u00fc g\u00f6stermek i\u00e7in in\u015fa etmi\u015f. <\/span><span class=\"s1\">Orijinal sarka\u00e7 \u015fu anda Ulusal Sanat Konservatuar\u0131&#8217;nda bulunuyor. Pantheon&#8217;daki sarka\u00e7 bir kopya. (Gitti\u011fimizde yoktu. Kubbe gibi o da bak\u0131ma al\u0131nm\u0131\u015ft\u0131 belki de.)<\/span><\/p>\n<p><img loading=\"lazy\" decoding=\"async\" class=\"alignnone size-medium wp-image-3875\" src=\"https:\/\/www.yeryuzundebirkacadim.com\/wp-content\/uploads\/2020\/05\/IMG_2778-1024x683.jpg\" alt=\"\" width=\"1024\" height=\"683\" srcset=\"https:\/\/www.yeryuzundebirkacadim.com\/wp-content\/uploads\/2020\/05\/IMG_2778-1024x683.jpg 1024w, https:\/\/www.yeryuzundebirkacadim.com\/wp-content\/uploads\/2020\/05\/IMG_2778-768x512.jpg 768w, https:\/\/www.yeryuzundebirkacadim.com\/wp-content\/uploads\/2020\/05\/IMG_2778-2048x1365.jpg 2048w, https:\/\/www.yeryuzundebirkacadim.com\/wp-content\/uploads\/2020\/05\/IMG_2778-816x544.jpg 816w\" sizes=\"auto, (max-width: 1024px) 100vw, 1024px\" \/><\/p>\n<p>Ulusal S\u00f6zle\u015fme An\u0131t\u0131<\/p>\n<p><img loading=\"lazy\" decoding=\"async\" class=\"alignnone size-medium wp-image-3878\" src=\"https:\/\/www.yeryuzundebirkacadim.com\/wp-content\/uploads\/2020\/05\/IMG_2774-1024x683.jpg\" alt=\"\" width=\"1024\" height=\"683\" srcset=\"https:\/\/www.yeryuzundebirkacadim.com\/wp-content\/uploads\/2020\/05\/IMG_2774-1024x683.jpg 1024w, https:\/\/www.yeryuzundebirkacadim.com\/wp-content\/uploads\/2020\/05\/IMG_2774-768x512.jpg 768w, https:\/\/www.yeryuzundebirkacadim.com\/wp-content\/uploads\/2020\/05\/IMG_2774-2048x1365.jpg 2048w, https:\/\/www.yeryuzundebirkacadim.com\/wp-content\/uploads\/2020\/05\/IMG_2774-816x544.jpg 816w\" sizes=\"auto, (max-width: 1024px) 100vw, 1024px\" \/><\/p>\n<p>Hatiplere, Devlet Adamlar\u0131na \u00d6vg\u00fc An\u0131t\u0131<\/p>\n<p><img loading=\"lazy\" decoding=\"async\" class=\"alignnone size-medium wp-image-3879\" src=\"https:\/\/www.yeryuzundebirkacadim.com\/wp-content\/uploads\/2020\/05\/IMG_2775-1024x683.jpg\" alt=\"\" width=\"1024\" height=\"683\" srcset=\"https:\/\/www.yeryuzundebirkacadim.com\/wp-content\/uploads\/2020\/05\/IMG_2775-1024x683.jpg 1024w, https:\/\/www.yeryuzundebirkacadim.com\/wp-content\/uploads\/2020\/05\/IMG_2775-768x512.jpg 768w, https:\/\/www.yeryuzundebirkacadim.com\/wp-content\/uploads\/2020\/05\/IMG_2775-2048x1366.jpg 2048w, https:\/\/www.yeryuzundebirkacadim.com\/wp-content\/uploads\/2020\/05\/IMG_2775-816x544.jpg 816w\" sizes=\"auto, (max-width: 1024px) 100vw, 1024px\" \/><\/p>\n<p>Generallere \u00d6vg\u00fc An\u0131t\u0131<\/p>\n<p><img loading=\"lazy\" decoding=\"async\" class=\"alignnone size-medium wp-image-3894\" src=\"https:\/\/www.yeryuzundebirkacadim.com\/wp-content\/uploads\/2020\/05\/IMG_2816-1-1024x683.jpg\" alt=\"\" width=\"1024\" height=\"683\" srcset=\"https:\/\/www.yeryuzundebirkacadim.com\/wp-content\/uploads\/2020\/05\/IMG_2816-1-1024x683.jpg 1024w, https:\/\/www.yeryuzundebirkacadim.com\/wp-content\/uploads\/2020\/05\/IMG_2816-1-768x512.jpg 768w, https:\/\/www.yeryuzundebirkacadim.com\/wp-content\/uploads\/2020\/05\/IMG_2816-1-2048x1366.jpg 2048w, https:\/\/www.yeryuzundebirkacadim.com\/wp-content\/uploads\/2020\/05\/IMG_2816-1-816x544.jpg 816w\" sizes=\"auto, (max-width: 1024px) 100vw, 1024px\" \/><\/p>\n<p>Diderot An\u0131t\u0131<\/p>\n<p><strong>Kripta (Mezar Odalar\u0131)<\/strong>; <span class=\"s1\">yap\u0131n\u0131n alt kat\u0131nda mahzeninde bulunuyor. Voltaire, Jean-Jacques Rousseau, Emile Zola, Alexandre Dumas, Pierre ve Marie Curie vb. dahil olmak \u00fczere 70&#8217;den fazla \u00fcnl\u00fc ki\u015finin mezarlar\u0131na ev sahipli\u011fi yap\u0131yor.<\/span><\/p>\n<p class=\"p1\"><span class=\"s1\">1995 y\u0131l\u0131na kadar kad\u0131nlar\u0131n binada g\u00f6m\u00fclmesine izin verilmiyordu. \u0130zin ilk kez<\/span><span class=\"s1\"> Frans\u0131z kimyager ve fizik\u00e7i Marie Curie&#8217;ye verildi. Nobel Bar\u0131\u015f \u00d6d\u00fcl\u00fc&#8217;n\u00fc ilk kez ve iki kez\u00a0 kazanm\u0131\u015f bir kad\u0131nd\u0131 o.\u00a0<\/span><\/p>\n<p><img loading=\"lazy\" decoding=\"async\" class=\"alignnone size-medium wp-image-3874\" src=\"https:\/\/www.yeryuzundebirkacadim.com\/wp-content\/uploads\/2020\/05\/IMG_2786-1024x683.jpg\" alt=\"\" width=\"1024\" height=\"683\" srcset=\"https:\/\/www.yeryuzundebirkacadim.com\/wp-content\/uploads\/2020\/05\/IMG_2786-1024x683.jpg 1024w, https:\/\/www.yeryuzundebirkacadim.com\/wp-content\/uploads\/2020\/05\/IMG_2786-768x512.jpg 768w, https:\/\/www.yeryuzundebirkacadim.com\/wp-content\/uploads\/2020\/05\/IMG_2786-2048x1365.jpg 2048w, https:\/\/www.yeryuzundebirkacadim.com\/wp-content\/uploads\/2020\/05\/IMG_2786-816x544.jpg 816w\" sizes=\"auto, (max-width: 1024px) 100vw, 1024px\" \/><\/p>\n<p>Voltaire&#8217;nin mezar\u0131 ve heykeli.<\/p>\n<p><img loading=\"lazy\" decoding=\"async\" class=\"alignnone size-medium wp-image-3877\" src=\"https:\/\/www.yeryuzundebirkacadim.com\/wp-content\/uploads\/2020\/05\/IMG_2790-1024x683.jpg\" alt=\"\" width=\"1024\" height=\"683\" srcset=\"https:\/\/www.yeryuzundebirkacadim.com\/wp-content\/uploads\/2020\/05\/IMG_2790-1024x683.jpg 1024w, https:\/\/www.yeryuzundebirkacadim.com\/wp-content\/uploads\/2020\/05\/IMG_2790-768x512.jpg 768w, https:\/\/www.yeryuzundebirkacadim.com\/wp-content\/uploads\/2020\/05\/IMG_2790-2048x1366.jpg 2048w, https:\/\/www.yeryuzundebirkacadim.com\/wp-content\/uploads\/2020\/05\/IMG_2790-816x544.jpg 816w\" sizes=\"auto, (max-width: 1024px) 100vw, 1024px\" \/><\/p>\n<p>Rousseau&#8217;nun mezar\u0131.<\/p>\n<p><strong>Saint Etienne du Mont Kilisesi<\/strong><\/p>\n<p>Pantheon&#8217;a kadar gelmi\u015fken kar\u015f\u0131s\u0131ndaki bu kiliseye u\u011fran\u0131lmal\u0131 bence. D\u0131\u015f cephesi s\u00fcslemelerden zengin. Bir\u00e7ok heykel ve kabartma bulunuyor.<\/p>\n<p><img loading=\"lazy\" decoding=\"async\" class=\"alignnone size-medium wp-image-3881\" src=\"https:\/\/www.yeryuzundebirkacadim.com\/wp-content\/uploads\/2020\/05\/IMG_2727-1-683x1024.jpg\" alt=\"\" width=\"683\" height=\"1024\" srcset=\"https:\/\/www.yeryuzundebirkacadim.com\/wp-content\/uploads\/2020\/05\/IMG_2727-1-683x1024.jpg 683w, https:\/\/www.yeryuzundebirkacadim.com\/wp-content\/uploads\/2020\/05\/IMG_2727-1-768x1152.jpg 768w, https:\/\/www.yeryuzundebirkacadim.com\/wp-content\/uploads\/2020\/05\/IMG_2727-1-1365x2048.jpg 1365w, https:\/\/www.yeryuzundebirkacadim.com\/wp-content\/uploads\/2020\/05\/IMG_2727-1-666x999.jpg 666w\" sizes=\"auto, (max-width: 683px) 100vw, 683px\" \/><\/p>\n<p>1492-1626 y\u0131llar\u0131 aras\u0131nda in\u015fa edilen kilise Paris&#8217;in eski katedralinin koruyucu Aziz Saint Etienne&#8217;ye ithaf edildi.\u00a0Yap\u0131m\u0131 uzun s\u00fcrd\u00fc\u011f\u00fc i\u00e7in kilisesin d\u0131\u015f ve i\u00e7inde Gotik&#8217;ten R\u00f6nesans&#8217;a giden bir mimari tarz\u0131n evrimi fark edilebilir.<\/p>\n<p>Frans\u0131z Devrimi s\u0131ras\u0131nda, kilise ilk \u00f6nce kapat\u0131ld\u0131, bina b\u00fcy\u00fck hasar g\u00f6rd\u00fc, t\u00fcm heykeller par\u00e7aland\u0131. \u015eimdiki heykeller ve r\u00f6lyefler 19. y\u00fczy\u0131ldan kalmad\u0131r.<\/p>\n<p>Daha sonra &#8220;Evlada Dindarl\u0131k Tap\u0131na\u011f\u0131&#8221;na d\u00f6n\u00fc\u015ft\u00fcr\u00fcld\u00fc.<\/p>\n<p>Kilisenin i\u00e7ine g\u00f6m\u00fcl\u00fc olan dikkat \u00e7ekici insanlar aras\u0131nda matematik\u00e7i Blaise Pascal ve oyun yazar\u0131 Jean Racine var.<\/p>\n<p>\u00d6n cephedeki \u00fc\u00e7gen al\u0131nl\u0131kta \u201cMesih&#8217;in Dirili\u015fi\u201d tasviri.<\/p>\n<p><img loading=\"lazy\" decoding=\"async\" class=\"alignnone size-medium wp-image-3885\" src=\"https:\/\/www.yeryuzundebirkacadim.com\/wp-content\/uploads\/2020\/05\/IMG_2730-1024x683.jpg\" alt=\"\" width=\"1024\" height=\"683\" srcset=\"https:\/\/www.yeryuzundebirkacadim.com\/wp-content\/uploads\/2020\/05\/IMG_2730-1024x683.jpg 1024w, https:\/\/www.yeryuzundebirkacadim.com\/wp-content\/uploads\/2020\/05\/IMG_2730-768x512.jpg 768w, https:\/\/www.yeryuzundebirkacadim.com\/wp-content\/uploads\/2020\/05\/IMG_2730-2048x1365.jpg 2048w, https:\/\/www.yeryuzundebirkacadim.com\/wp-content\/uploads\/2020\/05\/IMG_2730-816x544.jpg 816w\" sizes=\"auto, (max-width: 1024px) 100vw, 1024px\" \/><\/p>\n<p>Aziz Stephen&#8217;\u0131n Ta\u015flanmas\u0131&#8221; (Timpan).<\/p>\n<p><img loading=\"lazy\" decoding=\"async\" class=\"alignnone size-medium wp-image-3882\" src=\"https:\/\/www.yeryuzundebirkacadim.com\/wp-content\/uploads\/2020\/05\/IMG_2729-1024x683.jpg\" alt=\"\" width=\"1024\" height=\"683\" srcset=\"https:\/\/www.yeryuzundebirkacadim.com\/wp-content\/uploads\/2020\/05\/IMG_2729-1024x683.jpg 1024w, https:\/\/www.yeryuzundebirkacadim.com\/wp-content\/uploads\/2020\/05\/IMG_2729-768x512.jpg 768w, https:\/\/www.yeryuzundebirkacadim.com\/wp-content\/uploads\/2020\/05\/IMG_2729-2048x1365.jpg 2048w, https:\/\/www.yeryuzundebirkacadim.com\/wp-content\/uploads\/2020\/05\/IMG_2729-816x544.jpg 816w\" sizes=\"auto, (max-width: 1024px) 100vw, 1024px\" \/><\/p>\n<p>Paris&#8217;in koruyucu Azizi Genevieve&#8217;in t\u00fcrbesi burada bulunuyor.<\/p>\n<p><img loading=\"lazy\" decoding=\"async\" class=\"alignnone size-medium wp-image-3887\" src=\"https:\/\/www.yeryuzundebirkacadim.com\/wp-content\/uploads\/2020\/05\/IMG_2741-1024x683.jpg\" alt=\"\" width=\"1024\" height=\"683\" srcset=\"https:\/\/www.yeryuzundebirkacadim.com\/wp-content\/uploads\/2020\/05\/IMG_2741-1024x683.jpg 1024w, https:\/\/www.yeryuzundebirkacadim.com\/wp-content\/uploads\/2020\/05\/IMG_2741-768x512.jpg 768w, https:\/\/www.yeryuzundebirkacadim.com\/wp-content\/uploads\/2020\/05\/IMG_2741-2048x1366.jpg 2048w, https:\/\/www.yeryuzundebirkacadim.com\/wp-content\/uploads\/2020\/05\/IMG_2741-816x544.jpg 816w\" sizes=\"auto, (max-width: 1024px) 100vw, 1024px\" \/><\/p>\n<p><img loading=\"lazy\" decoding=\"async\" class=\"alignnone size-medium wp-image-3883\" src=\"https:\/\/www.yeryuzundebirkacadim.com\/wp-content\/uploads\/2020\/05\/IMG_2732-1024x683.jpg\" alt=\"\" width=\"1024\" height=\"683\" srcset=\"https:\/\/www.yeryuzundebirkacadim.com\/wp-content\/uploads\/2020\/05\/IMG_2732-1024x683.jpg 1024w, https:\/\/www.yeryuzundebirkacadim.com\/wp-content\/uploads\/2020\/05\/IMG_2732-768x512.jpg 768w, https:\/\/www.yeryuzundebirkacadim.com\/wp-content\/uploads\/2020\/05\/IMG_2732-2048x1365.jpg 2048w, https:\/\/www.yeryuzundebirkacadim.com\/wp-content\/uploads\/2020\/05\/IMG_2732-816x544.jpg 816w\" sizes=\"auto, (max-width: 1024px) 100vw, 1024px\" \/><\/p>\n<p>Kilisedeki R\u00f6nesans ve Gotik tarzlar\u0131n yan\u0131 s\u0131ra minber Barok tarz\u0131 temsil ediyor ve 1651 tarihli.<\/p>\n<p>\u0130ki sarmal merdiven olduk\u00e7a estetik g\u00f6r\u00fcn\u00fcmde.<\/p>\n<p>15. y\u00fczy\u0131ldan kalma muhte\u015fem bir jube (Rood; Din adamlar\u0131na ayr\u0131lm\u0131\u015f, onlar\u0131 korodan ay\u0131ran galeri. Tipik olarak ah\u015fap veya ta\u015ftan yap\u0131l\u0131r) bulunuyor. Ta\u015f dantel gibi i\u015flenmi\u015f. Jube \u00fczerinde \u0130sa&#8217;l\u0131 ha\u00e7 g\u00f6r\u00fcl\u00fcyor. Bu jube Paris&#8217;teki sonuncu ve Fransa&#8217;daki son 9 judeden biridir.<\/p>\n<p><img loading=\"lazy\" decoding=\"async\" class=\"alignnone size-medium wp-image-3888\" src=\"https:\/\/www.yeryuzundebirkacadim.com\/wp-content\/uploads\/2020\/05\/IMG_2738-1024x683.jpg\" alt=\"\" width=\"1024\" height=\"683\" srcset=\"https:\/\/www.yeryuzundebirkacadim.com\/wp-content\/uploads\/2020\/05\/IMG_2738-1024x683.jpg 1024w, https:\/\/www.yeryuzundebirkacadim.com\/wp-content\/uploads\/2020\/05\/IMG_2738-768x512.jpg 768w, https:\/\/www.yeryuzundebirkacadim.com\/wp-content\/uploads\/2020\/05\/IMG_2738-2048x1365.jpg 2048w, https:\/\/www.yeryuzundebirkacadim.com\/wp-content\/uploads\/2020\/05\/IMG_2738-816x544.jpg 816w\" sizes=\"auto, (max-width: 1024px) 100vw, 1024px\" \/><\/p>\n<p>Kutsal Kabir \u015eapeli<\/p>\n<p>Kilisenin vitray pencerelerinin \u00e7o\u011fu 16. ve 17. y\u00fczy\u0131llara ait.<\/p>\n<p><img loading=\"lazy\" decoding=\"async\" class=\"alignnone size-medium wp-image-3884\" src=\"https:\/\/www.yeryuzundebirkacadim.com\/wp-content\/uploads\/2020\/05\/IMG_2735-1024x683.jpg\" alt=\"\" width=\"1024\" height=\"683\" srcset=\"https:\/\/www.yeryuzundebirkacadim.com\/wp-content\/uploads\/2020\/05\/IMG_2735-1024x683.jpg 1024w, https:\/\/www.yeryuzundebirkacadim.com\/wp-content\/uploads\/2020\/05\/IMG_2735-768x512.jpg 768w, https:\/\/www.yeryuzundebirkacadim.com\/wp-content\/uploads\/2020\/05\/IMG_2735-2048x1365.jpg 2048w, https:\/\/www.yeryuzundebirkacadim.com\/wp-content\/uploads\/2020\/05\/IMG_2735-816x544.jpg 816w\" sizes=\"auto, (max-width: 1024px) 100vw, 1024px\" \/><\/p>\n<p>Kilise orgu (Organ), Paris&#8217;in en eskisi. 1631&#8217;de kuruldu.<\/p>\n<p><img loading=\"lazy\" decoding=\"async\" class=\"alignnone size-medium wp-image-3886\" src=\"https:\/\/www.yeryuzundebirkacadim.com\/wp-content\/uploads\/2020\/05\/IMG_2745-1024x683.jpg\" alt=\"\" width=\"1024\" height=\"683\" srcset=\"https:\/\/www.yeryuzundebirkacadim.com\/wp-content\/uploads\/2020\/05\/IMG_2745-1024x683.jpg 1024w, https:\/\/www.yeryuzundebirkacadim.com\/wp-content\/uploads\/2020\/05\/IMG_2745-768x512.jpg 768w, https:\/\/www.yeryuzundebirkacadim.com\/wp-content\/uploads\/2020\/05\/IMG_2745-2048x1365.jpg 2048w, https:\/\/www.yeryuzundebirkacadim.com\/wp-content\/uploads\/2020\/05\/IMG_2745-816x544.jpg 816w\" sizes=\"auto, (max-width: 1024px) 100vw, 1024px\" \/><\/p>\n<p><strong>Sorbon \u00dcniversitesi<\/strong><\/p>\n<p><img loading=\"lazy\" decoding=\"async\" class=\"alignnone size-medium wp-image-3897\" src=\"https:\/\/www.yeryuzundebirkacadim.com\/wp-content\/uploads\/2020\/05\/IMG_2829-1024x683.jpg\" alt=\"\" width=\"1024\" height=\"683\" srcset=\"https:\/\/www.yeryuzundebirkacadim.com\/wp-content\/uploads\/2020\/05\/IMG_2829-1024x683.jpg 1024w, https:\/\/www.yeryuzundebirkacadim.com\/wp-content\/uploads\/2020\/05\/IMG_2829-768x512.jpg 768w, https:\/\/www.yeryuzundebirkacadim.com\/wp-content\/uploads\/2020\/05\/IMG_2829-2048x1365.jpg 2048w, https:\/\/www.yeryuzundebirkacadim.com\/wp-content\/uploads\/2020\/05\/IMG_2829-816x544.jpg 816w\" sizes=\"auto, (max-width: 1024px) 100vw, 1024px\" \/><\/p>\n<p>Gelmi\u015fken me\u015fhur Sorbon \u00dcniversitesi&#8217;ni g\u00f6rmeden olmaz. Yine Latin Mahallesi&#8217;nde, bir sokak \u00f6tede \u00e7\u00fcnk\u00fc.<\/p>\n<p>Latince uzun y\u0131llar boyunca Avrupa\u2019da bilim dili olarak kullan\u0131lm\u0131\u015f. Mahallede bulunan \u00fcniversitelerde, k\u00fct\u00fcphanelerde, matbaalarda bu dil hakim oldu\u011fu ve konu\u015fuldu\u011fu i\u00e7in ismi Latin mahallesi olarak kalm\u0131\u015f buran\u0131n.<\/p>\n<p>1253 y\u0131l\u0131nda yoksul 16 \u00f6\u011frenciye teoloji e\u011fitimi vermek i\u00e7in a\u00e7\u0131lan k\u00fc\u00e7\u00fck bir kolejdi. Fransa&#8217;n\u0131n ilk matbaas\u0131 1469&#8217;da burada kuruldu. Frans\u0131z Devrimi s\u0131ras\u0131nda kapat\u0131ld\u0131. Napolyon taraf\u0131ndan a\u00e7\u0131ld\u0131. 1968 &#8216;deki \u00f6\u011frenci hareketleri s\u0131ras\u0131nda yine kapat\u0131ld\u0131. Daha sonra da Paris \u00dcniversitesi olarak a\u00e7\u0131ld\u0131.<\/p>\n<p>Kap\u0131s\u0131nda Montaigne&#8217;in heykeli bulunuyor. D\u0131\u015f cephede de ho\u015f bir saat. Heykelleriyle sanata kucak a\u00e7m\u0131\u015f bir yap\u0131.<\/p>\n<p><strong>L\u00fcksemburg Bah\u00e7eleri<\/strong><\/p>\n<p>400 metre ileride L\u00fcksemburg Bah\u00e7eleri&#8217;ne geliyoruz. Buras\u0131 harika bir dinlenme, huzura kavu\u015fma mekan\u0131.<\/p>\n<p>25 hektar arazi \u00fczerinde kurulmu\u015f yemye\u015fil bir bah\u00e7e. Ortada \u00e7ocuklar\u0131n yelken y\u00fczd\u00fcrd\u00fckleri b\u00fcy\u00fck\u00e7e bir havuz var. Paris&#8217;in koruyucu Azizesi Genevieve&#8217;in heykelinin de oldu\u011fu bir\u00e7ok heykel bulunuyor. Bunlar 19. y\u00fczy\u0131ldan kalmad\u0131r. Arkada saray g\u00f6r\u00fcl\u00fcyor.<\/p>\n<p><img loading=\"lazy\" decoding=\"async\" class=\"alignnone size-medium wp-image-3900\" src=\"https:\/\/www.yeryuzundebirkacadim.com\/wp-content\/uploads\/2020\/05\/IMG_2869-1-1024x683.jpg\" alt=\"\" width=\"1024\" height=\"683\" srcset=\"https:\/\/www.yeryuzundebirkacadim.com\/wp-content\/uploads\/2020\/05\/IMG_2869-1-1024x683.jpg 1024w, https:\/\/www.yeryuzundebirkacadim.com\/wp-content\/uploads\/2020\/05\/IMG_2869-1-768x512.jpg 768w, https:\/\/www.yeryuzundebirkacadim.com\/wp-content\/uploads\/2020\/05\/IMG_2869-1-2048x1365.jpg 2048w, https:\/\/www.yeryuzundebirkacadim.com\/wp-content\/uploads\/2020\/05\/IMG_2869-1-816x544.jpg 816w\" sizes=\"auto, (max-width: 1024px) 100vw, 1024px\" \/><\/p>\n<p><strong>L\u00fcksemburg Saray\u0131<\/strong><\/p>\n<p>Marie de Medicis bu saray\u0131 \u00e7ocuklu\u011funu ge\u00e7irdi\u011fi Floransa&#8217;daki Palazzo Pitti&#8217;ye benzeyecek bi\u00e7imde yapt\u0131rm\u0131\u015f. Krali\u00e7e, saray tamamland\u0131ktan k\u0131sa s\u00fcre sonra o\u011flu XIII. Louis taraf\u0131ndan s\u00fcrg\u00fcne g\u00f6nderilmi\u015f. Devrim s\u0131ras\u0131nda kraliyetin elinden al\u0131nan saray cezaevi olarak kullan\u0131lm\u0131\u015f. Bug\u00fcn binada Frans\u0131z Senatosu bulunuyor. Hemen yan\u0131nda L\u00fcksemburg M\u00fczesi var.<\/p>\n<p><strong>Medici \u00c7e\u015fmesi<\/strong><\/p>\n<p>Bah\u00e7enin en g\u00fczel yerlerinden biridir. Bu s\u00fcsl\u00fc \u00e7e\u015fme ve havuzu 17. y\u00fczy\u0131lda Marie de Medicis i\u00e7in yap\u0131lm\u0131\u015f\u0131r.<\/p>\n<p><img loading=\"lazy\" decoding=\"async\" class=\"alignnone size-medium wp-image-3898\" src=\"https:\/\/www.yeryuzundebirkacadim.com\/wp-content\/uploads\/2020\/05\/IMG_2837-1024x683.jpg\" alt=\"\" width=\"1024\" height=\"683\" srcset=\"https:\/\/www.yeryuzundebirkacadim.com\/wp-content\/uploads\/2020\/05\/IMG_2837-1024x683.jpg 1024w, https:\/\/www.yeryuzundebirkacadim.com\/wp-content\/uploads\/2020\/05\/IMG_2837-768x512.jpg 768w, https:\/\/www.yeryuzundebirkacadim.com\/wp-content\/uploads\/2020\/05\/IMG_2837-2048x1365.jpg 2048w, https:\/\/www.yeryuzundebirkacadim.com\/wp-content\/uploads\/2020\/05\/IMG_2837-816x544.jpg 816w\" sizes=\"auto, (max-width: 1024px) 100vw, 1024px\" \/> <img loading=\"lazy\" decoding=\"async\" class=\"alignnone size-medium wp-image-3899\" src=\"https:\/\/www.yeryuzundebirkacadim.com\/wp-content\/uploads\/2020\/05\/IMG_2850-1024x683.jpg\" alt=\"\" width=\"1024\" height=\"683\" srcset=\"https:\/\/www.yeryuzundebirkacadim.com\/wp-content\/uploads\/2020\/05\/IMG_2850-1024x683.jpg 1024w, https:\/\/www.yeryuzundebirkacadim.com\/wp-content\/uploads\/2020\/05\/IMG_2850-768x512.jpg 768w, https:\/\/www.yeryuzundebirkacadim.com\/wp-content\/uploads\/2020\/05\/IMG_2850-2048x1365.jpg 2048w, https:\/\/www.yeryuzundebirkacadim.com\/wp-content\/uploads\/2020\/05\/IMG_2850-816x544.jpg 816w\" sizes=\"auto, (max-width: 1024px) 100vw, 1024px\" \/><\/p>\n<div class=\"d7sCQ kp-header\" data-hveid=\"CBMQAg\" data-ved=\"2ahUKEwim1p2JjMbpAhUz4aYKHcXfDWEQ3z4oAXoECBMQAg\">\n<div>\n<div class=\"fYOrjf kp-hc\">\n<div class=\"NFQFxe Hhmu2e viOShc LKPcQc mod\" lang=\"tr-TR\" data-md=\"16\" data-hveid=\"CBMQCA\" data-ved=\"2ahUKEwim1p2JjMbpAhUz4aYKHcXfDWEQhygoATAMegQIExAI\">\n<div class=\"Ftghae iirjIb DaSCDf\">\n<div class=\"SPZz6b\">\n<div class=\"kno-ecr-pt PZPZlf gsmt i8lZMc EaHP9c\" data-dtype=\"d3ifr\" data-local-attribute=\"d3bn\" data-attrid=\"title\" data-ved=\"2ahUKEwim1p2JjMbpAhUz4aYKHcXfDWEQ3B0oADAMegQIExAJ\"><strong>Saint Germain des Pres<\/strong><\/div>\n<\/div>\n<\/div>\n<\/div>\n<\/div>\n<\/div>\n<\/div>\n<div lang=\"tr-TR\" data-md=\"30\" data-hveid=\"CAkQAA\" data-ved=\"2ahUKEwim1p2JjMbpAhUz4aYKHcXfDWEQ6-0CMA16BAgJEAA\"><\/div>\n<div lang=\"tr-TR\" data-md=\"30\" data-hveid=\"CAkQAA\" data-ved=\"2ahUKEwim1p2JjMbpAhUz4aYKHcXfDWEQ6-0CMA16BAgJEAA\">\u0130smini i\u00e7indeki Orta \u00c7a\u011f&#8217;dan kalma Saint Germain Kilisesi&#8217;nden alan semt, ayn\u0131 isimde \u00e7ok uzun bir bulvara da sahip. 20. y\u00fczy\u0131l\u0131n ilk yar\u0131s\u0131nda bir\u00e7ok yazar, entellekt\u00fcel bu mahallenin kafelerinde g\u00f6r\u00fclm\u00fc\u015f. B\u00f6ylelikle pop\u00fclaritesi artm\u0131\u015f.<\/div>\n<div lang=\"tr-TR\" data-md=\"30\" data-hveid=\"CAkQAA\" data-ved=\"2ahUKEwim1p2JjMbpAhUz4aYKHcXfDWEQ6-0CMA16BAgJEAA\"><\/div>\n<div lang=\"tr-TR\" data-md=\"30\" data-hveid=\"CAkQAA\" data-ved=\"2ahUKEwim1p2JjMbpAhUz4aYKHcXfDWEQ6-0CMA16BAgJEAA\"><img loading=\"lazy\" decoding=\"async\" class=\"alignnone size-medium wp-image-3902\" src=\"https:\/\/www.yeryuzundebirkacadim.com\/wp-content\/uploads\/2020\/05\/IMG_2880-1024x683.jpg\" alt=\"\" width=\"1024\" height=\"683\" srcset=\"https:\/\/www.yeryuzundebirkacadim.com\/wp-content\/uploads\/2020\/05\/IMG_2880-1024x683.jpg 1024w, https:\/\/www.yeryuzundebirkacadim.com\/wp-content\/uploads\/2020\/05\/IMG_2880-768x512.jpg 768w, https:\/\/www.yeryuzundebirkacadim.com\/wp-content\/uploads\/2020\/05\/IMG_2880-2048x1365.jpg 2048w, https:\/\/www.yeryuzundebirkacadim.com\/wp-content\/uploads\/2020\/05\/IMG_2880-816x544.jpg 816w\" sizes=\"auto, (max-width: 1024px) 100vw, 1024px\" \/><\/div>\n<div lang=\"tr-TR\" data-md=\"30\" data-hveid=\"CAkQAA\" data-ved=\"2ahUKEwim1p2JjMbpAhUz4aYKHcXfDWEQ6-0CMA16BAgJEAA\">Saint Germain Bulvar\u0131&#8217;nda ve \u00e7evresindeki \u015f\u0131k sokaklarda Cafe de Flore ( Hemingway gibi yazarlar\u0131n u\u011frak mekan\u0131ym\u0131\u015f), Cafe Les Deux Magots, Cafe Bonaparte gibi d\u00fcnyaca \u00fcnl\u00fc kafeler, \u00fcnl\u00fc, l\u00fcks, turistik restoranlar bulunuyor. Yine birbirinden \u00fcnl\u00fc ma\u011fazalar da bu semtte bulunur. Sen Nehri k\u0131y\u0131s\u0131nda ikinci el kitap satan \u00e7ok say\u0131da kitap\u00e7\u0131 var.<\/div>\n<div lang=\"tr-TR\" data-md=\"30\" data-hveid=\"CAkQAA\" data-ved=\"2ahUKEwim1p2JjMbpAhUz4aYKHcXfDWEQ6-0CMA16BAgJEAA\">542 y\u0131l\u0131nda ba\u015flam\u0131\u015f yerle\u015fimiyle en eski tarihe sahip b\u00f6lgedir.<\/div>\n<div lang=\"tr-TR\" data-md=\"30\" data-hveid=\"CAkQAA\" data-ved=\"2ahUKEwim1p2JjMbpAhUz4aYKHcXfDWEQ6-0CMA16BAgJEAA\"><\/div>\n<div lang=\"tr-TR\" data-md=\"30\" data-hveid=\"CAkQAA\" data-ved=\"2ahUKEwim1p2JjMbpAhUz4aYKHcXfDWEQ6-0CMA16BAgJEAA\"><strong>Saint Michel \u00c7e\u015fmesi<\/strong><\/div>\n<div lang=\"tr-TR\" data-md=\"30\" data-hveid=\"CAkQAA\" data-ved=\"2ahUKEwim1p2JjMbpAhUz4aYKHcXfDWEQ6-0CMA16BAgJEAA\"><img loading=\"lazy\" decoding=\"async\" class=\"alignnone size-medium wp-image-3903\" src=\"https:\/\/www.yeryuzundebirkacadim.com\/wp-content\/uploads\/2020\/05\/IMG_2871-1024x683.jpg\" alt=\"\" width=\"1024\" height=\"683\" srcset=\"https:\/\/www.yeryuzundebirkacadim.com\/wp-content\/uploads\/2020\/05\/IMG_2871-1024x683.jpg 1024w, https:\/\/www.yeryuzundebirkacadim.com\/wp-content\/uploads\/2020\/05\/IMG_2871-768x512.jpg 768w, https:\/\/www.yeryuzundebirkacadim.com\/wp-content\/uploads\/2020\/05\/IMG_2871-2048x1365.jpg 2048w, https:\/\/www.yeryuzundebirkacadim.com\/wp-content\/uploads\/2020\/05\/IMG_2871-816x544.jpg 816w\" sizes=\"auto, (max-width: 1024px) 100vw, 1024px\" \/><\/div>\n<div lang=\"tr-TR\" data-md=\"30\" data-hveid=\"CAkQAA\" data-ved=\"2ahUKEwim1p2JjMbpAhUz4aYKHcXfDWEQ6-0CMA16BAgJEAA\">An\u0131tsal \u00e7e\u015fme, Saint Michel Bulvar\u0131&#8217;n\u0131n Sen Nehri k\u0131y\u0131s\u0131 ile bulu\u015ftu\u011fu canl\u0131 bir meydan olan Saint Michel Meydan\u0131&#8217;na bak\u0131yor.<\/div>\n<div lang=\"tr-TR\" data-md=\"30\" data-hveid=\"CAkQAA\" data-ved=\"2ahUKEwim1p2JjMbpAhUz4aYKHcXfDWEQ6-0CMA16BAgJEAA\">Buras\u0131 bu mahalleyi gezmek isteyen turistler i\u00e7in bir ba\u015flang\u0131\u00e7 noktas\u0131 iken yerli halk i\u00e7in de bir bulu\u015fma noktas\u0131.<\/div>\n<div lang=\"tr-TR\" data-md=\"30\" data-hveid=\"CAkQAA\" data-ved=\"2ahUKEwim1p2JjMbpAhUz4aYKHcXfDWEQ6-0CMA16BAgJEAA\">Baron Haussmann taraf\u0131ndan planlanan b\u00fcy\u00fck kentsel projenin bir par\u00e7as\u0131 olarak 1860&#8217;ta yap\u0131lm\u0131\u015f Neo-R\u00f6nesans tarz\u0131 bir an\u0131t \u00e7e\u015fme.<\/div>\n<div lang=\"tr-TR\" data-md=\"30\" data-hveid=\"CAkQAA\" data-ved=\"2ahUKEwim1p2JjMbpAhUz4aYKHcXfDWEQ6-0CMA16BAgJEAA\">Di\u011fer Paris \u00e7e\u015fmelerinden farkl\u0131 olarak, farkl\u0131 ta\u015f renkleri kullan\u0131larak tasarlanm\u0131\u015ft\u0131r.<\/div>\n<div lang=\"tr-TR\" data-md=\"30\" data-hveid=\"CAkQAA\" data-ved=\"2ahUKEwim1p2JjMbpAhUz4aYKHcXfDWEQ6-0CMA16BAgJEAA\">\u00c7e\u015fmenin tasarlanmas\u0131nda 9 heykelt\u0131ra\u015f g\u00f6revlendirilmi\u015f.<\/div>\n<div lang=\"tr-TR\" data-md=\"30\" data-hveid=\"CAkQAA\" data-ved=\"2ahUKEwim1p2JjMbpAhUz4aYKHcXfDWEQ6-0CMA16BAgJEAA\">Paris&#8217;in ilk duvar \u00e7e\u015fmesi olan L\u00fcksemburg bah\u00e7esindeki Medici \u00e7e\u015fmesi ile benzerlik g\u00f6steriyor.<\/div>\n<div lang=\"tr-TR\" data-md=\"30\" data-hveid=\"CAkQAA\" data-ved=\"2ahUKEwim1p2JjMbpAhUz4aYKHcXfDWEQ6-0CMA16BAgJEAA\"><\/div>\n<div lang=\"tr-TR\" data-md=\"30\" data-hveid=\"CAkQAA\" data-ved=\"2ahUKEwim1p2JjMbpAhUz4aYKHcXfDWEQ6-0CMA16BAgJEAA\">26 metre y\u00fcksekli\u011finde ve 15 metre geni\u015fli\u011findeki Saint Michel \u00c7e\u015fmesi&#8217;nde en \u00fcstteki kabartmada iki insan fig\u00fcr\u00fc Paris&#8217;in armas\u0131n\u0131 elinde tutar. G\u00fc\u00e7 ve Il\u0131ml\u0131l\u0131\u011f\u0131 temsil eder.<\/div>\n<div lang=\"tr-TR\" data-md=\"30\" data-hveid=\"CAkQAA\" data-ved=\"2ahUKEwim1p2JjMbpAhUz4aYKHcXfDWEQ6-0CMA16BAgJEAA\"><\/div>\n<div lang=\"tr-TR\" data-md=\"30\" data-hveid=\"CAkQAA\" data-ved=\"2ahUKEwim1p2JjMbpAhUz4aYKHcXfDWEQ6-0CMA16BAgJEAA\">Alt\u0131ndaki al\u0131nl\u0131kta adanm\u0131\u015fl\u0131k y\u0131l\u0131 (1860) yaz\u0131yor.<\/div>\n<div lang=\"tr-TR\" data-md=\"30\" data-hveid=\"CAkQAA\" data-ved=\"2ahUKEwim1p2JjMbpAhUz4aYKHcXfDWEQ6-0CMA16BAgJEAA\">\n<div lang=\"tr-TR\" data-md=\"30\" data-hveid=\"CAkQAA\" data-ved=\"2ahUKEwim1p2JjMbpAhUz4aYKHcXfDWEQ6-0CMA16BAgJEAA\"><\/div>\n<div lang=\"tr-TR\" data-md=\"30\" data-hveid=\"CAkQAA\" data-ved=\"2ahUKEwim1p2JjMbpAhUz4aYKHcXfDWEQ6-0CMA16BAgJEAA\">\u00c7e\u015fme, orta ni\u015fi \u00e7evreleyen d\u00f6rt k\u0131rm\u0131z\u0131 mermer korint s\u00fctunuyla zafer tak\u0131 gibi g\u00f6r\u00fcn\u00fcyor.<\/div>\n<\/div>\n<div lang=\"tr-TR\" data-md=\"30\" data-hveid=\"CAkQAA\" data-ved=\"2ahUKEwim1p2JjMbpAhUz4aYKHcXfDWEQ6-0CMA16BAgJEAA\">Mermer s\u00fctunlar\u0131n \u00fczerinde kardinal erdemleri temsil eden d\u00f6rt bronz heykel bulunuyor.<\/div>\n<div lang=\"tr-TR\" data-md=\"30\" data-hveid=\"CAkQAA\" data-ved=\"2ahUKEwim1p2JjMbpAhUz4aYKHcXfDWEQ6-0CMA16BAgJEAA\">Soldan sa\u011fa:<\/div>\n<div lang=\"tr-TR\" data-md=\"30\" data-hveid=\"CAkQAA\" data-ved=\"2ahUKEwim1p2JjMbpAhUz4aYKHcXfDWEQ6-0CMA16BAgJEAA\">Y\u0131lan ve ayna tutan; Sa\u011fduyu &#8211; Aslan derisi ve kul\u00fcb\u00fcyle (ilkel bir silah); Zenginlik &#8211; \u00d6l\u00e7ek ve k\u0131l\u0131\u00e7la; Adalet &#8211; \u00d6l\u00e7\u00fcl\u00fcl\u00fck.<\/div>\n<div lang=\"tr-TR\" data-md=\"30\" data-hveid=\"CAkQAA\" data-ved=\"2ahUKEwim1p2JjMbpAhUz4aYKHcXfDWEQ6-0CMA16BAgJEAA\"><strong><img loading=\"lazy\" decoding=\"async\" class=\"alignnone size-medium wp-image-3920\" src=\"https:\/\/www.yeryuzundebirkacadim.com\/wp-content\/uploads\/2020\/05\/IMG_2887-1024x683.jpg\" alt=\"\" width=\"1024\" height=\"683\" srcset=\"https:\/\/www.yeryuzundebirkacadim.com\/wp-content\/uploads\/2020\/05\/IMG_2887-1024x683.jpg 1024w, https:\/\/www.yeryuzundebirkacadim.com\/wp-content\/uploads\/2020\/05\/IMG_2887-768x512.jpg 768w, https:\/\/www.yeryuzundebirkacadim.com\/wp-content\/uploads\/2020\/05\/IMG_2887-2048x1365.jpg 2048w, https:\/\/www.yeryuzundebirkacadim.com\/wp-content\/uploads\/2020\/05\/IMG_2887-816x544.jpg 816w\" sizes=\"auto, (max-width: 1024px) 100vw, 1024px\" \/><\/strong><\/div>\n<div lang=\"tr-TR\" data-md=\"30\" data-hveid=\"CAkQAA\" data-ved=\"2ahUKEwim1p2JjMbpAhUz4aYKHcXfDWEQ6-0CMA16BAgJEAA\">Merkezi ni\u015fte Melek Michel&#8217;in \u015feytan\u0131 yendi\u011fi sahnenin heykeli Duret taraf\u0131ndan yap\u0131lm\u0131\u015f. \u0130yili\u011fin k\u00f6t\u00fc\u011fe kar\u015f\u0131 zaferi.<\/div>\n<div lang=\"tr-TR\" data-md=\"30\" data-hveid=\"CAkQAA\" data-ved=\"2ahUKEwim1p2JjMbpAhUz4aYKHcXfDWEQ6-0CMA16BAgJEAA\">\u00c7e\u015fmenin \u00f6nde her iki taraf\u0131nda kanatl\u0131 ejderhalar\u00a0 yerle\u015ftirilmi\u015f.<\/div>\n<div lang=\"tr-TR\" data-md=\"30\" data-hveid=\"CAkQAA\" data-ved=\"2ahUKEwim1p2JjMbpAhUz4aYKHcXfDWEQ6-0CMA16BAgJEAA\">\u00d6\u011fle yeme\u011fini de yedikten sonra Sen Nehri&#8217;ndeki Cite adas\u0131&#8217;na ge\u00e7iyoruz.<\/div>\n<div lang=\"tr-TR\" data-md=\"30\" data-hveid=\"CAkQAA\" data-ved=\"2ahUKEwim1p2JjMbpAhUz4aYKHcXfDWEQ6-0CMA16BAgJEAA\"><\/div>\n<div lang=\"tr-TR\" data-md=\"30\" data-hveid=\"CAkQAA\" data-ved=\"2ahUKEwim1p2JjMbpAhUz4aYKHcXfDWEQ6-0CMA16BAgJEAA\"><strong>Notre Dame Katedrali<\/strong><\/div>\n<div lang=\"tr-TR\" data-md=\"30\" data-hveid=\"CAkQAA\" data-ved=\"2ahUKEwim1p2JjMbpAhUz4aYKHcXfDWEQ6-0CMA16BAgJEAA\"><img loading=\"lazy\" decoding=\"async\" class=\"alignnone size-medium wp-image-3945\" src=\"https:\/\/www.yeryuzundebirkacadim.com\/wp-content\/uploads\/2020\/05\/IMG_2875-1-1024x683.jpg\" alt=\"\" width=\"1024\" height=\"683\" srcset=\"https:\/\/www.yeryuzundebirkacadim.com\/wp-content\/uploads\/2020\/05\/IMG_2875-1-1024x683.jpg 1024w, https:\/\/www.yeryuzundebirkacadim.com\/wp-content\/uploads\/2020\/05\/IMG_2875-1-768x512.jpg 768w, https:\/\/www.yeryuzundebirkacadim.com\/wp-content\/uploads\/2020\/05\/IMG_2875-1-2048x1365.jpg 2048w, https:\/\/www.yeryuzundebirkacadim.com\/wp-content\/uploads\/2020\/05\/IMG_2875-1-816x544.jpg 816w\" sizes=\"auto, (max-width: 1024px) 100vw, 1024px\" \/><\/div>\n<div lang=\"tr-TR\" data-md=\"30\" data-hveid=\"CAkQAA\" data-ved=\"2ahUKEwim1p2JjMbpAhUz4aYKHcXfDWEQ6-0CMA16BAgJEAA\">Sen Nehri&#8217;nde Cite Adas\u0131\u2019nda bulunuyor. Ad\u0131 Frans\u0131zca\u2019da \u201cKutsal Bakire\u201d veya \u201cMeryem Anam\u0131z\u201d anlam\u0131na geliyor.<\/div>\n<div lang=\"tr-TR\" data-md=\"30\" data-hveid=\"CAkQAA\" data-ved=\"2ahUKEwim1p2JjMbpAhUz4aYKHcXfDWEQ6-0CMA16BAgJEAA\">Gotik mimarinin en g\u00fczel \u00f6rneklerinden biri olan kilise muhte\u015fem d\u0131\u015f cephesi, b\u00fcy\u00fck i\u00e7 mekan\u0131 ve incelikli s\u00fcslemeleri ile Paris \u015fehrinin ve Frans\u0131z ulusunun en \u00e7ok tan\u0131nan sembollerindendir.<\/div>\n<div lang=\"tr-TR\" data-md=\"30\" data-hveid=\"CAkQAA\" data-ved=\"2ahUKEwim1p2JjMbpAhUz4aYKHcXfDWEQ6-0CMA16BAgJEAA\">Piskopos Sully&#8217;nin tasar\u0131m\u0131 ve Papa III. Alexander&#8217;\u0131n temel ta\u015f\u0131n\u0131 koymas\u0131 ile yap\u0131m\u0131na 1160&#8217;da ba\u015flanan kilisenin tamamlanmas\u0131 170 y\u0131l\u0131 bulmu\u015f. \u015eaheser yaratmak kolay de\u011fil elbet.<\/div>\n<div lang=\"tr-TR\" data-md=\"30\" data-hveid=\"CAkQAA\" data-ved=\"2ahUKEwim1p2JjMbpAhUz4aYKHcXfDWEQ6-0CMA16BAgJEAA\"><\/div>\n<div lang=\"tr-TR\" data-md=\"30\" data-hveid=\"CAkQAA\" data-ved=\"2ahUKEwim1p2JjMbpAhUz4aYKHcXfDWEQ6-0CMA16BAgJEAA\">Arc ailesinden Aziz Joan, 1431&#8217;de sapk\u0131nl\u0131k iddias\u0131yla yak\u0131larak infaz edilen Frans\u0131z yurtsever <strong>Jeanne d&#8217;Arc<\/strong>&#8216;\u0131n (1412-1431) \u00f6l\u00fcm\u00fcnden sonra temyiz ba\u015fvurusu ba\u015flatt\u0131\u011f\u0131nda duru\u015fmalar Notre Dame&#8217;da yap\u0131ld\u0131 (1455). Jeanne d&#8217;Arc yakla\u015f\u0131k be\u015f y\u00fczy\u0131l sonra, 1909&#8217;da Aziz ilan edildi.<\/div>\n<div lang=\"tr-TR\" data-md=\"30\" data-hveid=\"CAkQAA\" data-ved=\"2ahUKEwim1p2JjMbpAhUz4aYKHcXfDWEQ6-0CMA16BAgJEAA\"><\/div>\n<div lang=\"tr-TR\" data-md=\"30\" data-hveid=\"CAkQAA\" data-ved=\"2ahUKEwim1p2JjMbpAhUz4aYKHcXfDWEQ6-0CMA16BAgJEAA\">1790&#8217;larda, Notre Dame Frans\u0131z Devrimi s\u0131ras\u0131nda pay\u0131na d\u00fc\u015feni ald\u0131, kutsall\u0131\u011f\u0131 kald\u0131r\u0131ld\u0131, hazinesi, dini sembollerin \u00e7o\u011fu tahrip veya yok edildi.<\/div>\n<div lang=\"tr-TR\" data-md=\"30\" data-hveid=\"CAkQAA\" data-ved=\"2ahUKEwim1p2JjMbpAhUz4aYKHcXfDWEQ6-0CMA16BAgJEAA\">Ancak 19. y\u00fczy\u0131lda Napolyon&#8217;un ta\u00e7 giyme t\u00f6reni ve De Gaulle\u2019\u00fcn cenaze merasimi burada yap\u0131lm\u0131\u015f.<\/div>\n<div lang=\"tr-TR\" data-md=\"30\" data-hveid=\"CAkQAA\" data-ved=\"2ahUKEwim1p2JjMbpAhUz4aYKHcXfDWEQ6-0CMA16BAgJEAA\">Rivayetlere g\u00f6re; 19. y\u00fczy\u0131l ba\u015flar\u0131nda Paris \u015fehir planlamac\u0131lar\u0131, bak\u0131ms\u0131zl\u0131ktan harap d\u00fc\u015fm\u00fc\u015f Notre Dame Katedrali&#8217;ni y\u0131kt\u0131rmak istemi\u015fler. Bunun \u00fczerine \u00fcnl\u00fc Frans\u0131z yazar Victor Hugo, halk\u0131n ilgisini buraya \u00e7ekmek ve katedralin yenilenmesini sa\u011flamak i\u00e7in 1831 y\u0131l\u0131nda &#8220;Notre Dame&#8217;\u0131n Kamburu&#8221; adl\u0131 roman\u0131n\u0131 yazm\u0131\u015f.<\/div>\n<div lang=\"tr-TR\" data-md=\"30\" data-hveid=\"CAkQAA\" data-ved=\"2ahUKEwim1p2JjMbpAhUz4aYKHcXfDWEQ6-0CMA16BAgJEAA\">Nitekim 1841-1864 y\u0131llar\u0131 aras\u0131nda mimar Viollet le Duc taraf\u0131ndan restore edilmi\u015f.<\/div>\n<div lang=\"tr-TR\" data-md=\"30\" data-hveid=\"CAkQAA\" data-ved=\"2ahUKEwim1p2JjMbpAhUz4aYKHcXfDWEQ6-0CMA16BAgJEAA\"><\/div>\n<div lang=\"tr-TR\" data-md=\"30\" data-hveid=\"CAkQAA\" data-ved=\"2ahUKEwim1p2JjMbpAhUz4aYKHcXfDWEQ6-0CMA16BAgJEAA\">Katedral, okuma yazma bilmeyen halk\u0131n anlay\u0131p \u00f6\u011frenebilmeleri i\u00e7in \u0130ncil hikayelerini tasvir eden heykellerle kapl\u0131 bir &#8220;fakir insanlar\u0131n kitab\u0131&#8221; (liber pauperum)&#8217;d\u0131r.<\/div>\n<div lang=\"tr-TR\" data-md=\"30\" data-hveid=\"CAkQAA\" data-ved=\"2ahUKEwim1p2JjMbpAhUz4aYKHcXfDWEQ6-0CMA16BAgJEAA\"><\/div>\n<div lang=\"tr-TR\" data-md=\"30\" data-hveid=\"CAkQAA\" data-ved=\"2ahUKEwim1p2JjMbpAhUz4aYKHcXfDWEQ6-0CMA16BAgJEAA\"><img loading=\"lazy\" decoding=\"async\" class=\"alignnone size-medium wp-image-3908\" src=\"https:\/\/www.yeryuzundebirkacadim.com\/wp-content\/uploads\/2020\/05\/IMG_2961-1-1024x683.jpg\" alt=\"\" width=\"1024\" height=\"683\" srcset=\"https:\/\/www.yeryuzundebirkacadim.com\/wp-content\/uploads\/2020\/05\/IMG_2961-1-1024x683.jpg 1024w, https:\/\/www.yeryuzundebirkacadim.com\/wp-content\/uploads\/2020\/05\/IMG_2961-1-768x512.jpg 768w, https:\/\/www.yeryuzundebirkacadim.com\/wp-content\/uploads\/2020\/05\/IMG_2961-1-2048x1365.jpg 2048w, https:\/\/www.yeryuzundebirkacadim.com\/wp-content\/uploads\/2020\/05\/IMG_2961-1-816x544.jpg 816w\" sizes=\"auto, (max-width: 1024px) 100vw, 1024px\" \/><\/div>\n<div lang=\"tr-TR\" data-md=\"30\" data-hveid=\"CAkQAA\" data-ved=\"2ahUKEwim1p2JjMbpAhUz4aYKHcXfDWEQ6-0CMA16BAgJEAA\"><strong>Bat\u0131 Cephesi (\u00d6n cephe)<\/strong><\/div>\n<div lang=\"tr-TR\" data-md=\"30\" data-hveid=\"CAkQAA\" data-ved=\"2ahUKEwim1p2JjMbpAhUz4aYKHcXfDWEQ6-0CMA16BAgJEAA\">\n<p>Katedralin en \u00fcnl\u00fc k\u0131sm\u0131d\u0131r. \u0130ki taraf\u0131nda (kuzey-g\u00fcney) bulunan kuleler 69 metre y\u00fcksekli\u011findedir. Bunlar 1889&#8217;da Eyfel Kulesi tamamlanana kadar Paris&#8217;teki en y\u00fcksek yap\u0131lard\u0131.<\/p>\n<p><strong>Kuzey Kule; <\/strong>387 basamakla \u00e7\u0131k\u0131l\u0131p harika \u015fehir manzaralar\u0131 seyredilebilir.<\/p>\n<p><strong>G\u00fcney Kule;<\/strong> katedralin 1681 yap\u0131m\u0131 en b\u00fcy\u00fck \u00e7an\u0131 &#8220;Emmanuel&#8221; buradad\u0131r.<\/p>\n<p><strong>Chimeres Galerisi<\/strong>\u00a0<strong>(B\u00fcy\u00fck Galeri);<\/strong> iki kuleyi birle\u015ftirir ve katedralin efsanevi chimereslerinin (kimera) bulundu\u011fu yerdir. Kimeralar katedralin sembolik yarat\u0131k \u015feklindeki s\u00fcslemeleridir. Restorasyon s\u0131ras\u0131nda Mimar Viollet le Duc taraf\u0131ndan yap\u0131ya eklenmi\u015ftir.<\/p>\n<p><strong>Bat\u0131 G\u00fcl Penceresi; <\/strong>10 metre \u00e7ap\u0131ndad\u0131r. \u0130\u015flemelerle s\u00fcsl\u00fc pencerenin bir\u00e7ok k\u0131sm\u0131 katedralin 13. y\u00fczy\u0131ldaki in\u015fas\u0131nda olu\u015fmu\u015ftur. \u00d6n\u00fcnde kuca\u011f\u0131nda bebek \u0130sa ile birlikte bir Meryem Ana Heykeli vard\u0131r.<\/p>\n<p><img loading=\"lazy\" decoding=\"async\" class=\"alignnone size-medium wp-image-3918\" src=\"https:\/\/www.yeryuzundebirkacadim.com\/wp-content\/uploads\/2020\/05\/IMG_2898-1024x683.jpg\" alt=\"\" width=\"1024\" height=\"683\" srcset=\"https:\/\/www.yeryuzundebirkacadim.com\/wp-content\/uploads\/2020\/05\/IMG_2898-1024x683.jpg 1024w, https:\/\/www.yeryuzundebirkacadim.com\/wp-content\/uploads\/2020\/05\/IMG_2898-768x512.jpg 768w, https:\/\/www.yeryuzundebirkacadim.com\/wp-content\/uploads\/2020\/05\/IMG_2898-2048x1365.jpg 2048w, https:\/\/www.yeryuzundebirkacadim.com\/wp-content\/uploads\/2020\/05\/IMG_2898-816x544.jpg 816w\" sizes=\"auto, (max-width: 1024px) 100vw, 1024px\" \/><\/p>\n<p><strong>Krallar Galerisi;<\/strong> \u0130ki kuleyi birbirine ba\u011flayan, Yahuda ve \u0130srail&#8217;in 28 kral\u0131n\u0131n heykellerinin s\u0131raland\u0131\u011f\u0131 koridordur. Bu k\u0131s\u0131m Frans\u0131z devrimi sonras\u0131nda hasar g\u00f6rm\u00fc\u015f ve Viollet le Duc taraf\u0131ndan yeniden tasarlanm\u0131\u015ft\u0131r. Devrimciler heykellerin Frans\u0131z krallar\u0131na ait oldu\u011funu sanm\u0131\u015f ve kafalar\u0131n\u0131 koparm\u0131\u015flard\u0131r. Bu kafalar 1977 y\u0131l\u0131nda Paris&#8217;te bulunmu\u015ftur ve g\u00fcn\u00fcm\u00fczde Paris Cluny Orta \u00c7a\u011f M\u00fczesi&#8217;nde sergilenmektedir.<\/p>\n<p><strong>Alttaki \u00fc\u00e7 b\u00fcy\u00fck kap\u0131;<\/strong><\/p>\n<p>Meryem Ana Kap\u0131s\u0131; Bakire Meryem&#8217;in \u00f6l\u00fcm\u00fc ile cennette g\u00f6rkemli bir \u015fekilde kar\u015f\u0131lanmas\u0131 ve ta\u00e7land\u0131r\u0131lmas\u0131 tasvir edilmi\u015ftir.<\/p>\n<p>K\u0131yamet G\u00fcn\u00fc (Son Yarg\u0131lama) Kap\u0131s\u0131; Yeniden tahta \u00e7\u0131kan \u0130sa&#8217;n\u0131n on bakire de dahil olmak \u00fczere ya\u015fayanlar\u0131 ve \u00f6l\u00fcleri yarg\u0131lamas\u0131<\/p>\n<p>Azize Anne Kap\u0131s\u0131; Meryem Ana&#8217;n\u0131n annesi Azize Anne&#8217;e ait hikayeler ile s\u00fcslenmi\u015ftir.<\/p>\n<p><img loading=\"lazy\" decoding=\"async\" class=\"alignnone size-medium wp-image-3909\" src=\"https:\/\/www.yeryuzundebirkacadim.com\/wp-content\/uploads\/2020\/05\/IMG_2900-1024x683.jpg\" alt=\"\" width=\"1024\" height=\"683\" srcset=\"https:\/\/www.yeryuzundebirkacadim.com\/wp-content\/uploads\/2020\/05\/IMG_2900-1024x683.jpg 1024w, https:\/\/www.yeryuzundebirkacadim.com\/wp-content\/uploads\/2020\/05\/IMG_2900-768x512.jpg 768w, https:\/\/www.yeryuzundebirkacadim.com\/wp-content\/uploads\/2020\/05\/IMG_2900-2048x1365.jpg 2048w, https:\/\/www.yeryuzundebirkacadim.com\/wp-content\/uploads\/2020\/05\/IMG_2900-816x544.jpg 816w\" sizes=\"auto, (max-width: 1024px) 100vw, 1024px\" \/><\/p>\n<p><strong>K\u0131yamet G\u00fcn\u00fc Kap\u0131s\u0131<\/strong>&#8216;nda; Ba\u015f melek Mikail \u00f6l\u00fclerin ruhlar\u0131n\u0131 tartar. Karar\u0131 etkilemek i\u00e7in k\u00fc\u00e7\u00fck iblisin hile yapt\u0131\u011f\u0131 g\u00f6r\u00fcl\u00fcyor \ud83d\ude42<\/p>\n<p><img loading=\"lazy\" decoding=\"async\" class=\"alignnone size-medium wp-image-3910\" src=\"https:\/\/www.yeryuzundebirkacadim.com\/wp-content\/uploads\/2020\/05\/IMG_2904-1024x683.jpg\" alt=\"\" width=\"1024\" height=\"683\" srcset=\"https:\/\/www.yeryuzundebirkacadim.com\/wp-content\/uploads\/2020\/05\/IMG_2904-1024x683.jpg 1024w, https:\/\/www.yeryuzundebirkacadim.com\/wp-content\/uploads\/2020\/05\/IMG_2904-768x512.jpg 768w, https:\/\/www.yeryuzundebirkacadim.com\/wp-content\/uploads\/2020\/05\/IMG_2904-2048x1365.jpg 2048w, https:\/\/www.yeryuzundebirkacadim.com\/wp-content\/uploads\/2020\/05\/IMG_2904-816x544.jpg 816w\" sizes=\"auto, (max-width: 1024px) 100vw, 1024px\" \/><\/p>\n<p>A\u015fa\u011f\u0131da, \u00f6l\u00fcler mezarlar\u0131ndan sorgu i\u00e7in \u00e7\u0131karlar.<\/p>\n<p><img loading=\"lazy\" decoding=\"async\" class=\"alignnone size-medium wp-image-3923\" src=\"https:\/\/www.yeryuzundebirkacadim.com\/wp-content\/uploads\/2020\/05\/IMG_2903-1024x683.jpg\" alt=\"\" width=\"1024\" height=\"683\" srcset=\"https:\/\/www.yeryuzundebirkacadim.com\/wp-content\/uploads\/2020\/05\/IMG_2903-1024x683.jpg 1024w, https:\/\/www.yeryuzundebirkacadim.com\/wp-content\/uploads\/2020\/05\/IMG_2903-768x512.jpg 768w, https:\/\/www.yeryuzundebirkacadim.com\/wp-content\/uploads\/2020\/05\/IMG_2903-2048x1365.jpg 2048w, https:\/\/www.yeryuzundebirkacadim.com\/wp-content\/uploads\/2020\/05\/IMG_2903-816x544.jpg 816w\" sizes=\"auto, (max-width: 1024px) 100vw, 1024px\" \/><\/p>\n<p>Kap\u0131lar\u0131n aras\u0131ndaki s\u00fctunlar \u00fczerinde g\u00f6r\u00fclen Bakire ve \u00e7ocuk oymalar\u0131 daha yeni replikalard\u0131r.<\/p>\n<p><strong>U\u00e7an Payandalar<\/strong><\/p>\n<p>Notre Dame, ana yap\u0131dan ayr\u0131 <strong>payandalar\u0131n<\/strong> kullan\u0131ld\u0131\u011f\u0131 ilk binalardan biridir. Binan\u0131n ilk tasar\u0131m\u0131nda bu payandalar yoktur. Ancak yap\u0131m ba\u015flad\u0131ktan sonra Gotik mimaride kullan\u0131lan ince duvarlar daha da y\u00fckseldik\u00e7e d\u0131\u015fa do\u011fru olu\u015fan gerilimlerden dolay\u0131 \u00e7atlamalar ba\u015flam\u0131\u015f. Daha fazla bozulmay\u0131 engellemek i\u00e7in do\u011fu taraf\u0131na bu destekler d\u00fc\u015f\u00fcn\u00fclm\u00fc\u015f. Uzun y\u0131llar boyunca ele\u015ftirilmi\u015fler ve &#8220;birilerinin s\u00f6kmeyi unuttu\u011fu yap\u0131 iskeleleri&#8221; gibi durduklar\u0131 s\u00f6ylenerek, katedrale &#8220;bitirilmemi\u015f&#8221; bir hava verdikleri iddia edilmi\u015f. Bu m\u00fckemmeliyet\u00e7i Frans\u0131zlar da hi\u00e7bir \u015feyi be\u011fenmiyor :). Uzaktan bak\u0131ld\u0131\u011f\u0131nda bo\u015flukta duruyormu\u015f gibi g\u00f6r\u00fcnd\u00fc\u011f\u00fc i\u00e7in \u201cU\u00e7an Payandalar\u201d ad\u0131yla an\u0131l\u0131yor.<sup id=\"cite_ref-ReferenceA_100-1\" class=\"reference\"><\/sup><\/p>\n<p><strong>Gargoyleler<\/strong><\/p>\n<div lang=\"tr-TR\" data-md=\"30\" data-hveid=\"CAkQAA\" data-ved=\"2ahUKEwim1p2JjMbpAhUz4aYKHcXfDWEQ6-0CMA16BAgJEAA\">\n<p>Gargoyle, Frans\u0131zca &#8220;gargouille&#8221;den gelen bir t\u00fcr Gotik mimari unsurdur. Oluklarda biriken suyu tahliye etmek amac\u0131yla kullan\u0131l\u0131rlar. Yani oluklar\u0131 bile sanatsal bir g\u00f6r\u00fcn\u00fcmde yapm\u0131\u015flar.<\/p>\n<\/div>\n<p><img loading=\"lazy\" decoding=\"async\" class=\"alignnone size-medium wp-image-3915\" src=\"https:\/\/www.yeryuzundebirkacadim.com\/wp-content\/uploads\/2020\/05\/IMG_2945-2-1024x683.jpg\" alt=\"\" width=\"1024\" height=\"683\" srcset=\"https:\/\/www.yeryuzundebirkacadim.com\/wp-content\/uploads\/2020\/05\/IMG_2945-2-1024x683.jpg 1024w, https:\/\/www.yeryuzundebirkacadim.com\/wp-content\/uploads\/2020\/05\/IMG_2945-2-768x512.jpg 768w, https:\/\/www.yeryuzundebirkacadim.com\/wp-content\/uploads\/2020\/05\/IMG_2945-2-2048x1365.jpg 2048w, https:\/\/www.yeryuzundebirkacadim.com\/wp-content\/uploads\/2020\/05\/IMG_2945-2-816x544.jpg 816w\" sizes=\"auto, (max-width: 1024px) 100vw, 1024px\" \/><\/p>\n<p><strong>Kule K\u00fclah\u0131<\/strong><\/p>\n<p>96 metrelik kule k\u00fclah\u0131 Viollet le Duc taraf\u0131ndan eklenmi\u015ftir. \u00c7at\u0131daki Havari heykellerinin (ye\u015fil renkli) yan\u0131nda yer alan kule k\u00fclah\u0131 mimara \u00f6vg\u00fcy\u00fc artt\u0131rm\u0131\u015ft\u0131r.<\/p>\n<p><img loading=\"lazy\" decoding=\"async\" class=\"alignnone size-medium wp-image-3927\" src=\"https:\/\/www.yeryuzundebirkacadim.com\/wp-content\/uploads\/2020\/05\/IMG_2956-1-1024x683.jpg\" alt=\"\" width=\"1024\" height=\"683\" srcset=\"https:\/\/www.yeryuzundebirkacadim.com\/wp-content\/uploads\/2020\/05\/IMG_2956-1-1024x683.jpg 1024w, https:\/\/www.yeryuzundebirkacadim.com\/wp-content\/uploads\/2020\/05\/IMG_2956-1-768x512.jpg 768w, https:\/\/www.yeryuzundebirkacadim.com\/wp-content\/uploads\/2020\/05\/IMG_2956-1-2048x1365.jpg 2048w, https:\/\/www.yeryuzundebirkacadim.com\/wp-content\/uploads\/2020\/05\/IMG_2956-1-816x544.jpg 816w\" sizes=\"auto, (max-width: 1024px) 100vw, 1024px\" \/><\/p>\n<\/div>\n<div lang=\"tr-TR\" data-md=\"30\" data-hveid=\"CAkQAA\" data-ved=\"2ahUKEwim1p2JjMbpAhUz4aYKHcXfDWEQ6-0CMA16BAgJEAA\">\n<h4 id=\"h1title\"><img loading=\"lazy\" decoding=\"async\" class=\"alignnone size-medium wp-image-3911\" src=\"https:\/\/www.yeryuzundebirkacadim.com\/wp-content\/uploads\/2020\/05\/IMG_2908-1-1024x683.jpg\" alt=\"\" width=\"1024\" height=\"683\" srcset=\"https:\/\/www.yeryuzundebirkacadim.com\/wp-content\/uploads\/2020\/05\/IMG_2908-1-1024x683.jpg 1024w, https:\/\/www.yeryuzundebirkacadim.com\/wp-content\/uploads\/2020\/05\/IMG_2908-1-768x512.jpg 768w, https:\/\/www.yeryuzundebirkacadim.com\/wp-content\/uploads\/2020\/05\/IMG_2908-1-2048x1365.jpg 2048w, https:\/\/www.yeryuzundebirkacadim.com\/wp-content\/uploads\/2020\/05\/IMG_2908-1-816x544.jpg 816w\" sizes=\"auto, (max-width: 1024px) 100vw, 1024px\" \/><\/h4>\n<p>Bat\u0131 cephesinden i\u00e7eri girerken soldaki merdivenlerden kuleye \u00e7\u0131k\u0131labiliyor.<\/p>\n<p>Giri\u015ften do\u011fuya do\u011fru ilerledi\u011fimizde 130 metre uzunlu\u011funda, 35 metre y\u00fcksekli\u011finde bir ana nef ve her iki tarafta yan nefler bulunur. Otuzun \u00fczerinde \u015fapel, yetmi\u015fin \u00fczerinde dev s\u00fctunu bulunan katedralde 7-9 bin ki\u015fi ibadet edebiliyor.<\/p>\n<p><img loading=\"lazy\" decoding=\"async\" class=\"alignnone size-medium wp-image-3912\" src=\"https:\/\/www.yeryuzundebirkacadim.com\/wp-content\/uploads\/2020\/05\/IMG_2926-1-1024x683.jpg\" alt=\"\" width=\"1024\" height=\"683\" srcset=\"https:\/\/www.yeryuzundebirkacadim.com\/wp-content\/uploads\/2020\/05\/IMG_2926-1-1024x683.jpg 1024w, https:\/\/www.yeryuzundebirkacadim.com\/wp-content\/uploads\/2020\/05\/IMG_2926-1-768x512.jpg 768w, https:\/\/www.yeryuzundebirkacadim.com\/wp-content\/uploads\/2020\/05\/IMG_2926-1-2048x1366.jpg 2048w, https:\/\/www.yeryuzundebirkacadim.com\/wp-content\/uploads\/2020\/05\/IMG_2926-1-816x544.jpg 816w\" sizes=\"auto, (max-width: 1024px) 100vw, 1024px\" \/><\/p>\n<p><strong>G\u00fcl pencereler<\/strong><\/p>\n<p>Kilisede kuzey, g\u00fcney ve bat\u0131 cephesini s\u00fcsleyen 3 g\u00fcl penceresi bulunuyor. Bunlara g\u00fcl pencereleri deniyor \u00e7\u00fcnk\u00fc vitray cam b\u00f6lmeler bir g\u00fcl gibi dairesel bir desende d\u0131\u015far\u0131 do\u011fru yay\u0131l\u0131yor.<\/p>\n<p>Nefin k\u0131sa koridor ile kesi\u015fti\u011fi orta alanda bu 3 g\u00fcl penceresini g\u00f6rmek m\u00fcmk\u00fcn.<\/p>\n<p>Bunlardan sadece <strong>Kuzey G\u00fcl Penceresi&#8217;<\/strong>nin vitraylar\u0131 13. y\u00fczy\u0131lda yap\u0131ld\u0131\u011f\u0131 gibi korunabilmi\u015ftir. Eski Ahit&#8217;ten ki\u015filerle sar\u0131lm\u0131\u015f Bakire Meryem tasvir edilmi\u015ftir. Altta 18 dikey pencere i\u00e7erir.<\/p>\n<p><img loading=\"lazy\" decoding=\"async\" class=\"alignnone size-medium wp-image-3913\" src=\"https:\/\/www.yeryuzundebirkacadim.com\/wp-content\/uploads\/2020\/05\/IMG_2928-1024x683.jpg\" alt=\"\" width=\"1024\" height=\"683\" srcset=\"https:\/\/www.yeryuzundebirkacadim.com\/wp-content\/uploads\/2020\/05\/IMG_2928-1024x683.jpg 1024w, https:\/\/www.yeryuzundebirkacadim.com\/wp-content\/uploads\/2020\/05\/IMG_2928-768x512.jpg 768w, https:\/\/www.yeryuzundebirkacadim.com\/wp-content\/uploads\/2020\/05\/IMG_2928-2048x1365.jpg 2048w, https:\/\/www.yeryuzundebirkacadim.com\/wp-content\/uploads\/2020\/05\/IMG_2928-816x544.jpg 816w\" sizes=\"auto, (max-width: 1024px) 100vw, 1024px\" \/><\/p>\n<p><strong>G\u00fcney G\u00fcl Penceresi<\/strong>&#8216;nde Havariler&#8217;le \u00e7evrilmi\u015f \u0130sa bulunur.<\/p>\n<p>Notre-Dame kilise orgu (organ), baz\u0131lar\u0131 18. y\u00fczy\u0131ldan kalma, be\u015f klavye ile \u00e7al\u0131nan yakla\u015f\u0131k 8000 boruya sahiptir.<\/p>\n<\/div>\n<p><strong>Bakire ve \u00c7ocuk Heykeli<\/strong><\/p>\n<p>Koro mahallinin giri\u015finde bulunan 14. y\u00fczy\u0131ldan kalma \u201cBakire ve \u00c7ocuk Heykeli&#8221;nin bir di\u011fer ad\u0131 da \u201c<strong>Notre Dame de Paris&#8221;. <\/strong>Yani bu heykel kiliseye ismini veren eser.<\/p>\n<div lang=\"tr-TR\" data-md=\"30\" data-hveid=\"CAkQAA\" data-ved=\"2ahUKEwim1p2JjMbpAhUz4aYKHcXfDWEQ6-0CMA16BAgJEAA\"><strong>Pieta Heykeli<\/strong><\/div>\n<div lang=\"tr-TR\" data-md=\"30\" data-hveid=\"CAkQAA\" data-ved=\"2ahUKEwim1p2JjMbpAhUz4aYKHcXfDWEQ6-0CMA16BAgJEAA\">\n<p>Ana altar\u0131n arkas\u0131nda Nicolas Coustou\u2019nun zarif Pieta heykeli (Ha\u00e7&#8217;tan \u0130ni\u015f olarak da adland\u0131r\u0131l\u0131yor) bulunuyor. Meryem Ana&#8217;n\u0131n kollar\u0131nda ha\u00e7tan indirilmi\u015f \u0130sa yer al\u0131yor.<\/p>\n<p><strong>May\u0131s Resimleri<\/strong><\/p>\n<p>Yan \u015fapellerin duvarlar\u0131n\u0131 s\u00fcsleyen resimler Charles Le Brun\u2019a ait. Bunlara \u201cMay\u0131s resimleri&#8221; denmesinin sebebi ise Paris\u2019in esnaflar\u0131n\u0131n her y\u0131l 1 May\u0131s\u2019da katedrale bu tablolar\u0131 hediye etmesinden kaynaklan\u0131yor.<\/p>\n<\/div>\n<p><strong><img loading=\"lazy\" decoding=\"async\" class=\"alignnone size-medium wp-image-3929\" src=\"https:\/\/www.yeryuzundebirkacadim.com\/wp-content\/uploads\/2020\/05\/IMG_2917-1024x683.jpg\" alt=\"\" width=\"1024\" height=\"683\" srcset=\"https:\/\/www.yeryuzundebirkacadim.com\/wp-content\/uploads\/2020\/05\/IMG_2917-1024x683.jpg 1024w, https:\/\/www.yeryuzundebirkacadim.com\/wp-content\/uploads\/2020\/05\/IMG_2917-768x512.jpg 768w, https:\/\/www.yeryuzundebirkacadim.com\/wp-content\/uploads\/2020\/05\/IMG_2917-2048x1366.jpg 2048w, https:\/\/www.yeryuzundebirkacadim.com\/wp-content\/uploads\/2020\/05\/IMG_2917-816x544.jpg 816w\" sizes=\"auto, (max-width: 1024px) 100vw, 1024px\" \/><\/strong><\/p>\n<p>Notre Dame&#8217;\u0131n bir de gece foto\u011fraf\u0131n\u0131 koyal\u0131m.<\/p>\n<p><img loading=\"lazy\" decoding=\"async\" class=\"alignnone size-medium wp-image-3946\" src=\"https:\/\/www.yeryuzundebirkacadim.com\/wp-content\/uploads\/2020\/05\/IMG_3340-1024x683.jpg\" alt=\"\" width=\"1024\" height=\"683\" srcset=\"https:\/\/www.yeryuzundebirkacadim.com\/wp-content\/uploads\/2020\/05\/IMG_3340-1024x683.jpg 1024w, https:\/\/www.yeryuzundebirkacadim.com\/wp-content\/uploads\/2020\/05\/IMG_3340-768x512.jpg 768w, https:\/\/www.yeryuzundebirkacadim.com\/wp-content\/uploads\/2020\/05\/IMG_3340-2048x1365.jpg 2048w, https:\/\/www.yeryuzundebirkacadim.com\/wp-content\/uploads\/2020\/05\/IMG_3340-816x544.jpg 816w\" sizes=\"auto, (max-width: 1024px) 100vw, 1024px\" \/><\/p>\n<div lang=\"tr-TR\" data-md=\"30\" data-hveid=\"CAkQAA\" data-ved=\"2ahUKEwim1p2JjMbpAhUz4aYKHcXfDWEQ6-0CMA16BAgJEAA\">\n<p>\u00c7ok \u00fcz\u00fcc\u00fcd\u00fcr ki Notre Dame Katedrali&#8217;nde 15.04.2019 tarihinde bir yang\u0131n \u00e7\u0131kt\u0131. \u0130\u00e7imizin ac\u0131mamas\u0131 m\u00fcmk\u00fcn de\u011fil. Yang\u0131n\u0131n sebebinin katedralde y\u00fcr\u00fct\u00fclen restorasyon \u00e7al\u0131\u015fmalar\u0131 oldu\u011fu s\u00f6yleniyor. Bir tarih, bir eser kolay yarat\u0131lm\u0131yor. Ka\u00e7 yeti\u015fmi\u015f (deha niteli\u011finde) insan\u0131n ka\u00e7 senelik emekleri var. Umar\u0131m Notre Dame bunu en az hasarla atlat\u0131r.<\/p>\n<\/div>\n<div lang=\"tr-TR\" data-md=\"30\" data-hveid=\"CAkQAA\" data-ved=\"2ahUKEwim1p2JjMbpAhUz4aYKHcXfDWEQ6-0CMA16BAgJEAA\"><strong>Montmartre\u00a0<\/strong><\/div>\n<div lang=\"tr-TR\" data-md=\"30\" data-hveid=\"CAkQAA\" data-ved=\"2ahUKEwim1p2JjMbpAhUz4aYKHcXfDWEQ6-0CMA16BAgJEAA\">Funik\u00fcler ile Montmartre&#8217;ye gidiyoruz.<\/div>\n<div lang=\"tr-TR\" data-md=\"30\" data-hveid=\"CAkQAA\" data-ved=\"2ahUKEwim1p2JjMbpAhUz4aYKHcXfDWEQ6-0CMA16BAgJEAA\"><\/div>\n<div lang=\"tr-TR\" data-md=\"30\" data-hveid=\"CAkQAA\" data-ved=\"2ahUKEwim1p2JjMbpAhUz4aYKHcXfDWEQ6-0CMA16BAgJEAA\"><img loading=\"lazy\" decoding=\"async\" class=\"alignnone size-medium wp-image-3931\" src=\"https:\/\/www.yeryuzundebirkacadim.com\/wp-content\/uploads\/2020\/05\/P1050439-2-1024x768.jpg\" alt=\"\" width=\"1024\" height=\"768\" srcset=\"https:\/\/www.yeryuzundebirkacadim.com\/wp-content\/uploads\/2020\/05\/P1050439-2-1024x768.jpg 1024w, https:\/\/www.yeryuzundebirkacadim.com\/wp-content\/uploads\/2020\/05\/P1050439-2-768x576.jpg 768w, https:\/\/www.yeryuzundebirkacadim.com\/wp-content\/uploads\/2020\/05\/P1050439-2-2048x1536.jpg 2048w, https:\/\/www.yeryuzundebirkacadim.com\/wp-content\/uploads\/2020\/05\/P1050439-2-816x612.jpg 816w\" sizes=\"auto, (max-width: 1024px) 100vw, 1024px\" \/><\/div>\n<div lang=\"tr-TR\" data-md=\"30\" data-hveid=\"CAkQAA\" data-ved=\"2ahUKEwim1p2JjMbpAhUz4aYKHcXfDWEQ6-0CMA16BAgJEAA\">\u015eehrin en y\u00fcksek yeri olmas\u0131 nedeniyle halk aras\u0131nda &#8220;butte&#8221; (tepe) de denir.<\/div>\n<div lang=\"tr-TR\" data-md=\"30\" data-hveid=\"CAkQAA\" data-ved=\"2ahUKEwim1p2JjMbpAhUz4aYKHcXfDWEQ6-0CMA16BAgJEAA\">Van Gogh,\u00a0 Picasso, Manet gibi bir\u00e7ok ressam ve \u015fairin bu b\u00f6lgelere gelmesi nedeniyle 19-20 y\u00fczy\u0131lda mahalle Bohem ya\u015fam tarz\u0131 ile b\u00fct\u00fcnle\u015fmi\u015ftir.\u00a0 Ressamlar Tepesi&#8217;nde (Tertre meydan\u0131) turistlerin resimlerini yapan bir\u00e7ok sokak ressam\u0131 bulunur.<\/div>\n<div lang=\"tr-TR\" data-md=\"30\" data-hveid=\"CAkQAA\" data-ved=\"2ahUKEwim1p2JjMbpAhUz4aYKHcXfDWEQ6-0CMA16BAgJEAA\">Sacre Coeur \u00f6n\u00fcnden m\u00fcthi\u015f bir \u015fehir manzaras\u0131 vard\u0131r.<\/div>\n<div lang=\"tr-TR\" data-md=\"30\" data-hveid=\"CAkQAA\" data-ved=\"2ahUKEwim1p2JjMbpAhUz4aYKHcXfDWEQ6-0CMA16BAgJEAA\"><\/div>\n<div lang=\"tr-TR\" data-md=\"30\" data-hveid=\"CAkQAA\" data-ved=\"2ahUKEwim1p2JjMbpAhUz4aYKHcXfDWEQ6-0CMA16BAgJEAA\"><strong>Sacre Couer<\/strong><\/div>\n<div lang=\"tr-TR\" data-md=\"30\" data-hveid=\"CAkQAA\" data-ved=\"2ahUKEwim1p2JjMbpAhUz4aYKHcXfDWEQ6-0CMA16BAgJEAA\">\u015eehrin en y\u00fcksek tepesinde yerle\u015fti\u011fi i\u00e7in \u015fehirde bir\u00e7ok noktadan g\u00f6r\u00fclen bembeyaz \u015firin, zarif bir kilise.<\/div>\n<div lang=\"tr-TR\" data-md=\"30\" data-hveid=\"CAkQAA\" data-ved=\"2ahUKEwim1p2JjMbpAhUz4aYKHcXfDWEQ6-0CMA16BAgJEAA\"><\/div>\n<div lang=\"tr-TR\" data-md=\"30\" data-hveid=\"CAkQAA\" data-ved=\"2ahUKEwim1p2JjMbpAhUz4aYKHcXfDWEQ6-0CMA16BAgJEAA\"><img loading=\"lazy\" decoding=\"async\" class=\"alignnone size-medium wp-image-3932\" src=\"https:\/\/www.yeryuzundebirkacadim.com\/wp-content\/uploads\/2020\/05\/IMG_3021-1-1024x683.jpg\" alt=\"\" width=\"1024\" height=\"683\" srcset=\"https:\/\/www.yeryuzundebirkacadim.com\/wp-content\/uploads\/2020\/05\/IMG_3021-1-1024x683.jpg 1024w, https:\/\/www.yeryuzundebirkacadim.com\/wp-content\/uploads\/2020\/05\/IMG_3021-1-768x512.jpg 768w, https:\/\/www.yeryuzundebirkacadim.com\/wp-content\/uploads\/2020\/05\/IMG_3021-1-2048x1365.jpg 2048w, https:\/\/www.yeryuzundebirkacadim.com\/wp-content\/uploads\/2020\/05\/IMG_3021-1-816x544.jpg 816w\" sizes=\"auto, (max-width: 1024px) 100vw, 1024px\" \/><\/div>\n<div lang=\"tr-TR\" data-md=\"30\" data-hveid=\"CAkQAA\" data-ved=\"2ahUKEwim1p2JjMbpAhUz4aYKHcXfDWEQ6-0CMA16BAgJEAA\">\n<p>Fransa-Prusya Sava\u015f\u0131 (1870-1871) s\u0131ras\u0131nda \u00f6len 58 bin Frans\u0131z askerinin an\u0131s\u0131na in\u015fa edilen kilisenin yap\u0131m\u0131 1923 y\u0131l\u0131nda tamamlanm\u0131\u015f. Roma-Bizans tarz\u0131 bir mimariye sahip.<\/p>\n<\/div>\n<p>\u00d6n cephe son derece uyumlu kubbe ve kuleleri ile Mimar Paul Abadie taraf\u0131ndan tasarlanm\u0131\u015f.<\/p>\n<p>Kubbe, Eyfel Kulesi&#8217;nden sonra \u015fehrin ikinci en y\u00fcksek g\u00f6zlem yeridir.<\/p>\n<p>Ana giri\u015fin \u00fczerindeki ni\u015f i\u00e7inde inananlar\u0131 takdis eden \u0130sa Heykeli kilisenin sembollerinden biridir.<\/p>\n<p>Yine ana giri\u015fin \u00fcst\u00fcnde iki tarafta iki Frans\u0131z Azizi&#8217;nin at \u00fczerinde bronz heykelleri bulunuyor. Jeanne d&#8217;Arc ve Aziz Louis.<\/p>\n<p>Bronz giri\u015f kap\u0131lar\u0131, Son Ak\u015fam Yeme\u011fi ve \u0130sa&#8217;n\u0131n hayat\u0131ndan sahneleri tasvir eden kabartmalarla s\u00fcslenmi\u015ftir.<\/p>\n<p><img loading=\"lazy\" decoding=\"async\" class=\"alignnone size-medium wp-image-3935\" src=\"https:\/\/www.yeryuzundebirkacadim.com\/wp-content\/uploads\/2020\/05\/IMG_2970-1-1024x683.jpg\" alt=\"\" width=\"1024\" height=\"683\" srcset=\"https:\/\/www.yeryuzundebirkacadim.com\/wp-content\/uploads\/2020\/05\/IMG_2970-1-1024x683.jpg 1024w, https:\/\/www.yeryuzundebirkacadim.com\/wp-content\/uploads\/2020\/05\/IMG_2970-1-768x512.jpg 768w, https:\/\/www.yeryuzundebirkacadim.com\/wp-content\/uploads\/2020\/05\/IMG_2970-1-2048x1365.jpg 2048w, https:\/\/www.yeryuzundebirkacadim.com\/wp-content\/uploads\/2020\/05\/IMG_2970-1-816x544.jpg 816w\" sizes=\"auto, (max-width: 1024px) 100vw, 1024px\" \/><\/p>\n<p>1922 y\u0131l\u0131nda Olivier Merson taraf\u0131ndan yap\u0131lan 475 metrekarelik \u0130sa Mozai\u011fi (Apsis Mozai\u011fi) d\u00fcnyan\u0131n en b\u00fcy\u00fck mozaiklerinden biridir. Kollar\u0131 yanlara a\u00e7\u0131lm\u0131\u015f, alt\u0131n bir kalbi ortaya \u00e7\u0131karan y\u00fckselmi\u015f Mesih&#8217;i temsil eder.<\/p>\n<div lang=\"tr-TR\" data-md=\"30\" data-hveid=\"CAkQAA\" data-ved=\"2ahUKEwim1p2JjMbpAhUz4aYKHcXfDWEQ6-0CMA16BAgJEAA\">\n<p><img loading=\"lazy\" decoding=\"async\" class=\"alignnone size-medium wp-image-3936\" src=\"https:\/\/www.yeryuzundebirkacadim.com\/wp-content\/uploads\/2020\/05\/IMG_2979-1-1-1024x683.jpg\" alt=\"\" width=\"1024\" height=\"683\" srcset=\"https:\/\/www.yeryuzundebirkacadim.com\/wp-content\/uploads\/2020\/05\/IMG_2979-1-1-1024x683.jpg 1024w, https:\/\/www.yeryuzundebirkacadim.com\/wp-content\/uploads\/2020\/05\/IMG_2979-1-1-768x512.jpg 768w, https:\/\/www.yeryuzundebirkacadim.com\/wp-content\/uploads\/2020\/05\/IMG_2979-1-1-2048x1366.jpg 2048w, https:\/\/www.yeryuzundebirkacadim.com\/wp-content\/uploads\/2020\/05\/IMG_2979-1-1-816x544.jpg 816w\" sizes=\"auto, (max-width: 1024px) 100vw, 1024px\" \/><\/p>\n<p>Ressamlar Tepesi&#8217;nde geziyoruz.<\/p>\n<div lang=\"tr-TR\" data-md=\"30\" data-hveid=\"CAkQAA\" data-ved=\"2ahUKEwim1p2JjMbpAhUz4aYKHcXfDWEQ6-0CMA16BAgJEAA\"><strong>Espace Salvador Dali (Salvador Dali M\u00fczesi)<\/strong><\/div>\n<div lang=\"tr-TR\" data-md=\"30\" data-hveid=\"CAkQAA\" data-ved=\"2ahUKEwim1p2JjMbpAhUz4aYKHcXfDWEQ6-0CMA16BAgJEAA\">Salvador Dali\u2019nin \u00f6l\u00fcm\u00fcne kadar ya\u015fad\u0131\u011f\u0131 ev, \u00f6l\u00fcm\u00fcnden sonra s\u00fcrrealist sanat\u00e7\u0131ya adanm\u0131\u015f. M\u00fczede, Dali&#8217;ye ait bir\u00e7ok \u00e7izim, karikat\u00fcr, heykel, grav\u00fcr ve resim sergileniyor. Biz gidemedik.<\/div>\n<p><img loading=\"lazy\" decoding=\"async\" class=\"alignnone size-medium wp-image-3938\" src=\"https:\/\/www.yeryuzundebirkacadim.com\/wp-content\/uploads\/2020\/05\/IMG_3006-1024x683.jpg\" alt=\"\" width=\"1024\" height=\"683\" srcset=\"https:\/\/www.yeryuzundebirkacadim.com\/wp-content\/uploads\/2020\/05\/IMG_3006-1024x683.jpg 1024w, https:\/\/www.yeryuzundebirkacadim.com\/wp-content\/uploads\/2020\/05\/IMG_3006-768x512.jpg 768w, https:\/\/www.yeryuzundebirkacadim.com\/wp-content\/uploads\/2020\/05\/IMG_3006-2048x1365.jpg 2048w, https:\/\/www.yeryuzundebirkacadim.com\/wp-content\/uploads\/2020\/05\/IMG_3006-816x544.jpg 816w\" sizes=\"auto, (max-width: 1024px) 100vw, 1024px\" \/><\/p>\n<p>Montmartre&#8217;de hat\u0131rlanmas\u0131 gereken bir film varsa: <strong>Amelie. <\/strong><strong>Jean-Pierre Jeunet&#8217;in<\/strong> bu uluslararas\u0131 be\u011feni toplayan filmi, Arnavut kald\u0131r\u0131ml\u0131 sokaklar\u0131, k\u00fc\u00e7\u00fck marketleri ve kafeleri ile efsanevi b\u00f6lgenin cazibesini g\u00f6zler \u00f6n\u00fcne seriyor . Amelie&#8217;nin \u00e7al\u0131\u015ft\u0131\u011f\u0131 kafeye gidiyoruz biz de. Cafe des Deux Moulins. Kahve ve pasta molas\u0131.<\/p>\n<p><img loading=\"lazy\" decoding=\"async\" class=\"alignnone size-medium wp-image-3940\" src=\"https:\/\/www.yeryuzundebirkacadim.com\/wp-content\/uploads\/2020\/05\/IMG_3031-1-1024x683.jpg\" alt=\"\" width=\"1024\" height=\"683\" srcset=\"https:\/\/www.yeryuzundebirkacadim.com\/wp-content\/uploads\/2020\/05\/IMG_3031-1-1024x683.jpg 1024w, https:\/\/www.yeryuzundebirkacadim.com\/wp-content\/uploads\/2020\/05\/IMG_3031-1-768x512.jpg 768w, https:\/\/www.yeryuzundebirkacadim.com\/wp-content\/uploads\/2020\/05\/IMG_3031-1-2048x1365.jpg 2048w, https:\/\/www.yeryuzundebirkacadim.com\/wp-content\/uploads\/2020\/05\/IMG_3031-1-816x544.jpg 816w\" sizes=\"auto, (max-width: 1024px) 100vw, 1024px\" \/><\/p>\n<p><strong>Moulin Rouge (K\u0131rm\u0131z\u0131 De\u011firmen)<\/strong><\/p>\n<p>Neredeyse 130 y\u0131ll\u0131k bir ge\u00e7mi\u015fe sahip olan bu organizasyon daha sonras\u0131nda bir\u00e7ok \u00fclkede taklit edilmeye \u00e7al\u0131\u015f\u0131lm\u0131\u015f. Kan kan dans\u0131n\u0131n yap\u0131ld\u0131\u011f\u0131 ilk kabareymi\u015f.<\/p>\n<p><img loading=\"lazy\" decoding=\"async\" class=\"alignnone size-medium wp-image-3939\" src=\"https:\/\/www.yeryuzundebirkacadim.com\/wp-content\/uploads\/2020\/05\/IMG_3037-1-1024x683.jpg\" alt=\"\" width=\"1024\" height=\"683\" srcset=\"https:\/\/www.yeryuzundebirkacadim.com\/wp-content\/uploads\/2020\/05\/IMG_3037-1-1024x683.jpg 1024w, https:\/\/www.yeryuzundebirkacadim.com\/wp-content\/uploads\/2020\/05\/IMG_3037-1-768x512.jpg 768w, https:\/\/www.yeryuzundebirkacadim.com\/wp-content\/uploads\/2020\/05\/IMG_3037-1-2048x1365.jpg 2048w, https:\/\/www.yeryuzundebirkacadim.com\/wp-content\/uploads\/2020\/05\/IMG_3037-1-816x544.jpg 816w\" sizes=\"auto, (max-width: 1024px) 100vw, 1024px\" \/><\/p>\n<p><strong>3. G\u00fcn 26 A\u011fustos 2015 \u00c7ar\u015famba<\/strong><\/p>\n<p><strong>Atl\u0131 Zafer Tak\u0131 (Arc de Triomphe du Carrousel)<\/strong><\/p>\n<\/div>\n<div lang=\"tr-TR\" data-md=\"30\" data-hveid=\"CAkQAA\" data-ved=\"2ahUKEwim1p2JjMbpAhUz4aYKHcXfDWEQ6-0CMA16BAgJEAA\">\n<p><img loading=\"lazy\" decoding=\"async\" class=\"alignnone size-medium wp-image-3947\" src=\"https:\/\/www.yeryuzundebirkacadim.com\/wp-content\/uploads\/2020\/05\/IMG_3271-1024x683.jpg\" alt=\"\" width=\"1024\" height=\"683\" srcset=\"https:\/\/www.yeryuzundebirkacadim.com\/wp-content\/uploads\/2020\/05\/IMG_3271-1024x683.jpg 1024w, https:\/\/www.yeryuzundebirkacadim.com\/wp-content\/uploads\/2020\/05\/IMG_3271-768x512.jpg 768w, https:\/\/www.yeryuzundebirkacadim.com\/wp-content\/uploads\/2020\/05\/IMG_3271-2048x1365.jpg 2048w, https:\/\/www.yeryuzundebirkacadim.com\/wp-content\/uploads\/2020\/05\/IMG_3271-816x544.jpg 816w\" sizes=\"auto, (max-width: 1024px) 100vw, 1024px\" \/><\/p>\n<p>1806-1808 y\u0131llar\u0131 aras\u0131nda 1805 Napolyon zaferlerini kutlamak i\u00e7in in\u015fa edildi. Ba\u015flang\u0131\u00e7ta 1564&#8217;te yap\u0131lan Tuileries Saray\u0131&#8217;na an\u0131tsal bir giri\u015f olarak tasarland\u0131. Ancak saray sonraki y\u0131llarda (1871) yak\u0131larak y\u0131k\u0131ld\u0131. \u015eu anda bu alanda Tuileries Bah\u00e7eleri bulunuyor. Tak, bu bah\u00e7eler ve Louvre M\u00fczesi aras\u0131ndad\u0131r.<\/p>\n<p>\u00dc\u00e7 giri\u015fin bulundu\u011fu tak, k\u0131rm\u0131z\u0131 beyaz renkli 8 mermer s\u00fctun bar\u0131nd\u0131rmaktad\u0131r. Korint tarz\u0131 bu s\u00fctunlar\u0131n \u00fcst k\u0131s\u0131mlar\u0131nda Napolyon ordusunda g\u00f6rev yapan askerlerin heykelleri bulunur.<\/p>\n<p>Tak\u0131n \u00fcst\u00fcnde d\u00f6rt at taraf\u0131ndan \u00e7ekilen bir araba (quadriga) bulunuyor. At heykelleri Venedik&#8217;teki St. Mark Bazilikas\u0131&#8217;n\u0131n ana kap\u0131s\u0131nda bulunan &#8220;St. Mark Atlar\u0131&#8221;n\u0131n bir kopyas\u0131d\u0131r. Orijinal quadriga, 1798&#8217;de Paris&#8217;e Napolyon taraf\u0131ndan getirildi. Ancak g\u00fc\u00e7 kaybetti\u011finde Venedik&#8217;in kontrol\u00fcn\u00fc elinde tutan Avusturyal\u0131lar&#8217;a geri vermek zorunda kald\u0131.<\/p>\n<div lang=\"tr-TR\" data-md=\"30\" data-hveid=\"CAkQAA\" data-ved=\"2ahUKEwim1p2JjMbpAhUz4aYKHcXfDWEQ6-0CMA16BAgJEAA\"><strong>Louvre M\u00fczesi<\/strong><\/div>\n<div lang=\"tr-TR\" data-md=\"30\" data-hveid=\"CAkQAA\" data-ved=\"2ahUKEwim1p2JjMbpAhUz4aYKHcXfDWEQ6-0CMA16BAgJEAA\"><\/div>\n<div lang=\"tr-TR\" data-md=\"30\" data-hveid=\"CAkQAA\" data-ved=\"2ahUKEwim1p2JjMbpAhUz4aYKHcXfDWEQ6-0CMA16BAgJEAA\">\n<div lang=\"tr-TR\" data-md=\"30\" data-hveid=\"CAkQAA\" data-ved=\"2ahUKEwim1p2JjMbpAhUz4aYKHcXfDWEQ6-0CMA16BAgJEAA\">Paris\u2019in en b\u00fcy\u00fck saraylar\u0131ndan biridir. Yap\u0131n\u0131n tarihi Orta\u00e7a\u011f\u2019a kadar uzan\u0131r. 1190 y\u0131l\u0131nda Philippe Auguste taraf\u0131ndan Paris\u2019i Viking ak\u0131nlar\u0131na kar\u015f\u0131 korumak amac\u0131yla kale olarak yap\u0131lm\u0131\u015f. Zindan ve bur\u00e7lar\u0131 da I. Fran\u00e7ois zaman\u0131nda yerini R\u00f6nesans bir yap\u0131ya b\u0131rakm\u0131\u015ft\u0131r. O y\u0131llardan g\u00fcn\u00fcm\u00fcze kadar Louvre, krallar ve imparatorlar taraf\u0131ndan s\u00fcrekli geni\u015fletilmi\u015f. Frans\u0131z \u0130htilali&#8217;nden sonra Devrimciler 1793 y\u0131l\u0131nda sanat koleksiyonunu halka a\u00e7m\u0131\u015ft\u0131r. Daha sonra Napolyon taraf\u0131ndan m\u00fczeye d\u00f6n\u00fc\u015ft\u00fcr\u00fclen yap\u0131ya 1989 y\u0131l\u0131nda \u00fcnl\u00fc cam piramid eklenmi\u015ftir.<\/div>\n<div lang=\"tr-TR\" data-md=\"30\" data-hveid=\"CAkQAA\" data-ved=\"2ahUKEwim1p2JjMbpAhUz4aYKHcXfDWEQ6-0CMA16BAgJEAA\">D\u00fcnyan\u0131n en \u00f6nemli sanat kolleksiyonlar\u0131ndan birine sahip olan m\u00fcze d\u00fcnyan\u0131n en \u00e7ok ziyaret edilen m\u00fczesidir. 35 bini a\u015fk\u0131n sanat eseri sergilenmektedir.<\/div>\n<div lang=\"tr-TR\" data-md=\"30\" data-hveid=\"CAkQAA\" data-ved=\"2ahUKEwim1p2JjMbpAhUz4aYKHcXfDWEQ6-0CMA16BAgJEAA\"><\/div>\n<div lang=\"tr-TR\" data-md=\"30\" data-hveid=\"CAkQAA\" data-ved=\"2ahUKEwim1p2JjMbpAhUz4aYKHcXfDWEQ6-0CMA16BAgJEAA\">Ana giri\u015fi ortadaki me\u015fhur cam piramitten olan m\u00fczenin \u201cEski M\u0131s\u0131r Medeniyeti\u201d, \u201cKadim Yunan, Etr\u00fcsk ve Roma\u201d, \u201cEski Yak\u0131n Do\u011fu Sanat Eserleri\u201d, \u201c\u0130slam Sanat\u0131\u201d, \u201cDekoratif Sanatlar\u201d, \u201cHeykeller\u201d, \u201cTablolar\u201d ve \u201cBask\u0131lar ve \u00c7izimler\u201d gibi b\u00f6l\u00fcmleri var.<\/div>\n<div lang=\"tr-TR\" data-md=\"30\" data-hveid=\"CAkQAA\" data-ved=\"2ahUKEwim1p2JjMbpAhUz4aYKHcXfDWEQ6-0CMA16BAgJEAA\">Bu eserlerin tamam\u0131n\u0131 bar\u0131nd\u0131ran 3 kanat ise: Richelieu Kanad\u0131, Sully Kanad\u0131 ve Denon Kanad\u0131.<\/div>\n<div lang=\"tr-TR\" data-md=\"30\" data-hveid=\"CAkQAA\" data-ved=\"2ahUKEwim1p2JjMbpAhUz4aYKHcXfDWEQ6-0CMA16BAgJEAA\">M\u00fczeyi gezerken da\u011f\u0131t\u0131lan bro\u015f\u00fcrlerde bu kanatlarda her kat, numaralanm\u0131\u015f alanlarla b\u00f6l\u00fcnm\u00fc\u015ft\u00fcr ve de\u011fi\u015fik renk kodlar\u0131yla g\u00f6sterilmektedir.<\/div>\n<\/div>\n<\/div>\n<div lang=\"tr-TR\" data-md=\"30\" data-hveid=\"CAkQAA\" data-ved=\"2ahUKEwim1p2JjMbpAhUz4aYKHcXfDWEQ6-0CMA16BAgJEAA\">\n<div lang=\"tr-TR\" data-md=\"30\" data-hveid=\"CAkQAA\" data-ved=\"2ahUKEwim1p2JjMbpAhUz4aYKHcXfDWEQ6-0CMA16BAgJEAA\">\n<div lang=\"tr-TR\" data-md=\"30\" data-hveid=\"CAkQAA\" data-ved=\"2ahUKEwim1p2JjMbpAhUz4aYKHcXfDWEQ6-0CMA16BAgJEAA\"><\/div>\n<\/div>\n<\/div>\n<div lang=\"tr-TR\" data-md=\"30\" data-hveid=\"CAkQAA\" data-ved=\"2ahUKEwim1p2JjMbpAhUz4aYKHcXfDWEQ6-0CMA16BAgJEAA\"><img loading=\"lazy\" decoding=\"async\" class=\"alignnone size-medium wp-image-3948\" src=\"https:\/\/www.yeryuzundebirkacadim.com\/wp-content\/uploads\/2020\/05\/IMG_3259-1-1024x683.jpg\" alt=\"\" width=\"1024\" height=\"683\" srcset=\"https:\/\/www.yeryuzundebirkacadim.com\/wp-content\/uploads\/2020\/05\/IMG_3259-1-1024x683.jpg 1024w, https:\/\/www.yeryuzundebirkacadim.com\/wp-content\/uploads\/2020\/05\/IMG_3259-1-768x512.jpg 768w, https:\/\/www.yeryuzundebirkacadim.com\/wp-content\/uploads\/2020\/05\/IMG_3259-1-2048x1365.jpg 2048w, https:\/\/www.yeryuzundebirkacadim.com\/wp-content\/uploads\/2020\/05\/IMG_3259-1-816x544.jpg 816w\" sizes=\"auto, (max-width: 1024px) 100vw, 1024px\" \/><\/div>\n<div lang=\"tr-TR\" data-md=\"30\" data-hveid=\"CAkQAA\" data-ved=\"2ahUKEwim1p2JjMbpAhUz4aYKHcXfDWEQ6-0CMA16BAgJEAA\"><\/div>\n<div lang=\"tr-TR\" data-md=\"30\" data-hveid=\"CAkQAA\" data-ved=\"2ahUKEwim1p2JjMbpAhUz4aYKHcXfDWEQ6-0CMA16BAgJEAA\">M\u00fcze gezmekle bitirilecek bir m\u00fcze de\u011fil. Biz ancak 3 saat ay\u0131rabildik. Hepsi birbirinden de\u011ferli eserlerin en pop\u00fcler olanlar\u0131na a\u011f\u0131rl\u0131k verdik. Bu eserlerden se\u00e7ti\u011fim 16 tanesini sizinle payla\u015f\u0131yorum.<\/div>\n<div lang=\"tr-TR\" data-md=\"30\" data-hveid=\"CAkQAA\" data-ved=\"2ahUKEwim1p2JjMbpAhUz4aYKHcXfDWEQ6-0CMA16BAgJEAA\"><strong>Mona Lisa (Leonardo da Vinci)<\/strong><\/div>\n<div lang=\"tr-TR\" data-md=\"30\" data-hveid=\"CAkQAA\" data-ved=\"2ahUKEwim1p2JjMbpAhUz4aYKHcXfDWEQ6-0CMA16BAgJEAA\">\n<div lang=\"tr-TR\" data-md=\"30\" data-hveid=\"CAkQAA\" data-ved=\"2ahUKEwim1p2JjMbpAhUz4aYKHcXfDWEQ6-0CMA16BAgJEAA\">\n<p>Gizemli g\u00fcl\u00fc\u015f\u00fc ile Mona Lisa Louvre M\u00fczesi\u2019nin en \u00f6n plana \u00e7\u0131kard\u0131\u011f\u0131 eserdir. Hatta 1911 y\u0131l\u0131nda \u00e7al\u0131nd\u0131ktan hemen sonra insanlar ak\u0131n ak\u0131n Mona Lisa tablosunun bo\u015f kalan yerini g\u00f6rmek i\u00e7in \u00a0m\u00fczeye gitmi\u015f \ud83d\ude42\u00a0\u015eu anda dayan\u0131kl\u0131 cam arkas\u0131nda korunuyor. Mona Lisa&#8217;n\u0131n, Florentine kuma\u015f t\u00fcccar\u0131n\u0131n kar\u0131s\u0131 Lisa Gherardini oldu\u011fu d\u00fc\u015f\u00fcn\u00fcl\u00fcyor.<\/p>\n<p><img loading=\"lazy\" decoding=\"async\" class=\"alignnone size-medium wp-image-3953\" src=\"https:\/\/www.yeryuzundebirkacadim.com\/wp-content\/uploads\/2020\/05\/IMG_3103-1-2-851x1024.jpg\" alt=\"\" width=\"851\" height=\"1024\" srcset=\"https:\/\/www.yeryuzundebirkacadim.com\/wp-content\/uploads\/2020\/05\/IMG_3103-1-2-851x1024.jpg 851w, https:\/\/www.yeryuzundebirkacadim.com\/wp-content\/uploads\/2020\/05\/IMG_3103-1-2-768x925.jpg 768w, https:\/\/www.yeryuzundebirkacadim.com\/wp-content\/uploads\/2020\/05\/IMG_3103-1-2-1701x2048.jpg 1701w, https:\/\/www.yeryuzundebirkacadim.com\/wp-content\/uploads\/2020\/05\/IMG_3103-1-2-816x982.jpg 816w\" sizes=\"auto, (max-width: 851px) 100vw, 851px\" \/><\/p>\n<div class=\"jetpack-video-wrapper\">\n<p><strong>Les Noces de Cana (Kana&#8217;daki D\u00fc\u011f\u00fcn) (Paolo Verenosese)<\/strong><\/p>\n<p>66 metrekarelik alan\u0131 ile m\u00fczenin en b\u00fcy\u00fck tablosu \u0130talyan ressam Paolo Verenosese&#8217;ye ait. Mona Lisa&#8217;yla ayn\u0131 odada bulunuyor. Tablo; konusunu \u0130ncil&#8217;de ge\u00e7en \u0130sa&#8217;n\u0131n ilk mucizesinden alm\u0131\u015f. \u0130sa&#8217;n\u0131n, Meryem ve Havarileri ile kat\u0131ld\u0131\u011f\u0131 Cana&#8217;daki d\u00fc\u011f\u00fcnde, \u015farab\u0131n bitmesi \u00fczerine k\u00fcplere doldurulan suyu \u015faraba \u00e7evirmesi mucizesini anlat\u0131yor. Olayda bahsi ge\u00e7en k\u00fcpler hemen sa\u011f alt k\u0131s\u0131mda yer almakta. Ayakta duran fig\u00fcr ise \u015farab\u0131 tad\u0131p \u015farab\u0131n g\u00fczelli\u011fi kar\u015f\u0131s\u0131nda mest olmu\u015f \u015f\u00f6len y\u00f6neticisini temsil etmekte. Tabloda 132 d\u00fc\u011f\u00fcn misafiri ve 6 m\u00fczisyen resmedilmi\u015f. Masan\u0131n sol ba\u015flar\u0131nda oturan sar\u0131 kaftanl\u0131 fig\u00fcr ise Kanuni Sultan S\u00fcleyman imi\u015f.<\/p>\n<\/div>\n<p data-adtags-visited=\"true\"><img loading=\"lazy\" decoding=\"async\" class=\"alignnone size-medium wp-image-3954\" src=\"https:\/\/www.yeryuzundebirkacadim.com\/wp-content\/uploads\/2020\/05\/IMG_3099-1-2-1024x683.jpg\" alt=\"\" width=\"1024\" height=\"683\" srcset=\"https:\/\/www.yeryuzundebirkacadim.com\/wp-content\/uploads\/2020\/05\/IMG_3099-1-2-1024x683.jpg 1024w, https:\/\/www.yeryuzundebirkacadim.com\/wp-content\/uploads\/2020\/05\/IMG_3099-1-2-768x512.jpg 768w, https:\/\/www.yeryuzundebirkacadim.com\/wp-content\/uploads\/2020\/05\/IMG_3099-1-2-2048x1365.jpg 2048w, https:\/\/www.yeryuzundebirkacadim.com\/wp-content\/uploads\/2020\/05\/IMG_3099-1-2-816x544.jpg 816w\" sizes=\"auto, (max-width: 1024px) 100vw, 1024px\" \/><\/p>\n<p data-adtags-visited=\"true\"><strong>Medusa&#8217;n\u0131n Sal\u0131 (Theodora Gericault)<\/strong><\/p>\n<p>Tablo; Fransa liman\u0131ndan hareket eden Kraliyet F\u0131rkateyni Medusa&#8217;n\u0131n trajik kazas\u0131n\u0131 anlat\u0131yor. B\u00fcy\u00fck sansasyon yaratan gemi kazas\u0131ndan etkilenen 25 ya\u015f\u0131ndaki ressam Theodora Gericault taraf\u0131ndan yap\u0131lm\u0131\u015f.<\/p>\n<p><img loading=\"lazy\" decoding=\"async\" class=\"alignnone size-medium wp-image-3956\" src=\"https:\/\/www.yeryuzundebirkacadim.com\/wp-content\/uploads\/2020\/05\/IMG_3107-1-1024x683.jpg\" alt=\"\" width=\"1024\" height=\"683\" srcset=\"https:\/\/www.yeryuzundebirkacadim.com\/wp-content\/uploads\/2020\/05\/IMG_3107-1-1024x683.jpg 1024w, https:\/\/www.yeryuzundebirkacadim.com\/wp-content\/uploads\/2020\/05\/IMG_3107-1-768x512.jpg 768w, https:\/\/www.yeryuzundebirkacadim.com\/wp-content\/uploads\/2020\/05\/IMG_3107-1-2048x1366.jpg 2048w, https:\/\/www.yeryuzundebirkacadim.com\/wp-content\/uploads\/2020\/05\/IMG_3107-1-816x544.jpg 816w\" sizes=\"auto, (max-width: 1024px) 100vw, 1024px\" \/><\/p>\n<p><strong>Halka Yol G\u00f6steren \u00d6zg\u00fcrl\u00fck (Liberty Leading the People) (Eugene Delacroix)<\/strong><\/p>\n<p>G\u00fc\u00e7, \u00f6zg\u00fcrl\u00fck ve zafer duygular\u0131n\u0131 \u00e7a\u011fr\u0131\u015ft\u0131ran tablo Frans\u0131z resim sanat\u0131n\u0131n ba\u015fyap\u0131tlar\u0131n biri. Frans\u0131z romantik ressamlar\u0131ndan Eugene Delacroix taraf\u0131ndan yap\u0131lan ya\u011fl\u0131 boya tablo 1830 senesinde Kral X. Charles\u2019in devrili\u015fine yol a\u00e7an \u00fc\u00e7 g\u00fcnl\u00fck halk ayaklanmas\u0131n\u0131n an\u0131s\u0131na yap\u0131lm\u0131\u015f ve ilk olarak 1931 y\u0131l\u0131nda sergilenmi\u015f. Tablodaki elbisesi y\u0131rt\u0131k ayaklar\u0131 \u00e7\u0131plak kad\u0131n, \u00f6zg\u00fcrl\u00fc\u011f\u00fc temsil ediyor ve pe\u015findeki devrimci insanlara \u00f6nc\u00fcl\u00fck ediyor. Bir elinde, E\u015fitlik, Adalet ve Karde\u015fli\u011fi simgeleyen \u00fc\u00e7 renkli Frans\u0131z bayra\u011f\u0131, di\u011fer elinde t\u00fcfe\u011fi bulunuyor. Resimdeki eli tabancal\u0131 \u00e7ocuk fig\u00fcr\u00fcnde Victor Hugo\u2019nun Sefiller roman\u0131ndaki Gavroche karakterinden esinlenildi\u011fi d\u00fc\u015f\u00fcn\u00fcl\u00fcyor. Resimde bulunan t\u00fcm fig\u00fcrler halk\u0131n farkl\u0131 s\u0131n\u0131flar\u0131ndaki insanlar\u0131 i\u00e7ermektedir.<\/p>\n<p>New York\u2019ta bulunan \u00d6zg\u00fcrl\u00fck An\u0131t\u0131, bu tablodaki kad\u0131n \u00f6rnek al\u0131narak yap\u0131lm\u0131\u015f ve Fransa taraf\u0131ndan Amerika Birle\u015fik Devletlerine hediye edilmi\u015f.<\/p>\n<p><img loading=\"lazy\" decoding=\"async\" class=\"alignnone size-medium wp-image-3957\" src=\"https:\/\/www.yeryuzundebirkacadim.com\/wp-content\/uploads\/2020\/05\/IMG_3110-2-1024x683.jpg\" alt=\"\" width=\"1024\" height=\"683\" srcset=\"https:\/\/www.yeryuzundebirkacadim.com\/wp-content\/uploads\/2020\/05\/IMG_3110-2-1024x683.jpg 1024w, https:\/\/www.yeryuzundebirkacadim.com\/wp-content\/uploads\/2020\/05\/IMG_3110-2-768x512.jpg 768w, https:\/\/www.yeryuzundebirkacadim.com\/wp-content\/uploads\/2020\/05\/IMG_3110-2-2048x1365.jpg 2048w, https:\/\/www.yeryuzundebirkacadim.com\/wp-content\/uploads\/2020\/05\/IMG_3110-2-816x544.jpg 816w\" sizes=\"auto, (max-width: 1024px) 100vw, 1024px\" \/><\/p>\n<div class=\"contentInnerAdv\">\n<div class=\"sozcu_content_area_load1-container dfp-container banner-size-w-300 banner-size-h-250\">\n<div id=\"sozcu_content_area_load1\" data-google-query-id=\"COnK1cXJzOkCFYuzUQodc9YAXQ\">\n<div><strong>Napolyon&#8217;un Ta\u00e7 Giyme T\u00f6reni (The Consecration of the Emperor Napoleon) (Jacques Louis David)<\/strong><\/div>\n<div>\n<p>Napolyon\u2019un resmi ressam\u0131 olan David\u2019in 1805-1807&#8217;de bitirdi\u011fi eser Neoklasik eserlerin ba\u015fyap\u0131tlar\u0131ndan biridir. Tablo 1804\u2019te Notre Dame Katedrali\u2019nde d\u00fczenlenen ta\u00e7 giyme t\u00f6renini resmeder. Resimde Papa VII. Pius bulunuyor (Napolyon&#8217;un hemen arkas\u0131nda oturuyor) ama Napolyon kendi tac\u0131n\u0131 kendisi giyiyor. Napolyon ta\u00e7 giyme t\u00f6reni i\u00e7in Papa&#8217;y\u0131 Paris&#8217;e davet etmi\u015f ancak \u0130mparatorluk tac\u0131n\u0131 kendi kendine takm\u0131\u015ft\u0131r. Ard\u0131ndan\u00a0 Josephine&#8217;e \u0130mparatori\u00e7e tac\u0131n\u0131 takm\u0131\u015ft\u0131r. Buradaki amac\u0131 Papa&#8217;ya bir g\u00f6zda\u011f\u0131 vermektir. Tabloda, Napolyon\u2019un ailesi ve Papa\u2019n\u0131n yan\u0131 s\u0131ra o devirde ya\u015fayan yakla\u015f\u0131k 150 soylu ve y\u00f6neticinin y\u00fcz\u00fc tasvir edilmi\u015ftir. Resimde sa\u011f arka taraflarda sar\u0131\u011f\u0131 ile bir Osmanl\u0131: Paris El\u00e7isi Halet Efendi de bulunuyor.<\/p>\n<p>Tablonun bir kopyas\u0131 ise Versay Saray\u0131\u2019nda sergilenmektedir.<\/p>\n<p><img loading=\"lazy\" decoding=\"async\" class=\"alignnone size-medium wp-image-3961\" src=\"https:\/\/www.yeryuzundebirkacadim.com\/wp-content\/uploads\/2020\/05\/IMG_3126-1-1024x683.jpg\" alt=\"\" width=\"1024\" height=\"683\" srcset=\"https:\/\/www.yeryuzundebirkacadim.com\/wp-content\/uploads\/2020\/05\/IMG_3126-1-1024x683.jpg 1024w, https:\/\/www.yeryuzundebirkacadim.com\/wp-content\/uploads\/2020\/05\/IMG_3126-1-768x512.jpg 768w, https:\/\/www.yeryuzundebirkacadim.com\/wp-content\/uploads\/2020\/05\/IMG_3126-1-2048x1366.jpg 2048w, https:\/\/www.yeryuzundebirkacadim.com\/wp-content\/uploads\/2020\/05\/IMG_3126-1-816x544.jpg 816w\" sizes=\"auto, (max-width: 1024px) 100vw, 1024px\" \/><\/p>\n<div id=\"attachment_1600\" class=\"wp-caption aligncenter\">\n<p><strong>Marly Atlar\u0131 (Cousteau)<\/strong><\/p>\n<p>Cousteau taraf\u0131ndan XIV. Louis&#8217;in Marly \u015eatosu i\u00e7in 1745 y\u0131l\u0131nda yap\u0131lm\u0131\u015ft\u0131r.<\/p>\n<\/div>\n<\/div>\n<\/div>\n<\/div>\n<\/div>\n<p data-adtags-visited=\"true\"><img loading=\"lazy\" decoding=\"async\" class=\"alignnone size-medium wp-image-3952\" src=\"https:\/\/www.yeryuzundebirkacadim.com\/wp-content\/uploads\/2020\/05\/IMG_3200-1024x683.jpg\" alt=\"\" width=\"1024\" height=\"683\" srcset=\"https:\/\/www.yeryuzundebirkacadim.com\/wp-content\/uploads\/2020\/05\/IMG_3200-1024x683.jpg 1024w, https:\/\/www.yeryuzundebirkacadim.com\/wp-content\/uploads\/2020\/05\/IMG_3200-768x512.jpg 768w, https:\/\/www.yeryuzundebirkacadim.com\/wp-content\/uploads\/2020\/05\/IMG_3200-2048x1365.jpg 2048w, https:\/\/www.yeryuzundebirkacadim.com\/wp-content\/uploads\/2020\/05\/IMG_3200-816x544.jpg 816w\" sizes=\"auto, (max-width: 1024px) 100vw, 1024px\" \/><\/p>\n<p data-adtags-visited=\"true\"><strong>Kanatl\u0131 Zafer Heykeli (Nike Heykeli)<\/strong><\/p>\n<\/div>\n<\/div>\n<h3><img loading=\"lazy\" decoding=\"async\" class=\"alignnone size-medium wp-image-3958\" src=\"https:\/\/www.yeryuzundebirkacadim.com\/wp-content\/uploads\/2020\/05\/IMG_3132-1-1024x683.jpg\" alt=\"\" width=\"1024\" height=\"683\" srcset=\"https:\/\/www.yeryuzundebirkacadim.com\/wp-content\/uploads\/2020\/05\/IMG_3132-1-1024x683.jpg 1024w, https:\/\/www.yeryuzundebirkacadim.com\/wp-content\/uploads\/2020\/05\/IMG_3132-1-768x512.jpg 768w, https:\/\/www.yeryuzundebirkacadim.com\/wp-content\/uploads\/2020\/05\/IMG_3132-1-2048x1366.jpg 2048w, https:\/\/www.yeryuzundebirkacadim.com\/wp-content\/uploads\/2020\/05\/IMG_3132-1-816x544.jpg 816w\" sizes=\"auto, (max-width: 1024px) 100vw, 1024px\" \/><\/h3>\n<p>Yunan mitolojisi Zafer Tanr\u0131\u00e7as\u0131 Nike\u2019nin M.\u00d6. 3. y\u00fczy\u0131ldan kalma mermer heykelidir. 1884 y\u0131l\u0131ndan beri Louvre M\u00fczesi\u2019nde sergilenmektedir. Helen d\u00f6neminin \u015faheserlerinden biridir. Rodos Adas\u0131&#8217;nda kazan\u0131lan bir deniz zaferini simgeler. Semadirek Adas\u0131&#8217;ndaki tap\u0131nak kompleksinde bulunmu\u015ftur.<\/p>\n<p data-adtags-visited=\"true\"><strong>Cam Piramit (Ming Pei)<\/strong><\/p>\n<div lang=\"tr-TR\" data-md=\"30\" data-hveid=\"CAkQAA\" data-ved=\"2ahUKEwim1p2JjMbpAhUz4aYKHcXfDWEQ6-0CMA16BAgJEAA\">\n<div lang=\"tr-TR\" data-md=\"30\" data-hveid=\"CAkQAA\" data-ved=\"2ahUKEwim1p2JjMbpAhUz4aYKHcXfDWEQ6-0CMA16BAgJEAA\">\n<p data-adtags-visited=\"true\">Binan\u0131n i\u00e7inden panoramik g\u00f6r\u00fcn\u00fcm. Ming Pei&#8217;nin tasarlad\u0131\u011f\u0131 piramit 1989&#8217;dan sonra m\u00fczenin yeni giri\u015fi olmu\u015ftur. Paslanmaz \u00e7elik \u00e7ubuklarla yap\u0131lm\u0131\u015f yap\u0131 21 metre y\u00fcksekli\u011findedir.<\/p>\n<p data-adtags-visited=\"true\"><img loading=\"lazy\" decoding=\"async\" class=\"alignnone size-medium wp-image-3951\" src=\"https:\/\/www.yeryuzundebirkacadim.com\/wp-content\/uploads\/2020\/05\/IMG_3167-1-2-1024x646.jpg\" alt=\"\" width=\"1024\" height=\"646\" srcset=\"https:\/\/www.yeryuzundebirkacadim.com\/wp-content\/uploads\/2020\/05\/IMG_3167-1-2-1024x646.jpg 1024w, https:\/\/www.yeryuzundebirkacadim.com\/wp-content\/uploads\/2020\/05\/IMG_3167-1-2-768x485.jpg 768w, https:\/\/www.yeryuzundebirkacadim.com\/wp-content\/uploads\/2020\/05\/IMG_3167-1-2-2048x1292.jpg 2048w, https:\/\/www.yeryuzundebirkacadim.com\/wp-content\/uploads\/2020\/05\/IMG_3167-1-2-816x515.jpg 816w\" sizes=\"auto, (max-width: 1024px) 100vw, 1024px\" \/><\/p>\n<p data-adtags-visited=\"true\"><strong>Oturan Katip<\/strong><\/p>\n<p data-adtags-visited=\"true\">Tahminen M.\u00d6. 3800-1710 y\u0131llar\u0131 aras\u0131nda M\u0131s\u0131r&#8217;da yap\u0131lm\u0131\u015f olan bu heykel hakk\u0131nda hi\u00e7bir \u015fey bilinmiyor. Bilinmeyen fig\u00fcrler aras\u0131nda en \u00fcnl\u00fclerden biri say\u0131l\u0131yor.<\/p>\n<div id=\"attachment_27300\" class=\"wp-caption aligncenter\"><img loading=\"lazy\" decoding=\"async\" class=\"alignnone size-medium wp-image-3960\" src=\"https:\/\/www.yeryuzundebirkacadim.com\/wp-content\/uploads\/2020\/05\/IMG_3154-1024x683.jpg\" alt=\"\" width=\"1024\" height=\"683\" srcset=\"https:\/\/www.yeryuzundebirkacadim.com\/wp-content\/uploads\/2020\/05\/IMG_3154-1024x683.jpg 1024w, https:\/\/www.yeryuzundebirkacadim.com\/wp-content\/uploads\/2020\/05\/IMG_3154-768x512.jpg 768w, https:\/\/www.yeryuzundebirkacadim.com\/wp-content\/uploads\/2020\/05\/IMG_3154-2048x1365.jpg 2048w, https:\/\/www.yeryuzundebirkacadim.com\/wp-content\/uploads\/2020\/05\/IMG_3154-816x544.jpg 816w\" sizes=\"auto, (max-width: 1024px) 100vw, 1024px\" \/><\/div>\n<\/div>\n<\/div>\n<div data-shortcode=\"caption\"><strong>Milo Ven\u00fcs\u00fc<\/strong><\/div>\n<div lang=\"tr-TR\" data-md=\"30\" data-hveid=\"CAkQAA\" data-ved=\"2ahUKEwim1p2JjMbpAhUz4aYKHcXfDWEQ6-0CMA16BAgJEAA\">\n<p><img loading=\"lazy\" decoding=\"async\" class=\"alignnone size-medium wp-image-3949\" src=\"https:\/\/www.yeryuzundebirkacadim.com\/wp-content\/uploads\/2020\/05\/IMG_3225-1-2-1024x819.jpg\" alt=\"\" width=\"1024\" height=\"819\" srcset=\"https:\/\/www.yeryuzundebirkacadim.com\/wp-content\/uploads\/2020\/05\/IMG_3225-1-2-1024x819.jpg 1024w, https:\/\/www.yeryuzundebirkacadim.com\/wp-content\/uploads\/2020\/05\/IMG_3225-1-2-768x614.jpg 768w, https:\/\/www.yeryuzundebirkacadim.com\/wp-content\/uploads\/2020\/05\/IMG_3225-1-2-2048x1638.jpg 2048w, https:\/\/www.yeryuzundebirkacadim.com\/wp-content\/uploads\/2020\/05\/IMG_3225-1-2-816x653.jpg 816w\" sizes=\"auto, (max-width: 1024px) 100vw, 1024px\" \/><\/p>\n<p>Antik Yunan heykel sanat\u0131n\u0131n en \u00fcnl\u00fc \u00f6rneklerinden olan bu mermer heykel, 1820 y\u0131l\u0131nda Yunanistan\u2019\u0131n Milos Adas\u0131\u2019nda bulunmu\u015ftur ve XVIII. Louis taraf\u0131ndan Fransa\u2019ya getirilmi\u015ftir. Heykel, ge\u00e7 Helenistik D\u00f6nem boyunca yap\u0131lan heykel \u00e7al\u0131\u015fmalar\u0131n\u0131 yans\u0131t\u0131yor: Spiral kompozisyon, mekandaki konumland\u0131rma ve kuma\u015f\u0131n kal\u00e7alar \u00fczerine d\u00fc\u015fmesi gibi yenilik\u00e7i \u00f6zelliklere sahip.<\/p>\n<\/div>\n<p><strong>Dantelci K\u0131z (Jan Vermeer)<\/strong><\/p>\n<p>1665 y\u0131l\u0131nda yap\u0131lm\u0131\u015f bir eserdir.<\/p>\n<p><img loading=\"lazy\" decoding=\"async\" class=\"alignnone size-medium wp-image-3963\" src=\"https:\/\/www.yeryuzundebirkacadim.com\/wp-content\/uploads\/2020\/05\/IMG_3183-1-2-1024x707.jpg\" alt=\"\" width=\"1024\" height=\"707\" srcset=\"https:\/\/www.yeryuzundebirkacadim.com\/wp-content\/uploads\/2020\/05\/IMG_3183-1-2-1024x707.jpg 1024w, https:\/\/www.yeryuzundebirkacadim.com\/wp-content\/uploads\/2020\/05\/IMG_3183-1-2-768x530.jpg 768w, https:\/\/www.yeryuzundebirkacadim.com\/wp-content\/uploads\/2020\/05\/IMG_3183-1-2-2048x1414.jpg 2048w, https:\/\/www.yeryuzundebirkacadim.com\/wp-content\/uploads\/2020\/05\/IMG_3183-1-2-816x563.jpg 816w\" sizes=\"auto, (max-width: 1024px) 100vw, 1024px\" \/><\/p>\n<p><strong>Gabrielle d&#8217;Estrees ve K\u0131zkarde\u015fi<\/strong><\/p>\n<h3><img loading=\"lazy\" decoding=\"async\" class=\"alignnone size-medium wp-image-3965\" src=\"https:\/\/www.yeryuzundebirkacadim.com\/wp-content\/uploads\/2020\/05\/IMG_3180-1024x683.jpg\" alt=\"\" width=\"1024\" height=\"683\" srcset=\"https:\/\/www.yeryuzundebirkacadim.com\/wp-content\/uploads\/2020\/05\/IMG_3180-1024x683.jpg 1024w, https:\/\/www.yeryuzundebirkacadim.com\/wp-content\/uploads\/2020\/05\/IMG_3180-768x512.jpg 768w, https:\/\/www.yeryuzundebirkacadim.com\/wp-content\/uploads\/2020\/05\/IMG_3180-2048x1365.jpg 2048w, https:\/\/www.yeryuzundebirkacadim.com\/wp-content\/uploads\/2020\/05\/IMG_3180-816x544.jpg 816w\" sizes=\"auto, (max-width: 1024px) 100vw, 1024px\" \/><\/h3>\n<p>Sa\u011fdaki sar\u0131 sa\u00e7l\u0131 han\u0131m olan Gabrielle d&#8217;Estrees, Beaufort D\u00fc\u015fesi&#8217;dir. Fransa Kral\u0131 IV. Henry&#8217;nin dan\u0131\u015fman\u0131 ve metresidir. Di\u011feri ise karde\u015fi Villars D\u00fc\u015fesi&#8217;dir.<\/p>\n<p>Gabrielle ile Henry&#8217;nin ili\u015fkisinin 1591 y\u0131l\u0131nda yani Gabrielle hen\u00fcz 18 ya\u015f\u0131ndayken ba\u015flad\u0131\u011f\u0131 biliniyor. Henry&#8217;yi \u00e7ok etkiledi\u011fi a\u015fikard\u0131r. Mezhep bile de\u011fi\u015ftirmesine neden olmu\u015ftur. Henry o s\u0131rada Krali\u00e7e Marguerite ile evliydi. Sevgililerin ise tek iste\u011fi birlikteliklerini resmiyete d\u00f6kebilmekti. Gabrielle&#8217;in krali\u00e7eden daha fazla krali\u00e7elik yapt\u0131\u011f\u0131 s\u00f6ylenir. Henry ile Gabrielle&#8217;in ili\u015fkilerinden 3 \u00e7ocuklar\u0131 olmu\u015f . Gabriel, 4. \u00e7ocu\u011funa hamile iken eklampsi krizi sonucu 1599 y\u0131l\u0131nda \u00f6lm\u00fc\u015f.<\/p>\n<p>Resimde Gabrielle, banyosunda \u00e7\u0131plak duruyor. Elinde Henry&#8217;nin ta\u00e7 giyme y\u00fcz\u00fc\u011f\u00fcn\u00fc tutuyor. K\u0131z karde\u015fi yan\u0131nda \u00e7\u0131plak duruyor ve onun sa\u011f meme ucunu s\u0131k\u0131yor. Bu Gabrielle&#8217;in hamile oldu\u011funun i\u015faretiydi. Arka planda g\u00f6r\u00fclen kad\u0131n hizmetlinin bir \u015feyler dikiyor olmas\u0131 do\u011facak \u00e7ocuk i\u00e7in haz\u0131rl\u0131kt\u0131. Gene arka plandaki tabloda belden a\u015fa\u011f\u0131s\u0131 g\u00f6r\u00fcnen \u00e7\u0131plak erkek fig\u00fcr\u00fc, bebe\u011fin varl\u0131\u011f\u0131n\u0131n habercisi idi.<\/p>\n<p>\u0130\u015fte 1594-95 y\u0131llar\u0131na tarihlenen resim, bilinmeyen bir sanat\u00e7\u0131 taraf\u0131ndan resmedildi. Ressam\u0131n Fontainebleau Okulu&#8217;ndan biri oldu\u011fu san\u0131l\u0131yor.<\/p>\n<p>Yirminci ve yirmi birinci y\u00fczy\u0131llarda bu resim kad\u0131n e\u015f cinselli\u011fini temsil etmek i\u00e7in kullan\u0131lm\u0131\u015ft\u0131r.<\/p>\n<p><strong>Odal\u0131k (Grand Odalisque) (Jean Auguste Dominique Ingres)<\/strong><\/p>\n<p>Odal\u0131k, ilk sergilendi\u011fi zaman yo\u011fun ele\u015ftiriler ald\u0131. Ancak uzun oranlar ve anatomik ger\u00e7eklikten uzakl\u0131\u011f\u0131 ile \u00fcnl\u00fc oldu. Bu \u00e7al\u0131\u015fma Ingres&#8217;in neoklasisizmden kopu\u015funu ve egzotik romantizme y\u00f6neldi\u011fini g\u00f6sterdi.<\/p>\n<p><img loading=\"lazy\" decoding=\"async\" class=\"alignnone size-medium wp-image-3968\" src=\"https:\/\/www.yeryuzundebirkacadim.com\/wp-content\/uploads\/2020\/05\/IMG_3122-1-1024x683.jpg\" alt=\"\" width=\"1024\" height=\"683\" srcset=\"https:\/\/www.yeryuzundebirkacadim.com\/wp-content\/uploads\/2020\/05\/IMG_3122-1-1024x683.jpg 1024w, https:\/\/www.yeryuzundebirkacadim.com\/wp-content\/uploads\/2020\/05\/IMG_3122-1-768x512.jpg 768w, https:\/\/www.yeryuzundebirkacadim.com\/wp-content\/uploads\/2020\/05\/IMG_3122-1-2048x1366.jpg 2048w, https:\/\/www.yeryuzundebirkacadim.com\/wp-content\/uploads\/2020\/05\/IMG_3122-1-816x544.jpg 816w\" sizes=\"auto, (max-width: 1024px) 100vw, 1024px\" \/><\/p>\n<p><strong>Y\u0131kanan Kad\u0131n (The Bather) (Jean Auguste Dominique Ingres)<\/strong><\/p>\n<p><img loading=\"lazy\" decoding=\"async\" class=\"alignnone size-medium wp-image-4034\" src=\"https:\/\/www.yeryuzundebirkacadim.com\/wp-content\/uploads\/2020\/05\/IMG_3173-1-2-901x1024.jpg\" alt=\"\" width=\"901\" height=\"1024\" srcset=\"https:\/\/www.yeryuzundebirkacadim.com\/wp-content\/uploads\/2020\/05\/IMG_3173-1-2-901x1024.jpg 901w, https:\/\/www.yeryuzundebirkacadim.com\/wp-content\/uploads\/2020\/05\/IMG_3173-1-2-768x873.jpg 768w, https:\/\/www.yeryuzundebirkacadim.com\/wp-content\/uploads\/2020\/05\/IMG_3173-1-2-1801x2048.jpg 1801w, https:\/\/www.yeryuzundebirkacadim.com\/wp-content\/uploads\/2020\/05\/IMG_3173-1-2-816x928.jpg 816w\" sizes=\"auto, (max-width: 901px) 100vw, 901px\" \/><\/p>\n<p>Jean Auguste Dominique Ingres\u2019in 1808\u2019de Roma\u2019daki Frans\u0131z Akademisi\u2019nde \u00e7al\u0131\u015f\u0131rken Paris\u2019e g\u00f6nderdi\u011fi eserlerden biriydi. Bu erken eser, uyumlu hatlar ve hassas \u0131\u015f\u0131\u011f\u0131n kullan\u0131ld\u0131\u011f\u0131 bir ba\u015fyap\u0131t say\u0131l\u0131yor. Ingles bu temaya \u00e7ok ba\u011fl\u0131 kald\u0131 ve sonraki \u00e7al\u0131\u015fmalar\u0131nda, \u00f6zellikle de T\u00fcrk Hamam\u0131 adl\u0131 eserinde yeniden kulland\u0131.<\/p>\n<p><strong>T\u00fcrk Hamam\u0131 (Turkish Bath) (Jean Auguste Dominique Ingres)<\/strong><\/p>\n<h3><img loading=\"lazy\" decoding=\"async\" class=\"alignnone size-medium wp-image-3969\" src=\"https:\/\/www.yeryuzundebirkacadim.com\/wp-content\/uploads\/2020\/05\/IMG_3172-1-2-1024x999.jpg\" alt=\"\" width=\"1024\" height=\"999\" srcset=\"https:\/\/www.yeryuzundebirkacadim.com\/wp-content\/uploads\/2020\/05\/IMG_3172-1-2-1024x999.jpg 1024w, https:\/\/www.yeryuzundebirkacadim.com\/wp-content\/uploads\/2020\/05\/IMG_3172-1-2-768x749.jpg 768w, https:\/\/www.yeryuzundebirkacadim.com\/wp-content\/uploads\/2020\/05\/IMG_3172-1-2-2048x1998.jpg 2048w, https:\/\/www.yeryuzundebirkacadim.com\/wp-content\/uploads\/2020\/05\/IMG_3172-1-2-816x796.jpg 816w\" sizes=\"auto, (max-width: 1024px) 100vw, 1024px\" \/><\/h3>\n<p>Ingres, be eserinde 18. y\u00fczy\u0131l\u0131n ba\u015f\u0131nda \u0130stanbul\u2019da bir kad\u0131n hamam\u0131na yapt\u0131\u011f\u0131 ziyareti anlatan Lady Montague\u2019nin (1690-1760) mektuplar\u0131ndan ilham ald\u0131.<\/p>\n<div id=\"attachment_27306\" class=\"wp-caption aligncenter\">\n<p><strong>\u0130nsan Ba\u015fl\u0131 Kanatl\u0131 Bo\u011fa (Irak, Asur, M\u00d6 720-705 )<\/strong><\/p>\n<\/div>\n<h3><img loading=\"lazy\" decoding=\"async\" class=\"alignnone size-medium wp-image-3970\" src=\"https:\/\/www.yeryuzundebirkacadim.com\/wp-content\/uploads\/2020\/05\/IMG_3206-1-1024x683.jpg\" alt=\"\" width=\"1024\" height=\"683\" srcset=\"https:\/\/www.yeryuzundebirkacadim.com\/wp-content\/uploads\/2020\/05\/IMG_3206-1-1024x683.jpg 1024w, https:\/\/www.yeryuzundebirkacadim.com\/wp-content\/uploads\/2020\/05\/IMG_3206-1-768x512.jpg 768w, https:\/\/www.yeryuzundebirkacadim.com\/wp-content\/uploads\/2020\/05\/IMG_3206-1-2048x1365.jpg 2048w, https:\/\/www.yeryuzundebirkacadim.com\/wp-content\/uploads\/2020\/05\/IMG_3206-1-816x544.jpg 816w\" sizes=\"auto, (max-width: 1024px) 100vw, 1024px\" \/><\/h3>\n<p>\u0130nsan ba\u015fl\u0131 kanatl\u0131 bo\u011falar, koruyucu Tanr\u0131 Lamassu&#8217;yu temsil ediyor. Kentin ve saray\u0131n kap\u0131lar\u0131na koruyucu olarak yerle\u015ftiriliyordu. D\u00fc\u015fmana kar\u015f\u0131 koruma sa\u011fl\u0131yordu.<\/p>\n<p><strong>Versay Dianas\u0131<\/strong><\/p>\n<h3><img loading=\"lazy\" decoding=\"async\" class=\"alignnone size-medium wp-image-3971\" style=\"font-size: 16px;\" src=\"https:\/\/www.yeryuzundebirkacadim.com\/wp-content\/uploads\/2020\/05\/IMG_3223-1-1024x683.jpg\" alt=\"\" width=\"1024\" height=\"683\" srcset=\"https:\/\/www.yeryuzundebirkacadim.com\/wp-content\/uploads\/2020\/05\/IMG_3223-1-1024x683.jpg 1024w, https:\/\/www.yeryuzundebirkacadim.com\/wp-content\/uploads\/2020\/05\/IMG_3223-1-768x512.jpg 768w, https:\/\/www.yeryuzundebirkacadim.com\/wp-content\/uploads\/2020\/05\/IMG_3223-1-2048x1365.jpg 2048w, https:\/\/www.yeryuzundebirkacadim.com\/wp-content\/uploads\/2020\/05\/IMG_3223-1-816x544.jpg 816w\" sizes=\"auto, (max-width: 1024px) 100vw, 1024px\" \/><\/h3>\n<p>Versay Diana\u2019s\u0131, bir geyikle birlikte Yunan Tanr\u0131\u00e7a Artemis\u2019in (Latince Diana) mermer heykeli. M.\u00d6. 325 y\u0131l\u0131, Leochares\u2019e atfedilen kay\u0131p Antik Yunan bronz orijinalinin Roma kopyas\u0131d\u0131r. (MS 1. veya 2. y\u00fczy\u0131l).<\/p>\n<p><strong>Four Season (D\u00f6rt Mevsim, Sonbahar) ( Giuseppe Arcimboldo)<\/strong><\/p>\n<div lang=\"tr-TR\" data-md=\"30\" data-hveid=\"CAkQAA\" data-ved=\"2ahUKEwim1p2JjMbpAhUz4aYKHcXfDWEQ6-0CMA16BAgJEAA\"><img loading=\"lazy\" decoding=\"async\" class=\"alignnone size-medium wp-image-3972\" src=\"https:\/\/www.yeryuzundebirkacadim.com\/wp-content\/uploads\/2020\/05\/IMG_3095-1-1024x683.jpg\" alt=\"\" width=\"1024\" height=\"683\" srcset=\"https:\/\/www.yeryuzundebirkacadim.com\/wp-content\/uploads\/2020\/05\/IMG_3095-1-1024x683.jpg 1024w, https:\/\/www.yeryuzundebirkacadim.com\/wp-content\/uploads\/2020\/05\/IMG_3095-1-768x512.jpg 768w, https:\/\/www.yeryuzundebirkacadim.com\/wp-content\/uploads\/2020\/05\/IMG_3095-1-2048x1365.jpg 2048w, https:\/\/www.yeryuzundebirkacadim.com\/wp-content\/uploads\/2020\/05\/IMG_3095-1-816x544.jpg 816w\" sizes=\"auto, (max-width: 1024px) 100vw, 1024px\" \/><\/div>\n<div lang=\"tr-TR\" data-md=\"30\" data-hveid=\"CAkQAA\" data-ved=\"2ahUKEwim1p2JjMbpAhUz4aYKHcXfDWEQ6-0CMA16BAgJEAA\">Louvre&#8217;da bir\u00e7ok kafe var. Biz de bir \u015feyler at\u0131\u015ft\u0131rmak i\u00e7in foto\u011frafta g\u00f6r\u00fclen <strong>Cafe Richelieu<\/strong>&#8216;ya u\u011fruyoruz.<\/div>\n<p><img loading=\"lazy\" decoding=\"async\" class=\"alignnone size-medium wp-image-3973\" src=\"https:\/\/www.yeryuzundebirkacadim.com\/wp-content\/uploads\/2020\/05\/IMG_3171-1-1024x683.jpg\" alt=\"\" width=\"1024\" height=\"683\" srcset=\"https:\/\/www.yeryuzundebirkacadim.com\/wp-content\/uploads\/2020\/05\/IMG_3171-1-1024x683.jpg 1024w, https:\/\/www.yeryuzundebirkacadim.com\/wp-content\/uploads\/2020\/05\/IMG_3171-1-768x512.jpg 768w, https:\/\/www.yeryuzundebirkacadim.com\/wp-content\/uploads\/2020\/05\/IMG_3171-1-2048x1365.jpg 2048w, https:\/\/www.yeryuzundebirkacadim.com\/wp-content\/uploads\/2020\/05\/IMG_3171-1-816x544.jpg 816w\" sizes=\"auto, (max-width: 1024px) 100vw, 1024px\" \/><\/p>\n<p>Richelieu kanad\u0131n\u0131n d\u0131\u015f cephesinden bir g\u00f6r\u00fcnt\u00fc.<\/p>\n<p><img loading=\"lazy\" decoding=\"async\" class=\"alignnone size-medium wp-image-3974\" src=\"https:\/\/www.yeryuzundebirkacadim.com\/wp-content\/uploads\/2020\/05\/IMG_3252-1-1024x683.jpg\" alt=\"\" width=\"1024\" height=\"683\" srcset=\"https:\/\/www.yeryuzundebirkacadim.com\/wp-content\/uploads\/2020\/05\/IMG_3252-1-1024x683.jpg 1024w, https:\/\/www.yeryuzundebirkacadim.com\/wp-content\/uploads\/2020\/05\/IMG_3252-1-768x512.jpg 768w, https:\/\/www.yeryuzundebirkacadim.com\/wp-content\/uploads\/2020\/05\/IMG_3252-1-2048x1365.jpg 2048w, https:\/\/www.yeryuzundebirkacadim.com\/wp-content\/uploads\/2020\/05\/IMG_3252-1-816x544.jpg 816w\" sizes=\"auto, (max-width: 1024px) 100vw, 1024px\" \/><\/p>\n<div class=\"wrapper section-inner\">\n<p>Evet maroton bitti. Eh biz de bittik. ilk hedefimiz Tuileries Bah\u00e7esi.<\/p>\n<div class=\"post-content\" data-content-ads-inserted=\"true\"><b>Tuileries Bah\u00e7esi<\/b><\/div>\n<div data-content-ads-inserted=\"true\">Louvre M\u00fczesi ve Condorde Meydan\u0131 aras\u0131nda yer alan halka a\u00e7\u0131k bah\u00e7elerdir.<\/div>\n<div data-content-ads-inserted=\"true\">Catherine de Medici taraf\u0131ndan 1564&#8217;te Tuileries Saray\u0131&#8217;n\u0131n bah\u00e7esi olarak yapt\u0131r\u0131lan bah\u00e7e 1667&#8217;de halka a\u00e7\u0131ld\u0131. Devrimden sonra da halka a\u00e7\u0131k bir park haline geldi.<\/div>\n<div data-content-ads-inserted=\"true\">Burada sandalyelere oturup 1 saat kadar uyuyoruz \ud83d\ude42<\/div>\n<div data-content-ads-inserted=\"true\"><\/div>\n<\/div>\n<div class=\"post-content\" data-content-ads-inserted=\"true\"><strong>St. Jacques Kulesi<\/strong><\/div>\n<div data-content-ads-inserted=\"true\"><img loading=\"lazy\" decoding=\"async\" class=\"alignnone size-medium wp-image-3976\" src=\"https:\/\/www.yeryuzundebirkacadim.com\/wp-content\/uploads\/2020\/05\/IMG_3295-1-1024x683.jpg\" alt=\"\" width=\"1024\" height=\"683\" srcset=\"https:\/\/www.yeryuzundebirkacadim.com\/wp-content\/uploads\/2020\/05\/IMG_3295-1-1024x683.jpg 1024w, https:\/\/www.yeryuzundebirkacadim.com\/wp-content\/uploads\/2020\/05\/IMG_3295-1-768x512.jpg 768w, https:\/\/www.yeryuzundebirkacadim.com\/wp-content\/uploads\/2020\/05\/IMG_3295-1-2048x1365.jpg 2048w, https:\/\/www.yeryuzundebirkacadim.com\/wp-content\/uploads\/2020\/05\/IMG_3295-1-816x544.jpg 816w\" sizes=\"auto, (max-width: 1024px) 100vw, 1024px\" \/><\/div>\n<div data-content-ads-inserted=\"true\">52 metrelik Gotik kule, Frans\u0131z Devrimi s\u0131ras\u0131nda 1797&#8217;de y\u0131k\u0131lan 16. y\u00fczy\u0131l Saint Jacques Kilise&#8217;sinin kulesidir.<\/div>\n<div data-content-ads-inserted=\"true\"><\/div>\n<div data-content-ads-inserted=\"true\"><strong>Georges Pompideu Merkezi\u00a0<\/strong><\/div>\n<div data-content-ads-inserted=\"true\"><\/div>\n<div data-content-ads-inserted=\"true\"><img loading=\"lazy\" decoding=\"async\" class=\"alignnone size-medium wp-image-3979\" src=\"https:\/\/www.yeryuzundebirkacadim.com\/wp-content\/uploads\/2020\/05\/IMG_3299-1024x683.jpg\" alt=\"\" width=\"1024\" height=\"683\" srcset=\"https:\/\/www.yeryuzundebirkacadim.com\/wp-content\/uploads\/2020\/05\/IMG_3299-1024x683.jpg 1024w, https:\/\/www.yeryuzundebirkacadim.com\/wp-content\/uploads\/2020\/05\/IMG_3299-768x512.jpg 768w, https:\/\/www.yeryuzundebirkacadim.com\/wp-content\/uploads\/2020\/05\/IMG_3299-2048x1366.jpg 2048w, https:\/\/www.yeryuzundebirkacadim.com\/wp-content\/uploads\/2020\/05\/IMG_3299-816x544.jpg 816w\" sizes=\"auto, (max-width: 1024px) 100vw, 1024px\" \/><\/div>\n<div data-content-ads-inserted=\"true\">Fransa\u2019n\u0131n en etkileyici ve benzersiz mimari yap\u0131lar\u0131ndan biridir. 1969-1974 y\u0131llar\u0131 aras\u0131nda Fransa Cumhurba\u015fkan\u0131 Georges Pompidou\u2019nun iste\u011fi \u00fczerine yap\u0131ld\u0131. Bina dev bir k\u00fct\u00fcphane, avangart elektro-akustik m\u00fczik ara\u015ft\u0131rmalar\u0131 merkezi IRCAM ve Avrupa\u2019n\u0131n en b\u00fcy\u00fck modern sanat m\u00fczesine ev sahipli\u011fi yap\u0131yor. Binan\u0131n tasar\u0131m\u0131n\u0131 belirlemek i\u00e7in yar\u0131\u015fma d\u00fczenlendi. Yar\u0131\u015fmaya 49 \u00fclkeden 681 tasar\u0131mc\u0131 kat\u0131ld\u0131 ve bu kat\u0131l\u0131mc\u0131lar aras\u0131ndan \u0130talyan mimarlar Renzo Piano ile Gianfranco Franchini ve \u0130ngiliz mimar Richard Rogers taraf\u0131ndan olu\u015fan ekibin tasar\u0131m\u0131 se\u00e7ildi. Bina, mavi, sar\u0131, ye\u015fil ve k\u0131rm\u0131z\u0131 renkler kullan\u0131larak tasarland\u0131.<\/div>\n<div data-content-ads-inserted=\"true\"><\/div>\n<div data-content-ads-inserted=\"true\"><img loading=\"lazy\" decoding=\"async\" class=\"alignnone size-medium wp-image-3978\" src=\"https:\/\/www.yeryuzundebirkacadim.com\/wp-content\/uploads\/2020\/05\/IMG_3309-1024x683.jpg\" alt=\"\" width=\"1024\" height=\"683\" srcset=\"https:\/\/www.yeryuzundebirkacadim.com\/wp-content\/uploads\/2020\/05\/IMG_3309-1024x683.jpg 1024w, https:\/\/www.yeryuzundebirkacadim.com\/wp-content\/uploads\/2020\/05\/IMG_3309-768x512.jpg 768w, https:\/\/www.yeryuzundebirkacadim.com\/wp-content\/uploads\/2020\/05\/IMG_3309-2048x1365.jpg 2048w, https:\/\/www.yeryuzundebirkacadim.com\/wp-content\/uploads\/2020\/05\/IMG_3309-816x544.jpg 816w\" sizes=\"auto, (max-width: 1024px) 100vw, 1024px\" \/><\/div>\n<div data-content-ads-inserted=\"true\">Y\u00fcr\u00fcyen merdivenler ve asans\u00f6rler i\u00e7in k\u0131rm\u0131z\u0131 renk, su dola\u015f\u0131m\u0131 i\u00e7in ye\u015fil renk, elektrik dola\u015f\u0131m\u0131 i\u00e7in sar\u0131 renk ve hava dola\u015f\u0131m\u0131 i\u00e7in ise mavi rengin kullan\u0131ld\u0131\u011f\u0131 yap\u0131 10 kattan olu\u015fuyor. Binan\u0131n tesisatlar\u0131 d\u0131\u015far\u0131da yer al\u0131yor. Yap\u0131n\u0131n en dikkat \u00e7eken yerlerinden biri \u015feffaf pleksiglas bir t\u00fcp i\u00e7inde binay\u0131 d\u0131\u015far\u0131dan bir y\u0131lan gibi t\u0131rmanan y\u00fcr\u00fcyen merdivenlerdir.<\/div>\n<div id=\"adhesion_desktop_wrapper\" class=\"adhesion_wrapper mv-dynamic-size adhesion_container\" data-wrapper=\"adhesion_desktop\">\n<div id=\"adhesion_desktop\" class=\"adunit\" data-google-query-id=\"COeYnOi4yOkCFZZX4AodLs8FhQ\">\n<div id=\"google_ads_iframe_\/1030006\/joyofmuseums\/adhesion_0__container__\">\n<div id=\"fb-root\">\n<div id=\"fb-root\">\n<p>Sanat merkezinin \u00f6n\u00fcnde bulunan meydan ise Paris halk\u0131 taraf\u0131ndan s\u0131k kullan\u0131lan bir bulu\u015fma noktas\u0131 olarak \u00f6n plana \u00e7\u0131k\u0131yor. Bu alandaki <strong>Stravinsky \u00c7e\u015fmesi<\/strong> ise kendine \u00f6zg\u00fc tasar\u0131m\u0131yla sanatseverlerin favori eserlerindendir.<\/p>\n<\/div>\n<div class=\"wpautoterms-footer\">\n<p><img loading=\"lazy\" decoding=\"async\" class=\"alignnone size-medium wp-image-3980\" src=\"https:\/\/www.yeryuzundebirkacadim.com\/wp-content\/uploads\/2020\/05\/IMG_3317-1-1024x683.jpg\" alt=\"\" width=\"1024\" height=\"683\" srcset=\"https:\/\/www.yeryuzundebirkacadim.com\/wp-content\/uploads\/2020\/05\/IMG_3317-1-1024x683.jpg 1024w, https:\/\/www.yeryuzundebirkacadim.com\/wp-content\/uploads\/2020\/05\/IMG_3317-1-768x512.jpg 768w, https:\/\/www.yeryuzundebirkacadim.com\/wp-content\/uploads\/2020\/05\/IMG_3317-1-2048x1365.jpg 2048w, https:\/\/www.yeryuzundebirkacadim.com\/wp-content\/uploads\/2020\/05\/IMG_3317-1-816x544.jpg 816w\" sizes=\"auto, (max-width: 1024px) 100vw, 1024px\" \/><\/p>\n<\/div>\n<p>Centre Georges Pompidou\u2019nun en \u00fcst kat\u0131nda Paris\u2019i g\u00f6zler \u00f6n\u00fcne seren bir teras yer al\u0131yor.<\/p>\n<p>Pompidou Teras\u0131&#8217;ndan Notre Dame.<\/p>\n<p><img loading=\"lazy\" decoding=\"async\" class=\"alignnone size-medium wp-image-4007\" src=\"https:\/\/www.yeryuzundebirkacadim.com\/wp-content\/uploads\/2020\/05\/IMG_3495-1-1024x683.jpg\" alt=\"\" width=\"1024\" height=\"683\" srcset=\"https:\/\/www.yeryuzundebirkacadim.com\/wp-content\/uploads\/2020\/05\/IMG_3495-1-1024x683.jpg 1024w, https:\/\/www.yeryuzundebirkacadim.com\/wp-content\/uploads\/2020\/05\/IMG_3495-1-768x512.jpg 768w, https:\/\/www.yeryuzundebirkacadim.com\/wp-content\/uploads\/2020\/05\/IMG_3495-1-2048x1366.jpg 2048w, https:\/\/www.yeryuzundebirkacadim.com\/wp-content\/uploads\/2020\/05\/IMG_3495-1-816x544.jpg 816w\" sizes=\"auto, (max-width: 1024px) 100vw, 1024px\" \/><\/p>\n<p>St. Jacques Kulesi<\/p>\n<p><img loading=\"lazy\" decoding=\"async\" class=\"alignnone size-medium wp-image-4005\" src=\"https:\/\/www.yeryuzundebirkacadim.com\/wp-content\/uploads\/2020\/05\/IMG_3499-1-1024x683.jpg\" alt=\"\" width=\"1024\" height=\"683\" srcset=\"https:\/\/www.yeryuzundebirkacadim.com\/wp-content\/uploads\/2020\/05\/IMG_3499-1-1024x683.jpg 1024w, https:\/\/www.yeryuzundebirkacadim.com\/wp-content\/uploads\/2020\/05\/IMG_3499-1-768x512.jpg 768w, https:\/\/www.yeryuzundebirkacadim.com\/wp-content\/uploads\/2020\/05\/IMG_3499-1-2048x1365.jpg 2048w, https:\/\/www.yeryuzundebirkacadim.com\/wp-content\/uploads\/2020\/05\/IMG_3499-1-816x544.jpg 816w\" sizes=\"auto, (max-width: 1024px) 100vw, 1024px\" \/><\/p>\n<\/div>\n<div class=\"wpautoterms-footer\">\n<p>Ak\u015fam, \u015eanzelize Caddesi \u00fczerinde bulunan Lido \u015fova gittik. (Lido de Paris).<\/p>\n<p><strong>4. G\u00fcn 27 A\u011fustos 2015 Per\u015fembe<\/strong><\/p>\n<p><strong>Palais Garnier<\/strong><\/p>\n<p><img loading=\"lazy\" decoding=\"async\" class=\"alignnone size-medium wp-image-3981\" src=\"https:\/\/www.yeryuzundebirkacadim.com\/wp-content\/uploads\/2020\/05\/IMG_3378-1-1024x683.jpg\" alt=\"\" width=\"1024\" height=\"683\" srcset=\"https:\/\/www.yeryuzundebirkacadim.com\/wp-content\/uploads\/2020\/05\/IMG_3378-1-1024x683.jpg 1024w, https:\/\/www.yeryuzundebirkacadim.com\/wp-content\/uploads\/2020\/05\/IMG_3378-1-768x512.jpg 768w, https:\/\/www.yeryuzundebirkacadim.com\/wp-content\/uploads\/2020\/05\/IMG_3378-1-2048x1365.jpg 2048w, https:\/\/www.yeryuzundebirkacadim.com\/wp-content\/uploads\/2020\/05\/IMG_3378-1-816x544.jpg 816w\" sizes=\"auto, (max-width: 1024px) 100vw, 1024px\" \/><\/p>\n<\/div>\n<\/div>\n<\/div>\n<\/div>\n<p>Charles Garnier&#8217;in III. Napolyon i\u00e7in tasarlad\u0131\u011f\u0131 g\u00f6steri\u015fli Opera Binas\u0131. D\u0131\u015f\u0131ndan foto\u011fraflay\u0131p ge\u00e7iyoruz.<\/p>\n<p><strong>La Fayette Ma\u011fazas\u0131<\/strong><\/p>\n<p><img loading=\"lazy\" decoding=\"async\" class=\"alignnone size-medium wp-image-3983\" src=\"https:\/\/www.yeryuzundebirkacadim.com\/wp-content\/uploads\/2020\/05\/IMG_3383-1024x683.jpg\" alt=\"\" width=\"1024\" height=\"683\" srcset=\"https:\/\/www.yeryuzundebirkacadim.com\/wp-content\/uploads\/2020\/05\/IMG_3383-1024x683.jpg 1024w, https:\/\/www.yeryuzundebirkacadim.com\/wp-content\/uploads\/2020\/05\/IMG_3383-768x512.jpg 768w, https:\/\/www.yeryuzundebirkacadim.com\/wp-content\/uploads\/2020\/05\/IMG_3383-2048x1366.jpg 2048w, https:\/\/www.yeryuzundebirkacadim.com\/wp-content\/uploads\/2020\/05\/IMG_3383-816x544.jpg 816w\" sizes=\"auto, (max-width: 1024px) 100vw, 1024px\" \/> <img loading=\"lazy\" decoding=\"async\" class=\"alignnone size-medium wp-image-3984\" src=\"https:\/\/www.yeryuzundebirkacadim.com\/wp-content\/uploads\/2020\/05\/IMG_3385-1024x683.jpg\" alt=\"\" width=\"1024\" height=\"683\" srcset=\"https:\/\/www.yeryuzundebirkacadim.com\/wp-content\/uploads\/2020\/05\/IMG_3385-1024x683.jpg 1024w, https:\/\/www.yeryuzundebirkacadim.com\/wp-content\/uploads\/2020\/05\/IMG_3385-768x512.jpg 768w, https:\/\/www.yeryuzundebirkacadim.com\/wp-content\/uploads\/2020\/05\/IMG_3385-2048x1366.jpg 2048w, https:\/\/www.yeryuzundebirkacadim.com\/wp-content\/uploads\/2020\/05\/IMG_3385-816x544.jpg 816w\" sizes=\"auto, (max-width: 1024px) 100vw, 1024px\" \/><\/p>\n<p>\u015eanzelize \u00fczerinde bulunuyor. Son derece l\u00fcks bir al\u0131\u015f veri\u015f merkezi. \u00c7ok da g\u00fczel. Teras manzaras\u0131 ise harika.<\/p>\n<p><strong>Madaleine Kilisesi<\/strong><\/p>\n<p><img loading=\"lazy\" decoding=\"async\" class=\"alignnone size-medium wp-image-3985\" src=\"https:\/\/www.yeryuzundebirkacadim.com\/wp-content\/uploads\/2020\/05\/IMG_3418-1-1024x683.jpg\" alt=\"\" width=\"1024\" height=\"683\" srcset=\"https:\/\/www.yeryuzundebirkacadim.com\/wp-content\/uploads\/2020\/05\/IMG_3418-1-1024x683.jpg 1024w, https:\/\/www.yeryuzundebirkacadim.com\/wp-content\/uploads\/2020\/05\/IMG_3418-1-768x512.jpg 768w, https:\/\/www.yeryuzundebirkacadim.com\/wp-content\/uploads\/2020\/05\/IMG_3418-1-2048x1365.jpg 2048w, https:\/\/www.yeryuzundebirkacadim.com\/wp-content\/uploads\/2020\/05\/IMG_3418-1-816x544.jpg 816w\" sizes=\"auto, (max-width: 1024px) 100vw, 1024px\" \/><\/p>\n<p>1764 y\u0131l\u0131nda Yunan Tap\u0131na\u011f\u0131 bi\u00e7iminde in\u015fa edilen kilise, 29 metre uzunlu\u011funda 52 adet korint tarz\u0131 s\u00fctunla \u00e7evrelenmi\u015ftir. Di\u011fer kiliselerden farkl\u0131 olarak ha\u00e7 bi\u00e7imli de\u011fildir ve \u00e7an kulesi yoktur. 1845&#8217;de Mecdelli Meryem (Magdalene)&#8217;e adanm\u0131\u015ft\u0131r.<\/p>\n<p>Al\u0131nl\u0131kta K\u0131yamet G\u00fcn\u00fc tasvir edilmi\u015ftir.<\/p>\n<p>Bronz kap\u0131larda On Emir&#8217;i anlatan kabartmalar vard\u0131r.<\/p>\n<p><img loading=\"lazy\" decoding=\"async\" class=\"alignnone size-medium wp-image-3987\" src=\"https:\/\/www.yeryuzundebirkacadim.com\/wp-content\/uploads\/2020\/05\/IMG_3393-1024x683.jpg\" alt=\"\" width=\"1024\" height=\"683\" srcset=\"https:\/\/www.yeryuzundebirkacadim.com\/wp-content\/uploads\/2020\/05\/IMG_3393-1024x683.jpg 1024w, https:\/\/www.yeryuzundebirkacadim.com\/wp-content\/uploads\/2020\/05\/IMG_3393-768x512.jpg 768w, https:\/\/www.yeryuzundebirkacadim.com\/wp-content\/uploads\/2020\/05\/IMG_3393-2048x1365.jpg 2048w, https:\/\/www.yeryuzundebirkacadim.com\/wp-content\/uploads\/2020\/05\/IMG_3393-816x544.jpg 816w\" sizes=\"auto, (max-width: 1024px) 100vw, 1024px\" \/><\/p>\n<p><img loading=\"lazy\" decoding=\"async\" class=\"alignnone size-medium wp-image-3988\" src=\"https:\/\/www.yeryuzundebirkacadim.com\/wp-content\/uploads\/2020\/05\/IMG_3394-1024x683.jpg\" alt=\"\" width=\"1024\" height=\"683\" srcset=\"https:\/\/www.yeryuzundebirkacadim.com\/wp-content\/uploads\/2020\/05\/IMG_3394-1024x683.jpg 1024w, https:\/\/www.yeryuzundebirkacadim.com\/wp-content\/uploads\/2020\/05\/IMG_3394-768x512.jpg 768w, https:\/\/www.yeryuzundebirkacadim.com\/wp-content\/uploads\/2020\/05\/IMG_3394-2048x1365.jpg 2048w, https:\/\/www.yeryuzundebirkacadim.com\/wp-content\/uploads\/2020\/05\/IMG_3394-816x544.jpg 816w\" sizes=\"auto, (max-width: 1024px) 100vw, 1024px\" \/><\/p>\n<p>Gotik tarzda i\u015flenmi\u015f i\u00e7 mekanda g\u00f6steri\u015fli mermer s\u00fcslemeler ve alt\u0131n varaklar kullan\u0131lm\u0131\u015ft\u0131r. Sunakta Magdalene Heykeli bulunur.<\/p>\n<p><img loading=\"lazy\" decoding=\"async\" class=\"alignnone size-medium wp-image-3993\" src=\"https:\/\/www.yeryuzundebirkacadim.com\/wp-content\/uploads\/2020\/05\/IMG_3400-1-1024x683.jpg\" alt=\"\" width=\"1024\" height=\"683\" srcset=\"https:\/\/www.yeryuzundebirkacadim.com\/wp-content\/uploads\/2020\/05\/IMG_3400-1-1024x683.jpg 1024w, https:\/\/www.yeryuzundebirkacadim.com\/wp-content\/uploads\/2020\/05\/IMG_3400-1-768x512.jpg 768w, https:\/\/www.yeryuzundebirkacadim.com\/wp-content\/uploads\/2020\/05\/IMG_3400-1-2048x1365.jpg 2048w, https:\/\/www.yeryuzundebirkacadim.com\/wp-content\/uploads\/2020\/05\/IMG_3400-1-816x544.jpg 816w\" sizes=\"auto, (max-width: 1024px) 100vw, 1024px\" \/><\/p>\n<p>\u0130sa&#8217;n\u0131n Vaftizi Heykeli, Fran\u00e7ois Rude taraf\u0131ndan yap\u0131lm\u0131\u015ft\u0131r.<\/p>\n<p><img loading=\"lazy\" decoding=\"async\" class=\"alignnone size-medium wp-image-3992\" src=\"https:\/\/www.yeryuzundebirkacadim.com\/wp-content\/uploads\/2020\/05\/IMG_3395-1-1024x683.jpg\" alt=\"\" width=\"1024\" height=\"683\" srcset=\"https:\/\/www.yeryuzundebirkacadim.com\/wp-content\/uploads\/2020\/05\/IMG_3395-1-1024x683.jpg 1024w, https:\/\/www.yeryuzundebirkacadim.com\/wp-content\/uploads\/2020\/05\/IMG_3395-1-768x512.jpg 768w, https:\/\/www.yeryuzundebirkacadim.com\/wp-content\/uploads\/2020\/05\/IMG_3395-1-2048x1365.jpg 2048w, https:\/\/www.yeryuzundebirkacadim.com\/wp-content\/uploads\/2020\/05\/IMG_3395-1-816x544.jpg 816w\" sizes=\"auto, (max-width: 1024px) 100vw, 1024px\" \/><\/p>\n<p>Concorde Meydan\u0131&#8217;ndan Royale caddesi boyunca bak\u0131ld\u0131\u011f\u0131nda yolun kar\u015f\u0131s\u0131na konumlanm\u0131\u015f Madaleine Kilisesi&#8217;nin gece g\u00f6r\u00fcn\u00fcm\u00fc.<\/p>\n<p><img loading=\"lazy\" decoding=\"async\" class=\"alignnone size-medium wp-image-3994\" src=\"https:\/\/www.yeryuzundebirkacadim.com\/wp-content\/uploads\/2020\/05\/IMG_3081-1-1024x683.jpg\" alt=\"\" width=\"1024\" height=\"683\" srcset=\"https:\/\/www.yeryuzundebirkacadim.com\/wp-content\/uploads\/2020\/05\/IMG_3081-1-1024x683.jpg 1024w, https:\/\/www.yeryuzundebirkacadim.com\/wp-content\/uploads\/2020\/05\/IMG_3081-1-768x512.jpg 768w, https:\/\/www.yeryuzundebirkacadim.com\/wp-content\/uploads\/2020\/05\/IMG_3081-1-2048x1365.jpg 2048w, https:\/\/www.yeryuzundebirkacadim.com\/wp-content\/uploads\/2020\/05\/IMG_3081-1-816x544.jpg 816w\" sizes=\"auto, (max-width: 1024px) 100vw, 1024px\" \/><\/p>\n<p><strong>Concorde Meydan\u0131<\/strong><\/p>\n<p>Bir taraf\u0131nda Tuileries Bah\u00e7eleri di\u011fer yan\u0131nda \u015eanzelize&#8217;nin ba\u015flang\u0131\u00e7 k\u0131sm\u0131 bulunur. 1755-1775 y\u0131llar\u0131nda Mimar Gabriel taraf\u0131ndan XV. Louis Heykeli&#8217;ne mekan olarak tasarlanm\u0131\u015ft\u0131. Ancak 1792&#8217;de Devrim Meydan\u0131&#8217;na d\u00f6n\u00fc\u015ft\u00fc ve an\u0131t\u0131n yerini giyotin ald\u0131. XVI. Louis ve Marie Antoinette&#8217;in de aralar\u0131nda bulundu\u011fu bini a\u015fk\u0131n ki\u015fi burada \u00f6ld\u00fcr\u00fcld\u00fc. 1795&#8217;de uzla\u015fma ile bug\u00fcnk\u00fc ad\u0131n\u0131 (Uzla\u015fma) alm\u0131\u015ft\u0131r. Merkezdeki Dikilita\u015f M\u0131s\u0131r&#8217;\u0131n hediyesi olarak 3300 y\u0131ll\u0131k Luksor Tap\u0131na\u011f\u0131&#8217;ndan getirilmi\u015f ve 1833 y\u0131l\u0131nda buraya dikilmi\u015ftir. Meydana daha sonra 2 \u00e7e\u015fme ve Frans\u0131z \u015fehirlerini temsil eden 8 heykel eklenmi\u015ftir. Meydan\u0131n kuzey taraf\u0131na yine Gabriel taraf\u0131ndan iki otel (Hotel de la Marine ve Hotel CrillonMalikaneleri) yap\u0131lm\u0131\u015ft\u0131r.<\/p>\n<p><img loading=\"lazy\" decoding=\"async\" class=\"alignnone size-medium wp-image-3998\" src=\"https:\/\/www.yeryuzundebirkacadim.com\/wp-content\/uploads\/2020\/05\/IMG_3439-1-1-1024x683.jpg\" alt=\"\" width=\"1024\" height=\"683\" srcset=\"https:\/\/www.yeryuzundebirkacadim.com\/wp-content\/uploads\/2020\/05\/IMG_3439-1-1-1024x683.jpg 1024w, https:\/\/www.yeryuzundebirkacadim.com\/wp-content\/uploads\/2020\/05\/IMG_3439-1-1-768x512.jpg 768w, https:\/\/www.yeryuzundebirkacadim.com\/wp-content\/uploads\/2020\/05\/IMG_3439-1-1-2048x1365.jpg 2048w, https:\/\/www.yeryuzundebirkacadim.com\/wp-content\/uploads\/2020\/05\/IMG_3439-1-1-816x544.jpg 816w\" sizes=\"auto, (max-width: 1024px) 100vw, 1024px\" \/><\/p>\n<p>Dikilita\u015f&#8217;\u0131n arkas\u0131ndan Sen Nehri&#8217;nin kar\u015f\u0131 yakas\u0131nda yer alan <strong>Bourbon Saray\u0131 (Ulusal Meclis Binas\u0131)<\/strong> g\u00f6r\u00fcl\u00fcyor.<\/p>\n<p><img loading=\"lazy\" decoding=\"async\" class=\"alignnone size-medium wp-image-3999\" src=\"https:\/\/www.yeryuzundebirkacadim.com\/wp-content\/uploads\/2020\/05\/IMG_3441-1-1024x683.jpg\" alt=\"\" width=\"1024\" height=\"683\" srcset=\"https:\/\/www.yeryuzundebirkacadim.com\/wp-content\/uploads\/2020\/05\/IMG_3441-1-1024x683.jpg 1024w, https:\/\/www.yeryuzundebirkacadim.com\/wp-content\/uploads\/2020\/05\/IMG_3441-1-768x512.jpg 768w, https:\/\/www.yeryuzundebirkacadim.com\/wp-content\/uploads\/2020\/05\/IMG_3441-1-2048x1365.jpg 2048w, https:\/\/www.yeryuzundebirkacadim.com\/wp-content\/uploads\/2020\/05\/IMG_3441-1-816x544.jpg 816w\" sizes=\"auto, (max-width: 1024px) 100vw, 1024px\" \/><\/p>\n<p>Gece g\u00f6r\u00fcn\u00fcm\u00fc.<\/p>\n<p><img loading=\"lazy\" decoding=\"async\" class=\"alignnone size-medium wp-image-3996\" src=\"https:\/\/www.yeryuzundebirkacadim.com\/wp-content\/uploads\/2020\/05\/IMG_3079-1-1024x683.jpg\" alt=\"\" width=\"1024\" height=\"683\" srcset=\"https:\/\/www.yeryuzundebirkacadim.com\/wp-content\/uploads\/2020\/05\/IMG_3079-1-1024x683.jpg 1024w, https:\/\/www.yeryuzundebirkacadim.com\/wp-content\/uploads\/2020\/05\/IMG_3079-1-768x512.jpg 768w, https:\/\/www.yeryuzundebirkacadim.com\/wp-content\/uploads\/2020\/05\/IMG_3079-1-2048x1366.jpg 2048w, https:\/\/www.yeryuzundebirkacadim.com\/wp-content\/uploads\/2020\/05\/IMG_3079-1-816x544.jpg 816w\" sizes=\"auto, (max-width: 1024px) 100vw, 1024px\" \/><\/p>\n<p><strong>Cumhuriyet Meydan\u0131 (Place de la Republic)<\/strong><\/p>\n<p><img loading=\"lazy\" decoding=\"async\" class=\"alignnone size-medium wp-image-4003\" src=\"https:\/\/www.yeryuzundebirkacadim.com\/wp-content\/uploads\/2020\/05\/IMG_3489-1-1024x629.jpg\" alt=\"\" width=\"1024\" height=\"629\" srcset=\"https:\/\/www.yeryuzundebirkacadim.com\/wp-content\/uploads\/2020\/05\/IMG_3489-1-1024x629.jpg 1024w, https:\/\/www.yeryuzundebirkacadim.com\/wp-content\/uploads\/2020\/05\/IMG_3489-1-768x472.jpg 768w, https:\/\/www.yeryuzundebirkacadim.com\/wp-content\/uploads\/2020\/05\/IMG_3489-1-2048x1259.jpg 2048w, https:\/\/www.yeryuzundebirkacadim.com\/wp-content\/uploads\/2020\/05\/IMG_3489-1-816x502.jpg 816w\" sizes=\"auto, (max-width: 1024px) 100vw, 1024px\" \/><\/p>\n<p><strong>Vosges Meydan\u0131<\/strong><\/p>\n<p><img loading=\"lazy\" decoding=\"async\" class=\"alignnone size-medium wp-image-4010\" src=\"https:\/\/www.yeryuzundebirkacadim.com\/wp-content\/uploads\/2020\/05\/IMG_3473-1-1024x683.jpg\" alt=\"\" width=\"1024\" height=\"683\" srcset=\"https:\/\/www.yeryuzundebirkacadim.com\/wp-content\/uploads\/2020\/05\/IMG_3473-1-1024x683.jpg 1024w, https:\/\/www.yeryuzundebirkacadim.com\/wp-content\/uploads\/2020\/05\/IMG_3473-1-768x512.jpg 768w, https:\/\/www.yeryuzundebirkacadim.com\/wp-content\/uploads\/2020\/05\/IMG_3473-1-2048x1365.jpg 2048w, https:\/\/www.yeryuzundebirkacadim.com\/wp-content\/uploads\/2020\/05\/IMG_3473-1-816x544.jpg 816w\" sizes=\"auto, (max-width: 1024px) 100vw, 1024px\" \/><\/p>\n<p>Place des Vosges, Paris&#8217;in en eski ve g\u00fczel meydanlar\u0131ndan biridir. Meydan, tarihi semtlerinden biri olan Marais&#8217;te bulunuyor. Etraf\u0131 k\u0131rm\u0131z\u0131 tu\u011flal\u0131 cephelere sahip g\u00fczel binalarla \u00e7evrili. 17. ve 18. y\u00fczy\u0131llar\u0131n bir\u00e7ok kona\u011f\u0131 uluslararas\u0131 \u00fcne sahip m\u00fczelere d\u00f6n\u00fc\u015ft\u00fcr\u00fclm\u00fc\u015ft\u00fcr: Picasso M\u00fczesi, Victor Hugo M\u00fcze Evi, Carnavalet M\u00fczesi gibi.<\/p>\n<p>Ak\u015fam yeme\u011fi i\u00e7in Pompidou&#8217;ya yak\u0131n <strong>Bistro Beaubourg<\/strong>&#8216;a gidiyoruz.<\/p>\n<p><img loading=\"lazy\" decoding=\"async\" class=\"alignnone size-medium wp-image-4006\" src=\"https:\/\/www.yeryuzundebirkacadim.com\/wp-content\/uploads\/2020\/05\/IMG_3506-1-1024x683.jpg\" alt=\"\" width=\"1024\" height=\"683\" srcset=\"https:\/\/www.yeryuzundebirkacadim.com\/wp-content\/uploads\/2020\/05\/IMG_3506-1-1024x683.jpg 1024w, https:\/\/www.yeryuzundebirkacadim.com\/wp-content\/uploads\/2020\/05\/IMG_3506-1-768x512.jpg 768w, https:\/\/www.yeryuzundebirkacadim.com\/wp-content\/uploads\/2020\/05\/IMG_3506-1-2048x1365.jpg 2048w, https:\/\/www.yeryuzundebirkacadim.com\/wp-content\/uploads\/2020\/05\/IMG_3506-1-816x544.jpg 816w\" sizes=\"auto, (max-width: 1024px) 100vw, 1024px\" \/><\/p>\n<p><strong>5. G\u00fcn 28 A\u011fustos 2015 Cuma<\/strong><\/p>\n<p>Selman&#8217;\u0131n iste\u011fi do\u011frultusunda yolumuz a\u00e7\u0131k hava m\u00fczesi gibi d\u00fc\u015f\u00fcn\u00fclen bir mezarl\u0131\u011f\u0131 d\u00fc\u015f\u00fcyor.<\/p>\n<p><strong>Pere Lachaise Mezarl\u0131\u011f\u0131<\/strong><\/p>\n<p><img loading=\"lazy\" decoding=\"async\" class=\"alignnone size-medium wp-image-4013\" src=\"https:\/\/www.yeryuzundebirkacadim.com\/wp-content\/uploads\/2020\/05\/P1050534-1024x768.jpg\" alt=\"\" width=\"1024\" height=\"768\" srcset=\"https:\/\/www.yeryuzundebirkacadim.com\/wp-content\/uploads\/2020\/05\/P1050534-1024x768.jpg 1024w, https:\/\/www.yeryuzundebirkacadim.com\/wp-content\/uploads\/2020\/05\/P1050534-768x576.jpg 768w, https:\/\/www.yeryuzundebirkacadim.com\/wp-content\/uploads\/2020\/05\/P1050534-2048x1536.jpg 2048w, https:\/\/www.yeryuzundebirkacadim.com\/wp-content\/uploads\/2020\/05\/P1050534-816x612.jpg 816w\" sizes=\"auto, (max-width: 1024px) 100vw, 1024px\" \/><\/p>\n<p>Paris&#8217;in en \u00e7ok ziyaret edilen mezarl\u0131\u011f\u0131. Mezarl\u0131\u011fa girdi\u011fimizde Fransa&#8217;n\u0131n mezarl\u0131k k\u00fclt\u00fcr\u00fcn\u00fc de g\u00f6rm\u00fc\u015f oluyoruz. Buras\u0131 bir\u00e7ok \u00fcnl\u00fc insan\u0131n son dinlenme yeri. Yakla\u015f\u0131k \u00a040 \u015fark\u0131c\u0131,\u00a040 besteci ve 75 ressam\u0131n mezar\u0131 varm\u0131\u015f.<\/p>\n<p>Honore de Balzac , Colette, Eugene Delacroix , Raymond Radiguet, Maria Callas, Auguste Comte, Oscar Wilde, Sarah Bernhardt ve Edith Piaf\u00a0 mezarl\u0131\u011f\u0131n \u00fcnl\u00fc isimlerinden baz\u0131lar\u0131.<\/p>\n<p>Frederic Chopin&#8217;in mezar\u0131 da buradad\u0131r. Kalbi ise vasiyeti \u00fczerine annesinin memleketi, \u00e7ok sevdi\u011fi Polonya&#8217;da g\u00f6m\u00fclm\u00fc\u015ft\u00fcr.<\/p>\n<p><img loading=\"lazy\" decoding=\"async\" class=\"alignnone size-medium wp-image-4012\" src=\"https:\/\/www.yeryuzundebirkacadim.com\/wp-content\/uploads\/2020\/05\/P1050536-1024x768.jpg\" alt=\"\" width=\"1024\" height=\"768\" srcset=\"https:\/\/www.yeryuzundebirkacadim.com\/wp-content\/uploads\/2020\/05\/P1050536-1024x768.jpg 1024w, https:\/\/www.yeryuzundebirkacadim.com\/wp-content\/uploads\/2020\/05\/P1050536-768x576.jpg 768w, https:\/\/www.yeryuzundebirkacadim.com\/wp-content\/uploads\/2020\/05\/P1050536-2048x1536.jpg 2048w, https:\/\/www.yeryuzundebirkacadim.com\/wp-content\/uploads\/2020\/05\/P1050536-816x612.jpg 816w\" sizes=\"auto, (max-width: 1024px) 100vw, 1024px\" \/><\/p>\n<p>Bir\u00e7ok g\u00fczel heykel de mezarl\u0131\u011f\u0131 s\u00fcslemektedir.<\/p>\n<p><img loading=\"lazy\" decoding=\"async\" class=\"alignnone size-medium wp-image-4011\" src=\"https:\/\/www.yeryuzundebirkacadim.com\/wp-content\/uploads\/2020\/05\/P1050535-1024x768.jpg\" alt=\"\" width=\"1024\" height=\"768\" srcset=\"https:\/\/www.yeryuzundebirkacadim.com\/wp-content\/uploads\/2020\/05\/P1050535-1024x768.jpg 1024w, https:\/\/www.yeryuzundebirkacadim.com\/wp-content\/uploads\/2020\/05\/P1050535-768x576.jpg 768w, https:\/\/www.yeryuzundebirkacadim.com\/wp-content\/uploads\/2020\/05\/P1050535-2048x1536.jpg 2048w, https:\/\/www.yeryuzundebirkacadim.com\/wp-content\/uploads\/2020\/05\/P1050535-816x612.jpg 816w\" sizes=\"auto, (max-width: 1024px) 100vw, 1024px\" \/><\/p>\n<p>Evet gezimizi burada noktal\u0131yoruz.<\/p>\n<p>Yeni \u015feyler \u00f6\u011frenece\u011fimiz, tarih bilgilerimizi tazeleyece\u011fimiz, yeni k\u00fclt\u00fcrlerle tan\u0131\u015faca\u011f\u0131m\u0131z nice g\u00fczel gezilere&#8230;<\/p>\n<section class=\"entry image\" data-id=\"56f9969d397b4e9b0416bec2\" data-version=\"1459200018893\" data-signature=\"b00740ac3c5e3d06b98d5c83e3fddb74073a7956efa59e0e67037193275c6eda\"><\/section>\n<section class=\"entry image\" data-id=\"56f9969d397b4e9b0416bec5\" data-version=\"1459200018897\" data-signature=\"60a609b7d59b1cb1bd0532abd4a2c9b5ebcf53394778ec50b6b313496f474a8d\"><\/section>\n<section class=\"entry image\" data-id=\"56f9969d397b4e9b0416bec8\" data-version=\"1459200018904\" data-signature=\"b00740ac3c5e3d06b98d5c83e3fddb74073a7956efa59e0e67037193275c6eda\">\n<figure>\n<div class=\"image wrapper\">\n<figure class=\"ar\">\n<div class=\"aspect-fix\"><\/div>\n<\/figure>\n<\/div>\n<\/figure>\n<\/section>\n<section class=\"entry image\" data-id=\"56f9969d397b4e9b0416bec9\" data-version=\"1459200018905\" data-signature=\"6ed90587052e90761814db4ef74a671bc7ef6b95da0f172316a485f07030a39f\">\n<h2><\/h2>\n<figure>\n<div class=\"image wrapper\"><\/div>\n<\/figure>\n<\/section>\n<section class=\"entry image\" data-id=\"56f9969d397b4e9b0416becc\" data-version=\"1459200018908\" data-signature=\"e47355916baf0838b609872bafee0fd22ccfa23271a9a49e7f29222892a698a7\">\n<h2><\/h2>\n<\/section>\n<p>&nbsp;<\/p>\n","protected":false},"excerpt":{"rendered":"<p>24 A\u011eUSTOS &#8211; 28 A\u011eUSTOS 2015 PAR\u0130S GEZ\u0130S\u0130 Vefa&#8217;yla Paris&#8217;e ilk kez 2000 y\u0131l\u0131nda gitmi\u015ftik. Bu sefer \u00e7ocuklarla geldi\u011fimiz Paris&#8217;te k\u00fclt\u00fcr gezisi yapabilmenin yan\u0131nda \u015fehrin sokaklar\u0131nda tela\u015feye yer vermeden gezip hissetmek istiyoruz bu \u015fehri.<\/p>\n","protected":false},"author":1,"featured_media":4015,"comment_status":"closed","ping_status":"closed","sticky":false,"template":"","format":"standard","meta":{"footnotes":""},"categories":[442],"tags":[445,3,452,449,456,455,450,443,446,453,454,448,451,447,444],"class_list":["post-3824","post","type-post","status-publish","format-standard","has-post-thumbnail","hentry","category-paris","tag-eyfel","tag-gezi","tag-luksemburg","tag-mouffetard","tag-moulin-rouge","tag-notre-dame","tag-pantheon","tag-paris","tag-sacre-couer","tag-saint-german","tag-saint-michel","tag-sanzelize","tag-sorbon","tag-triomphe","tag-trocadero"],"_links":{"self":[{"href":"https:\/\/www.yeryuzundebirkacadim.com\/index.php\/wp-json\/wp\/v2\/posts\/3824","targetHints":{"allow":["GET"]}}],"collection":[{"href":"https:\/\/www.yeryuzundebirkacadim.com\/index.php\/wp-json\/wp\/v2\/posts"}],"about":[{"href":"https:\/\/www.yeryuzundebirkacadim.com\/index.php\/wp-json\/wp\/v2\/types\/post"}],"author":[{"embeddable":true,"href":"https:\/\/www.yeryuzundebirkacadim.com\/index.php\/wp-json\/wp\/v2\/users\/1"}],"replies":[{"embeddable":true,"href":"https:\/\/www.yeryuzundebirkacadim.com\/index.php\/wp-json\/wp\/v2\/comments?post=3824"}],"version-history":[{"count":93,"href":"https:\/\/www.yeryuzundebirkacadim.com\/index.php\/wp-json\/wp\/v2\/posts\/3824\/revisions"}],"predecessor-version":[{"id":4042,"href":"https:\/\/www.yeryuzundebirkacadim.com\/index.php\/wp-json\/wp\/v2\/posts\/3824\/revisions\/4042"}],"wp:featuredmedia":[{"embeddable":true,"href":"https:\/\/www.yeryuzundebirkacadim.com\/index.php\/wp-json\/wp\/v2\/media\/4015"}],"wp:attachment":[{"href":"https:\/\/www.yeryuzundebirkacadim.com\/index.php\/wp-json\/wp\/v2\/media?parent=3824"}],"wp:term":[{"taxonomy":"category","embeddable":true,"href":"https:\/\/www.yeryuzundebirkacadim.com\/index.php\/wp-json\/wp\/v2\/categories?post=3824"},{"taxonomy":"post_tag","embeddable":true,"href":"https:\/\/www.yeryuzundebirkacadim.com\/index.php\/wp-json\/wp\/v2\/tags?post=3824"}],"curies":[{"name":"wp","href":"https:\/\/api.w.org\/{rel}","templated":true}]}}