


{"id":3434,"date":"2020-05-01T15:14:31","date_gmt":"2020-05-01T12:14:31","guid":{"rendered":"http:\/\/www.yeryuzundebirkacadim.com\/?p=3434"},"modified":"2024-08-19T13:56:25","modified_gmt":"2024-08-19T10:56:25","slug":"casablanca-taslak","status":"publish","type":"post","link":"https:\/\/www.yeryuzundebirkacadim.com\/index.php\/2020\/05\/01\/casablanca-taslak\/","title":{"rendered":"Casablanca"},"content":{"rendered":"<p><strong>1. G\u00fcn 15 Eyl\u00fcl 2018 Cumartesi<\/strong><\/p>\n<p>Sabah 11.20 THY u\u00e7a\u011f\u0131 ile Casablanca&#8217;ya u\u00e7uyoruz. Yolculuk 4,5 saat s\u00fcr\u00fcyor.<\/p>\n<p>\u0130ner inmez panoramik \u015fehir turuna ba\u015fl\u0131yoruz.<\/p>\n<p><!--more--><\/p>\n<p>1515&#8217;te Portekizliler burada &#8220;Casa Branca&#8221; (beyaz ev) ad\u0131nda bir \u015fehir kuruyor.\u00a018. y\u00fczy\u0131lda buraya yerle\u015fen \u0130spanyol tacirler bu ad\u0131 Casablanca\u00a0 olarak devam ettirmi\u015fler.\u00a0Arap\u00e7a&#8217;da \u015fehrin ad\u0131 &#8220;beyaz ev&#8221; anlam\u0131nda &#8220;Dar\u00fc&#8217;l-Beyza&#8221;d\u0131r. Ama \u00e7o\u011fu Fasl\u0131 buraya sadece &#8220;Casa&#8221; diyormu\u015f.<\/p>\n<p>\u015eehir, Protektora d\u00f6neminde h\u0131zla b\u00fcy\u00fcy\u00fcp, \u00fclkenin ekonomi ve end\u00fcstri ba\u015fkenti olmu\u015f.<\/p>\n<p>\u0130sminin yaratt\u0131\u011f\u0131 etki m\u00fcthi\u015f. Zannediyorsunuz ki Fas&#8217;\u0131n en g\u00fczel, en etkileyici, \u015fehri. Ama pek de \u00f6yle de\u011fil asl\u0131nda.<\/p>\n<p>Fas&#8217;\u0131n egzotik havas\u0131ndan ziyade protektora ruhunu yans\u0131tan, modern bir \u015fehir g\u00f6r\u00fcnt\u00fcs\u00fcnde.<\/p>\n<p>\u00d6nce, Humphrey Bogart ve \u0130ngrid Bergman&#8217;\u0131n ba\u015f rollerini payla\u015ft\u0131\u011f\u0131, Michael Curtiz&#8217;in y\u00f6netti\u011fi, 1942 yap\u0131m\u0131, &#8220;En \u0130yi Film, Y\u00f6netmen ve Uyarlama Oskarlar\u0131&#8217;n\u0131&#8221; alan film geliyor akl\u0131m\u0131za. &#8220;Bir daha \u00e7al Sam&#8221;.<\/p>\n<p>Neyse s\u0131ray\u0131 bozmadan anlatal\u0131m. Modern g\u00f6r\u00fcn\u00fcml\u00fc \u015fehir caddelerinden ilerleyerek II. Hasan Camisi&#8217;ne geliyoruz.<\/p>\n<p><strong>II. Hasan Cami<\/strong><\/p>\n<p><img loading=\"lazy\" decoding=\"async\" class=\"alignnone size-medium wp-image-3463\" src=\"https:\/\/www.yeryuzundebirkacadim.com\/wp-content\/uploads\/2020\/04\/DSC05092-1-1024x684.jpg\" alt=\"\" width=\"1024\" height=\"684\" srcset=\"https:\/\/www.yeryuzundebirkacadim.com\/wp-content\/uploads\/2020\/04\/DSC05092-1-1024x684.jpg 1024w, https:\/\/www.yeryuzundebirkacadim.com\/wp-content\/uploads\/2020\/04\/DSC05092-1-768x513.jpg 768w, https:\/\/www.yeryuzundebirkacadim.com\/wp-content\/uploads\/2020\/04\/DSC05092-1-2048x1368.jpg 2048w, https:\/\/www.yeryuzundebirkacadim.com\/wp-content\/uploads\/2020\/04\/DSC05092-1-816x545.jpg 816w\" sizes=\"auto, (max-width: 1024px) 100vw, 1024px\" \/><\/p>\n<p>Casablanca&#8217;ya \u0130slami bir damga vurmak amac\u0131yla Frans\u0131z mimar Pinseau&#8217;ya yapt\u0131r\u0131lan cami Fas ve Emevi mimari \u00f6zelliklerini ta\u015f\u0131yor. 1993 y\u0131l\u0131nda tamamlanm\u0131\u015f. Casablanca&#8217;n\u0131n simge yap\u0131s\u0131d\u0131r. Yap\u0131m\u0131na t\u00fcm Fasl\u0131lar katk\u0131da bulunmu\u015f. Eski \u015fehrin kuzey ucunda, okyanus k\u0131y\u0131s\u0131nda bulunuyor. K\u0131smen deniz \u00fczerine in\u015fa edilmi\u015f. Okyanusun \u00fczerinde y\u00fcz\u00fcyormu\u015f izlenimi al\u0131n\u0131yor. 200 metre y\u00fcksekli\u011findeki minaresi ile <strong>d\u00fcnyan\u0131n en uzun<\/strong> minaresine sahip. Mekke&#8217;dekiler d\u0131\u015f\u0131nda <strong>d\u00fcnyan\u0131n en b\u00fcy\u00fck camisi<\/strong>. \u0130\u00e7 mekan 25 bin, d\u0131\u015f mekan 80 bin ki\u015fi kapasitesine sahip.<\/p>\n<p>Caminin yap\u0131m\u0131nda 10 bin zanaatkar \u00e7al\u0131\u015fm\u0131\u015f.<\/p>\n<p><img loading=\"lazy\" decoding=\"async\" class=\"alignnone size-medium wp-image-3464\" src=\"https:\/\/www.yeryuzundebirkacadim.com\/wp-content\/uploads\/2020\/04\/IMG_2183-1024x683.jpg\" alt=\"\" width=\"1024\" height=\"683\" srcset=\"https:\/\/www.yeryuzundebirkacadim.com\/wp-content\/uploads\/2020\/04\/IMG_2183-1024x683.jpg 1024w, https:\/\/www.yeryuzundebirkacadim.com\/wp-content\/uploads\/2020\/04\/IMG_2183-768x512.jpg 768w, https:\/\/www.yeryuzundebirkacadim.com\/wp-content\/uploads\/2020\/04\/IMG_2183-2048x1365.jpg 2048w, https:\/\/www.yeryuzundebirkacadim.com\/wp-content\/uploads\/2020\/04\/IMG_2183-816x544.jpg 816w\" sizes=\"auto, (max-width: 1024px) 100vw, 1024px\" \/><\/p>\n<p>Ayr\u0131nt\u0131l\u0131 ve zarif mermer oymac\u0131l\u0131\u011f\u0131 g\u00f6z al\u0131yor.<\/p>\n<p><img loading=\"lazy\" decoding=\"async\" class=\"alignnone size-medium wp-image-3459\" src=\"https:\/\/www.yeryuzundebirkacadim.com\/wp-content\/uploads\/2020\/04\/IMG_2202-1024x683.jpg\" alt=\"\" width=\"1024\" height=\"683\" srcset=\"https:\/\/www.yeryuzundebirkacadim.com\/wp-content\/uploads\/2020\/04\/IMG_2202-1024x683.jpg 1024w, https:\/\/www.yeryuzundebirkacadim.com\/wp-content\/uploads\/2020\/04\/IMG_2202-768x512.jpg 768w, https:\/\/www.yeryuzundebirkacadim.com\/wp-content\/uploads\/2020\/04\/IMG_2202-2048x1365.jpg 2048w, https:\/\/www.yeryuzundebirkacadim.com\/wp-content\/uploads\/2020\/04\/IMG_2202-816x544.jpg 816w\" sizes=\"auto, (max-width: 1024px) 100vw, 1024px\" \/><\/p>\n<p>Zellij \u00e7inileri.<\/p>\n<p><img loading=\"lazy\" decoding=\"async\" class=\"alignnone size-medium wp-image-3456\" src=\"https:\/\/www.yeryuzundebirkacadim.com\/wp-content\/uploads\/2020\/04\/IMG_2176-1-1024x683.jpg\" alt=\"\" width=\"1024\" height=\"683\" srcset=\"https:\/\/www.yeryuzundebirkacadim.com\/wp-content\/uploads\/2020\/04\/IMG_2176-1-1024x683.jpg 1024w, https:\/\/www.yeryuzundebirkacadim.com\/wp-content\/uploads\/2020\/04\/IMG_2176-1-768x512.jpg 768w, https:\/\/www.yeryuzundebirkacadim.com\/wp-content\/uploads\/2020\/04\/IMG_2176-1-2048x1365.jpg 2048w, https:\/\/www.yeryuzundebirkacadim.com\/wp-content\/uploads\/2020\/04\/IMG_2176-1-816x544.jpg 816w\" sizes=\"auto, (max-width: 1024px) 100vw, 1024px\" \/><\/p>\n<p><strong>Korni\u015f<\/strong><\/p>\n<p>II. Hasan Cami\u2019nin bat\u0131 taraf\u0131nda, Atlas Okyanusu boyunca uzanan sahil boyu, bizdeki kordon anlam\u0131nda Korni\u015f (Corniche) olarak adland\u0131r\u0131l\u0131yor. Oteller ve l\u00fcks mekanlar bulunuyor haliyle.<\/p>\n<p><img loading=\"lazy\" decoding=\"async\" class=\"alignnone size-medium wp-image-3455\" src=\"https:\/\/www.yeryuzundebirkacadim.com\/wp-content\/uploads\/2020\/04\/DSC05194-1-1024x684.jpg\" alt=\"\" width=\"1024\" height=\"684\" srcset=\"https:\/\/www.yeryuzundebirkacadim.com\/wp-content\/uploads\/2020\/04\/DSC05194-1-1024x684.jpg 1024w, https:\/\/www.yeryuzundebirkacadim.com\/wp-content\/uploads\/2020\/04\/DSC05194-1-768x513.jpg 768w, https:\/\/www.yeryuzundebirkacadim.com\/wp-content\/uploads\/2020\/04\/DSC05194-1-2048x1368.jpg 2048w, https:\/\/www.yeryuzundebirkacadim.com\/wp-content\/uploads\/2020\/04\/DSC05194-1-816x545.jpg 816w\" sizes=\"auto, (max-width: 1024px) 100vw, 1024px\" \/><\/p>\n<p><strong>Rick&#8217;s Cafe<\/strong><\/p>\n<p><img loading=\"lazy\" decoding=\"async\" class=\"alignnone size-medium wp-image-3465\" src=\"https:\/\/www.yeryuzundebirkacadim.com\/wp-content\/uploads\/2020\/04\/IMG_2226-1-1024x683.jpg\" alt=\"\" width=\"1024\" height=\"683\" srcset=\"https:\/\/www.yeryuzundebirkacadim.com\/wp-content\/uploads\/2020\/04\/IMG_2226-1-1024x683.jpg 1024w, https:\/\/www.yeryuzundebirkacadim.com\/wp-content\/uploads\/2020\/04\/IMG_2226-1-768x512.jpg 768w, https:\/\/www.yeryuzundebirkacadim.com\/wp-content\/uploads\/2020\/04\/IMG_2226-1-2048x1365.jpg 2048w, https:\/\/www.yeryuzundebirkacadim.com\/wp-content\/uploads\/2020\/04\/IMG_2226-1-816x544.jpg 816w\" sizes=\"auto, (max-width: 1024px) 100vw, 1024px\" \/><\/p>\n<p>Casablanca filminin \u00e7ekildi\u011fi me\u015fhur &#8220;Rick&#8217;s Cafe&#8221;. Ama asl\u0131nda film burada \u00e7ekilmemi\u015f. Daha sonradan kafenin ayn\u0131s\u0131 burada tekrar in\u015fa edilmi\u015f.<\/p>\n<p><strong>Sacre Coeur Katedrali<\/strong><\/p>\n<p><img loading=\"lazy\" decoding=\"async\" class=\"alignnone size-medium wp-image-3466\" src=\"https:\/\/www.yeryuzundebirkacadim.com\/wp-content\/uploads\/2020\/04\/IMG_2235-1024x683.jpg\" alt=\"\" width=\"1024\" height=\"683\" srcset=\"https:\/\/www.yeryuzundebirkacadim.com\/wp-content\/uploads\/2020\/04\/IMG_2235-1024x683.jpg 1024w, https:\/\/www.yeryuzundebirkacadim.com\/wp-content\/uploads\/2020\/04\/IMG_2235-768x512.jpg 768w, https:\/\/www.yeryuzundebirkacadim.com\/wp-content\/uploads\/2020\/04\/IMG_2235-2048x1365.jpg 2048w, https:\/\/www.yeryuzundebirkacadim.com\/wp-content\/uploads\/2020\/04\/IMG_2235-816x544.jpg 816w\" sizes=\"auto, (max-width: 1024px) 100vw, 1024px\" \/><\/p>\n<p>Fas&#8217;\u0131n Katolik Fransa&#8217;n\u0131n egemenli\u011finde oldu\u011fu 1930&#8217;da in\u015fa edilmi\u015f. Neo-Gotik tarzdaki eser Fransa&#8217;da birka\u00e7 kilise tasarlayan Paul Tournon taraf\u0131ndan tasarlanm\u0131\u015f.\u00a0Bat\u0131 cephesine bakan ikiz kuleler kare minarelere benziyor.<\/p>\n<p><span class=\"notranslate\">1956&#8217;da Fas&#8217;\u0131n ba\u011f\u0131ms\u0131zl\u0131\u011f\u0131ndan sonra dini kullan\u0131m\u0131na son verilmi\u015f. \u00d6nce okul, daha sonra k\u00fclt\u00fcr merkezi olarak kullan\u0131lm\u0131\u015f.<\/span>\u00a0<span class=\"notranslate\">G\u00fcn\u00fcm\u00fczde fuar ve sergilere ev sahipli\u011fi yap\u0131yor.<\/span><\/p>\n<p><strong>V. Muhammed Meydan\u0131<\/strong><\/p>\n<p>Sacre Coeur Katedrali&#8217;ne 750 metre mesafededir. Bol g\u00fcvercinleri nedeniyle &#8220;G\u00fcvercin Meydan\u0131&#8221; da denilir.<\/p>\n<p>1930&#8217;lar\u0131n Ma\u011fribi tarz\u0131nda yap\u0131lm\u0131\u015f Vilayet Binas\u0131, Adliye Saray\u0131, Frans\u0131z Konsoloslu\u011fu ve postane yer al\u0131yor.<\/p>\n<p><img loading=\"lazy\" decoding=\"async\" class=\"alignnone size-medium wp-image-3460\" src=\"https:\/\/www.yeryuzundebirkacadim.com\/wp-content\/uploads\/2020\/04\/IMG_2241-1024x683.jpg\" alt=\"\" width=\"1024\" height=\"683\" srcset=\"https:\/\/www.yeryuzundebirkacadim.com\/wp-content\/uploads\/2020\/04\/IMG_2241-1024x683.jpg 1024w, https:\/\/www.yeryuzundebirkacadim.com\/wp-content\/uploads\/2020\/04\/IMG_2241-768x512.jpg 768w, https:\/\/www.yeryuzundebirkacadim.com\/wp-content\/uploads\/2020\/04\/IMG_2241-2048x1365.jpg 2048w, https:\/\/www.yeryuzundebirkacadim.com\/wp-content\/uploads\/2020\/04\/IMG_2241-816x544.jpg 816w\" sizes=\"auto, (max-width: 1024px) 100vw, 1024px\" \/><\/p>\n<p><strong>Adliye Saray\u0131<\/strong><\/p>\n<p><img loading=\"lazy\" decoding=\"async\" class=\"alignnone size-medium wp-image-3454\" src=\"https:\/\/www.yeryuzundebirkacadim.com\/wp-content\/uploads\/2020\/04\/DSC05140-1024x684.jpg\" alt=\"\" width=\"1024\" height=\"684\" srcset=\"https:\/\/www.yeryuzundebirkacadim.com\/wp-content\/uploads\/2020\/04\/DSC05140-1024x684.jpg 1024w, https:\/\/www.yeryuzundebirkacadim.com\/wp-content\/uploads\/2020\/04\/DSC05140-768x513.jpg 768w, https:\/\/www.yeryuzundebirkacadim.com\/wp-content\/uploads\/2020\/04\/DSC05140-2048x1368.jpg 2048w, https:\/\/www.yeryuzundebirkacadim.com\/wp-content\/uploads\/2020\/04\/DSC05140-816x545.jpg 816w\" sizes=\"auto, (max-width: 1024px) 100vw, 1024px\" \/><\/p>\n<p><strong>Vilayet Binas\u0131<\/strong><\/p>\n<p><img loading=\"lazy\" decoding=\"async\" class=\"alignnone size-medium wp-image-3461\" src=\"https:\/\/www.yeryuzundebirkacadim.com\/wp-content\/uploads\/2020\/04\/IMG_2256-1024x683.jpg\" alt=\"\" width=\"1024\" height=\"683\" srcset=\"https:\/\/www.yeryuzundebirkacadim.com\/wp-content\/uploads\/2020\/04\/IMG_2256-1024x683.jpg 1024w, https:\/\/www.yeryuzundebirkacadim.com\/wp-content\/uploads\/2020\/04\/IMG_2256-768x512.jpg 768w, https:\/\/www.yeryuzundebirkacadim.com\/wp-content\/uploads\/2020\/04\/IMG_2256-2048x1365.jpg 2048w, https:\/\/www.yeryuzundebirkacadim.com\/wp-content\/uploads\/2020\/04\/IMG_2256-816x544.jpg 816w\" sizes=\"auto, (max-width: 1024px) 100vw, 1024px\" \/><\/p>\n<p><strong>Postane<\/strong><\/p>\n<p><img loading=\"lazy\" decoding=\"async\" class=\"alignnone size-medium wp-image-3468\" src=\"https:\/\/www.yeryuzundebirkacadim.com\/wp-content\/uploads\/2020\/04\/IMG_2251-1024x683.jpg\" alt=\"\" width=\"1024\" height=\"683\" srcset=\"https:\/\/www.yeryuzundebirkacadim.com\/wp-content\/uploads\/2020\/04\/IMG_2251-1024x683.jpg 1024w, https:\/\/www.yeryuzundebirkacadim.com\/wp-content\/uploads\/2020\/04\/IMG_2251-768x512.jpg 768w, https:\/\/www.yeryuzundebirkacadim.com\/wp-content\/uploads\/2020\/04\/IMG_2251-2048x1365.jpg 2048w, https:\/\/www.yeryuzundebirkacadim.com\/wp-content\/uploads\/2020\/04\/IMG_2251-816x544.jpg 816w\" sizes=\"auto, (max-width: 1024px) 100vw, 1024px\" \/><\/p>\n<p>Meydanda su sat\u0131c\u0131s\u0131<\/p>\n<p>Buraya \u00e7ok yak\u0131n, Frans\u0131zlar taraf\u0131ndan 1930&#8217;larda in\u015fa edilen Yeni Kent Merkezi (Quartier Habous, New Medina) bulunuyor.<\/p>\n<p><strong>Eski Adliye Binas\u0131 (Pa\u015fa&#8217;n\u0131n Mahkemesi)<\/strong><\/p>\n<p><img loading=\"lazy\" decoding=\"async\" class=\"alignnone size-medium wp-image-3627\" src=\"https:\/\/www.yeryuzundebirkacadim.com\/wp-content\/uploads\/2020\/05\/IMG_2262-1024x683.jpg\" alt=\"\" width=\"1024\" height=\"683\" srcset=\"https:\/\/www.yeryuzundebirkacadim.com\/wp-content\/uploads\/2020\/05\/IMG_2262-1024x683.jpg 1024w, https:\/\/www.yeryuzundebirkacadim.com\/wp-content\/uploads\/2020\/05\/IMG_2262-768x512.jpg 768w, https:\/\/www.yeryuzundebirkacadim.com\/wp-content\/uploads\/2020\/05\/IMG_2262-2048x1366.jpg 2048w, https:\/\/www.yeryuzundebirkacadim.com\/wp-content\/uploads\/2020\/05\/IMG_2262-816x544.jpg 816w\" sizes=\"auto, (max-width: 1024px) 100vw, 1024px\" \/><\/p>\n<p>Ma\u011fribi mimarinin g\u00fczel \u00f6rneklerinden biri olan yap\u0131n\u0131n i\u00e7ine girmeden foto\u011frafl\u0131yoruz. (Maalesef yurda d\u00f6nd\u00fckten sonra i\u00e7inin bu kadar muhte\u015fem oldu\u011funu \u00f6\u011frendim. Bilseydim \u015fartlar\u0131 zorlard\u0131m. Zarif oyma ah\u015fap tavanlar\u0131 ve dantel gibi i\u015flenmi\u015f beyaz mermerleri ile muhte\u015fem).<\/p>\n<p><strong><img loading=\"lazy\" decoding=\"async\" class=\"alignnone size-medium wp-image-3480\" src=\"https:\/\/www.yeryuzundebirkacadim.com\/wp-content\/uploads\/2020\/04\/4ed02c1c4cce655b3d88e61515d7d44e-1024x640.jpg\" alt=\"\" width=\"1024\" height=\"640\" srcset=\"https:\/\/www.yeryuzundebirkacadim.com\/wp-content\/uploads\/2020\/04\/4ed02c1c4cce655b3d88e61515d7d44e-1024x640.jpg 1024w, https:\/\/www.yeryuzundebirkacadim.com\/wp-content\/uploads\/2020\/04\/4ed02c1c4cce655b3d88e61515d7d44e-768x480.jpg 768w, https:\/\/www.yeryuzundebirkacadim.com\/wp-content\/uploads\/2020\/04\/4ed02c1c4cce655b3d88e61515d7d44e-816x510.jpg 816w, https:\/\/www.yeryuzundebirkacadim.com\/wp-content\/uploads\/2020\/04\/4ed02c1c4cce655b3d88e61515d7d44e.jpg 1280w\" sizes=\"auto, (max-width: 1024px) 100vw, 1024px\" \/><\/strong><\/p>\n<p>(@Pinterestten al\u0131nt\u0131)<\/p>\n<p>Al\u0131\u015fveri\u015f i\u00e7in yerel d\u00fckkanlar\u0131n bulundu\u011fu \u00e7ar\u015f\u0131lar mevcut.<\/p>\n<p><img loading=\"lazy\" decoding=\"async\" class=\"alignnone size-medium wp-image-3458\" src=\"https:\/\/www.yeryuzundebirkacadim.com\/wp-content\/uploads\/2020\/04\/IMG_2278-1024x864.jpg\" alt=\"\" width=\"1024\" height=\"864\" srcset=\"https:\/\/www.yeryuzundebirkacadim.com\/wp-content\/uploads\/2020\/04\/IMG_2278-1024x864.jpg 1024w, https:\/\/www.yeryuzundebirkacadim.com\/wp-content\/uploads\/2020\/04\/IMG_2278-768x648.jpg 768w, https:\/\/www.yeryuzundebirkacadim.com\/wp-content\/uploads\/2020\/04\/IMG_2278-2048x1727.jpg 2048w, https:\/\/www.yeryuzundebirkacadim.com\/wp-content\/uploads\/2020\/04\/IMG_2278-816x688.jpg 816w\" sizes=\"auto, (max-width: 1024px) 100vw, 1024px\" \/><\/p>\n<p><img loading=\"lazy\" decoding=\"async\" class=\"alignnone size-medium wp-image-3470\" src=\"https:\/\/www.yeryuzundebirkacadim.com\/wp-content\/uploads\/2020\/04\/IMG_2293-1024x683.jpg\" alt=\"\" width=\"1024\" height=\"683\" srcset=\"https:\/\/www.yeryuzundebirkacadim.com\/wp-content\/uploads\/2020\/04\/IMG_2293-1024x683.jpg 1024w, https:\/\/www.yeryuzundebirkacadim.com\/wp-content\/uploads\/2020\/04\/IMG_2293-768x512.jpg 768w, https:\/\/www.yeryuzundebirkacadim.com\/wp-content\/uploads\/2020\/04\/IMG_2293-2048x1365.jpg 2048w, https:\/\/www.yeryuzundebirkacadim.com\/wp-content\/uploads\/2020\/04\/IMG_2293-816x544.jpg 816w\" sizes=\"auto, (max-width: 1024px) 100vw, 1024px\" \/><\/p>\n<p><strong>Zeytin \u00c7ar\u015f\u0131s\u0131 (Olive Souq)<\/strong><\/p>\n<p><img loading=\"lazy\" decoding=\"async\" class=\"alignnone size-medium wp-image-3473\" src=\"https:\/\/www.yeryuzundebirkacadim.com\/wp-content\/uploads\/2020\/04\/IMG_2290-1-1024x683.jpg\" alt=\"\" width=\"1024\" height=\"683\" srcset=\"https:\/\/www.yeryuzundebirkacadim.com\/wp-content\/uploads\/2020\/04\/IMG_2290-1-1024x683.jpg 1024w, https:\/\/www.yeryuzundebirkacadim.com\/wp-content\/uploads\/2020\/04\/IMG_2290-1-768x512.jpg 768w, https:\/\/www.yeryuzundebirkacadim.com\/wp-content\/uploads\/2020\/04\/IMG_2290-1-2048x1365.jpg 2048w, https:\/\/www.yeryuzundebirkacadim.com\/wp-content\/uploads\/2020\/04\/IMG_2290-1-816x544.jpg 816w\" sizes=\"auto, (max-width: 1024px) 100vw, 1024px\" \/><\/p>\n<p>Ve Fas&#8217;\u0131n me\u015fhur nane \u00e7ay\u0131n\u0131 i\u00e7mek, soluklanmak i\u00e7in bir mola. Grubumuzun enerjisi y\u00fcksek, uyumu fevkalade.<\/p>\n<p><img loading=\"lazy\" decoding=\"async\" class=\"alignnone size-medium wp-image-3474\" src=\"https:\/\/www.yeryuzundebirkacadim.com\/wp-content\/uploads\/2020\/04\/IMG_2300-1024x683.jpg\" alt=\"\" width=\"1024\" height=\"683\" srcset=\"https:\/\/www.yeryuzundebirkacadim.com\/wp-content\/uploads\/2020\/04\/IMG_2300-1024x683.jpg 1024w, https:\/\/www.yeryuzundebirkacadim.com\/wp-content\/uploads\/2020\/04\/IMG_2300-768x512.jpg 768w, https:\/\/www.yeryuzundebirkacadim.com\/wp-content\/uploads\/2020\/04\/IMG_2300-2048x1365.jpg 2048w, https:\/\/www.yeryuzundebirkacadim.com\/wp-content\/uploads\/2020\/04\/IMG_2300-816x544.jpg 816w\" sizes=\"auto, (max-width: 1024px) 100vw, 1024px\" \/><\/p>\n<p><strong>Molla Yusuf Cami<\/strong><\/p>\n<p>1923 y\u0131l\u0131nda yap\u0131lm\u0131\u015f.<\/p>\n<p><img loading=\"lazy\" decoding=\"async\" class=\"alignnone size-medium wp-image-3475\" src=\"https:\/\/www.yeryuzundebirkacadim.com\/wp-content\/uploads\/2020\/04\/DSC05188-1024x684.jpg\" alt=\"\" width=\"1024\" height=\"684\" srcset=\"https:\/\/www.yeryuzundebirkacadim.com\/wp-content\/uploads\/2020\/04\/DSC05188-1024x684.jpg 1024w, https:\/\/www.yeryuzundebirkacadim.com\/wp-content\/uploads\/2020\/04\/DSC05188-768x513.jpg 768w, https:\/\/www.yeryuzundebirkacadim.com\/wp-content\/uploads\/2020\/04\/DSC05188-2048x1368.jpg 2048w, https:\/\/www.yeryuzundebirkacadim.com\/wp-content\/uploads\/2020\/04\/DSC05188-816x545.jpg 816w\" sizes=\"auto, (max-width: 1024px) 100vw, 1024px\" \/><\/p>\n<p><strong>Kraliyet Saray\u0131 (Royal Palace)<\/strong><\/p>\n<p><img loading=\"lazy\" decoding=\"async\" class=\"alignnone size-medium wp-image-3476\" src=\"https:\/\/www.yeryuzundebirkacadim.com\/wp-content\/uploads\/2020\/04\/IMG_2301-1-1024x683.jpg\" alt=\"\" width=\"1024\" height=\"683\" srcset=\"https:\/\/www.yeryuzundebirkacadim.com\/wp-content\/uploads\/2020\/04\/IMG_2301-1-1024x683.jpg 1024w, https:\/\/www.yeryuzundebirkacadim.com\/wp-content\/uploads\/2020\/04\/IMG_2301-1-768x512.jpg 768w, https:\/\/www.yeryuzundebirkacadim.com\/wp-content\/uploads\/2020\/04\/IMG_2301-1-2048x1365.jpg 2048w, https:\/\/www.yeryuzundebirkacadim.com\/wp-content\/uploads\/2020\/04\/IMG_2301-1-816x544.jpg 816w\" sizes=\"auto, (max-width: 1024px) 100vw, 1024px\" \/><\/p>\n<p><strong>Muhammadi Cami<\/strong><\/p>\n<p><strong><img loading=\"lazy\" decoding=\"async\" class=\"alignnone size-medium wp-image-3483\" src=\"https:\/\/www.yeryuzundebirkacadim.com\/wp-content\/uploads\/2020\/04\/DSC05174-1024x684.jpg\" alt=\"\" width=\"1024\" height=\"684\" srcset=\"https:\/\/www.yeryuzundebirkacadim.com\/wp-content\/uploads\/2020\/04\/DSC05174-1024x684.jpg 1024w, https:\/\/www.yeryuzundebirkacadim.com\/wp-content\/uploads\/2020\/04\/DSC05174-768x513.jpg 768w, https:\/\/www.yeryuzundebirkacadim.com\/wp-content\/uploads\/2020\/04\/DSC05174-2048x1368.jpg 2048w, https:\/\/www.yeryuzundebirkacadim.com\/wp-content\/uploads\/2020\/04\/DSC05174-816x545.jpg 816w\" sizes=\"auto, (max-width: 1024px) 100vw, 1024px\" \/><\/strong><\/p>\n<p>Moulay Yusuf Cami gibi o da k\u00fc\u00e7\u00fck bir cami. Ancak ah\u015fap oymalar\u0131 ve k\u00f6\u015feli minaresi ile cezbedici.<\/p>\n<p>Otob\u00fcs\u00fcm\u00fcze binip otelimize do\u011fru ilerlerken zengin <strong>Anfa<\/strong> b\u00f6lgesinden ge\u00e7iyoruz. Otelimiz &#8220;Suisse Hotel&#8221; Korni\u015f b\u00f6lgesinde.<\/p>\n<p>Yerle\u015fip ak\u015fam yeme\u011fi yedikten sonra sahilde y\u00fcr\u00fcy\u00fc\u015fe \u00e7\u0131k\u0131yoruz.<\/p>\n<p>K\u0131zarm\u0131\u015f salyangoz satan tezgahlara denk geliyoruz. Hem de M\u00fcsl\u00fcman \u00fclkede \ud83d\ude42<\/p>\n<p>Buradaki insanlar biraz g\u00fcr\u00fclt\u00fcc\u00fc.\u00a0 Arabalardan y\u00fcksek sesli m\u00fczikler ve korna sesleri geliyor. (Maalesef bu g\u00fcr\u00fclt\u00fc sabaha kadar s\u00fcr\u00fcyor ve ekip\u00e7e gece boyunca kalitesiz bir uyku \u00e7ekiyoruz.)<\/p>\n<p>Corniche&#8217;de bir kafede gecenin keyfini \u00e7\u0131karal\u0131m diyoruz. Her \u015fey g\u00fczel ama bu sefer de yan tarafta gen\u00e7ler aras\u0131nda bir kavga \u00e7\u0131k\u0131yor. Casablanca pek de isminin \u00e7a\u011fr\u0131\u015ft\u0131rd\u0131\u011f\u0131 kaliteyi, g\u00fczelli\u011fi sunamayan bir \u015fehir. \u0130dare eder konumunda.<\/p>\n<p>&nbsp;<\/p>\n<p>&nbsp;<\/p>\n","protected":false},"excerpt":{"rendered":"<p>1. G\u00fcn 15 Eyl\u00fcl 2018 Cumartesi Sabah 11.20 THY u\u00e7a\u011f\u0131 ile Casablanca&#8217;ya u\u00e7uyoruz. Yolculuk 4,5 saat s\u00fcr\u00fcyor. \u0130ner inmez panoramik \u015fehir turuna ba\u015fl\u0131yoruz.<\/p>\n","protected":false},"author":1,"featured_media":3456,"comment_status":"closed","ping_status":"closed","sticky":false,"template":"","format":"standard","meta":{"footnotes":""},"categories":[441],"tags":[292,290,405,408,294,407,299,406,295,404],"class_list":["post-3434","post","type-post","status-publish","format-standard","has-post-thumbnail","hentry","category-casablanca","tag-casablanca","tag-ii-hasan-cami","tag-kornis","tag-moulay-yusuf","tag-olive-souq","tag-pasanin-mahkemesi","tag-ricks-cafe","tag-sacra-coeur-katedrali","tag-v-muhammed-meydani","tag-zellij-cini"],"_links":{"self":[{"href":"https:\/\/www.yeryuzundebirkacadim.com\/index.php\/wp-json\/wp\/v2\/posts\/3434","targetHints":{"allow":["GET"]}}],"collection":[{"href":"https:\/\/www.yeryuzundebirkacadim.com\/index.php\/wp-json\/wp\/v2\/posts"}],"about":[{"href":"https:\/\/www.yeryuzundebirkacadim.com\/index.php\/wp-json\/wp\/v2\/types\/post"}],"author":[{"embeddable":true,"href":"https:\/\/www.yeryuzundebirkacadim.com\/index.php\/wp-json\/wp\/v2\/users\/1"}],"replies":[{"embeddable":true,"href":"https:\/\/www.yeryuzundebirkacadim.com\/index.php\/wp-json\/wp\/v2\/comments?post=3434"}],"version-history":[{"count":24,"href":"https:\/\/www.yeryuzundebirkacadim.com\/index.php\/wp-json\/wp\/v2\/posts\/3434\/revisions"}],"predecessor-version":[{"id":5155,"href":"https:\/\/www.yeryuzundebirkacadim.com\/index.php\/wp-json\/wp\/v2\/posts\/3434\/revisions\/5155"}],"wp:featuredmedia":[{"embeddable":true,"href":"https:\/\/www.yeryuzundebirkacadim.com\/index.php\/wp-json\/wp\/v2\/media\/3456"}],"wp:attachment":[{"href":"https:\/\/www.yeryuzundebirkacadim.com\/index.php\/wp-json\/wp\/v2\/media?parent=3434"}],"wp:term":[{"taxonomy":"category","embeddable":true,"href":"https:\/\/www.yeryuzundebirkacadim.com\/index.php\/wp-json\/wp\/v2\/categories?post=3434"},{"taxonomy":"post_tag","embeddable":true,"href":"https:\/\/www.yeryuzundebirkacadim.com\/index.php\/wp-json\/wp\/v2\/tags?post=3434"}],"curies":[{"name":"wp","href":"https:\/\/api.w.org\/{rel}","templated":true}]}}