


{"id":3018,"date":"2020-02-27T13:02:57","date_gmt":"2020-02-27T10:02:57","guid":{"rendered":"http:\/\/www.yeryuzundebirkacadim.com\/?p=3018"},"modified":"2024-08-19T13:56:26","modified_gmt":"2024-08-19T10:56:26","slug":"kashan","status":"publish","type":"post","link":"https:\/\/www.yeryuzundebirkacadim.com\/index.php\/2020\/02\/27\/kashan\/","title":{"rendered":"Ka\u015fan"},"content":{"rendered":"<p><strong>3. G\u00fcn 28 Nisan 2019 Pazar (Devam)<\/strong><\/p>\n<p><strong>KA\u015eAN<\/strong><\/p>\n<p>Rey\u2019e 240 km mesafede bir \u015fehir. (2 saat 35 dk)<\/p>\n<p>\u015eah Abbas\u2019\u0131n \u015fehri olarak biliniyor.<\/p>\n<p>\u015eah Abbas Ka\u015fan\u2019a \u00f6ylesine a\u015f\u0131km\u0131\u015f ki \u00f6l\u00fcnce \u0130sfahan yerine buraya g\u00f6m\u00fclmek istemi\u015f.\u00a0\u015eah Abbas d\u0131\u015f\u0131nda b\u00fct\u00fcn Safevi sultanlar\u0131n\u0131n mezarlar\u0131 Erdebil\u2019dedir.<!--more--><\/p>\n<p>Sel\u00e7uklu H\u00fck\u00fcmdar\u0131 Sultan I. Melik \u015eah 11. y\u00fczy\u0131lda Ka\u015fan\u2019\u0131n merkezine bir kale yap\u0131lmas\u0131n\u0131, etraf\u0131n\u0131n da surlarla \u00e7evrelenmesini emretmi\u015f. Bu kalenin surlar\u0131 bug\u00fcn bile Ka\u015fan merkezde g\u00f6r\u00fclebiliyor. Sel\u00e7uklular d\u00f6neminde (1051-1220) Ka\u015fan, tekstilde, \u00e7anak \u00e7\u00f6mlek yap\u0131m\u0131nda ve \u00e7inicilikte \u00fcnl\u00fc hale gelmi\u015f.<\/p>\n<p><strong>Sialk Tepe, Sialk Zigurat\u0131<\/strong><\/p>\n<p><strong><img loading=\"lazy\" decoding=\"async\" class=\"alignnone size-medium wp-image-3122\" src=\"https:\/\/www.yeryuzundebirkacadim.com\/wp-content\/uploads\/2020\/02\/IMG_4258-1024x683.jpg\" alt=\"\" width=\"1024\" height=\"683\" srcset=\"https:\/\/www.yeryuzundebirkacadim.com\/wp-content\/uploads\/2020\/02\/IMG_4258-1024x683.jpg 1024w, https:\/\/www.yeryuzundebirkacadim.com\/wp-content\/uploads\/2020\/02\/IMG_4258-768x512.jpg 768w, https:\/\/www.yeryuzundebirkacadim.com\/wp-content\/uploads\/2020\/02\/IMG_4258-2048x1365.jpg 2048w, https:\/\/www.yeryuzundebirkacadim.com\/wp-content\/uploads\/2020\/02\/IMG_4258-816x544.jpg 816w\" sizes=\"auto, (max-width: 1024px) 100vw, 1024px\" \/><\/strong><\/p>\n<p>Silk merkezi \u0130ran\u2019da ilk kentle\u015fen medeniyetin ad\u0131d\u0131r ve Ka\u015fan\u2019\u0131n 3 kilometre g\u00fcneybat\u0131s\u0131nda yer al\u0131r. Tarihi Silk alan\u0131 7 bin y\u0131ll\u0131k mazisi olan bir aland\u0131r ve birbirinden 600 metre kadar uzakl\u0131kta olan iki tepeden ve iki mezarl\u0131ktan olu\u015fur. Bu alan 1931 y\u0131l\u0131nda ke\u015ffedilmi\u015ftir.<\/p>\n<p>Frans\u0131z arkeoloji heyeti, insanl\u0131k tarihinin ilk medeniyeti ve insanlar\u0131n in\u015faat malzemesi kullanarak ev in\u015fa etti\u011fi ilk nokta Ka\u015fan\u2019\u0131n Silk tepeleri oldu\u011funu ortaya koydu.<\/p>\n<p>Arkeologlar d\u00fcnyan\u0131n en eski koni \u015feklinde in\u015fa edilen ve <strong>Zigurat (basamakl\u0131 piramide benzer tap\u0131nak) <\/strong>ad\u0131 verilen tap\u0131na\u011f\u0131n\u0131 yine bu alanda ke\u015ffetti. Bu Zigurat milattan 2800 y\u0131l \u00f6nce ve bir milyon kerpi\u00e7 kullan\u0131larak in\u015fa edilmi\u015fti.<\/p>\n<p>Bug\u00fcn Silk tepelerinde bulunan tarihi eserlerin bir b\u00f6l\u00fcm\u00fc Fransa\u2019daki Louvre M\u00fczesi, New York\u2019daki Metropolitan M\u00fczesi ve Tahran\u2019daki \u0130ran Ulusal M\u00fczesi, Ka\u015fan Fin Bah\u00e7esi M\u00fczesi&#8217;nde saklan\u0131yor.<\/p>\n<p><img loading=\"lazy\" decoding=\"async\" class=\"alignnone size-medium wp-image-3020\" src=\"https:\/\/www.yeryuzundebirkacadim.com\/wp-content\/uploads\/2020\/02\/DSC07586-1024x580.jpg\" alt=\"\" width=\"1024\" height=\"580\" srcset=\"https:\/\/www.yeryuzundebirkacadim.com\/wp-content\/uploads\/2020\/02\/DSC07586-1024x580.jpg 1024w, https:\/\/www.yeryuzundebirkacadim.com\/wp-content\/uploads\/2020\/02\/DSC07586-768x435.jpg 768w, https:\/\/www.yeryuzundebirkacadim.com\/wp-content\/uploads\/2020\/02\/DSC07586-2048x1159.jpg 2048w, https:\/\/www.yeryuzundebirkacadim.com\/wp-content\/uploads\/2020\/02\/DSC07586-816x462.jpg 816w\" sizes=\"auto, (max-width: 1024px) 100vw, 1024px\" \/><\/p>\n<p><img loading=\"lazy\" decoding=\"async\" class=\"alignnone size-medium wp-image-3022\" src=\"https:\/\/www.yeryuzundebirkacadim.com\/wp-content\/uploads\/2020\/02\/IMG_4275-1024x683.jpg\" alt=\"\" width=\"1024\" height=\"683\" srcset=\"https:\/\/www.yeryuzundebirkacadim.com\/wp-content\/uploads\/2020\/02\/IMG_4275-1024x683.jpg 1024w, https:\/\/www.yeryuzundebirkacadim.com\/wp-content\/uploads\/2020\/02\/IMG_4275-768x512.jpg 768w, https:\/\/www.yeryuzundebirkacadim.com\/wp-content\/uploads\/2020\/02\/IMG_4275-2048x1365.jpg 2048w, https:\/\/www.yeryuzundebirkacadim.com\/wp-content\/uploads\/2020\/02\/IMG_4275-816x544.jpg 816w\" sizes=\"auto, (max-width: 1024px) 100vw, 1024px\" \/><\/p>\n<p><img loading=\"lazy\" decoding=\"async\" class=\"alignnone size-medium wp-image-3021\" src=\"https:\/\/www.yeryuzundebirkacadim.com\/wp-content\/uploads\/2020\/02\/DSC07614-1024x580.jpg\" alt=\"\" width=\"1024\" height=\"580\" \/><\/p>\n<p>&nbsp;<\/p>\n<p>&nbsp;<\/p>\n<p>&nbsp;<\/p>\n","protected":false},"excerpt":{"rendered":"<p>3. G\u00fcn 28 Nisan 2019 Pazar (Devam) KA\u015eAN Rey\u2019e 240 km mesafede bir \u015fehir. (2 saat 35 dk) \u015eah Abbas\u2019\u0131n \u015fehri olarak biliniyor. \u015eah Abbas Ka\u015fan\u2019a \u00f6ylesine a\u015f\u0131km\u0131\u015f ki \u00f6l\u00fcnce \u0130sfahan yerine buraya g\u00f6m\u00fclmek istemi\u015f.\u00a0\u015eah Abbas d\u0131\u015f\u0131nda b\u00fct\u00fcn Safevi sultanlar\u0131n\u0131n mezarlar\u0131 Erdebil\u2019dedir.<\/p>\n","protected":false},"author":1,"featured_media":3123,"comment_status":"closed","ping_status":"closed","sticky":false,"template":"","format":"standard","meta":{"footnotes":""},"categories":[332,382],"tags":[333,353,355,354],"class_list":["post-3018","post","type-post","status-publish","format-standard","has-post-thumbnail","hentry","category-iran","category-kasan","tag-iran","tag-kashan","tag-sah-abbas","tag-zigurat"],"_links":{"self":[{"href":"https:\/\/www.yeryuzundebirkacadim.com\/index.php\/wp-json\/wp\/v2\/posts\/3018","targetHints":{"allow":["GET"]}}],"collection":[{"href":"https:\/\/www.yeryuzundebirkacadim.com\/index.php\/wp-json\/wp\/v2\/posts"}],"about":[{"href":"https:\/\/www.yeryuzundebirkacadim.com\/index.php\/wp-json\/wp\/v2\/types\/post"}],"author":[{"embeddable":true,"href":"https:\/\/www.yeryuzundebirkacadim.com\/index.php\/wp-json\/wp\/v2\/users\/1"}],"replies":[{"embeddable":true,"href":"https:\/\/www.yeryuzundebirkacadim.com\/index.php\/wp-json\/wp\/v2\/comments?post=3018"}],"version-history":[{"count":8,"href":"https:\/\/www.yeryuzundebirkacadim.com\/index.php\/wp-json\/wp\/v2\/posts\/3018\/revisions"}],"predecessor-version":[{"id":3436,"href":"https:\/\/www.yeryuzundebirkacadim.com\/index.php\/wp-json\/wp\/v2\/posts\/3018\/revisions\/3436"}],"wp:featuredmedia":[{"embeddable":true,"href":"https:\/\/www.yeryuzundebirkacadim.com\/index.php\/wp-json\/wp\/v2\/media\/3123"}],"wp:attachment":[{"href":"https:\/\/www.yeryuzundebirkacadim.com\/index.php\/wp-json\/wp\/v2\/media?parent=3018"}],"wp:term":[{"taxonomy":"category","embeddable":true,"href":"https:\/\/www.yeryuzundebirkacadim.com\/index.php\/wp-json\/wp\/v2\/categories?post=3018"},{"taxonomy":"post_tag","embeddable":true,"href":"https:\/\/www.yeryuzundebirkacadim.com\/index.php\/wp-json\/wp\/v2\/tags?post=3018"}],"curies":[{"name":"wp","href":"https:\/\/api.w.org\/{rel}","templated":true}]}}