


{"id":2621,"date":"2018-06-07T14:42:36","date_gmt":"2018-06-07T11:42:36","guid":{"rendered":"http:\/\/www.yeryuzundebirkacadim.com\/?p=2621"},"modified":"2024-08-19T13:56:46","modified_gmt":"2024-08-19T10:56:46","slug":"dresden","status":"publish","type":"post","link":"https:\/\/www.yeryuzundebirkacadim.com\/index.php\/2018\/06\/07\/dresden\/","title":{"rendered":"Dresden"},"content":{"rendered":"<p><strong>3. G\u00fcn:\u00a030 Nisan 2018 Pazartesi<\/strong><\/p>\n<p>Gezideki 3. g\u00fcn\u00fcm\u00fczde ekibe kat\u0131l\u0131p rehberimizle Dresden gezisine kat\u0131l\u0131yoruz.<\/p>\n<p>Berlin&#8217;e 2 saatlik mesafede bir \u015fehir.<!--more--><\/p>\n<p>Elbe nehri taraf\u0131ndan ikiye b\u00f6l\u00fcnen \u015fehirde nehrin kuzeyinde kalan k\u0131sm\u0131 yeni \u015fehir (Neustadt), g\u00fcneyi ise eski \u015fehir (Altstadt).<\/p>\n<p>Y\u00fczy\u0131llar boyu end\u00fcstri, k\u00fclt\u00fcr ve sanatta \u00f6nderlik etmi\u015f bir \u015fehir.<\/p>\n<p>\u015eehirdeki ilk g\u00fczelle\u015fme at\u0131l\u0131mlar\u0131 Kral II. August (B\u00fcy\u00fck August) zaman\u0131nda ba\u015flam\u0131\u015ft\u0131r.\u00a0II. August,\u00a0<span class=\"notranslate\">Avrupa&#8217;n\u0131n d\u00f6rt bir yan\u0131ndan en iyi m\u00fczisyenlerin, mimarlar\u0131n ve ressamlar\u0131n bir\u00e7o\u011funu burada toplad\u0131.<\/span>\u00a0<span class=\"notranslate\">Onun saltanat\u0131, Dresden&#8217;in teknoloji ve sanat alan\u0131nda \u00f6nde gelen bir Avrupa \u015fehri olarak ortaya \u00e7\u0131k\u0131\u015f\u0131n\u0131n ba\u015flang\u0131c\u0131 oldu.\u00a0 <\/span><\/p>\n<p>\u00c7e\u015fitli sava\u015flarda \u015fehrin neredeyse tamam\u0131 y\u0131k\u0131ld\u0131. Ard\u0131ndan gelen restorasyon \u00e7al\u0131\u015fmalar\u0131 ile tekrar in\u015fa edildi.<\/p>\n<p>2004&#8217;de Unesco D\u00fcnya Miras\u0131&#8217;na dahil edilen \u015fehir,\u00a0k\u00fclt\u00fcrel manzaran\u0131n merkezinde d\u00f6rt \u015feritli bir k\u00f6pr\u00fc in\u015fa edilmesi nedeniyle 2009&#8217;da listeden \u00e7\u0131kar\u0131ld\u0131.<\/p>\n<p><strong>1. Br\u00fchl Teraslar\u0131<\/strong><\/p>\n<p>Elbe&#8217;nin k\u0131y\u0131s\u0131nda bulunan &#8220;Avrupa&#8217;n\u0131n Balkonu&#8221; olarak da bilinen teras 16. y\u00fczy\u0131lda Dresden surlar\u0131n\u0131n bir par\u00e7as\u0131 olarak in\u015fa edilmi\u015f.\u00a0 Teras; 500 metre uzunlu\u011fundad\u0131r.\u00a01814 y\u0131l\u0131nda bat\u0131s\u0131ndaki 41 basamakl\u0131 b\u00fcy\u00fck merdivenin yap\u0131m\u0131 ile teras halka a\u00e7\u0131lm\u0131\u015f. Merdivenlerin etraf\u0131 heykellerle s\u00fcsl\u00fc.<\/p>\n<p>Merdivenlerin ba\u015f\u0131nda sa\u011fda Eski Parlamento Binas\u0131 bulunuyor. G\u00fcn\u00fcm\u00fczde Y\u00fcksek B\u00f6lge Mahkemesi olarak i\u015flev g\u00f6r\u00fcyor.<\/p>\n<p><img loading=\"lazy\" decoding=\"async\" class=\"alignnone size-medium wp-image-2530\" src=\"https:\/\/www.yeryuzundebirkacadim.com\/wp-content\/uploads\/2018\/06\/DSC04976-1024x684.jpg\" alt=\"\" width=\"1024\" height=\"684\" srcset=\"https:\/\/www.yeryuzundebirkacadim.com\/wp-content\/uploads\/2018\/06\/DSC04976-1024x684.jpg 1024w, https:\/\/www.yeryuzundebirkacadim.com\/wp-content\/uploads\/2018\/06\/DSC04976-768x513.jpg 768w, https:\/\/www.yeryuzundebirkacadim.com\/wp-content\/uploads\/2018\/06\/DSC04976-2048x1368.jpg 2048w, https:\/\/www.yeryuzundebirkacadim.com\/wp-content\/uploads\/2018\/06\/DSC04976-816x545.jpg 816w\" sizes=\"auto, (max-width: 1024px) 100vw, 1024px\" \/><\/p>\n<p><img loading=\"lazy\" decoding=\"async\" class=\"alignnone size-medium wp-image-2523\" src=\"https:\/\/www.yeryuzundebirkacadim.com\/wp-content\/uploads\/2018\/06\/DSC04884-1024x684.jpg\" alt=\"\" width=\"1024\" height=\"684\" srcset=\"https:\/\/www.yeryuzundebirkacadim.com\/wp-content\/uploads\/2018\/06\/DSC04884-1024x684.jpg 1024w, https:\/\/www.yeryuzundebirkacadim.com\/wp-content\/uploads\/2018\/06\/DSC04884-768x513.jpg 768w, https:\/\/www.yeryuzundebirkacadim.com\/wp-content\/uploads\/2018\/06\/DSC04884-2048x1368.jpg 2048w, https:\/\/www.yeryuzundebirkacadim.com\/wp-content\/uploads\/2018\/06\/DSC04884-816x545.jpg 816w\" sizes=\"auto, (max-width: 1024px) 100vw, 1024px\" \/><\/p>\n<p><strong>2. August K\u00f6pr\u00fcs\u00fc<\/strong><\/p>\n<p>Merdivenlerden \u00e7\u0131k\u0131nca August K\u00f6pr\u00fcs\u00fc&#8217;n\u00fc seyrediyoruz. Bak\u0131ma al\u0131nm\u0131\u015f.<\/p>\n<p>Elbe Nehri \u00fczerinde eski ve yeni \u015fehri birbirine ba\u011flayan k\u00f6pr\u00fclerden biridir.<\/p>\n<p>Uzunlu\u011fu 402 metredir. \u0130lk olarak 1070&#8217;de yap\u0131lan k\u00f6pr\u00fc bir\u00e7ok kez yenilenmi\u015f. 1907 y\u0131l\u0131nda ise g\u00fcn\u00fcm\u00fczde de halen kullan\u0131lmakta olan k\u00f6pr\u00fc yap\u0131ld\u0131.<\/p>\n<p><img loading=\"lazy\" decoding=\"async\" class=\"alignnone size-medium wp-image-2524\" src=\"https:\/\/www.yeryuzundebirkacadim.com\/wp-content\/uploads\/2018\/06\/DSC04889-1024x684.jpg\" alt=\"\" width=\"1024\" height=\"684\" srcset=\"https:\/\/www.yeryuzundebirkacadim.com\/wp-content\/uploads\/2018\/06\/DSC04889-1024x684.jpg 1024w, https:\/\/www.yeryuzundebirkacadim.com\/wp-content\/uploads\/2018\/06\/DSC04889-768x513.jpg 768w, https:\/\/www.yeryuzundebirkacadim.com\/wp-content\/uploads\/2018\/06\/DSC04889-2048x1368.jpg 2048w, https:\/\/www.yeryuzundebirkacadim.com\/wp-content\/uploads\/2018\/06\/DSC04889-816x545.jpg 816w\" sizes=\"auto, (max-width: 1024px) 100vw, 1024px\" \/><\/p>\n<p>Bu tarihi yakadan nehrin kar\u015f\u0131 taraf\u0131ndaki yeni \u015fehir alan\u0131na bakt\u0131\u011f\u0131m\u0131zda &#8220;<strong>Eyalet \u0130dare Ofisi<\/strong>&#8221; g\u00f6r\u00fclmekte.<\/p>\n<p><img loading=\"lazy\" decoding=\"async\" class=\"alignnone size-medium wp-image-2525\" src=\"https:\/\/www.yeryuzundebirkacadim.com\/wp-content\/uploads\/2018\/06\/DSC04891-1024x684.jpg\" alt=\"\" width=\"1024\" height=\"684\" srcset=\"https:\/\/www.yeryuzundebirkacadim.com\/wp-content\/uploads\/2018\/06\/DSC04891-1024x684.jpg 1024w, https:\/\/www.yeryuzundebirkacadim.com\/wp-content\/uploads\/2018\/06\/DSC04891-768x513.jpg 768w, https:\/\/www.yeryuzundebirkacadim.com\/wp-content\/uploads\/2018\/06\/DSC04891-2048x1368.jpg 2048w, https:\/\/www.yeryuzundebirkacadim.com\/wp-content\/uploads\/2018\/06\/DSC04891-816x545.jpg 816w\" sizes=\"auto, (max-width: 1024px) 100vw, 1024px\" \/><\/p>\n<p><strong>3. Sekundugenitor<\/strong><\/p>\n<p>Eski Parlamento Binas\u0131&#8217;n\u0131n yan\u0131nda bulunuyor. K\u00fct\u00fcphane olarak kullan\u0131lm\u0131\u015f.<\/p>\n<p>G\u00fcn\u00fcm\u00fczde \u00f6n k\u0131s\u0131m &#8220;Gatronomi Binas\u0131&#8221; olarak kullan\u0131l\u0131rken, arka k\u0131s\u0131mdaki binada Hilton Oteli bulunuyor.<\/p>\n<p><img loading=\"lazy\" decoding=\"async\" class=\"alignnone size-medium wp-image-2528\" src=\"https:\/\/www.yeryuzundebirkacadim.com\/wp-content\/uploads\/2018\/06\/DSC04894-1024x684.jpg\" alt=\"\" width=\"1024\" height=\"684\" srcset=\"https:\/\/www.yeryuzundebirkacadim.com\/wp-content\/uploads\/2018\/06\/DSC04894-1024x684.jpg 1024w, https:\/\/www.yeryuzundebirkacadim.com\/wp-content\/uploads\/2018\/06\/DSC04894-768x513.jpg 768w, https:\/\/www.yeryuzundebirkacadim.com\/wp-content\/uploads\/2018\/06\/DSC04894-2048x1368.jpg 2048w, https:\/\/www.yeryuzundebirkacadim.com\/wp-content\/uploads\/2018\/06\/DSC04894-816x545.jpg 816w\" sizes=\"auto, (max-width: 1024px) 100vw, 1024px\" \/><\/p>\n<p><strong>4. Sanat Akademisi<\/strong><\/p>\n<p>Binan\u0131n sonraki kom\u015fulu\u011fundaki bina &#8220;Sanat Akademisi&#8221;. Limon s\u0131kaca\u011f\u0131na benzetilen cam kubbesi foto\u011frafta g\u00f6r\u00fcl\u00fcyor.<\/p>\n<p><strong>5. Rietschel An\u0131t\u0131<\/strong><\/p>\n<p>Eski Parlamento Binas\u0131&#8217;n\u0131n \u00f6n\u00fcnde bir heykel var. Heykelt\u0131ra\u015f Ernst Rietschel&#8217;in bronz b\u00fcst\u00fc; 1876&#8217;da, \u00f6l\u00fcm\u00fcn\u00fcn 15. y\u0131l d\u00f6n\u00fcm\u00fcnde \u00f6\u011frencisi Schilling taraf\u0131ndan yap\u0131lm\u0131\u015f. S\u00fctun etraf\u0131ndaki bir kaide \u00fczerinde oturan \u00fc\u00e7 ya\u015fam boyu \u00e7ocuk; heykelt\u0131ra\u015fl\u0131\u011f\u0131n ana bi\u00e7imleri olan \u00e7izim, keski ve modellemeyi sembolize eder.<\/p>\n<p><img loading=\"lazy\" decoding=\"async\" class=\"alignnone size-medium wp-image-2526\" src=\"https:\/\/www.yeryuzundebirkacadim.com\/wp-content\/uploads\/2018\/06\/DSC04896-1024x684.jpg\" alt=\"\" width=\"1024\" height=\"684\" srcset=\"https:\/\/www.yeryuzundebirkacadim.com\/wp-content\/uploads\/2018\/06\/DSC04896-1024x684.jpg 1024w, https:\/\/www.yeryuzundebirkacadim.com\/wp-content\/uploads\/2018\/06\/DSC04896-768x513.jpg 768w, https:\/\/www.yeryuzundebirkacadim.com\/wp-content\/uploads\/2018\/06\/DSC04896-2048x1368.jpg 2048w, https:\/\/www.yeryuzundebirkacadim.com\/wp-content\/uploads\/2018\/06\/DSC04896-816x545.jpg 816w\" sizes=\"auto, (max-width: 1024px) 100vw, 1024px\" \/><\/p>\n<p><span class=\"notranslate\"><strong>6. D\u00fcnya ve Gezegenler Sistemi<\/strong><br \/>\n1988 y\u0131l\u0131nda kald\u0131r\u0131m ta\u015f\u0131 ve bronzdan yap\u0131lm\u0131\u015f. Gezegenler ve onlar\u0131n ad\u0131n\u0131 ta\u015f\u0131yan bur\u00e7lar halka i\u00e7lerinde d\u00fczenlenmi\u015f.\u00a0<\/span><\/p>\n<p><img loading=\"lazy\" decoding=\"async\" class=\"alignnone size-medium wp-image-2527\" src=\"https:\/\/www.yeryuzundebirkacadim.com\/wp-content\/uploads\/2018\/06\/DSC04904-1024x684.jpg\" alt=\"\" width=\"1024\" height=\"684\" srcset=\"https:\/\/www.yeryuzundebirkacadim.com\/wp-content\/uploads\/2018\/06\/DSC04904-1024x684.jpg 1024w, https:\/\/www.yeryuzundebirkacadim.com\/wp-content\/uploads\/2018\/06\/DSC04904-768x513.jpg 768w, https:\/\/www.yeryuzundebirkacadim.com\/wp-content\/uploads\/2018\/06\/DSC04904-2048x1368.jpg 2048w, https:\/\/www.yeryuzundebirkacadim.com\/wp-content\/uploads\/2018\/06\/DSC04904-816x545.jpg 816w\" sizes=\"auto, (max-width: 1024px) 100vw, 1024px\" \/><\/p>\n<p>\u015eimdi \u015fehri Tiyatro Meydan\u0131&#8217;ndan gezmeye ba\u015fl\u0131yoruz.<\/p>\n<p><strong>7. Zwinger Saray\u0131\u00a0<\/strong><\/p>\n<p><img loading=\"lazy\" decoding=\"async\" class=\"alignnone size-medium wp-image-2534\" src=\"https:\/\/www.yeryuzundebirkacadim.com\/wp-content\/uploads\/2018\/06\/DSC04833-1024x684.jpg\" alt=\"\" width=\"1024\" height=\"684\" srcset=\"https:\/\/www.yeryuzundebirkacadim.com\/wp-content\/uploads\/2018\/06\/DSC04833-1024x684.jpg 1024w, https:\/\/www.yeryuzundebirkacadim.com\/wp-content\/uploads\/2018\/06\/DSC04833-768x513.jpg 768w, https:\/\/www.yeryuzundebirkacadim.com\/wp-content\/uploads\/2018\/06\/DSC04833-2048x1368.jpg 2048w, https:\/\/www.yeryuzundebirkacadim.com\/wp-content\/uploads\/2018\/06\/DSC04833-816x545.jpg 816w\" sizes=\"auto, (max-width: 1024px) 100vw, 1024px\" \/><\/p>\n<p>\u015eu anda Sanat Galerisi ve Porselen M\u00fczesi olarak kullan\u0131l\u0131yor. \u00dcst katta \u015firin bir kafesi de var.<\/p>\n<p>1710-1728 y\u0131llar\u0131 aras\u0131nda Barok tarz\u0131nda in\u015fa edilmi\u015ftir. Ortas\u0131nda b\u00fcy\u00fck bir avlu var. Simetrik tarzda yap\u0131lm\u0131\u015f bir yap\u0131.<\/p>\n<p><img loading=\"lazy\" decoding=\"async\" class=\"alignnone size-medium wp-image-2533\" src=\"https:\/\/www.yeryuzundebirkacadim.com\/wp-content\/uploads\/2018\/06\/IMG_1902-1024x683.jpg\" alt=\"\" width=\"1024\" height=\"683\" srcset=\"https:\/\/www.yeryuzundebirkacadim.com\/wp-content\/uploads\/2018\/06\/IMG_1902-1024x683.jpg 1024w, https:\/\/www.yeryuzundebirkacadim.com\/wp-content\/uploads\/2018\/06\/IMG_1902-768x512.jpg 768w, https:\/\/www.yeryuzundebirkacadim.com\/wp-content\/uploads\/2018\/06\/IMG_1902-2048x1365.jpg 2048w, https:\/\/www.yeryuzundebirkacadim.com\/wp-content\/uploads\/2018\/06\/IMG_1902-816x544.jpg 816w\" sizes=\"auto, (max-width: 1024px) 100vw, 1024px\" \/><\/p>\n<p><img loading=\"lazy\" decoding=\"async\" class=\"alignnone size-medium wp-image-2536\" src=\"https:\/\/www.yeryuzundebirkacadim.com\/wp-content\/uploads\/2018\/06\/IMG_1776-1024x683.jpg\" alt=\"\" width=\"1024\" height=\"683\" srcset=\"https:\/\/www.yeryuzundebirkacadim.com\/wp-content\/uploads\/2018\/06\/IMG_1776-1024x683.jpg 1024w, https:\/\/www.yeryuzundebirkacadim.com\/wp-content\/uploads\/2018\/06\/IMG_1776-768x512.jpg 768w, https:\/\/www.yeryuzundebirkacadim.com\/wp-content\/uploads\/2018\/06\/IMG_1776-2048x1365.jpg 2048w, https:\/\/www.yeryuzundebirkacadim.com\/wp-content\/uploads\/2018\/06\/IMG_1776-816x544.jpg 816w\" sizes=\"auto, (max-width: 1024px) 100vw, 1024px\" \/><\/p>\n<p><strong>8. Semper Opera<\/strong>\u00a0<strong>\u00a0Binas\u0131 (Semperoper)<\/strong><\/p>\n<p><img loading=\"lazy\" decoding=\"async\" class=\"alignnone size-medium wp-image-2535\" src=\"https:\/\/www.yeryuzundebirkacadim.com\/wp-content\/uploads\/2018\/06\/IMG_1914-1024x683.jpg\" alt=\"\" width=\"1024\" height=\"683\" srcset=\"https:\/\/www.yeryuzundebirkacadim.com\/wp-content\/uploads\/2018\/06\/IMG_1914-1024x683.jpg 1024w, https:\/\/www.yeryuzundebirkacadim.com\/wp-content\/uploads\/2018\/06\/IMG_1914-768x512.jpg 768w, https:\/\/www.yeryuzundebirkacadim.com\/wp-content\/uploads\/2018\/06\/IMG_1914-2048x1365.jpg 2048w, https:\/\/www.yeryuzundebirkacadim.com\/wp-content\/uploads\/2018\/06\/IMG_1914-816x544.jpg 816w\" sizes=\"auto, (max-width: 1024px) 100vw, 1024px\" \/><\/p>\n<p>Opera binas\u0131 ilk olarak 1841 y\u0131l\u0131nda mimar Semper\u00a0taraf\u0131ndan yapt\u0131r\u0131lm\u0131\u015ft\u0131r. Daha sonra bir\u00e7ok kere restorasyon ge\u00e7irmi\u015ftir.\u00a0\u00d6n giri\u015fte von Goethe, Shakespeare, Euripides, Sophocles ve Moliere gibi b\u00fcy\u00fck sanat\u00e7\u0131lara ait\u00a0heykeller bulunmaktad\u0131r.<\/p>\n<p class=\"thumb tright\"><strong>9. Kral Johann Heykeli<\/strong><\/p>\n<p class=\"thumb tright\">Opera binas\u0131n\u0131n \u00f6n\u00fcnde bulunuyor.<\/p>\n<p><strong>10. Dresden Kalesi veya Kraliyet Saray\u0131 (Residenzschloss)<\/strong><\/p>\n<p><img loading=\"lazy\" decoding=\"async\" class=\"alignnone size-medium wp-image-2532\" src=\"https:\/\/www.yeryuzundebirkacadim.com\/wp-content\/uploads\/2018\/06\/IMG_1900-1024x683.jpg\" alt=\"\" width=\"1024\" height=\"683\" srcset=\"https:\/\/www.yeryuzundebirkacadim.com\/wp-content\/uploads\/2018\/06\/IMG_1900-1024x683.jpg 1024w, https:\/\/www.yeryuzundebirkacadim.com\/wp-content\/uploads\/2018\/06\/IMG_1900-768x512.jpg 768w, https:\/\/www.yeryuzundebirkacadim.com\/wp-content\/uploads\/2018\/06\/IMG_1900-2048x1365.jpg 2048w, https:\/\/www.yeryuzundebirkacadim.com\/wp-content\/uploads\/2018\/06\/IMG_1900-816x544.jpg 816w\" sizes=\"auto, (max-width: 1024px) 100vw, 1024px\" \/><\/p>\n<p>\u015eehrin en \u00f6nemli yap\u0131s\u0131d\u0131r.\u00a0<span class=\"notranslate\">Saray&#8217;\u0131n tarihi burada bir kale in\u015fa edildi\u011fi 13. y\u00fczy\u0131la kadar uzan\u0131r.\u00a0 <\/span><\/p>\n<p><span class=\"notranslate\">Kale ilk olarak 15. y\u00fczy\u0131lda Hausmann Kulesi&#8217;nin in\u015fa edildi\u011fi zaman geni\u015fletildi.\u00a0<\/span><\/p>\n<p class=\"intro\">Kulenin yan\u0131ndaki kapal\u0131 bir k\u00f6pr\u00fc, Residenzschloss&#8217;u Hofkirche (Meryem Ana Kilisesi) ile birle\u015ftiriyor.<\/p>\n<div class=\"article\"><span class=\"notranslate\">1530&#8217;da Wettin Ailesi&#8217;nin ikametgah\u0131 olarak <strong>Georgenbau<\/strong> yap\u0131ld\u0131.<\/span><\/div>\n<div class=\"article\">Saray\u0131n merkezi b\u00f6l\u00fcm\u00fc olan Georgenbau&#8217;nun an\u0131tsal giri\u015f kap\u0131s\u0131 olan <strong>Georgentor<\/strong>, Kale Meydan\u0131&#8217;na bak\u0131yor.\u00a0<span class=\"notranslate\">Georgentor,\u00a0Dresden&#8217;deki ilk R\u00f6nesans binas\u0131 olarak kabul edilir.<\/span><\/div>\n<div class=\"article\"><span class=\"notranslate\">16. y\u00fczy\u0131l\u0131n ortalar\u0131na gelindi\u011finde kale muhte\u015fem bir R\u00f6nesans saray\u0131 olarak evrimle\u015fti ve devam etti.<\/span><\/div>\n<div class=\"article\"><span class=\"notranslate\">Kraliyet ah\u0131rlar\u0131 yine 16. y\u00fczy\u0131l\u0131n\u00a0ikinci yar\u0131s\u0131nda ilave edilmi\u015ftir.<\/span><\/div>\n<p class=\"article\"><img loading=\"lazy\" decoding=\"async\" class=\"alignnone size-medium wp-image-2541\" src=\"https:\/\/www.yeryuzundebirkacadim.com\/wp-content\/uploads\/2018\/06\/IMG_1926-1024x683.jpg\" alt=\"\" width=\"1024\" height=\"683\" srcset=\"https:\/\/www.yeryuzundebirkacadim.com\/wp-content\/uploads\/2018\/06\/IMG_1926-1024x683.jpg 1024w, https:\/\/www.yeryuzundebirkacadim.com\/wp-content\/uploads\/2018\/06\/IMG_1926-768x512.jpg 768w, https:\/\/www.yeryuzundebirkacadim.com\/wp-content\/uploads\/2018\/06\/IMG_1926-2048x1365.jpg 2048w, https:\/\/www.yeryuzundebirkacadim.com\/wp-content\/uploads\/2018\/06\/IMG_1926-816x544.jpg 816w\" sizes=\"auto, (max-width: 1024px) 100vw, 1024px\" \/><\/p>\n<p><strong>Prensler Alay\u0131 (F\u00fcrstenzug)<\/strong><\/p>\n<p><span class=\"notranslate\">Kraliyet ah\u0131rlar\u0131n\u0131n caddeye bakan sabit duvar\u0131nda bu renkli ve an\u0131tsal \u00e7al\u0131\u015fma \u015fehrin mimari miras\u0131nda \u00f6nemli bir yer tutar.<\/span><\/p>\n<p><img loading=\"lazy\" decoding=\"async\" class=\"alignnone size-medium wp-image-2544\" src=\"https:\/\/www.yeryuzundebirkacadim.com\/wp-content\/uploads\/2018\/06\/IMG_1789-1024x683.jpg\" alt=\"\" width=\"1024\" height=\"683\" srcset=\"https:\/\/www.yeryuzundebirkacadim.com\/wp-content\/uploads\/2018\/06\/IMG_1789-1024x683.jpg 1024w, https:\/\/www.yeryuzundebirkacadim.com\/wp-content\/uploads\/2018\/06\/IMG_1789-768x512.jpg 768w, https:\/\/www.yeryuzundebirkacadim.com\/wp-content\/uploads\/2018\/06\/IMG_1789-2048x1365.jpg 2048w, https:\/\/www.yeryuzundebirkacadim.com\/wp-content\/uploads\/2018\/06\/IMG_1789-816x544.jpg 816w\" sizes=\"auto, (max-width: 1024px) 100vw, 1024px\" \/><\/p>\n<p>1127-1904 y\u0131llar\u0131 aras\u0131nda ya\u015fam\u0131\u015f Saksonya&#8217;n\u0131n\u00a0 kral, d\u00fck, se\u00e7men, bilim adam\u0131, zanaatkar vb. 94 ki\u015finin yer ald\u0131\u011f\u0131 bir nevi soy a\u011fac\u0131.<\/p>\n<p><span class=\"notranslate\">Prensler Alay\u0131; aslen 1871-1876 y\u0131llar\u0131nda Sakson anavatan\u0131n\u0131n 800 y\u0131ll\u0131k kutlamas\u0131 vesilesiyle Wilhelm Walther taraf\u0131ndan boyanm\u0131\u015ft\u0131r. Yakla\u015f\u0131k 100 metre uzunlu\u011funda, 10,5 metre y\u00fcksekli\u011findedir.\u00a0 \u00a0 <\/span><\/p>\n<p>19. y\u00fczy\u0131l\u0131n sonlar\u0131nda bozulmaya ba\u015flar. Meissen \u00e7ini fabrikas\u0131n\u0131n teklifi kabul edilerek boyal\u0131 olan eser seramikle tekrar yap\u0131land\u0131r\u0131l\u0131r. Yakla\u015f\u0131k 23000 seramik kullan\u0131l\u0131r. Seramikler hava \u015fartlar\u0131na uygun olarak \u00fcretilir. Prensler Alay\u0131ndaki <span class=\"notranslate\">94 ki\u015finin 45&#8217;i at \u00fcst\u00fcnde, 49 ki\u015fi y\u00fcr\u00fcyor.<\/span>\u00a0<span class=\"notranslate\">Her ne kadar bir\u00e7ok insan birbirleriyle yo\u011fun ileti\u015fim kuruyor olsa da, kat\u0131l\u0131mc\u0131lar sessizdir.<\/span>\u00a0<span class=\"notranslate\">Sanat\u00e7\u0131 Walther jestlere \u00f6ncelik vermi\u015ftir.<\/span><\/p>\n<p><img loading=\"lazy\" decoding=\"async\" class=\"alignnone size-medium wp-image-2543\" src=\"https:\/\/www.yeryuzundebirkacadim.com\/wp-content\/uploads\/2018\/06\/IMG_1791-1024x683.jpg\" alt=\"\" width=\"1024\" height=\"683\" srcset=\"https:\/\/www.yeryuzundebirkacadim.com\/wp-content\/uploads\/2018\/06\/IMG_1791-1024x683.jpg 1024w, https:\/\/www.yeryuzundebirkacadim.com\/wp-content\/uploads\/2018\/06\/IMG_1791-768x512.jpg 768w, https:\/\/www.yeryuzundebirkacadim.com\/wp-content\/uploads\/2018\/06\/IMG_1791-2048x1365.jpg 2048w, https:\/\/www.yeryuzundebirkacadim.com\/wp-content\/uploads\/2018\/06\/IMG_1791-816x544.jpg 816w\" sizes=\"auto, (max-width: 1024px) 100vw, 1024px\" \/><\/p>\n<p>Sanat\u00e7\u0131 Walther kendini ge\u00e7it t\u00f6renindeki son ki\u015fi olarak resmeder. Eser \u015fans eseri 1945&#8217;deki sald\u0131r\u0131dan kurtulmu\u015ftur.<\/p>\n<p class=\"article\"><span class=\"notranslate\"><strong>Kraliyet Saray\u0131<\/strong>\u00a0bir dizi m\u00fczeye ev sahipli\u011fi yapmaktad\u0131r.<\/span><\/p>\n<p class=\"article\"><span class=\"notranslate\">En \u00fcnl\u00fcs\u00fc, Avrupa&#8217;n\u0131n en g\u00f6rkemli hazinelerinden biri olan <strong>Gr\u00fcnes Gew\u00f6lbe&#8217;dir (Green Vault)<\/strong>. Eskiden malakit rengi yani\u00a0ye\u015fil boyal\u0131 s\u00fctun kaideleri nedeni ile bu isim verilmi\u015ftir.\u00a0<\/span><span class=\"notranslate\">B\u00fcy\u00fck bir hazine odas\u0131 da dahil olmak \u00fczere bir dizi m\u00fczeye ev sahipli\u011fi yapmaktad\u0131r.<\/span>\u00a01723 y\u0131l\u0131nda kuruldu\u011fu i\u00e7in d<span class=\"notranslate\">\u00fcnyan\u0131n en eski m\u00fczesi oldu\u011fu iddia ediliyor.<\/span><span class=\"notranslate\">\u00a0<\/span>II. D\u00fcnya Sava\u015f\u0131&#8217;nda y\u0131k\u0131lmas\u0131n\u0131n ard\u0131ndan tekrar restore edilmi\u015ftir.\u00a0<span class=\"notranslate\">Bug\u00fcn, hazineleri iki sergide sergilenmektedir:\u00a0 <\/span><\/p>\n<p class=\"article\"><span class=\"notranslate\">Tarihi Green Vault;\u00a01733&#8217;te var olan tarihi hazine odas\u0131n\u0131n g\u00f6rkemiyle \u00fcnl\u00fcd\u00fcr.\u00a0<\/span><\/p>\n<p><img loading=\"lazy\" decoding=\"async\" class=\"alignnone size-medium wp-image-2552\" src=\"https:\/\/www.yeryuzundebirkacadim.com\/wp-content\/uploads\/2018\/06\/DSC04928-1024x684.jpg\" alt=\"\" width=\"1024\" height=\"684\" srcset=\"https:\/\/www.yeryuzundebirkacadim.com\/wp-content\/uploads\/2018\/06\/DSC04928-1024x684.jpg 1024w, https:\/\/www.yeryuzundebirkacadim.com\/wp-content\/uploads\/2018\/06\/DSC04928-768x513.jpg 768w, https:\/\/www.yeryuzundebirkacadim.com\/wp-content\/uploads\/2018\/06\/DSC04928-2048x1368.jpg 2048w, https:\/\/www.yeryuzundebirkacadim.com\/wp-content\/uploads\/2018\/06\/DSC04928-816x545.jpg 816w\" sizes=\"auto, (max-width: 1024px) 100vw, 1024px\" \/><\/p>\n<p><strong>11. New Green Voult<\/strong><\/p>\n<p>\u00d6nce New Green Voult&#8217;u geziyoruz. 1. katta bulunuyor.<\/p>\n<p>Son \u00fc\u00e7 y\u00fcz y\u0131la ait 1000&#8217;in \u00fcst\u00fcnde paha bi\u00e7ilemez m\u00fccevher sergileniyor.<\/p>\n<p>Mitolojik kad\u0131rga<\/p>\n<p><img loading=\"lazy\" decoding=\"async\" class=\"alignnone size-medium wp-image-2553\" src=\"https:\/\/www.yeryuzundebirkacadim.com\/wp-content\/uploads\/2018\/06\/DSC04933-1024x684.jpg\" alt=\"\" width=\"1024\" height=\"684\" srcset=\"https:\/\/www.yeryuzundebirkacadim.com\/wp-content\/uploads\/2018\/06\/DSC04933-1024x684.jpg 1024w, https:\/\/www.yeryuzundebirkacadim.com\/wp-content\/uploads\/2018\/06\/DSC04933-768x513.jpg 768w, https:\/\/www.yeryuzundebirkacadim.com\/wp-content\/uploads\/2018\/06\/DSC04933-2048x1368.jpg 2048w, https:\/\/www.yeryuzundebirkacadim.com\/wp-content\/uploads\/2018\/06\/DSC04933-816x545.jpg 816w\" sizes=\"auto, (max-width: 1024px) 100vw, 1024px\" \/><\/p>\n<p><span class=\"notranslate\">T\u00fcm Green Vault&#8217;taki en de\u011ferli elmas.<\/span>\u00a0<span class=\"notranslate\">Ta\u015f\u0131n e\u015fsiz ye\u015fil rengi, radyoaktif materyallere do\u011fal maruz kalma nedeniyle olu\u015fmu\u015f.<\/span>\u00a0III. August Hollandal\u0131 bir t\u00fcccardan alm\u0131\u015f. Dekoratif bir rozete tak\u0131lmas\u0131n\u0131 istemi\u015f.<\/p>\n<p><img loading=\"lazy\" decoding=\"async\" class=\"alignnone size-medium wp-image-2555\" src=\"https:\/\/www.yeryuzundebirkacadim.com\/wp-content\/uploads\/2018\/06\/IMG_1835-1024x683.jpg\" alt=\"\" width=\"1024\" height=\"683\" srcset=\"https:\/\/www.yeryuzundebirkacadim.com\/wp-content\/uploads\/2018\/06\/IMG_1835-1024x683.jpg 1024w, https:\/\/www.yeryuzundebirkacadim.com\/wp-content\/uploads\/2018\/06\/IMG_1835-768x512.jpg 768w, https:\/\/www.yeryuzundebirkacadim.com\/wp-content\/uploads\/2018\/06\/IMG_1835-2048x1365.jpg 2048w, https:\/\/www.yeryuzundebirkacadim.com\/wp-content\/uploads\/2018\/06\/IMG_1835-816x544.jpg 816w\" sizes=\"auto, (max-width: 1024px) 100vw, 1024px\" \/><\/p>\n<p class=\"article\"><span class=\"notranslate\"><strong>12. Armory M\u00fczesi (R\u00fcstkammer) (Askeri Eserler M\u00fczesi)<\/strong><\/span><\/p>\n<p>Bu gezilerin ard\u0131ndan rehberimiz serbest saat verdi. Ve Ali Vefa&#8217;yla bana &#8220;Siz merakl\u0131s\u0131n\u0131z. Saray M\u00fczesi&#8217;ndeki T\u00fcrk Odas\u0131&#8217;n\u0131 ziyaret edin. Sava\u015f malzemeleri var&#8221; deyince bu t\u00fcr m\u00fczelerden ho\u015flanmayan ben &#8220;Vakit kayb\u0131 olmas\u0131n. De\u011fer mi?&#8221; diye sorunca &#8220;De\u011fer, muhakkak gezin&#8221; dedi. Ger\u00e7ekten \u00e7ok g\u00fczel, d\u00fczenli, \u00e7ok say\u0131da esere sahip bir m\u00fczeydi. Rehberimize \u015f\u00fckranlar\u0131m\u0131 sundum zaten. Kesinlikle tavsiye ederim. Ben b\u00f6yle bir m\u00fczeyi T\u00fcrkiye&#8217;de bile g\u00f6rmedim. Bize ait olan\u0131 bizden fazla heves ve bilin\u00e7le toplam\u0131\u015f ve etkileyici bir tarzda sergilemi\u015fler.<\/p>\n<p>Buras\u0131 <span class=\"notranslate\">Saksonlar&#8217;a ait silahlar\u0131n sergilendi\u011fi\u00a0 d\u00fcnyan\u0131n en de\u011ferli silah koleksiyonlar\u0131ndan birine sahip.<\/span>\u00a0<span class=\"notranslate\">Sergide kasklar, kalkanlar, k\u0131l\u0131\u00e7lar, han\u00e7erler, tabancalar, t\u00fcfekler, binicilik ekipman\u0131, t\u00f6ren k\u0131yafetleri ve maketler gibi yakla\u015f\u0131k 10.000 nesne bulunuyor.<\/span><\/p>\n<p><strong><span class=\"notranslate\">T\u00fcrk Odas\u0131\u00a0(\u00a0T\u00fcrckische Cammer\u00a0)<\/span><\/strong><\/p>\n<p><span class=\"notranslate\">Armory M\u00fczesi&#8217;nde ayr\u0131 bir koleksiyon.<\/span>\u00a0Osmanl\u0131 \u0130mparatorlu\u011fu&#8217;na ait<span class=\"notranslate\"> 600&#8217;\u00fcn \u00fczerinde sanat eseri sergileniyor.<\/span><sup id=\"cite_ref-7\" class=\"reference\"><\/sup><\/p>\n<div id=\"content\">\n<div id=\"articledata\">\n<div id=\"data\">\n<div class=\"article\">\n<div class=\"pic right\"><strong>T\u00fcrk Odas\u0131<\/strong><\/div>\n<\/div>\n<\/div>\n<\/div>\n<\/div>\n<p>M\u00fczecili\u011fin en g\u00fczel sunumlar\u0131ndan birine tan\u0131k olduk.<\/p>\n<p>Askeri Eserler M\u00fczesi i\u00e7inde 750 metre kare yer ayr\u0131lan T\u00fcrk Odas\u0131 2015 y\u0131l\u0131nda a\u00e7\u0131lm\u0131\u015f. 450 y\u0131ll\u0131k birikim \u00fcr\u00fcn\u00fc olan\u00a0 Osmanl\u0131 ve do\u011fu kaynakl\u0131 eserler sergilenmeye ba\u015flanm\u0131\u015f. Silahlardan g\u00fcnl\u00fck k\u0131yafetlere, at ko\u015fumlar\u0131ndan Osmanl\u0131 sadrazam \u00e7ad\u0131rlar\u0131na kadar pek \u00e7ok eser sergileniyor.\u00a0 Bu birikimin biraz korku, \u00e7okca da hayranl\u0131ktan kaynakland\u0131\u011f\u0131 fark ediliyor. Zaten \u00f6zellikle II. August zaman\u0131nda \u0130slam d\u00fcnyas\u0131na bir \u00f6zenti varm\u0131\u015f.\u00a0\u00a0Kral\u0131n Polonya\u2019da ve Dresden\u2019de T\u00fcrk konulu g\u00f6rkemli \u015f\u00f6lenler d\u00fczenledi\u011fi tarihi kaynaklarda yer al\u0131yor. Bu \u015f\u00f6lenler i\u00e7in getirilen eserler buralarda \u00f6ncelikle temsili ama\u00e7lar i\u00e7in kullan\u0131lm\u0131\u015f. II. August\u2019un o\u011flunun d\u00fc\u011f\u00fcn\u00fc i\u00e7in d\u00fczenlenen kutlamalarda T\u00fcrk motiflerine \u00f6zel bir yer verildi\u011fini, Osmanl\u0131 saltanat \u00e7ad\u0131rlar\u0131n\u0131n dekor olarak kullan\u0131ld\u0131\u011f\u0131n\u0131 okudum.<\/p>\n<p>M\u00fcze; Osmanl\u0131 \u0130mparatorlu\u011fu taraf\u0131ndan hediye edilmi\u015f, Almanlar taraf\u0131ndan sat\u0131n al\u0131nm\u0131\u015f veya sava\u015f meydan\u0131nda ele ge\u00e7irilmi\u015f 600&#8217;\u00fcn \u00fcst\u00fcnde eserden olu\u015fuyor. Hatta Osmanl\u0131 tarz\u0131nda Avrupa&#8217;da yap\u0131lan eserler de bulunuyor.<\/p>\n<p><img loading=\"lazy\" decoding=\"async\" class=\"alignnone size-medium wp-image-2548\" src=\"https:\/\/www.yeryuzundebirkacadim.com\/wp-content\/uploads\/2018\/06\/IMG_1838-1024x683.jpg\" alt=\"\" width=\"1024\" height=\"683\" srcset=\"https:\/\/www.yeryuzundebirkacadim.com\/wp-content\/uploads\/2018\/06\/IMG_1838-1024x683.jpg 1024w, https:\/\/www.yeryuzundebirkacadim.com\/wp-content\/uploads\/2018\/06\/IMG_1838-768x512.jpg 768w, https:\/\/www.yeryuzundebirkacadim.com\/wp-content\/uploads\/2018\/06\/IMG_1838-2048x1365.jpg 2048w, https:\/\/www.yeryuzundebirkacadim.com\/wp-content\/uploads\/2018\/06\/IMG_1838-816x544.jpg 816w\" sizes=\"auto, (max-width: 1024px) 100vw, 1024px\" \/><\/p>\n<p><img loading=\"lazy\" decoding=\"async\" class=\"alignnone size-medium wp-image-2549\" src=\"https:\/\/www.yeryuzundebirkacadim.com\/wp-content\/uploads\/2018\/06\/IMG_1839-1024x683.jpg\" alt=\"\" width=\"1024\" height=\"683\" srcset=\"https:\/\/www.yeryuzundebirkacadim.com\/wp-content\/uploads\/2018\/06\/IMG_1839-1024x683.jpg 1024w, https:\/\/www.yeryuzundebirkacadim.com\/wp-content\/uploads\/2018\/06\/IMG_1839-768x512.jpg 768w, https:\/\/www.yeryuzundebirkacadim.com\/wp-content\/uploads\/2018\/06\/IMG_1839-2048x1365.jpg 2048w, https:\/\/www.yeryuzundebirkacadim.com\/wp-content\/uploads\/2018\/06\/IMG_1839-816x544.jpg 816w\" sizes=\"auto, (max-width: 1024px) 100vw, 1024px\" \/><\/p>\n<p>Osmanl\u0131&#8217;n\u0131n kulland\u0131\u011f\u0131 Arap atlar\u0131 bire bir \u00f6l\u00e7\u00fclerinde ve orijinal a\u011f\u0131rl\u0131\u011f\u0131nda \u00fcretilmi\u015f.<\/p>\n<p><img loading=\"lazy\" decoding=\"async\" class=\"alignnone size-medium wp-image-2551\" src=\"https:\/\/www.yeryuzundebirkacadim.com\/wp-content\/uploads\/2018\/06\/IMG_1842-1024x683.jpg\" alt=\"\" width=\"1024\" height=\"683\" srcset=\"https:\/\/www.yeryuzundebirkacadim.com\/wp-content\/uploads\/2018\/06\/IMG_1842-1024x683.jpg 1024w, https:\/\/www.yeryuzundebirkacadim.com\/wp-content\/uploads\/2018\/06\/IMG_1842-768x512.jpg 768w, https:\/\/www.yeryuzundebirkacadim.com\/wp-content\/uploads\/2018\/06\/IMG_1842-2048x1365.jpg 2048w, https:\/\/www.yeryuzundebirkacadim.com\/wp-content\/uploads\/2018\/06\/IMG_1842-816x544.jpg 816w\" sizes=\"auto, (max-width: 1024px) 100vw, 1024px\" \/><\/p>\n<p>Serginin g\u00f6zdesi, 20 metre uzunlu\u011funda, 8 metre geni\u015fli\u011finde ve 6 metre y\u00fcksekli\u011finde Osmanl\u0131 \u00e7ad\u0131r\u0131. II. August taraf\u0131ndan m\u00fczeye kazand\u0131r\u0131lm\u0131\u015f olan \u00e7ad\u0131r, ipek ve alt\u0131n i\u015fli bezemeli. Ve g\u00f6r\u00fcnce etkilenmemek m\u00fcmk\u00fcn de\u011fil.<\/p>\n<p><img loading=\"lazy\" decoding=\"async\" class=\"alignnone size-medium wp-image-2516\" src=\"https:\/\/www.yeryuzundebirkacadim.com\/wp-content\/uploads\/2018\/05\/IMG_1845-1024x683.jpg\" alt=\"\" width=\"1024\" height=\"683\" srcset=\"https:\/\/www.yeryuzundebirkacadim.com\/wp-content\/uploads\/2018\/05\/IMG_1845-1024x683.jpg 1024w, https:\/\/www.yeryuzundebirkacadim.com\/wp-content\/uploads\/2018\/05\/IMG_1845-768x512.jpg 768w, https:\/\/www.yeryuzundebirkacadim.com\/wp-content\/uploads\/2018\/05\/IMG_1845-2048x1365.jpg 2048w, https:\/\/www.yeryuzundebirkacadim.com\/wp-content\/uploads\/2018\/05\/IMG_1845-816x544.jpg 816w\" sizes=\"auto, (max-width: 1024px) 100vw, 1024px\" \/><\/p>\n<p><img loading=\"lazy\" decoding=\"async\" class=\"alignnone size-medium wp-image-2517\" src=\"https:\/\/www.yeryuzundebirkacadim.com\/wp-content\/uploads\/2018\/05\/IMG_1857-1024x683.jpg\" alt=\"\" width=\"1024\" height=\"683\" srcset=\"https:\/\/www.yeryuzundebirkacadim.com\/wp-content\/uploads\/2018\/05\/IMG_1857-1024x683.jpg 1024w, https:\/\/www.yeryuzundebirkacadim.com\/wp-content\/uploads\/2018\/05\/IMG_1857-768x512.jpg 768w, https:\/\/www.yeryuzundebirkacadim.com\/wp-content\/uploads\/2018\/05\/IMG_1857-2048x1365.jpg 2048w, https:\/\/www.yeryuzundebirkacadim.com\/wp-content\/uploads\/2018\/05\/IMG_1857-816x544.jpg 816w\" sizes=\"auto, (max-width: 1024px) 100vw, 1024px\" \/><\/p>\n<p><strong>B\u00fcy\u00fck Salon (Cephanelik)<\/strong><\/p>\n<p>57 metre uzunlu\u011funda ve 13 metre geni\u015fli\u011finde olan B\u00fcy\u00fck Salon m\u00fczenin\u00a0en b\u00fcy\u00fck salonu.\u00a015. y\u00fczy\u0131ldan 17. y\u00fczy\u0131la kadar uzanan tarihi silahlar, k\u0131yafetler, z\u0131rhlar ve resimler bulunmaktad\u0131r.<\/p>\n<p><img loading=\"lazy\" decoding=\"async\" class=\"alignnone size-medium wp-image-2557\" src=\"https:\/\/www.yeryuzundebirkacadim.com\/wp-content\/uploads\/2018\/06\/IMG_1862-1024x683.jpg\" alt=\"\" width=\"1024\" height=\"683\" srcset=\"https:\/\/www.yeryuzundebirkacadim.com\/wp-content\/uploads\/2018\/06\/IMG_1862-1024x683.jpg 1024w, https:\/\/www.yeryuzundebirkacadim.com\/wp-content\/uploads\/2018\/06\/IMG_1862-768x512.jpg 768w, https:\/\/www.yeryuzundebirkacadim.com\/wp-content\/uploads\/2018\/06\/IMG_1862-2048x1365.jpg 2048w, https:\/\/www.yeryuzundebirkacadim.com\/wp-content\/uploads\/2018\/06\/IMG_1862-816x544.jpg 816w\" sizes=\"auto, (max-width: 1024px) 100vw, 1024px\" \/><\/p>\n<p><strong>Moritz An\u0131t\u0131<\/strong><\/p>\n<p><span class=\"notranslate\">\u0130lk yap\u0131ld\u0131\u011f\u0131nda Br\u00fchl Teras\u0131&#8217;n\u0131n\u00a0do\u011fu ucunda bulunan kumta\u015f\u0131 an\u0131t\u0131d\u0131r. 1555 y\u0131l\u0131nda Walther taraf\u0131ndan yap\u0131lm\u0131\u015ft\u0131r. Dresden&#8217;in en eski korunmu\u015f an\u0131t\u0131d\u0131r.\u00a0<\/span><span class=\"notranslate\">R\u00f6nesans tarz\u0131 an\u0131t, bir zamanlar boyal\u0131ym\u0131\u015f. 6 metre y\u00fcksekli\u011finde, 2,5 metre geni\u015fli\u011findedir.\u00a0<\/span><\/p>\n<p><img loading=\"lazy\" decoding=\"async\" class=\"alignnone size-medium wp-image-2558\" src=\"https:\/\/www.yeryuzundebirkacadim.com\/wp-content\/uploads\/2018\/06\/IMG_1875-1024x683.jpg\" alt=\"\" width=\"1024\" height=\"683\" srcset=\"https:\/\/www.yeryuzundebirkacadim.com\/wp-content\/uploads\/2018\/06\/IMG_1875-1024x683.jpg 1024w, https:\/\/www.yeryuzundebirkacadim.com\/wp-content\/uploads\/2018\/06\/IMG_1875-768x512.jpg 768w, https:\/\/www.yeryuzundebirkacadim.com\/wp-content\/uploads\/2018\/06\/IMG_1875-2048x1365.jpg 2048w, https:\/\/www.yeryuzundebirkacadim.com\/wp-content\/uploads\/2018\/06\/IMG_1875-816x544.jpg 816w\" sizes=\"auto, (max-width: 1024px) 100vw, 1024px\" \/><\/p>\n<p><span class=\"notranslate\">An\u0131tta; Se\u00e7men Moritz\u00a0<\/span><span class=\"notranslate\">Saksonya se\u00e7men k\u0131l\u0131c\u0131n\u0131 abisi August&#8217;a (1526-1586\u00a0) sunarken resmedilmi\u015f. Moritz&#8217;in arkas\u0131nda baba, o\u011ful ve ruhsal ruh \u00fc\u00e7lemesi var. \u0130skelet ve kum saati \u00f6l\u00fcme g\u00f6ndermedir. <\/span><\/p>\n<p><span class=\"notranslate\"><img loading=\"lazy\" decoding=\"async\" class=\"alignnone size-medium wp-image-2591\" src=\"https:\/\/www.yeryuzundebirkacadim.com\/wp-content\/uploads\/2018\/06\/IMG_1876-1024x683.jpg\" alt=\"\" width=\"1024\" height=\"683\" srcset=\"https:\/\/www.yeryuzundebirkacadim.com\/wp-content\/uploads\/2018\/06\/IMG_1876-1024x683.jpg 1024w, https:\/\/www.yeryuzundebirkacadim.com\/wp-content\/uploads\/2018\/06\/IMG_1876-768x512.jpg 768w, https:\/\/www.yeryuzundebirkacadim.com\/wp-content\/uploads\/2018\/06\/IMG_1876-2048x1365.jpg 2048w, https:\/\/www.yeryuzundebirkacadim.com\/wp-content\/uploads\/2018\/06\/IMG_1876-816x544.jpg 816w\" sizes=\"auto, (max-width: 1024px) 100vw, 1024px\" \/><\/span><\/p>\n<p><span class=\"notranslate\">An\u0131t, Moritz&#8217;in 1553 y\u0131l\u0131nda sava\u015f sonras\u0131 \u00f6l\u00fcm\u00fcn\u00fc anmak \u00fczere yap\u0131lm\u0131\u015f.\u00a0 \u0130ki karde\u015fin e\u015fleri arkalar\u0131nda duruyor. Moritz&#8217;in e\u015fi dul kost\u00fcm\u00fc giyerken, August&#8217;un e\u015fi\u00a0\u015f\u0131k mahkeme k\u0131yafeti giymi\u015ftir.\u00a0 <\/span><\/p>\n<p><span class=\"notranslate\">An\u0131t\u0131n ilk yap\u0131ld\u0131\u011f\u0131 yere kopyalar\u0131 konulmu\u015fken asl\u0131 \u015fu anda m\u00fczede sergilenmekte.<\/span><\/p>\n<div id=\"content\">\n<div id=\"articledata\">\n<div id=\"data\">\n<div class=\"article\">\n<div class=\"pic right\">\n<p class=\"intro\"><strong>13. Hofkirche (Meryem Ana Kilisesi)<\/strong><\/p>\n<p><img loading=\"lazy\" decoding=\"async\" class=\"alignnone size-medium wp-image-2539\" src=\"https:\/\/www.yeryuzundebirkacadim.com\/wp-content\/uploads\/2018\/06\/IMG_1801-1024x683.jpg\" alt=\"\" width=\"1024\" height=\"683\" srcset=\"https:\/\/www.yeryuzundebirkacadim.com\/wp-content\/uploads\/2018\/06\/IMG_1801-1024x683.jpg 1024w, https:\/\/www.yeryuzundebirkacadim.com\/wp-content\/uploads\/2018\/06\/IMG_1801-768x512.jpg 768w, https:\/\/www.yeryuzundebirkacadim.com\/wp-content\/uploads\/2018\/06\/IMG_1801-2048x1365.jpg 2048w, https:\/\/www.yeryuzundebirkacadim.com\/wp-content\/uploads\/2018\/06\/IMG_1801-816x544.jpg 816w\" sizes=\"auto, (max-width: 1024px) 100vw, 1024px\" \/><\/p>\n<p class=\"intro\">1739-1755 y\u0131llar\u0131 aras\u0131nda Barok tarz\u0131nda yapt\u0131r\u0131lm\u0131\u015f Katolik Kilisesidir. II. August, \u0130talyan mimar ve ustalar getirterek Saksonya&#8217;n\u0131n en b\u00fcy\u00fck Katolik Kilisesi&#8217;ni in\u015fa ettirmi\u015f.<\/p>\n<p class=\"intro\"><img loading=\"lazy\" decoding=\"async\" class=\"alignnone size-medium wp-image-2542\" src=\"https:\/\/www.yeryuzundebirkacadim.com\/wp-content\/uploads\/2018\/06\/IMG_1932-1024x683.jpg\" alt=\"\" width=\"1024\" height=\"683\" srcset=\"https:\/\/www.yeryuzundebirkacadim.com\/wp-content\/uploads\/2018\/06\/IMG_1932-1024x683.jpg 1024w, https:\/\/www.yeryuzundebirkacadim.com\/wp-content\/uploads\/2018\/06\/IMG_1932-768x512.jpg 768w, https:\/\/www.yeryuzundebirkacadim.com\/wp-content\/uploads\/2018\/06\/IMG_1932-2048x1365.jpg 2048w, https:\/\/www.yeryuzundebirkacadim.com\/wp-content\/uploads\/2018\/06\/IMG_1932-816x544.jpg 816w\" sizes=\"auto, (max-width: 1024px) 100vw, 1024px\" \/><\/p>\n<\/div>\n<\/div>\n<\/div>\n<\/div>\n<\/div>\n<div class=\"toctitle\" dir=\"ltr\" lang=\"en\">\n<p><strong>14. Frauenkirche\u00a0<\/strong><\/p>\n<p>Daha \u00f6nce bir Katolik Kilisesi iken Reform s\u0131ras\u0131nda Protestan Kilisesi&#8217;ne \u00e7evrilmi\u015f. 1743&#8217;te Barok tarz\u0131nda yeniden in\u015fa edilmi\u015f. Avrupa&#8217;n\u0131n en b\u00fcy\u00fck kubbelerinden birine sahip kilisenin mimar\u0131 olan Bahr eserin tamamland\u0131\u011f\u0131n\u0131 g\u00f6rememi\u015f.<\/p>\n<p><img loading=\"lazy\" decoding=\"async\" class=\"alignnone size-medium wp-image-2547\" src=\"https:\/\/www.yeryuzundebirkacadim.com\/wp-content\/uploads\/2018\/06\/IMG_1814-1024x683.jpg\" alt=\"\" width=\"1024\" height=\"683\" srcset=\"https:\/\/www.yeryuzundebirkacadim.com\/wp-content\/uploads\/2018\/06\/IMG_1814-1024x683.jpg 1024w, https:\/\/www.yeryuzundebirkacadim.com\/wp-content\/uploads\/2018\/06\/IMG_1814-768x512.jpg 768w, https:\/\/www.yeryuzundebirkacadim.com\/wp-content\/uploads\/2018\/06\/IMG_1814-2048x1365.jpg 2048w, https:\/\/www.yeryuzundebirkacadim.com\/wp-content\/uploads\/2018\/06\/IMG_1814-816x544.jpg 816w\" sizes=\"auto, (max-width: 1024px) 100vw, 1024px\" \/><\/p>\n<\/div>\n<p>II. D\u00fcnya sava\u015f\u0131nda zarar g\u00f6ren kilise uzun y\u0131llar restorasyon i\u00e7in beklemi\u015ftir.<\/p>\n<p><strong>15. Martin Luther Heykeli<\/strong><\/p>\n<p>Kilisenin \u00f6n\u00fcnde Protestanl\u0131\u011f\u0131n kurucusu Martin Luther&#8217;in heykeli bulunuyor.<\/p>\n<p>Dresden&#8217;den ayr\u0131lma vakti geldi.<\/p>\n<p><img loading=\"lazy\" decoding=\"async\" class=\"alignnone size-medium wp-image-2518\" src=\"https:\/\/www.yeryuzundebirkacadim.com\/wp-content\/uploads\/2018\/05\/IMG_1892-1024x683.jpg\" alt=\"\" width=\"1024\" height=\"683\" srcset=\"https:\/\/www.yeryuzundebirkacadim.com\/wp-content\/uploads\/2018\/05\/IMG_1892-1024x683.jpg 1024w, https:\/\/www.yeryuzundebirkacadim.com\/wp-content\/uploads\/2018\/05\/IMG_1892-768x512.jpg 768w, https:\/\/www.yeryuzundebirkacadim.com\/wp-content\/uploads\/2018\/05\/IMG_1892-2048x1365.jpg 2048w, https:\/\/www.yeryuzundebirkacadim.com\/wp-content\/uploads\/2018\/05\/IMG_1892-816x544.jpg 816w\" sizes=\"auto, (max-width: 1024px) 100vw, 1024px\" \/><\/p>\n<p>&nbsp;<\/p>\n<p>&nbsp;<\/p>\n","protected":false},"excerpt":{"rendered":"<p>3. G\u00fcn:\u00a030 Nisan 2018 Pazartesi Gezideki 3. g\u00fcn\u00fcm\u00fczde ekibe kat\u0131l\u0131p rehberimizle Dresden gezisine kat\u0131l\u0131yoruz. Berlin&#8217;e 2 saatlik mesafede bir \u015fehir.<\/p>\n","protected":false},"author":1,"featured_media":2626,"comment_status":"closed","ping_status":"closed","sticky":false,"template":"","format":"standard","meta":{"footnotes":""},"categories":[272],"tags":[259,258,267,270,269,266,265,271,264,261,260,263,268,262],"class_list":["post-2621","post","type-post","status-publish","format-standard","has-post-thumbnail","hentry","category-dresden","tag-august-koprusu","tag-bruhl-teraslari","tag-dresden-armory","tag-frauenkirche","tag-furstenzug","tag-georgentor","tag-hofkirche","tag-martin-lutter","tag-residenzschloss","tag-rietschel-aniti","tag-sekundugenitor","tag-semper-opera","tag-turckische-cammer","tag-zwinder-sarayi"],"_links":{"self":[{"href":"https:\/\/www.yeryuzundebirkacadim.com\/index.php\/wp-json\/wp\/v2\/posts\/2621","targetHints":{"allow":["GET"]}}],"collection":[{"href":"https:\/\/www.yeryuzundebirkacadim.com\/index.php\/wp-json\/wp\/v2\/posts"}],"about":[{"href":"https:\/\/www.yeryuzundebirkacadim.com\/index.php\/wp-json\/wp\/v2\/types\/post"}],"author":[{"embeddable":true,"href":"https:\/\/www.yeryuzundebirkacadim.com\/index.php\/wp-json\/wp\/v2\/users\/1"}],"replies":[{"embeddable":true,"href":"https:\/\/www.yeryuzundebirkacadim.com\/index.php\/wp-json\/wp\/v2\/comments?post=2621"}],"version-history":[{"count":11,"href":"https:\/\/www.yeryuzundebirkacadim.com\/index.php\/wp-json\/wp\/v2\/posts\/2621\/revisions"}],"predecessor-version":[{"id":6345,"href":"https:\/\/www.yeryuzundebirkacadim.com\/index.php\/wp-json\/wp\/v2\/posts\/2621\/revisions\/6345"}],"wp:featuredmedia":[{"embeddable":true,"href":"https:\/\/www.yeryuzundebirkacadim.com\/index.php\/wp-json\/wp\/v2\/media\/2626"}],"wp:attachment":[{"href":"https:\/\/www.yeryuzundebirkacadim.com\/index.php\/wp-json\/wp\/v2\/media?parent=2621"}],"wp:term":[{"taxonomy":"category","embeddable":true,"href":"https:\/\/www.yeryuzundebirkacadim.com\/index.php\/wp-json\/wp\/v2\/categories?post=2621"},{"taxonomy":"post_tag","embeddable":true,"href":"https:\/\/www.yeryuzundebirkacadim.com\/index.php\/wp-json\/wp\/v2\/tags?post=2621"}],"curies":[{"name":"wp","href":"https:\/\/api.w.org\/{rel}","templated":true}]}}