


{"id":1155,"date":"2017-03-08T01:31:31","date_gmt":"2017-03-07T22:31:31","guid":{"rendered":"http:\/\/www.yeryuzundebirkacadim.com\/?p=1155"},"modified":"2024-08-19T13:56:49","modified_gmt":"2024-08-19T10:56:49","slug":"tanzanya","status":"publish","type":"post","link":"https:\/\/www.yeryuzundebirkacadim.com\/index.php\/2017\/03\/08\/tanzanya\/","title":{"rendered":"TANZANYA"},"content":{"rendered":"<p>E\u015fim Ali Vefa, iki o\u011flum, kay\u0131nbiraderim Aziz Can ve eltim G\u00fclfem ile tatile \u00e7\u0131kmaya karar verdik. Gezi yerinin tespitini ve her t\u00fcrl\u00fc organizasyonu Aziz Can ve G\u00fclfem yapt\u0131lar. Bir tur \u015firketi gibi her g\u00fcn\u00fcm\u00fcz\u00fc programlay\u0131p bu program ak\u0131\u015f\u0131n\u0131n her basama\u011f\u0131n\u0131 organize ettiler. B\u00f6ylelikle m\u00fcthi\u015f bir gezi ortaya \u00e7\u0131kt\u0131. \u00c7ok keyif ald\u0131k. Hayat\u0131m\u0131z\u0131n bir\u00e7ok ilklerini ya\u015fad\u0131\u011f\u0131m\u0131z bir gezi oldu.\u00a0<!--more--><\/p>\n<p>Veee evet Tanzanya&#8217;ya gidiyoruz.<\/p>\n<p><img loading=\"lazy\" decoding=\"async\" class=\"wp-image-1156\" src=\"https:\/\/www.yeryuzundebirkacadim.com\/wp-content\/uploads\/2017\/03\/tanzanya-harita-ile-ilgili-gorsel-sonucu.gif\" alt=\"tanzanya harita ile ilgili g\u00f6rsel sonucu\" width=\"976\" height=\"967\" \/><\/p>\n<p><strong>Tanzanya Birle\u015fik Cumhuriyeti<\/strong><\/p>\n<p>Afrika&#8217;n\u0131n\u00a0orta-do\u011fu b\u00f6lgesinde yer alan \u00a0Tanzanya bir\u00a0\u00fcniter cumhuriyet\u00a0olup, yirmi alt\u0131 adet\u00a0mikoa\u00a0(eyalet) ad\u0131 verilen b\u00f6lgeden olu\u015fuyor. \u00dclkedeki etnik gruplar\u0131n (kabile) say\u0131s\u0131 120&#8217;den fazla. N\u00fcfusu 38 milyon.<\/p>\n<p>Tanzanya&#8217;daki n\u00fcfusun \u00fc\u00e7te biri M\u00fcsl\u00fcman.<\/p>\n<p>Her bir toplulu\u011fun kendine \u00f6zg\u00fc dili bulunuyor. Dolay\u0131s\u0131yla \u00fclkenin resmi dili Svahili dilidir. \u00dclke, ba\u011f\u0131ms\u0131zl\u0131\u011f\u0131n\u0131 ilan ettikten sonra s\u00f6m\u00fcrge d\u00f6neminin resmi dili olan \u0130ngilizce, bir m\u00fcddet resmi i\u015flerde kullan\u0131lmaya devam etmi\u015f. Son y\u0131llarda, \u0130ngilizce hemen hemen hi\u00e7bir devlet kurumunda kullan\u0131lm\u0131yormu\u015f.\u00a0Bu nedenden dolay\u0131 Tanzanya, Afrika&#8217;daki s\u00f6m\u00fcrge \u00fclkeleri aras\u0131nda eski s\u00f6m\u00fcrge dilini hemen hemen hi\u00e7 kullanmayan say\u0131l\u0131 devletlerden.<\/p>\n<p>Tanzanya ismi, 1964 y\u0131l\u0131nda birle\u015ferek Tanzanya&#8217;y\u0131 olu\u015fturan\u00a0Tanganika\u00a0ve\u00a0Zengibar\u00a0\u00fclkelerinin ilk hecelerinden esinlenerek verilmi\u015f. \u00a01996\u2019dan beri \u00fclkenin ba\u015fkenti Dodoma.\u00a0Ancak ba\u011f\u0131ms\u0131zl\u0131k tarihinden 1996\u2019a kadar do\u011fudaki k\u0131y\u0131 metropol\u00fc olan\u00a0Dar\u00fcsselam (Dar es Selam) \u00fclkenin ba\u015fkentiymi\u015f.<\/p>\n<p>Afrika k\u0131tas\u0131n\u0131n geli\u015fmi\u015f ve g\u00fcvenli \u00fclkelerinden biri. Unesco\u2019nun korumas\u0131 alt\u0131ndaki, d\u00fcnyan\u0131n en el de\u011fmemi\u015f do\u011fal parklar\u0131na sahip bir \u00fclke.<\/p>\n<p>Ekvatorun hemen alt\u0131nda yer ald\u0131\u011f\u0131ndan yaz ve k\u0131\u015f s\u0131cakl\u0131k farkl\u0131l\u0131klar\u0131 b\u00fcy\u00fck de\u011fi\u015fiklikler g\u00f6stermiyor. Gezi i\u00e7in en m\u00fcsait d\u00f6nem ya\u011fmurlar\u0131n az oldu\u011fu haziran-ekim aylar\u0131 aras\u0131.<\/p>\n<p>\u00dclkenin en b\u00fcy\u00fck geliri turizmden geliyor, yani safarilerden.\u00a0Serengeti dahil yakla\u015f\u0131k 14 tane do\u011fal parklar\u0131 bulunuyor.\u00a0Bu parklarda bir\u00e7ok vah\u015fi hayvan mevcut.\u00a0National Geographic bir\u00e7ok belgeselini bu parklarda \u00e7ekiyormu\u015f.\u00a0Tanzanya haricinde safarinin yap\u0131labildi\u011fi Kenya ve Uganda\u2019da da do\u011fal parklar bulunmakta. Bu 3 \u00fclke zaten kom\u015fu. Gelelim Safari konusuna\u2026<\/p>\n<p><strong>Safari;<\/strong> do\u011fal parklara \u00f6zel modifiye edilmi\u015f \u00fczeri a\u00e7\u0131k arazi cipleriyle girip, hayvanlar\u0131 do\u011fal ortamlar\u0131nda g\u00f6zleme eylemine denilmekte.<\/p>\n<p>Afrika\u2019da halen s\u0131tma ve sar\u0131 humma oldu\u011fundan (her ne kadar Tanzanya\u2019da art\u0131k yok deseler de k\u0131rsal b\u00f6lgeler i\u00e7in kesin konu\u015fulam\u0131yor) bir\u00a0ay \u00f6nce \u0130zmir Pasaport&#8217;ta Seyahat Sa\u011fl\u0131\u011f\u0131 Merkezinde sar\u0131 humma a\u015f\u0131m\u0131z\u0131 yapt\u0131rd\u0131k. Bir g\u00fcn \u00f6nce de s\u0131tma i\u00e7in tetradox (doksisilin) almaya ba\u015flad\u0131k. D\u00f6nd\u00fckten sonra 4 hafta daha devam etmemiz gerekiyor. Bu arada Hepatit A ge\u00e7irmeyenlerimiz a\u015f\u0131lar\u0131n\u0131 oldu. Yan\u0131m\u0131za DEET oran\u0131 % 30 olan sinek kovucular (off max) ald\u0131k.<\/p>\n<p><strong>1. G\u00dcN: 17 A\u011fustos 2013 Cumartesi<\/strong><\/p>\n<p>14:45 \u0130zmir-\u0130stanbul pegasus u\u00e7a\u011f\u0131na binmemiz ile yolculu\u011fumuz ba\u015flad\u0131. \u0130stanbul\u2019da havaalan\u0131nda Aziz\u2019lerle bulu\u015ftuk. 19:10 \u0130stanbul Dar-Es Selam THY u\u00e7a\u011f\u0131 ile Tanzanya\u2019ya u\u00e7tuk. (Gidi\u015f d\u00f6n\u00fc\u015f u\u00e7ak bileti ki\u015fi ba\u015f\u0131 2200 lira). Yolculuk 7,5 saat s\u00fcrd\u00fc. 2:30 gibi \u015fehre vard\u0131k.<\/p>\n<p><strong>2. G\u00dcN: 18 A\u011fustos 2013 Pazar<\/strong><\/p>\n<p><strong><img loading=\"lazy\" decoding=\"async\" width=\"1387\" height=\"780\" class=\"wp-image-1157\" src=\"https:\/\/www.yeryuzundebirkacadim.com\/wp-content\/uploads\/2017\/03\/d-2016-04-24-ayla-album-2013-2013-08-21-afrika1-2.jpeg\" alt=\"D:\\2016-04-24-Ayla\\album-2013\\2013-08-21 afrika1\\20130818_033906.jpg\" srcset=\"https:\/\/www.yeryuzundebirkacadim.com\/wp-content\/uploads\/2017\/03\/d-2016-04-24-ayla-album-2013-2013-08-21-afrika1-2.jpeg 1387w, https:\/\/www.yeryuzundebirkacadim.com\/wp-content\/uploads\/2017\/03\/d-2016-04-24-ayla-album-2013-2013-08-21-afrika1-2-300x169.jpeg 300w, https:\/\/www.yeryuzundebirkacadim.com\/wp-content\/uploads\/2017\/03\/d-2016-04-24-ayla-album-2013-2013-08-21-afrika1-2-768x432.jpeg 768w, https:\/\/www.yeryuzundebirkacadim.com\/wp-content\/uploads\/2017\/03\/d-2016-04-24-ayla-album-2013-2013-08-21-afrika1-2-1024x576.jpeg 1024w, https:\/\/www.yeryuzundebirkacadim.com\/wp-content\/uploads\/2017\/03\/d-2016-04-24-ayla-album-2013-2013-08-21-afrika1-2-816x459.jpeg 816w\" sizes=\"auto, (max-width: 1387px) 100vw, 1387px\" \/><\/strong><\/p>\n<p>Dar Es Selam havaalan\u0131 olduk\u00e7a k\u00fc\u00e7\u00fck ve pis. Tuvalette fazla bir yere dokunmadan ihtiyac\u0131m\u0131z\u0131 giderip safari k\u0131yafetlerimizi burada giydik. D\u0131\u015far\u0131da banklarda oturduk. Yerel organizat\u00f6r\u00fcm\u00fcz Ramadan ve safari \u015fof\u00f6r\u00fcm\u00fcz Sky ile bulu\u015ftuk. Bu arada ara\u00e7larda direksiyon sa\u011fda.<\/p>\n<p>G\u00fcvenli bir yolculuk i\u00e7in saat 5\u2019e kadar bekledik ve ard\u0131ndan yola koyulduk. Saat 8 gibi b\u00f6lgenin en b\u00fcy\u00fck ve g\u00fczel oldu\u011fu s\u00f6ylenen restoran\u0131 ve kahvalt\u0131 salonunda kahvalt\u0131 molas\u0131 verdik. Bize biraz pis geldi. Ama idare ettik. Hakuna matata<\/p>\n<p>Hakuna matata: Asayi\u015f berkemal. (Burada ilk \u00f6\u011frendi\u011fimiz Svahilice kelimeler)<\/p>\n<p>Burada omlet ve k\u0131ymal\u0131 muska b\u00f6re\u011fi yedik, s\u00fctl\u00fc ve s\u00fcts\u00fcz \u00e7ay i\u00e7tik. Restoran\u0131n yan\u0131nda hediyelik e\u015fya d\u00fckkan\u0131 vard\u0131. Burada tahtadan oyma heykeller, ah\u015faptan Masai heykelleri, maskeler, ya\u011fl\u0131 boya resimler vard\u0131.<\/p>\n<p><img loading=\"lazy\" decoding=\"async\" width=\"1386\" height=\"924\" class=\"wp-image-1158\" src=\"https:\/\/www.yeryuzundebirkacadim.com\/wp-content\/uploads\/2017\/03\/d-2016-04-24-ayla-album-2013-2013-08-21-afrika1-i.jpeg\" alt=\"D:\\2016-04-24-Ayla\\album-2013\\2013-08-21 afrika1\\IMG_0068.JPG\" srcset=\"https:\/\/www.yeryuzundebirkacadim.com\/wp-content\/uploads\/2017\/03\/d-2016-04-24-ayla-album-2013-2013-08-21-afrika1-i.jpeg 1386w, https:\/\/www.yeryuzundebirkacadim.com\/wp-content\/uploads\/2017\/03\/d-2016-04-24-ayla-album-2013-2013-08-21-afrika1-i-300x200.jpeg 300w, https:\/\/www.yeryuzundebirkacadim.com\/wp-content\/uploads\/2017\/03\/d-2016-04-24-ayla-album-2013-2013-08-21-afrika1-i-768x512.jpeg 768w, https:\/\/www.yeryuzundebirkacadim.com\/wp-content\/uploads\/2017\/03\/d-2016-04-24-ayla-album-2013-2013-08-21-afrika1-i-1024x683.jpeg 1024w, https:\/\/www.yeryuzundebirkacadim.com\/wp-content\/uploads\/2017\/03\/d-2016-04-24-ayla-album-2013-2013-08-21-afrika1-i-816x544.jpeg 816w\" sizes=\"auto, (max-width: 1386px) 100vw, 1386px\" \/><\/p>\n<p>Biraz al\u0131\u015fveri\u015f yap\u0131p yola koyulduk.<\/p>\n<p><img loading=\"lazy\" decoding=\"async\" class=\"wp-image-1159\" src=\"https:\/\/www.yeryuzundebirkacadim.com\/wp-content\/uploads\/2017\/03\/mikumi-darusselam-harita-ile-ilgili-gorsel-sonucu.jpeg\" alt=\"mikumi dar\u00fcsselam harita ile ilgili g\u00f6rsel sonucu\" width=\"973\" height=\"565\" srcset=\"https:\/\/www.yeryuzundebirkacadim.com\/wp-content\/uploads\/2017\/03\/mikumi-darusselam-harita-ile-ilgili-gorsel-sonucu.jpeg 622w, https:\/\/www.yeryuzundebirkacadim.com\/wp-content\/uploads\/2017\/03\/mikumi-darusselam-harita-ile-ilgili-gorsel-sonucu-300x174.jpeg 300w\" sizes=\"auto, (max-width: 973px) 100vw, 973px\" \/><\/p>\n<p>Mikumi Milli Park\u0131&#8217;na gidece\u011fiz. Daha 3 saat yolumuz var. Yollar \u00e7ok k\u00f6t\u00fc. Dar Es Selam&#8217;dan Mikumi\u2019ye giden yol \u00fclkeyi kuzeyden g\u00fcneye ge\u00e7en ana artermi\u015f. \u00c7o\u011fumuz sars\u0131la sars\u0131la da olsa yol boyunca uyudu. Ali Vefa uyuyamad\u0131 ve daha sonra yol boyunca \u00e7ok fakir b\u00f6lgelerden ge\u00e7ti\u011fimizi s\u00f6yledi bize.<\/p>\n<p>Saat 11 gibi Mikumi\u2019ye giri\u015f yapt\u0131k. \u0130\u00e7eri girer girmez \u00a0\u00f6nce babunlar\u0131 g\u00f6rd\u00fck. Yol kenarlar\u0131nda kah ka\u015f\u0131n\u0131yorlar, kah \u00e7ocuklar\u0131 ile oynuyorlar. Sky durdu. Biz de f\u0131st\u0131k att\u0131k. \u00d6yle olunca hemen yola \u00e7\u0131k\u0131p cipin etraf\u0131n\u0131 sard\u0131lar. Ama ara\u00e7lar gelip ge\u00e7iyordu ve bu onlar i\u00e7in \u00e7ok tehlikeli idi. Me\u011ferse bu y\u00fczden onlara yiyecek atman\u0131n 100 dolar para cezas\u0131 varm\u0131\u015f.<\/p>\n<p><img loading=\"lazy\" decoding=\"async\" width=\"1386\" height=\"924\" class=\"wp-image-1160\" src=\"https:\/\/www.yeryuzundebirkacadim.com\/wp-content\/uploads\/2017\/03\/d-2016-04-24-ayla-album-2013-2013-08-21-afrika1-i-1.jpeg\" alt=\"D:\\2016-04-24-Ayla\\album-2013\\2013-08-21 afrika1\\IMG_0095.JPG\" srcset=\"https:\/\/www.yeryuzundebirkacadim.com\/wp-content\/uploads\/2017\/03\/d-2016-04-24-ayla-album-2013-2013-08-21-afrika1-i-1.jpeg 1386w, https:\/\/www.yeryuzundebirkacadim.com\/wp-content\/uploads\/2017\/03\/d-2016-04-24-ayla-album-2013-2013-08-21-afrika1-i-1-300x200.jpeg 300w, https:\/\/www.yeryuzundebirkacadim.com\/wp-content\/uploads\/2017\/03\/d-2016-04-24-ayla-album-2013-2013-08-21-afrika1-i-1-768x512.jpeg 768w, https:\/\/www.yeryuzundebirkacadim.com\/wp-content\/uploads\/2017\/03\/d-2016-04-24-ayla-album-2013-2013-08-21-afrika1-i-1-1024x683.jpeg 1024w, https:\/\/www.yeryuzundebirkacadim.com\/wp-content\/uploads\/2017\/03\/d-2016-04-24-ayla-album-2013-2013-08-21-afrika1-i-1-816x544.jpeg 816w\" sizes=\"auto, (max-width: 1386px) 100vw, 1386px\" \/><\/p>\n<p>Hayvanlar\u0131n g\u00fcvenli\u011fi \u00e7ok \u00f6nemli burada.<\/p>\n<p>Yol boyunca impala, z\u00fcrafa, fil, antilop, zebra g\u00f6rd\u00fck ama aslan ve leopara rastlayamad\u0131k. Tabii ki \u015fans ama leoparlara daha \u00e7ok Serengeti\u2019de rastlan\u0131yormu\u015f. Hayranl\u0131kla vah\u015fi hayat\u0131n i\u00e7ine dald\u0131k.<\/p>\n<p><img loading=\"lazy\" decoding=\"async\" width=\"1386\" height=\"924\" class=\"wp-image-1161\" src=\"https:\/\/www.yeryuzundebirkacadim.com\/wp-content\/uploads\/2017\/03\/d-2016-04-24-ayla-album-2013-2013-08-21-afrika1-i-2.jpeg\" alt=\"D:\\2016-04-24-Ayla\\album-2013\\2013-08-21 afrika1\\IMG_0073.JPG\" srcset=\"https:\/\/www.yeryuzundebirkacadim.com\/wp-content\/uploads\/2017\/03\/d-2016-04-24-ayla-album-2013-2013-08-21-afrika1-i-2.jpeg 1386w, https:\/\/www.yeryuzundebirkacadim.com\/wp-content\/uploads\/2017\/03\/d-2016-04-24-ayla-album-2013-2013-08-21-afrika1-i-2-300x200.jpeg 300w, https:\/\/www.yeryuzundebirkacadim.com\/wp-content\/uploads\/2017\/03\/d-2016-04-24-ayla-album-2013-2013-08-21-afrika1-i-2-768x512.jpeg 768w, https:\/\/www.yeryuzundebirkacadim.com\/wp-content\/uploads\/2017\/03\/d-2016-04-24-ayla-album-2013-2013-08-21-afrika1-i-2-1024x683.jpeg 1024w, https:\/\/www.yeryuzundebirkacadim.com\/wp-content\/uploads\/2017\/03\/d-2016-04-24-ayla-album-2013-2013-08-21-afrika1-i-2-816x544.jpeg 816w\" sizes=\"auto, (max-width: 1386px) 100vw, 1386px\" \/><\/p>\n<p>Bu parklar hayvanat bah\u00e7esi olmad\u0131\u011f\u0131ndan, hayvanlar\u0131 aramak i\u00e7in hat\u0131r\u0131 say\u0131l\u0131r bir zaman ge\u00e7irmek gerekiyormu\u015f. \u015eans\u0131m\u0131z\u0131n iyi gidece\u011fini umuyoruz. Parklar\u0131n i\u00e7inde \u00e7ad\u0131r kamp\u0131 veya oteller bulunabiliyor. Bildi\u011finiz vah\u015fi ya\u015fam\u0131n i\u00e7ine yapm\u0131\u015flar otelleri. Etraflar\u0131n\u0131 kapatmak yasak oldu\u011fundan \u201cRanger\u201d denilen silahl\u0131 Orman Bek\u00e7ileri taraf\u0131ndan korunuluyor.<\/p>\n<p>Yol boyunca k\u0131y\u0131da yanm\u0131\u015f otlar ve yan\u0131k kokusuna \u015fahit olduk. Topra\u011f\u0131 kasti olarak bir miktar yak\u0131l\u0131yormu\u015f. Hayvanlar, yan\u0131k sonras\u0131 \u00e7\u0131kan taze ye\u015fil otlarla besleniyormu\u015f.<\/p>\n<p>5-10 dakika sonra \u201c<strong>Mikumi Wildlife Kamp\u0131<\/strong>\u201dna vard\u0131k. Resepsiyonda bak\u0131n\u0131rken y\u00f6resel k\u0131yafet oldu\u011fu belli \u00e7ok g\u00fczel ve k\u0131rm\u0131z\u0131 a\u011f\u0131rl\u0131kl\u0131 renkli giysiler giymi\u015f 2 zenci g\u00f6rd\u00fcm. Onlar\u0131 turist zannettim. Me\u011ferse onlar Tanzanya yerlileri yani \u201cMasai\u201dlermi\u015f. Otelin \u00e7evresini onlar koruyor. Gece hava karard\u0131ktan sonra (bu mevsimde 18:30 gibi) odadan \u00e7\u0131k\u0131p 20 metre mesafedeki restorana giderken bile Masailer&#8217;e sesleniyorsunuz, onlar sizi g\u00f6t\u00fcr\u00fcyor. Korumalar\u0131m\u0131z\u0131n ellerinde sopa d\u0131\u015f\u0131nda da bir \u015fey g\u00f6rmedik ama.<\/p>\n<p><img loading=\"lazy\" decoding=\"async\" width=\"1386\" height=\"924\" class=\"wp-image-1162\" src=\"https:\/\/www.yeryuzundebirkacadim.com\/wp-content\/uploads\/2017\/03\/d-2016-04-24-ayla-album-2013-2013-08-21-afrika1-i-3.jpeg\" alt=\"D:\\2016-04-24-Ayla\\album-2013\\2013-08-21 afrika1\\IMG_0121.JPG\" srcset=\"https:\/\/www.yeryuzundebirkacadim.com\/wp-content\/uploads\/2017\/03\/d-2016-04-24-ayla-album-2013-2013-08-21-afrika1-i-3.jpeg 1386w, https:\/\/www.yeryuzundebirkacadim.com\/wp-content\/uploads\/2017\/03\/d-2016-04-24-ayla-album-2013-2013-08-21-afrika1-i-3-300x200.jpeg 300w, https:\/\/www.yeryuzundebirkacadim.com\/wp-content\/uploads\/2017\/03\/d-2016-04-24-ayla-album-2013-2013-08-21-afrika1-i-3-768x512.jpeg 768w, https:\/\/www.yeryuzundebirkacadim.com\/wp-content\/uploads\/2017\/03\/d-2016-04-24-ayla-album-2013-2013-08-21-afrika1-i-3-1024x683.jpeg 1024w, https:\/\/www.yeryuzundebirkacadim.com\/wp-content\/uploads\/2017\/03\/d-2016-04-24-ayla-album-2013-2013-08-21-afrika1-i-3-816x544.jpeg 816w\" sizes=\"auto, (max-width: 1386px) 100vw, 1386px\" \/><\/p>\n<p>Bu arada park i\u00e7indeki oteller, d\u0131\u015f\u0131ndaki otellerden daha pahal\u0131. Biz yar\u0131m pansiyon 1 gece konaklama ve safari i\u00e7in 4 ki\u015fi 2800 TL verdik.<\/p>\n<p>Otelin m\u00fcd\u00fcr\u00fc Onno ad\u0131nda bir Hollandal\u0131. \u00c7ok ilgili bir adam. \u0130\u015fletmelerin \u00e7o\u011fu yabanc\u0131lar\u0131n elinde.<\/p>\n<p><img loading=\"lazy\" decoding=\"async\" class=\"alignnone wp-image-1313\" src=\"https:\/\/www.yeryuzundebirkacadim.com\/wp-content\/uploads\/2017\/03\/IMG_0410.jpg\" width=\"1350\" height=\"900\" \/><\/p>\n<p>Kampa geldi\u011fimizde bah\u00e7ede masada oturan bir turistin, odas\u0131na dinlenmeye gitmek i\u00e7in odas\u0131n\u0131n \u00f6n\u00fcndeki bufalolar\u0131n (Afrika mandas\u0131) gitmesini bekledi\u011fini \u00f6\u011frendik. Hafif \u00fcrperir gibi olduk sanki.<\/p>\n<p><img loading=\"lazy\" decoding=\"async\" width=\"1244\" height=\"829\" class=\"wp-image-1164\" src=\"https:\/\/www.yeryuzundebirkacadim.com\/wp-content\/uploads\/2017\/03\/d-2016-04-24-ayla-album-2013-2013-08-21-afrika1-i-4.jpeg\" alt=\"D:\\2016-04-24-Ayla\\album-2013\\2013-08-21 afrika1\\IMG_0120.JPG\" srcset=\"https:\/\/www.yeryuzundebirkacadim.com\/wp-content\/uploads\/2017\/03\/d-2016-04-24-ayla-album-2013-2013-08-21-afrika1-i-4.jpeg 1244w, https:\/\/www.yeryuzundebirkacadim.com\/wp-content\/uploads\/2017\/03\/d-2016-04-24-ayla-album-2013-2013-08-21-afrika1-i-4-300x200.jpeg 300w, https:\/\/www.yeryuzundebirkacadim.com\/wp-content\/uploads\/2017\/03\/d-2016-04-24-ayla-album-2013-2013-08-21-afrika1-i-4-768x512.jpeg 768w, https:\/\/www.yeryuzundebirkacadim.com\/wp-content\/uploads\/2017\/03\/d-2016-04-24-ayla-album-2013-2013-08-21-afrika1-i-4-1024x682.jpeg 1024w, https:\/\/www.yeryuzundebirkacadim.com\/wp-content\/uploads\/2017\/03\/d-2016-04-24-ayla-album-2013-2013-08-21-afrika1-i-4-816x544.jpeg 816w\" sizes=\"auto, (max-width: 1244px) 100vw, 1244px\" \/><\/p>\n<p>Vah\u015fi do\u011fan\u0131n i\u00e7indeyiz.<\/p>\n<p><img loading=\"lazy\" decoding=\"async\" class=\"alignnone wp-image-1275\" src=\"https:\/\/www.yeryuzundebirkacadim.com\/wp-content\/uploads\/2017\/03\/IMG_0167-1.jpg\" width=\"1200\" height=\"800\" \/><\/p>\n<p>Otel; 6 bungalovdan olu\u015fuyor.\u00a0Her birinde 2 oda var.<\/p>\n<p><img loading=\"lazy\" decoding=\"async\" class=\"alignnone wp-image-1270\" src=\"https:\/\/www.yeryuzundebirkacadim.com\/wp-content\/uploads\/2017\/03\/20130819_094011.jpg\" width=\"1128\" height=\"635\" \/><\/p>\n<p>\u00c7ok sade, zevkli\u00a0ve temizdi. Odalar\u0131n pencerelerinde cam yok, sineklik var. Bir kez daha \u00fcrperir gibi olduk.<\/p>\n<p>Ya hayvanlar incecik sinekli\u011fi par\u00e7alay\u0131p odaya girerse. Yok yok korkmuyoruz. Sadece ihtimalleri g\u00f6zden ge\u00e7iriyoruz:)<\/p>\n<p>Yataklar cibinlikli. Pencereler al\u00e7akta ve b\u00fcy\u00fck. Yatt\u0131\u011f\u0131m\u0131z yerden savan\u0131, bufalolar\u0131, z\u00fcrafalar\u0131 seyredebiliyoruz.<\/p>\n<p><img loading=\"lazy\" decoding=\"async\" class=\"alignnone wp-image-1312\" src=\"https:\/\/www.yeryuzundebirkacadim.com\/wp-content\/uploads\/2017\/03\/IMG_0131.jpg\" width=\"1184\" height=\"789\" \/><\/p>\n<p>\u00d6nce \u00f6\u011fle yeme\u011fimizi yedik. K\u0131rm\u0131z\u0131 et, k\u0131zarm\u0131\u015f patates ve salata istedik. \u00c7ok lezzetli bir et \u015fi\u015f geldi.<\/p>\n<p>Yemek sonras\u0131 uzun kollu g\u00f6mleklerimiz, pantalonlar\u0131m\u0131z, \u015fapka ve d\u00fcrb\u00fcnlerimiz ile safariye haz\u0131r\u0131z art\u0131k. 13:30-14 gibi \u00e7\u0131kt\u0131k.<\/p>\n<p><img loading=\"lazy\" decoding=\"async\" class=\"alignnone wp-image-1314\" src=\"https:\/\/www.yeryuzundebirkacadim.com\/wp-content\/uploads\/2017\/03\/IMG_0479.jpg\" width=\"1184\" height=\"789\" \/><\/p>\n<p>Cipin \u00fczeri a\u00e7\u0131l\u0131yor ve arabada ayakta durarak d\u0131\u015far\u0131 izleyebiliyoruz. \u00d6\u011fleden sonra 3-3,5 saatlik bir tur yapt\u0131k. Araba ile milli park\u0131n i\u00e7inde dola\u015f\u0131l\u0131yor, e\u011fer yak\u0131nlarda bir hayvan varsa, \u015fof\u00f6r\u00fcm\u00fcz ve rehberimiz Sky durup hayvanlar\u0131 izlememiz i\u00e7in zaman tan\u0131yor. Biz tamam deyince tekrar hareket ediyor. \u0130lla b\u00fct\u00fcn hayvanlar\u0131 g\u00f6receksin diye bir \u015fey yok. Bu bir \u015fans, g\u00f6rebiliriz de, g\u00f6remeyebiliriz de. Hayvanlar\u0131 \u00fcrk\u00fctmemek i\u00e7in kamp\u0131n i\u00e7inde h\u0131z limiti var. Fazla h\u0131z yapm\u0131yorlar. Rehberler gelen turistlere daha \u00e7ok \u00e7e\u015fit hayvan g\u00f6sterme pe\u015finde. Gezimizde zebra ve impala s\u00fcr\u00fcleri, renkli ku\u015flar, kartallar, z\u00fcrafalar, s\u00fcl\u00fcnler, filler, wilde beestler, yaban domuzu, \u00e7akal, sansar g\u00f6rd\u00fck. Hem de hemen yan\u0131 ba\u015f\u0131m\u0131zda.<\/p>\n<p>\u0130mpalalar 80-90 cm y\u00fcksekli\u011finde karn\u0131 beyaz olan bir t\u00fcr antilop.<\/p>\n<p><img loading=\"lazy\" decoding=\"async\" class=\"alignnone wp-image-1167 size-full\" src=\"https:\/\/www.yeryuzundebirkacadim.com\/wp-content\/uploads\/2017\/03\/d-2016-04-24-ayla-album-2013-2013-08-21-afrika1-i-5.jpeg\" alt=\"D:\\2016-04-24-Ayla\\album-2013\\2013-08-21 afrika1\\IMG_0209.JPG\" width=\"1386\" height=\"924\" srcset=\"https:\/\/www.yeryuzundebirkacadim.com\/wp-content\/uploads\/2017\/03\/d-2016-04-24-ayla-album-2013-2013-08-21-afrika1-i-5.jpeg 1386w, https:\/\/www.yeryuzundebirkacadim.com\/wp-content\/uploads\/2017\/03\/d-2016-04-24-ayla-album-2013-2013-08-21-afrika1-i-5-300x200.jpeg 300w, https:\/\/www.yeryuzundebirkacadim.com\/wp-content\/uploads\/2017\/03\/d-2016-04-24-ayla-album-2013-2013-08-21-afrika1-i-5-768x512.jpeg 768w, https:\/\/www.yeryuzundebirkacadim.com\/wp-content\/uploads\/2017\/03\/d-2016-04-24-ayla-album-2013-2013-08-21-afrika1-i-5-1024x683.jpeg 1024w, https:\/\/www.yeryuzundebirkacadim.com\/wp-content\/uploads\/2017\/03\/d-2016-04-24-ayla-album-2013-2013-08-21-afrika1-i-5-816x544.jpeg 816w\" sizes=\"auto, (max-width: 1386px) 100vw, 1386px\" \/><\/p>\n<p>Z\u00fcrafalar\u0131n \u00f6n\u00fcnde\u00a0wilde beestler (Afrika antilobu).<\/p>\n<p><img loading=\"lazy\" decoding=\"async\" class=\"alignnone wp-image-1280\" src=\"https:\/\/www.yeryuzundebirkacadim.com\/wp-content\/uploads\/2017\/03\/IMG_0276-1.jpg\" width=\"1184\" height=\"789\" \/><\/p>\n<p>&nbsp;<\/p>\n<p><img loading=\"lazy\" decoding=\"async\" class=\"alignnone wp-image-1387 size-full\" src=\"https:\/\/www.yeryuzundebirkacadim.com\/wp-content\/uploads\/2017\/03\/IMG_0272-e1488922849200.jpg\" width=\"1200\" height=\"800\" \/><\/p>\n<p>Hipopotam (su ayg\u0131r\u0131) havuzu ilgin\u00e7 ve ho\u015ftu. Hayvanlar s\u00fcr\u00fcler halinde gelip su i\u00e7iyorlar. Sky, burada foto\u011fraf \u00e7ekmemiz i\u00e7in ara\u00e7tan inmemize izin verdi.<\/p>\n<p><img loading=\"lazy\" decoding=\"async\" class=\"alignnone wp-image-1315\" src=\"https:\/\/www.yeryuzundebirkacadim.com\/wp-content\/uploads\/2017\/03\/IMG_0265-1.jpg\" width=\"1184\" height=\"789\" \/><\/p>\n<p>Onlarca hipopotam suyun i\u00e7inde kaba sesler \u00e7\u0131kar\u0131p keyif yap\u0131yorlard\u0131. Muhte\u015fem bir manzarayd\u0131. Terleme bezleri olmad\u0131\u011f\u0131ndan uzun s\u00fcre suda durmalar\u0131 gerekiyormu\u015f.<\/p>\n<p><img loading=\"lazy\" decoding=\"async\" class=\"alignnone wp-image-1278\" src=\"https:\/\/www.yeryuzundebirkacadim.com\/wp-content\/uploads\/2017\/03\/IMG_0268-1.jpg\" width=\"1184\" height=\"789\" \/><\/p>\n<p>&nbsp;<\/p>\n<p><img loading=\"lazy\" decoding=\"async\" class=\"alignnone wp-image-1171\" src=\"https:\/\/www.yeryuzundebirkacadim.com\/wp-content\/uploads\/2017\/03\/d-2016-04-24-ayla-album-2013-2013-08-21-afrika1-i-9.jpeg\" alt=\"D:\\2016-04-24-Ayla\\album-2013\\2013-08-21 afrika1\\IMG_0340.JPG\" width=\"1043\" height=\"696\" srcset=\"https:\/\/www.yeryuzundebirkacadim.com\/wp-content\/uploads\/2017\/03\/d-2016-04-24-ayla-album-2013-2013-08-21-afrika1-i-9.jpeg 1043w, https:\/\/www.yeryuzundebirkacadim.com\/wp-content\/uploads\/2017\/03\/d-2016-04-24-ayla-album-2013-2013-08-21-afrika1-i-9-300x200.jpeg 300w, https:\/\/www.yeryuzundebirkacadim.com\/wp-content\/uploads\/2017\/03\/d-2016-04-24-ayla-album-2013-2013-08-21-afrika1-i-9-768x512.jpeg 768w, https:\/\/www.yeryuzundebirkacadim.com\/wp-content\/uploads\/2017\/03\/d-2016-04-24-ayla-album-2013-2013-08-21-afrika1-i-9-1024x683.jpeg 1024w, https:\/\/www.yeryuzundebirkacadim.com\/wp-content\/uploads\/2017\/03\/d-2016-04-24-ayla-album-2013-2013-08-21-afrika1-i-9-816x545.jpeg 816w\" sizes=\"auto, (max-width: 1043px) 100vw, 1043px\" \/><\/p>\n<p>Havuz kenar\u0131nda ve i\u00e7inde timsahlar vard\u0131.<\/p>\n<p><img loading=\"lazy\" decoding=\"async\" class=\"alignnone wp-image-1172\" src=\"https:\/\/www.yeryuzundebirkacadim.com\/wp-content\/uploads\/2017\/03\/d-2016-04-24-ayla-album-2013-2013-08-21-afrika1-i-10.jpeg\" alt=\"D:\\2016-04-24-Ayla\\album-2013\\2013-08-21 afrika1\\IMG_0271.JPG\" width=\"972\" height=\"647\" srcset=\"https:\/\/www.yeryuzundebirkacadim.com\/wp-content\/uploads\/2017\/03\/d-2016-04-24-ayla-album-2013-2013-08-21-afrika1-i-10.jpeg 739w, https:\/\/www.yeryuzundebirkacadim.com\/wp-content\/uploads\/2017\/03\/d-2016-04-24-ayla-album-2013-2013-08-21-afrika1-i-10-300x200.jpeg 300w\" sizes=\"auto, (max-width: 972px) 100vw, 972px\" \/><\/p>\n<p>Ayr\u0131ca 100-150 tane bufalodan (Afrika mandas\u0131) olu\u015fan s\u00fcr\u00fc biz oradayken yine bu havuza gelip su i\u00e7tiler.<\/p>\n<p><img loading=\"lazy\" decoding=\"async\" class=\"alignnone wp-image-1284\" src=\"https:\/\/www.yeryuzundebirkacadim.com\/wp-content\/uploads\/2017\/03\/IMG_0360-2.jpg\" width=\"1184\" height=\"789\" \/><\/p>\n<p>Komik bak\u0131\u015fl\u0131 bufalolar.<\/p>\n<p>Demek z\u00fcrafalar b\u00f6yle su i\u00e7iyormu\u015f.<\/p>\n<p><img loading=\"lazy\" decoding=\"async\" class=\"alignnone wp-image-1389 \" src=\"https:\/\/www.yeryuzundebirkacadim.com\/wp-content\/uploads\/2017\/03\/IMG_0434-1-e1488923117720.jpg\" width=\"1200\" height=\"800\" \/><\/p>\n<p><img loading=\"lazy\" decoding=\"async\" class=\"alignnone wp-image-1317\" src=\"https:\/\/www.yeryuzundebirkacadim.com\/wp-content\/uploads\/2017\/03\/IMG_0278.jpg\" width=\"1184\" height=\"789\" \/><\/p>\n<p>Bu arada arkada\u015f\u0131yla telsizle haberle\u015fen Sky h\u0131zl\u0131ca bizi aslan\u0131n yan\u0131na g\u00f6t\u00fcrd\u00fc. Arada 20 metre mesafe yoktu bile. Sky, baz\u0131lar\u0131 gruplar halinde toplam 9 aslan g\u00f6sterdi bize. Tam bir sessizlik halinde seyrettik. Bir keresinde iki aslan, a\u011fa\u00e7 dallar\u0131ndaki yapraklar\u0131 yiyen z\u00fcrafaya pusu kurdular ama z\u00fcrafa olay\u0131 fark edip uzakla\u015ft\u0131.<\/p>\n<p>Aslanlar insanlara ve ciplere \u00f6yle al\u0131\u015fm\u0131\u015f sanki orada bir \u00e7ok ki\u015fi onlar\u0131 izlemiyor gibi davran\u0131yorlar.<\/p>\n<p><img loading=\"lazy\" decoding=\"async\" class=\"alignnone wp-image-1318\" src=\"https:\/\/www.yeryuzundebirkacadim.com\/wp-content\/uploads\/2017\/03\/IMG_0292.jpg\" width=\"1284\" height=\"856\" \/><\/p>\n<p>Bu do\u011fal parklarda avlanma yap\u0131l\u0131yor mu diye sordu\u011fumuzda Sky\u2019\u0131n g\u00f6zleri falta\u015f\u0131 gibi a\u00e7\u0131ld\u0131. Yasakm\u0131\u015f. Ama Selo parkta avlan\u0131labiliyormu\u015f. Bu nedenle oradaki hayvanlar daha yabaniymi\u015f ve insanlardan ka\u00e7\u0131yormu\u015f. Halbuki buradakiler \u00f6yle de\u011fildi.<\/p>\n<p>Bufalolar \u00e7ok komik olarak bize bakarken z\u00fcrafalar g\u00f6zlerini ay\u0131rmadan \u015fa\u015fk\u0131n \u015fa\u015fk\u0131n bak\u0131yordu. Ama hepsi \u00e7ok sakin ve orman\u0131n ola\u011fan canl\u0131lar\u0131ym\u0131\u015f\u0131z gibi davran\u0131yorlard\u0131. Safari s\u0131ras\u0131nda denk geldi\u011fimiz bir turist bayan hayvanlar\u0131n resimlerini karakalem \u00e7iziyordu.<\/p>\n<p>Burada geni\u015f g\u00f6vdeli, narin ince dallar\u0131 olan me\u015fhur \u201cbao bao\u201d a\u011fa\u00e7lar\u0131 var. Sky ya\u015fl\u0131 bir tanesine g\u00f6t\u00fcrd\u00fc bizi.<\/p>\n<p><img loading=\"lazy\" decoding=\"async\" class=\"alignnone wp-image-1320\" src=\"https:\/\/www.yeryuzundebirkacadim.com\/wp-content\/uploads\/2017\/03\/IMG_0235-1.jpg\" width=\"1284\" height=\"856\" \/><\/p>\n<p>Art\u0131k bug\u00fcnk\u00fc safarimiz bitti. Ciple otelimize d\u00f6nd\u00fck.<\/p>\n<p>Du\u015flar\u0131m\u0131z\u0131 al\u0131p ak\u015fam yeme\u011fi i\u00e7in haz\u0131rland\u0131k. Ak\u015fam 22\u2019de elektrikler kesiliyor ve do\u011fal ya\u015fama uyum sa\u011flan\u0131yor. Onno bize gerekli oldu\u011funda kullan\u0131lmak \u00fczere el feneri verdi. Ak\u015fam restorana giderken hava kararm\u0131\u015ft\u0131. Ama masailere seslenmek akl\u0131m\u0131za gelmedi. Olay\u0131n ciddiyetini anlayamad\u0131k herhalde. Allahtan yolda Aziz\u2019lerle kar\u015f\u0131la\u015ft\u0131k. Yanlar\u0131nda Masailer vard\u0131. Onlarla restorana gittik.<\/p>\n<p>Ak\u015fam yeme\u011finde tavuk tercih ettik. Tatl\u0131 olarak kek ve muzlu tropikal meyveli bir tatl\u0131 tercihi vard\u0131. Hepimiz bildi\u011fimiz olsun diye havu\u00e7lu keki istedik. Onno gelip di\u011ferini tavsiye etti. Vefa\u2019n\u0131n d\u0131\u015f\u0131nda bizler buna uyduk. Muhte\u015fem bir \u015fey beklerken mini sandal \u015feklinde bir tabakta 4 ince dilim halinde karamelize muz geldi. Ke\u015fke kek isteseydik derken Vefa\u2019ya da mikro \u00f6l\u00e7\u00fclerde bir kek geldi. Ama ortam muhte\u015femdi. Masalar\u0131 yar\u0131 a\u00e7\u0131k restoran\u0131n da d\u0131\u015f\u0131na bah\u00e7eye \u00e7\u0131karm\u0131\u015flar. A\u011fa\u00e7lara mumlar asm\u0131\u015flar, bir k\u00f6\u015fede ate\u015f yakm\u0131\u015flar. Yorgun bir g\u00fcn\u00fcn ard\u0131ndan huzurlu bir gecede yeme\u011fimizi yedik.<\/p>\n<p><img loading=\"lazy\" decoding=\"async\" class=\"wp-image-1180\" src=\"https:\/\/www.yeryuzundebirkacadim.com\/wp-content\/uploads\/2017\/03\/d-2016-04-24-ayla-album-2013-2013-08-21-afrika1-i-17.jpeg\" alt=\"D:\\2016-04-24-Ayla\\album-2013\\2013-08-21 afrika1\\IMG_0309.JPG\" width=\"968\" height=\"647\" srcset=\"https:\/\/www.yeryuzundebirkacadim.com\/wp-content\/uploads\/2017\/03\/d-2016-04-24-ayla-album-2013-2013-08-21-afrika1-i-17.jpeg 952w, https:\/\/www.yeryuzundebirkacadim.com\/wp-content\/uploads\/2017\/03\/d-2016-04-24-ayla-album-2013-2013-08-21-afrika1-i-17-300x200.jpeg 300w, https:\/\/www.yeryuzundebirkacadim.com\/wp-content\/uploads\/2017\/03\/d-2016-04-24-ayla-album-2013-2013-08-21-afrika1-i-17-768x512.jpeg 768w, https:\/\/www.yeryuzundebirkacadim.com\/wp-content\/uploads\/2017\/03\/d-2016-04-24-ayla-album-2013-2013-08-21-afrika1-i-17-816x544.jpeg 816w\" sizes=\"auto, (max-width: 968px) 100vw, 968px\" \/><\/p>\n<p>\u0130\u00e7eceklerimizi ate\u015fin etraf\u0131nda i\u00e7tik.<\/p>\n<p><img loading=\"lazy\" decoding=\"async\" class=\"alignnone wp-image-1328\" src=\"https:\/\/www.yeryuzundebirkacadim.com\/wp-content\/uploads\/2017\/03\/IMG_0313-2.jpg\" width=\"1184\" height=\"789\" \/><\/p>\n<p>Av muhabbeti yapt\u0131k.<\/p>\n<p>Yan masadaki turistlerle konu\u015furken \u00f6\u011frendik ki \u00fc\u00e7 g\u00fcnd\u00fcr safariye \u00e7\u0131k\u0131yorlarm\u0131\u015f ama daha aslan g\u00f6rememi\u015fler. Ne kadar \u015fansl\u0131 oldu\u011fumuzu bir kez daha idrak ettik.<\/p>\n<p>Odalar\u0131m\u0131za \u00e7ekilip karanl\u0131k savan manzaras\u0131nda uykuya dald\u0131k.<\/p>\n<p><strong>3. G\u00dcN: 19 A\u011fustos 2013 Pazartesi<\/strong><\/p>\n<p>Sabah Sky\u2019la anla\u015ft\u0131\u011f\u0131m\u0131z \u00fczere 6:30\u2019da safari i\u00e7in haz\u0131rd\u0131k. Bu saatlerde etraf hareketlenmeden ve \u0131s\u0131nmadan daha \u00e7ok hayvan g\u00f6rebilirmi\u015fiz. Nitekim uyan\u0131k Sky sayesinde, d\u00fcn g\u00f6remedi\u011fimiz yeleli aslan\u0131 (erkek) ve a\u011faca t\u00fcnemi\u015f leopar\u0131 g\u00f6rd\u00fck. Ard\u0131ndan son bir aslan daha g\u00f6rd\u00fck.<\/p>\n<p><img loading=\"lazy\" decoding=\"async\" class=\"alignnone wp-image-1327\" src=\"https:\/\/www.yeryuzundebirkacadim.com\/wp-content\/uploads\/2017\/03\/IMG_0335-2.jpg\" width=\"1184\" height=\"789\" \/><\/p>\n<p>Aslan\u0131n yana\u011f\u0131nda kanl\u0131 \u00a0yara izi vard\u0131.<\/p>\n<p>Mikumi\u2019nin bir \u00f6zelli\u011fi de \u00e7ok \u00e7e\u015fitli ku\u015flar\u0131 bar\u0131nd\u0131rmas\u0131ym\u0131\u015f. Bir\u00e7ok ku\u015fu g\u00f6rme imkan\u0131m\u0131z oldu.<\/p>\n<p>Saat 8:10 gibi safariden otele gelip kahvalt\u0131ya oturduk ki ne g\u00f6relim. Tabaklarda ince bir dilim karpuz, bir dilim mango ve bir dilim ananas var. Vefa \u015fa\u015fk\u0131nl\u0131kla garsona t\u00fcm kahvalt\u0131 bu mu diye sordu. Bunu duyan yan masadaki turistler de g\u00fcl\u00fc\u015ferek merak etmeyin devam\u0131 gelecek dediler. Men\u00fcde peynirli omlet, mantar, mango re\u00e7eli, bal ve tereya\u011f\u0131 vard\u0131. Kahvalt\u0131da peynir ve zeytin k\u00fclt\u00fcrleri yok. Bol bol ekmek t\u00fckettik burada.<\/p>\n<p>Kahvalt\u0131dan sonra bavullar\u0131m\u0131z\u0131 haz\u0131rlad\u0131k. K\u0131sa bir safariden sonra Zanzibar\u2019a u\u00e7mak \u00fczere Dar Es Selam\u2019a gidecektik \u00e7\u00fcnk\u00fc. \u00d6\u011fle yeme\u011fi ile vakit kaybedemiyece\u011fimizden tavuklu sandvi\u00e7, meyva, meyval\u0131 yo\u011furt ve sudan olu\u015fan \u201clunch paket\u201d sipari\u015fi verdik.<\/p>\n<p>Safari turunun ard\u0131ndan \u015firin, sevimli, ilgin\u00e7 ve bir o kadar da vah\u015fi hayvanlara veda ettik. Otele u\u011fray\u0131p yemek paketlerimizi ald\u0131k. Onno ve personel ile de vedala\u015f\u0131p 12:30\u2019da yola koyulduk. B\u00f6ylece 1,5 g\u00fcn gibi safari i\u00e7in k\u0131sa bir zamanda safari turunda g\u00f6r\u00fclmesi gereken \u201c<strong>big five<\/strong>\u201d yani fil, bufalo, aslan, leopar ve Afrikan rhino (gergedan)\u2019dan, gergedan haricindekileri g\u00f6rm\u00fc\u015f olduk. Bu b\u00fcy\u00fck bir \u015fans. Sky\u2019\u0131n uyan\u0131kl\u0131\u011f\u0131 ve \u00e7abalar\u0131 sayesinde. Gergedan bizim kampta bulunmuyormu\u015f zaten.<\/p>\n<p>Yolda m\u00fcsait bir restoranda yemeklerimizi yedik.<\/p>\n<p>Yol boyunca fakirli\u011fi seyrettik. Kerpi\u00e7ten, pencereleri olmayan, hemen hepsi y\u0131k\u0131k d\u00f6k\u00fck evler vard\u0131 sa\u011fl\u0131 sollu. D\u0131\u015ftan bak\u0131ld\u0131\u011f\u0131nda terk edildi\u011fi i\u00e7in harap olmu\u015f g\u00f6r\u00fcn\u00fcmdeki evlerde ya\u015fam var oysa ki. Bir iki evin i\u00e7ini g\u00f6rd\u00fck. Yerde bir-iki d\u00f6\u015fek ve birka\u00e7 le\u011fen vard\u0131.<\/p>\n<p>&nbsp;<\/p>\n<p><img loading=\"lazy\" decoding=\"async\" class=\"alignnone wp-image-1285\" src=\"https:\/\/www.yeryuzundebirkacadim.com\/wp-content\/uploads\/2017\/03\/IMG_0533.jpg\" width=\"1184\" height=\"789\" \/><\/p>\n<p>Temizlik olabildi\u011fi \u00f6l\u00e7\u00fclerde. \u00c7ok yoksullar. Ancak kad\u0131nlar rengarenk giyimliydi. Ve dikkatimi \u00e7eken bir nokta; hepsi \u00e7ok mutlu g\u00f6r\u00fcn\u00fcyorlar. Bu \u00f6zellikleri \u00c7ingeneleri getirdi akl\u0131ma. \u00d6nemli olan da bu de\u011fil mi zaten.<\/p>\n<p><img loading=\"lazy\" decoding=\"async\" width=\"1386\" height=\"924\" class=\"wp-image-1184\" src=\"https:\/\/www.yeryuzundebirkacadim.com\/wp-content\/uploads\/2017\/03\/d-2016-04-24-ayla-album-2013-2013-08-21-afrika1-i-19.jpeg\" alt=\"D:\\2016-04-24-Ayla\\album-2013\\2013-08-21 afrika1\\IMG_0557.JPG\" srcset=\"https:\/\/www.yeryuzundebirkacadim.com\/wp-content\/uploads\/2017\/03\/d-2016-04-24-ayla-album-2013-2013-08-21-afrika1-i-19.jpeg 1386w, https:\/\/www.yeryuzundebirkacadim.com\/wp-content\/uploads\/2017\/03\/d-2016-04-24-ayla-album-2013-2013-08-21-afrika1-i-19-300x200.jpeg 300w, https:\/\/www.yeryuzundebirkacadim.com\/wp-content\/uploads\/2017\/03\/d-2016-04-24-ayla-album-2013-2013-08-21-afrika1-i-19-768x512.jpeg 768w, https:\/\/www.yeryuzundebirkacadim.com\/wp-content\/uploads\/2017\/03\/d-2016-04-24-ayla-album-2013-2013-08-21-afrika1-i-19-1024x683.jpeg 1024w, https:\/\/www.yeryuzundebirkacadim.com\/wp-content\/uploads\/2017\/03\/d-2016-04-24-ayla-album-2013-2013-08-21-afrika1-i-19-816x544.jpeg 816w\" sizes=\"auto, (max-width: 1386px) 100vw, 1386px\" \/><\/p>\n<p><img loading=\"lazy\" decoding=\"async\" class=\"alignnone wp-image-1264\" src=\"https:\/\/www.yeryuzundebirkacadim.com\/wp-content\/uploads\/2017\/03\/P1030369.jpg\" width=\"1200\" height=\"900\" \/><\/p>\n<p>Ta\u015f\u0131mac\u0131l\u0131k bu ara\u00e7larla sa\u011flan\u0131yor.<\/p>\n<p>\u00c7o\u011fu yak\u0131n mesafelere (bize g\u00f6re uzak) yayan gidiyor.<\/p>\n<p>Kad\u0131nlar a\u011f\u0131r y\u00fckl\u00fc k\u00fcfeleri ba\u015flar\u0131n\u0131n \u00fcst\u00fcnde ta\u015f\u0131yor. Nas\u0131l beceriyorlar anlamak zor.<\/p>\n<p>\u00c7o\u011funun aya\u011f\u0131nda terlik, ayakkab\u0131 yok. Yolda Selman\u2019\u0131n da\u011f\u0131tt\u0131\u011f\u0131 \u00e7ikolatalarla mest oldu \u00e7ocuklar.<\/p>\n<p>Sokak lambalar\u0131 yok ve hava saat 18 gibi kararmaya ba\u015fl\u0131yor.\u00a0 Ge\u00e7ti\u011fimiz \u015fehirlerin \u00e7o\u011funda elektrik yok.<\/p>\n<p>Dar Es Selam yak\u0131nlar\u0131nda Sky trafi\u011fe tak\u0131lmamak i\u00e7in daha da bozuk olan yollara sapt\u0131. Hoplaya z\u0131playa bir yolculuk yapt\u0131k.<\/p>\n<p>18:10\u2019da havaalan\u0131na vard\u0131k. Biletlerimiz 20:30 u\u00e7a\u011f\u0131na idi. Bulundu\u011fumuz havaalan\u0131, k\u00fc\u00e7\u00fck u\u00e7aklar\u0131n kalkt\u0131\u011f\u0131 k\u00fc\u00e7\u00fck bir havaalan\u0131.<\/p>\n<p><img loading=\"lazy\" decoding=\"async\" class=\"alignnone wp-image-1333\" src=\"https:\/\/www.yeryuzundebirkacadim.com\/wp-content\/uploads\/2017\/03\/IMG_0623-9.jpg\" width=\"1184\" height=\"789\" \/><\/p>\n<p>U\u00e7a\u011f\u0131m\u0131z 13 ki\u015filik pervaneli (p\u0131r p\u0131r) u\u00e7akt\u0131. (Gidi\u015f-d\u00f6n\u00fc\u015f ki\u015fi ba\u015f\u0131: 100 dolar). Safari gibi bu da bizim i\u00e7in ilk olacakt\u0131. Bekleme salonunda vakit ge\u00e7irdik. 11 yolcu ile 20:10\u2019da u\u00e7a\u011f\u0131m\u0131z kalkt\u0131. Aziz u\u00e7a\u011fa binerken biraz zorland\u0131 tabii.<\/p>\n<p>Sevimli pilotumuzun hemen arka s\u0131ras\u0131nda oturuyoruz. Uyulmas\u0131 gereken kurallar\u0131 da kendisi anlat\u0131yor.<\/p>\n<p><img loading=\"lazy\" decoding=\"async\" class=\"wp-image-1186\" src=\"https:\/\/www.yeryuzundebirkacadim.com\/wp-content\/uploads\/2017\/03\/d-2016-04-24-ayla-album-2013-2013-08-21-afrika1-i-20.jpeg\" alt=\"D:\\2016-04-24-Ayla\\album-2013\\2013-08-21 afrika1\\IMG_0619.JPG\" width=\"974\" height=\"649\" srcset=\"https:\/\/www.yeryuzundebirkacadim.com\/wp-content\/uploads\/2017\/03\/d-2016-04-24-ayla-album-2013-2013-08-21-afrika1-i-20.jpeg 912w, https:\/\/www.yeryuzundebirkacadim.com\/wp-content\/uploads\/2017\/03\/d-2016-04-24-ayla-album-2013-2013-08-21-afrika1-i-20-300x200.jpeg 300w, https:\/\/www.yeryuzundebirkacadim.com\/wp-content\/uploads\/2017\/03\/d-2016-04-24-ayla-album-2013-2013-08-21-afrika1-i-20-768x512.jpeg 768w, https:\/\/www.yeryuzundebirkacadim.com\/wp-content\/uploads\/2017\/03\/d-2016-04-24-ayla-album-2013-2013-08-21-afrika1-i-20-816x544.jpeg 816w\" sizes=\"auto, (max-width: 974px) 100vw, 974px\" \/><\/p>\n<p>Gece adaya varmak \u00fczereyken u\u00e7ak penceresinden sahile vuran beyaz k\u00f6p\u00fckl\u00fc dalgalar\u0131 seyrettik. Yolculuk 20 dakika s\u00fcrd\u00fc. Zanzibar havaalan\u0131nda otelimizin sahibi Samson\u2019un g\u00f6nderdi\u011fi \u015fof\u00f6r Ramadan (bu isim burada \u00e7ok kullan\u0131l\u0131yor anla\u015f\u0131lan) bizi kar\u015f\u0131lad\u0131. Biraz asabi biri. (Otele transfer toplam 50 dolar.)<\/p>\n<p><img loading=\"lazy\" decoding=\"async\" class=\"alignnone wp-image-1334\" src=\"https:\/\/www.yeryuzundebirkacadim.com\/wp-content\/uploads\/2017\/03\/IMG_0626-1.jpg\" width=\"1184\" height=\"789\" \/><\/p>\n<p>22&#8217;ye do\u011fru otele vard\u0131k. Sevimli tav\u0131rlar\u0131 ile Samson bizi kar\u015f\u0131lad\u0131. Otel hakk\u0131nda bilgi verdi. Otel 2 bloklu toplam 18 odal\u0131, k\u00fc\u00e7\u00fck fakat \u00e7ok zevkli, muhte\u015fem bir oteldi: Dogwe Ocean View Otel (www.dongweoceanview.com). B\u00fct\u00fcn odalar deniz manzaral\u0131. 4 gece 4 ki\u015fi 2200 liraya kald\u0131k.<\/p>\n<p>Bu arada etraftaki otel m\u00fc\u015fterilerinin \u015fa\u015fk\u0131n bak\u0131\u015flar\u0131n\u0131 \u00fczerimizde hissettik. \u00d6nce bir anlam veremedik. Daha sonra \u00f6\u011frendik i\u015fin asl\u0131n\u0131. Samson hepsi Avrupal\u0131 olan otel m\u00fc\u015fterileri ile sohbet ederken biraz sonra T\u00fcrkiye&#8217;den misafirlerinin gelece\u011fini s\u00f6ylemi\u015f. Ard\u0131ndan biz gelince -art\u0131k ne bekliyorlard\u0131 ise- \u00e7ok \u015fa\u015f\u0131rm\u0131\u015flar.<\/p>\n<p><img loading=\"lazy\" decoding=\"async\" class=\"alignnone wp-image-1272\" src=\"https:\/\/www.yeryuzundebirkacadim.com\/wp-content\/uploads\/2017\/03\/20130820_183930_LLS.jpg\" width=\"1128\" height=\"635\" \/><\/p>\n<p>Bavullar\u0131m\u0131z\u0131 odaya b\u0131rak\u0131p ak\u015fam yeme\u011fine indik. Gece dolunayda sahilde y\u00fcr\u00fcd\u00fck. 100-150 metre ilerde sandallar kuma oturmu\u015ftu. Personele med-cezir olay\u0131n\u0131 ve ne zaman sular\u0131n otele yakla\u015faca\u011f\u0131n\u0131 sorduk ama anlayabildi\u011fimiz bir cevap alamad\u0131k.<\/p>\n<p><strong>4. G\u00dcN: 20 A\u011fustos 2013 Sal\u0131<\/strong><\/p>\n<p><strong>Zanzibar<\/strong><\/p>\n<p>8. yy\u2019da \u0130ran\u2019\u0131n \u015eiraz kentinden gelen g\u00f6\u00e7men ve t\u00fcccarlar taraf\u0131ndan kuruluyor. Fars\u00e7a Zangi bar yani; zencilerin sahili anlam\u0131na geliyor. 1503- 1698 y\u0131llar\u0131 aras\u0131nda Portekiz istilas\u0131na, 1698\u2019den sonra da, Umman Araplar\u0131n\u0131n Portekizliler&#8217;i kovmalar\u0131 neticesi, Umman Sultanl\u0131\u011f\u0131na dahil oluyor. Baharat, z\u00fcccaciye ve tekstil ticaretinin yaratt\u0131\u011f\u0131 bereket sonunda, Umman Sultan\u0131, Hanedanl\u0131\u011f\u0131n\u0131 Muskat\u2019tan, Unguja (Zanzibar) adas\u0131ndaki Stone Town\u2019a ta\u015f\u0131yor. Sultan\u0131n \u00f6l\u00fcm\u00fcnden sonra, taht kavgalar\u0131 neticesi Umman ve Zangibar olarak ikiye ayr\u0131l\u0131yor. 1890-1963 y\u0131llar\u0131 aras\u0131nda da, \u0130ngilizler&#8217;in atad\u0131\u011f\u0131 valilerle y\u00f6netilerek yar\u0131 s\u00f6m\u00fcrge durumuna giriyor. 1963\u2019de yine, Umman Sultan\u0131&#8217;n\u0131n y\u00f6netti\u011fi \u201canayasal krall\u0131k\u201d olsa da, uzun s\u00fcrm\u00fcyor bu durum ve 26.04.1964 tarihinde ba\u011f\u0131ms\u0131zl\u0131\u011f\u0131n\u0131 kazanarak Tanzanya\u2019ya ba\u011fl\u0131 \u00f6zerk cumhuriyet oluyor.<\/p>\n<p>N\u00fcfusun % 99\u2019u M\u00fcsl\u00fcman. Tanzanya\u2019ya ba\u011fl\u0131 Zanzibar (as\u0131l ad\u0131 ile Unguja) ve Pemba adl\u0131 2 adan\u0131n birle\u015fiminden olu\u015fan ada tak\u0131m\u0131; y\u0131llar boyu h\u00fck\u00fcmdarl\u0131\u011f\u0131 alt\u0131nda kald\u0131\u011f\u0131 farkl\u0131 k\u00fclt\u00fcr ve \u0131rklar\u0131 i\u00e7erisinde harmanlam\u0131\u015f.\u00a0Arap ve Afrika k\u00fclt\u00fcrleri i\u00e7 i\u00e7e ge\u00e7mi\u015f.<\/p>\n<p>Adan\u0131n ge\u00e7im kayna\u011f\u0131 \u00e7o\u011funlukla baharatlar.<\/p>\n<p>Adan\u0131n kuzeyi (<strong>Nungwi);<\/strong> kumsallar\u0131 ile \u00fcnl\u00fcyken bizim kald\u0131\u011f\u0131m\u0131z do\u011fu b\u00f6lgesi (<strong>Dongwe);<\/strong>\u00a0ba\u015fta mercan olmak \u00fczere su alt\u0131 zenginli\u011fi ile \u00fcnl\u00fc.<\/p>\n<p>Bu sabah tur program\u0131m\u0131z yoktu ve t\u00fcm g\u00fcn\u00fc otelde ge\u00e7irecektik.<\/p>\n<p>Sabah 7:30\u2019da ya\u011fmurla uyand\u0131\u011f\u0131mda deniz suyu otele yakla\u015fm\u0131\u015ft\u0131. Med cezir Zanzibar&#8217;\u0131n bat\u0131s\u0131nda daha azken do\u011fusunda azami \u00f6l\u00e7\u00fclerde ya\u015fan\u0131yor. Burada deniz \u00e7ekilmesi bir bu\u00e7uk kilometreyi bulabiliyormu\u015f.<\/p>\n<p><img loading=\"lazy\" decoding=\"async\" class=\"alignnone wp-image-1341 size-full\" src=\"https:\/\/www.yeryuzundebirkacadim.com\/wp-content\/uploads\/2017\/03\/IMG_0779-1-e1488906373906.jpg\" width=\"1184\" height=\"789\" \/><\/p>\n<p>Balkondan bembeyaz kumlu sahili seyrettim bir m\u00fcddet. O kadar g\u00fczel ve dinlendiriciydi ki. Gece kuma oturmu\u015f olan tekneler (geleneksel arap yelkenli tekneleri: dhow) sabah sudayd\u0131. Me\u011ferse gece sular otele kadar gelmi\u015f sonra tekrar \u00e7ekilmeye ba\u015flam\u0131\u015f.<\/p>\n<p>Deniz \u00e7ekildi\u011finde fakir halk i\u00e7in para \u00a0kazanma zaman\u0131 ba\u015fl\u0131yor. Bayanlar s\u0131\u011f sularda avlan\u0131yorlar. Avlad\u0131klar\u0131 ahtapotlar\u0131 erkekler kayalara vura vura yumu\u015fat\u0131yorlar ve otellere sat\u0131yorlar.<\/p>\n<p>Tekneler ilkel ve ah\u015fap. \u0130stenirse yelkenli tak\u0131labiliyor. Koyda yakla\u015f\u0131k 14-16 tane tekne sayd\u0131m. Sabaha uyanan g\u00fcnde yerliler ba\u011f\u0131rarak birbirleriyle konu\u015fuyorlar. Kollar\u0131na mavi, sar\u0131 kovalar takm\u0131\u015f kad\u0131nlar sularda avlanmaya ba\u015flam\u0131\u015flar bile.<\/p>\n<p><img loading=\"lazy\" decoding=\"async\" class=\"alignnone wp-image-1340 size-full\" src=\"https:\/\/www.yeryuzundebirkacadim.com\/wp-content\/uploads\/2017\/03\/IMG_0679-1-e1488906415124.jpg\" width=\"1184\" height=\"789\" \/><\/p>\n<p><img loading=\"lazy\" decoding=\"async\" class=\"alignnone wp-image-1342 \" src=\"https:\/\/www.yeryuzundebirkacadim.com\/wp-content\/uploads\/2017\/03\/IMG_0755-e1488906745378.jpg\" width=\"1184\" height=\"789\" \/><\/p>\n<p><img loading=\"lazy\" decoding=\"async\" class=\"alignnone wp-image-1344 size-full\" src=\"https:\/\/www.yeryuzundebirkacadim.com\/wp-content\/uploads\/2017\/03\/IMG_0692-e1488906901560.jpg\" width=\"1184\" height=\"789\" \/><\/p>\n<p><img loading=\"lazy\" decoding=\"async\" class=\"alignnone wp-image-1271\" src=\"https:\/\/www.yeryuzundebirkacadim.com\/wp-content\/uploads\/2017\/03\/20130820_110122-1.jpg\" width=\"1128\" height=\"635\" \/><\/p>\n<p>Kahvalt\u0131dan sonra hadi dedik b\u0131rakal\u0131m kendimizi bu muhte\u015fem denize. Plaja bir bakt\u0131k aaaaa o da ne! Deniz \u00e7ekilmi\u015f. 2 saat \u00f6nce \u00a0otelin k\u0131y\u0131s\u0131ndayd\u0131 oysa. \u015eimdi taaaa 500 metre \u00e7ekilmi\u015f ve yerini bembeyaz kumlara, rengarenk mercanlara, deniz kabuklar\u0131na\u00a0ve yenge\u00e7lere b\u0131rakm\u0131\u015f.\u00a0 Aziz, Samson\u2019a \u201cdenize nas\u0131l girece\u011fiz\u201d diye hesap soruyor. Me\u011ferse saat 14-15\u2019de sular tekrar geliyormu\u015f. \u00d6nce inanmakta g\u00fc\u00e7l\u00fck \u00e7ektik. \u0130lk defa b\u00f6yle bir \u015feyle kar\u015f\u0131la\u015f\u0131yorduk.\u00a0\u0130lgin\u00e7 bir\u00a0 deneyimdi.<\/p>\n<p><img loading=\"lazy\" decoding=\"async\" class=\"alignnone wp-image-1345 size-full\" src=\"https:\/\/www.yeryuzundebirkacadim.com\/wp-content\/uploads\/2017\/03\/IMG_0676-e1488907020297.jpg\" width=\"1184\" height=\"789\" \/><\/p>\n<p>Arkadaki beyaz bina otelimiz.<\/p>\n<p>Sular\u0131 \u00e7ekilmi\u015f kumsalda y\u00fcr\u00fcy\u00fc\u015f yapt\u0131k. \u00c7\u0131plak ayakla s\u0131\u011f suda y\u00fcr\u00fcmenin keyfi paha bi\u00e7ilemez. Biraz derinlerde deniz kestanesine kar\u015f\u0131 bazen terliklerimizi de giydik. Mercanlar muhte\u015femdi. Dalmaya hatta \u015fnorkele bile ihtiya\u00e7 yok. Yenge\u00e7ler kumun \u00fczerinde yan yandan h\u0131zla ge\u00e7iyorlar.<\/p>\n<p><img loading=\"lazy\" decoding=\"async\" class=\"alignnone wp-image-1390 size-full\" src=\"https:\/\/www.yeryuzundebirkacadim.com\/wp-content\/uploads\/2017\/03\/IMG_0665-e1488923648698.jpg\" width=\"1200\" height=\"800\" \/><\/p>\n<p><img loading=\"lazy\" decoding=\"async\" class=\"alignnone wp-image-1346 size-full\" src=\"https:\/\/www.yeryuzundebirkacadim.com\/wp-content\/uploads\/2017\/03\/IMG_0684-e1488907107726.jpg\" width=\"1284\" height=\"856\" \/><\/p>\n<p><img loading=\"lazy\" decoding=\"async\" class=\"alignnone wp-image-1347 size-full\" src=\"https:\/\/www.yeryuzundebirkacadim.com\/wp-content\/uploads\/2017\/03\/IMG_0655-e1488907219396.jpg\" width=\"1184\" height=\"789\" \/><\/p>\n<p>Yan taraftaki \u0130talyan otelinin uzun bir iskelesi vard\u0131. Oraya gittik.<\/p>\n<p>Buradaki otellerin \u00e7o\u011fu ba\u015fta \u0130talyanlar olmak \u00fczere yabanc\u0131lar\u0131n elinde. Bizimkinin sahibi yerli idi ama.<\/p>\n<p>Bu arada ya\u011fmur ba\u015flad\u0131. Denizde ya\u011fmur harikulade.<\/p>\n<p>\u0130skeledeki barda bir \u015feyler i\u00e7tik.<\/p>\n<p><img loading=\"lazy\" decoding=\"async\" class=\"alignnone wp-image-1348 size-full\" src=\"https:\/\/www.yeryuzundebirkacadim.com\/wp-content\/uploads\/2017\/03\/IMG_0710-e1488907313154.jpg\" width=\"1184\" height=\"789\" \/><\/p>\n<p>Bu arada sular hafif hafif kabard\u0131.<\/p>\n<p>Bir tekneyle 65000 \u015filine (72 lira) bizi \u015fnorkel ile y\u00fczmeye g\u00f6t\u00fcrmesi i\u00e7in anla\u015ft\u0131k. Tekneleri olduk\u00e7a derin ve dar. Ayakta durdu\u011fumuzda boyu kal\u00e7a hizam\u0131za geliyor ve kar\u015f\u0131l\u0131kl\u0131 anca s\u0131\u011f\u0131yoruz. 12\u2019de \u00e7\u0131kt\u0131k. 1 saat kadar denizde kald\u0131k. S\u0131\u011f denizde mercanlar\u0131 ve rengarenk bal\u0131klar\u0131 seyrediyoruz. F\u0131rt\u0131na \u00e7\u0131kaca\u011f\u0131n\u0131 s\u00f6yledikleri i\u00e7in geri d\u00f6n\u00fcyoruz. Biz d\u00f6nerken deniz y\u00fckselip k\u0131y\u0131ya ula\u015fm\u0131\u015ft\u0131 bile.<\/p>\n<p>Otelde biraz denize ve havuza girdik. 5 \u00e7ay\u0131 ikram\u0131nda bir \u015feyler at\u0131\u015ft\u0131r\u0131p dinlendik.<\/p>\n<p>Sahilde s\u00fcrekli bir \u015feyler satan, tur ayarlayan Masailer var. Etrafa renk kat\u0131p hareketlendiriyorlar. Dans ediyorlar. Hem otel g\u00f6revlileri hem sahildeki yerliler g\u00fcler y\u00fczleri ile hemen jambo (merhaba), mambo (nas\u0131ls\u0131n) deyip muhabbete ba\u015fl\u0131yorlar. Bir ka\u00e7 kelime de olsa Svahilice \u00f6\u011frenmek \u015fart oldu. Zaten hemen \u00f6\u011fretiyorlar. Mambo poa deyip cevap veriyoruz onlara. Yard\u0131mlar\u0131ndan sonra da asente sana demeyi ihmal etmiyoruz.<\/p>\n<p><img loading=\"lazy\" decoding=\"async\" class=\"alignnone wp-image-1349 size-full\" src=\"https:\/\/www.yeryuzundebirkacadim.com\/wp-content\/uploads\/2017\/03\/P1030285-e1488907482235.jpg\" width=\"1200\" height=\"900\" \/><\/p>\n<p>Oteller k\u00fc\u00e7\u00fck, kapasiteleri d\u00fc\u015f\u00fck. Sahil kocaman. \u0130nsan az. O derecede sakin ve dingin. (Bu hali ile T\u00fcrkiye ile taban tabana z\u0131t). Otelimizde herkes birbirini tan\u0131yor. Yerliler de herkesi tan\u0131yor. Biz de ikinci g\u00fcnden sonra onlar\u0131 tan\u0131d\u0131k. Hatta baz\u0131lar\u0131n\u0131n isimlerini bile \u00f6\u011frendik. O kadar sevimliler ki.<\/p>\n<p>G\u00fclfem&#8217;le Aziz otelde kalan \u0130talyan, Alman m\u00fc\u015fteriler ile muhabbet kurdular. Otel m\u00fc\u015fterileri T\u00fcrk oldu\u011fumuzu \u00f6\u011frenince inanamam\u0131\u015flar. Geldi\u011fimiz ilk g\u00fcnk\u00fc tutumlar\u0131 devam ediyor. Kendilerine, di\u011fer T\u00fcrklerin de bizim gibi normal insanlardan olu\u015ftu\u011funu izah ediyoruz. Muhtemelen Arap ve \u00e7ar\u015fafl\u0131 birilerini hayal ediyorlar.<\/p>\n<p><strong>4. G\u00dcN: 21 A\u011fustos 2013 \u00c7ar\u015famba<\/strong><\/p>\n<p>Bug\u00fcn Samson\u2019un ayarlad\u0131\u011f\u0131 \u201cBlue Safari\u201d turuna \u00e7\u0131k\u0131yoruz. (Ki\u015fi ba\u015f\u0131 45 dolar). Saat 8\u2019de Ramadan gelip bizi ald\u0131. Yakla\u015f\u0131k 1 saat 10 dakikal\u0131k yoldan sonra 13 ki\u015filik bir grup olarak motorlu teknemize bindik. \u00d6nce k\u00fc\u00e7\u00fck bir ada yak\u0131n\u0131nda durduk. Palet vb. olmayanlar buradan eksik malzemelerini temin etti. \u015enorkel ile ada etraf\u0131nda mercan resiflerinde gezindik. Rengarenk mercanlar, her \u00e7e\u015fidinden, her renginden bal\u0131k vard\u0131. Palya\u00e7o bal\u0131klar\u0131 benim g\u00f6zdem oldu. Tam anlam\u0131yla g\u00f6rsel bir \u015f\u00f6lendi. O zamanlar go-prom olmu\u015f olsayd\u0131 deniz alt\u0131ndaki bu cenneti aktarabilirdim.<\/p>\n<p>Ard\u0131ndan toparlan\u0131p \u00f6\u011fle yeme\u011fi yiyece\u011fimiz adaya gittik.<\/p>\n<p><img loading=\"lazy\" decoding=\"async\" class=\"alignnone wp-image-1351 size-full\" src=\"https:\/\/www.yeryuzundebirkacadim.com\/wp-content\/uploads\/2017\/03\/P1030311-e1488907907933.jpg\" width=\"1200\" height=\"900\" \/><\/p>\n<p><img loading=\"lazy\" decoding=\"async\" class=\"alignnone wp-image-1352 size-full\" src=\"https:\/\/www.yeryuzundebirkacadim.com\/wp-content\/uploads\/2017\/03\/P1030327-e1488907950117.jpg\" width=\"1200\" height=\"900\" \/><\/p>\n<p>Burada istakoz dahil bir\u00e7ok deniz \u00fcr\u00fcn\u00fc ve bal\u0131k yedik.<\/p>\n<p>Ard\u0131ndan grup liderimiz bize yerel meyveleri tan\u0131t\u0131p nas\u0131l yenilece\u011fini g\u00f6sterdi. Hepsi \u00e7ok lezzetliydi.<\/p>\n<p><img loading=\"lazy\" decoding=\"async\" class=\"alignnone wp-image-1353 size-full\" src=\"https:\/\/www.yeryuzundebirkacadim.com\/wp-content\/uploads\/2017\/03\/P1030331-e1488908031921.jpg\" width=\"1200\" height=\"900\" \/><\/p>\n<p>\u00c7ok yiyoruz \u00e7ok. \u0130lgin\u00e7 ama ger\u00e7ek; Amerika\u2019da a\u00e7 kalan ben Afrika\u2019dan kilo alarak d\u00f6nd\u00fcm. Al\u0131\u015f\u0131k oldu\u011fumuz yemek ve kahvalt\u0131 k\u00fclt\u00fcr\u00fc yok asl\u0131nda. Kahvalt\u0131da peynir ve zeytin \u00f6zlemimiz art\u0131yor.\u00a0 Neyse ki omlet yap\u0131yorlar. Asl\u0131nda yiyecek \u015feyler var ama damak tad\u0131m\u0131za pek uygun de\u011fil. \u0130s gibi kokan bir pilavlar\u0131 var mesela. Ama pilav canavar\u0131 Civan hemen al\u0131\u015ft\u0131 bu pilava. Deniz \u00fcr\u00fcnleri bol ve g\u00fczel. Booool bol birbirinden g\u00fczel tropikal meyveler tatt\u0131k.<\/p>\n<p>Adan\u0131n biraz i\u00e7 b\u00f6lgesinde bulunan, devrildi\u011fi halde ya\u015famaya devam eden en eski bao bao a\u011fac\u0131n\u0131 g\u00f6rd\u00fck.<\/p>\n<p><img loading=\"lazy\" decoding=\"async\" class=\"alignnone wp-image-1354 size-full\" src=\"https:\/\/www.yeryuzundebirkacadim.com\/wp-content\/uploads\/2017\/03\/P1030341-e1488908260135.jpg\" width=\"1200\" height=\"900\" \/><\/p>\n<p>Bu arada kar\u015f\u0131 tarafta kalan, az \u00f6nce \u00fczerinde oldu\u011fumuz adan\u0131n sular alt\u0131nda kal\u0131p g\u00f6r\u00fcnmedi\u011fine \u015fahit oluyoruz. Med cezire hala al\u0131\u015famad\u0131k!<\/p>\n<p>Tekneye biniyoruz. Bu sefer bir laguna getiriyorlar bizi ve y\u00fczme molas\u0131 veriliyor. 4-5m. derinli\u011fe sahip bu lagunun, sular \u00e7ekildi\u011finde bo\u015fal\u0131p gezilebildi\u011fini s\u00f6ylediler. \u0130nanmaz g\u00f6zlerle bakt\u0131k onlara.<\/p>\n<p><img loading=\"lazy\" decoding=\"async\" class=\"alignnone wp-image-1392 size-full\" src=\"https:\/\/www.yeryuzundebirkacadim.com\/wp-content\/uploads\/2017\/03\/P1030351-e1488924278657.jpg\" width=\"1200\" height=\"900\" \/><\/p>\n<p>D\u00f6n\u00fc\u015f yoluna ge\u00e7tik. Sabah tekneye binmek i\u00e7in denize do\u011fru baya\u011f\u0131 y\u00fcr\u00fcm\u00fc\u015ft\u00fck. D\u00f6n\u00fc\u015fte sular y\u00fckseldi\u011fi i\u00e7in sahile do\u011frudan tekneyle vard\u0131k.<\/p>\n<p>Tur sonras\u0131 pazara bir u\u011fruyoruz.<\/p>\n<p><img loading=\"lazy\" decoding=\"async\" class=\"alignnone wp-image-1355 size-full\" src=\"https:\/\/www.yeryuzundebirkacadim.com\/wp-content\/uploads\/2017\/03\/P1030361-e1488908489984.jpg\" width=\"1200\" height=\"900\" \/><\/p>\n<p><strong>5. G\u00dcN: 22 A\u011fustos 2013 Per\u015fembe<\/strong><\/p>\n<p>Bug\u00fcn Pino yani Hasan ile anla\u015ft\u0131k. Bizi s\u0131rayla \u201cDolphin tur\u201d \u201csnorkel ile y\u00fczme\u201d ve \u201c\u201dya\u011fmur ormanlar\u0131\u201dna g\u00f6t\u00fcrecekti.<\/p>\n<p><strong>Dolphin tur<\/strong><\/p>\n<p>Sabah 6\u2019da kahvalt\u0131 yap\u0131p 6:30\u2019da yola \u00e7\u0131kt\u0131k. Adan\u0131n g\u00fcney sahilindeki Kizimkazi k\u00f6y\u00fcne geldik. Buradaki bir bal\u0131k cinsi ile beslenen yunuslar\u0131 do\u011fal ortamlar\u0131nda g\u00f6rebilmeyi ve y\u00fczmeyi umarak geldik. Fakat biraz eziyetli. Etrafta bizim kiralad\u0131\u011f\u0131m\u0131z gibi 10 civar\u0131nda motorlu tekne var. Hep birlikte yunuslar\u0131n bulundu\u011fu mevkiye geliniyor. Tekneler aras\u0131ndaki mesafe biraz a\u00e7\u0131l\u0131yor. Ard\u0131ndan yunuslar\u0131 hangi tekne g\u00f6rd\u00fcyse onun gitti\u011fi tarafa do\u011fru di\u011fer b\u00fct\u00fcn tekneler gidiyor. Bu arda dans edercesine su \u00fcst\u00fcne \u00e7\u0131k\u0131p denize dal\u0131yor yunuslar. Yunuslar itina ile takip ediliyor, kay\u0131k duruyor, yunusla y\u00fczmek isteyen turistler \u015fnorkelleri ile hemen denize atl\u0131yor. G\u00f6rebilen g\u00f6r\u00fcyor ya da yunuslar ka\u00e7\u0131yor. Tekrar kay\u0131\u011fa \u00e7\u0131k\u0131l\u0131yor, takip ediliyor, g\u00f6r\u00fcnce yakla\u015f\u0131l\u0131p denize atlan\u0131yor. Bunun gibi pek \u00e7ok tekrar ve yorucu dakikalarla ge\u00e7en bir tur.<\/p>\n<p>Yunuslara insanlardan rahat yok.<\/p>\n<p><img loading=\"lazy\" decoding=\"async\" class=\"alignnone wp-image-1356 size-full\" src=\"https:\/\/www.yeryuzundebirkacadim.com\/wp-content\/uploads\/2017\/03\/P1030401-e1488908581942.jpg\" width=\"1200\" height=\"900\" \/><\/p>\n<p>Haz\u0131rda bekleyen insanlar. Ben de 3 kere atlad\u0131m bu hengamede. Ancak son seferinde yunuslar\u0131 g\u00f6rebildim. 3 tanesi alt\u0131mdan 3 tanesi altta yan taraf\u0131mdan ge\u00e7tiler. Aziz, Selman ve Civan da y\u00fczd\u00fcler yunuslarla. G\u00fclfem ve Ali Vefa \u00fcrkt\u00fcler ve hi\u00e7 atlamad\u0131lar. Yunuslarla y\u00fczme i\u015fi zaman al\u0131nca \u015fnorkelle y\u00fczme i\u015fi tur kapsam\u0131ndan \u00e7\u0131kar\u0131ld\u0131.<\/p>\n<p><strong>Jozani\u00a0<\/strong><strong>Forrest (Ya\u011fmur ormanlar\u0131) turu<\/strong><\/p>\n<p><img loading=\"lazy\" decoding=\"async\" class=\"alignnone wp-image-1358 size-full\" src=\"https:\/\/www.yeryuzundebirkacadim.com\/wp-content\/uploads\/2017\/03\/P1030451-e1488908856612.jpg\" width=\"1200\" height=\"900\" \/><\/p>\n<p>Bir rehber e\u015fli\u011finde \u00f6nce ya\u011fmur orman\u0131nda gezintiye \u00e7\u0131kt\u0131k. Milyonlarca kocaman a\u011fa\u00e7\u2026 Yemye\u015fil.\u00a0 Bizim buralarda saks\u0131larda yeti\u015ftirdi\u011fimiz a\u015fk merdiveni isimli bitki orada yerlerde \u00e7im niyetine yeti\u015fmi\u015f. Ama devasa boyutlara ula\u015fm\u0131\u015f.<\/p>\n<p>Ard\u0131ndan s\u0131ra <strong>K\u0131rm\u0131z\u0131 Colobus Maymunlar\u0131na<\/strong>\u00a0geliyor. Bu maymunlar Zanzibar\u2019a \u00f6zel oldu\u011fundan d\u00fcnyada g\u00f6r\u00fclebilecek tek yer buras\u0131. Orman\u0131 ikiye ay\u0131ran yola \u00e7\u0131k\u0131yoruz. Bir bak\u0131yoruz maymunlar yolun \u00f6teki taraf\u0131na do\u011fru ge\u00e7mi\u015f. Takibe \u00e7\u0131k\u0131yoruz. \u015eunu belirtmek gerekir ki burada hayvanlar \u00e7ok de\u011ferli. Belki de ge\u00e7im kaynaklar\u0131 oldu\u011fundan. Bu yola maymunlar s\u0131k\u00e7a \u00e7\u0131kt\u0131\u011f\u0131ndan arabalar burada yava\u015flamak zorunda. Yanl\u0131\u015fl\u0131kla bir maymunu ezerlerse a\u011f\u0131r para cezas\u0131 var. Maymunlar insanlara \u00f6yle al\u0131\u015fk\u0131n ki diplerine kadar girip foto\u011fraflar\u0131n\u0131 \u00e7ekebiliyoruz. Hatta bir vurdumduymazl\u0131k i\u00e7inde sizle ilgilenmiyorlar bile.<\/p>\n<p><img loading=\"lazy\" decoding=\"async\" class=\"alignnone wp-image-1359 size-full\" src=\"https:\/\/www.yeryuzundebirkacadim.com\/wp-content\/uploads\/2017\/03\/P1030477-e1488909131178.jpg\" width=\"1200\" height=\"900\" \/><\/p>\n<p>S\u0131rada <strong>Mangrove A\u011fa\u00e7lar\u0131<\/strong>\u00a0var. Yolun kar\u015f\u0131s\u0131ndaki taraftan devam edip biraz y\u00fcr\u00fcyoruz. Ve bu a\u011fa\u00e7lar\u0131n bol oldu\u011fu ormana geliyoruz. A\u011fa\u00e7lar deniz suyu ile besleniyor. K\u00f6klerinde deniz suyu var. \u0130lgin\u00e7 olarak k\u00f6kleri yukar\u0131ya do\u011fru b\u00fcy\u00fcyor.<\/p>\n<p><img loading=\"lazy\" decoding=\"async\" class=\"alignnone wp-image-1361 size-full\" src=\"https:\/\/www.yeryuzundebirkacadim.com\/wp-content\/uploads\/2017\/03\/P1030503-e1488909339833.jpg\" width=\"1200\" height=\"900\" \/><\/p>\n<p>Ve saat 12:30 gibi turumuz bitti.<\/p>\n<p>Bir an ne yapal\u0131m diye d\u00fc\u015f\u00fcnd\u00fck.<\/p>\n<p>Y\u00f6renin ge\u00e7im kaynaklar\u0131ndan biri baharat. Baharat bah\u00e7elerini gezdiren bir tur program\u0131 da var.<\/p>\n<p>Ancak biz, buradaki ilk g\u00fcn\u00fcm\u00fczde gitti\u011fimiz, otel sahilinden yakla\u015f\u0131k 1 km mesafede g\u00fczel mercanlar\u0131n oldu\u011fu yerde \u015fnorkelle y\u00fczmeye karar verdik. Bu kadar g\u00fczel mercanlar\u0131 ve bal\u0131klar\u0131 bulmu\u015fken baharat bah\u00e7esi gezmek istemedik do\u011frusu.<\/p>\n<p>Tekneyle uzun s\u00fcrd\u00fc\u011f\u00fc ve sular \u00e7ekili oldu\u011fu i\u00e7in dahiyane bir fikirle k\u0131y\u0131dan biraz y\u00fcr\u00fcy\u00fcp sonra da y\u00fczerek gitmeye karar verdik. Ama Ali Vefa ve ben yolda ak\u0131nt\u0131ya kap\u0131l\u0131p \u00fcrk\u00fct\u00fcc\u00fc bir deneyim ya\u015fad\u0131k. \u00dcrk\u00fct\u00fcc\u00fc demek hafif kald\u0131. Korkutucu bir deneyimdi. B\u00f6ylelikle ilk ak\u0131nt\u0131 deneyimimizi de ya\u015fam\u0131\u015f olduk. \u0130n\u015fallah ilk ve son olur. Neyse Civan&#8217;\u0131n yard\u0131mlar\u0131 ile sonunda b\u00f6lgeye vard\u0131k. Deniz i\u00e7inde akvaryum gibi bir alan bulduk. Rengarenk y\u00fczlerce bal\u0131kla birlikte y\u00fczd\u00fck. Hemen alt\u0131m\u0131zda birka\u00e7 bal\u0131k adam vard\u0131. Bal\u0131klar elinizi uzatt\u0131\u011f\u0131n\u0131zda hemen k\u0131vrak bir \u015fekilde uzakla\u015f\u0131yorlar. Ama birka\u00e7 tanesine de\u011fmeyi ba\u015fard\u0131m. Mercanlar ise m\u00fckemmeldi.<\/p>\n<p><img loading=\"lazy\" decoding=\"async\" class=\"alignnone wp-image-1362 size-full\" src=\"https:\/\/www.yeryuzundebirkacadim.com\/wp-content\/uploads\/2017\/03\/IMG_0767-e1488909457822.jpg\" width=\"1184\" height=\"789\" \/><\/p>\n<p>Bizim \u00e7ocuklar Masailer ile ma\u00e7 yap\u0131yor.<\/p>\n<p>Ak\u015fam\u00fcst\u00fc otelde biraz g\u00fcne\u015flendik. Bu arada yerli kad\u0131nlar yine etraf\u0131m\u0131z\u0131 sard\u0131lar. Ama o kadar ho\u015flar ve nazikler ki. Rahats\u0131z etmiyorlar. Biz de dayanamad\u0131k. G\u00fclfem sa\u00e7lar\u0131n\u0131 \u00f6rd\u00fcrd\u00fc. Ben de ayak bile\u011fim ve omzuma d\u00f6vme yapt\u0131rd\u0131m. D\u00f6vmeler 10 dolar. Burada her \u015fey ucuz.<\/p>\n<p>Otelde son ak\u015fam\u0131m\u0131z\u0131 ge\u00e7irdik. Beyaz kumlar, okyanus ve dolunay. \u0130\u00e7imize sindire sindire seyrettik.<\/p>\n<p><strong>Med cezir halleri<\/strong><\/p>\n<p>Otelin \u00f6n\u00fcnden sular \u00e7ekilmi\u015f.<\/p>\n<p><img loading=\"lazy\" decoding=\"async\" class=\"alignnone wp-image-1365 size-full\" src=\"https:\/\/www.yeryuzundebirkacadim.com\/wp-content\/uploads\/2017\/03\/IMG_0642-e1488918467846.jpg\" width=\"1184\" height=\"789\" \/><\/p>\n<p>Otelin \u00f6n\u00fcne sular ilerliyor.<\/p>\n<p><img loading=\"lazy\" decoding=\"async\" class=\"alignnone wp-image-1367 size-full\" src=\"https:\/\/www.yeryuzundebirkacadim.com\/wp-content\/uploads\/2017\/03\/IMG_0760-e1488918680937.jpg\" width=\"1184\" height=\"789\" \/><\/p>\n<p>Sular otelin \u00f6n\u00fcne kadar gelmi\u015f.<\/p>\n<p><img loading=\"lazy\" decoding=\"async\" class=\"alignnone wp-image-1369 size-full\" src=\"https:\/\/www.yeryuzundebirkacadim.com\/wp-content\/uploads\/2017\/03\/IMG_0778-e1488918896319.jpg\" width=\"1184\" height=\"789\" \/><\/p>\n<p><strong>6. G\u00dcN: 23 A\u011fustos 2013 Cuma <\/strong><\/p>\n<p>Bu sabah otelden ayr\u0131l\u0131yoruz. Sabah kahvalt\u0131n\u0131n ard\u0131ndan sinirli \u015fof\u00f6r\u00fcm\u00fcz Ramadan (otel yolunda denetim yap\u0131p, k\u00f6y i\u00e7in para alan polislere bile kafa tutuyor) bizi almaya geldi. Ba\u015f\u0131nda takkesi de vard\u0131. Bug\u00fcn Cuma oldu\u011fu i\u00e7in herkes \u015f\u0131k giyinmi\u015f. Kad\u0131nlar ba\u015flar\u0131ndaki \u00f6rt\u00fcleri abart\u0131l\u0131 ta\u015fl\u0131 tokalarla tutturmu\u015flar. Erkeklerin hepsi temiz giyimli, takkeli. \u00c7ok ho\u015fumuza gitti.<\/p>\n<p>Bug\u00fcn\u00fc adan\u0131n merkezi olan Stone Town\u2019a ay\u0131rd\u0131k. Bu transfer (Stown town+havaalan\u0131 ula\u015f\u0131m) toplam 70 dolar. Ramadan Stone town\u2019da bize rehberlik yapaca\u011f\u0131n\u0131 s\u00f6ylemi\u015fti ama \u015fehre gelince hemen satt\u0131 bizi. Ba\u015fka rehber buldu bize. Kiminin sertifikas\u0131 yok. Biz belge sorunca belgeli ama bilgisiz bir gen\u00e7 ile belgesiz ancak ingilizceye hakim ve \u015fehri iyi bilen bir ge\u00e7 birlikte bizi gezdirdi. (10 dolar).<\/p>\n<p>Rehberlerden biri yal\u0131n ayakt\u0131. \u00c7ok fakirler.<\/p>\n<p><strong>Stone Town<\/strong>, Unesco D\u00fcnya Miraslar\u0131 Listesinde yer almakta.<\/p>\n<p>Sahildeki en etkileyici yap\u0131 ise <strong>Beyt-\u00fcl Ajaip<\/strong> yani <strong>Acaip Ev.<\/strong><\/p>\n<p><img loading=\"lazy\" decoding=\"async\" class=\"alignnone wp-image-1217 size-full\" src=\"https:\/\/www.yeryuzundebirkacadim.com\/wp-content\/uploads\/2017\/03\/d-2016-04-24-ayla-album-2013-2013-08-21-afrika1-i-29.jpeg\" alt=\"D:\\2016-04-24-Ayla\\album-2013\\2013-08-21 afrika1\\IMG_0790.JPG\" width=\"1386\" height=\"924\" srcset=\"https:\/\/www.yeryuzundebirkacadim.com\/wp-content\/uploads\/2017\/03\/d-2016-04-24-ayla-album-2013-2013-08-21-afrika1-i-29.jpeg 1386w, https:\/\/www.yeryuzundebirkacadim.com\/wp-content\/uploads\/2017\/03\/d-2016-04-24-ayla-album-2013-2013-08-21-afrika1-i-29-300x200.jpeg 300w, https:\/\/www.yeryuzundebirkacadim.com\/wp-content\/uploads\/2017\/03\/d-2016-04-24-ayla-album-2013-2013-08-21-afrika1-i-29-768x512.jpeg 768w, https:\/\/www.yeryuzundebirkacadim.com\/wp-content\/uploads\/2017\/03\/d-2016-04-24-ayla-album-2013-2013-08-21-afrika1-i-29-1024x683.jpeg 1024w, https:\/\/www.yeryuzundebirkacadim.com\/wp-content\/uploads\/2017\/03\/d-2016-04-24-ayla-album-2013-2013-08-21-afrika1-i-29-816x544.jpeg 816w\" sizes=\"auto, (max-width: 1386px) 100vw, 1386px\" \/><\/p>\n<p>1883 senesinde Umman Sultan\u0131&#8217;n\u0131n kendisine yapt\u0131rd\u0131\u011f\u0131 bu evin ad\u0131n\u0131 halk koymu\u015f. Acaip ev demi\u015fler. \u00c7\u00fcnk\u00fc adada ilk kez elektrik ve asans\u00f6r bu evde kullan\u0131lm\u0131\u015f.\u00a0Ayr\u0131ca ev, yap\u0131ld\u0131\u011f\u0131 d\u00f6nemde adan\u0131n en y\u00fcksek binas\u0131ym\u0131\u015f. \u0130lk olarak Umman Sultanl\u0131\u011f\u0131&#8217;n\u0131n resmi ikametgah\u0131 olarak kullan\u0131lan bina, s\u00f6m\u00fcrge d\u00f6neminde \u0130ngiliz Valisinin konutu olmu\u015f. Umman Sultanlar\u0131 ise daha \u00e7ok kabuller ve t\u00f6renlerde kullan\u0131yorlarm\u0131\u015f. G\u00fcn\u00fcm\u00fczde ise \u201c<strong>Ulusal M\u00fcze<\/strong>\u201d olarak hizmet veriyor. M\u00fczede Umman Sultanlar\u0131&#8217;n\u0131n kulland\u0131\u011f\u0131 \u00e7e\u015fitli e\u015fyalar ve mobilyalar sergileniyormu\u015f. Ama i\u00e7ini gezmedik.<\/p>\n<p>Sahilde gezerken b\u00fcy\u00fck, bak\u0131ms\u0131z beyaz bir binan\u0131n \u00f6n\u00fcnden ge\u00e7iyoruz. <strong>Saray m\u00fczesi (Sultan\u2019\u0131n Saray\u0131)<\/strong>.<\/p>\n<p><img loading=\"lazy\" decoding=\"async\" class=\"wp-image-1218\" src=\"https:\/\/www.yeryuzundebirkacadim.com\/wp-content\/uploads\/2017\/03\/d-2016-04-24-ayla-album-2013-2013-08-21-afrika1-i-30.jpeg\" alt=\"D:\\2016-04-24-Ayla\\album-2013\\2013-08-21 afrika1\\IMG_0795.JPG\" width=\"962\" height=\"642\" srcset=\"https:\/\/www.yeryuzundebirkacadim.com\/wp-content\/uploads\/2017\/03\/d-2016-04-24-ayla-album-2013-2013-08-21-afrika1-i-30.jpeg 811w, https:\/\/www.yeryuzundebirkacadim.com\/wp-content\/uploads\/2017\/03\/d-2016-04-24-ayla-album-2013-2013-08-21-afrika1-i-30-300x200.jpeg 300w, https:\/\/www.yeryuzundebirkacadim.com\/wp-content\/uploads\/2017\/03\/d-2016-04-24-ayla-album-2013-2013-08-21-afrika1-i-30-768x512.jpeg 768w\" sizes=\"auto, (max-width: 962px) 100vw, 962px\" \/><\/p>\n<p>Yine 1800\u2032lerin sonunda in\u015fa edilmi\u015f olan bina ba\u011f\u0131ms\u0131zl\u0131\u011fa kadar Sultanlar\u0131n evi olarak kullan\u0131lm\u0131\u015f.<\/p>\n<p>Olduk\u00e7a eski ve bak\u0131ms\u0131z binalarla dolu ama inan\u0131lmaz renkli ve fotojenik bir \u015fehir.<\/p>\n<p>\u015eehrin dar sokaklar\u0131 ve eski p\u00fcsk\u00fc ta\u015f binalar\u0131 aras\u0131nda geziniyoruz. \u00c7ok say\u0131da hediyelik e\u015fya d\u00fckkan\u0131 var. Buradan al\u0131nabilecek hediyeliklerin ba\u015f\u0131nda baharatlar geliyor. Ama temizli\u011fine g\u00fcvenemeyince alamad\u0131k.<\/p>\n<p><img loading=\"lazy\" decoding=\"async\" class=\"alignnone wp-image-1370 size-full\" src=\"https:\/\/www.yeryuzundebirkacadim.com\/wp-content\/uploads\/2017\/03\/IMG_0811-e1488919874147.jpg\" width=\"1184\" height=\"789\" \/><\/p>\n<p><img loading=\"lazy\" decoding=\"async\" class=\"alignnone wp-image-1371 size-full\" src=\"https:\/\/www.yeryuzundebirkacadim.com\/wp-content\/uploads\/2017\/03\/IMG_0804-e1488920012617.jpg\" width=\"1184\" height=\"789\" \/><\/p>\n<p>Halk foto\u011fraf \u00e7ektirmeye bay\u0131l\u0131yor. Tabii kar\u015f\u0131l\u0131\u011f\u0131nda bah\u015fi\u015f istiyorlar. \u00c7ok bah\u015fi\u015f\u00e7iler. Biz foto\u011fraf \u00e7ekilirken poza giren bir \u00e7ocu\u011fa Selman\u2019a ald\u0131\u011f\u0131m\u0131z Masai ayakkab\u0131s\u0131n\u0131 verince o kadar mutlu oldu ki. Aya\u011f\u0131na b\u00fcy\u00fck gelmesine ra\u011fmen giydi.<\/p>\n<p>Ta\u015ftan evlerin <strong>ah\u015fap oyma kap\u0131lar\u0131<\/strong> kentin simgesi. Kap\u0131n\u0131n ihti\u015fam\u0131, ev sahibinin zenginli\u011fini g\u00f6sterirmi\u015f.<\/p>\n<p><img loading=\"lazy\" decoding=\"async\" class=\"alignnone wp-image-1373 size-full\" src=\"https:\/\/www.yeryuzundebirkacadim.com\/wp-content\/uploads\/2017\/03\/IMG_0805-e1488920243228.jpg\" width=\"1200\" height=\"800\" \/><\/p>\n<p>Kap\u0131n\u0131n \u00fczerindeki ucu sivri metal par\u00e7alar ise fillerin eve giri\u015fini engellemek i\u00e7in yap\u0131l\u0131yormu\u015f.<\/p>\n<p><img loading=\"lazy\" decoding=\"async\" class=\"alignnone wp-image-1372 size-full\" src=\"https:\/\/www.yeryuzundebirkacadim.com\/wp-content\/uploads\/2017\/03\/IMG_0872-e1488920846345.jpg\" width=\"1000\" height=\"1500\" \/><\/p>\n<p>Et ve bal\u0131k haline do\u011fru yollan\u0131yoruz. Ancak o kadar a\u011f\u0131r bir koku hakim ki Ali Vefa ve Aziz Can giriyorlar sadece. G\u00fclfem ve ben ba\u015f\u0131m\u0131z\u0131 bir uzat\u0131p h\u0131zla uzakla\u015f\u0131yoruz. Bal\u0131klar pis tezgahlarda \u00fczerlerinde say\u0131s\u0131z sinekle sergileniyor.<\/p>\n<p><img loading=\"lazy\" decoding=\"async\" class=\"alignnone wp-image-1374 size-full\" src=\"https:\/\/www.yeryuzundebirkacadim.com\/wp-content\/uploads\/2017\/03\/IMG_0833-e1488920996800.jpg\" width=\"1200\" height=\"800\" \/><\/p>\n<p>Buras\u0131 da etlerin sat\u0131ld\u0131\u011f\u0131 alan.<\/p>\n<p><img loading=\"lazy\" decoding=\"async\" class=\"alignnone wp-image-1375 size-full\" src=\"https:\/\/www.yeryuzundebirkacadim.com\/wp-content\/uploads\/2017\/03\/IMG_0835-e1488921022249.jpg\" width=\"1200\" height=\"800\" \/><\/p>\n<p>Halin yan\u0131nda sebze meyva pazar\u0131 var.<\/p>\n<p><img loading=\"lazy\" decoding=\"async\" class=\"alignnone wp-image-1376 size-full\" src=\"https:\/\/www.yeryuzundebirkacadim.com\/wp-content\/uploads\/2017\/03\/IMG_0838-e1488921226234.jpg\" width=\"1200\" height=\"800\" \/><\/p>\n<p>U\u011frayaca\u011f\u0131m\u0131z bir di\u011fer yer <strong>Slave Market<\/strong>.<\/p>\n<p>Ada bir d\u00f6nem k\u00f6le ticareti ile \u00fcnl\u00fcym\u00fc\u015f.<\/p>\n<p><img loading=\"lazy\" decoding=\"async\" class=\"alignnone wp-image-1377 size-full\" src=\"https:\/\/www.yeryuzundebirkacadim.com\/wp-content\/uploads\/2017\/03\/IMG_0845-e1488921531961.jpg\" width=\"1200\" height=\"800\" \/> <img loading=\"lazy\" decoding=\"async\" class=\"alignnone wp-image-1378 size-full\" src=\"https:\/\/www.yeryuzundebirkacadim.com\/wp-content\/uploads\/2017\/03\/IMG_0847-e1488921587557.jpg\" width=\"1200\" height=\"800\" \/><\/p>\n<p>Afrika\u2019n\u0131n \u00e7e\u015fitli b\u00f6lgelerinden getirilen k\u00f6leler \u00f6nce burada dayan\u0131kl\u0131l\u0131k testi i\u00e7in tutuluyormu\u015f.<\/p>\n<p>Bir bu\u00e7uk metre y\u00fcksekli\u011finde, 8-10 metrekarelik zindanlara 50\u2019\u015fer ki\u015fiyi koyuyorlarm\u0131\u015f. 3 g\u00fcn a\u00e7 susuz b\u0131rak\u0131p, bu s\u00fcre sonunda sa\u011flam kalanlar se\u00e7ilmek \u00fczere m\u00fc\u015fterilere sunuluyormu\u015f.<\/p>\n<p><img loading=\"lazy\" decoding=\"async\" class=\"alignnone wp-image-1380 size-full\" src=\"https:\/\/www.yeryuzundebirkacadim.com\/wp-content\/uploads\/2017\/03\/IMG_0852-1-e1488921656572.jpg\" width=\"1200\" height=\"800\" \/><\/p>\n<p>Zindanlarda o d\u00f6nemden kalma k\u00f6lelerin ba\u011fland\u0131\u011f\u0131 zincirler halen duruyor.<\/p>\n<p>Ortadaki alan k\u00f6lelerin tuvaletlerini yapt\u0131klar\u0131 yer. Penceresiz, havas\u0131z bu yerde d\u0131\u015fk\u0131lar\u0131 ile ayn\u0131 ortamda bulunuyorlar.<\/p>\n<p>K\u00f6le ticareti 12. ve 19. y\u00fczy\u0131llar aras\u0131nda devam etmi\u015f. \u0130sko\u00e7 as\u0131ll\u0131 \u0130ngiliz misyoner Dr. Livinstone\u2019un \u00e7abalar\u0131 sonucu yasaklanm\u0131\u015f.<\/p>\n<p>Bina \u015fu anda m\u00fcze olarak kullan\u0131l\u0131yor.<\/p>\n<p>M\u00fczenin \u00e7\u0131k\u0131\u015f\u0131nda, kilisenin bah\u00e7esinde o g\u00fcnleri sembolize eden heykeller var. Bir \u00e7ukur i\u00e7inde boyunlar\u0131ndan ba\u011fl\u0131 k\u00f6le heykeller. 1998\u2019de yap\u0131lm\u0131\u015f.<\/p>\n<p><img loading=\"lazy\" decoding=\"async\" class=\"alignnone wp-image-1382 size-full\" src=\"https:\/\/www.yeryuzundebirkacadim.com\/wp-content\/uploads\/2017\/03\/IMG_0856-e1488921727412.jpg\" width=\"1200\" height=\"800\" \/><\/p>\n<p>Buradan sonra bah\u00e7e i\u00e7erisindeki Zanzibar\u2019\u0131n en b\u00fcy\u00fck kilisesine giriyoruz. (<strong>Christ Kilisesi).<\/strong><\/p>\n<p>&nbsp;<\/p>\n<p>&nbsp;<\/p>\n<p><img loading=\"lazy\" decoding=\"async\" class=\"alignnone wp-image-1381 size-full\" src=\"https:\/\/www.yeryuzundebirkacadim.com\/wp-content\/uploads\/2017\/03\/IMG_0854-e1488921696809.jpg\" width=\"1200\" height=\"800\" \/><\/p>\n<p>Eskiden k\u00f6le pazar\u0131 olan yerde Dr. Livingstone&#8217;un \u00e7abalar\u0131yla k\u00f6leli\u011fi yasaklayan \u0130ngilizler taraf\u0131ndan yapt\u0131r\u0131lm\u0131\u015f bir <strong>Anglikan Kilisesi.\u00a0<\/strong>1873 senesinde \u0130ngilizler, Umman Sultan\u0131\u2019na k\u00f6le ticaretini yasaklayan antla\u015fmay\u0131 imzalatm\u0131\u015f ve b\u00f6ylelikle k\u00f6le ticareti son bulmu\u015f.<br \/>\nKilise, ayn\u0131 zamanda Zanzibar\u2019\u0131n ilk kilisesi olma \u00f6zelli\u011fini ta\u015f\u0131yor.<\/p>\n<p><img loading=\"lazy\" decoding=\"async\" class=\"alignnone wp-image-1383 size-full\" src=\"https:\/\/www.yeryuzundebirkacadim.com\/wp-content\/uploads\/2017\/03\/IMG_0859-e1488921753226.jpg\" width=\"1200\" height=\"800\" \/><\/p>\n<p>Stone town<strong> Fredy Mercury<\/strong>\u2019nin do\u011fum yeri olmas\u0131 ile de olduk\u00e7a \u00fcnl\u00fc bir yer.\u00a0Queen grubunun solisti Freddie Mercury (Faruk Bulsara)&#8217;nin evi de s\u0131k\u00e7a ziyaret edilen yerlerden. Alt kat\u0131nda hediyelik e\u015fya satan bir d\u00fckkan bulunuyor.<\/p>\n<p><img loading=\"lazy\" decoding=\"async\" class=\"alignnone wp-image-1384 size-full\" src=\"https:\/\/www.yeryuzundebirkacadim.com\/wp-content\/uploads\/2017\/03\/IMG_0891-e1488922138215.jpg\" width=\"1200\" height=\"800\" \/><\/p>\n<p>Art\u0131k yoruluyor ve kendimizi okyanus k\u0131y\u0131s\u0131ndaki bir restorana at\u0131yoruz.<\/p>\n<p>Restoranda Ramadan bizi buluyor ve kendine yemek \u0131smarlat\u0131yor.<\/p>\n<p><img loading=\"lazy\" decoding=\"async\" class=\"alignnone wp-image-1385 size-full\" src=\"https:\/\/www.yeryuzundebirkacadim.com\/wp-content\/uploads\/2017\/03\/IMG_0908-e1488922213716.jpg\" width=\"1200\" height=\"800\" \/><\/p>\n<p>Ard\u0131ndan havaalan\u0131 ve p\u0131r p\u0131r u\u00e7akla eski ba\u015fkent Dar Es Selam\u2019a u\u00e7uyoruz.<\/p>\n<p>\u0130stanbul u\u00e7a\u011f\u0131 gece saat 3:35\u2019de. Kalan vakti de\u011ferlendirmek i\u00e7in de eski organizat\u00f6r\u00fcm\u00fcz Ramadan gelip bizi al\u0131yor ve Slipway\u2019e g\u00f6t\u00fcr\u00fcyor. (Gidi\u015f-d\u00f6n\u00fc\u015f toplam 100 dolar) Gidince \u00f6\u011freniyoruz ki burada bulunan ma\u011fazalar kapanmak \u00fczere. Biraz Ramadan\u2019\u0131 payl\u0131yorum. Neyse bir-iki ma\u011faza g\u00f6r\u00fcp a\u00e7\u0131k olan tek restorana oturuyoruz. Bendeniz sunumu g\u00fczel olan soslu bir makarna yiyiyorum. Vakit yakla\u015f\u0131nca Ramadan bizi havaalan\u0131na g\u00f6t\u00fcr\u00fcyor.<\/p>\n<p>Havaalan\u0131na geldi\u011fimizde u\u00e7ak saatimize daha var diye i\u00e7eri alm\u0131yorlar. D\u0131\u015far\u0131daki s\u0131ra s\u0131ra dizilmi\u015f banklara oturuyoruz vakit yakla\u015fana kadar. \u00a0Ve vakit tamam. \u00c7ok g\u00fczel vakit ge\u00e7irdi\u011fimiz Afrika\u2019ya veda ediyoruz.<br \/>\nSwahili dilinden se\u00e7meler:<\/p>\n<p>Hakuna matata: Her\u015fey yolunda, asayi\u015f berkemal<\/p>\n<p>Jambo: Merhaba<\/p>\n<p>Mambo? Poa?: Nas\u0131ls\u0131n? \u0130yiyim.<\/p>\n<p>Asente sana: \u00c7ok te\u015fekk\u00fcrler<\/p>\n<p>Karibu sana: Ho\u015f geldin<\/p>\n<p>Ndiyo-Hapano: Evet-Hay\u0131r<\/p>\n<p>Jina lako nani?: \u0130smin ne?<\/p>\n<p>Jina langu ni \u2026.: \u0130smim ..<\/p>\n<p>Nakupenda: Seni seviyorum<\/p>\n<p>Pole sana: Sorry<\/p>\n<p>Pole pole: Yava\u015f yava\u015f<\/p>\n<p>Pesa: Para<\/p>\n<p>Kwaheri: Allaha\u0131smarlad\u0131k<\/p>\n<p>&nbsp;<\/p>\n<p>&nbsp;<\/p>\n<div id=\"post-body\" class=\"metabox-holder columns-2\">\n<div id=\"postbox-container-2\" class=\"postbox-container\">\n<div id=\"normal-sortables\" class=\"meta-box-sortables ui-sortable\">\n<div id=\"revisionsdiv\" class=\"postbox \">\n<p><button class=\"handlediv button-link\" type=\"button\"><span class=\"screen-reader-text\">Paneli a\u00e7\/kapa: S\u00fcr\u00fcmler<\/span><\/button><\/p>\n<h2 class=\"hndle ui-sortable-handle\">S\u00fcr\u00fcmler<\/h2>\n<div class=\"inside\">\n<ul class=\"post-revisions hide-if-no-js\">\n<li><img loading=\"lazy\" decoding=\"async\" class=\"avatar avatar-24 photo\" src=\"http:\/\/0.gravatar.com\/avatar\/62d8a65bae8cd0ec76815d1b1e10ce3d?s=24&amp;d=mm&amp;r=g\" srcset=\"http:\/\/0.gravatar.com\/avatar\/62d8a65bae8cd0ec76815d1b1e10ce3d?s=48&amp;d=mm&amp;r=g 2x\" alt=\"\" width=\"24\" height=\"24\" \/> admin, 1 dakika \u00f6nce (<a href=\"https:\/\/www.yeryuzundebirkacadim.com\/wp-admin\/revision.php?revision=1250\">1 Mart 2017 @ 22:29:36<\/a>)<\/li>\n<li><img loading=\"lazy\" decoding=\"async\" class=\"avatar avatar-24 photo\" src=\"http:\/\/0.gravatar.com\/avatar\/62d8a65bae8cd0ec76815d1b1e10ce3d?s=24&amp;d=mm&amp;r=g\" srcset=\"http:\/\/0.gravatar.com\/avatar\/62d8a65bae8cd0ec76815d1b1e10ce3d?s=48&amp;d=mm&amp;r=g 2x\" alt=\"\" width=\"24\" height=\"24\" \/> admin, 5 dakika \u00f6nce (<a href=\"https:\/\/www.yeryuzundebirkacadim.com\/wp-admin\/revision.php?revision=1248\">1 Mart 2017 @ 22:24:48<\/a>)<\/li>\n<li><img loading=\"lazy\" decoding=\"async\" class=\"avatar avatar-24 photo\" src=\"http:\/\/0.gravatar.com\/avatar\/62d8a65bae8cd0ec76815d1b1e10ce3d?s=24&amp;d=mm&amp;r=g\" srcset=\"http:\/\/0.gravatar.com\/avatar\/62d8a65bae8cd0ec76815d1b1e10ce3d?s=48&amp;d=mm&amp;r=g 2x\" alt=\"\" width=\"24\" height=\"24\" \/> admin, 13 dakika \u00f6nce (<a href=\"https:\/\/www.yeryuzundebirkacadim.com\/wp-admin\/revision.php?revision=1247\">1 Mart 2017 @ 22:16:21<\/a>)<\/li>\n<li><img loading=\"lazy\" decoding=\"async\" class=\"avatar avatar-24 photo\" src=\"http:\/\/0.gravatar.com\/avatar\/62d8a65bae8cd0ec76815d1b1e10ce3d?s=24&amp;d=mm&amp;r=g\" srcset=\"http:\/\/0.gravatar.com\/avatar\/62d8a65bae8cd0ec76815d1b1e10ce3d?s=48&amp;d=mm&amp;r=g 2x\" alt=\"\" width=\"24\" height=\"24\" \/> admin, 39 dakika \u00f6nce (<a href=\"https:\/\/www.yeryuzundebirkacadim.com\/wp-admin\/revision.php?revision=1245\">1 Mart 2017 @ 21:50:19<\/a>)<\/li>\n<li><img loading=\"lazy\" decoding=\"async\" class=\"avatar avatar-24 photo\" src=\"http:\/\/0.gravatar.com\/avatar\/62d8a65bae8cd0ec76815d1b1e10ce3d?s=24&amp;d=mm&amp;r=g\" srcset=\"http:\/\/0.gravatar.com\/avatar\/62d8a65bae8cd0ec76815d1b1e10ce3d?s=48&amp;d=mm&amp;r=g 2x\" alt=\"\" width=\"24\" height=\"24\" \/> admin, 41 dakika \u00f6nce (<a href=\"https:\/\/www.yeryuzundebirkacadim.com\/wp-admin\/revision.php?revision=1244\">1 Mart 2017 @ 21:48:14<\/a>)<\/li>\n<li><img loading=\"lazy\" decoding=\"async\" class=\"avatar avatar-24 photo\" src=\"http:\/\/0.gravatar.com\/avatar\/62d8a65bae8cd0ec76815d1b1e10ce3d?s=24&amp;d=mm&amp;r=g\" srcset=\"http:\/\/0.gravatar.com\/avatar\/62d8a65bae8cd0ec76815d1b1e10ce3d?s=48&amp;d=mm&amp;r=g 2x\" alt=\"\" width=\"24\" height=\"24\" \/> admin, 52 dakika \u00f6nce (<a href=\"https:\/\/www.yeryuzundebirkacadim.com\/wp-admin\/revision.php?revision=1243\">1 Mart 2017 @ 21:37:16<\/a>)<\/li>\n<li><img loading=\"lazy\" decoding=\"async\" class=\"avatar avatar-24 photo\" src=\"http:\/\/0.gravatar.com\/avatar\/62d8a65bae8cd0ec76815d1b1e10ce3d?s=24&amp;d=mm&amp;r=g\" srcset=\"http:\/\/0.gravatar.com\/avatar\/62d8a65bae8cd0ec76815d1b1e10ce3d?s=48&amp;d=mm&amp;r=g 2x\" alt=\"\" width=\"24\" height=\"24\" \/> admin, 56 dakika \u00f6nce (<a href=\"https:\/\/www.yeryuzundebirkacadim.com\/wp-admin\/revision.php?revision=1242\">1 Mart 2017 @ 21:33:15<\/a>)<\/li>\n<\/ul>\n<\/div>\n<\/div>\n<\/div>\n<div id=\"advanced-sortables\" class=\"meta-box-sortables ui-sortable\">\n<div id=\"mammoth_add_post\" class=\"postbox \">\n<p><button class=\"handlediv button-link\" type=\"button\"><span class=\"screen-reader-text\">Paneli a\u00e7\/kapa: Mammoth .docx converter<\/span><\/button><\/p>\n<h2 class=\"hndle ui-sortable-handle\">Mammoth .docx converter<\/h2>\n<div class=\"inside\">\n<div id=\"mammoth-docx-uploader\" class=\"status-empty\">\n<div><label>Select docx file: <input id=\"mammoth-docx-upload\" type=\"file\" \/><\/label><\/div>\n<\/div>\n<\/div>\n<\/div>\n<\/div>\n<\/div>\n<\/div>\n<p>&nbsp;<\/p>\n<p>&nbsp;<\/p>\n<p>&nbsp;<\/p>\n","protected":false},"excerpt":{"rendered":"<p>E\u015fim Ali Vefa, iki o\u011flum, kay\u0131nbiraderim Aziz Can ve eltim G\u00fclfem ile tatile \u00e7\u0131kmaya karar verdik. Gezi yerinin tespitini ve her t\u00fcrl\u00fc organizasyonu Aziz Can ve G\u00fclfem yapt\u0131lar. Bir tur \u015firketi gibi her g\u00fcn\u00fcm\u00fcz\u00fc programlay\u0131p bu program ak\u0131\u015f\u0131n\u0131n her basama\u011f\u0131n\u0131 organize ettiler. B\u00f6ylelikle m\u00fcthi\u015f bir gezi ortaya \u00e7\u0131kt\u0131. \u00c7ok keyif ald\u0131k. Hayat\u0131m\u0131z\u0131n bir\u00e7ok ilklerini ya\u015fad\u0131\u011f\u0131m\u0131z [&hellip;]<\/p>\n","protected":false},"author":1,"featured_media":1295,"comment_status":"closed","ping_status":"closed","sticky":false,"template":"","format":"standard","meta":{"footnotes":""},"categories":[110],"tags":[141,144,122,114,142,121,115,118,145,143,120,119,116,117],"class_list":["post-1155","post","type-post","status-publish","format-standard","has-post-thumbnail","hentry","category-tanzanya","tag-afrikada-safari","tag-darusselam","tag-dolphin-tour","tag-dongwe","tag-hint-okyanusu","tag-jozani-forest","tag-kizimkazi","tag-mercan","tag-mikumi-milli-parki","tag-okyanusta-gel-git","tag-safari-blue","tag-stone-town","tag-tanzanya","tag-zanzibar"],"_links":{"self":[{"href":"https:\/\/www.yeryuzundebirkacadim.com\/index.php\/wp-json\/wp\/v2\/posts\/1155","targetHints":{"allow":["GET"]}}],"collection":[{"href":"https:\/\/www.yeryuzundebirkacadim.com\/index.php\/wp-json\/wp\/v2\/posts"}],"about":[{"href":"https:\/\/www.yeryuzundebirkacadim.com\/index.php\/wp-json\/wp\/v2\/types\/post"}],"author":[{"embeddable":true,"href":"https:\/\/www.yeryuzundebirkacadim.com\/index.php\/wp-json\/wp\/v2\/users\/1"}],"replies":[{"embeddable":true,"href":"https:\/\/www.yeryuzundebirkacadim.com\/index.php\/wp-json\/wp\/v2\/comments?post=1155"}],"version-history":[{"count":51,"href":"https:\/\/www.yeryuzundebirkacadim.com\/index.php\/wp-json\/wp\/v2\/posts\/1155\/revisions"}],"predecessor-version":[{"id":5149,"href":"https:\/\/www.yeryuzundebirkacadim.com\/index.php\/wp-json\/wp\/v2\/posts\/1155\/revisions\/5149"}],"wp:featuredmedia":[{"embeddable":true,"href":"https:\/\/www.yeryuzundebirkacadim.com\/index.php\/wp-json\/wp\/v2\/media\/1295"}],"wp:attachment":[{"href":"https:\/\/www.yeryuzundebirkacadim.com\/index.php\/wp-json\/wp\/v2\/media?parent=1155"}],"wp:term":[{"taxonomy":"category","embeddable":true,"href":"https:\/\/www.yeryuzundebirkacadim.com\/index.php\/wp-json\/wp\/v2\/categories?post=1155"},{"taxonomy":"post_tag","embeddable":true,"href":"https:\/\/www.yeryuzundebirkacadim.com\/index.php\/wp-json\/wp\/v2\/tags?post=1155"}],"curies":[{"name":"wp","href":"https:\/\/api.w.org\/{rel}","templated":true}]}}